{"id":1227,"date":"2019-02-06T22:04:41","date_gmt":"2019-02-06T22:04:41","guid":{"rendered":"https:\/\/diarieducacio.cat\/educaciolocal\/?p=1227"},"modified":"2019-02-06T22:04:41","modified_gmt":"2019-02-06T22:04:41","slug":"leducacio-no-serveix-nomes-per-a-trobar-feina-lescola-es-una-part-dun-llarg-viatge-en-el-que-sempre-aprenem","status":"publish","type":"post","link":"https:\/\/diarieducacio.cat\/educaciolocal\/2019\/02\/06\/leducacio-no-serveix-nomes-per-a-trobar-feina-lescola-es-una-part-dun-llarg-viatge-en-el-que-sempre-aprenem\/","title":{"rendered":"\u201cL&#8217;educaci\u00f3 no serveix nom\u00e9s per trobar feina; l&#8217;escola \u00e9s part d&#8217;un llarg viatge en el qual sempre aprenem\u201d"},"content":{"rendered":"<figure id=\"attachment_1226\" aria-describedby=\"caption-attachment-1226\" style=\"width: 4608px\" class=\"wp-caption aligncenter\"><img fetchpriority=\"high\" decoding=\"async\" class=\"wp-image-1226 size-full\" src=\"https:\/\/diarieducacio.cat\/educaciolocal\/wp-content\/uploads\/sites\/26\/2019\/02\/P1010006.jpg\" alt=\"\" width=\"4608\" height=\"2592\" \/><figcaption id=\"caption-attachment-1226\" class=\"wp-caption-text\">Sana Jafri, durant la seva visita a Barcelona | Sandra Vicente<\/figcaption><\/figure>\n<p>Sana Jafri visita Barcelona en el marc de la celebraci\u00f3 del primer aniversari d&#8217;Educaci\u00f3360, per parlar del Chicago Learning Exchange, un programa germ\u00e0 en objectius i metodologia. Des de la ciutat nord-americana, experts en oportunitats educatives formen educadors i fam\u00edlies per canviar les perspectives cl\u00e0ssiques d&#8217;all\u00f2 que s&#8217;ent\u00e9n per educaci\u00f3. Eliminar la idea que l&#8217;\u00e8xit escolar \u00e9s el preludi de trobar una bona feina o que les notes s\u00f3n les \u00faniques credencials de l&#8217;aprenentatge s\u00f3n la base de la seva feina.<\/p>\n<p>Tot plegat, busca aconseguir la igualtat d&#8217;oportunitats en una societat en que sembla que l&#8217;\u00e8xit est\u00e0 reservat per aquells que ja l&#8217;han vist a casa. Aix\u00ed, l&#8217;apoderament de tots els joves per igual, fent-los protagonistes dels seus processos d&#8217;aprenentatge -constant- es mostra com la clau de l&#8217;\u00e8xit.<\/p>\n<p><b>Parles d&#8217;oferir oportunitats a tots els joves de Chicago. Quina \u00e9s la situaci\u00f3 all\u00e0 amb els nois i noies que han sortit del sistema educatiu?<\/b><\/p>\n<p>Primordialment treballem en espais educatius amb adults que, a la seva vegada, treballen amb joves que estan encara a l&#8217;escola. Per\u00f2 nosaltres pensem en el 60% de temps que no dediquen a l&#8217;escola i a les classes. Com convertim aquest temps en un recurs atractiu per a ells, que els enganxi per a aprendre m\u00e9s, per a desenvolupar-se? Intentem apel\u00b7lar a organitzacions per a construir plegats maneres d&#8217;aconseguir la igualtat d&#8217;oportunitat d&#8217;acc\u00e9s a aquests recursos educatius no tradicionals. I que es reconegui que aquests coneixement &#8216;no reglats&#8217; s\u00f3n coneixement.<\/p>\n<p>Oferim recursos per a les organitzacions que han d&#8217;oferir aquestes oportunitats, aix\u00ed que ens dediquem al desenvolupament professional dels educadors per a que puguin connectar els aprenentatges de dins i fora de l&#8217;escola. Tenim moltes trobades en les que compartim experi\u00e8ncies i opinions sobre com podem servir els joves que no estan enganxats.<\/p>\n<p><b>Has parlat de la tecnologia, la gesti\u00f3 econ\u00f2mica com a aprenentatges \u00fatils. Aquests tenen una practicitat que molts dels aprenentatges cl\u00e0ssics no tenen. Com els connecteu?<\/b><\/p>\n<p>Treballem per fer visible aquest aprenentatge, que sovint \u00e9s invisible. Aix\u00ed que, una manera que hem trobat, \u00e9s fer-ho amb ins\u00edgnies. \u00c9s una manera de mostrar el coneixement alternatiu que, d&#8217;altra vegada, s&#8217;ha fet servir sempre, amb les medalles esportives o reconeixent aptituds dels <i>scouts. <\/i>Per\u00f2 hem de trobar m\u00e9s maneres d&#8217;augmentar la conscienciaci\u00f3 sobre els aprenentatges que es donen fora de l&#8217;escola perqu\u00e8 hi ha molta gent que no ho ent\u00e9n.<\/p>\n<p>Es pensen que fora l&#8217;escola nom\u00e9s es pot aprendre sobre el treball en equip fent esport. I aix\u00f2 \u00e9s veritat, per\u00f2 tamb\u00e9 s&#8217;apr\u00e8n lideratge, autonomia, autodescobriment, com fer gesti\u00f3 de q\u00fcestions tan importants com els diners. Els fem plantejar-se coses que mai no s&#8217;han plantejat perqu\u00e8 els han vingut donades. Sempre se&#8217;ns ha dit que s&#8217;apr\u00e8n a l&#8217;escola, per\u00f2 pots aprendre amb el m\u00f2bil, a extraescolars&#8230;aix\u00ed que hem de desbloquejar la manca d&#8217;oportunitats d&#8217;alguns nois.<\/p>\n<p><b>Intenteu introduir aquests nous aprenentatges a les aules o reivindiqueu que es quedin fora?<\/b><\/p>\n<p>Els intentem connectar. Gran part de la nostra feina est\u00e0 focalitzada al temps no-lectiu per\u00f2 tamb\u00e9 invertim molts esfor\u00e7os en trobar la manera d&#8217;aconseguir la connexi\u00f3 entre els dos espais.<\/p>\n<p><b>Aquestes oportunitats d&#8217;aprenentatge poden ser molt \u00fatils pels joves que han abandonat l&#8217;escola. Els intenteu tornar a dirigir-los cap a l&#8217;educaci\u00f3 reglada o els ensenyeu les oportunitats que poden explotar fora de l&#8217;aula?<\/b><\/p>\n<p>Ambdues. Pot \u00e9sser una nova oportunitat pels nois que han deixat l&#8217;escola, frustrats, perqu\u00e8 tot el dia havien de sentir com els deien que eren mals estudiants, que no eren prou bons ni prou intel\u00b7ligents. Per\u00f2 resulta que s\u00ed que ho s\u00f3n! Amb aquestes noves modalitats d&#8217;aprenentatge poden descobrir virtuts que no sabien que tenien.<\/p>\n<p>I per una altra banda, potser hi ha joves que nom\u00e9s necessiten un espai per a desenvolupar unes aptituds que potser no encaixen encara en el sistema reglat. I no passa res! Hem de deixar de pensar que els estudis tradicionals s\u00f3n condici\u00f3 per a aconseguir feina. Ara les grans companyies tecnol\u00f2giques com Amazon, Google o Microsoft han deixat de banda el requeriment de tenir la secund\u00e0ria per a treballar-hi. No has de tenir un t\u00edtol, nom\u00e9s demostrar que pots treballar.<\/p>\n<p>Hi ha un nou criteri d&#8217;oportunitats; la ind\u00fastria s&#8217;est\u00e0 adonant que aquestes persones que poden no encaixar en els requisits cl\u00e0ssics potser tenen altres talents. Per\u00f2 l&#8217;educaci\u00f3 no serveix nom\u00e9s per a treballar: intentem fer entendre els joves que l&#8217;escola \u00e9s nom\u00e9s una part d&#8217;un llarg viatge vital i que hem de tenir motivacions per a continuar aprenent. Nom\u00e9s cal que mirem el m\u00f2bil, escoltem m\u00fasica o mirem Youtube per a poder trobar les nostres passions i continuar explorant-les, siguin el que siguin.<\/p>\n<p><b>Aquest enfocament \u00e9s bo tamb\u00e9 per l&#8217;apoderament\u00a0dels joves<\/b><\/p>\n<p>Enfoquem la vida dels joves massa des de la perspectiva escolar. Vaig ser professora de secund\u00e0ria, s\u00e9 del que parlo. No crec que el sistema escolar fos dissenyat per a ser aix\u00ed, per\u00f2 s&#8217;hi ha convertit. Est\u00e0 basat en un sistema molt estricte, per\u00f2 per apoderar els joves hem de preguntar-los qu\u00e8 volen aprendre i com.<\/p>\n<p>Han canviat les regles: qu\u00e8 vol dir ser cap? No tot a la vida ha d&#8217;estar pensat en tenir una bona feina, perqu\u00e8 en el fons tothom pot tenir-la si se li d\u00f3na l&#8217;oportunitat. I \u00e9s que hi ha persones que s\u00f3n les millors simplement perqu\u00e8 tenen el privilegi. Venen de fam\u00edlies riques; poden convertir-se en CEOs perqu\u00e8 ja en tenen la refer\u00e8ncia. Qui \u00e9s millor, qui ve del no-res i ha aconseguit quedar-se a les portes dels requisits o qui ha arribat per\u00f2 perqu\u00e8 t\u00e9 privilegis? Qu\u00e8 compta m\u00e9s? Hem de plantejar aquestes preguntes a fam\u00edlies i educadors per a ajudar els joves.<\/p>\n<p><b>Parles de l&#8217;equitat i la igualtat d&#8217;oportunitats. Com \u00e9s el sistema escolar de Chicago? T\u00e9 una bona oferta p\u00fablica?<\/b><\/p>\n<p>Estem vivint un canvi: l&#8217;escola p\u00fablica de Chicago \u00e9s una de les millors de l&#8217;Estat. Aquest canvi passa per un reconeixement que l&#8217;escola no deixa de ser una porta per a altres oportunitats. Intentem exposar els joves a noves realitats i demostrar que poden ser all\u00f2 que veuen. El nostre rol \u00e9s obrir-los les portes al m\u00f3n. I assegurar-nos que aquells que tenen m\u00e9s necessitats, els que estan als marges, puguin tenir les millors oportunitats.<\/p>\n<p><b>Abans d&#8217;estar al <i>Chicago Learning Exchange<\/i> vas estar treballant a la \u00cdndia, obrint les portes de l&#8217;educaci\u00f3 per a nenes i dones. Veiem que el canvi de paradigma educatiu \u00e9s global, per\u00f2 quines s\u00f3n les difer\u00e8ncies que veus entre els projectes a la \u00cdndia o a Chicago?<\/b><\/p>\n<p>Crec que hi ha moltes similituds, dins la difer\u00e8ncia. Vaig treballar a \u00cdndia amb una ONG que em va permetre entrar dins el sistema educatiu. A la \u00cdndia hi ha moltes menys oportunitats: a Chicago s&#8217;estudia fins els 18 i a la \u00cdndia el llindar \u00e9s m\u00e9s baix. Tamb\u00e9 hi ha un gran biaix pel que fa a les dones, perqu\u00e8 all\u00e0 est\u00e0 molt m\u00e9s ext\u00e9s que el seu lloc \u00e9s a la cuina i no a la feina. Aquestes coses s\u00f3n certes a la \u00cdndia, per\u00f2 tamb\u00e9 a Chicago. Els nivells de pobresa, per suposat, no s\u00f3n els mateixos, per\u00f2 les difer\u00e8ncies, en la mateixa extensi\u00f3 de territori, poden arribar a ser m\u00e9s extremes.<\/p>\n<p>\u00c9s un repte, per\u00f2 si vam trobar oportunitats a la \u00cdndia per a persones, gent jove, que viuen al carrer i dones relegades a casa, podem fer-ho a Chicago.<\/p>\n","protected":false},"excerpt":{"rendered":"<p>Entrevistem Sana Jafri, cap de programa del Chicago Learning Exchange, una iniciativa que busca l&#8217;equitat d&#8217;oportunitats educatives eliminant les fronteres entre l&#8217;educaci\u00f3 formal i la no formal<\/p>\n","protected":false},"author":201,"featured_media":1226,"comment_status":"open","ping_status":"closed","sticky":false,"template":"","format":"standard","meta":{"footnotes":""},"categories":[184,211],"tags":[167,118,115,110,182,169],"tipo":[],"class_list":{"0":"post-1227","1":"post","2":"type-post","3":"status-publish","4":"format-standard","5":"has-post-thumbnail","7":"category-educacio-a-temps-complet","8":"category-educacio-al-llarg-de-la-vida","9":"tag-abandonament-escolar-prematur","10":"tag-bones-practiques","11":"tag-dret-a-leducacio","12":"tag-educacio-a-temps-complet","13":"tag-educacio360","14":"tag-exit-educatiu"},"yoast_head":"<!-- This site is optimized with the Yoast SEO plugin v27.4 - https:\/\/yoast.com\/product\/yoast-seo-wordpress\/ -->\n<title>\u201cL&#039;educaci\u00f3 no serveix nom\u00e9s per trobar feina; l&#039;escola \u00e9s part d&#039;un llarg viatge en el qual sempre aprenem\u201d - El blog de l&#039;educaci\u00f3 local<\/title>\n<meta name=\"robots\" content=\"index, follow, max-snippet:-1, max-image-preview:large, max-video-preview:-1\" \/>\n<link rel=\"canonical\" href=\"https:\/\/diarieducacio.cat\/educaciolocal\/2019\/02\/06\/leducacio-no-serveix-nomes-per-a-trobar-feina-lescola-es-una-part-dun-llarg-viatge-en-el-que-sempre-aprenem\/\" \/>\n<meta property=\"og:locale\" content=\"ca_ES\" \/>\n<meta property=\"og:type\" content=\"article\" \/>\n<meta property=\"og:title\" content=\"\u201cL&#039;educaci\u00f3 no serveix nom\u00e9s per trobar feina; l&#039;escola \u00e9s part d&#039;un llarg viatge en el qual sempre aprenem\u201d - El blog de l&#039;educaci\u00f3 local\" \/>\n<meta property=\"og:description\" content=\"Entrevistem Sana Jafri, cap de programa del Chicago Learning Exchange, una iniciativa que busca l&#039;equitat d&#039;oportunitats educatives eliminant les fronteres entre l&#039;educaci\u00f3 formal i la no formal\" \/>\n<meta property=\"og:url\" content=\"https:\/\/diarieducacio.cat\/educaciolocal\/2019\/02\/06\/leducacio-no-serveix-nomes-per-a-trobar-feina-lescola-es-una-part-dun-llarg-viatge-en-el-que-sempre-aprenem\/\" \/>\n<meta property=\"og:site_name\" content=\"El blog de l&#039;educaci\u00f3 local\" \/>\n<meta property=\"article:publisher\" content=\"https:\/\/www.facebook.com\/diarieducacio\/\" \/>\n<meta property=\"article:published_time\" content=\"2019-02-06T22:04:41+00:00\" \/>\n<meta property=\"og:image\" content=\"https:\/\/diarieducacio.cat\/educaciolocal\/wp-content\/uploads\/sites\/18\/2019\/02\/P1010006-scaled-1.jpg\" \/>\n\t<meta property=\"og:image:width\" content=\"2560\" \/>\n\t<meta property=\"og:image:height\" content=\"1440\" \/>\n\t<meta property=\"og:image:type\" content=\"image\/jpeg\" \/>\n<meta name=\"author\" content=\"Redacci\u00f3 - Blog de l&#039;educaci\u00f3 local\" \/>\n<meta name=\"twitter:card\" content=\"summary_large_image\" \/>\n<meta name=\"twitter:creator\" content=\"@DiariEducacio\" \/>\n<meta name=\"twitter:site\" content=\"@DiariEducacio\" \/>\n<meta name=\"twitter:label1\" content=\"Escrit per\" \/>\n\t<meta name=\"twitter:data1\" content=\"Redacci\u00f3 - Blog de l&#039;educaci\u00f3 local\" \/>\n\t<meta name=\"twitter:label2\" content=\"Temps estimat de lectura\" \/>\n\t<meta name=\"twitter:data2\" content=\"6 minuts\" \/>\n<script type=\"application\/ld+json\" class=\"yoast-schema-graph\">{\"@context\":\"https:\\\/\\\/schema.org\",\"@graph\":[{\"@type\":\"Article\",\"@id\":\"https:\\\/\\\/diarieducacio.cat\\\/educaciolocal\\\/2019\\\/02\\\/06\\\/leducacio-no-serveix-nomes-per-a-trobar-feina-lescola-es-una-part-dun-llarg-viatge-en-el-que-sempre-aprenem\\\/#article\",\"isPartOf\":{\"@id\":\"https:\\\/\\\/diarieducacio.cat\\\/educaciolocal\\\/2019\\\/02\\\/06\\\/leducacio-no-serveix-nomes-per-a-trobar-feina-lescola-es-una-part-dun-llarg-viatge-en-el-que-sempre-aprenem\\\/\"},\"author\":{\"name\":\"Redacci\u00f3 - Blog de l'educaci\u00f3 local\",\"@id\":\"https:\\\/\\\/diarieducacio.cat\\\/educaciolocal\\\/#\\\/schema\\\/person\\\/2b7a218a59179ac9b82caae5e2c4f2ab\"},\"headline\":\"\u201cL&#8217;educaci\u00f3 no serveix nom\u00e9s per trobar feina; l&#8217;escola \u00e9s part d&#8217;un llarg viatge en el qual sempre aprenem\u201d\",\"datePublished\":\"2019-02-06T22:04:41+00:00\",\"mainEntityOfPage\":{\"@id\":\"https:\\\/\\\/diarieducacio.cat\\\/educaciolocal\\\/2019\\\/02\\\/06\\\/leducacio-no-serveix-nomes-per-a-trobar-feina-lescola-es-una-part-dun-llarg-viatge-en-el-que-sempre-aprenem\\\/\"},\"wordCount\":1368,\"commentCount\":0,\"image\":{\"@id\":\"https:\\\/\\\/diarieducacio.cat\\\/educaciolocal\\\/2019\\\/02\\\/06\\\/leducacio-no-serveix-nomes-per-a-trobar-feina-lescola-es-una-part-dun-llarg-viatge-en-el-que-sempre-aprenem\\\/#primaryimage\"},\"thumbnailUrl\":\"https:\\\/\\\/diarieducacio.cat\\\/educaciolocal\\\/wp-content\\\/uploads\\\/sites\\\/18\\\/2019\\\/02\\\/P1010006-scaled-1.jpg\",\"keywords\":[\"Abandonament escolar prematur\",\"Bones Pr\u00e0ctiques\",\"Dret a l'educaci\u00f3\",\"Educaci\u00f3 a temps complet\",\"educaci\u00f3360\",\"\u00c8xit educatiu\"],\"articleSection\":[\"Educaci\u00f3 a temps complet\",\"Educaci\u00f3 al llarg de la vida\"],\"inLanguage\":\"ca\",\"potentialAction\":[{\"@type\":\"CommentAction\",\"name\":\"Comment\",\"target\":[\"https:\\\/\\\/diarieducacio.cat\\\/educaciolocal\\\/2019\\\/02\\\/06\\\/leducacio-no-serveix-nomes-per-a-trobar-feina-lescola-es-una-part-dun-llarg-viatge-en-el-que-sempre-aprenem\\\/#respond\"]}]},{\"@type\":\"WebPage\",\"@id\":\"https:\\\/\\\/diarieducacio.cat\\\/educaciolocal\\\/2019\\\/02\\\/06\\\/leducacio-no-serveix-nomes-per-a-trobar-feina-lescola-es-una-part-dun-llarg-viatge-en-el-que-sempre-aprenem\\\/\",\"url\":\"https:\\\/\\\/diarieducacio.cat\\\/educaciolocal\\\/2019\\\/02\\\/06\\\/leducacio-no-serveix-nomes-per-a-trobar-feina-lescola-es-una-part-dun-llarg-viatge-en-el-que-sempre-aprenem\\\/\",\"name\":\"\u201cL'educaci\u00f3 no serveix nom\u00e9s per trobar feina; l'escola \u00e9s part d'un llarg viatge en el qual sempre aprenem\u201d - El blog de l'educaci\u00f3 local\",\"isPartOf\":{\"@id\":\"https:\\\/\\\/diarieducacio.cat\\\/educaciolocal\\\/#website\"},\"primaryImageOfPage\":{\"@id\":\"https:\\\/\\\/diarieducacio.cat\\\/educaciolocal\\\/2019\\\/02\\\/06\\\/leducacio-no-serveix-nomes-per-a-trobar-feina-lescola-es-una-part-dun-llarg-viatge-en-el-que-sempre-aprenem\\\/#primaryimage\"},\"image\":{\"@id\":\"https:\\\/\\\/diarieducacio.cat\\\/educaciolocal\\\/2019\\\/02\\\/06\\\/leducacio-no-serveix-nomes-per-a-trobar-feina-lescola-es-una-part-dun-llarg-viatge-en-el-que-sempre-aprenem\\\/#primaryimage\"},\"thumbnailUrl\":\"https:\\\/\\\/diarieducacio.cat\\\/educaciolocal\\\/wp-content\\\/uploads\\\/sites\\\/18\\\/2019\\\/02\\\/P1010006-scaled-1.jpg\",\"datePublished\":\"2019-02-06T22:04:41+00:00\",\"author\":{\"@id\":\"https:\\\/\\\/diarieducacio.cat\\\/educaciolocal\\\/#\\\/schema\\\/person\\\/2b7a218a59179ac9b82caae5e2c4f2ab\"},\"breadcrumb\":{\"@id\":\"https:\\\/\\\/diarieducacio.cat\\\/educaciolocal\\\/2019\\\/02\\\/06\\\/leducacio-no-serveix-nomes-per-a-trobar-feina-lescola-es-una-part-dun-llarg-viatge-en-el-que-sempre-aprenem\\\/#breadcrumb\"},\"inLanguage\":\"ca\",\"potentialAction\":[{\"@type\":\"ReadAction\",\"target\":[\"https:\\\/\\\/diarieducacio.cat\\\/educaciolocal\\\/2019\\\/02\\\/06\\\/leducacio-no-serveix-nomes-per-a-trobar-feina-lescola-es-una-part-dun-llarg-viatge-en-el-que-sempre-aprenem\\\/\"]}]},{\"@type\":\"ImageObject\",\"inLanguage\":\"ca\",\"@id\":\"https:\\\/\\\/diarieducacio.cat\\\/educaciolocal\\\/2019\\\/02\\\/06\\\/leducacio-no-serveix-nomes-per-a-trobar-feina-lescola-es-una-part-dun-llarg-viatge-en-el-que-sempre-aprenem\\\/#primaryimage\",\"url\":\"https:\\\/\\\/diarieducacio.cat\\\/educaciolocal\\\/wp-content\\\/uploads\\\/sites\\\/18\\\/2019\\\/02\\\/P1010006-scaled-1.jpg\",\"contentUrl\":\"https:\\\/\\\/diarieducacio.cat\\\/educaciolocal\\\/wp-content\\\/uploads\\\/sites\\\/18\\\/2019\\\/02\\\/P1010006-scaled-1.jpg\",\"width\":2560,\"height\":1440,\"caption\":\"Sana Jafri, durant la seva visita a Barcelona | Sandra Vicente\"},{\"@type\":\"BreadcrumbList\",\"@id\":\"https:\\\/\\\/diarieducacio.cat\\\/educaciolocal\\\/2019\\\/02\\\/06\\\/leducacio-no-serveix-nomes-per-a-trobar-feina-lescola-es-una-part-dun-llarg-viatge-en-el-que-sempre-aprenem\\\/#breadcrumb\",\"itemListElement\":[{\"@type\":\"ListItem\",\"position\":1,\"name\":\"Inici\",\"item\":\"https:\\\/\\\/diarieducacio.cat\\\/educaciolocal\\\/\"},{\"@type\":\"ListItem\",\"position\":2,\"name\":\"\u201cL&#8217;educaci\u00f3 no serveix nom\u00e9s per trobar feina; l&#8217;escola \u00e9s part d&#8217;un llarg viatge en el qual sempre aprenem\u201d\"}]},{\"@type\":\"WebSite\",\"@id\":\"https:\\\/\\\/diarieducacio.cat\\\/educaciolocal\\\/#website\",\"url\":\"https:\\\/\\\/diarieducacio.cat\\\/educaciolocal\\\/\",\"name\":\"El blog de l'educaci\u00f3 local\",\"description\":\"\",\"potentialAction\":[{\"@type\":\"SearchAction\",\"target\":{\"@type\":\"EntryPoint\",\"urlTemplate\":\"https:\\\/\\\/diarieducacio.cat\\\/educaciolocal\\\/?s={search_term_string}\"},\"query-input\":{\"@type\":\"PropertyValueSpecification\",\"valueRequired\":true,\"valueName\":\"search_term_string\"}}],\"inLanguage\":\"ca\"},{\"@type\":\"Person\",\"@id\":\"https:\\\/\\\/diarieducacio.cat\\\/educaciolocal\\\/#\\\/schema\\\/person\\\/2b7a218a59179ac9b82caae5e2c4f2ab\",\"name\":\"Redacci\u00f3 - Blog de l'educaci\u00f3 local\",\"image\":{\"@type\":\"ImageObject\",\"inLanguage\":\"ca\",\"@id\":\"https:\\\/\\\/secure.gravatar.com\\\/avatar\\\/4b47e937aa12c75f6017fe20634c65c793c85afabda37da0e6376acd3fff5c02?s=96&d=mm&r=g\",\"url\":\"https:\\\/\\\/secure.gravatar.com\\\/avatar\\\/4b47e937aa12c75f6017fe20634c65c793c85afabda37da0e6376acd3fff5c02?s=96&d=mm&r=g\",\"contentUrl\":\"https:\\\/\\\/secure.gravatar.com\\\/avatar\\\/4b47e937aa12c75f6017fe20634c65c793c85afabda37da0e6376acd3fff5c02?s=96&d=mm&r=g\",\"caption\":\"Redacci\u00f3 - Blog de l'educaci\u00f3 local\"},\"url\":\"https:\\\/\\\/diarieducacio.cat\\\/educaciolocal\\\/author\\\/blogeducaciolocal\\\/\"}]}<\/script>\n<!-- \/ Yoast SEO plugin. -->","yoast_head_json":{"title":"\u201cL'educaci\u00f3 no serveix nom\u00e9s per trobar feina; l'escola \u00e9s part d'un llarg viatge en el qual sempre aprenem\u201d - El blog de l'educaci\u00f3 local","robots":{"index":"index","follow":"follow","max-snippet":"max-snippet:-1","max-image-preview":"max-image-preview:large","max-video-preview":"max-video-preview:-1"},"canonical":"https:\/\/diarieducacio.cat\/educaciolocal\/2019\/02\/06\/leducacio-no-serveix-nomes-per-a-trobar-feina-lescola-es-una-part-dun-llarg-viatge-en-el-que-sempre-aprenem\/","og_locale":"ca_ES","og_type":"article","og_title":"\u201cL'educaci\u00f3 no serveix nom\u00e9s per trobar feina; l'escola \u00e9s part d'un llarg viatge en el qual sempre aprenem\u201d - El blog de l'educaci\u00f3 local","og_description":"Entrevistem Sana Jafri, cap de programa del Chicago Learning Exchange, una iniciativa que busca l'equitat d'oportunitats educatives eliminant les fronteres entre l'educaci\u00f3 formal i la no formal","og_url":"https:\/\/diarieducacio.cat\/educaciolocal\/2019\/02\/06\/leducacio-no-serveix-nomes-per-a-trobar-feina-lescola-es-una-part-dun-llarg-viatge-en-el-que-sempre-aprenem\/","og_site_name":"El blog de l'educaci\u00f3 local","article_publisher":"https:\/\/www.facebook.com\/diarieducacio\/","article_published_time":"2019-02-06T22:04:41+00:00","og_image":[{"width":2560,"height":1440,"url":"https:\/\/diarieducacio.cat\/educaciolocal\/wp-content\/uploads\/sites\/18\/2019\/02\/P1010006-scaled-1.jpg","type":"image\/jpeg"}],"author":"Redacci\u00f3 - Blog de l'educaci\u00f3 local","twitter_card":"summary_large_image","twitter_creator":"@DiariEducacio","twitter_site":"@DiariEducacio","twitter_misc":{"Escrit per":"Redacci\u00f3 - Blog de l'educaci\u00f3 local","Temps estimat de lectura":"6 minuts"},"schema":{"@context":"https:\/\/schema.org","@graph":[{"@type":"Article","@id":"https:\/\/diarieducacio.cat\/educaciolocal\/2019\/02\/06\/leducacio-no-serveix-nomes-per-a-trobar-feina-lescola-es-una-part-dun-llarg-viatge-en-el-que-sempre-aprenem\/#article","isPartOf":{"@id":"https:\/\/diarieducacio.cat\/educaciolocal\/2019\/02\/06\/leducacio-no-serveix-nomes-per-a-trobar-feina-lescola-es-una-part-dun-llarg-viatge-en-el-que-sempre-aprenem\/"},"author":{"name":"Redacci\u00f3 - Blog de l'educaci\u00f3 local","@id":"https:\/\/diarieducacio.cat\/educaciolocal\/#\/schema\/person\/2b7a218a59179ac9b82caae5e2c4f2ab"},"headline":"\u201cL&#8217;educaci\u00f3 no serveix nom\u00e9s per trobar feina; l&#8217;escola \u00e9s part d&#8217;un llarg viatge en el qual sempre aprenem\u201d","datePublished":"2019-02-06T22:04:41+00:00","mainEntityOfPage":{"@id":"https:\/\/diarieducacio.cat\/educaciolocal\/2019\/02\/06\/leducacio-no-serveix-nomes-per-a-trobar-feina-lescola-es-una-part-dun-llarg-viatge-en-el-que-sempre-aprenem\/"},"wordCount":1368,"commentCount":0,"image":{"@id":"https:\/\/diarieducacio.cat\/educaciolocal\/2019\/02\/06\/leducacio-no-serveix-nomes-per-a-trobar-feina-lescola-es-una-part-dun-llarg-viatge-en-el-que-sempre-aprenem\/#primaryimage"},"thumbnailUrl":"https:\/\/diarieducacio.cat\/educaciolocal\/wp-content\/uploads\/sites\/18\/2019\/02\/P1010006-scaled-1.jpg","keywords":["Abandonament escolar prematur","Bones Pr\u00e0ctiques","Dret a l'educaci\u00f3","Educaci\u00f3 a temps complet","educaci\u00f3360","\u00c8xit educatiu"],"articleSection":["Educaci\u00f3 a temps complet","Educaci\u00f3 al llarg de la vida"],"inLanguage":"ca","potentialAction":[{"@type":"CommentAction","name":"Comment","target":["https:\/\/diarieducacio.cat\/educaciolocal\/2019\/02\/06\/leducacio-no-serveix-nomes-per-a-trobar-feina-lescola-es-una-part-dun-llarg-viatge-en-el-que-sempre-aprenem\/#respond"]}]},{"@type":"WebPage","@id":"https:\/\/diarieducacio.cat\/educaciolocal\/2019\/02\/06\/leducacio-no-serveix-nomes-per-a-trobar-feina-lescola-es-una-part-dun-llarg-viatge-en-el-que-sempre-aprenem\/","url":"https:\/\/diarieducacio.cat\/educaciolocal\/2019\/02\/06\/leducacio-no-serveix-nomes-per-a-trobar-feina-lescola-es-una-part-dun-llarg-viatge-en-el-que-sempre-aprenem\/","name":"\u201cL'educaci\u00f3 no serveix nom\u00e9s per trobar feina; l'escola \u00e9s part d'un llarg viatge en el qual sempre aprenem\u201d - El blog de l'educaci\u00f3 local","isPartOf":{"@id":"https:\/\/diarieducacio.cat\/educaciolocal\/#website"},"primaryImageOfPage":{"@id":"https:\/\/diarieducacio.cat\/educaciolocal\/2019\/02\/06\/leducacio-no-serveix-nomes-per-a-trobar-feina-lescola-es-una-part-dun-llarg-viatge-en-el-que-sempre-aprenem\/#primaryimage"},"image":{"@id":"https:\/\/diarieducacio.cat\/educaciolocal\/2019\/02\/06\/leducacio-no-serveix-nomes-per-a-trobar-feina-lescola-es-una-part-dun-llarg-viatge-en-el-que-sempre-aprenem\/#primaryimage"},"thumbnailUrl":"https:\/\/diarieducacio.cat\/educaciolocal\/wp-content\/uploads\/sites\/18\/2019\/02\/P1010006-scaled-1.jpg","datePublished":"2019-02-06T22:04:41+00:00","author":{"@id":"https:\/\/diarieducacio.cat\/educaciolocal\/#\/schema\/person\/2b7a218a59179ac9b82caae5e2c4f2ab"},"breadcrumb":{"@id":"https:\/\/diarieducacio.cat\/educaciolocal\/2019\/02\/06\/leducacio-no-serveix-nomes-per-a-trobar-feina-lescola-es-una-part-dun-llarg-viatge-en-el-que-sempre-aprenem\/#breadcrumb"},"inLanguage":"ca","potentialAction":[{"@type":"ReadAction","target":["https:\/\/diarieducacio.cat\/educaciolocal\/2019\/02\/06\/leducacio-no-serveix-nomes-per-a-trobar-feina-lescola-es-una-part-dun-llarg-viatge-en-el-que-sempre-aprenem\/"]}]},{"@type":"ImageObject","inLanguage":"ca","@id":"https:\/\/diarieducacio.cat\/educaciolocal\/2019\/02\/06\/leducacio-no-serveix-nomes-per-a-trobar-feina-lescola-es-una-part-dun-llarg-viatge-en-el-que-sempre-aprenem\/#primaryimage","url":"https:\/\/diarieducacio.cat\/educaciolocal\/wp-content\/uploads\/sites\/18\/2019\/02\/P1010006-scaled-1.jpg","contentUrl":"https:\/\/diarieducacio.cat\/educaciolocal\/wp-content\/uploads\/sites\/18\/2019\/02\/P1010006-scaled-1.jpg","width":2560,"height":1440,"caption":"Sana Jafri, durant la seva visita a Barcelona | Sandra Vicente"},{"@type":"BreadcrumbList","@id":"https:\/\/diarieducacio.cat\/educaciolocal\/2019\/02\/06\/leducacio-no-serveix-nomes-per-a-trobar-feina-lescola-es-una-part-dun-llarg-viatge-en-el-que-sempre-aprenem\/#breadcrumb","itemListElement":[{"@type":"ListItem","position":1,"name":"Inici","item":"https:\/\/diarieducacio.cat\/educaciolocal\/"},{"@type":"ListItem","position":2,"name":"\u201cL&#8217;educaci\u00f3 no serveix nom\u00e9s per trobar feina; l&#8217;escola \u00e9s part d&#8217;un llarg viatge en el qual sempre aprenem\u201d"}]},{"@type":"WebSite","@id":"https:\/\/diarieducacio.cat\/educaciolocal\/#website","url":"https:\/\/diarieducacio.cat\/educaciolocal\/","name":"El blog de l'educaci\u00f3 local","description":"","potentialAction":[{"@type":"SearchAction","target":{"@type":"EntryPoint","urlTemplate":"https:\/\/diarieducacio.cat\/educaciolocal\/?s={search_term_string}"},"query-input":{"@type":"PropertyValueSpecification","valueRequired":true,"valueName":"search_term_string"}}],"inLanguage":"ca"},{"@type":"Person","@id":"https:\/\/diarieducacio.cat\/educaciolocal\/#\/schema\/person\/2b7a218a59179ac9b82caae5e2c4f2ab","name":"Redacci\u00f3 - Blog de l'educaci\u00f3 local","image":{"@type":"ImageObject","inLanguage":"ca","@id":"https:\/\/secure.gravatar.com\/avatar\/4b47e937aa12c75f6017fe20634c65c793c85afabda37da0e6376acd3fff5c02?s=96&d=mm&r=g","url":"https:\/\/secure.gravatar.com\/avatar\/4b47e937aa12c75f6017fe20634c65c793c85afabda37da0e6376acd3fff5c02?s=96&d=mm&r=g","contentUrl":"https:\/\/secure.gravatar.com\/avatar\/4b47e937aa12c75f6017fe20634c65c793c85afabda37da0e6376acd3fff5c02?s=96&d=mm&r=g","caption":"Redacci\u00f3 - Blog de l'educaci\u00f3 local"},"url":"https:\/\/diarieducacio.cat\/educaciolocal\/author\/blogeducaciolocal\/"}]}},"_links":{"self":[{"href":"https:\/\/diarieducacio.cat\/educaciolocal\/wp-json\/wp\/v2\/posts\/1227","targetHints":{"allow":["GET"]}}],"collection":[{"href":"https:\/\/diarieducacio.cat\/educaciolocal\/wp-json\/wp\/v2\/posts"}],"about":[{"href":"https:\/\/diarieducacio.cat\/educaciolocal\/wp-json\/wp\/v2\/types\/post"}],"author":[{"embeddable":true,"href":"https:\/\/diarieducacio.cat\/educaciolocal\/wp-json\/wp\/v2\/users\/201"}],"replies":[{"embeddable":true,"href":"https:\/\/diarieducacio.cat\/educaciolocal\/wp-json\/wp\/v2\/comments?post=1227"}],"version-history":[{"count":0,"href":"https:\/\/diarieducacio.cat\/educaciolocal\/wp-json\/wp\/v2\/posts\/1227\/revisions"}],"wp:featuredmedia":[{"embeddable":true,"href":"https:\/\/diarieducacio.cat\/educaciolocal\/wp-json\/wp\/v2\/media\/1226"}],"wp:attachment":[{"href":"https:\/\/diarieducacio.cat\/educaciolocal\/wp-json\/wp\/v2\/media?parent=1227"}],"wp:term":[{"taxonomy":"category","embeddable":true,"href":"https:\/\/diarieducacio.cat\/educaciolocal\/wp-json\/wp\/v2\/categories?post=1227"},{"taxonomy":"post_tag","embeddable":true,"href":"https:\/\/diarieducacio.cat\/educaciolocal\/wp-json\/wp\/v2\/tags?post=1227"},{"taxonomy":"tipo","embeddable":true,"href":"https:\/\/diarieducacio.cat\/educaciolocal\/wp-json\/wp\/v2\/tipo?post=1227"}],"curies":[{"name":"wp","href":"https:\/\/api.w.org\/{rel}","templated":true}]}}