{"id":1276,"date":"2019-03-26T22:08:27","date_gmt":"2019-03-26T22:08:27","guid":{"rendered":"https:\/\/diarieducacio.cat\/educaciolocal\/?p=1276"},"modified":"2019-03-26T22:08:27","modified_gmt":"2019-03-26T22:08:27","slug":"els-adolescents-el-nexe-que-connecta-oci-cultura-educacio-i-municipi-a-granollers","status":"publish","type":"post","link":"https:\/\/diarieducacio.cat\/educaciolocal\/2019\/03\/26\/els-adolescents-el-nexe-que-connecta-oci-cultura-educacio-i-municipi-a-granollers\/","title":{"rendered":"Els adolescents, el nexe que connecta oci, cultura, educaci\u00f3 i municipi a Granollers"},"content":{"rendered":"<p>La campana que marca el final de l\u2019horari lectiu formal als instituts canvia d\u2019hora sovint. El cam\u00ed cap una jornada intensiva en alguns centres deixa m\u00e9s hores \u2018lliures\u2019 als adolescents que fa uns anys. Aquestes estones, que, tot i que no seran dedicades a l\u2019educaci\u00f3 formal, poden tamb\u00e9 ser educatives. En la l\u00f2gica de l\u2019educaci\u00f3 a temps complert, el temps dedicat a la socialitzaci\u00f3 -tan important a l\u2019adolesc\u00e8ncia- tamb\u00e9 pot ser d\u2019aprenentatge.<\/p>\n<p>De fet, \u2018oci formatiu\u2019 \u00e9s com defineixen des de l\u2019Ajuntament de Granollers un dels \u00a0projectes <a href=\"https:\/\/youtu.be\/HkSRSUMJ0jg\" target=\"_blank\" rel=\"noopener noreferrer\">Adolesc\u00e8ncies360<\/a>, anomenat <a href=\"http:\/\/www.grajove.cat\/formacio-i-activitats\/etcetera-de-12-a-16-anys\" target=\"_blank\" rel=\"noopener noreferrer\">Etc\u00e8tera<\/a>, incl\u00f2s en el marc de projectes de l\u2019Alian\u00e7a Educaci\u00f3360, que treballa per promoure l\u2019educaci\u00f3 a temps complert. Aix\u00ed, davant d\u2019aquestes hores no lectives, el consistori va detectar unes necessitats en aquest conjunt de la poblaci\u00f3, \u201ci es va dissenyar amb una oferta de tallers educatius per vincular els adolescents als equipaments i a la vida cultural de la ciutat, creant espais alternatius d\u2019aprenentatge\u201d, explica Francesc Reverter, t\u00e8cnic d\u2019educaci\u00f3 i inf\u00e0ncia de l\u2019Ajuntament de Granollers.<\/p>\n<p>Per altra banda, \u201cper donar la veu als adolescents, ten\u00edem clar que havia de ser un espai participatiu que an\u00e9s m\u00e9s enll\u00e0 de la consulta, sin\u00f3 que fos proactiu i liderat pels mateixos joves\u201d,\u00a0 comenta Reverter. Amb aquesta premissa i l\u2019enc\u00e0rrec pol\u00edtic, l\u2019estiu passat, es va generar una proposta amb membres d\u2019escoles, instituts, entitats de lleure, centres oberts i de l\u2019escola d\u2019educaci\u00f3 especial, reunint a 45 nois i noies que representen als m\u00e9s de 3.000 joves que hi ha a la ciutat. Una d\u2019elles \u00e9s la J\u00falia Dom\u00e8nech, de 15 anys i estudiant de 4t d\u2019ESO. Ella \u00e9s membre del Consell Nacional d\u2019Infants i Adolescents de Catalunya (CNIAC) i participa del projecte Adolesc\u00e8ncies360, que es materialitza al <a href=\"http:\/\/granollers.cat\/arrel\" target=\"_blank\" rel=\"noopener noreferrer\">F\u00f2rum de les Adolesc\u00e8ncies<\/a>.<\/p>\n<p>\u201c\u00c9s genial! Tot ho decidim nosaltres\u201d, diu la J\u00falia, en relaci\u00f3 al F\u00f2rum. \u201cAl m\u00f3n de la participaci\u00f3 juvenil sovint no et deixen decidir massa res, per\u00f2 aqu\u00ed decidim qu\u00e8, com i quan parlem\u201d. Aix\u00ed, tant la gesti\u00f3 dels pressupostos com l\u2019engranatge de les comissions s\u00f3n establertes pels joves, essent ells els qui millor poden detectar les seves necessitats i, de retruc, decidir com cobrir-les.<\/p>\n<p>Les comissions proposades han estat tres, decidides despr\u00e9s de tot un cap de setmana a un alberg que va servir per a cohesionar el grup. Es van prioritzar treballar els temes d\u2019igualtat i salut, cultura i lleure, mobilitat als barris i fomentar un espai p\u00fablic educatiu -i una comissi\u00f3 dedicada a la comunicaci\u00f3, gestionada completament pels joves des d\u2019<a href=\"https:\/\/www.instagram.com\/arrelGRN\" target=\"_blank\" rel=\"noopener noreferrer\">Instagram<\/a>.<\/p>\n<p><strong>Donant sentit a la governan\u00e7a i la participaci\u00f3 adolescent<\/strong><\/p>\n<p>Aquests 45 nois i noies de 12 a 16 anys estaran dos cursos com a representants al F\u00f2rum, s\u2019han anat trobant per mapejar i investigar el municipi, juntament amb els t\u00e8cnics municipals dels diversos serveis implicats. \u201cDecidim com gestionar el pressupost: hem escollit fins i tot el nom\u201d, diu la J\u00falia. Aix\u00ed, s\u2019estan treballant aspectes com crear un carril bici en condicions o establir un dia fix a la setmana amb activitats \u201cde gresca\u201d descentralitzades a preus socials: \u201cconcerts que ens agradin a nosaltres, cinema a un centre cultural que estem revifant, amb projeccions triades per nosaltres\u2026\u201d, diu la J\u00falia.<\/p>\n<p>Una altra de les iniciatives que destaca \u00e9s la de la creaci\u00f3 d\u2019un espai de creaci\u00f3 art\u00edstica \u201con puguis anar a pintar i omplir les parets. Amb un espai d\u2019assaig de teatre o m\u00fasica\u2026tot gestionat per voluntaris o persones dels batxillerats art\u00edstics en pr\u00e0ctiques\u201d, explica la jove. Des del consistori tamb\u00e9 fan inc\u00eds en les propostes de la comissi\u00f3 de salut i igualtat, que s\u2019ha centrat en campanyes formatives sobre sexualitat que tractin el tema des de la diversitat.<\/p>\n<p>I \u00e9s que la manca d\u2019aquests espais de conviv\u00e8ncia \u00e9s clau en moments de socialitzaci\u00f3 com l\u2019adolesc\u00e8ncia. \u201cEls joves d\u2019entre 12 i 16 anys estan en un vuit: a l\u2019estiu sempre hi ha activitats, per\u00f2 qu\u00e8 passa durant el curs?\u201d, es pregunten des de l\u2019Ajuntament. Aix\u00ed, aquest \u00e9s el primer curs que el F\u00f2rum ha comen\u00e7at a caminar i la prova de foc ser\u00e0 el setembre vinent que, conjuntament amb els adolescents posarem en marxa les propostes escollides pels adolescents. \u201cPoc a poc, tot all\u00f2 que \u00e9s formal costa a aquestes edats, per\u00f2 \u00e9s un projecte de qualitat, no \u00e9s pas q\u00fcesti\u00f3 de n\u00fameros\u201d, apunta Reverter.<\/p>\n","protected":false},"excerpt":{"rendered":"<p>Adolesc\u00e8ncies360 \u00e9s un projecte socioeducatiu per a joves de la ciutat, on per una banda, ells i elles mateixes detecten les necessitats que tenen com a col\u00b7lectiu i dissenyen respostes per a resoldre-les en una relaci\u00f3 de confian\u00e7a i total autonomia, i per altra banda, s\u2019apoderen a trav\u00e9s de l\u2019oci formatiu.<\/p>\n","protected":false},"author":201,"featured_media":1275,"comment_status":"open","ping_status":"closed","sticky":false,"template":"","format":"standard","meta":{"footnotes":""},"categories":[221,2],"tags":[164,150,110,182,222],"tipo":[],"class_list":{"0":"post-1276","1":"post","2":"type-post","3":"status-publish","4":"format-standard","5":"has-post-thumbnail","7":"category-educacio360","8":"category-general","9":"tag-ajuntaments","10":"tag-cultura","11":"tag-educacio-a-temps-complet","12":"tag-educacio360","13":"tag-joves"},"yoast_head":"<!-- This site is optimized with the Yoast SEO plugin v27.5 - https:\/\/yoast.com\/product\/yoast-seo-wordpress\/ -->\n<title>Els adolescents, el nexe que connecta oci, cultura, educaci\u00f3 i municipi a Granollers - El blog de l&#039;educaci\u00f3 local<\/title>\n<meta name=\"robots\" content=\"index, follow, max-snippet:-1, max-image-preview:large, max-video-preview:-1\" \/>\n<link rel=\"canonical\" href=\"https:\/\/diarieducacio.cat\/educaciolocal\/2019\/03\/26\/els-adolescents-el-nexe-que-connecta-oci-cultura-educacio-i-municipi-a-granollers\/\" \/>\n<meta property=\"og:locale\" content=\"ca_ES\" \/>\n<meta property=\"og:type\" content=\"article\" \/>\n<meta property=\"og:title\" content=\"Els adolescents, el nexe que connecta oci, cultura, educaci\u00f3 i municipi a Granollers - El blog de l&#039;educaci\u00f3 local\" \/>\n<meta property=\"og:description\" content=\"Adolesc\u00e8ncies360 \u00e9s un projecte socioeducatiu per a joves de la ciutat, on per una banda, ells i elles mateixes detecten les necessitats que tenen com a col\u00b7lectiu i dissenyen respostes per a resoldre-les en una relaci\u00f3 de confian\u00e7a i total autonomia, i per altra banda, s\u2019apoderen a trav\u00e9s de l\u2019oci formatiu.\" \/>\n<meta property=\"og:url\" content=\"https:\/\/diarieducacio.cat\/educaciolocal\/2019\/03\/26\/els-adolescents-el-nexe-que-connecta-oci-cultura-educacio-i-municipi-a-granollers\/\" \/>\n<meta property=\"og:site_name\" content=\"El blog de l&#039;educaci\u00f3 local\" \/>\n<meta property=\"article:publisher\" content=\"https:\/\/www.facebook.com\/diarieducacio\/\" \/>\n<meta property=\"article:published_time\" content=\"2019-03-26T22:08:27+00:00\" \/>\n<meta property=\"og:image\" content=\"https:\/\/diarieducacio.cat\/educaciolocal\/wp-content\/uploads\/sites\/18\/2019\/03\/forum-1.jpg\" \/>\n\t<meta property=\"og:image:width\" content=\"1024\" \/>\n\t<meta property=\"og:image:height\" content=\"433\" \/>\n\t<meta property=\"og:image:type\" content=\"image\/jpeg\" \/>\n<meta name=\"author\" content=\"Redacci\u00f3 - Blog de l&#039;educaci\u00f3 local\" \/>\n<meta name=\"twitter:card\" content=\"summary_large_image\" \/>\n<meta name=\"twitter:creator\" content=\"@DiariEducacio\" \/>\n<meta name=\"twitter:site\" content=\"@DiariEducacio\" \/>\n<meta name=\"twitter:label1\" content=\"Escrit per\" \/>\n\t<meta name=\"twitter:data1\" content=\"Redacci\u00f3 - Blog de l&#039;educaci\u00f3 local\" \/>\n\t<meta name=\"twitter:label2\" content=\"Temps estimat de lectura\" \/>\n\t<meta name=\"twitter:data2\" content=\"4 minuts\" \/>\n<script type=\"application\/ld+json\" class=\"yoast-schema-graph\">{\"@context\":\"https:\\\/\\\/schema.org\",\"@graph\":[{\"@type\":\"Article\",\"@id\":\"https:\\\/\\\/diarieducacio.cat\\\/educaciolocal\\\/2019\\\/03\\\/26\\\/els-adolescents-el-nexe-que-connecta-oci-cultura-educacio-i-municipi-a-granollers\\\/#article\",\"isPartOf\":{\"@id\":\"https:\\\/\\\/diarieducacio.cat\\\/educaciolocal\\\/2019\\\/03\\\/26\\\/els-adolescents-el-nexe-que-connecta-oci-cultura-educacio-i-municipi-a-granollers\\\/\"},\"author\":{\"name\":\"Redacci\u00f3 - Blog de l'educaci\u00f3 local\",\"@id\":\"https:\\\/\\\/diarieducacio.cat\\\/educaciolocal\\\/#\\\/schema\\\/person\\\/2b7a218a59179ac9b82caae5e2c4f2ab\"},\"headline\":\"Els adolescents, el nexe que connecta oci, cultura, educaci\u00f3 i municipi a Granollers\",\"datePublished\":\"2019-03-26T22:08:27+00:00\",\"mainEntityOfPage\":{\"@id\":\"https:\\\/\\\/diarieducacio.cat\\\/educaciolocal\\\/2019\\\/03\\\/26\\\/els-adolescents-el-nexe-que-connecta-oci-cultura-educacio-i-municipi-a-granollers\\\/\"},\"wordCount\":785,\"commentCount\":0,\"image\":{\"@id\":\"https:\\\/\\\/diarieducacio.cat\\\/educaciolocal\\\/2019\\\/03\\\/26\\\/els-adolescents-el-nexe-que-connecta-oci-cultura-educacio-i-municipi-a-granollers\\\/#primaryimage\"},\"thumbnailUrl\":\"https:\\\/\\\/diarieducacio.cat\\\/educaciolocal\\\/wp-content\\\/uploads\\\/sites\\\/18\\\/2019\\\/03\\\/forum-1.jpg\",\"keywords\":[\"Ajuntaments\",\"Cultura\",\"Educaci\u00f3 a temps complet\",\"educaci\u00f3360\",\"Joves\"],\"articleSection\":[\"Educaci\u00f3360\",\"General\"],\"inLanguage\":\"ca\",\"potentialAction\":[{\"@type\":\"CommentAction\",\"name\":\"Comment\",\"target\":[\"https:\\\/\\\/diarieducacio.cat\\\/educaciolocal\\\/2019\\\/03\\\/26\\\/els-adolescents-el-nexe-que-connecta-oci-cultura-educacio-i-municipi-a-granollers\\\/#respond\"]}]},{\"@type\":\"WebPage\",\"@id\":\"https:\\\/\\\/diarieducacio.cat\\\/educaciolocal\\\/2019\\\/03\\\/26\\\/els-adolescents-el-nexe-que-connecta-oci-cultura-educacio-i-municipi-a-granollers\\\/\",\"url\":\"https:\\\/\\\/diarieducacio.cat\\\/educaciolocal\\\/2019\\\/03\\\/26\\\/els-adolescents-el-nexe-que-connecta-oci-cultura-educacio-i-municipi-a-granollers\\\/\",\"name\":\"Els adolescents, el nexe que connecta oci, cultura, educaci\u00f3 i municipi a Granollers - El blog de l'educaci\u00f3 local\",\"isPartOf\":{\"@id\":\"https:\\\/\\\/diarieducacio.cat\\\/educaciolocal\\\/#website\"},\"primaryImageOfPage\":{\"@id\":\"https:\\\/\\\/diarieducacio.cat\\\/educaciolocal\\\/2019\\\/03\\\/26\\\/els-adolescents-el-nexe-que-connecta-oci-cultura-educacio-i-municipi-a-granollers\\\/#primaryimage\"},\"image\":{\"@id\":\"https:\\\/\\\/diarieducacio.cat\\\/educaciolocal\\\/2019\\\/03\\\/26\\\/els-adolescents-el-nexe-que-connecta-oci-cultura-educacio-i-municipi-a-granollers\\\/#primaryimage\"},\"thumbnailUrl\":\"https:\\\/\\\/diarieducacio.cat\\\/educaciolocal\\\/wp-content\\\/uploads\\\/sites\\\/18\\\/2019\\\/03\\\/forum-1.jpg\",\"datePublished\":\"2019-03-26T22:08:27+00:00\",\"author\":{\"@id\":\"https:\\\/\\\/diarieducacio.cat\\\/educaciolocal\\\/#\\\/schema\\\/person\\\/2b7a218a59179ac9b82caae5e2c4f2ab\"},\"breadcrumb\":{\"@id\":\"https:\\\/\\\/diarieducacio.cat\\\/educaciolocal\\\/2019\\\/03\\\/26\\\/els-adolescents-el-nexe-que-connecta-oci-cultura-educacio-i-municipi-a-granollers\\\/#breadcrumb\"},\"inLanguage\":\"ca\",\"potentialAction\":[{\"@type\":\"ReadAction\",\"target\":[\"https:\\\/\\\/diarieducacio.cat\\\/educaciolocal\\\/2019\\\/03\\\/26\\\/els-adolescents-el-nexe-que-connecta-oci-cultura-educacio-i-municipi-a-granollers\\\/\"]}]},{\"@type\":\"ImageObject\",\"inLanguage\":\"ca\",\"@id\":\"https:\\\/\\\/diarieducacio.cat\\\/educaciolocal\\\/2019\\\/03\\\/26\\\/els-adolescents-el-nexe-que-connecta-oci-cultura-educacio-i-municipi-a-granollers\\\/#primaryimage\",\"url\":\"https:\\\/\\\/diarieducacio.cat\\\/educaciolocal\\\/wp-content\\\/uploads\\\/sites\\\/18\\\/2019\\\/03\\\/forum-1.jpg\",\"contentUrl\":\"https:\\\/\\\/diarieducacio.cat\\\/educaciolocal\\\/wp-content\\\/uploads\\\/sites\\\/18\\\/2019\\\/03\\\/forum-1.jpg\",\"width\":1024,\"height\":433,\"caption\":\"Foto dels membres que integren el nou f\u00f2rum de participaci\u00f3 per a adolescents | Ajuntament de Granollers\"},{\"@type\":\"BreadcrumbList\",\"@id\":\"https:\\\/\\\/diarieducacio.cat\\\/educaciolocal\\\/2019\\\/03\\\/26\\\/els-adolescents-el-nexe-que-connecta-oci-cultura-educacio-i-municipi-a-granollers\\\/#breadcrumb\",\"itemListElement\":[{\"@type\":\"ListItem\",\"position\":1,\"name\":\"Inici\",\"item\":\"https:\\\/\\\/diarieducacio.cat\\\/educaciolocal\\\/\"},{\"@type\":\"ListItem\",\"position\":2,\"name\":\"Els adolescents, el nexe que connecta oci, cultura, educaci\u00f3 i municipi a Granollers\"}]},{\"@type\":\"WebSite\",\"@id\":\"https:\\\/\\\/diarieducacio.cat\\\/educaciolocal\\\/#website\",\"url\":\"https:\\\/\\\/diarieducacio.cat\\\/educaciolocal\\\/\",\"name\":\"El blog de l'educaci\u00f3 local\",\"description\":\"\",\"potentialAction\":[{\"@type\":\"SearchAction\",\"target\":{\"@type\":\"EntryPoint\",\"urlTemplate\":\"https:\\\/\\\/diarieducacio.cat\\\/educaciolocal\\\/?s={search_term_string}\"},\"query-input\":{\"@type\":\"PropertyValueSpecification\",\"valueRequired\":true,\"valueName\":\"search_term_string\"}}],\"inLanguage\":\"ca\"},{\"@type\":\"Person\",\"@id\":\"https:\\\/\\\/diarieducacio.cat\\\/educaciolocal\\\/#\\\/schema\\\/person\\\/2b7a218a59179ac9b82caae5e2c4f2ab\",\"name\":\"Redacci\u00f3 - Blog de l'educaci\u00f3 local\",\"image\":{\"@type\":\"ImageObject\",\"inLanguage\":\"ca\",\"@id\":\"https:\\\/\\\/secure.gravatar.com\\\/avatar\\\/4b47e937aa12c75f6017fe20634c65c793c85afabda37da0e6376acd3fff5c02?s=96&d=mm&r=g\",\"url\":\"https:\\\/\\\/secure.gravatar.com\\\/avatar\\\/4b47e937aa12c75f6017fe20634c65c793c85afabda37da0e6376acd3fff5c02?s=96&d=mm&r=g\",\"contentUrl\":\"https:\\\/\\\/secure.gravatar.com\\\/avatar\\\/4b47e937aa12c75f6017fe20634c65c793c85afabda37da0e6376acd3fff5c02?s=96&d=mm&r=g\",\"caption\":\"Redacci\u00f3 - Blog de l'educaci\u00f3 local\"},\"url\":\"https:\\\/\\\/diarieducacio.cat\\\/educaciolocal\\\/author\\\/blogeducaciolocal\\\/\"}]}<\/script>\n<!-- \/ Yoast SEO plugin. -->","yoast_head_json":{"title":"Els adolescents, el nexe que connecta oci, cultura, educaci\u00f3 i municipi a Granollers - El blog de l'educaci\u00f3 local","robots":{"index":"index","follow":"follow","max-snippet":"max-snippet:-1","max-image-preview":"max-image-preview:large","max-video-preview":"max-video-preview:-1"},"canonical":"https:\/\/diarieducacio.cat\/educaciolocal\/2019\/03\/26\/els-adolescents-el-nexe-que-connecta-oci-cultura-educacio-i-municipi-a-granollers\/","og_locale":"ca_ES","og_type":"article","og_title":"Els adolescents, el nexe que connecta oci, cultura, educaci\u00f3 i municipi a Granollers - El blog de l'educaci\u00f3 local","og_description":"Adolesc\u00e8ncies360 \u00e9s un projecte socioeducatiu per a joves de la ciutat, on per una banda, ells i elles mateixes detecten les necessitats que tenen com a col\u00b7lectiu i dissenyen respostes per a resoldre-les en una relaci\u00f3 de confian\u00e7a i total autonomia, i per altra banda, s\u2019apoderen a trav\u00e9s de l\u2019oci formatiu.","og_url":"https:\/\/diarieducacio.cat\/educaciolocal\/2019\/03\/26\/els-adolescents-el-nexe-que-connecta-oci-cultura-educacio-i-municipi-a-granollers\/","og_site_name":"El blog de l'educaci\u00f3 local","article_publisher":"https:\/\/www.facebook.com\/diarieducacio\/","article_published_time":"2019-03-26T22:08:27+00:00","og_image":[{"width":1024,"height":433,"url":"https:\/\/diarieducacio.cat\/educaciolocal\/wp-content\/uploads\/sites\/18\/2019\/03\/forum-1.jpg","type":"image\/jpeg"}],"author":"Redacci\u00f3 - Blog de l'educaci\u00f3 local","twitter_card":"summary_large_image","twitter_creator":"@DiariEducacio","twitter_site":"@DiariEducacio","twitter_misc":{"Escrit per":"Redacci\u00f3 - Blog de l'educaci\u00f3 local","Temps estimat de lectura":"4 minuts"},"schema":{"@context":"https:\/\/schema.org","@graph":[{"@type":"Article","@id":"https:\/\/diarieducacio.cat\/educaciolocal\/2019\/03\/26\/els-adolescents-el-nexe-que-connecta-oci-cultura-educacio-i-municipi-a-granollers\/#article","isPartOf":{"@id":"https:\/\/diarieducacio.cat\/educaciolocal\/2019\/03\/26\/els-adolescents-el-nexe-que-connecta-oci-cultura-educacio-i-municipi-a-granollers\/"},"author":{"name":"Redacci\u00f3 - Blog de l'educaci\u00f3 local","@id":"https:\/\/diarieducacio.cat\/educaciolocal\/#\/schema\/person\/2b7a218a59179ac9b82caae5e2c4f2ab"},"headline":"Els adolescents, el nexe que connecta oci, cultura, educaci\u00f3 i municipi a Granollers","datePublished":"2019-03-26T22:08:27+00:00","mainEntityOfPage":{"@id":"https:\/\/diarieducacio.cat\/educaciolocal\/2019\/03\/26\/els-adolescents-el-nexe-que-connecta-oci-cultura-educacio-i-municipi-a-granollers\/"},"wordCount":785,"commentCount":0,"image":{"@id":"https:\/\/diarieducacio.cat\/educaciolocal\/2019\/03\/26\/els-adolescents-el-nexe-que-connecta-oci-cultura-educacio-i-municipi-a-granollers\/#primaryimage"},"thumbnailUrl":"https:\/\/diarieducacio.cat\/educaciolocal\/wp-content\/uploads\/sites\/18\/2019\/03\/forum-1.jpg","keywords":["Ajuntaments","Cultura","Educaci\u00f3 a temps complet","educaci\u00f3360","Joves"],"articleSection":["Educaci\u00f3360","General"],"inLanguage":"ca","potentialAction":[{"@type":"CommentAction","name":"Comment","target":["https:\/\/diarieducacio.cat\/educaciolocal\/2019\/03\/26\/els-adolescents-el-nexe-que-connecta-oci-cultura-educacio-i-municipi-a-granollers\/#respond"]}]},{"@type":"WebPage","@id":"https:\/\/diarieducacio.cat\/educaciolocal\/2019\/03\/26\/els-adolescents-el-nexe-que-connecta-oci-cultura-educacio-i-municipi-a-granollers\/","url":"https:\/\/diarieducacio.cat\/educaciolocal\/2019\/03\/26\/els-adolescents-el-nexe-que-connecta-oci-cultura-educacio-i-municipi-a-granollers\/","name":"Els adolescents, el nexe que connecta oci, cultura, educaci\u00f3 i municipi a Granollers - El blog de l'educaci\u00f3 local","isPartOf":{"@id":"https:\/\/diarieducacio.cat\/educaciolocal\/#website"},"primaryImageOfPage":{"@id":"https:\/\/diarieducacio.cat\/educaciolocal\/2019\/03\/26\/els-adolescents-el-nexe-que-connecta-oci-cultura-educacio-i-municipi-a-granollers\/#primaryimage"},"image":{"@id":"https:\/\/diarieducacio.cat\/educaciolocal\/2019\/03\/26\/els-adolescents-el-nexe-que-connecta-oci-cultura-educacio-i-municipi-a-granollers\/#primaryimage"},"thumbnailUrl":"https:\/\/diarieducacio.cat\/educaciolocal\/wp-content\/uploads\/sites\/18\/2019\/03\/forum-1.jpg","datePublished":"2019-03-26T22:08:27+00:00","author":{"@id":"https:\/\/diarieducacio.cat\/educaciolocal\/#\/schema\/person\/2b7a218a59179ac9b82caae5e2c4f2ab"},"breadcrumb":{"@id":"https:\/\/diarieducacio.cat\/educaciolocal\/2019\/03\/26\/els-adolescents-el-nexe-que-connecta-oci-cultura-educacio-i-municipi-a-granollers\/#breadcrumb"},"inLanguage":"ca","potentialAction":[{"@type":"ReadAction","target":["https:\/\/diarieducacio.cat\/educaciolocal\/2019\/03\/26\/els-adolescents-el-nexe-que-connecta-oci-cultura-educacio-i-municipi-a-granollers\/"]}]},{"@type":"ImageObject","inLanguage":"ca","@id":"https:\/\/diarieducacio.cat\/educaciolocal\/2019\/03\/26\/els-adolescents-el-nexe-que-connecta-oci-cultura-educacio-i-municipi-a-granollers\/#primaryimage","url":"https:\/\/diarieducacio.cat\/educaciolocal\/wp-content\/uploads\/sites\/18\/2019\/03\/forum-1.jpg","contentUrl":"https:\/\/diarieducacio.cat\/educaciolocal\/wp-content\/uploads\/sites\/18\/2019\/03\/forum-1.jpg","width":1024,"height":433,"caption":"Foto dels membres que integren el nou f\u00f2rum de participaci\u00f3 per a adolescents | Ajuntament de Granollers"},{"@type":"BreadcrumbList","@id":"https:\/\/diarieducacio.cat\/educaciolocal\/2019\/03\/26\/els-adolescents-el-nexe-que-connecta-oci-cultura-educacio-i-municipi-a-granollers\/#breadcrumb","itemListElement":[{"@type":"ListItem","position":1,"name":"Inici","item":"https:\/\/diarieducacio.cat\/educaciolocal\/"},{"@type":"ListItem","position":2,"name":"Els adolescents, el nexe que connecta oci, cultura, educaci\u00f3 i municipi a Granollers"}]},{"@type":"WebSite","@id":"https:\/\/diarieducacio.cat\/educaciolocal\/#website","url":"https:\/\/diarieducacio.cat\/educaciolocal\/","name":"El blog de l'educaci\u00f3 local","description":"","potentialAction":[{"@type":"SearchAction","target":{"@type":"EntryPoint","urlTemplate":"https:\/\/diarieducacio.cat\/educaciolocal\/?s={search_term_string}"},"query-input":{"@type":"PropertyValueSpecification","valueRequired":true,"valueName":"search_term_string"}}],"inLanguage":"ca"},{"@type":"Person","@id":"https:\/\/diarieducacio.cat\/educaciolocal\/#\/schema\/person\/2b7a218a59179ac9b82caae5e2c4f2ab","name":"Redacci\u00f3 - Blog de l'educaci\u00f3 local","image":{"@type":"ImageObject","inLanguage":"ca","@id":"https:\/\/secure.gravatar.com\/avatar\/4b47e937aa12c75f6017fe20634c65c793c85afabda37da0e6376acd3fff5c02?s=96&d=mm&r=g","url":"https:\/\/secure.gravatar.com\/avatar\/4b47e937aa12c75f6017fe20634c65c793c85afabda37da0e6376acd3fff5c02?s=96&d=mm&r=g","contentUrl":"https:\/\/secure.gravatar.com\/avatar\/4b47e937aa12c75f6017fe20634c65c793c85afabda37da0e6376acd3fff5c02?s=96&d=mm&r=g","caption":"Redacci\u00f3 - Blog de l'educaci\u00f3 local"},"url":"https:\/\/diarieducacio.cat\/educaciolocal\/author\/blogeducaciolocal\/"}]}},"_links":{"self":[{"href":"https:\/\/diarieducacio.cat\/educaciolocal\/wp-json\/wp\/v2\/posts\/1276","targetHints":{"allow":["GET"]}}],"collection":[{"href":"https:\/\/diarieducacio.cat\/educaciolocal\/wp-json\/wp\/v2\/posts"}],"about":[{"href":"https:\/\/diarieducacio.cat\/educaciolocal\/wp-json\/wp\/v2\/types\/post"}],"author":[{"embeddable":true,"href":"https:\/\/diarieducacio.cat\/educaciolocal\/wp-json\/wp\/v2\/users\/201"}],"replies":[{"embeddable":true,"href":"https:\/\/diarieducacio.cat\/educaciolocal\/wp-json\/wp\/v2\/comments?post=1276"}],"version-history":[{"count":0,"href":"https:\/\/diarieducacio.cat\/educaciolocal\/wp-json\/wp\/v2\/posts\/1276\/revisions"}],"wp:featuredmedia":[{"embeddable":true,"href":"https:\/\/diarieducacio.cat\/educaciolocal\/wp-json\/wp\/v2\/media\/1275"}],"wp:attachment":[{"href":"https:\/\/diarieducacio.cat\/educaciolocal\/wp-json\/wp\/v2\/media?parent=1276"}],"wp:term":[{"taxonomy":"category","embeddable":true,"href":"https:\/\/diarieducacio.cat\/educaciolocal\/wp-json\/wp\/v2\/categories?post=1276"},{"taxonomy":"post_tag","embeddable":true,"href":"https:\/\/diarieducacio.cat\/educaciolocal\/wp-json\/wp\/v2\/tags?post=1276"},{"taxonomy":"tipo","embeddable":true,"href":"https:\/\/diarieducacio.cat\/educaciolocal\/wp-json\/wp\/v2\/tipo?post=1276"}],"curies":[{"name":"wp","href":"https:\/\/api.w.org\/{rel}","templated":true}]}}