{"id":134,"date":"2016-11-30T06:00:06","date_gmt":"2016-11-30T06:00:06","guid":{"rendered":"https:\/\/diarieducacio.cat\/educaciolocal\/?p=134"},"modified":"2016-11-30T06:00:06","modified_gmt":"2016-11-30T06:00:06","slug":"ciutat-educadora-i-compromis-municipal-amb-leducacio","status":"publish","type":"post","link":"https:\/\/diarieducacio.cat\/educaciolocal\/2016\/11\/30\/ciutat-educadora-i-compromis-municipal-amb-leducacio\/","title":{"rendered":"Ciutat educadora i comprom\u00eds municipal amb l&#8217;educaci\u00f3"},"content":{"rendered":"<p>En un moment de desconfian\u00e7a legislativa en la capacitat municipal per desplegar pol\u00edtiques educatives formals \u00e9s oport\u00fa reivindicar, amb la idea de ciutat educadora com a marc, que la Llei d\u2019Educaci\u00f3 de Catalunya va recollir -b\u00e9 que amb mod\u00e8stia- els acords del Pacte Nacional per l\u2019Educaci\u00f3. Aquests s\u2019orientaven cap a la<strong> implicaci\u00f3 municipal amb el sistema educatiu formal<\/strong>.<\/p>\n<p>Tot aix\u00f2 s\u2019ha volgut limitar des de diverses inst\u00e0ncies, la m\u00e9s important de les quals ve de la legislaci\u00f3 estatal, la LRSAL. Qui sap si, molts anys abans de la seva trista aparici\u00f3 i tot intuint-ne la possibilitat, els redactors de la <a href=\"http:\/\/www.edcities.org\/ca\/wp-content\/uploads\/sites\/6\/2014\/03\/CARTA_catala.pdf\" target=\"_blank\" rel=\"noopener\"><em>Carta de Ciutats Educadores<\/em><\/a> s\u2019hi varen anticipar i van proposar <strong>dues maneres de pensar en la implicaci\u00f3 educativa dels ajuntaments<\/strong>: d\u2019una banda, amb el seu principi n\u00fam. 4: \u201cLes pol\u00edtiques municipals de car\u00e0cter educatiu s\u2019entendran sempre referides a un context m\u00e9s ampli inspirat en els principis de la just\u00edcia social, el civisme democr\u00e0tic, la qualitat de vida i la promoci\u00f3 dels seus habitants\u201d. En aquest principi es d\u00f3na per descomptat que hi ha \u2013i hi ha d\u2019haver- pol\u00edtiques municipals educatives, tot convidant que, a partir d\u2019elles, es tingui sentit del context i s\u2019inspirin en els valors d\u2019ampli abast que s\u2019hi esmenten. Aquest sentit del context es despr\u00e8n del fet avui assumit per tothom que l\u2019educaci\u00f3 formal, que <strong>un ajuntament de ciutat educadora estima de forma especial, necessita l\u2019acompanyament, la implicaci\u00f3, la refer\u00e8ncia i la coher\u00e8ncia d\u2019un context implicat familiar, barrial, urb\u00e0<\/strong>.<\/p>\n<p><img fetchpriority=\"high\" decoding=\"async\" class=\"alignright wp-image-144\" src=\"https:\/\/diarieducacio.cat\/educaciolocal\/wp-content\/uploads\/sites\/26\/2016\/11\/Carta-de-Ciutats-Educadores-210x300.jpg\" width=\"298\" height=\"426\" srcset=\"https:\/\/diarieducacio.cat\/educaciolocal\/wp-content\/uploads\/sites\/18\/2016\/11\/Carta-de-Ciutats-Educadores-210x300.jpg 210w, https:\/\/diarieducacio.cat\/educaciolocal\/wp-content\/uploads\/sites\/18\/2016\/11\/Carta-de-Ciutats-Educadores-150x214.jpg 150w, https:\/\/diarieducacio.cat\/educaciolocal\/wp-content\/uploads\/sites\/18\/2016\/11\/Carta-de-Ciutats-Educadores-450x643.jpg 450w, https:\/\/diarieducacio.cat\/educaciolocal\/wp-content\/uploads\/sites\/18\/2016\/11\/Carta-de-Ciutats-Educadores.jpg 551w\" sizes=\"(max-width: 298px) 100vw, 298px\" \/>Per\u00f2, a m\u00e9s, en el principi seg\u00fcent, el n\u00fam. 5, llegim: \u201cEls ajuntaments exerciran amb efic\u00e0cia les compet\u00e8ncies que els corresponguin en mat\u00e8ria d\u2019educaci\u00f3. Sigui quin sigui l\u2019abast d\u2019aquestes compet\u00e8ncies, hauran de plantejar una pol\u00edtica educativa \u00e0mplia i de car\u00e0cter transversal i innovador i incloure totes les modalitats d\u2019educaci\u00f3 formal, no formal i informal (&#8230;). El paper de l\u2019administraci\u00f3 municipal \u00e9s establir les pol\u00edtiques locals que es considerin possibles i avaluar-ne l\u2019efic\u00e0cia i, a m\u00e9s, obtenir els pronunciaments legislatius oportuns d\u2019altres administracions, estatals o regionals.\u201d Cal destacar-ne la <strong>invitaci\u00f3 a un exercici competencial efica\u00e7 en el terreny educatiu<\/strong>, la seva transversalitat \u2013en l\u00ednia amb l\u2019anterior principi-, la seva multimodalitat i, finalment, l\u2019obtenci\u00f3 dels pronunciaments legislatius oportuns; aix\u00f2 darrer \u00e9s el m\u00e9s estant\u00eds i negatiu en la situaci\u00f3 actual nostra.<\/p>\n<p>Amb tot, el comprom\u00eds amb la idea de ciutat educadora cont\u00e9 una pot\u00e8ncia interpretativa generosa per estimular totes les formes d\u2019implicaci\u00f3 en pol\u00edtiques educatives. A m\u00e9s, \u00e9s bo de recordar que el primer principi proposa entendre el dret a la ciutat educadora com una extensi\u00f3 del dret fonamental a l\u2019educaci\u00f3. <strong>El vincle entre educaci\u00f3 i ciutat no pot ser m\u00e9s fort<\/strong>. I ning\u00fa com l\u2019ajuntament que la representa per mantenir-lo i refor\u00e7ar-lo cada dia m\u00e9s en els diversos registres possibles.<\/p>\n","protected":false},"excerpt":{"rendered":"<p>Els ajuntaments compromesos amb els principis de la Carta de Ciutats Educadores no exerceixen aquest lideratge en solitari: \u00e9s el conjunt de la ciutat la que activa la seva capacitat educadora m\u00faltiple i heterog\u00e8nia, des de la m\u00e9s formal fins a la m\u00e9s informal o allunyada de les pautes escolars establertes.<\/p>\n","protected":false},"author":203,"featured_media":133,"comment_status":"open","ping_status":"open","sticky":false,"template":"","format":"standard","meta":{"footnotes":""},"categories":[112,117,2],"tags":[114,115,111,100],"tipo":[],"class_list":{"0":"post-134","1":"post","2":"type-post","3":"status-publish","4":"format-standard","5":"has-post-thumbnail","7":"category-ciutat-educadora","8":"category-entorn","9":"category-general","10":"tag-ciutats-educadores","11":"tag-dret-a-leducacio","12":"tag-entorn-local","13":"tag-municipis"},"yoast_head":"<!-- This site is optimized with the Yoast SEO plugin v27.4 - https:\/\/yoast.com\/product\/yoast-seo-wordpress\/ -->\n<title>Ciutat educadora i comprom\u00eds municipal amb l&#039;educaci\u00f3 - El blog de l&#039;educaci\u00f3 local<\/title>\n<meta name=\"robots\" content=\"index, follow, max-snippet:-1, max-image-preview:large, max-video-preview:-1\" \/>\n<link rel=\"canonical\" href=\"https:\/\/diarieducacio.cat\/educaciolocal\/2016\/11\/30\/ciutat-educadora-i-compromis-municipal-amb-leducacio\/\" \/>\n<meta property=\"og:locale\" content=\"ca_ES\" \/>\n<meta property=\"og:type\" content=\"article\" \/>\n<meta property=\"og:title\" content=\"Ciutat educadora i comprom\u00eds municipal amb l&#039;educaci\u00f3 - El blog de l&#039;educaci\u00f3 local\" \/>\n<meta property=\"og:description\" content=\"Els ajuntaments compromesos amb els principis de la Carta de Ciutats Educadores no exerceixen aquest lideratge en solitari: \u00e9s el conjunt de la ciutat la que activa la seva capacitat educadora m\u00faltiple i heterog\u00e8nia, des de la m\u00e9s formal fins a la m\u00e9s informal o allunyada de les pautes escolars establertes.\" \/>\n<meta property=\"og:url\" content=\"https:\/\/diarieducacio.cat\/educaciolocal\/2016\/11\/30\/ciutat-educadora-i-compromis-municipal-amb-leducacio\/\" \/>\n<meta property=\"og:site_name\" content=\"El blog de l&#039;educaci\u00f3 local\" \/>\n<meta property=\"article:publisher\" content=\"https:\/\/www.facebook.com\/diarieducacio\/\" \/>\n<meta property=\"article:published_time\" content=\"2016-11-30T06:00:06+00:00\" \/>\n<meta property=\"og:image\" content=\"https:\/\/diarieducacio.cat\/educaciolocal\/wp-content\/uploads\/sites\/18\/2016\/11\/joanmdelpozo.jpg\" \/>\n\t<meta property=\"og:image:width\" content=\"174\" \/>\n\t<meta property=\"og:image:height\" content=\"131\" \/>\n\t<meta property=\"og:image:type\" content=\"image\/jpeg\" \/>\n<meta name=\"author\" content=\"Joan Manuel del Pozo\" \/>\n<meta name=\"twitter:card\" content=\"summary_large_image\" \/>\n<meta name=\"twitter:creator\" content=\"@DiariEducacio\" \/>\n<meta name=\"twitter:site\" content=\"@DiariEducacio\" \/>\n<meta name=\"twitter:label1\" content=\"Escrit per\" \/>\n\t<meta name=\"twitter:data1\" content=\"Joan Manuel del Pozo\" \/>\n\t<meta name=\"twitter:label2\" content=\"Temps estimat de lectura\" \/>\n\t<meta name=\"twitter:data2\" content=\"3 minuts\" \/>\n<script type=\"application\/ld+json\" class=\"yoast-schema-graph\">{\"@context\":\"https:\\\/\\\/schema.org\",\"@graph\":[{\"@type\":\"Article\",\"@id\":\"https:\\\/\\\/diarieducacio.cat\\\/educaciolocal\\\/2016\\\/11\\\/30\\\/ciutat-educadora-i-compromis-municipal-amb-leducacio\\\/#article\",\"isPartOf\":{\"@id\":\"https:\\\/\\\/diarieducacio.cat\\\/educaciolocal\\\/2016\\\/11\\\/30\\\/ciutat-educadora-i-compromis-municipal-amb-leducacio\\\/\"},\"author\":{\"name\":\"Joan Manuel del Pozo\",\"@id\":\"https:\\\/\\\/diarieducacio.cat\\\/educaciolocal\\\/#\\\/schema\\\/person\\\/e891618bd61037a8ac2dc4941ec10d60\"},\"headline\":\"Ciutat educadora i comprom\u00eds municipal amb l&#8217;educaci\u00f3\",\"datePublished\":\"2016-11-30T06:00:06+00:00\",\"mainEntityOfPage\":{\"@id\":\"https:\\\/\\\/diarieducacio.cat\\\/educaciolocal\\\/2016\\\/11\\\/30\\\/ciutat-educadora-i-compromis-municipal-amb-leducacio\\\/\"},\"wordCount\":521,\"commentCount\":1,\"image\":{\"@id\":\"https:\\\/\\\/diarieducacio.cat\\\/educaciolocal\\\/2016\\\/11\\\/30\\\/ciutat-educadora-i-compromis-municipal-amb-leducacio\\\/#primaryimage\"},\"thumbnailUrl\":\"https:\\\/\\\/diarieducacio.cat\\\/educaciolocal\\\/wp-content\\\/uploads\\\/sites\\\/18\\\/2016\\\/11\\\/joanmdelpozo.jpg\",\"keywords\":[\"Ciutats Educadores\",\"Dret a l'educaci\u00f3\",\"Entorn local\",\"Municipis\"],\"articleSection\":[\"Ciutat Educadora\",\"Entorn\",\"General\"],\"inLanguage\":\"ca\",\"potentialAction\":[{\"@type\":\"CommentAction\",\"name\":\"Comment\",\"target\":[\"https:\\\/\\\/diarieducacio.cat\\\/educaciolocal\\\/2016\\\/11\\\/30\\\/ciutat-educadora-i-compromis-municipal-amb-leducacio\\\/#respond\"]}]},{\"@type\":\"WebPage\",\"@id\":\"https:\\\/\\\/diarieducacio.cat\\\/educaciolocal\\\/2016\\\/11\\\/30\\\/ciutat-educadora-i-compromis-municipal-amb-leducacio\\\/\",\"url\":\"https:\\\/\\\/diarieducacio.cat\\\/educaciolocal\\\/2016\\\/11\\\/30\\\/ciutat-educadora-i-compromis-municipal-amb-leducacio\\\/\",\"name\":\"Ciutat educadora i comprom\u00eds municipal amb l'educaci\u00f3 - El blog de l'educaci\u00f3 local\",\"isPartOf\":{\"@id\":\"https:\\\/\\\/diarieducacio.cat\\\/educaciolocal\\\/#website\"},\"primaryImageOfPage\":{\"@id\":\"https:\\\/\\\/diarieducacio.cat\\\/educaciolocal\\\/2016\\\/11\\\/30\\\/ciutat-educadora-i-compromis-municipal-amb-leducacio\\\/#primaryimage\"},\"image\":{\"@id\":\"https:\\\/\\\/diarieducacio.cat\\\/educaciolocal\\\/2016\\\/11\\\/30\\\/ciutat-educadora-i-compromis-municipal-amb-leducacio\\\/#primaryimage\"},\"thumbnailUrl\":\"https:\\\/\\\/diarieducacio.cat\\\/educaciolocal\\\/wp-content\\\/uploads\\\/sites\\\/18\\\/2016\\\/11\\\/joanmdelpozo.jpg\",\"datePublished\":\"2016-11-30T06:00:06+00:00\",\"author\":{\"@id\":\"https:\\\/\\\/diarieducacio.cat\\\/educaciolocal\\\/#\\\/schema\\\/person\\\/e891618bd61037a8ac2dc4941ec10d60\"},\"breadcrumb\":{\"@id\":\"https:\\\/\\\/diarieducacio.cat\\\/educaciolocal\\\/2016\\\/11\\\/30\\\/ciutat-educadora-i-compromis-municipal-amb-leducacio\\\/#breadcrumb\"},\"inLanguage\":\"ca\",\"potentialAction\":[{\"@type\":\"ReadAction\",\"target\":[\"https:\\\/\\\/diarieducacio.cat\\\/educaciolocal\\\/2016\\\/11\\\/30\\\/ciutat-educadora-i-compromis-municipal-amb-leducacio\\\/\"]}]},{\"@type\":\"ImageObject\",\"inLanguage\":\"ca\",\"@id\":\"https:\\\/\\\/diarieducacio.cat\\\/educaciolocal\\\/2016\\\/11\\\/30\\\/ciutat-educadora-i-compromis-municipal-amb-leducacio\\\/#primaryimage\",\"url\":\"https:\\\/\\\/diarieducacio.cat\\\/educaciolocal\\\/wp-content\\\/uploads\\\/sites\\\/18\\\/2016\\\/11\\\/joanmdelpozo.jpg\",\"contentUrl\":\"https:\\\/\\\/diarieducacio.cat\\\/educaciolocal\\\/wp-content\\\/uploads\\\/sites\\\/18\\\/2016\\\/11\\\/joanmdelpozo.jpg\",\"width\":174,\"height\":131},{\"@type\":\"BreadcrumbList\",\"@id\":\"https:\\\/\\\/diarieducacio.cat\\\/educaciolocal\\\/2016\\\/11\\\/30\\\/ciutat-educadora-i-compromis-municipal-amb-leducacio\\\/#breadcrumb\",\"itemListElement\":[{\"@type\":\"ListItem\",\"position\":1,\"name\":\"Inici\",\"item\":\"https:\\\/\\\/diarieducacio.cat\\\/educaciolocal\\\/\"},{\"@type\":\"ListItem\",\"position\":2,\"name\":\"Ciutat educadora i comprom\u00eds municipal amb l&#8217;educaci\u00f3\"}]},{\"@type\":\"WebSite\",\"@id\":\"https:\\\/\\\/diarieducacio.cat\\\/educaciolocal\\\/#website\",\"url\":\"https:\\\/\\\/diarieducacio.cat\\\/educaciolocal\\\/\",\"name\":\"El blog de l'educaci\u00f3 local\",\"description\":\"\",\"potentialAction\":[{\"@type\":\"SearchAction\",\"target\":{\"@type\":\"EntryPoint\",\"urlTemplate\":\"https:\\\/\\\/diarieducacio.cat\\\/educaciolocal\\\/?s={search_term_string}\"},\"query-input\":{\"@type\":\"PropertyValueSpecification\",\"valueRequired\":true,\"valueName\":\"search_term_string\"}}],\"inLanguage\":\"ca\"},{\"@type\":\"Person\",\"@id\":\"https:\\\/\\\/diarieducacio.cat\\\/educaciolocal\\\/#\\\/schema\\\/person\\\/e891618bd61037a8ac2dc4941ec10d60\",\"name\":\"Joan Manuel del Pozo\",\"image\":{\"@type\":\"ImageObject\",\"inLanguage\":\"ca\",\"@id\":\"https:\\\/\\\/secure.gravatar.com\\\/avatar\\\/203568cc3867bb9d76f9ddac75129c74613bad3d9d91228d86db9dca0472fe29?s=96&d=mm&r=g\",\"url\":\"https:\\\/\\\/secure.gravatar.com\\\/avatar\\\/203568cc3867bb9d76f9ddac75129c74613bad3d9d91228d86db9dca0472fe29?s=96&d=mm&r=g\",\"contentUrl\":\"https:\\\/\\\/secure.gravatar.com\\\/avatar\\\/203568cc3867bb9d76f9ddac75129c74613bad3d9d91228d86db9dca0472fe29?s=96&d=mm&r=g\",\"caption\":\"Joan Manuel del Pozo\"},\"description\":\"Professor de Filosofia de la Universitat de Girona.\",\"sameAs\":[\"http:\\\/\\\/joanmanueldelpozo.blogspot.com.es\"],\"url\":\"https:\\\/\\\/diarieducacio.cat\\\/educaciolocal\\\/author\\\/joanmdelpozo\\\/\"}]}<\/script>\n<!-- \/ Yoast SEO plugin. -->","yoast_head_json":{"title":"Ciutat educadora i comprom\u00eds municipal amb l'educaci\u00f3 - El blog de l'educaci\u00f3 local","robots":{"index":"index","follow":"follow","max-snippet":"max-snippet:-1","max-image-preview":"max-image-preview:large","max-video-preview":"max-video-preview:-1"},"canonical":"https:\/\/diarieducacio.cat\/educaciolocal\/2016\/11\/30\/ciutat-educadora-i-compromis-municipal-amb-leducacio\/","og_locale":"ca_ES","og_type":"article","og_title":"Ciutat educadora i comprom\u00eds municipal amb l'educaci\u00f3 - El blog de l'educaci\u00f3 local","og_description":"Els ajuntaments compromesos amb els principis de la Carta de Ciutats Educadores no exerceixen aquest lideratge en solitari: \u00e9s el conjunt de la ciutat la que activa la seva capacitat educadora m\u00faltiple i heterog\u00e8nia, des de la m\u00e9s formal fins a la m\u00e9s informal o allunyada de les pautes escolars establertes.","og_url":"https:\/\/diarieducacio.cat\/educaciolocal\/2016\/11\/30\/ciutat-educadora-i-compromis-municipal-amb-leducacio\/","og_site_name":"El blog de l'educaci\u00f3 local","article_publisher":"https:\/\/www.facebook.com\/diarieducacio\/","article_published_time":"2016-11-30T06:00:06+00:00","og_image":[{"width":174,"height":131,"url":"https:\/\/diarieducacio.cat\/educaciolocal\/wp-content\/uploads\/sites\/18\/2016\/11\/joanmdelpozo.jpg","type":"image\/jpeg"}],"author":"Joan Manuel del Pozo","twitter_card":"summary_large_image","twitter_creator":"@DiariEducacio","twitter_site":"@DiariEducacio","twitter_misc":{"Escrit per":"Joan Manuel del Pozo","Temps estimat de lectura":"3 minuts"},"schema":{"@context":"https:\/\/schema.org","@graph":[{"@type":"Article","@id":"https:\/\/diarieducacio.cat\/educaciolocal\/2016\/11\/30\/ciutat-educadora-i-compromis-municipal-amb-leducacio\/#article","isPartOf":{"@id":"https:\/\/diarieducacio.cat\/educaciolocal\/2016\/11\/30\/ciutat-educadora-i-compromis-municipal-amb-leducacio\/"},"author":{"name":"Joan Manuel del Pozo","@id":"https:\/\/diarieducacio.cat\/educaciolocal\/#\/schema\/person\/e891618bd61037a8ac2dc4941ec10d60"},"headline":"Ciutat educadora i comprom\u00eds municipal amb l&#8217;educaci\u00f3","datePublished":"2016-11-30T06:00:06+00:00","mainEntityOfPage":{"@id":"https:\/\/diarieducacio.cat\/educaciolocal\/2016\/11\/30\/ciutat-educadora-i-compromis-municipal-amb-leducacio\/"},"wordCount":521,"commentCount":1,"image":{"@id":"https:\/\/diarieducacio.cat\/educaciolocal\/2016\/11\/30\/ciutat-educadora-i-compromis-municipal-amb-leducacio\/#primaryimage"},"thumbnailUrl":"https:\/\/diarieducacio.cat\/educaciolocal\/wp-content\/uploads\/sites\/18\/2016\/11\/joanmdelpozo.jpg","keywords":["Ciutats Educadores","Dret a l'educaci\u00f3","Entorn local","Municipis"],"articleSection":["Ciutat Educadora","Entorn","General"],"inLanguage":"ca","potentialAction":[{"@type":"CommentAction","name":"Comment","target":["https:\/\/diarieducacio.cat\/educaciolocal\/2016\/11\/30\/ciutat-educadora-i-compromis-municipal-amb-leducacio\/#respond"]}]},{"@type":"WebPage","@id":"https:\/\/diarieducacio.cat\/educaciolocal\/2016\/11\/30\/ciutat-educadora-i-compromis-municipal-amb-leducacio\/","url":"https:\/\/diarieducacio.cat\/educaciolocal\/2016\/11\/30\/ciutat-educadora-i-compromis-municipal-amb-leducacio\/","name":"Ciutat educadora i comprom\u00eds municipal amb l'educaci\u00f3 - El blog de l'educaci\u00f3 local","isPartOf":{"@id":"https:\/\/diarieducacio.cat\/educaciolocal\/#website"},"primaryImageOfPage":{"@id":"https:\/\/diarieducacio.cat\/educaciolocal\/2016\/11\/30\/ciutat-educadora-i-compromis-municipal-amb-leducacio\/#primaryimage"},"image":{"@id":"https:\/\/diarieducacio.cat\/educaciolocal\/2016\/11\/30\/ciutat-educadora-i-compromis-municipal-amb-leducacio\/#primaryimage"},"thumbnailUrl":"https:\/\/diarieducacio.cat\/educaciolocal\/wp-content\/uploads\/sites\/18\/2016\/11\/joanmdelpozo.jpg","datePublished":"2016-11-30T06:00:06+00:00","author":{"@id":"https:\/\/diarieducacio.cat\/educaciolocal\/#\/schema\/person\/e891618bd61037a8ac2dc4941ec10d60"},"breadcrumb":{"@id":"https:\/\/diarieducacio.cat\/educaciolocal\/2016\/11\/30\/ciutat-educadora-i-compromis-municipal-amb-leducacio\/#breadcrumb"},"inLanguage":"ca","potentialAction":[{"@type":"ReadAction","target":["https:\/\/diarieducacio.cat\/educaciolocal\/2016\/11\/30\/ciutat-educadora-i-compromis-municipal-amb-leducacio\/"]}]},{"@type":"ImageObject","inLanguage":"ca","@id":"https:\/\/diarieducacio.cat\/educaciolocal\/2016\/11\/30\/ciutat-educadora-i-compromis-municipal-amb-leducacio\/#primaryimage","url":"https:\/\/diarieducacio.cat\/educaciolocal\/wp-content\/uploads\/sites\/18\/2016\/11\/joanmdelpozo.jpg","contentUrl":"https:\/\/diarieducacio.cat\/educaciolocal\/wp-content\/uploads\/sites\/18\/2016\/11\/joanmdelpozo.jpg","width":174,"height":131},{"@type":"BreadcrumbList","@id":"https:\/\/diarieducacio.cat\/educaciolocal\/2016\/11\/30\/ciutat-educadora-i-compromis-municipal-amb-leducacio\/#breadcrumb","itemListElement":[{"@type":"ListItem","position":1,"name":"Inici","item":"https:\/\/diarieducacio.cat\/educaciolocal\/"},{"@type":"ListItem","position":2,"name":"Ciutat educadora i comprom\u00eds municipal amb l&#8217;educaci\u00f3"}]},{"@type":"WebSite","@id":"https:\/\/diarieducacio.cat\/educaciolocal\/#website","url":"https:\/\/diarieducacio.cat\/educaciolocal\/","name":"El blog de l'educaci\u00f3 local","description":"","potentialAction":[{"@type":"SearchAction","target":{"@type":"EntryPoint","urlTemplate":"https:\/\/diarieducacio.cat\/educaciolocal\/?s={search_term_string}"},"query-input":{"@type":"PropertyValueSpecification","valueRequired":true,"valueName":"search_term_string"}}],"inLanguage":"ca"},{"@type":"Person","@id":"https:\/\/diarieducacio.cat\/educaciolocal\/#\/schema\/person\/e891618bd61037a8ac2dc4941ec10d60","name":"Joan Manuel del Pozo","image":{"@type":"ImageObject","inLanguage":"ca","@id":"https:\/\/secure.gravatar.com\/avatar\/203568cc3867bb9d76f9ddac75129c74613bad3d9d91228d86db9dca0472fe29?s=96&d=mm&r=g","url":"https:\/\/secure.gravatar.com\/avatar\/203568cc3867bb9d76f9ddac75129c74613bad3d9d91228d86db9dca0472fe29?s=96&d=mm&r=g","contentUrl":"https:\/\/secure.gravatar.com\/avatar\/203568cc3867bb9d76f9ddac75129c74613bad3d9d91228d86db9dca0472fe29?s=96&d=mm&r=g","caption":"Joan Manuel del Pozo"},"description":"Professor de Filosofia de la Universitat de Girona.","sameAs":["http:\/\/joanmanueldelpozo.blogspot.com.es"],"url":"https:\/\/diarieducacio.cat\/educaciolocal\/author\/joanmdelpozo\/"}]}},"_links":{"self":[{"href":"https:\/\/diarieducacio.cat\/educaciolocal\/wp-json\/wp\/v2\/posts\/134","targetHints":{"allow":["GET"]}}],"collection":[{"href":"https:\/\/diarieducacio.cat\/educaciolocal\/wp-json\/wp\/v2\/posts"}],"about":[{"href":"https:\/\/diarieducacio.cat\/educaciolocal\/wp-json\/wp\/v2\/types\/post"}],"author":[{"embeddable":true,"href":"https:\/\/diarieducacio.cat\/educaciolocal\/wp-json\/wp\/v2\/users\/203"}],"replies":[{"embeddable":true,"href":"https:\/\/diarieducacio.cat\/educaciolocal\/wp-json\/wp\/v2\/comments?post=134"}],"version-history":[{"count":0,"href":"https:\/\/diarieducacio.cat\/educaciolocal\/wp-json\/wp\/v2\/posts\/134\/revisions"}],"wp:featuredmedia":[{"embeddable":true,"href":"https:\/\/diarieducacio.cat\/educaciolocal\/wp-json\/wp\/v2\/media\/133"}],"wp:attachment":[{"href":"https:\/\/diarieducacio.cat\/educaciolocal\/wp-json\/wp\/v2\/media?parent=134"}],"wp:term":[{"taxonomy":"category","embeddable":true,"href":"https:\/\/diarieducacio.cat\/educaciolocal\/wp-json\/wp\/v2\/categories?post=134"},{"taxonomy":"post_tag","embeddable":true,"href":"https:\/\/diarieducacio.cat\/educaciolocal\/wp-json\/wp\/v2\/tags?post=134"},{"taxonomy":"tipo","embeddable":true,"href":"https:\/\/diarieducacio.cat\/educaciolocal\/wp-json\/wp\/v2\/tipo?post=134"}],"curies":[{"name":"wp","href":"https:\/\/api.w.org\/{rel}","templated":true}]}}