{"id":1349,"date":"2019-05-20T22:55:29","date_gmt":"2019-05-20T22:55:29","guid":{"rendered":"https:\/\/diarieducacio.cat\/educaciolocal\/?p=1349"},"modified":"2019-05-20T22:55:29","modified_gmt":"2019-05-20T22:55:29","slug":"aules-integrals-de-suport-o-el-vincle-de-la-confianca-com-a-porta-a-levolucio-2","status":"publish","type":"post","link":"https:\/\/diarieducacio.cat\/educaciolocal\/2019\/05\/20\/aules-integrals-de-suport-o-el-vincle-de-la-confianca-com-a-porta-a-levolucio-2\/","title":{"rendered":"Aules Integrals de Suport o el vincle de la confian\u00e7a com a porta a l&#8217;evoluci\u00f3"},"content":{"rendered":"<p>Toquen les deu del mat\u00ed i la sala de professors d&#8217;un centre de Mollet s&#8217;omple de nens que venen a saludar. Un ens mostra un <i>meme <\/i>que li han fet arribar per <i>Whatsapp <\/i>i un altre seu a les faldes d&#8217;una de les seves mestres i li ensenya que ha passat de nivell a un joc del m\u00f2bil. Al cap de pocs minuts, aquests infants, de prim\u00e0ria i secund\u00e0ria, es reparteixen en parelles o trios per les diverses aules. S\u00f3n nom\u00e9s 11, per\u00f2 formen una comunitat.<\/p>\n<p>No s\u00f3n encara dos quarts d&#8217;onze i els nois ja s\u00f3n plantats davant dels seus llibres de text, fent tot tipus de mat\u00e8ries. Uns tenen clares les seves tasques i els altres negocien amb els mestres i educadors, mentre van avan\u00e7ant en els seus curr\u00edculums. Som a l&#8217;Aula Integral de Suport (AIS) de Mollet, un centre educatiu especialitzat en alumnes amb trastorns mentals greus. Entre aquestes parets s&#8217;hi troben nens -majorit\u00e0riament, de fet, aquest curs no hi ha cap nena- amb Trastorns de l&#8217;Espectre Autista (TEA), trastorns de conducta&#8230;<\/p>\n<p>Aquest espai, que est\u00e0 vinculat al Centre Municipal d&#8217;Educaci\u00f3 Especial de Can Vila (Mollet), \u00e9s per infants als quals els \u00e9s dif\u00edcil seguir els aprenentatges en una aula ordin\u00e0ria, per\u00f2 per q\u00fcestions emocionals, per\u00f2 no pas per una discapacitat intel\u00b7lectual. I \u00e9s que aquesta diferenciaci\u00f3 \u00e9s crucial a l&#8217;hora d&#8217;afrontar l&#8217;escolaritzaci\u00f3 i l&#8217;aprenentatge, ja que \u201cels nanos que tenim a l&#8217;AIS no poden estar en un Centre d&#8217;Educaci\u00f3 Especial (CEE). No \u00e9s el seu lloc\u201d, apunta Antonio L\u00f3pez, director de l&#8217;AIS.<\/p>\n<p>La de Mollet \u00e9s la primera AIS que es va crear a Catalunya, el curs 2013-14, perqu\u00e8 \u201cten\u00edem un grapat d&#8217;alumnes que anaven a un CEE, tot i que no tenien una discapacitat sin\u00f3 m\u00e9s aviat una malaltia mental. El departament d&#8217;Educaci\u00f3 no sabia on posar-los i vam decidir engegar l&#8217;experi\u00e8ncia AIS\u201d, apunta L\u00f3pez. Es tracta d&#8217;una de les poques AIS que hi ha a Catalunya (de fet, la de Mollet acull nens de tot el Vall\u00e8s Oriental), per\u00f2 el model es va eixamplant (a la mateixa comarca es va crear el curs passat una altra AIS de Secund\u00e0ria, a Sant Celoni).<\/p>\n<p>\u201cEls CEE s\u00f3n culs de sac on van a parar tots els alumnes que presenten necessitats educatives especials\u201d, explica la Vicky S\u00e1nchez, psicopedagoga del centre. Segons els professionals d&#8217;aquest espai, \u00e9s molt important fer una bona diagnosi del nen o nena i derivar-lo al centre adequat. I \u00e9s que el plantejament pedag\u00f2gic d&#8217;un CEE i una AIS pot ser semblant, per\u00f2 la din\u00e0mica \u00e9s totalment diferent: en un model d&#8217;escolaritat compartida, el primer presenta una retirada progressiva de les aules ordin\u00e0ries, mentre que l&#8217;AIS treballa amb l&#8217;objectiu d&#8217;un retorn total a l&#8217;ordin\u00e0ria. \u201cUna cosa \u00e9s que hi hagi un retr\u00e0s escolar per les seves dificultats emocionals, per\u00f2 les capacitats cognitives estan al 100%\u201d, explica S\u00e1nchez.<\/p>\n<figure id=\"attachment_1348\" aria-describedby=\"caption-attachment-1348\" style=\"width: 2200px\" class=\"wp-caption aligncenter\"><img fetchpriority=\"high\" decoding=\"async\" class=\"wp-image-1348 size-full\" src=\"https:\/\/diarieducacio.cat\/educaciolocal\/wp-content\/uploads\/sites\/26\/2019\/05\/3.jpg\" alt=\"\" width=\"2200\" height=\"1650\" \/><figcaption id=\"caption-attachment-1348\" class=\"wp-caption-text\">Aula Integral de Suport de Mollet<\/figcaption><\/figure>\n<h3><b>Educar des del conflicte<\/b><\/h3>\n<p>\u201cAqu\u00ed eduquem des del vincle m\u00e9s proper: estem presents i disponibles quan hi ha angoixa. No \u00e9s f\u00e0cil per aquests nens generar aquesta confian\u00e7a de saber que tot i el cabreig, els insults o, fins i tot les puntades de peu, jo ser\u00e9 aqu\u00ed dem\u00e0. Venen de ser molt rebutjats\u201d, explica la Raquel Celma. Ella \u00e9s la psic\u00f2loga del Centre de Salut Mental I Juvenil (CSMIJ) referent de l&#8217;AIS de Mollet. La Raquel \u00e9s l&#8217;aportaci\u00f3 que el Departament de Salut ha aportat al model AIS: \u201cSense aquest suport, el model no t\u00e9 sentit. Fins que no van venir aquests professionals, nom\u00e9s naveg\u00e0vem\u201d, explica Montse Tarr\u00e9s, directora de serveis de l\u2019Institut Municipal de serveis a les persones amb Discapacitats.<\/p>\n<p>Amb la cooperaci\u00f3 d&#8217;una psic\u00f2loga i\/o psiquiatra que controli la part sanit\u00e0ria de les dificultats dels nens i nenes, els professionals pedag\u00f2gics del centre es poden aplicar a treballar aquests vincles que deia Celma. \u201cEls empoderem, els mirem als ulls i els diem que estem aqu\u00ed per treballar les seves dificultats amb ells. Tenen una motxilla de rebuig i desconfian\u00e7a molt gran i l&#8217;aboquen sobre nosaltres\u201d, explica Den\u00eds L\u00f3pez, educador del grup de secund\u00e0ria. Aix\u00ed, han trobat una manera d&#8217;educar que seria impossible en una ordin\u00e0ria, que \u00e9s \u201ctreballar des del conflicte: sorgeix a cada moment per tot el malestar barrejat. Moltes vegades no donem a l&#8217;abast d&#8217;anticipar el que estan pensant i sentint, aix\u00ed que deixem aflorar el conflicte per a, despr\u00e9s, treballar-lo plegats\u201d.<\/p>\n<p>Tots els professionals de l&#8217;AIS coincideixen en el fet que la confian\u00e7a \u00e9s l&#8217;\u00fanica garantia per assolir un bon resultat, ja sigui amb els alumnes, com entre ells mateixos. \u201c\u00c9s fonamental que estiguem units\u201d, asseguren. Per aix\u00f2, una de les bases de l&#8217;AIS \u00e9s la rotaci\u00f3 dels i les treballadores amb el CEE Can Vila. \u201cNo tothom est\u00e0 dotat professionalment o an\u00edmica per entendre qu\u00e8 representa una AIS. El trajecte per aqu\u00ed \u00e9s intens i et pot sobrepassar\u201d, diu el director del centre. Per aix\u00f2, la rotaci\u00f3 entre tots dos espais ajuda a donar una v\u00e0lvula de sortida, a m\u00e9s d&#8217;obrir una porta per a la compartici\u00f3 de coneixement i experi\u00e8ncies.<\/p>\n<h3><b>Cercle de confian\u00e7a entre fam\u00edlies, AIS, ordin\u00e0ria i CEE<\/b><\/h3>\n<p>L&#8217;objectiu dels AIS \u00e9s que l&#8217;alumne pugui controlar les seves dificultats per poder tornar a l&#8217;escola ordin\u00e0ria. \u201cQuan surten d&#8217;aqu\u00ed, s\u00f3n els mateixos, tenen el mateix trastorn. No els curem. Per\u00f2 tenen recursos per a autoregular-se en l&#8217;entorn\u201d, apunta Vicky S\u00e1nchez. I \u00e9s que, per aquests professionals de l&#8217;AIS, el treball no s&#8217;ha de fer amb els menuts, sin\u00f3 tamb\u00e9 amb tot el conjunt de la societat. \u201cElls no canviaran, el que ha de canviar \u00e9s la invisibilitzaci\u00f3 d&#8217;aquests trastorns\u201d.<\/p>\n<p>\u00c9s per aix\u00f2 que el treball colze a colze amb fam\u00edlies i escola ordin\u00e0ria \u00e9s tan important. \u201cA les fam\u00edlies els ensenyem que no \u00e9s un problema que han de tractar portes endins, sin\u00f3 que aqu\u00ed hi ha altres fam\u00edlies i professionals que les poden ajudar\u201d, explica el director. Aix\u00ed, el centre proporciona grups de suport col\u00b7lectiu i individual a trav\u00e9s dels quals es poden compartir experi\u00e8ncies i avan\u00e7os en l&#8217;educaci\u00f3 dels infants. I aquesta confian\u00e7a, suport i benestar, tamb\u00e9 \u00e9s positiu pels nanos: \u201cVenen de molt de rebuig per\u00f2 si veuen que els adults que tenen al voltant se&#8217;ls estimen incondicionalment es comencen a autoregular\u201d, explica en Joan Manuel Verdaguer, mestre de secund\u00e0ria.<\/p>\n<p>I aquestes actituds tamb\u00e9 \u00e9s imprescindible traslladar-les a l&#8217;escola ordin\u00e0ria. \u201cLa sensibilitat que trobem a un AIS o a un CEE \u00e9s diferent. No cal comen\u00e7ar a treballar des de zero i aix\u00f2 es nota en la manera d&#8217;entomar els conflictes\u201d, apunta Raquel Celma. Cal fer, doncs, pedagogia amb els i les mestres dels centres ordinaris on els alumnes de l&#8217;AIS fan la compartida, perqu\u00e8 \u201csempre hi ha certa por. El moment en qu\u00e8 nosaltres veiem que \u00e9s possible un retorn, mai no \u00e9s el moment per a l&#8217;ordin\u00e0ria\u201d, apunta Vicky S\u00e1nchez.<\/p>\n<p>Poc a poc, asseguren des de l&#8217;AIS, la mirada ha anat canviant i, fruit del treball en xarxa entre departaments, institucions i centres, s&#8217;ha anat afrontant millor la complexitat. \u201cVeus que ja no t&#8217;expliquen nom\u00e9s les coses dolentes que fan\u201d, apunta Verdaguer. I \u00e9s que sempre hi ha por al retorn, \u201csigui m\u00e9s o menys inclusiva l&#8217;escola, sempre el que marca la tornada \u00e9s el vincle establert. \u00c9s dif\u00edcil veure&#8217;ls m\u00e9s enll\u00e0 del brot o de la enrabiada, per\u00f2 si no ho fas no hi ha confian\u00e7a. I sense confian\u00e7a no hi ha evoluci\u00f3\u201d, afegeix. \u201cNing\u00fa no es compromet a canviar per un entorn que no confia en ell\u201d.<\/p>\n","protected":false},"excerpt":{"rendered":"<p>Mollet va ser el primer municipi de Catalunya en acollir un AIS, un espai d&#8217;escolaritzaci\u00f3 compartida per a nens i nenes amb trastorns com l&#8217;autisme. Al contrari dels centres d&#8217;educaci\u00f3 especial, l&#8217;objectiu de l&#8217;AIS \u00e9s la tornada a l&#8217;escola ordin\u00e0ria, tot treballant el vincle entre educadors i alumnes <\/p>\n","protected":false},"author":201,"featured_media":1836,"comment_status":"open","ping_status":"closed","sticky":false,"template":"","format":"standard","meta":{"footnotes":""},"categories":[163,119,139],"tags":[],"tipo":[],"class_list":{"0":"post-1349","1":"post","2":"type-post","3":"status-publish","4":"format-standard","5":"has-post-thumbnail","7":"category-ajuntaments","8":"category-centres-educatius","9":"category-igualtat"},"yoast_head":"<!-- This site is optimized with the Yoast SEO plugin v27.4 - https:\/\/yoast.com\/product\/yoast-seo-wordpress\/ -->\n<title>Aules Integrals de Suport o el vincle de la confian\u00e7a com a porta a l&#039;evoluci\u00f3 - El blog de l&#039;educaci\u00f3 local<\/title>\n<meta name=\"robots\" content=\"index, follow, max-snippet:-1, max-image-preview:large, max-video-preview:-1\" \/>\n<link rel=\"canonical\" href=\"https:\/\/diarieducacio.cat\/educaciolocal\/2019\/05\/20\/aules-integrals-de-suport-o-el-vincle-de-la-confianca-com-a-porta-a-levolucio-2\/\" \/>\n<meta property=\"og:locale\" content=\"ca_ES\" \/>\n<meta property=\"og:type\" content=\"article\" \/>\n<meta property=\"og:title\" content=\"Aules Integrals de Suport o el vincle de la confian\u00e7a com a porta a l&#039;evoluci\u00f3 - El blog de l&#039;educaci\u00f3 local\" \/>\n<meta property=\"og:description\" content=\"Mollet va ser el primer municipi de Catalunya en acollir un AIS, un espai d&#039;escolaritzaci\u00f3 compartida per a nens i nenes amb trastorns com l&#039;autisme. Al contrari dels centres d&#039;educaci\u00f3 especial, l&#039;objectiu de l&#039;AIS \u00e9s la tornada a l&#039;escola ordin\u00e0ria, tot treballant el vincle entre educadors i alumnes\" \/>\n<meta property=\"og:url\" content=\"https:\/\/diarieducacio.cat\/educaciolocal\/2019\/05\/20\/aules-integrals-de-suport-o-el-vincle-de-la-confianca-com-a-porta-a-levolucio-2\/\" \/>\n<meta property=\"og:site_name\" content=\"El blog de l&#039;educaci\u00f3 local\" \/>\n<meta property=\"article:publisher\" content=\"https:\/\/www.facebook.com\/diarieducacio\/\" \/>\n<meta property=\"article:published_time\" content=\"2019-05-20T22:55:29+00:00\" \/>\n<meta property=\"og:image\" content=\"https:\/\/diarieducacio.cat\/educaciolocal\/wp-content\/uploads\/sites\/18\/2019\/05\/1-1.jpg\" \/>\n\t<meta property=\"og:image:width\" content=\"1600\" \/>\n\t<meta property=\"og:image:height\" content=\"1200\" \/>\n\t<meta property=\"og:image:type\" content=\"image\/jpeg\" \/>\n<meta name=\"author\" content=\"Redacci\u00f3 - Blog de l&#039;educaci\u00f3 local\" \/>\n<meta name=\"twitter:card\" content=\"summary_large_image\" \/>\n<meta name=\"twitter:creator\" content=\"@DiariEducacio\" \/>\n<meta name=\"twitter:site\" content=\"@DiariEducacio\" \/>\n<meta name=\"twitter:label1\" content=\"Escrit per\" \/>\n\t<meta name=\"twitter:data1\" content=\"Redacci\u00f3 - Blog de l&#039;educaci\u00f3 local\" \/>\n\t<meta name=\"twitter:label2\" content=\"Temps estimat de lectura\" \/>\n\t<meta name=\"twitter:data2\" content=\"7 minuts\" \/>\n<script type=\"application\/ld+json\" class=\"yoast-schema-graph\">{\"@context\":\"https:\\\/\\\/schema.org\",\"@graph\":[{\"@type\":\"Article\",\"@id\":\"https:\\\/\\\/diarieducacio.cat\\\/educaciolocal\\\/2019\\\/05\\\/20\\\/aules-integrals-de-suport-o-el-vincle-de-la-confianca-com-a-porta-a-levolucio-2\\\/#article\",\"isPartOf\":{\"@id\":\"https:\\\/\\\/diarieducacio.cat\\\/educaciolocal\\\/2019\\\/05\\\/20\\\/aules-integrals-de-suport-o-el-vincle-de-la-confianca-com-a-porta-a-levolucio-2\\\/\"},\"author\":{\"name\":\"Redacci\u00f3 - Blog de l'educaci\u00f3 local\",\"@id\":\"https:\\\/\\\/diarieducacio.cat\\\/educaciolocal\\\/#\\\/schema\\\/person\\\/2b7a218a59179ac9b82caae5e2c4f2ab\"},\"headline\":\"Aules Integrals de Suport o el vincle de la confian\u00e7a com a porta a l&#8217;evoluci\u00f3\",\"datePublished\":\"2019-05-20T22:55:29+00:00\",\"mainEntityOfPage\":{\"@id\":\"https:\\\/\\\/diarieducacio.cat\\\/educaciolocal\\\/2019\\\/05\\\/20\\\/aules-integrals-de-suport-o-el-vincle-de-la-confianca-com-a-porta-a-levolucio-2\\\/\"},\"wordCount\":1398,\"commentCount\":1,\"image\":{\"@id\":\"https:\\\/\\\/diarieducacio.cat\\\/educaciolocal\\\/2019\\\/05\\\/20\\\/aules-integrals-de-suport-o-el-vincle-de-la-confianca-com-a-porta-a-levolucio-2\\\/#primaryimage\"},\"thumbnailUrl\":\"https:\\\/\\\/diarieducacio.cat\\\/educaciolocal\\\/wp-content\\\/uploads\\\/sites\\\/18\\\/2019\\\/05\\\/1-1.jpg\",\"articleSection\":[\"Ajuntaments\",\"Centres educatius\",\"Igualtat\"],\"inLanguage\":\"ca\",\"potentialAction\":[{\"@type\":\"CommentAction\",\"name\":\"Comment\",\"target\":[\"https:\\\/\\\/diarieducacio.cat\\\/educaciolocal\\\/2019\\\/05\\\/20\\\/aules-integrals-de-suport-o-el-vincle-de-la-confianca-com-a-porta-a-levolucio-2\\\/#respond\"]}]},{\"@type\":\"WebPage\",\"@id\":\"https:\\\/\\\/diarieducacio.cat\\\/educaciolocal\\\/2019\\\/05\\\/20\\\/aules-integrals-de-suport-o-el-vincle-de-la-confianca-com-a-porta-a-levolucio-2\\\/\",\"url\":\"https:\\\/\\\/diarieducacio.cat\\\/educaciolocal\\\/2019\\\/05\\\/20\\\/aules-integrals-de-suport-o-el-vincle-de-la-confianca-com-a-porta-a-levolucio-2\\\/\",\"name\":\"Aules Integrals de Suport o el vincle de la confian\u00e7a com a porta a l'evoluci\u00f3 - El blog de l'educaci\u00f3 local\",\"isPartOf\":{\"@id\":\"https:\\\/\\\/diarieducacio.cat\\\/educaciolocal\\\/#website\"},\"primaryImageOfPage\":{\"@id\":\"https:\\\/\\\/diarieducacio.cat\\\/educaciolocal\\\/2019\\\/05\\\/20\\\/aules-integrals-de-suport-o-el-vincle-de-la-confianca-com-a-porta-a-levolucio-2\\\/#primaryimage\"},\"image\":{\"@id\":\"https:\\\/\\\/diarieducacio.cat\\\/educaciolocal\\\/2019\\\/05\\\/20\\\/aules-integrals-de-suport-o-el-vincle-de-la-confianca-com-a-porta-a-levolucio-2\\\/#primaryimage\"},\"thumbnailUrl\":\"https:\\\/\\\/diarieducacio.cat\\\/educaciolocal\\\/wp-content\\\/uploads\\\/sites\\\/18\\\/2019\\\/05\\\/1-1.jpg\",\"datePublished\":\"2019-05-20T22:55:29+00:00\",\"author\":{\"@id\":\"https:\\\/\\\/diarieducacio.cat\\\/educaciolocal\\\/#\\\/schema\\\/person\\\/2b7a218a59179ac9b82caae5e2c4f2ab\"},\"breadcrumb\":{\"@id\":\"https:\\\/\\\/diarieducacio.cat\\\/educaciolocal\\\/2019\\\/05\\\/20\\\/aules-integrals-de-suport-o-el-vincle-de-la-confianca-com-a-porta-a-levolucio-2\\\/#breadcrumb\"},\"inLanguage\":\"ca\",\"potentialAction\":[{\"@type\":\"ReadAction\",\"target\":[\"https:\\\/\\\/diarieducacio.cat\\\/educaciolocal\\\/2019\\\/05\\\/20\\\/aules-integrals-de-suport-o-el-vincle-de-la-confianca-com-a-porta-a-levolucio-2\\\/\"]}]},{\"@type\":\"ImageObject\",\"inLanguage\":\"ca\",\"@id\":\"https:\\\/\\\/diarieducacio.cat\\\/educaciolocal\\\/2019\\\/05\\\/20\\\/aules-integrals-de-suport-o-el-vincle-de-la-confianca-com-a-porta-a-levolucio-2\\\/#primaryimage\",\"url\":\"https:\\\/\\\/diarieducacio.cat\\\/educaciolocal\\\/wp-content\\\/uploads\\\/sites\\\/18\\\/2019\\\/05\\\/1-1.jpg\",\"contentUrl\":\"https:\\\/\\\/diarieducacio.cat\\\/educaciolocal\\\/wp-content\\\/uploads\\\/sites\\\/18\\\/2019\\\/05\\\/1-1.jpg\",\"width\":1600,\"height\":1200,\"caption\":\"Aula Integral de Suport de Mollet\"},{\"@type\":\"BreadcrumbList\",\"@id\":\"https:\\\/\\\/diarieducacio.cat\\\/educaciolocal\\\/2019\\\/05\\\/20\\\/aules-integrals-de-suport-o-el-vincle-de-la-confianca-com-a-porta-a-levolucio-2\\\/#breadcrumb\",\"itemListElement\":[{\"@type\":\"ListItem\",\"position\":1,\"name\":\"Inici\",\"item\":\"https:\\\/\\\/diarieducacio.cat\\\/educaciolocal\\\/\"},{\"@type\":\"ListItem\",\"position\":2,\"name\":\"Aules Integrals de Suport o el vincle de la confian\u00e7a com a porta a l&#8217;evoluci\u00f3\"}]},{\"@type\":\"WebSite\",\"@id\":\"https:\\\/\\\/diarieducacio.cat\\\/educaciolocal\\\/#website\",\"url\":\"https:\\\/\\\/diarieducacio.cat\\\/educaciolocal\\\/\",\"name\":\"El blog de l'educaci\u00f3 local\",\"description\":\"\",\"potentialAction\":[{\"@type\":\"SearchAction\",\"target\":{\"@type\":\"EntryPoint\",\"urlTemplate\":\"https:\\\/\\\/diarieducacio.cat\\\/educaciolocal\\\/?s={search_term_string}\"},\"query-input\":{\"@type\":\"PropertyValueSpecification\",\"valueRequired\":true,\"valueName\":\"search_term_string\"}}],\"inLanguage\":\"ca\"},{\"@type\":\"Person\",\"@id\":\"https:\\\/\\\/diarieducacio.cat\\\/educaciolocal\\\/#\\\/schema\\\/person\\\/2b7a218a59179ac9b82caae5e2c4f2ab\",\"name\":\"Redacci\u00f3 - Blog de l'educaci\u00f3 local\",\"image\":{\"@type\":\"ImageObject\",\"inLanguage\":\"ca\",\"@id\":\"https:\\\/\\\/secure.gravatar.com\\\/avatar\\\/4b47e937aa12c75f6017fe20634c65c793c85afabda37da0e6376acd3fff5c02?s=96&d=mm&r=g\",\"url\":\"https:\\\/\\\/secure.gravatar.com\\\/avatar\\\/4b47e937aa12c75f6017fe20634c65c793c85afabda37da0e6376acd3fff5c02?s=96&d=mm&r=g\",\"contentUrl\":\"https:\\\/\\\/secure.gravatar.com\\\/avatar\\\/4b47e937aa12c75f6017fe20634c65c793c85afabda37da0e6376acd3fff5c02?s=96&d=mm&r=g\",\"caption\":\"Redacci\u00f3 - Blog de l'educaci\u00f3 local\"},\"url\":\"https:\\\/\\\/diarieducacio.cat\\\/educaciolocal\\\/author\\\/blogeducaciolocal\\\/\"}]}<\/script>\n<!-- \/ Yoast SEO plugin. -->","yoast_head_json":{"title":"Aules Integrals de Suport o el vincle de la confian\u00e7a com a porta a l'evoluci\u00f3 - El blog de l'educaci\u00f3 local","robots":{"index":"index","follow":"follow","max-snippet":"max-snippet:-1","max-image-preview":"max-image-preview:large","max-video-preview":"max-video-preview:-1"},"canonical":"https:\/\/diarieducacio.cat\/educaciolocal\/2019\/05\/20\/aules-integrals-de-suport-o-el-vincle-de-la-confianca-com-a-porta-a-levolucio-2\/","og_locale":"ca_ES","og_type":"article","og_title":"Aules Integrals de Suport o el vincle de la confian\u00e7a com a porta a l'evoluci\u00f3 - El blog de l'educaci\u00f3 local","og_description":"Mollet va ser el primer municipi de Catalunya en acollir un AIS, un espai d'escolaritzaci\u00f3 compartida per a nens i nenes amb trastorns com l'autisme. Al contrari dels centres d'educaci\u00f3 especial, l'objectiu de l'AIS \u00e9s la tornada a l'escola ordin\u00e0ria, tot treballant el vincle entre educadors i alumnes","og_url":"https:\/\/diarieducacio.cat\/educaciolocal\/2019\/05\/20\/aules-integrals-de-suport-o-el-vincle-de-la-confianca-com-a-porta-a-levolucio-2\/","og_site_name":"El blog de l'educaci\u00f3 local","article_publisher":"https:\/\/www.facebook.com\/diarieducacio\/","article_published_time":"2019-05-20T22:55:29+00:00","og_image":[{"width":1600,"height":1200,"url":"https:\/\/diarieducacio.cat\/educaciolocal\/wp-content\/uploads\/sites\/18\/2019\/05\/1-1.jpg","type":"image\/jpeg"}],"author":"Redacci\u00f3 - Blog de l'educaci\u00f3 local","twitter_card":"summary_large_image","twitter_creator":"@DiariEducacio","twitter_site":"@DiariEducacio","twitter_misc":{"Escrit per":"Redacci\u00f3 - Blog de l'educaci\u00f3 local","Temps estimat de lectura":"7 minuts"},"schema":{"@context":"https:\/\/schema.org","@graph":[{"@type":"Article","@id":"https:\/\/diarieducacio.cat\/educaciolocal\/2019\/05\/20\/aules-integrals-de-suport-o-el-vincle-de-la-confianca-com-a-porta-a-levolucio-2\/#article","isPartOf":{"@id":"https:\/\/diarieducacio.cat\/educaciolocal\/2019\/05\/20\/aules-integrals-de-suport-o-el-vincle-de-la-confianca-com-a-porta-a-levolucio-2\/"},"author":{"name":"Redacci\u00f3 - Blog de l'educaci\u00f3 local","@id":"https:\/\/diarieducacio.cat\/educaciolocal\/#\/schema\/person\/2b7a218a59179ac9b82caae5e2c4f2ab"},"headline":"Aules Integrals de Suport o el vincle de la confian\u00e7a com a porta a l&#8217;evoluci\u00f3","datePublished":"2019-05-20T22:55:29+00:00","mainEntityOfPage":{"@id":"https:\/\/diarieducacio.cat\/educaciolocal\/2019\/05\/20\/aules-integrals-de-suport-o-el-vincle-de-la-confianca-com-a-porta-a-levolucio-2\/"},"wordCount":1398,"commentCount":1,"image":{"@id":"https:\/\/diarieducacio.cat\/educaciolocal\/2019\/05\/20\/aules-integrals-de-suport-o-el-vincle-de-la-confianca-com-a-porta-a-levolucio-2\/#primaryimage"},"thumbnailUrl":"https:\/\/diarieducacio.cat\/educaciolocal\/wp-content\/uploads\/sites\/18\/2019\/05\/1-1.jpg","articleSection":["Ajuntaments","Centres educatius","Igualtat"],"inLanguage":"ca","potentialAction":[{"@type":"CommentAction","name":"Comment","target":["https:\/\/diarieducacio.cat\/educaciolocal\/2019\/05\/20\/aules-integrals-de-suport-o-el-vincle-de-la-confianca-com-a-porta-a-levolucio-2\/#respond"]}]},{"@type":"WebPage","@id":"https:\/\/diarieducacio.cat\/educaciolocal\/2019\/05\/20\/aules-integrals-de-suport-o-el-vincle-de-la-confianca-com-a-porta-a-levolucio-2\/","url":"https:\/\/diarieducacio.cat\/educaciolocal\/2019\/05\/20\/aules-integrals-de-suport-o-el-vincle-de-la-confianca-com-a-porta-a-levolucio-2\/","name":"Aules Integrals de Suport o el vincle de la confian\u00e7a com a porta a l'evoluci\u00f3 - El blog de l'educaci\u00f3 local","isPartOf":{"@id":"https:\/\/diarieducacio.cat\/educaciolocal\/#website"},"primaryImageOfPage":{"@id":"https:\/\/diarieducacio.cat\/educaciolocal\/2019\/05\/20\/aules-integrals-de-suport-o-el-vincle-de-la-confianca-com-a-porta-a-levolucio-2\/#primaryimage"},"image":{"@id":"https:\/\/diarieducacio.cat\/educaciolocal\/2019\/05\/20\/aules-integrals-de-suport-o-el-vincle-de-la-confianca-com-a-porta-a-levolucio-2\/#primaryimage"},"thumbnailUrl":"https:\/\/diarieducacio.cat\/educaciolocal\/wp-content\/uploads\/sites\/18\/2019\/05\/1-1.jpg","datePublished":"2019-05-20T22:55:29+00:00","author":{"@id":"https:\/\/diarieducacio.cat\/educaciolocal\/#\/schema\/person\/2b7a218a59179ac9b82caae5e2c4f2ab"},"breadcrumb":{"@id":"https:\/\/diarieducacio.cat\/educaciolocal\/2019\/05\/20\/aules-integrals-de-suport-o-el-vincle-de-la-confianca-com-a-porta-a-levolucio-2\/#breadcrumb"},"inLanguage":"ca","potentialAction":[{"@type":"ReadAction","target":["https:\/\/diarieducacio.cat\/educaciolocal\/2019\/05\/20\/aules-integrals-de-suport-o-el-vincle-de-la-confianca-com-a-porta-a-levolucio-2\/"]}]},{"@type":"ImageObject","inLanguage":"ca","@id":"https:\/\/diarieducacio.cat\/educaciolocal\/2019\/05\/20\/aules-integrals-de-suport-o-el-vincle-de-la-confianca-com-a-porta-a-levolucio-2\/#primaryimage","url":"https:\/\/diarieducacio.cat\/educaciolocal\/wp-content\/uploads\/sites\/18\/2019\/05\/1-1.jpg","contentUrl":"https:\/\/diarieducacio.cat\/educaciolocal\/wp-content\/uploads\/sites\/18\/2019\/05\/1-1.jpg","width":1600,"height":1200,"caption":"Aula Integral de Suport de Mollet"},{"@type":"BreadcrumbList","@id":"https:\/\/diarieducacio.cat\/educaciolocal\/2019\/05\/20\/aules-integrals-de-suport-o-el-vincle-de-la-confianca-com-a-porta-a-levolucio-2\/#breadcrumb","itemListElement":[{"@type":"ListItem","position":1,"name":"Inici","item":"https:\/\/diarieducacio.cat\/educaciolocal\/"},{"@type":"ListItem","position":2,"name":"Aules Integrals de Suport o el vincle de la confian\u00e7a com a porta a l&#8217;evoluci\u00f3"}]},{"@type":"WebSite","@id":"https:\/\/diarieducacio.cat\/educaciolocal\/#website","url":"https:\/\/diarieducacio.cat\/educaciolocal\/","name":"El blog de l'educaci\u00f3 local","description":"","potentialAction":[{"@type":"SearchAction","target":{"@type":"EntryPoint","urlTemplate":"https:\/\/diarieducacio.cat\/educaciolocal\/?s={search_term_string}"},"query-input":{"@type":"PropertyValueSpecification","valueRequired":true,"valueName":"search_term_string"}}],"inLanguage":"ca"},{"@type":"Person","@id":"https:\/\/diarieducacio.cat\/educaciolocal\/#\/schema\/person\/2b7a218a59179ac9b82caae5e2c4f2ab","name":"Redacci\u00f3 - Blog de l'educaci\u00f3 local","image":{"@type":"ImageObject","inLanguage":"ca","@id":"https:\/\/secure.gravatar.com\/avatar\/4b47e937aa12c75f6017fe20634c65c793c85afabda37da0e6376acd3fff5c02?s=96&d=mm&r=g","url":"https:\/\/secure.gravatar.com\/avatar\/4b47e937aa12c75f6017fe20634c65c793c85afabda37da0e6376acd3fff5c02?s=96&d=mm&r=g","contentUrl":"https:\/\/secure.gravatar.com\/avatar\/4b47e937aa12c75f6017fe20634c65c793c85afabda37da0e6376acd3fff5c02?s=96&d=mm&r=g","caption":"Redacci\u00f3 - Blog de l'educaci\u00f3 local"},"url":"https:\/\/diarieducacio.cat\/educaciolocal\/author\/blogeducaciolocal\/"}]}},"_links":{"self":[{"href":"https:\/\/diarieducacio.cat\/educaciolocal\/wp-json\/wp\/v2\/posts\/1349","targetHints":{"allow":["GET"]}}],"collection":[{"href":"https:\/\/diarieducacio.cat\/educaciolocal\/wp-json\/wp\/v2\/posts"}],"about":[{"href":"https:\/\/diarieducacio.cat\/educaciolocal\/wp-json\/wp\/v2\/types\/post"}],"author":[{"embeddable":true,"href":"https:\/\/diarieducacio.cat\/educaciolocal\/wp-json\/wp\/v2\/users\/201"}],"replies":[{"embeddable":true,"href":"https:\/\/diarieducacio.cat\/educaciolocal\/wp-json\/wp\/v2\/comments?post=1349"}],"version-history":[{"count":0,"href":"https:\/\/diarieducacio.cat\/educaciolocal\/wp-json\/wp\/v2\/posts\/1349\/revisions"}],"wp:featuredmedia":[{"embeddable":true,"href":"https:\/\/diarieducacio.cat\/educaciolocal\/wp-json\/wp\/v2\/media\/1836"}],"wp:attachment":[{"href":"https:\/\/diarieducacio.cat\/educaciolocal\/wp-json\/wp\/v2\/media?parent=1349"}],"wp:term":[{"taxonomy":"category","embeddable":true,"href":"https:\/\/diarieducacio.cat\/educaciolocal\/wp-json\/wp\/v2\/categories?post=1349"},{"taxonomy":"post_tag","embeddable":true,"href":"https:\/\/diarieducacio.cat\/educaciolocal\/wp-json\/wp\/v2\/tags?post=1349"},{"taxonomy":"tipo","embeddable":true,"href":"https:\/\/diarieducacio.cat\/educaciolocal\/wp-json\/wp\/v2\/tipo?post=1349"}],"curies":[{"name":"wp","href":"https:\/\/api.w.org\/{rel}","templated":true}]}}