{"id":157,"date":"2017-02-06T18:32:12","date_gmt":"2017-02-06T18:32:12","guid":{"rendered":"https:\/\/diarieducacio.cat\/educaciolocal\/?p=157"},"modified":"2017-02-06T18:32:12","modified_gmt":"2017-02-06T18:32:12","slug":"innovar-tambe-escoles-municipals","status":"publish","type":"post","link":"https:\/\/diarieducacio.cat\/educaciolocal\/2017\/02\/06\/innovar-tambe-escoles-municipals\/","title":{"rendered":"Innovar (tamb\u00e9) a les escoles municipals"},"content":{"rendered":"<p><img fetchpriority=\"high\" decoding=\"async\" class=\"aligncenter wp-image-163 size-large\" src=\"https:\/\/diarieducacio.cat\/educaciolocal\/wp-content\/uploads\/sites\/26\/2017\/02\/JBBPP1-1024x678.jpg\" width=\"620\" height=\"411\" srcset=\"https:\/\/diarieducacio.cat\/educaciolocal\/wp-content\/uploads\/sites\/18\/2017\/02\/JBBPP1-1024x678.jpg 1024w, https:\/\/diarieducacio.cat\/educaciolocal\/wp-content\/uploads\/sites\/18\/2017\/02\/JBBPP1-300x199.jpg 300w, https:\/\/diarieducacio.cat\/educaciolocal\/wp-content\/uploads\/sites\/18\/2017\/02\/JBBPP1-768x508.jpg 768w, https:\/\/diarieducacio.cat\/educaciolocal\/wp-content\/uploads\/sites\/18\/2017\/02\/JBBPP1-150x99.jpg 150w, https:\/\/diarieducacio.cat\/educaciolocal\/wp-content\/uploads\/sites\/18\/2017\/02\/JBBPP1-450x298.jpg 450w, https:\/\/diarieducacio.cat\/educaciolocal\/wp-content\/uploads\/sites\/18\/2017\/02\/JBBPP1-1200x794.jpg 1200w, https:\/\/diarieducacio.cat\/educaciolocal\/wp-content\/uploads\/sites\/18\/2017\/02\/JBBPP1.jpg 1274w\" sizes=\"(max-width: 620px) 100vw, 620px\" \/><\/p>\n<p>L\u2019aprenentatge entre iguals, l\u2019art com a eina d\u2019aprenentatge, teixir aliances per a garantir l\u2019\u00e8xit educatiu. S\u00f3n idees que porten a projectes amb noms i cognoms que contribueixen a canviar el sistema educatiu, a transformar-lo per adaptar-lo a la societat en la qual vivim.<\/p>\n<p>Els noms i cognoms s\u00f3n, per exemple, el moviment <a href=\"http:\/\/edcamp.educaciodema.cat\">Edcamp<\/a> que s\u2019est\u00e0 estenent arreu de Catalunya entre docents, el projecte <a href=\"http:\/\/www.fbofill.cat\/magnet-aliances-lexit-educatiu\">Magnet<\/a> que s\u2019ha posat en marxa a sis centres educatius de prim\u00e0ria i secund\u00e0ria a Catalunya o d\u2019altres iniciatives vinculades a l\u2019art que es desenvolupen en centres d\u2019ensenyament. Per\u00f2 com extrapolar-ho a les escoles bressols, a les escoles de m\u00fasica i a la formaci\u00f3 de persones adultes?<\/p>\n<p><img decoding=\"async\" class=\"size-medium wp-image-167 alignleft\" src=\"https:\/\/diarieducacio.cat\/educaciolocal\/wp-content\/uploads\/sites\/26\/2017\/02\/adults1-300x185.jpg\" alt=\"\" width=\"300\" height=\"185\" srcset=\"https:\/\/diarieducacio.cat\/educaciolocal\/wp-content\/uploads\/sites\/18\/2017\/02\/adults1-300x185.jpg 300w, https:\/\/diarieducacio.cat\/educaciolocal\/wp-content\/uploads\/sites\/18\/2017\/02\/adults1-1024x630.jpg 1024w, https:\/\/diarieducacio.cat\/educaciolocal\/wp-content\/uploads\/sites\/18\/2017\/02\/adults1-768x473.jpg 768w, https:\/\/diarieducacio.cat\/educaciolocal\/wp-content\/uploads\/sites\/18\/2017\/02\/adults1-150x92.jpg 150w, https:\/\/diarieducacio.cat\/educaciolocal\/wp-content\/uploads\/sites\/18\/2017\/02\/adults1-450x277.jpg 450w, https:\/\/diarieducacio.cat\/educaciolocal\/wp-content\/uploads\/sites\/18\/2017\/02\/adults1-1200x739.jpg 1200w, https:\/\/diarieducacio.cat\/educaciolocal\/wp-content\/uploads\/sites\/18\/2017\/02\/adults1.jpg 1264w\" sizes=\"(max-width: 300px) 100vw, 300px\" \/>Aix\u00f2 \u00e9s precisament el que volia descobrir la XV\u00a0Jornada de Bones Pr\u00e0ctiques &#8220;Innovaci\u00f3 educativa a les escoles municipals&#8221; organitzada per la Diputaci\u00f3 de Barcelona, que, de fet, volia presentar i con\u00e8ixer en detall alguns dels projectes innovadors que s\u2019estan portant a terme en aquests centres, aix\u00ed com els reptes que planteja el seu desplegament i les possibilitats de transfer\u00e8ncia a altres centres.<\/p>\n<p>Precisament, a la inauguraci\u00f3 de les jornades en <a href=\"https:\/\/twitter.com\/rafahomet\">Rafael Homet<\/a>, diputat d&#8217;Educaci\u00f3 de la Diputaci\u00f3 de Barcelona, va posar de relleu\u00a0la import\u00e0ncia de treballar col\u00b7laborativament per repensar l&#8217;educaci\u00f3.\u00a0Per aquest motiu es van presentar en una taula rodona tres metodologies de treball que s\u2019emmarquen en el treball de la innovaci\u00f3 que des de fa mesos s\u2019est\u00e0 treballant al pa\u00eds. Com va dir Jaume Carbonell, moderador de la primera taula rodona, \u201cel m\u00f3n no canviar\u00e0 si al mateix temps no canvia l\u2019educaci\u00f3\u201d.<\/p>\n<h3><strong>Tres idees per desenvolupar projectes<\/strong><\/h3>\n<p>El programa Magnet presentat de la m\u00e0 de Roser Argem\u00ed, \u201cera nom\u00e9s una excusa per buscar elements novedosos vinculats a la realitat que motivessin l\u2019alumnat de nou\u201d. Un partenariat que s\u2019ha establert amb espais externs als sis centres educatius pilot que participen a l\u2019experi\u00e8ncia, que han treballat colze a colze amb el MACBA, l\u2019Institut de Ci\u00e8ncies del Mar, la Universitat de Lleida o l\u2019Institut Catal\u00e0 de Paleontologia Miquel Crusafont.<\/p>\n<p>El programa Magnet permet que l\u2019educaci\u00f3 creui les portes de l\u2019escola, igual que ho fa la iniciativa Edcamp, que fa un pas m\u00e9s proposant l\u2019aprenentatge entre iguals. Com explicava Xavier Pujol, responsable del moviment a Catalunya, \u201cde moment est\u00e0 pensat com un espai d\u2019intercanvi d\u2019experi\u00e8ncies entre docents\u201d, per\u00f2 \u00e9s probablement extrapolable a altres espais.<\/p>\n<p><img decoding=\"async\" class=\" wp-image-164 alignright\" src=\"https:\/\/diarieducacio.cat\/educaciolocal\/wp-content\/uploads\/sites\/26\/2017\/02\/bressol2-300x198.jpg\" alt=\"\" width=\"346\" height=\"228\" srcset=\"https:\/\/diarieducacio.cat\/educaciolocal\/wp-content\/uploads\/sites\/18\/2017\/02\/bressol2-300x198.jpg 300w, https:\/\/diarieducacio.cat\/educaciolocal\/wp-content\/uploads\/sites\/18\/2017\/02\/bressol2-1024x676.jpg 1024w, https:\/\/diarieducacio.cat\/educaciolocal\/wp-content\/uploads\/sites\/18\/2017\/02\/bressol2-768x507.jpg 768w, https:\/\/diarieducacio.cat\/educaciolocal\/wp-content\/uploads\/sites\/18\/2017\/02\/bressol2-150x99.jpg 150w, https:\/\/diarieducacio.cat\/educaciolocal\/wp-content\/uploads\/sites\/18\/2017\/02\/bressol2-450x297.jpg 450w, https:\/\/diarieducacio.cat\/educaciolocal\/wp-content\/uploads\/sites\/18\/2017\/02\/bressol2-1200x792.jpg 1200w, https:\/\/diarieducacio.cat\/educaciolocal\/wp-content\/uploads\/sites\/18\/2017\/02\/bressol2.jpg 1273w\" sizes=\"(max-width: 346px) 100vw, 346px\" \/><\/p>\n<p>A les trobades d\u2019Edcamp, \u201cs\u00f3n els mateixos participants els que autogestionen la conversa, els que decideixen de qu\u00e8 es vol parlar, els que co-creen\u201d, va relatar Pujol, una q\u00fcesti\u00f3 que \u201cha demostrat que tenim ganes de compartir i de millorar\u201d. L\u2019autogesti\u00f3, la presa de decisions i, en definitiva, la creativitat i la llibertat s\u00f3n eixos claus que Begonya Folch va desenvolupar per recalcar que \u201cl\u2019art no hauria de tenir horaris\u201d, un argument que utilitza per defensar la necessitat \u201cde trencar el marc de les assignatures\u201d. Folch, al cap i a la fi, es preguntava: \u201cNo haurien de sortir els nens m\u00e9s curiosos del que van entrar al sistema educatiu?\u201d<\/p>\n<p>Totes tres experi\u00e8ncies s\u00f3n, sens dubte, \u201cprojectes que es poden adaptar a cada entorn\u201d. De fet, totes tres serveixen per innovar, una q\u00fcesti\u00f3 que est\u00e0 damunt la taula des de fa mesos i que preocupava especialment al p\u00fablic: \u201cCom innovem a les escoles bressol?\u201d \u201cCom incloure projectes vinculats a l\u2019art en entorns com la formaci\u00f3 d\u2019adults?\u201d. La resposta era f\u00e0cil: nom\u00e9s cal plantejar-s\u2019ho.<\/p>\n<h3><\/h3>\n<h3><strong>Obrir la mirada<\/strong><\/h3>\n<p>I la segona part de la jornada va demostrar que aix\u00f2 \u00e9s aix\u00ed. Que hi ha moltes iniciatives innovadores ja en marxa a escoles bressol municipals, a centres municipals de formaci\u00f3 de persones adultes i a escoles municipals de m\u00fasica. Projectes que empoderen les persones, que situen els alumnes al centre de l\u2019educaci\u00f3, que els donen la responsabilitat de dissenyar el cam\u00ed del que volen aprendre.<\/p>\n<p><img loading=\"lazy\" decoding=\"async\" class=\" wp-image-165 alignleft\" src=\"https:\/\/diarieducacio.cat\/educaciolocal\/wp-content\/uploads\/sites\/26\/2017\/02\/M\u00fasica-300x198.jpg\" alt=\"\" width=\"357\" height=\"235\" \/><\/p>\n<p>En van ser exemples, entre molts altres, l\u2019experi\u00e8ncia del Mindfulness a una escola bressol de Manresa, un projecte d&#8217;escola verda en col\u00b7laboraci\u00f3 amb un centre ocupacional a Manlleu, el \u201cSonaEscola\u201d, una eina per fomentar l\u2019acc\u00e9s de la ciutadania a la pr\u00e0ctica musical que es duu a terme a Igualada o la iniciativa &#8220;Artistes a les escoles&#8221; de Sant Quirze del Vall\u00e8s, una proposta intergeneracional i transversal que posa en contacte artistes amb l&#8217;alumnat del centre de formaci\u00f3 de persones adultes.<\/p>\n<p>La Jornada de Bones Pr\u00e0ctiques van permetre con\u00e8ixer una dotzena d\u2019iniciatives innovadores que han sorgit d\u2019un plantejament que no \u00e9s altre que el \u201cd\u2019obrir la mirada i reflexionar sobre la pr\u00f2pia pr\u00e0ctica\u201d, com b\u00e9 va resumir el gerent d\u2019Educaci\u00f3 de la Diputaci\u00f3 de Barcelona, Jordi Plana. \u201cCal col\u00b7locar la persona al centre de l\u2019aprenentatge en l\u2019etapa de l\u2019escola bressol, obrir les escoles de m\u00fasica a les ciutats i fer-les m\u00e9s inclusives i convertir la formaci\u00f3 d\u2019adults en espais on reinventar-se i innovar, incorporant la gesti\u00f3 de les emocions i agafant el \u2018temps\u2019 com a element central\u201d. En definitiva, repensar l\u2019educaci\u00f3, reenfocar-la per seguir innovant i creixent.<\/p>\n<p><img loading=\"lazy\" decoding=\"async\" class=\"aligncenter wp-image-166 size-large\" src=\"https:\/\/diarieducacio.cat\/educaciolocal\/wp-content\/uploads\/sites\/26\/2017\/02\/SalaActes-1024x572.jpg\" width=\"620\" height=\"346\" srcset=\"https:\/\/diarieducacio.cat\/educaciolocal\/wp-content\/uploads\/sites\/18\/2017\/02\/SalaActes-1024x572.jpg 1024w, https:\/\/diarieducacio.cat\/educaciolocal\/wp-content\/uploads\/sites\/18\/2017\/02\/SalaActes-300x168.jpg 300w, https:\/\/diarieducacio.cat\/educaciolocal\/wp-content\/uploads\/sites\/18\/2017\/02\/SalaActes-768x429.jpg 768w, https:\/\/diarieducacio.cat\/educaciolocal\/wp-content\/uploads\/sites\/18\/2017\/02\/SalaActes-150x84.jpg 150w, https:\/\/diarieducacio.cat\/educaciolocal\/wp-content\/uploads\/sites\/18\/2017\/02\/SalaActes-450x251.jpg 450w, https:\/\/diarieducacio.cat\/educaciolocal\/wp-content\/uploads\/sites\/18\/2017\/02\/SalaActes-1200x670.jpg 1200w, https:\/\/diarieducacio.cat\/educaciolocal\/wp-content\/uploads\/sites\/18\/2017\/02\/SalaActes.jpg 1278w\" sizes=\"(max-width: 620px) 100vw, 620px\" \/><\/p>\n","protected":false},"excerpt":{"rendered":"<p>La XV Jornada de Bones Pr\u00e0ctiques ha servit per aprofundir en experi\u00e8ncies per teixir nous models educatius des de la gesti\u00f3 municipal en escoles bressol, escoles de m\u00fasica i centres de formaci\u00f3 de persones adultes.<\/p>\n","protected":false},"author":201,"featured_media":166,"comment_status":"open","ping_status":"open","sticky":false,"template":"","format":"standard","meta":{"footnotes":""},"categories":[119,123,124,126,2,108],"tags":[118,121,96,111,99,128,100],"tipo":[],"class_list":{"0":"post-157","1":"post","2":"type-post","3":"status-publish","4":"format-standard","5":"has-post-thumbnail","7":"category-centres-educatius","8":"category-escoles-bressol-municipals","9":"category-escoles-municipals-de-musica","10":"category-escoles-municipals-de-persones-adultes","11":"category-general","12":"category-innovacio","13":"tag-bones-practiques","14":"tag-centres-educatius","15":"tag-diputacio-de-barcelona","16":"tag-entorn-local","17":"tag-innovacio","18":"tag-jornades","19":"tag-municipis"},"yoast_head":"<!-- This site is optimized with the Yoast SEO plugin v27.4 - https:\/\/yoast.com\/product\/yoast-seo-wordpress\/ -->\n<title>Innovar (tamb\u00e9) a les escoles municipals - El blog de l&#039;educaci\u00f3 local<\/title>\n<meta name=\"robots\" content=\"index, follow, max-snippet:-1, max-image-preview:large, max-video-preview:-1\" \/>\n<link rel=\"canonical\" href=\"https:\/\/diarieducacio.cat\/educaciolocal\/2017\/02\/06\/innovar-tambe-escoles-municipals\/\" \/>\n<meta property=\"og:locale\" content=\"ca_ES\" \/>\n<meta property=\"og:type\" content=\"article\" \/>\n<meta property=\"og:title\" content=\"Innovar (tamb\u00e9) a les escoles municipals - El blog de l&#039;educaci\u00f3 local\" \/>\n<meta property=\"og:description\" content=\"La XV Jornada de Bones Pr\u00e0ctiques ha servit per aprofundir en experi\u00e8ncies per teixir nous models educatius des de la gesti\u00f3 municipal en escoles bressol, escoles de m\u00fasica i centres de formaci\u00f3 de persones adultes.\" \/>\n<meta property=\"og:url\" content=\"https:\/\/diarieducacio.cat\/educaciolocal\/2017\/02\/06\/innovar-tambe-escoles-municipals\/\" \/>\n<meta property=\"og:site_name\" content=\"El blog de l&#039;educaci\u00f3 local\" \/>\n<meta property=\"article:publisher\" content=\"https:\/\/www.facebook.com\/diarieducacio\/\" \/>\n<meta property=\"article:published_time\" content=\"2017-02-06T18:32:12+00:00\" \/>\n<meta property=\"og:image\" content=\"https:\/\/diarieducacio.cat\/educaciolocal\/wp-content\/uploads\/sites\/18\/2017\/02\/SalaActes.jpg\" \/>\n\t<meta property=\"og:image:width\" content=\"1278\" \/>\n\t<meta property=\"og:image:height\" content=\"714\" \/>\n\t<meta property=\"og:image:type\" content=\"image\/jpeg\" \/>\n<meta name=\"author\" content=\"Redacci\u00f3 - Blog de l&#039;educaci\u00f3 local\" \/>\n<meta name=\"twitter:card\" content=\"summary_large_image\" \/>\n<meta name=\"twitter:creator\" content=\"@DiariEducacio\" \/>\n<meta name=\"twitter:site\" content=\"@DiariEducacio\" \/>\n<meta name=\"twitter:label1\" content=\"Escrit per\" \/>\n\t<meta name=\"twitter:data1\" content=\"Redacci\u00f3 - Blog de l&#039;educaci\u00f3 local\" \/>\n\t<meta name=\"twitter:label2\" content=\"Temps estimat de lectura\" \/>\n\t<meta name=\"twitter:data2\" content=\"4 minuts\" \/>\n<script type=\"application\/ld+json\" class=\"yoast-schema-graph\">{\"@context\":\"https:\\\/\\\/schema.org\",\"@graph\":[{\"@type\":\"Article\",\"@id\":\"https:\\\/\\\/diarieducacio.cat\\\/educaciolocal\\\/2017\\\/02\\\/06\\\/innovar-tambe-escoles-municipals\\\/#article\",\"isPartOf\":{\"@id\":\"https:\\\/\\\/diarieducacio.cat\\\/educaciolocal\\\/2017\\\/02\\\/06\\\/innovar-tambe-escoles-municipals\\\/\"},\"author\":{\"name\":\"Redacci\u00f3 - Blog de l'educaci\u00f3 local\",\"@id\":\"https:\\\/\\\/diarieducacio.cat\\\/educaciolocal\\\/#\\\/schema\\\/person\\\/2b7a218a59179ac9b82caae5e2c4f2ab\"},\"headline\":\"Innovar (tamb\u00e9) a les escoles municipals\",\"datePublished\":\"2017-02-06T18:32:12+00:00\",\"mainEntityOfPage\":{\"@id\":\"https:\\\/\\\/diarieducacio.cat\\\/educaciolocal\\\/2017\\\/02\\\/06\\\/innovar-tambe-escoles-municipals\\\/\"},\"wordCount\":901,\"commentCount\":3,\"image\":{\"@id\":\"https:\\\/\\\/diarieducacio.cat\\\/educaciolocal\\\/2017\\\/02\\\/06\\\/innovar-tambe-escoles-municipals\\\/#primaryimage\"},\"thumbnailUrl\":\"https:\\\/\\\/diarieducacio.cat\\\/educaciolocal\\\/wp-content\\\/uploads\\\/sites\\\/18\\\/2017\\\/02\\\/SalaActes.jpg\",\"keywords\":[\"Bones Pr\u00e0ctiques\",\"Centres educatius\",\"Diputaci\u00f3 de Barcelona\",\"Entorn local\",\"innovaci\u00f3\",\"Jornades\",\"Municipis\"],\"articleSection\":[\"Centres educatius\",\"Escoles bressol municipals\",\"Escoles municipals de m\u00fasica\",\"Escoles municipals de persones adultes\",\"General\",\"Innovaci\u00f3\"],\"inLanguage\":\"ca\",\"potentialAction\":[{\"@type\":\"CommentAction\",\"name\":\"Comment\",\"target\":[\"https:\\\/\\\/diarieducacio.cat\\\/educaciolocal\\\/2017\\\/02\\\/06\\\/innovar-tambe-escoles-municipals\\\/#respond\"]}]},{\"@type\":\"WebPage\",\"@id\":\"https:\\\/\\\/diarieducacio.cat\\\/educaciolocal\\\/2017\\\/02\\\/06\\\/innovar-tambe-escoles-municipals\\\/\",\"url\":\"https:\\\/\\\/diarieducacio.cat\\\/educaciolocal\\\/2017\\\/02\\\/06\\\/innovar-tambe-escoles-municipals\\\/\",\"name\":\"Innovar (tamb\u00e9) a les escoles municipals - El blog de l'educaci\u00f3 local\",\"isPartOf\":{\"@id\":\"https:\\\/\\\/diarieducacio.cat\\\/educaciolocal\\\/#website\"},\"primaryImageOfPage\":{\"@id\":\"https:\\\/\\\/diarieducacio.cat\\\/educaciolocal\\\/2017\\\/02\\\/06\\\/innovar-tambe-escoles-municipals\\\/#primaryimage\"},\"image\":{\"@id\":\"https:\\\/\\\/diarieducacio.cat\\\/educaciolocal\\\/2017\\\/02\\\/06\\\/innovar-tambe-escoles-municipals\\\/#primaryimage\"},\"thumbnailUrl\":\"https:\\\/\\\/diarieducacio.cat\\\/educaciolocal\\\/wp-content\\\/uploads\\\/sites\\\/18\\\/2017\\\/02\\\/SalaActes.jpg\",\"datePublished\":\"2017-02-06T18:32:12+00:00\",\"author\":{\"@id\":\"https:\\\/\\\/diarieducacio.cat\\\/educaciolocal\\\/#\\\/schema\\\/person\\\/2b7a218a59179ac9b82caae5e2c4f2ab\"},\"breadcrumb\":{\"@id\":\"https:\\\/\\\/diarieducacio.cat\\\/educaciolocal\\\/2017\\\/02\\\/06\\\/innovar-tambe-escoles-municipals\\\/#breadcrumb\"},\"inLanguage\":\"ca\",\"potentialAction\":[{\"@type\":\"ReadAction\",\"target\":[\"https:\\\/\\\/diarieducacio.cat\\\/educaciolocal\\\/2017\\\/02\\\/06\\\/innovar-tambe-escoles-municipals\\\/\"]}]},{\"@type\":\"ImageObject\",\"inLanguage\":\"ca\",\"@id\":\"https:\\\/\\\/diarieducacio.cat\\\/educaciolocal\\\/2017\\\/02\\\/06\\\/innovar-tambe-escoles-municipals\\\/#primaryimage\",\"url\":\"https:\\\/\\\/diarieducacio.cat\\\/educaciolocal\\\/wp-content\\\/uploads\\\/sites\\\/18\\\/2017\\\/02\\\/SalaActes.jpg\",\"contentUrl\":\"https:\\\/\\\/diarieducacio.cat\\\/educaciolocal\\\/wp-content\\\/uploads\\\/sites\\\/18\\\/2017\\\/02\\\/SalaActes.jpg\",\"width\":1278,\"height\":714},{\"@type\":\"BreadcrumbList\",\"@id\":\"https:\\\/\\\/diarieducacio.cat\\\/educaciolocal\\\/2017\\\/02\\\/06\\\/innovar-tambe-escoles-municipals\\\/#breadcrumb\",\"itemListElement\":[{\"@type\":\"ListItem\",\"position\":1,\"name\":\"Inici\",\"item\":\"https:\\\/\\\/diarieducacio.cat\\\/educaciolocal\\\/\"},{\"@type\":\"ListItem\",\"position\":2,\"name\":\"Innovar (tamb\u00e9) a les escoles municipals\"}]},{\"@type\":\"WebSite\",\"@id\":\"https:\\\/\\\/diarieducacio.cat\\\/educaciolocal\\\/#website\",\"url\":\"https:\\\/\\\/diarieducacio.cat\\\/educaciolocal\\\/\",\"name\":\"El blog de l'educaci\u00f3 local\",\"description\":\"\",\"potentialAction\":[{\"@type\":\"SearchAction\",\"target\":{\"@type\":\"EntryPoint\",\"urlTemplate\":\"https:\\\/\\\/diarieducacio.cat\\\/educaciolocal\\\/?s={search_term_string}\"},\"query-input\":{\"@type\":\"PropertyValueSpecification\",\"valueRequired\":true,\"valueName\":\"search_term_string\"}}],\"inLanguage\":\"ca\"},{\"@type\":\"Person\",\"@id\":\"https:\\\/\\\/diarieducacio.cat\\\/educaciolocal\\\/#\\\/schema\\\/person\\\/2b7a218a59179ac9b82caae5e2c4f2ab\",\"name\":\"Redacci\u00f3 - Blog de l'educaci\u00f3 local\",\"image\":{\"@type\":\"ImageObject\",\"inLanguage\":\"ca\",\"@id\":\"https:\\\/\\\/secure.gravatar.com\\\/avatar\\\/4b47e937aa12c75f6017fe20634c65c793c85afabda37da0e6376acd3fff5c02?s=96&d=mm&r=g\",\"url\":\"https:\\\/\\\/secure.gravatar.com\\\/avatar\\\/4b47e937aa12c75f6017fe20634c65c793c85afabda37da0e6376acd3fff5c02?s=96&d=mm&r=g\",\"contentUrl\":\"https:\\\/\\\/secure.gravatar.com\\\/avatar\\\/4b47e937aa12c75f6017fe20634c65c793c85afabda37da0e6376acd3fff5c02?s=96&d=mm&r=g\",\"caption\":\"Redacci\u00f3 - Blog de l'educaci\u00f3 local\"},\"url\":\"https:\\\/\\\/diarieducacio.cat\\\/educaciolocal\\\/author\\\/blogeducaciolocal\\\/\"}]}<\/script>\n<!-- \/ Yoast SEO plugin. -->","yoast_head_json":{"title":"Innovar (tamb\u00e9) a les escoles municipals - El blog de l'educaci\u00f3 local","robots":{"index":"index","follow":"follow","max-snippet":"max-snippet:-1","max-image-preview":"max-image-preview:large","max-video-preview":"max-video-preview:-1"},"canonical":"https:\/\/diarieducacio.cat\/educaciolocal\/2017\/02\/06\/innovar-tambe-escoles-municipals\/","og_locale":"ca_ES","og_type":"article","og_title":"Innovar (tamb\u00e9) a les escoles municipals - El blog de l'educaci\u00f3 local","og_description":"La XV Jornada de Bones Pr\u00e0ctiques ha servit per aprofundir en experi\u00e8ncies per teixir nous models educatius des de la gesti\u00f3 municipal en escoles bressol, escoles de m\u00fasica i centres de formaci\u00f3 de persones adultes.","og_url":"https:\/\/diarieducacio.cat\/educaciolocal\/2017\/02\/06\/innovar-tambe-escoles-municipals\/","og_site_name":"El blog de l'educaci\u00f3 local","article_publisher":"https:\/\/www.facebook.com\/diarieducacio\/","article_published_time":"2017-02-06T18:32:12+00:00","og_image":[{"width":1278,"height":714,"url":"https:\/\/diarieducacio.cat\/educaciolocal\/wp-content\/uploads\/sites\/18\/2017\/02\/SalaActes.jpg","type":"image\/jpeg"}],"author":"Redacci\u00f3 - Blog de l'educaci\u00f3 local","twitter_card":"summary_large_image","twitter_creator":"@DiariEducacio","twitter_site":"@DiariEducacio","twitter_misc":{"Escrit per":"Redacci\u00f3 - Blog de l'educaci\u00f3 local","Temps estimat de lectura":"4 minuts"},"schema":{"@context":"https:\/\/schema.org","@graph":[{"@type":"Article","@id":"https:\/\/diarieducacio.cat\/educaciolocal\/2017\/02\/06\/innovar-tambe-escoles-municipals\/#article","isPartOf":{"@id":"https:\/\/diarieducacio.cat\/educaciolocal\/2017\/02\/06\/innovar-tambe-escoles-municipals\/"},"author":{"name":"Redacci\u00f3 - Blog de l'educaci\u00f3 local","@id":"https:\/\/diarieducacio.cat\/educaciolocal\/#\/schema\/person\/2b7a218a59179ac9b82caae5e2c4f2ab"},"headline":"Innovar (tamb\u00e9) a les escoles municipals","datePublished":"2017-02-06T18:32:12+00:00","mainEntityOfPage":{"@id":"https:\/\/diarieducacio.cat\/educaciolocal\/2017\/02\/06\/innovar-tambe-escoles-municipals\/"},"wordCount":901,"commentCount":3,"image":{"@id":"https:\/\/diarieducacio.cat\/educaciolocal\/2017\/02\/06\/innovar-tambe-escoles-municipals\/#primaryimage"},"thumbnailUrl":"https:\/\/diarieducacio.cat\/educaciolocal\/wp-content\/uploads\/sites\/18\/2017\/02\/SalaActes.jpg","keywords":["Bones Pr\u00e0ctiques","Centres educatius","Diputaci\u00f3 de Barcelona","Entorn local","innovaci\u00f3","Jornades","Municipis"],"articleSection":["Centres educatius","Escoles bressol municipals","Escoles municipals de m\u00fasica","Escoles municipals de persones adultes","General","Innovaci\u00f3"],"inLanguage":"ca","potentialAction":[{"@type":"CommentAction","name":"Comment","target":["https:\/\/diarieducacio.cat\/educaciolocal\/2017\/02\/06\/innovar-tambe-escoles-municipals\/#respond"]}]},{"@type":"WebPage","@id":"https:\/\/diarieducacio.cat\/educaciolocal\/2017\/02\/06\/innovar-tambe-escoles-municipals\/","url":"https:\/\/diarieducacio.cat\/educaciolocal\/2017\/02\/06\/innovar-tambe-escoles-municipals\/","name":"Innovar (tamb\u00e9) a les escoles municipals - El blog de l'educaci\u00f3 local","isPartOf":{"@id":"https:\/\/diarieducacio.cat\/educaciolocal\/#website"},"primaryImageOfPage":{"@id":"https:\/\/diarieducacio.cat\/educaciolocal\/2017\/02\/06\/innovar-tambe-escoles-municipals\/#primaryimage"},"image":{"@id":"https:\/\/diarieducacio.cat\/educaciolocal\/2017\/02\/06\/innovar-tambe-escoles-municipals\/#primaryimage"},"thumbnailUrl":"https:\/\/diarieducacio.cat\/educaciolocal\/wp-content\/uploads\/sites\/18\/2017\/02\/SalaActes.jpg","datePublished":"2017-02-06T18:32:12+00:00","author":{"@id":"https:\/\/diarieducacio.cat\/educaciolocal\/#\/schema\/person\/2b7a218a59179ac9b82caae5e2c4f2ab"},"breadcrumb":{"@id":"https:\/\/diarieducacio.cat\/educaciolocal\/2017\/02\/06\/innovar-tambe-escoles-municipals\/#breadcrumb"},"inLanguage":"ca","potentialAction":[{"@type":"ReadAction","target":["https:\/\/diarieducacio.cat\/educaciolocal\/2017\/02\/06\/innovar-tambe-escoles-municipals\/"]}]},{"@type":"ImageObject","inLanguage":"ca","@id":"https:\/\/diarieducacio.cat\/educaciolocal\/2017\/02\/06\/innovar-tambe-escoles-municipals\/#primaryimage","url":"https:\/\/diarieducacio.cat\/educaciolocal\/wp-content\/uploads\/sites\/18\/2017\/02\/SalaActes.jpg","contentUrl":"https:\/\/diarieducacio.cat\/educaciolocal\/wp-content\/uploads\/sites\/18\/2017\/02\/SalaActes.jpg","width":1278,"height":714},{"@type":"BreadcrumbList","@id":"https:\/\/diarieducacio.cat\/educaciolocal\/2017\/02\/06\/innovar-tambe-escoles-municipals\/#breadcrumb","itemListElement":[{"@type":"ListItem","position":1,"name":"Inici","item":"https:\/\/diarieducacio.cat\/educaciolocal\/"},{"@type":"ListItem","position":2,"name":"Innovar (tamb\u00e9) a les escoles municipals"}]},{"@type":"WebSite","@id":"https:\/\/diarieducacio.cat\/educaciolocal\/#website","url":"https:\/\/diarieducacio.cat\/educaciolocal\/","name":"El blog de l'educaci\u00f3 local","description":"","potentialAction":[{"@type":"SearchAction","target":{"@type":"EntryPoint","urlTemplate":"https:\/\/diarieducacio.cat\/educaciolocal\/?s={search_term_string}"},"query-input":{"@type":"PropertyValueSpecification","valueRequired":true,"valueName":"search_term_string"}}],"inLanguage":"ca"},{"@type":"Person","@id":"https:\/\/diarieducacio.cat\/educaciolocal\/#\/schema\/person\/2b7a218a59179ac9b82caae5e2c4f2ab","name":"Redacci\u00f3 - Blog de l'educaci\u00f3 local","image":{"@type":"ImageObject","inLanguage":"ca","@id":"https:\/\/secure.gravatar.com\/avatar\/4b47e937aa12c75f6017fe20634c65c793c85afabda37da0e6376acd3fff5c02?s=96&d=mm&r=g","url":"https:\/\/secure.gravatar.com\/avatar\/4b47e937aa12c75f6017fe20634c65c793c85afabda37da0e6376acd3fff5c02?s=96&d=mm&r=g","contentUrl":"https:\/\/secure.gravatar.com\/avatar\/4b47e937aa12c75f6017fe20634c65c793c85afabda37da0e6376acd3fff5c02?s=96&d=mm&r=g","caption":"Redacci\u00f3 - Blog de l'educaci\u00f3 local"},"url":"https:\/\/diarieducacio.cat\/educaciolocal\/author\/blogeducaciolocal\/"}]}},"_links":{"self":[{"href":"https:\/\/diarieducacio.cat\/educaciolocal\/wp-json\/wp\/v2\/posts\/157","targetHints":{"allow":["GET"]}}],"collection":[{"href":"https:\/\/diarieducacio.cat\/educaciolocal\/wp-json\/wp\/v2\/posts"}],"about":[{"href":"https:\/\/diarieducacio.cat\/educaciolocal\/wp-json\/wp\/v2\/types\/post"}],"author":[{"embeddable":true,"href":"https:\/\/diarieducacio.cat\/educaciolocal\/wp-json\/wp\/v2\/users\/201"}],"replies":[{"embeddable":true,"href":"https:\/\/diarieducacio.cat\/educaciolocal\/wp-json\/wp\/v2\/comments?post=157"}],"version-history":[{"count":0,"href":"https:\/\/diarieducacio.cat\/educaciolocal\/wp-json\/wp\/v2\/posts\/157\/revisions"}],"wp:featuredmedia":[{"embeddable":true,"href":"https:\/\/diarieducacio.cat\/educaciolocal\/wp-json\/wp\/v2\/media\/166"}],"wp:attachment":[{"href":"https:\/\/diarieducacio.cat\/educaciolocal\/wp-json\/wp\/v2\/media?parent=157"}],"wp:term":[{"taxonomy":"category","embeddable":true,"href":"https:\/\/diarieducacio.cat\/educaciolocal\/wp-json\/wp\/v2\/categories?post=157"},{"taxonomy":"post_tag","embeddable":true,"href":"https:\/\/diarieducacio.cat\/educaciolocal\/wp-json\/wp\/v2\/tags?post=157"},{"taxonomy":"tipo","embeddable":true,"href":"https:\/\/diarieducacio.cat\/educaciolocal\/wp-json\/wp\/v2\/tipo?post=157"}],"curies":[{"name":"wp","href":"https:\/\/api.w.org\/{rel}","templated":true}]}}