{"id":186,"date":"2017-02-15T07:35:40","date_gmt":"2017-02-15T07:35:40","guid":{"rendered":"https:\/\/diarieducacio.cat\/educaciolocal\/?p=186"},"modified":"2017-02-15T07:35:40","modified_gmt":"2017-02-15T07:35:40","slug":"lhora-del-municipalisme","status":"publish","type":"post","link":"https:\/\/diarieducacio.cat\/educaciolocal\/2017\/02\/15\/lhora-del-municipalisme\/","title":{"rendered":"L\u2019hora del municipalisme"},"content":{"rendered":"<figure id=\"attachment_192\" aria-describedby=\"caption-attachment-192\" style=\"width: 1024px\" class=\"wp-caption aligncenter\"><img fetchpriority=\"high\" decoding=\"async\" class=\"wp-image-192 size-full\" src=\"https:\/\/diarieducacio.cat\/educaciolocal\/wp-content\/uploads\/sites\/26\/2017\/02\/Escola-Santa-Anna-CC-via-Flickr.jpg\" alt=\"Escola Santa Anna CC via Flickr\" width=\"1024\" height=\"515\" srcset=\"https:\/\/diarieducacio.cat\/educaciolocal\/wp-content\/uploads\/sites\/18\/2017\/02\/Escola-Santa-Anna-CC-via-Flickr.jpg 1024w, https:\/\/diarieducacio.cat\/educaciolocal\/wp-content\/uploads\/sites\/18\/2017\/02\/Escola-Santa-Anna-CC-via-Flickr-300x151.jpg 300w, https:\/\/diarieducacio.cat\/educaciolocal\/wp-content\/uploads\/sites\/18\/2017\/02\/Escola-Santa-Anna-CC-via-Flickr-768x386.jpg 768w, https:\/\/diarieducacio.cat\/educaciolocal\/wp-content\/uploads\/sites\/18\/2017\/02\/Escola-Santa-Anna-CC-via-Flickr-150x75.jpg 150w, https:\/\/diarieducacio.cat\/educaciolocal\/wp-content\/uploads\/sites\/18\/2017\/02\/Escola-Santa-Anna-CC-via-Flickr-450x226.jpg 450w\" sizes=\"(max-width: 1024px) 100vw, 1024px\" \/><figcaption id=\"caption-attachment-192\" class=\"wp-caption-text\">Escola Santa Anna (CC via Flickr)<\/figcaption><\/figure>\n<p>\u201cEls pa\u00efsos europeus que m\u00e9s han refor\u00e7at el pes dels governs locals en les pol\u00edtiques de benestar (com l\u2019educaci\u00f3 i la sanitat) son els que millor estan suportant el canvi d\u2019\u00e8poca\u201d. Ho sost\u00e9 Joan Subirats a \u201cEl poder de lo pr\u00f3ximo\u201d (Catarata, 2016), un al\u00b7legat s\u00f2lid i ben argumentat en favor de les virtuts del municipalisme. I, m\u00e9s en concret, del nou municipalisme progressista sorgit en algunes ciutats despr\u00e9s de les eleccions del 2015 que, front les pol\u00edtiques d\u2019austeritat, retallades i recentralitzaci\u00f3 del Partit Popular, mira de refor\u00e7ar la inclusi\u00f3 i la cohesi\u00f3 social assumint, a la pr\u00e0ctica, m\u00e9s atribucions de les que els corresponen per llei, d\u2019acord amb la tan citada i encertada m\u00e0xima de l\u2019exalcalde de Vit\u00f2ra, Jos\u00e9 \u00c1ngel Cuerda: \u201c<em>Donde acaban mis competencias empiezan mis incumbencias<\/em>\u201d. En efecte, el comprom\u00eds pol\u00edtic municipal depassa l\u2019estretor i fragilitat legal, tal i com ha succe\u00eft en altres moments de las nostra hist\u00f2ria. Sense el protagonisme dinamitzador dels ajuntaments no s\u2019entendria ni la reforma educativa republicana ni els aven\u00e7os en el dret a l\u2019educaci\u00f3 assolits durant les primeres d\u00e8cades democr\u00e0tiques, amb la construcci\u00f3 de centres p\u00fablics i de diversos serveis i equipaments educatius.<\/p>\n<p>Hi ha, com a m\u00ednim, <strong>tres raons que justifiquen, segons Subirats i altres cient\u00edfics socials, el creixent poder local<\/strong>. La primera t\u00e9 a veure amb<strong> l\u2019espai de la proximitat<\/strong>, on es visualitzen amb m\u00e9s claredat els processos m\u00e9s complicats, es resolen els problemes quotidians i s\u2019exerceixen els drets b\u00e0sics de la ciutadania en l\u2019acc\u00e9s i \u00fas equitatiu de l\u2019habitatge, l\u2019alimentaci\u00f3, l\u2019energia, la sanitat, l\u2019educaci\u00f3 i altres b\u00e9ns comuns. En Jordi Plana, gerent de serveis d\u2019educaci\u00f3 de la Diputaci\u00f3 de Barcelona, es pregunta: \u201c<a href=\"https:\/\/diarieducacio.cat\/educaciolocal\/2016\/10\/19\/proposit-practiques-educacio-local\" target=\"_blank\" rel=\"noopener\">Si els ajuntaments s\u2019ocupen d\u2019all\u00f2 m\u00e9s pr\u00f2xim als ciutadans, qu\u00e8 hi ha m\u00e9s pr\u00f2xim que l\u2019educaci\u00f3?<\/a>\u201d<\/p>\n<p>La segona es refereix a<strong> la major facilitat per a repensar i enfortir la democr\u00e0cia<\/strong>, generant mecanismes m\u00e9s propers, intensos i flexibles de col\u00b7laboraci\u00f3, mitjan\u00e7ant un ampli ecosistema de xarxes horitzontals i consells representatius de les diferents organitzacions socials, serveis p\u00fablics i entitats lligades al territori. Una din\u00e0mica democr\u00e0tica en la qual s\u2019activen les sin\u00e8rgies entre el govern local i el teixit social, entre all\u00f2 que es debat i construeix dins l\u2019\u00e0mbit institucional i el que es fa fora d\u2019aquest, mantenint l\u2019autonomia d\u2019ambdues inst\u00e0ncies.<\/p>\n<p>I la tercera cal buscar-la en la <strong>crisi de les institucions pol\u00edtiques tradicionals en un m\u00f3n globalitzat<\/strong> on les decisions importants es desplacen dels Estats nacionals \u2013 cada cop m\u00e9s afeblits i desintegrats \u2013 cap als centres financers. D\u2019aquesta manera, les l\u00f2giques globals troben un major aixopluc en la proximitat. D\u2019aqu\u00ed la necessitat de pensar globalment i actuar localment, per\u00f2 tamb\u00e9 a l\u2019inrev\u00e9s.<\/p>\n<p>Aquesta aposta de present-futur fa del territori un lloc privilegiat per a desenvolupar les potencialitats educatives; per a construir coneixements relacionats amb les experi\u00e8ncies vitals de cada persona i de l\u2019entorn urb\u00e0; per a desenvolupar aprenentatges d\u2019alt voltatge social i democr\u00e0tic i per a teixir i enriquir les xarxes educatives.<\/p>\n<p>Peri\u00f2dicament es celebren moltes trobades per posar en com\u00fa aquest enorme capital acumulat. Aquest \u00e9s el cas de la \u201c<strong><a href=\"https:\/\/diarieducacio.cat\/educaciolocal\/2017\/02\/06\/innovar-tambe-escoles-municipals\" target=\"_blank\" rel=\"noopener\">XV Jornada de Bones Pr\u00e0ctiques: Innovaci\u00f3 educativa a les escoles municipals<\/a><\/strong>\u201d , que va tenir lloc a principis de febrer a Barcelona organitzada per l\u2019\u00c0rea de Cultura, Educaci\u00f3 i Esports de la Diputaci\u00f3 de Barcelona. Despr\u00e9s d\u2019un di\u00e0leg inicial sobre algunes propostes formatives, s\u2019hi van presentar experi\u00e8ncies centrades en tres serveis educatius municipals de llarg recorregut: escoles infantils, escoles de m\u00fasica i centres d\u2019educaci\u00f3 de persones adultes.<\/p>\n<p>Aix\u00ed, en un intens mat\u00ed, es va explicar el sentit i funcionament d\u2019una bebeteca: un espai de somnis i il\u00b7lusions obert a la participaci\u00f3 de les fam\u00edlies que neix del desig d\u2019estimular la creativitat i la imaginaci\u00f3 dels m\u00e9s menuts, convertint els contes i llibres en objectes quotidians i companys de joc; d\u2019un projecte d\u2019escola verda infantil en col\u00b7laboraci\u00f3 amb un centre ocupacional on es genera un ampli repertori de vincles, ajuts mutus i aprenentatges en un hort escolar; d\u2019una iniciativa d\u2019inclusi\u00f3 social per fer arribar la m\u00fasica, amb la utilitzaci\u00f3 de diversos instruments, a totes les escoles de la ciutat; o d\u2019un programa que consisteix en portar un artista a un centre d\u2019educaci\u00f3 de persones adultes per tal de con\u00e8ixer la seva obra, treballar-la i exposar-la dins el recinte escolar.<\/p>\n<p>Heus aqu\u00ed algunes reflexions, desitjos i conclusions de la jornada en forma de tuits: \u201cNo hi ha canvi sense reflexi\u00f3\u201d ; \u201cTreure temps al temps, sobre tot per a la reflexi\u00f3\u201d ; \u201cObrir la mirada a partir de la pr\u00f2pia pr\u00e0ctica\u201d ; \u201dJa n\u2019hi ha prou de plorar, ara cal construir i llen\u00e7ar-se a la piscina\u201d ; \u201cIncorporar les emocions al proc\u00e9s d\u2019ensenyament\u201d ; \u201cInnovaci\u00f3 i equitat van juntes\u201d ; \u201cCrear xarxes i m\u00e9s xarxes per a empoderar el treball horitzontal i cooperatiu\u201d i \u201cConv\u00e9 que l\u2019acci\u00f3 educativa del municipi sigui m\u00e9s sist\u00e8mica, ordenada, connectada amb els diversos agents i escenaris educatius i que tingui m\u00e9s impacte\u201d<\/p>\n<p>Desitjos que comprometen i corresponsabilitzen tots els agents educatius i socials en un projecte com\u00fa: ja sigui anomenat projecte educatiu de ciutat, projecte formatiu integrat o ciutat educadora (Julio Rogero \u201c<a href=\"http:\/\/eldiariodelaeducacion.com\/blog\/2017\/01\/20\/el-reto-de-construir-un-la-ciudad-educadora\" target=\"_blank\" rel=\"noopener\">El reto de construir una ciudad educadora<\/a>\u201d). En qualsevol cas, <strong>el repte \u00e9s id\u00e8ntic: mobilitzar i connectar l\u2019actiu social i cultural del territori al servei de tota la ciutadania,<\/strong>\u00a0des del bressol fins la tomba. Perqu\u00e8 l\u2019educaci\u00f3 al llarg de tota la vida no \u00e9s nom\u00e9s una consigna sin\u00f3 una necessitat de superviv\u00e8ncia i dignificaci\u00f3 personal i col\u00b7lectiva en una societat de la informaci\u00f3 de canvi tant r\u00e0pid.<\/p>\n<p>Un repte ambici\u00f3s per\u00f2 preci\u00f3s que suposa multiplicar, connectar, enriquir i fer accessibles totes les persones, de qualsevol condici\u00f3 social o cultural, les oportunitats, espais i temps educatius per a garantir el ple dret a l\u2019educaci\u00f3. M\u00e9s enll\u00e0 de la mera escolaritzaci\u00f3 durant tot el dia, perqu\u00e8 l\u2019alumnat creixi i s\u2019eduqui simult\u00e0niament a l\u2019escola, la fam\u00edlia, a les anomenades activitats extraescolars i als entorn naturals, urbans i virtuals.<\/p>\n","protected":false},"excerpt":{"rendered":"<p>Apostar pel territori permet enfortir la democr\u00e0cia local, cercar noves respostes davant la crisi de les institucions tradicionals i desenvolupar les potencialitats educatives a partir del comprom\u00eds de tots els agents educatius i socials vers l\u2019objectiu com\u00fa del dret a l\u2019educaci\u00f3 per a tothom.<\/p>\n","protected":false},"author":204,"featured_media":185,"comment_status":"open","ping_status":"open","sticky":false,"template":"","format":"standard","meta":{"footnotes":""},"categories":[112,117,123,124,126,2],"tags":[114,96,115,129,130],"tipo":[],"class_list":{"0":"post-186","1":"post","2":"type-post","3":"status-publish","4":"format-standard","5":"has-post-thumbnail","7":"category-ciutat-educadora","8":"category-entorn","9":"category-escoles-bressol-municipals","10":"category-escoles-municipals-de-musica","11":"category-escoles-municipals-de-persones-adultes","12":"category-general","13":"tag-ciutats-educadores","14":"tag-diputacio-de-barcelona","15":"tag-dret-a-leducacio","16":"tag-educacio-local","17":"tag-municipalisme"},"yoast_head":"<!-- This site is optimized with the Yoast SEO plugin v27.4 - https:\/\/yoast.com\/product\/yoast-seo-wordpress\/ -->\n<title>L\u2019hora del municipalisme - El blog de l&#039;educaci\u00f3 local<\/title>\n<meta name=\"robots\" content=\"index, follow, max-snippet:-1, max-image-preview:large, max-video-preview:-1\" \/>\n<link rel=\"canonical\" href=\"https:\/\/diarieducacio.cat\/educaciolocal\/2017\/02\/15\/lhora-del-municipalisme\/\" \/>\n<meta property=\"og:locale\" content=\"ca_ES\" \/>\n<meta property=\"og:type\" content=\"article\" \/>\n<meta property=\"og:title\" content=\"L\u2019hora del municipalisme - El blog de l&#039;educaci\u00f3 local\" \/>\n<meta property=\"og:description\" content=\"Apostar pel territori permet enfortir la democr\u00e0cia local, cercar noves respostes davant la crisi de les institucions tradicionals i desenvolupar les potencialitats educatives a partir del comprom\u00eds de tots els agents educatius i socials vers l\u2019objectiu com\u00fa del dret a l\u2019educaci\u00f3 per a tothom.\" \/>\n<meta property=\"og:url\" content=\"https:\/\/diarieducacio.cat\/educaciolocal\/2017\/02\/15\/lhora-del-municipalisme\/\" \/>\n<meta property=\"og:site_name\" content=\"El blog de l&#039;educaci\u00f3 local\" \/>\n<meta property=\"article:publisher\" content=\"https:\/\/www.facebook.com\/diarieducacio\/\" \/>\n<meta property=\"article:published_time\" content=\"2017-02-15T07:35:40+00:00\" \/>\n<meta property=\"og:image\" content=\"https:\/\/diarieducacio.cat\/educaciolocal\/wp-content\/uploads\/sites\/18\/2017\/02\/jcarbonell.jpeg\" \/>\n\t<meta property=\"og:image:width\" content=\"250\" \/>\n\t<meta property=\"og:image:height\" content=\"250\" \/>\n\t<meta property=\"og:image:type\" content=\"image\/jpeg\" \/>\n<meta name=\"author\" content=\"Jaume Carbonell\" \/>\n<meta name=\"twitter:card\" content=\"summary_large_image\" \/>\n<meta name=\"twitter:creator\" content=\"@DiariEducacio\" \/>\n<meta name=\"twitter:site\" content=\"@DiariEducacio\" \/>\n<meta name=\"twitter:label1\" content=\"Escrit per\" \/>\n\t<meta name=\"twitter:data1\" content=\"Jaume Carbonell\" \/>\n\t<meta name=\"twitter:label2\" content=\"Temps estimat de lectura\" \/>\n\t<meta name=\"twitter:data2\" content=\"6 minuts\" \/>\n<script type=\"application\/ld+json\" class=\"yoast-schema-graph\">{\"@context\":\"https:\\\/\\\/schema.org\",\"@graph\":[{\"@type\":\"Article\",\"@id\":\"https:\\\/\\\/diarieducacio.cat\\\/educaciolocal\\\/2017\\\/02\\\/15\\\/lhora-del-municipalisme\\\/#article\",\"isPartOf\":{\"@id\":\"https:\\\/\\\/diarieducacio.cat\\\/educaciolocal\\\/2017\\\/02\\\/15\\\/lhora-del-municipalisme\\\/\"},\"author\":{\"name\":\"Jaume Carbonell\",\"@id\":\"https:\\\/\\\/diarieducacio.cat\\\/educaciolocal\\\/#\\\/schema\\\/person\\\/afef1419764385744836d6666db2594e\"},\"headline\":\"L\u2019hora del municipalisme\",\"datePublished\":\"2017-02-15T07:35:40+00:00\",\"mainEntityOfPage\":{\"@id\":\"https:\\\/\\\/diarieducacio.cat\\\/educaciolocal\\\/2017\\\/02\\\/15\\\/lhora-del-municipalisme\\\/\"},\"wordCount\":1113,\"commentCount\":1,\"image\":{\"@id\":\"https:\\\/\\\/diarieducacio.cat\\\/educaciolocal\\\/2017\\\/02\\\/15\\\/lhora-del-municipalisme\\\/#primaryimage\"},\"thumbnailUrl\":\"https:\\\/\\\/diarieducacio.cat\\\/educaciolocal\\\/wp-content\\\/uploads\\\/sites\\\/18\\\/2017\\\/02\\\/jcarbonell.jpeg\",\"keywords\":[\"Ciutats Educadores\",\"Diputaci\u00f3 de Barcelona\",\"Dret a l'educaci\u00f3\",\"Educaci\u00f3 local\",\"Municipalisme\"],\"articleSection\":[\"Ciutat Educadora\",\"Entorn\",\"Escoles bressol municipals\",\"Escoles municipals de m\u00fasica\",\"Escoles municipals de persones adultes\",\"General\"],\"inLanguage\":\"ca\",\"potentialAction\":[{\"@type\":\"CommentAction\",\"name\":\"Comment\",\"target\":[\"https:\\\/\\\/diarieducacio.cat\\\/educaciolocal\\\/2017\\\/02\\\/15\\\/lhora-del-municipalisme\\\/#respond\"]}]},{\"@type\":\"WebPage\",\"@id\":\"https:\\\/\\\/diarieducacio.cat\\\/educaciolocal\\\/2017\\\/02\\\/15\\\/lhora-del-municipalisme\\\/\",\"url\":\"https:\\\/\\\/diarieducacio.cat\\\/educaciolocal\\\/2017\\\/02\\\/15\\\/lhora-del-municipalisme\\\/\",\"name\":\"L\u2019hora del municipalisme - El blog de l'educaci\u00f3 local\",\"isPartOf\":{\"@id\":\"https:\\\/\\\/diarieducacio.cat\\\/educaciolocal\\\/#website\"},\"primaryImageOfPage\":{\"@id\":\"https:\\\/\\\/diarieducacio.cat\\\/educaciolocal\\\/2017\\\/02\\\/15\\\/lhora-del-municipalisme\\\/#primaryimage\"},\"image\":{\"@id\":\"https:\\\/\\\/diarieducacio.cat\\\/educaciolocal\\\/2017\\\/02\\\/15\\\/lhora-del-municipalisme\\\/#primaryimage\"},\"thumbnailUrl\":\"https:\\\/\\\/diarieducacio.cat\\\/educaciolocal\\\/wp-content\\\/uploads\\\/sites\\\/18\\\/2017\\\/02\\\/jcarbonell.jpeg\",\"datePublished\":\"2017-02-15T07:35:40+00:00\",\"author\":{\"@id\":\"https:\\\/\\\/diarieducacio.cat\\\/educaciolocal\\\/#\\\/schema\\\/person\\\/afef1419764385744836d6666db2594e\"},\"breadcrumb\":{\"@id\":\"https:\\\/\\\/diarieducacio.cat\\\/educaciolocal\\\/2017\\\/02\\\/15\\\/lhora-del-municipalisme\\\/#breadcrumb\"},\"inLanguage\":\"ca\",\"potentialAction\":[{\"@type\":\"ReadAction\",\"target\":[\"https:\\\/\\\/diarieducacio.cat\\\/educaciolocal\\\/2017\\\/02\\\/15\\\/lhora-del-municipalisme\\\/\"]}]},{\"@type\":\"ImageObject\",\"inLanguage\":\"ca\",\"@id\":\"https:\\\/\\\/diarieducacio.cat\\\/educaciolocal\\\/2017\\\/02\\\/15\\\/lhora-del-municipalisme\\\/#primaryimage\",\"url\":\"https:\\\/\\\/diarieducacio.cat\\\/educaciolocal\\\/wp-content\\\/uploads\\\/sites\\\/18\\\/2017\\\/02\\\/jcarbonell.jpeg\",\"contentUrl\":\"https:\\\/\\\/diarieducacio.cat\\\/educaciolocal\\\/wp-content\\\/uploads\\\/sites\\\/18\\\/2017\\\/02\\\/jcarbonell.jpeg\",\"width\":250,\"height\":250},{\"@type\":\"BreadcrumbList\",\"@id\":\"https:\\\/\\\/diarieducacio.cat\\\/educaciolocal\\\/2017\\\/02\\\/15\\\/lhora-del-municipalisme\\\/#breadcrumb\",\"itemListElement\":[{\"@type\":\"ListItem\",\"position\":1,\"name\":\"Inici\",\"item\":\"https:\\\/\\\/diarieducacio.cat\\\/educaciolocal\\\/\"},{\"@type\":\"ListItem\",\"position\":2,\"name\":\"L\u2019hora del municipalisme\"}]},{\"@type\":\"WebSite\",\"@id\":\"https:\\\/\\\/diarieducacio.cat\\\/educaciolocal\\\/#website\",\"url\":\"https:\\\/\\\/diarieducacio.cat\\\/educaciolocal\\\/\",\"name\":\"El blog de l'educaci\u00f3 local\",\"description\":\"\",\"potentialAction\":[{\"@type\":\"SearchAction\",\"target\":{\"@type\":\"EntryPoint\",\"urlTemplate\":\"https:\\\/\\\/diarieducacio.cat\\\/educaciolocal\\\/?s={search_term_string}\"},\"query-input\":{\"@type\":\"PropertyValueSpecification\",\"valueRequired\":true,\"valueName\":\"search_term_string\"}}],\"inLanguage\":\"ca\"},{\"@type\":\"Person\",\"@id\":\"https:\\\/\\\/diarieducacio.cat\\\/educaciolocal\\\/#\\\/schema\\\/person\\\/afef1419764385744836d6666db2594e\",\"name\":\"Jaume Carbonell\",\"image\":{\"@type\":\"ImageObject\",\"inLanguage\":\"ca\",\"@id\":\"https:\\\/\\\/secure.gravatar.com\\\/avatar\\\/32c23cff67e0de88b477ea2d219f4b388b6d4909aab4a7d74e5be3d91edd35b1?s=96&d=mm&r=g\",\"url\":\"https:\\\/\\\/secure.gravatar.com\\\/avatar\\\/32c23cff67e0de88b477ea2d219f4b388b6d4909aab4a7d74e5be3d91edd35b1?s=96&d=mm&r=g\",\"contentUrl\":\"https:\\\/\\\/secure.gravatar.com\\\/avatar\\\/32c23cff67e0de88b477ea2d219f4b388b6d4909aab4a7d74e5be3d91edd35b1?s=96&d=mm&r=g\",\"caption\":\"Jaume Carbonell\"},\"description\":\"Periodista i pedagog. Exdirector de 'Cuadernos de Pedagog\u00eda'\",\"url\":\"https:\\\/\\\/diarieducacio.cat\\\/educaciolocal\\\/author\\\/jcarbonellseba\\\/\"}]}<\/script>\n<!-- \/ Yoast SEO plugin. -->","yoast_head_json":{"title":"L\u2019hora del municipalisme - El blog de l'educaci\u00f3 local","robots":{"index":"index","follow":"follow","max-snippet":"max-snippet:-1","max-image-preview":"max-image-preview:large","max-video-preview":"max-video-preview:-1"},"canonical":"https:\/\/diarieducacio.cat\/educaciolocal\/2017\/02\/15\/lhora-del-municipalisme\/","og_locale":"ca_ES","og_type":"article","og_title":"L\u2019hora del municipalisme - El blog de l'educaci\u00f3 local","og_description":"Apostar pel territori permet enfortir la democr\u00e0cia local, cercar noves respostes davant la crisi de les institucions tradicionals i desenvolupar les potencialitats educatives a partir del comprom\u00eds de tots els agents educatius i socials vers l\u2019objectiu com\u00fa del dret a l\u2019educaci\u00f3 per a tothom.","og_url":"https:\/\/diarieducacio.cat\/educaciolocal\/2017\/02\/15\/lhora-del-municipalisme\/","og_site_name":"El blog de l'educaci\u00f3 local","article_publisher":"https:\/\/www.facebook.com\/diarieducacio\/","article_published_time":"2017-02-15T07:35:40+00:00","og_image":[{"width":250,"height":250,"url":"https:\/\/diarieducacio.cat\/educaciolocal\/wp-content\/uploads\/sites\/18\/2017\/02\/jcarbonell.jpeg","type":"image\/jpeg"}],"author":"Jaume Carbonell","twitter_card":"summary_large_image","twitter_creator":"@DiariEducacio","twitter_site":"@DiariEducacio","twitter_misc":{"Escrit per":"Jaume Carbonell","Temps estimat de lectura":"6 minuts"},"schema":{"@context":"https:\/\/schema.org","@graph":[{"@type":"Article","@id":"https:\/\/diarieducacio.cat\/educaciolocal\/2017\/02\/15\/lhora-del-municipalisme\/#article","isPartOf":{"@id":"https:\/\/diarieducacio.cat\/educaciolocal\/2017\/02\/15\/lhora-del-municipalisme\/"},"author":{"name":"Jaume Carbonell","@id":"https:\/\/diarieducacio.cat\/educaciolocal\/#\/schema\/person\/afef1419764385744836d6666db2594e"},"headline":"L\u2019hora del municipalisme","datePublished":"2017-02-15T07:35:40+00:00","mainEntityOfPage":{"@id":"https:\/\/diarieducacio.cat\/educaciolocal\/2017\/02\/15\/lhora-del-municipalisme\/"},"wordCount":1113,"commentCount":1,"image":{"@id":"https:\/\/diarieducacio.cat\/educaciolocal\/2017\/02\/15\/lhora-del-municipalisme\/#primaryimage"},"thumbnailUrl":"https:\/\/diarieducacio.cat\/educaciolocal\/wp-content\/uploads\/sites\/18\/2017\/02\/jcarbonell.jpeg","keywords":["Ciutats Educadores","Diputaci\u00f3 de Barcelona","Dret a l'educaci\u00f3","Educaci\u00f3 local","Municipalisme"],"articleSection":["Ciutat Educadora","Entorn","Escoles bressol municipals","Escoles municipals de m\u00fasica","Escoles municipals de persones adultes","General"],"inLanguage":"ca","potentialAction":[{"@type":"CommentAction","name":"Comment","target":["https:\/\/diarieducacio.cat\/educaciolocal\/2017\/02\/15\/lhora-del-municipalisme\/#respond"]}]},{"@type":"WebPage","@id":"https:\/\/diarieducacio.cat\/educaciolocal\/2017\/02\/15\/lhora-del-municipalisme\/","url":"https:\/\/diarieducacio.cat\/educaciolocal\/2017\/02\/15\/lhora-del-municipalisme\/","name":"L\u2019hora del municipalisme - El blog de l'educaci\u00f3 local","isPartOf":{"@id":"https:\/\/diarieducacio.cat\/educaciolocal\/#website"},"primaryImageOfPage":{"@id":"https:\/\/diarieducacio.cat\/educaciolocal\/2017\/02\/15\/lhora-del-municipalisme\/#primaryimage"},"image":{"@id":"https:\/\/diarieducacio.cat\/educaciolocal\/2017\/02\/15\/lhora-del-municipalisme\/#primaryimage"},"thumbnailUrl":"https:\/\/diarieducacio.cat\/educaciolocal\/wp-content\/uploads\/sites\/18\/2017\/02\/jcarbonell.jpeg","datePublished":"2017-02-15T07:35:40+00:00","author":{"@id":"https:\/\/diarieducacio.cat\/educaciolocal\/#\/schema\/person\/afef1419764385744836d6666db2594e"},"breadcrumb":{"@id":"https:\/\/diarieducacio.cat\/educaciolocal\/2017\/02\/15\/lhora-del-municipalisme\/#breadcrumb"},"inLanguage":"ca","potentialAction":[{"@type":"ReadAction","target":["https:\/\/diarieducacio.cat\/educaciolocal\/2017\/02\/15\/lhora-del-municipalisme\/"]}]},{"@type":"ImageObject","inLanguage":"ca","@id":"https:\/\/diarieducacio.cat\/educaciolocal\/2017\/02\/15\/lhora-del-municipalisme\/#primaryimage","url":"https:\/\/diarieducacio.cat\/educaciolocal\/wp-content\/uploads\/sites\/18\/2017\/02\/jcarbonell.jpeg","contentUrl":"https:\/\/diarieducacio.cat\/educaciolocal\/wp-content\/uploads\/sites\/18\/2017\/02\/jcarbonell.jpeg","width":250,"height":250},{"@type":"BreadcrumbList","@id":"https:\/\/diarieducacio.cat\/educaciolocal\/2017\/02\/15\/lhora-del-municipalisme\/#breadcrumb","itemListElement":[{"@type":"ListItem","position":1,"name":"Inici","item":"https:\/\/diarieducacio.cat\/educaciolocal\/"},{"@type":"ListItem","position":2,"name":"L\u2019hora del municipalisme"}]},{"@type":"WebSite","@id":"https:\/\/diarieducacio.cat\/educaciolocal\/#website","url":"https:\/\/diarieducacio.cat\/educaciolocal\/","name":"El blog de l'educaci\u00f3 local","description":"","potentialAction":[{"@type":"SearchAction","target":{"@type":"EntryPoint","urlTemplate":"https:\/\/diarieducacio.cat\/educaciolocal\/?s={search_term_string}"},"query-input":{"@type":"PropertyValueSpecification","valueRequired":true,"valueName":"search_term_string"}}],"inLanguage":"ca"},{"@type":"Person","@id":"https:\/\/diarieducacio.cat\/educaciolocal\/#\/schema\/person\/afef1419764385744836d6666db2594e","name":"Jaume Carbonell","image":{"@type":"ImageObject","inLanguage":"ca","@id":"https:\/\/secure.gravatar.com\/avatar\/32c23cff67e0de88b477ea2d219f4b388b6d4909aab4a7d74e5be3d91edd35b1?s=96&d=mm&r=g","url":"https:\/\/secure.gravatar.com\/avatar\/32c23cff67e0de88b477ea2d219f4b388b6d4909aab4a7d74e5be3d91edd35b1?s=96&d=mm&r=g","contentUrl":"https:\/\/secure.gravatar.com\/avatar\/32c23cff67e0de88b477ea2d219f4b388b6d4909aab4a7d74e5be3d91edd35b1?s=96&d=mm&r=g","caption":"Jaume Carbonell"},"description":"Periodista i pedagog. Exdirector de 'Cuadernos de Pedagog\u00eda'","url":"https:\/\/diarieducacio.cat\/educaciolocal\/author\/jcarbonellseba\/"}]}},"_links":{"self":[{"href":"https:\/\/diarieducacio.cat\/educaciolocal\/wp-json\/wp\/v2\/posts\/186","targetHints":{"allow":["GET"]}}],"collection":[{"href":"https:\/\/diarieducacio.cat\/educaciolocal\/wp-json\/wp\/v2\/posts"}],"about":[{"href":"https:\/\/diarieducacio.cat\/educaciolocal\/wp-json\/wp\/v2\/types\/post"}],"author":[{"embeddable":true,"href":"https:\/\/diarieducacio.cat\/educaciolocal\/wp-json\/wp\/v2\/users\/204"}],"replies":[{"embeddable":true,"href":"https:\/\/diarieducacio.cat\/educaciolocal\/wp-json\/wp\/v2\/comments?post=186"}],"version-history":[{"count":0,"href":"https:\/\/diarieducacio.cat\/educaciolocal\/wp-json\/wp\/v2\/posts\/186\/revisions"}],"wp:featuredmedia":[{"embeddable":true,"href":"https:\/\/diarieducacio.cat\/educaciolocal\/wp-json\/wp\/v2\/media\/185"}],"wp:attachment":[{"href":"https:\/\/diarieducacio.cat\/educaciolocal\/wp-json\/wp\/v2\/media?parent=186"}],"wp:term":[{"taxonomy":"category","embeddable":true,"href":"https:\/\/diarieducacio.cat\/educaciolocal\/wp-json\/wp\/v2\/categories?post=186"},{"taxonomy":"post_tag","embeddable":true,"href":"https:\/\/diarieducacio.cat\/educaciolocal\/wp-json\/wp\/v2\/tags?post=186"},{"taxonomy":"tipo","embeddable":true,"href":"https:\/\/diarieducacio.cat\/educaciolocal\/wp-json\/wp\/v2\/tipo?post=186"}],"curies":[{"name":"wp","href":"https:\/\/api.w.org\/{rel}","templated":true}]}}