{"id":1883,"date":"2020-04-21T00:01:54","date_gmt":"2020-04-21T00:01:54","guid":{"rendered":"https:\/\/diarieducacio.cat\/educaciolocal\/?p=1883"},"modified":"2024-08-08T10:52:34","modified_gmt":"2024-08-08T08:52:34","slug":"leducacio-de-persones-adultes-confinada","status":"publish","type":"post","link":"https:\/\/diarieducacio.cat\/educaciolocal\/2020\/04\/21\/leducacio-de-persones-adultes-confinada\/","title":{"rendered":"L&#8217;educaci\u00f3 de persones adultes confinada"},"content":{"rendered":"<p><strong>[ aquest article el signa conjuntament l&#8217;Equip EPA (<span class=\"oi732d6d ik7dh3pa d2edcug0 qv66sw1b c1et5uql a8c37x1j muag1w35 ew0dbk1b jq4qci2q a3bd9o3v knj5qynh oo9gr5id hzawbc8m\" dir=\"auto\"><span class=\"oi732d6d ik7dh3pa d2edcug0 qv66sw1b c1et5uql jq4qci2q a3bd9o3v knj5qynh oo9gr5id\" dir=\"auto\">Educaci\u00f3 i formaci\u00f3 de persones adultes<\/span><\/span>) de l\u2019ICE de la UAB: Montse Aguilar, Gemma Argelaga, \u00c0lex Arroyo, Anna Balagu\u00e9, Yolanda Corral, Mar Montoya i Ant\u00f2nia P\u00e9rez ]<\/strong><\/p>\n<p>Som un grup de docents d\u2019escoles de persones adultes, de diverses poblacions de Catalunya, que treballem a centres municipals. Formem part de l\u2019equip EPA del l\u2019Institut de Ci\u00e8ncies de l\u2019Educaci\u00f3 (ICE) de la Universitat Aut\u00f2noma de Barcelona (UAB).<\/p>\n<p>Ja fa unes quantes setmanes que estem confinades, durant aquestes primeres setmanes hi ha hagut moments de tot, que han afectat de ple al nostre dia a dia, a nivell professional i personal.<\/p>\n<p>Com a equip, ens seguim reunint, com portem fent-ho des de fa cinc anys, per\u00f2 en comptes de fer-ho mensualment, i de manera presencial, a la UAB, ho fem setmanalment i amb videotrucades. Aquest canvi \u00e9s un acord no parlat, neix de la necessitat de recolzar-nos, de cuidar-nos, i de saber que no estem soles com a docents de l\u2019educaci\u00f3 de persones adultes.<\/p>\n<p>Parlem de tot i de m\u00e9s, busquem recursos i f\u00f3rmules per poder desenvolupar la nostra feina en condicions i, a m\u00e9s, ens fem ter\u00e0pia. Ens hem unit molt en aquests dies, coses bones n\u2019hem de treure d\u2019aquesta crisi que vivim: la solidaritat, l\u2019acompanyament, l\u2019escolta activa, l\u2019assertivitat i la resili\u00e8ncia&#8230; qualitats que, a m\u00e9s,\u00a0 tenen molt a veure en la nostra feina di\u00e0ria com a professorat de persones adultes; per\u00f2 tamb\u00e9 un aprenentatge vertigin\u00f3s en l\u2019\u00fas de tecnologies, entorns virtuals i eines telem\u00e0tiques per tal de resoldre els problemes que han sorgit en aquest proc\u00e9s de canvi metodol\u00f2gic accelerat.<\/p>\n<p>Les primeres setmanes han estat molt dures i ca\u00f2tiques, sobretot per la manca de comunicaci\u00f3 clara i per la constant demanda d&#8217;informaci\u00f3 i d\u2019atenci\u00f3 del nostre alumnat. Totes les docents, de tots els \u00e0mbits, estem treballant moltes m\u00e9s hores del previst (m\u00e9s enll\u00e0 del nostre horari habitual) per tal d&#8217;atendre l&#8217;alumnat, acompanyar-los de manera efica\u00e7 des de nous sistemes comunicatius, pactar acords de claustre i adaptar-nos a la nova situaci\u00f3, conciliant el teletreball amb la situaci\u00f3 familiar, la gesti\u00f3 emocional derivada d\u2019aquesta situaci\u00f3, i l\u2019\u00fas dels recursos tecnol\u00f2gics a la llar, com molts altres professionals.<\/p>\n<p>Malauradament, hem encetat el tercer trimestre mantenint els mateixos dubtes i descuits de quan vam acabar el segon.<\/p>\n<p>Veiem que durant aquest confinament s&#8217;ha fet pal\u00e8s la mancan\u00e7a dels recursos, de compet\u00e8ncies digitals, organitzatives i emocionals de la poblaci\u00f3 en general, i la problem\u00e0tica que sorgeix per mantenir el lligam amb les persones que m\u00e9s ho poden necessitar, perqu\u00e8 no tenim les eines necess\u00e0ries, ni les professionals de l&#8217;educaci\u00f3, ni l\u2019alumnat. La vulnerabilitat de les persones queda m\u00e9s palesa que mai, i nosaltres, des del nostre a\u00efllament, intentem mantenir viva l&#8217;esperan\u00e7a de totes aquelles que van creure i apostar per acostar-se a un centre de formaci\u00f3 de persones adultes. Utilitzem tots els canals i els mitjans que tenim a l\u2019abast per tal de no augmentar la bretxa digital, truquem per tel\u00e8fon, enviem correus, obrim plataformes, comuniquem per les xarxes socials, missatgeria, tot el que se&#8217;ns acut i m\u00e9s.<\/p>\n<p>La situaci\u00f3 de la doc\u00e8ncia, a partir d&#8217;aquest 2020, es veur\u00e0 afectada d&#8217;una forma singular, a l&#8217;igual que tota la societat, haur\u00e0 de fer un canvi de paradigma. Aix\u00ed la formaci\u00f3 de persones adultes, que ha lluitat al llarg de tants anys per fer-se visible, per assolir el seu espai en el m\u00f3n educatiu, amb totes les dificultats que comporta el treball en uns ensenyaments menystinguts per les administracions (sempre ha estat la germana pobra i oblidada), avui, en aquest moment de crisi vital, aixeca la veu per fer saber a tota la ciutadania, i especialment a totes les persones que en algun moment han utilitzat les aules, que el personal docent estem aqu\u00ed per ajudar-les, per no deixar ning\u00fa pel cam\u00ed i que ens hi deixarem la pell per tal de poder aconseguir-ho.<\/p>\n<p>Ens hem vist desbordades per una situaci\u00f3 que ha afectat a tot el que coneix\u00edem fins ara i, nosaltres, com tota la poblaci\u00f3, intentem fer el millor possible la nostra tasca, la d&#8217;ensenyar, formar, acompanyar, orientar mantenint els valors de l\u2019equitat i la inclusi\u00f3 en aquests moments d&#8217;una dificultat afegida i inimaginable fa, tan sols, uns mesos.<\/p>\n<figure id=\"attachment_1915\" aria-describedby=\"caption-attachment-1915\" style=\"width: 1600px\" class=\"wp-caption aligncenter\"><img fetchpriority=\"high\" decoding=\"async\" class=\"wp-image-1915 size-full\" src=\"https:\/\/diarieducacio.cat\/educaciolocal\/wp-content\/uploads\/sites\/26\/2020\/04\/0BEE3D6B-8727-469A-9F2C-9B6E664AFE29.jpeg\" alt=\"\" width=\"1600\" height=\"1200\" srcset=\"https:\/\/diarieducacio.cat\/educaciolocal\/wp-content\/uploads\/sites\/18\/2020\/04\/0BEE3D6B-8727-469A-9F2C-9B6E664AFE29.jpeg 1600w, https:\/\/diarieducacio.cat\/educaciolocal\/wp-content\/uploads\/sites\/18\/2020\/04\/0BEE3D6B-8727-469A-9F2C-9B6E664AFE29-300x225.jpeg 300w, https:\/\/diarieducacio.cat\/educaciolocal\/wp-content\/uploads\/sites\/18\/2020\/04\/0BEE3D6B-8727-469A-9F2C-9B6E664AFE29-1024x768.jpeg 1024w, https:\/\/diarieducacio.cat\/educaciolocal\/wp-content\/uploads\/sites\/18\/2020\/04\/0BEE3D6B-8727-469A-9F2C-9B6E664AFE29-768x576.jpeg 768w, https:\/\/diarieducacio.cat\/educaciolocal\/wp-content\/uploads\/sites\/18\/2020\/04\/0BEE3D6B-8727-469A-9F2C-9B6E664AFE29-1536x1152.jpeg 1536w, https:\/\/diarieducacio.cat\/educaciolocal\/wp-content\/uploads\/sites\/18\/2020\/04\/0BEE3D6B-8727-469A-9F2C-9B6E664AFE29-150x113.jpeg 150w, https:\/\/diarieducacio.cat\/educaciolocal\/wp-content\/uploads\/sites\/18\/2020\/04\/0BEE3D6B-8727-469A-9F2C-9B6E664AFE29-450x338.jpeg 450w, https:\/\/diarieducacio.cat\/educaciolocal\/wp-content\/uploads\/sites\/18\/2020\/04\/0BEE3D6B-8727-469A-9F2C-9B6E664AFE29-1200x900.jpeg 1200w\" sizes=\"(max-width: 1600px) 100vw, 1600px\" \/><figcaption id=\"caption-attachment-1915\" class=\"wp-caption-text\">Alumnes del Centre de Formaci\u00f3 d\u2019Adults El Roure, de Poliny\u00e0.<\/figcaption><\/figure>\n<p>Malgrat tot el que hem exposat, ens hem adonat que hi ha aspectes i din\u00e0miques que s\u00ed que tenim i que en moments complexes, com el que ara vivim, esdevenen clau:<\/p>\n<ul>\n<li>Un vincle i din\u00e0mica formativa entre docents i equips docents de distints centres (que ens agrada anomenar \u201cclaustre virtual\u201d) des d\u2019on compartir neguits, recursos i detecci\u00f3 de mancances i dificultats per poder avan\u00e7ar respostes i\/o actuar d\u2019acord als contextos d\u2019aprenentatge.<\/li>\n<li>El fet de ser centres municipals juga a favor la facilitat en la connexi\u00f3 i comunicaci\u00f3 amb altres agents i serveis del territori; aquesta relaci\u00f3 estable i directa possibilita poder derivar a l\u2019alumnat, de manera r\u00e0pida i efectiva, quan es detecten necessitats distintes a les educatives.<\/li>\n<li>Com a docents, el comprom\u00eds professional (facilitar aprenentatges personalitzats) el fet de treballar cooperativament sumat al \u201cestar enxarxades\u201d amb el territori (coneixent i participant activament de l\u2019ecosistema local) ens possibilita, avui, esdevenir un element connector entre la persona que apr\u00e8n i les distintes possibilitats i oportunitats que li pot oferir el seu entorn m\u00e9s immediat per tal de facilitar-li les escomeses i desitjos formatius.<\/li>\n<\/ul>\n<p>No defallirem, encara que la sobresaturaci\u00f3 que estem patint ens faci caure, i la majoria de discursos educatius oficials se\u2019ns descuidin, tornarem a aixecar-nos perqu\u00e8 sabem que tenim i teniu un munt de dubtes per resoldre, i volem respostes que han de venir, per for\u00e7a, de l&#8217;Administraci\u00f3. Com podem acompanyar els col\u00b7lectius m\u00e9s vulnerables? Qu\u00e8 podem fer davant l&#8217;abandonament que en aquesta situaci\u00f3 de tancament es veur\u00e0 agreujat? Com podem acompanyar emocionalment a les persones que han patit una p\u00e8rdua? Podem facilitar formaci\u00f3 a les fam\u00edlies per poder desangoixar-les? Com?<\/p>\n<p>Per aix\u00f2 avui hem volgut compartir amb totes aquelles persones que llegiran aquestes l\u00ednies el nostre sentiment d&#8217;angoixa, que no vol caure en la negativitat i que intenta cercar un raig d&#8217;esperan\u00e7a en aquesta \u00e8poca \u201capocal\u00edptica\u201d que ens ha tocat viure.<\/p>\n","protected":false},"excerpt":{"rendered":"<p>Docents d&#8217;escoles de persones adultes fan sentir la seva veu i fan visible la seva tasca educativa en aquest temps que ens ha tocat viure. Viv\u00e8ncies i reflexions tant des de l&#8217;\u00e0mbit professional com personal sobre la situaci\u00f3 actual i sobre un futur que es preveu ple de transformacions.<\/p>\n","protected":false},"author":245,"featured_media":1916,"comment_status":"open","ping_status":"closed","sticky":false,"template":"","format":"standard","meta":{"footnotes":""},"categories":[256,126,2,144],"tags":[253,135,257],"tipo":[],"class_list":{"0":"post-1883","1":"post","2":"type-post","3":"status-publish","4":"format-standard","5":"has-post-thumbnail","7":"category-covid-19","8":"category-escoles-municipals-de-persones-adultes","9":"category-general","10":"category-opinio","11":"tag-covid-19","12":"tag-educacio-de-persones-adultes","13":"tag-escoles-municipals"},"yoast_head":"<!-- This site is optimized with the Yoast SEO plugin v27.4 - https:\/\/yoast.com\/product\/yoast-seo-wordpress\/ -->\n<title>L&#039;educaci\u00f3 de persones adultes confinada - El blog de l&#039;educaci\u00f3 local<\/title>\n<meta name=\"robots\" content=\"index, follow, max-snippet:-1, max-image-preview:large, max-video-preview:-1\" \/>\n<link rel=\"canonical\" href=\"https:\/\/diarieducacio.cat\/educaciolocal\/2020\/04\/21\/leducacio-de-persones-adultes-confinada\/\" \/>\n<meta property=\"og:locale\" content=\"ca_ES\" \/>\n<meta property=\"og:type\" content=\"article\" \/>\n<meta property=\"og:title\" content=\"L&#039;educaci\u00f3 de persones adultes confinada - El blog de l&#039;educaci\u00f3 local\" \/>\n<meta property=\"og:description\" content=\"Docents d&#039;escoles de persones adultes fan sentir la seva veu i fan visible la seva tasca educativa en aquest temps que ens ha tocat viure. Viv\u00e8ncies i reflexions tant des de l&#039;\u00e0mbit professional com personal sobre la situaci\u00f3 actual i sobre un futur que es preveu ple de transformacions.\" \/>\n<meta property=\"og:url\" content=\"https:\/\/diarieducacio.cat\/educaciolocal\/2020\/04\/21\/leducacio-de-persones-adultes-confinada\/\" \/>\n<meta property=\"og:site_name\" content=\"El blog de l&#039;educaci\u00f3 local\" \/>\n<meta property=\"article:publisher\" content=\"https:\/\/www.facebook.com\/diarieducacio\/\" \/>\n<meta property=\"article:published_time\" content=\"2020-04-21T00:01:54+00:00\" \/>\n<meta property=\"article:modified_time\" content=\"2024-08-08T08:52:34+00:00\" \/>\n<meta property=\"og:image\" content=\"https:\/\/diarieducacio.cat\/educaciolocal\/wp-content\/uploads\/sites\/18\/2020\/04\/F2628577-79C7-4115-8068-0C98FE5D1A2C.jpeg\" \/>\n\t<meta property=\"og:image:width\" content=\"1200\" \/>\n\t<meta property=\"og:image:height\" content=\"900\" \/>\n\t<meta property=\"og:image:type\" content=\"image\/jpeg\" \/>\n<meta name=\"author\" content=\"Gemma Argelaga Odr\u00ed\" \/>\n<meta name=\"twitter:card\" content=\"summary_large_image\" \/>\n<meta name=\"twitter:creator\" content=\"@DiariEducacio\" \/>\n<meta name=\"twitter:site\" content=\"@DiariEducacio\" \/>\n<meta name=\"twitter:label1\" content=\"Escrit per\" \/>\n\t<meta name=\"twitter:data1\" content=\"Gemma Argelaga Odr\u00ed\" \/>\n\t<meta name=\"twitter:label2\" content=\"Temps estimat de lectura\" \/>\n\t<meta name=\"twitter:data2\" content=\"6 minuts\" \/>\n<script type=\"application\/ld+json\" class=\"yoast-schema-graph\">{\"@context\":\"https:\\\/\\\/schema.org\",\"@graph\":[{\"@type\":\"Article\",\"@id\":\"https:\\\/\\\/diarieducacio.cat\\\/educaciolocal\\\/2020\\\/04\\\/21\\\/leducacio-de-persones-adultes-confinada\\\/#article\",\"isPartOf\":{\"@id\":\"https:\\\/\\\/diarieducacio.cat\\\/educaciolocal\\\/2020\\\/04\\\/21\\\/leducacio-de-persones-adultes-confinada\\\/\"},\"author\":{\"name\":\"Gemma Argelaga Odr\u00ed\",\"@id\":\"https:\\\/\\\/diarieducacio.cat\\\/educaciolocal\\\/#\\\/schema\\\/person\\\/f78f3eb25843bfb5b345243a4724c185\"},\"headline\":\"L&#8217;educaci\u00f3 de persones adultes confinada\",\"datePublished\":\"2020-04-21T00:01:54+00:00\",\"dateModified\":\"2024-08-08T08:52:34+00:00\",\"mainEntityOfPage\":{\"@id\":\"https:\\\/\\\/diarieducacio.cat\\\/educaciolocal\\\/2020\\\/04\\\/21\\\/leducacio-de-persones-adultes-confinada\\\/\"},\"wordCount\":1124,\"commentCount\":0,\"image\":{\"@id\":\"https:\\\/\\\/diarieducacio.cat\\\/educaciolocal\\\/2020\\\/04\\\/21\\\/leducacio-de-persones-adultes-confinada\\\/#primaryimage\"},\"thumbnailUrl\":\"https:\\\/\\\/diarieducacio.cat\\\/educaciolocal\\\/wp-content\\\/uploads\\\/sites\\\/18\\\/2020\\\/04\\\/F2628577-79C7-4115-8068-0C98FE5D1A2C.jpeg\",\"keywords\":[\"covid-19\",\"Educaci\u00f3 de persones adultes\",\"Escoles municipals\"],\"articleSection\":[\"covid-19\",\"Escoles municipals de persones adultes\",\"General\",\"Opini\u00f3\"],\"inLanguage\":\"ca\",\"potentialAction\":[{\"@type\":\"CommentAction\",\"name\":\"Comment\",\"target\":[\"https:\\\/\\\/diarieducacio.cat\\\/educaciolocal\\\/2020\\\/04\\\/21\\\/leducacio-de-persones-adultes-confinada\\\/#respond\"]}]},{\"@type\":\"WebPage\",\"@id\":\"https:\\\/\\\/diarieducacio.cat\\\/educaciolocal\\\/2020\\\/04\\\/21\\\/leducacio-de-persones-adultes-confinada\\\/\",\"url\":\"https:\\\/\\\/diarieducacio.cat\\\/educaciolocal\\\/2020\\\/04\\\/21\\\/leducacio-de-persones-adultes-confinada\\\/\",\"name\":\"L'educaci\u00f3 de persones adultes confinada - El blog de l'educaci\u00f3 local\",\"isPartOf\":{\"@id\":\"https:\\\/\\\/diarieducacio.cat\\\/educaciolocal\\\/#website\"},\"primaryImageOfPage\":{\"@id\":\"https:\\\/\\\/diarieducacio.cat\\\/educaciolocal\\\/2020\\\/04\\\/21\\\/leducacio-de-persones-adultes-confinada\\\/#primaryimage\"},\"image\":{\"@id\":\"https:\\\/\\\/diarieducacio.cat\\\/educaciolocal\\\/2020\\\/04\\\/21\\\/leducacio-de-persones-adultes-confinada\\\/#primaryimage\"},\"thumbnailUrl\":\"https:\\\/\\\/diarieducacio.cat\\\/educaciolocal\\\/wp-content\\\/uploads\\\/sites\\\/18\\\/2020\\\/04\\\/F2628577-79C7-4115-8068-0C98FE5D1A2C.jpeg\",\"datePublished\":\"2020-04-21T00:01:54+00:00\",\"dateModified\":\"2024-08-08T08:52:34+00:00\",\"author\":{\"@id\":\"https:\\\/\\\/diarieducacio.cat\\\/educaciolocal\\\/#\\\/schema\\\/person\\\/f78f3eb25843bfb5b345243a4724c185\"},\"breadcrumb\":{\"@id\":\"https:\\\/\\\/diarieducacio.cat\\\/educaciolocal\\\/2020\\\/04\\\/21\\\/leducacio-de-persones-adultes-confinada\\\/#breadcrumb\"},\"inLanguage\":\"ca\",\"potentialAction\":[{\"@type\":\"ReadAction\",\"target\":[\"https:\\\/\\\/diarieducacio.cat\\\/educaciolocal\\\/2020\\\/04\\\/21\\\/leducacio-de-persones-adultes-confinada\\\/\"]}]},{\"@type\":\"ImageObject\",\"inLanguage\":\"ca\",\"@id\":\"https:\\\/\\\/diarieducacio.cat\\\/educaciolocal\\\/2020\\\/04\\\/21\\\/leducacio-de-persones-adultes-confinada\\\/#primaryimage\",\"url\":\"https:\\\/\\\/diarieducacio.cat\\\/educaciolocal\\\/wp-content\\\/uploads\\\/sites\\\/18\\\/2020\\\/04\\\/F2628577-79C7-4115-8068-0C98FE5D1A2C.jpeg\",\"contentUrl\":\"https:\\\/\\\/diarieducacio.cat\\\/educaciolocal\\\/wp-content\\\/uploads\\\/sites\\\/18\\\/2020\\\/04\\\/F2628577-79C7-4115-8068-0C98FE5D1A2C.jpeg\",\"width\":1200,\"height\":900},{\"@type\":\"BreadcrumbList\",\"@id\":\"https:\\\/\\\/diarieducacio.cat\\\/educaciolocal\\\/2020\\\/04\\\/21\\\/leducacio-de-persones-adultes-confinada\\\/#breadcrumb\",\"itemListElement\":[{\"@type\":\"ListItem\",\"position\":1,\"name\":\"Inici\",\"item\":\"https:\\\/\\\/diarieducacio.cat\\\/educaciolocal\\\/\"},{\"@type\":\"ListItem\",\"position\":2,\"name\":\"L&#8217;educaci\u00f3 de persones adultes confinada\"}]},{\"@type\":\"WebSite\",\"@id\":\"https:\\\/\\\/diarieducacio.cat\\\/educaciolocal\\\/#website\",\"url\":\"https:\\\/\\\/diarieducacio.cat\\\/educaciolocal\\\/\",\"name\":\"El blog de l'educaci\u00f3 local\",\"description\":\"\",\"potentialAction\":[{\"@type\":\"SearchAction\",\"target\":{\"@type\":\"EntryPoint\",\"urlTemplate\":\"https:\\\/\\\/diarieducacio.cat\\\/educaciolocal\\\/?s={search_term_string}\"},\"query-input\":{\"@type\":\"PropertyValueSpecification\",\"valueRequired\":true,\"valueName\":\"search_term_string\"}}],\"inLanguage\":\"ca\"},{\"@type\":\"Person\",\"@id\":\"https:\\\/\\\/diarieducacio.cat\\\/educaciolocal\\\/#\\\/schema\\\/person\\\/f78f3eb25843bfb5b345243a4724c185\",\"name\":\"Gemma Argelaga Odr\u00ed\",\"image\":{\"@type\":\"ImageObject\",\"inLanguage\":\"ca\",\"@id\":\"https:\\\/\\\/secure.gravatar.com\\\/avatar\\\/f32bc7a437b2a0294fd4fc90777f3d465de064605cd83a229382014c770e5814?s=96&d=mm&r=g\",\"url\":\"https:\\\/\\\/secure.gravatar.com\\\/avatar\\\/f32bc7a437b2a0294fd4fc90777f3d465de064605cd83a229382014c770e5814?s=96&d=mm&r=g\",\"contentUrl\":\"https:\\\/\\\/secure.gravatar.com\\\/avatar\\\/f32bc7a437b2a0294fd4fc90777f3d465de064605cd83a229382014c770e5814?s=96&d=mm&r=g\",\"caption\":\"Gemma Argelaga Odr\u00ed\"},\"description\":\"Llicenciada en arts esc\u00e8niques per l\u2019ESAD, professora d\u2019adults al CFA El Roure de Poliny\u00e0, membre de l\u2019equip cuidem-nos i EPA de l\u2019ICE de la UAB. Co-fundadora de Brou d\u2019Arts implicada en projectes de de teatre aplicat.\",\"url\":\"https:\\\/\\\/diarieducacio.cat\\\/educaciolocal\\\/author\\\/gargelaga\\\/\"}]}<\/script>\n<!-- \/ Yoast SEO plugin. -->","yoast_head_json":{"title":"L'educaci\u00f3 de persones adultes confinada - El blog de l'educaci\u00f3 local","robots":{"index":"index","follow":"follow","max-snippet":"max-snippet:-1","max-image-preview":"max-image-preview:large","max-video-preview":"max-video-preview:-1"},"canonical":"https:\/\/diarieducacio.cat\/educaciolocal\/2020\/04\/21\/leducacio-de-persones-adultes-confinada\/","og_locale":"ca_ES","og_type":"article","og_title":"L'educaci\u00f3 de persones adultes confinada - El blog de l'educaci\u00f3 local","og_description":"Docents d'escoles de persones adultes fan sentir la seva veu i fan visible la seva tasca educativa en aquest temps que ens ha tocat viure. Viv\u00e8ncies i reflexions tant des de l'\u00e0mbit professional com personal sobre la situaci\u00f3 actual i sobre un futur que es preveu ple de transformacions.","og_url":"https:\/\/diarieducacio.cat\/educaciolocal\/2020\/04\/21\/leducacio-de-persones-adultes-confinada\/","og_site_name":"El blog de l'educaci\u00f3 local","article_publisher":"https:\/\/www.facebook.com\/diarieducacio\/","article_published_time":"2020-04-21T00:01:54+00:00","article_modified_time":"2024-08-08T08:52:34+00:00","og_image":[{"width":1200,"height":900,"url":"https:\/\/diarieducacio.cat\/educaciolocal\/wp-content\/uploads\/sites\/18\/2020\/04\/F2628577-79C7-4115-8068-0C98FE5D1A2C.jpeg","type":"image\/jpeg"}],"author":"Gemma Argelaga Odr\u00ed","twitter_card":"summary_large_image","twitter_creator":"@DiariEducacio","twitter_site":"@DiariEducacio","twitter_misc":{"Escrit per":"Gemma Argelaga Odr\u00ed","Temps estimat de lectura":"6 minuts"},"schema":{"@context":"https:\/\/schema.org","@graph":[{"@type":"Article","@id":"https:\/\/diarieducacio.cat\/educaciolocal\/2020\/04\/21\/leducacio-de-persones-adultes-confinada\/#article","isPartOf":{"@id":"https:\/\/diarieducacio.cat\/educaciolocal\/2020\/04\/21\/leducacio-de-persones-adultes-confinada\/"},"author":{"name":"Gemma Argelaga Odr\u00ed","@id":"https:\/\/diarieducacio.cat\/educaciolocal\/#\/schema\/person\/f78f3eb25843bfb5b345243a4724c185"},"headline":"L&#8217;educaci\u00f3 de persones adultes confinada","datePublished":"2020-04-21T00:01:54+00:00","dateModified":"2024-08-08T08:52:34+00:00","mainEntityOfPage":{"@id":"https:\/\/diarieducacio.cat\/educaciolocal\/2020\/04\/21\/leducacio-de-persones-adultes-confinada\/"},"wordCount":1124,"commentCount":0,"image":{"@id":"https:\/\/diarieducacio.cat\/educaciolocal\/2020\/04\/21\/leducacio-de-persones-adultes-confinada\/#primaryimage"},"thumbnailUrl":"https:\/\/diarieducacio.cat\/educaciolocal\/wp-content\/uploads\/sites\/18\/2020\/04\/F2628577-79C7-4115-8068-0C98FE5D1A2C.jpeg","keywords":["covid-19","Educaci\u00f3 de persones adultes","Escoles municipals"],"articleSection":["covid-19","Escoles municipals de persones adultes","General","Opini\u00f3"],"inLanguage":"ca","potentialAction":[{"@type":"CommentAction","name":"Comment","target":["https:\/\/diarieducacio.cat\/educaciolocal\/2020\/04\/21\/leducacio-de-persones-adultes-confinada\/#respond"]}]},{"@type":"WebPage","@id":"https:\/\/diarieducacio.cat\/educaciolocal\/2020\/04\/21\/leducacio-de-persones-adultes-confinada\/","url":"https:\/\/diarieducacio.cat\/educaciolocal\/2020\/04\/21\/leducacio-de-persones-adultes-confinada\/","name":"L'educaci\u00f3 de persones adultes confinada - El blog de l'educaci\u00f3 local","isPartOf":{"@id":"https:\/\/diarieducacio.cat\/educaciolocal\/#website"},"primaryImageOfPage":{"@id":"https:\/\/diarieducacio.cat\/educaciolocal\/2020\/04\/21\/leducacio-de-persones-adultes-confinada\/#primaryimage"},"image":{"@id":"https:\/\/diarieducacio.cat\/educaciolocal\/2020\/04\/21\/leducacio-de-persones-adultes-confinada\/#primaryimage"},"thumbnailUrl":"https:\/\/diarieducacio.cat\/educaciolocal\/wp-content\/uploads\/sites\/18\/2020\/04\/F2628577-79C7-4115-8068-0C98FE5D1A2C.jpeg","datePublished":"2020-04-21T00:01:54+00:00","dateModified":"2024-08-08T08:52:34+00:00","author":{"@id":"https:\/\/diarieducacio.cat\/educaciolocal\/#\/schema\/person\/f78f3eb25843bfb5b345243a4724c185"},"breadcrumb":{"@id":"https:\/\/diarieducacio.cat\/educaciolocal\/2020\/04\/21\/leducacio-de-persones-adultes-confinada\/#breadcrumb"},"inLanguage":"ca","potentialAction":[{"@type":"ReadAction","target":["https:\/\/diarieducacio.cat\/educaciolocal\/2020\/04\/21\/leducacio-de-persones-adultes-confinada\/"]}]},{"@type":"ImageObject","inLanguage":"ca","@id":"https:\/\/diarieducacio.cat\/educaciolocal\/2020\/04\/21\/leducacio-de-persones-adultes-confinada\/#primaryimage","url":"https:\/\/diarieducacio.cat\/educaciolocal\/wp-content\/uploads\/sites\/18\/2020\/04\/F2628577-79C7-4115-8068-0C98FE5D1A2C.jpeg","contentUrl":"https:\/\/diarieducacio.cat\/educaciolocal\/wp-content\/uploads\/sites\/18\/2020\/04\/F2628577-79C7-4115-8068-0C98FE5D1A2C.jpeg","width":1200,"height":900},{"@type":"BreadcrumbList","@id":"https:\/\/diarieducacio.cat\/educaciolocal\/2020\/04\/21\/leducacio-de-persones-adultes-confinada\/#breadcrumb","itemListElement":[{"@type":"ListItem","position":1,"name":"Inici","item":"https:\/\/diarieducacio.cat\/educaciolocal\/"},{"@type":"ListItem","position":2,"name":"L&#8217;educaci\u00f3 de persones adultes confinada"}]},{"@type":"WebSite","@id":"https:\/\/diarieducacio.cat\/educaciolocal\/#website","url":"https:\/\/diarieducacio.cat\/educaciolocal\/","name":"El blog de l'educaci\u00f3 local","description":"","potentialAction":[{"@type":"SearchAction","target":{"@type":"EntryPoint","urlTemplate":"https:\/\/diarieducacio.cat\/educaciolocal\/?s={search_term_string}"},"query-input":{"@type":"PropertyValueSpecification","valueRequired":true,"valueName":"search_term_string"}}],"inLanguage":"ca"},{"@type":"Person","@id":"https:\/\/diarieducacio.cat\/educaciolocal\/#\/schema\/person\/f78f3eb25843bfb5b345243a4724c185","name":"Gemma Argelaga Odr\u00ed","image":{"@type":"ImageObject","inLanguage":"ca","@id":"https:\/\/secure.gravatar.com\/avatar\/f32bc7a437b2a0294fd4fc90777f3d465de064605cd83a229382014c770e5814?s=96&d=mm&r=g","url":"https:\/\/secure.gravatar.com\/avatar\/f32bc7a437b2a0294fd4fc90777f3d465de064605cd83a229382014c770e5814?s=96&d=mm&r=g","contentUrl":"https:\/\/secure.gravatar.com\/avatar\/f32bc7a437b2a0294fd4fc90777f3d465de064605cd83a229382014c770e5814?s=96&d=mm&r=g","caption":"Gemma Argelaga Odr\u00ed"},"description":"Llicenciada en arts esc\u00e8niques per l\u2019ESAD, professora d\u2019adults al CFA El Roure de Poliny\u00e0, membre de l\u2019equip cuidem-nos i EPA de l\u2019ICE de la UAB. Co-fundadora de Brou d\u2019Arts implicada en projectes de de teatre aplicat.","url":"https:\/\/diarieducacio.cat\/educaciolocal\/author\/gargelaga\/"}]}},"_links":{"self":[{"href":"https:\/\/diarieducacio.cat\/educaciolocal\/wp-json\/wp\/v2\/posts\/1883","targetHints":{"allow":["GET"]}}],"collection":[{"href":"https:\/\/diarieducacio.cat\/educaciolocal\/wp-json\/wp\/v2\/posts"}],"about":[{"href":"https:\/\/diarieducacio.cat\/educaciolocal\/wp-json\/wp\/v2\/types\/post"}],"author":[{"embeddable":true,"href":"https:\/\/diarieducacio.cat\/educaciolocal\/wp-json\/wp\/v2\/users\/245"}],"replies":[{"embeddable":true,"href":"https:\/\/diarieducacio.cat\/educaciolocal\/wp-json\/wp\/v2\/comments?post=1883"}],"version-history":[{"count":1,"href":"https:\/\/diarieducacio.cat\/educaciolocal\/wp-json\/wp\/v2\/posts\/1883\/revisions"}],"predecessor-version":[{"id":4224,"href":"https:\/\/diarieducacio.cat\/educaciolocal\/wp-json\/wp\/v2\/posts\/1883\/revisions\/4224"}],"wp:featuredmedia":[{"embeddable":true,"href":"https:\/\/diarieducacio.cat\/educaciolocal\/wp-json\/wp\/v2\/media\/1916"}],"wp:attachment":[{"href":"https:\/\/diarieducacio.cat\/educaciolocal\/wp-json\/wp\/v2\/media?parent=1883"}],"wp:term":[{"taxonomy":"category","embeddable":true,"href":"https:\/\/diarieducacio.cat\/educaciolocal\/wp-json\/wp\/v2\/categories?post=1883"},{"taxonomy":"post_tag","embeddable":true,"href":"https:\/\/diarieducacio.cat\/educaciolocal\/wp-json\/wp\/v2\/tags?post=1883"},{"taxonomy":"tipo","embeddable":true,"href":"https:\/\/diarieducacio.cat\/educaciolocal\/wp-json\/wp\/v2\/tipo?post=1883"}],"curies":[{"name":"wp","href":"https:\/\/api.w.org\/{rel}","templated":true}]}}