{"id":1996,"date":"2020-05-06T00:05:10","date_gmt":"2020-05-06T00:05:10","guid":{"rendered":"https:\/\/diarieducacio.cat\/educaciolocal\/?p=1996"},"modified":"2024-08-08T10:52:34","modified_gmt":"2024-08-08T08:52:34","slug":"de-la-covid-19-en-sortirem-amb-una-educacio-i-una-comunitat-educativa-mes-reforcada","status":"publish","type":"post","link":"https:\/\/diarieducacio.cat\/educaciolocal\/2020\/05\/06\/de-la-covid-19-en-sortirem-amb-una-educacio-i-una-comunitat-educativa-mes-reforcada\/","title":{"rendered":"\u00abDe la COVID-19 en sortirem amb una educaci\u00f3 i una comunitat educativa m\u00e9s refor\u00e7ada\u00bb"},"content":{"rendered":"<p class=\"s3\"><span class=\"s5\"><\/span><\/p>\n<p class=\"s3\"><span class=\"s5\">Preocupaci\u00f3 \u00e9s la primera paraula que apareix en totes les respostes dels <a href=\"https:\/\/diarieducacio.cat\/educaciolocal\/2020\/05\/06\/la-veu-de-15-regidors-deducacio-davant-de-lemergencia-educativa-de-la-covid-19\/\">regidors<\/a> i t\u00e8cnics municipals d&#8217;educaci\u00f3. Preocupaci\u00f3 que s&#8217;acompanya d<\/span><span class=\"s5\">&#8216;incertesa i <\/span><span class=\"s5\">neguit per la situaci\u00f3 de confinament que estem vivint i d&#8217;amena\u00e7a davant d&#8217;un futur on les desigualtats socials i educatives, <\/span><span class=\"s5\">i la segregaci\u00f3 escolar, <\/span><span class=\"s5\">poden <\/span><span class=\"s5\">incrementar-se <\/span><span class=\"s5\">encara m\u00e9s<\/span><span class=\"s5\">. Davant la preocupaci\u00f3, els electes i t\u00e8cnics \u00a0hi contraposen dues altres <\/span><span class=\"s5\">expressions <\/span><span class=\"s5\">que aporten optimisme i <\/span><span class=\"s5\">refor<\/span><span class=\"s5\">cen <\/span><span class=\"s5\">el <\/span><span class=\"s5\">comprom\u00eds <\/span><span class=\"s5\">de <\/span><span class=\"s5\">servei p\u00fablic <\/span><span class=\"s5\">cap <\/span><span class=\"s5\">a la ciutadania: <\/span><span class=\"s6\">resili\u00e8ncia<\/span><span class=\"s5\"> i noves <\/span><span class=\"s6\">oportunitats<\/span> <span class=\"s5\">per <\/span><span class=\"s5\">millora<\/span><span class=\"s5\">r<\/span><span class=\"s5\"> i transforma<\/span><span class=\"s5\">r l&#8217;educaci\u00f3.<\/span><\/p>\n<p class=\"s3\"><span class=\"s5\">Si una cosa tenen clar <\/span><span class=\"s5\">els <\/span><span class=\"s5\">electes \u00e9s que en l&#8217;actual situaci\u00f3 de confinament en cap moment han dissocia<\/span><span class=\"s5\">t<\/span><span class=\"s5\"> la seva condici\u00f3 de regidor de la de membre d&#8217;una comunitat que els ha posat a prova tant en la seva condici\u00f3 de ciutadans com en la seva vessant de servidors p\u00fablics. Aix\u00ed ho expressa <\/span><span class=\"s5\">el regidor de Berga, <\/span><span class=\"s4\">Eloi Escutia<\/span><span class=\"s5\">. \u00a0<\/span><\/p>\n<p class=\"s8\"><span class=\"s7\">Una vessant de servei p\u00fablic en q<\/span><span class=\"s7\">u\u00e8<\/span><span class=\"s7\"> els ajuntaments, com administraci\u00f3 m\u00e9s propera a la ciutadania, han hagut <\/span><span class=\"s7\">d&#8217;aportar<\/span><span class=\"s7\"> respostes immediates<\/span> <span class=\"s7\">i urgents tal com <\/span><span class=\"s7\">ens explica <\/span><span class=\"s7\">la regidora de Vilafranca del Pened\u00e8s, <\/span><span class=\"s4\">Meritxell Montserrat<\/span> <span class=\"s7\">i ho ha fet <\/span><span class=\"s7\">\u00abamb incerteses, sense disposar d<\/span><span class=\"s7\">e suficient <\/span><span class=\"s7\">informaci\u00f3 <\/span><span class=\"s7\">i <\/span><span class=\"s7\">sense poder tenir directrius clares ni diagnosis i, sobretot, sense tenir compet\u00e8ncies, per\u00f2 assumint-les totes\u00bb. \u00ab<\/span><span class=\"s7\">D<\/span><span class=\"s5\">avant d\u2019aquest escenari,<\/span> <span class=\"s5\">on la situaci\u00f3 \u00e9s molt canviant, &#8211;<\/span><span class=\"s5\">afegeix Montserrat- hem <\/span><span class=\"s5\">t<\/span><span class=\"s5\">ingut sempre <\/span><span class=\"s5\">clar<\/span><span class=\"s5\">es<\/span><span class=\"s5\"> dues premisses: no actuar precipitadament i prendre decisions que <\/span><span class=\"s5\">es <\/span><span class=\"s5\">pugu<\/span><span class=\"s5\">in <\/span><span class=\"s5\">mantenir en el temps\u00bb. \u00a0<\/span><\/p>\n<blockquote>\n<p class=\"s8\"><strong><span class=\"s4\">Assegurar la connectivitat de tots els alumnes i les seves fam\u00edlies<\/span><\/strong><\/p>\n<\/blockquote>\n<p class=\"s8\"><span class=\"s5\">Una de les principals prioritats en la gesti\u00f3 municipal durant el confinament ha estat assegurar que tot l&#8217;alumnat dispos\u00e9s d&#8217;eines inform\u00e0tiques i de connectivitat suficient per <\/span><span class=\"s5\">assegurar el seu acc\u00e9s digital als centres educatius i, per tant, <\/span><span class=\"s5\">s&#8217;ha lluitat <\/span><span class=\"s5\">per <\/span><span class=\"s5\">no incrementar la de per si important bretxa digital existent <\/span><span class=\"s5\">a la societat<\/span><span class=\"s5\">. <\/span><span class=\"s5\">Per nosaltres <\/span><span class=\"s5\">\u00abcap infant i jove pot quedar enrere\u00bb \u00a0rec<\/span><span class=\"s5\">orda<\/span><span class=\"s5\"> la regidora d&#8217;Esplugues de Llobregat <\/span><span class=\"s4\">Montse P\u00e9rez. <\/span><span class=\"s5\">\u00a0<\/span><\/p>\n<p class=\"s8\"><span class=\"s5\">A m\u00e9s d&#8217;assegurar la connectivitat de totes les fam\u00edlies amb campanyes, <\/span><span class=\"s5\">per exemple,<\/span><span class=\"s5\"> per compartir el wifi <\/span><span class=\"s5\">entre ve\u00efns <\/span><span class=\"s5\">que han fet diversos ajuntaments, durant <\/span><span class=\"s5\">les darreres setmanes, <\/span><span class=\"s5\">ens expliquen les regidores d&#8217;Hostalets de Pierola i Igualada, <\/span><span class=\"s4\">Maria \u00c0ngels Lor\u00e9s<\/span><span class=\"s5\"> i <\/span><span class=\"s4\">Marisa Vila<\/span><span class=\"s5\">, des de les administracions locals s&#8217;ha continuat fent una tasca <\/span><span class=\"s5\">imprescindible <\/span><span class=\"s5\">de contacte, comunicaci\u00f3 i cooperaci\u00f3 amb docents, agents socials i educatius, <\/span><span class=\"s5\">i fam\u00edlies<\/span><span class=\"s5\">, aix\u00ed com tamb\u00e9 <\/span><span class=\"s5\">s&#8217;<\/span><span class=\"s5\">han mantingut <\/span><span class=\"s5\">i refor\u00e7at els vincles <\/span><span class=\"s5\">amb regidors d&#8217;altres municipis de l&#8217;entorn per compartir inquietuds, <\/span><span class=\"s5\">necessitats i <\/span><span class=\"s5\">esfor\u00e7os. \u00a0<\/span><\/p>\n<p><img fetchpriority=\"high\" decoding=\"async\" class=\"alignleft wp-image-2007 size-medium\" src=\"https:\/\/diarieducacio.cat\/educaciolocal\/wp-content\/uploads\/sites\/26\/2020\/05\/Captura-de-pantalla-2020-05-05-a-les-11.24.18-e1588671261662-300x169.png\" alt=\"\" width=\"300\" height=\"169\" \/><strong><span class=\"s4\">Un estiu ple d&#8217;oportunitats educatives<\/span><\/strong><\/p>\n<p class=\"s3\"><span class=\"s5\">Una feina de contacte i coordinaci\u00f3 que caldr\u00e0 continuar en la fase de \u00abnova normalitat\u00bb <\/span><span class=\"s5\">que comen\u00e7a amb la desescalada del confinament<\/span><span class=\"s5\">. \u00a0Sobretot perqu\u00e8, com diu <\/span><span class=\"s4\">Marisa Vila<\/span><span class=\"s5\"> el repte m\u00e9s proper que tenim ara mateix \u00e9s l&#8217;estiu. \u00abA Malgrat de Mar apostem per oferir un estiu <\/span><span class=\"s5\">ple <\/span><span class=\"s5\">d&#8217;oportunitats educatives\u00bb diu <\/span><span class=\"s5\">la regidora <\/span><span class=\"s4\">Lurdes Borrell<\/span><span class=\"s5\">, organitzant casals d&#8217;estiu, o activitats extraescolars i de refor\u00e7 educatiu com afegeixen els regidors de Manresa i Montcada i Reixac, <\/span><span class=\"s4\">Toni Masseg\u00fa<\/span><span class=\"s5\"> i <\/span><span class=\"s4\">J\u00e9ssica Segovia<\/span><span class=\"s5\">. <\/span><\/p>\n<p class=\"s3\"><span class=\"s5\">Tasca i repte, <\/span><span class=\"s5\">les <\/span><span class=\"s5\">activitats d&#8217;estiu, que supos<\/span><span class=\"s5\">a per a <\/span><span class=\"s5\">la regidora del Prat de Llobregat, <\/span><span class=\"s4\">Pilar Eslava<\/span><span class=\"s5\">, \u00abuna oportunitat de marca<\/span><span class=\"s5\">r<\/span><span class=\"s5\"> acords entre institucions, entitats, <\/span><span class=\"s5\">professionals de l&#8217;<\/span><span class=\"s5\">educa<\/span><span class=\"s5\">ci\u00f3<\/span><span class=\"s5\">, <\/span><span class=\"s5\">a partir d&#8217;un <\/span><span class=\"s5\">trebal<\/span><span class=\"s5\">l <\/span><span class=\"s5\">transversal i col\u00b7laborati<\/span><span class=\"s5\">u<\/span><span class=\"s5\"> per fer <\/span><span class=\"s5\">de l&#8217;<\/span><span class=\"s5\">estiu, un <\/span><span class=\"s5\">temps d&#8217;<\/span><span class=\"s5\">igualtat d&#8217;oportunitats per a tots els infants i joves <\/span><span class=\"s5\">i les seves fam\u00edlies<\/span><span class=\"s5\">\u00bb. <\/span><\/p>\n<p class=\"s3\"><span class=\"s5\">Si l&#8217;estiu, amb el treball i la col\u00b7laboraci\u00f3 amb les entitats que treballen <\/span><span class=\"s5\">en <\/span><span class=\"s5\">l&#8217;educaci\u00f3 del lleure \u00e9<\/span><span class=\"s5\">s <\/span><span class=\"s5\">per a<\/span><span class=\"s5\">ls <\/span><span class=\"s5\">regidors i t\u00e8cnics municipals una oportunitat per atendre i donar resposta a les necessitats educatives de les fam\u00edlies, <\/span><span class=\"s5\">en especial <\/span><span class=\"s5\">les m\u00e9s vulnerables, l&#8217;inici del proper curs escolar <\/span><span class=\"s5\">al setembre,<\/span><span class=\"s5\"> tamb\u00e9 ho ha de ser, <\/span><span class=\"s5\">tal com <\/span><span class=\"s5\">propos<\/span><span class=\"s5\">en<\/span><span class=\"s5\"> el<\/span><span class=\"s5\">s<\/span><span class=\"s5\"> regidor<\/span><span class=\"s5\">s<\/span><span class=\"s5\"> de Matar\u00f3 <\/span><span class=\"s5\">i l&#8217;Hospitalet de Llobregat, <\/span><span class=\"s4\">Miquel \u00c0ngel Vadell <\/span><span class=\"s5\">i <\/span><span class=\"s4\">Jaume Graells. <\/span><\/p>\n<p class=\"s3\"><span class=\"s5\">Per ambd\u00f3s, es tracta de refor\u00e7ar el que ja venen fent els ajuntaments i ens locals: <\/span><span class=\"s5\">treballa<\/span><span class=\"s5\">r<\/span><span class=\"s5\"> per l&#8217;acompanyament emocional dels alumnes, fomenta<\/span><span class=\"s5\">r<\/span><span class=\"s5\"> activitats complement\u00e0ries, <\/span><span class=\"s5\">tirar endavant <\/span><span class=\"s5\">els Plans Educatius d&#8217;Entorn, les Oficines d&#8217;Escolaritzaci\u00f3 Municipal, <\/span><span class=\"s5\">els tallers d&#8217;estudi assistit, l&#8217;orientaci\u00f3 i acompanyament dels alumnes m\u00e9s vulnerables i l&#8217;impuls de la renovaci\u00f3 pedag\u00f2gica des dels municipis, entre d&#8217;altres accions municipals<\/span><span class=\"s5\">. <\/span><\/p>\n<p class=\"s3\"><span class=\"s5\">A m\u00e9s, afegeix <\/span><span class=\"s4\">Meritxell Montserrat, <\/span><span class=\"s5\">cal c<\/span><span class=\"s5\">ontinuar recolzant la tasca d&#8217;orientaci\u00f3 educativa que es fa des dels centres \u00abtan important i imprescindible per donar a con\u00e8ixer els diferents itineraris educatius o laborals que permeten potenciar aquelles capacitats que tothom t\u00e9\u00bb.<\/span><\/p>\n<p class=\"s3\"><span class=\"s5\">D&#8217;aquesta situaci\u00f3 n&#8217;haurem de sortir amb un sistema educatiu i una comunitat educativa m\u00e9s <\/span><span class=\"s5\">potent<\/span><span class=\"s5\"> aposta <\/span><span class=\"s4\">Montse P\u00e9rez, <\/span><span class=\"s5\">pensant i treballant en una educaci\u00f3 en sentit ampli i al llarg de la vida, i <\/span><span class=\"s5\">refor\u00e7ant els <\/span><span class=\"s5\">entorns i <\/span><span class=\"s5\">els <\/span><span class=\"s5\">ecosistemes educatius <\/span><span class=\"s5\">locals <\/span><span class=\"s5\">en clau 360. Un model, el de l&#8217;Educaci\u00f3 360 que \u00e9s un referent <\/span><span class=\"s5\">i una necessitat <\/span><span class=\"s5\">per a molts dels regidors i t\u00e8cnics amb els quals hem parlat, que ara es fa m\u00e9s necessari que mai per comple<\/span><span class=\"s5\">tar <\/span><span class=\"s5\">l\u2019educaci\u00f3 i oferir m\u00e9s i noves oportunitats educatives<\/span><span class=\"s5\">. <\/span><\/p>\n<blockquote>\n<p class=\"s3\"><strong><span class=\"s4\">El futur, fer de l&#8217;educaci\u00f3 una prioritat de l&#8217;agenda pol\u00edtica<\/span><span class=\"s5\"> \u00a0<\/span><\/strong><\/p>\n<\/blockquote>\n<p class=\"s3\"><span class=\"s7\">\u00ab<\/span><span class=\"s7\">Cal ser conscients que aquesta crisi canviar\u00e0 la nostra manera de relacionar-nos. Hem de pensar que fins ara la consigna als infants havia estat: fes-li un pet\u00f3, fes-li una abra\u00e7ada&#8230;i a partir d&#8217;ara ser\u00e0: no t&#8217;apropis, no us toqueu les mans, vigila, una mica m\u00e9s separats, no us feu petons, res d&#8217;abra\u00e7ades\u00bb ens diu la regidora de Parets de Vall\u00e8s, <\/span><span class=\"s4\">Cassandra Garcia<\/span><span class=\"s7\">. Tots aquests canvis caldr\u00e0 tenir-los presents, i molts m\u00e9s afegeix la regidora de Canet de Mar, <\/span><span class=\"s4\">Rosabel Madrid<\/span><span class=\"s7\">, perqu\u00e8 la COVID-19 ha trastocat de dalt a baix els nostres aprenentatges, i ens obligar\u00e0 a replantejar-nos el m\u00f3n i les relacions tal com les coneix\u00edem fins ara. <\/span><\/p>\n<p class=\"s3\"><span class=\"s7\">En temps del post confinament, i fins i tot de post COVID-19, h<\/span><span class=\"s7\">aurem <\/span><span class=\"s7\">de <\/span><span class=\"s7\">treballar for\u00e7a les qualitats <\/span><span class=\"s7\">de la resili\u00e8ncia <\/span><span class=\"s7\">educativa que infants i joves, fam\u00edlies, docents i ciutadania en general ja estan portant a la pr\u00e0ctica di\u00e0riament. Una aposta per la resili\u00e8ncia que fan regidors i t\u00e8cnics, aix\u00ed com \u00abpel treball en equip tant dins com fora dels ajuntaments, potenciant la comunicaci\u00f3 amb la ciutadania, enfortint el treball en xarxa i prenent decisions compartides amb tota la comunitat educativa\u00bb com referma la regidora de Sant Boi de Llobregat, <\/span><span class=\"s4\">Alba Mart\u00ednez<\/span><span class=\"s7\">. <\/span><\/p>\n<p class=\"s3\"><span class=\"s7\">Tot aix\u00f2 ha de comporta<\/span><span class=\"s7\">r pels ajuntaments poder comptar amb m\u00e9s pol\u00edtiques supramunicipals descentralitzades i amb dotacions econ\u00f2miques suficients, que permetin des de la proximitat entomar les necessitats educatives de la poblaci\u00f3. Aix\u00ed, el regidor de Granollers, <\/span><span class=\"s4\">Francesc Arolas, <\/span><span class=\"s7\">espera que aquesta crisi pugui servir per visualitzar \u00abla import\u00e0ncia de les administracions locals en l&#8217;educaci\u00f3 d&#8217;infants i joves encara que no tinguem compet\u00e8ncies, que es pugui propiciar un canvi en la pol\u00edtica educativa del pa\u00eds, que des del Departament s&#8217;actu\u00ef amb una major corresponsabilitat vers els ajuntaments i ens vegin i tractin com un element capil\u00b7lar del sistema educatiu\u00bb. \u00a0 \u00a0<\/span><\/p>\n<p class=\"s3\"><span class=\"s7\">I \u00a0<\/span><span class=\"s4\">Montse P\u00e9rez <\/span><span class=\"s7\">rebla el clau apostant perqu\u00e8 \u00abj<\/span><span class=\"s7\">unts, amb <\/span><span class=\"s7\">rec\u00edproca <\/span><span class=\"s7\">lleialtat<\/span> <span class=\"s7\">institucional, <\/span><span class=\"s7\">puguem<\/span><span class=\"s7\"> treballar i vetllar per un sistema educatiu que garanteixi <\/span><span class=\"s7\">una <\/span><span class=\"s7\">igualtat d&#8217;oportunitats real, que sigui m\u00e9s equitatiu i que redueixi l&#8217;escletxa social\u00bb. <\/span><span class=\"s7\">En tot cas, tots els regidors i t\u00e8cnics municipals amb els que hem parlat esperen i desitgen que d&#8217;aquesta crisi l&#8217;educaci\u00f3 en surti refor\u00e7ada i puguem continuar treballant des del m\u00f3n local, com fins ara, per una educaci\u00f3 p\u00fablica, equitativa, inclusiva i de qualitat. \u00a0<\/span><\/p>\n<p>&nbsp;<\/p>\n<p><em><span class=\"s9\">Aquest reportatge s&#8217;ha fet gr\u00e0cies a la col\u00b7laboraci\u00f3 de les seg\u00fcents regidores, regidors, t\u00e8cniques i t\u00e8cnics d&#8217;educaci\u00f3 municipal: Francesc Arolas (Granollers), Cristina Bernab\u00e9 (Barber\u00e0 del Vall\u00e8s), Lurdes Borrell (Malgrat de Mar), Eloi Escutia (Berga), Pilar Eslava (El Prat de Llobregat), Llu\u00eds Esteve (L&#8217;Hospitalet de Llobregat), Casandra Garcia (Parets del Vall\u00e8s), Jaume Graells (L&#8217;Hospitalet de Llobregat), Ma \u00c0ngels Lor\u00e9s (Els Hostalets de Pierola), Rosabel Madrid (Canet de Mar), Alba Mart\u00ednez (Sant Boi de Llobregat), Toni Masseg\u00fa (Manresa), Ricardo Montalban (L&#8217;Hospitalet de Llobregat), Merixell Montserrat (Vilafranca del Pened\u00e8s), Josefina P\u00e9rez (Gav\u00e0), Montse P\u00e9rez (Esplugues de Llobregat), Neus Ramia (Llinars del Vall\u00e8s), Anna Santarrosa (L&#8217;Hospitalet de Llobregat), Jessica Segovia (Montcada i Reixac), Marisa Vila (Igualada), Miquel \u00c0ngel Vadell (Matar\u00f3).<\/span><\/em><\/p>\n<p><strong>Pots llegir totes les respostes \u00edntegres dels regidors i regidores clicant <a href=\"https:\/\/diarieducacio.cat\/educaciolocal\/2020\/05\/06\/la-veu-de-15-regidors-deducacio-davant-de-lemergencia-educativa-de-la-covid-19\/\">aqu\u00ed<\/a><\/strong>.<\/p>\n","protected":false},"excerpt":{"rendered":"<p>Preocupaci\u00f3, resil\u00e8ncia i oportunitat s\u00f3n tres de les paraules m\u00e9s utilitzades pels regidors i t\u00e8cnics municipals d&#8217;educaci\u00f3 amb els quals hem parlat per elaborar aquest reportatge. Per als electes i t\u00e8cnics la pand\u00e8mia de la COVID-19 ens ha ofert una nova mostra de com s\u00f3n capa\u00e7os els ajuntaments d&#8217;adaptar-se per donar respostes r\u00e0pides a problemes urgents i greus.<\/p>\n","protected":false},"author":233,"featured_media":2006,"comment_status":"open","ping_status":"closed","sticky":false,"template":"","format":"standard","meta":{"footnotes":""},"categories":[163,112,256,221,206,117,2,220,260],"tags":[164,253,182,165,111,235,224,259],"tipo":[],"class_list":{"0":"post-1996","1":"post","2":"type-post","3":"status-publish","4":"format-standard","5":"has-post-thumbnail","7":"category-ajuntaments","8":"category-ciutat-educadora","9":"category-covid-19","10":"category-educacio360","11":"category-entitats","12":"category-entorn","13":"category-general","14":"category-politiques-educatives-locals","15":"category-segregacio","16":"tag-ajuntaments","17":"tag-covid-19","18":"tag-educacio360","19":"tag-entitats","20":"tag-entorn-local","21":"tag-equitat","22":"tag-politica-educativa","23":"tag-segregacio"},"yoast_head":"<!-- This site is optimized with the Yoast SEO plugin v27.4 - https:\/\/yoast.com\/product\/yoast-seo-wordpress\/ -->\n<title>\u00abDe la COVID-19 en sortirem amb una educaci\u00f3 i una comunitat educativa m\u00e9s refor\u00e7ada\u00bb - El blog de l&#039;educaci\u00f3 local<\/title>\n<meta name=\"robots\" content=\"index, follow, max-snippet:-1, max-image-preview:large, max-video-preview:-1\" \/>\n<link rel=\"canonical\" href=\"https:\/\/diarieducacio.cat\/educaciolocal\/2020\/05\/06\/de-la-covid-19-en-sortirem-amb-una-educacio-i-una-comunitat-educativa-mes-reforcada\/\" \/>\n<meta property=\"og:locale\" content=\"ca_ES\" \/>\n<meta property=\"og:type\" content=\"article\" \/>\n<meta property=\"og:title\" content=\"\u00abDe la COVID-19 en sortirem amb una educaci\u00f3 i una comunitat educativa m\u00e9s refor\u00e7ada\u00bb - El blog de l&#039;educaci\u00f3 local\" \/>\n<meta property=\"og:description\" content=\"Preocupaci\u00f3, resil\u00e8ncia i oportunitat s\u00f3n tres de les paraules m\u00e9s utilitzades pels regidors i t\u00e8cnics municipals d&#039;educaci\u00f3 amb els quals hem parlat per elaborar aquest reportatge. Per als electes i t\u00e8cnics la pand\u00e8mia de la COVID-19 ens ha ofert una nova mostra de com s\u00f3n capa\u00e7os els ajuntaments d&#039;adaptar-se per donar respostes r\u00e0pides a problemes urgents i greus.\" \/>\n<meta property=\"og:url\" content=\"https:\/\/diarieducacio.cat\/educaciolocal\/2020\/05\/06\/de-la-covid-19-en-sortirem-amb-una-educacio-i-una-comunitat-educativa-mes-reforcada\/\" \/>\n<meta property=\"og:site_name\" content=\"El blog de l&#039;educaci\u00f3 local\" \/>\n<meta property=\"article:publisher\" content=\"https:\/\/www.facebook.com\/diarieducacio\/\" \/>\n<meta property=\"article:published_time\" content=\"2020-05-06T00:05:10+00:00\" \/>\n<meta property=\"article:modified_time\" content=\"2024-08-08T08:52:34+00:00\" \/>\n<meta property=\"og:image\" content=\"https:\/\/diarieducacio.cat\/educaciolocal\/wp-content\/uploads\/sites\/18\/2020\/05\/Captura-de-pantalla-2020-05-05-a-les-11.25.34-e1588671130477.png\" \/>\n\t<meta property=\"og:image:width\" content=\"1439\" \/>\n\t<meta property=\"og:image:height\" content=\"806\" \/>\n\t<meta property=\"og:image:type\" content=\"image\/png\" \/>\n<meta name=\"author\" content=\"Jordi Navarro\" \/>\n<meta name=\"twitter:card\" content=\"summary_large_image\" \/>\n<meta name=\"twitter:creator\" content=\"@DiariEducacio\" \/>\n<meta name=\"twitter:site\" content=\"@DiariEducacio\" \/>\n<meta name=\"twitter:label1\" content=\"Escrit per\" \/>\n\t<meta name=\"twitter:data1\" content=\"Jordi Navarro\" \/>\n\t<meta name=\"twitter:label2\" content=\"Temps estimat de lectura\" \/>\n\t<meta name=\"twitter:data2\" content=\"7 minuts\" \/>\n<script type=\"application\/ld+json\" class=\"yoast-schema-graph\">{\"@context\":\"https:\\\/\\\/schema.org\",\"@graph\":[{\"@type\":\"Article\",\"@id\":\"https:\\\/\\\/diarieducacio.cat\\\/educaciolocal\\\/2020\\\/05\\\/06\\\/de-la-covid-19-en-sortirem-amb-una-educacio-i-una-comunitat-educativa-mes-reforcada\\\/#article\",\"isPartOf\":{\"@id\":\"https:\\\/\\\/diarieducacio.cat\\\/educaciolocal\\\/2020\\\/05\\\/06\\\/de-la-covid-19-en-sortirem-amb-una-educacio-i-una-comunitat-educativa-mes-reforcada\\\/\"},\"author\":{\"name\":\"Jordi Navarro\",\"@id\":\"https:\\\/\\\/diarieducacio.cat\\\/educaciolocal\\\/#\\\/schema\\\/person\\\/da2d34f79300c3ed20b2c4b97b708039\"},\"headline\":\"\u00abDe la COVID-19 en sortirem amb una educaci\u00f3 i una comunitat educativa m\u00e9s refor\u00e7ada\u00bb\",\"datePublished\":\"2020-05-06T00:05:10+00:00\",\"dateModified\":\"2024-08-08T08:52:34+00:00\",\"mainEntityOfPage\":{\"@id\":\"https:\\\/\\\/diarieducacio.cat\\\/educaciolocal\\\/2020\\\/05\\\/06\\\/de-la-covid-19-en-sortirem-amb-una-educacio-i-una-comunitat-educativa-mes-reforcada\\\/\"},\"wordCount\":1521,\"commentCount\":0,\"image\":{\"@id\":\"https:\\\/\\\/diarieducacio.cat\\\/educaciolocal\\\/2020\\\/05\\\/06\\\/de-la-covid-19-en-sortirem-amb-una-educacio-i-una-comunitat-educativa-mes-reforcada\\\/#primaryimage\"},\"thumbnailUrl\":\"https:\\\/\\\/diarieducacio.cat\\\/educaciolocal\\\/wp-content\\\/uploads\\\/sites\\\/18\\\/2020\\\/05\\\/Captura-de-pantalla-2020-05-05-a-les-11.25.34-e1588671130477.png\",\"keywords\":[\"Ajuntaments\",\"covid-19\",\"educaci\u00f3360\",\"Entitats\",\"Entorn local\",\"Equitat\",\"Pol\u00edtica educativa\",\"Segregaci\u00f3\"],\"articleSection\":[\"Ajuntaments\",\"Ciutat Educadora\",\"covid-19\",\"Educaci\u00f3360\",\"Entitats\",\"Entorn\",\"General\",\"Pol\u00edtiques educatives locals\",\"Segregaci\u00f3\"],\"inLanguage\":\"ca\",\"potentialAction\":[{\"@type\":\"CommentAction\",\"name\":\"Comment\",\"target\":[\"https:\\\/\\\/diarieducacio.cat\\\/educaciolocal\\\/2020\\\/05\\\/06\\\/de-la-covid-19-en-sortirem-amb-una-educacio-i-una-comunitat-educativa-mes-reforcada\\\/#respond\"]}]},{\"@type\":\"WebPage\",\"@id\":\"https:\\\/\\\/diarieducacio.cat\\\/educaciolocal\\\/2020\\\/05\\\/06\\\/de-la-covid-19-en-sortirem-amb-una-educacio-i-una-comunitat-educativa-mes-reforcada\\\/\",\"url\":\"https:\\\/\\\/diarieducacio.cat\\\/educaciolocal\\\/2020\\\/05\\\/06\\\/de-la-covid-19-en-sortirem-amb-una-educacio-i-una-comunitat-educativa-mes-reforcada\\\/\",\"name\":\"\u00abDe la COVID-19 en sortirem amb una educaci\u00f3 i una comunitat educativa m\u00e9s refor\u00e7ada\u00bb - El blog de l'educaci\u00f3 local\",\"isPartOf\":{\"@id\":\"https:\\\/\\\/diarieducacio.cat\\\/educaciolocal\\\/#website\"},\"primaryImageOfPage\":{\"@id\":\"https:\\\/\\\/diarieducacio.cat\\\/educaciolocal\\\/2020\\\/05\\\/06\\\/de-la-covid-19-en-sortirem-amb-una-educacio-i-una-comunitat-educativa-mes-reforcada\\\/#primaryimage\"},\"image\":{\"@id\":\"https:\\\/\\\/diarieducacio.cat\\\/educaciolocal\\\/2020\\\/05\\\/06\\\/de-la-covid-19-en-sortirem-amb-una-educacio-i-una-comunitat-educativa-mes-reforcada\\\/#primaryimage\"},\"thumbnailUrl\":\"https:\\\/\\\/diarieducacio.cat\\\/educaciolocal\\\/wp-content\\\/uploads\\\/sites\\\/18\\\/2020\\\/05\\\/Captura-de-pantalla-2020-05-05-a-les-11.25.34-e1588671130477.png\",\"datePublished\":\"2020-05-06T00:05:10+00:00\",\"dateModified\":\"2024-08-08T08:52:34+00:00\",\"author\":{\"@id\":\"https:\\\/\\\/diarieducacio.cat\\\/educaciolocal\\\/#\\\/schema\\\/person\\\/da2d34f79300c3ed20b2c4b97b708039\"},\"breadcrumb\":{\"@id\":\"https:\\\/\\\/diarieducacio.cat\\\/educaciolocal\\\/2020\\\/05\\\/06\\\/de-la-covid-19-en-sortirem-amb-una-educacio-i-una-comunitat-educativa-mes-reforcada\\\/#breadcrumb\"},\"inLanguage\":\"ca\",\"potentialAction\":[{\"@type\":\"ReadAction\",\"target\":[\"https:\\\/\\\/diarieducacio.cat\\\/educaciolocal\\\/2020\\\/05\\\/06\\\/de-la-covid-19-en-sortirem-amb-una-educacio-i-una-comunitat-educativa-mes-reforcada\\\/\"]}]},{\"@type\":\"ImageObject\",\"inLanguage\":\"ca\",\"@id\":\"https:\\\/\\\/diarieducacio.cat\\\/educaciolocal\\\/2020\\\/05\\\/06\\\/de-la-covid-19-en-sortirem-amb-una-educacio-i-una-comunitat-educativa-mes-reforcada\\\/#primaryimage\",\"url\":\"https:\\\/\\\/diarieducacio.cat\\\/educaciolocal\\\/wp-content\\\/uploads\\\/sites\\\/18\\\/2020\\\/05\\\/Captura-de-pantalla-2020-05-05-a-les-11.25.34-e1588671130477.png\",\"contentUrl\":\"https:\\\/\\\/diarieducacio.cat\\\/educaciolocal\\\/wp-content\\\/uploads\\\/sites\\\/18\\\/2020\\\/05\\\/Captura-de-pantalla-2020-05-05-a-les-11.25.34-e1588671130477.png\",\"width\":1439,\"height\":806},{\"@type\":\"BreadcrumbList\",\"@id\":\"https:\\\/\\\/diarieducacio.cat\\\/educaciolocal\\\/2020\\\/05\\\/06\\\/de-la-covid-19-en-sortirem-amb-una-educacio-i-una-comunitat-educativa-mes-reforcada\\\/#breadcrumb\",\"itemListElement\":[{\"@type\":\"ListItem\",\"position\":1,\"name\":\"Inici\",\"item\":\"https:\\\/\\\/diarieducacio.cat\\\/educaciolocal\\\/\"},{\"@type\":\"ListItem\",\"position\":2,\"name\":\"\u00abDe la COVID-19 en sortirem amb una educaci\u00f3 i una comunitat educativa m\u00e9s refor\u00e7ada\u00bb\"}]},{\"@type\":\"WebSite\",\"@id\":\"https:\\\/\\\/diarieducacio.cat\\\/educaciolocal\\\/#website\",\"url\":\"https:\\\/\\\/diarieducacio.cat\\\/educaciolocal\\\/\",\"name\":\"El blog de l'educaci\u00f3 local\",\"description\":\"\",\"potentialAction\":[{\"@type\":\"SearchAction\",\"target\":{\"@type\":\"EntryPoint\",\"urlTemplate\":\"https:\\\/\\\/diarieducacio.cat\\\/educaciolocal\\\/?s={search_term_string}\"},\"query-input\":{\"@type\":\"PropertyValueSpecification\",\"valueRequired\":true,\"valueName\":\"search_term_string\"}}],\"inLanguage\":\"ca\"},{\"@type\":\"Person\",\"@id\":\"https:\\\/\\\/diarieducacio.cat\\\/educaciolocal\\\/#\\\/schema\\\/person\\\/da2d34f79300c3ed20b2c4b97b708039\",\"name\":\"Jordi Navarro\",\"image\":{\"@type\":\"ImageObject\",\"inLanguage\":\"ca\",\"@id\":\"https:\\\/\\\/secure.gravatar.com\\\/avatar\\\/cd29893d437b5216950acddcbb40e7d936ee859a4c48a99602279a8909a59ce1?s=96&d=mm&r=g\",\"url\":\"https:\\\/\\\/secure.gravatar.com\\\/avatar\\\/cd29893d437b5216950acddcbb40e7d936ee859a4c48a99602279a8909a59ce1?s=96&d=mm&r=g\",\"contentUrl\":\"https:\\\/\\\/secure.gravatar.com\\\/avatar\\\/cd29893d437b5216950acddcbb40e7d936ee859a4c48a99602279a8909a59ce1?s=96&d=mm&r=g\",\"caption\":\"Jordi Navarro\"},\"url\":\"https:\\\/\\\/diarieducacio.cat\\\/educaciolocal\\\/author\\\/jnavarro\\\/\"}]}<\/script>\n<!-- \/ Yoast SEO plugin. -->","yoast_head_json":{"title":"\u00abDe la COVID-19 en sortirem amb una educaci\u00f3 i una comunitat educativa m\u00e9s refor\u00e7ada\u00bb - El blog de l'educaci\u00f3 local","robots":{"index":"index","follow":"follow","max-snippet":"max-snippet:-1","max-image-preview":"max-image-preview:large","max-video-preview":"max-video-preview:-1"},"canonical":"https:\/\/diarieducacio.cat\/educaciolocal\/2020\/05\/06\/de-la-covid-19-en-sortirem-amb-una-educacio-i-una-comunitat-educativa-mes-reforcada\/","og_locale":"ca_ES","og_type":"article","og_title":"\u00abDe la COVID-19 en sortirem amb una educaci\u00f3 i una comunitat educativa m\u00e9s refor\u00e7ada\u00bb - El blog de l'educaci\u00f3 local","og_description":"Preocupaci\u00f3, resil\u00e8ncia i oportunitat s\u00f3n tres de les paraules m\u00e9s utilitzades pels regidors i t\u00e8cnics municipals d'educaci\u00f3 amb els quals hem parlat per elaborar aquest reportatge. Per als electes i t\u00e8cnics la pand\u00e8mia de la COVID-19 ens ha ofert una nova mostra de com s\u00f3n capa\u00e7os els ajuntaments d'adaptar-se per donar respostes r\u00e0pides a problemes urgents i greus.","og_url":"https:\/\/diarieducacio.cat\/educaciolocal\/2020\/05\/06\/de-la-covid-19-en-sortirem-amb-una-educacio-i-una-comunitat-educativa-mes-reforcada\/","og_site_name":"El blog de l'educaci\u00f3 local","article_publisher":"https:\/\/www.facebook.com\/diarieducacio\/","article_published_time":"2020-05-06T00:05:10+00:00","article_modified_time":"2024-08-08T08:52:34+00:00","og_image":[{"width":1439,"height":806,"url":"https:\/\/diarieducacio.cat\/educaciolocal\/wp-content\/uploads\/sites\/18\/2020\/05\/Captura-de-pantalla-2020-05-05-a-les-11.25.34-e1588671130477.png","type":"image\/png"}],"author":"Jordi Navarro","twitter_card":"summary_large_image","twitter_creator":"@DiariEducacio","twitter_site":"@DiariEducacio","twitter_misc":{"Escrit per":"Jordi Navarro","Temps estimat de lectura":"7 minuts"},"schema":{"@context":"https:\/\/schema.org","@graph":[{"@type":"Article","@id":"https:\/\/diarieducacio.cat\/educaciolocal\/2020\/05\/06\/de-la-covid-19-en-sortirem-amb-una-educacio-i-una-comunitat-educativa-mes-reforcada\/#article","isPartOf":{"@id":"https:\/\/diarieducacio.cat\/educaciolocal\/2020\/05\/06\/de-la-covid-19-en-sortirem-amb-una-educacio-i-una-comunitat-educativa-mes-reforcada\/"},"author":{"name":"Jordi Navarro","@id":"https:\/\/diarieducacio.cat\/educaciolocal\/#\/schema\/person\/da2d34f79300c3ed20b2c4b97b708039"},"headline":"\u00abDe la COVID-19 en sortirem amb una educaci\u00f3 i una comunitat educativa m\u00e9s refor\u00e7ada\u00bb","datePublished":"2020-05-06T00:05:10+00:00","dateModified":"2024-08-08T08:52:34+00:00","mainEntityOfPage":{"@id":"https:\/\/diarieducacio.cat\/educaciolocal\/2020\/05\/06\/de-la-covid-19-en-sortirem-amb-una-educacio-i-una-comunitat-educativa-mes-reforcada\/"},"wordCount":1521,"commentCount":0,"image":{"@id":"https:\/\/diarieducacio.cat\/educaciolocal\/2020\/05\/06\/de-la-covid-19-en-sortirem-amb-una-educacio-i-una-comunitat-educativa-mes-reforcada\/#primaryimage"},"thumbnailUrl":"https:\/\/diarieducacio.cat\/educaciolocal\/wp-content\/uploads\/sites\/18\/2020\/05\/Captura-de-pantalla-2020-05-05-a-les-11.25.34-e1588671130477.png","keywords":["Ajuntaments","covid-19","educaci\u00f3360","Entitats","Entorn local","Equitat","Pol\u00edtica educativa","Segregaci\u00f3"],"articleSection":["Ajuntaments","Ciutat Educadora","covid-19","Educaci\u00f3360","Entitats","Entorn","General","Pol\u00edtiques educatives locals","Segregaci\u00f3"],"inLanguage":"ca","potentialAction":[{"@type":"CommentAction","name":"Comment","target":["https:\/\/diarieducacio.cat\/educaciolocal\/2020\/05\/06\/de-la-covid-19-en-sortirem-amb-una-educacio-i-una-comunitat-educativa-mes-reforcada\/#respond"]}]},{"@type":"WebPage","@id":"https:\/\/diarieducacio.cat\/educaciolocal\/2020\/05\/06\/de-la-covid-19-en-sortirem-amb-una-educacio-i-una-comunitat-educativa-mes-reforcada\/","url":"https:\/\/diarieducacio.cat\/educaciolocal\/2020\/05\/06\/de-la-covid-19-en-sortirem-amb-una-educacio-i-una-comunitat-educativa-mes-reforcada\/","name":"\u00abDe la COVID-19 en sortirem amb una educaci\u00f3 i una comunitat educativa m\u00e9s refor\u00e7ada\u00bb - El blog de l'educaci\u00f3 local","isPartOf":{"@id":"https:\/\/diarieducacio.cat\/educaciolocal\/#website"},"primaryImageOfPage":{"@id":"https:\/\/diarieducacio.cat\/educaciolocal\/2020\/05\/06\/de-la-covid-19-en-sortirem-amb-una-educacio-i-una-comunitat-educativa-mes-reforcada\/#primaryimage"},"image":{"@id":"https:\/\/diarieducacio.cat\/educaciolocal\/2020\/05\/06\/de-la-covid-19-en-sortirem-amb-una-educacio-i-una-comunitat-educativa-mes-reforcada\/#primaryimage"},"thumbnailUrl":"https:\/\/diarieducacio.cat\/educaciolocal\/wp-content\/uploads\/sites\/18\/2020\/05\/Captura-de-pantalla-2020-05-05-a-les-11.25.34-e1588671130477.png","datePublished":"2020-05-06T00:05:10+00:00","dateModified":"2024-08-08T08:52:34+00:00","author":{"@id":"https:\/\/diarieducacio.cat\/educaciolocal\/#\/schema\/person\/da2d34f79300c3ed20b2c4b97b708039"},"breadcrumb":{"@id":"https:\/\/diarieducacio.cat\/educaciolocal\/2020\/05\/06\/de-la-covid-19-en-sortirem-amb-una-educacio-i-una-comunitat-educativa-mes-reforcada\/#breadcrumb"},"inLanguage":"ca","potentialAction":[{"@type":"ReadAction","target":["https:\/\/diarieducacio.cat\/educaciolocal\/2020\/05\/06\/de-la-covid-19-en-sortirem-amb-una-educacio-i-una-comunitat-educativa-mes-reforcada\/"]}]},{"@type":"ImageObject","inLanguage":"ca","@id":"https:\/\/diarieducacio.cat\/educaciolocal\/2020\/05\/06\/de-la-covid-19-en-sortirem-amb-una-educacio-i-una-comunitat-educativa-mes-reforcada\/#primaryimage","url":"https:\/\/diarieducacio.cat\/educaciolocal\/wp-content\/uploads\/sites\/18\/2020\/05\/Captura-de-pantalla-2020-05-05-a-les-11.25.34-e1588671130477.png","contentUrl":"https:\/\/diarieducacio.cat\/educaciolocal\/wp-content\/uploads\/sites\/18\/2020\/05\/Captura-de-pantalla-2020-05-05-a-les-11.25.34-e1588671130477.png","width":1439,"height":806},{"@type":"BreadcrumbList","@id":"https:\/\/diarieducacio.cat\/educaciolocal\/2020\/05\/06\/de-la-covid-19-en-sortirem-amb-una-educacio-i-una-comunitat-educativa-mes-reforcada\/#breadcrumb","itemListElement":[{"@type":"ListItem","position":1,"name":"Inici","item":"https:\/\/diarieducacio.cat\/educaciolocal\/"},{"@type":"ListItem","position":2,"name":"\u00abDe la COVID-19 en sortirem amb una educaci\u00f3 i una comunitat educativa m\u00e9s refor\u00e7ada\u00bb"}]},{"@type":"WebSite","@id":"https:\/\/diarieducacio.cat\/educaciolocal\/#website","url":"https:\/\/diarieducacio.cat\/educaciolocal\/","name":"El blog de l'educaci\u00f3 local","description":"","potentialAction":[{"@type":"SearchAction","target":{"@type":"EntryPoint","urlTemplate":"https:\/\/diarieducacio.cat\/educaciolocal\/?s={search_term_string}"},"query-input":{"@type":"PropertyValueSpecification","valueRequired":true,"valueName":"search_term_string"}}],"inLanguage":"ca"},{"@type":"Person","@id":"https:\/\/diarieducacio.cat\/educaciolocal\/#\/schema\/person\/da2d34f79300c3ed20b2c4b97b708039","name":"Jordi Navarro","image":{"@type":"ImageObject","inLanguage":"ca","@id":"https:\/\/secure.gravatar.com\/avatar\/cd29893d437b5216950acddcbb40e7d936ee859a4c48a99602279a8909a59ce1?s=96&d=mm&r=g","url":"https:\/\/secure.gravatar.com\/avatar\/cd29893d437b5216950acddcbb40e7d936ee859a4c48a99602279a8909a59ce1?s=96&d=mm&r=g","contentUrl":"https:\/\/secure.gravatar.com\/avatar\/cd29893d437b5216950acddcbb40e7d936ee859a4c48a99602279a8909a59ce1?s=96&d=mm&r=g","caption":"Jordi Navarro"},"url":"https:\/\/diarieducacio.cat\/educaciolocal\/author\/jnavarro\/"}]}},"_links":{"self":[{"href":"https:\/\/diarieducacio.cat\/educaciolocal\/wp-json\/wp\/v2\/posts\/1996","targetHints":{"allow":["GET"]}}],"collection":[{"href":"https:\/\/diarieducacio.cat\/educaciolocal\/wp-json\/wp\/v2\/posts"}],"about":[{"href":"https:\/\/diarieducacio.cat\/educaciolocal\/wp-json\/wp\/v2\/types\/post"}],"author":[{"embeddable":true,"href":"https:\/\/diarieducacio.cat\/educaciolocal\/wp-json\/wp\/v2\/users\/233"}],"replies":[{"embeddable":true,"href":"https:\/\/diarieducacio.cat\/educaciolocal\/wp-json\/wp\/v2\/comments?post=1996"}],"version-history":[{"count":1,"href":"https:\/\/diarieducacio.cat\/educaciolocal\/wp-json\/wp\/v2\/posts\/1996\/revisions"}],"predecessor-version":[{"id":4229,"href":"https:\/\/diarieducacio.cat\/educaciolocal\/wp-json\/wp\/v2\/posts\/1996\/revisions\/4229"}],"wp:featuredmedia":[{"embeddable":true,"href":"https:\/\/diarieducacio.cat\/educaciolocal\/wp-json\/wp\/v2\/media\/2006"}],"wp:attachment":[{"href":"https:\/\/diarieducacio.cat\/educaciolocal\/wp-json\/wp\/v2\/media?parent=1996"}],"wp:term":[{"taxonomy":"category","embeddable":true,"href":"https:\/\/diarieducacio.cat\/educaciolocal\/wp-json\/wp\/v2\/categories?post=1996"},{"taxonomy":"post_tag","embeddable":true,"href":"https:\/\/diarieducacio.cat\/educaciolocal\/wp-json\/wp\/v2\/tags?post=1996"},{"taxonomy":"tipo","embeddable":true,"href":"https:\/\/diarieducacio.cat\/educaciolocal\/wp-json\/wp\/v2\/tipo?post=1996"}],"curies":[{"name":"wp","href":"https:\/\/api.w.org\/{rel}","templated":true}]}}