{"id":2278,"date":"2020-07-23T17:10:29","date_gmt":"2020-07-23T17:10:29","guid":{"rendered":"https:\/\/diarieducacio.cat\/educaciolocal\/?p=2278"},"modified":"2024-08-08T10:52:36","modified_gmt":"2024-08-08T08:52:36","slug":"orientacio-laboral-i-academica-a-la-pantalla-del-mobil","status":"publish","type":"post","link":"https:\/\/diarieducacio.cat\/educaciolocal\/2020\/07\/23\/orientacio-laboral-i-academica-a-la-pantalla-del-mobil\/","title":{"rendered":"L&#8217;orientaci\u00f3 educativa i professional, a la pantalla del m\u00f2bil"},"content":{"rendered":"<p>El coronavirus \u00e9s sin\u00f2nim d&#8217;incertesa. I aix\u00ed ho ha estat des de la seva arribada: dies abans del confinament i que es decret\u00e9s l&#8217;estat d&#8217;alarma, molts ajuntaments, entitats i centres van haver de decidir amb poques dades i indicacions del govern qu\u00e8 fer amb actes, esdeveniments i jornades que es tenien previstes. Aix\u00ed va passar a Osona, on tenien programades les jornades C\u00e0psula, d&#8217;orientaci\u00f3 professional i acad\u00e8mica per a joves, per a l&#8217;11 de mar\u00e7. Dos dies abans del confinament.<\/p>\n<p>&#8220;Veient les circumst\u00e0ncies, es va decidir suspendre tot i ens vam reunir d&#8217;urg\u00e8ncia els t\u00e8cnics d&#8217;educaci\u00f3 i joventut de tota la comarca per veure qu\u00e8 f\u00e8iem&#8221;, explica Ivette Costa, del Servei de Joventut del Consell Comarcal d&#8217;Osona. I \u00e9s que l&#8217;orientaci\u00f3 \u00e9s un servei primordial per a adolescents i joves, sobretot per a aquells que es troben a etapes de transici\u00f3 i pels quals una bona guia pot ser sin\u00f2nim d&#8217;un bon futur. &#8220;Calia oferir una alternativa a la presencialitat que pogu\u00e9s arribar als estudiants implicats&#8221;, apunta Costa.<\/p>\n<p>Aquest dilema el van tenir molts municipis en els quals s&#8217;havien de celebrar jornades d&#8217;orientaci\u00f3 a les dates pr\u00f2ximes a la declaraci\u00f3 de l&#8217;estat d&#8217;alarma. La resposta m\u00e9s comuna va ser implementar la p\u00e0gina web destinada a oferir informaci\u00f3 als joves i facilitar l&#8217;acc\u00e9s a les xerrades, emetent-les a trav\u00e9s de xarxes socials. &#8220;Vam decidir millorar i explotar tant com fos possible el web <a href=\"https:\/\/osonajove.cat\/\">Osona Jove<\/a> i centralitzar-hi les diferents xerrades, en format v\u00eddeo&#8221;, explica Costa.<\/p>\n<p>Aix\u00ed tamb\u00e9 ho van fer a Matar\u00f3, on van canviar la Setmana de la Informaci\u00f3 i l&#8217;Orientaci\u00f3 Professional (SIOP), que s&#8217;havia de celebrar a l&#8217;abril, pel web<a href=\"https:\/\/estudiaramataro.cat\/siop\/\"> SIOP a un clic<\/a>. Altres opcions van ser l&#8217;\u00fas i aprofitament de les xarxes socials -en tant que ambient natural dels joves- i usar Facebook, Twitter o Instagram per a reproduir les xerrades que, en principi havien de ser presencials. &#8220;Vam fer \u00fas de les bases de dades de l&#8217;Ajuntament per a enviar formularis online, butlletins electr\u00f2nics i altres crides per a arribar al p\u00fablic&#8221;, explica en Gerard Horrillo, de l&#8217;Ajuntament d&#8217;Alella.<\/p>\n<p>Tots els municipis consultats afirmen que la participaci\u00f3 en aquestes activitats online va ser bona, &#8220;tot i que no tant com hagu\u00e9s estat si les jornades s&#8217;haguessin fet de manera presencial&#8221;, es lamenta Horrillo. Per aix\u00f2, molts ajuntaments van decidir continuar oferint, durant la resta de confinament, orientaci\u00f3 de manera telem\u00e0tica. Un dels avantatges del format online \u00e9s que les xerrades i tot el material queda al web perqu\u00e8 es pugui consultar, m\u00e9s enll\u00e0 de les dates marcades en qu\u00e8 s&#8217;havien de celebrar les jornades. Per exemple, a Osona es van fer codis QR amb totes les opcions formatives i a Alella es van preparar infografies.<\/p>\n<p>Com que els formats online tenen avantatges i com que d&#8217;orientaci\u00f3 mai no se&#8217;n fa massa, hi va haver municipis que, tot i que s\u00ed que van ser a temps de realitzar les seves fires d&#8217;orientaci\u00f3, tamb\u00e9 van decidir llen\u00e7ar-se a la piscina de les xerrades online. \u00c9s el cas d&#8217;El Prat, que va poder celebrar les Jornades d&#8217;Orientaci\u00f3 Acad\u00e8mica i Professional (JOAP) a finals de febrer. &#8220;S\u00ed que es van deixar de fer algunes activitats presencials, com unes jornades d&#8217;orientaci\u00f3 per a joves de 4t d&#8217;ESO que dubten entre FP i Batxillerat, per\u00f2 les vam substituir per portes obertes virtuals i materials audiovisuals, com v\u00eddeos realitzats per alumnes i professors dels instituts d&#8217;FP&#8221;, explica la Carme Vill\u00e9n, t\u00e8cnica d&#8217;educaci\u00f3 d&#8217;El Prat. Aquest municipi va fer tres videoconfer\u00e8ncies obertes a trav\u00e9s d&#8217;Instagram Live, amb m\u00e9s de 550 assistents.<\/p>\n<figure id=\"attachment_2280\" aria-describedby=\"caption-attachment-2280\" style=\"width: 960px\" class=\"wp-caption aligncenter\"><img fetchpriority=\"high\" decoding=\"async\" class=\"wp-image-2280 size-full\" src=\"https:\/\/diarieducacio.cat\/educaciolocal\/wp-content\/uploads\/sites\/26\/2020\/07\/IMG-20200430-WA0005.jpg\" alt=\"\" width=\"960\" height=\"1280\" \/><figcaption id=\"caption-attachment-2280\" class=\"wp-caption-text\">Captura d&#8217;una de les xerrades d&#8217;orientaci\u00f3 realitzades per l&#8217;Ajuntament d&#8217;El Prat a Instagram | Fotografia cedida<\/figcaption><\/figure>\n<h3>Canvi de format, noves oportunitats<\/h3>\n<p>Durant aquest confinament s&#8217;ha parlat repetidament d&#8217;un problema que ten\u00edem soterrat, per\u00f2 que ara ha sortit a la llum, que \u00e9s la bretxa digital. I aix\u00f2 \u00e9s un risc quan, davant la prohibici\u00f3 de sortir de casa, tot l&#8217;acc\u00e9s a la informaci\u00f3 \u00e9s digital. Les complicacions del canvi de format tamb\u00e9 van afectar alguns ajuntaments, com el d&#8217;Alella que va trobar dificultats a l&#8217;hora de poder convertir les xerrades presencials en trobades virtuals, &#8220;degut a la rapidesa dels esdeveniments i la falta de temps dels talleristes i organitzadors&#8221;, apunta Gerard Horrillo.<\/p>\n<p>L&#8217;organitzaci\u00f3 va ser clau per a oferir una r\u00e0pida resposta a la nova situaci\u00f3. El contacte i coordinaci\u00f3 amb els centres educatius, els talleristes i les administracions que participaven de les fires va haver de fluir per a poder posar a disposici\u00f3 de fam\u00edlies i alunmes tot el material. En aquest sentit destaca l&#8217;oferta de recursos virtuals que la Diputaci\u00f3 de Barcelona va posar a l&#8217;abast de diversos municipis per a poder virtualitzar aquestes jornades. &#8220;Nosaltres compt\u00e0vem amb subvencions de la Diputaci\u00f3, que va fer un esfor\u00e7 per a poder passar les activitats de les que participava al format virtual, oferint-nos moltes facilitats&#8221;, assegura, des d&#8217;Osona, Ivette Costa.<\/p>\n<p>Per la banda dels joves, durant els mesos de confinament, els ajuntaments van fer una tasca enorme de recerca de fam\u00edlies amb dificultats d&#8217;acc\u00e9s al m\u00f3n digital i se&#8217;ls van proporcionar tauletes i connexions a Internet perqu\u00e8 poguessin seguir amb les seves activitats acad\u00e8miques i, alhora, accedir a aquests recursos d&#8217;orientaci\u00f3 online. &#8220;Tot i aix\u00f2, hem detectat la manca de recursos per a arribar a tothom, aix\u00ed que cal seguir treballant-hi&#8221;, assegura Costa.<\/p>\n<p>&#8220;Cal seguir treballant per a trobar l&#8217;encaix i no perdre el contacte, que \u00e9s el m\u00e9s important&#8221;, apunten des d&#8217;Alella. Tenir al radar les fam\u00edlies i els joves \u00e9s clau per a l&#8217;orientaci\u00f3 i, per aix\u00f2, els municipis creuen que la millor eina que tindran en un futur \u00e9s la d&#8217;aprendre d&#8217;aquesta experi\u00e8ncia i combinar presencialitat i virtualitat. &#8220;Ha estat una via \u00fatil, que ha de continuar&#8221;, apunta la Pepa Llobet, cap de secci\u00f3 de programes educatius de l&#8217;Ajuntament de Matar\u00f3.<\/p>\n<p>Tot i que molts dels ajuntaments consultats creuen que encara falta preparaci\u00f3 per a dominar el m\u00f3n digital, \u00e9s una gran eina que obre les portes a arribar, potencialment, a molta m\u00e9s gent. A m\u00e9s, en tant que parlem d&#8217;orientaci\u00f3 a joves, &#8220;\u00e9s possible que la construcci\u00f3 telem\u00e0tica ens serveixi per arribar-hi millor i oferir recursos de m\u00e9s f\u00e0cil acc\u00e9s&#8221;, reflexiona Ivette Costa.<\/p>\n","protected":false},"excerpt":{"rendered":"<p>El confinament va obligar a replantejar molts esdeveniments, entre els quals hi ha les fires d&#8217;orientaci\u00f3. Lluny d&#8217;anul\u00b7lar-les, molts ajuntaments van decidir reconvertir els recursos i les xerrades a format virtual, posant el peu aix\u00ed a les xarxes socials, l&#8217;ecosistema natural dels joves. Una reconversi\u00f3 que, sembla, ha arribat per quedar-se<\/p>\n","protected":false},"author":238,"featured_media":2279,"comment_status":"open","ping_status":"closed","sticky":false,"template":"","format":"standard","meta":{"footnotes":""},"categories":[199,2,156],"tags":[],"tipo":[],"class_list":{"0":"post-2278","1":"post","2":"type-post","3":"status-publish","4":"format-standard","5":"has-post-thumbnail","7":"category-ciutats-que-orienten","8":"category-general","9":"category-orientacio"},"yoast_head":"<!-- This site is optimized with the Yoast SEO plugin v27.4 - https:\/\/yoast.com\/product\/yoast-seo-wordpress\/ -->\n<title>L&#039;orientaci\u00f3 educativa i professional, a la pantalla del m\u00f2bil - El blog de l&#039;educaci\u00f3 local<\/title>\n<meta name=\"robots\" content=\"index, follow, max-snippet:-1, max-image-preview:large, max-video-preview:-1\" \/>\n<link rel=\"canonical\" href=\"https:\/\/diarieducacio.cat\/educaciolocal\/2020\/07\/23\/orientacio-laboral-i-academica-a-la-pantalla-del-mobil\/\" \/>\n<meta property=\"og:locale\" content=\"ca_ES\" \/>\n<meta property=\"og:type\" content=\"article\" \/>\n<meta property=\"og:title\" content=\"L&#039;orientaci\u00f3 educativa i professional, a la pantalla del m\u00f2bil - El Blog de l&#039;educaci\u00f3 local\" \/>\n<meta property=\"og:description\" content=\"El confinament va obligar a replantejar molts esdeveniments, entre els quals hi ha les fires d&#039;orientaci\u00f3. Lluny d&#039;anul\u00b7lar-les, molts ajuntaments van decidir reconvertir els recursos i les xerrades a format virtual, posant el peu aix\u00ed a les xarxes socials, l&#039;ecosistema natural dels joves. Una reconversi\u00f3 que, sembla, ha arribat per quedar-se\" \/>\n<meta property=\"og:url\" content=\"https:\/\/diarieducacio.cat\/educaciolocal\/2020\/07\/23\/orientacio-laboral-i-academica-a-la-pantalla-del-mobil\/\" \/>\n<meta property=\"og:site_name\" content=\"El blog de l&#039;educaci\u00f3 local\" \/>\n<meta property=\"article:publisher\" content=\"https:\/\/www.facebook.com\/diarieducacio\/\" \/>\n<meta property=\"article:published_time\" content=\"2020-07-23T17:10:29+00:00\" \/>\n<meta property=\"article:modified_time\" content=\"2024-08-08T08:52:36+00:00\" \/>\n<meta property=\"og:image\" content=\"https:\/\/diarieducacio.cat\/educaciolocal\/wp-content\/uploads\/sites\/18\/2020\/07\/P1010631-1024x576-1.jpg\" \/>\n\t<meta property=\"og:image:width\" content=\"1024\" \/>\n\t<meta property=\"og:image:height\" content=\"576\" \/>\n\t<meta property=\"og:image:type\" content=\"image\/jpeg\" \/>\n<meta name=\"author\" content=\"Sandra Vicente\" \/>\n<meta name=\"twitter:card\" content=\"summary_large_image\" \/>\n<meta name=\"twitter:title\" content=\"L&#039;orientaci\u00f3 educativa i professional, a la pantalla del m\u00f2bil - El Blog de l&#039;educaci\u00f3 local\" \/>\n<meta name=\"twitter:creator\" content=\"@DiariEducacio\" \/>\n<meta name=\"twitter:site\" content=\"@DiariEducacio\" \/>\n<meta name=\"twitter:label1\" content=\"Escrit per\" \/>\n\t<meta name=\"twitter:data1\" content=\"Sandra Vicente\" \/>\n\t<meta name=\"twitter:label2\" content=\"Temps estimat de lectura\" \/>\n\t<meta name=\"twitter:data2\" content=\"5 minuts\" \/>\n<script type=\"application\/ld+json\" class=\"yoast-schema-graph\">{\"@context\":\"https:\\\/\\\/schema.org\",\"@graph\":[{\"@type\":\"Article\",\"@id\":\"https:\\\/\\\/diarieducacio.cat\\\/educaciolocal\\\/2020\\\/07\\\/23\\\/orientacio-laboral-i-academica-a-la-pantalla-del-mobil\\\/#article\",\"isPartOf\":{\"@id\":\"https:\\\/\\\/diarieducacio.cat\\\/educaciolocal\\\/2020\\\/07\\\/23\\\/orientacio-laboral-i-academica-a-la-pantalla-del-mobil\\\/\"},\"author\":{\"name\":\"Sandra Vicente\",\"@id\":\"https:\\\/\\\/diarieducacio.cat\\\/educaciolocal\\\/#\\\/schema\\\/person\\\/8177f0dd96024a7762405a471ae75527\"},\"headline\":\"L&#8217;orientaci\u00f3 educativa i professional, a la pantalla del m\u00f2bil\",\"datePublished\":\"2020-07-23T17:10:29+00:00\",\"dateModified\":\"2024-08-08T08:52:36+00:00\",\"mainEntityOfPage\":{\"@id\":\"https:\\\/\\\/diarieducacio.cat\\\/educaciolocal\\\/2020\\\/07\\\/23\\\/orientacio-laboral-i-academica-a-la-pantalla-del-mobil\\\/\"},\"wordCount\":1145,\"commentCount\":0,\"image\":{\"@id\":\"https:\\\/\\\/diarieducacio.cat\\\/educaciolocal\\\/2020\\\/07\\\/23\\\/orientacio-laboral-i-academica-a-la-pantalla-del-mobil\\\/#primaryimage\"},\"thumbnailUrl\":\"https:\\\/\\\/diarieducacio.cat\\\/educaciolocal\\\/wp-content\\\/uploads\\\/sites\\\/18\\\/2020\\\/07\\\/P1010631-1024x576-1.jpg\",\"articleSection\":[\"Ciutats que orienten\",\"General\",\"Orientaci\u00f3\"],\"inLanguage\":\"ca\",\"potentialAction\":[{\"@type\":\"CommentAction\",\"name\":\"Comment\",\"target\":[\"https:\\\/\\\/diarieducacio.cat\\\/educaciolocal\\\/2020\\\/07\\\/23\\\/orientacio-laboral-i-academica-a-la-pantalla-del-mobil\\\/#respond\"]}]},{\"@type\":\"WebPage\",\"@id\":\"https:\\\/\\\/diarieducacio.cat\\\/educaciolocal\\\/2020\\\/07\\\/23\\\/orientacio-laboral-i-academica-a-la-pantalla-del-mobil\\\/\",\"url\":\"https:\\\/\\\/diarieducacio.cat\\\/educaciolocal\\\/2020\\\/07\\\/23\\\/orientacio-laboral-i-academica-a-la-pantalla-del-mobil\\\/\",\"name\":\"L'orientaci\u00f3 educativa i professional, a la pantalla del m\u00f2bil - El blog de l'educaci\u00f3 local\",\"isPartOf\":{\"@id\":\"https:\\\/\\\/diarieducacio.cat\\\/educaciolocal\\\/#website\"},\"primaryImageOfPage\":{\"@id\":\"https:\\\/\\\/diarieducacio.cat\\\/educaciolocal\\\/2020\\\/07\\\/23\\\/orientacio-laboral-i-academica-a-la-pantalla-del-mobil\\\/#primaryimage\"},\"image\":{\"@id\":\"https:\\\/\\\/diarieducacio.cat\\\/educaciolocal\\\/2020\\\/07\\\/23\\\/orientacio-laboral-i-academica-a-la-pantalla-del-mobil\\\/#primaryimage\"},\"thumbnailUrl\":\"https:\\\/\\\/diarieducacio.cat\\\/educaciolocal\\\/wp-content\\\/uploads\\\/sites\\\/18\\\/2020\\\/07\\\/P1010631-1024x576-1.jpg\",\"datePublished\":\"2020-07-23T17:10:29+00:00\",\"dateModified\":\"2024-08-08T08:52:36+00:00\",\"author\":{\"@id\":\"https:\\\/\\\/diarieducacio.cat\\\/educaciolocal\\\/#\\\/schema\\\/person\\\/8177f0dd96024a7762405a471ae75527\"},\"breadcrumb\":{\"@id\":\"https:\\\/\\\/diarieducacio.cat\\\/educaciolocal\\\/2020\\\/07\\\/23\\\/orientacio-laboral-i-academica-a-la-pantalla-del-mobil\\\/#breadcrumb\"},\"inLanguage\":\"ca\",\"potentialAction\":[{\"@type\":\"ReadAction\",\"target\":[\"https:\\\/\\\/diarieducacio.cat\\\/educaciolocal\\\/2020\\\/07\\\/23\\\/orientacio-laboral-i-academica-a-la-pantalla-del-mobil\\\/\"]}]},{\"@type\":\"ImageObject\",\"inLanguage\":\"ca\",\"@id\":\"https:\\\/\\\/diarieducacio.cat\\\/educaciolocal\\\/2020\\\/07\\\/23\\\/orientacio-laboral-i-academica-a-la-pantalla-del-mobil\\\/#primaryimage\",\"url\":\"https:\\\/\\\/diarieducacio.cat\\\/educaciolocal\\\/wp-content\\\/uploads\\\/sites\\\/18\\\/2020\\\/07\\\/P1010631-1024x576-1.jpg\",\"contentUrl\":\"https:\\\/\\\/diarieducacio.cat\\\/educaciolocal\\\/wp-content\\\/uploads\\\/sites\\\/18\\\/2020\\\/07\\\/P1010631-1024x576-1.jpg\",\"width\":1024,\"height\":576,\"caption\":\"Davant la incapacitat de celebrar fires d'orientaci\u00f3 presencials, la virtualitat s'ha imposat aquest curs | Sandra Vicente\"},{\"@type\":\"BreadcrumbList\",\"@id\":\"https:\\\/\\\/diarieducacio.cat\\\/educaciolocal\\\/2020\\\/07\\\/23\\\/orientacio-laboral-i-academica-a-la-pantalla-del-mobil\\\/#breadcrumb\",\"itemListElement\":[{\"@type\":\"ListItem\",\"position\":1,\"name\":\"Inici\",\"item\":\"https:\\\/\\\/diarieducacio.cat\\\/educaciolocal\\\/\"},{\"@type\":\"ListItem\",\"position\":2,\"name\":\"L&#8217;orientaci\u00f3 educativa i professional, a la pantalla del m\u00f2bil\"}]},{\"@type\":\"WebSite\",\"@id\":\"https:\\\/\\\/diarieducacio.cat\\\/educaciolocal\\\/#website\",\"url\":\"https:\\\/\\\/diarieducacio.cat\\\/educaciolocal\\\/\",\"name\":\"El blog de l'educaci\u00f3 local\",\"description\":\"\",\"potentialAction\":[{\"@type\":\"SearchAction\",\"target\":{\"@type\":\"EntryPoint\",\"urlTemplate\":\"https:\\\/\\\/diarieducacio.cat\\\/educaciolocal\\\/?s={search_term_string}\"},\"query-input\":{\"@type\":\"PropertyValueSpecification\",\"valueRequired\":true,\"valueName\":\"search_term_string\"}}],\"inLanguage\":\"ca\"},{\"@type\":\"Person\",\"@id\":\"https:\\\/\\\/diarieducacio.cat\\\/educaciolocal\\\/#\\\/schema\\\/person\\\/8177f0dd96024a7762405a471ae75527\",\"name\":\"Sandra Vicente\",\"image\":{\"@type\":\"ImageObject\",\"inLanguage\":\"ca\",\"@id\":\"https:\\\/\\\/secure.gravatar.com\\\/avatar\\\/1d924c0c0cbe84e513a748ce4d132de907fcd7f7ed16fa6b9d4ab44c50425996?s=96&d=mm&r=g\",\"url\":\"https:\\\/\\\/secure.gravatar.com\\\/avatar\\\/1d924c0c0cbe84e513a748ce4d132de907fcd7f7ed16fa6b9d4ab44c50425996?s=96&d=mm&r=g\",\"contentUrl\":\"https:\\\/\\\/secure.gravatar.com\\\/avatar\\\/1d924c0c0cbe84e513a748ce4d132de907fcd7f7ed16fa6b9d4ab44c50425996?s=96&d=mm&r=g\",\"caption\":\"Sandra Vicente\"},\"url\":\"https:\\\/\\\/diarieducacio.cat\\\/educaciolocal\\\/author\\\/sandv\\\/\"}]}<\/script>\n<!-- \/ Yoast SEO plugin. -->","yoast_head_json":{"title":"L'orientaci\u00f3 educativa i professional, a la pantalla del m\u00f2bil - El blog de l'educaci\u00f3 local","robots":{"index":"index","follow":"follow","max-snippet":"max-snippet:-1","max-image-preview":"max-image-preview:large","max-video-preview":"max-video-preview:-1"},"canonical":"https:\/\/diarieducacio.cat\/educaciolocal\/2020\/07\/23\/orientacio-laboral-i-academica-a-la-pantalla-del-mobil\/","og_locale":"ca_ES","og_type":"article","og_title":"L'orientaci\u00f3 educativa i professional, a la pantalla del m\u00f2bil - El Blog de l'educaci\u00f3 local","og_description":"El confinament va obligar a replantejar molts esdeveniments, entre els quals hi ha les fires d'orientaci\u00f3. Lluny d'anul\u00b7lar-les, molts ajuntaments van decidir reconvertir els recursos i les xerrades a format virtual, posant el peu aix\u00ed a les xarxes socials, l'ecosistema natural dels joves. Una reconversi\u00f3 que, sembla, ha arribat per quedar-se","og_url":"https:\/\/diarieducacio.cat\/educaciolocal\/2020\/07\/23\/orientacio-laboral-i-academica-a-la-pantalla-del-mobil\/","og_site_name":"El blog de l'educaci\u00f3 local","article_publisher":"https:\/\/www.facebook.com\/diarieducacio\/","article_published_time":"2020-07-23T17:10:29+00:00","article_modified_time":"2024-08-08T08:52:36+00:00","og_image":[{"width":1024,"height":576,"url":"https:\/\/diarieducacio.cat\/educaciolocal\/wp-content\/uploads\/sites\/18\/2020\/07\/P1010631-1024x576-1.jpg","type":"image\/jpeg"}],"author":"Sandra Vicente","twitter_card":"summary_large_image","twitter_title":"L'orientaci\u00f3 educativa i professional, a la pantalla del m\u00f2bil - El Blog de l'educaci\u00f3 local","twitter_creator":"@DiariEducacio","twitter_site":"@DiariEducacio","twitter_misc":{"Escrit per":"Sandra Vicente","Temps estimat de lectura":"5 minuts"},"schema":{"@context":"https:\/\/schema.org","@graph":[{"@type":"Article","@id":"https:\/\/diarieducacio.cat\/educaciolocal\/2020\/07\/23\/orientacio-laboral-i-academica-a-la-pantalla-del-mobil\/#article","isPartOf":{"@id":"https:\/\/diarieducacio.cat\/educaciolocal\/2020\/07\/23\/orientacio-laboral-i-academica-a-la-pantalla-del-mobil\/"},"author":{"name":"Sandra Vicente","@id":"https:\/\/diarieducacio.cat\/educaciolocal\/#\/schema\/person\/8177f0dd96024a7762405a471ae75527"},"headline":"L&#8217;orientaci\u00f3 educativa i professional, a la pantalla del m\u00f2bil","datePublished":"2020-07-23T17:10:29+00:00","dateModified":"2024-08-08T08:52:36+00:00","mainEntityOfPage":{"@id":"https:\/\/diarieducacio.cat\/educaciolocal\/2020\/07\/23\/orientacio-laboral-i-academica-a-la-pantalla-del-mobil\/"},"wordCount":1145,"commentCount":0,"image":{"@id":"https:\/\/diarieducacio.cat\/educaciolocal\/2020\/07\/23\/orientacio-laboral-i-academica-a-la-pantalla-del-mobil\/#primaryimage"},"thumbnailUrl":"https:\/\/diarieducacio.cat\/educaciolocal\/wp-content\/uploads\/sites\/18\/2020\/07\/P1010631-1024x576-1.jpg","articleSection":["Ciutats que orienten","General","Orientaci\u00f3"],"inLanguage":"ca","potentialAction":[{"@type":"CommentAction","name":"Comment","target":["https:\/\/diarieducacio.cat\/educaciolocal\/2020\/07\/23\/orientacio-laboral-i-academica-a-la-pantalla-del-mobil\/#respond"]}]},{"@type":"WebPage","@id":"https:\/\/diarieducacio.cat\/educaciolocal\/2020\/07\/23\/orientacio-laboral-i-academica-a-la-pantalla-del-mobil\/","url":"https:\/\/diarieducacio.cat\/educaciolocal\/2020\/07\/23\/orientacio-laboral-i-academica-a-la-pantalla-del-mobil\/","name":"L'orientaci\u00f3 educativa i professional, a la pantalla del m\u00f2bil - El blog de l'educaci\u00f3 local","isPartOf":{"@id":"https:\/\/diarieducacio.cat\/educaciolocal\/#website"},"primaryImageOfPage":{"@id":"https:\/\/diarieducacio.cat\/educaciolocal\/2020\/07\/23\/orientacio-laboral-i-academica-a-la-pantalla-del-mobil\/#primaryimage"},"image":{"@id":"https:\/\/diarieducacio.cat\/educaciolocal\/2020\/07\/23\/orientacio-laboral-i-academica-a-la-pantalla-del-mobil\/#primaryimage"},"thumbnailUrl":"https:\/\/diarieducacio.cat\/educaciolocal\/wp-content\/uploads\/sites\/18\/2020\/07\/P1010631-1024x576-1.jpg","datePublished":"2020-07-23T17:10:29+00:00","dateModified":"2024-08-08T08:52:36+00:00","author":{"@id":"https:\/\/diarieducacio.cat\/educaciolocal\/#\/schema\/person\/8177f0dd96024a7762405a471ae75527"},"breadcrumb":{"@id":"https:\/\/diarieducacio.cat\/educaciolocal\/2020\/07\/23\/orientacio-laboral-i-academica-a-la-pantalla-del-mobil\/#breadcrumb"},"inLanguage":"ca","potentialAction":[{"@type":"ReadAction","target":["https:\/\/diarieducacio.cat\/educaciolocal\/2020\/07\/23\/orientacio-laboral-i-academica-a-la-pantalla-del-mobil\/"]}]},{"@type":"ImageObject","inLanguage":"ca","@id":"https:\/\/diarieducacio.cat\/educaciolocal\/2020\/07\/23\/orientacio-laboral-i-academica-a-la-pantalla-del-mobil\/#primaryimage","url":"https:\/\/diarieducacio.cat\/educaciolocal\/wp-content\/uploads\/sites\/18\/2020\/07\/P1010631-1024x576-1.jpg","contentUrl":"https:\/\/diarieducacio.cat\/educaciolocal\/wp-content\/uploads\/sites\/18\/2020\/07\/P1010631-1024x576-1.jpg","width":1024,"height":576,"caption":"Davant la incapacitat de celebrar fires d'orientaci\u00f3 presencials, la virtualitat s'ha imposat aquest curs | Sandra Vicente"},{"@type":"BreadcrumbList","@id":"https:\/\/diarieducacio.cat\/educaciolocal\/2020\/07\/23\/orientacio-laboral-i-academica-a-la-pantalla-del-mobil\/#breadcrumb","itemListElement":[{"@type":"ListItem","position":1,"name":"Inici","item":"https:\/\/diarieducacio.cat\/educaciolocal\/"},{"@type":"ListItem","position":2,"name":"L&#8217;orientaci\u00f3 educativa i professional, a la pantalla del m\u00f2bil"}]},{"@type":"WebSite","@id":"https:\/\/diarieducacio.cat\/educaciolocal\/#website","url":"https:\/\/diarieducacio.cat\/educaciolocal\/","name":"El blog de l'educaci\u00f3 local","description":"","potentialAction":[{"@type":"SearchAction","target":{"@type":"EntryPoint","urlTemplate":"https:\/\/diarieducacio.cat\/educaciolocal\/?s={search_term_string}"},"query-input":{"@type":"PropertyValueSpecification","valueRequired":true,"valueName":"search_term_string"}}],"inLanguage":"ca"},{"@type":"Person","@id":"https:\/\/diarieducacio.cat\/educaciolocal\/#\/schema\/person\/8177f0dd96024a7762405a471ae75527","name":"Sandra Vicente","image":{"@type":"ImageObject","inLanguage":"ca","@id":"https:\/\/secure.gravatar.com\/avatar\/1d924c0c0cbe84e513a748ce4d132de907fcd7f7ed16fa6b9d4ab44c50425996?s=96&d=mm&r=g","url":"https:\/\/secure.gravatar.com\/avatar\/1d924c0c0cbe84e513a748ce4d132de907fcd7f7ed16fa6b9d4ab44c50425996?s=96&d=mm&r=g","contentUrl":"https:\/\/secure.gravatar.com\/avatar\/1d924c0c0cbe84e513a748ce4d132de907fcd7f7ed16fa6b9d4ab44c50425996?s=96&d=mm&r=g","caption":"Sandra Vicente"},"url":"https:\/\/diarieducacio.cat\/educaciolocal\/author\/sandv\/"}]}},"_links":{"self":[{"href":"https:\/\/diarieducacio.cat\/educaciolocal\/wp-json\/wp\/v2\/posts\/2278","targetHints":{"allow":["GET"]}}],"collection":[{"href":"https:\/\/diarieducacio.cat\/educaciolocal\/wp-json\/wp\/v2\/posts"}],"about":[{"href":"https:\/\/diarieducacio.cat\/educaciolocal\/wp-json\/wp\/v2\/types\/post"}],"author":[{"embeddable":true,"href":"https:\/\/diarieducacio.cat\/educaciolocal\/wp-json\/wp\/v2\/users\/238"}],"replies":[{"embeddable":true,"href":"https:\/\/diarieducacio.cat\/educaciolocal\/wp-json\/wp\/v2\/comments?post=2278"}],"version-history":[{"count":1,"href":"https:\/\/diarieducacio.cat\/educaciolocal\/wp-json\/wp\/v2\/posts\/2278\/revisions"}],"predecessor-version":[{"id":4246,"href":"https:\/\/diarieducacio.cat\/educaciolocal\/wp-json\/wp\/v2\/posts\/2278\/revisions\/4246"}],"wp:featuredmedia":[{"embeddable":true,"href":"https:\/\/diarieducacio.cat\/educaciolocal\/wp-json\/wp\/v2\/media\/2279"}],"wp:attachment":[{"href":"https:\/\/diarieducacio.cat\/educaciolocal\/wp-json\/wp\/v2\/media?parent=2278"}],"wp:term":[{"taxonomy":"category","embeddable":true,"href":"https:\/\/diarieducacio.cat\/educaciolocal\/wp-json\/wp\/v2\/categories?post=2278"},{"taxonomy":"post_tag","embeddable":true,"href":"https:\/\/diarieducacio.cat\/educaciolocal\/wp-json\/wp\/v2\/tags?post=2278"},{"taxonomy":"tipo","embeddable":true,"href":"https:\/\/diarieducacio.cat\/educaciolocal\/wp-json\/wp\/v2\/tipo?post=2278"}],"curies":[{"name":"wp","href":"https:\/\/api.w.org\/{rel}","templated":true}]}}