{"id":2343,"date":"2020-10-07T21:35:17","date_gmt":"2020-10-07T21:35:17","guid":{"rendered":"https:\/\/diarieducacio.cat\/educaciolocal\/?p=2343"},"modified":"2024-08-08T10:52:36","modified_gmt":"2024-08-08T08:52:36","slug":"conviure-amb-la-nova-normalitat-com-afronten-el-nou-curs-les-escoles-municipals","status":"publish","type":"post","link":"https:\/\/diarieducacio.cat\/educaciolocal\/2020\/10\/07\/conviure-amb-la-nova-normalitat-com-afronten-el-nou-curs-les-escoles-municipals\/","title":{"rendered":"Conviure amb la nova normalitat: com afronten el nou curs les escoles municipals?"},"content":{"rendered":"<p>\u201cUn curs singular\u201d, amb \u201cpor i il\u00b7lusi\u00f3 a parts iguals\u201d i en el qual regna \u201cla sensaci\u00f3 d&#8217;haver d&#8217;anar amb peus de plom per garantir la seguretat\u201d. Aquestes s\u00f3n algunes de les impressions que tenen diversos centres educatius de <a href=\"https:\/\/diarieducacio.cat\/educaciolocal\/2020\/06\/08\/la-bressol-confinada-el-nostre-lloc-no-es-a-les-pantalles-sino-a-les-aules-amb-els-infants\/\">bressol<\/a>, <a href=\"https:\/\/diarieducacio.cat\/educaciolocal\/2020\/06\/29\/pantalles-en-lloc-dabracades-les-dificultats-de-lescola-deducacio-especial-confinada\/\">d&#8217;educaci\u00f3 especial<\/a>, <a href=\"https:\/\/diarieducacio.cat\/educaciolocal\/2020\/06\/15\/escoles-dadults-i-el-sot-del-confinament-si-el-curs-que-ve-es-online-molts-no-es-matricularan\/\">d&#8217;adults<\/a> i de <a href=\"https:\/\/diarieducacio.cat\/educaciolocal\/2020\/05\/14\/assajos-corals-amb-delay-i-practiques-en-video-la-realitat-de-les-escoles-de-musica-al-confinament\/\">m\u00fasica<\/a>. A la primavera els vam preguntar com portaven el confinament i ara, amb el nou curs ja comen\u00e7at, les tornem a contactar per a que ens expliquin com \u00e9s la nova normalitat.<\/p>\n<p>Despr\u00e9s de sis mesos sense classes -a excepci\u00f3 de les bressol, que van tornar les darreres setmanes de curs- les portes de les escoles han tornat a obrir. Mesos de planificacions i incerteses han estat l&#8217;avantsala de la posada en escena de la resili\u00e8ncia del m\u00f3n educatiu. Les aules, sens dubte, han canviat. I molt: les mascaretes i els gels hidroalcoh\u00f2lics s\u00f3n omnipresents i la dist\u00e0ncia i la precauci\u00f3 s\u00f3n b\u00e0siques. La nova normalitat cada cop \u00e9s menys nova, sobretot pels m\u00e9s menuts, aquells que \u201cs\u00f3n tan petits que, malauradament, la seva realitat ja \u00e9s relacionar-se aix\u00ed gaireb\u00e9 des de sempre\u201d, explica Gl\u00f2ria Olmos, coordinadora de l&#8217;Escola Bressol Municipal &#8216;Horta Vermella&#8217; de Vic.<\/p>\n<p>Aquesta realitat, per una banda marca el canvi d&#8217;\u00e8poca que vivim i, per l&#8217;altra, \u201cens ensenya que, tot i les mascaretes, podem seguir fent les coses amb el mateix amor, respecte i calidesa de sempre\u201d, reflexiona Olmos. I \u00e9s que tots els centres consultats coincideixen en les ganes de \u201ctirar endavant i poder-nos veure les cares de nou\u201d, afirma Ruth Matamala, directora de l&#8217;Escola Municipal de m\u00fasica &#8216;Cal Moliner&#8217; de Sallent. La presencialitat \u00e9s important per a l&#8217;educaci\u00f3, sobretot per aquella que requereix de contacte visual i pr\u00e0ctica col\u00b7lectiva, com les escoles de m\u00fasica; o les que necessiten de l&#8217;acompanyament emocional, com l&#8217;escola bressol o l&#8217;educaci\u00f3 especial.<\/p>\n<figure id=\"attachment_2347\" aria-describedby=\"caption-attachment-2347\" style=\"width: 2200px\" class=\"wp-caption aligncenter\"><img fetchpriority=\"high\" decoding=\"async\" class=\"wp-image-2347 size-full\" src=\"https:\/\/diarieducacio.cat\/educaciolocal\/wp-content\/uploads\/sites\/26\/2020\/10\/MOLLET3.jpg\" alt=\"\" width=\"2200\" height=\"1650\" \/><figcaption id=\"caption-attachment-2347\" class=\"wp-caption-text\">Alumnes de l&#8217;Escola Municipal d&#8217;Educaci\u00f3 Especial Can Vila | Fotografia cedida pel centre<\/figcaption><\/figure>\n<h3><b>Proximitat, per\u00f2 amb dist\u00e0ncia<\/b><\/h3>\n<p>Les pautes decretades per la Generalitat marquen grups bombolla, \u00fas de mascareta, dist\u00e0ncia&#8230;aquestes directrius poden ser m\u00e9s dif\u00edcils de complir per alguns centres que per d&#8217;altres. \u201cEns preocupa el distanciament, perqu\u00e8 ens \u00e9s dif\u00edcil de generalitzar a tota l&#8217;escola\u201d, diu l&#8217;Antonio L\u00f3pez, director de l&#8217;Escola Municipal d&#8217;Educaci\u00f3 Especial &#8216;Can Vila&#8217; de Mollet del Vall\u00e8s. A aquests centres hi ha alumnes als quals s&#8217;ha de canviar de roba o bolquers, altres que tenen dificultats sensorials o motrius, o que tenen necessitat de contacte hum\u00e0 per regular emocions.<\/p>\n<p>\u201cNo podem oblidar que el model d&#8217;educaci\u00f3 especial est\u00e0 basat en la necessitat de vincle. Una escola com la nostra, sense contacte f\u00edsic \u00e9s impossible i, segurament, no desitjable\u201d, reitera L\u00f3pez, a qui preocupa qu\u00e8 passar\u00e0 quan la &#8216;nova normalitat&#8217; passi a ser \u201cuna c\u00e0rrega\u201d. I \u00e9s que a aquests centres les din\u00e0miques (com els tractaments de fisioter\u00e0pia o logop\u00e8dia que trenquen inevitablement els grups bombolla) s&#8217;han hagut d&#8217;adaptar als nous requeriments de salut, \u201ctot i que hi ha alguns requisits que no podem complir i als quals no som capa\u00e7os de trobar soluci\u00f3\u201d, assegura L\u00f3pez. Es refereix, per exemple, a fer complir l&#8217;\u00fas de mascareta a alumnes amb dificultats greus o poder organitzar sortides i entrades esglaonades si la majoria dels alumnes fan servir el transport escolar.<\/p>\n<p>Des de l&#8217;escola bressol tamb\u00e9 afirmen que han hagut de rec\u00f3rrer a la \u201ccreativitat \u201c per a fer complir les disposicions i, alhora, garantir l&#8217;acompanyament als infants. Asseguren que eliminar el contacte f\u00edsic \u00e9s impossible, ja que \u201cno es pot canviar un bolquer o donar un biber\u00f3 en la dist\u00e0ncia\u201d, assegura Joana Almansa, directora de la Llar d\u2019Infants Municipal de Balsareny. Els nens i nenes, segons les educadores, es continuen relacionant com abans -sempre, per\u00f2, dins el seu grup bombolla. L&#8217;\u00fanic element que distorsiona el dia a dia, diuen, \u00e9s la mascareta, que amaga les expressions dels adults i pot suposar un greuge en els aprenentatges comunicatius.<\/p>\n<figure id=\"attachment_2345\" aria-describedby=\"caption-attachment-2345\" style=\"width: 661px\" class=\"wp-caption aligncenter\"><img decoding=\"async\" class=\"wp-image-2345 size-full\" src=\"https:\/\/diarieducacio.cat\/educaciolocal\/wp-content\/uploads\/sites\/26\/2020\/10\/Sallent.png\" alt=\"\" width=\"661\" height=\"494\" \/><figcaption id=\"caption-attachment-2345\" class=\"wp-caption-text\">Les pantalles instal\u00b7lades a l&#8217;escola de m\u00fasica Cal Moliner per a fer classes d&#8217;instrument de vent | Fotografia cedida pel centre<\/figcaption><\/figure>\n<h3><b>Combinar presencialitat i educaci\u00f3 telem\u00e0tica<\/b><\/h3>\n<p>Les recomanacions de seguretat cobren m\u00e9s import\u00e0ncia encara quan es tracta amb persones de risc davant el coronavirus. \u00c9s el cas d&#8217;alguns dels alumnes de les escoles d&#8217;adults, on es recomana que les persones majors de 65 anys no assisteixin presencialment a classe. \u201cEncara que hem activat totes les mesures, hem de garantir la salut de tota la poblaci\u00f3\u201d, apunta Ant\u00f2nia P\u00e9rez, directora de l&#8217;Escola Municipal d&#8217;Adults de Castellar del Vall\u00e8s, qui assegura que els alumnes han acceptat les recomanacions \u201cde bon grau\u201d.<\/p>\n<p>Davant aquesta situaci\u00f3, molts centres han incorporat plataformes per a treballar amb els alumnes des de casa, ja sigui en cas de confinament o en el cas que els alumnes prefereixin no assistir a classe. \u201cEvidentment aix\u00f2 suposa una formaci\u00f3 espec\u00edfica per a tot el professorat, per\u00f2 despr\u00e9s del confinament pensem que organitzar els cursos combinant les dues modalitats ser\u00e0 un aven\u00e7 significatiu per a tothom\u201d, assegura P\u00e9rez.<\/p>\n<p>Aquesta tamb\u00e9 \u00e9s la modalitat escollida per algunes escoles de m\u00fasica, ja que les singularitats de les classes i mat\u00e8ries fan que algunes no es puguin dur a terme com es feia abans. \u00c9s el cas de l&#8217;escola Cal Moliner de Sallent, on alguns grups s&#8217;han hagut de desdoblar i nom\u00e9s fan classe presencial cada 15 dies. \u201cEn aquests casos, o si alg\u00fa s&#8217;ha de confinar, no es queda sense classe, ja que se li ofereix la lli\u00e7\u00f3 online en el mateix horari habitual\u201d, explica Ruth Matamala, directora del centre.<\/p>\n<p>Les escoles de m\u00fasica tenen algunes dificultats afegides, ja que les classes d&#8217;alguns instruments, com els de vent, imposibiliten l&#8217;\u00fas de mascaretes, motiu pel qual s&#8217;han instal\u00b7lat pantalles protectores individuals. Algunes aules, com les de percussi\u00f3, que estan insonoritzades, han hagut de ser substitu\u00efdes per altres espais amb ventilaci\u00f3 i finestres obertes, provocant que \u201calgunes classes ja s&#8217;hagin hagut de fer amb roba d&#8217;abric a les darreres hores del dia\u201d.<\/p>\n<figure id=\"attachment_2348\" aria-describedby=\"caption-attachment-2348\" style=\"width: 1600px\" class=\"wp-caption aligncenter\"><img decoding=\"async\" class=\"wp-image-2348 size-full\" src=\"https:\/\/diarieducacio.cat\/educaciolocal\/wp-content\/uploads\/sites\/26\/2020\/10\/VIC2.jpeg\" alt=\"\" width=\"1600\" height=\"1200\" \/><figcaption id=\"caption-attachment-2348\" class=\"wp-caption-text\">Escola Bressol Horta Vermella| Fotografia cedida pel centre<\/figcaption><\/figure>\n<h3><b>Les seq\u00fceles del confinament<\/b><\/h3>\n<p>Des de la majoria de centres afirmen que \u201cens estem ensortint millor del que pens\u00e0vem\u201d, tot i que a molts d&#8217;aquests centres de formaci\u00f3 no obligat\u00f2ria la pand\u00e8mia els ha afectat en tant que han vist reduir el n\u00famero de matriculacions. \u201cEls nostres ensenyaments responen al gaudi d&#8217;aprendre i a la necessitat de socialitzar que tenim els humans, aspectes que han quedat relegats a un segon pla ara que est\u00e0 en perill la salut\u201d, opina Gemma Garriga, directora de l\u2019Escola d\u2019Adults &#8216;El Roure Gros&#8217;, de Caldes de Montbu\u00ed.<\/p>\n<p>En aquest centre, vora el 36% dels alumnes no han repetit la seva matr\u00edcula, tot i que compten amb 61 persones noves. \u201cValorem molt positivament la dada, sobretot perqu\u00e8 les persones que venen a l&#8217;escola es troben en situacions molt diverses\u201d, apunta Garriga. En el cas de la bressol, les sensacions tamb\u00e9 s\u00f3n agredolces ja que, si b\u00e9 noten com algunes fam\u00edlies han decidit no portar les criatures a l&#8217;escola, tamb\u00e9 veuen com, a mesura que avancen les setmanes, algunes van tornant poc a poc.<\/p>\n<p>\u201cSi b\u00e9 hem tingut menys renovaci\u00f3 de matr\u00edcula que altres anys, hem tingut m\u00e9s altes. Crec que tothom va veure l&#8217;esfor\u00e7 que es va fer durant el confinament i ens ho estan reconeixent\u201d, explica Matamala, des de l&#8217;Escola de M\u00fasica de Sallent.\u00a0Despr\u00e9s dels mesos d&#8217;incertesa del principi de la pand\u00e8mia, ara els centres emprenen el nou curs amb \u201cmolta filosofia. Ens revestim d&#8217;una p\u00e0tina de confian\u00e7a, tranquil\u00b7litat i esperan\u00e7a\u201d, s&#8217;expressa Ant\u00f2nia P\u00e9rez.<\/p>\n<p>La situaci\u00f3 viscuda no nom\u00e9s ha aportat adaptaci\u00f3 de les noves tecnologies, sin\u00f3 que tamb\u00e9 ha augmentat la capacitat de resili\u00e8ncia i flexibilitat. I \u00e9s que, \u201ctot i que la por \u00e9s un concepte de dif\u00edcil control, hi ha moltes persones que veuen que no ens podem empetitir per aquesta malaltia, que sembla que ha vingut per quedar-se, i hem d&#8217;aprendre a conviure-hi sense posar en risc la nostra integritat\u201d, reflexiona P\u00e9rez.<\/p>\n","protected":false},"excerpt":{"rendered":"<p>Les normatives per a controlar l&#8217;expansi\u00f3 del virus s\u00f3n iguals per a tots els centres educatius, tot i que cadascun d&#8217;ells t\u00e9 les seves especificitats. Parlem amb diversos centres per veure com combinen l&#8217;acompanyament emocional i la proximitat amb la seguretat.<\/p>\n","protected":false},"author":238,"featured_media":2344,"comment_status":"open","ping_status":"closed","sticky":false,"template":"","format":"standard","meta":{"footnotes":""},"categories":[119,256,211,234,225,265,123,124,126],"tags":[121,253,257,273],"tipo":[],"class_list":{"0":"post-2343","1":"post","2":"type-post","3":"status-publish","4":"format-standard","5":"has-post-thumbnail","7":"category-centres-educatius","8":"category-covid-19","9":"category-educacio-al-llarg-de-la-vida","10":"category-educacio-especial","11":"category-educacio-infantil","12":"category-educacio-musical-i-artistica","13":"category-escoles-bressol-municipals","14":"category-escoles-municipals-de-musica","15":"category-escoles-municipals-de-persones-adultes","16":"tag-centres-educatius","17":"tag-covid-19","18":"tag-escoles-municipals","19":"tag-tornada-a-lescola"},"yoast_head":"<!-- This site is optimized with the Yoast SEO plugin v27.4 - https:\/\/yoast.com\/product\/yoast-seo-wordpress\/ -->\n<title>Conviure amb la nova normalitat: com afronten el nou curs les escoles municipals? - El blog de l&#039;educaci\u00f3 local<\/title>\n<meta name=\"robots\" content=\"index, follow, max-snippet:-1, max-image-preview:large, max-video-preview:-1\" \/>\n<link rel=\"canonical\" href=\"https:\/\/diarieducacio.cat\/educaciolocal\/2020\/10\/07\/conviure-amb-la-nova-normalitat-com-afronten-el-nou-curs-les-escoles-municipals\/\" \/>\n<meta property=\"og:locale\" content=\"ca_ES\" \/>\n<meta property=\"og:type\" content=\"article\" \/>\n<meta property=\"og:title\" content=\"Conviure amb la nova normalitat: com afronten el nou curs les escoles municipals? - El blog de l&#039;educaci\u00f3 local\" \/>\n<meta property=\"og:description\" content=\"Les normatives per a controlar l&#039;expansi\u00f3 del virus s\u00f3n iguals per a tots els centres educatius, tot i que cadascun d&#039;ells t\u00e9 les seves especificitats. Parlem amb diversos centres per veure com combinen l&#039;acompanyament emocional i la proximitat amb la seguretat.\" \/>\n<meta property=\"og:url\" content=\"https:\/\/diarieducacio.cat\/educaciolocal\/2020\/10\/07\/conviure-amb-la-nova-normalitat-com-afronten-el-nou-curs-les-escoles-municipals\/\" \/>\n<meta property=\"og:site_name\" content=\"El blog de l&#039;educaci\u00f3 local\" \/>\n<meta property=\"article:publisher\" content=\"https:\/\/www.facebook.com\/diarieducacio\/\" \/>\n<meta property=\"article:published_time\" content=\"2020-10-07T21:35:17+00:00\" \/>\n<meta property=\"article:modified_time\" content=\"2024-08-08T08:52:36+00:00\" \/>\n<meta property=\"og:image\" content=\"https:\/\/diarieducacio.cat\/educaciolocal\/wp-content\/uploads\/sites\/18\/2020\/10\/VIC1.jpeg\" \/>\n\t<meta property=\"og:image:width\" content=\"1600\" \/>\n\t<meta property=\"og:image:height\" content=\"1200\" \/>\n\t<meta property=\"og:image:type\" content=\"image\/jpeg\" \/>\n<meta name=\"author\" content=\"Sandra Vicente\" \/>\n<meta name=\"twitter:card\" content=\"summary_large_image\" \/>\n<meta name=\"twitter:creator\" content=\"@DiariEducacio\" \/>\n<meta name=\"twitter:site\" content=\"@DiariEducacio\" \/>\n<meta name=\"twitter:label1\" content=\"Escrit per\" \/>\n\t<meta name=\"twitter:data1\" content=\"Sandra Vicente\" \/>\n\t<meta name=\"twitter:label2\" content=\"Temps estimat de lectura\" \/>\n\t<meta name=\"twitter:data2\" content=\"7 minuts\" \/>\n<script type=\"application\/ld+json\" class=\"yoast-schema-graph\">{\"@context\":\"https:\\\/\\\/schema.org\",\"@graph\":[{\"@type\":\"Article\",\"@id\":\"https:\\\/\\\/diarieducacio.cat\\\/educaciolocal\\\/2020\\\/10\\\/07\\\/conviure-amb-la-nova-normalitat-com-afronten-el-nou-curs-les-escoles-municipals\\\/#article\",\"isPartOf\":{\"@id\":\"https:\\\/\\\/diarieducacio.cat\\\/educaciolocal\\\/2020\\\/10\\\/07\\\/conviure-amb-la-nova-normalitat-com-afronten-el-nou-curs-les-escoles-municipals\\\/\"},\"author\":{\"name\":\"Sandra Vicente\",\"@id\":\"https:\\\/\\\/diarieducacio.cat\\\/educaciolocal\\\/#\\\/schema\\\/person\\\/8177f0dd96024a7762405a471ae75527\"},\"headline\":\"Conviure amb la nova normalitat: com afronten el nou curs les escoles municipals?\",\"datePublished\":\"2020-10-07T21:35:17+00:00\",\"dateModified\":\"2024-08-08T08:52:36+00:00\",\"mainEntityOfPage\":{\"@id\":\"https:\\\/\\\/diarieducacio.cat\\\/educaciolocal\\\/2020\\\/10\\\/07\\\/conviure-amb-la-nova-normalitat-com-afronten-el-nou-curs-les-escoles-municipals\\\/\"},\"wordCount\":1463,\"commentCount\":0,\"image\":{\"@id\":\"https:\\\/\\\/diarieducacio.cat\\\/educaciolocal\\\/2020\\\/10\\\/07\\\/conviure-amb-la-nova-normalitat-com-afronten-el-nou-curs-les-escoles-municipals\\\/#primaryimage\"},\"thumbnailUrl\":\"https:\\\/\\\/diarieducacio.cat\\\/educaciolocal\\\/wp-content\\\/uploads\\\/sites\\\/18\\\/2020\\\/10\\\/VIC1.jpeg\",\"keywords\":[\"Centres educatius\",\"covid-19\",\"Escoles municipals\",\"Tornada a l'escola\"],\"articleSection\":[\"Centres educatius\",\"covid-19\",\"Educaci\u00f3 al llarg de la vida\",\"Educaci\u00f3 especial\",\"Educaci\u00f3 infantil\",\"Educaci\u00f3 musical i art\u00edstica\",\"Escoles bressol municipals\",\"Escoles municipals de m\u00fasica\",\"Escoles municipals de persones adultes\"],\"inLanguage\":\"ca\",\"potentialAction\":[{\"@type\":\"CommentAction\",\"name\":\"Comment\",\"target\":[\"https:\\\/\\\/diarieducacio.cat\\\/educaciolocal\\\/2020\\\/10\\\/07\\\/conviure-amb-la-nova-normalitat-com-afronten-el-nou-curs-les-escoles-municipals\\\/#respond\"]}]},{\"@type\":\"WebPage\",\"@id\":\"https:\\\/\\\/diarieducacio.cat\\\/educaciolocal\\\/2020\\\/10\\\/07\\\/conviure-amb-la-nova-normalitat-com-afronten-el-nou-curs-les-escoles-municipals\\\/\",\"url\":\"https:\\\/\\\/diarieducacio.cat\\\/educaciolocal\\\/2020\\\/10\\\/07\\\/conviure-amb-la-nova-normalitat-com-afronten-el-nou-curs-les-escoles-municipals\\\/\",\"name\":\"Conviure amb la nova normalitat: com afronten el nou curs les escoles municipals? - El blog de l'educaci\u00f3 local\",\"isPartOf\":{\"@id\":\"https:\\\/\\\/diarieducacio.cat\\\/educaciolocal\\\/#website\"},\"primaryImageOfPage\":{\"@id\":\"https:\\\/\\\/diarieducacio.cat\\\/educaciolocal\\\/2020\\\/10\\\/07\\\/conviure-amb-la-nova-normalitat-com-afronten-el-nou-curs-les-escoles-municipals\\\/#primaryimage\"},\"image\":{\"@id\":\"https:\\\/\\\/diarieducacio.cat\\\/educaciolocal\\\/2020\\\/10\\\/07\\\/conviure-amb-la-nova-normalitat-com-afronten-el-nou-curs-les-escoles-municipals\\\/#primaryimage\"},\"thumbnailUrl\":\"https:\\\/\\\/diarieducacio.cat\\\/educaciolocal\\\/wp-content\\\/uploads\\\/sites\\\/18\\\/2020\\\/10\\\/VIC1.jpeg\",\"datePublished\":\"2020-10-07T21:35:17+00:00\",\"dateModified\":\"2024-08-08T08:52:36+00:00\",\"author\":{\"@id\":\"https:\\\/\\\/diarieducacio.cat\\\/educaciolocal\\\/#\\\/schema\\\/person\\\/8177f0dd96024a7762405a471ae75527\"},\"breadcrumb\":{\"@id\":\"https:\\\/\\\/diarieducacio.cat\\\/educaciolocal\\\/2020\\\/10\\\/07\\\/conviure-amb-la-nova-normalitat-com-afronten-el-nou-curs-les-escoles-municipals\\\/#breadcrumb\"},\"inLanguage\":\"ca\",\"potentialAction\":[{\"@type\":\"ReadAction\",\"target\":[\"https:\\\/\\\/diarieducacio.cat\\\/educaciolocal\\\/2020\\\/10\\\/07\\\/conviure-amb-la-nova-normalitat-com-afronten-el-nou-curs-les-escoles-municipals\\\/\"]}]},{\"@type\":\"ImageObject\",\"inLanguage\":\"ca\",\"@id\":\"https:\\\/\\\/diarieducacio.cat\\\/educaciolocal\\\/2020\\\/10\\\/07\\\/conviure-amb-la-nova-normalitat-com-afronten-el-nou-curs-les-escoles-municipals\\\/#primaryimage\",\"url\":\"https:\\\/\\\/diarieducacio.cat\\\/educaciolocal\\\/wp-content\\\/uploads\\\/sites\\\/18\\\/2020\\\/10\\\/VIC1.jpeg\",\"contentUrl\":\"https:\\\/\\\/diarieducacio.cat\\\/educaciolocal\\\/wp-content\\\/uploads\\\/sites\\\/18\\\/2020\\\/10\\\/VIC1.jpeg\",\"width\":1600,\"height\":1200,\"caption\":\"Escola Bressol Horta Vermella| Fotografia cedida pel centre\"},{\"@type\":\"BreadcrumbList\",\"@id\":\"https:\\\/\\\/diarieducacio.cat\\\/educaciolocal\\\/2020\\\/10\\\/07\\\/conviure-amb-la-nova-normalitat-com-afronten-el-nou-curs-les-escoles-municipals\\\/#breadcrumb\",\"itemListElement\":[{\"@type\":\"ListItem\",\"position\":1,\"name\":\"Inici\",\"item\":\"https:\\\/\\\/diarieducacio.cat\\\/educaciolocal\\\/\"},{\"@type\":\"ListItem\",\"position\":2,\"name\":\"Conviure amb la nova normalitat: com afronten el nou curs les escoles municipals?\"}]},{\"@type\":\"WebSite\",\"@id\":\"https:\\\/\\\/diarieducacio.cat\\\/educaciolocal\\\/#website\",\"url\":\"https:\\\/\\\/diarieducacio.cat\\\/educaciolocal\\\/\",\"name\":\"El blog de l'educaci\u00f3 local\",\"description\":\"\",\"potentialAction\":[{\"@type\":\"SearchAction\",\"target\":{\"@type\":\"EntryPoint\",\"urlTemplate\":\"https:\\\/\\\/diarieducacio.cat\\\/educaciolocal\\\/?s={search_term_string}\"},\"query-input\":{\"@type\":\"PropertyValueSpecification\",\"valueRequired\":true,\"valueName\":\"search_term_string\"}}],\"inLanguage\":\"ca\"},{\"@type\":\"Person\",\"@id\":\"https:\\\/\\\/diarieducacio.cat\\\/educaciolocal\\\/#\\\/schema\\\/person\\\/8177f0dd96024a7762405a471ae75527\",\"name\":\"Sandra Vicente\",\"image\":{\"@type\":\"ImageObject\",\"inLanguage\":\"ca\",\"@id\":\"https:\\\/\\\/secure.gravatar.com\\\/avatar\\\/1d924c0c0cbe84e513a748ce4d132de907fcd7f7ed16fa6b9d4ab44c50425996?s=96&d=mm&r=g\",\"url\":\"https:\\\/\\\/secure.gravatar.com\\\/avatar\\\/1d924c0c0cbe84e513a748ce4d132de907fcd7f7ed16fa6b9d4ab44c50425996?s=96&d=mm&r=g\",\"contentUrl\":\"https:\\\/\\\/secure.gravatar.com\\\/avatar\\\/1d924c0c0cbe84e513a748ce4d132de907fcd7f7ed16fa6b9d4ab44c50425996?s=96&d=mm&r=g\",\"caption\":\"Sandra Vicente\"},\"url\":\"https:\\\/\\\/diarieducacio.cat\\\/educaciolocal\\\/author\\\/sandv\\\/\"}]}<\/script>\n<!-- \/ Yoast SEO plugin. -->","yoast_head_json":{"title":"Conviure amb la nova normalitat: com afronten el nou curs les escoles municipals? - El blog de l'educaci\u00f3 local","robots":{"index":"index","follow":"follow","max-snippet":"max-snippet:-1","max-image-preview":"max-image-preview:large","max-video-preview":"max-video-preview:-1"},"canonical":"https:\/\/diarieducacio.cat\/educaciolocal\/2020\/10\/07\/conviure-amb-la-nova-normalitat-com-afronten-el-nou-curs-les-escoles-municipals\/","og_locale":"ca_ES","og_type":"article","og_title":"Conviure amb la nova normalitat: com afronten el nou curs les escoles municipals? - El blog de l'educaci\u00f3 local","og_description":"Les normatives per a controlar l'expansi\u00f3 del virus s\u00f3n iguals per a tots els centres educatius, tot i que cadascun d'ells t\u00e9 les seves especificitats. Parlem amb diversos centres per veure com combinen l'acompanyament emocional i la proximitat amb la seguretat.","og_url":"https:\/\/diarieducacio.cat\/educaciolocal\/2020\/10\/07\/conviure-amb-la-nova-normalitat-com-afronten-el-nou-curs-les-escoles-municipals\/","og_site_name":"El blog de l'educaci\u00f3 local","article_publisher":"https:\/\/www.facebook.com\/diarieducacio\/","article_published_time":"2020-10-07T21:35:17+00:00","article_modified_time":"2024-08-08T08:52:36+00:00","og_image":[{"width":1600,"height":1200,"url":"https:\/\/diarieducacio.cat\/educaciolocal\/wp-content\/uploads\/sites\/18\/2020\/10\/VIC1.jpeg","type":"image\/jpeg"}],"author":"Sandra Vicente","twitter_card":"summary_large_image","twitter_creator":"@DiariEducacio","twitter_site":"@DiariEducacio","twitter_misc":{"Escrit per":"Sandra Vicente","Temps estimat de lectura":"7 minuts"},"schema":{"@context":"https:\/\/schema.org","@graph":[{"@type":"Article","@id":"https:\/\/diarieducacio.cat\/educaciolocal\/2020\/10\/07\/conviure-amb-la-nova-normalitat-com-afronten-el-nou-curs-les-escoles-municipals\/#article","isPartOf":{"@id":"https:\/\/diarieducacio.cat\/educaciolocal\/2020\/10\/07\/conviure-amb-la-nova-normalitat-com-afronten-el-nou-curs-les-escoles-municipals\/"},"author":{"name":"Sandra Vicente","@id":"https:\/\/diarieducacio.cat\/educaciolocal\/#\/schema\/person\/8177f0dd96024a7762405a471ae75527"},"headline":"Conviure amb la nova normalitat: com afronten el nou curs les escoles municipals?","datePublished":"2020-10-07T21:35:17+00:00","dateModified":"2024-08-08T08:52:36+00:00","mainEntityOfPage":{"@id":"https:\/\/diarieducacio.cat\/educaciolocal\/2020\/10\/07\/conviure-amb-la-nova-normalitat-com-afronten-el-nou-curs-les-escoles-municipals\/"},"wordCount":1463,"commentCount":0,"image":{"@id":"https:\/\/diarieducacio.cat\/educaciolocal\/2020\/10\/07\/conviure-amb-la-nova-normalitat-com-afronten-el-nou-curs-les-escoles-municipals\/#primaryimage"},"thumbnailUrl":"https:\/\/diarieducacio.cat\/educaciolocal\/wp-content\/uploads\/sites\/18\/2020\/10\/VIC1.jpeg","keywords":["Centres educatius","covid-19","Escoles municipals","Tornada a l'escola"],"articleSection":["Centres educatius","covid-19","Educaci\u00f3 al llarg de la vida","Educaci\u00f3 especial","Educaci\u00f3 infantil","Educaci\u00f3 musical i art\u00edstica","Escoles bressol municipals","Escoles municipals de m\u00fasica","Escoles municipals de persones adultes"],"inLanguage":"ca","potentialAction":[{"@type":"CommentAction","name":"Comment","target":["https:\/\/diarieducacio.cat\/educaciolocal\/2020\/10\/07\/conviure-amb-la-nova-normalitat-com-afronten-el-nou-curs-les-escoles-municipals\/#respond"]}]},{"@type":"WebPage","@id":"https:\/\/diarieducacio.cat\/educaciolocal\/2020\/10\/07\/conviure-amb-la-nova-normalitat-com-afronten-el-nou-curs-les-escoles-municipals\/","url":"https:\/\/diarieducacio.cat\/educaciolocal\/2020\/10\/07\/conviure-amb-la-nova-normalitat-com-afronten-el-nou-curs-les-escoles-municipals\/","name":"Conviure amb la nova normalitat: com afronten el nou curs les escoles municipals? - El blog de l'educaci\u00f3 local","isPartOf":{"@id":"https:\/\/diarieducacio.cat\/educaciolocal\/#website"},"primaryImageOfPage":{"@id":"https:\/\/diarieducacio.cat\/educaciolocal\/2020\/10\/07\/conviure-amb-la-nova-normalitat-com-afronten-el-nou-curs-les-escoles-municipals\/#primaryimage"},"image":{"@id":"https:\/\/diarieducacio.cat\/educaciolocal\/2020\/10\/07\/conviure-amb-la-nova-normalitat-com-afronten-el-nou-curs-les-escoles-municipals\/#primaryimage"},"thumbnailUrl":"https:\/\/diarieducacio.cat\/educaciolocal\/wp-content\/uploads\/sites\/18\/2020\/10\/VIC1.jpeg","datePublished":"2020-10-07T21:35:17+00:00","dateModified":"2024-08-08T08:52:36+00:00","author":{"@id":"https:\/\/diarieducacio.cat\/educaciolocal\/#\/schema\/person\/8177f0dd96024a7762405a471ae75527"},"breadcrumb":{"@id":"https:\/\/diarieducacio.cat\/educaciolocal\/2020\/10\/07\/conviure-amb-la-nova-normalitat-com-afronten-el-nou-curs-les-escoles-municipals\/#breadcrumb"},"inLanguage":"ca","potentialAction":[{"@type":"ReadAction","target":["https:\/\/diarieducacio.cat\/educaciolocal\/2020\/10\/07\/conviure-amb-la-nova-normalitat-com-afronten-el-nou-curs-les-escoles-municipals\/"]}]},{"@type":"ImageObject","inLanguage":"ca","@id":"https:\/\/diarieducacio.cat\/educaciolocal\/2020\/10\/07\/conviure-amb-la-nova-normalitat-com-afronten-el-nou-curs-les-escoles-municipals\/#primaryimage","url":"https:\/\/diarieducacio.cat\/educaciolocal\/wp-content\/uploads\/sites\/18\/2020\/10\/VIC1.jpeg","contentUrl":"https:\/\/diarieducacio.cat\/educaciolocal\/wp-content\/uploads\/sites\/18\/2020\/10\/VIC1.jpeg","width":1600,"height":1200,"caption":"Escola Bressol Horta Vermella| Fotografia cedida pel centre"},{"@type":"BreadcrumbList","@id":"https:\/\/diarieducacio.cat\/educaciolocal\/2020\/10\/07\/conviure-amb-la-nova-normalitat-com-afronten-el-nou-curs-les-escoles-municipals\/#breadcrumb","itemListElement":[{"@type":"ListItem","position":1,"name":"Inici","item":"https:\/\/diarieducacio.cat\/educaciolocal\/"},{"@type":"ListItem","position":2,"name":"Conviure amb la nova normalitat: com afronten el nou curs les escoles municipals?"}]},{"@type":"WebSite","@id":"https:\/\/diarieducacio.cat\/educaciolocal\/#website","url":"https:\/\/diarieducacio.cat\/educaciolocal\/","name":"El blog de l'educaci\u00f3 local","description":"","potentialAction":[{"@type":"SearchAction","target":{"@type":"EntryPoint","urlTemplate":"https:\/\/diarieducacio.cat\/educaciolocal\/?s={search_term_string}"},"query-input":{"@type":"PropertyValueSpecification","valueRequired":true,"valueName":"search_term_string"}}],"inLanguage":"ca"},{"@type":"Person","@id":"https:\/\/diarieducacio.cat\/educaciolocal\/#\/schema\/person\/8177f0dd96024a7762405a471ae75527","name":"Sandra Vicente","image":{"@type":"ImageObject","inLanguage":"ca","@id":"https:\/\/secure.gravatar.com\/avatar\/1d924c0c0cbe84e513a748ce4d132de907fcd7f7ed16fa6b9d4ab44c50425996?s=96&d=mm&r=g","url":"https:\/\/secure.gravatar.com\/avatar\/1d924c0c0cbe84e513a748ce4d132de907fcd7f7ed16fa6b9d4ab44c50425996?s=96&d=mm&r=g","contentUrl":"https:\/\/secure.gravatar.com\/avatar\/1d924c0c0cbe84e513a748ce4d132de907fcd7f7ed16fa6b9d4ab44c50425996?s=96&d=mm&r=g","caption":"Sandra Vicente"},"url":"https:\/\/diarieducacio.cat\/educaciolocal\/author\/sandv\/"}]}},"_links":{"self":[{"href":"https:\/\/diarieducacio.cat\/educaciolocal\/wp-json\/wp\/v2\/posts\/2343","targetHints":{"allow":["GET"]}}],"collection":[{"href":"https:\/\/diarieducacio.cat\/educaciolocal\/wp-json\/wp\/v2\/posts"}],"about":[{"href":"https:\/\/diarieducacio.cat\/educaciolocal\/wp-json\/wp\/v2\/types\/post"}],"author":[{"embeddable":true,"href":"https:\/\/diarieducacio.cat\/educaciolocal\/wp-json\/wp\/v2\/users\/238"}],"replies":[{"embeddable":true,"href":"https:\/\/diarieducacio.cat\/educaciolocal\/wp-json\/wp\/v2\/comments?post=2343"}],"version-history":[{"count":1,"href":"https:\/\/diarieducacio.cat\/educaciolocal\/wp-json\/wp\/v2\/posts\/2343\/revisions"}],"predecessor-version":[{"id":4250,"href":"https:\/\/diarieducacio.cat\/educaciolocal\/wp-json\/wp\/v2\/posts\/2343\/revisions\/4250"}],"wp:featuredmedia":[{"embeddable":true,"href":"https:\/\/diarieducacio.cat\/educaciolocal\/wp-json\/wp\/v2\/media\/2344"}],"wp:attachment":[{"href":"https:\/\/diarieducacio.cat\/educaciolocal\/wp-json\/wp\/v2\/media?parent=2343"}],"wp:term":[{"taxonomy":"category","embeddable":true,"href":"https:\/\/diarieducacio.cat\/educaciolocal\/wp-json\/wp\/v2\/categories?post=2343"},{"taxonomy":"post_tag","embeddable":true,"href":"https:\/\/diarieducacio.cat\/educaciolocal\/wp-json\/wp\/v2\/tags?post=2343"},{"taxonomy":"tipo","embeddable":true,"href":"https:\/\/diarieducacio.cat\/educaciolocal\/wp-json\/wp\/v2\/tipo?post=2343"}],"curies":[{"name":"wp","href":"https:\/\/api.w.org\/{rel}","templated":true}]}}