{"id":249,"date":"2017-03-08T07:06:51","date_gmt":"2017-03-08T07:06:51","guid":{"rendered":"https:\/\/diarieducacio.cat\/educaciolocal\/?p=249"},"modified":"2017-03-08T07:06:51","modified_gmt":"2017-03-08T07:06:51","slug":"societat-lliure-violencia-masclista-potencia-coeducacio","status":"publish","type":"post","link":"https:\/\/diarieducacio.cat\/educaciolocal\/2017\/03\/08\/societat-lliure-violencia-masclista-potencia-coeducacio\/","title":{"rendered":"Per una societat lliure de viol\u00e8ncia masclista: la pot\u00e8ncia de la coeducaci\u00f3"},"content":{"rendered":"<figure id=\"attachment_251\" aria-describedby=\"caption-attachment-251\" style=\"width: 800px\" class=\"wp-caption aligncenter\"><img fetchpriority=\"high\" decoding=\"async\" class=\"wp-image-251 size-full\" src=\"https:\/\/diarieducacio.cat\/educaciolocal\/wp-content\/uploads\/sites\/26\/2017\/03\/nenes-escola.jpg\" alt=\"\" width=\"800\" height=\"533\" srcset=\"https:\/\/diarieducacio.cat\/educaciolocal\/wp-content\/uploads\/sites\/18\/2017\/03\/nenes-escola.jpg 800w, https:\/\/diarieducacio.cat\/educaciolocal\/wp-content\/uploads\/sites\/18\/2017\/03\/nenes-escola-300x200.jpg 300w, https:\/\/diarieducacio.cat\/educaciolocal\/wp-content\/uploads\/sites\/18\/2017\/03\/nenes-escola-768x512.jpg 768w, https:\/\/diarieducacio.cat\/educaciolocal\/wp-content\/uploads\/sites\/18\/2017\/03\/nenes-escola-150x100.jpg 150w, https:\/\/diarieducacio.cat\/educaciolocal\/wp-content\/uploads\/sites\/18\/2017\/03\/nenes-escola-450x300.jpg 450w\" sizes=\"(max-width: 800px) 100vw, 800px\" \/><figcaption id=\"caption-attachment-251\" class=\"wp-caption-text\">Luc\u00e9lia Ribeiro (CC via Flickr)<\/figcaption><\/figure>\n<p style=\"text-align: center\"><em>[Aquest text ha estat elaborat en col\u00b7laboraci\u00f3 amb <a href=\"https:\/\/twitter.com\/annacp83\" target=\"_blank\" rel=\"noopener\">Anna Carreras<\/a>, soci\u00f2loga, investigadora i formadora sobre g\u00e8nere i educaci\u00f3]<\/em><\/p>\n<p>Ara ja fa uns 30 anys que la viol\u00e8ncia masclista es denuncia i que la societat la condemna. Per\u00f2 se segueix produint, fins i tot sembla que s&#8217;incrementa. Ens preguntem per qu\u00e8? No \u00e9s tan dif\u00edcil de comprendre-ho: l&#8217;any 2004 es va aprovar una llei en la qual hi havia un conjunt de mesures per anar reduint aquesta forma de viol\u00e8ncia i anar contenint els seus estralls. Entre aquestes mesures n&#8217;hi havia moltes que centraven l&#8217;atenci\u00f3 sobre l&#8217;educaci\u00f3. Lamentablement, per\u00f2, gaireb\u00e9 tot va quedar en paper mullat, i cap d&#8217;elles no es va dur a terme en els centres educatius, comen\u00e7ant per les relatives a la coeducaci\u00f3 i continuant pel nomenament de persones en cada consell escolar que havien de vetllar pels canvis necessaris. Ens pot sorprendre doncs que tot hagi seguit igual o pitjor, quan no utilitzem els instruments adequats per a la prevenci\u00f3?<\/p>\n<p>Aquesta manca d&#8217;inter\u00e8s per part de les administracions educatives \u00e9s molt m\u00e9s greu si tenim en compte que tots els estudis que es duen a terme per escatir la naturalesa de la viol\u00e8ncia masclista mostren que la seva base es troba en els aprenentatges que es fan des de la inf\u00e0ncia, en el moment de la configuraci\u00f3 dels h\u00e0bits que formaran el pilar central que regeix els comportaments de les persones. Per la nostra experi\u00e8ncia de constants observacions i experimentaci\u00f3 a tantes escoles i instituts, sabem que, des del moment del naixement, les criatures s\u00f3n tractades de forma diferent segons siguin nenes o nens i reben missatges diferents, d&#8217;acord amb els estereotips de g\u00e8nere encara vigents en la poblaci\u00f3.<\/p>\n<p>En relaci\u00f3 als nens, els missatges tendeixen a exigir-los actituds actives, valentes, d&#8217;imposici\u00f3 sobre l&#8217;entorn, de domini del m\u00f3n. Missatges que tenen com a rerefons la construcci\u00f3 de guerrers, cosa que suposa tamb\u00e9 la manca d&#8217;empatia, d&#8217;autoconeixement, de vinculaci\u00f3 amb les emocions, de compassi\u00f3, i el desenvolupament de l&#8217;agressivitat i la voluntat de poder. Ben al contrari, els missatges dirigits a les nenes tendeixen sempre a mostrar-los que s\u00f3n febles, que necessiten protecci\u00f3, que han de ser atractives, estar al servei dels altres. Per tant a rebutjar l&#8217;acci\u00f3, el moviment, el protagonisme, cosa que els porta cap al desconeixement dels seus propis desigs i de les seves capacitats, i les empeny a convertir-se en objectes sexuals, com a \u00fanica forma de tenir un lloc espec\u00edfic en el m\u00f3n.<\/p>\n<p>Tot plegat, doncs, crea un c\u00f2ctel explosiu: els nens van adquirint h\u00e0bits de manar, de fer-se obeir, de menyspreu cap a les dones; les nenes els adquireixen de baixa autoestima, se senten vulnerables, somien en amors rom\u00e0ntics en els quals se sacrifiquen pels seus companys. Tenim un escenari preparat per a tot tipus de viol\u00e8ncies masclistes: entre 3 i 4 anys trobem ja expl\u00edcits els s\u00edmptomes d&#8217;aquestes actituds en la majoria de nenes i nens. Dif\u00edcilment ho corregirem m\u00e9s tard, quan a l&#8217;adolesc\u00e8ncia o la vida adulta es manifesten plenament aquestes tend\u00e8ncies que han estat internalitzades des de la inf\u00e0ncia.<\/p>\n<p>Cal actuar des del naixement, des de l&#8217;escola bressol, l&#8217;educaci\u00f3 infantil, prim\u00e0ria i secund\u00e0ria. Els diagn\u00f2stics estan fets, la metodologia est\u00e0 a punt. Per\u00f2 les administracions educatives no reaccionen. Sortosament, l&#8217;actitud de molts ajuntaments \u00e9s una altra: les administracions locals saben que cal actuar, que cal comen\u00e7ar des de la base.<\/p>\n<p>Des de la nostra associaci\u00f3, Coeducacci\u00f3, estem treballant en molts municipis, en molts centres educatius. Estem ajudant i acompanyant al professorat a fer el que en diem &#8220;la construcci\u00f3 de la mirada violeta&#8221;, a detectar les diverses formes d&#8217;androcentrisme que es mantenen en el sistema educatiu i en la pr\u00e0ctica quotidiana als centres; i tamb\u00e9, posteriorment, a posar en pr\u00e0ctica els canvis i les solucions necess\u00e0ries per anar eliminant la transmissi\u00f3 de g\u00e8neres d&#8217;una manera gradual i consensuada, d&#8217;acord amb els ritmes i necessitats de cada centre i cada equip docent. Cal, en aquest moment, anar esborrant la transmissi\u00f3 dels g\u00e8neres tradicionals i substituir-los per una cultura diversa que obri a tothom, a totes les criatures, totes les possibilitats de fer i ser perqu\u00e8 puguin decidir com volen viure la seva vida. I cal que cadasc\u00fa assumeixi la seva responsabilitat individual i col\u00b7lectiva i que les administracions posin els mitjans per a fer-ho possible, perqu\u00e8 altrament aquests canvis s&#8217;acaben fent, per\u00f2 amb costos molt elevats de patiment que podem ajudar a suprimir.<\/p>\n<p>Una vegada m\u00e9s, el 8 de mar\u00e7, ens trobem reivindicant per a tothom una vida digna de ser viscuda. I no podem oblidar que estem parlant de drets dels infants i de drets humans, i no en podem deixar passar ni una. Per unes escoles coeducatives lliures de viol\u00e8ncies masclistes, fem xarxa, treballem conjuntament!<\/p>\n","protected":false},"excerpt":{"rendered":"<p>Per lluitar contra la viol\u00e8ncia masclista calen mesures preventives centrades en l\u2019educaci\u00f3 i dutes a terme en els centres educatius. Tot indica que la base de la viol\u00e8ncia masclista es troba en els aprenentatges que es fan des de la inf\u00e0ncia, quan es configuren els comportaments de les persones<\/p>\n","protected":false},"author":205,"featured_media":248,"comment_status":"open","ping_status":"open","sticky":false,"template":"","format":"standard","meta":{"footnotes":""},"categories":[112,138,139],"tags":[114,136,141],"tipo":[],"class_list":{"0":"post-249","1":"post","2":"type-post","3":"status-publish","4":"format-standard","5":"has-post-thumbnail","7":"category-ciutat-educadora","8":"category-coeducacio","9":"category-igualtat","10":"tag-ciutats-educadores","11":"tag-coeducacio","12":"tag-igualtat"},"yoast_head":"<!-- This site is optimized with the Yoast SEO plugin v27.5 - https:\/\/yoast.com\/product\/yoast-seo-wordpress\/ -->\n<title>Per una societat lliure de viol\u00e8ncia masclista: la pot\u00e8ncia de la coeducaci\u00f3 - El blog de l&#039;educaci\u00f3 local<\/title>\n<meta name=\"robots\" content=\"index, follow, max-snippet:-1, max-image-preview:large, max-video-preview:-1\" \/>\n<link rel=\"canonical\" href=\"https:\/\/diarieducacio.cat\/educaciolocal\/2017\/03\/08\/societat-lliure-violencia-masclista-potencia-coeducacio\/\" \/>\n<meta property=\"og:locale\" content=\"ca_ES\" \/>\n<meta property=\"og:type\" content=\"article\" \/>\n<meta property=\"og:title\" content=\"Per una societat lliure de viol\u00e8ncia masclista: la pot\u00e8ncia de la coeducaci\u00f3 - El blog de l&#039;educaci\u00f3 local\" \/>\n<meta property=\"og:description\" content=\"Per lluitar contra la viol\u00e8ncia masclista calen mesures preventives centrades en l\u2019educaci\u00f3 i dutes a terme en els centres educatius. Tot indica que la base de la viol\u00e8ncia masclista es troba en els aprenentatges que es fan des de la inf\u00e0ncia, quan es configuren els comportaments de les persones\" \/>\n<meta property=\"og:url\" content=\"https:\/\/diarieducacio.cat\/educaciolocal\/2017\/03\/08\/societat-lliure-violencia-masclista-potencia-coeducacio\/\" \/>\n<meta property=\"og:site_name\" content=\"El blog de l&#039;educaci\u00f3 local\" \/>\n<meta property=\"article:publisher\" content=\"https:\/\/www.facebook.com\/diarieducacio\/\" \/>\n<meta property=\"article:published_time\" content=\"2017-03-08T07:06:51+00:00\" \/>\n<meta property=\"og:image\" content=\"https:\/\/diarieducacio.cat\/educaciolocal\/wp-content\/uploads\/sites\/18\/2017\/03\/msubirats.png\" \/>\n\t<meta property=\"og:image:width\" content=\"256\" \/>\n\t<meta property=\"og:image:height\" content=\"256\" \/>\n\t<meta property=\"og:image:type\" content=\"image\/png\" \/>\n<meta name=\"author\" content=\"Marina Subirats\" \/>\n<meta name=\"twitter:card\" content=\"summary_large_image\" \/>\n<meta name=\"twitter:creator\" content=\"@DiariEducacio\" \/>\n<meta name=\"twitter:site\" content=\"@DiariEducacio\" \/>\n<meta name=\"twitter:label1\" content=\"Escrit per\" \/>\n\t<meta name=\"twitter:data1\" content=\"Marina Subirats\" \/>\n\t<meta name=\"twitter:label2\" content=\"Temps estimat de lectura\" \/>\n\t<meta name=\"twitter:data2\" content=\"4 minuts\" \/>\n<script type=\"application\/ld+json\" class=\"yoast-schema-graph\">{\"@context\":\"https:\\\/\\\/schema.org\",\"@graph\":[{\"@type\":\"Article\",\"@id\":\"https:\\\/\\\/diarieducacio.cat\\\/educaciolocal\\\/2017\\\/03\\\/08\\\/societat-lliure-violencia-masclista-potencia-coeducacio\\\/#article\",\"isPartOf\":{\"@id\":\"https:\\\/\\\/diarieducacio.cat\\\/educaciolocal\\\/2017\\\/03\\\/08\\\/societat-lliure-violencia-masclista-potencia-coeducacio\\\/\"},\"author\":{\"name\":\"Marina Subirats\",\"@id\":\"https:\\\/\\\/diarieducacio.cat\\\/educaciolocal\\\/#\\\/schema\\\/person\\\/4674cde470557dcf5420391273044397\"},\"headline\":\"Per una societat lliure de viol\u00e8ncia masclista: la pot\u00e8ncia de la coeducaci\u00f3\",\"datePublished\":\"2017-03-08T07:06:51+00:00\",\"mainEntityOfPage\":{\"@id\":\"https:\\\/\\\/diarieducacio.cat\\\/educaciolocal\\\/2017\\\/03\\\/08\\\/societat-lliure-violencia-masclista-potencia-coeducacio\\\/\"},\"wordCount\":874,\"commentCount\":0,\"image\":{\"@id\":\"https:\\\/\\\/diarieducacio.cat\\\/educaciolocal\\\/2017\\\/03\\\/08\\\/societat-lliure-violencia-masclista-potencia-coeducacio\\\/#primaryimage\"},\"thumbnailUrl\":\"https:\\\/\\\/diarieducacio.cat\\\/educaciolocal\\\/wp-content\\\/uploads\\\/sites\\\/18\\\/2017\\\/03\\\/msubirats.png\",\"keywords\":[\"Ciutats Educadores\",\"Coeducaci\u00f3\",\"Igualtat\"],\"articleSection\":[\"Ciutat Educadora\",\"Coeducaci\u00f3\",\"Igualtat\"],\"inLanguage\":\"ca\",\"potentialAction\":[{\"@type\":\"CommentAction\",\"name\":\"Comment\",\"target\":[\"https:\\\/\\\/diarieducacio.cat\\\/educaciolocal\\\/2017\\\/03\\\/08\\\/societat-lliure-violencia-masclista-potencia-coeducacio\\\/#respond\"]}]},{\"@type\":\"WebPage\",\"@id\":\"https:\\\/\\\/diarieducacio.cat\\\/educaciolocal\\\/2017\\\/03\\\/08\\\/societat-lliure-violencia-masclista-potencia-coeducacio\\\/\",\"url\":\"https:\\\/\\\/diarieducacio.cat\\\/educaciolocal\\\/2017\\\/03\\\/08\\\/societat-lliure-violencia-masclista-potencia-coeducacio\\\/\",\"name\":\"Per una societat lliure de viol\u00e8ncia masclista: la pot\u00e8ncia de la coeducaci\u00f3 - El blog de l'educaci\u00f3 local\",\"isPartOf\":{\"@id\":\"https:\\\/\\\/diarieducacio.cat\\\/educaciolocal\\\/#website\"},\"primaryImageOfPage\":{\"@id\":\"https:\\\/\\\/diarieducacio.cat\\\/educaciolocal\\\/2017\\\/03\\\/08\\\/societat-lliure-violencia-masclista-potencia-coeducacio\\\/#primaryimage\"},\"image\":{\"@id\":\"https:\\\/\\\/diarieducacio.cat\\\/educaciolocal\\\/2017\\\/03\\\/08\\\/societat-lliure-violencia-masclista-potencia-coeducacio\\\/#primaryimage\"},\"thumbnailUrl\":\"https:\\\/\\\/diarieducacio.cat\\\/educaciolocal\\\/wp-content\\\/uploads\\\/sites\\\/18\\\/2017\\\/03\\\/msubirats.png\",\"datePublished\":\"2017-03-08T07:06:51+00:00\",\"author\":{\"@id\":\"https:\\\/\\\/diarieducacio.cat\\\/educaciolocal\\\/#\\\/schema\\\/person\\\/4674cde470557dcf5420391273044397\"},\"breadcrumb\":{\"@id\":\"https:\\\/\\\/diarieducacio.cat\\\/educaciolocal\\\/2017\\\/03\\\/08\\\/societat-lliure-violencia-masclista-potencia-coeducacio\\\/#breadcrumb\"},\"inLanguage\":\"ca\",\"potentialAction\":[{\"@type\":\"ReadAction\",\"target\":[\"https:\\\/\\\/diarieducacio.cat\\\/educaciolocal\\\/2017\\\/03\\\/08\\\/societat-lliure-violencia-masclista-potencia-coeducacio\\\/\"]}]},{\"@type\":\"ImageObject\",\"inLanguage\":\"ca\",\"@id\":\"https:\\\/\\\/diarieducacio.cat\\\/educaciolocal\\\/2017\\\/03\\\/08\\\/societat-lliure-violencia-masclista-potencia-coeducacio\\\/#primaryimage\",\"url\":\"https:\\\/\\\/diarieducacio.cat\\\/educaciolocal\\\/wp-content\\\/uploads\\\/sites\\\/18\\\/2017\\\/03\\\/msubirats.png\",\"contentUrl\":\"https:\\\/\\\/diarieducacio.cat\\\/educaciolocal\\\/wp-content\\\/uploads\\\/sites\\\/18\\\/2017\\\/03\\\/msubirats.png\",\"width\":256,\"height\":256,\"caption\":\"Marina Subirats\"},{\"@type\":\"BreadcrumbList\",\"@id\":\"https:\\\/\\\/diarieducacio.cat\\\/educaciolocal\\\/2017\\\/03\\\/08\\\/societat-lliure-violencia-masclista-potencia-coeducacio\\\/#breadcrumb\",\"itemListElement\":[{\"@type\":\"ListItem\",\"position\":1,\"name\":\"Inici\",\"item\":\"https:\\\/\\\/diarieducacio.cat\\\/educaciolocal\\\/\"},{\"@type\":\"ListItem\",\"position\":2,\"name\":\"Per una societat lliure de viol\u00e8ncia masclista: la pot\u00e8ncia de la coeducaci\u00f3\"}]},{\"@type\":\"WebSite\",\"@id\":\"https:\\\/\\\/diarieducacio.cat\\\/educaciolocal\\\/#website\",\"url\":\"https:\\\/\\\/diarieducacio.cat\\\/educaciolocal\\\/\",\"name\":\"El blog de l'educaci\u00f3 local\",\"description\":\"\",\"potentialAction\":[{\"@type\":\"SearchAction\",\"target\":{\"@type\":\"EntryPoint\",\"urlTemplate\":\"https:\\\/\\\/diarieducacio.cat\\\/educaciolocal\\\/?s={search_term_string}\"},\"query-input\":{\"@type\":\"PropertyValueSpecification\",\"valueRequired\":true,\"valueName\":\"search_term_string\"}}],\"inLanguage\":\"ca\"},{\"@type\":\"Person\",\"@id\":\"https:\\\/\\\/diarieducacio.cat\\\/educaciolocal\\\/#\\\/schema\\\/person\\\/4674cde470557dcf5420391273044397\",\"name\":\"Marina Subirats\",\"image\":{\"@type\":\"ImageObject\",\"inLanguage\":\"ca\",\"@id\":\"https:\\\/\\\/secure.gravatar.com\\\/avatar\\\/3264c8c162e83b31a4a72cc5e6856b0ef58731a67dee0d63e6efb9031d9ff0d5?s=96&d=mm&r=g\",\"url\":\"https:\\\/\\\/secure.gravatar.com\\\/avatar\\\/3264c8c162e83b31a4a72cc5e6856b0ef58731a67dee0d63e6efb9031d9ff0d5?s=96&d=mm&r=g\",\"contentUrl\":\"https:\\\/\\\/secure.gravatar.com\\\/avatar\\\/3264c8c162e83b31a4a72cc5e6856b0ef58731a67dee0d63e6efb9031d9ff0d5?s=96&d=mm&r=g\",\"caption\":\"Marina Subirats\"},\"sameAs\":[\"http:\\\/\\\/uab.academia.edu\\\/MarinaSubiratsMartori\"],\"url\":\"https:\\\/\\\/diarieducacio.cat\\\/educaciolocal\\\/author\\\/marinasubirats\\\/\"}]}<\/script>\n<!-- \/ Yoast SEO plugin. -->","yoast_head_json":{"title":"Per una societat lliure de viol\u00e8ncia masclista: la pot\u00e8ncia de la coeducaci\u00f3 - El blog de l'educaci\u00f3 local","robots":{"index":"index","follow":"follow","max-snippet":"max-snippet:-1","max-image-preview":"max-image-preview:large","max-video-preview":"max-video-preview:-1"},"canonical":"https:\/\/diarieducacio.cat\/educaciolocal\/2017\/03\/08\/societat-lliure-violencia-masclista-potencia-coeducacio\/","og_locale":"ca_ES","og_type":"article","og_title":"Per una societat lliure de viol\u00e8ncia masclista: la pot\u00e8ncia de la coeducaci\u00f3 - El blog de l'educaci\u00f3 local","og_description":"Per lluitar contra la viol\u00e8ncia masclista calen mesures preventives centrades en l\u2019educaci\u00f3 i dutes a terme en els centres educatius. Tot indica que la base de la viol\u00e8ncia masclista es troba en els aprenentatges que es fan des de la inf\u00e0ncia, quan es configuren els comportaments de les persones","og_url":"https:\/\/diarieducacio.cat\/educaciolocal\/2017\/03\/08\/societat-lliure-violencia-masclista-potencia-coeducacio\/","og_site_name":"El blog de l'educaci\u00f3 local","article_publisher":"https:\/\/www.facebook.com\/diarieducacio\/","article_published_time":"2017-03-08T07:06:51+00:00","og_image":[{"width":256,"height":256,"url":"https:\/\/diarieducacio.cat\/educaciolocal\/wp-content\/uploads\/sites\/18\/2017\/03\/msubirats.png","type":"image\/png"}],"author":"Marina Subirats","twitter_card":"summary_large_image","twitter_creator":"@DiariEducacio","twitter_site":"@DiariEducacio","twitter_misc":{"Escrit per":"Marina Subirats","Temps estimat de lectura":"4 minuts"},"schema":{"@context":"https:\/\/schema.org","@graph":[{"@type":"Article","@id":"https:\/\/diarieducacio.cat\/educaciolocal\/2017\/03\/08\/societat-lliure-violencia-masclista-potencia-coeducacio\/#article","isPartOf":{"@id":"https:\/\/diarieducacio.cat\/educaciolocal\/2017\/03\/08\/societat-lliure-violencia-masclista-potencia-coeducacio\/"},"author":{"name":"Marina Subirats","@id":"https:\/\/diarieducacio.cat\/educaciolocal\/#\/schema\/person\/4674cde470557dcf5420391273044397"},"headline":"Per una societat lliure de viol\u00e8ncia masclista: la pot\u00e8ncia de la coeducaci\u00f3","datePublished":"2017-03-08T07:06:51+00:00","mainEntityOfPage":{"@id":"https:\/\/diarieducacio.cat\/educaciolocal\/2017\/03\/08\/societat-lliure-violencia-masclista-potencia-coeducacio\/"},"wordCount":874,"commentCount":0,"image":{"@id":"https:\/\/diarieducacio.cat\/educaciolocal\/2017\/03\/08\/societat-lliure-violencia-masclista-potencia-coeducacio\/#primaryimage"},"thumbnailUrl":"https:\/\/diarieducacio.cat\/educaciolocal\/wp-content\/uploads\/sites\/18\/2017\/03\/msubirats.png","keywords":["Ciutats Educadores","Coeducaci\u00f3","Igualtat"],"articleSection":["Ciutat Educadora","Coeducaci\u00f3","Igualtat"],"inLanguage":"ca","potentialAction":[{"@type":"CommentAction","name":"Comment","target":["https:\/\/diarieducacio.cat\/educaciolocal\/2017\/03\/08\/societat-lliure-violencia-masclista-potencia-coeducacio\/#respond"]}]},{"@type":"WebPage","@id":"https:\/\/diarieducacio.cat\/educaciolocal\/2017\/03\/08\/societat-lliure-violencia-masclista-potencia-coeducacio\/","url":"https:\/\/diarieducacio.cat\/educaciolocal\/2017\/03\/08\/societat-lliure-violencia-masclista-potencia-coeducacio\/","name":"Per una societat lliure de viol\u00e8ncia masclista: la pot\u00e8ncia de la coeducaci\u00f3 - El blog de l'educaci\u00f3 local","isPartOf":{"@id":"https:\/\/diarieducacio.cat\/educaciolocal\/#website"},"primaryImageOfPage":{"@id":"https:\/\/diarieducacio.cat\/educaciolocal\/2017\/03\/08\/societat-lliure-violencia-masclista-potencia-coeducacio\/#primaryimage"},"image":{"@id":"https:\/\/diarieducacio.cat\/educaciolocal\/2017\/03\/08\/societat-lliure-violencia-masclista-potencia-coeducacio\/#primaryimage"},"thumbnailUrl":"https:\/\/diarieducacio.cat\/educaciolocal\/wp-content\/uploads\/sites\/18\/2017\/03\/msubirats.png","datePublished":"2017-03-08T07:06:51+00:00","author":{"@id":"https:\/\/diarieducacio.cat\/educaciolocal\/#\/schema\/person\/4674cde470557dcf5420391273044397"},"breadcrumb":{"@id":"https:\/\/diarieducacio.cat\/educaciolocal\/2017\/03\/08\/societat-lliure-violencia-masclista-potencia-coeducacio\/#breadcrumb"},"inLanguage":"ca","potentialAction":[{"@type":"ReadAction","target":["https:\/\/diarieducacio.cat\/educaciolocal\/2017\/03\/08\/societat-lliure-violencia-masclista-potencia-coeducacio\/"]}]},{"@type":"ImageObject","inLanguage":"ca","@id":"https:\/\/diarieducacio.cat\/educaciolocal\/2017\/03\/08\/societat-lliure-violencia-masclista-potencia-coeducacio\/#primaryimage","url":"https:\/\/diarieducacio.cat\/educaciolocal\/wp-content\/uploads\/sites\/18\/2017\/03\/msubirats.png","contentUrl":"https:\/\/diarieducacio.cat\/educaciolocal\/wp-content\/uploads\/sites\/18\/2017\/03\/msubirats.png","width":256,"height":256,"caption":"Marina Subirats"},{"@type":"BreadcrumbList","@id":"https:\/\/diarieducacio.cat\/educaciolocal\/2017\/03\/08\/societat-lliure-violencia-masclista-potencia-coeducacio\/#breadcrumb","itemListElement":[{"@type":"ListItem","position":1,"name":"Inici","item":"https:\/\/diarieducacio.cat\/educaciolocal\/"},{"@type":"ListItem","position":2,"name":"Per una societat lliure de viol\u00e8ncia masclista: la pot\u00e8ncia de la coeducaci\u00f3"}]},{"@type":"WebSite","@id":"https:\/\/diarieducacio.cat\/educaciolocal\/#website","url":"https:\/\/diarieducacio.cat\/educaciolocal\/","name":"El blog de l'educaci\u00f3 local","description":"","potentialAction":[{"@type":"SearchAction","target":{"@type":"EntryPoint","urlTemplate":"https:\/\/diarieducacio.cat\/educaciolocal\/?s={search_term_string}"},"query-input":{"@type":"PropertyValueSpecification","valueRequired":true,"valueName":"search_term_string"}}],"inLanguage":"ca"},{"@type":"Person","@id":"https:\/\/diarieducacio.cat\/educaciolocal\/#\/schema\/person\/4674cde470557dcf5420391273044397","name":"Marina Subirats","image":{"@type":"ImageObject","inLanguage":"ca","@id":"https:\/\/secure.gravatar.com\/avatar\/3264c8c162e83b31a4a72cc5e6856b0ef58731a67dee0d63e6efb9031d9ff0d5?s=96&d=mm&r=g","url":"https:\/\/secure.gravatar.com\/avatar\/3264c8c162e83b31a4a72cc5e6856b0ef58731a67dee0d63e6efb9031d9ff0d5?s=96&d=mm&r=g","contentUrl":"https:\/\/secure.gravatar.com\/avatar\/3264c8c162e83b31a4a72cc5e6856b0ef58731a67dee0d63e6efb9031d9ff0d5?s=96&d=mm&r=g","caption":"Marina Subirats"},"sameAs":["http:\/\/uab.academia.edu\/MarinaSubiratsMartori"],"url":"https:\/\/diarieducacio.cat\/educaciolocal\/author\/marinasubirats\/"}]}},"_links":{"self":[{"href":"https:\/\/diarieducacio.cat\/educaciolocal\/wp-json\/wp\/v2\/posts\/249","targetHints":{"allow":["GET"]}}],"collection":[{"href":"https:\/\/diarieducacio.cat\/educaciolocal\/wp-json\/wp\/v2\/posts"}],"about":[{"href":"https:\/\/diarieducacio.cat\/educaciolocal\/wp-json\/wp\/v2\/types\/post"}],"author":[{"embeddable":true,"href":"https:\/\/diarieducacio.cat\/educaciolocal\/wp-json\/wp\/v2\/users\/205"}],"replies":[{"embeddable":true,"href":"https:\/\/diarieducacio.cat\/educaciolocal\/wp-json\/wp\/v2\/comments?post=249"}],"version-history":[{"count":0,"href":"https:\/\/diarieducacio.cat\/educaciolocal\/wp-json\/wp\/v2\/posts\/249\/revisions"}],"wp:featuredmedia":[{"embeddable":true,"href":"https:\/\/diarieducacio.cat\/educaciolocal\/wp-json\/wp\/v2\/media\/248"}],"wp:attachment":[{"href":"https:\/\/diarieducacio.cat\/educaciolocal\/wp-json\/wp\/v2\/media?parent=249"}],"wp:term":[{"taxonomy":"category","embeddable":true,"href":"https:\/\/diarieducacio.cat\/educaciolocal\/wp-json\/wp\/v2\/categories?post=249"},{"taxonomy":"post_tag","embeddable":true,"href":"https:\/\/diarieducacio.cat\/educaciolocal\/wp-json\/wp\/v2\/tags?post=249"},{"taxonomy":"tipo","embeddable":true,"href":"https:\/\/diarieducacio.cat\/educaciolocal\/wp-json\/wp\/v2\/tipo?post=249"}],"curies":[{"name":"wp","href":"https:\/\/api.w.org\/{rel}","templated":true}]}}