{"id":2783,"date":"2021-05-16T22:14:37","date_gmt":"2021-05-16T22:14:37","guid":{"rendered":"https:\/\/diarieducacio.cat\/educaciolocal\/?p=2783"},"modified":"2024-08-08T10:52:38","modified_gmt":"2024-08-08T08:52:38","slug":"mataro-planta-la-llavor-de-la-coeducacio-a-les-escoles-bressol","status":"publish","type":"post","link":"https:\/\/diarieducacio.cat\/educaciolocal\/2021\/05\/16\/mataro-planta-la-llavor-de-la-coeducacio-a-les-escoles-bressol\/","title":{"rendered":"Matar\u00f3 planta la llavor de la coeducaci\u00f3 a les escoles bressol"},"content":{"rendered":"<p>Un nen \u00e9s valent; una nena, una princesa. Ells tenen penis i elles vulva. Les mares s\u00f3n les qui canvien els bolquers i els pares van a treballar. Ells corren i elles miren. Aquestes s\u00f3n creences, estereotips o din\u00e0miques que es van reproduint sovint al dia a dia dels infants m\u00e9s menuts: tant a casa, com a l&#8217;escola o a la televisi\u00f3, van assumint rols de g\u00e8nere i normativitats que, sense adonar-nos-en, configuren una societat hostil amb la diversitat de g\u00e8nere i afectivosexual. Diversos experts en neuroci\u00e8ncia i educaci\u00f3, com en <a href=\"https:\/\/diarieducacio.cat\/educaciolocal\/2018\/05\/22\/el-que-no-sapren-a-primer-ja-saprendra-a-segon-anar-amb-calma-no-es-perdre-temps-es-respectar-el-ritme-del-cervell\/\">David Bueno<\/a>, ressalten la import\u00e0ncia de comen\u00e7ar a treballar el desenvolupament dels valors des de ben petits. Les coses que se&#8217;ns diuen no s\u00f3n inn\u00f2cues i mai no \u00e9s massa d&#8217;hora per comen\u00e7ar.<\/p>\n<p>Aquesta \u00e9s la premissa que va guiar l&#8217;Ajuntament de Matar\u00f3 a l&#8217;hora de crear el projecte de Coeducaci\u00f3 a les Escoles Bressol Municipals el 2017. Feia anys que el municipi realitzava tallers i sessions contra la viol\u00e8ncia masclista i sobre diversitat afectivosexual a les escoles de prim\u00e0ria i secund\u00e0ria, per\u00f2 \u201ctenen un curr\u00edculum molt marcat pel Departament d&#8217;Educaci\u00f3 i, des de l&#8217;Ajuntament no podem incidir tant. Aix\u00ed que ens vam dirigir a les escoles bressol, ja que s\u00f3n compet\u00e8ncia municipal i, a m\u00e9s, \u00e9s important\u00edssim comen\u00e7ar de ben petits perqu\u00e8 el que s&#8217;apr\u00e8n en aquestes etapes marca el futur\u201d, apunta Miquel Vadell, regidor d&#8217;Educaci\u00f3, qui afegeix que la petita inf\u00e0ncia \u201c\u00e9s la millor inversi\u00f3\u201d.<\/p>\n<blockquote><p>\u00c9s important\u00edssim comen\u00e7ar de ben petits perqu\u00e8 el que s&#8217;apr\u00e8n en aquestes etapes marca el futur<\/p><\/blockquote>\n<p>Aix\u00ed, ara fa quatre cursos es va comen\u00e7ar a posar les bases d&#8217;un programa de coeducaci\u00f3 centrada a les 9 escoles bressol, que acullen 90 professionals, 800 fam\u00edlies i vora 1.000 infants. Es va treballar per introduir propostes pedag\u00f2giques a les aules per tractar la diversitat de g\u00e8nere, dels cossos, afectiva o familiar, per\u00f2 el primer pas estava clar. S&#8217;havia de formar els i les mestres. \u201cCal educar qui educa: sovint es fa molta acci\u00f3 amb persones joves, per\u00f2 si no treballem amb aquelles que transmeten valors als m\u00e9s menuts, no aconseguirem res\u201d, assegura la regidora d&#8217;Igualtat, Feminismes i LGTBI, Marisa Merch\u00e1n.<\/p>\n<p>Deconstruir els estereotips o prejudicis que tenen els i les docents \u00e9s essencial. Durant les formacions que es donen de la m\u00e0 de l&#8217;associaci\u00f3 <a href=\"http:\/\/www.caleidoscopio.cat\/\">Caleidoscopio<\/a>, moltes mestres s&#8217;adonen de comportaments, actituds i llenguatges que tenen assumits i que, sense ser-ne conscients, promouen els estereotips i prejudicis. \u201cEls rols que reprodueixen els menuts s\u00f3n els que els hem transm\u00e8s\u201d, apunta Merch\u00e1n, qui es lamenta que \u201ca les carreres de magisteri no hi hagi formaci\u00f3 en g\u00e8nere\u201d. Per aix\u00f2, des del consistori s&#8217;ha tendit molt a la pedagogia a trav\u00e9s de sessions de bones pr\u00e0ctiques, formacions o <a href=\"https:\/\/www.mataro.cat\/sites\/congreslgtbi\">xerrades<\/a> amb participaci\u00f3 de referents com <a href=\"https:\/\/catalunyaplural.cat\/ca\/la-transsexualitat-ha-passat-de-reivindicar-el-dret-a-operar-se-a-quasi-reivindicar-el-dret-a-no-fer-ho\/\">Miquel Miss\u00e9<\/a> o <a href=\"https:\/\/catalunyaplural.cat\/ca\/leducacio-es-lunica-esperanca-per-derrotar-el-masclisme\/\">Marina Subirats<\/a>. Des d&#8217;aquests espais es debat i reflexiona sobre els diferents tipus de joc proposat o els termes amb els quals ens referim a l&#8217;actitud brava d&#8217;ells i al f\u00edsic d&#8217;elles.<\/p>\n<h3>Canviar de mirada<\/h3>\n<p>La clau, \u00e9s doncs, educar els referents adults. I aix\u00f2 implica tamb\u00e9 les fam\u00edlies. De la mateixa manera que al professorat, tamb\u00e9 es fan arribar a les llars formularis i se celebren reunions per tal d&#8217;esbrinar i reflexionar sobre com tracten els infants o quins rols de g\u00e8nere es reprodueixen a casa. \u201cIntentem treballar de manera coherent i amb concordan\u00e7a, per tan que no hi hagi contradiccions en el missatge que es dona als infants\u201d, explica Miquel Vadell.<\/p>\n<p>Aix\u00ed, els materials i propostes pedag\u00f2giques elaborades per Caleidoscopio, entitat que coordina el projecte, es fan arribar als centres per\u00f2 tamb\u00e9 a les fam\u00edlies. Aquestes propostes s&#8217;elaboren conjuntament entre les direccions, el professorat i la coordinaci\u00f3 de les escoles bressol i, cadascuna d&#8217;elles, en funci\u00f3 de la seva singularitat, tria un tema a treballar, adaptant-se als seus ritmes. Es poden abordar, doncs, diferents propostes com la diversitat dels cossos, les terminologies usades o trencar imaginaris r\u00edgids. Aquestes tem\u00e0tiques, que s\u00f3n complexes i profundes, s\u00f3n tractades de manera transversal i amb naturalitat: no es realitzen tallers ni sessions amb els infants, sin\u00f3 que s&#8217;incorporen din\u00e0miques que garanteixen tractar el respecte i la diversitat en tot moment. Aix\u00f2 es fa de la m\u00e0 de jocs, dibuixos o materials molt quotidians per\u00f2 revisats, com poden ser contes i materials de lectura.<\/p>\n<h3>Revisant les hist\u00f2ries de la inf\u00e0ncia<\/h3>\n<p>Si pensem en la caputxeta vermella, rememorem un conte de la nostra inf\u00e0ncia. Per\u00f2 si hi pensem amb m\u00e9s detall, veiem que es tracta d&#8217;una hist\u00f2ria que ensenya les nenes a tenir por. S\u00f3n contes que hem sentit milions de vegades i que ens van deixant una empremta. \u201cNo es tracta de desterrar aquestes hist\u00f2ries masclistes, sin\u00f3 d&#8217;analitzar els cl\u00e0ssics perqu\u00e8 els infants tinguin un punt de vista cr\u00edtic. Qualsevol hist\u00f2ria ha de ser explicada seguida d&#8217;una an\u00e0lisi\u201d, assegura Katy Pall\u00e1s, presidenta de l&#8217;Associaci\u00f3 de Fam\u00edlies LGTBI (FLG), associaci\u00f3 impulsora del projecte<a href=\"https:\/\/familieslg.wordpress.com\/tag\/contes-a-lescola\/\"><em> Contes a l&#8217;escola<\/em><\/a>, que proporciona als centres hist\u00f2ries inclusives i respectuoses amb la diversitat.<\/p>\n<p>\u201cTreballar l&#8217;acceptaci\u00f3, el respecte i l&#8217;estima a trav\u00e9s dels contes ens permet fer-ho de manera transversal. Els contes sempre s\u00f3n a l&#8217;aula i es llegeixen m\u00e9s d&#8217;una vegada\u201d, explica Pall\u00e1s. Aquesta iniciativa es dedica, des de fa 10 anys, a elaborar un cat\u00e0leg de contes i hist\u00f2ries amb perspectiva de g\u00e8nere pensats per infants de bressol fins l&#8217;ESO. Aquest cat\u00e0leg, que es renova cada any, es fa arribar a centres com les escoles bressol de Matar\u00f3, per tal que es pugui comptar amb lectures que permetin \u201ccanviar la mirada i fer-la inclusiva. Els infants entenen all\u00f2 que expliquem al seu nivell\u201d, diu Pall\u00e0s. Canviar els materials \u00e9s, doncs, essencial. \u201cDurant anys les aules han tingut p\u00f2sters gegants amb dos cossos nuus, que donaven per sentat el binarisme. I aix\u00f2 no \u00e9s innocu\u201d, afirmen des de l&#8217;Associaci\u00f3.<\/p>\n<blockquote><p>No cal que hi hagi diversitat a l&#8217;aula per parlar-ne. Tots els infants tenen el dret de con\u00e8ixer la difer\u00e8ncia<\/p><\/blockquote>\n<p>Aquests contes expliquen hist\u00f2ries de diversitat familiar, sobre com s\u00f3n els cossos i la seva diversitat, sobre l&#8217;expressi\u00f3 no normativa del g\u00e8nere o sobre figures de dones hist\u00f2riques. \u201c\u00c9s dotar de realitat aquesta diversitat i fer-la entrar a la normalitat\u201d, diu Pall\u00e0s, que explica que molts mestres presenten dubtes sobre com tractar aquestes hist\u00f2ries a les aules perqu\u00e8 no estan segurs de si hi ha diversitat entre els seus alumnes. \u201cNo cal que n&#8217;hi hagi per parlar-ne. No es tracta de detectar-los, sin\u00f3 de parlar de les diverses opcions. Tots els infants tenen el dret de con\u00e8ixer la difer\u00e8ncia\u201d, afirma.<\/p>\n<p>Entitats com l&#8217;Associaci\u00f3 de Fam\u00edlies LGTBI (FLG) fa anys que lluiten per fer visible i normalitzar les diverses diversitats. Avui, el terme coeducaci\u00f3 o feminisme estan a l&#8217;ordre del dia, per\u00f2 no era tan aix\u00ed el 2017, quan comen\u00e7a el projecte a les aules de bressol de Matar\u00f3. \u201cEls ajuntaments s&#8217;estan posant les piles i que les administracions visibilitzin aquestes lluites les dignifica i ajuda a que professionals i fam\u00edlies vegin que les pors i dubtes s\u00f3n totalment infundats\u201d. I aix\u00ed ho veuen tamb\u00e9 els infants, que a aquestes edats encara no han estat intoxicats per estereotips ni prejudicis i gaudeixen les activitats i els contes, sense jutjar ning\u00fa. \u201cEls nens i nenes seran persones fant\u00e0stiques: l&#8217;\u00fanica manera d&#8217;acabar amb l&#8217;heteropatriarcat \u00e9s que entenguin que l&#8217;estereotip no \u00e9s una font de privilegis sin\u00f3 quelcom que cal derribar\u201d, sentencia Merch\u00e1n.<\/p>\n","protected":false},"excerpt":{"rendered":"<p>Un nen \u00e9s valent; una nena, una princesa. Ells tenen penis i elles vulva. Les mares s\u00f3n les qui canvien els bolquers i els pares van a treballar. Ells corren i elles miren. Aquestes s\u00f3n creences, estereotips o din\u00e0miques que es van reproduint sovint al dia a dia dels infants m\u00e9s menuts: tant a casa,<\/p>\n","protected":false},"author":44,"featured_media":2785,"comment_status":"open","ping_status":"closed","sticky":false,"template":"","format":"standard","meta":{"footnotes":""},"categories":[187,168,236,267,156,450],"tags":[297],"tipo":[394],"class_list":{"0":"post-2783","1":"post","2":"type-post","3":"status-publish","4":"format-standard","5":"has-post-thumbnail","7":"category-abandonament-escolar-prematur","8":"category-exit-educatiu","9":"category-formacio","10":"category-oportunitats-educatives","11":"category-orientacio","12":"category-reportatge","13":"tag-dia-internacional-conta-la-lgtbifobia","14":"tipo-reportatge"},"yoast_head":"<!-- This site is optimized with the Yoast SEO plugin v27.4 - https:\/\/yoast.com\/product\/yoast-seo-wordpress\/ -->\n<title>Matar\u00f3 planta la llavor de la coeducaci\u00f3 a les escoles bressol - El blog de l&#039;educaci\u00f3 local<\/title>\n<meta name=\"robots\" content=\"index, follow, max-snippet:-1, max-image-preview:large, max-video-preview:-1\" \/>\n<link rel=\"canonical\" href=\"https:\/\/diarieducacio.cat\/educaciolocal\/2021\/05\/16\/mataro-planta-la-llavor-de-la-coeducacio-a-les-escoles-bressol\/\" \/>\n<meta property=\"og:locale\" content=\"ca_ES\" \/>\n<meta property=\"og:type\" content=\"article\" \/>\n<meta property=\"og:title\" content=\"Matar\u00f3 planta la llavor de la coeducaci\u00f3 a les escoles bressol - El blog de l&#039;educaci\u00f3 local\" \/>\n<meta property=\"og:description\" content=\"Un nen \u00e9s valent; una nena, una princesa. Ells tenen penis i elles vulva. Les mares s\u00f3n les qui canvien els bolquers i els pares van a treballar. Ells corren i elles miren. Aquestes s\u00f3n creences, estereotips o din\u00e0miques que es van reproduint sovint al dia a dia dels infants m\u00e9s menuts: tant a casa,\" \/>\n<meta property=\"og:url\" content=\"https:\/\/diarieducacio.cat\/educaciolocal\/2021\/05\/16\/mataro-planta-la-llavor-de-la-coeducacio-a-les-escoles-bressol\/\" \/>\n<meta property=\"og:site_name\" content=\"El blog de l&#039;educaci\u00f3 local\" \/>\n<meta property=\"article:publisher\" content=\"https:\/\/www.facebook.com\/diarieducacio\/\" \/>\n<meta property=\"article:published_time\" content=\"2021-05-16T22:14:37+00:00\" \/>\n<meta property=\"article:modified_time\" content=\"2024-08-08T08:52:38+00:00\" \/>\n<meta property=\"og:image\" content=\"https:\/\/diarieducacio.cat\/educaciolocal\/wp-content\/uploads\/sites\/18\/2021\/05\/iStock-518233616-1.jpg\" \/>\n\t<meta property=\"og:image:width\" content=\"1200\" \/>\n\t<meta property=\"og:image:height\" content=\"801\" \/>\n\t<meta property=\"og:image:type\" content=\"image\/jpeg\" \/>\n<meta name=\"author\" content=\"Sandra Vicente\" \/>\n<meta name=\"twitter:card\" content=\"summary_large_image\" \/>\n<meta name=\"twitter:creator\" content=\"@&#039;@Sandra_ViBa\" \/>\n<meta name=\"twitter:site\" content=\"@DiariEducacio\" \/>\n<meta name=\"twitter:label1\" content=\"Escrit per\" \/>\n\t<meta name=\"twitter:data1\" content=\"Sandra Vicente\" \/>\n\t<meta name=\"twitter:label2\" content=\"Temps estimat de lectura\" \/>\n\t<meta name=\"twitter:data2\" content=\"7 minuts\" \/>\n<script type=\"application\/ld+json\" class=\"yoast-schema-graph\">{\"@context\":\"https:\\\/\\\/schema.org\",\"@graph\":[{\"@type\":\"Article\",\"@id\":\"https:\\\/\\\/diarieducacio.cat\\\/educaciolocal\\\/2021\\\/05\\\/16\\\/mataro-planta-la-llavor-de-la-coeducacio-a-les-escoles-bressol\\\/#article\",\"isPartOf\":{\"@id\":\"https:\\\/\\\/diarieducacio.cat\\\/educaciolocal\\\/2021\\\/05\\\/16\\\/mataro-planta-la-llavor-de-la-coeducacio-a-les-escoles-bressol\\\/\"},\"author\":{\"name\":\"Sandra Vicente\",\"@id\":\"https:\\\/\\\/diarieducacio.cat\\\/educaciolocal\\\/#\\\/schema\\\/person\\\/463dcfae2a9aa7b47cebc06062adf30e\"},\"headline\":\"Matar\u00f3 planta la llavor de la coeducaci\u00f3 a les escoles bressol\",\"datePublished\":\"2021-05-16T22:14:37+00:00\",\"dateModified\":\"2024-08-08T08:52:38+00:00\",\"mainEntityOfPage\":{\"@id\":\"https:\\\/\\\/diarieducacio.cat\\\/educaciolocal\\\/2021\\\/05\\\/16\\\/mataro-planta-la-llavor-de-la-coeducacio-a-les-escoles-bressol\\\/\"},\"wordCount\":1356,\"commentCount\":0,\"image\":{\"@id\":\"https:\\\/\\\/diarieducacio.cat\\\/educaciolocal\\\/2021\\\/05\\\/16\\\/mataro-planta-la-llavor-de-la-coeducacio-a-les-escoles-bressol\\\/#primaryimage\"},\"thumbnailUrl\":\"https:\\\/\\\/diarieducacio.cat\\\/educaciolocal\\\/wp-content\\\/uploads\\\/sites\\\/18\\\/2021\\\/05\\\/iStock-518233616-1.jpg\",\"keywords\":[\"Dia Internacional conta la LGTBIf\u00f2bia\"],\"articleSection\":[\"Abandonament escolar prematur\",\"\u00c8xit educatiu\",\"Formaci\u00f3\",\"oportunitats educatives\",\"Orientaci\u00f3\",\"Reportatge\"],\"inLanguage\":\"ca\",\"potentialAction\":[{\"@type\":\"CommentAction\",\"name\":\"Comment\",\"target\":[\"https:\\\/\\\/diarieducacio.cat\\\/educaciolocal\\\/2021\\\/05\\\/16\\\/mataro-planta-la-llavor-de-la-coeducacio-a-les-escoles-bressol\\\/#respond\"]}]},{\"@type\":\"WebPage\",\"@id\":\"https:\\\/\\\/diarieducacio.cat\\\/educaciolocal\\\/2021\\\/05\\\/16\\\/mataro-planta-la-llavor-de-la-coeducacio-a-les-escoles-bressol\\\/\",\"url\":\"https:\\\/\\\/diarieducacio.cat\\\/educaciolocal\\\/2021\\\/05\\\/16\\\/mataro-planta-la-llavor-de-la-coeducacio-a-les-escoles-bressol\\\/\",\"name\":\"Matar\u00f3 planta la llavor de la coeducaci\u00f3 a les escoles bressol - El blog de l'educaci\u00f3 local\",\"isPartOf\":{\"@id\":\"https:\\\/\\\/diarieducacio.cat\\\/educaciolocal\\\/#website\"},\"primaryImageOfPage\":{\"@id\":\"https:\\\/\\\/diarieducacio.cat\\\/educaciolocal\\\/2021\\\/05\\\/16\\\/mataro-planta-la-llavor-de-la-coeducacio-a-les-escoles-bressol\\\/#primaryimage\"},\"image\":{\"@id\":\"https:\\\/\\\/diarieducacio.cat\\\/educaciolocal\\\/2021\\\/05\\\/16\\\/mataro-planta-la-llavor-de-la-coeducacio-a-les-escoles-bressol\\\/#primaryimage\"},\"thumbnailUrl\":\"https:\\\/\\\/diarieducacio.cat\\\/educaciolocal\\\/wp-content\\\/uploads\\\/sites\\\/18\\\/2021\\\/05\\\/iStock-518233616-1.jpg\",\"datePublished\":\"2021-05-16T22:14:37+00:00\",\"dateModified\":\"2024-08-08T08:52:38+00:00\",\"author\":{\"@id\":\"https:\\\/\\\/diarieducacio.cat\\\/educaciolocal\\\/#\\\/schema\\\/person\\\/463dcfae2a9aa7b47cebc06062adf30e\"},\"breadcrumb\":{\"@id\":\"https:\\\/\\\/diarieducacio.cat\\\/educaciolocal\\\/2021\\\/05\\\/16\\\/mataro-planta-la-llavor-de-la-coeducacio-a-les-escoles-bressol\\\/#breadcrumb\"},\"inLanguage\":\"ca\",\"potentialAction\":[{\"@type\":\"ReadAction\",\"target\":[\"https:\\\/\\\/diarieducacio.cat\\\/educaciolocal\\\/2021\\\/05\\\/16\\\/mataro-planta-la-llavor-de-la-coeducacio-a-les-escoles-bressol\\\/\"]}]},{\"@type\":\"ImageObject\",\"inLanguage\":\"ca\",\"@id\":\"https:\\\/\\\/diarieducacio.cat\\\/educaciolocal\\\/2021\\\/05\\\/16\\\/mataro-planta-la-llavor-de-la-coeducacio-a-les-escoles-bressol\\\/#primaryimage\",\"url\":\"https:\\\/\\\/diarieducacio.cat\\\/educaciolocal\\\/wp-content\\\/uploads\\\/sites\\\/18\\\/2021\\\/05\\\/iStock-518233616-1.jpg\",\"contentUrl\":\"https:\\\/\\\/diarieducacio.cat\\\/educaciolocal\\\/wp-content\\\/uploads\\\/sites\\\/18\\\/2021\\\/05\\\/iStock-518233616-1.jpg\",\"width\":1200,\"height\":801,\"caption\":\"Treballar els estereotips de g\u00e8nere \u00e9s b\u00e0sic a la petita inf\u00e0ncia | Pol Larsen (iStock)\"},{\"@type\":\"BreadcrumbList\",\"@id\":\"https:\\\/\\\/diarieducacio.cat\\\/educaciolocal\\\/2021\\\/05\\\/16\\\/mataro-planta-la-llavor-de-la-coeducacio-a-les-escoles-bressol\\\/#breadcrumb\",\"itemListElement\":[{\"@type\":\"ListItem\",\"position\":1,\"name\":\"Inici\",\"item\":\"https:\\\/\\\/diarieducacio.cat\\\/educaciolocal\\\/\"},{\"@type\":\"ListItem\",\"position\":2,\"name\":\"Matar\u00f3 planta la llavor de la coeducaci\u00f3 a les escoles bressol\"}]},{\"@type\":\"WebSite\",\"@id\":\"https:\\\/\\\/diarieducacio.cat\\\/educaciolocal\\\/#website\",\"url\":\"https:\\\/\\\/diarieducacio.cat\\\/educaciolocal\\\/\",\"name\":\"El blog de l'educaci\u00f3 local\",\"description\":\"\",\"potentialAction\":[{\"@type\":\"SearchAction\",\"target\":{\"@type\":\"EntryPoint\",\"urlTemplate\":\"https:\\\/\\\/diarieducacio.cat\\\/educaciolocal\\\/?s={search_term_string}\"},\"query-input\":{\"@type\":\"PropertyValueSpecification\",\"valueRequired\":true,\"valueName\":\"search_term_string\"}}],\"inLanguage\":\"ca\"},{\"@type\":\"Person\",\"@id\":\"https:\\\/\\\/diarieducacio.cat\\\/educaciolocal\\\/#\\\/schema\\\/person\\\/463dcfae2a9aa7b47cebc06062adf30e\",\"name\":\"Sandra Vicente\",\"image\":{\"@type\":\"ImageObject\",\"inLanguage\":\"ca\",\"@id\":\"https:\\\/\\\/secure.gravatar.com\\\/avatar\\\/3dd28ae54eb171998dd82158d419846e897be79c3e08718e1c5003b3e7d1246d?s=96&d=mm&r=g\",\"url\":\"https:\\\/\\\/secure.gravatar.com\\\/avatar\\\/3dd28ae54eb171998dd82158d419846e897be79c3e08718e1c5003b3e7d1246d?s=96&d=mm&r=g\",\"contentUrl\":\"https:\\\/\\\/secure.gravatar.com\\\/avatar\\\/3dd28ae54eb171998dd82158d419846e897be79c3e08718e1c5003b3e7d1246d?s=96&d=mm&r=g\",\"caption\":\"Sandra Vicente\"},\"sameAs\":[\"https:\\\/\\\/x.com\\\/'@Sandra_ViBa\"],\"url\":\"https:\\\/\\\/diarieducacio.cat\\\/educaciolocal\\\/author\\\/svicente\\\/\"}]}<\/script>\n<!-- \/ Yoast SEO plugin. -->","yoast_head_json":{"title":"Matar\u00f3 planta la llavor de la coeducaci\u00f3 a les escoles bressol - El blog de l'educaci\u00f3 local","robots":{"index":"index","follow":"follow","max-snippet":"max-snippet:-1","max-image-preview":"max-image-preview:large","max-video-preview":"max-video-preview:-1"},"canonical":"https:\/\/diarieducacio.cat\/educaciolocal\/2021\/05\/16\/mataro-planta-la-llavor-de-la-coeducacio-a-les-escoles-bressol\/","og_locale":"ca_ES","og_type":"article","og_title":"Matar\u00f3 planta la llavor de la coeducaci\u00f3 a les escoles bressol - El blog de l'educaci\u00f3 local","og_description":"Un nen \u00e9s valent; una nena, una princesa. Ells tenen penis i elles vulva. Les mares s\u00f3n les qui canvien els bolquers i els pares van a treballar. Ells corren i elles miren. Aquestes s\u00f3n creences, estereotips o din\u00e0miques que es van reproduint sovint al dia a dia dels infants m\u00e9s menuts: tant a casa,","og_url":"https:\/\/diarieducacio.cat\/educaciolocal\/2021\/05\/16\/mataro-planta-la-llavor-de-la-coeducacio-a-les-escoles-bressol\/","og_site_name":"El blog de l'educaci\u00f3 local","article_publisher":"https:\/\/www.facebook.com\/diarieducacio\/","article_published_time":"2021-05-16T22:14:37+00:00","article_modified_time":"2024-08-08T08:52:38+00:00","og_image":[{"width":1200,"height":801,"url":"https:\/\/diarieducacio.cat\/educaciolocal\/wp-content\/uploads\/sites\/18\/2021\/05\/iStock-518233616-1.jpg","type":"image\/jpeg"}],"author":"Sandra Vicente","twitter_card":"summary_large_image","twitter_creator":"@'@Sandra_ViBa","twitter_site":"@DiariEducacio","twitter_misc":{"Escrit per":"Sandra Vicente","Temps estimat de lectura":"7 minuts"},"schema":{"@context":"https:\/\/schema.org","@graph":[{"@type":"Article","@id":"https:\/\/diarieducacio.cat\/educaciolocal\/2021\/05\/16\/mataro-planta-la-llavor-de-la-coeducacio-a-les-escoles-bressol\/#article","isPartOf":{"@id":"https:\/\/diarieducacio.cat\/educaciolocal\/2021\/05\/16\/mataro-planta-la-llavor-de-la-coeducacio-a-les-escoles-bressol\/"},"author":{"name":"Sandra Vicente","@id":"https:\/\/diarieducacio.cat\/educaciolocal\/#\/schema\/person\/463dcfae2a9aa7b47cebc06062adf30e"},"headline":"Matar\u00f3 planta la llavor de la coeducaci\u00f3 a les escoles bressol","datePublished":"2021-05-16T22:14:37+00:00","dateModified":"2024-08-08T08:52:38+00:00","mainEntityOfPage":{"@id":"https:\/\/diarieducacio.cat\/educaciolocal\/2021\/05\/16\/mataro-planta-la-llavor-de-la-coeducacio-a-les-escoles-bressol\/"},"wordCount":1356,"commentCount":0,"image":{"@id":"https:\/\/diarieducacio.cat\/educaciolocal\/2021\/05\/16\/mataro-planta-la-llavor-de-la-coeducacio-a-les-escoles-bressol\/#primaryimage"},"thumbnailUrl":"https:\/\/diarieducacio.cat\/educaciolocal\/wp-content\/uploads\/sites\/18\/2021\/05\/iStock-518233616-1.jpg","keywords":["Dia Internacional conta la LGTBIf\u00f2bia"],"articleSection":["Abandonament escolar prematur","\u00c8xit educatiu","Formaci\u00f3","oportunitats educatives","Orientaci\u00f3","Reportatge"],"inLanguage":"ca","potentialAction":[{"@type":"CommentAction","name":"Comment","target":["https:\/\/diarieducacio.cat\/educaciolocal\/2021\/05\/16\/mataro-planta-la-llavor-de-la-coeducacio-a-les-escoles-bressol\/#respond"]}]},{"@type":"WebPage","@id":"https:\/\/diarieducacio.cat\/educaciolocal\/2021\/05\/16\/mataro-planta-la-llavor-de-la-coeducacio-a-les-escoles-bressol\/","url":"https:\/\/diarieducacio.cat\/educaciolocal\/2021\/05\/16\/mataro-planta-la-llavor-de-la-coeducacio-a-les-escoles-bressol\/","name":"Matar\u00f3 planta la llavor de la coeducaci\u00f3 a les escoles bressol - El blog de l'educaci\u00f3 local","isPartOf":{"@id":"https:\/\/diarieducacio.cat\/educaciolocal\/#website"},"primaryImageOfPage":{"@id":"https:\/\/diarieducacio.cat\/educaciolocal\/2021\/05\/16\/mataro-planta-la-llavor-de-la-coeducacio-a-les-escoles-bressol\/#primaryimage"},"image":{"@id":"https:\/\/diarieducacio.cat\/educaciolocal\/2021\/05\/16\/mataro-planta-la-llavor-de-la-coeducacio-a-les-escoles-bressol\/#primaryimage"},"thumbnailUrl":"https:\/\/diarieducacio.cat\/educaciolocal\/wp-content\/uploads\/sites\/18\/2021\/05\/iStock-518233616-1.jpg","datePublished":"2021-05-16T22:14:37+00:00","dateModified":"2024-08-08T08:52:38+00:00","author":{"@id":"https:\/\/diarieducacio.cat\/educaciolocal\/#\/schema\/person\/463dcfae2a9aa7b47cebc06062adf30e"},"breadcrumb":{"@id":"https:\/\/diarieducacio.cat\/educaciolocal\/2021\/05\/16\/mataro-planta-la-llavor-de-la-coeducacio-a-les-escoles-bressol\/#breadcrumb"},"inLanguage":"ca","potentialAction":[{"@type":"ReadAction","target":["https:\/\/diarieducacio.cat\/educaciolocal\/2021\/05\/16\/mataro-planta-la-llavor-de-la-coeducacio-a-les-escoles-bressol\/"]}]},{"@type":"ImageObject","inLanguage":"ca","@id":"https:\/\/diarieducacio.cat\/educaciolocal\/2021\/05\/16\/mataro-planta-la-llavor-de-la-coeducacio-a-les-escoles-bressol\/#primaryimage","url":"https:\/\/diarieducacio.cat\/educaciolocal\/wp-content\/uploads\/sites\/18\/2021\/05\/iStock-518233616-1.jpg","contentUrl":"https:\/\/diarieducacio.cat\/educaciolocal\/wp-content\/uploads\/sites\/18\/2021\/05\/iStock-518233616-1.jpg","width":1200,"height":801,"caption":"Treballar els estereotips de g\u00e8nere \u00e9s b\u00e0sic a la petita inf\u00e0ncia | Pol Larsen (iStock)"},{"@type":"BreadcrumbList","@id":"https:\/\/diarieducacio.cat\/educaciolocal\/2021\/05\/16\/mataro-planta-la-llavor-de-la-coeducacio-a-les-escoles-bressol\/#breadcrumb","itemListElement":[{"@type":"ListItem","position":1,"name":"Inici","item":"https:\/\/diarieducacio.cat\/educaciolocal\/"},{"@type":"ListItem","position":2,"name":"Matar\u00f3 planta la llavor de la coeducaci\u00f3 a les escoles bressol"}]},{"@type":"WebSite","@id":"https:\/\/diarieducacio.cat\/educaciolocal\/#website","url":"https:\/\/diarieducacio.cat\/educaciolocal\/","name":"El blog de l'educaci\u00f3 local","description":"","potentialAction":[{"@type":"SearchAction","target":{"@type":"EntryPoint","urlTemplate":"https:\/\/diarieducacio.cat\/educaciolocal\/?s={search_term_string}"},"query-input":{"@type":"PropertyValueSpecification","valueRequired":true,"valueName":"search_term_string"}}],"inLanguage":"ca"},{"@type":"Person","@id":"https:\/\/diarieducacio.cat\/educaciolocal\/#\/schema\/person\/463dcfae2a9aa7b47cebc06062adf30e","name":"Sandra Vicente","image":{"@type":"ImageObject","inLanguage":"ca","@id":"https:\/\/secure.gravatar.com\/avatar\/3dd28ae54eb171998dd82158d419846e897be79c3e08718e1c5003b3e7d1246d?s=96&d=mm&r=g","url":"https:\/\/secure.gravatar.com\/avatar\/3dd28ae54eb171998dd82158d419846e897be79c3e08718e1c5003b3e7d1246d?s=96&d=mm&r=g","contentUrl":"https:\/\/secure.gravatar.com\/avatar\/3dd28ae54eb171998dd82158d419846e897be79c3e08718e1c5003b3e7d1246d?s=96&d=mm&r=g","caption":"Sandra Vicente"},"sameAs":["https:\/\/x.com\/'@Sandra_ViBa"],"url":"https:\/\/diarieducacio.cat\/educaciolocal\/author\/svicente\/"}]}},"_links":{"self":[{"href":"https:\/\/diarieducacio.cat\/educaciolocal\/wp-json\/wp\/v2\/posts\/2783","targetHints":{"allow":["GET"]}}],"collection":[{"href":"https:\/\/diarieducacio.cat\/educaciolocal\/wp-json\/wp\/v2\/posts"}],"about":[{"href":"https:\/\/diarieducacio.cat\/educaciolocal\/wp-json\/wp\/v2\/types\/post"}],"author":[{"embeddable":true,"href":"https:\/\/diarieducacio.cat\/educaciolocal\/wp-json\/wp\/v2\/users\/44"}],"replies":[{"embeddable":true,"href":"https:\/\/diarieducacio.cat\/educaciolocal\/wp-json\/wp\/v2\/comments?post=2783"}],"version-history":[{"count":1,"href":"https:\/\/diarieducacio.cat\/educaciolocal\/wp-json\/wp\/v2\/posts\/2783\/revisions"}],"predecessor-version":[{"id":4270,"href":"https:\/\/diarieducacio.cat\/educaciolocal\/wp-json\/wp\/v2\/posts\/2783\/revisions\/4270"}],"wp:featuredmedia":[{"embeddable":true,"href":"https:\/\/diarieducacio.cat\/educaciolocal\/wp-json\/wp\/v2\/media\/2785"}],"wp:attachment":[{"href":"https:\/\/diarieducacio.cat\/educaciolocal\/wp-json\/wp\/v2\/media?parent=2783"}],"wp:term":[{"taxonomy":"category","embeddable":true,"href":"https:\/\/diarieducacio.cat\/educaciolocal\/wp-json\/wp\/v2\/categories?post=2783"},{"taxonomy":"post_tag","embeddable":true,"href":"https:\/\/diarieducacio.cat\/educaciolocal\/wp-json\/wp\/v2\/tags?post=2783"},{"taxonomy":"tipo","embeddable":true,"href":"https:\/\/diarieducacio.cat\/educaciolocal\/wp-json\/wp\/v2\/tipo?post=2783"}],"curies":[{"name":"wp","href":"https:\/\/api.w.org\/{rel}","templated":true}]}}