{"id":2803,"date":"2021-05-28T06:12:46","date_gmt":"2021-05-28T06:12:46","guid":{"rendered":"https:\/\/diarieducacio.cat\/educaciolocal\/?p=2803"},"modified":"2024-08-08T10:52:38","modified_gmt":"2024-08-08T08:52:38","slug":"el-moviment-i-el-joc-del-infants-petits","status":"publish","type":"post","link":"https:\/\/diarieducacio.cat\/educaciolocal\/2021\/05\/28\/el-moviment-i-el-joc-del-infants-petits\/","title":{"rendered":"El moviment i el joc dels infants petits"},"content":{"rendered":"<p>Necessiten disposar d&#8217;un espai segur i que estiguem al seu costat confiant en que aniran passant d&#8217;etapa al seu ritme individual, segons com sentin de preparat el seu cos i segons els seus desitjos particulars. Cal recordar que si no fan servir alguna postura \u00e9s perqu\u00e8 el seu cos encara no est\u00e0 preparat o b\u00e9 perqu\u00e8 estan interessats en un altre aprenentatge. Aniran aconseguint cada fase de forma aut\u00f2noma.<\/p>\n<p>Tamb\u00e9 comprovem constantment el seu desig incansable per a mirar al seu voltant, tocar tot el que est\u00e0 al seu abast, jugar-hi\u2026 en definitiva, con\u00e8ixer tot all\u00f2 que els envolta i investigar com funciona el seu cos, el seu entorn i com s\u2019hi poden relacionar. Tenen una gran curiositat i moltes ganes de descobrir i aprendre. Tampoc els ajuda que els adults els diem com ni amb qu\u00e8 han de jugar.<\/p>\n<blockquote><p>El joc i el moviment \u00e9s la manera de viure de les criatures durant la primera inf\u00e0ncia. No tan sols pel fet que en gaudeixen, i molt, sin\u00f3 tamb\u00e9 perqu\u00e8 els serveix per aprendre i cr\u00e9ixer en diferents \u00e0mbits. Per ells, el joc \u00e9s una cosa molt seriosa<\/p><\/blockquote>\n<p>En primer lloc, a nivell f\u00edsic el moviment \u00e9s una necessitat vital. Els suposa anar adquirint diferents habilitats tant respecte al cos en global com en la manipulaci\u00f3 d&#8217;objectes. A nivell cognitiu, van coneixent tot all\u00f2 que poden fer i all\u00f2 que encara no. \u00c9s a dir, van sent conscients de les seves capacitats i dels seus l\u00edmits. Alhora, van aprenent com funcionen les coses del seu voltant i tamb\u00e9 les lleis de la natura. Com ens diu la Rosa Vidiella, es converteixen en petits f\u00edsics, qu\u00edmics, matem\u00e0tics, bi\u00f2legs,&#8230;<\/p>\n<p>A nivell emocional, el joc permet que aflorin les diferents emocions viscudes, de manera que \u00e9s una via d&#8217;expressi\u00f3 i, gr\u00e0cies als adults que hi posem paraules, les poden anar coneixent. Per exemple: es posen contents quan els surt algun repte que s\u2019havien proposat, tristos quan se\u2019ls trenca una joguina, o s&#8217;enfaden si els prenen un objecte. A nivell relacional els permet iniciar els passos cap a la socialitzaci\u00f3 fora de la fam\u00edlia propera.<\/p>\n<p>Segons aquestes premisses, com ens necessiten doncs els nostres fills i filles durant el moviment i el joc? En primer lloc, permetent que sigui un joc lliure, auto-estimulat, de manera que les criatures en siguin les protagonistes, que puguin decidir amb qu\u00e8 juguen, quanta estona, en quina postura\u2026 Aix\u00ed, estarem respectant la seva iniciativa de manera que es podran sentir h\u00e0bils i capa\u00e7os, valorats i respectats en les seves tries i decisions. Evitarem, en la mida del possible, dirigir el seu joc.<\/p>\n<p>Els hi posarem les joguines adequades per a les capacitats que hagin desenvolupat a cada moment i no les que siguin d\u2019edats o habilitats m\u00e9s avan\u00e7ades. Aix\u00ed, no se sentiran for\u00e7ats ni frustrats per no poder assolir les nostres expectatives si no coincideixen amb les seves. Deixarem que vagin triant la postura en qu\u00e8 volen jugar en cada moment, sense avan\u00e7ar cap postura que no hagin triat ells, ja que els estarem for\u00e7ant en per\u00edodes en qu\u00e8 la seva musculatura no estar\u00e0 encara preparada.<\/p>\n<p>Els farem un gran regal si els deixem temps per a que gaudeixin de cada etapa, sense presses ni expectatives, simplement compartint estones d\u2019aquest joc lliure i aprofitant per a observar-los i con\u00e8ixer com s\u00f3n a trav\u00e9s del seu joc. Ens necessiten al seu costat per a mostrar-nos les seves alegries, els aven\u00e7os i els nous reptes que es proposin i, alhora, perqu\u00e8 puguem posar paraules al qu\u00e8 van fent i sentint.<\/p>\n<p>En definitiva, la nostra participaci\u00f3 indirecta, els permet poder gaudir d&#8217;un joc tranquil, actiu i alegre.<\/p>\n<p>Pel que fa a la zona de joc, \u00e9s important que els preparem un espai on les criatures puguin tenir la llibertat de moure\u2019s de manera segura, sense estris limitadors del moviment o que els mantinguin lligats. Si \u00e9s possible, els hi col\u00b7locarem un material que ofereixi algun desnivell com ara una rampa o un calaix girat cap per avall col\u00b7locat en forma de tarima, per a que es vagin trobant diferents al\u00e7ades per on despla\u00e7ar-se. Per a la manipulaci\u00f3, els posarem al seu abast objectes segurs, de pes i mida adequats, preferiblement fets amb materials naturals i variats.<\/p>\n<p>Com m\u00e9s abstractes i inespec\u00edfics siguin, m\u00e9s riquesa i varietat de joc oferiran, alhora que els permetran activar la creativitat.<\/p>\n","protected":false},"excerpt":{"rendered":"<p>Necessiten disposar d&#8217;un espai segur i que estiguem al seu costat confiant en que aniran passant d&#8217;etapa al seu ritme individual, segons com sentin de preparat el seu cos i segons els seus desitjos particulars. Cal recordar que si no fan servir alguna postura \u00e9s perqu\u00e8 el seu cos encara no est\u00e0 preparat o b\u00e9<\/p>\n","protected":false},"author":262,"featured_media":2810,"comment_status":"open","ping_status":"closed","sticky":false,"template":"","format":"standard","meta":{"footnotes":""},"categories":[308,144,156],"tags":[],"tipo":[391],"class_list":{"0":"post-2803","1":"post","2":"type-post","3":"status-publish","4":"format-standard","5":"has-post-thumbnail","7":"category-formacio-professional","8":"category-opinio","9":"category-orientacio","10":"tipo-opinio"},"yoast_head":"<!-- This site is optimized with the Yoast SEO plugin v27.4 - https:\/\/yoast.com\/product\/yoast-seo-wordpress\/ -->\n<title>El moviment i el joc dels infants petits - El blog de l&#039;educaci\u00f3 local<\/title>\n<meta name=\"robots\" content=\"index, follow, max-snippet:-1, max-image-preview:large, max-video-preview:-1\" \/>\n<link rel=\"canonical\" href=\"https:\/\/diarieducacio.cat\/educaciolocal\/2021\/05\/28\/el-moviment-i-el-joc-del-infants-petits\/\" \/>\n<meta property=\"og:locale\" content=\"ca_ES\" \/>\n<meta property=\"og:type\" content=\"article\" \/>\n<meta property=\"og:title\" content=\"El moviment i el joc dels infants petits - El blog de l&#039;educaci\u00f3 local\" \/>\n<meta property=\"og:description\" content=\"Necessiten disposar d&#8217;un espai segur i que estiguem al seu costat confiant en que aniran passant d&#8217;etapa al seu ritme individual, segons com sentin de preparat el seu cos i segons els seus desitjos particulars. Cal recordar que si no fan servir alguna postura \u00e9s perqu\u00e8 el seu cos encara no est\u00e0 preparat o b\u00e9\" \/>\n<meta property=\"og:url\" content=\"https:\/\/diarieducacio.cat\/educaciolocal\/2021\/05\/28\/el-moviment-i-el-joc-del-infants-petits\/\" \/>\n<meta property=\"og:site_name\" content=\"El blog de l&#039;educaci\u00f3 local\" \/>\n<meta property=\"article:publisher\" content=\"https:\/\/www.facebook.com\/diarieducacio\/\" \/>\n<meta property=\"article:published_time\" content=\"2021-05-28T06:12:46+00:00\" \/>\n<meta property=\"article:modified_time\" content=\"2024-08-08T08:52:38+00:00\" \/>\n<meta property=\"og:image\" content=\"https:\/\/diarieducacio.cat\/educaciolocal\/wp-content\/uploads\/sites\/18\/2021\/05\/P1080990-1.jpeg\" \/>\n\t<meta property=\"og:image:width\" content=\"575\" \/>\n\t<meta property=\"og:image:height\" content=\"431\" \/>\n\t<meta property=\"og:image:type\" content=\"image\/jpeg\" \/>\n<meta name=\"author\" content=\"N\u00faria Ferrando\" \/>\n<meta name=\"twitter:card\" content=\"summary_large_image\" \/>\n<meta name=\"twitter:creator\" content=\"@DiariEducacio\" \/>\n<meta name=\"twitter:site\" content=\"@DiariEducacio\" \/>\n<meta name=\"twitter:label1\" content=\"Escrit per\" \/>\n\t<meta name=\"twitter:data1\" content=\"N\u00faria Ferrando\" \/>\n\t<meta name=\"twitter:label2\" content=\"Temps estimat de lectura\" \/>\n\t<meta name=\"twitter:data2\" content=\"4 minuts\" \/>\n<script type=\"application\/ld+json\" class=\"yoast-schema-graph\">{\"@context\":\"https:\\\/\\\/schema.org\",\"@graph\":[{\"@type\":\"Article\",\"@id\":\"https:\\\/\\\/diarieducacio.cat\\\/educaciolocal\\\/2021\\\/05\\\/28\\\/el-moviment-i-el-joc-del-infants-petits\\\/#article\",\"isPartOf\":{\"@id\":\"https:\\\/\\\/diarieducacio.cat\\\/educaciolocal\\\/2021\\\/05\\\/28\\\/el-moviment-i-el-joc-del-infants-petits\\\/\"},\"author\":{\"name\":\"N\u00faria Ferrando\",\"@id\":\"https:\\\/\\\/diarieducacio.cat\\\/educaciolocal\\\/#\\\/schema\\\/person\\\/b6c6e42428a5d1509de6215e84407479\"},\"headline\":\"El moviment i el joc dels infants petits\",\"datePublished\":\"2021-05-28T06:12:46+00:00\",\"dateModified\":\"2024-08-08T08:52:38+00:00\",\"mainEntityOfPage\":{\"@id\":\"https:\\\/\\\/diarieducacio.cat\\\/educaciolocal\\\/2021\\\/05\\\/28\\\/el-moviment-i-el-joc-del-infants-petits\\\/\"},\"wordCount\":775,\"commentCount\":2,\"image\":{\"@id\":\"https:\\\/\\\/diarieducacio.cat\\\/educaciolocal\\\/2021\\\/05\\\/28\\\/el-moviment-i-el-joc-del-infants-petits\\\/#primaryimage\"},\"thumbnailUrl\":\"https:\\\/\\\/diarieducacio.cat\\\/educaciolocal\\\/wp-content\\\/uploads\\\/sites\\\/18\\\/2021\\\/05\\\/P1080990-1.jpeg\",\"articleSection\":[\"Formaci\u00f3 Professional\",\"Opini\u00f3\",\"Orientaci\u00f3\"],\"inLanguage\":\"ca\",\"potentialAction\":[{\"@type\":\"CommentAction\",\"name\":\"Comment\",\"target\":[\"https:\\\/\\\/diarieducacio.cat\\\/educaciolocal\\\/2021\\\/05\\\/28\\\/el-moviment-i-el-joc-del-infants-petits\\\/#respond\"]}]},{\"@type\":\"WebPage\",\"@id\":\"https:\\\/\\\/diarieducacio.cat\\\/educaciolocal\\\/2021\\\/05\\\/28\\\/el-moviment-i-el-joc-del-infants-petits\\\/\",\"url\":\"https:\\\/\\\/diarieducacio.cat\\\/educaciolocal\\\/2021\\\/05\\\/28\\\/el-moviment-i-el-joc-del-infants-petits\\\/\",\"name\":\"El moviment i el joc dels infants petits - El blog de l'educaci\u00f3 local\",\"isPartOf\":{\"@id\":\"https:\\\/\\\/diarieducacio.cat\\\/educaciolocal\\\/#website\"},\"primaryImageOfPage\":{\"@id\":\"https:\\\/\\\/diarieducacio.cat\\\/educaciolocal\\\/2021\\\/05\\\/28\\\/el-moviment-i-el-joc-del-infants-petits\\\/#primaryimage\"},\"image\":{\"@id\":\"https:\\\/\\\/diarieducacio.cat\\\/educaciolocal\\\/2021\\\/05\\\/28\\\/el-moviment-i-el-joc-del-infants-petits\\\/#primaryimage\"},\"thumbnailUrl\":\"https:\\\/\\\/diarieducacio.cat\\\/educaciolocal\\\/wp-content\\\/uploads\\\/sites\\\/18\\\/2021\\\/05\\\/P1080990-1.jpeg\",\"datePublished\":\"2021-05-28T06:12:46+00:00\",\"dateModified\":\"2024-08-08T08:52:38+00:00\",\"author\":{\"@id\":\"https:\\\/\\\/diarieducacio.cat\\\/educaciolocal\\\/#\\\/schema\\\/person\\\/b6c6e42428a5d1509de6215e84407479\"},\"breadcrumb\":{\"@id\":\"https:\\\/\\\/diarieducacio.cat\\\/educaciolocal\\\/2021\\\/05\\\/28\\\/el-moviment-i-el-joc-del-infants-petits\\\/#breadcrumb\"},\"inLanguage\":\"ca\",\"potentialAction\":[{\"@type\":\"ReadAction\",\"target\":[\"https:\\\/\\\/diarieducacio.cat\\\/educaciolocal\\\/2021\\\/05\\\/28\\\/el-moviment-i-el-joc-del-infants-petits\\\/\"]}]},{\"@type\":\"ImageObject\",\"inLanguage\":\"ca\",\"@id\":\"https:\\\/\\\/diarieducacio.cat\\\/educaciolocal\\\/2021\\\/05\\\/28\\\/el-moviment-i-el-joc-del-infants-petits\\\/#primaryimage\",\"url\":\"https:\\\/\\\/diarieducacio.cat\\\/educaciolocal\\\/wp-content\\\/uploads\\\/sites\\\/18\\\/2021\\\/05\\\/P1080990-1.jpeg\",\"contentUrl\":\"https:\\\/\\\/diarieducacio.cat\\\/educaciolocal\\\/wp-content\\\/uploads\\\/sites\\\/18\\\/2021\\\/05\\\/P1080990-1.jpeg\",\"width\":575,\"height\":431,\"caption\":\"Foto cedida per l'autora.\"},{\"@type\":\"BreadcrumbList\",\"@id\":\"https:\\\/\\\/diarieducacio.cat\\\/educaciolocal\\\/2021\\\/05\\\/28\\\/el-moviment-i-el-joc-del-infants-petits\\\/#breadcrumb\",\"itemListElement\":[{\"@type\":\"ListItem\",\"position\":1,\"name\":\"Inici\",\"item\":\"https:\\\/\\\/diarieducacio.cat\\\/educaciolocal\\\/\"},{\"@type\":\"ListItem\",\"position\":2,\"name\":\"El moviment i el joc dels infants petits\"}]},{\"@type\":\"WebSite\",\"@id\":\"https:\\\/\\\/diarieducacio.cat\\\/educaciolocal\\\/#website\",\"url\":\"https:\\\/\\\/diarieducacio.cat\\\/educaciolocal\\\/\",\"name\":\"El blog de l'educaci\u00f3 local\",\"description\":\"\",\"potentialAction\":[{\"@type\":\"SearchAction\",\"target\":{\"@type\":\"EntryPoint\",\"urlTemplate\":\"https:\\\/\\\/diarieducacio.cat\\\/educaciolocal\\\/?s={search_term_string}\"},\"query-input\":{\"@type\":\"PropertyValueSpecification\",\"valueRequired\":true,\"valueName\":\"search_term_string\"}}],\"inLanguage\":\"ca\"},{\"@type\":\"Person\",\"@id\":\"https:\\\/\\\/diarieducacio.cat\\\/educaciolocal\\\/#\\\/schema\\\/person\\\/b6c6e42428a5d1509de6215e84407479\",\"name\":\"N\u00faria Ferrando\",\"image\":{\"@type\":\"ImageObject\",\"inLanguage\":\"ca\",\"@id\":\"https:\\\/\\\/secure.gravatar.com\\\/avatar\\\/cc40a2419d911cfcf4eb27575b09ec4765e17d0a019ec7b6a62531444ba32d7e?s=96&d=mm&r=g\",\"url\":\"https:\\\/\\\/secure.gravatar.com\\\/avatar\\\/cc40a2419d911cfcf4eb27575b09ec4765e17d0a019ec7b6a62531444ba32d7e?s=96&d=mm&r=g\",\"contentUrl\":\"https:\\\/\\\/secure.gravatar.com\\\/avatar\\\/cc40a2419d911cfcf4eb27575b09ec4765e17d0a019ec7b6a62531444ba32d7e?s=96&d=mm&r=g\",\"caption\":\"N\u00faria Ferrando\"},\"description\":\"Fisioterapeuta pedi\u00e0trica i psicomotricista.\",\"url\":\"https:\\\/\\\/diarieducacio.cat\\\/educaciolocal\\\/author\\\/nferrando\\\/\"}]}<\/script>\n<!-- \/ Yoast SEO plugin. -->","yoast_head_json":{"title":"El moviment i el joc dels infants petits - El blog de l'educaci\u00f3 local","robots":{"index":"index","follow":"follow","max-snippet":"max-snippet:-1","max-image-preview":"max-image-preview:large","max-video-preview":"max-video-preview:-1"},"canonical":"https:\/\/diarieducacio.cat\/educaciolocal\/2021\/05\/28\/el-moviment-i-el-joc-del-infants-petits\/","og_locale":"ca_ES","og_type":"article","og_title":"El moviment i el joc dels infants petits - El blog de l'educaci\u00f3 local","og_description":"Necessiten disposar d&#8217;un espai segur i que estiguem al seu costat confiant en que aniran passant d&#8217;etapa al seu ritme individual, segons com sentin de preparat el seu cos i segons els seus desitjos particulars. Cal recordar que si no fan servir alguna postura \u00e9s perqu\u00e8 el seu cos encara no est\u00e0 preparat o b\u00e9","og_url":"https:\/\/diarieducacio.cat\/educaciolocal\/2021\/05\/28\/el-moviment-i-el-joc-del-infants-petits\/","og_site_name":"El blog de l'educaci\u00f3 local","article_publisher":"https:\/\/www.facebook.com\/diarieducacio\/","article_published_time":"2021-05-28T06:12:46+00:00","article_modified_time":"2024-08-08T08:52:38+00:00","og_image":[{"width":575,"height":431,"url":"https:\/\/diarieducacio.cat\/educaciolocal\/wp-content\/uploads\/sites\/18\/2021\/05\/P1080990-1.jpeg","type":"image\/jpeg"}],"author":"N\u00faria Ferrando","twitter_card":"summary_large_image","twitter_creator":"@DiariEducacio","twitter_site":"@DiariEducacio","twitter_misc":{"Escrit per":"N\u00faria Ferrando","Temps estimat de lectura":"4 minuts"},"schema":{"@context":"https:\/\/schema.org","@graph":[{"@type":"Article","@id":"https:\/\/diarieducacio.cat\/educaciolocal\/2021\/05\/28\/el-moviment-i-el-joc-del-infants-petits\/#article","isPartOf":{"@id":"https:\/\/diarieducacio.cat\/educaciolocal\/2021\/05\/28\/el-moviment-i-el-joc-del-infants-petits\/"},"author":{"name":"N\u00faria Ferrando","@id":"https:\/\/diarieducacio.cat\/educaciolocal\/#\/schema\/person\/b6c6e42428a5d1509de6215e84407479"},"headline":"El moviment i el joc dels infants petits","datePublished":"2021-05-28T06:12:46+00:00","dateModified":"2024-08-08T08:52:38+00:00","mainEntityOfPage":{"@id":"https:\/\/diarieducacio.cat\/educaciolocal\/2021\/05\/28\/el-moviment-i-el-joc-del-infants-petits\/"},"wordCount":775,"commentCount":2,"image":{"@id":"https:\/\/diarieducacio.cat\/educaciolocal\/2021\/05\/28\/el-moviment-i-el-joc-del-infants-petits\/#primaryimage"},"thumbnailUrl":"https:\/\/diarieducacio.cat\/educaciolocal\/wp-content\/uploads\/sites\/18\/2021\/05\/P1080990-1.jpeg","articleSection":["Formaci\u00f3 Professional","Opini\u00f3","Orientaci\u00f3"],"inLanguage":"ca","potentialAction":[{"@type":"CommentAction","name":"Comment","target":["https:\/\/diarieducacio.cat\/educaciolocal\/2021\/05\/28\/el-moviment-i-el-joc-del-infants-petits\/#respond"]}]},{"@type":"WebPage","@id":"https:\/\/diarieducacio.cat\/educaciolocal\/2021\/05\/28\/el-moviment-i-el-joc-del-infants-petits\/","url":"https:\/\/diarieducacio.cat\/educaciolocal\/2021\/05\/28\/el-moviment-i-el-joc-del-infants-petits\/","name":"El moviment i el joc dels infants petits - El blog de l'educaci\u00f3 local","isPartOf":{"@id":"https:\/\/diarieducacio.cat\/educaciolocal\/#website"},"primaryImageOfPage":{"@id":"https:\/\/diarieducacio.cat\/educaciolocal\/2021\/05\/28\/el-moviment-i-el-joc-del-infants-petits\/#primaryimage"},"image":{"@id":"https:\/\/diarieducacio.cat\/educaciolocal\/2021\/05\/28\/el-moviment-i-el-joc-del-infants-petits\/#primaryimage"},"thumbnailUrl":"https:\/\/diarieducacio.cat\/educaciolocal\/wp-content\/uploads\/sites\/18\/2021\/05\/P1080990-1.jpeg","datePublished":"2021-05-28T06:12:46+00:00","dateModified":"2024-08-08T08:52:38+00:00","author":{"@id":"https:\/\/diarieducacio.cat\/educaciolocal\/#\/schema\/person\/b6c6e42428a5d1509de6215e84407479"},"breadcrumb":{"@id":"https:\/\/diarieducacio.cat\/educaciolocal\/2021\/05\/28\/el-moviment-i-el-joc-del-infants-petits\/#breadcrumb"},"inLanguage":"ca","potentialAction":[{"@type":"ReadAction","target":["https:\/\/diarieducacio.cat\/educaciolocal\/2021\/05\/28\/el-moviment-i-el-joc-del-infants-petits\/"]}]},{"@type":"ImageObject","inLanguage":"ca","@id":"https:\/\/diarieducacio.cat\/educaciolocal\/2021\/05\/28\/el-moviment-i-el-joc-del-infants-petits\/#primaryimage","url":"https:\/\/diarieducacio.cat\/educaciolocal\/wp-content\/uploads\/sites\/18\/2021\/05\/P1080990-1.jpeg","contentUrl":"https:\/\/diarieducacio.cat\/educaciolocal\/wp-content\/uploads\/sites\/18\/2021\/05\/P1080990-1.jpeg","width":575,"height":431,"caption":"Foto cedida per l'autora."},{"@type":"BreadcrumbList","@id":"https:\/\/diarieducacio.cat\/educaciolocal\/2021\/05\/28\/el-moviment-i-el-joc-del-infants-petits\/#breadcrumb","itemListElement":[{"@type":"ListItem","position":1,"name":"Inici","item":"https:\/\/diarieducacio.cat\/educaciolocal\/"},{"@type":"ListItem","position":2,"name":"El moviment i el joc dels infants petits"}]},{"@type":"WebSite","@id":"https:\/\/diarieducacio.cat\/educaciolocal\/#website","url":"https:\/\/diarieducacio.cat\/educaciolocal\/","name":"El blog de l'educaci\u00f3 local","description":"","potentialAction":[{"@type":"SearchAction","target":{"@type":"EntryPoint","urlTemplate":"https:\/\/diarieducacio.cat\/educaciolocal\/?s={search_term_string}"},"query-input":{"@type":"PropertyValueSpecification","valueRequired":true,"valueName":"search_term_string"}}],"inLanguage":"ca"},{"@type":"Person","@id":"https:\/\/diarieducacio.cat\/educaciolocal\/#\/schema\/person\/b6c6e42428a5d1509de6215e84407479","name":"N\u00faria Ferrando","image":{"@type":"ImageObject","inLanguage":"ca","@id":"https:\/\/secure.gravatar.com\/avatar\/cc40a2419d911cfcf4eb27575b09ec4765e17d0a019ec7b6a62531444ba32d7e?s=96&d=mm&r=g","url":"https:\/\/secure.gravatar.com\/avatar\/cc40a2419d911cfcf4eb27575b09ec4765e17d0a019ec7b6a62531444ba32d7e?s=96&d=mm&r=g","contentUrl":"https:\/\/secure.gravatar.com\/avatar\/cc40a2419d911cfcf4eb27575b09ec4765e17d0a019ec7b6a62531444ba32d7e?s=96&d=mm&r=g","caption":"N\u00faria Ferrando"},"description":"Fisioterapeuta pedi\u00e0trica i psicomotricista.","url":"https:\/\/diarieducacio.cat\/educaciolocal\/author\/nferrando\/"}]}},"_links":{"self":[{"href":"https:\/\/diarieducacio.cat\/educaciolocal\/wp-json\/wp\/v2\/posts\/2803","targetHints":{"allow":["GET"]}}],"collection":[{"href":"https:\/\/diarieducacio.cat\/educaciolocal\/wp-json\/wp\/v2\/posts"}],"about":[{"href":"https:\/\/diarieducacio.cat\/educaciolocal\/wp-json\/wp\/v2\/types\/post"}],"author":[{"embeddable":true,"href":"https:\/\/diarieducacio.cat\/educaciolocal\/wp-json\/wp\/v2\/users\/262"}],"replies":[{"embeddable":true,"href":"https:\/\/diarieducacio.cat\/educaciolocal\/wp-json\/wp\/v2\/comments?post=2803"}],"version-history":[{"count":1,"href":"https:\/\/diarieducacio.cat\/educaciolocal\/wp-json\/wp\/v2\/posts\/2803\/revisions"}],"predecessor-version":[{"id":4272,"href":"https:\/\/diarieducacio.cat\/educaciolocal\/wp-json\/wp\/v2\/posts\/2803\/revisions\/4272"}],"wp:featuredmedia":[{"embeddable":true,"href":"https:\/\/diarieducacio.cat\/educaciolocal\/wp-json\/wp\/v2\/media\/2810"}],"wp:attachment":[{"href":"https:\/\/diarieducacio.cat\/educaciolocal\/wp-json\/wp\/v2\/media?parent=2803"}],"wp:term":[{"taxonomy":"category","embeddable":true,"href":"https:\/\/diarieducacio.cat\/educaciolocal\/wp-json\/wp\/v2\/categories?post=2803"},{"taxonomy":"post_tag","embeddable":true,"href":"https:\/\/diarieducacio.cat\/educaciolocal\/wp-json\/wp\/v2\/tags?post=2803"},{"taxonomy":"tipo","embeddable":true,"href":"https:\/\/diarieducacio.cat\/educaciolocal\/wp-json\/wp\/v2\/tipo?post=2803"}],"curies":[{"name":"wp","href":"https:\/\/api.w.org\/{rel}","templated":true}]}}