{"id":3028,"date":"2022-01-14T02:00:51","date_gmt":"2022-01-14T02:00:51","guid":{"rendered":"https:\/\/diarieducacio.cat\/educaciolocal\/?p=3028"},"modified":"2024-08-08T10:52:40","modified_gmt":"2024-08-08T08:52:40","slug":"lorientacio-educativa-es-leina-del-futur-i-es-per-a-tothom","status":"publish","type":"post","link":"https:\/\/diarieducacio.cat\/educaciolocal\/2022\/01\/14\/lorientacio-educativa-es-leina-del-futur-i-es-per-a-tothom\/","title":{"rendered":"L\u2019orientaci\u00f3 educativa \u00e9s l\u2019eina del futur i \u00e9s per a tothom"},"content":{"rendered":"<p>A la vida hi ha decisions que s\u00f3n f\u00e0cils de prendre, n\u2019hi ha d\u2019altres que no ho s\u00f3n tant, per\u00f2, al final, el que compta \u00e9s que la decisi\u00f3 que es prengui sigui bona. Per prendre bones decisions es necessiten opcions, consells i una mica de guia. \u00a0Quan som joves hem de prendre moltes decisions i molt importants \u2013 tant en l\u2019\u00e0mbit personal com professional, per\u00f2 no tenim pr\u00e0cticament idea de res i \u00e9s m\u00e9s complicat triar l\u2019opci\u00f3 correcta. Per aix\u00f2 \u00e9s necessari tenir un grup de suport, d\u2019orientaci\u00f3, que ajudi a navegar la incertesa i la inseguretat que inevitablement apareixen quan passem d\u2019adolescents a quasi adults.<\/p>\n<p>Precisament aix\u00f2 \u00e9s el que es treballa a Educaweb. El passat 2 de desembre de 2021 es va celebrar la 14a edici\u00f3 dels Premis Educaweb d\u2019Orientaci\u00f3 Acad\u00e8mica i Professional. Aquests premis s\u00f3n per refor\u00e7ar i demostrar que l\u2019orientaci\u00f3 acad\u00e8mica i professional s\u00ed influeixen favorablement en l\u2019\u00e8xit professional.<\/p>\n<p>\u201cPodem fer refer\u00e8ncia a un <a href=\"https:\/\/cica.org.au\/wp-content\/uploads\/how-youth-explore-experience-think-about-their-future-new-look-effective-career-guidance.pdf\">estudi<\/a> molt important, recentment publicat per l&#8217;OCDE, que per primera vegada demostra, m\u00e9s enll\u00e0 de qualsevol dubte raonable, que l\u2019orientaci\u00f3 \u00e9s \u00fatil pels alumnes i els joves.\u201d, afirmava Josep Llu\u00eds Seg\u00fa, el director general d\u2019Educaweb, a la gala de presentaci\u00f3 dels premis.<\/p>\n<p>Enguany, el primer premi en la categoria d\u2019Institucions se l\u2019ha emportat MODUM, mentoria per l\u2019\u00e8xit educatiu, el projecte de l\u2019<a href=\"https:\/\/www.aeiraval.org\" target=\"_blank\" rel=\"noopener\">Associaci\u00f3 Educativa Integral del Raval<\/a> (AEIRaval). El jurat, representat a l&#8217;acte per Jaume Francesch, secretari general de la Confederaci\u00f3 d\u2019Organitzacions de Psicopedagogia i Orientaci\u00f3 a Espanya, ha destacat que \u201cel model d\u2019orientaci\u00f3 basat en la mentoria oberta \u00e9s molt innovadora i comunit\u00e0ria, [&#8230;] \u00e9s una molt bona pr\u00e0ctica entre institucions p\u00fabliques, privades i socials de diversos ambients i nivells socials i educatius, [&#8230;] i afavoreix un treball de xarxa sist\u00e8mic i hol\u00edstic\u201d.<\/p>\n<p><img fetchpriority=\"high\" decoding=\"async\" class=\"alignnone size-medium wp-image-3039 aligncenter\" src=\"https:\/\/nostalgic-ishizaka.82-223-1-47.plesk.page\/educaciolocal\/wp-content\/uploads\/sites\/18\/2022\/01\/153059-1-300x265.jpg\" alt=\"\" width=\"300\" height=\"265\" \/><\/p>\n<p>L\u2019Associaci\u00f3 Educativa Integral del Raval \u00e9s una entitat privada sense \u00e0nim de lucre que desenvolupa programes d\u2019intervenci\u00f3 socioeducativa al barri del Raval de Barcelona. Promou l\u2019educaci\u00f3 com a instrument de canvi social, i treballa per qu\u00e8 els infants i joves d\u2019aquest barri, i les seves fam\u00edlies, puguin tenir igualtat d\u2019oportunitats.<\/p>\n<p>D\u2019aix\u00f2 tracta precisament MODUM. \u00c9s un projecte de mentoria socioeducativa que pret\u00e9n afavorir l\u2019\u00e8xit educatiu dels joves del Raval d\u2019entre 15 i 21 anys que estan en risc d\u2019exclusi\u00f3 social. Aquest projecte funciona des de 2017 i, des de llavors, han pogut fer l\u2019acompanyament de m\u00e9s de seixanta joves. \u201c\u00c9s un projecte que neix del coneixement profund de les necessitats de les persones adolescents del barri, i, a m\u00e9s, la convicci\u00f3 que la mentoria social pot suposar un gran suport dels centres educatius i serveis diversos del barri.\u201d Aix\u00ed el definia la Sara Ruiz, educadora social de l\u2019Associaci\u00f3 Educativa Integral del Raval quan va recollir el premi.<\/p>\n<p>MODUM treballa especialment en les etapes de transici\u00f3 educativa, per tant, s\u2019adre\u00e7a als joves de 4t ESO i 2n de Batxillerat en situaci\u00f3 de desorientaci\u00f3 acad\u00e8mica. A trav\u00e9s de la mentoria complementen l\u2019acci\u00f3 tutorial que es proporciona des dels mateixos centres educatius. De fet, l\u2019acompanyament \u00e9s un treball en equip entre diferents agents\u00a0 que col\u00b7laboren per oferir una mentoria completa: des dels centres educatius, els serveis socials, coordinadors de l\u2019AEIRaval i fins i tot, un equip de recerca (ERDISC) per actualitzar i millorar el dispositiu.<\/p>\n<p>\u201c\u00c9s un projecte d\u2019artesania, com sempre que acompanyem les persones. El m\u00e9s satisfactori \u00e9s veure com les persones adolescents que hi participen van desenvolupant-se, adquirint nous h\u00e0bits i definint el seu projecte de futur\u201d, segons Sara Ruiz, la coordinadora de MODUM.<\/p>\n<p>El projecte MODUM s\u2019adre\u00e7a a vint joves d\u2019entre 15 i 21 anys per ajudar-los a definir el seu itinerari educatiu o laboral, oferint un referent positiu com \u00e9s el mentor perqu\u00e8 l\u2019acompanyat pugui refor\u00e7ar i projectar unes expectatives educatives i laborals. L\u2019Eva, una noia de setze anys, ho defineix en <a href=\"https:\/\/youtu.be\/DMxh_xXsPw4\" target=\"_blank\" rel=\"noopener\">aquest v\u00eddeo<\/a> com destacant la persona mentora com \u201cuna persona que t\u2019ajuda a buscar el teu cam\u00ed de la manera m\u00e9s f\u00e0cil i m\u00e9s completa que tu vulguis\u201d.<\/p>\n<p>Perqu\u00e8 el futur de les persones, en alguns aspectes, es pot controlar i tothom t\u00e9 dret a disposar d&#8217;oportunitats per triar el cam\u00ed que els portar\u00e0 al lloc on es vol arribar.<\/p>\n<p><iframe title=\"AEIRaval - Modum\" width=\"788\" height=\"443\" src=\"https:\/\/www.youtube.com\/embed\/DMxh_xXsPw4?feature=oembed\" frameborder=\"0\" allow=\"accelerometer; autoplay; clipboard-write; encrypted-media; gyroscope; picture-in-picture; web-share\" referrerpolicy=\"strict-origin-when-cross-origin\" allowfullscreen><\/iframe><\/p>\n","protected":false},"excerpt":{"rendered":"<p>A la vida hi ha decisions que s\u00f3n f\u00e0cils de prendre, n\u2019hi ha d\u2019altres que no ho s\u00f3n tant, per\u00f2, al final, el que compta \u00e9s que la decisi\u00f3 que es prengui sigui bona. Per prendre bones decisions es necessiten opcions, consells i una mica de guia. \u00a0Quan som joves hem de prendre moltes decisions<\/p>\n","protected":false},"author":201,"featured_media":3051,"comment_status":"open","ping_status":"closed","sticky":false,"template":"","format":"standard","meta":{"footnotes":""},"categories":[163,243,311,206,213,263,173,220,450],"tags":[155,200],"tipo":[394],"class_list":{"0":"post-3028","1":"post","2":"type-post","3":"status-publish","4":"format-standard","5":"has-post-thumbnail","7":"category-ajuntaments","8":"category-comunitat","9":"category-ecosistema-educatiu-local","10":"category-entitats","11":"category-families","12":"category-infants","13":"category-participacio-infantil","14":"category-politiques-educatives-locals","15":"category-reportatge","16":"tag-ciutats-que-orienten","17":"tag-orientacio","18":"tipo-reportatge"},"yoast_head":"<!-- This site is optimized with the Yoast SEO plugin v27.4 - https:\/\/yoast.com\/product\/yoast-seo-wordpress\/ -->\n<title>L\u2019orientaci\u00f3 educativa \u00e9s l\u2019eina del futur i \u00e9s per a tothom - El blog de l&#039;educaci\u00f3 local<\/title>\n<meta name=\"robots\" content=\"index, follow, max-snippet:-1, max-image-preview:large, max-video-preview:-1\" \/>\n<link rel=\"canonical\" href=\"https:\/\/diarieducacio.cat\/educaciolocal\/2022\/01\/14\/lorientacio-educativa-es-leina-del-futur-i-es-per-a-tothom\/\" \/>\n<meta property=\"og:locale\" content=\"ca_ES\" \/>\n<meta property=\"og:type\" content=\"article\" \/>\n<meta property=\"og:title\" content=\"L\u2019orientaci\u00f3 educativa \u00e9s l\u2019eina del futur i \u00e9s per a tothom - El blog de l&#039;educaci\u00f3 local\" \/>\n<meta property=\"og:description\" content=\"A la vida hi ha decisions que s\u00f3n f\u00e0cils de prendre, n\u2019hi ha d\u2019altres que no ho s\u00f3n tant, per\u00f2, al final, el que compta \u00e9s que la decisi\u00f3 que es prengui sigui bona. Per prendre bones decisions es necessiten opcions, consells i una mica de guia. \u00a0Quan som joves hem de prendre moltes decisions\" \/>\n<meta property=\"og:url\" content=\"https:\/\/diarieducacio.cat\/educaciolocal\/2022\/01\/14\/lorientacio-educativa-es-leina-del-futur-i-es-per-a-tothom\/\" \/>\n<meta property=\"og:site_name\" content=\"El blog de l&#039;educaci\u00f3 local\" \/>\n<meta property=\"article:publisher\" content=\"https:\/\/www.facebook.com\/diarieducacio\/\" \/>\n<meta property=\"article:published_time\" content=\"2022-01-14T02:00:51+00:00\" \/>\n<meta property=\"article:modified_time\" content=\"2024-08-08T08:52:40+00:00\" \/>\n<meta property=\"og:image\" content=\"https:\/\/diarieducacio.cat\/educaciolocal\/wp-content\/uploads\/sites\/18\/2022\/01\/premiseducaweb2019-1-scaled-2.jpg\" \/>\n\t<meta property=\"og:image:width\" content=\"2560\" \/>\n\t<meta property=\"og:image:height\" content=\"1709\" \/>\n\t<meta property=\"og:image:type\" content=\"image\/jpeg\" \/>\n<meta name=\"author\" content=\"Redacci\u00f3 - Blog de l&#039;educaci\u00f3 local\" \/>\n<meta name=\"twitter:card\" content=\"summary_large_image\" \/>\n<meta name=\"twitter:creator\" content=\"@DiariEducacio\" \/>\n<meta name=\"twitter:site\" content=\"@DiariEducacio\" \/>\n<meta name=\"twitter:label1\" content=\"Escrit per\" \/>\n\t<meta name=\"twitter:data1\" content=\"Redacci\u00f3 - Blog de l&#039;educaci\u00f3 local\" \/>\n\t<meta name=\"twitter:label2\" content=\"Temps estimat de lectura\" \/>\n\t<meta name=\"twitter:data2\" content=\"4 minuts\" \/>\n<script type=\"application\/ld+json\" class=\"yoast-schema-graph\">{\"@context\":\"https:\\\/\\\/schema.org\",\"@graph\":[{\"@type\":\"Article\",\"@id\":\"https:\\\/\\\/diarieducacio.cat\\\/educaciolocal\\\/2022\\\/01\\\/14\\\/lorientacio-educativa-es-leina-del-futur-i-es-per-a-tothom\\\/#article\",\"isPartOf\":{\"@id\":\"https:\\\/\\\/diarieducacio.cat\\\/educaciolocal\\\/2022\\\/01\\\/14\\\/lorientacio-educativa-es-leina-del-futur-i-es-per-a-tothom\\\/\"},\"author\":{\"name\":\"Redacci\u00f3 - Blog de l'educaci\u00f3 local\",\"@id\":\"https:\\\/\\\/diarieducacio.cat\\\/educaciolocal\\\/#\\\/schema\\\/person\\\/2b7a218a59179ac9b82caae5e2c4f2ab\"},\"headline\":\"L\u2019orientaci\u00f3 educativa \u00e9s l\u2019eina del futur i \u00e9s per a tothom\",\"datePublished\":\"2022-01-14T02:00:51+00:00\",\"dateModified\":\"2024-08-08T08:52:40+00:00\",\"mainEntityOfPage\":{\"@id\":\"https:\\\/\\\/diarieducacio.cat\\\/educaciolocal\\\/2022\\\/01\\\/14\\\/lorientacio-educativa-es-leina-del-futur-i-es-per-a-tothom\\\/\"},\"wordCount\":772,\"commentCount\":0,\"image\":{\"@id\":\"https:\\\/\\\/diarieducacio.cat\\\/educaciolocal\\\/2022\\\/01\\\/14\\\/lorientacio-educativa-es-leina-del-futur-i-es-per-a-tothom\\\/#primaryimage\"},\"thumbnailUrl\":\"https:\\\/\\\/diarieducacio.cat\\\/educaciolocal\\\/wp-content\\\/uploads\\\/sites\\\/18\\\/2022\\\/01\\\/premiseducaweb2019-1-scaled-2.jpg\",\"keywords\":[\"Ciutats que orienten\",\"orientaci\u00f3\"],\"articleSection\":[\"Ajuntaments\",\"Comunitat\",\"Ecosistema educatiu local\",\"Entitats\",\"Fam\u00edlies\",\"Infants\",\"Participaci\u00f3 infantil\",\"Pol\u00edtiques educatives locals\",\"Reportatge\"],\"inLanguage\":\"ca\",\"potentialAction\":[{\"@type\":\"CommentAction\",\"name\":\"Comment\",\"target\":[\"https:\\\/\\\/diarieducacio.cat\\\/educaciolocal\\\/2022\\\/01\\\/14\\\/lorientacio-educativa-es-leina-del-futur-i-es-per-a-tothom\\\/#respond\"]}]},{\"@type\":\"WebPage\",\"@id\":\"https:\\\/\\\/diarieducacio.cat\\\/educaciolocal\\\/2022\\\/01\\\/14\\\/lorientacio-educativa-es-leina-del-futur-i-es-per-a-tothom\\\/\",\"url\":\"https:\\\/\\\/diarieducacio.cat\\\/educaciolocal\\\/2022\\\/01\\\/14\\\/lorientacio-educativa-es-leina-del-futur-i-es-per-a-tothom\\\/\",\"name\":\"L\u2019orientaci\u00f3 educativa \u00e9s l\u2019eina del futur i \u00e9s per a tothom - El blog de l'educaci\u00f3 local\",\"isPartOf\":{\"@id\":\"https:\\\/\\\/diarieducacio.cat\\\/educaciolocal\\\/#website\"},\"primaryImageOfPage\":{\"@id\":\"https:\\\/\\\/diarieducacio.cat\\\/educaciolocal\\\/2022\\\/01\\\/14\\\/lorientacio-educativa-es-leina-del-futur-i-es-per-a-tothom\\\/#primaryimage\"},\"image\":{\"@id\":\"https:\\\/\\\/diarieducacio.cat\\\/educaciolocal\\\/2022\\\/01\\\/14\\\/lorientacio-educativa-es-leina-del-futur-i-es-per-a-tothom\\\/#primaryimage\"},\"thumbnailUrl\":\"https:\\\/\\\/diarieducacio.cat\\\/educaciolocal\\\/wp-content\\\/uploads\\\/sites\\\/18\\\/2022\\\/01\\\/premiseducaweb2019-1-scaled-2.jpg\",\"datePublished\":\"2022-01-14T02:00:51+00:00\",\"dateModified\":\"2024-08-08T08:52:40+00:00\",\"author\":{\"@id\":\"https:\\\/\\\/diarieducacio.cat\\\/educaciolocal\\\/#\\\/schema\\\/person\\\/2b7a218a59179ac9b82caae5e2c4f2ab\"},\"breadcrumb\":{\"@id\":\"https:\\\/\\\/diarieducacio.cat\\\/educaciolocal\\\/2022\\\/01\\\/14\\\/lorientacio-educativa-es-leina-del-futur-i-es-per-a-tothom\\\/#breadcrumb\"},\"inLanguage\":\"ca\",\"potentialAction\":[{\"@type\":\"ReadAction\",\"target\":[\"https:\\\/\\\/diarieducacio.cat\\\/educaciolocal\\\/2022\\\/01\\\/14\\\/lorientacio-educativa-es-leina-del-futur-i-es-per-a-tothom\\\/\"]}]},{\"@type\":\"ImageObject\",\"inLanguage\":\"ca\",\"@id\":\"https:\\\/\\\/diarieducacio.cat\\\/educaciolocal\\\/2022\\\/01\\\/14\\\/lorientacio-educativa-es-leina-del-futur-i-es-per-a-tothom\\\/#primaryimage\",\"url\":\"https:\\\/\\\/diarieducacio.cat\\\/educaciolocal\\\/wp-content\\\/uploads\\\/sites\\\/18\\\/2022\\\/01\\\/premiseducaweb2019-1-scaled-2.jpg\",\"contentUrl\":\"https:\\\/\\\/diarieducacio.cat\\\/educaciolocal\\\/wp-content\\\/uploads\\\/sites\\\/18\\\/2022\\\/01\\\/premiseducaweb2019-1-scaled-2.jpg\",\"width\":2560,\"height\":1709,\"caption\":\"Acte d'entrega presencial dels premis Educaweb l'any 2019 | Foto: Educaweb\"},{\"@type\":\"BreadcrumbList\",\"@id\":\"https:\\\/\\\/diarieducacio.cat\\\/educaciolocal\\\/2022\\\/01\\\/14\\\/lorientacio-educativa-es-leina-del-futur-i-es-per-a-tothom\\\/#breadcrumb\",\"itemListElement\":[{\"@type\":\"ListItem\",\"position\":1,\"name\":\"Inici\",\"item\":\"https:\\\/\\\/diarieducacio.cat\\\/educaciolocal\\\/\"},{\"@type\":\"ListItem\",\"position\":2,\"name\":\"L\u2019orientaci\u00f3 educativa \u00e9s l\u2019eina del futur i \u00e9s per a tothom\"}]},{\"@type\":\"WebSite\",\"@id\":\"https:\\\/\\\/diarieducacio.cat\\\/educaciolocal\\\/#website\",\"url\":\"https:\\\/\\\/diarieducacio.cat\\\/educaciolocal\\\/\",\"name\":\"El blog de l'educaci\u00f3 local\",\"description\":\"\",\"potentialAction\":[{\"@type\":\"SearchAction\",\"target\":{\"@type\":\"EntryPoint\",\"urlTemplate\":\"https:\\\/\\\/diarieducacio.cat\\\/educaciolocal\\\/?s={search_term_string}\"},\"query-input\":{\"@type\":\"PropertyValueSpecification\",\"valueRequired\":true,\"valueName\":\"search_term_string\"}}],\"inLanguage\":\"ca\"},{\"@type\":\"Person\",\"@id\":\"https:\\\/\\\/diarieducacio.cat\\\/educaciolocal\\\/#\\\/schema\\\/person\\\/2b7a218a59179ac9b82caae5e2c4f2ab\",\"name\":\"Redacci\u00f3 - Blog de l'educaci\u00f3 local\",\"image\":{\"@type\":\"ImageObject\",\"inLanguage\":\"ca\",\"@id\":\"https:\\\/\\\/secure.gravatar.com\\\/avatar\\\/4b47e937aa12c75f6017fe20634c65c793c85afabda37da0e6376acd3fff5c02?s=96&d=mm&r=g\",\"url\":\"https:\\\/\\\/secure.gravatar.com\\\/avatar\\\/4b47e937aa12c75f6017fe20634c65c793c85afabda37da0e6376acd3fff5c02?s=96&d=mm&r=g\",\"contentUrl\":\"https:\\\/\\\/secure.gravatar.com\\\/avatar\\\/4b47e937aa12c75f6017fe20634c65c793c85afabda37da0e6376acd3fff5c02?s=96&d=mm&r=g\",\"caption\":\"Redacci\u00f3 - Blog de l'educaci\u00f3 local\"},\"url\":\"https:\\\/\\\/diarieducacio.cat\\\/educaciolocal\\\/author\\\/blogeducaciolocal\\\/\"}]}<\/script>\n<!-- \/ Yoast SEO plugin. -->","yoast_head_json":{"title":"L\u2019orientaci\u00f3 educativa \u00e9s l\u2019eina del futur i \u00e9s per a tothom - El blog de l'educaci\u00f3 local","robots":{"index":"index","follow":"follow","max-snippet":"max-snippet:-1","max-image-preview":"max-image-preview:large","max-video-preview":"max-video-preview:-1"},"canonical":"https:\/\/diarieducacio.cat\/educaciolocal\/2022\/01\/14\/lorientacio-educativa-es-leina-del-futur-i-es-per-a-tothom\/","og_locale":"ca_ES","og_type":"article","og_title":"L\u2019orientaci\u00f3 educativa \u00e9s l\u2019eina del futur i \u00e9s per a tothom - El blog de l'educaci\u00f3 local","og_description":"A la vida hi ha decisions que s\u00f3n f\u00e0cils de prendre, n\u2019hi ha d\u2019altres que no ho s\u00f3n tant, per\u00f2, al final, el que compta \u00e9s que la decisi\u00f3 que es prengui sigui bona. Per prendre bones decisions es necessiten opcions, consells i una mica de guia. \u00a0Quan som joves hem de prendre moltes decisions","og_url":"https:\/\/diarieducacio.cat\/educaciolocal\/2022\/01\/14\/lorientacio-educativa-es-leina-del-futur-i-es-per-a-tothom\/","og_site_name":"El blog de l'educaci\u00f3 local","article_publisher":"https:\/\/www.facebook.com\/diarieducacio\/","article_published_time":"2022-01-14T02:00:51+00:00","article_modified_time":"2024-08-08T08:52:40+00:00","og_image":[{"width":2560,"height":1709,"url":"https:\/\/diarieducacio.cat\/educaciolocal\/wp-content\/uploads\/sites\/18\/2022\/01\/premiseducaweb2019-1-scaled-2.jpg","type":"image\/jpeg"}],"author":"Redacci\u00f3 - Blog de l'educaci\u00f3 local","twitter_card":"summary_large_image","twitter_creator":"@DiariEducacio","twitter_site":"@DiariEducacio","twitter_misc":{"Escrit per":"Redacci\u00f3 - Blog de l'educaci\u00f3 local","Temps estimat de lectura":"4 minuts"},"schema":{"@context":"https:\/\/schema.org","@graph":[{"@type":"Article","@id":"https:\/\/diarieducacio.cat\/educaciolocal\/2022\/01\/14\/lorientacio-educativa-es-leina-del-futur-i-es-per-a-tothom\/#article","isPartOf":{"@id":"https:\/\/diarieducacio.cat\/educaciolocal\/2022\/01\/14\/lorientacio-educativa-es-leina-del-futur-i-es-per-a-tothom\/"},"author":{"name":"Redacci\u00f3 - Blog de l'educaci\u00f3 local","@id":"https:\/\/diarieducacio.cat\/educaciolocal\/#\/schema\/person\/2b7a218a59179ac9b82caae5e2c4f2ab"},"headline":"L\u2019orientaci\u00f3 educativa \u00e9s l\u2019eina del futur i \u00e9s per a tothom","datePublished":"2022-01-14T02:00:51+00:00","dateModified":"2024-08-08T08:52:40+00:00","mainEntityOfPage":{"@id":"https:\/\/diarieducacio.cat\/educaciolocal\/2022\/01\/14\/lorientacio-educativa-es-leina-del-futur-i-es-per-a-tothom\/"},"wordCount":772,"commentCount":0,"image":{"@id":"https:\/\/diarieducacio.cat\/educaciolocal\/2022\/01\/14\/lorientacio-educativa-es-leina-del-futur-i-es-per-a-tothom\/#primaryimage"},"thumbnailUrl":"https:\/\/diarieducacio.cat\/educaciolocal\/wp-content\/uploads\/sites\/18\/2022\/01\/premiseducaweb2019-1-scaled-2.jpg","keywords":["Ciutats que orienten","orientaci\u00f3"],"articleSection":["Ajuntaments","Comunitat","Ecosistema educatiu local","Entitats","Fam\u00edlies","Infants","Participaci\u00f3 infantil","Pol\u00edtiques educatives locals","Reportatge"],"inLanguage":"ca","potentialAction":[{"@type":"CommentAction","name":"Comment","target":["https:\/\/diarieducacio.cat\/educaciolocal\/2022\/01\/14\/lorientacio-educativa-es-leina-del-futur-i-es-per-a-tothom\/#respond"]}]},{"@type":"WebPage","@id":"https:\/\/diarieducacio.cat\/educaciolocal\/2022\/01\/14\/lorientacio-educativa-es-leina-del-futur-i-es-per-a-tothom\/","url":"https:\/\/diarieducacio.cat\/educaciolocal\/2022\/01\/14\/lorientacio-educativa-es-leina-del-futur-i-es-per-a-tothom\/","name":"L\u2019orientaci\u00f3 educativa \u00e9s l\u2019eina del futur i \u00e9s per a tothom - El blog de l'educaci\u00f3 local","isPartOf":{"@id":"https:\/\/diarieducacio.cat\/educaciolocal\/#website"},"primaryImageOfPage":{"@id":"https:\/\/diarieducacio.cat\/educaciolocal\/2022\/01\/14\/lorientacio-educativa-es-leina-del-futur-i-es-per-a-tothom\/#primaryimage"},"image":{"@id":"https:\/\/diarieducacio.cat\/educaciolocal\/2022\/01\/14\/lorientacio-educativa-es-leina-del-futur-i-es-per-a-tothom\/#primaryimage"},"thumbnailUrl":"https:\/\/diarieducacio.cat\/educaciolocal\/wp-content\/uploads\/sites\/18\/2022\/01\/premiseducaweb2019-1-scaled-2.jpg","datePublished":"2022-01-14T02:00:51+00:00","dateModified":"2024-08-08T08:52:40+00:00","author":{"@id":"https:\/\/diarieducacio.cat\/educaciolocal\/#\/schema\/person\/2b7a218a59179ac9b82caae5e2c4f2ab"},"breadcrumb":{"@id":"https:\/\/diarieducacio.cat\/educaciolocal\/2022\/01\/14\/lorientacio-educativa-es-leina-del-futur-i-es-per-a-tothom\/#breadcrumb"},"inLanguage":"ca","potentialAction":[{"@type":"ReadAction","target":["https:\/\/diarieducacio.cat\/educaciolocal\/2022\/01\/14\/lorientacio-educativa-es-leina-del-futur-i-es-per-a-tothom\/"]}]},{"@type":"ImageObject","inLanguage":"ca","@id":"https:\/\/diarieducacio.cat\/educaciolocal\/2022\/01\/14\/lorientacio-educativa-es-leina-del-futur-i-es-per-a-tothom\/#primaryimage","url":"https:\/\/diarieducacio.cat\/educaciolocal\/wp-content\/uploads\/sites\/18\/2022\/01\/premiseducaweb2019-1-scaled-2.jpg","contentUrl":"https:\/\/diarieducacio.cat\/educaciolocal\/wp-content\/uploads\/sites\/18\/2022\/01\/premiseducaweb2019-1-scaled-2.jpg","width":2560,"height":1709,"caption":"Acte d'entrega presencial dels premis Educaweb l'any 2019 | Foto: Educaweb"},{"@type":"BreadcrumbList","@id":"https:\/\/diarieducacio.cat\/educaciolocal\/2022\/01\/14\/lorientacio-educativa-es-leina-del-futur-i-es-per-a-tothom\/#breadcrumb","itemListElement":[{"@type":"ListItem","position":1,"name":"Inici","item":"https:\/\/diarieducacio.cat\/educaciolocal\/"},{"@type":"ListItem","position":2,"name":"L\u2019orientaci\u00f3 educativa \u00e9s l\u2019eina del futur i \u00e9s per a tothom"}]},{"@type":"WebSite","@id":"https:\/\/diarieducacio.cat\/educaciolocal\/#website","url":"https:\/\/diarieducacio.cat\/educaciolocal\/","name":"El blog de l'educaci\u00f3 local","description":"","potentialAction":[{"@type":"SearchAction","target":{"@type":"EntryPoint","urlTemplate":"https:\/\/diarieducacio.cat\/educaciolocal\/?s={search_term_string}"},"query-input":{"@type":"PropertyValueSpecification","valueRequired":true,"valueName":"search_term_string"}}],"inLanguage":"ca"},{"@type":"Person","@id":"https:\/\/diarieducacio.cat\/educaciolocal\/#\/schema\/person\/2b7a218a59179ac9b82caae5e2c4f2ab","name":"Redacci\u00f3 - Blog de l'educaci\u00f3 local","image":{"@type":"ImageObject","inLanguage":"ca","@id":"https:\/\/secure.gravatar.com\/avatar\/4b47e937aa12c75f6017fe20634c65c793c85afabda37da0e6376acd3fff5c02?s=96&d=mm&r=g","url":"https:\/\/secure.gravatar.com\/avatar\/4b47e937aa12c75f6017fe20634c65c793c85afabda37da0e6376acd3fff5c02?s=96&d=mm&r=g","contentUrl":"https:\/\/secure.gravatar.com\/avatar\/4b47e937aa12c75f6017fe20634c65c793c85afabda37da0e6376acd3fff5c02?s=96&d=mm&r=g","caption":"Redacci\u00f3 - Blog de l'educaci\u00f3 local"},"url":"https:\/\/diarieducacio.cat\/educaciolocal\/author\/blogeducaciolocal\/"}]}},"_links":{"self":[{"href":"https:\/\/diarieducacio.cat\/educaciolocal\/wp-json\/wp\/v2\/posts\/3028","targetHints":{"allow":["GET"]}}],"collection":[{"href":"https:\/\/diarieducacio.cat\/educaciolocal\/wp-json\/wp\/v2\/posts"}],"about":[{"href":"https:\/\/diarieducacio.cat\/educaciolocal\/wp-json\/wp\/v2\/types\/post"}],"author":[{"embeddable":true,"href":"https:\/\/diarieducacio.cat\/educaciolocal\/wp-json\/wp\/v2\/users\/201"}],"replies":[{"embeddable":true,"href":"https:\/\/diarieducacio.cat\/educaciolocal\/wp-json\/wp\/v2\/comments?post=3028"}],"version-history":[{"count":1,"href":"https:\/\/diarieducacio.cat\/educaciolocal\/wp-json\/wp\/v2\/posts\/3028\/revisions"}],"predecessor-version":[{"id":4289,"href":"https:\/\/diarieducacio.cat\/educaciolocal\/wp-json\/wp\/v2\/posts\/3028\/revisions\/4289"}],"wp:featuredmedia":[{"embeddable":true,"href":"https:\/\/diarieducacio.cat\/educaciolocal\/wp-json\/wp\/v2\/media\/3051"}],"wp:attachment":[{"href":"https:\/\/diarieducacio.cat\/educaciolocal\/wp-json\/wp\/v2\/media?parent=3028"}],"wp:term":[{"taxonomy":"category","embeddable":true,"href":"https:\/\/diarieducacio.cat\/educaciolocal\/wp-json\/wp\/v2\/categories?post=3028"},{"taxonomy":"post_tag","embeddable":true,"href":"https:\/\/diarieducacio.cat\/educaciolocal\/wp-json\/wp\/v2\/tags?post=3028"},{"taxonomy":"tipo","embeddable":true,"href":"https:\/\/diarieducacio.cat\/educaciolocal\/wp-json\/wp\/v2\/tipo?post=3028"}],"curies":[{"name":"wp","href":"https:\/\/api.w.org\/{rel}","templated":true}]}}