{"id":3053,"date":"2022-01-20T23:30:34","date_gmt":"2022-01-20T23:30:34","guid":{"rendered":"https:\/\/diarieducacio.cat\/educaciolocal\/?p=3053"},"modified":"2024-08-08T10:52:40","modified_gmt":"2024-08-08T08:52:40","slug":"intervencio-socioeducativa-amb-families-per-a-prevenir-labsentisme-i-labandonament-escolar","status":"publish","type":"post","link":"https:\/\/diarieducacio.cat\/educaciolocal\/2022\/01\/20\/intervencio-socioeducativa-amb-families-per-a-prevenir-labsentisme-i-labandonament-escolar\/","title":{"rendered":"Intervenci\u00f3 socioeducativa amb fam\u00edlies per a prevenir l&#8217;absentisme i l\u2019abandonament escolar"},"content":{"rendered":"<p>La seva import\u00e0ncia rau en el paper d\u2019aquestes en el desenvolupament dels infants, donat que s\u00f3n l\u2019agent de socialitzaci\u00f3 prim\u00e0ria per excel\u00b7l\u00e8ncia. Posar l\u2019\u00e8mfasi en la prevenci\u00f3 convida a posar de relleu la import\u00e0ncia de l\u2019educaci\u00f3 infantil, per\u00f2 tamb\u00e9 a les etapes d\u2019adolesc\u00e8ncia i joventut, focalitzant particularment les intervencions en els moments claus del proc\u00e9s educatiu: en les transicions escolars: l\u2019entrada a l\u2019escola bressol (0-3), a l\u2019educaci\u00f3 infantil (3-6); el tr\u00e0nsit a l\u2019educaci\u00f3 prim\u00e0ria (6-12), a l\u2019educaci\u00f3 secundaria (12-16) i a l\u2019educaci\u00f3 post obligat\u00f2ria.<\/p>\n<p>La Intervenci\u00f3 socioeducativa amb fam\u00edlies des de la perspectiva de l\u2019acompanyament i les transicions implica el desplegament de pol\u00edtiques locals sustentades en el principi de coresponsabilitat educativa entre les fam\u00edlies, els centres educatius i l\u2019entorn comunitari i requereix d\u2019una metodologia de treball en xarxa entre els agents educatius i els professionals de la intervenci\u00f3 socioeducativa. Tres principis orienten aquestes pol\u00edtiques d\u2019acompanyament educatiu amb les fam\u00edlies:<\/p>\n<ul>\n<li>Afavorir l\u2019equitat al llarg de tot el proc\u00e9s educatiu d\u2019infants i adolescents. \u00c9s a dir, acostar l\u2019educaci\u00f3 de la poblaci\u00f3 amb mes desavantatge al de la poblaci\u00f3 en general i garantir, per tant, l\u2019equitat en l\u2019acc\u00e9s, en els processos i en els resultats.<\/li>\n<li>Enfortir el capital social de les fam\u00edlies i l\u2019entorn des d\u2019una perspectiva comunit\u00e0ria.<\/li>\n<li>Incorporar una perspectiva de cicle de vida i un enfocament de la intervenci\u00f3 sist\u00e8mic (que doni respostes integrals), longitudinal i de proc\u00e9s (sostingut en el temps).<\/li>\n<\/ul>\n<p>En el desplegament de programes d\u2019acompanyament a fam\u00edlies es requereix una detecci\u00f3 pr\u00e8via de les necessitats d\u2019aquestes aix\u00ed com la identificaci\u00f3 dels programes i recursos municipals ja existents en relaci\u00f3 al treball amb fam\u00edlies. Els \u00e0mbits fonamentals d\u2019intervenci\u00f3 s\u00f3n: treballar les habilitats parentals; el foment de l\u2019adhesi\u00f3 escolar i l\u2019acompanyament i orientaci\u00f3 en les transicions educatives.<\/p>\n<blockquote><p>Els \u00e0mbits fonamentals d\u2019intervenci\u00f3 s\u00f3n: treballar les habilitats parentals; el foment de l\u2019adhesi\u00f3 escolar i l\u2019acompanyament i orientaci\u00f3 en les transicions educatives<\/p><\/blockquote>\n<p>Les habilitats parentals fan refer\u00e8ncia a la plasticitat dels progenitors i\/o pares i mares a l\u2019hora de donar respostes adequades i adaptades a les diferents etapes de desenvolupament dels seus fills i filles i es relacionen amb diferents models de crian\u00e7a. Aquests models s\u00f3n els resultants dels aprenentatges socials i familiars que es transmeten a escala generacional i tenen efectes sobre les habilitats i compet\u00e8ncies socials dels infants, sobre el seus comportaments i sobre el rendiment escolar.<\/p>\n<p>La recerca posa de manifest que amb estils familiars que combinen l&#8217;afecte i la comunicaci\u00f3 familiar; el foment de l&#8217;autonomia i l&#8217;establiment de l\u00edmits i supervisi\u00f3 de la conducta es tenen fills amb un millor ajust emocional i de comportament i un inter\u00e8s m\u00e9s gran per l&#8217;educaci\u00f3. Per contra qui ha crescut i viscut en un ambient permissiu o negligent poden presentar problemes escolars i conductuals. Aquests \u00faltims presenten tamb\u00e9 problemes emocionals, al igual que els nens i nenes socialitzats en un estil educatiu autoritari.<\/p>\n<p>El programes que treballen sobre les compet\u00e8ncies parentals tenen per objectiu millorar els recursos emotius, cognitius i conductuals dels que disposen els progenitors a fi de fer possible que donin respostes adequades a les necessitats dels seus fills i filles. En l\u2019\u00e0mbit municipal existeixen diverses experi\u00e8ncies de formaci\u00f3 de mares i pares que tenen per objectiu sensibilitzar i facilitar que mares i pares, o altres adults amb responsabilitats educatives familiars, adquireixin estrat\u00e8gies personals, emocionals i educatives que els permetin implicar-se de forma efica\u00e7 en la construcci\u00f3 d\u2019una din\u00e0mica de conviv\u00e8ncia familiar positiva i en el desenvolupament de models parentals adequats per als infants i joves.<\/p>\n<p>Tanmateix, la parentalitat \u00e9s una pr\u00e0ctica social que requereix crear xarxes de recolzament que enforteixin i proporcionin recursos per a la vida familiar. Aquest aspecte fa refer\u00e8ncia al suport familiar i social i tamb\u00e9 a la capacitat de participar i buscar suport en les institucions i en els professionals que vetllen per la inf\u00e0ncia. En aquest sentit els espais familiars (0-3) i les escoles de mares i pares, desenvolupats habitualment en el marc de les AFAS dels centres educatius, esdevenen dos recursos que poden contribuir a generar din\u00e0miques socials de suport a la parentalitat positiva.<\/p>\n<blockquote><p>Els espais familiars (0-3) i les escoles de mares i pares, desenvolupats habitualment en el marc de les AFAS dels centres educatius, esdevenen dos recursos que poden contribuir a generar din\u00e0miques socials de suport a la parentalitat positiva<\/p><\/blockquote>\n<p>Per \u00faltim, cal considerar \u00a0alguns reptes fonamentals de la intervenci\u00f3 socioeducativa amb fam\u00edlies per a prevenir l&#8217;absentisme i l\u2019abandonament\u00a0 escolar, entre els quals destaca la necessitat de (1) substituir els models d\u2019intervenci\u00f3 basats en paradigmes de d\u00e8ficit per models d\u2019intervenci\u00f3 basats en\u00a0 el respecte i confian\u00e7a en les possibilitats de millora i potencialitats de les fam\u00edlies; (2) potenciar el treball comunitari i l\u2019apoderament de les fam\u00edlies i l\u2019alumnat, en base al reconeixement i valor positiu a les capacitats de les persones, acompanyant-les en el seu creixement personal i potenciant les xarxes de suport (3) afavorir l\u2019adhesi\u00f3 escolar al llarg de tota l\u2019escolaritat potenciant un clima escolar acollidor i inclusiu.<\/p>\n<p>Per \u00faltim, per\u00f2 no menys important, s\u2019imposa la necessitat de realitzar plantejament s\u00f2lid i sistem\u00e0tic de l\u2019avaluaci\u00f3, un recurrent punt feble de molts projectes educatius i socials, que permeti les organitzacions i els professionals rendir comptes d\u2019all\u00f2 realitzat, millorar i optimitzar les accions i fer els canvis precisos de cara a noves propostes.<\/p>\n","protected":false},"excerpt":{"rendered":"<p>La seva import\u00e0ncia rau en el paper d\u2019aquestes en el desenvolupament dels infants, donat que s\u00f3n l\u2019agent de socialitzaci\u00f3 prim\u00e0ria per excel\u00b7l\u00e8ncia. Posar l\u2019\u00e8mfasi en la prevenci\u00f3 convida a posar de relleu la import\u00e0ncia de l\u2019educaci\u00f3 infantil, per\u00f2 tamb\u00e9 a les etapes d\u2019adolesc\u00e8ncia i joventut, focalitzant particularment les intervencions en els moments claus del proc\u00e9s<\/p>\n","protected":false},"author":266,"featured_media":3064,"comment_status":"open","ping_status":"closed","sticky":false,"template":"","format":"standard","meta":{"footnotes":""},"categories":[109,144],"tags":[167,214],"tipo":[391],"class_list":{"0":"post-3053","1":"post","2":"type-post","3":"status-publish","4":"format-standard","5":"has-post-thumbnail","7":"category-analisi","8":"category-opinio","9":"tag-abandonament-escolar-prematur","10":"tag-families","11":"tipo-opinio"},"yoast_head":"<!-- This site is optimized with the Yoast SEO plugin v27.4 - https:\/\/yoast.com\/product\/yoast-seo-wordpress\/ -->\n<title>Intervenci\u00f3 socioeducativa amb fam\u00edlies per a prevenir l&#039;absentisme i l\u2019abandonament escolar - El blog de l&#039;educaci\u00f3 local<\/title>\n<meta name=\"robots\" content=\"index, follow, max-snippet:-1, max-image-preview:large, max-video-preview:-1\" \/>\n<link rel=\"canonical\" href=\"https:\/\/diarieducacio.cat\/educaciolocal\/2022\/01\/20\/intervencio-socioeducativa-amb-families-per-a-prevenir-labsentisme-i-labandonament-escolar\/\" \/>\n<meta property=\"og:locale\" content=\"ca_ES\" \/>\n<meta property=\"og:type\" content=\"article\" \/>\n<meta property=\"og:title\" content=\"Intervenci\u00f3 socioeducativa amb fam\u00edlies per a prevenir l&#039;absentisme i l\u2019abandonament escolar - El blog de l&#039;educaci\u00f3 local\" \/>\n<meta property=\"og:description\" content=\"La seva import\u00e0ncia rau en el paper d\u2019aquestes en el desenvolupament dels infants, donat que s\u00f3n l\u2019agent de socialitzaci\u00f3 prim\u00e0ria per excel\u00b7l\u00e8ncia. Posar l\u2019\u00e8mfasi en la prevenci\u00f3 convida a posar de relleu la import\u00e0ncia de l\u2019educaci\u00f3 infantil, per\u00f2 tamb\u00e9 a les etapes d\u2019adolesc\u00e8ncia i joventut, focalitzant particularment les intervencions en els moments claus del proc\u00e9s\" \/>\n<meta property=\"og:url\" content=\"https:\/\/diarieducacio.cat\/educaciolocal\/2022\/01\/20\/intervencio-socioeducativa-amb-families-per-a-prevenir-labsentisme-i-labandonament-escolar\/\" \/>\n<meta property=\"og:site_name\" content=\"El blog de l&#039;educaci\u00f3 local\" \/>\n<meta property=\"article:publisher\" content=\"https:\/\/www.facebook.com\/diarieducacio\/\" \/>\n<meta property=\"article:published_time\" content=\"2022-01-20T23:30:34+00:00\" \/>\n<meta property=\"article:modified_time\" content=\"2024-08-08T08:52:40+00:00\" \/>\n<meta property=\"og:image\" content=\"https:\/\/diarieducacio.cat\/educaciolocal\/wp-content\/uploads\/sites\/18\/2022\/01\/IMG_4418-scaled-2.jpg\" \/>\n\t<meta property=\"og:image:width\" content=\"2560\" \/>\n\t<meta property=\"og:image:height\" content=\"1746\" \/>\n\t<meta property=\"og:image:type\" content=\"image\/jpeg\" \/>\n<meta name=\"author\" content=\"Maribel Garcia Gracia\" \/>\n<meta name=\"twitter:card\" content=\"summary_large_image\" \/>\n<meta name=\"twitter:creator\" content=\"@DiariEducacio\" \/>\n<meta name=\"twitter:site\" content=\"@DiariEducacio\" \/>\n<meta name=\"twitter:label1\" content=\"Escrit per\" \/>\n\t<meta name=\"twitter:data1\" content=\"Maribel Garcia Gracia\" \/>\n\t<meta name=\"twitter:label2\" content=\"Temps estimat de lectura\" \/>\n\t<meta name=\"twitter:data2\" content=\"5 minuts\" \/>\n<script type=\"application\/ld+json\" class=\"yoast-schema-graph\">{\"@context\":\"https:\\\/\\\/schema.org\",\"@graph\":[{\"@type\":\"Article\",\"@id\":\"https:\\\/\\\/diarieducacio.cat\\\/educaciolocal\\\/2022\\\/01\\\/20\\\/intervencio-socioeducativa-amb-families-per-a-prevenir-labsentisme-i-labandonament-escolar\\\/#article\",\"isPartOf\":{\"@id\":\"https:\\\/\\\/diarieducacio.cat\\\/educaciolocal\\\/2022\\\/01\\\/20\\\/intervencio-socioeducativa-amb-families-per-a-prevenir-labsentisme-i-labandonament-escolar\\\/\"},\"author\":{\"name\":\"Maribel Garcia Gracia\",\"@id\":\"https:\\\/\\\/diarieducacio.cat\\\/educaciolocal\\\/#\\\/schema\\\/person\\\/509cd0f6745a4386f1eb56cbb8f1e759\"},\"headline\":\"Intervenci\u00f3 socioeducativa amb fam\u00edlies per a prevenir l&#8217;absentisme i l\u2019abandonament escolar\",\"datePublished\":\"2022-01-20T23:30:34+00:00\",\"dateModified\":\"2024-08-08T08:52:40+00:00\",\"mainEntityOfPage\":{\"@id\":\"https:\\\/\\\/diarieducacio.cat\\\/educaciolocal\\\/2022\\\/01\\\/20\\\/intervencio-socioeducativa-amb-families-per-a-prevenir-labsentisme-i-labandonament-escolar\\\/\"},\"wordCount\":982,\"commentCount\":0,\"image\":{\"@id\":\"https:\\\/\\\/diarieducacio.cat\\\/educaciolocal\\\/2022\\\/01\\\/20\\\/intervencio-socioeducativa-amb-families-per-a-prevenir-labsentisme-i-labandonament-escolar\\\/#primaryimage\"},\"thumbnailUrl\":\"https:\\\/\\\/diarieducacio.cat\\\/educaciolocal\\\/wp-content\\\/uploads\\\/sites\\\/18\\\/2022\\\/01\\\/IMG_4418-scaled-2.jpg\",\"keywords\":[\"Abandonament escolar prematur\",\"Fam\u00edlies\"],\"articleSection\":[\"An\u00e0lisi\",\"Opini\u00f3\"],\"inLanguage\":\"ca\",\"potentialAction\":[{\"@type\":\"CommentAction\",\"name\":\"Comment\",\"target\":[\"https:\\\/\\\/diarieducacio.cat\\\/educaciolocal\\\/2022\\\/01\\\/20\\\/intervencio-socioeducativa-amb-families-per-a-prevenir-labsentisme-i-labandonament-escolar\\\/#respond\"]}]},{\"@type\":\"WebPage\",\"@id\":\"https:\\\/\\\/diarieducacio.cat\\\/educaciolocal\\\/2022\\\/01\\\/20\\\/intervencio-socioeducativa-amb-families-per-a-prevenir-labsentisme-i-labandonament-escolar\\\/\",\"url\":\"https:\\\/\\\/diarieducacio.cat\\\/educaciolocal\\\/2022\\\/01\\\/20\\\/intervencio-socioeducativa-amb-families-per-a-prevenir-labsentisme-i-labandonament-escolar\\\/\",\"name\":\"Intervenci\u00f3 socioeducativa amb fam\u00edlies per a prevenir l'absentisme i l\u2019abandonament escolar - El blog de l'educaci\u00f3 local\",\"isPartOf\":{\"@id\":\"https:\\\/\\\/diarieducacio.cat\\\/educaciolocal\\\/#website\"},\"primaryImageOfPage\":{\"@id\":\"https:\\\/\\\/diarieducacio.cat\\\/educaciolocal\\\/2022\\\/01\\\/20\\\/intervencio-socioeducativa-amb-families-per-a-prevenir-labsentisme-i-labandonament-escolar\\\/#primaryimage\"},\"image\":{\"@id\":\"https:\\\/\\\/diarieducacio.cat\\\/educaciolocal\\\/2022\\\/01\\\/20\\\/intervencio-socioeducativa-amb-families-per-a-prevenir-labsentisme-i-labandonament-escolar\\\/#primaryimage\"},\"thumbnailUrl\":\"https:\\\/\\\/diarieducacio.cat\\\/educaciolocal\\\/wp-content\\\/uploads\\\/sites\\\/18\\\/2022\\\/01\\\/IMG_4418-scaled-2.jpg\",\"datePublished\":\"2022-01-20T23:30:34+00:00\",\"dateModified\":\"2024-08-08T08:52:40+00:00\",\"author\":{\"@id\":\"https:\\\/\\\/diarieducacio.cat\\\/educaciolocal\\\/#\\\/schema\\\/person\\\/509cd0f6745a4386f1eb56cbb8f1e759\"},\"breadcrumb\":{\"@id\":\"https:\\\/\\\/diarieducacio.cat\\\/educaciolocal\\\/2022\\\/01\\\/20\\\/intervencio-socioeducativa-amb-families-per-a-prevenir-labsentisme-i-labandonament-escolar\\\/#breadcrumb\"},\"inLanguage\":\"ca\",\"potentialAction\":[{\"@type\":\"ReadAction\",\"target\":[\"https:\\\/\\\/diarieducacio.cat\\\/educaciolocal\\\/2022\\\/01\\\/20\\\/intervencio-socioeducativa-amb-families-per-a-prevenir-labsentisme-i-labandonament-escolar\\\/\"]}]},{\"@type\":\"ImageObject\",\"inLanguage\":\"ca\",\"@id\":\"https:\\\/\\\/diarieducacio.cat\\\/educaciolocal\\\/2022\\\/01\\\/20\\\/intervencio-socioeducativa-amb-families-per-a-prevenir-labsentisme-i-labandonament-escolar\\\/#primaryimage\",\"url\":\"https:\\\/\\\/diarieducacio.cat\\\/educaciolocal\\\/wp-content\\\/uploads\\\/sites\\\/18\\\/2022\\\/01\\\/IMG_4418-scaled-2.jpg\",\"contentUrl\":\"https:\\\/\\\/diarieducacio.cat\\\/educaciolocal\\\/wp-content\\\/uploads\\\/sites\\\/18\\\/2022\\\/01\\\/IMG_4418-scaled-2.jpg\",\"width\":2560,\"height\":1746,\"caption\":\"Fam\u00edlies a les portes d'un centre educatiu | Foto: VS\"},{\"@type\":\"BreadcrumbList\",\"@id\":\"https:\\\/\\\/diarieducacio.cat\\\/educaciolocal\\\/2022\\\/01\\\/20\\\/intervencio-socioeducativa-amb-families-per-a-prevenir-labsentisme-i-labandonament-escolar\\\/#breadcrumb\",\"itemListElement\":[{\"@type\":\"ListItem\",\"position\":1,\"name\":\"Inici\",\"item\":\"https:\\\/\\\/diarieducacio.cat\\\/educaciolocal\\\/\"},{\"@type\":\"ListItem\",\"position\":2,\"name\":\"Intervenci\u00f3 socioeducativa amb fam\u00edlies per a prevenir l&#8217;absentisme i l\u2019abandonament escolar\"}]},{\"@type\":\"WebSite\",\"@id\":\"https:\\\/\\\/diarieducacio.cat\\\/educaciolocal\\\/#website\",\"url\":\"https:\\\/\\\/diarieducacio.cat\\\/educaciolocal\\\/\",\"name\":\"El blog de l'educaci\u00f3 local\",\"description\":\"\",\"potentialAction\":[{\"@type\":\"SearchAction\",\"target\":{\"@type\":\"EntryPoint\",\"urlTemplate\":\"https:\\\/\\\/diarieducacio.cat\\\/educaciolocal\\\/?s={search_term_string}\"},\"query-input\":{\"@type\":\"PropertyValueSpecification\",\"valueRequired\":true,\"valueName\":\"search_term_string\"}}],\"inLanguage\":\"ca\"},{\"@type\":\"Person\",\"@id\":\"https:\\\/\\\/diarieducacio.cat\\\/educaciolocal\\\/#\\\/schema\\\/person\\\/509cd0f6745a4386f1eb56cbb8f1e759\",\"name\":\"Maribel Garcia Gracia\",\"image\":{\"@type\":\"ImageObject\",\"inLanguage\":\"ca\",\"@id\":\"https:\\\/\\\/secure.gravatar.com\\\/avatar\\\/701fd29929fddd77d3239291a9600c569b711a6a6ca64b50129dc737a4c07055?s=96&d=mm&r=g\",\"url\":\"https:\\\/\\\/secure.gravatar.com\\\/avatar\\\/701fd29929fddd77d3239291a9600c569b711a6a6ca64b50129dc737a4c07055?s=96&d=mm&r=g\",\"contentUrl\":\"https:\\\/\\\/secure.gravatar.com\\\/avatar\\\/701fd29929fddd77d3239291a9600c569b711a6a6ca64b50129dc737a4c07055?s=96&d=mm&r=g\",\"caption\":\"Maribel Garcia Gracia\"},\"description\":\"Professora de sociologia a la UAB i investigadora del Grup de Recerca en Educaci\u00f3 i Treball (GRET)\",\"url\":\"https:\\\/\\\/diarieducacio.cat\\\/educaciolocal\\\/author\\\/maribelgarcia\\\/\"}]}<\/script>\n<!-- \/ Yoast SEO plugin. -->","yoast_head_json":{"title":"Intervenci\u00f3 socioeducativa amb fam\u00edlies per a prevenir l'absentisme i l\u2019abandonament escolar - El blog de l'educaci\u00f3 local","robots":{"index":"index","follow":"follow","max-snippet":"max-snippet:-1","max-image-preview":"max-image-preview:large","max-video-preview":"max-video-preview:-1"},"canonical":"https:\/\/diarieducacio.cat\/educaciolocal\/2022\/01\/20\/intervencio-socioeducativa-amb-families-per-a-prevenir-labsentisme-i-labandonament-escolar\/","og_locale":"ca_ES","og_type":"article","og_title":"Intervenci\u00f3 socioeducativa amb fam\u00edlies per a prevenir l'absentisme i l\u2019abandonament escolar - El blog de l'educaci\u00f3 local","og_description":"La seva import\u00e0ncia rau en el paper d\u2019aquestes en el desenvolupament dels infants, donat que s\u00f3n l\u2019agent de socialitzaci\u00f3 prim\u00e0ria per excel\u00b7l\u00e8ncia. Posar l\u2019\u00e8mfasi en la prevenci\u00f3 convida a posar de relleu la import\u00e0ncia de l\u2019educaci\u00f3 infantil, per\u00f2 tamb\u00e9 a les etapes d\u2019adolesc\u00e8ncia i joventut, focalitzant particularment les intervencions en els moments claus del proc\u00e9s","og_url":"https:\/\/diarieducacio.cat\/educaciolocal\/2022\/01\/20\/intervencio-socioeducativa-amb-families-per-a-prevenir-labsentisme-i-labandonament-escolar\/","og_site_name":"El blog de l'educaci\u00f3 local","article_publisher":"https:\/\/www.facebook.com\/diarieducacio\/","article_published_time":"2022-01-20T23:30:34+00:00","article_modified_time":"2024-08-08T08:52:40+00:00","og_image":[{"width":2560,"height":1746,"url":"https:\/\/diarieducacio.cat\/educaciolocal\/wp-content\/uploads\/sites\/18\/2022\/01\/IMG_4418-scaled-2.jpg","type":"image\/jpeg"}],"author":"Maribel Garcia Gracia","twitter_card":"summary_large_image","twitter_creator":"@DiariEducacio","twitter_site":"@DiariEducacio","twitter_misc":{"Escrit per":"Maribel Garcia Gracia","Temps estimat de lectura":"5 minuts"},"schema":{"@context":"https:\/\/schema.org","@graph":[{"@type":"Article","@id":"https:\/\/diarieducacio.cat\/educaciolocal\/2022\/01\/20\/intervencio-socioeducativa-amb-families-per-a-prevenir-labsentisme-i-labandonament-escolar\/#article","isPartOf":{"@id":"https:\/\/diarieducacio.cat\/educaciolocal\/2022\/01\/20\/intervencio-socioeducativa-amb-families-per-a-prevenir-labsentisme-i-labandonament-escolar\/"},"author":{"name":"Maribel Garcia Gracia","@id":"https:\/\/diarieducacio.cat\/educaciolocal\/#\/schema\/person\/509cd0f6745a4386f1eb56cbb8f1e759"},"headline":"Intervenci\u00f3 socioeducativa amb fam\u00edlies per a prevenir l&#8217;absentisme i l\u2019abandonament escolar","datePublished":"2022-01-20T23:30:34+00:00","dateModified":"2024-08-08T08:52:40+00:00","mainEntityOfPage":{"@id":"https:\/\/diarieducacio.cat\/educaciolocal\/2022\/01\/20\/intervencio-socioeducativa-amb-families-per-a-prevenir-labsentisme-i-labandonament-escolar\/"},"wordCount":982,"commentCount":0,"image":{"@id":"https:\/\/diarieducacio.cat\/educaciolocal\/2022\/01\/20\/intervencio-socioeducativa-amb-families-per-a-prevenir-labsentisme-i-labandonament-escolar\/#primaryimage"},"thumbnailUrl":"https:\/\/diarieducacio.cat\/educaciolocal\/wp-content\/uploads\/sites\/18\/2022\/01\/IMG_4418-scaled-2.jpg","keywords":["Abandonament escolar prematur","Fam\u00edlies"],"articleSection":["An\u00e0lisi","Opini\u00f3"],"inLanguage":"ca","potentialAction":[{"@type":"CommentAction","name":"Comment","target":["https:\/\/diarieducacio.cat\/educaciolocal\/2022\/01\/20\/intervencio-socioeducativa-amb-families-per-a-prevenir-labsentisme-i-labandonament-escolar\/#respond"]}]},{"@type":"WebPage","@id":"https:\/\/diarieducacio.cat\/educaciolocal\/2022\/01\/20\/intervencio-socioeducativa-amb-families-per-a-prevenir-labsentisme-i-labandonament-escolar\/","url":"https:\/\/diarieducacio.cat\/educaciolocal\/2022\/01\/20\/intervencio-socioeducativa-amb-families-per-a-prevenir-labsentisme-i-labandonament-escolar\/","name":"Intervenci\u00f3 socioeducativa amb fam\u00edlies per a prevenir l'absentisme i l\u2019abandonament escolar - El blog de l'educaci\u00f3 local","isPartOf":{"@id":"https:\/\/diarieducacio.cat\/educaciolocal\/#website"},"primaryImageOfPage":{"@id":"https:\/\/diarieducacio.cat\/educaciolocal\/2022\/01\/20\/intervencio-socioeducativa-amb-families-per-a-prevenir-labsentisme-i-labandonament-escolar\/#primaryimage"},"image":{"@id":"https:\/\/diarieducacio.cat\/educaciolocal\/2022\/01\/20\/intervencio-socioeducativa-amb-families-per-a-prevenir-labsentisme-i-labandonament-escolar\/#primaryimage"},"thumbnailUrl":"https:\/\/diarieducacio.cat\/educaciolocal\/wp-content\/uploads\/sites\/18\/2022\/01\/IMG_4418-scaled-2.jpg","datePublished":"2022-01-20T23:30:34+00:00","dateModified":"2024-08-08T08:52:40+00:00","author":{"@id":"https:\/\/diarieducacio.cat\/educaciolocal\/#\/schema\/person\/509cd0f6745a4386f1eb56cbb8f1e759"},"breadcrumb":{"@id":"https:\/\/diarieducacio.cat\/educaciolocal\/2022\/01\/20\/intervencio-socioeducativa-amb-families-per-a-prevenir-labsentisme-i-labandonament-escolar\/#breadcrumb"},"inLanguage":"ca","potentialAction":[{"@type":"ReadAction","target":["https:\/\/diarieducacio.cat\/educaciolocal\/2022\/01\/20\/intervencio-socioeducativa-amb-families-per-a-prevenir-labsentisme-i-labandonament-escolar\/"]}]},{"@type":"ImageObject","inLanguage":"ca","@id":"https:\/\/diarieducacio.cat\/educaciolocal\/2022\/01\/20\/intervencio-socioeducativa-amb-families-per-a-prevenir-labsentisme-i-labandonament-escolar\/#primaryimage","url":"https:\/\/diarieducacio.cat\/educaciolocal\/wp-content\/uploads\/sites\/18\/2022\/01\/IMG_4418-scaled-2.jpg","contentUrl":"https:\/\/diarieducacio.cat\/educaciolocal\/wp-content\/uploads\/sites\/18\/2022\/01\/IMG_4418-scaled-2.jpg","width":2560,"height":1746,"caption":"Fam\u00edlies a les portes d'un centre educatiu | Foto: VS"},{"@type":"BreadcrumbList","@id":"https:\/\/diarieducacio.cat\/educaciolocal\/2022\/01\/20\/intervencio-socioeducativa-amb-families-per-a-prevenir-labsentisme-i-labandonament-escolar\/#breadcrumb","itemListElement":[{"@type":"ListItem","position":1,"name":"Inici","item":"https:\/\/diarieducacio.cat\/educaciolocal\/"},{"@type":"ListItem","position":2,"name":"Intervenci\u00f3 socioeducativa amb fam\u00edlies per a prevenir l&#8217;absentisme i l\u2019abandonament escolar"}]},{"@type":"WebSite","@id":"https:\/\/diarieducacio.cat\/educaciolocal\/#website","url":"https:\/\/diarieducacio.cat\/educaciolocal\/","name":"El blog de l'educaci\u00f3 local","description":"","potentialAction":[{"@type":"SearchAction","target":{"@type":"EntryPoint","urlTemplate":"https:\/\/diarieducacio.cat\/educaciolocal\/?s={search_term_string}"},"query-input":{"@type":"PropertyValueSpecification","valueRequired":true,"valueName":"search_term_string"}}],"inLanguage":"ca"},{"@type":"Person","@id":"https:\/\/diarieducacio.cat\/educaciolocal\/#\/schema\/person\/509cd0f6745a4386f1eb56cbb8f1e759","name":"Maribel Garcia Gracia","image":{"@type":"ImageObject","inLanguage":"ca","@id":"https:\/\/secure.gravatar.com\/avatar\/701fd29929fddd77d3239291a9600c569b711a6a6ca64b50129dc737a4c07055?s=96&d=mm&r=g","url":"https:\/\/secure.gravatar.com\/avatar\/701fd29929fddd77d3239291a9600c569b711a6a6ca64b50129dc737a4c07055?s=96&d=mm&r=g","contentUrl":"https:\/\/secure.gravatar.com\/avatar\/701fd29929fddd77d3239291a9600c569b711a6a6ca64b50129dc737a4c07055?s=96&d=mm&r=g","caption":"Maribel Garcia Gracia"},"description":"Professora de sociologia a la UAB i investigadora del Grup de Recerca en Educaci\u00f3 i Treball (GRET)","url":"https:\/\/diarieducacio.cat\/educaciolocal\/author\/maribelgarcia\/"}]}},"_links":{"self":[{"href":"https:\/\/diarieducacio.cat\/educaciolocal\/wp-json\/wp\/v2\/posts\/3053","targetHints":{"allow":["GET"]}}],"collection":[{"href":"https:\/\/diarieducacio.cat\/educaciolocal\/wp-json\/wp\/v2\/posts"}],"about":[{"href":"https:\/\/diarieducacio.cat\/educaciolocal\/wp-json\/wp\/v2\/types\/post"}],"author":[{"embeddable":true,"href":"https:\/\/diarieducacio.cat\/educaciolocal\/wp-json\/wp\/v2\/users\/266"}],"replies":[{"embeddable":true,"href":"https:\/\/diarieducacio.cat\/educaciolocal\/wp-json\/wp\/v2\/comments?post=3053"}],"version-history":[{"count":1,"href":"https:\/\/diarieducacio.cat\/educaciolocal\/wp-json\/wp\/v2\/posts\/3053\/revisions"}],"predecessor-version":[{"id":4290,"href":"https:\/\/diarieducacio.cat\/educaciolocal\/wp-json\/wp\/v2\/posts\/3053\/revisions\/4290"}],"wp:featuredmedia":[{"embeddable":true,"href":"https:\/\/diarieducacio.cat\/educaciolocal\/wp-json\/wp\/v2\/media\/3064"}],"wp:attachment":[{"href":"https:\/\/diarieducacio.cat\/educaciolocal\/wp-json\/wp\/v2\/media?parent=3053"}],"wp:term":[{"taxonomy":"category","embeddable":true,"href":"https:\/\/diarieducacio.cat\/educaciolocal\/wp-json\/wp\/v2\/categories?post=3053"},{"taxonomy":"post_tag","embeddable":true,"href":"https:\/\/diarieducacio.cat\/educaciolocal\/wp-json\/wp\/v2\/tags?post=3053"},{"taxonomy":"tipo","embeddable":true,"href":"https:\/\/diarieducacio.cat\/educaciolocal\/wp-json\/wp\/v2\/tipo?post=3053"}],"curies":[{"name":"wp","href":"https:\/\/api.w.org\/{rel}","templated":true}]}}