{"id":3296,"date":"2022-06-07T04:00:30","date_gmt":"2022-06-07T04:00:30","guid":{"rendered":"https:\/\/diarieducacio.cat\/educaciolocal\/?p=3296"},"modified":"2024-08-08T10:52:42","modified_gmt":"2024-08-08T08:52:42","slug":"flexible-dual-i-de-proximitat-la-nova-cara-de-la-formacio-professional","status":"publish","type":"post","link":"https:\/\/diarieducacio.cat\/educaciolocal\/2022\/06\/07\/flexible-dual-i-de-proximitat-la-nova-cara-de-la-formacio-professional\/","title":{"rendered":"Flexible, dual i de proximitat, la nova cara de la formaci\u00f3 professional"},"content":{"rendered":"<p>El mes d&#8217;abril va entrar en vigor la Llei Org\u00e0nica d\u2019Ordenaci\u00f3 i Integraci\u00f3 de la Formaci\u00f3 Professional, un canvi que el sector educatiu feia temps que esperava i que dota de reconeixement aquest itinerari formatiu que, durant anys, ha estat menystingut. Per aix\u00f2, la Diputaci\u00f3 de Barcelona va organitzar el passat dijous la jornada <i>Formaci\u00f3 professional i noves oportunitats educatives a les ciutats educadores, <\/i>una trobada que va comptar amb la pres\u00e8ncia dels principals agents implicats, des del govern de l&#8217;Estat fins a ajuntaments, passant per sindicats i representants del m\u00f3n empresarial.<\/p>\n<p>La jornada buscava posar l&#8217;accent en les oportunitats de la llei, que contempla una inversi\u00f3 de quasi 5.500 milions d&#8217;euros per als propers quatre anys, dedicats a personalitzar els itineraris d&#8217;FP i a garantir una formaci\u00f3 continuada al llarg de la carrera professional. D&#8217;aquesta manera, s&#8217;espera millorar encara m\u00e9s l&#8217;ocupabilitat de l&#8217;alumnat, aix\u00ed com garantir que les necessitats de les empreses estiguin cobertes, a mesura que evoluciona el mercat.<\/p>\n<p>\u201cInvertir en l&#8217;FP \u00e9s invertir en el futur\u201d, va resumir N\u00faria Parlon, vicepresidenta quarta de la Diputaci\u00f3, durant la inauguraci\u00f3 de la trobada. Aix\u00ed mateix, Parlon va assegurar que l&#8217;actual \u00e9s un \u201cmoment clau\u201d per repensar i definir com ha de ser la formaci\u00f3 professional dels propers anys, en refer\u00e8ncia a la llei recentment aprovada. En aquesta l\u00ednia, Jos\u00e9 Luis Dur\u00e1n, vicepresident de l&#8217;Asociaci\u00f3n FP\/Empresa de Centros de Formaci\u00f3n Profesional i director de l\u2019Escola del Treball de Barcelona, va celebrar que Catalunya ja t\u00e9 mig cam\u00ed fet, perqu\u00e8 la llei espanyola \u201cest\u00e0 en sintonia amb el que ja fa temps que treballem a casa nostra\u201d.<\/p>\n<p>Aix\u00ed, Dur\u00e1n va posar l&#8217;accent en que el nou marc legislatiu es complementa b\u00e9 amb prop\u00f2sits que la Diputaci\u00f3 fa anys que treballa, com s\u00f3n la lluita contra l&#8217;abandonament escolar i l&#8217;aplicaci\u00f3 de la tecnologia i els aven\u00e7os digitals en els entorns educatius i formatius. Aix\u00ed, tot plegat es tradueix en generar itineraris que siguin atractius per als alumnes, fet que passa per oferir formaci\u00f3 \u00fatil que generi bones taxes d&#8217;inserci\u00f3 laboral. \u201cHem de formar millor els alumnes perqu\u00e8 les empreses els trobin atractius\u201d, resumeix el vicepresident d&#8217;FP\/Empresa.<\/p>\n<h3><b>Millorar l&#8217;ocupabilitat<\/b><\/h3>\n<p>La formaci\u00f3 professional s&#8217;ha constatat com una bona eina per lluitar contra l&#8217;atur juvenil. Segons dades de la Generalitat, les persones graduades en ensenyaments professionals que busquen feina s\u00f3n el 11,8% a grau mitj\u00e0 i el 15,7% a grau superior. S\u00f3n xifres molt inferiors a la mitjana d&#8217;atur juvenil, que se situa en el 33,4%. Aquestes dades s\u00f3n esperan\u00e7adores en un context d&#8217;impuls de l&#8217;FP, sobretot tenint en compte que la nova llei impulsa l&#8217;FP Dual. \u00c9s a dir, una modalitat que combina la formaci\u00f3 a l&#8217;aula amb estades a empreses, fet que implica una adaptaci\u00f3 m\u00e0xima al que demana el sector empresarial.<\/p>\n<p>Amb aquest model, les dades d&#8217;inserci\u00f3 laboral pugen encara m\u00e9s i se situen al voltant del 80%. \u201cTotes les pol\u00edtiques p\u00fabliques haurien d&#8217;aspirar a aquestes xifres d&#8217;\u00e8xit\u201d, va assegurar Eva Menor, diputada presidenta de l&#8217;\u00e0rea de Desenvolupament Econ\u00f2mic de la Diputaci\u00f3 de Barcelona. Tot i aix\u00f2, es tracta d&#8217;una modalitat poc implantada al nostre pa\u00eds, on nom\u00e9s el 3% dels itineraris s\u00f3n duals. \u201cTota l&#8217;FP ha de ser dual\u201d, va declarar la secret\u00e0ria general d&#8217;FP del Ministeri d&#8217;Educaci\u00f3, Clara Sanz, que va assegurar que formar-se en un entorn de treball \u00e9s la millor garantia.<\/p>\n<p>\u201cLes empreses han de saber que trobaran treballadors perfectament adaptats a les seves necessitats. Si un estudiant nom\u00e9s s&#8217;ha format a l&#8217;aula, tindr\u00e0 mancances i l&#8217;empresa l&#8217;haur\u00e0 d&#8217;acabar de formar en les seves especificitats. I, si la formaci\u00f3 final va a c\u00e0rrec d&#8217;aquesta empresa, l&#8217;estudiant no aportar\u00e0 cap valor afegit\u201d, va apuntar.<\/p>\n<p>\u201cL&#8217;FP \u00e9s una bona eina per a la inserci\u00f3 de les persones\u201d, va coincidir Eva Gajardo, secret\u00e0ria d&#8217;Igualtat i Formaci\u00f3 d&#8217;UGT. Per\u00f2 tamb\u00e9 va alertar que, si b\u00e9 coincideix en la necessitat d&#8217;aplicar l&#8217;FP Dual, s&#8217;ha d&#8217;anar amb compte. \u201cLa dualitzaci\u00f3 ha de fer de l&#8217;empresa una altra aula m\u00e9s on aprendre, no un lloc on treballar\u201d, va advertir.<\/p>\n<figure id=\"attachment_3298\" aria-describedby=\"caption-attachment-3298\" style=\"width: 2560px\" class=\"wp-caption aligncenter\"><img fetchpriority=\"high\" decoding=\"async\" class=\"wp-image-3298 size-full\" src=\"https:\/\/nostalgic-ishizaka.82-223-1-47.plesk.page\/educaciolocal\/wp-content\/uploads\/sites\/18\/2022\/06\/FUQKgNZWIAITdH4-scaled-1.jpg\" alt=\"\" width=\"2560\" height=\"1707\" \/><figcaption id=\"caption-attachment-3298\" class=\"wp-caption-text\">Fotografia de la jornada sobre FP, organitzada per la Diputaci\u00f3 de Barcelona al paranimf de l&#8217;Escola del Treball | Diputaci\u00f3 de Barcelona<\/figcaption><\/figure>\n<h3><\/h3>\n<h3><b>Una formaci\u00f3 a mida<\/b><\/h3>\n<p>Sanz va posar de relleu un dels altres punts claus de la llei, que estableix la necessitat de generar itineraris adaptats i flexibles, que comptin amb la cooperaci\u00f3 del sector empresarial. \u201cJo no s\u00e9 qu\u00e8 necessita el sector qu\u00edmic, per\u00f2 el sector qu\u00edmic s\u00ed que ho sap\u201d, va resumir. Per\u00f2 l&#8217;adaptaci\u00f3 dels itineraris formatius no aplica nom\u00e9s a la part contractant, sin\u00f3 tamb\u00e9 a l&#8217;alumnat. I \u00e9s que, segons Sanz, \u201cno \u00e9s la persona la que s&#8217;ha d&#8217;adaptar al sistema educatiu, sin\u00f3 el sistema a la persona\u201d.<\/p>\n<p>Amb aix\u00f2, la secret\u00e0ria general d&#8217;FP feia refer\u00e8ncia als itineraris formatius pensats per dur-se a terme al llarg de la vida, per tal que qualsevol persona pugui accedir a la formaci\u00f3 professional quan ho consideri, fent-la compatible amb una altra feina o uns altres estudis. A m\u00e9s, un dels objectius de la llei \u00e9s, tamb\u00e9, garantir l&#8217;actualitzaci\u00f3 formativa dels professionals ja titulats, per tal que puguin adaptar-se a l&#8217;evoluci\u00f3 del sector en el qual estan empleats.<\/p>\n<p>\u201cHi ha evolucions t\u00e8cniques en tots els \u00e0mbits que \u00e9s important con\u00e8ixer i aplicar per continuar sent un treballador que aporti valor afegit. Per\u00f2 no t\u00e9 sentit que, per assolir aquests coneixements, un torner torni a fer tota la formaci\u00f3\u201d, va assegurar Sanz. Aix\u00ed, garantir la formaci\u00f3 continuada dels treballadors \u00e9s un objectiu essencial que, per a ser assolit, requereix d&#8217;un \u201ccanvi de marc mental que comenci a contemplar els treballadors com a persones i no com un simple b\u00e9 de mercat\u201d, va alertar Ricard Bellera, secretari de Treball i Economia de CCOO.<\/p>\n<p>En aquest sentit, Josep Monr\u00e0s, diputat president de l&#8217;\u00e0rea d&#8217;Educaci\u00f3 de la Diputaci\u00f3, va destacar que la llei genera un \u201cgran consens\u201d entre tots els agents implicats en la formaci\u00f3 professional. Aquesta afirmaci\u00f3 va ser confirmada per Manuel Rosillo, president de la Comissi\u00f3 de Formaci\u00f3 de Foment del Treball, que va assegurar que el sector empresarial est\u00e0 plenament comprom\u00e8s amb l&#8217;impuls de l&#8217;FP i que aquesta nova llei \u201cgenera confian\u00e7a en el futur\u201d. En la mateixa l\u00ednia s&#8217;expressava S\u00edlvia Mir\u00f3, directora de l&#8217;\u00c0rea de Treball de PIMEC, que confia en les oportunitats d&#8217;aquesta nova etapa i que va instar les administracions a garantir el n\u00famero de formadors i places \u201cper no morir d&#8217;\u00e8xit\u201d.<\/p>\n<h3><b>La import\u00e0ncia del m\u00f3n local<\/b><\/h3>\n<p>Si els qui millor coneixen les necessitats del m\u00f3n empresarial s\u00f3n les mateixes empreses, l&#8217;administraci\u00f3 que millor coneix la casu\u00edstica i les necessitats del jovent i l&#8217;alumnat \u00e9s el m\u00f3n local. \u201cGran part de la innovaci\u00f3 educativa del pa\u00eds ve dels municipis, no de cap altra administraci\u00f3. Comptar amb els ajuntaments ens garanteix noves oportunitats per als joves i per al sector econ\u00f2mic\u201d, va assegurar Monr\u00e0s. Sobre aix\u00f2 tamb\u00e9 es va mostrar d&#8217;acord Clara Sanz, la qual va assegurar que la figura de les Ciutats Educadores suposaven un \u201cgran salt qualitatiu\u201d en la formaci\u00f3, que ha estat capa\u00e7 d&#8217;unificar el sistema educatiu i la formaci\u00f3 de treballadors.<\/p>\n<p>La comuni\u00f3 entre aquests dos sectors, imprescindibles per a la salut de l&#8217;economia i la societat, tamb\u00e9 va ser posada de relleu per Fabian Mohedano, president executiu de l&#8217;Ag\u00e8ncia FPCat. Va destacar que la cooperaci\u00f3 entre els diferents agents educatius i les diverses administracions permet tenir &#8220;un sistema que s&#8217;entengui, amb una ordenaci\u00f3 molt clara i amb un rol molt clar de les empreses, dels governs i dels ajuntaments&#8221;, els quals, segons va apuntar, s\u00f3n una figura clau.<\/p>\n<p>Precisament per donar valor a aquestes figures municipals, la jornada <i>Formaci\u00f3 professional i noves oportunitats educatives a les ciutats educadores <\/i>va comptar amb la participaci\u00f3 del m\u00f3n local, representat per Alba Barnusell, alcaldessa de Granollers; David Bote, alcalde de Matar\u00f3; Marc Castells, alcalde d&#8217;Igualada; Marta Farr\u00e9s, alcaldessa de Sabadell; Eloi Hern\u00e1ndez, president del Consell Comarcal del Bages, i Ferran Teixid\u00f3, president de la Mancomunitat Intermunicipal Volunt\u00e0ria La Plana, els quals van explicar les noves oportunitats formatives a les ciutats educadores.<\/p>\n<p>La lloan\u00e7a de la tasca dels municipis va marcar el final de la trobada, que va ser clausurada per Javier Silva, diputat de Joventut de l&#8217;\u00c0rea d&#8217;Educaci\u00f3, Esports i Joventut amb un discurs en qu\u00e8 va destacar la \u201cllarga experi\u00e8ncia dels governs locals donant suport a la formaci\u00f3 i inserci\u00f3 laboral dels joves i adults m\u00e9s vulnerables dels nostres municipis\u201d. Aix\u00ed, va destacar la import\u00e0ncia de la figura de les ciutats educadores com a eina per capacitar la ciutadania i va considerar que la cooperaci\u00f3 de tots els agents i actors est\u00e0 \u201carticulant pol\u00edtiques p\u00fabliques de noves oportunitats\u201d que poden esdevenir una \u201cresposta estructural davant reptes tamb\u00e9 estructurals\u201d.<\/p>\n<hr \/>\n<p><i>Aquesta acci\u00f3 de la Diputaci\u00f3 de Barcelona respon als <a href=\"https:\/\/www.diba.cat\/web\/ods\/que-son-els-ods\" target=\"_blank\" rel=\"noopener\" data-saferedirecturl=\"https:\/\/www.google.com\/url?q=https:\/\/www.diba.cat\/web\/ods\/que-son-els-ods&amp;source=gmail&amp;ust=1654676176606000&amp;usg=AOvVaw2bemtI-Iabz60iM1p8Lqcc\">Objectius de Desenvolupament Sostenible (ODS)<\/a> n\u00famero 4 &#8220;Educaci\u00f3 de qualitat\u201d i n\u00famero 8 \u201cTreball digne i creixement econ\u00f2mic\u201d. Els 17 ODS van ser proclamats per l\u2019Assemblea General de Nacions Unides el 25 de setembre de 2015 i formen part de l\u2019agenda global per a 2030. La Diputaci\u00f3 de Barcelona n\u2019assumeix el compliment i desplega la seva acci\u00f3 e suport als governs locals de la prov\u00edncia d\u2019acord amb aquests ODS.<\/i><\/p>\n","protected":false},"excerpt":{"rendered":"<p>El mes d&#8217;abril va entrar en vigor la Llei Org\u00e0nica d\u2019Ordenaci\u00f3 i Integraci\u00f3 de la Formaci\u00f3 Professional, un canvi que el sector educatiu feia temps que esperava i que dota de reconeixement aquest itinerari formatiu que, durant anys, ha estat menystingut. Per aix\u00f2, la Diputaci\u00f3 de Barcelona va organitzar el passat dijous la jornada Formaci\u00f3<\/p>\n","protected":false},"author":44,"featured_media":3297,"comment_status":"open","ping_status":"closed","sticky":false,"template":"","format":"standard","meta":{"footnotes":""},"categories":[448,2],"tags":[331],"tipo":[395],"class_list":{"0":"post-3296","1":"post","2":"type-post","3":"status-publish","4":"format-standard","5":"has-post-thumbnail","7":"category-actualitat","8":"category-general","9":"tag-formacio-professional","10":"tipo-actualitat"},"yoast_head":"<!-- This site is optimized with the Yoast SEO plugin v27.4 - https:\/\/yoast.com\/product\/yoast-seo-wordpress\/ -->\n<title>Flexible, dual i de proximitat, la nova cara de la formaci\u00f3 professional - El blog de l&#039;educaci\u00f3 local<\/title>\n<meta name=\"robots\" content=\"index, follow, max-snippet:-1, max-image-preview:large, max-video-preview:-1\" \/>\n<link rel=\"canonical\" href=\"https:\/\/diarieducacio.cat\/educaciolocal\/2022\/06\/07\/flexible-dual-i-de-proximitat-la-nova-cara-de-la-formacio-professional\/\" \/>\n<meta property=\"og:locale\" content=\"ca_ES\" \/>\n<meta property=\"og:type\" content=\"article\" \/>\n<meta property=\"og:title\" content=\"Flexible, dual i de proximitat, la nova cara de la formaci\u00f3 professional - El blog de l&#039;educaci\u00f3 local\" \/>\n<meta property=\"og:description\" content=\"El mes d&#8217;abril va entrar en vigor la Llei Org\u00e0nica d\u2019Ordenaci\u00f3 i Integraci\u00f3 de la Formaci\u00f3 Professional, un canvi que el sector educatiu feia temps que esperava i que dota de reconeixement aquest itinerari formatiu que, durant anys, ha estat menystingut. Per aix\u00f2, la Diputaci\u00f3 de Barcelona va organitzar el passat dijous la jornada Formaci\u00f3\" \/>\n<meta property=\"og:url\" content=\"https:\/\/diarieducacio.cat\/educaciolocal\/2022\/06\/07\/flexible-dual-i-de-proximitat-la-nova-cara-de-la-formacio-professional\/\" \/>\n<meta property=\"og:site_name\" content=\"El blog de l&#039;educaci\u00f3 local\" \/>\n<meta property=\"article:publisher\" content=\"https:\/\/www.facebook.com\/diarieducacio\/\" \/>\n<meta property=\"article:published_time\" content=\"2022-06-07T04:00:30+00:00\" \/>\n<meta property=\"article:modified_time\" content=\"2024-08-08T08:52:42+00:00\" \/>\n<meta property=\"og:image\" content=\"https:\/\/diarieducacio.cat\/educaciolocal\/wp-content\/uploads\/sites\/18\/2022\/06\/Centro_de_Formacion_Profesional_8001290659.jpg\" \/>\n\t<meta property=\"og:image:width\" content=\"800\" \/>\n\t<meta property=\"og:image:height\" content=\"533\" \/>\n\t<meta property=\"og:image:type\" content=\"image\/jpeg\" \/>\n<meta name=\"author\" content=\"Sandra Vicente\" \/>\n<meta name=\"twitter:card\" content=\"summary_large_image\" \/>\n<meta name=\"twitter:creator\" content=\"@&#039;@Sandra_ViBa\" \/>\n<meta name=\"twitter:site\" content=\"@DiariEducacio\" \/>\n<meta name=\"twitter:label1\" content=\"Escrit per\" \/>\n\t<meta name=\"twitter:data1\" content=\"Sandra Vicente\" \/>\n\t<meta name=\"twitter:label2\" content=\"Temps estimat de lectura\" \/>\n\t<meta name=\"twitter:data2\" content=\"8 minuts\" \/>\n<script type=\"application\/ld+json\" class=\"yoast-schema-graph\">{\"@context\":\"https:\\\/\\\/schema.org\",\"@graph\":[{\"@type\":\"Article\",\"@id\":\"https:\\\/\\\/diarieducacio.cat\\\/educaciolocal\\\/2022\\\/06\\\/07\\\/flexible-dual-i-de-proximitat-la-nova-cara-de-la-formacio-professional\\\/#article\",\"isPartOf\":{\"@id\":\"https:\\\/\\\/diarieducacio.cat\\\/educaciolocal\\\/2022\\\/06\\\/07\\\/flexible-dual-i-de-proximitat-la-nova-cara-de-la-formacio-professional\\\/\"},\"author\":{\"name\":\"Sandra Vicente\",\"@id\":\"https:\\\/\\\/diarieducacio.cat\\\/educaciolocal\\\/#\\\/schema\\\/person\\\/463dcfae2a9aa7b47cebc06062adf30e\"},\"headline\":\"Flexible, dual i de proximitat, la nova cara de la formaci\u00f3 professional\",\"datePublished\":\"2022-06-07T04:00:30+00:00\",\"dateModified\":\"2024-08-08T08:52:42+00:00\",\"mainEntityOfPage\":{\"@id\":\"https:\\\/\\\/diarieducacio.cat\\\/educaciolocal\\\/2022\\\/06\\\/07\\\/flexible-dual-i-de-proximitat-la-nova-cara-de-la-formacio-professional\\\/\"},\"wordCount\":1674,\"commentCount\":0,\"image\":{\"@id\":\"https:\\\/\\\/diarieducacio.cat\\\/educaciolocal\\\/2022\\\/06\\\/07\\\/flexible-dual-i-de-proximitat-la-nova-cara-de-la-formacio-professional\\\/#primaryimage\"},\"thumbnailUrl\":\"https:\\\/\\\/diarieducacio.cat\\\/educaciolocal\\\/wp-content\\\/uploads\\\/sites\\\/18\\\/2022\\\/06\\\/Centro_de_Formacion_Profesional_8001290659.jpg\",\"keywords\":[\"Formaci\u00f3 Professional\"],\"articleSection\":[\"Actualitat\",\"General\"],\"inLanguage\":\"ca\",\"potentialAction\":[{\"@type\":\"CommentAction\",\"name\":\"Comment\",\"target\":[\"https:\\\/\\\/diarieducacio.cat\\\/educaciolocal\\\/2022\\\/06\\\/07\\\/flexible-dual-i-de-proximitat-la-nova-cara-de-la-formacio-professional\\\/#respond\"]}]},{\"@type\":\"WebPage\",\"@id\":\"https:\\\/\\\/diarieducacio.cat\\\/educaciolocal\\\/2022\\\/06\\\/07\\\/flexible-dual-i-de-proximitat-la-nova-cara-de-la-formacio-professional\\\/\",\"url\":\"https:\\\/\\\/diarieducacio.cat\\\/educaciolocal\\\/2022\\\/06\\\/07\\\/flexible-dual-i-de-proximitat-la-nova-cara-de-la-formacio-professional\\\/\",\"name\":\"Flexible, dual i de proximitat, la nova cara de la formaci\u00f3 professional - El blog de l'educaci\u00f3 local\",\"isPartOf\":{\"@id\":\"https:\\\/\\\/diarieducacio.cat\\\/educaciolocal\\\/#website\"},\"primaryImageOfPage\":{\"@id\":\"https:\\\/\\\/diarieducacio.cat\\\/educaciolocal\\\/2022\\\/06\\\/07\\\/flexible-dual-i-de-proximitat-la-nova-cara-de-la-formacio-professional\\\/#primaryimage\"},\"image\":{\"@id\":\"https:\\\/\\\/diarieducacio.cat\\\/educaciolocal\\\/2022\\\/06\\\/07\\\/flexible-dual-i-de-proximitat-la-nova-cara-de-la-formacio-professional\\\/#primaryimage\"},\"thumbnailUrl\":\"https:\\\/\\\/diarieducacio.cat\\\/educaciolocal\\\/wp-content\\\/uploads\\\/sites\\\/18\\\/2022\\\/06\\\/Centro_de_Formacion_Profesional_8001290659.jpg\",\"datePublished\":\"2022-06-07T04:00:30+00:00\",\"dateModified\":\"2024-08-08T08:52:42+00:00\",\"author\":{\"@id\":\"https:\\\/\\\/diarieducacio.cat\\\/educaciolocal\\\/#\\\/schema\\\/person\\\/463dcfae2a9aa7b47cebc06062adf30e\"},\"breadcrumb\":{\"@id\":\"https:\\\/\\\/diarieducacio.cat\\\/educaciolocal\\\/2022\\\/06\\\/07\\\/flexible-dual-i-de-proximitat-la-nova-cara-de-la-formacio-professional\\\/#breadcrumb\"},\"inLanguage\":\"ca\",\"potentialAction\":[{\"@type\":\"ReadAction\",\"target\":[\"https:\\\/\\\/diarieducacio.cat\\\/educaciolocal\\\/2022\\\/06\\\/07\\\/flexible-dual-i-de-proximitat-la-nova-cara-de-la-formacio-professional\\\/\"]}]},{\"@type\":\"ImageObject\",\"inLanguage\":\"ca\",\"@id\":\"https:\\\/\\\/diarieducacio.cat\\\/educaciolocal\\\/2022\\\/06\\\/07\\\/flexible-dual-i-de-proximitat-la-nova-cara-de-la-formacio-professional\\\/#primaryimage\",\"url\":\"https:\\\/\\\/diarieducacio.cat\\\/educaciolocal\\\/wp-content\\\/uploads\\\/sites\\\/18\\\/2022\\\/06\\\/Centro_de_Formacion_Profesional_8001290659.jpg\",\"contentUrl\":\"https:\\\/\\\/diarieducacio.cat\\\/educaciolocal\\\/wp-content\\\/uploads\\\/sites\\\/18\\\/2022\\\/06\\\/Centro_de_Formacion_Profesional_8001290659.jpg\",\"width\":800,\"height\":533,\"caption\":\"Amb la nova llei, la Formaci\u00f3 Professional ser\u00e0 m\u00e9s personalitzable i flexible | Estela Herrera, Wikimedia Commons\"},{\"@type\":\"BreadcrumbList\",\"@id\":\"https:\\\/\\\/diarieducacio.cat\\\/educaciolocal\\\/2022\\\/06\\\/07\\\/flexible-dual-i-de-proximitat-la-nova-cara-de-la-formacio-professional\\\/#breadcrumb\",\"itemListElement\":[{\"@type\":\"ListItem\",\"position\":1,\"name\":\"Inici\",\"item\":\"https:\\\/\\\/diarieducacio.cat\\\/educaciolocal\\\/\"},{\"@type\":\"ListItem\",\"position\":2,\"name\":\"Flexible, dual i de proximitat, la nova cara de la formaci\u00f3 professional\"}]},{\"@type\":\"WebSite\",\"@id\":\"https:\\\/\\\/diarieducacio.cat\\\/educaciolocal\\\/#website\",\"url\":\"https:\\\/\\\/diarieducacio.cat\\\/educaciolocal\\\/\",\"name\":\"El blog de l'educaci\u00f3 local\",\"description\":\"\",\"potentialAction\":[{\"@type\":\"SearchAction\",\"target\":{\"@type\":\"EntryPoint\",\"urlTemplate\":\"https:\\\/\\\/diarieducacio.cat\\\/educaciolocal\\\/?s={search_term_string}\"},\"query-input\":{\"@type\":\"PropertyValueSpecification\",\"valueRequired\":true,\"valueName\":\"search_term_string\"}}],\"inLanguage\":\"ca\"},{\"@type\":\"Person\",\"@id\":\"https:\\\/\\\/diarieducacio.cat\\\/educaciolocal\\\/#\\\/schema\\\/person\\\/463dcfae2a9aa7b47cebc06062adf30e\",\"name\":\"Sandra Vicente\",\"image\":{\"@type\":\"ImageObject\",\"inLanguage\":\"ca\",\"@id\":\"https:\\\/\\\/secure.gravatar.com\\\/avatar\\\/3dd28ae54eb171998dd82158d419846e897be79c3e08718e1c5003b3e7d1246d?s=96&d=mm&r=g\",\"url\":\"https:\\\/\\\/secure.gravatar.com\\\/avatar\\\/3dd28ae54eb171998dd82158d419846e897be79c3e08718e1c5003b3e7d1246d?s=96&d=mm&r=g\",\"contentUrl\":\"https:\\\/\\\/secure.gravatar.com\\\/avatar\\\/3dd28ae54eb171998dd82158d419846e897be79c3e08718e1c5003b3e7d1246d?s=96&d=mm&r=g\",\"caption\":\"Sandra Vicente\"},\"sameAs\":[\"https:\\\/\\\/x.com\\\/'@Sandra_ViBa\"],\"url\":\"https:\\\/\\\/diarieducacio.cat\\\/educaciolocal\\\/author\\\/svicente\\\/\"}]}<\/script>\n<!-- \/ Yoast SEO plugin. -->","yoast_head_json":{"title":"Flexible, dual i de proximitat, la nova cara de la formaci\u00f3 professional - El blog de l'educaci\u00f3 local","robots":{"index":"index","follow":"follow","max-snippet":"max-snippet:-1","max-image-preview":"max-image-preview:large","max-video-preview":"max-video-preview:-1"},"canonical":"https:\/\/diarieducacio.cat\/educaciolocal\/2022\/06\/07\/flexible-dual-i-de-proximitat-la-nova-cara-de-la-formacio-professional\/","og_locale":"ca_ES","og_type":"article","og_title":"Flexible, dual i de proximitat, la nova cara de la formaci\u00f3 professional - El blog de l'educaci\u00f3 local","og_description":"El mes d&#8217;abril va entrar en vigor la Llei Org\u00e0nica d\u2019Ordenaci\u00f3 i Integraci\u00f3 de la Formaci\u00f3 Professional, un canvi que el sector educatiu feia temps que esperava i que dota de reconeixement aquest itinerari formatiu que, durant anys, ha estat menystingut. Per aix\u00f2, la Diputaci\u00f3 de Barcelona va organitzar el passat dijous la jornada Formaci\u00f3","og_url":"https:\/\/diarieducacio.cat\/educaciolocal\/2022\/06\/07\/flexible-dual-i-de-proximitat-la-nova-cara-de-la-formacio-professional\/","og_site_name":"El blog de l'educaci\u00f3 local","article_publisher":"https:\/\/www.facebook.com\/diarieducacio\/","article_published_time":"2022-06-07T04:00:30+00:00","article_modified_time":"2024-08-08T08:52:42+00:00","og_image":[{"width":800,"height":533,"url":"https:\/\/diarieducacio.cat\/educaciolocal\/wp-content\/uploads\/sites\/18\/2022\/06\/Centro_de_Formacion_Profesional_8001290659.jpg","type":"image\/jpeg"}],"author":"Sandra Vicente","twitter_card":"summary_large_image","twitter_creator":"@'@Sandra_ViBa","twitter_site":"@DiariEducacio","twitter_misc":{"Escrit per":"Sandra Vicente","Temps estimat de lectura":"8 minuts"},"schema":{"@context":"https:\/\/schema.org","@graph":[{"@type":"Article","@id":"https:\/\/diarieducacio.cat\/educaciolocal\/2022\/06\/07\/flexible-dual-i-de-proximitat-la-nova-cara-de-la-formacio-professional\/#article","isPartOf":{"@id":"https:\/\/diarieducacio.cat\/educaciolocal\/2022\/06\/07\/flexible-dual-i-de-proximitat-la-nova-cara-de-la-formacio-professional\/"},"author":{"name":"Sandra Vicente","@id":"https:\/\/diarieducacio.cat\/educaciolocal\/#\/schema\/person\/463dcfae2a9aa7b47cebc06062adf30e"},"headline":"Flexible, dual i de proximitat, la nova cara de la formaci\u00f3 professional","datePublished":"2022-06-07T04:00:30+00:00","dateModified":"2024-08-08T08:52:42+00:00","mainEntityOfPage":{"@id":"https:\/\/diarieducacio.cat\/educaciolocal\/2022\/06\/07\/flexible-dual-i-de-proximitat-la-nova-cara-de-la-formacio-professional\/"},"wordCount":1674,"commentCount":0,"image":{"@id":"https:\/\/diarieducacio.cat\/educaciolocal\/2022\/06\/07\/flexible-dual-i-de-proximitat-la-nova-cara-de-la-formacio-professional\/#primaryimage"},"thumbnailUrl":"https:\/\/diarieducacio.cat\/educaciolocal\/wp-content\/uploads\/sites\/18\/2022\/06\/Centro_de_Formacion_Profesional_8001290659.jpg","keywords":["Formaci\u00f3 Professional"],"articleSection":["Actualitat","General"],"inLanguage":"ca","potentialAction":[{"@type":"CommentAction","name":"Comment","target":["https:\/\/diarieducacio.cat\/educaciolocal\/2022\/06\/07\/flexible-dual-i-de-proximitat-la-nova-cara-de-la-formacio-professional\/#respond"]}]},{"@type":"WebPage","@id":"https:\/\/diarieducacio.cat\/educaciolocal\/2022\/06\/07\/flexible-dual-i-de-proximitat-la-nova-cara-de-la-formacio-professional\/","url":"https:\/\/diarieducacio.cat\/educaciolocal\/2022\/06\/07\/flexible-dual-i-de-proximitat-la-nova-cara-de-la-formacio-professional\/","name":"Flexible, dual i de proximitat, la nova cara de la formaci\u00f3 professional - El blog de l'educaci\u00f3 local","isPartOf":{"@id":"https:\/\/diarieducacio.cat\/educaciolocal\/#website"},"primaryImageOfPage":{"@id":"https:\/\/diarieducacio.cat\/educaciolocal\/2022\/06\/07\/flexible-dual-i-de-proximitat-la-nova-cara-de-la-formacio-professional\/#primaryimage"},"image":{"@id":"https:\/\/diarieducacio.cat\/educaciolocal\/2022\/06\/07\/flexible-dual-i-de-proximitat-la-nova-cara-de-la-formacio-professional\/#primaryimage"},"thumbnailUrl":"https:\/\/diarieducacio.cat\/educaciolocal\/wp-content\/uploads\/sites\/18\/2022\/06\/Centro_de_Formacion_Profesional_8001290659.jpg","datePublished":"2022-06-07T04:00:30+00:00","dateModified":"2024-08-08T08:52:42+00:00","author":{"@id":"https:\/\/diarieducacio.cat\/educaciolocal\/#\/schema\/person\/463dcfae2a9aa7b47cebc06062adf30e"},"breadcrumb":{"@id":"https:\/\/diarieducacio.cat\/educaciolocal\/2022\/06\/07\/flexible-dual-i-de-proximitat-la-nova-cara-de-la-formacio-professional\/#breadcrumb"},"inLanguage":"ca","potentialAction":[{"@type":"ReadAction","target":["https:\/\/diarieducacio.cat\/educaciolocal\/2022\/06\/07\/flexible-dual-i-de-proximitat-la-nova-cara-de-la-formacio-professional\/"]}]},{"@type":"ImageObject","inLanguage":"ca","@id":"https:\/\/diarieducacio.cat\/educaciolocal\/2022\/06\/07\/flexible-dual-i-de-proximitat-la-nova-cara-de-la-formacio-professional\/#primaryimage","url":"https:\/\/diarieducacio.cat\/educaciolocal\/wp-content\/uploads\/sites\/18\/2022\/06\/Centro_de_Formacion_Profesional_8001290659.jpg","contentUrl":"https:\/\/diarieducacio.cat\/educaciolocal\/wp-content\/uploads\/sites\/18\/2022\/06\/Centro_de_Formacion_Profesional_8001290659.jpg","width":800,"height":533,"caption":"Amb la nova llei, la Formaci\u00f3 Professional ser\u00e0 m\u00e9s personalitzable i flexible | Estela Herrera, Wikimedia Commons"},{"@type":"BreadcrumbList","@id":"https:\/\/diarieducacio.cat\/educaciolocal\/2022\/06\/07\/flexible-dual-i-de-proximitat-la-nova-cara-de-la-formacio-professional\/#breadcrumb","itemListElement":[{"@type":"ListItem","position":1,"name":"Inici","item":"https:\/\/diarieducacio.cat\/educaciolocal\/"},{"@type":"ListItem","position":2,"name":"Flexible, dual i de proximitat, la nova cara de la formaci\u00f3 professional"}]},{"@type":"WebSite","@id":"https:\/\/diarieducacio.cat\/educaciolocal\/#website","url":"https:\/\/diarieducacio.cat\/educaciolocal\/","name":"El blog de l'educaci\u00f3 local","description":"","potentialAction":[{"@type":"SearchAction","target":{"@type":"EntryPoint","urlTemplate":"https:\/\/diarieducacio.cat\/educaciolocal\/?s={search_term_string}"},"query-input":{"@type":"PropertyValueSpecification","valueRequired":true,"valueName":"search_term_string"}}],"inLanguage":"ca"},{"@type":"Person","@id":"https:\/\/diarieducacio.cat\/educaciolocal\/#\/schema\/person\/463dcfae2a9aa7b47cebc06062adf30e","name":"Sandra Vicente","image":{"@type":"ImageObject","inLanguage":"ca","@id":"https:\/\/secure.gravatar.com\/avatar\/3dd28ae54eb171998dd82158d419846e897be79c3e08718e1c5003b3e7d1246d?s=96&d=mm&r=g","url":"https:\/\/secure.gravatar.com\/avatar\/3dd28ae54eb171998dd82158d419846e897be79c3e08718e1c5003b3e7d1246d?s=96&d=mm&r=g","contentUrl":"https:\/\/secure.gravatar.com\/avatar\/3dd28ae54eb171998dd82158d419846e897be79c3e08718e1c5003b3e7d1246d?s=96&d=mm&r=g","caption":"Sandra Vicente"},"sameAs":["https:\/\/x.com\/'@Sandra_ViBa"],"url":"https:\/\/diarieducacio.cat\/educaciolocal\/author\/svicente\/"}]}},"_links":{"self":[{"href":"https:\/\/diarieducacio.cat\/educaciolocal\/wp-json\/wp\/v2\/posts\/3296","targetHints":{"allow":["GET"]}}],"collection":[{"href":"https:\/\/diarieducacio.cat\/educaciolocal\/wp-json\/wp\/v2\/posts"}],"about":[{"href":"https:\/\/diarieducacio.cat\/educaciolocal\/wp-json\/wp\/v2\/types\/post"}],"author":[{"embeddable":true,"href":"https:\/\/diarieducacio.cat\/educaciolocal\/wp-json\/wp\/v2\/users\/44"}],"replies":[{"embeddable":true,"href":"https:\/\/diarieducacio.cat\/educaciolocal\/wp-json\/wp\/v2\/comments?post=3296"}],"version-history":[{"count":1,"href":"https:\/\/diarieducacio.cat\/educaciolocal\/wp-json\/wp\/v2\/posts\/3296\/revisions"}],"predecessor-version":[{"id":4302,"href":"https:\/\/diarieducacio.cat\/educaciolocal\/wp-json\/wp\/v2\/posts\/3296\/revisions\/4302"}],"wp:featuredmedia":[{"embeddable":true,"href":"https:\/\/diarieducacio.cat\/educaciolocal\/wp-json\/wp\/v2\/media\/3297"}],"wp:attachment":[{"href":"https:\/\/diarieducacio.cat\/educaciolocal\/wp-json\/wp\/v2\/media?parent=3296"}],"wp:term":[{"taxonomy":"category","embeddable":true,"href":"https:\/\/diarieducacio.cat\/educaciolocal\/wp-json\/wp\/v2\/categories?post=3296"},{"taxonomy":"post_tag","embeddable":true,"href":"https:\/\/diarieducacio.cat\/educaciolocal\/wp-json\/wp\/v2\/tags?post=3296"},{"taxonomy":"tipo","embeddable":true,"href":"https:\/\/diarieducacio.cat\/educaciolocal\/wp-json\/wp\/v2\/tipo?post=3296"}],"curies":[{"name":"wp","href":"https:\/\/api.w.org\/{rel}","templated":true}]}}