{"id":3320,"date":"2022-06-16T21:55:36","date_gmt":"2022-06-16T21:55:36","guid":{"rendered":"https:\/\/diarieducacio.cat\/educaciolocal\/?p=3320"},"modified":"2024-08-08T10:52:42","modified_gmt":"2024-08-08T08:52:42","slug":"escoles-verdes-treballar-la-sostenibilitat-molt-mes-enlla-del-reciclatge","status":"publish","type":"post","link":"https:\/\/diarieducacio.cat\/educaciolocal\/2022\/06\/16\/escoles-verdes-treballar-la-sostenibilitat-molt-mes-enlla-del-reciclatge\/","title":{"rendered":"Escoles Verdes, treballar la sostenibilitat molt m\u00e9s enll\u00e0 del reciclatge"},"content":{"rendered":"<p>Els centres educatius s\u00f3n espais d&#8217;aprenentatge en la seva m\u00e0xima expressi\u00f3. Ja fa anys que se sap que no nom\u00e9s s&#8217;adquireixen coneixements d&#8217;un llibre de text, al igual que s&#8217;ha acceptat que all\u00f2 que s&#8217;apr\u00e9n a l&#8217;escola no \u00e9s nom\u00e9s relatiu a les assignatures troncals. Hi ha tot d&#8217;elements a l&#8217;entorn escolar que poden fomentar l&#8217;adquisici\u00f3 de noves compet\u00e8ncies, coneixements i valors. Per aix\u00f2, cada vegada hi ha m\u00e9s centres que cuiden del seu entorn per convertir-lo en un espai inclusiu, igualitari i sostenible mediambientalment.<\/p>\n<p>S\u00f3n moltes les activitats i les propostes que es poden fer en l&#8217;\u00e0mbit de l&#8217;educaci\u00f3 per la sostenibilitat, que pret\u00e9n conscienciar els nens i nenes, des de ben petits, dels reptes ecol\u00f2gics que t\u00e9 el planeta, aix\u00ed com de la import\u00e0ncia i responsabilitat humana de cuidar el medi i l&#8217;entorn m\u00e9s proper. I, en aquesta \u00e0rea, les possibilitats s\u00f3n infinites.<\/p>\n<p>\u201cEl primer que es pensa quan sentim a parlar d&#8217;educaci\u00f3 per la sostenibilitat \u00e9s en reciclar. Aix\u00f2 est\u00e0 molt b\u00e9, per\u00f2 la majoria d&#8217;escoles fan molt m\u00e9s pel medi ambient, encara que no en siguin conscients\u201d, explica Francesca Gil, directora de la llar d&#8217;Infants Rojas Feliu. Aquesta escola es troba als afores de Santa Coloma de Cervell\u00f3, en un entorn que el seu equip docent descriu com a \u201cprivilegiat\u201d. I no \u00e9s per menys, doncs estan envoltats d&#8217;arbres i natura, a tocar del bosc.<\/p>\n<p>Aquesta situaci\u00f3 els d\u00f3na totes les facilitats per treballar la sostenibilitat de manera integrada i transversal. \u201cAprofitem tot el suc que ens d\u00f3na l&#8217;entorn. Des dels coneixements del ve\u00efnat, fins a equipaments com les biblioteques\u201d, explica Anna Berral, mestra de l&#8217;escola i responsable de les activitats mediambientals. \u00c9s aquesta passi\u00f3 per la natura que els envolta el que va dur aquest centre a integrar-se a la <a href=\"https:\/\/mediambient.gencat.cat\/ca\/05_ambits_dactuacio\/educacio_i_sostenibilitat\/educacio_per_a_la_sostenibilitat\/escoles_verdes\/\">xarxa d&#8217;Escoles Verdes<\/a>, una iniciativa promoguda per la Generalitat que <a href=\"http:\/\/projects.mcrit.com\/accio\">posa en contacte les escoles que duen a terme activitats sostenibles<\/a> i que, alhora, reconeix el seu esfor\u00e7.<\/p>\n<figure id=\"attachment_3322\" aria-describedby=\"caption-attachment-3322\" style=\"width: 2000px\" class=\"wp-caption alignnone\"><img fetchpriority=\"high\" decoding=\"async\" class=\"wp-image-3322 size-full\" src=\"https:\/\/nostalgic-ishizaka.82-223-1-47.plesk.page\/educaciolocal\/wp-content\/uploads\/sites\/18\/2022\/06\/IMG_20211117_100325_376-1.jpg\" alt=\"\" width=\"2000\" height=\"1500\" \/><figcaption id=\"caption-attachment-3322\" class=\"wp-caption-text\">Els infants van al bosc acompanyats d&#8217;un boletaire, ve\u00ed del municipi | Fotografia cedida pel centre<\/figcaption><\/figure>\n<p>\u201cAl principi espanta per tota la paperassa, per\u00f2 despr\u00e9s val molt la pena. T&#8217;ajuda a concretar les activitats que vols fer i el fet de poder compartir amb altres centres ens d\u00f3na moltes idees. A m\u00e9s, el reconeixement que rebem ens d\u00f3na visibilitat i fa que les fam\u00edlies s&#8217;interessin m\u00e9s\u201d, explica Gil. I \u00e9s que aquesta escola bressol, arran d&#8217;estar a la xarxa d&#8217;Escoles Verdes, ha incrementat molt les activitats relacionades amb la natura i n&#8217;ha arribat a desenvolupar una quinzena.<\/p>\n<h3><b>Un respecte que es traspassa<\/b><\/h3>\n<p>Entre les activitats de l&#8217;escola Rojas Feliu, n&#8217;hi ha que podria fer qualsevol centre de Catalunya, com ara promoure les carmanyoles o reduir el consum de pl\u00e0stic. Per\u00f2 n&#8217;hi ha d&#8217;altres que estan molt relacionades amb l&#8217;entorn particular del centre. Per exemple, aprofiten la saviesa del ve\u00efnat, que els acompanya a collir bolets. Tamb\u00e9 van comptar amb l&#8217;ajuda d&#8217;un grup d&#8217;avis del poble, que va ajudar-los a construir caixes-niu pels ocells.<\/p>\n<p>Aquesta s&#8217;ha convertit en una de les activitats ins\u00edgnia de l&#8217;escola, tant que \u00e9s gaireb\u00e9 un projecte de centre. Arran de la construcci\u00f3 dels nius, van seguir investigant sobre la vida dels ocells i, fins i tot, van comptar amb la visita d&#8217;un ornit\u00f2leg o l&#8217;ajuda de la biblioteca, que els va proveir de llibres sobre la mat\u00e8ria adaptats a infants.<\/p>\n<p>Aquestes activitats no nom\u00e9s van fer que els nens i nenes tinguessin m\u00e9s coneixements sobre la flora i fauna del seu entorn, sin\u00f3 que \u201cels deixen una impremta\u201d, tal com assegura Berral. I \u00e9s que \u201csi els aprenentatges s\u00f3n vivencials, els interioritzes i hi ha moltes coses que no cal que t&#8217;expliquin\u201d, afegeix la mestra. Aix\u00ed, des d&#8217;aquesta escola asseguren que ja han vist que els infants han canviat certes actituds i mostren m\u00e9s respecte per la natura. Per exemple, van amb compte de no trepitjar formigues ni plantes. \u201cA l&#8217;hora del pati, veus que ja ning\u00fa corre per sobre de l&#8217;hort\u201d, diuen.<\/p>\n<figure id=\"attachment_3323\" aria-describedby=\"caption-attachment-3323\" style=\"width: 1600px\" class=\"wp-caption alignnone\"><img decoding=\"async\" class=\"wp-image-3323 size-full\" src=\"https:\/\/nostalgic-ishizaka.82-223-1-47.plesk.page\/educaciolocal\/wp-content\/uploads\/sites\/18\/2022\/06\/WhatsApp-Image-2022-06-13-at-18.52.30-1.jpeg\" alt=\"\" width=\"1600\" height=\"1200\" \/><figcaption id=\"caption-attachment-3323\" class=\"wp-caption-text\">L&#8217;escola va col\u00b7locar caixes-niu per tot el bosc | Fotografia cedida pel centre<\/figcaption><\/figure>\n<p>Igualment, tamb\u00e9 han assolit un grau de responsabilitat pel que fa a mantenir els entorns naturals. \u201cQuan anem passejant pel bosc, ens aturem a recollir pl\u00e0stics que veiem tirats pel terra\u201d, diuen les mestres. I aquest inter\u00e8s no es queda nom\u00e9s a les criatures, sin\u00f3 que es traspassa a les seves fam\u00edlies. De fet, l&#8217;AFA del centre va promoure anar a fer una batuda per recollir brossa del bosc, arran del qu\u00e8 explicaven els infants a les seves llars.<\/p>\n<p>\u201cHi ha fam\u00edlies molt conscienciades, sobretot pel que fa a l&#8217;alimentaci\u00f3 i l&#8217;\u00fas dels pl\u00e0stics. El m\u00e9s bonic de ser una Escola Verda que est\u00e0 en xarxa \u00e9s que entre tots i totes ens estirem per millorar\u201d, diu Gil. En la mateixa l\u00ednia s&#8217;expressa Berral, que apunta que la xarxa \u201cserveix per motivar-nos i per donar-nos idees d&#8217;activitats que poden ser engrescadores\u201d.<\/p>\n<p>I aix\u00f2 serveix per qualsevol escola, centre esportiu o casal d&#8217;infants. I tampoc cal tenir el bosc tan a tocar com la llar Rojas Feliu per dur la sostenibilitat al centre del projecte. Qualsevol espai educatiu t\u00e9 potencialitats per convertir-se en una zona segura, inclusiva i sostenible. Des de refugis clim\u00e0tics fins a horts, qualsevol idea \u00e9s v\u00e0lida per treballar el medi ambient. \u201cNom\u00e9s cal treballar-la en xarxa i tenir-ne ganes\u201d, asseguren des d&#8217;aquesta escola.<\/p>\n","protected":false},"excerpt":{"rendered":"<p>Els centres educatius s\u00f3n espais d&#8217;aprenentatge en la seva m\u00e0xima expressi\u00f3. Ja fa anys que se sap que no nom\u00e9s s&#8217;adquireixen coneixements d&#8217;un llibre de text, al igual que s&#8217;ha acceptat que all\u00f2 que s&#8217;apr\u00e9n a l&#8217;escola no \u00e9s nom\u00e9s relatiu a les assignatures troncals. Hi ha tot d&#8217;elements a l&#8217;entorn escolar que poden fomentar<\/p>\n","protected":false},"author":44,"featured_media":3322,"comment_status":"open","ping_status":"closed","sticky":false,"template":"","format":"standard","meta":{"footnotes":""},"categories":[119,138,262,225,123,236,139,263,450],"tags":[332,333],"tipo":[394],"class_list":{"0":"post-3320","1":"post","2":"type-post","3":"status-publish","4":"format-standard","5":"has-post-thumbnail","7":"category-centres-educatius","8":"category-coeducacio","9":"category-educacio-emocional","10":"category-educacio-infantil","11":"category-escoles-bressol-municipals","12":"category-formacio","13":"category-igualtat","14":"category-infants","15":"category-reportatge","16":"tag-educacio-per-la-sostenibilitat","17":"tag-equipaments-responsables","18":"tipo-reportatge"},"yoast_head":"<!-- This site is optimized with the Yoast SEO plugin v27.4 - https:\/\/yoast.com\/product\/yoast-seo-wordpress\/ -->\n<title>Escoles Verdes, treballar la sostenibilitat molt m\u00e9s enll\u00e0 del reciclatge - El blog de l&#039;educaci\u00f3 local<\/title>\n<meta name=\"robots\" content=\"index, follow, max-snippet:-1, max-image-preview:large, max-video-preview:-1\" \/>\n<link rel=\"canonical\" href=\"https:\/\/diarieducacio.cat\/educaciolocal\/2022\/06\/16\/escoles-verdes-treballar-la-sostenibilitat-molt-mes-enlla-del-reciclatge\/\" \/>\n<meta property=\"og:locale\" content=\"ca_ES\" \/>\n<meta property=\"og:type\" content=\"article\" \/>\n<meta property=\"og:title\" content=\"Escoles Verdes, treballar la sostenibilitat molt m\u00e9s enll\u00e0 del reciclatge - El blog de l&#039;educaci\u00f3 local\" \/>\n<meta property=\"og:description\" content=\"Els centres educatius s\u00f3n espais d&#8217;aprenentatge en la seva m\u00e0xima expressi\u00f3. Ja fa anys que se sap que no nom\u00e9s s&#8217;adquireixen coneixements d&#8217;un llibre de text, al igual que s&#8217;ha acceptat que all\u00f2 que s&#8217;apr\u00e9n a l&#8217;escola no \u00e9s nom\u00e9s relatiu a les assignatures troncals. Hi ha tot d&#8217;elements a l&#8217;entorn escolar que poden fomentar\" \/>\n<meta property=\"og:url\" content=\"https:\/\/diarieducacio.cat\/educaciolocal\/2022\/06\/16\/escoles-verdes-treballar-la-sostenibilitat-molt-mes-enlla-del-reciclatge\/\" \/>\n<meta property=\"og:site_name\" content=\"El blog de l&#039;educaci\u00f3 local\" \/>\n<meta property=\"article:publisher\" content=\"https:\/\/www.facebook.com\/diarieducacio\/\" \/>\n<meta property=\"article:published_time\" content=\"2022-06-16T21:55:36+00:00\" \/>\n<meta property=\"article:modified_time\" content=\"2024-08-08T08:52:42+00:00\" \/>\n<meta property=\"og:image\" content=\"https:\/\/diarieducacio.cat\/educaciolocal\/wp-content\/uploads\/sites\/18\/2022\/06\/IMG_6621-1-1.jpg\" \/>\n\t<meta property=\"og:image:width\" content=\"640\" \/>\n\t<meta property=\"og:image:height\" content=\"480\" \/>\n\t<meta property=\"og:image:type\" content=\"image\/jpeg\" \/>\n<meta name=\"author\" content=\"Sandra Vicente\" \/>\n<meta name=\"twitter:card\" content=\"summary_large_image\" \/>\n<meta name=\"twitter:creator\" content=\"@&#039;@Sandra_ViBa\" \/>\n<meta name=\"twitter:site\" content=\"@DiariEducacio\" \/>\n<meta name=\"twitter:label1\" content=\"Escrit per\" \/>\n\t<meta name=\"twitter:data1\" content=\"Sandra Vicente\" \/>\n\t<meta name=\"twitter:label2\" content=\"Temps estimat de lectura\" \/>\n\t<meta name=\"twitter:data2\" content=\"5 minuts\" \/>\n<script type=\"application\/ld+json\" class=\"yoast-schema-graph\">{\"@context\":\"https:\\\/\\\/schema.org\",\"@graph\":[{\"@type\":\"Article\",\"@id\":\"https:\\\/\\\/diarieducacio.cat\\\/educaciolocal\\\/2022\\\/06\\\/16\\\/escoles-verdes-treballar-la-sostenibilitat-molt-mes-enlla-del-reciclatge\\\/#article\",\"isPartOf\":{\"@id\":\"https:\\\/\\\/diarieducacio.cat\\\/educaciolocal\\\/2022\\\/06\\\/16\\\/escoles-verdes-treballar-la-sostenibilitat-molt-mes-enlla-del-reciclatge\\\/\"},\"author\":{\"name\":\"Sandra Vicente\",\"@id\":\"https:\\\/\\\/diarieducacio.cat\\\/educaciolocal\\\/#\\\/schema\\\/person\\\/463dcfae2a9aa7b47cebc06062adf30e\"},\"headline\":\"Escoles Verdes, treballar la sostenibilitat molt m\u00e9s enll\u00e0 del reciclatge\",\"datePublished\":\"2022-06-16T21:55:36+00:00\",\"dateModified\":\"2024-08-08T08:52:42+00:00\",\"mainEntityOfPage\":{\"@id\":\"https:\\\/\\\/diarieducacio.cat\\\/educaciolocal\\\/2022\\\/06\\\/16\\\/escoles-verdes-treballar-la-sostenibilitat-molt-mes-enlla-del-reciclatge\\\/\"},\"wordCount\":1005,\"commentCount\":0,\"image\":{\"@id\":\"https:\\\/\\\/diarieducacio.cat\\\/educaciolocal\\\/2022\\\/06\\\/16\\\/escoles-verdes-treballar-la-sostenibilitat-molt-mes-enlla-del-reciclatge\\\/#primaryimage\"},\"thumbnailUrl\":\"https:\\\/\\\/diarieducacio.cat\\\/educaciolocal\\\/wp-content\\\/uploads\\\/sites\\\/18\\\/2022\\\/06\\\/IMG_6621-1-1.jpg\",\"keywords\":[\"Educaci\u00f3 per la sostenibilitat\",\"Equipaments responsables\"],\"articleSection\":[\"Centres educatius\",\"Coeducaci\u00f3\",\"Educaci\u00f3 emocional\",\"Educaci\u00f3 infantil\",\"Escoles bressol municipals\",\"Formaci\u00f3\",\"Igualtat\",\"Infants\",\"Reportatge\"],\"inLanguage\":\"ca\",\"potentialAction\":[{\"@type\":\"CommentAction\",\"name\":\"Comment\",\"target\":[\"https:\\\/\\\/diarieducacio.cat\\\/educaciolocal\\\/2022\\\/06\\\/16\\\/escoles-verdes-treballar-la-sostenibilitat-molt-mes-enlla-del-reciclatge\\\/#respond\"]}]},{\"@type\":\"WebPage\",\"@id\":\"https:\\\/\\\/diarieducacio.cat\\\/educaciolocal\\\/2022\\\/06\\\/16\\\/escoles-verdes-treballar-la-sostenibilitat-molt-mes-enlla-del-reciclatge\\\/\",\"url\":\"https:\\\/\\\/diarieducacio.cat\\\/educaciolocal\\\/2022\\\/06\\\/16\\\/escoles-verdes-treballar-la-sostenibilitat-molt-mes-enlla-del-reciclatge\\\/\",\"name\":\"Escoles Verdes, treballar la sostenibilitat molt m\u00e9s enll\u00e0 del reciclatge - El blog de l'educaci\u00f3 local\",\"isPartOf\":{\"@id\":\"https:\\\/\\\/diarieducacio.cat\\\/educaciolocal\\\/#website\"},\"primaryImageOfPage\":{\"@id\":\"https:\\\/\\\/diarieducacio.cat\\\/educaciolocal\\\/2022\\\/06\\\/16\\\/escoles-verdes-treballar-la-sostenibilitat-molt-mes-enlla-del-reciclatge\\\/#primaryimage\"},\"image\":{\"@id\":\"https:\\\/\\\/diarieducacio.cat\\\/educaciolocal\\\/2022\\\/06\\\/16\\\/escoles-verdes-treballar-la-sostenibilitat-molt-mes-enlla-del-reciclatge\\\/#primaryimage\"},\"thumbnailUrl\":\"https:\\\/\\\/diarieducacio.cat\\\/educaciolocal\\\/wp-content\\\/uploads\\\/sites\\\/18\\\/2022\\\/06\\\/IMG_6621-1-1.jpg\",\"datePublished\":\"2022-06-16T21:55:36+00:00\",\"dateModified\":\"2024-08-08T08:52:42+00:00\",\"author\":{\"@id\":\"https:\\\/\\\/diarieducacio.cat\\\/educaciolocal\\\/#\\\/schema\\\/person\\\/463dcfae2a9aa7b47cebc06062adf30e\"},\"breadcrumb\":{\"@id\":\"https:\\\/\\\/diarieducacio.cat\\\/educaciolocal\\\/2022\\\/06\\\/16\\\/escoles-verdes-treballar-la-sostenibilitat-molt-mes-enlla-del-reciclatge\\\/#breadcrumb\"},\"inLanguage\":\"ca\",\"potentialAction\":[{\"@type\":\"ReadAction\",\"target\":[\"https:\\\/\\\/diarieducacio.cat\\\/educaciolocal\\\/2022\\\/06\\\/16\\\/escoles-verdes-treballar-la-sostenibilitat-molt-mes-enlla-del-reciclatge\\\/\"]}]},{\"@type\":\"ImageObject\",\"inLanguage\":\"ca\",\"@id\":\"https:\\\/\\\/diarieducacio.cat\\\/educaciolocal\\\/2022\\\/06\\\/16\\\/escoles-verdes-treballar-la-sostenibilitat-molt-mes-enlla-del-reciclatge\\\/#primaryimage\",\"url\":\"https:\\\/\\\/diarieducacio.cat\\\/educaciolocal\\\/wp-content\\\/uploads\\\/sites\\\/18\\\/2022\\\/06\\\/IMG_6621-1-1.jpg\",\"contentUrl\":\"https:\\\/\\\/diarieducacio.cat\\\/educaciolocal\\\/wp-content\\\/uploads\\\/sites\\\/18\\\/2022\\\/06\\\/IMG_6621-1-1.jpg\",\"width\":640,\"height\":480,\"caption\":\"El treball amb l'hort \u00e9s una de les activitats verdes de l'escola Rojas Feliu | Fotografia cedida pel centre\"},{\"@type\":\"BreadcrumbList\",\"@id\":\"https:\\\/\\\/diarieducacio.cat\\\/educaciolocal\\\/2022\\\/06\\\/16\\\/escoles-verdes-treballar-la-sostenibilitat-molt-mes-enlla-del-reciclatge\\\/#breadcrumb\",\"itemListElement\":[{\"@type\":\"ListItem\",\"position\":1,\"name\":\"Inici\",\"item\":\"https:\\\/\\\/diarieducacio.cat\\\/educaciolocal\\\/\"},{\"@type\":\"ListItem\",\"position\":2,\"name\":\"Escoles Verdes, treballar la sostenibilitat molt m\u00e9s enll\u00e0 del reciclatge\"}]},{\"@type\":\"WebSite\",\"@id\":\"https:\\\/\\\/diarieducacio.cat\\\/educaciolocal\\\/#website\",\"url\":\"https:\\\/\\\/diarieducacio.cat\\\/educaciolocal\\\/\",\"name\":\"El blog de l'educaci\u00f3 local\",\"description\":\"\",\"potentialAction\":[{\"@type\":\"SearchAction\",\"target\":{\"@type\":\"EntryPoint\",\"urlTemplate\":\"https:\\\/\\\/diarieducacio.cat\\\/educaciolocal\\\/?s={search_term_string}\"},\"query-input\":{\"@type\":\"PropertyValueSpecification\",\"valueRequired\":true,\"valueName\":\"search_term_string\"}}],\"inLanguage\":\"ca\"},{\"@type\":\"Person\",\"@id\":\"https:\\\/\\\/diarieducacio.cat\\\/educaciolocal\\\/#\\\/schema\\\/person\\\/463dcfae2a9aa7b47cebc06062adf30e\",\"name\":\"Sandra Vicente\",\"image\":{\"@type\":\"ImageObject\",\"inLanguage\":\"ca\",\"@id\":\"https:\\\/\\\/secure.gravatar.com\\\/avatar\\\/3dd28ae54eb171998dd82158d419846e897be79c3e08718e1c5003b3e7d1246d?s=96&d=mm&r=g\",\"url\":\"https:\\\/\\\/secure.gravatar.com\\\/avatar\\\/3dd28ae54eb171998dd82158d419846e897be79c3e08718e1c5003b3e7d1246d?s=96&d=mm&r=g\",\"contentUrl\":\"https:\\\/\\\/secure.gravatar.com\\\/avatar\\\/3dd28ae54eb171998dd82158d419846e897be79c3e08718e1c5003b3e7d1246d?s=96&d=mm&r=g\",\"caption\":\"Sandra Vicente\"},\"sameAs\":[\"https:\\\/\\\/x.com\\\/'@Sandra_ViBa\"],\"url\":\"https:\\\/\\\/diarieducacio.cat\\\/educaciolocal\\\/author\\\/svicente\\\/\"}]}<\/script>\n<!-- \/ Yoast SEO plugin. -->","yoast_head_json":{"title":"Escoles Verdes, treballar la sostenibilitat molt m\u00e9s enll\u00e0 del reciclatge - El blog de l'educaci\u00f3 local","robots":{"index":"index","follow":"follow","max-snippet":"max-snippet:-1","max-image-preview":"max-image-preview:large","max-video-preview":"max-video-preview:-1"},"canonical":"https:\/\/diarieducacio.cat\/educaciolocal\/2022\/06\/16\/escoles-verdes-treballar-la-sostenibilitat-molt-mes-enlla-del-reciclatge\/","og_locale":"ca_ES","og_type":"article","og_title":"Escoles Verdes, treballar la sostenibilitat molt m\u00e9s enll\u00e0 del reciclatge - El blog de l'educaci\u00f3 local","og_description":"Els centres educatius s\u00f3n espais d&#8217;aprenentatge en la seva m\u00e0xima expressi\u00f3. Ja fa anys que se sap que no nom\u00e9s s&#8217;adquireixen coneixements d&#8217;un llibre de text, al igual que s&#8217;ha acceptat que all\u00f2 que s&#8217;apr\u00e9n a l&#8217;escola no \u00e9s nom\u00e9s relatiu a les assignatures troncals. Hi ha tot d&#8217;elements a l&#8217;entorn escolar que poden fomentar","og_url":"https:\/\/diarieducacio.cat\/educaciolocal\/2022\/06\/16\/escoles-verdes-treballar-la-sostenibilitat-molt-mes-enlla-del-reciclatge\/","og_site_name":"El blog de l'educaci\u00f3 local","article_publisher":"https:\/\/www.facebook.com\/diarieducacio\/","article_published_time":"2022-06-16T21:55:36+00:00","article_modified_time":"2024-08-08T08:52:42+00:00","og_image":[{"width":640,"height":480,"url":"https:\/\/diarieducacio.cat\/educaciolocal\/wp-content\/uploads\/sites\/18\/2022\/06\/IMG_6621-1-1.jpg","type":"image\/jpeg"}],"author":"Sandra Vicente","twitter_card":"summary_large_image","twitter_creator":"@'@Sandra_ViBa","twitter_site":"@DiariEducacio","twitter_misc":{"Escrit per":"Sandra Vicente","Temps estimat de lectura":"5 minuts"},"schema":{"@context":"https:\/\/schema.org","@graph":[{"@type":"Article","@id":"https:\/\/diarieducacio.cat\/educaciolocal\/2022\/06\/16\/escoles-verdes-treballar-la-sostenibilitat-molt-mes-enlla-del-reciclatge\/#article","isPartOf":{"@id":"https:\/\/diarieducacio.cat\/educaciolocal\/2022\/06\/16\/escoles-verdes-treballar-la-sostenibilitat-molt-mes-enlla-del-reciclatge\/"},"author":{"name":"Sandra Vicente","@id":"https:\/\/diarieducacio.cat\/educaciolocal\/#\/schema\/person\/463dcfae2a9aa7b47cebc06062adf30e"},"headline":"Escoles Verdes, treballar la sostenibilitat molt m\u00e9s enll\u00e0 del reciclatge","datePublished":"2022-06-16T21:55:36+00:00","dateModified":"2024-08-08T08:52:42+00:00","mainEntityOfPage":{"@id":"https:\/\/diarieducacio.cat\/educaciolocal\/2022\/06\/16\/escoles-verdes-treballar-la-sostenibilitat-molt-mes-enlla-del-reciclatge\/"},"wordCount":1005,"commentCount":0,"image":{"@id":"https:\/\/diarieducacio.cat\/educaciolocal\/2022\/06\/16\/escoles-verdes-treballar-la-sostenibilitat-molt-mes-enlla-del-reciclatge\/#primaryimage"},"thumbnailUrl":"https:\/\/diarieducacio.cat\/educaciolocal\/wp-content\/uploads\/sites\/18\/2022\/06\/IMG_6621-1-1.jpg","keywords":["Educaci\u00f3 per la sostenibilitat","Equipaments responsables"],"articleSection":["Centres educatius","Coeducaci\u00f3","Educaci\u00f3 emocional","Educaci\u00f3 infantil","Escoles bressol municipals","Formaci\u00f3","Igualtat","Infants","Reportatge"],"inLanguage":"ca","potentialAction":[{"@type":"CommentAction","name":"Comment","target":["https:\/\/diarieducacio.cat\/educaciolocal\/2022\/06\/16\/escoles-verdes-treballar-la-sostenibilitat-molt-mes-enlla-del-reciclatge\/#respond"]}]},{"@type":"WebPage","@id":"https:\/\/diarieducacio.cat\/educaciolocal\/2022\/06\/16\/escoles-verdes-treballar-la-sostenibilitat-molt-mes-enlla-del-reciclatge\/","url":"https:\/\/diarieducacio.cat\/educaciolocal\/2022\/06\/16\/escoles-verdes-treballar-la-sostenibilitat-molt-mes-enlla-del-reciclatge\/","name":"Escoles Verdes, treballar la sostenibilitat molt m\u00e9s enll\u00e0 del reciclatge - El blog de l'educaci\u00f3 local","isPartOf":{"@id":"https:\/\/diarieducacio.cat\/educaciolocal\/#website"},"primaryImageOfPage":{"@id":"https:\/\/diarieducacio.cat\/educaciolocal\/2022\/06\/16\/escoles-verdes-treballar-la-sostenibilitat-molt-mes-enlla-del-reciclatge\/#primaryimage"},"image":{"@id":"https:\/\/diarieducacio.cat\/educaciolocal\/2022\/06\/16\/escoles-verdes-treballar-la-sostenibilitat-molt-mes-enlla-del-reciclatge\/#primaryimage"},"thumbnailUrl":"https:\/\/diarieducacio.cat\/educaciolocal\/wp-content\/uploads\/sites\/18\/2022\/06\/IMG_6621-1-1.jpg","datePublished":"2022-06-16T21:55:36+00:00","dateModified":"2024-08-08T08:52:42+00:00","author":{"@id":"https:\/\/diarieducacio.cat\/educaciolocal\/#\/schema\/person\/463dcfae2a9aa7b47cebc06062adf30e"},"breadcrumb":{"@id":"https:\/\/diarieducacio.cat\/educaciolocal\/2022\/06\/16\/escoles-verdes-treballar-la-sostenibilitat-molt-mes-enlla-del-reciclatge\/#breadcrumb"},"inLanguage":"ca","potentialAction":[{"@type":"ReadAction","target":["https:\/\/diarieducacio.cat\/educaciolocal\/2022\/06\/16\/escoles-verdes-treballar-la-sostenibilitat-molt-mes-enlla-del-reciclatge\/"]}]},{"@type":"ImageObject","inLanguage":"ca","@id":"https:\/\/diarieducacio.cat\/educaciolocal\/2022\/06\/16\/escoles-verdes-treballar-la-sostenibilitat-molt-mes-enlla-del-reciclatge\/#primaryimage","url":"https:\/\/diarieducacio.cat\/educaciolocal\/wp-content\/uploads\/sites\/18\/2022\/06\/IMG_6621-1-1.jpg","contentUrl":"https:\/\/diarieducacio.cat\/educaciolocal\/wp-content\/uploads\/sites\/18\/2022\/06\/IMG_6621-1-1.jpg","width":640,"height":480,"caption":"El treball amb l'hort \u00e9s una de les activitats verdes de l'escola Rojas Feliu | Fotografia cedida pel centre"},{"@type":"BreadcrumbList","@id":"https:\/\/diarieducacio.cat\/educaciolocal\/2022\/06\/16\/escoles-verdes-treballar-la-sostenibilitat-molt-mes-enlla-del-reciclatge\/#breadcrumb","itemListElement":[{"@type":"ListItem","position":1,"name":"Inici","item":"https:\/\/diarieducacio.cat\/educaciolocal\/"},{"@type":"ListItem","position":2,"name":"Escoles Verdes, treballar la sostenibilitat molt m\u00e9s enll\u00e0 del reciclatge"}]},{"@type":"WebSite","@id":"https:\/\/diarieducacio.cat\/educaciolocal\/#website","url":"https:\/\/diarieducacio.cat\/educaciolocal\/","name":"El blog de l'educaci\u00f3 local","description":"","potentialAction":[{"@type":"SearchAction","target":{"@type":"EntryPoint","urlTemplate":"https:\/\/diarieducacio.cat\/educaciolocal\/?s={search_term_string}"},"query-input":{"@type":"PropertyValueSpecification","valueRequired":true,"valueName":"search_term_string"}}],"inLanguage":"ca"},{"@type":"Person","@id":"https:\/\/diarieducacio.cat\/educaciolocal\/#\/schema\/person\/463dcfae2a9aa7b47cebc06062adf30e","name":"Sandra Vicente","image":{"@type":"ImageObject","inLanguage":"ca","@id":"https:\/\/secure.gravatar.com\/avatar\/3dd28ae54eb171998dd82158d419846e897be79c3e08718e1c5003b3e7d1246d?s=96&d=mm&r=g","url":"https:\/\/secure.gravatar.com\/avatar\/3dd28ae54eb171998dd82158d419846e897be79c3e08718e1c5003b3e7d1246d?s=96&d=mm&r=g","contentUrl":"https:\/\/secure.gravatar.com\/avatar\/3dd28ae54eb171998dd82158d419846e897be79c3e08718e1c5003b3e7d1246d?s=96&d=mm&r=g","caption":"Sandra Vicente"},"sameAs":["https:\/\/x.com\/'@Sandra_ViBa"],"url":"https:\/\/diarieducacio.cat\/educaciolocal\/author\/svicente\/"}]}},"_links":{"self":[{"href":"https:\/\/diarieducacio.cat\/educaciolocal\/wp-json\/wp\/v2\/posts\/3320","targetHints":{"allow":["GET"]}}],"collection":[{"href":"https:\/\/diarieducacio.cat\/educaciolocal\/wp-json\/wp\/v2\/posts"}],"about":[{"href":"https:\/\/diarieducacio.cat\/educaciolocal\/wp-json\/wp\/v2\/types\/post"}],"author":[{"embeddable":true,"href":"https:\/\/diarieducacio.cat\/educaciolocal\/wp-json\/wp\/v2\/users\/44"}],"replies":[{"embeddable":true,"href":"https:\/\/diarieducacio.cat\/educaciolocal\/wp-json\/wp\/v2\/comments?post=3320"}],"version-history":[{"count":1,"href":"https:\/\/diarieducacio.cat\/educaciolocal\/wp-json\/wp\/v2\/posts\/3320\/revisions"}],"predecessor-version":[{"id":4303,"href":"https:\/\/diarieducacio.cat\/educaciolocal\/wp-json\/wp\/v2\/posts\/3320\/revisions\/4303"}],"wp:featuredmedia":[{"embeddable":true,"href":"https:\/\/diarieducacio.cat\/educaciolocal\/wp-json\/wp\/v2\/media\/3322"}],"wp:attachment":[{"href":"https:\/\/diarieducacio.cat\/educaciolocal\/wp-json\/wp\/v2\/media?parent=3320"}],"wp:term":[{"taxonomy":"category","embeddable":true,"href":"https:\/\/diarieducacio.cat\/educaciolocal\/wp-json\/wp\/v2\/categories?post=3320"},{"taxonomy":"post_tag","embeddable":true,"href":"https:\/\/diarieducacio.cat\/educaciolocal\/wp-json\/wp\/v2\/tags?post=3320"},{"taxonomy":"tipo","embeddable":true,"href":"https:\/\/diarieducacio.cat\/educaciolocal\/wp-json\/wp\/v2\/tipo?post=3320"}],"curies":[{"name":"wp","href":"https:\/\/api.w.org\/{rel}","templated":true}]}}