{"id":3388,"date":"2022-10-12T21:35:54","date_gmt":"2022-10-12T21:35:54","guid":{"rendered":"https:\/\/diarieducacio.cat\/educaciolocal\/?p=3388"},"modified":"2024-08-08T10:52:42","modified_gmt":"2024-08-08T08:52:42","slug":"nuria-andreu-magradaria-que-leducacio-especial-no-existis-significaria-que-a-les-nostres-escoles-hi-cap-tothom","status":"publish","type":"post","link":"https:\/\/diarieducacio.cat\/educaciolocal\/2022\/10\/12\/nuria-andreu-magradaria-que-leducacio-especial-no-existis-significaria-que-a-les-nostres-escoles-hi-cap-tothom\/","title":{"rendered":"N\u00faria Andreu: \u00abM&#8217;agradaria que l&#8217;educaci\u00f3 especial no exist\u00eds; voldria dir que a les nostres escoles hi cap tothom\u00bb"},"content":{"rendered":"<p>La N\u00faria Andreu \u00e9s una persona molt parladora, tal com ella mateixa reconeix. La seva veu \u00e9s plena de somriures i passi\u00f3 per una feina i una carrera que ha estat desenvolupant durant 30 anys. Va comen\u00e7ar estudiant psicologia i va acabar fent magisteri, especialitzant-se en educaci\u00f3 especial. Va fer pr\u00e0ctiques a l&#8217;Escola Llevant de Badalona, que es va convertir en la seva escola, diu, efatitzant la paraula\u00a0<em>meva.\u00a0<\/em>&#8220;La meva escola \u00e9s aquella on vaig comen\u00e7ar, on m&#8217;hi vaig desenvolupar i m&#8217;hi vaig comprometre al 100%&#8221;. En aquella escola va ser mestra, coordinadora, cap d&#8217;estudis i va arribar fins a directora. Ara es jubila i acaba una llarga carrera que l&#8217;ha fet aconseguir un nom en el sector de l&#8217;educaci\u00f3 especial: pel seu comprom\u00eds, la seva passi\u00f3 i la seva dedicaci\u00f3.<\/p>\n<p><b>Com era l&#8217;educaci\u00f3 especial quan vost\u00e8 comen\u00e7a a exercir?<\/b><\/p>\n<p>Molt diferent. Ara l&#8217;educaci\u00f3 especial s&#8217;ha professionalitzat i els nanos aprenen m\u00e9s. Quan jo vaig entrar, em van donar un cartip\u00e0s on posava quines coses treballaven amb els infants. Tot hi cabia, all\u00e0: eren coses sobre orientaci\u00f3 especial, psicomotricitat, treball amb punx\u00f3 i poc m\u00e9s. Per\u00f2 \u00e9s cert que els nens eren molt diferents; eren sobretot discapacitats intel\u00b7lectuals migs i els severs estaven en els anomenats centres de profunds. A mesura que avan\u00e7aven els canvis de lleis que ens encaminen a un \u00fanic sistema educatiu, els infants que reb\u00edem eren cada cop m\u00e9s complexos, perqu\u00e8 la discapacitat lleugera l&#8217;absorbia l&#8217;escola ordin\u00e0ria.<\/p>\n<p>Al principi ten\u00edem grups de 8 alumnes amb un docent i ara s\u00f3n grups de quatre amb dos educadors i, en algun cas, fins i tot tres, degut a l&#8217;alta complexitat. Abans nom\u00e9s ten\u00edem quatre alumnes amb autisme entre 100. Avui, el 70% s\u00f3n autistes severs. Aix\u00f2 ha fet canviar molt l&#8217;escola i ens ha dut a ser menys com un esplai i adherir-nos a les l\u00ednies pedag\u00f2giques que ens ensenyen com fer que una persona discapacitada pugui ser activa a la societat. Tamb\u00e9 vam haver d&#8217;adaptar les escoles per acollir alumnat amb cadira de rodes i hem hagut de canviar el curr\u00edculum, per comen\u00e7ar, perqu\u00e8 no en ten\u00edem. I vam anar introduint objectius nous.<\/p>\n<blockquote><p>Abans nom\u00e9s ten\u00edem quatre alumnes amb autisme entre 100, avui ho s\u00f3n el 70%; aix\u00f2 ha fet canviar molt l&#8217;escola i ens ha dut a ser menys com un esplai<\/p><\/blockquote>\n<p><b>Entenc que la formaci\u00f3 va ser indispensable per aplicar aquests canvis. <\/b><\/p>\n<p>S\u00ed, tot i que en el meu cas no em vaig formar en metodologies espec\u00edfiques, sin\u00f3 en direcci\u00f3 de centres. Abans d&#8217;arribar jo tot era molt assembleari, que est\u00e0 b\u00e9, per\u00f2 si vols avan\u00e7ar i introduir al centre noves metodologies, has d&#8217;exercir una bona direcci\u00f3 d&#8217;equip. Perqu\u00e8 els canvis no entren f\u00e0cil per tothom. Hi ha persones a les quals els costa molt evolucionar. \u201cEl que fem ja ho fem b\u00e9\u201d, deien. Per\u00f2 no era aix\u00ed: ens calia formar-nos en logop\u00e8dia, sistemes conductuals positius, comunicaci\u00f3 alternativa&#8230; Els alumnes que ten\u00edem no eren els mateixos i no ens servien les mateixes estrat\u00e8gies.<\/p>\n<p>Volia aconseguir que la gent deix\u00e9s de pensar que amb el que f\u00e8iem n&#8217;hi havia prou; volia que es fessin preguntes i es plantegessin adoptar novetats. La meva tasca era facilitar que els professionals es formessin, que trobessin el seu valor i encarregar a cadasc\u00fa una feina que li pertoqui, tot inculcant el cuquet de la curiositat. \u00c9s tot un qu\u00e8 aconseguir aix\u00f2, per\u00f2 \u00e9s cert que amb la gent jove \u00e9s m\u00e9s f\u00e0cil, perqu\u00e8 tenen m\u00e9s passi\u00f3 i entenen millor que els canvis s&#8217;han d&#8217;acceptar s\u00ed o s\u00ed.<\/p>\n<p><b>El model d&#8217;escola inclusiva ha fet que els alumnes que tenien passessin a l&#8217;ordin\u00e0ria. Creu que aquestes discapacitats m\u00e9s lleugeres hi estan ben ateses?<\/b><\/p>\n<p>Nosaltres de seguida vam creure en el model d&#8217;inclusi\u00f3. Fins i tot vam crear un servei de suport extern que va durar 12 anys i amb el qual f\u00e8iem suport i formaci\u00f3 a l&#8217;entorn ordinari. Crec que el model inclusiu \u00e9s molt necessari i, de fet, m&#8217;agradaria que l&#8217;escola d&#8217;educaci\u00f3 especial no exist\u00eds, perqu\u00e8 significaria que tindr\u00edem escoles on hi hauria tothom. Hem de tenir centres amb perfils professionals diversos per donar resposta a qualsevol necessitat. Un sistema educatiu veritablement inclusiu ajudaria a fer una societat m\u00e9s oberta, solid\u00e0ria i bonica que l&#8217;actual.<\/p>\n<p>Per\u00f2 clar, per aix\u00f2 calen diners. I d&#8217;aix\u00f2 en falta. De fet, aquest projecte de formaci\u00f3 a l&#8217;entorn ordinari sempre l&#8217;hem fet estrenyent-nos nosaltres el cintur\u00f3 i, ara que hem demanat finan\u00e7ament al Departament d&#8217;Educaci\u00f3 ens l&#8217;ha denegada. Aix\u00ed que hem hagut de suspendre un servei que feia 12 anys que funcionava. Aix\u00f2 no nom\u00e9s ens ha suposat un cop econ\u00f2mic, sin\u00f3 que ens ha condemnat encara m\u00e9s a la invisibilitat que t\u00e9 l&#8217;educaci\u00f3 especial.<\/p>\n<blockquote><p>Durant 12 anys hem fet suport i formaci\u00f3 a l&#8217;entorn ordinari estrenyent-nos el cintur\u00f3, ara hem demanat finan\u00e7ament al Departament per\u00f2 ens l&#8217;ha denegat i hem hagut de suspendre el servei<\/p><\/blockquote>\n<p><b>Davant la manca de recursos, vau optar per unir-vos a la <a href=\"https:\/\/www.diba.cat\/es\/web\/educacio\/xem\">Xarxa d&#8217;Escoles Municipals d&#8217;Educaci\u00f3 Especial<\/a> de la Diputaci\u00f3 de Barcelona<\/b><\/p>\n<p>\u00c9s un gran espai. Compartir experi\u00e8ncies i sabers amb gent amb la qual parles i t&#8217;entenen no t\u00e9 preu. Tots ens sentim pressionats per l&#8217;administraci\u00f3, que diu que som una anomalia \u2013en tant que escoles municipals\u2013, per\u00f2 tot i ser una anomalia atenem una quantitat d&#8217;alumnat impressionant i fem una feina que el Departament no est\u00e0 assumint. Si som una anomalia, que contracti tot el personal que suporten els ajuntaments i que ens donin m\u00e9s opcions de formaci\u00f3 i adaptaci\u00f3. Per\u00f2, en comptes d&#8217;aix\u00f2, el Departament ens menyst\u00e8. Per sort, la Diputaci\u00f3 ens ha ajudat a poder compartir metodologies i problemes. Ens ha donat veu i ens dona suport per aconseguir formaci\u00f3, que \u00e9s b\u00e0sica.<\/p>\n<p><b>Quins s\u00f3n els coneixements que troben m\u00e9s a faltar?<\/b><\/p>\n<p>L&#8217;oferta que tenim no est\u00e0 malament, sobretot tenint en compte que als centres tenim molts coneixements i experi\u00e8ncia que s&#8217;han de saber aprofitar. Quan va arribar la crisi, que va acabar amb la possibilitat de fer cursos a dojo, vam comen\u00e7ar a fer el que pod\u00edem i vam intentar moure els sabers que ten\u00edem dins els centres, fent formacions entre nosaltres. Per\u00f2 el que s\u00ed que trobem a faltar \u00e9s m\u00e9s formaci\u00f3 en l&#8217;\u00e0mbit emocional, perqu\u00e8 tenim una feina que pot ser molt dura. Tamb\u00e9 ens agradaria formar-nos m\u00e9s en metodologies sist\u00e8miques per prevenir problemes de comportament, o en sistemes alternatius de comunicaci\u00f3. Aquestes s\u00f3n les necessitats comunes que m\u00e9s han destacat els centres a trav\u00e9s de la Xarxa i, per sort, la Diputaci\u00f3 ens ha facilitat formar-nos.<\/p>\n<p><b>Continua fent servir el &#8216;nosaltres&#8217;. Li costa marxar i acabar aquesta carrera tan llarga?<\/b><\/p>\n<p>Sorprenentment, estic molt tranquil\u00b7la amb el trasp\u00e0s, per\u00f2 \u00e9s cert que, encara que ara mateix no crec que tingu\u00e9s for\u00e7a per posar-me a una aula amb nens i nenes autistes, s\u00ed que ho trobar\u00e9 a faltar. Igual que trobar\u00e9 a faltar el meu equip. He gaudit molt\u00edssim i he apr\u00e8s molt, tot i que tamb\u00e9 m&#8217;he endut grans decepcions, sobretot amb unes administracions que fan pol\u00edtica en lloc de treballar. Em decep que no entri al cervell de qui t\u00e9 les compet\u00e8ncies que els recursos s&#8217;han de posar on fa falta.<\/p>\n","protected":false},"excerpt":{"rendered":"<p>La N\u00faria Andreu \u00e9s una persona molt parladora, tal com ella mateixa reconeix. La seva veu \u00e9s plena de somriures i passi\u00f3 per una feina i una carrera que ha estat desenvolupant durant 30 anys. Va comen\u00e7ar estudiant psicologia i va acabar fent magisteri, especialitzant-se en educaci\u00f3 especial. Va fer pr\u00e0ctiques a l&#8217;Escola Llevant de<\/p>\n","protected":false},"author":44,"featured_media":3389,"comment_status":"open","ping_status":"closed","sticky":false,"template":"","format":"standard","meta":{"footnotes":""},"categories":[265,449,104,124,330,248,236,108],"tags":[327,218],"tipo":[393],"class_list":{"0":"post-3388","1":"post","2":"type-post","3":"status-publish","4":"format-standard","5":"has-post-thumbnail","7":"category-educacio-musical-i-artistica","8":"category-entrevista","9":"category-entrevistes","10":"category-escoles-municipals-de-musica","11":"category-escoles-municipals-de-musica-i-arts","12":"category-experiencies","13":"category-formacio","14":"category-innovacio","15":"tag-badalona","16":"tag-educacio-especial","17":"tipo-entrevista"},"yoast_head":"<!-- This site is optimized with the Yoast SEO plugin v27.4 - https:\/\/yoast.com\/product\/yoast-seo-wordpress\/ -->\n<title>N\u00faria Andreu: \u00abM&#039;agradaria que l&#039;educaci\u00f3 especial no exist\u00eds; voldria dir que a les nostres escoles hi cap tothom\u00bb - El blog de l&#039;educaci\u00f3 local<\/title>\n<meta name=\"robots\" content=\"index, follow, max-snippet:-1, max-image-preview:large, max-video-preview:-1\" \/>\n<link rel=\"canonical\" href=\"https:\/\/diarieducacio.cat\/educaciolocal\/2022\/10\/12\/nuria-andreu-magradaria-que-leducacio-especial-no-existis-significaria-que-a-les-nostres-escoles-hi-cap-tothom\/\" \/>\n<meta property=\"og:locale\" content=\"ca_ES\" \/>\n<meta property=\"og:type\" content=\"article\" \/>\n<meta property=\"og:title\" content=\"N\u00faria Andreu: \u00abM&#039;agradaria que l&#039;educaci\u00f3 especial no exist\u00eds; voldria dir que a les nostres escoles hi cap tothom\u00bb - El blog de l&#039;educaci\u00f3 local\" \/>\n<meta property=\"og:description\" content=\"La N\u00faria Andreu \u00e9s una persona molt parladora, tal com ella mateixa reconeix. La seva veu \u00e9s plena de somriures i passi\u00f3 per una feina i una carrera que ha estat desenvolupant durant 30 anys. Va comen\u00e7ar estudiant psicologia i va acabar fent magisteri, especialitzant-se en educaci\u00f3 especial. Va fer pr\u00e0ctiques a l&#8217;Escola Llevant de\" \/>\n<meta property=\"og:url\" content=\"https:\/\/diarieducacio.cat\/educaciolocal\/2022\/10\/12\/nuria-andreu-magradaria-que-leducacio-especial-no-existis-significaria-que-a-les-nostres-escoles-hi-cap-tothom\/\" \/>\n<meta property=\"og:site_name\" content=\"El blog de l&#039;educaci\u00f3 local\" \/>\n<meta property=\"article:publisher\" content=\"https:\/\/www.facebook.com\/diarieducacio\/\" \/>\n<meta property=\"article:published_time\" content=\"2022-10-12T21:35:54+00:00\" \/>\n<meta property=\"article:modified_time\" content=\"2024-08-08T08:52:42+00:00\" \/>\n<meta property=\"og:image\" content=\"https:\/\/diarieducacio.cat\/educaciolocal\/wp-content\/uploads\/sites\/18\/2022\/10\/WhatsApp-Image-2022-10-06-at-09.11.54-e1665148990443.jpeg\" \/>\n\t<meta property=\"og:image:width\" content=\"1252\" \/>\n\t<meta property=\"og:image:height\" content=\"966\" \/>\n\t<meta property=\"og:image:type\" content=\"image\/jpeg\" \/>\n<meta name=\"author\" content=\"Sandra Vicente\" \/>\n<meta name=\"twitter:card\" content=\"summary_large_image\" \/>\n<meta name=\"twitter:creator\" content=\"@&#039;@Sandra_ViBa\" \/>\n<meta name=\"twitter:site\" content=\"@DiariEducacio\" \/>\n<meta name=\"twitter:label1\" content=\"Escrit per\" \/>\n\t<meta name=\"twitter:data1\" content=\"Sandra Vicente\" \/>\n\t<meta name=\"twitter:label2\" content=\"Temps estimat de lectura\" \/>\n\t<meta name=\"twitter:data2\" content=\"6 minuts\" \/>\n<script type=\"application\/ld+json\" class=\"yoast-schema-graph\">{\"@context\":\"https:\\\/\\\/schema.org\",\"@graph\":[{\"@type\":\"Article\",\"@id\":\"https:\\\/\\\/diarieducacio.cat\\\/educaciolocal\\\/2022\\\/10\\\/12\\\/nuria-andreu-magradaria-que-leducacio-especial-no-existis-significaria-que-a-les-nostres-escoles-hi-cap-tothom\\\/#article\",\"isPartOf\":{\"@id\":\"https:\\\/\\\/diarieducacio.cat\\\/educaciolocal\\\/2022\\\/10\\\/12\\\/nuria-andreu-magradaria-que-leducacio-especial-no-existis-significaria-que-a-les-nostres-escoles-hi-cap-tothom\\\/\"},\"author\":{\"name\":\"Sandra Vicente\",\"@id\":\"https:\\\/\\\/diarieducacio.cat\\\/educaciolocal\\\/#\\\/schema\\\/person\\\/463dcfae2a9aa7b47cebc06062adf30e\"},\"headline\":\"N\u00faria Andreu: \u00abM&#8217;agradaria que l&#8217;educaci\u00f3 especial no exist\u00eds; voldria dir que a les nostres escoles hi cap tothom\u00bb\",\"datePublished\":\"2022-10-12T21:35:54+00:00\",\"dateModified\":\"2024-08-08T08:52:42+00:00\",\"mainEntityOfPage\":{\"@id\":\"https:\\\/\\\/diarieducacio.cat\\\/educaciolocal\\\/2022\\\/10\\\/12\\\/nuria-andreu-magradaria-que-leducacio-especial-no-existis-significaria-que-a-les-nostres-escoles-hi-cap-tothom\\\/\"},\"wordCount\":1322,\"commentCount\":0,\"image\":{\"@id\":\"https:\\\/\\\/diarieducacio.cat\\\/educaciolocal\\\/2022\\\/10\\\/12\\\/nuria-andreu-magradaria-que-leducacio-especial-no-existis-significaria-que-a-les-nostres-escoles-hi-cap-tothom\\\/#primaryimage\"},\"thumbnailUrl\":\"https:\\\/\\\/diarieducacio.cat\\\/educaciolocal\\\/wp-content\\\/uploads\\\/sites\\\/18\\\/2022\\\/10\\\/WhatsApp-Image-2022-10-06-at-09.11.54-e1665148990443.jpeg\",\"keywords\":[\"badalona\",\"Educaci\u00f3 especial\"],\"articleSection\":[\"Educaci\u00f3 musical i art\u00edstica\",\"Entrevista\",\"Entrevistes\",\"Escoles municipals de m\u00fasica\",\"Escoles municipals de m\u00fasica i arts\",\"Experi\u00e8ncies\",\"Formaci\u00f3\",\"Innovaci\u00f3\"],\"inLanguage\":\"ca\",\"potentialAction\":[{\"@type\":\"CommentAction\",\"name\":\"Comment\",\"target\":[\"https:\\\/\\\/diarieducacio.cat\\\/educaciolocal\\\/2022\\\/10\\\/12\\\/nuria-andreu-magradaria-que-leducacio-especial-no-existis-significaria-que-a-les-nostres-escoles-hi-cap-tothom\\\/#respond\"]}]},{\"@type\":\"WebPage\",\"@id\":\"https:\\\/\\\/diarieducacio.cat\\\/educaciolocal\\\/2022\\\/10\\\/12\\\/nuria-andreu-magradaria-que-leducacio-especial-no-existis-significaria-que-a-les-nostres-escoles-hi-cap-tothom\\\/\",\"url\":\"https:\\\/\\\/diarieducacio.cat\\\/educaciolocal\\\/2022\\\/10\\\/12\\\/nuria-andreu-magradaria-que-leducacio-especial-no-existis-significaria-que-a-les-nostres-escoles-hi-cap-tothom\\\/\",\"name\":\"N\u00faria Andreu: \u00abM'agradaria que l'educaci\u00f3 especial no exist\u00eds; voldria dir que a les nostres escoles hi cap tothom\u00bb - El blog de l'educaci\u00f3 local\",\"isPartOf\":{\"@id\":\"https:\\\/\\\/diarieducacio.cat\\\/educaciolocal\\\/#website\"},\"primaryImageOfPage\":{\"@id\":\"https:\\\/\\\/diarieducacio.cat\\\/educaciolocal\\\/2022\\\/10\\\/12\\\/nuria-andreu-magradaria-que-leducacio-especial-no-existis-significaria-que-a-les-nostres-escoles-hi-cap-tothom\\\/#primaryimage\"},\"image\":{\"@id\":\"https:\\\/\\\/diarieducacio.cat\\\/educaciolocal\\\/2022\\\/10\\\/12\\\/nuria-andreu-magradaria-que-leducacio-especial-no-existis-significaria-que-a-les-nostres-escoles-hi-cap-tothom\\\/#primaryimage\"},\"thumbnailUrl\":\"https:\\\/\\\/diarieducacio.cat\\\/educaciolocal\\\/wp-content\\\/uploads\\\/sites\\\/18\\\/2022\\\/10\\\/WhatsApp-Image-2022-10-06-at-09.11.54-e1665148990443.jpeg\",\"datePublished\":\"2022-10-12T21:35:54+00:00\",\"dateModified\":\"2024-08-08T08:52:42+00:00\",\"author\":{\"@id\":\"https:\\\/\\\/diarieducacio.cat\\\/educaciolocal\\\/#\\\/schema\\\/person\\\/463dcfae2a9aa7b47cebc06062adf30e\"},\"breadcrumb\":{\"@id\":\"https:\\\/\\\/diarieducacio.cat\\\/educaciolocal\\\/2022\\\/10\\\/12\\\/nuria-andreu-magradaria-que-leducacio-especial-no-existis-significaria-que-a-les-nostres-escoles-hi-cap-tothom\\\/#breadcrumb\"},\"inLanguage\":\"ca\",\"potentialAction\":[{\"@type\":\"ReadAction\",\"target\":[\"https:\\\/\\\/diarieducacio.cat\\\/educaciolocal\\\/2022\\\/10\\\/12\\\/nuria-andreu-magradaria-que-leducacio-especial-no-existis-significaria-que-a-les-nostres-escoles-hi-cap-tothom\\\/\"]}]},{\"@type\":\"ImageObject\",\"inLanguage\":\"ca\",\"@id\":\"https:\\\/\\\/diarieducacio.cat\\\/educaciolocal\\\/2022\\\/10\\\/12\\\/nuria-andreu-magradaria-que-leducacio-especial-no-existis-significaria-que-a-les-nostres-escoles-hi-cap-tothom\\\/#primaryimage\",\"url\":\"https:\\\/\\\/diarieducacio.cat\\\/educaciolocal\\\/wp-content\\\/uploads\\\/sites\\\/18\\\/2022\\\/10\\\/WhatsApp-Image-2022-10-06-at-09.11.54-e1665148990443.jpeg\",\"contentUrl\":\"https:\\\/\\\/diarieducacio.cat\\\/educaciolocal\\\/wp-content\\\/uploads\\\/sites\\\/18\\\/2022\\\/10\\\/WhatsApp-Image-2022-10-06-at-09.11.54-e1665148990443.jpeg\",\"width\":1252,\"height\":966,\"caption\":\"N\u00faria Andreu, mestra i directora d'educaci\u00f3 especial | Fotografia cedida per l'entrevistada\"},{\"@type\":\"BreadcrumbList\",\"@id\":\"https:\\\/\\\/diarieducacio.cat\\\/educaciolocal\\\/2022\\\/10\\\/12\\\/nuria-andreu-magradaria-que-leducacio-especial-no-existis-significaria-que-a-les-nostres-escoles-hi-cap-tothom\\\/#breadcrumb\",\"itemListElement\":[{\"@type\":\"ListItem\",\"position\":1,\"name\":\"Inici\",\"item\":\"https:\\\/\\\/diarieducacio.cat\\\/educaciolocal\\\/\"},{\"@type\":\"ListItem\",\"position\":2,\"name\":\"N\u00faria Andreu: \u00abM&#8217;agradaria que l&#8217;educaci\u00f3 especial no exist\u00eds; voldria dir que a les nostres escoles hi cap tothom\u00bb\"}]},{\"@type\":\"WebSite\",\"@id\":\"https:\\\/\\\/diarieducacio.cat\\\/educaciolocal\\\/#website\",\"url\":\"https:\\\/\\\/diarieducacio.cat\\\/educaciolocal\\\/\",\"name\":\"El blog de l'educaci\u00f3 local\",\"description\":\"\",\"potentialAction\":[{\"@type\":\"SearchAction\",\"target\":{\"@type\":\"EntryPoint\",\"urlTemplate\":\"https:\\\/\\\/diarieducacio.cat\\\/educaciolocal\\\/?s={search_term_string}\"},\"query-input\":{\"@type\":\"PropertyValueSpecification\",\"valueRequired\":true,\"valueName\":\"search_term_string\"}}],\"inLanguage\":\"ca\"},{\"@type\":\"Person\",\"@id\":\"https:\\\/\\\/diarieducacio.cat\\\/educaciolocal\\\/#\\\/schema\\\/person\\\/463dcfae2a9aa7b47cebc06062adf30e\",\"name\":\"Sandra Vicente\",\"image\":{\"@type\":\"ImageObject\",\"inLanguage\":\"ca\",\"@id\":\"https:\\\/\\\/secure.gravatar.com\\\/avatar\\\/3dd28ae54eb171998dd82158d419846e897be79c3e08718e1c5003b3e7d1246d?s=96&d=mm&r=g\",\"url\":\"https:\\\/\\\/secure.gravatar.com\\\/avatar\\\/3dd28ae54eb171998dd82158d419846e897be79c3e08718e1c5003b3e7d1246d?s=96&d=mm&r=g\",\"contentUrl\":\"https:\\\/\\\/secure.gravatar.com\\\/avatar\\\/3dd28ae54eb171998dd82158d419846e897be79c3e08718e1c5003b3e7d1246d?s=96&d=mm&r=g\",\"caption\":\"Sandra Vicente\"},\"sameAs\":[\"https:\\\/\\\/x.com\\\/'@Sandra_ViBa\"],\"url\":\"https:\\\/\\\/diarieducacio.cat\\\/educaciolocal\\\/author\\\/svicente\\\/\"}]}<\/script>\n<!-- \/ Yoast SEO plugin. -->","yoast_head_json":{"title":"N\u00faria Andreu: \u00abM'agradaria que l'educaci\u00f3 especial no exist\u00eds; voldria dir que a les nostres escoles hi cap tothom\u00bb - El blog de l'educaci\u00f3 local","robots":{"index":"index","follow":"follow","max-snippet":"max-snippet:-1","max-image-preview":"max-image-preview:large","max-video-preview":"max-video-preview:-1"},"canonical":"https:\/\/diarieducacio.cat\/educaciolocal\/2022\/10\/12\/nuria-andreu-magradaria-que-leducacio-especial-no-existis-significaria-que-a-les-nostres-escoles-hi-cap-tothom\/","og_locale":"ca_ES","og_type":"article","og_title":"N\u00faria Andreu: \u00abM'agradaria que l'educaci\u00f3 especial no exist\u00eds; voldria dir que a les nostres escoles hi cap tothom\u00bb - El blog de l'educaci\u00f3 local","og_description":"La N\u00faria Andreu \u00e9s una persona molt parladora, tal com ella mateixa reconeix. La seva veu \u00e9s plena de somriures i passi\u00f3 per una feina i una carrera que ha estat desenvolupant durant 30 anys. Va comen\u00e7ar estudiant psicologia i va acabar fent magisteri, especialitzant-se en educaci\u00f3 especial. Va fer pr\u00e0ctiques a l&#8217;Escola Llevant de","og_url":"https:\/\/diarieducacio.cat\/educaciolocal\/2022\/10\/12\/nuria-andreu-magradaria-que-leducacio-especial-no-existis-significaria-que-a-les-nostres-escoles-hi-cap-tothom\/","og_site_name":"El blog de l'educaci\u00f3 local","article_publisher":"https:\/\/www.facebook.com\/diarieducacio\/","article_published_time":"2022-10-12T21:35:54+00:00","article_modified_time":"2024-08-08T08:52:42+00:00","og_image":[{"width":1252,"height":966,"url":"https:\/\/diarieducacio.cat\/educaciolocal\/wp-content\/uploads\/sites\/18\/2022\/10\/WhatsApp-Image-2022-10-06-at-09.11.54-e1665148990443.jpeg","type":"image\/jpeg"}],"author":"Sandra Vicente","twitter_card":"summary_large_image","twitter_creator":"@'@Sandra_ViBa","twitter_site":"@DiariEducacio","twitter_misc":{"Escrit per":"Sandra Vicente","Temps estimat de lectura":"6 minuts"},"schema":{"@context":"https:\/\/schema.org","@graph":[{"@type":"Article","@id":"https:\/\/diarieducacio.cat\/educaciolocal\/2022\/10\/12\/nuria-andreu-magradaria-que-leducacio-especial-no-existis-significaria-que-a-les-nostres-escoles-hi-cap-tothom\/#article","isPartOf":{"@id":"https:\/\/diarieducacio.cat\/educaciolocal\/2022\/10\/12\/nuria-andreu-magradaria-que-leducacio-especial-no-existis-significaria-que-a-les-nostres-escoles-hi-cap-tothom\/"},"author":{"name":"Sandra Vicente","@id":"https:\/\/diarieducacio.cat\/educaciolocal\/#\/schema\/person\/463dcfae2a9aa7b47cebc06062adf30e"},"headline":"N\u00faria Andreu: \u00abM&#8217;agradaria que l&#8217;educaci\u00f3 especial no exist\u00eds; voldria dir que a les nostres escoles hi cap tothom\u00bb","datePublished":"2022-10-12T21:35:54+00:00","dateModified":"2024-08-08T08:52:42+00:00","mainEntityOfPage":{"@id":"https:\/\/diarieducacio.cat\/educaciolocal\/2022\/10\/12\/nuria-andreu-magradaria-que-leducacio-especial-no-existis-significaria-que-a-les-nostres-escoles-hi-cap-tothom\/"},"wordCount":1322,"commentCount":0,"image":{"@id":"https:\/\/diarieducacio.cat\/educaciolocal\/2022\/10\/12\/nuria-andreu-magradaria-que-leducacio-especial-no-existis-significaria-que-a-les-nostres-escoles-hi-cap-tothom\/#primaryimage"},"thumbnailUrl":"https:\/\/diarieducacio.cat\/educaciolocal\/wp-content\/uploads\/sites\/18\/2022\/10\/WhatsApp-Image-2022-10-06-at-09.11.54-e1665148990443.jpeg","keywords":["badalona","Educaci\u00f3 especial"],"articleSection":["Educaci\u00f3 musical i art\u00edstica","Entrevista","Entrevistes","Escoles municipals de m\u00fasica","Escoles municipals de m\u00fasica i arts","Experi\u00e8ncies","Formaci\u00f3","Innovaci\u00f3"],"inLanguage":"ca","potentialAction":[{"@type":"CommentAction","name":"Comment","target":["https:\/\/diarieducacio.cat\/educaciolocal\/2022\/10\/12\/nuria-andreu-magradaria-que-leducacio-especial-no-existis-significaria-que-a-les-nostres-escoles-hi-cap-tothom\/#respond"]}]},{"@type":"WebPage","@id":"https:\/\/diarieducacio.cat\/educaciolocal\/2022\/10\/12\/nuria-andreu-magradaria-que-leducacio-especial-no-existis-significaria-que-a-les-nostres-escoles-hi-cap-tothom\/","url":"https:\/\/diarieducacio.cat\/educaciolocal\/2022\/10\/12\/nuria-andreu-magradaria-que-leducacio-especial-no-existis-significaria-que-a-les-nostres-escoles-hi-cap-tothom\/","name":"N\u00faria Andreu: \u00abM'agradaria que l'educaci\u00f3 especial no exist\u00eds; voldria dir que a les nostres escoles hi cap tothom\u00bb - El blog de l'educaci\u00f3 local","isPartOf":{"@id":"https:\/\/diarieducacio.cat\/educaciolocal\/#website"},"primaryImageOfPage":{"@id":"https:\/\/diarieducacio.cat\/educaciolocal\/2022\/10\/12\/nuria-andreu-magradaria-que-leducacio-especial-no-existis-significaria-que-a-les-nostres-escoles-hi-cap-tothom\/#primaryimage"},"image":{"@id":"https:\/\/diarieducacio.cat\/educaciolocal\/2022\/10\/12\/nuria-andreu-magradaria-que-leducacio-especial-no-existis-significaria-que-a-les-nostres-escoles-hi-cap-tothom\/#primaryimage"},"thumbnailUrl":"https:\/\/diarieducacio.cat\/educaciolocal\/wp-content\/uploads\/sites\/18\/2022\/10\/WhatsApp-Image-2022-10-06-at-09.11.54-e1665148990443.jpeg","datePublished":"2022-10-12T21:35:54+00:00","dateModified":"2024-08-08T08:52:42+00:00","author":{"@id":"https:\/\/diarieducacio.cat\/educaciolocal\/#\/schema\/person\/463dcfae2a9aa7b47cebc06062adf30e"},"breadcrumb":{"@id":"https:\/\/diarieducacio.cat\/educaciolocal\/2022\/10\/12\/nuria-andreu-magradaria-que-leducacio-especial-no-existis-significaria-que-a-les-nostres-escoles-hi-cap-tothom\/#breadcrumb"},"inLanguage":"ca","potentialAction":[{"@type":"ReadAction","target":["https:\/\/diarieducacio.cat\/educaciolocal\/2022\/10\/12\/nuria-andreu-magradaria-que-leducacio-especial-no-existis-significaria-que-a-les-nostres-escoles-hi-cap-tothom\/"]}]},{"@type":"ImageObject","inLanguage":"ca","@id":"https:\/\/diarieducacio.cat\/educaciolocal\/2022\/10\/12\/nuria-andreu-magradaria-que-leducacio-especial-no-existis-significaria-que-a-les-nostres-escoles-hi-cap-tothom\/#primaryimage","url":"https:\/\/diarieducacio.cat\/educaciolocal\/wp-content\/uploads\/sites\/18\/2022\/10\/WhatsApp-Image-2022-10-06-at-09.11.54-e1665148990443.jpeg","contentUrl":"https:\/\/diarieducacio.cat\/educaciolocal\/wp-content\/uploads\/sites\/18\/2022\/10\/WhatsApp-Image-2022-10-06-at-09.11.54-e1665148990443.jpeg","width":1252,"height":966,"caption":"N\u00faria Andreu, mestra i directora d'educaci\u00f3 especial | Fotografia cedida per l'entrevistada"},{"@type":"BreadcrumbList","@id":"https:\/\/diarieducacio.cat\/educaciolocal\/2022\/10\/12\/nuria-andreu-magradaria-que-leducacio-especial-no-existis-significaria-que-a-les-nostres-escoles-hi-cap-tothom\/#breadcrumb","itemListElement":[{"@type":"ListItem","position":1,"name":"Inici","item":"https:\/\/diarieducacio.cat\/educaciolocal\/"},{"@type":"ListItem","position":2,"name":"N\u00faria Andreu: \u00abM&#8217;agradaria que l&#8217;educaci\u00f3 especial no exist\u00eds; voldria dir que a les nostres escoles hi cap tothom\u00bb"}]},{"@type":"WebSite","@id":"https:\/\/diarieducacio.cat\/educaciolocal\/#website","url":"https:\/\/diarieducacio.cat\/educaciolocal\/","name":"El blog de l'educaci\u00f3 local","description":"","potentialAction":[{"@type":"SearchAction","target":{"@type":"EntryPoint","urlTemplate":"https:\/\/diarieducacio.cat\/educaciolocal\/?s={search_term_string}"},"query-input":{"@type":"PropertyValueSpecification","valueRequired":true,"valueName":"search_term_string"}}],"inLanguage":"ca"},{"@type":"Person","@id":"https:\/\/diarieducacio.cat\/educaciolocal\/#\/schema\/person\/463dcfae2a9aa7b47cebc06062adf30e","name":"Sandra Vicente","image":{"@type":"ImageObject","inLanguage":"ca","@id":"https:\/\/secure.gravatar.com\/avatar\/3dd28ae54eb171998dd82158d419846e897be79c3e08718e1c5003b3e7d1246d?s=96&d=mm&r=g","url":"https:\/\/secure.gravatar.com\/avatar\/3dd28ae54eb171998dd82158d419846e897be79c3e08718e1c5003b3e7d1246d?s=96&d=mm&r=g","contentUrl":"https:\/\/secure.gravatar.com\/avatar\/3dd28ae54eb171998dd82158d419846e897be79c3e08718e1c5003b3e7d1246d?s=96&d=mm&r=g","caption":"Sandra Vicente"},"sameAs":["https:\/\/x.com\/'@Sandra_ViBa"],"url":"https:\/\/diarieducacio.cat\/educaciolocal\/author\/svicente\/"}]}},"_links":{"self":[{"href":"https:\/\/diarieducacio.cat\/educaciolocal\/wp-json\/wp\/v2\/posts\/3388","targetHints":{"allow":["GET"]}}],"collection":[{"href":"https:\/\/diarieducacio.cat\/educaciolocal\/wp-json\/wp\/v2\/posts"}],"about":[{"href":"https:\/\/diarieducacio.cat\/educaciolocal\/wp-json\/wp\/v2\/types\/post"}],"author":[{"embeddable":true,"href":"https:\/\/diarieducacio.cat\/educaciolocal\/wp-json\/wp\/v2\/users\/44"}],"replies":[{"embeddable":true,"href":"https:\/\/diarieducacio.cat\/educaciolocal\/wp-json\/wp\/v2\/comments?post=3388"}],"version-history":[{"count":1,"href":"https:\/\/diarieducacio.cat\/educaciolocal\/wp-json\/wp\/v2\/posts\/3388\/revisions"}],"predecessor-version":[{"id":4308,"href":"https:\/\/diarieducacio.cat\/educaciolocal\/wp-json\/wp\/v2\/posts\/3388\/revisions\/4308"}],"wp:featuredmedia":[{"embeddable":true,"href":"https:\/\/diarieducacio.cat\/educaciolocal\/wp-json\/wp\/v2\/media\/3389"}],"wp:attachment":[{"href":"https:\/\/diarieducacio.cat\/educaciolocal\/wp-json\/wp\/v2\/media?parent=3388"}],"wp:term":[{"taxonomy":"category","embeddable":true,"href":"https:\/\/diarieducacio.cat\/educaciolocal\/wp-json\/wp\/v2\/categories?post=3388"},{"taxonomy":"post_tag","embeddable":true,"href":"https:\/\/diarieducacio.cat\/educaciolocal\/wp-json\/wp\/v2\/tags?post=3388"},{"taxonomy":"tipo","embeddable":true,"href":"https:\/\/diarieducacio.cat\/educaciolocal\/wp-json\/wp\/v2\/tipo?post=3388"}],"curies":[{"name":"wp","href":"https:\/\/api.w.org\/{rel}","templated":true}]}}