{"id":373,"date":"2017-05-19T06:13:32","date_gmt":"2017-05-19T06:13:32","guid":{"rendered":"https:\/\/diarieducacio.cat\/educaciolocal\/?p=373"},"modified":"2017-05-19T06:13:32","modified_gmt":"2017-05-19T06:13:32","slug":"pensem-noves-maneres-darribar-als-alumnes-tindrem-mes-oportunitats-no-perdrels","status":"publish","type":"post","link":"https:\/\/diarieducacio.cat\/educaciolocal\/2017\/05\/19\/pensem-noves-maneres-darribar-als-alumnes-tindrem-mes-oportunitats-no-perdrels\/","title":{"rendered":"\u201cSi pensem en noves maneres d\u2019arribar als alumnes, tindrem m\u00e9s oportunitats de no perdre\u2019ls\u201d"},"content":{"rendered":"<h6 style=\"text-align: right\"><span style=\"color: #999999\">\u00a0<\/span><\/h6>\n<p>La Sessi\u00f3 plen\u00e0ria de la <a href=\"http:\/\/www.diba.cat\/es\/web\/educacio\/cataleg\/activitats-i-centres-d-educacio-permanent\/aic-oferta\/xema\" target=\"_blank\" rel=\"noopener noreferrer\">Xarxa d\u2019Escoles Municipals de Persones Adultes<\/a>, celebrada al Recinte Modernista de l&#8217;Hospital de Sant Pau de Barcelona, va aplegar electes, t\u00e8cnics municipals i docents de les escoles i centres municipals de persones adultes de la demarcaci\u00f3 de Barcelona.<\/p>\n<p>Durant la part central de la sessi\u00f3 els assistents van treballar de manera participativa en la construcci\u00f3 compartida de prioritats de treball per al per\u00edode 2017-2018 , amb l\u2019objectiu d&#8217;impulsar a la xarxa i projectar un escenari de treball a llarg termini que permeti avan\u00e7ar en el disseny i millora dels serveis i recursos.<\/p>\n<p>Nascuda el 2015 i promoguda per la Diputaci\u00f3 de Barcelona, la xarxa t\u00e9 l\u2019objectiu de posar en valor l\u2019educaci\u00f3 al llarg de la vida, tot mobilitzant i implicant als ens locals. Ara mateix s&#8217;hi troben adherits un total de 32 municipis, que apleguen 180 professionals de refer\u00e8ncia.<\/p>\n<p>El debat de la sessi\u00f3 es va organitzar al voltant de quatre tem\u00e0tiques: territoris i pol\u00edtiques locals d\u2019educaci\u00f3 al llarg de la vida, gesti\u00f3 de centres de formaci\u00f3 de persones adultes, innovaci\u00f3 educativa a les escoles municipals de persones adultes i orientaci\u00f3 i transicions a aquests centres.<\/p>\n<h3><strong>La necessitat d&#8217;un marc d\u2019actuaci\u00f3 com\u00fa<\/strong><\/h3>\n<p>Quant a la primera tem\u00e0tica, relacionada amb el marc estrat\u00e8gic d\u2019actuaci\u00f3 que estableixen els ajuntaments per abordar els serveis i els recursos locals d\u2019actuaci\u00f3 al llarg de la vida, els docents i directors de les escoles van coincidir en destacar que en general compten amb suport pol\u00edtic per exercir la seva tasca. Tanmateix, van assenyalar la necessitat que hi hagi m\u00e9s continu\u00eftat en les l\u00ednies d\u2019actuaci\u00f3, i que no s\u2019aturin cada vegada que es produeixi un canvi pol\u00edtic al consistori.<\/p>\n<p>En aquest sentit, van proposar que s\u2019estableixi una coordinaci\u00f3 territorial. \u201cSigui com a mancomunitat o com a\u00a0 municipis concrets, on pots generar un model concret per caracter\u00edstiques del territori i una oferta en conseq\u00fc\u00e8ncia\u201d. A m\u00e9s, els assistents van afegir que \u201cvoldr\u00edem comptar amb m\u00e9s visibilitat i reconeixement per part d\u2019altres administracions, com ara els instituts de Secund\u00e0ria\u201d. \u201cSom un calaix de sastre. Es troba generalitzada la idea que aqu\u00ed va a parar la gent que no encaixa enlloc m\u00e9s\u201d- va lamentar un docent.<\/p>\n<h3><strong>Gesti\u00f3 i funcionament dels centres<\/strong><\/h3>\n<p>En relaci\u00f3 a la gesti\u00f3 dels centres de formaci\u00f3 de persones adultes, el terme que m\u00e9s va apar\u00e8ixer al debat va ser \u201cinestabilitat\u201d. La necessitat d\u2019adaptar-se a una demanda inestable comporta una inestabilitat de l\u2019oferta.<\/p>\n<figure id=\"attachment_377\" aria-describedby=\"caption-attachment-377\" style=\"width: 323px\" class=\"wp-caption alignright\"><img fetchpriority=\"high\" decoding=\"async\" class=\"wp-image-377\" src=\"https:\/\/diarieducacio.cat\/educaciolocal\/wp-content\/uploads\/sites\/26\/2017\/05\/foto-1-300x208.jpg\" alt=\"\" width=\"323\" height=\"224\" srcset=\"https:\/\/diarieducacio.cat\/educaciolocal\/wp-content\/uploads\/sites\/18\/2017\/05\/foto-1-300x208.jpg 300w, https:\/\/diarieducacio.cat\/educaciolocal\/wp-content\/uploads\/sites\/18\/2017\/05\/foto-1-1024x710.jpg 1024w, https:\/\/diarieducacio.cat\/educaciolocal\/wp-content\/uploads\/sites\/18\/2017\/05\/foto-1-768x533.jpg 768w, https:\/\/diarieducacio.cat\/educaciolocal\/wp-content\/uploads\/sites\/18\/2017\/05\/foto-1-150x104.jpg 150w, https:\/\/diarieducacio.cat\/educaciolocal\/wp-content\/uploads\/sites\/18\/2017\/05\/foto-1-450x312.jpg 450w, https:\/\/diarieducacio.cat\/educaciolocal\/wp-content\/uploads\/sites\/18\/2017\/05\/foto-1-1200x833.jpg 1200w, https:\/\/diarieducacio.cat\/educaciolocal\/wp-content\/uploads\/sites\/18\/2017\/05\/foto-1.jpg 1218w\" sizes=\"(max-width: 323px) 100vw, 323px\" \/><figcaption id=\"caption-attachment-377\" class=\"wp-caption-text\"><span style=\"color: #999999\">@ M\u00f3nica Berg\u00f3s<\/span><\/figcaption><\/figure>\n<p>Molts docents van parlar de la sensaci\u00f3 d\u2019incertesa que viuen a la seva feina: \u201cDepenem de la demanda. Hem notat que darrerament hi ha menys demanda perqu\u00e8 hi ha una mica de recuperaci\u00f3 econ\u00f2mica, i molts dels nostres usuaris amb 600 euros mensuals de sou per 8 hores ja marxen a treballar i deixen de formar-se. Aquesta situaci\u00f3 ens obliga a buscar sempre noves l\u00ednies de treball\u201d. Es va subratllar que a \u201cuna escola d\u2019adults fem una mica de tot. I les fem una mica com podem. No tenim tanta organitzaci\u00f3\u201d.<\/p>\n<h3><strong>Experi\u00e8ncies d&#8217;innovaci\u00f3 educativa<\/strong><\/h3>\n<p>En refer\u00e8ncia a la tercera tem\u00e0tica plantejada, que buscava una reflexi\u00f3 sobre la innovaci\u00f3 educativa a les escoles municipals de persones adultes, es va constatar que existeix molta difer\u00e8ncia entre centres. Alguns posen en funcionament projectes innovadors com ara experi\u00e8ncies d\u2019APS (Aprenentatge i Servei) o s\u2019impulsa el disseny d\u2019aplicacions m\u00f2bils per part dels alumnes o la creaci\u00f3 de murals art\u00edstics, i altres continuen ensenyant com tota la vida, amb pissarra, guix, llapis i paper.<\/p>\n<p>Els assistents van convenir que una bona iniciativa seria propiciar la visibilitat d\u2019aquells projectes innovadors i l\u2019intercanvi d\u2019experi\u00e8ncies entre centres. \u201cA molts de nosaltres ens manca informaci\u00f3 sobre com impulsar iniciatives innovadores i sols no ho podem fer\u201d- van assenyalar, i van demanar poder formar-se per poder innovar i rebre el suport de les administracions en aquest sentit.\u00a0\u201cMolts dels nostres usuaris ja s\u00f3n gent d\u2019una determinada edat. Estan farts de fer mates convencionals. No els interessen les taules. Si pensem en noves maneres d\u2019arribar als alumnes, tindrem m\u00e9s oportunitats de no perdre\u2019ls\u201d- va reflexionar una professora.<\/p>\n<h3><strong>Orientaci\u00f3<\/strong><\/h3>\n<p>Per \u00faltim, es va parlar d\u2019orientaci\u00f3 i transicions als centres, un punt relacionat amb l\u2019acompanyament a l\u2019alumne en les seves decisions formatives i professionals. En relaci\u00f3 amb aquesta q\u00fcesti\u00f3, es va destacar que \u00e9s del tot essencial fer \u201cuna bona acollida i recepci\u00f3 per tal de fer una bona diagnosi\u201d.<\/p>\n<figure id=\"attachment_378\" aria-describedby=\"caption-attachment-378\" style=\"width: 300px\" class=\"wp-caption alignleft\"><img decoding=\"async\" class=\"wp-image-378 size-medium\" src=\"https:\/\/diarieducacio.cat\/educaciolocal\/wp-content\/uploads\/sites\/26\/2017\/05\/foto-2-300x212.jpg\" alt=\"\" width=\"300\" height=\"212\" srcset=\"https:\/\/diarieducacio.cat\/educaciolocal\/wp-content\/uploads\/sites\/18\/2017\/05\/foto-2-300x212.jpg 300w, https:\/\/diarieducacio.cat\/educaciolocal\/wp-content\/uploads\/sites\/18\/2017\/05\/foto-2-1024x722.jpg 1024w, https:\/\/diarieducacio.cat\/educaciolocal\/wp-content\/uploads\/sites\/18\/2017\/05\/foto-2-768x541.jpg 768w, https:\/\/diarieducacio.cat\/educaciolocal\/wp-content\/uploads\/sites\/18\/2017\/05\/foto-2-150x106.jpg 150w, https:\/\/diarieducacio.cat\/educaciolocal\/wp-content\/uploads\/sites\/18\/2017\/05\/foto-2-450x317.jpg 450w, https:\/\/diarieducacio.cat\/educaciolocal\/wp-content\/uploads\/sites\/18\/2017\/05\/foto-2.jpg 1200w\" sizes=\"(max-width: 300px) 100vw, 300px\" \/><figcaption id=\"caption-attachment-378\" class=\"wp-caption-text\"><span style=\"color: #999999\">@ M\u00f3nica Berg\u00f3s<\/span><\/figcaption><\/figure>\n<p>Es va proposar vincular els ex alumnes i estudiants de nivells superiors al proc\u00e9s d\u2019orientaci\u00f3, com ja es fa a alguns centres, perqu\u00e8 expliquin la seva experi\u00e8ncia als companys que arriben nous, i tamb\u00e9 es va plantejar la necessitat que els docents comptin amb m\u00e9s formaci\u00f3 de la metodologia per tal d\u2019orientar correctament.<\/p>\n<p>La sessi\u00f3 de debat va cloure amb el comprom\u00eds de\u00a0que la feina de la Xarxa es concreti en la definici\u00f3 d\u2019un pla de treball i un reglament que defineixin i prioritzin les diferents accions. A la tardor s\u2019empla\u00e7ar\u00e0 a una nova sessi\u00f3 de treball, amb la finalitat que el primer trimestre de 2018 ja es pugui comptar amb unes l\u00ednies de treball m\u00e9s marcades.<\/p>\n<h3><strong>Administracions obertes<\/strong><\/h3>\n<p>Als parlaments institucionals, el Diputat delegat d\u2019Educaci\u00f3, Rafa Homet, i el gerent dels Serveis d\u2019Educaci\u00f3, Jordi Plana, van remarcar que \u201cla societat requereix una xarxa educativa flexible i connectada amb l\u2019entorn que faci possible que les persones es puguin formar en qualsevol moment de la seva vida\u201d. En aquest sentit, es va destacar que per a la Diputaci\u00f3 de Barcelona aquesta xarxa s\u2019emmarca dins d\u2019un dels seus projectes estrat\u00e8gics: refor\u00e7ar el paper dels ajuntaments en el desenvolupament del Servei Catal\u00e0 d\u2019Educaci\u00f3.<\/p>\n<p>De la seva banda, l\u2019Alcalde de Lli\u00e7\u00e0 de Vall, Josep Serra va assegurar que els ajuntaments estan compromesos amb la tasca de donar oportunitats formatives a les persones adultes. \u201cLes administracions estan obertes, aneu a les administracions i demaneu qu\u00e8 necessiteu. Sabem que una ciutat sense cultura \u00e9s una ciutat abocada a caure al pou de l\u2019atur\u201d, va subratllar.<\/p>\n","protected":false},"excerpt":{"rendered":"<p>Les escoles municipals de persones adultes s\u2019organitzen per treballar plegades en la millora de l\u2019educaci\u00f3 al llarg de la vida. Repassem els principals temes de debat que van sorgir a la darrera Sessi\u00f3 plen\u00e0ria de la Xarxa d\u2019Escoles Municipals de Persones Adultes celebrada a Barcelona.<\/p>\n","protected":false},"author":201,"featured_media":379,"comment_status":"open","ping_status":"open","sticky":false,"template":"","format":"standard","meta":{"footnotes":""},"categories":[126],"tags":[121,96,115,135],"tipo":[],"class_list":{"0":"post-373","1":"post","2":"type-post","3":"status-publish","4":"format-standard","5":"has-post-thumbnail","7":"category-escoles-municipals-de-persones-adultes","8":"tag-centres-educatius","9":"tag-diputacio-de-barcelona","10":"tag-dret-a-leducacio","11":"tag-educacio-de-persones-adultes"},"yoast_head":"<!-- This site is optimized with the Yoast SEO plugin v27.4 - https:\/\/yoast.com\/product\/yoast-seo-wordpress\/ -->\n<title>\u201cSi pensem en noves maneres d\u2019arribar als alumnes, tindrem m\u00e9s oportunitats de no perdre\u2019ls\u201d - El blog de l&#039;educaci\u00f3 local<\/title>\n<meta name=\"robots\" content=\"index, follow, max-snippet:-1, max-image-preview:large, max-video-preview:-1\" \/>\n<link rel=\"canonical\" href=\"https:\/\/diarieducacio.cat\/educaciolocal\/2017\/05\/19\/pensem-noves-maneres-darribar-als-alumnes-tindrem-mes-oportunitats-no-perdrels\/\" \/>\n<meta property=\"og:locale\" content=\"ca_ES\" \/>\n<meta property=\"og:type\" content=\"article\" \/>\n<meta property=\"og:title\" content=\"\u201cSi pensem en noves maneres d\u2019arribar als alumnes, tindrem m\u00e9s oportunitats de no perdre\u2019ls\u201d - El blog de l&#039;educaci\u00f3 local\" \/>\n<meta property=\"og:description\" content=\"Les escoles municipals de persones adultes s\u2019organitzen per treballar plegades en la millora de l\u2019educaci\u00f3 al llarg de la vida. Repassem els principals temes de debat que van sorgir a la darrera Sessi\u00f3 plen\u00e0ria de la Xarxa d\u2019Escoles Municipals de Persones Adultes celebrada a Barcelona.\" \/>\n<meta property=\"og:url\" content=\"https:\/\/diarieducacio.cat\/educaciolocal\/2017\/05\/19\/pensem-noves-maneres-darribar-als-alumnes-tindrem-mes-oportunitats-no-perdrels\/\" \/>\n<meta property=\"og:site_name\" content=\"El blog de l&#039;educaci\u00f3 local\" \/>\n<meta property=\"article:publisher\" content=\"https:\/\/www.facebook.com\/diarieducacio\/\" \/>\n<meta property=\"article:published_time\" content=\"2017-05-19T06:13:32+00:00\" \/>\n<meta property=\"og:image\" content=\"https:\/\/diarieducacio.cat\/educaciolocal\/wp-content\/uploads\/sites\/18\/2017\/05\/foto-3.jpg\" \/>\n\t<meta property=\"og:image:width\" content=\"1274\" \/>\n\t<meta property=\"og:image:height\" content=\"831\" \/>\n\t<meta property=\"og:image:type\" content=\"image\/jpeg\" \/>\n<meta name=\"author\" content=\"Redacci\u00f3 - Blog de l&#039;educaci\u00f3 local\" \/>\n<meta name=\"twitter:card\" content=\"summary_large_image\" \/>\n<meta name=\"twitter:creator\" content=\"@DiariEducacio\" \/>\n<meta name=\"twitter:site\" content=\"@DiariEducacio\" \/>\n<meta name=\"twitter:label1\" content=\"Escrit per\" \/>\n\t<meta name=\"twitter:data1\" content=\"Redacci\u00f3 - Blog de l&#039;educaci\u00f3 local\" \/>\n\t<meta name=\"twitter:label2\" content=\"Temps estimat de lectura\" \/>\n\t<meta name=\"twitter:data2\" content=\"5 minuts\" \/>\n<script type=\"application\/ld+json\" class=\"yoast-schema-graph\">{\"@context\":\"https:\\\/\\\/schema.org\",\"@graph\":[{\"@type\":\"Article\",\"@id\":\"https:\\\/\\\/diarieducacio.cat\\\/educaciolocal\\\/2017\\\/05\\\/19\\\/pensem-noves-maneres-darribar-als-alumnes-tindrem-mes-oportunitats-no-perdrels\\\/#article\",\"isPartOf\":{\"@id\":\"https:\\\/\\\/diarieducacio.cat\\\/educaciolocal\\\/2017\\\/05\\\/19\\\/pensem-noves-maneres-darribar-als-alumnes-tindrem-mes-oportunitats-no-perdrels\\\/\"},\"author\":{\"name\":\"Redacci\u00f3 - Blog de l'educaci\u00f3 local\",\"@id\":\"https:\\\/\\\/diarieducacio.cat\\\/educaciolocal\\\/#\\\/schema\\\/person\\\/2b7a218a59179ac9b82caae5e2c4f2ab\"},\"headline\":\"\u201cSi pensem en noves maneres d\u2019arribar als alumnes, tindrem m\u00e9s oportunitats de no perdre\u2019ls\u201d\",\"datePublished\":\"2017-05-19T06:13:32+00:00\",\"mainEntityOfPage\":{\"@id\":\"https:\\\/\\\/diarieducacio.cat\\\/educaciolocal\\\/2017\\\/05\\\/19\\\/pensem-noves-maneres-darribar-als-alumnes-tindrem-mes-oportunitats-no-perdrels\\\/\"},\"wordCount\":1102,\"commentCount\":44,\"image\":{\"@id\":\"https:\\\/\\\/diarieducacio.cat\\\/educaciolocal\\\/2017\\\/05\\\/19\\\/pensem-noves-maneres-darribar-als-alumnes-tindrem-mes-oportunitats-no-perdrels\\\/#primaryimage\"},\"thumbnailUrl\":\"https:\\\/\\\/diarieducacio.cat\\\/educaciolocal\\\/wp-content\\\/uploads\\\/sites\\\/18\\\/2017\\\/05\\\/foto-3.jpg\",\"keywords\":[\"Centres educatius\",\"Diputaci\u00f3 de Barcelona\",\"Dret a l'educaci\u00f3\",\"Educaci\u00f3 de persones adultes\"],\"articleSection\":[\"Escoles municipals de persones adultes\"],\"inLanguage\":\"ca\",\"potentialAction\":[{\"@type\":\"CommentAction\",\"name\":\"Comment\",\"target\":[\"https:\\\/\\\/diarieducacio.cat\\\/educaciolocal\\\/2017\\\/05\\\/19\\\/pensem-noves-maneres-darribar-als-alumnes-tindrem-mes-oportunitats-no-perdrels\\\/#respond\"]}]},{\"@type\":\"WebPage\",\"@id\":\"https:\\\/\\\/diarieducacio.cat\\\/educaciolocal\\\/2017\\\/05\\\/19\\\/pensem-noves-maneres-darribar-als-alumnes-tindrem-mes-oportunitats-no-perdrels\\\/\",\"url\":\"https:\\\/\\\/diarieducacio.cat\\\/educaciolocal\\\/2017\\\/05\\\/19\\\/pensem-noves-maneres-darribar-als-alumnes-tindrem-mes-oportunitats-no-perdrels\\\/\",\"name\":\"\u201cSi pensem en noves maneres d\u2019arribar als alumnes, tindrem m\u00e9s oportunitats de no perdre\u2019ls\u201d - El blog de l'educaci\u00f3 local\",\"isPartOf\":{\"@id\":\"https:\\\/\\\/diarieducacio.cat\\\/educaciolocal\\\/#website\"},\"primaryImageOfPage\":{\"@id\":\"https:\\\/\\\/diarieducacio.cat\\\/educaciolocal\\\/2017\\\/05\\\/19\\\/pensem-noves-maneres-darribar-als-alumnes-tindrem-mes-oportunitats-no-perdrels\\\/#primaryimage\"},\"image\":{\"@id\":\"https:\\\/\\\/diarieducacio.cat\\\/educaciolocal\\\/2017\\\/05\\\/19\\\/pensem-noves-maneres-darribar-als-alumnes-tindrem-mes-oportunitats-no-perdrels\\\/#primaryimage\"},\"thumbnailUrl\":\"https:\\\/\\\/diarieducacio.cat\\\/educaciolocal\\\/wp-content\\\/uploads\\\/sites\\\/18\\\/2017\\\/05\\\/foto-3.jpg\",\"datePublished\":\"2017-05-19T06:13:32+00:00\",\"author\":{\"@id\":\"https:\\\/\\\/diarieducacio.cat\\\/educaciolocal\\\/#\\\/schema\\\/person\\\/2b7a218a59179ac9b82caae5e2c4f2ab\"},\"breadcrumb\":{\"@id\":\"https:\\\/\\\/diarieducacio.cat\\\/educaciolocal\\\/2017\\\/05\\\/19\\\/pensem-noves-maneres-darribar-als-alumnes-tindrem-mes-oportunitats-no-perdrels\\\/#breadcrumb\"},\"inLanguage\":\"ca\",\"potentialAction\":[{\"@type\":\"ReadAction\",\"target\":[\"https:\\\/\\\/diarieducacio.cat\\\/educaciolocal\\\/2017\\\/05\\\/19\\\/pensem-noves-maneres-darribar-als-alumnes-tindrem-mes-oportunitats-no-perdrels\\\/\"]}]},{\"@type\":\"ImageObject\",\"inLanguage\":\"ca\",\"@id\":\"https:\\\/\\\/diarieducacio.cat\\\/educaciolocal\\\/2017\\\/05\\\/19\\\/pensem-noves-maneres-darribar-als-alumnes-tindrem-mes-oportunitats-no-perdrels\\\/#primaryimage\",\"url\":\"https:\\\/\\\/diarieducacio.cat\\\/educaciolocal\\\/wp-content\\\/uploads\\\/sites\\\/18\\\/2017\\\/05\\\/foto-3.jpg\",\"contentUrl\":\"https:\\\/\\\/diarieducacio.cat\\\/educaciolocal\\\/wp-content\\\/uploads\\\/sites\\\/18\\\/2017\\\/05\\\/foto-3.jpg\",\"width\":1274,\"height\":831},{\"@type\":\"BreadcrumbList\",\"@id\":\"https:\\\/\\\/diarieducacio.cat\\\/educaciolocal\\\/2017\\\/05\\\/19\\\/pensem-noves-maneres-darribar-als-alumnes-tindrem-mes-oportunitats-no-perdrels\\\/#breadcrumb\",\"itemListElement\":[{\"@type\":\"ListItem\",\"position\":1,\"name\":\"Inici\",\"item\":\"https:\\\/\\\/diarieducacio.cat\\\/educaciolocal\\\/\"},{\"@type\":\"ListItem\",\"position\":2,\"name\":\"\u201cSi pensem en noves maneres d\u2019arribar als alumnes, tindrem m\u00e9s oportunitats de no perdre\u2019ls\u201d\"}]},{\"@type\":\"WebSite\",\"@id\":\"https:\\\/\\\/diarieducacio.cat\\\/educaciolocal\\\/#website\",\"url\":\"https:\\\/\\\/diarieducacio.cat\\\/educaciolocal\\\/\",\"name\":\"El blog de l'educaci\u00f3 local\",\"description\":\"\",\"potentialAction\":[{\"@type\":\"SearchAction\",\"target\":{\"@type\":\"EntryPoint\",\"urlTemplate\":\"https:\\\/\\\/diarieducacio.cat\\\/educaciolocal\\\/?s={search_term_string}\"},\"query-input\":{\"@type\":\"PropertyValueSpecification\",\"valueRequired\":true,\"valueName\":\"search_term_string\"}}],\"inLanguage\":\"ca\"},{\"@type\":\"Person\",\"@id\":\"https:\\\/\\\/diarieducacio.cat\\\/educaciolocal\\\/#\\\/schema\\\/person\\\/2b7a218a59179ac9b82caae5e2c4f2ab\",\"name\":\"Redacci\u00f3 - Blog de l'educaci\u00f3 local\",\"image\":{\"@type\":\"ImageObject\",\"inLanguage\":\"ca\",\"@id\":\"https:\\\/\\\/secure.gravatar.com\\\/avatar\\\/4b47e937aa12c75f6017fe20634c65c793c85afabda37da0e6376acd3fff5c02?s=96&d=mm&r=g\",\"url\":\"https:\\\/\\\/secure.gravatar.com\\\/avatar\\\/4b47e937aa12c75f6017fe20634c65c793c85afabda37da0e6376acd3fff5c02?s=96&d=mm&r=g\",\"contentUrl\":\"https:\\\/\\\/secure.gravatar.com\\\/avatar\\\/4b47e937aa12c75f6017fe20634c65c793c85afabda37da0e6376acd3fff5c02?s=96&d=mm&r=g\",\"caption\":\"Redacci\u00f3 - Blog de l'educaci\u00f3 local\"},\"url\":\"https:\\\/\\\/diarieducacio.cat\\\/educaciolocal\\\/author\\\/blogeducaciolocal\\\/\"}]}<\/script>\n<!-- \/ Yoast SEO plugin. -->","yoast_head_json":{"title":"\u201cSi pensem en noves maneres d\u2019arribar als alumnes, tindrem m\u00e9s oportunitats de no perdre\u2019ls\u201d - El blog de l'educaci\u00f3 local","robots":{"index":"index","follow":"follow","max-snippet":"max-snippet:-1","max-image-preview":"max-image-preview:large","max-video-preview":"max-video-preview:-1"},"canonical":"https:\/\/diarieducacio.cat\/educaciolocal\/2017\/05\/19\/pensem-noves-maneres-darribar-als-alumnes-tindrem-mes-oportunitats-no-perdrels\/","og_locale":"ca_ES","og_type":"article","og_title":"\u201cSi pensem en noves maneres d\u2019arribar als alumnes, tindrem m\u00e9s oportunitats de no perdre\u2019ls\u201d - El blog de l'educaci\u00f3 local","og_description":"Les escoles municipals de persones adultes s\u2019organitzen per treballar plegades en la millora de l\u2019educaci\u00f3 al llarg de la vida. Repassem els principals temes de debat que van sorgir a la darrera Sessi\u00f3 plen\u00e0ria de la Xarxa d\u2019Escoles Municipals de Persones Adultes celebrada a Barcelona.","og_url":"https:\/\/diarieducacio.cat\/educaciolocal\/2017\/05\/19\/pensem-noves-maneres-darribar-als-alumnes-tindrem-mes-oportunitats-no-perdrels\/","og_site_name":"El blog de l'educaci\u00f3 local","article_publisher":"https:\/\/www.facebook.com\/diarieducacio\/","article_published_time":"2017-05-19T06:13:32+00:00","og_image":[{"width":1274,"height":831,"url":"https:\/\/diarieducacio.cat\/educaciolocal\/wp-content\/uploads\/sites\/18\/2017\/05\/foto-3.jpg","type":"image\/jpeg"}],"author":"Redacci\u00f3 - Blog de l'educaci\u00f3 local","twitter_card":"summary_large_image","twitter_creator":"@DiariEducacio","twitter_site":"@DiariEducacio","twitter_misc":{"Escrit per":"Redacci\u00f3 - Blog de l'educaci\u00f3 local","Temps estimat de lectura":"5 minuts"},"schema":{"@context":"https:\/\/schema.org","@graph":[{"@type":"Article","@id":"https:\/\/diarieducacio.cat\/educaciolocal\/2017\/05\/19\/pensem-noves-maneres-darribar-als-alumnes-tindrem-mes-oportunitats-no-perdrels\/#article","isPartOf":{"@id":"https:\/\/diarieducacio.cat\/educaciolocal\/2017\/05\/19\/pensem-noves-maneres-darribar-als-alumnes-tindrem-mes-oportunitats-no-perdrels\/"},"author":{"name":"Redacci\u00f3 - Blog de l'educaci\u00f3 local","@id":"https:\/\/diarieducacio.cat\/educaciolocal\/#\/schema\/person\/2b7a218a59179ac9b82caae5e2c4f2ab"},"headline":"\u201cSi pensem en noves maneres d\u2019arribar als alumnes, tindrem m\u00e9s oportunitats de no perdre\u2019ls\u201d","datePublished":"2017-05-19T06:13:32+00:00","mainEntityOfPage":{"@id":"https:\/\/diarieducacio.cat\/educaciolocal\/2017\/05\/19\/pensem-noves-maneres-darribar-als-alumnes-tindrem-mes-oportunitats-no-perdrels\/"},"wordCount":1102,"commentCount":44,"image":{"@id":"https:\/\/diarieducacio.cat\/educaciolocal\/2017\/05\/19\/pensem-noves-maneres-darribar-als-alumnes-tindrem-mes-oportunitats-no-perdrels\/#primaryimage"},"thumbnailUrl":"https:\/\/diarieducacio.cat\/educaciolocal\/wp-content\/uploads\/sites\/18\/2017\/05\/foto-3.jpg","keywords":["Centres educatius","Diputaci\u00f3 de Barcelona","Dret a l'educaci\u00f3","Educaci\u00f3 de persones adultes"],"articleSection":["Escoles municipals de persones adultes"],"inLanguage":"ca","potentialAction":[{"@type":"CommentAction","name":"Comment","target":["https:\/\/diarieducacio.cat\/educaciolocal\/2017\/05\/19\/pensem-noves-maneres-darribar-als-alumnes-tindrem-mes-oportunitats-no-perdrels\/#respond"]}]},{"@type":"WebPage","@id":"https:\/\/diarieducacio.cat\/educaciolocal\/2017\/05\/19\/pensem-noves-maneres-darribar-als-alumnes-tindrem-mes-oportunitats-no-perdrels\/","url":"https:\/\/diarieducacio.cat\/educaciolocal\/2017\/05\/19\/pensem-noves-maneres-darribar-als-alumnes-tindrem-mes-oportunitats-no-perdrels\/","name":"\u201cSi pensem en noves maneres d\u2019arribar als alumnes, tindrem m\u00e9s oportunitats de no perdre\u2019ls\u201d - El blog de l'educaci\u00f3 local","isPartOf":{"@id":"https:\/\/diarieducacio.cat\/educaciolocal\/#website"},"primaryImageOfPage":{"@id":"https:\/\/diarieducacio.cat\/educaciolocal\/2017\/05\/19\/pensem-noves-maneres-darribar-als-alumnes-tindrem-mes-oportunitats-no-perdrels\/#primaryimage"},"image":{"@id":"https:\/\/diarieducacio.cat\/educaciolocal\/2017\/05\/19\/pensem-noves-maneres-darribar-als-alumnes-tindrem-mes-oportunitats-no-perdrels\/#primaryimage"},"thumbnailUrl":"https:\/\/diarieducacio.cat\/educaciolocal\/wp-content\/uploads\/sites\/18\/2017\/05\/foto-3.jpg","datePublished":"2017-05-19T06:13:32+00:00","author":{"@id":"https:\/\/diarieducacio.cat\/educaciolocal\/#\/schema\/person\/2b7a218a59179ac9b82caae5e2c4f2ab"},"breadcrumb":{"@id":"https:\/\/diarieducacio.cat\/educaciolocal\/2017\/05\/19\/pensem-noves-maneres-darribar-als-alumnes-tindrem-mes-oportunitats-no-perdrels\/#breadcrumb"},"inLanguage":"ca","potentialAction":[{"@type":"ReadAction","target":["https:\/\/diarieducacio.cat\/educaciolocal\/2017\/05\/19\/pensem-noves-maneres-darribar-als-alumnes-tindrem-mes-oportunitats-no-perdrels\/"]}]},{"@type":"ImageObject","inLanguage":"ca","@id":"https:\/\/diarieducacio.cat\/educaciolocal\/2017\/05\/19\/pensem-noves-maneres-darribar-als-alumnes-tindrem-mes-oportunitats-no-perdrels\/#primaryimage","url":"https:\/\/diarieducacio.cat\/educaciolocal\/wp-content\/uploads\/sites\/18\/2017\/05\/foto-3.jpg","contentUrl":"https:\/\/diarieducacio.cat\/educaciolocal\/wp-content\/uploads\/sites\/18\/2017\/05\/foto-3.jpg","width":1274,"height":831},{"@type":"BreadcrumbList","@id":"https:\/\/diarieducacio.cat\/educaciolocal\/2017\/05\/19\/pensem-noves-maneres-darribar-als-alumnes-tindrem-mes-oportunitats-no-perdrels\/#breadcrumb","itemListElement":[{"@type":"ListItem","position":1,"name":"Inici","item":"https:\/\/diarieducacio.cat\/educaciolocal\/"},{"@type":"ListItem","position":2,"name":"\u201cSi pensem en noves maneres d\u2019arribar als alumnes, tindrem m\u00e9s oportunitats de no perdre\u2019ls\u201d"}]},{"@type":"WebSite","@id":"https:\/\/diarieducacio.cat\/educaciolocal\/#website","url":"https:\/\/diarieducacio.cat\/educaciolocal\/","name":"El blog de l'educaci\u00f3 local","description":"","potentialAction":[{"@type":"SearchAction","target":{"@type":"EntryPoint","urlTemplate":"https:\/\/diarieducacio.cat\/educaciolocal\/?s={search_term_string}"},"query-input":{"@type":"PropertyValueSpecification","valueRequired":true,"valueName":"search_term_string"}}],"inLanguage":"ca"},{"@type":"Person","@id":"https:\/\/diarieducacio.cat\/educaciolocal\/#\/schema\/person\/2b7a218a59179ac9b82caae5e2c4f2ab","name":"Redacci\u00f3 - Blog de l'educaci\u00f3 local","image":{"@type":"ImageObject","inLanguage":"ca","@id":"https:\/\/secure.gravatar.com\/avatar\/4b47e937aa12c75f6017fe20634c65c793c85afabda37da0e6376acd3fff5c02?s=96&d=mm&r=g","url":"https:\/\/secure.gravatar.com\/avatar\/4b47e937aa12c75f6017fe20634c65c793c85afabda37da0e6376acd3fff5c02?s=96&d=mm&r=g","contentUrl":"https:\/\/secure.gravatar.com\/avatar\/4b47e937aa12c75f6017fe20634c65c793c85afabda37da0e6376acd3fff5c02?s=96&d=mm&r=g","caption":"Redacci\u00f3 - Blog de l'educaci\u00f3 local"},"url":"https:\/\/diarieducacio.cat\/educaciolocal\/author\/blogeducaciolocal\/"}]}},"_links":{"self":[{"href":"https:\/\/diarieducacio.cat\/educaciolocal\/wp-json\/wp\/v2\/posts\/373","targetHints":{"allow":["GET"]}}],"collection":[{"href":"https:\/\/diarieducacio.cat\/educaciolocal\/wp-json\/wp\/v2\/posts"}],"about":[{"href":"https:\/\/diarieducacio.cat\/educaciolocal\/wp-json\/wp\/v2\/types\/post"}],"author":[{"embeddable":true,"href":"https:\/\/diarieducacio.cat\/educaciolocal\/wp-json\/wp\/v2\/users\/201"}],"replies":[{"embeddable":true,"href":"https:\/\/diarieducacio.cat\/educaciolocal\/wp-json\/wp\/v2\/comments?post=373"}],"version-history":[{"count":0,"href":"https:\/\/diarieducacio.cat\/educaciolocal\/wp-json\/wp\/v2\/posts\/373\/revisions"}],"wp:featuredmedia":[{"embeddable":true,"href":"https:\/\/diarieducacio.cat\/educaciolocal\/wp-json\/wp\/v2\/media\/379"}],"wp:attachment":[{"href":"https:\/\/diarieducacio.cat\/educaciolocal\/wp-json\/wp\/v2\/media?parent=373"}],"wp:term":[{"taxonomy":"category","embeddable":true,"href":"https:\/\/diarieducacio.cat\/educaciolocal\/wp-json\/wp\/v2\/categories?post=373"},{"taxonomy":"post_tag","embeddable":true,"href":"https:\/\/diarieducacio.cat\/educaciolocal\/wp-json\/wp\/v2\/tags?post=373"},{"taxonomy":"tipo","embeddable":true,"href":"https:\/\/diarieducacio.cat\/educaciolocal\/wp-json\/wp\/v2\/tipo?post=373"}],"curies":[{"name":"wp","href":"https:\/\/api.w.org\/{rel}","templated":true}]}}