{"id":3736,"date":"2023-05-18T07:50:45","date_gmt":"2023-05-18T07:50:45","guid":{"rendered":"https:\/\/diarieducacio.cat\/educaciolocal\/?p=3736"},"modified":"2024-08-08T10:52:44","modified_gmt":"2024-08-08T08:52:44","slug":"la-coeducacio-a-les-escoles-municipals-de-persones-adultes","status":"publish","type":"post","link":"https:\/\/diarieducacio.cat\/educaciolocal\/2023\/05\/18\/la-coeducacio-a-les-escoles-municipals-de-persones-adultes\/","title":{"rendered":"La coeducaci\u00f3 a les escoles municipals de persones adultes"},"content":{"rendered":"<p>La coeducaci\u00f3 pot i ha de ser progressiva i amb una voluntat comuna expressada de forma expl\u00edcita als documents del centre, tant organitzatius com did\u00e0ctics: projecte de centre, projectes curriculars, programaci\u00f3 general anual, programacions de departament i d&#8217;aula, coordinacions de cicle o de nivell, activitats extraescolars, commemoratives i festives, impresos, avisos, sol\u00b7licituds, etc\u00e8tera. Perqu\u00e8 la coeducaci\u00f3 no \u00e9s una moda o tend\u00e8ncia, optativa o volunt\u00e0ria, sin\u00f3 un precepte legal que apareix a diverses normatives internacionals, europees, estatals i territorials i compleix el mandat constitucional de l&#8217;article 9.2.<\/p>\n<h3>Efectes de l&#8217;escola mixta actual respecte a la igualtat<\/h3>\n<p>Moltes adultes joves amb bones qualificacions, amb baixos salaris, feines prec\u00e0ries o parcials, doble pres\u00e8ncia i jornades interminables, enlluernades encara pels homes dominants, estan disposades a fer tots els sacrificis del m\u00f3n per la bellesa i la maternitat. \u00c9s a dir: igualtat de dret, desigualtat de fet.<\/p>\n<p>Molts homes adults joves socialitzats en escoles mixtes abandonen estudis prematurament i s&#8217;insereixen en \u00e0mbits molt masculinitzats (laborals, l\u00fadics o fins i tot marginals) on poder seguir practicant la pol\u00edtica masculina del domini: for\u00e7a, diners i poder, de manera que es mostraran com a atractius davant les dones. Altres homes joves acaben els estudis amb la convicci\u00f3 que arribaran a altes cotes a costa del que sigui -incloent-hi la seva pr\u00f2pia salut i benestar- com \u201ces mereix\u201d la seva condici\u00f3 masculina superior.<\/p>\n<blockquote><p>L&#8217;abs\u00e8ncia d&#8217;igualtat real en els aprenentatges escolars, l&#8217;\u00fas del llenguatge excloent i ocultador de les dones no afavoreix la cooperaci\u00f3 entre dones i homes<\/p><\/blockquote>\n<p>Tot i que deslliguem aquestes situacions del curr\u00edculum escolar i les atribu\u00efm a decisions molt personals, intransferibles i escollides conscientment, l&#8217;abs\u00e8ncia d&#8217;igualtat real en els aprenentatges escolars, l&#8217;\u00fas del llenguatge excloent i ocultador de les dones i d\u2019all\u00f2 femen\u00ed, la valoraci\u00f3 dels par\u00e0metres d\u2019all\u00f2 mascul\u00ed hegem\u00f2nic (for\u00e7a, diners i poder) com a garantia d&#8217;\u00e8xit, no afavoreix en absolut la cooperaci\u00f3 entre dones i homes, la compatibilitat dels seus projectes de vida, la pr\u00e0ctica i extensi\u00f3 de deures i drets equivalents per a unes i altres i l\u2019autoestima personal i grupal.<\/p>\n<h3>La coeducaci\u00f3 com a desactivadora de desigualtats<\/h3>\n<p>La definici\u00f3 d&#8217;aquest terme, amb els matisos que volem que inclogui, no es troba als diccionaris a l&#8217;\u00fas. Recordem que el diccionari defineix coeducar com \u201cEnsenyar en una mateixa aula i amb un mateix sistema educatiu alumnes d&#8217;un i altre sexe\u201d.<\/p>\n<p>Implantar la coeducaci\u00f3 hagu\u00e9s requerit i requereix inexorablement una inversi\u00f3 important en mitjans humans i materials. Ens referim a la formaci\u00f3 del professorat, a la investigaci\u00f3-acci\u00f3, a la R+D+I, tant a les universitats com al si dels centres educatius i a la reforma dels llibres de text i altres materials curriculars d&#8217;\u00fas did\u00e0ctic.<\/p>\n<p>El cert \u00e9s que la coeducaci\u00f3 no s&#8217;ha generalitzat, entenent coeducaci\u00f3 com &#8220;el proc\u00e9s d&#8217;intervenci\u00f3 intencionada que, partint de la realitat de sexes diferents i de g\u00e8neres desiguals, t\u00e9 com a objectiu la igualtat entre dones i homes i, per tant, la construcci\u00f3 d&#8217;un m\u00f3n com\u00fa i no enfrontat&#8221;.<\/p>\n<p>La coeducaci\u00f3 \u00e9s l&#8217;aplicaci\u00f3 de l&#8217;enfocament de g\u00e8nere en educaci\u00f3 amb l&#8217;objectiu principal d&#8217;aconseguir la igualtat d&#8217;oportunitats, de tracte i de condicions per a noies i nois. \u00c9s a dir, assolir l&#8217;equival\u00e8ncia i l&#8217;equipot\u00e8ncia entre dones i homes.<\/p>\n<blockquote><p>El sexisme i la desigualtat no els produeix l&#8217;escola, per\u00f2 l&#8217;escola els reprodueixen sense cr\u00edtica<\/p><\/blockquote>\n<h3>Desigualtats de g\u00e8nere<\/h3>\n<p>El sexisme i la desigualtat (d&#8217;oportunitats, tracte i condicions) no els produeix l&#8217;escola, per\u00f2 l&#8217;escola els reprodueixen sense cr\u00edtica. Si no es detecten, s&#8217;afronten i es desenvolupen mecanismes de neutralitzaci\u00f3 i accions compensat\u00f2ries per a la seva desaparici\u00f3, creixen i s\u2019hi normalitzen, com passa i ha passat fins ara.<\/p>\n<p>Les desigualtats persistents es refereixen a bretxes salarials, discriminacions horitzontals i verticals en \u00e0mbits professionals i laborals, ocupacions del temps, \u00fas d&#8217;espais i recursos, repartiment de poders, pres\u00e8ncia i representaci\u00f3, etc. (A internet es poden consultar estad\u00edstiques al respecte a l\u2019abast de tothom).<\/p>\n<p>Tot segueix sent rosa o blau, dicot\u00f2mic i jer\u00e0rquic, per b\u00e9 que desdibuixat. Tot aix\u00f2 passa en un cam\u00ed paral\u00b7lel, invisible i silenci\u00f3s al curr\u00edculum oficial i continua condicionant enormement la vida adulta i activa.<\/p>\n<p>El sistema educatiu ha d\u2019actuar de forma decidida per a introduir coneixements (l\u2019obra humana de les dones, l\u2019educaci\u00f3 sexoafectiva i sentimental, els llenguatges per a la igualtat i l\u2019esperit cr\u00edtic), per detectar i afrontar el sexisme i poder neutralitzar i eliminar les desigualtats persistents.<\/p>\n<h3>\u00c0mbits de treball a les EMPA<\/h3>\n<p>Els \u00e0mbits de treball a les escoles municipals de persones adultes (EMPA) s\u00f3n molt similars als d&#8217;altres institucions educatives: el curr\u00edculum formal, el curr\u00edculum ocult i el curr\u00edculum om\u00e8s.<\/p>\n<p><u>Curr\u00edculum formal<\/u>: tenir en compte sempre la contribuci\u00f3 de l&#8217;obra humana personal i col\u00b7lectiva de les dones (productiva, creativa, reproductiva), estudiem el que estudiem. Existeixen a internet nombrosos materials de visibilitzaci\u00f3, autoria, imatges, biografies aix\u00ed com fonts interminables a testimonis de dones de cada municipi i alumnes de l&#8217;EMPA, ja siguin aut\u00f2ctones, residents estrangeres o migrades.<\/p>\n<p><u>Curr\u00edculum ocult<\/u>: despullar de sexisme, misog\u00ednia, masclisme i androcentrisme els llenguatges espec\u00edfics, vehiculars o administratius i de les \u00e0rees del coneixement, tant verbals com gestuals i ic\u00f2nics. Intervenir directament, amb paraules i accions, tot episodi de maltractament i viol\u00e8ncia contra les dones (alumnes, professores, personal no docent o mares). Redistribuir, mitjan\u00e7ant consensos, espais d&#8217;\u00fas com\u00fa (sobretot patis, cafeteries, altres espais\u2026) perqu\u00e8 no siguin monopolitzats per nois o per noies). Negociar i pactar, mitjan\u00e7ant sistemes de participaci\u00f3 i representaci\u00f3, les festes, celebracions, commemoracions o esdeveniments esportius perqu\u00e8 no continguin elements sexistes i discriminatoris o desequilibris respecte a dones o homes.<\/p>\n<p><u>Curr\u00edculum om\u00e8s<\/u>: introduir de forma sistem\u00e0tica l&#8217;educaci\u00f3 sentimental, emocional, \u00e8tica, democr\u00e0tica, amorosa, convivencial i sexual, per poder desmitificar i neutralitzar les falses creences sobre la complementarietat dels sexes en l&#8217;amor, la sexualitat, les habilitats i destreses i els deures familiars, les teories de la mitjana taronja, la divisi\u00f3 sexual del treball i les desigualtats d&#8217;acc\u00e9s a recursos econ\u00f2mics, a llocs de treball qualificats i la subordinaci\u00f3 de la sexualitat de les dones a les necessitats i desitjos masculins. A l&#8217;EMPA \u00e9s especialment important aquest aspecte formatiu, ja que les persones adultes ja estan suportant danys causats per aquests prejudicis, els quals es poden anar desposseint per aconseguir cotes m\u00e9s grans d&#8217;autonomia, llibertat i vida pr\u00f2pia.<\/p>\n<p>Des de les EMPA tamb\u00e9 es poden promoure campanyes, cert\u00e0mens i concursos, cursos o jornades de formaci\u00f3 oberts a tota la poblaci\u00f3 del municipi.<\/p>\n<p>&nbsp;<\/p>\n<p><em>[ Al web de l\u2019<a href=\"https:\/\/www.diba.cat\/es\/web\/oel\" target=\"_blank\" rel=\"noopener\">Observatori de l\u2019educaci\u00f3 local<\/a> podeu trobar el <\/em><em><a href=\"https:\/\/www.diba.cat\/documents\/94105123\/275045208\/D35_coeducacio_EMPA.pdf\" target=\"_blank\" rel=\"noopener\">Destil\u00b7lat 35<\/a><\/em><em>, on l\u2019Elena Sim\u00f3n amplia alguns dels continguts d\u2019aquest article ]<\/em><\/p>\n<p>&nbsp;<\/p>\n","protected":false},"excerpt":{"rendered":"<p>La coeducaci\u00f3 pot i ha de ser progressiva i amb una voluntat comuna expressada de forma expl\u00edcita als documents del centre, tant organitzatius com did\u00e0ctics: projecte de centre, projectes curriculars, programaci\u00f3 general anual, programacions de departament i d&#8217;aula, coordinacions de cicle o de nivell, activitats extraescolars, commemoratives i festives, impresos, avisos, sol\u00b7licituds, etc\u00e8tera. Perqu\u00e8 la<\/p>\n","protected":false},"author":281,"featured_media":3743,"comment_status":"open","ping_status":"closed","sticky":false,"template":"","format":"standard","meta":{"footnotes":""},"categories":[2,144],"tags":[136,135,304],"tipo":[391],"class_list":{"0":"post-3736","1":"post","2":"type-post","3":"status-publish","4":"format-standard","5":"has-post-thumbnail","7":"category-general","8":"category-opinio","9":"tag-coeducacio","10":"tag-educacio-de-persones-adultes","11":"tag-empa","12":"tipo-opinio"},"yoast_head":"<!-- This site is optimized with the Yoast SEO plugin v27.5 - https:\/\/yoast.com\/product\/yoast-seo-wordpress\/ -->\n<title>La coeducaci\u00f3 a les escoles municipals de persones adultes - El blog de l&#039;educaci\u00f3 local<\/title>\n<meta name=\"robots\" content=\"index, follow, max-snippet:-1, max-image-preview:large, max-video-preview:-1\" \/>\n<link rel=\"canonical\" href=\"https:\/\/diarieducacio.cat\/educaciolocal\/2023\/05\/18\/la-coeducacio-a-les-escoles-municipals-de-persones-adultes\/\" \/>\n<meta property=\"og:locale\" content=\"ca_ES\" \/>\n<meta property=\"og:type\" content=\"article\" \/>\n<meta property=\"og:title\" content=\"La coeducaci\u00f3 a les escoles municipals de persones adultes - El blog de l&#039;educaci\u00f3 local\" \/>\n<meta property=\"og:description\" content=\"La coeducaci\u00f3 pot i ha de ser progressiva i amb una voluntat comuna expressada de forma expl\u00edcita als documents del centre, tant organitzatius com did\u00e0ctics: projecte de centre, projectes curriculars, programaci\u00f3 general anual, programacions de departament i d&#8217;aula, coordinacions de cicle o de nivell, activitats extraescolars, commemoratives i festives, impresos, avisos, sol\u00b7licituds, etc\u00e8tera. Perqu\u00e8 la\" \/>\n<meta property=\"og:url\" content=\"https:\/\/diarieducacio.cat\/educaciolocal\/2023\/05\/18\/la-coeducacio-a-les-escoles-municipals-de-persones-adultes\/\" \/>\n<meta property=\"og:site_name\" content=\"El blog de l&#039;educaci\u00f3 local\" \/>\n<meta property=\"article:publisher\" content=\"https:\/\/www.facebook.com\/diarieducacio\/\" \/>\n<meta property=\"article:published_time\" content=\"2023-05-18T07:50:45+00:00\" \/>\n<meta property=\"article:modified_time\" content=\"2024-08-08T08:52:44+00:00\" \/>\n<meta property=\"og:image\" content=\"https:\/\/diarieducacio.cat\/educaciolocal\/wp-content\/uploads\/sites\/18\/2023\/05\/8672901303_fab60c7403_b-Formacio-dadults-Foto-Francisco-Osorio.jpg\" \/>\n\t<meta property=\"og:image:width\" content=\"1024\" \/>\n\t<meta property=\"og:image:height\" content=\"768\" \/>\n\t<meta property=\"og:image:type\" content=\"image\/jpeg\" \/>\n<meta name=\"author\" content=\"Elena Sim\u00f3n\" \/>\n<meta name=\"twitter:card\" content=\"summary_large_image\" \/>\n<meta name=\"twitter:creator\" content=\"@DiariEducacio\" \/>\n<meta name=\"twitter:site\" content=\"@DiariEducacio\" \/>\n<meta name=\"twitter:label1\" content=\"Escrit per\" \/>\n\t<meta name=\"twitter:data1\" content=\"Elena Sim\u00f3n\" \/>\n\t<meta name=\"twitter:label2\" content=\"Temps estimat de lectura\" \/>\n\t<meta name=\"twitter:data2\" content=\"6 minuts\" \/>\n<script type=\"application\/ld+json\" class=\"yoast-schema-graph\">{\"@context\":\"https:\\\/\\\/schema.org\",\"@graph\":[{\"@type\":\"Article\",\"@id\":\"https:\\\/\\\/diarieducacio.cat\\\/educaciolocal\\\/2023\\\/05\\\/18\\\/la-coeducacio-a-les-escoles-municipals-de-persones-adultes\\\/#article\",\"isPartOf\":{\"@id\":\"https:\\\/\\\/diarieducacio.cat\\\/educaciolocal\\\/2023\\\/05\\\/18\\\/la-coeducacio-a-les-escoles-municipals-de-persones-adultes\\\/\"},\"author\":{\"name\":\"Elena Sim\u00f3n\",\"@id\":\"https:\\\/\\\/diarieducacio.cat\\\/educaciolocal\\\/#\\\/schema\\\/person\\\/82f3a87e98c27c63d910717cf4c4f4f0\"},\"headline\":\"La coeducaci\u00f3 a les escoles municipals de persones adultes\",\"datePublished\":\"2023-05-18T07:50:45+00:00\",\"dateModified\":\"2024-08-08T08:52:44+00:00\",\"mainEntityOfPage\":{\"@id\":\"https:\\\/\\\/diarieducacio.cat\\\/educaciolocal\\\/2023\\\/05\\\/18\\\/la-coeducacio-a-les-escoles-municipals-de-persones-adultes\\\/\"},\"wordCount\":1199,\"commentCount\":0,\"image\":{\"@id\":\"https:\\\/\\\/diarieducacio.cat\\\/educaciolocal\\\/2023\\\/05\\\/18\\\/la-coeducacio-a-les-escoles-municipals-de-persones-adultes\\\/#primaryimage\"},\"thumbnailUrl\":\"https:\\\/\\\/diarieducacio.cat\\\/educaciolocal\\\/wp-content\\\/uploads\\\/sites\\\/18\\\/2023\\\/05\\\/8672901303_fab60c7403_b-Formacio-dadults-Foto-Francisco-Osorio.jpg\",\"keywords\":[\"Coeducaci\u00f3\",\"Educaci\u00f3 de persones adultes\",\"EMPA\"],\"articleSection\":[\"General\",\"Opini\u00f3\"],\"inLanguage\":\"ca\",\"potentialAction\":[{\"@type\":\"CommentAction\",\"name\":\"Comment\",\"target\":[\"https:\\\/\\\/diarieducacio.cat\\\/educaciolocal\\\/2023\\\/05\\\/18\\\/la-coeducacio-a-les-escoles-municipals-de-persones-adultes\\\/#respond\"]}]},{\"@type\":\"WebPage\",\"@id\":\"https:\\\/\\\/diarieducacio.cat\\\/educaciolocal\\\/2023\\\/05\\\/18\\\/la-coeducacio-a-les-escoles-municipals-de-persones-adultes\\\/\",\"url\":\"https:\\\/\\\/diarieducacio.cat\\\/educaciolocal\\\/2023\\\/05\\\/18\\\/la-coeducacio-a-les-escoles-municipals-de-persones-adultes\\\/\",\"name\":\"La coeducaci\u00f3 a les escoles municipals de persones adultes - El blog de l'educaci\u00f3 local\",\"isPartOf\":{\"@id\":\"https:\\\/\\\/diarieducacio.cat\\\/educaciolocal\\\/#website\"},\"primaryImageOfPage\":{\"@id\":\"https:\\\/\\\/diarieducacio.cat\\\/educaciolocal\\\/2023\\\/05\\\/18\\\/la-coeducacio-a-les-escoles-municipals-de-persones-adultes\\\/#primaryimage\"},\"image\":{\"@id\":\"https:\\\/\\\/diarieducacio.cat\\\/educaciolocal\\\/2023\\\/05\\\/18\\\/la-coeducacio-a-les-escoles-municipals-de-persones-adultes\\\/#primaryimage\"},\"thumbnailUrl\":\"https:\\\/\\\/diarieducacio.cat\\\/educaciolocal\\\/wp-content\\\/uploads\\\/sites\\\/18\\\/2023\\\/05\\\/8672901303_fab60c7403_b-Formacio-dadults-Foto-Francisco-Osorio.jpg\",\"datePublished\":\"2023-05-18T07:50:45+00:00\",\"dateModified\":\"2024-08-08T08:52:44+00:00\",\"author\":{\"@id\":\"https:\\\/\\\/diarieducacio.cat\\\/educaciolocal\\\/#\\\/schema\\\/person\\\/82f3a87e98c27c63d910717cf4c4f4f0\"},\"breadcrumb\":{\"@id\":\"https:\\\/\\\/diarieducacio.cat\\\/educaciolocal\\\/2023\\\/05\\\/18\\\/la-coeducacio-a-les-escoles-municipals-de-persones-adultes\\\/#breadcrumb\"},\"inLanguage\":\"ca\",\"potentialAction\":[{\"@type\":\"ReadAction\",\"target\":[\"https:\\\/\\\/diarieducacio.cat\\\/educaciolocal\\\/2023\\\/05\\\/18\\\/la-coeducacio-a-les-escoles-municipals-de-persones-adultes\\\/\"]}]},{\"@type\":\"ImageObject\",\"inLanguage\":\"ca\",\"@id\":\"https:\\\/\\\/diarieducacio.cat\\\/educaciolocal\\\/2023\\\/05\\\/18\\\/la-coeducacio-a-les-escoles-municipals-de-persones-adultes\\\/#primaryimage\",\"url\":\"https:\\\/\\\/diarieducacio.cat\\\/educaciolocal\\\/wp-content\\\/uploads\\\/sites\\\/18\\\/2023\\\/05\\\/8672901303_fab60c7403_b-Formacio-dadults-Foto-Francisco-Osorio.jpg\",\"contentUrl\":\"https:\\\/\\\/diarieducacio.cat\\\/educaciolocal\\\/wp-content\\\/uploads\\\/sites\\\/18\\\/2023\\\/05\\\/8672901303_fab60c7403_b-Formacio-dadults-Foto-Francisco-Osorio.jpg\",\"width\":1024,\"height\":768,\"caption\":\"| Francisco Osorio\"},{\"@type\":\"BreadcrumbList\",\"@id\":\"https:\\\/\\\/diarieducacio.cat\\\/educaciolocal\\\/2023\\\/05\\\/18\\\/la-coeducacio-a-les-escoles-municipals-de-persones-adultes\\\/#breadcrumb\",\"itemListElement\":[{\"@type\":\"ListItem\",\"position\":1,\"name\":\"Inici\",\"item\":\"https:\\\/\\\/diarieducacio.cat\\\/educaciolocal\\\/\"},{\"@type\":\"ListItem\",\"position\":2,\"name\":\"La coeducaci\u00f3 a les escoles municipals de persones adultes\"}]},{\"@type\":\"WebSite\",\"@id\":\"https:\\\/\\\/diarieducacio.cat\\\/educaciolocal\\\/#website\",\"url\":\"https:\\\/\\\/diarieducacio.cat\\\/educaciolocal\\\/\",\"name\":\"El blog de l'educaci\u00f3 local\",\"description\":\"\",\"potentialAction\":[{\"@type\":\"SearchAction\",\"target\":{\"@type\":\"EntryPoint\",\"urlTemplate\":\"https:\\\/\\\/diarieducacio.cat\\\/educaciolocal\\\/?s={search_term_string}\"},\"query-input\":{\"@type\":\"PropertyValueSpecification\",\"valueRequired\":true,\"valueName\":\"search_term_string\"}}],\"inLanguage\":\"ca\"},{\"@type\":\"Person\",\"@id\":\"https:\\\/\\\/diarieducacio.cat\\\/educaciolocal\\\/#\\\/schema\\\/person\\\/82f3a87e98c27c63d910717cf4c4f4f0\",\"name\":\"Elena Sim\u00f3n\",\"image\":{\"@type\":\"ImageObject\",\"inLanguage\":\"ca\",\"@id\":\"https:\\\/\\\/secure.gravatar.com\\\/avatar\\\/77e2c96229be1b5fc0acfd94e0c3e65ed042e5d0f9998cc614b636dcafcf2a50?s=96&d=mm&r=g\",\"url\":\"https:\\\/\\\/secure.gravatar.com\\\/avatar\\\/77e2c96229be1b5fc0acfd94e0c3e65ed042e5d0f9998cc614b636dcafcf2a50?s=96&d=mm&r=g\",\"contentUrl\":\"https:\\\/\\\/secure.gravatar.com\\\/avatar\\\/77e2c96229be1b5fc0acfd94e0c3e65ed042e5d0f9998cc614b636dcafcf2a50?s=96&d=mm&r=g\",\"caption\":\"Elena Sim\u00f3n\"},\"description\":\"Professora de Secund\u00e0ria i Catedr\u00e0tica de Franc\u00e8s. Llicenciada en Filologia Moderna, ha estat durant m\u00e9s de la meitat de la vida professora d'Institut. Des del 1980, en qu\u00e8 es va fundar el Feminari d'Alacant, desenvolupa tasques de Formaci\u00f3 i divulgaci\u00f3 de la Coeducaci\u00f3, Llenguatge no sexista, Feminisme i G\u00e8nere. Ha redactat nombrosos materials did\u00e0ctics amb enfocament de g\u00e8nere. \u00c9s Formadora de G\u00e8nere i Coeducaci\u00f3.\",\"url\":\"https:\\\/\\\/diarieducacio.cat\\\/educaciolocal\\\/author\\\/elenasimon\\\/\"}]}<\/script>\n<!-- \/ Yoast SEO plugin. -->","yoast_head_json":{"title":"La coeducaci\u00f3 a les escoles municipals de persones adultes - El blog de l'educaci\u00f3 local","robots":{"index":"index","follow":"follow","max-snippet":"max-snippet:-1","max-image-preview":"max-image-preview:large","max-video-preview":"max-video-preview:-1"},"canonical":"https:\/\/diarieducacio.cat\/educaciolocal\/2023\/05\/18\/la-coeducacio-a-les-escoles-municipals-de-persones-adultes\/","og_locale":"ca_ES","og_type":"article","og_title":"La coeducaci\u00f3 a les escoles municipals de persones adultes - El blog de l'educaci\u00f3 local","og_description":"La coeducaci\u00f3 pot i ha de ser progressiva i amb una voluntat comuna expressada de forma expl\u00edcita als documents del centre, tant organitzatius com did\u00e0ctics: projecte de centre, projectes curriculars, programaci\u00f3 general anual, programacions de departament i d&#8217;aula, coordinacions de cicle o de nivell, activitats extraescolars, commemoratives i festives, impresos, avisos, sol\u00b7licituds, etc\u00e8tera. Perqu\u00e8 la","og_url":"https:\/\/diarieducacio.cat\/educaciolocal\/2023\/05\/18\/la-coeducacio-a-les-escoles-municipals-de-persones-adultes\/","og_site_name":"El blog de l'educaci\u00f3 local","article_publisher":"https:\/\/www.facebook.com\/diarieducacio\/","article_published_time":"2023-05-18T07:50:45+00:00","article_modified_time":"2024-08-08T08:52:44+00:00","og_image":[{"width":1024,"height":768,"url":"https:\/\/diarieducacio.cat\/educaciolocal\/wp-content\/uploads\/sites\/18\/2023\/05\/8672901303_fab60c7403_b-Formacio-dadults-Foto-Francisco-Osorio.jpg","type":"image\/jpeg"}],"author":"Elena Sim\u00f3n","twitter_card":"summary_large_image","twitter_creator":"@DiariEducacio","twitter_site":"@DiariEducacio","twitter_misc":{"Escrit per":"Elena Sim\u00f3n","Temps estimat de lectura":"6 minuts"},"schema":{"@context":"https:\/\/schema.org","@graph":[{"@type":"Article","@id":"https:\/\/diarieducacio.cat\/educaciolocal\/2023\/05\/18\/la-coeducacio-a-les-escoles-municipals-de-persones-adultes\/#article","isPartOf":{"@id":"https:\/\/diarieducacio.cat\/educaciolocal\/2023\/05\/18\/la-coeducacio-a-les-escoles-municipals-de-persones-adultes\/"},"author":{"name":"Elena Sim\u00f3n","@id":"https:\/\/diarieducacio.cat\/educaciolocal\/#\/schema\/person\/82f3a87e98c27c63d910717cf4c4f4f0"},"headline":"La coeducaci\u00f3 a les escoles municipals de persones adultes","datePublished":"2023-05-18T07:50:45+00:00","dateModified":"2024-08-08T08:52:44+00:00","mainEntityOfPage":{"@id":"https:\/\/diarieducacio.cat\/educaciolocal\/2023\/05\/18\/la-coeducacio-a-les-escoles-municipals-de-persones-adultes\/"},"wordCount":1199,"commentCount":0,"image":{"@id":"https:\/\/diarieducacio.cat\/educaciolocal\/2023\/05\/18\/la-coeducacio-a-les-escoles-municipals-de-persones-adultes\/#primaryimage"},"thumbnailUrl":"https:\/\/diarieducacio.cat\/educaciolocal\/wp-content\/uploads\/sites\/18\/2023\/05\/8672901303_fab60c7403_b-Formacio-dadults-Foto-Francisco-Osorio.jpg","keywords":["Coeducaci\u00f3","Educaci\u00f3 de persones adultes","EMPA"],"articleSection":["General","Opini\u00f3"],"inLanguage":"ca","potentialAction":[{"@type":"CommentAction","name":"Comment","target":["https:\/\/diarieducacio.cat\/educaciolocal\/2023\/05\/18\/la-coeducacio-a-les-escoles-municipals-de-persones-adultes\/#respond"]}]},{"@type":"WebPage","@id":"https:\/\/diarieducacio.cat\/educaciolocal\/2023\/05\/18\/la-coeducacio-a-les-escoles-municipals-de-persones-adultes\/","url":"https:\/\/diarieducacio.cat\/educaciolocal\/2023\/05\/18\/la-coeducacio-a-les-escoles-municipals-de-persones-adultes\/","name":"La coeducaci\u00f3 a les escoles municipals de persones adultes - El blog de l'educaci\u00f3 local","isPartOf":{"@id":"https:\/\/diarieducacio.cat\/educaciolocal\/#website"},"primaryImageOfPage":{"@id":"https:\/\/diarieducacio.cat\/educaciolocal\/2023\/05\/18\/la-coeducacio-a-les-escoles-municipals-de-persones-adultes\/#primaryimage"},"image":{"@id":"https:\/\/diarieducacio.cat\/educaciolocal\/2023\/05\/18\/la-coeducacio-a-les-escoles-municipals-de-persones-adultes\/#primaryimage"},"thumbnailUrl":"https:\/\/diarieducacio.cat\/educaciolocal\/wp-content\/uploads\/sites\/18\/2023\/05\/8672901303_fab60c7403_b-Formacio-dadults-Foto-Francisco-Osorio.jpg","datePublished":"2023-05-18T07:50:45+00:00","dateModified":"2024-08-08T08:52:44+00:00","author":{"@id":"https:\/\/diarieducacio.cat\/educaciolocal\/#\/schema\/person\/82f3a87e98c27c63d910717cf4c4f4f0"},"breadcrumb":{"@id":"https:\/\/diarieducacio.cat\/educaciolocal\/2023\/05\/18\/la-coeducacio-a-les-escoles-municipals-de-persones-adultes\/#breadcrumb"},"inLanguage":"ca","potentialAction":[{"@type":"ReadAction","target":["https:\/\/diarieducacio.cat\/educaciolocal\/2023\/05\/18\/la-coeducacio-a-les-escoles-municipals-de-persones-adultes\/"]}]},{"@type":"ImageObject","inLanguage":"ca","@id":"https:\/\/diarieducacio.cat\/educaciolocal\/2023\/05\/18\/la-coeducacio-a-les-escoles-municipals-de-persones-adultes\/#primaryimage","url":"https:\/\/diarieducacio.cat\/educaciolocal\/wp-content\/uploads\/sites\/18\/2023\/05\/8672901303_fab60c7403_b-Formacio-dadults-Foto-Francisco-Osorio.jpg","contentUrl":"https:\/\/diarieducacio.cat\/educaciolocal\/wp-content\/uploads\/sites\/18\/2023\/05\/8672901303_fab60c7403_b-Formacio-dadults-Foto-Francisco-Osorio.jpg","width":1024,"height":768,"caption":"| Francisco Osorio"},{"@type":"BreadcrumbList","@id":"https:\/\/diarieducacio.cat\/educaciolocal\/2023\/05\/18\/la-coeducacio-a-les-escoles-municipals-de-persones-adultes\/#breadcrumb","itemListElement":[{"@type":"ListItem","position":1,"name":"Inici","item":"https:\/\/diarieducacio.cat\/educaciolocal\/"},{"@type":"ListItem","position":2,"name":"La coeducaci\u00f3 a les escoles municipals de persones adultes"}]},{"@type":"WebSite","@id":"https:\/\/diarieducacio.cat\/educaciolocal\/#website","url":"https:\/\/diarieducacio.cat\/educaciolocal\/","name":"El blog de l'educaci\u00f3 local","description":"","potentialAction":[{"@type":"SearchAction","target":{"@type":"EntryPoint","urlTemplate":"https:\/\/diarieducacio.cat\/educaciolocal\/?s={search_term_string}"},"query-input":{"@type":"PropertyValueSpecification","valueRequired":true,"valueName":"search_term_string"}}],"inLanguage":"ca"},{"@type":"Person","@id":"https:\/\/diarieducacio.cat\/educaciolocal\/#\/schema\/person\/82f3a87e98c27c63d910717cf4c4f4f0","name":"Elena Sim\u00f3n","image":{"@type":"ImageObject","inLanguage":"ca","@id":"https:\/\/secure.gravatar.com\/avatar\/77e2c96229be1b5fc0acfd94e0c3e65ed042e5d0f9998cc614b636dcafcf2a50?s=96&d=mm&r=g","url":"https:\/\/secure.gravatar.com\/avatar\/77e2c96229be1b5fc0acfd94e0c3e65ed042e5d0f9998cc614b636dcafcf2a50?s=96&d=mm&r=g","contentUrl":"https:\/\/secure.gravatar.com\/avatar\/77e2c96229be1b5fc0acfd94e0c3e65ed042e5d0f9998cc614b636dcafcf2a50?s=96&d=mm&r=g","caption":"Elena Sim\u00f3n"},"description":"Professora de Secund\u00e0ria i Catedr\u00e0tica de Franc\u00e8s. Llicenciada en Filologia Moderna, ha estat durant m\u00e9s de la meitat de la vida professora d'Institut. Des del 1980, en qu\u00e8 es va fundar el Feminari d'Alacant, desenvolupa tasques de Formaci\u00f3 i divulgaci\u00f3 de la Coeducaci\u00f3, Llenguatge no sexista, Feminisme i G\u00e8nere. Ha redactat nombrosos materials did\u00e0ctics amb enfocament de g\u00e8nere. \u00c9s Formadora de G\u00e8nere i Coeducaci\u00f3.","url":"https:\/\/diarieducacio.cat\/educaciolocal\/author\/elenasimon\/"}]}},"_links":{"self":[{"href":"https:\/\/diarieducacio.cat\/educaciolocal\/wp-json\/wp\/v2\/posts\/3736","targetHints":{"allow":["GET"]}}],"collection":[{"href":"https:\/\/diarieducacio.cat\/educaciolocal\/wp-json\/wp\/v2\/posts"}],"about":[{"href":"https:\/\/diarieducacio.cat\/educaciolocal\/wp-json\/wp\/v2\/types\/post"}],"author":[{"embeddable":true,"href":"https:\/\/diarieducacio.cat\/educaciolocal\/wp-json\/wp\/v2\/users\/281"}],"replies":[{"embeddable":true,"href":"https:\/\/diarieducacio.cat\/educaciolocal\/wp-json\/wp\/v2\/comments?post=3736"}],"version-history":[{"count":1,"href":"https:\/\/diarieducacio.cat\/educaciolocal\/wp-json\/wp\/v2\/posts\/3736\/revisions"}],"predecessor-version":[{"id":4335,"href":"https:\/\/diarieducacio.cat\/educaciolocal\/wp-json\/wp\/v2\/posts\/3736\/revisions\/4335"}],"wp:featuredmedia":[{"embeddable":true,"href":"https:\/\/diarieducacio.cat\/educaciolocal\/wp-json\/wp\/v2\/media\/3743"}],"wp:attachment":[{"href":"https:\/\/diarieducacio.cat\/educaciolocal\/wp-json\/wp\/v2\/media?parent=3736"}],"wp:term":[{"taxonomy":"category","embeddable":true,"href":"https:\/\/diarieducacio.cat\/educaciolocal\/wp-json\/wp\/v2\/categories?post=3736"},{"taxonomy":"post_tag","embeddable":true,"href":"https:\/\/diarieducacio.cat\/educaciolocal\/wp-json\/wp\/v2\/tags?post=3736"},{"taxonomy":"tipo","embeddable":true,"href":"https:\/\/diarieducacio.cat\/educaciolocal\/wp-json\/wp\/v2\/tipo?post=3736"}],"curies":[{"name":"wp","href":"https:\/\/api.w.org\/{rel}","templated":true}]}}