{"id":3773,"date":"2023-06-08T04:00:44","date_gmt":"2023-06-08T04:00:44","guid":{"rendered":"https:\/\/diarieducacio.cat\/educaciolocal\/?p=3773"},"modified":"2024-08-08T10:52:44","modified_gmt":"2024-08-08T08:52:44","slug":"la-melodia-de-la-diversitat-un-piano-de-cua-sinstal%c2%b7la-a-les-escoles-deducacio-especial","status":"publish","type":"post","link":"https:\/\/diarieducacio.cat\/educaciolocal\/2023\/06\/08\/la-melodia-de-la-diversitat-un-piano-de-cua-sinstal%c2%b7la-a-les-escoles-deducacio-especial\/","title":{"rendered":"La melodia de la diversitat: Un piano de cua s&#8217;instal\u00b7la a les escoles d&#8217;educaci\u00f3 especial"},"content":{"rendered":"<p>A mesura que es va pujant des del mar, endinsant-se a Badalona, es comencen a sentir les tecles d&#8217;un piano. No \u00e9s una melodia afinada. Sona, m\u00e9s aviat, com tecles tocades aleat\u00f2riament. Perqu\u00e8 ho s\u00f3n. Qui interpreta no \u00e9s cap professional sin\u00f3 alumnes de l&#8217;escola d&#8217;educaci\u00f3 especial Llevant, que durant la darrera setmana de maig han pogut gaudir d&#8217;un piano de cua que la <a href=\"https:\/\/www.mariacanals.org\/\" target=\"_blank\" rel=\"noopener\">Fundaci\u00f3 Maria Canals<\/a> ha instal\u00b7lat al seu pati.<\/p>\n<p>Es tracta d&#8217;una iniciativa en el marc del<a href=\"https:\/\/www.mariacanals.org\/concurs\/\" target=\"_blank\" rel=\"noopener\"> Concurs Piano al Carrer,<\/a> que omple de pianos les ciutats perqu\u00e8 les persones puguin tocar-hi lliurement. A banda de la proposta original -que enguany arriba a la 68\u00aa edici\u00f3-, s&#8217;ha posat en marxa un &#8216;off concurs&#8217;, que duu pianos a llocs on aquest instrument, que tradicionalment s&#8217;ha identificat com a elitista, no acostuma a arribar.<\/p>\n<p>Alguns d&#8217;aquests indrets s\u00f3n escoles d&#8217;educaci\u00f3 especial com la <a href=\"https:\/\/agora.xtec.cat\/ceellevant\/\" target=\"_blank\" rel=\"noopener\">Llevant<\/a> de Badalona, un centre p\u00fablic amb alumnes d&#8217;entre 3 i 14 anys amb discapacitat intel\u00b7lectual severa. Entre les 73 criatures que hi acuden n&#8217;hi ha amb Trastorn de l&#8217;Espectre Autista (TEA), S\u00edndrome de Down o par\u00e0lisi cerebral, per exemple. En els darrers anys, la gravetat de les patologies que presenten els alumnes s&#8217;ha anat incrementant, tal com reconeixen des del centre. Per aix\u00f2, se centren en treballar la comunicaci\u00f3, l&#8217;autonomia, la capacitat de decidir, l&#8217;autoregulaci\u00f3 i les habilitats socials.<\/p>\n<p>I, per a realitzar aquesta tasca, \u201cles activitats m\u00e9s sensorials tenen un valor immens\u201d, tal com assegura Mar Borr\u00e0s, directora del centre, qui lamenta que la m\u00fasica i les arts abans tenien \u201cmolt m\u00e9s pes curricular\u201d a les escoles d&#8217;educaci\u00f3 especial. Ara, molts centres com l&#8217;Escola Llevant treballen per recuperar-ho, perqu\u00e8 \u201cl&#8217;evid\u00e8ncia cient\u00edfica ens hi porta\u201d, apunta.<\/p>\n<p style=\"text-align: left\">La m\u00fasica arriba a tothom. Aquesta \u00e9s la premissa sota la qual treballen en aquesta escola. Cantar, taral\u00b7lejar o marcar el ritme s\u00f3n activitats que connecten amb els alumnes. \u201c\u00c9s important comptar amb professionals que tinguin en compte la import\u00e0ncia de la melodia, del to, la intensitat o les pauses\u201d, explica Borr\u00e0s, qui assegura que encara que molts dels seus alumnes no parlin, es poden comunicar a trav\u00e9s del so.<\/p>\n<p>I aix\u00f2 \u00e9s exactament el qu\u00e8 passa al pati de l&#8217;Escola Llevant. Les interaccions dels alumnes amb el piano s\u00f3n diverses. N&#8217;hi ha que s&#8217;ho miren de lluny, que no tenen clar que s&#8217;hi vulguin acostar, per\u00f2 gaudeixen en la dist\u00e0ncia. D&#8217;altres, els m\u00e9s hipersensibles o els qui s\u00f3n sords, toquen la caixa per sentir les vibracions. Els m\u00e9s introvertits descansen sota el piano, on els sons arriben amplificats. I els m\u00e9s agosarats s&#8217;hi asseuen al davant i el toquen.<\/p>\n<p>Per\u00f2 no ho fan pas sols. Els acompanya en Jeroni Oliva, pianista i dinamitzador del Concurs. Ell estableix un di\u00e0leg amb les mans, tot observant amb quina energia toquen els alumnes. Els escolta i, en funci\u00f3 del ritme, la intensitat i la intenci\u00f3, comen\u00e7a a interpretar una melodia acord. En veure que les seves notes s\u00f3n respostes, els alumnes deixen de, simplement, colpejar les tecles, per a establir un di\u00e0leg musical amb Oliva.<\/p>\n<p>\u201cLes reaccions s\u00f3n brutals. Gestos que, per a nosaltres podrien ser micro, per a ells s\u00f3n macro\u201d, explica el pianista. Criatures amb par\u00e0lisi relaxen la musculatura de forma colpidora, nens amb TEA es relacionen a trav\u00e9s de la m\u00fasica. \u201c\u00c9s un joc. Quan veuen que m&#8217;adapto al que toquen, canvien de ritme per comprovar que encara els escolto. I, llavors, el piano parla per ells\u201d, explica Oliva, qui assegura que la melodia \u00e9s \u201ccom un bany d&#8217;aig\u00fces termals\u201d.<\/p>\n<p>I realment aix\u00ed ho sembla, sobretot observant aquelles criatures que s&#8217;ajeuen sota la caixa del piano, on les educadores hi han col\u00b7locat matalassos. \u201cAll\u00e0 arriba tot amplificat\u201d, explica Oliva. Els alumnes fan cua per apropar-se a l&#8217;instrument, provocant la sorpresa i admiraci\u00f3 de les seves fam\u00edlies que, durant una estoneta, poden acompanyar-los en aquesta activitat. La Conchi \u00e9s mare d&#8217;una de les criatures i observa embadalida com el seu fill toca. \u201cAquest mat\u00ed deia que no li agradava el piano!\u201d, exclama.<\/p>\n<p>Mentre el grava amb el tel\u00e8fon, explica que al seu fill li encanta la m\u00fasica. Sobretot la percussi\u00f3 amb ritmes marcats i clars que acompanya amb palmes i espetecs de dits. Per\u00f2 no les tenia totes amb que s&#8217;atrev\u00eds a posar-se a les tecles. I ho ha fet. Qui tamb\u00e9 s&#8217;ha atrevit \u00e9s en Joel, un alumne amb TEA de 14 anys, que aquest curs es gradua. Li encanta la m\u00fasica, de qualsevol tipus. A casa, de fet, t\u00e9 una guitarra, per\u00f2 li sembla un instrument massa dif\u00edcil de tocar. Per aix\u00f2, poder trastejar amb el piano li ha semblat una experi\u00e8ncia \u201cmolt xula\u201d.<\/p>\n<figure id=\"attachment_3775\" aria-describedby=\"caption-attachment-3775\" style=\"width: 961px\" class=\"wp-caption alignnone\"><img fetchpriority=\"high\" decoding=\"async\" class=\"wp-image-3775 size-full\" src=\"https:\/\/nostalgic-ishizaka.82-223-1-47.plesk.page\/educaciolocal\/wp-content\/uploads\/sites\/18\/2023\/06\/photo1685695348.jpeg\" alt=\"\" width=\"961\" height=\"721\" \/><figcaption id=\"caption-attachment-3775\" class=\"wp-caption-text\">Un dels alumnes de l&#8217;EE Llevant gaudeix del so del piano ajagut sota la caixa | SVB<\/figcaption><\/figure>\n<h3>Un regal per educadors i fam\u00edlies<\/h3>\n<p>L&#8217;Escola Llevant ha reservat una estona de l&#8217;activitat amb els alumnes perqu\u00e8 les fam\u00edlies puguin acompanyar els seus infants. Per\u00f2 tamb\u00e9 els ha regalat una estona per a elles soles. Quan totes les criatures hagin tornat a les aules, els adults es quedaran amb el piano i Oliva tocar\u00e0 per a ells i els dinamitzar\u00e0 una activitat. \u201cS\u00f3n persones que pateixen molt i carreguen moltes coses\u201d, expressa Mar Borr\u00e0s. A m\u00e9s, aquesta activitat \u00e9s una oportunitat per recuperar la relaci\u00f3 amb algunes fam\u00edlies. \u201cMolts alumnes arriben al centre amb un bus escolar, aix\u00ed que no veiem els seus pares\u201d, es lamenta la directora.<\/p>\n<p>Per\u00f2 les fam\u00edlies no s\u00f3n els \u00fanics adults que podran gaudir d&#8217;aquest piano de cua. Des de l&#8217;escola tamb\u00e9 s&#8217;ha reservat un espai per als monitors de menjador. \u201cS\u00f3n treballadors molt vocacionals, que estan poques hores amb els alumnes, per\u00f2 s\u00f3n de les m\u00e9s dures, perqu\u00e8 hi ha molts trastorns alimentaris\u201d, expressa Borr\u00e0s. \u201cA m\u00e9s, cobren molt poc. Ens hem d&#8217;ajudar les unes a les altres en aquest sector\u201d, afegeix.<\/p>\n<p>El piano \u00e9s una eina terap\u00e8utica, comunicacional i d&#8217;aprenentatge que serveix per a qualsevol, no nom\u00e9s pels alumnes amb diversitat funcional. De fet, la m\u00fasica \u00e9s una disciplina oblidada, per\u00f2 amb molt\u00edssimes potencialitats que poden ser \u00fatils al llarg de la vida. \u201c\u00c9s quelcom que tenim pendent a l&#8217;educaci\u00f3. No ha de ser nom\u00e9s una activitat reglada, amb solfeig i t\u00e8cnica, sin\u00f3 que ens ha de poder arribar de manera m\u00e9s popular\u201d, apunta Borr\u00e0s. \u201cEs tracta de sentir, no de saber-ne molt. Com m\u00e9s sentim, m\u00e9s captem, millor ens podrem comunicar\u201d, resumeix Oliva.<\/p>\n","protected":false},"excerpt":{"rendered":"<p>A mesura que es va pujant des del mar, endinsant-se a Badalona, es comencen a sentir les tecles d&#8217;un piano. No \u00e9s una melodia afinada. Sona, m\u00e9s aviat, com tecles tocades aleat\u00f2riament. Perqu\u00e8 ho s\u00f3n. Qui interpreta no \u00e9s cap professional sin\u00f3 alumnes de l&#8217;escola d&#8217;educaci\u00f3 especial Llevant, que durant la darrera setmana de maig<\/p>\n","protected":false},"author":44,"featured_media":3778,"comment_status":"open","ping_status":"closed","sticky":false,"template":"","format":"standard","meta":{"footnotes":""},"categories":[119,138,211,126,349,2,139,450],"tags":[361],"tipo":[394],"class_list":{"0":"post-3773","1":"post","2":"type-post","3":"status-publish","4":"format-standard","5":"has-post-thumbnail","7":"category-centres-educatius","8":"category-coeducacio","9":"category-educacio-al-llarg-de-la-vida","10":"category-escoles-municipals-de-persones-adultes","11":"category-feminismes","12":"category-general","13":"category-igualtat","14":"category-reportatge","15":"tag-escoles-deducacio-especial","16":"tipo-reportatge"},"yoast_head":"<!-- This site is optimized with the Yoast SEO plugin v27.4 - https:\/\/yoast.com\/product\/yoast-seo-wordpress\/ -->\n<title>La melodia de la diversitat: Un piano de cua s&#039;instal\u00b7la a les escoles d&#039;educaci\u00f3 especial - El blog de l&#039;educaci\u00f3 local<\/title>\n<meta name=\"robots\" content=\"index, follow, max-snippet:-1, max-image-preview:large, max-video-preview:-1\" \/>\n<link rel=\"canonical\" href=\"https:\/\/diarieducacio.cat\/educaciolocal\/2023\/06\/08\/la-melodia-de-la-diversitat-un-piano-de-cua-sinstal\u00b7la-a-les-escoles-deducacio-especial\/\" \/>\n<meta property=\"og:locale\" content=\"ca_ES\" \/>\n<meta property=\"og:type\" content=\"article\" \/>\n<meta property=\"og:title\" content=\"La melodia de la diversitat: Un piano de cua s&#039;instal\u00b7la a les escoles d&#039;educaci\u00f3 especial - El blog de l&#039;educaci\u00f3 local\" \/>\n<meta property=\"og:description\" content=\"A mesura que es va pujant des del mar, endinsant-se a Badalona, es comencen a sentir les tecles d&#8217;un piano. No \u00e9s una melodia afinada. Sona, m\u00e9s aviat, com tecles tocades aleat\u00f2riament. Perqu\u00e8 ho s\u00f3n. Qui interpreta no \u00e9s cap professional sin\u00f3 alumnes de l&#8217;escola d&#8217;educaci\u00f3 especial Llevant, que durant la darrera setmana de maig\" \/>\n<meta property=\"og:url\" content=\"https:\/\/diarieducacio.cat\/educaciolocal\/2023\/06\/08\/la-melodia-de-la-diversitat-un-piano-de-cua-sinstal\u00b7la-a-les-escoles-deducacio-especial\/\" \/>\n<meta property=\"og:site_name\" content=\"El blog de l&#039;educaci\u00f3 local\" \/>\n<meta property=\"article:publisher\" content=\"https:\/\/www.facebook.com\/diarieducacio\/\" \/>\n<meta property=\"article:published_time\" content=\"2023-06-08T04:00:44+00:00\" \/>\n<meta property=\"article:modified_time\" content=\"2024-08-08T08:52:44+00:00\" \/>\n<meta property=\"og:image\" content=\"https:\/\/diarieducacio.cat\/educaciolocal\/wp-content\/uploads\/sites\/18\/2023\/06\/photo1685695348-1-1-1.jpeg\" \/>\n\t<meta property=\"og:image:width\" content=\"962\" \/>\n\t<meta property=\"og:image:height\" content=\"721\" \/>\n\t<meta property=\"og:image:type\" content=\"image\/jpeg\" \/>\n<meta name=\"author\" content=\"Sandra Vicente\" \/>\n<meta name=\"twitter:card\" content=\"summary_large_image\" \/>\n<meta name=\"twitter:creator\" content=\"@&#039;@Sandra_ViBa\" \/>\n<meta name=\"twitter:site\" content=\"@DiariEducacio\" \/>\n<meta name=\"twitter:label1\" content=\"Escrit per\" \/>\n\t<meta name=\"twitter:data1\" content=\"Sandra Vicente\" \/>\n\t<meta name=\"twitter:label2\" content=\"Temps estimat de lectura\" \/>\n\t<meta name=\"twitter:data2\" content=\"6 minuts\" \/>\n<script type=\"application\/ld+json\" class=\"yoast-schema-graph\">{\"@context\":\"https:\\\/\\\/schema.org\",\"@graph\":[{\"@type\":\"Article\",\"@id\":\"https:\\\/\\\/diarieducacio.cat\\\/educaciolocal\\\/2023\\\/06\\\/08\\\/la-melodia-de-la-diversitat-un-piano-de-cua-sinstal%c2%b7la-a-les-escoles-deducacio-especial\\\/#article\",\"isPartOf\":{\"@id\":\"https:\\\/\\\/diarieducacio.cat\\\/educaciolocal\\\/2023\\\/06\\\/08\\\/la-melodia-de-la-diversitat-un-piano-de-cua-sinstal%c2%b7la-a-les-escoles-deducacio-especial\\\/\"},\"author\":{\"name\":\"Sandra Vicente\",\"@id\":\"https:\\\/\\\/diarieducacio.cat\\\/educaciolocal\\\/#\\\/schema\\\/person\\\/463dcfae2a9aa7b47cebc06062adf30e\"},\"headline\":\"La melodia de la diversitat: Un piano de cua s&#8217;instal\u00b7la a les escoles d&#8217;educaci\u00f3 especial\",\"datePublished\":\"2023-06-08T04:00:44+00:00\",\"dateModified\":\"2024-08-08T08:52:44+00:00\",\"mainEntityOfPage\":{\"@id\":\"https:\\\/\\\/diarieducacio.cat\\\/educaciolocal\\\/2023\\\/06\\\/08\\\/la-melodia-de-la-diversitat-un-piano-de-cua-sinstal%c2%b7la-a-les-escoles-deducacio-especial\\\/\"},\"wordCount\":1184,\"commentCount\":1,\"image\":{\"@id\":\"https:\\\/\\\/diarieducacio.cat\\\/educaciolocal\\\/2023\\\/06\\\/08\\\/la-melodia-de-la-diversitat-un-piano-de-cua-sinstal%c2%b7la-a-les-escoles-deducacio-especial\\\/#primaryimage\"},\"thumbnailUrl\":\"https:\\\/\\\/diarieducacio.cat\\\/educaciolocal\\\/wp-content\\\/uploads\\\/sites\\\/18\\\/2023\\\/06\\\/photo1685695348-1-1-1.jpeg\",\"keywords\":[\"Escoles d'Educaci\u00f3 Especial\"],\"articleSection\":[\"Centres educatius\",\"Coeducaci\u00f3\",\"Educaci\u00f3 al llarg de la vida\",\"Escoles municipals de persones adultes\",\"Feminismes\",\"General\",\"Igualtat\",\"Reportatge\"],\"inLanguage\":\"ca\",\"potentialAction\":[{\"@type\":\"CommentAction\",\"name\":\"Comment\",\"target\":[\"https:\\\/\\\/diarieducacio.cat\\\/educaciolocal\\\/2023\\\/06\\\/08\\\/la-melodia-de-la-diversitat-un-piano-de-cua-sinstal%c2%b7la-a-les-escoles-deducacio-especial\\\/#respond\"]}]},{\"@type\":\"WebPage\",\"@id\":\"https:\\\/\\\/diarieducacio.cat\\\/educaciolocal\\\/2023\\\/06\\\/08\\\/la-melodia-de-la-diversitat-un-piano-de-cua-sinstal%c2%b7la-a-les-escoles-deducacio-especial\\\/\",\"url\":\"https:\\\/\\\/diarieducacio.cat\\\/educaciolocal\\\/2023\\\/06\\\/08\\\/la-melodia-de-la-diversitat-un-piano-de-cua-sinstal%c2%b7la-a-les-escoles-deducacio-especial\\\/\",\"name\":\"La melodia de la diversitat: Un piano de cua s'instal\u00b7la a les escoles d'educaci\u00f3 especial - El blog de l'educaci\u00f3 local\",\"isPartOf\":{\"@id\":\"https:\\\/\\\/diarieducacio.cat\\\/educaciolocal\\\/#website\"},\"primaryImageOfPage\":{\"@id\":\"https:\\\/\\\/diarieducacio.cat\\\/educaciolocal\\\/2023\\\/06\\\/08\\\/la-melodia-de-la-diversitat-un-piano-de-cua-sinstal%c2%b7la-a-les-escoles-deducacio-especial\\\/#primaryimage\"},\"image\":{\"@id\":\"https:\\\/\\\/diarieducacio.cat\\\/educaciolocal\\\/2023\\\/06\\\/08\\\/la-melodia-de-la-diversitat-un-piano-de-cua-sinstal%c2%b7la-a-les-escoles-deducacio-especial\\\/#primaryimage\"},\"thumbnailUrl\":\"https:\\\/\\\/diarieducacio.cat\\\/educaciolocal\\\/wp-content\\\/uploads\\\/sites\\\/18\\\/2023\\\/06\\\/photo1685695348-1-1-1.jpeg\",\"datePublished\":\"2023-06-08T04:00:44+00:00\",\"dateModified\":\"2024-08-08T08:52:44+00:00\",\"author\":{\"@id\":\"https:\\\/\\\/diarieducacio.cat\\\/educaciolocal\\\/#\\\/schema\\\/person\\\/463dcfae2a9aa7b47cebc06062adf30e\"},\"breadcrumb\":{\"@id\":\"https:\\\/\\\/diarieducacio.cat\\\/educaciolocal\\\/2023\\\/06\\\/08\\\/la-melodia-de-la-diversitat-un-piano-de-cua-sinstal%c2%b7la-a-les-escoles-deducacio-especial\\\/#breadcrumb\"},\"inLanguage\":\"ca\",\"potentialAction\":[{\"@type\":\"ReadAction\",\"target\":[\"https:\\\/\\\/diarieducacio.cat\\\/educaciolocal\\\/2023\\\/06\\\/08\\\/la-melodia-de-la-diversitat-un-piano-de-cua-sinstal%c2%b7la-a-les-escoles-deducacio-especial\\\/\"]}]},{\"@type\":\"ImageObject\",\"inLanguage\":\"ca\",\"@id\":\"https:\\\/\\\/diarieducacio.cat\\\/educaciolocal\\\/2023\\\/06\\\/08\\\/la-melodia-de-la-diversitat-un-piano-de-cua-sinstal%c2%b7la-a-les-escoles-deducacio-especial\\\/#primaryimage\",\"url\":\"https:\\\/\\\/diarieducacio.cat\\\/educaciolocal\\\/wp-content\\\/uploads\\\/sites\\\/18\\\/2023\\\/06\\\/photo1685695348-1-1-1.jpeg\",\"contentUrl\":\"https:\\\/\\\/diarieducacio.cat\\\/educaciolocal\\\/wp-content\\\/uploads\\\/sites\\\/18\\\/2023\\\/06\\\/photo1685695348-1-1-1.jpeg\",\"width\":962,\"height\":721,\"caption\":\"Alumnes de l'EE Llevant toquen el piano acompanyats d'en Jeroni Oliva\"},{\"@type\":\"BreadcrumbList\",\"@id\":\"https:\\\/\\\/diarieducacio.cat\\\/educaciolocal\\\/2023\\\/06\\\/08\\\/la-melodia-de-la-diversitat-un-piano-de-cua-sinstal%c2%b7la-a-les-escoles-deducacio-especial\\\/#breadcrumb\",\"itemListElement\":[{\"@type\":\"ListItem\",\"position\":1,\"name\":\"Inici\",\"item\":\"https:\\\/\\\/diarieducacio.cat\\\/educaciolocal\\\/\"},{\"@type\":\"ListItem\",\"position\":2,\"name\":\"La melodia de la diversitat: Un piano de cua s&#8217;instal\u00b7la a les escoles d&#8217;educaci\u00f3 especial\"}]},{\"@type\":\"WebSite\",\"@id\":\"https:\\\/\\\/diarieducacio.cat\\\/educaciolocal\\\/#website\",\"url\":\"https:\\\/\\\/diarieducacio.cat\\\/educaciolocal\\\/\",\"name\":\"El blog de l'educaci\u00f3 local\",\"description\":\"\",\"potentialAction\":[{\"@type\":\"SearchAction\",\"target\":{\"@type\":\"EntryPoint\",\"urlTemplate\":\"https:\\\/\\\/diarieducacio.cat\\\/educaciolocal\\\/?s={search_term_string}\"},\"query-input\":{\"@type\":\"PropertyValueSpecification\",\"valueRequired\":true,\"valueName\":\"search_term_string\"}}],\"inLanguage\":\"ca\"},{\"@type\":\"Person\",\"@id\":\"https:\\\/\\\/diarieducacio.cat\\\/educaciolocal\\\/#\\\/schema\\\/person\\\/463dcfae2a9aa7b47cebc06062adf30e\",\"name\":\"Sandra Vicente\",\"image\":{\"@type\":\"ImageObject\",\"inLanguage\":\"ca\",\"@id\":\"https:\\\/\\\/secure.gravatar.com\\\/avatar\\\/3dd28ae54eb171998dd82158d419846e897be79c3e08718e1c5003b3e7d1246d?s=96&d=mm&r=g\",\"url\":\"https:\\\/\\\/secure.gravatar.com\\\/avatar\\\/3dd28ae54eb171998dd82158d419846e897be79c3e08718e1c5003b3e7d1246d?s=96&d=mm&r=g\",\"contentUrl\":\"https:\\\/\\\/secure.gravatar.com\\\/avatar\\\/3dd28ae54eb171998dd82158d419846e897be79c3e08718e1c5003b3e7d1246d?s=96&d=mm&r=g\",\"caption\":\"Sandra Vicente\"},\"sameAs\":[\"https:\\\/\\\/x.com\\\/'@Sandra_ViBa\"],\"url\":\"https:\\\/\\\/diarieducacio.cat\\\/educaciolocal\\\/author\\\/svicente\\\/\"}]}<\/script>\n<!-- \/ Yoast SEO plugin. -->","yoast_head_json":{"title":"La melodia de la diversitat: Un piano de cua s'instal\u00b7la a les escoles d'educaci\u00f3 especial - El blog de l'educaci\u00f3 local","robots":{"index":"index","follow":"follow","max-snippet":"max-snippet:-1","max-image-preview":"max-image-preview:large","max-video-preview":"max-video-preview:-1"},"canonical":"https:\/\/diarieducacio.cat\/educaciolocal\/2023\/06\/08\/la-melodia-de-la-diversitat-un-piano-de-cua-sinstal\u00b7la-a-les-escoles-deducacio-especial\/","og_locale":"ca_ES","og_type":"article","og_title":"La melodia de la diversitat: Un piano de cua s'instal\u00b7la a les escoles d'educaci\u00f3 especial - El blog de l'educaci\u00f3 local","og_description":"A mesura que es va pujant des del mar, endinsant-se a Badalona, es comencen a sentir les tecles d&#8217;un piano. No \u00e9s una melodia afinada. Sona, m\u00e9s aviat, com tecles tocades aleat\u00f2riament. Perqu\u00e8 ho s\u00f3n. Qui interpreta no \u00e9s cap professional sin\u00f3 alumnes de l&#8217;escola d&#8217;educaci\u00f3 especial Llevant, que durant la darrera setmana de maig","og_url":"https:\/\/diarieducacio.cat\/educaciolocal\/2023\/06\/08\/la-melodia-de-la-diversitat-un-piano-de-cua-sinstal\u00b7la-a-les-escoles-deducacio-especial\/","og_site_name":"El blog de l'educaci\u00f3 local","article_publisher":"https:\/\/www.facebook.com\/diarieducacio\/","article_published_time":"2023-06-08T04:00:44+00:00","article_modified_time":"2024-08-08T08:52:44+00:00","og_image":[{"width":962,"height":721,"url":"https:\/\/diarieducacio.cat\/educaciolocal\/wp-content\/uploads\/sites\/18\/2023\/06\/photo1685695348-1-1-1.jpeg","type":"image\/jpeg"}],"author":"Sandra Vicente","twitter_card":"summary_large_image","twitter_creator":"@'@Sandra_ViBa","twitter_site":"@DiariEducacio","twitter_misc":{"Escrit per":"Sandra Vicente","Temps estimat de lectura":"6 minuts"},"schema":{"@context":"https:\/\/schema.org","@graph":[{"@type":"Article","@id":"https:\/\/diarieducacio.cat\/educaciolocal\/2023\/06\/08\/la-melodia-de-la-diversitat-un-piano-de-cua-sinstal%c2%b7la-a-les-escoles-deducacio-especial\/#article","isPartOf":{"@id":"https:\/\/diarieducacio.cat\/educaciolocal\/2023\/06\/08\/la-melodia-de-la-diversitat-un-piano-de-cua-sinstal%c2%b7la-a-les-escoles-deducacio-especial\/"},"author":{"name":"Sandra Vicente","@id":"https:\/\/diarieducacio.cat\/educaciolocal\/#\/schema\/person\/463dcfae2a9aa7b47cebc06062adf30e"},"headline":"La melodia de la diversitat: Un piano de cua s&#8217;instal\u00b7la a les escoles d&#8217;educaci\u00f3 especial","datePublished":"2023-06-08T04:00:44+00:00","dateModified":"2024-08-08T08:52:44+00:00","mainEntityOfPage":{"@id":"https:\/\/diarieducacio.cat\/educaciolocal\/2023\/06\/08\/la-melodia-de-la-diversitat-un-piano-de-cua-sinstal%c2%b7la-a-les-escoles-deducacio-especial\/"},"wordCount":1184,"commentCount":1,"image":{"@id":"https:\/\/diarieducacio.cat\/educaciolocal\/2023\/06\/08\/la-melodia-de-la-diversitat-un-piano-de-cua-sinstal%c2%b7la-a-les-escoles-deducacio-especial\/#primaryimage"},"thumbnailUrl":"https:\/\/diarieducacio.cat\/educaciolocal\/wp-content\/uploads\/sites\/18\/2023\/06\/photo1685695348-1-1-1.jpeg","keywords":["Escoles d'Educaci\u00f3 Especial"],"articleSection":["Centres educatius","Coeducaci\u00f3","Educaci\u00f3 al llarg de la vida","Escoles municipals de persones adultes","Feminismes","General","Igualtat","Reportatge"],"inLanguage":"ca","potentialAction":[{"@type":"CommentAction","name":"Comment","target":["https:\/\/diarieducacio.cat\/educaciolocal\/2023\/06\/08\/la-melodia-de-la-diversitat-un-piano-de-cua-sinstal%c2%b7la-a-les-escoles-deducacio-especial\/#respond"]}]},{"@type":"WebPage","@id":"https:\/\/diarieducacio.cat\/educaciolocal\/2023\/06\/08\/la-melodia-de-la-diversitat-un-piano-de-cua-sinstal%c2%b7la-a-les-escoles-deducacio-especial\/","url":"https:\/\/diarieducacio.cat\/educaciolocal\/2023\/06\/08\/la-melodia-de-la-diversitat-un-piano-de-cua-sinstal%c2%b7la-a-les-escoles-deducacio-especial\/","name":"La melodia de la diversitat: Un piano de cua s'instal\u00b7la a les escoles d'educaci\u00f3 especial - El blog de l'educaci\u00f3 local","isPartOf":{"@id":"https:\/\/diarieducacio.cat\/educaciolocal\/#website"},"primaryImageOfPage":{"@id":"https:\/\/diarieducacio.cat\/educaciolocal\/2023\/06\/08\/la-melodia-de-la-diversitat-un-piano-de-cua-sinstal%c2%b7la-a-les-escoles-deducacio-especial\/#primaryimage"},"image":{"@id":"https:\/\/diarieducacio.cat\/educaciolocal\/2023\/06\/08\/la-melodia-de-la-diversitat-un-piano-de-cua-sinstal%c2%b7la-a-les-escoles-deducacio-especial\/#primaryimage"},"thumbnailUrl":"https:\/\/diarieducacio.cat\/educaciolocal\/wp-content\/uploads\/sites\/18\/2023\/06\/photo1685695348-1-1-1.jpeg","datePublished":"2023-06-08T04:00:44+00:00","dateModified":"2024-08-08T08:52:44+00:00","author":{"@id":"https:\/\/diarieducacio.cat\/educaciolocal\/#\/schema\/person\/463dcfae2a9aa7b47cebc06062adf30e"},"breadcrumb":{"@id":"https:\/\/diarieducacio.cat\/educaciolocal\/2023\/06\/08\/la-melodia-de-la-diversitat-un-piano-de-cua-sinstal%c2%b7la-a-les-escoles-deducacio-especial\/#breadcrumb"},"inLanguage":"ca","potentialAction":[{"@type":"ReadAction","target":["https:\/\/diarieducacio.cat\/educaciolocal\/2023\/06\/08\/la-melodia-de-la-diversitat-un-piano-de-cua-sinstal%c2%b7la-a-les-escoles-deducacio-especial\/"]}]},{"@type":"ImageObject","inLanguage":"ca","@id":"https:\/\/diarieducacio.cat\/educaciolocal\/2023\/06\/08\/la-melodia-de-la-diversitat-un-piano-de-cua-sinstal%c2%b7la-a-les-escoles-deducacio-especial\/#primaryimage","url":"https:\/\/diarieducacio.cat\/educaciolocal\/wp-content\/uploads\/sites\/18\/2023\/06\/photo1685695348-1-1-1.jpeg","contentUrl":"https:\/\/diarieducacio.cat\/educaciolocal\/wp-content\/uploads\/sites\/18\/2023\/06\/photo1685695348-1-1-1.jpeg","width":962,"height":721,"caption":"Alumnes de l'EE Llevant toquen el piano acompanyats d'en Jeroni Oliva"},{"@type":"BreadcrumbList","@id":"https:\/\/diarieducacio.cat\/educaciolocal\/2023\/06\/08\/la-melodia-de-la-diversitat-un-piano-de-cua-sinstal%c2%b7la-a-les-escoles-deducacio-especial\/#breadcrumb","itemListElement":[{"@type":"ListItem","position":1,"name":"Inici","item":"https:\/\/diarieducacio.cat\/educaciolocal\/"},{"@type":"ListItem","position":2,"name":"La melodia de la diversitat: Un piano de cua s&#8217;instal\u00b7la a les escoles d&#8217;educaci\u00f3 especial"}]},{"@type":"WebSite","@id":"https:\/\/diarieducacio.cat\/educaciolocal\/#website","url":"https:\/\/diarieducacio.cat\/educaciolocal\/","name":"El blog de l'educaci\u00f3 local","description":"","potentialAction":[{"@type":"SearchAction","target":{"@type":"EntryPoint","urlTemplate":"https:\/\/diarieducacio.cat\/educaciolocal\/?s={search_term_string}"},"query-input":{"@type":"PropertyValueSpecification","valueRequired":true,"valueName":"search_term_string"}}],"inLanguage":"ca"},{"@type":"Person","@id":"https:\/\/diarieducacio.cat\/educaciolocal\/#\/schema\/person\/463dcfae2a9aa7b47cebc06062adf30e","name":"Sandra Vicente","image":{"@type":"ImageObject","inLanguage":"ca","@id":"https:\/\/secure.gravatar.com\/avatar\/3dd28ae54eb171998dd82158d419846e897be79c3e08718e1c5003b3e7d1246d?s=96&d=mm&r=g","url":"https:\/\/secure.gravatar.com\/avatar\/3dd28ae54eb171998dd82158d419846e897be79c3e08718e1c5003b3e7d1246d?s=96&d=mm&r=g","contentUrl":"https:\/\/secure.gravatar.com\/avatar\/3dd28ae54eb171998dd82158d419846e897be79c3e08718e1c5003b3e7d1246d?s=96&d=mm&r=g","caption":"Sandra Vicente"},"sameAs":["https:\/\/x.com\/'@Sandra_ViBa"],"url":"https:\/\/diarieducacio.cat\/educaciolocal\/author\/svicente\/"}]}},"_links":{"self":[{"href":"https:\/\/diarieducacio.cat\/educaciolocal\/wp-json\/wp\/v2\/posts\/3773","targetHints":{"allow":["GET"]}}],"collection":[{"href":"https:\/\/diarieducacio.cat\/educaciolocal\/wp-json\/wp\/v2\/posts"}],"about":[{"href":"https:\/\/diarieducacio.cat\/educaciolocal\/wp-json\/wp\/v2\/types\/post"}],"author":[{"embeddable":true,"href":"https:\/\/diarieducacio.cat\/educaciolocal\/wp-json\/wp\/v2\/users\/44"}],"replies":[{"embeddable":true,"href":"https:\/\/diarieducacio.cat\/educaciolocal\/wp-json\/wp\/v2\/comments?post=3773"}],"version-history":[{"count":1,"href":"https:\/\/diarieducacio.cat\/educaciolocal\/wp-json\/wp\/v2\/posts\/3773\/revisions"}],"predecessor-version":[{"id":4338,"href":"https:\/\/diarieducacio.cat\/educaciolocal\/wp-json\/wp\/v2\/posts\/3773\/revisions\/4338"}],"wp:featuredmedia":[{"embeddable":true,"href":"https:\/\/diarieducacio.cat\/educaciolocal\/wp-json\/wp\/v2\/media\/3778"}],"wp:attachment":[{"href":"https:\/\/diarieducacio.cat\/educaciolocal\/wp-json\/wp\/v2\/media?parent=3773"}],"wp:term":[{"taxonomy":"category","embeddable":true,"href":"https:\/\/diarieducacio.cat\/educaciolocal\/wp-json\/wp\/v2\/categories?post=3773"},{"taxonomy":"post_tag","embeddable":true,"href":"https:\/\/diarieducacio.cat\/educaciolocal\/wp-json\/wp\/v2\/tags?post=3773"},{"taxonomy":"tipo","embeddable":true,"href":"https:\/\/diarieducacio.cat\/educaciolocal\/wp-json\/wp\/v2\/tipo?post=3773"}],"curies":[{"name":"wp","href":"https:\/\/api.w.org\/{rel}","templated":true}]}}