{"id":383,"date":"2017-05-26T06:00:12","date_gmt":"2017-05-26T06:00:12","guid":{"rendered":"https:\/\/diarieducacio.cat\/educaciolocal\/?p=383"},"modified":"2017-05-26T06:00:12","modified_gmt":"2017-05-26T06:00:12","slug":"dia-internacional-joc-jugar-avui-dia","status":"publish","type":"post","link":"https:\/\/diarieducacio.cat\/educaciolocal\/2017\/05\/26\/dia-internacional-joc-jugar-avui-dia\/","title":{"rendered":"Dia Internacional del Joc: jugar avui i cada dia"},"content":{"rendered":"<p><img fetchpriority=\"high\" decoding=\"async\" class=\"aligncenter wp-image-386 size-full\" title=\"\u00a9 Molly Sabourin via Flickr (CC by 2.0)\" src=\"https:\/\/diarieducacio.cat\/educaciolocal\/wp-content\/uploads\/sites\/26\/2017\/05\/Molly-Sabourin-via-Flickr-CC-by-2.0.jpg\" alt=\"\" width=\"2660\" height=\"1767\" \/><\/p>\n<h6 style=\"text-align: right\"><span style=\"color: #999999\">\u00a9 Molly Sabourin via Flickr (CC by 2.0)<\/span><\/h6>\n<h3><strong>Jugar \u00e9s una activitat molt seriosa, \u00e9s un dret dels infants<\/strong><\/h3>\n<p>Jugar \u00e9s un dret pels infants, fonamentalment, perqu\u00e8 la vida infantil no es pot concebre sense el joc. Jugar \u00e9s s\u00edmptoma de salut, tal com diu l\u2019Acad\u00e8mia Americana de Pediatria: \u201c<em>El joc \u00e9s essencial, per sobre de cap altra activitat, perqu\u00e8 els infants assoleixin metes socials, emocionals i intel\u00b7lectuals en el seu desenvolupament, i els ajuda a gestionar l\u2019estr\u00e8s i a adaptar-se millor a diferents circumst\u00e0ncies\u201d.<\/em><\/p>\n<p>No ens ha d\u2019estranyar, doncs, que l\u2019Assemblea de Nacions Unides aprov\u00e9s el 20 de novembre de 1959 la Declaraci\u00f3 dels Drets dels Infants, on es recull el Dret a Jugar. Posteriorment, el 1989, quan s\u2019aprova la <a href=\"https:\/\/old.unicef.es\/sites\/www.unicef.es\/files\/recursos\/CDN_CAT_2013_CDN.PDF\" target=\"_blank\" rel=\"noopener noreferrer\">Convenci\u00f3 dels Drets dels Infants<\/a>, es recull a l\u2019article 31 aquest dret: &#8220;<em>Els Estats Parts reconeixen el dret dels infants al descans i a l&#8217;esbarjo, al joc i a les activitats recreatives pr\u00f2pies de la seva edat i a participar lliurement en la vida cultural i en les arts. Els Estats Parts respectaran i promouran el dret dels infants a participar plenament en la vida cultural i art\u00edstica i els propiciaran oportunitats apropiades, en condicions d&#8217;igualtat, de participar en l&#8217;activitat cultural, art\u00edstica, recreativa i d&#8217;esbarjo&#8221;.<\/em><\/p>\n<h3><strong>28 de maig: Dia Internacional del Joc\u00a0 <\/strong><\/h3>\n<p>Convertir el 28 de maig en el Dia Internacional del Joc ha estat una iniciativa de la <a href=\"http:\/\/itla-toylibraries.org\/home\/2016\/05\/10\/world-play-day\/\" target=\"_blank\" rel=\"noopener noreferrer\">ITLA (International Toy Library Association)<\/a>, llen\u00e7ada l\u2019any 1998 per Freda Kim, qui era presidenta en aquell moment. El fet de celebrar conjuntament el Dia Internacional del Joc ens permet recordar a tot el m\u00f3n que jugar \u00e9s un dret dels infants &#8211; indispensable tamb\u00e9 en totes les etapes de la vida &#8211; i que els adults (pares, mares, educadors, institucions, administracions&#8230;) tenim la responsabilitat de garantir les condicions necess\u00e0ries per afavorir el joc.<\/p>\n<p>Des de llavors, any rere\u00a0any, aquesta diada s\u2019ha anat consolidant a m\u00e9s pa\u00efsos, gr\u00e0cies a la for\u00e7a i insist\u00e8ncia principalment de les ludoteques repartides per tot el m\u00f3n. Aqu\u00ed a Catalunya \u00e9s l\u2019Associaci\u00f3 <a href=\"http:\/\/jugaresunderecho.org\/ca\" target=\"_blank\" rel=\"noopener noreferrer\">IPA Spain<\/a> qui l\u2019impulsa a trav\u00e9s de la seva web <a href=\"http:\/\/jugaresunderecho.org\/ca\/dia-del-joc\" target=\"_blank\" rel=\"noopener noreferrer\">Dret a Jugar<\/a>.<\/p>\n<h3><strong>La m\u00e0gia i el poder del joc<\/strong><\/h3>\n<p>Per\u00f2 evidentment, no es tracta de jugar un dia, sin\u00f3 de garantir el desenvolupament de la capacitat l\u00fadica de les persones i principalment dels infants els 365 dies de l\u2019any. Perqu\u00e8 si avui, com a adults, som capa\u00e7os de superar reptes de la vida \u00e9s, probablement, perqu\u00e8 un dia ens vam atrevir a pujar a una bicicleta. I si som capa\u00e7os de gaudir de la contemplaci\u00f3 d\u2019una posta de sol, \u00e9s perqu\u00e8 moltes tardes ens vam quedar embadalits mirant com giravoltava una baldufa. Segurament, si avui podem posar-nos en el lloc de l\u2019altre, \u00e9s perqu\u00e8 una vegada vam jugar a ser una altra persona.<\/p>\n<p><img decoding=\"async\" class=\"aligncenter wp-image-390 size-full\" src=\"https:\/\/diarieducacio.cat\/educaciolocal\/wp-content\/uploads\/sites\/26\/2017\/05\/Gonzalo-Cort\u00e1zar-via-Flickr-CC-by-2.0.jpg\" alt=\"\" width=\"1176\" height=\"881\" \/><\/p>\n<h6 style=\"text-align: right\"><span style=\"color: #999999\">\u00a9 Gonzalo Cort\u00e1zar via Flick (CC by 2.0)<\/span><\/h6>\n<h3><strong>El dret a jugar: un comprom\u00eds de tota la societat<\/strong><\/h3>\n<p>Si jugar \u00e9s imprescindible per la salut dels nostres infants i estem conven\u00e7uts que els ajuda a progressar i aprendre de l\u2019entorn canviant en el qual viuen, llavors est\u00e0 clar que haur\u00edem de concentrar la nostra voluntat en estimular la seva capacitat de jugar i. tamb\u00e9, recuperar la nostra. Per aix\u00f2 ens \u00e9s imprescindible prioritzar l\u2019educaci\u00f3 de l&#8217;actitud l\u00fadica: lliure, de gaudi, alegre, curiosa i de total gratu\u00eftat. Necessitem despertar la necessitat i el desig, les ganes de mirar, tocar, saber, riure, abra\u00e7ar, explorar, pensar, preguntar, saber. I per tot aix\u00f2 ser\u00e0 necessari reservar i imaginar temps i espais per jugar. A les cases, per\u00f2 tamb\u00e9 als carrers i places, fent realitat ciutats veritablement amables per a petits i grans.<\/p>\n<p>La bona not\u00edcia \u00e9s que cada cop s\u00f3n m\u00e9s ajuntaments i institucions socioeducatives les que aposten per fer possibles aquests temps i espais de joc. Bons exemples s\u00f3n la quantitat de <a href=\"http:\/\/www.fbofill.cat\/sites\/default\/files\/525.pdf\" target=\"_blank\" rel=\"noopener noreferrer\">patis escolars<\/a> que estan reflexionant i actuant per transformar-se en veritables espais d\u2019oportunitats educatives, projectes com el de Patis Oberts que permeten gaudir als infants i llurs fam\u00edlies dels patis escolars fora de l\u2019horari lectiu; les xarxes de ludoteques impulsades pels municipis, veritables espais de joc i socialitzaci\u00f3 de les joguines, etc\u00e8tera.<\/p>\n<p>Tant de bo, cada any m\u00e9s municipis se sumin a la celebraci\u00f3 del Dia del Joc, obrint patis i carrers al joc i reflexionant, conjuntament amb escoles, entitats i fam\u00edlies, sobre com garantir aquest dret els 365 dies de l\u2019any.<\/p>\n","protected":false},"excerpt":{"rendered":"<p>Aprofitem la celebraci\u00f3, el proper 28 de maig, del Dia Internacional del Joc, per posar el focus sobre la import\u00e0ncia de garantir aquest dret dels infants, indispensable tamb\u00e9 en totes les etapes de la vida<\/p>\n","protected":false},"author":208,"featured_media":386,"comment_status":"open","ping_status":"open","sticky":false,"template":"","format":"standard","meta":{"footnotes":""},"categories":[2],"tags":[114,115,157,158,159,160],"tipo":[],"class_list":{"0":"post-383","1":"post","2":"type-post","3":"status-publish","4":"format-standard","5":"has-post-thumbnail","7":"category-general","8":"tag-ciutats-educadores","9":"tag-dret-a-leducacio","10":"tag-joc","11":"tag-jugar","12":"tag-ludoteques","13":"tag-patis-oberts"},"yoast_head":"<!-- This site is optimized with the Yoast SEO plugin v27.4 - https:\/\/yoast.com\/product\/yoast-seo-wordpress\/ -->\n<title>Dia Internacional del Joc: jugar avui i cada dia - El blog de l&#039;educaci\u00f3 local<\/title>\n<meta name=\"robots\" content=\"index, follow, max-snippet:-1, max-image-preview:large, max-video-preview:-1\" \/>\n<link rel=\"canonical\" href=\"https:\/\/diarieducacio.cat\/educaciolocal\/2017\/05\/26\/dia-internacional-joc-jugar-avui-dia\/\" \/>\n<meta property=\"og:locale\" content=\"ca_ES\" \/>\n<meta property=\"og:type\" content=\"article\" \/>\n<meta property=\"og:title\" content=\"Dia Internacional del Joc: jugar avui i cada dia - El blog de l&#039;educaci\u00f3 local\" \/>\n<meta property=\"og:description\" content=\"Aprofitem la celebraci\u00f3, el proper 28 de maig, del Dia Internacional del Joc, per posar el focus sobre la import\u00e0ncia de garantir aquest dret dels infants, indispensable tamb\u00e9 en totes les etapes de la vida\" \/>\n<meta property=\"og:url\" content=\"https:\/\/diarieducacio.cat\/educaciolocal\/2017\/05\/26\/dia-internacional-joc-jugar-avui-dia\/\" \/>\n<meta property=\"og:site_name\" content=\"El blog de l&#039;educaci\u00f3 local\" \/>\n<meta property=\"article:publisher\" content=\"https:\/\/www.facebook.com\/diarieducacio\/\" \/>\n<meta property=\"article:published_time\" content=\"2017-05-26T06:00:12+00:00\" \/>\n<meta property=\"og:image\" content=\"https:\/\/diarieducacio.cat\/educaciolocal\/wp-content\/uploads\/sites\/18\/2017\/05\/Molly-Sabourin-via-Flickr-CC-by-2.0-scaled-1.jpg\" \/>\n\t<meta property=\"og:image:width\" content=\"2560\" \/>\n\t<meta property=\"og:image:height\" content=\"1701\" \/>\n\t<meta property=\"og:image:type\" content=\"image\/jpeg\" \/>\n<meta name=\"author\" content=\"Imma Mar\u00edn\" \/>\n<meta name=\"twitter:card\" content=\"summary_large_image\" \/>\n<meta name=\"twitter:creator\" content=\"@DiariEducacio\" \/>\n<meta name=\"twitter:site\" content=\"@DiariEducacio\" \/>\n<meta name=\"twitter:label1\" content=\"Escrit per\" \/>\n\t<meta name=\"twitter:data1\" content=\"Imma Mar\u00edn\" \/>\n\t<meta name=\"twitter:label2\" content=\"Temps estimat de lectura\" \/>\n\t<meta name=\"twitter:data2\" content=\"4 minuts\" \/>\n<script type=\"application\/ld+json\" class=\"yoast-schema-graph\">{\"@context\":\"https:\\\/\\\/schema.org\",\"@graph\":[{\"@type\":\"Article\",\"@id\":\"https:\\\/\\\/diarieducacio.cat\\\/educaciolocal\\\/2017\\\/05\\\/26\\\/dia-internacional-joc-jugar-avui-dia\\\/#article\",\"isPartOf\":{\"@id\":\"https:\\\/\\\/diarieducacio.cat\\\/educaciolocal\\\/2017\\\/05\\\/26\\\/dia-internacional-joc-jugar-avui-dia\\\/\"},\"author\":{\"name\":\"Imma Mar\u00edn\",\"@id\":\"https:\\\/\\\/diarieducacio.cat\\\/educaciolocal\\\/#\\\/schema\\\/person\\\/a0d46a5ad516c069ca264cb0540fcb1a\"},\"headline\":\"Dia Internacional del Joc: jugar avui i cada dia\",\"datePublished\":\"2017-05-26T06:00:12+00:00\",\"mainEntityOfPage\":{\"@id\":\"https:\\\/\\\/diarieducacio.cat\\\/educaciolocal\\\/2017\\\/05\\\/26\\\/dia-internacional-joc-jugar-avui-dia\\\/\"},\"wordCount\":779,\"commentCount\":2,\"image\":{\"@id\":\"https:\\\/\\\/diarieducacio.cat\\\/educaciolocal\\\/2017\\\/05\\\/26\\\/dia-internacional-joc-jugar-avui-dia\\\/#primaryimage\"},\"thumbnailUrl\":\"https:\\\/\\\/diarieducacio.cat\\\/educaciolocal\\\/wp-content\\\/uploads\\\/sites\\\/18\\\/2017\\\/05\\\/Molly-Sabourin-via-Flickr-CC-by-2.0-scaled-1.jpg\",\"keywords\":[\"Ciutats Educadores\",\"Dret a l'educaci\u00f3\",\"Joc\",\"jugar\",\"Ludoteques\",\"Patis oberts\"],\"articleSection\":[\"General\"],\"inLanguage\":\"ca\",\"potentialAction\":[{\"@type\":\"CommentAction\",\"name\":\"Comment\",\"target\":[\"https:\\\/\\\/diarieducacio.cat\\\/educaciolocal\\\/2017\\\/05\\\/26\\\/dia-internacional-joc-jugar-avui-dia\\\/#respond\"]}]},{\"@type\":\"WebPage\",\"@id\":\"https:\\\/\\\/diarieducacio.cat\\\/educaciolocal\\\/2017\\\/05\\\/26\\\/dia-internacional-joc-jugar-avui-dia\\\/\",\"url\":\"https:\\\/\\\/diarieducacio.cat\\\/educaciolocal\\\/2017\\\/05\\\/26\\\/dia-internacional-joc-jugar-avui-dia\\\/\",\"name\":\"Dia Internacional del Joc: jugar avui i cada dia - El blog de l'educaci\u00f3 local\",\"isPartOf\":{\"@id\":\"https:\\\/\\\/diarieducacio.cat\\\/educaciolocal\\\/#website\"},\"primaryImageOfPage\":{\"@id\":\"https:\\\/\\\/diarieducacio.cat\\\/educaciolocal\\\/2017\\\/05\\\/26\\\/dia-internacional-joc-jugar-avui-dia\\\/#primaryimage\"},\"image\":{\"@id\":\"https:\\\/\\\/diarieducacio.cat\\\/educaciolocal\\\/2017\\\/05\\\/26\\\/dia-internacional-joc-jugar-avui-dia\\\/#primaryimage\"},\"thumbnailUrl\":\"https:\\\/\\\/diarieducacio.cat\\\/educaciolocal\\\/wp-content\\\/uploads\\\/sites\\\/18\\\/2017\\\/05\\\/Molly-Sabourin-via-Flickr-CC-by-2.0-scaled-1.jpg\",\"datePublished\":\"2017-05-26T06:00:12+00:00\",\"author\":{\"@id\":\"https:\\\/\\\/diarieducacio.cat\\\/educaciolocal\\\/#\\\/schema\\\/person\\\/a0d46a5ad516c069ca264cb0540fcb1a\"},\"breadcrumb\":{\"@id\":\"https:\\\/\\\/diarieducacio.cat\\\/educaciolocal\\\/2017\\\/05\\\/26\\\/dia-internacional-joc-jugar-avui-dia\\\/#breadcrumb\"},\"inLanguage\":\"ca\",\"potentialAction\":[{\"@type\":\"ReadAction\",\"target\":[\"https:\\\/\\\/diarieducacio.cat\\\/educaciolocal\\\/2017\\\/05\\\/26\\\/dia-internacional-joc-jugar-avui-dia\\\/\"]}]},{\"@type\":\"ImageObject\",\"inLanguage\":\"ca\",\"@id\":\"https:\\\/\\\/diarieducacio.cat\\\/educaciolocal\\\/2017\\\/05\\\/26\\\/dia-internacional-joc-jugar-avui-dia\\\/#primaryimage\",\"url\":\"https:\\\/\\\/diarieducacio.cat\\\/educaciolocal\\\/wp-content\\\/uploads\\\/sites\\\/18\\\/2017\\\/05\\\/Molly-Sabourin-via-Flickr-CC-by-2.0-scaled-1.jpg\",\"contentUrl\":\"https:\\\/\\\/diarieducacio.cat\\\/educaciolocal\\\/wp-content\\\/uploads\\\/sites\\\/18\\\/2017\\\/05\\\/Molly-Sabourin-via-Flickr-CC-by-2.0-scaled-1.jpg\",\"width\":2560,\"height\":1701},{\"@type\":\"BreadcrumbList\",\"@id\":\"https:\\\/\\\/diarieducacio.cat\\\/educaciolocal\\\/2017\\\/05\\\/26\\\/dia-internacional-joc-jugar-avui-dia\\\/#breadcrumb\",\"itemListElement\":[{\"@type\":\"ListItem\",\"position\":1,\"name\":\"Inici\",\"item\":\"https:\\\/\\\/diarieducacio.cat\\\/educaciolocal\\\/\"},{\"@type\":\"ListItem\",\"position\":2,\"name\":\"Dia Internacional del Joc: jugar avui i cada dia\"}]},{\"@type\":\"WebSite\",\"@id\":\"https:\\\/\\\/diarieducacio.cat\\\/educaciolocal\\\/#website\",\"url\":\"https:\\\/\\\/diarieducacio.cat\\\/educaciolocal\\\/\",\"name\":\"El blog de l'educaci\u00f3 local\",\"description\":\"\",\"potentialAction\":[{\"@type\":\"SearchAction\",\"target\":{\"@type\":\"EntryPoint\",\"urlTemplate\":\"https:\\\/\\\/diarieducacio.cat\\\/educaciolocal\\\/?s={search_term_string}\"},\"query-input\":{\"@type\":\"PropertyValueSpecification\",\"valueRequired\":true,\"valueName\":\"search_term_string\"}}],\"inLanguage\":\"ca\"},{\"@type\":\"Person\",\"@id\":\"https:\\\/\\\/diarieducacio.cat\\\/educaciolocal\\\/#\\\/schema\\\/person\\\/a0d46a5ad516c069ca264cb0540fcb1a\",\"name\":\"Imma Mar\u00edn\",\"image\":{\"@type\":\"ImageObject\",\"inLanguage\":\"ca\",\"@id\":\"https:\\\/\\\/secure.gravatar.com\\\/avatar\\\/557f558f9552d8b655f7b08fc05efabc1518684fb49ff93d6b1374a0bcf3c602?s=96&d=mm&r=g\",\"url\":\"https:\\\/\\\/secure.gravatar.com\\\/avatar\\\/557f558f9552d8b655f7b08fc05efabc1518684fb49ff93d6b1374a0bcf3c602?s=96&d=mm&r=g\",\"contentUrl\":\"https:\\\/\\\/secure.gravatar.com\\\/avatar\\\/557f558f9552d8b655f7b08fc05efabc1518684fb49ff93d6b1374a0bcf3c602?s=96&d=mm&r=g\",\"caption\":\"Imma Mar\u00edn\"},\"description\":\"Presidenta de IPA Spain (Associaci\u00f3 Internacional pel Dret dels Nens a Jugar). Fundadora i directora de MARINVA, es experta en jocs i joguines, educaci\u00f3 i noves tecnologies per a l'entreteniment. Membre del Consell de Consumidors d'ABACUS, de la Junta directiva del Kid\u2018s Cluster, de l'Observatori del Joc Infantil d'Espanya, del Consell Assessor de l'Hospital de Sant Joan de D\u00e9u i assessora pedag\u00f2gica de la Fundaci\u00f3n Crecer Jugando.\",\"sameAs\":[\"http:\\\/\\\/www.immamarin.com\"],\"url\":\"https:\\\/\\\/diarieducacio.cat\\\/educaciolocal\\\/author\\\/immamarin\\\/\"}]}<\/script>\n<!-- \/ Yoast SEO plugin. -->","yoast_head_json":{"title":"Dia Internacional del Joc: jugar avui i cada dia - El blog de l'educaci\u00f3 local","robots":{"index":"index","follow":"follow","max-snippet":"max-snippet:-1","max-image-preview":"max-image-preview:large","max-video-preview":"max-video-preview:-1"},"canonical":"https:\/\/diarieducacio.cat\/educaciolocal\/2017\/05\/26\/dia-internacional-joc-jugar-avui-dia\/","og_locale":"ca_ES","og_type":"article","og_title":"Dia Internacional del Joc: jugar avui i cada dia - El blog de l'educaci\u00f3 local","og_description":"Aprofitem la celebraci\u00f3, el proper 28 de maig, del Dia Internacional del Joc, per posar el focus sobre la import\u00e0ncia de garantir aquest dret dels infants, indispensable tamb\u00e9 en totes les etapes de la vida","og_url":"https:\/\/diarieducacio.cat\/educaciolocal\/2017\/05\/26\/dia-internacional-joc-jugar-avui-dia\/","og_site_name":"El blog de l'educaci\u00f3 local","article_publisher":"https:\/\/www.facebook.com\/diarieducacio\/","article_published_time":"2017-05-26T06:00:12+00:00","og_image":[{"width":2560,"height":1701,"url":"https:\/\/diarieducacio.cat\/educaciolocal\/wp-content\/uploads\/sites\/18\/2017\/05\/Molly-Sabourin-via-Flickr-CC-by-2.0-scaled-1.jpg","type":"image\/jpeg"}],"author":"Imma Mar\u00edn","twitter_card":"summary_large_image","twitter_creator":"@DiariEducacio","twitter_site":"@DiariEducacio","twitter_misc":{"Escrit per":"Imma Mar\u00edn","Temps estimat de lectura":"4 minuts"},"schema":{"@context":"https:\/\/schema.org","@graph":[{"@type":"Article","@id":"https:\/\/diarieducacio.cat\/educaciolocal\/2017\/05\/26\/dia-internacional-joc-jugar-avui-dia\/#article","isPartOf":{"@id":"https:\/\/diarieducacio.cat\/educaciolocal\/2017\/05\/26\/dia-internacional-joc-jugar-avui-dia\/"},"author":{"name":"Imma Mar\u00edn","@id":"https:\/\/diarieducacio.cat\/educaciolocal\/#\/schema\/person\/a0d46a5ad516c069ca264cb0540fcb1a"},"headline":"Dia Internacional del Joc: jugar avui i cada dia","datePublished":"2017-05-26T06:00:12+00:00","mainEntityOfPage":{"@id":"https:\/\/diarieducacio.cat\/educaciolocal\/2017\/05\/26\/dia-internacional-joc-jugar-avui-dia\/"},"wordCount":779,"commentCount":2,"image":{"@id":"https:\/\/diarieducacio.cat\/educaciolocal\/2017\/05\/26\/dia-internacional-joc-jugar-avui-dia\/#primaryimage"},"thumbnailUrl":"https:\/\/diarieducacio.cat\/educaciolocal\/wp-content\/uploads\/sites\/18\/2017\/05\/Molly-Sabourin-via-Flickr-CC-by-2.0-scaled-1.jpg","keywords":["Ciutats Educadores","Dret a l'educaci\u00f3","Joc","jugar","Ludoteques","Patis oberts"],"articleSection":["General"],"inLanguage":"ca","potentialAction":[{"@type":"CommentAction","name":"Comment","target":["https:\/\/diarieducacio.cat\/educaciolocal\/2017\/05\/26\/dia-internacional-joc-jugar-avui-dia\/#respond"]}]},{"@type":"WebPage","@id":"https:\/\/diarieducacio.cat\/educaciolocal\/2017\/05\/26\/dia-internacional-joc-jugar-avui-dia\/","url":"https:\/\/diarieducacio.cat\/educaciolocal\/2017\/05\/26\/dia-internacional-joc-jugar-avui-dia\/","name":"Dia Internacional del Joc: jugar avui i cada dia - El blog de l'educaci\u00f3 local","isPartOf":{"@id":"https:\/\/diarieducacio.cat\/educaciolocal\/#website"},"primaryImageOfPage":{"@id":"https:\/\/diarieducacio.cat\/educaciolocal\/2017\/05\/26\/dia-internacional-joc-jugar-avui-dia\/#primaryimage"},"image":{"@id":"https:\/\/diarieducacio.cat\/educaciolocal\/2017\/05\/26\/dia-internacional-joc-jugar-avui-dia\/#primaryimage"},"thumbnailUrl":"https:\/\/diarieducacio.cat\/educaciolocal\/wp-content\/uploads\/sites\/18\/2017\/05\/Molly-Sabourin-via-Flickr-CC-by-2.0-scaled-1.jpg","datePublished":"2017-05-26T06:00:12+00:00","author":{"@id":"https:\/\/diarieducacio.cat\/educaciolocal\/#\/schema\/person\/a0d46a5ad516c069ca264cb0540fcb1a"},"breadcrumb":{"@id":"https:\/\/diarieducacio.cat\/educaciolocal\/2017\/05\/26\/dia-internacional-joc-jugar-avui-dia\/#breadcrumb"},"inLanguage":"ca","potentialAction":[{"@type":"ReadAction","target":["https:\/\/diarieducacio.cat\/educaciolocal\/2017\/05\/26\/dia-internacional-joc-jugar-avui-dia\/"]}]},{"@type":"ImageObject","inLanguage":"ca","@id":"https:\/\/diarieducacio.cat\/educaciolocal\/2017\/05\/26\/dia-internacional-joc-jugar-avui-dia\/#primaryimage","url":"https:\/\/diarieducacio.cat\/educaciolocal\/wp-content\/uploads\/sites\/18\/2017\/05\/Molly-Sabourin-via-Flickr-CC-by-2.0-scaled-1.jpg","contentUrl":"https:\/\/diarieducacio.cat\/educaciolocal\/wp-content\/uploads\/sites\/18\/2017\/05\/Molly-Sabourin-via-Flickr-CC-by-2.0-scaled-1.jpg","width":2560,"height":1701},{"@type":"BreadcrumbList","@id":"https:\/\/diarieducacio.cat\/educaciolocal\/2017\/05\/26\/dia-internacional-joc-jugar-avui-dia\/#breadcrumb","itemListElement":[{"@type":"ListItem","position":1,"name":"Inici","item":"https:\/\/diarieducacio.cat\/educaciolocal\/"},{"@type":"ListItem","position":2,"name":"Dia Internacional del Joc: jugar avui i cada dia"}]},{"@type":"WebSite","@id":"https:\/\/diarieducacio.cat\/educaciolocal\/#website","url":"https:\/\/diarieducacio.cat\/educaciolocal\/","name":"El blog de l'educaci\u00f3 local","description":"","potentialAction":[{"@type":"SearchAction","target":{"@type":"EntryPoint","urlTemplate":"https:\/\/diarieducacio.cat\/educaciolocal\/?s={search_term_string}"},"query-input":{"@type":"PropertyValueSpecification","valueRequired":true,"valueName":"search_term_string"}}],"inLanguage":"ca"},{"@type":"Person","@id":"https:\/\/diarieducacio.cat\/educaciolocal\/#\/schema\/person\/a0d46a5ad516c069ca264cb0540fcb1a","name":"Imma Mar\u00edn","image":{"@type":"ImageObject","inLanguage":"ca","@id":"https:\/\/secure.gravatar.com\/avatar\/557f558f9552d8b655f7b08fc05efabc1518684fb49ff93d6b1374a0bcf3c602?s=96&d=mm&r=g","url":"https:\/\/secure.gravatar.com\/avatar\/557f558f9552d8b655f7b08fc05efabc1518684fb49ff93d6b1374a0bcf3c602?s=96&d=mm&r=g","contentUrl":"https:\/\/secure.gravatar.com\/avatar\/557f558f9552d8b655f7b08fc05efabc1518684fb49ff93d6b1374a0bcf3c602?s=96&d=mm&r=g","caption":"Imma Mar\u00edn"},"description":"Presidenta de IPA Spain (Associaci\u00f3 Internacional pel Dret dels Nens a Jugar). Fundadora i directora de MARINVA, es experta en jocs i joguines, educaci\u00f3 i noves tecnologies per a l'entreteniment. Membre del Consell de Consumidors d'ABACUS, de la Junta directiva del Kid\u2018s Cluster, de l'Observatori del Joc Infantil d'Espanya, del Consell Assessor de l'Hospital de Sant Joan de D\u00e9u i assessora pedag\u00f2gica de la Fundaci\u00f3n Crecer Jugando.","sameAs":["http:\/\/www.immamarin.com"],"url":"https:\/\/diarieducacio.cat\/educaciolocal\/author\/immamarin\/"}]}},"_links":{"self":[{"href":"https:\/\/diarieducacio.cat\/educaciolocal\/wp-json\/wp\/v2\/posts\/383","targetHints":{"allow":["GET"]}}],"collection":[{"href":"https:\/\/diarieducacio.cat\/educaciolocal\/wp-json\/wp\/v2\/posts"}],"about":[{"href":"https:\/\/diarieducacio.cat\/educaciolocal\/wp-json\/wp\/v2\/types\/post"}],"author":[{"embeddable":true,"href":"https:\/\/diarieducacio.cat\/educaciolocal\/wp-json\/wp\/v2\/users\/208"}],"replies":[{"embeddable":true,"href":"https:\/\/diarieducacio.cat\/educaciolocal\/wp-json\/wp\/v2\/comments?post=383"}],"version-history":[{"count":0,"href":"https:\/\/diarieducacio.cat\/educaciolocal\/wp-json\/wp\/v2\/posts\/383\/revisions"}],"wp:featuredmedia":[{"embeddable":true,"href":"https:\/\/diarieducacio.cat\/educaciolocal\/wp-json\/wp\/v2\/media\/386"}],"wp:attachment":[{"href":"https:\/\/diarieducacio.cat\/educaciolocal\/wp-json\/wp\/v2\/media?parent=383"}],"wp:term":[{"taxonomy":"category","embeddable":true,"href":"https:\/\/diarieducacio.cat\/educaciolocal\/wp-json\/wp\/v2\/categories?post=383"},{"taxonomy":"post_tag","embeddable":true,"href":"https:\/\/diarieducacio.cat\/educaciolocal\/wp-json\/wp\/v2\/tags?post=383"},{"taxonomy":"tipo","embeddable":true,"href":"https:\/\/diarieducacio.cat\/educaciolocal\/wp-json\/wp\/v2\/tipo?post=383"}],"curies":[{"name":"wp","href":"https:\/\/api.w.org\/{rel}","templated":true}]}}