{"id":3897,"date":"2023-11-16T05:00:52","date_gmt":"2023-11-16T05:00:52","guid":{"rendered":"https:\/\/diarieducacio.cat\/educaciolocal\/?p=3897"},"modified":"2024-08-08T10:52:46","modified_gmt":"2024-08-08T08:52:46","slug":"dels-consells-escolars-als-consells-educatius-municipals","status":"publish","type":"post","link":"https:\/\/diarieducacio.cat\/educaciolocal\/2023\/11\/16\/dels-consells-escolars-als-consells-educatius-municipals\/","title":{"rendered":"Dels Consells escolars als Consells educatius municipals"},"content":{"rendered":"<p>Vivim temps d\u2019incertesa i calen espais i institucions de participaci\u00f3 oberta\u00a0 i segura que transmetin confian\u00e7a. L\u2019educaci\u00f3 es veu afectada per aquest entorn i les not\u00edcies s\u2019acumulen: pand\u00e8mia, fam\u00edlies vulnerables, segregaci\u00f3 i inversi\u00f3 escolars, resultats educatius&#8230; Els ajuntaments estan treballant en primera l\u00ednia d\u2019aquesta realitat, amb els seus recursos i compet\u00e8ncies, per\u00f2 els reptes s\u00f3n grans i demanen la col\u00b7laboraci\u00f3 de tothom.<\/p>\n<p>Els ajuntaments disposen des del 1987 dels Consells Escolars Municipals (CEM, Decret 404\/1987, que desplega la Llei 25\/1985 de Consells Escolars Municipals) com a espais de participaci\u00f3 i consulta de la comunitat en les pol\u00edtiques educatives locals. Hi ha veus municipals que plantegen la seva posada al dia, especialment despr\u00e9s de l\u2019aprovaci\u00f3 de Llei d\u2019Educaci\u00f3 de Catalunya del 2009, que reconeix el paper de la comunitat educativa. Tot i aix\u00ed, el balan\u00e7 d\u2019aquests anys \u00e9s que el Decret ha fet possible una via i garantia de participaci\u00f3 dels agents a les pol\u00edtiques locals.<\/p>\n<p>En aquest entorn de canvi, el Consell Escolar de Catalunya est\u00e0 preparant la seva reforma per a esdevenir Consell Educatiu de Catalunya, com ho han fet molts consells municipals, amb una nova composici\u00f3 dels seus membres, en l\u00ednia amb la diversitat d\u2019actors de l\u2019escola i el fora escola, amb un protagonisme creixent. Per al m\u00f3n local aquesta \u00e9s una oportunitat per destacar el paper dels CEM al territori i la seva resposta als reptes educatius.<\/p>\n<blockquote><p>Vivim temps d\u2019incertesa i calen espais i institucions de participaci\u00f3 oberta\u00a0 i segura que transmetin confian\u00e7a<\/p><\/blockquote>\n<p>L&#8217;\u00c0rea d&#8217;Educaci\u00f3 la Diputaci\u00f3 de Barcelona t\u00e9 una llarga traject\u00f2ria de <a href=\"https:\/\/www.diba.cat\/es\/web\/educacio\/consells-escolars-municipals\">suport als CEM<\/a>, acompanyant els ajuntaments en els seus processos de creaci\u00f3 o renovaci\u00f3. Hi ha una demanda sostinguda, doncs la seva din\u00e0mica \u00e9s complexa per les seves funcions, components i m\u00e8todes de treball. La voluntat de la Diputaci\u00f3 de Barcelona \u00e9s donar una resposta adaptada a les necessitats locals amb suports individuals, grupals i documentals en di\u00e0leg amb les regidories i personal t\u00e8cnic d\u2019educaci\u00f3.<\/p>\n<p>El model que inspira les pol\u00edtiques educatives locals \u00e9s el de la Ciutat Educadora, que aposta per una governan\u00e7a de cooperaci\u00f3 entre els ajuntaments i la ciutadania. Si la ciutat \u00e9s educadora, el CEM \u00e9s el seu parlament, la pla\u00e7a p\u00fablica de la conversa educativa. Les ciutats i pobles ofereixen una diversitat de recursos educatius m\u00e9s enll\u00e0 de les escoles: l\u2019educaci\u00f3, com a b\u00e9 com\u00fa que afecta a tota la comunitat, t\u00e9 el seu espai de trobada i proposta al CEM.<\/p>\n<p>L\u2019experi\u00e8ncia local mostra que pot tenir diferents nivells de conversa en el seu si: pot ser merament informatiu i unidireccional del govern municipal cap a la comunitat educativa, per\u00f2 ha d\u2019avan\u00e7ar amb ambici\u00f3 cap a la consulta de pol\u00edtiques municipals que obri la deliberaci\u00f3. Com a objectiu final, aquesta funci\u00f3 enriquida de consulta ha de culminar en la proposta informada i argumentada. Govern municipal i comunitat educativa construeixen vies de col\u00b7laboraci\u00f3 per l\u2019inter\u00e8s com\u00fa. El CEM pot ser, doncs, una \u00e0mplia plataforma per coordinar una pluralitat de programes i espais de treball amb diferents actors i recursos. L\u2019estrat\u00e8gia ha de ser fer servir el consell com a espai de cooperaci\u00f3 educativa.<\/p>\n<p>L\u2019experi\u00e8ncia de suport de l&#8217;\u00c0rea d&#8217;Educaci\u00f3 de la Diputaci\u00f3 de Barcelona mostra com els CEM amb lideratge pol\u00edtic de l\u2019alcaldia i regidoria, basat en el respecte dels actors, una clara l\u00ednia de continu\u00eftat en els seus treballs, un acurat treball de secretaria, l\u2019acompliment de la representativitat dels seus membres i una flexibilitat atenta a la realitat local, s\u00f3n condicions que completen un model de qualitat i confian\u00e7a. La seva governan\u00e7a ha de cuidar la comunicaci\u00f3 i transpar\u00e8ncia en el funcionament, discussi\u00f3 i proposta i ha de preveure el rendiment de comptes.<\/p>\n<p>Si el CEM \u00e9s un espai consultiu, els acords consensuats poden influir a les pol\u00edtiques locals i de l\u2019administraci\u00f3 educativa. \u00c9s per aquesta ra\u00f3 que el consens pot ser sumatiu i la votaci\u00f3 divisiva, si estem en un marc de consulta i participaci\u00f3: la comunitat educativa ser\u00e0 m\u00e9s escoltada si presenta propostes d\u2019actuaci\u00f3 compartides, acordades pr\u00e8viament entre les parts. Tot i aix\u00ed, els actors s\u00f3n plurals i el dissens \u00e9s leg\u00edtim i ha de tenir les seves vies d\u2019expressi\u00f3.<\/p>\n<p>Els membres dels CEM ho s\u00f3n com a representants sectorials, no nominals: representen a un sector de la comunitat (fam\u00edlies, docents, alumnes&#8230;) no al seu inter\u00e8s particular, doncs la base de la participaci\u00f3 a un \u00f2rgan de deliberaci\u00f3 ha de ser la recerca del b\u00e9 com\u00fa per la ciutadania com a pr\u00e0ctica democr\u00e0tica. Per\u00f2 la visi\u00f3 de la Ciutat educadora ha eixamplat els agents que participen a l\u2019educaci\u00f3. I el fora escola \u00e9s fonamental per a la seva construcci\u00f3 compartida: els docents no s\u00f3n els \u00fanics professionals educadors, d\u2019altres s\u2019incorporen a l\u2019escola (orientadors, monitors&#8230;) i enriqueixen la seva pr\u00e0ctica. A m\u00e9s, els referents d\u2019equipaments com biblioteques o espais d\u2019extraescolars i lleure esdevenen, tamb\u00e9, imprescindibles en aquest debat.<\/p>\n<blockquote><p>La participaci\u00f3 municipal als consells escolars de centre \u00e9s la via privilegiada per con\u00e8ixer, debatre i intervenir en la realitat educativa dels barris<\/p><\/blockquote>\n<p>Aquesta pluralitat d\u2019actors fa convenient una governan\u00e7a adaptada a la realitat local i que transmeti confian\u00e7a i transpar\u00e8ncia en la composici\u00f3, funcionament i treballs. Una alternativa \u00fatil en molts casos \u00e9s un plenari del CEM m\u00e9s regulat, que transmeti la seva institucionalitat, combinat amb unes comissions m\u00e9s flexibles. Les experi\u00e8ncies locals de comissions de direccions de centres o d\u2019AFA permeten la participaci\u00f3 de tot el sector i descarrega el plenari de discussions particulars, per\u00f2 necess\u00e0ries a l\u2019espai de comissions. \u00c9s \u00fatil, doncs, que alguns sectors, per la seva complexitat, tinguin els seus espais espec\u00edfics amb el govern local.<\/p>\n<p>No hem d\u2019oblidar que la participaci\u00f3 municipal als consells escolars de centre \u00e9s la via privilegiada per con\u00e8ixer, debatre i intervenir en la realitat educativa dels barris.\u00a0 Es tracta del primer nivell d\u2019intervenci\u00f3 i conforma l\u2019ecosistema d\u2019agents i recursos de la ciutat educadora. El consell municipal es nodreix d\u2019aquesta comunicaci\u00f3 i l\u2019amplia amb agents del fora escola.<\/p>\n<p>Tenint en compte que el CEM \u00e9s un \u00f2rgan municipal m\u00e9s de participaci\u00f3 sectorial (com hi pot haver d\u2019altres: gent gran, inf\u00e0ncia&#8230;) la qualitat del treball d\u2019un consell escolar municipal reflecteix el lideratge local i la cohesi\u00f3 de la\u00a0 seva comunitat educativa i \u00e9s una mostra de maduresa democr\u00e0tica. Estem conven\u00e7uts que en el marc de la Ciutat Educadora la pr\u00e0ctica educadora afecta a tota la ciutat i poble: l\u2019evoluci\u00f3 dels consells escolars als consells educatius \u00e9s, per tant, coherent i indicadora de la sensibilitat de les pol\u00edtiques locals.<\/p>\n<p>La complexa realitat social i educativa de les ciutats i pobles demana un comprom\u00eds ferm dels seus ajuntaments i comunitats. Els Consells Escolars Municipals s\u00f3n els seus espais de consulta, debat i proposta. La seva efic\u00e0cia rau en el consens que orienta les decisions del govern local i l\u2019administraci\u00f3 educativa. Les seves vies de futur passen pel lideratge municipal, la continu\u00eftat dels treballs, el di\u00e0leg i el respecte de les parts.<\/p>\n","protected":false},"excerpt":{"rendered":"<p>Vivim temps d\u2019incertesa i calen espais i institucions de participaci\u00f3 oberta\u00a0 i segura que transmetin confian\u00e7a. L\u2019educaci\u00f3 es veu afectada per aquest entorn i les not\u00edcies s\u2019acumulen: pand\u00e8mia, fam\u00edlies vulnerables, segregaci\u00f3 i inversi\u00f3 escolars, resultats educatius&#8230; Els ajuntaments estan treballant en primera l\u00ednia d\u2019aquesta realitat, amb els seus recursos i compet\u00e8ncies, per\u00f2 els reptes s\u00f3n<\/p>\n","protected":false},"author":285,"featured_media":3903,"comment_status":"open","ping_status":"closed","sticky":false,"template":"","format":"standard","meta":{"footnotes":""},"categories":[163,144,220],"tags":[],"tipo":[391],"class_list":{"0":"post-3897","1":"post","2":"type-post","3":"status-publish","4":"format-standard","5":"has-post-thumbnail","7":"category-ajuntaments","8":"category-opinio","9":"category-politiques-educatives-locals","10":"tipo-opinio"},"yoast_head":"<!-- This site is optimized with the Yoast SEO plugin v27.4 - https:\/\/yoast.com\/product\/yoast-seo-wordpress\/ -->\n<title>Dels Consells escolars als Consells educatius municipals - El blog de l&#039;educaci\u00f3 local<\/title>\n<meta name=\"robots\" content=\"index, follow, max-snippet:-1, max-image-preview:large, max-video-preview:-1\" \/>\n<link rel=\"canonical\" href=\"https:\/\/diarieducacio.cat\/educaciolocal\/2023\/11\/16\/dels-consells-escolars-als-consells-educatius-municipals\/\" \/>\n<meta property=\"og:locale\" content=\"ca_ES\" \/>\n<meta property=\"og:type\" content=\"article\" \/>\n<meta property=\"og:title\" content=\"Dels Consells escolars als Consells educatius municipals - El blog de l&#039;educaci\u00f3 local\" \/>\n<meta property=\"og:description\" content=\"Vivim temps d\u2019incertesa i calen espais i institucions de participaci\u00f3 oberta\u00a0 i segura que transmetin confian\u00e7a. L\u2019educaci\u00f3 es veu afectada per aquest entorn i les not\u00edcies s\u2019acumulen: pand\u00e8mia, fam\u00edlies vulnerables, segregaci\u00f3 i inversi\u00f3 escolars, resultats educatius&#8230; Els ajuntaments estan treballant en primera l\u00ednia d\u2019aquesta realitat, amb els seus recursos i compet\u00e8ncies, per\u00f2 els reptes s\u00f3n\" \/>\n<meta property=\"og:url\" content=\"https:\/\/diarieducacio.cat\/educaciolocal\/2023\/11\/16\/dels-consells-escolars-als-consells-educatius-municipals\/\" \/>\n<meta property=\"og:site_name\" content=\"El blog de l&#039;educaci\u00f3 local\" \/>\n<meta property=\"article:publisher\" content=\"https:\/\/www.facebook.com\/diarieducacio\/\" \/>\n<meta property=\"article:published_time\" content=\"2023-11-16T05:00:52+00:00\" \/>\n<meta property=\"article:modified_time\" content=\"2024-08-08T08:52:46+00:00\" \/>\n<meta property=\"og:image\" content=\"https:\/\/diarieducacio.cat\/educaciolocal\/wp-content\/uploads\/sites\/18\/2023\/11\/consecat.jpeg\" \/>\n\t<meta property=\"og:image:width\" content=\"1595\" \/>\n\t<meta property=\"og:image:height\" content=\"1178\" \/>\n\t<meta property=\"og:image:type\" content=\"image\/jpeg\" \/>\n<meta name=\"author\" content=\"Manuel J. Quero Gallego\" \/>\n<meta name=\"twitter:card\" content=\"summary_large_image\" \/>\n<meta name=\"twitter:creator\" content=\"@DiariEducacio\" \/>\n<meta name=\"twitter:site\" content=\"@DiariEducacio\" \/>\n<meta name=\"twitter:label1\" content=\"Escrit per\" \/>\n\t<meta name=\"twitter:data1\" content=\"Manuel J. Quero Gallego\" \/>\n\t<meta name=\"twitter:label2\" content=\"Temps estimat de lectura\" \/>\n\t<meta name=\"twitter:data2\" content=\"6 minuts\" \/>\n<script type=\"application\/ld+json\" class=\"yoast-schema-graph\">{\"@context\":\"https:\\\/\\\/schema.org\",\"@graph\":[{\"@type\":\"Article\",\"@id\":\"https:\\\/\\\/diarieducacio.cat\\\/educaciolocal\\\/2023\\\/11\\\/16\\\/dels-consells-escolars-als-consells-educatius-municipals\\\/#article\",\"isPartOf\":{\"@id\":\"https:\\\/\\\/diarieducacio.cat\\\/educaciolocal\\\/2023\\\/11\\\/16\\\/dels-consells-escolars-als-consells-educatius-municipals\\\/\"},\"author\":{\"name\":\"Manuel J. Quero Gallego\",\"@id\":\"https:\\\/\\\/diarieducacio.cat\\\/educaciolocal\\\/#\\\/schema\\\/person\\\/6e7b1f0aecea2c704a75f1cb76bbacbd\"},\"headline\":\"Dels Consells escolars als Consells educatius municipals\",\"datePublished\":\"2023-11-16T05:00:52+00:00\",\"dateModified\":\"2024-08-08T08:52:46+00:00\",\"mainEntityOfPage\":{\"@id\":\"https:\\\/\\\/diarieducacio.cat\\\/educaciolocal\\\/2023\\\/11\\\/16\\\/dels-consells-escolars-als-consells-educatius-municipals\\\/\"},\"wordCount\":1259,\"commentCount\":0,\"image\":{\"@id\":\"https:\\\/\\\/diarieducacio.cat\\\/educaciolocal\\\/2023\\\/11\\\/16\\\/dels-consells-escolars-als-consells-educatius-municipals\\\/#primaryimage\"},\"thumbnailUrl\":\"https:\\\/\\\/diarieducacio.cat\\\/educaciolocal\\\/wp-content\\\/uploads\\\/sites\\\/18\\\/2023\\\/11\\\/consecat.jpeg\",\"articleSection\":[\"Ajuntaments\",\"Opini\u00f3\",\"Pol\u00edtiques educatives locals\"],\"inLanguage\":\"ca\",\"potentialAction\":[{\"@type\":\"CommentAction\",\"name\":\"Comment\",\"target\":[\"https:\\\/\\\/diarieducacio.cat\\\/educaciolocal\\\/2023\\\/11\\\/16\\\/dels-consells-escolars-als-consells-educatius-municipals\\\/#respond\"]}]},{\"@type\":\"WebPage\",\"@id\":\"https:\\\/\\\/diarieducacio.cat\\\/educaciolocal\\\/2023\\\/11\\\/16\\\/dels-consells-escolars-als-consells-educatius-municipals\\\/\",\"url\":\"https:\\\/\\\/diarieducacio.cat\\\/educaciolocal\\\/2023\\\/11\\\/16\\\/dels-consells-escolars-als-consells-educatius-municipals\\\/\",\"name\":\"Dels Consells escolars als Consells educatius municipals - El blog de l'educaci\u00f3 local\",\"isPartOf\":{\"@id\":\"https:\\\/\\\/diarieducacio.cat\\\/educaciolocal\\\/#website\"},\"primaryImageOfPage\":{\"@id\":\"https:\\\/\\\/diarieducacio.cat\\\/educaciolocal\\\/2023\\\/11\\\/16\\\/dels-consells-escolars-als-consells-educatius-municipals\\\/#primaryimage\"},\"image\":{\"@id\":\"https:\\\/\\\/diarieducacio.cat\\\/educaciolocal\\\/2023\\\/11\\\/16\\\/dels-consells-escolars-als-consells-educatius-municipals\\\/#primaryimage\"},\"thumbnailUrl\":\"https:\\\/\\\/diarieducacio.cat\\\/educaciolocal\\\/wp-content\\\/uploads\\\/sites\\\/18\\\/2023\\\/11\\\/consecat.jpeg\",\"datePublished\":\"2023-11-16T05:00:52+00:00\",\"dateModified\":\"2024-08-08T08:52:46+00:00\",\"author\":{\"@id\":\"https:\\\/\\\/diarieducacio.cat\\\/educaciolocal\\\/#\\\/schema\\\/person\\\/6e7b1f0aecea2c704a75f1cb76bbacbd\"},\"breadcrumb\":{\"@id\":\"https:\\\/\\\/diarieducacio.cat\\\/educaciolocal\\\/2023\\\/11\\\/16\\\/dels-consells-escolars-als-consells-educatius-municipals\\\/#breadcrumb\"},\"inLanguage\":\"ca\",\"potentialAction\":[{\"@type\":\"ReadAction\",\"target\":[\"https:\\\/\\\/diarieducacio.cat\\\/educaciolocal\\\/2023\\\/11\\\/16\\\/dels-consells-escolars-als-consells-educatius-municipals\\\/\"]}]},{\"@type\":\"ImageObject\",\"inLanguage\":\"ca\",\"@id\":\"https:\\\/\\\/diarieducacio.cat\\\/educaciolocal\\\/2023\\\/11\\\/16\\\/dels-consells-escolars-als-consells-educatius-municipals\\\/#primaryimage\",\"url\":\"https:\\\/\\\/diarieducacio.cat\\\/educaciolocal\\\/wp-content\\\/uploads\\\/sites\\\/18\\\/2023\\\/11\\\/consecat.jpeg\",\"contentUrl\":\"https:\\\/\\\/diarieducacio.cat\\\/educaciolocal\\\/wp-content\\\/uploads\\\/sites\\\/18\\\/2023\\\/11\\\/consecat.jpeg\",\"width\":1595,\"height\":1178,\"caption\":\"Reuni\u00f3 del Consell Escolar de Catalunya | CEC\"},{\"@type\":\"BreadcrumbList\",\"@id\":\"https:\\\/\\\/diarieducacio.cat\\\/educaciolocal\\\/2023\\\/11\\\/16\\\/dels-consells-escolars-als-consells-educatius-municipals\\\/#breadcrumb\",\"itemListElement\":[{\"@type\":\"ListItem\",\"position\":1,\"name\":\"Inici\",\"item\":\"https:\\\/\\\/diarieducacio.cat\\\/educaciolocal\\\/\"},{\"@type\":\"ListItem\",\"position\":2,\"name\":\"Dels Consells escolars als Consells educatius municipals\"}]},{\"@type\":\"WebSite\",\"@id\":\"https:\\\/\\\/diarieducacio.cat\\\/educaciolocal\\\/#website\",\"url\":\"https:\\\/\\\/diarieducacio.cat\\\/educaciolocal\\\/\",\"name\":\"El blog de l'educaci\u00f3 local\",\"description\":\"\",\"potentialAction\":[{\"@type\":\"SearchAction\",\"target\":{\"@type\":\"EntryPoint\",\"urlTemplate\":\"https:\\\/\\\/diarieducacio.cat\\\/educaciolocal\\\/?s={search_term_string}\"},\"query-input\":{\"@type\":\"PropertyValueSpecification\",\"valueRequired\":true,\"valueName\":\"search_term_string\"}}],\"inLanguage\":\"ca\"},{\"@type\":\"Person\",\"@id\":\"https:\\\/\\\/diarieducacio.cat\\\/educaciolocal\\\/#\\\/schema\\\/person\\\/6e7b1f0aecea2c704a75f1cb76bbacbd\",\"name\":\"Manuel J. Quero Gallego\",\"image\":{\"@type\":\"ImageObject\",\"inLanguage\":\"ca\",\"@id\":\"https:\\\/\\\/secure.gravatar.com\\\/avatar\\\/f46d851254aa7c75db9c3f657560a912ae8c0e28708eba5282bc0ed0bce800d2?s=96&d=mm&r=g\",\"url\":\"https:\\\/\\\/secure.gravatar.com\\\/avatar\\\/f46d851254aa7c75db9c3f657560a912ae8c0e28708eba5282bc0ed0bce800d2?s=96&d=mm&r=g\",\"contentUrl\":\"https:\\\/\\\/secure.gravatar.com\\\/avatar\\\/f46d851254aa7c75db9c3f657560a912ae8c0e28708eba5282bc0ed0bce800d2?s=96&d=mm&r=g\",\"caption\":\"Manuel J. Quero Gallego\"},\"description\":\"T\u00e8cnic d'educaci\u00f3. \u00c0rea d'Educaci\u00f3 de la Diputaci\u00f3 de Barcelona\",\"url\":\"https:\\\/\\\/diarieducacio.cat\\\/educaciolocal\\\/author\\\/mquero\\\/\"}]}<\/script>\n<!-- \/ Yoast SEO plugin. -->","yoast_head_json":{"title":"Dels Consells escolars als Consells educatius municipals - El blog de l'educaci\u00f3 local","robots":{"index":"index","follow":"follow","max-snippet":"max-snippet:-1","max-image-preview":"max-image-preview:large","max-video-preview":"max-video-preview:-1"},"canonical":"https:\/\/diarieducacio.cat\/educaciolocal\/2023\/11\/16\/dels-consells-escolars-als-consells-educatius-municipals\/","og_locale":"ca_ES","og_type":"article","og_title":"Dels Consells escolars als Consells educatius municipals - El blog de l'educaci\u00f3 local","og_description":"Vivim temps d\u2019incertesa i calen espais i institucions de participaci\u00f3 oberta\u00a0 i segura que transmetin confian\u00e7a. L\u2019educaci\u00f3 es veu afectada per aquest entorn i les not\u00edcies s\u2019acumulen: pand\u00e8mia, fam\u00edlies vulnerables, segregaci\u00f3 i inversi\u00f3 escolars, resultats educatius&#8230; Els ajuntaments estan treballant en primera l\u00ednia d\u2019aquesta realitat, amb els seus recursos i compet\u00e8ncies, per\u00f2 els reptes s\u00f3n","og_url":"https:\/\/diarieducacio.cat\/educaciolocal\/2023\/11\/16\/dels-consells-escolars-als-consells-educatius-municipals\/","og_site_name":"El blog de l'educaci\u00f3 local","article_publisher":"https:\/\/www.facebook.com\/diarieducacio\/","article_published_time":"2023-11-16T05:00:52+00:00","article_modified_time":"2024-08-08T08:52:46+00:00","og_image":[{"width":1595,"height":1178,"url":"https:\/\/diarieducacio.cat\/educaciolocal\/wp-content\/uploads\/sites\/18\/2023\/11\/consecat.jpeg","type":"image\/jpeg"}],"author":"Manuel J. Quero Gallego","twitter_card":"summary_large_image","twitter_creator":"@DiariEducacio","twitter_site":"@DiariEducacio","twitter_misc":{"Escrit per":"Manuel J. Quero Gallego","Temps estimat de lectura":"6 minuts"},"schema":{"@context":"https:\/\/schema.org","@graph":[{"@type":"Article","@id":"https:\/\/diarieducacio.cat\/educaciolocal\/2023\/11\/16\/dels-consells-escolars-als-consells-educatius-municipals\/#article","isPartOf":{"@id":"https:\/\/diarieducacio.cat\/educaciolocal\/2023\/11\/16\/dels-consells-escolars-als-consells-educatius-municipals\/"},"author":{"name":"Manuel J. Quero Gallego","@id":"https:\/\/diarieducacio.cat\/educaciolocal\/#\/schema\/person\/6e7b1f0aecea2c704a75f1cb76bbacbd"},"headline":"Dels Consells escolars als Consells educatius municipals","datePublished":"2023-11-16T05:00:52+00:00","dateModified":"2024-08-08T08:52:46+00:00","mainEntityOfPage":{"@id":"https:\/\/diarieducacio.cat\/educaciolocal\/2023\/11\/16\/dels-consells-escolars-als-consells-educatius-municipals\/"},"wordCount":1259,"commentCount":0,"image":{"@id":"https:\/\/diarieducacio.cat\/educaciolocal\/2023\/11\/16\/dels-consells-escolars-als-consells-educatius-municipals\/#primaryimage"},"thumbnailUrl":"https:\/\/diarieducacio.cat\/educaciolocal\/wp-content\/uploads\/sites\/18\/2023\/11\/consecat.jpeg","articleSection":["Ajuntaments","Opini\u00f3","Pol\u00edtiques educatives locals"],"inLanguage":"ca","potentialAction":[{"@type":"CommentAction","name":"Comment","target":["https:\/\/diarieducacio.cat\/educaciolocal\/2023\/11\/16\/dels-consells-escolars-als-consells-educatius-municipals\/#respond"]}]},{"@type":"WebPage","@id":"https:\/\/diarieducacio.cat\/educaciolocal\/2023\/11\/16\/dels-consells-escolars-als-consells-educatius-municipals\/","url":"https:\/\/diarieducacio.cat\/educaciolocal\/2023\/11\/16\/dels-consells-escolars-als-consells-educatius-municipals\/","name":"Dels Consells escolars als Consells educatius municipals - El blog de l'educaci\u00f3 local","isPartOf":{"@id":"https:\/\/diarieducacio.cat\/educaciolocal\/#website"},"primaryImageOfPage":{"@id":"https:\/\/diarieducacio.cat\/educaciolocal\/2023\/11\/16\/dels-consells-escolars-als-consells-educatius-municipals\/#primaryimage"},"image":{"@id":"https:\/\/diarieducacio.cat\/educaciolocal\/2023\/11\/16\/dels-consells-escolars-als-consells-educatius-municipals\/#primaryimage"},"thumbnailUrl":"https:\/\/diarieducacio.cat\/educaciolocal\/wp-content\/uploads\/sites\/18\/2023\/11\/consecat.jpeg","datePublished":"2023-11-16T05:00:52+00:00","dateModified":"2024-08-08T08:52:46+00:00","author":{"@id":"https:\/\/diarieducacio.cat\/educaciolocal\/#\/schema\/person\/6e7b1f0aecea2c704a75f1cb76bbacbd"},"breadcrumb":{"@id":"https:\/\/diarieducacio.cat\/educaciolocal\/2023\/11\/16\/dels-consells-escolars-als-consells-educatius-municipals\/#breadcrumb"},"inLanguage":"ca","potentialAction":[{"@type":"ReadAction","target":["https:\/\/diarieducacio.cat\/educaciolocal\/2023\/11\/16\/dels-consells-escolars-als-consells-educatius-municipals\/"]}]},{"@type":"ImageObject","inLanguage":"ca","@id":"https:\/\/diarieducacio.cat\/educaciolocal\/2023\/11\/16\/dels-consells-escolars-als-consells-educatius-municipals\/#primaryimage","url":"https:\/\/diarieducacio.cat\/educaciolocal\/wp-content\/uploads\/sites\/18\/2023\/11\/consecat.jpeg","contentUrl":"https:\/\/diarieducacio.cat\/educaciolocal\/wp-content\/uploads\/sites\/18\/2023\/11\/consecat.jpeg","width":1595,"height":1178,"caption":"Reuni\u00f3 del Consell Escolar de Catalunya | CEC"},{"@type":"BreadcrumbList","@id":"https:\/\/diarieducacio.cat\/educaciolocal\/2023\/11\/16\/dels-consells-escolars-als-consells-educatius-municipals\/#breadcrumb","itemListElement":[{"@type":"ListItem","position":1,"name":"Inici","item":"https:\/\/diarieducacio.cat\/educaciolocal\/"},{"@type":"ListItem","position":2,"name":"Dels Consells escolars als Consells educatius municipals"}]},{"@type":"WebSite","@id":"https:\/\/diarieducacio.cat\/educaciolocal\/#website","url":"https:\/\/diarieducacio.cat\/educaciolocal\/","name":"El blog de l'educaci\u00f3 local","description":"","potentialAction":[{"@type":"SearchAction","target":{"@type":"EntryPoint","urlTemplate":"https:\/\/diarieducacio.cat\/educaciolocal\/?s={search_term_string}"},"query-input":{"@type":"PropertyValueSpecification","valueRequired":true,"valueName":"search_term_string"}}],"inLanguage":"ca"},{"@type":"Person","@id":"https:\/\/diarieducacio.cat\/educaciolocal\/#\/schema\/person\/6e7b1f0aecea2c704a75f1cb76bbacbd","name":"Manuel J. Quero Gallego","image":{"@type":"ImageObject","inLanguage":"ca","@id":"https:\/\/secure.gravatar.com\/avatar\/f46d851254aa7c75db9c3f657560a912ae8c0e28708eba5282bc0ed0bce800d2?s=96&d=mm&r=g","url":"https:\/\/secure.gravatar.com\/avatar\/f46d851254aa7c75db9c3f657560a912ae8c0e28708eba5282bc0ed0bce800d2?s=96&d=mm&r=g","contentUrl":"https:\/\/secure.gravatar.com\/avatar\/f46d851254aa7c75db9c3f657560a912ae8c0e28708eba5282bc0ed0bce800d2?s=96&d=mm&r=g","caption":"Manuel J. Quero Gallego"},"description":"T\u00e8cnic d'educaci\u00f3. \u00c0rea d'Educaci\u00f3 de la Diputaci\u00f3 de Barcelona","url":"https:\/\/diarieducacio.cat\/educaciolocal\/author\/mquero\/"}]}},"_links":{"self":[{"href":"https:\/\/diarieducacio.cat\/educaciolocal\/wp-json\/wp\/v2\/posts\/3897","targetHints":{"allow":["GET"]}}],"collection":[{"href":"https:\/\/diarieducacio.cat\/educaciolocal\/wp-json\/wp\/v2\/posts"}],"about":[{"href":"https:\/\/diarieducacio.cat\/educaciolocal\/wp-json\/wp\/v2\/types\/post"}],"author":[{"embeddable":true,"href":"https:\/\/diarieducacio.cat\/educaciolocal\/wp-json\/wp\/v2\/users\/285"}],"replies":[{"embeddable":true,"href":"https:\/\/diarieducacio.cat\/educaciolocal\/wp-json\/wp\/v2\/comments?post=3897"}],"version-history":[{"count":1,"href":"https:\/\/diarieducacio.cat\/educaciolocal\/wp-json\/wp\/v2\/posts\/3897\/revisions"}],"predecessor-version":[{"id":4348,"href":"https:\/\/diarieducacio.cat\/educaciolocal\/wp-json\/wp\/v2\/posts\/3897\/revisions\/4348"}],"wp:featuredmedia":[{"embeddable":true,"href":"https:\/\/diarieducacio.cat\/educaciolocal\/wp-json\/wp\/v2\/media\/3903"}],"wp:attachment":[{"href":"https:\/\/diarieducacio.cat\/educaciolocal\/wp-json\/wp\/v2\/media?parent=3897"}],"wp:term":[{"taxonomy":"category","embeddable":true,"href":"https:\/\/diarieducacio.cat\/educaciolocal\/wp-json\/wp\/v2\/categories?post=3897"},{"taxonomy":"post_tag","embeddable":true,"href":"https:\/\/diarieducacio.cat\/educaciolocal\/wp-json\/wp\/v2\/tags?post=3897"},{"taxonomy":"tipo","embeddable":true,"href":"https:\/\/diarieducacio.cat\/educaciolocal\/wp-json\/wp\/v2\/tipo?post=3897"}],"curies":[{"name":"wp","href":"https:\/\/api.w.org\/{rel}","templated":true}]}}