{"id":3916,"date":"2023-11-23T05:00:22","date_gmt":"2023-11-23T05:00:22","guid":{"rendered":"https:\/\/diarieducacio.cat\/educaciolocal\/?p=3916"},"modified":"2024-08-08T10:52:46","modified_gmt":"2024-08-08T08:52:46","slug":"carla-vall-advocada-tot-indica-que-aviat-hi-haura-un-metoo-de-la-infancia","status":"publish","type":"post","link":"https:\/\/diarieducacio.cat\/educaciolocal\/2023\/11\/23\/carla-vall-advocada-tot-indica-que-aviat-hi-haura-un-metoo-de-la-infancia\/","title":{"rendered":"Carla Vall, advocada: &#8220;Tot indica que aviat hi haur\u00e0 un MeToo de la inf\u00e0ncia&#8221;"},"content":{"rendered":"<p>Carla Vall (Vilanova i la Geltr\u00fa, 1984) \u00e9s advocada penalista i crimin\u00f2loga. Ha dedicat la seva carrera a defensar a v\u00edctimes de viol\u00e8ncies de g\u00e8nere i contra la inf\u00e0ncia. Degut a la seva expertesa, el proper dia 30 de novembre impartir\u00e0 un <a href=\"https:\/\/www.diba.cat\/es\/web\/educacio\/-\/ext2023-1550\" target=\"_blank\" rel=\"noopener\">seminari<\/a> organitzat per l&#8217;\u00c0rea d&#8217;Educaci\u00f3 de la Diputaci\u00f3 de Barcelona sobre les eines a l\u2019abast dels municipis per lluitar contra les viol\u00e8ncies envers les dones i les criatures. A partir de les darreres novetats jur\u00eddiques, com els protocols de prevenci\u00f3 i detecci\u00f3 o els plans de conviv\u00e8ncia, Vall desgranar\u00e0 el marc jur\u00eddic que hi ha en l&#8217;\u00e0mbit local per prevenir les viol\u00e8ncies en l&#8217;\u00e0mbit educatiu.<\/p>\n<p><strong>De qu\u00e8 ens parlar\u00e0 al seminari del proper dia 30?<\/strong><\/p>\n<p>La idea \u00e9s poder traslladar les novetats legislatives que han generat molt de soroll a nivell medi\u00e0tic, per\u00f2 que ens aporten eines molt valuoses sobre com intervenir. La voluntat \u00e9s poder donar algunes claus de manera concreta sobre qu\u00e8 fer quan tenim coneixement d&#8217;un cas.<\/p>\n<p>De vegades, hi ha problemes per posar l&#8217;etiqueta de viol\u00e8ncia sexual. Doncs imagina quan, a sobre de tenir aquest dubte enorme, els adults dubten sobre com dirigir-se a les v\u00edctimes, com ajudar-les, com donar-los consol&#8230;<\/p>\n<p><strong>Quines s\u00f3n les eines que tenen els ajuntaments i municipis a l&#8217;hora de prevenir la viol\u00e8ncia en l&#8217;\u00e0mbit educatiu?<\/strong><\/p>\n<p>Per sort hi ha cada cop m\u00e9s recursos a disposici\u00f3, no nom\u00e9s pels serveis arrelats al territori, sin\u00f3 perqu\u00e8 la necessitat de formaci\u00f3 cada cop \u00e9s m\u00e9s evident. \u00c9s per aix\u00f2 que hi ha recursos p\u00fablics a disposici\u00f3, des de formacions amb professionals, fins a intervencions que fem en els centres, amb les associacions de fam\u00edlies&#8230;<\/p>\n<p><strong>Quina \u00e9s la import\u00e0ncia que t\u00e9 l&#8217;educaci\u00f3 per prevenir les viol\u00e8ncies masclistes?<\/strong><\/p>\n<p>Penso que \u00e9s molt important perqu\u00e8 permet a les generacions que estan escolaritzades tenir uns valors diferents als que tenen a casa. Per\u00f2 l&#8217;escola tampoc pot ser un calaix de sastre, on de manera gen\u00e8rica es dipositen les esperances d&#8217;un canvi. \u00c9s imprescindible que els docents i els professionals del sector tinguin eines a disposici\u00f3.<\/p>\n<p><strong>Com hauria de ser l&#8217;abordatge educatiu de les viol\u00e8ncies?<\/strong><\/p>\n<p>Cal parlar de les viol\u00e8ncies, cal parlar de la viol\u00e8ncia sexual. I cal abordar l&#8217;esfera de la sexualitat m\u00e9s enll\u00e0 de la prevenci\u00f3 de les malalties de transmissi\u00f3 sexual i embarassos no desitjats. Cal parlar de viol\u00e8ncia en les relacions i bons tractes. Tamb\u00e9 perqu\u00e8 alguns alumnes en s\u00f3n v\u00edctimes directes pel que viuen a casa.<\/p>\n<p><strong>S&#8217;han actualitzat algunes eines, com els protocols de detecci\u00f3 de les viol\u00e8ncies i el seu abordatge. \u00c9s suficient?<\/strong><\/p>\n<p>Mai no \u00e9s suficient, no? Vull dir que caldria abordar les viol\u00e8ncies de manera integral en tots els \u00e0mbits, per\u00f2 encara tenim una xifra oculta alt\u00edssima per a la detecci\u00f3 de casos. Caldr\u00e0 temps, recursos i comprom\u00eds per a fer-hi front.<\/p>\n<p><strong>Ens podria fer una valoraci\u00f3 general de la situaci\u00f3 de les viol\u00e8ncies en la inf\u00e0ncia?<\/strong><\/p>\n<p>Penso que estem a les portes d&#8217;un canvi social profund. Per fi, tenen una entitat pr\u00f2pia i se&#8217;n parla, es reporten els casos, s&#8217;ajuda i es d\u00f3na suport a les v\u00edctimes&#8230; Cal per\u00f2, que seguim en aquesta mateixa l\u00ednia i que se les acompanyi tant en la den\u00fancia com en la reparaci\u00f3. Tot indica que aviat hi haur\u00e0 un MeToo de la inf\u00e0ncia.<\/p>\n","protected":false},"excerpt":{"rendered":"<p>Carla Vall (Vilanova i la Geltr\u00fa, 1984) \u00e9s advocada penalista i crimin\u00f2loga. Ha dedicat la seva carrera a defensar a v\u00edctimes de viol\u00e8ncies de g\u00e8nere i contra la inf\u00e0ncia. Degut a la seva expertesa, el proper dia 30 de novembre impartir\u00e0 un seminari organitzat per l&#8217;\u00c0rea d&#8217;Educaci\u00f3 de la Diputaci\u00f3 de Barcelona sobre les eines<\/p>\n","protected":false},"author":201,"featured_media":3913,"comment_status":"open","ping_status":"closed","sticky":false,"template":"","format":"standard","meta":{"footnotes":""},"categories":[187,211,262,225,449,104],"tags":[374],"tipo":[393],"class_list":{"0":"post-3916","1":"post","2":"type-post","3":"status-publish","4":"format-standard","5":"has-post-thumbnail","7":"category-abandonament-escolar-prematur","8":"category-educacio-al-llarg-de-la-vida","9":"category-educacio-emocional","10":"category-educacio-infantil","11":"category-entrevista","12":"category-entrevistes","13":"tag-violencies-masclistes","14":"tipo-entrevista"},"yoast_head":"<!-- This site is optimized with the Yoast SEO plugin v27.5 - https:\/\/yoast.com\/product\/yoast-seo-wordpress\/ -->\n<title>Carla Vall, advocada: &quot;Tot indica que aviat hi haur\u00e0 un MeToo de la inf\u00e0ncia&quot; - El blog de l&#039;educaci\u00f3 local<\/title>\n<meta name=\"robots\" content=\"index, follow, max-snippet:-1, max-image-preview:large, max-video-preview:-1\" \/>\n<link rel=\"canonical\" href=\"https:\/\/diarieducacio.cat\/educaciolocal\/2023\/11\/23\/carla-vall-advocada-tot-indica-que-aviat-hi-haura-un-metoo-de-la-infancia\/\" \/>\n<meta property=\"og:locale\" content=\"ca_ES\" \/>\n<meta property=\"og:type\" content=\"article\" \/>\n<meta property=\"og:title\" content=\"Carla Vall, advocada: &quot;Tot indica que aviat hi haur\u00e0 un MeToo de la inf\u00e0ncia&quot; - El blog de l&#039;educaci\u00f3 local\" \/>\n<meta property=\"og:description\" content=\"Carla Vall (Vilanova i la Geltr\u00fa, 1984) \u00e9s advocada penalista i crimin\u00f2loga. Ha dedicat la seva carrera a defensar a v\u00edctimes de viol\u00e8ncies de g\u00e8nere i contra la inf\u00e0ncia. Degut a la seva expertesa, el proper dia 30 de novembre impartir\u00e0 un seminari organitzat per l&#8217;\u00c0rea d&#8217;Educaci\u00f3 de la Diputaci\u00f3 de Barcelona sobre les eines\" \/>\n<meta property=\"og:url\" content=\"https:\/\/diarieducacio.cat\/educaciolocal\/2023\/11\/23\/carla-vall-advocada-tot-indica-que-aviat-hi-haura-un-metoo-de-la-infancia\/\" \/>\n<meta property=\"og:site_name\" content=\"El blog de l&#039;educaci\u00f3 local\" \/>\n<meta property=\"article:publisher\" content=\"https:\/\/www.facebook.com\/diarieducacio\/\" \/>\n<meta property=\"article:published_time\" content=\"2023-11-23T05:00:22+00:00\" \/>\n<meta property=\"article:modified_time\" content=\"2024-08-08T08:52:46+00:00\" \/>\n<meta property=\"og:image\" content=\"https:\/\/diarieducacio.cat\/educaciolocal\/wp-content\/uploads\/sites\/18\/2023\/11\/carla-vall-imatge-biografia.jpg\" \/>\n\t<meta property=\"og:image:width\" content=\"1400\" \/>\n\t<meta property=\"og:image:height\" content=\"933\" \/>\n\t<meta property=\"og:image:type\" content=\"image\/jpeg\" \/>\n<meta name=\"author\" content=\"Redacci\u00f3 - Blog de l&#039;educaci\u00f3 local\" \/>\n<meta name=\"twitter:card\" content=\"summary_large_image\" \/>\n<meta name=\"twitter:creator\" content=\"@DiariEducacio\" \/>\n<meta name=\"twitter:site\" content=\"@DiariEducacio\" \/>\n<meta name=\"twitter:label1\" content=\"Escrit per\" \/>\n\t<meta name=\"twitter:data1\" content=\"Redacci\u00f3 - Blog de l&#039;educaci\u00f3 local\" \/>\n\t<meta name=\"twitter:label2\" content=\"Temps estimat de lectura\" \/>\n\t<meta name=\"twitter:data2\" content=\"3 minuts\" \/>\n<script type=\"application\/ld+json\" class=\"yoast-schema-graph\">{\"@context\":\"https:\\\/\\\/schema.org\",\"@graph\":[{\"@type\":\"Article\",\"@id\":\"https:\\\/\\\/diarieducacio.cat\\\/educaciolocal\\\/2023\\\/11\\\/23\\\/carla-vall-advocada-tot-indica-que-aviat-hi-haura-un-metoo-de-la-infancia\\\/#article\",\"isPartOf\":{\"@id\":\"https:\\\/\\\/diarieducacio.cat\\\/educaciolocal\\\/2023\\\/11\\\/23\\\/carla-vall-advocada-tot-indica-que-aviat-hi-haura-un-metoo-de-la-infancia\\\/\"},\"author\":{\"name\":\"Redacci\u00f3 - Blog de l'educaci\u00f3 local\",\"@id\":\"https:\\\/\\\/diarieducacio.cat\\\/educaciolocal\\\/#\\\/schema\\\/person\\\/2b7a218a59179ac9b82caae5e2c4f2ab\"},\"headline\":\"Carla Vall, advocada: &#8220;Tot indica que aviat hi haur\u00e0 un MeToo de la inf\u00e0ncia&#8221;\",\"datePublished\":\"2023-11-23T05:00:22+00:00\",\"dateModified\":\"2024-08-08T08:52:46+00:00\",\"mainEntityOfPage\":{\"@id\":\"https:\\\/\\\/diarieducacio.cat\\\/educaciolocal\\\/2023\\\/11\\\/23\\\/carla-vall-advocada-tot-indica-que-aviat-hi-haura-un-metoo-de-la-infancia\\\/\"},\"wordCount\":613,\"commentCount\":1,\"image\":{\"@id\":\"https:\\\/\\\/diarieducacio.cat\\\/educaciolocal\\\/2023\\\/11\\\/23\\\/carla-vall-advocada-tot-indica-que-aviat-hi-haura-un-metoo-de-la-infancia\\\/#primaryimage\"},\"thumbnailUrl\":\"https:\\\/\\\/diarieducacio.cat\\\/educaciolocal\\\/wp-content\\\/uploads\\\/sites\\\/18\\\/2023\\\/11\\\/carla-vall-imatge-biografia.jpg\",\"keywords\":[\"Viol\u00e8ncies masclistes\"],\"articleSection\":[\"Abandonament escolar prematur\",\"Educaci\u00f3 al llarg de la vida\",\"Educaci\u00f3 emocional\",\"Educaci\u00f3 infantil\",\"Entrevista\",\"Entrevistes\"],\"inLanguage\":\"ca\",\"potentialAction\":[{\"@type\":\"CommentAction\",\"name\":\"Comment\",\"target\":[\"https:\\\/\\\/diarieducacio.cat\\\/educaciolocal\\\/2023\\\/11\\\/23\\\/carla-vall-advocada-tot-indica-que-aviat-hi-haura-un-metoo-de-la-infancia\\\/#respond\"]}]},{\"@type\":\"WebPage\",\"@id\":\"https:\\\/\\\/diarieducacio.cat\\\/educaciolocal\\\/2023\\\/11\\\/23\\\/carla-vall-advocada-tot-indica-que-aviat-hi-haura-un-metoo-de-la-infancia\\\/\",\"url\":\"https:\\\/\\\/diarieducacio.cat\\\/educaciolocal\\\/2023\\\/11\\\/23\\\/carla-vall-advocada-tot-indica-que-aviat-hi-haura-un-metoo-de-la-infancia\\\/\",\"name\":\"Carla Vall, advocada: \\\"Tot indica que aviat hi haur\u00e0 un MeToo de la inf\u00e0ncia\\\" - El blog de l'educaci\u00f3 local\",\"isPartOf\":{\"@id\":\"https:\\\/\\\/diarieducacio.cat\\\/educaciolocal\\\/#website\"},\"primaryImageOfPage\":{\"@id\":\"https:\\\/\\\/diarieducacio.cat\\\/educaciolocal\\\/2023\\\/11\\\/23\\\/carla-vall-advocada-tot-indica-que-aviat-hi-haura-un-metoo-de-la-infancia\\\/#primaryimage\"},\"image\":{\"@id\":\"https:\\\/\\\/diarieducacio.cat\\\/educaciolocal\\\/2023\\\/11\\\/23\\\/carla-vall-advocada-tot-indica-que-aviat-hi-haura-un-metoo-de-la-infancia\\\/#primaryimage\"},\"thumbnailUrl\":\"https:\\\/\\\/diarieducacio.cat\\\/educaciolocal\\\/wp-content\\\/uploads\\\/sites\\\/18\\\/2023\\\/11\\\/carla-vall-imatge-biografia.jpg\",\"datePublished\":\"2023-11-23T05:00:22+00:00\",\"dateModified\":\"2024-08-08T08:52:46+00:00\",\"author\":{\"@id\":\"https:\\\/\\\/diarieducacio.cat\\\/educaciolocal\\\/#\\\/schema\\\/person\\\/2b7a218a59179ac9b82caae5e2c4f2ab\"},\"breadcrumb\":{\"@id\":\"https:\\\/\\\/diarieducacio.cat\\\/educaciolocal\\\/2023\\\/11\\\/23\\\/carla-vall-advocada-tot-indica-que-aviat-hi-haura-un-metoo-de-la-infancia\\\/#breadcrumb\"},\"inLanguage\":\"ca\",\"potentialAction\":[{\"@type\":\"ReadAction\",\"target\":[\"https:\\\/\\\/diarieducacio.cat\\\/educaciolocal\\\/2023\\\/11\\\/23\\\/carla-vall-advocada-tot-indica-que-aviat-hi-haura-un-metoo-de-la-infancia\\\/\"]}]},{\"@type\":\"ImageObject\",\"inLanguage\":\"ca\",\"@id\":\"https:\\\/\\\/diarieducacio.cat\\\/educaciolocal\\\/2023\\\/11\\\/23\\\/carla-vall-advocada-tot-indica-que-aviat-hi-haura-un-metoo-de-la-infancia\\\/#primaryimage\",\"url\":\"https:\\\/\\\/diarieducacio.cat\\\/educaciolocal\\\/wp-content\\\/uploads\\\/sites\\\/18\\\/2023\\\/11\\\/carla-vall-imatge-biografia.jpg\",\"contentUrl\":\"https:\\\/\\\/diarieducacio.cat\\\/educaciolocal\\\/wp-content\\\/uploads\\\/sites\\\/18\\\/2023\\\/11\\\/carla-vall-imatge-biografia.jpg\",\"width\":1400,\"height\":933,\"caption\":\"L'advocada Carla Vall | Fotografia cedida (carlavall.com)\"},{\"@type\":\"BreadcrumbList\",\"@id\":\"https:\\\/\\\/diarieducacio.cat\\\/educaciolocal\\\/2023\\\/11\\\/23\\\/carla-vall-advocada-tot-indica-que-aviat-hi-haura-un-metoo-de-la-infancia\\\/#breadcrumb\",\"itemListElement\":[{\"@type\":\"ListItem\",\"position\":1,\"name\":\"Inici\",\"item\":\"https:\\\/\\\/diarieducacio.cat\\\/educaciolocal\\\/\"},{\"@type\":\"ListItem\",\"position\":2,\"name\":\"Carla Vall, advocada: &#8220;Tot indica que aviat hi haur\u00e0 un MeToo de la inf\u00e0ncia&#8221;\"}]},{\"@type\":\"WebSite\",\"@id\":\"https:\\\/\\\/diarieducacio.cat\\\/educaciolocal\\\/#website\",\"url\":\"https:\\\/\\\/diarieducacio.cat\\\/educaciolocal\\\/\",\"name\":\"El blog de l'educaci\u00f3 local\",\"description\":\"\",\"potentialAction\":[{\"@type\":\"SearchAction\",\"target\":{\"@type\":\"EntryPoint\",\"urlTemplate\":\"https:\\\/\\\/diarieducacio.cat\\\/educaciolocal\\\/?s={search_term_string}\"},\"query-input\":{\"@type\":\"PropertyValueSpecification\",\"valueRequired\":true,\"valueName\":\"search_term_string\"}}],\"inLanguage\":\"ca\"},{\"@type\":\"Person\",\"@id\":\"https:\\\/\\\/diarieducacio.cat\\\/educaciolocal\\\/#\\\/schema\\\/person\\\/2b7a218a59179ac9b82caae5e2c4f2ab\",\"name\":\"Redacci\u00f3 - Blog de l'educaci\u00f3 local\",\"image\":{\"@type\":\"ImageObject\",\"inLanguage\":\"ca\",\"@id\":\"https:\\\/\\\/secure.gravatar.com\\\/avatar\\\/4b47e937aa12c75f6017fe20634c65c793c85afabda37da0e6376acd3fff5c02?s=96&d=mm&r=g\",\"url\":\"https:\\\/\\\/secure.gravatar.com\\\/avatar\\\/4b47e937aa12c75f6017fe20634c65c793c85afabda37da0e6376acd3fff5c02?s=96&d=mm&r=g\",\"contentUrl\":\"https:\\\/\\\/secure.gravatar.com\\\/avatar\\\/4b47e937aa12c75f6017fe20634c65c793c85afabda37da0e6376acd3fff5c02?s=96&d=mm&r=g\",\"caption\":\"Redacci\u00f3 - Blog de l'educaci\u00f3 local\"},\"url\":\"https:\\\/\\\/diarieducacio.cat\\\/educaciolocal\\\/author\\\/blogeducaciolocal\\\/\"}]}<\/script>\n<!-- \/ Yoast SEO plugin. -->","yoast_head_json":{"title":"Carla Vall, advocada: \"Tot indica que aviat hi haur\u00e0 un MeToo de la inf\u00e0ncia\" - El blog de l'educaci\u00f3 local","robots":{"index":"index","follow":"follow","max-snippet":"max-snippet:-1","max-image-preview":"max-image-preview:large","max-video-preview":"max-video-preview:-1"},"canonical":"https:\/\/diarieducacio.cat\/educaciolocal\/2023\/11\/23\/carla-vall-advocada-tot-indica-que-aviat-hi-haura-un-metoo-de-la-infancia\/","og_locale":"ca_ES","og_type":"article","og_title":"Carla Vall, advocada: \"Tot indica que aviat hi haur\u00e0 un MeToo de la inf\u00e0ncia\" - El blog de l'educaci\u00f3 local","og_description":"Carla Vall (Vilanova i la Geltr\u00fa, 1984) \u00e9s advocada penalista i crimin\u00f2loga. Ha dedicat la seva carrera a defensar a v\u00edctimes de viol\u00e8ncies de g\u00e8nere i contra la inf\u00e0ncia. Degut a la seva expertesa, el proper dia 30 de novembre impartir\u00e0 un seminari organitzat per l&#8217;\u00c0rea d&#8217;Educaci\u00f3 de la Diputaci\u00f3 de Barcelona sobre les eines","og_url":"https:\/\/diarieducacio.cat\/educaciolocal\/2023\/11\/23\/carla-vall-advocada-tot-indica-que-aviat-hi-haura-un-metoo-de-la-infancia\/","og_site_name":"El blog de l'educaci\u00f3 local","article_publisher":"https:\/\/www.facebook.com\/diarieducacio\/","article_published_time":"2023-11-23T05:00:22+00:00","article_modified_time":"2024-08-08T08:52:46+00:00","og_image":[{"width":1400,"height":933,"url":"https:\/\/diarieducacio.cat\/educaciolocal\/wp-content\/uploads\/sites\/18\/2023\/11\/carla-vall-imatge-biografia.jpg","type":"image\/jpeg"}],"author":"Redacci\u00f3 - Blog de l'educaci\u00f3 local","twitter_card":"summary_large_image","twitter_creator":"@DiariEducacio","twitter_site":"@DiariEducacio","twitter_misc":{"Escrit per":"Redacci\u00f3 - Blog de l'educaci\u00f3 local","Temps estimat de lectura":"3 minuts"},"schema":{"@context":"https:\/\/schema.org","@graph":[{"@type":"Article","@id":"https:\/\/diarieducacio.cat\/educaciolocal\/2023\/11\/23\/carla-vall-advocada-tot-indica-que-aviat-hi-haura-un-metoo-de-la-infancia\/#article","isPartOf":{"@id":"https:\/\/diarieducacio.cat\/educaciolocal\/2023\/11\/23\/carla-vall-advocada-tot-indica-que-aviat-hi-haura-un-metoo-de-la-infancia\/"},"author":{"name":"Redacci\u00f3 - Blog de l'educaci\u00f3 local","@id":"https:\/\/diarieducacio.cat\/educaciolocal\/#\/schema\/person\/2b7a218a59179ac9b82caae5e2c4f2ab"},"headline":"Carla Vall, advocada: &#8220;Tot indica que aviat hi haur\u00e0 un MeToo de la inf\u00e0ncia&#8221;","datePublished":"2023-11-23T05:00:22+00:00","dateModified":"2024-08-08T08:52:46+00:00","mainEntityOfPage":{"@id":"https:\/\/diarieducacio.cat\/educaciolocal\/2023\/11\/23\/carla-vall-advocada-tot-indica-que-aviat-hi-haura-un-metoo-de-la-infancia\/"},"wordCount":613,"commentCount":1,"image":{"@id":"https:\/\/diarieducacio.cat\/educaciolocal\/2023\/11\/23\/carla-vall-advocada-tot-indica-que-aviat-hi-haura-un-metoo-de-la-infancia\/#primaryimage"},"thumbnailUrl":"https:\/\/diarieducacio.cat\/educaciolocal\/wp-content\/uploads\/sites\/18\/2023\/11\/carla-vall-imatge-biografia.jpg","keywords":["Viol\u00e8ncies masclistes"],"articleSection":["Abandonament escolar prematur","Educaci\u00f3 al llarg de la vida","Educaci\u00f3 emocional","Educaci\u00f3 infantil","Entrevista","Entrevistes"],"inLanguage":"ca","potentialAction":[{"@type":"CommentAction","name":"Comment","target":["https:\/\/diarieducacio.cat\/educaciolocal\/2023\/11\/23\/carla-vall-advocada-tot-indica-que-aviat-hi-haura-un-metoo-de-la-infancia\/#respond"]}]},{"@type":"WebPage","@id":"https:\/\/diarieducacio.cat\/educaciolocal\/2023\/11\/23\/carla-vall-advocada-tot-indica-que-aviat-hi-haura-un-metoo-de-la-infancia\/","url":"https:\/\/diarieducacio.cat\/educaciolocal\/2023\/11\/23\/carla-vall-advocada-tot-indica-que-aviat-hi-haura-un-metoo-de-la-infancia\/","name":"Carla Vall, advocada: \"Tot indica que aviat hi haur\u00e0 un MeToo de la inf\u00e0ncia\" - El blog de l'educaci\u00f3 local","isPartOf":{"@id":"https:\/\/diarieducacio.cat\/educaciolocal\/#website"},"primaryImageOfPage":{"@id":"https:\/\/diarieducacio.cat\/educaciolocal\/2023\/11\/23\/carla-vall-advocada-tot-indica-que-aviat-hi-haura-un-metoo-de-la-infancia\/#primaryimage"},"image":{"@id":"https:\/\/diarieducacio.cat\/educaciolocal\/2023\/11\/23\/carla-vall-advocada-tot-indica-que-aviat-hi-haura-un-metoo-de-la-infancia\/#primaryimage"},"thumbnailUrl":"https:\/\/diarieducacio.cat\/educaciolocal\/wp-content\/uploads\/sites\/18\/2023\/11\/carla-vall-imatge-biografia.jpg","datePublished":"2023-11-23T05:00:22+00:00","dateModified":"2024-08-08T08:52:46+00:00","author":{"@id":"https:\/\/diarieducacio.cat\/educaciolocal\/#\/schema\/person\/2b7a218a59179ac9b82caae5e2c4f2ab"},"breadcrumb":{"@id":"https:\/\/diarieducacio.cat\/educaciolocal\/2023\/11\/23\/carla-vall-advocada-tot-indica-que-aviat-hi-haura-un-metoo-de-la-infancia\/#breadcrumb"},"inLanguage":"ca","potentialAction":[{"@type":"ReadAction","target":["https:\/\/diarieducacio.cat\/educaciolocal\/2023\/11\/23\/carla-vall-advocada-tot-indica-que-aviat-hi-haura-un-metoo-de-la-infancia\/"]}]},{"@type":"ImageObject","inLanguage":"ca","@id":"https:\/\/diarieducacio.cat\/educaciolocal\/2023\/11\/23\/carla-vall-advocada-tot-indica-que-aviat-hi-haura-un-metoo-de-la-infancia\/#primaryimage","url":"https:\/\/diarieducacio.cat\/educaciolocal\/wp-content\/uploads\/sites\/18\/2023\/11\/carla-vall-imatge-biografia.jpg","contentUrl":"https:\/\/diarieducacio.cat\/educaciolocal\/wp-content\/uploads\/sites\/18\/2023\/11\/carla-vall-imatge-biografia.jpg","width":1400,"height":933,"caption":"L'advocada Carla Vall | Fotografia cedida (carlavall.com)"},{"@type":"BreadcrumbList","@id":"https:\/\/diarieducacio.cat\/educaciolocal\/2023\/11\/23\/carla-vall-advocada-tot-indica-que-aviat-hi-haura-un-metoo-de-la-infancia\/#breadcrumb","itemListElement":[{"@type":"ListItem","position":1,"name":"Inici","item":"https:\/\/diarieducacio.cat\/educaciolocal\/"},{"@type":"ListItem","position":2,"name":"Carla Vall, advocada: &#8220;Tot indica que aviat hi haur\u00e0 un MeToo de la inf\u00e0ncia&#8221;"}]},{"@type":"WebSite","@id":"https:\/\/diarieducacio.cat\/educaciolocal\/#website","url":"https:\/\/diarieducacio.cat\/educaciolocal\/","name":"El blog de l'educaci\u00f3 local","description":"","potentialAction":[{"@type":"SearchAction","target":{"@type":"EntryPoint","urlTemplate":"https:\/\/diarieducacio.cat\/educaciolocal\/?s={search_term_string}"},"query-input":{"@type":"PropertyValueSpecification","valueRequired":true,"valueName":"search_term_string"}}],"inLanguage":"ca"},{"@type":"Person","@id":"https:\/\/diarieducacio.cat\/educaciolocal\/#\/schema\/person\/2b7a218a59179ac9b82caae5e2c4f2ab","name":"Redacci\u00f3 - Blog de l'educaci\u00f3 local","image":{"@type":"ImageObject","inLanguage":"ca","@id":"https:\/\/secure.gravatar.com\/avatar\/4b47e937aa12c75f6017fe20634c65c793c85afabda37da0e6376acd3fff5c02?s=96&d=mm&r=g","url":"https:\/\/secure.gravatar.com\/avatar\/4b47e937aa12c75f6017fe20634c65c793c85afabda37da0e6376acd3fff5c02?s=96&d=mm&r=g","contentUrl":"https:\/\/secure.gravatar.com\/avatar\/4b47e937aa12c75f6017fe20634c65c793c85afabda37da0e6376acd3fff5c02?s=96&d=mm&r=g","caption":"Redacci\u00f3 - Blog de l'educaci\u00f3 local"},"url":"https:\/\/diarieducacio.cat\/educaciolocal\/author\/blogeducaciolocal\/"}]}},"_links":{"self":[{"href":"https:\/\/diarieducacio.cat\/educaciolocal\/wp-json\/wp\/v2\/posts\/3916","targetHints":{"allow":["GET"]}}],"collection":[{"href":"https:\/\/diarieducacio.cat\/educaciolocal\/wp-json\/wp\/v2\/posts"}],"about":[{"href":"https:\/\/diarieducacio.cat\/educaciolocal\/wp-json\/wp\/v2\/types\/post"}],"author":[{"embeddable":true,"href":"https:\/\/diarieducacio.cat\/educaciolocal\/wp-json\/wp\/v2\/users\/201"}],"replies":[{"embeddable":true,"href":"https:\/\/diarieducacio.cat\/educaciolocal\/wp-json\/wp\/v2\/comments?post=3916"}],"version-history":[{"count":1,"href":"https:\/\/diarieducacio.cat\/educaciolocal\/wp-json\/wp\/v2\/posts\/3916\/revisions"}],"predecessor-version":[{"id":4349,"href":"https:\/\/diarieducacio.cat\/educaciolocal\/wp-json\/wp\/v2\/posts\/3916\/revisions\/4349"}],"wp:featuredmedia":[{"embeddable":true,"href":"https:\/\/diarieducacio.cat\/educaciolocal\/wp-json\/wp\/v2\/media\/3913"}],"wp:attachment":[{"href":"https:\/\/diarieducacio.cat\/educaciolocal\/wp-json\/wp\/v2\/media?parent=3916"}],"wp:term":[{"taxonomy":"category","embeddable":true,"href":"https:\/\/diarieducacio.cat\/educaciolocal\/wp-json\/wp\/v2\/categories?post=3916"},{"taxonomy":"post_tag","embeddable":true,"href":"https:\/\/diarieducacio.cat\/educaciolocal\/wp-json\/wp\/v2\/tags?post=3916"},{"taxonomy":"tipo","embeddable":true,"href":"https:\/\/diarieducacio.cat\/educaciolocal\/wp-json\/wp\/v2\/tipo?post=3916"}],"curies":[{"name":"wp","href":"https:\/\/api.w.org\/{rel}","templated":true}]}}