{"id":3979,"date":"2024-01-25T11:47:29","date_gmt":"2024-01-25T11:47:29","guid":{"rendered":"https:\/\/diarieducacio.cat\/educaciolocal\/?p=3979"},"modified":"2024-08-08T10:52:46","modified_gmt":"2024-08-08T08:52:46","slug":"estrategies-institucionals-per-a-leducacio-local","status":"publish","type":"post","link":"https:\/\/diarieducacio.cat\/educaciolocal\/2024\/01\/25\/estrategies-institucionals-per-a-leducacio-local\/","title":{"rendered":"Estrat\u00e8gies institucionals per a l\u2019educaci\u00f3 local"},"content":{"rendered":"<p>La consellera d\u2019Educaci\u00f3, Anna Sim\u00f3, i el diputat d\u2019Educaci\u00f3 de la Diputaci\u00f3 de Barcelona, Joan Galiano, s\u2019han reunit aquesta setmana amb l\u2019objectiu de buscar noves estrat\u00e8gies entre les dues administracions per afrontar reptes comuns.<\/p>\n<p>Galiano va presentar les principals l\u00ednies estrat\u00e8giques de l\u2019\u00e0rea centrades en refor\u00e7ar el paper i el lideratge municipal en mat\u00e8ria d\u2019educaci\u00f3. Aix\u00ed, des de la Diputaci\u00f3 es plantegen accions per acompanyar els ajuntaments en temes com la reducci\u00f3 de l\u2019abandonament escolar prematur, la lluita contra la segregaci\u00f3 escolar, l\u2019aven\u00e7 en l\u2019educaci\u00f3 a temps complet, incloent-hi temps i espais educatius fora escola i tamb\u00e9 iniciatives que permetin fer efectiva l\u2019educaci\u00f3 inclusiva.<\/p>\n<p>Durant la trobada, que va tenir lloc dimarts, es van abordar la col\u00b7laboraci\u00f3 institucional sobre el transport escolar no obligatori com a element que contribueix a facilitar la continu\u00eftat al sistema educatiu postobligatori.<\/p>\n<h3>Coordinaci\u00f3<\/h3>\n<p>Els representants de la Generalitat i la Diputaci\u00f3 van tractar tamb\u00e9 sobre les necessitats existents a l\u2019etapa 0-3 en mat\u00e8ria d\u2019inclusi\u00f3 i la definici\u00f3 de les mesures essencials; la participaci\u00f3 formal de la Diputaci\u00f3 en espais de coordinaci\u00f3 amb agents educatius com per exemple, en la definici\u00f3 de la pol\u00edtica d\u2019educaci\u00f3 a temps complet de Catalunya; la complementarietat en les accions adre\u00e7ades als ens locals d\u2019orientaci\u00f3 i acompanyament i de millora del benestar emocional per a l\u2019aprenentatge; i la col\u00b7laboraci\u00f3 en disposar de dades per a l\u2019an\u00e0lisi de la planificaci\u00f3 educativa des de la realitat local.<\/p>\n<p>Aquesta ha estat una primera trobada, a partir de la qual s\u2019encetaran els espais de col\u00b7laboraci\u00f3 t\u00e8cnica que tindran estabilitat per anar avan\u00e7ant en els temes tractats i consolidar aquest espai de coordinaci\u00f3 entre el Departament d\u2019Educaci\u00f3 i la Diputaci\u00f3 de Barcelona.<\/p>\n<p>Aquesta acci\u00f3 de la Diputaci\u00f3 de Barcelona respon als Objectius de Desenvolupament Sostenible n\u00famero 4 &#8220;Educaci\u00f3 de qualitat&#8221;. Els 17 ODS van ser proclamats per l\u2019Assemblea General de Nacions Unides el 25 de setembre de 2015 i formen part de l\u2019agenda global per a 2030. La Diputaci\u00f3 de Barcelona n\u2019assumeix el compliment i desplega la seva acci\u00f3 de suport als governs locals de la prov\u00edncia d\u2019acord amb aquests ODS.<\/p>\n","protected":false},"excerpt":{"rendered":"<p>La consellera d\u2019Educaci\u00f3, Anna Sim\u00f3, i el diputat d\u2019Educaci\u00f3 de la Diputaci\u00f3 de Barcelona, Joan Galiano, s\u2019han reunit aquesta setmana amb l\u2019objectiu de buscar noves estrat\u00e8gies entre les dues administracions per afrontar reptes comuns. Galiano va presentar les principals l\u00ednies estrat\u00e8giques de l\u2019\u00e0rea centrades en refor\u00e7ar el paper i el lideratge municipal en mat\u00e8ria d\u2019educaci\u00f3.<\/p>\n","protected":false},"author":201,"featured_media":3980,"comment_status":"open","ping_status":"closed","sticky":false,"template":"","format":"standard","meta":{"footnotes":""},"categories":[187,448,163,308,337],"tags":[96,129],"tipo":[395],"class_list":{"0":"post-3979","1":"post","2":"type-post","3":"status-publish","4":"format-standard","5":"has-post-thumbnail","7":"category-abandonament-escolar-prematur","8":"category-actualitat","9":"category-ajuntaments","10":"category-formacio-professional","11":"category-noves-oportunitats","12":"tag-diputacio-de-barcelona","13":"tag-educacio-local","14":"tipo-actualitat"},"yoast_head":"<!-- This site is optimized with the Yoast SEO plugin v27.5 - https:\/\/yoast.com\/product\/yoast-seo-wordpress\/ -->\n<title>Estrat\u00e8gies institucionals per a l\u2019educaci\u00f3 local - El blog de l&#039;educaci\u00f3 local<\/title>\n<meta name=\"robots\" content=\"index, follow, max-snippet:-1, max-image-preview:large, max-video-preview:-1\" \/>\n<link rel=\"canonical\" href=\"https:\/\/diarieducacio.cat\/educaciolocal\/2024\/01\/25\/estrategies-institucionals-per-a-leducacio-local\/\" \/>\n<meta property=\"og:locale\" content=\"ca_ES\" \/>\n<meta property=\"og:type\" content=\"article\" \/>\n<meta property=\"og:title\" content=\"Estrat\u00e8gies institucionals per a l\u2019educaci\u00f3 local - El blog de l&#039;educaci\u00f3 local\" \/>\n<meta property=\"og:description\" content=\"La consellera d\u2019Educaci\u00f3, Anna Sim\u00f3, i el diputat d\u2019Educaci\u00f3 de la Diputaci\u00f3 de Barcelona, Joan Galiano, s\u2019han reunit aquesta setmana amb l\u2019objectiu de buscar noves estrat\u00e8gies entre les dues administracions per afrontar reptes comuns. Galiano va presentar les principals l\u00ednies estrat\u00e8giques de l\u2019\u00e0rea centrades en refor\u00e7ar el paper i el lideratge municipal en mat\u00e8ria d\u2019educaci\u00f3.\" \/>\n<meta property=\"og:url\" content=\"https:\/\/diarieducacio.cat\/educaciolocal\/2024\/01\/25\/estrategies-institucionals-per-a-leducacio-local\/\" \/>\n<meta property=\"og:site_name\" content=\"El blog de l&#039;educaci\u00f3 local\" \/>\n<meta property=\"article:publisher\" content=\"https:\/\/www.facebook.com\/diarieducacio\/\" \/>\n<meta property=\"article:published_time\" content=\"2024-01-25T11:47:29+00:00\" \/>\n<meta property=\"article:modified_time\" content=\"2024-08-08T08:52:46+00:00\" \/>\n<meta property=\"og:image\" content=\"https:\/\/diarieducacio.cat\/educaciolocal\/wp-content\/uploads\/sites\/18\/2024\/01\/IMG-20240124-WA0003.jpg\" \/>\n\t<meta property=\"og:image:width\" content=\"1000\" \/>\n\t<meta property=\"og:image:height\" content=\"674\" \/>\n\t<meta property=\"og:image:type\" content=\"image\/jpeg\" \/>\n<meta name=\"author\" content=\"Redacci\u00f3 - Blog de l&#039;educaci\u00f3 local\" \/>\n<meta name=\"twitter:card\" content=\"summary_large_image\" \/>\n<meta name=\"twitter:creator\" content=\"@DiariEducacio\" \/>\n<meta name=\"twitter:site\" content=\"@DiariEducacio\" \/>\n<meta name=\"twitter:label1\" content=\"Escrit per\" \/>\n\t<meta name=\"twitter:data1\" content=\"Redacci\u00f3 - Blog de l&#039;educaci\u00f3 local\" \/>\n\t<meta name=\"twitter:label2\" content=\"Temps estimat de lectura\" \/>\n\t<meta name=\"twitter:data2\" content=\"2 minuts\" \/>\n<script type=\"application\/ld+json\" class=\"yoast-schema-graph\">{\"@context\":\"https:\\\/\\\/schema.org\",\"@graph\":[{\"@type\":\"Article\",\"@id\":\"https:\\\/\\\/diarieducacio.cat\\\/educaciolocal\\\/2024\\\/01\\\/25\\\/estrategies-institucionals-per-a-leducacio-local\\\/#article\",\"isPartOf\":{\"@id\":\"https:\\\/\\\/diarieducacio.cat\\\/educaciolocal\\\/2024\\\/01\\\/25\\\/estrategies-institucionals-per-a-leducacio-local\\\/\"},\"author\":{\"name\":\"Redacci\u00f3 - Blog de l'educaci\u00f3 local\",\"@id\":\"https:\\\/\\\/diarieducacio.cat\\\/educaciolocal\\\/#\\\/schema\\\/person\\\/2b7a218a59179ac9b82caae5e2c4f2ab\"},\"headline\":\"Estrat\u00e8gies institucionals per a l\u2019educaci\u00f3 local\",\"datePublished\":\"2024-01-25T11:47:29+00:00\",\"dateModified\":\"2024-08-08T08:52:46+00:00\",\"mainEntityOfPage\":{\"@id\":\"https:\\\/\\\/diarieducacio.cat\\\/educaciolocal\\\/2024\\\/01\\\/25\\\/estrategies-institucionals-per-a-leducacio-local\\\/\"},\"wordCount\":387,\"commentCount\":0,\"image\":{\"@id\":\"https:\\\/\\\/diarieducacio.cat\\\/educaciolocal\\\/2024\\\/01\\\/25\\\/estrategies-institucionals-per-a-leducacio-local\\\/#primaryimage\"},\"thumbnailUrl\":\"https:\\\/\\\/diarieducacio.cat\\\/educaciolocal\\\/wp-content\\\/uploads\\\/sites\\\/18\\\/2024\\\/01\\\/IMG-20240124-WA0003.jpg\",\"keywords\":[\"Diputaci\u00f3 de Barcelona\",\"Educaci\u00f3 local\"],\"articleSection\":[\"Abandonament escolar prematur\",\"Actualitat\",\"Ajuntaments\",\"Formaci\u00f3 Professional\",\"Noves oportunitats\"],\"inLanguage\":\"ca\",\"potentialAction\":[{\"@type\":\"CommentAction\",\"name\":\"Comment\",\"target\":[\"https:\\\/\\\/diarieducacio.cat\\\/educaciolocal\\\/2024\\\/01\\\/25\\\/estrategies-institucionals-per-a-leducacio-local\\\/#respond\"]}]},{\"@type\":\"WebPage\",\"@id\":\"https:\\\/\\\/diarieducacio.cat\\\/educaciolocal\\\/2024\\\/01\\\/25\\\/estrategies-institucionals-per-a-leducacio-local\\\/\",\"url\":\"https:\\\/\\\/diarieducacio.cat\\\/educaciolocal\\\/2024\\\/01\\\/25\\\/estrategies-institucionals-per-a-leducacio-local\\\/\",\"name\":\"Estrat\u00e8gies institucionals per a l\u2019educaci\u00f3 local - El blog de l'educaci\u00f3 local\",\"isPartOf\":{\"@id\":\"https:\\\/\\\/diarieducacio.cat\\\/educaciolocal\\\/#website\"},\"primaryImageOfPage\":{\"@id\":\"https:\\\/\\\/diarieducacio.cat\\\/educaciolocal\\\/2024\\\/01\\\/25\\\/estrategies-institucionals-per-a-leducacio-local\\\/#primaryimage\"},\"image\":{\"@id\":\"https:\\\/\\\/diarieducacio.cat\\\/educaciolocal\\\/2024\\\/01\\\/25\\\/estrategies-institucionals-per-a-leducacio-local\\\/#primaryimage\"},\"thumbnailUrl\":\"https:\\\/\\\/diarieducacio.cat\\\/educaciolocal\\\/wp-content\\\/uploads\\\/sites\\\/18\\\/2024\\\/01\\\/IMG-20240124-WA0003.jpg\",\"datePublished\":\"2024-01-25T11:47:29+00:00\",\"dateModified\":\"2024-08-08T08:52:46+00:00\",\"author\":{\"@id\":\"https:\\\/\\\/diarieducacio.cat\\\/educaciolocal\\\/#\\\/schema\\\/person\\\/2b7a218a59179ac9b82caae5e2c4f2ab\"},\"breadcrumb\":{\"@id\":\"https:\\\/\\\/diarieducacio.cat\\\/educaciolocal\\\/2024\\\/01\\\/25\\\/estrategies-institucionals-per-a-leducacio-local\\\/#breadcrumb\"},\"inLanguage\":\"ca\",\"potentialAction\":[{\"@type\":\"ReadAction\",\"target\":[\"https:\\\/\\\/diarieducacio.cat\\\/educaciolocal\\\/2024\\\/01\\\/25\\\/estrategies-institucionals-per-a-leducacio-local\\\/\"]}]},{\"@type\":\"ImageObject\",\"inLanguage\":\"ca\",\"@id\":\"https:\\\/\\\/diarieducacio.cat\\\/educaciolocal\\\/2024\\\/01\\\/25\\\/estrategies-institucionals-per-a-leducacio-local\\\/#primaryimage\",\"url\":\"https:\\\/\\\/diarieducacio.cat\\\/educaciolocal\\\/wp-content\\\/uploads\\\/sites\\\/18\\\/2024\\\/01\\\/IMG-20240124-WA0003.jpg\",\"contentUrl\":\"https:\\\/\\\/diarieducacio.cat\\\/educaciolocal\\\/wp-content\\\/uploads\\\/sites\\\/18\\\/2024\\\/01\\\/IMG-20240124-WA0003.jpg\",\"width\":1000,\"height\":674,\"caption\":\"Reuni\u00f3 del Departament d'Educaci\u00f3 i la Diputaci\u00f3 de Barcelona\"},{\"@type\":\"BreadcrumbList\",\"@id\":\"https:\\\/\\\/diarieducacio.cat\\\/educaciolocal\\\/2024\\\/01\\\/25\\\/estrategies-institucionals-per-a-leducacio-local\\\/#breadcrumb\",\"itemListElement\":[{\"@type\":\"ListItem\",\"position\":1,\"name\":\"Inici\",\"item\":\"https:\\\/\\\/diarieducacio.cat\\\/educaciolocal\\\/\"},{\"@type\":\"ListItem\",\"position\":2,\"name\":\"Estrat\u00e8gies institucionals per a l\u2019educaci\u00f3 local\"}]},{\"@type\":\"WebSite\",\"@id\":\"https:\\\/\\\/diarieducacio.cat\\\/educaciolocal\\\/#website\",\"url\":\"https:\\\/\\\/diarieducacio.cat\\\/educaciolocal\\\/\",\"name\":\"El blog de l'educaci\u00f3 local\",\"description\":\"\",\"potentialAction\":[{\"@type\":\"SearchAction\",\"target\":{\"@type\":\"EntryPoint\",\"urlTemplate\":\"https:\\\/\\\/diarieducacio.cat\\\/educaciolocal\\\/?s={search_term_string}\"},\"query-input\":{\"@type\":\"PropertyValueSpecification\",\"valueRequired\":true,\"valueName\":\"search_term_string\"}}],\"inLanguage\":\"ca\"},{\"@type\":\"Person\",\"@id\":\"https:\\\/\\\/diarieducacio.cat\\\/educaciolocal\\\/#\\\/schema\\\/person\\\/2b7a218a59179ac9b82caae5e2c4f2ab\",\"name\":\"Redacci\u00f3 - Blog de l'educaci\u00f3 local\",\"image\":{\"@type\":\"ImageObject\",\"inLanguage\":\"ca\",\"@id\":\"https:\\\/\\\/secure.gravatar.com\\\/avatar\\\/4b47e937aa12c75f6017fe20634c65c793c85afabda37da0e6376acd3fff5c02?s=96&d=mm&r=g\",\"url\":\"https:\\\/\\\/secure.gravatar.com\\\/avatar\\\/4b47e937aa12c75f6017fe20634c65c793c85afabda37da0e6376acd3fff5c02?s=96&d=mm&r=g\",\"contentUrl\":\"https:\\\/\\\/secure.gravatar.com\\\/avatar\\\/4b47e937aa12c75f6017fe20634c65c793c85afabda37da0e6376acd3fff5c02?s=96&d=mm&r=g\",\"caption\":\"Redacci\u00f3 - Blog de l'educaci\u00f3 local\"},\"url\":\"https:\\\/\\\/diarieducacio.cat\\\/educaciolocal\\\/author\\\/blogeducaciolocal\\\/\"}]}<\/script>\n<!-- \/ Yoast SEO plugin. -->","yoast_head_json":{"title":"Estrat\u00e8gies institucionals per a l\u2019educaci\u00f3 local - El blog de l'educaci\u00f3 local","robots":{"index":"index","follow":"follow","max-snippet":"max-snippet:-1","max-image-preview":"max-image-preview:large","max-video-preview":"max-video-preview:-1"},"canonical":"https:\/\/diarieducacio.cat\/educaciolocal\/2024\/01\/25\/estrategies-institucionals-per-a-leducacio-local\/","og_locale":"ca_ES","og_type":"article","og_title":"Estrat\u00e8gies institucionals per a l\u2019educaci\u00f3 local - El blog de l'educaci\u00f3 local","og_description":"La consellera d\u2019Educaci\u00f3, Anna Sim\u00f3, i el diputat d\u2019Educaci\u00f3 de la Diputaci\u00f3 de Barcelona, Joan Galiano, s\u2019han reunit aquesta setmana amb l\u2019objectiu de buscar noves estrat\u00e8gies entre les dues administracions per afrontar reptes comuns. Galiano va presentar les principals l\u00ednies estrat\u00e8giques de l\u2019\u00e0rea centrades en refor\u00e7ar el paper i el lideratge municipal en mat\u00e8ria d\u2019educaci\u00f3.","og_url":"https:\/\/diarieducacio.cat\/educaciolocal\/2024\/01\/25\/estrategies-institucionals-per-a-leducacio-local\/","og_site_name":"El blog de l'educaci\u00f3 local","article_publisher":"https:\/\/www.facebook.com\/diarieducacio\/","article_published_time":"2024-01-25T11:47:29+00:00","article_modified_time":"2024-08-08T08:52:46+00:00","og_image":[{"width":1000,"height":674,"url":"https:\/\/diarieducacio.cat\/educaciolocal\/wp-content\/uploads\/sites\/18\/2024\/01\/IMG-20240124-WA0003.jpg","type":"image\/jpeg"}],"author":"Redacci\u00f3 - Blog de l'educaci\u00f3 local","twitter_card":"summary_large_image","twitter_creator":"@DiariEducacio","twitter_site":"@DiariEducacio","twitter_misc":{"Escrit per":"Redacci\u00f3 - Blog de l'educaci\u00f3 local","Temps estimat de lectura":"2 minuts"},"schema":{"@context":"https:\/\/schema.org","@graph":[{"@type":"Article","@id":"https:\/\/diarieducacio.cat\/educaciolocal\/2024\/01\/25\/estrategies-institucionals-per-a-leducacio-local\/#article","isPartOf":{"@id":"https:\/\/diarieducacio.cat\/educaciolocal\/2024\/01\/25\/estrategies-institucionals-per-a-leducacio-local\/"},"author":{"name":"Redacci\u00f3 - Blog de l'educaci\u00f3 local","@id":"https:\/\/diarieducacio.cat\/educaciolocal\/#\/schema\/person\/2b7a218a59179ac9b82caae5e2c4f2ab"},"headline":"Estrat\u00e8gies institucionals per a l\u2019educaci\u00f3 local","datePublished":"2024-01-25T11:47:29+00:00","dateModified":"2024-08-08T08:52:46+00:00","mainEntityOfPage":{"@id":"https:\/\/diarieducacio.cat\/educaciolocal\/2024\/01\/25\/estrategies-institucionals-per-a-leducacio-local\/"},"wordCount":387,"commentCount":0,"image":{"@id":"https:\/\/diarieducacio.cat\/educaciolocal\/2024\/01\/25\/estrategies-institucionals-per-a-leducacio-local\/#primaryimage"},"thumbnailUrl":"https:\/\/diarieducacio.cat\/educaciolocal\/wp-content\/uploads\/sites\/18\/2024\/01\/IMG-20240124-WA0003.jpg","keywords":["Diputaci\u00f3 de Barcelona","Educaci\u00f3 local"],"articleSection":["Abandonament escolar prematur","Actualitat","Ajuntaments","Formaci\u00f3 Professional","Noves oportunitats"],"inLanguage":"ca","potentialAction":[{"@type":"CommentAction","name":"Comment","target":["https:\/\/diarieducacio.cat\/educaciolocal\/2024\/01\/25\/estrategies-institucionals-per-a-leducacio-local\/#respond"]}]},{"@type":"WebPage","@id":"https:\/\/diarieducacio.cat\/educaciolocal\/2024\/01\/25\/estrategies-institucionals-per-a-leducacio-local\/","url":"https:\/\/diarieducacio.cat\/educaciolocal\/2024\/01\/25\/estrategies-institucionals-per-a-leducacio-local\/","name":"Estrat\u00e8gies institucionals per a l\u2019educaci\u00f3 local - El blog de l'educaci\u00f3 local","isPartOf":{"@id":"https:\/\/diarieducacio.cat\/educaciolocal\/#website"},"primaryImageOfPage":{"@id":"https:\/\/diarieducacio.cat\/educaciolocal\/2024\/01\/25\/estrategies-institucionals-per-a-leducacio-local\/#primaryimage"},"image":{"@id":"https:\/\/diarieducacio.cat\/educaciolocal\/2024\/01\/25\/estrategies-institucionals-per-a-leducacio-local\/#primaryimage"},"thumbnailUrl":"https:\/\/diarieducacio.cat\/educaciolocal\/wp-content\/uploads\/sites\/18\/2024\/01\/IMG-20240124-WA0003.jpg","datePublished":"2024-01-25T11:47:29+00:00","dateModified":"2024-08-08T08:52:46+00:00","author":{"@id":"https:\/\/diarieducacio.cat\/educaciolocal\/#\/schema\/person\/2b7a218a59179ac9b82caae5e2c4f2ab"},"breadcrumb":{"@id":"https:\/\/diarieducacio.cat\/educaciolocal\/2024\/01\/25\/estrategies-institucionals-per-a-leducacio-local\/#breadcrumb"},"inLanguage":"ca","potentialAction":[{"@type":"ReadAction","target":["https:\/\/diarieducacio.cat\/educaciolocal\/2024\/01\/25\/estrategies-institucionals-per-a-leducacio-local\/"]}]},{"@type":"ImageObject","inLanguage":"ca","@id":"https:\/\/diarieducacio.cat\/educaciolocal\/2024\/01\/25\/estrategies-institucionals-per-a-leducacio-local\/#primaryimage","url":"https:\/\/diarieducacio.cat\/educaciolocal\/wp-content\/uploads\/sites\/18\/2024\/01\/IMG-20240124-WA0003.jpg","contentUrl":"https:\/\/diarieducacio.cat\/educaciolocal\/wp-content\/uploads\/sites\/18\/2024\/01\/IMG-20240124-WA0003.jpg","width":1000,"height":674,"caption":"Reuni\u00f3 del Departament d'Educaci\u00f3 i la Diputaci\u00f3 de Barcelona"},{"@type":"BreadcrumbList","@id":"https:\/\/diarieducacio.cat\/educaciolocal\/2024\/01\/25\/estrategies-institucionals-per-a-leducacio-local\/#breadcrumb","itemListElement":[{"@type":"ListItem","position":1,"name":"Inici","item":"https:\/\/diarieducacio.cat\/educaciolocal\/"},{"@type":"ListItem","position":2,"name":"Estrat\u00e8gies institucionals per a l\u2019educaci\u00f3 local"}]},{"@type":"WebSite","@id":"https:\/\/diarieducacio.cat\/educaciolocal\/#website","url":"https:\/\/diarieducacio.cat\/educaciolocal\/","name":"El blog de l'educaci\u00f3 local","description":"","potentialAction":[{"@type":"SearchAction","target":{"@type":"EntryPoint","urlTemplate":"https:\/\/diarieducacio.cat\/educaciolocal\/?s={search_term_string}"},"query-input":{"@type":"PropertyValueSpecification","valueRequired":true,"valueName":"search_term_string"}}],"inLanguage":"ca"},{"@type":"Person","@id":"https:\/\/diarieducacio.cat\/educaciolocal\/#\/schema\/person\/2b7a218a59179ac9b82caae5e2c4f2ab","name":"Redacci\u00f3 - Blog de l'educaci\u00f3 local","image":{"@type":"ImageObject","inLanguage":"ca","@id":"https:\/\/secure.gravatar.com\/avatar\/4b47e937aa12c75f6017fe20634c65c793c85afabda37da0e6376acd3fff5c02?s=96&d=mm&r=g","url":"https:\/\/secure.gravatar.com\/avatar\/4b47e937aa12c75f6017fe20634c65c793c85afabda37da0e6376acd3fff5c02?s=96&d=mm&r=g","contentUrl":"https:\/\/secure.gravatar.com\/avatar\/4b47e937aa12c75f6017fe20634c65c793c85afabda37da0e6376acd3fff5c02?s=96&d=mm&r=g","caption":"Redacci\u00f3 - Blog de l'educaci\u00f3 local"},"url":"https:\/\/diarieducacio.cat\/educaciolocal\/author\/blogeducaciolocal\/"}]}},"_links":{"self":[{"href":"https:\/\/diarieducacio.cat\/educaciolocal\/wp-json\/wp\/v2\/posts\/3979","targetHints":{"allow":["GET"]}}],"collection":[{"href":"https:\/\/diarieducacio.cat\/educaciolocal\/wp-json\/wp\/v2\/posts"}],"about":[{"href":"https:\/\/diarieducacio.cat\/educaciolocal\/wp-json\/wp\/v2\/types\/post"}],"author":[{"embeddable":true,"href":"https:\/\/diarieducacio.cat\/educaciolocal\/wp-json\/wp\/v2\/users\/201"}],"replies":[{"embeddable":true,"href":"https:\/\/diarieducacio.cat\/educaciolocal\/wp-json\/wp\/v2\/comments?post=3979"}],"version-history":[{"count":1,"href":"https:\/\/diarieducacio.cat\/educaciolocal\/wp-json\/wp\/v2\/posts\/3979\/revisions"}],"predecessor-version":[{"id":4353,"href":"https:\/\/diarieducacio.cat\/educaciolocal\/wp-json\/wp\/v2\/posts\/3979\/revisions\/4353"}],"wp:featuredmedia":[{"embeddable":true,"href":"https:\/\/diarieducacio.cat\/educaciolocal\/wp-json\/wp\/v2\/media\/3980"}],"wp:attachment":[{"href":"https:\/\/diarieducacio.cat\/educaciolocal\/wp-json\/wp\/v2\/media?parent=3979"}],"wp:term":[{"taxonomy":"category","embeddable":true,"href":"https:\/\/diarieducacio.cat\/educaciolocal\/wp-json\/wp\/v2\/categories?post=3979"},{"taxonomy":"post_tag","embeddable":true,"href":"https:\/\/diarieducacio.cat\/educaciolocal\/wp-json\/wp\/v2\/tags?post=3979"},{"taxonomy":"tipo","embeddable":true,"href":"https:\/\/diarieducacio.cat\/educaciolocal\/wp-json\/wp\/v2\/tipo?post=3979"}],"curies":[{"name":"wp","href":"https:\/\/api.w.org\/{rel}","templated":true}]}}