{"id":3999,"date":"2020-03-23T10:57:14","date_gmt":"2020-03-23T10:57:14","guid":{"rendered":"https:\/\/diarieducacio.cat\/educaciolocal\/?p=1828"},"modified":"2024-08-08T10:52:33","modified_gmt":"2024-08-08T08:52:33","slug":"es-moment-de-sumar","status":"publish","type":"post","link":"https:\/\/diarieducacio.cat\/educaciolocal\/2020\/03\/23\/es-moment-de-sumar\/","title":{"rendered":"\u00c9s moment de sumar"},"content":{"rendered":"<p><img fetchpriority=\"high\" decoding=\"async\" class=\"aligncenter size-full wp-image-1827\" src=\"https:\/\/diarieducacio.cat\/educaciolocal\/wp-content\/uploads\/sites\/26\/2020\/03\/image0-DB.jpeg\" alt=\"\" width=\"618\" height=\"311\" \/><\/p>\n<p>El tancament del servei d\u2019educaci\u00f3 i dels centres educatius en la seva globalitat com un dels focus potencials de propagaci\u00f3 a causa de l\u2019alta concentraci\u00f3 de persones que hi conviuen, ha generat un conjunt de mesures de conciliaci\u00f3, que el propi Decret tamb\u00e9 aborda.<\/p>\n<p>La mesura, totalment necess\u00e0ria, t\u00e9 altres conseq\u00fc\u00e8ncies col\u00b7laterals d\u2019impacte social i acad\u00e8mic que les administracions competents estan abordant en una situaci\u00f3 tamb\u00e9 d\u2019extrema dificultat per la situaci\u00f3 en qu\u00e8 ens trobem. Amb bon criteri, s\u2019ha ajornat tota l\u2019activitat de preinscripci\u00f3 i matriculaci\u00f3, un proc\u00e9s sempre complex que es fa dif\u00edcil de portar a terme en la situaci\u00f3 actual. La incertesa de la situaci\u00f3 complica poder fer previsions de com acabar\u00e0 el curs i quin impacte tindr\u00e0 en les compet\u00e8ncies que li demanem a l\u2019alumnat. Altres aspectes, com garantir l\u2019alimentaci\u00f3 de l\u2019alumnat m\u00e9s vulnerable, no poden esperar; fer arribar a les fam\u00edlies els imports dels ajuts, que provenen de la Generalitat, d\u2019ajuntaments i tamb\u00e9 d\u2019entitats privades, \u00e9s una tasca complexa que aquests dies preocupa i ocupa als responsables dels serveis educatius I socials.<\/p>\n<p>La Diputaci\u00f3 de Barcelona, sense compet\u00e8ncies educatives de prestaci\u00f3 directa, basa la seva activitat en el suport als ajuntaments, amb dos objectius prioritaris: vetllar per l\u2019equitat com a garantia per una igualtat d\u2019oportunitats real i treballar per la millora de la qualitat del nostre sistema educatiu. Els programes de formaci\u00f3 adre\u00e7ats als i les professionals d\u2019escoles bressol, d\u2019ensenyaments art\u00edstics i musicals, d\u2019educaci\u00f3 especial o escoles d\u2019adults, a m\u00e9s de tot el suport i formaci\u00f3 per l\u2019efici\u00e8ncia i la sostenibilitat dels equipaments educatius sota la responsabilitat\u00a0 de les administracions locals, s\u2019han vist aturats (o han hagut de disminuir la seva capacitat d\u2019actuar) sense massa capacitat de reacci\u00f3 mentre duri el confinament de la poblaci\u00f3. La planificaci\u00f3 d\u2019activitats conjuntes i coordinades amb els ajuntaments per fer front a greus problemes com la segregaci\u00f3 escolar o l\u2018abandonament escolar prematur \u00e9s tamb\u00e9 un bon paquet d\u2019accions que en aquest moment es troben aturades i amb la incertesa de si es podran realitzar, en funci\u00f3 de l\u2019evoluci\u00f3 de la pand\u00e8mia. No puc amagar una certa impot\u00e8ncia perqu\u00e8 aquestes, i moltes altres actuacions, responen a necessitats molts reals que els ajuntaments demanen, conscients de la import\u00e0ncia de l\u2019\u00e8xit educatiu pel futur dels seus ciutadans i de la seva comunitat.<\/p>\n<p>No \u00e9s, per\u00f2, moment per lamentacions! La prioritat \u00e9s v\u00e8ncer una malaltia que est\u00e0 alterant la vida del conjunt del planeta i que nom\u00e9s superarem amb la implicaci\u00f3 i responsabilitat de cadasc\u00fa de nosaltres. \u00c9s moment de sumar. Des dels serveis d\u2019educaci\u00f3 de la Diputaci\u00f3 tenim els nostres recursos materials i humans a disposici\u00f3 de les administracions locals, conscients que la prioritat ara passa per ajudar a les persones m\u00e9s vulnerables i evitar l\u2019expansi\u00f3 de la malaltia a l\u00edmits que col\u00b7lapsin el nostre sistema sanitari.<\/p>\n<p>El comportament col\u00b7lectiu d\u2019aquests dies de confinament est\u00e0 ple de responsabilitat i de solidaritat. I som optimistes, perqu\u00e8 les situacions adverses ben gestionades ens fan m\u00e9s forts i millors persones. Aconseguir reduir les desigualtats en aquest planeta ric per\u00f2 injust, posant el benestar de les persones al centre de qualsevol acci\u00f3, treballar per un planeta, tant petit com aquesta pand\u00e8mia ens ha mostrat, que orienti el seu futur a la sostenibilitat social, econ\u00f2mica i mediambiental s\u00f3n ambicions que reclamen el comprom\u00eds de l\u2019educaci\u00f3. Per aix\u00f2 estem treballant en la reprioritzaci\u00f3 de les nostres accions, perqu\u00e8 superada aquesta greu situaci\u00f3 l\u2019educaci\u00f3 continuar\u00e0 sent l\u2019instrument m\u00e9s potent per transformar i millorar el nostre m\u00f3n.<\/p>\n","protected":false},"excerpt":{"rendered":"<p>El Decret d&#8217;Alarma, amb l\u2019obligaci\u00f3 de confinament, \u00e9s una mesura inevitable per frenar la capacitat de propagaci\u00f3 del virus Covid-19 i evitar el col\u00b7lapse del sistema de salut, per\u00f2 ha provocat un gran impacte en la vida de la ciutadania i tamb\u00e9 en l\u2019activitat de les administracions.<\/p>\n","protected":false},"author":1,"featured_media":1499,"comment_status":"open","ping_status":"closed","sticky":false,"template":"","format":"standard","meta":{"footnotes":""},"categories":[144],"tags":[],"tipo":[],"class_list":{"0":"post-3999","1":"post","2":"type-post","3":"status-publish","4":"format-standard","5":"has-post-thumbnail","7":"category-opinio"},"yoast_head":"<!-- This site is optimized with the Yoast SEO plugin v27.5 - https:\/\/yoast.com\/product\/yoast-seo-wordpress\/ -->\n<title>\u00c9s moment de sumar - El blog de l&#039;educaci\u00f3 local<\/title>\n<meta name=\"robots\" content=\"index, follow, max-snippet:-1, max-image-preview:large, max-video-preview:-1\" \/>\n<link rel=\"canonical\" href=\"https:\/\/diarieducacio.cat\/educaciolocal\/2020\/03\/23\/es-moment-de-sumar\/\" \/>\n<meta property=\"og:locale\" content=\"ca_ES\" \/>\n<meta property=\"og:type\" content=\"article\" \/>\n<meta property=\"og:title\" content=\"\u00c9s moment de sumar - El blog de l&#039;educaci\u00f3 local\" \/>\n<meta property=\"og:description\" content=\"El Decret d&#039;Alarma, amb l\u2019obligaci\u00f3 de confinament, \u00e9s una mesura inevitable per frenar la capacitat de propagaci\u00f3 del virus Covid-19 i evitar el col\u00b7lapse del sistema de salut, per\u00f2 ha provocat un gran impacte en la vida de la ciutadania i tamb\u00e9 en l\u2019activitat de les administracions.\" \/>\n<meta property=\"og:url\" content=\"https:\/\/diarieducacio.cat\/educaciolocal\/2020\/03\/23\/es-moment-de-sumar\/\" \/>\n<meta property=\"og:site_name\" content=\"El blog de l&#039;educaci\u00f3 local\" \/>\n<meta property=\"article:publisher\" content=\"https:\/\/www.facebook.com\/diarieducacio\/\" \/>\n<meta property=\"article:published_time\" content=\"2020-03-23T10:57:14+00:00\" \/>\n<meta property=\"article:modified_time\" content=\"2024-08-08T08:52:33+00:00\" \/>\n<meta property=\"og:image\" content=\"https:\/\/diarieducacio.cat\/educaciolocal\/wp-content\/uploads\/sites\/18\/2019\/11\/AlfredoVega0.jpg\" \/>\n\t<meta property=\"og:image:width\" content=\"371\" \/>\n\t<meta property=\"og:image:height\" content=\"352\" \/>\n\t<meta property=\"og:image:type\" content=\"image\/jpeg\" \/>\n<meta name=\"author\" content=\"Redacci\u00f3\" \/>\n<meta name=\"twitter:card\" content=\"summary_large_image\" \/>\n<meta name=\"twitter:creator\" content=\"@DiariEducacio\" \/>\n<meta name=\"twitter:site\" content=\"@DiariEducacio\" \/>\n<meta name=\"twitter:label1\" content=\"Escrit per\" \/>\n\t<meta name=\"twitter:data1\" content=\"Redacci\u00f3\" \/>\n\t<meta name=\"twitter:label2\" content=\"Temps estimat de lectura\" \/>\n\t<meta name=\"twitter:data2\" content=\"3 minuts\" \/>\n<script type=\"application\/ld+json\" class=\"yoast-schema-graph\">{\"@context\":\"https:\\\/\\\/schema.org\",\"@graph\":[{\"@type\":\"Article\",\"@id\":\"https:\\\/\\\/diarieducacio.cat\\\/educaciolocal\\\/2020\\\/03\\\/23\\\/es-moment-de-sumar\\\/#article\",\"isPartOf\":{\"@id\":\"https:\\\/\\\/diarieducacio.cat\\\/educaciolocal\\\/2020\\\/03\\\/23\\\/es-moment-de-sumar\\\/\"},\"author\":{\"name\":\"Redacci\u00f3\",\"@id\":\"https:\\\/\\\/diarieducacio.cat\\\/educaciolocal\\\/#\\\/schema\\\/person\\\/04093d1227f1b01952d6187a5be57900\"},\"headline\":\"\u00c9s moment de sumar\",\"datePublished\":\"2020-03-23T10:57:14+00:00\",\"dateModified\":\"2024-08-08T08:52:33+00:00\",\"mainEntityOfPage\":{\"@id\":\"https:\\\/\\\/diarieducacio.cat\\\/educaciolocal\\\/2020\\\/03\\\/23\\\/es-moment-de-sumar\\\/\"},\"wordCount\":641,\"commentCount\":0,\"image\":{\"@id\":\"https:\\\/\\\/diarieducacio.cat\\\/educaciolocal\\\/2020\\\/03\\\/23\\\/es-moment-de-sumar\\\/#primaryimage\"},\"thumbnailUrl\":\"https:\\\/\\\/diarieducacio.cat\\\/educaciolocal\\\/wp-content\\\/uploads\\\/sites\\\/18\\\/2019\\\/11\\\/AlfredoVega0.jpg\",\"articleSection\":[\"Opini\u00f3\"],\"inLanguage\":\"ca\",\"potentialAction\":[{\"@type\":\"CommentAction\",\"name\":\"Comment\",\"target\":[\"https:\\\/\\\/diarieducacio.cat\\\/educaciolocal\\\/2020\\\/03\\\/23\\\/es-moment-de-sumar\\\/#respond\"]}]},{\"@type\":\"WebPage\",\"@id\":\"https:\\\/\\\/diarieducacio.cat\\\/educaciolocal\\\/2020\\\/03\\\/23\\\/es-moment-de-sumar\\\/\",\"url\":\"https:\\\/\\\/diarieducacio.cat\\\/educaciolocal\\\/2020\\\/03\\\/23\\\/es-moment-de-sumar\\\/\",\"name\":\"\u00c9s moment de sumar - El blog de l'educaci\u00f3 local\",\"isPartOf\":{\"@id\":\"https:\\\/\\\/diarieducacio.cat\\\/educaciolocal\\\/#website\"},\"primaryImageOfPage\":{\"@id\":\"https:\\\/\\\/diarieducacio.cat\\\/educaciolocal\\\/2020\\\/03\\\/23\\\/es-moment-de-sumar\\\/#primaryimage\"},\"image\":{\"@id\":\"https:\\\/\\\/diarieducacio.cat\\\/educaciolocal\\\/2020\\\/03\\\/23\\\/es-moment-de-sumar\\\/#primaryimage\"},\"thumbnailUrl\":\"https:\\\/\\\/diarieducacio.cat\\\/educaciolocal\\\/wp-content\\\/uploads\\\/sites\\\/18\\\/2019\\\/11\\\/AlfredoVega0.jpg\",\"datePublished\":\"2020-03-23T10:57:14+00:00\",\"dateModified\":\"2024-08-08T08:52:33+00:00\",\"author\":{\"@id\":\"https:\\\/\\\/diarieducacio.cat\\\/educaciolocal\\\/#\\\/schema\\\/person\\\/04093d1227f1b01952d6187a5be57900\"},\"breadcrumb\":{\"@id\":\"https:\\\/\\\/diarieducacio.cat\\\/educaciolocal\\\/2020\\\/03\\\/23\\\/es-moment-de-sumar\\\/#breadcrumb\"},\"inLanguage\":\"ca\",\"potentialAction\":[{\"@type\":\"ReadAction\",\"target\":[\"https:\\\/\\\/diarieducacio.cat\\\/educaciolocal\\\/2020\\\/03\\\/23\\\/es-moment-de-sumar\\\/\"]}]},{\"@type\":\"ImageObject\",\"inLanguage\":\"ca\",\"@id\":\"https:\\\/\\\/diarieducacio.cat\\\/educaciolocal\\\/2020\\\/03\\\/23\\\/es-moment-de-sumar\\\/#primaryimage\",\"url\":\"https:\\\/\\\/diarieducacio.cat\\\/educaciolocal\\\/wp-content\\\/uploads\\\/sites\\\/18\\\/2019\\\/11\\\/AlfredoVega0.jpg\",\"contentUrl\":\"https:\\\/\\\/diarieducacio.cat\\\/educaciolocal\\\/wp-content\\\/uploads\\\/sites\\\/18\\\/2019\\\/11\\\/AlfredoVega0.jpg\",\"width\":371,\"height\":352},{\"@type\":\"BreadcrumbList\",\"@id\":\"https:\\\/\\\/diarieducacio.cat\\\/educaciolocal\\\/2020\\\/03\\\/23\\\/es-moment-de-sumar\\\/#breadcrumb\",\"itemListElement\":[{\"@type\":\"ListItem\",\"position\":1,\"name\":\"Inici\",\"item\":\"https:\\\/\\\/diarieducacio.cat\\\/educaciolocal\\\/\"},{\"@type\":\"ListItem\",\"position\":2,\"name\":\"\u00c9s moment de sumar\"}]},{\"@type\":\"WebSite\",\"@id\":\"https:\\\/\\\/diarieducacio.cat\\\/educaciolocal\\\/#website\",\"url\":\"https:\\\/\\\/diarieducacio.cat\\\/educaciolocal\\\/\",\"name\":\"El blog de l'educaci\u00f3 local\",\"description\":\"\",\"potentialAction\":[{\"@type\":\"SearchAction\",\"target\":{\"@type\":\"EntryPoint\",\"urlTemplate\":\"https:\\\/\\\/diarieducacio.cat\\\/educaciolocal\\\/?s={search_term_string}\"},\"query-input\":{\"@type\":\"PropertyValueSpecification\",\"valueRequired\":true,\"valueName\":\"search_term_string\"}}],\"inLanguage\":\"ca\"},{\"@type\":\"Person\",\"@id\":\"https:\\\/\\\/diarieducacio.cat\\\/educaciolocal\\\/#\\\/schema\\\/person\\\/04093d1227f1b01952d6187a5be57900\",\"name\":\"Redacci\u00f3\",\"image\":{\"@type\":\"ImageObject\",\"inLanguage\":\"ca\",\"@id\":\"https:\\\/\\\/secure.gravatar.com\\\/avatar\\\/e952ad62e08be1daabaefebd12d26c1e5fbfd687693aaa066db2433a21638ad8?s=96&d=mm&r=g\",\"url\":\"https:\\\/\\\/secure.gravatar.com\\\/avatar\\\/e952ad62e08be1daabaefebd12d26c1e5fbfd687693aaa066db2433a21638ad8?s=96&d=mm&r=g\",\"contentUrl\":\"https:\\\/\\\/secure.gravatar.com\\\/avatar\\\/e952ad62e08be1daabaefebd12d26c1e5fbfd687693aaa066db2433a21638ad8?s=96&d=mm&r=g\",\"caption\":\"Redacci\u00f3\"},\"url\":\"https:\\\/\\\/diarieducacio.cat\\\/educaciolocal\\\/author\\\/npenin\\\/\"}]}<\/script>\n<!-- \/ Yoast SEO plugin. -->","yoast_head_json":{"title":"\u00c9s moment de sumar - El blog de l'educaci\u00f3 local","robots":{"index":"index","follow":"follow","max-snippet":"max-snippet:-1","max-image-preview":"max-image-preview:large","max-video-preview":"max-video-preview:-1"},"canonical":"https:\/\/diarieducacio.cat\/educaciolocal\/2020\/03\/23\/es-moment-de-sumar\/","og_locale":"ca_ES","og_type":"article","og_title":"\u00c9s moment de sumar - El blog de l'educaci\u00f3 local","og_description":"El Decret d'Alarma, amb l\u2019obligaci\u00f3 de confinament, \u00e9s una mesura inevitable per frenar la capacitat de propagaci\u00f3 del virus Covid-19 i evitar el col\u00b7lapse del sistema de salut, per\u00f2 ha provocat un gran impacte en la vida de la ciutadania i tamb\u00e9 en l\u2019activitat de les administracions.","og_url":"https:\/\/diarieducacio.cat\/educaciolocal\/2020\/03\/23\/es-moment-de-sumar\/","og_site_name":"El blog de l'educaci\u00f3 local","article_publisher":"https:\/\/www.facebook.com\/diarieducacio\/","article_published_time":"2020-03-23T10:57:14+00:00","article_modified_time":"2024-08-08T08:52:33+00:00","og_image":[{"width":371,"height":352,"url":"https:\/\/diarieducacio.cat\/educaciolocal\/wp-content\/uploads\/sites\/18\/2019\/11\/AlfredoVega0.jpg","type":"image\/jpeg"}],"author":"Redacci\u00f3","twitter_card":"summary_large_image","twitter_creator":"@DiariEducacio","twitter_site":"@DiariEducacio","twitter_misc":{"Escrit per":"Redacci\u00f3","Temps estimat de lectura":"3 minuts"},"schema":{"@context":"https:\/\/schema.org","@graph":[{"@type":"Article","@id":"https:\/\/diarieducacio.cat\/educaciolocal\/2020\/03\/23\/es-moment-de-sumar\/#article","isPartOf":{"@id":"https:\/\/diarieducacio.cat\/educaciolocal\/2020\/03\/23\/es-moment-de-sumar\/"},"author":{"name":"Redacci\u00f3","@id":"https:\/\/diarieducacio.cat\/educaciolocal\/#\/schema\/person\/04093d1227f1b01952d6187a5be57900"},"headline":"\u00c9s moment de sumar","datePublished":"2020-03-23T10:57:14+00:00","dateModified":"2024-08-08T08:52:33+00:00","mainEntityOfPage":{"@id":"https:\/\/diarieducacio.cat\/educaciolocal\/2020\/03\/23\/es-moment-de-sumar\/"},"wordCount":641,"commentCount":0,"image":{"@id":"https:\/\/diarieducacio.cat\/educaciolocal\/2020\/03\/23\/es-moment-de-sumar\/#primaryimage"},"thumbnailUrl":"https:\/\/diarieducacio.cat\/educaciolocal\/wp-content\/uploads\/sites\/18\/2019\/11\/AlfredoVega0.jpg","articleSection":["Opini\u00f3"],"inLanguage":"ca","potentialAction":[{"@type":"CommentAction","name":"Comment","target":["https:\/\/diarieducacio.cat\/educaciolocal\/2020\/03\/23\/es-moment-de-sumar\/#respond"]}]},{"@type":"WebPage","@id":"https:\/\/diarieducacio.cat\/educaciolocal\/2020\/03\/23\/es-moment-de-sumar\/","url":"https:\/\/diarieducacio.cat\/educaciolocal\/2020\/03\/23\/es-moment-de-sumar\/","name":"\u00c9s moment de sumar - El blog de l'educaci\u00f3 local","isPartOf":{"@id":"https:\/\/diarieducacio.cat\/educaciolocal\/#website"},"primaryImageOfPage":{"@id":"https:\/\/diarieducacio.cat\/educaciolocal\/2020\/03\/23\/es-moment-de-sumar\/#primaryimage"},"image":{"@id":"https:\/\/diarieducacio.cat\/educaciolocal\/2020\/03\/23\/es-moment-de-sumar\/#primaryimage"},"thumbnailUrl":"https:\/\/diarieducacio.cat\/educaciolocal\/wp-content\/uploads\/sites\/18\/2019\/11\/AlfredoVega0.jpg","datePublished":"2020-03-23T10:57:14+00:00","dateModified":"2024-08-08T08:52:33+00:00","author":{"@id":"https:\/\/diarieducacio.cat\/educaciolocal\/#\/schema\/person\/04093d1227f1b01952d6187a5be57900"},"breadcrumb":{"@id":"https:\/\/diarieducacio.cat\/educaciolocal\/2020\/03\/23\/es-moment-de-sumar\/#breadcrumb"},"inLanguage":"ca","potentialAction":[{"@type":"ReadAction","target":["https:\/\/diarieducacio.cat\/educaciolocal\/2020\/03\/23\/es-moment-de-sumar\/"]}]},{"@type":"ImageObject","inLanguage":"ca","@id":"https:\/\/diarieducacio.cat\/educaciolocal\/2020\/03\/23\/es-moment-de-sumar\/#primaryimage","url":"https:\/\/diarieducacio.cat\/educaciolocal\/wp-content\/uploads\/sites\/18\/2019\/11\/AlfredoVega0.jpg","contentUrl":"https:\/\/diarieducacio.cat\/educaciolocal\/wp-content\/uploads\/sites\/18\/2019\/11\/AlfredoVega0.jpg","width":371,"height":352},{"@type":"BreadcrumbList","@id":"https:\/\/diarieducacio.cat\/educaciolocal\/2020\/03\/23\/es-moment-de-sumar\/#breadcrumb","itemListElement":[{"@type":"ListItem","position":1,"name":"Inici","item":"https:\/\/diarieducacio.cat\/educaciolocal\/"},{"@type":"ListItem","position":2,"name":"\u00c9s moment de sumar"}]},{"@type":"WebSite","@id":"https:\/\/diarieducacio.cat\/educaciolocal\/#website","url":"https:\/\/diarieducacio.cat\/educaciolocal\/","name":"El blog de l'educaci\u00f3 local","description":"","potentialAction":[{"@type":"SearchAction","target":{"@type":"EntryPoint","urlTemplate":"https:\/\/diarieducacio.cat\/educaciolocal\/?s={search_term_string}"},"query-input":{"@type":"PropertyValueSpecification","valueRequired":true,"valueName":"search_term_string"}}],"inLanguage":"ca"},{"@type":"Person","@id":"https:\/\/diarieducacio.cat\/educaciolocal\/#\/schema\/person\/04093d1227f1b01952d6187a5be57900","name":"Redacci\u00f3","image":{"@type":"ImageObject","inLanguage":"ca","@id":"https:\/\/secure.gravatar.com\/avatar\/e952ad62e08be1daabaefebd12d26c1e5fbfd687693aaa066db2433a21638ad8?s=96&d=mm&r=g","url":"https:\/\/secure.gravatar.com\/avatar\/e952ad62e08be1daabaefebd12d26c1e5fbfd687693aaa066db2433a21638ad8?s=96&d=mm&r=g","contentUrl":"https:\/\/secure.gravatar.com\/avatar\/e952ad62e08be1daabaefebd12d26c1e5fbfd687693aaa066db2433a21638ad8?s=96&d=mm&r=g","caption":"Redacci\u00f3"},"url":"https:\/\/diarieducacio.cat\/educaciolocal\/author\/npenin\/"}]}},"_links":{"self":[{"href":"https:\/\/diarieducacio.cat\/educaciolocal\/wp-json\/wp\/v2\/posts\/3999","targetHints":{"allow":["GET"]}}],"collection":[{"href":"https:\/\/diarieducacio.cat\/educaciolocal\/wp-json\/wp\/v2\/posts"}],"about":[{"href":"https:\/\/diarieducacio.cat\/educaciolocal\/wp-json\/wp\/v2\/types\/post"}],"author":[{"embeddable":true,"href":"https:\/\/diarieducacio.cat\/educaciolocal\/wp-json\/wp\/v2\/users\/1"}],"replies":[{"embeddable":true,"href":"https:\/\/diarieducacio.cat\/educaciolocal\/wp-json\/wp\/v2\/comments?post=3999"}],"version-history":[{"count":1,"href":"https:\/\/diarieducacio.cat\/educaciolocal\/wp-json\/wp\/v2\/posts\/3999\/revisions"}],"predecessor-version":[{"id":4221,"href":"https:\/\/diarieducacio.cat\/educaciolocal\/wp-json\/wp\/v2\/posts\/3999\/revisions\/4221"}],"wp:featuredmedia":[{"embeddable":true,"href":"https:\/\/diarieducacio.cat\/educaciolocal\/wp-json\/wp\/v2\/media\/1499"}],"wp:attachment":[{"href":"https:\/\/diarieducacio.cat\/educaciolocal\/wp-json\/wp\/v2\/media?parent=3999"}],"wp:term":[{"taxonomy":"category","embeddable":true,"href":"https:\/\/diarieducacio.cat\/educaciolocal\/wp-json\/wp\/v2\/categories?post=3999"},{"taxonomy":"post_tag","embeddable":true,"href":"https:\/\/diarieducacio.cat\/educaciolocal\/wp-json\/wp\/v2\/tags?post=3999"},{"taxonomy":"tipo","embeddable":true,"href":"https:\/\/diarieducacio.cat\/educaciolocal\/wp-json\/wp\/v2\/tipo?post=3999"}],"curies":[{"name":"wp","href":"https:\/\/api.w.org\/{rel}","templated":true}]}}