{"id":4002,"date":"2020-05-26T19:34:45","date_gmt":"2020-05-26T19:34:45","guid":{"rendered":"https:\/\/diarieducacio.cat\/educaciolocal\/?p=2096"},"modified":"2024-08-08T10:52:34","modified_gmt":"2024-08-08T08:52:34","slug":"educacio-mon-local-i-confinament","status":"publish","type":"post","link":"https:\/\/diarieducacio.cat\/educaciolocal\/2020\/05\/26\/educacio-mon-local-i-confinament\/","title":{"rendered":"Educaci\u00f3, m\u00f3n local i confinament"},"content":{"rendered":"<figure id=\"attachment_2108\" aria-describedby=\"caption-attachment-2108\" style=\"width: 1254px\" class=\"wp-caption aligncenter\"><img fetchpriority=\"high\" decoding=\"async\" class=\"wp-image-2108 size-full\" src=\"https:\/\/diarieducacio.cat\/educaciolocal\/wp-content\/uploads\/sites\/26\/2020\/05\/iStock-1217456000.jpg\" alt=\"\" width=\"1254\" height=\"836\" srcset=\"https:\/\/diarieducacio.cat\/educaciolocal\/wp-content\/uploads\/sites\/18\/2020\/05\/iStock-1217456000.jpg 1254w, https:\/\/diarieducacio.cat\/educaciolocal\/wp-content\/uploads\/sites\/18\/2020\/05\/iStock-1217456000-300x200.jpg 300w, https:\/\/diarieducacio.cat\/educaciolocal\/wp-content\/uploads\/sites\/18\/2020\/05\/iStock-1217456000-1024x683.jpg 1024w, https:\/\/diarieducacio.cat\/educaciolocal\/wp-content\/uploads\/sites\/18\/2020\/05\/iStock-1217456000-768x512.jpg 768w, https:\/\/diarieducacio.cat\/educaciolocal\/wp-content\/uploads\/sites\/18\/2020\/05\/iStock-1217456000-150x100.jpg 150w, https:\/\/diarieducacio.cat\/educaciolocal\/wp-content\/uploads\/sites\/18\/2020\/05\/iStock-1217456000-450x300.jpg 450w, https:\/\/diarieducacio.cat\/educaciolocal\/wp-content\/uploads\/sites\/18\/2020\/05\/iStock-1217456000-1200x800.jpg 1200w\" sizes=\"(max-width: 1254px) 100vw, 1254px\" \/><figcaption id=\"caption-attachment-2108\" class=\"wp-caption-text\">Santa Perp\u00e8tua de Mogoda | iStock<\/figcaption><\/figure>\n<p>Fa m\u00e9s de dos mesos que la pand\u00e8mia de la Covid-19 va for\u00e7ar el tancament de les escoles i instituts i va generar una situaci\u00f3 in\u00e8dita a casa nostra pel que fa a l\u2019educaci\u00f3 i a l\u2019aprenentatge. Curiosament, la <em>desaparici\u00f3<\/em> de la versi\u00f3 f\u00edsica de l\u2019escola ha perm\u00e8s visibilitzar en aquest poc temps el valor de la instituci\u00f3 escolar que havia estat q\u00fcestionat per posicions que plantejaven el poc sentit de l\u2019escola com a instituci\u00f3 del segle XXI, la quasi prescindible tasca del professorat, la inevitable transici\u00f3 cap a l\u2019autoaprenentatge gr\u00e0cies a la digitalitzaci\u00f3 o la suposada fi del credencialisme educatiu.<\/p>\n<p>La substituci\u00f3 de la doc\u00e8ncia en centres escolars per tasques a realitzar dins de l\u2019\u00e0mbit privat de les llars ha perm\u00e8s, paradoxalment, veure amb major claredat les desigualtats estructurals del nostre sistema educatiu. Els recursos a l\u2019abast de les fam\u00edlies per acompanyar en el proc\u00e9s d\u2019aprenentatge s\u00f3n desiguals (ja ho eren abans del confinament) i tampoc s\u00f3n equiparables ni la quantitat ni el tipus de necessitats a qu\u00e8 diferents centres educatius han hagut de donar resposta. La segregaci\u00f3 escolar no \u00e9s nova, per\u00f2 ara ha mostrat amb especial virul\u00e8ncia els seus efectes sobre la reducci\u00f3 d\u2019oportunitats educatives dels infants i joves.<\/p>\n<p>La segregaci\u00f3 escolar i el tancament d\u2019escoles t\u00e9 la seva cara m\u00e9s visible en l\u2019escletxa digital. Els resultats d\u2019una <a href=\"https:\/\/www.diba.cat\/documents\/113226\/316752483\/Aprenetage-Desigualtat.pdf\" target=\"_blank\" rel=\"noopener noreferrer\">enquesta<\/a> que vam llen\u00e7ar durant la segona setmana de confinament evidencien que a Catalunya nom\u00e9s el 44% de les llars amb infants entre 3 i 18 anys compta amb un dispositiu per cap, el 26% en el cas de les fam\u00edlies de rendes m\u00e9s baixes. I no hem arribat als sectors m\u00e9s desconnectats (l\u2019enquesta era online), concentrats en determinades escoles. A la bretxa d\u2019acc\u00e9s per\u00f2, s\u2019hi suma una important desigualtat en la capacitat d\u2019\u00fas de la tecnologia, i \u00e9s que l\u2019acc\u00e9s a la xarxa no resol per si mateix el domini de les aplicacions, la capacitat de seleccionar informaci\u00f3 a la xarxa i les possibilitats de processar-la. \u00c9s en aquest terreny on m\u00e9s s\u2019extremen les difer\u00e8ncies socials, tamb\u00e9 entre escoles.<\/p>\n<p>La substituci\u00f3 sobtada de l\u2019aprenentatge guiat pel docent a l\u2019aula per un aprenentatge a dist\u00e0ncia, amb un suport m\u00e9s o menys intens del docent, ha situat les fam\u00edlies en molts casos com a acompanyants necessaris de les tasques escolars. En l\u2019enquesta referida, les mares s\u00f3n les principals responsables d\u2019aquest acompanyament (pr\u00e0cticament doblant els percentatges de pares) i, de nou, amb difer\u00e8ncies socials clares: el 48% de les mares amb estudis universitaris fan suport a l\u2019estudi dels seus fills i filles a l\u2019ESO, 38% en el cas de les mares sense estudis. La difer\u00e8ncia \u00e9s encara m\u00e9s clara en les motivacions. Si b\u00e9 la gran majoria de fam\u00edlies justifiquen el no acompanyament perqu\u00e8 l\u2019infant no ho necessita, una quarta part de les mares amb estudis obligatoris afirmen no disposar dels coneixements necessaris per fer-ho (nom\u00e9s el 2,6% en el cas de les mares amb estudis universitaris). Sembla doncs, que ni l\u2019escola ni la societat estaven preparades per aprendre sense escola presencial i encara menys per fer-ho de manera equitativa.<\/p>\n<p>El confinament ha suposat, tamb\u00e9, l\u2019aturada de l\u2019activitat de lleure. Durant la segona setmana, el 70% de les activitats extraescolars s\u2019havien deixat de fer. De nou, amb difer\u00e8ncies destacades segons les caracter\u00edstiques familiars. Abans d\u2019aquesta situaci\u00f3 excepcional entre les fam\u00edlies amb infants de prim\u00e0ria que han respost l\u2019enquesta, nom\u00e9s el 60% d\u2019aquelles amb estudis obligatoris realitzaven algun tipus d\u2019activitat extraescolar, el 94% en el cas de les fam\u00edlies m\u00e9s capitalitzades. Ara, en confinament, s\u00f3n les fam\u00edlies m\u00e9s instru\u00efdes les que m\u00e9s les han mantingut (31,4%, respecte el 16% de les fam\u00edlies menys capitalitzades), incrementant aix\u00ed la dist\u00e0ncia entre uns i altres infants.<\/p>\n<p>El sistema educatiu ja plantejava importants limitacions en la seva capacitat per eliminar les desigualtats socials de partida i requeria de m\u00e9s i millors pol\u00edtiques. L\u2019acumulaci\u00f3 de desigualtats en temps de confinament fa ara urgent una nova resposta. Les modificacions parcials a qu\u00e8 est\u00e0vem acostumades semblen no ser v\u00e0lides, i cal un replantejament m\u00e9s integral. Les compet\u00e8ncies de l\u2019\u00e0mbit local, tot i ser limitades, seran ara imprescindibles. Els programes d\u2019acompanyament a l\u2019estudi (refor\u00e7 escolar, impuls lector, mentories) s\u2019han de redefinir per continuar buscant l\u2019adhesi\u00f3 i \u00e8xit escolar, ara a trav\u00e9s de la connexi\u00f3 amb l\u2019escola. La proximitat de l\u2019administraci\u00f3 local a les fam\u00edlies i l\u2019exist\u00e8ncia de canals d\u2019identificaci\u00f3 de la vulnerabilitat social han de servir, amb la coordinaci\u00f3 amb altres agents educatius, per accedir als infants amb pitjors condicions d\u2019educabilitat, situacions de risc ara ampliades per l\u2019increment de la pobresa i la precarietat, per\u00f2 tamb\u00e9 per la manca de temps que pateixen mares i pares per a conciliar. L\u2019escola tornar\u00e0, per\u00f2 no ho far\u00e0 ni en els temps ni amb els espais que coneix\u00edem. Aqu\u00ed, de nou, els recursos municipals (biblioteques, espais esportius, centres c\u00edvics, programes de lleure) s\u2019han d\u2019incorporar per ampliar les oportunitats educatives dels infants, especialment d\u2019aquells que m\u00e9s estan perdent a causa d\u2019aquesta situaci\u00f3 excepcional.<\/p>\n<p>&nbsp;<\/p>\n<p>[Sheila Gonz\u00e1lez i Xavier Bonal van impartir el 19 de maig el webinar &#8220;<a href=\"https:\/\/www.diba.cat\/es\/web\/educacio\/pf\/webinars\" target=\"_blank\" rel=\"noopener noreferrer\">Educaci\u00f3, m\u00f3n local i confinament<\/a>&#8220;, organitzat per la Ger\u00e8ncia d&#8217;Educaci\u00f3 de la Diputaci\u00f3 de Barcelona]<\/p>\n","protected":false},"excerpt":{"rendered":"<p>El tancament dels centres educatius durant pr\u00e0cticament mig any comporta el debilitament d\u2019un dels principals recursos en la lluita contra la desigualtat social, un fet que fa necess\u00e0ria una avaluaci\u00f3 d\u2019aquesta excepcional situaci\u00f3 en clau d\u2019equitat i cohesi\u00f3 social.<\/p>\n","protected":false},"author":1,"featured_media":2095,"comment_status":"open","ping_status":"closed","sticky":false,"template":"","format":"standard","meta":{"footnotes":""},"categories":[256,2,144,260],"tags":[253,259],"tipo":[],"class_list":{"0":"post-4002","1":"post","2":"type-post","3":"status-publish","4":"format-standard","5":"has-post-thumbnail","7":"category-covid-19","8":"category-general","9":"category-opinio","10":"category-segregacio","11":"tag-covid-19","12":"tag-segregacio"},"yoast_head":"<!-- This site is optimized with the Yoast SEO plugin v27.4 - https:\/\/yoast.com\/product\/yoast-seo-wordpress\/ -->\n<title>Educaci\u00f3, m\u00f3n local i confinament - El blog de l&#039;educaci\u00f3 local<\/title>\n<meta name=\"robots\" content=\"index, follow, max-snippet:-1, max-image-preview:large, max-video-preview:-1\" \/>\n<link rel=\"canonical\" href=\"https:\/\/diarieducacio.cat\/educaciolocal\/2020\/05\/26\/educacio-mon-local-i-confinament\/\" \/>\n<meta property=\"og:locale\" content=\"ca_ES\" \/>\n<meta property=\"og:type\" content=\"article\" \/>\n<meta property=\"og:title\" content=\"Educaci\u00f3, m\u00f3n local i confinament - El blog de l&#039;educaci\u00f3 local\" \/>\n<meta property=\"og:description\" content=\"El tancament dels centres educatius durant pr\u00e0cticament mig any comporta el debilitament d\u2019un dels principals recursos en la lluita contra la desigualtat social, un fet que fa necess\u00e0ria una avaluaci\u00f3 d\u2019aquesta excepcional situaci\u00f3 en clau d\u2019equitat i cohesi\u00f3 social.\" \/>\n<meta property=\"og:url\" content=\"https:\/\/diarieducacio.cat\/educaciolocal\/2020\/05\/26\/educacio-mon-local-i-confinament\/\" \/>\n<meta property=\"og:site_name\" content=\"El blog de l&#039;educaci\u00f3 local\" \/>\n<meta property=\"article:publisher\" content=\"https:\/\/www.facebook.com\/diarieducacio\/\" \/>\n<meta property=\"article:published_time\" content=\"2020-05-26T19:34:45+00:00\" \/>\n<meta property=\"article:modified_time\" content=\"2024-08-08T08:52:34+00:00\" \/>\n<meta property=\"og:image\" content=\"https:\/\/diarieducacio.cat\/educaciolocal\/wp-content\/uploads\/sites\/18\/2020\/05\/bonalsheila.jpg\" \/>\n\t<meta property=\"og:image:width\" content=\"356\" \/>\n\t<meta property=\"og:image:height\" content=\"174\" \/>\n\t<meta property=\"og:image:type\" content=\"image\/jpeg\" \/>\n<meta name=\"author\" content=\"Redacci\u00f3\" \/>\n<meta name=\"twitter:card\" content=\"summary_large_image\" \/>\n<meta name=\"twitter:creator\" content=\"@DiariEducacio\" \/>\n<meta name=\"twitter:site\" content=\"@DiariEducacio\" \/>\n<meta name=\"twitter:label1\" content=\"Escrit per\" \/>\n\t<meta name=\"twitter:data1\" content=\"Redacci\u00f3\" \/>\n\t<meta name=\"twitter:label2\" content=\"Temps estimat de lectura\" \/>\n\t<meta name=\"twitter:data2\" content=\"5 minuts\" \/>\n<script type=\"application\/ld+json\" class=\"yoast-schema-graph\">{\"@context\":\"https:\\\/\\\/schema.org\",\"@graph\":[{\"@type\":\"Article\",\"@id\":\"https:\\\/\\\/diarieducacio.cat\\\/educaciolocal\\\/2020\\\/05\\\/26\\\/educacio-mon-local-i-confinament\\\/#article\",\"isPartOf\":{\"@id\":\"https:\\\/\\\/diarieducacio.cat\\\/educaciolocal\\\/2020\\\/05\\\/26\\\/educacio-mon-local-i-confinament\\\/\"},\"author\":{\"name\":\"Redacci\u00f3\",\"@id\":\"https:\\\/\\\/diarieducacio.cat\\\/educaciolocal\\\/#\\\/schema\\\/person\\\/04093d1227f1b01952d6187a5be57900\"},\"headline\":\"Educaci\u00f3, m\u00f3n local i confinament\",\"datePublished\":\"2020-05-26T19:34:45+00:00\",\"dateModified\":\"2024-08-08T08:52:34+00:00\",\"mainEntityOfPage\":{\"@id\":\"https:\\\/\\\/diarieducacio.cat\\\/educaciolocal\\\/2020\\\/05\\\/26\\\/educacio-mon-local-i-confinament\\\/\"},\"wordCount\":969,\"commentCount\":0,\"image\":{\"@id\":\"https:\\\/\\\/diarieducacio.cat\\\/educaciolocal\\\/2020\\\/05\\\/26\\\/educacio-mon-local-i-confinament\\\/#primaryimage\"},\"thumbnailUrl\":\"https:\\\/\\\/diarieducacio.cat\\\/educaciolocal\\\/wp-content\\\/uploads\\\/sites\\\/18\\\/2020\\\/05\\\/bonalsheila.jpg\",\"keywords\":[\"covid-19\",\"Segregaci\u00f3\"],\"articleSection\":[\"covid-19\",\"General\",\"Opini\u00f3\",\"Segregaci\u00f3\"],\"inLanguage\":\"ca\",\"potentialAction\":[{\"@type\":\"CommentAction\",\"name\":\"Comment\",\"target\":[\"https:\\\/\\\/diarieducacio.cat\\\/educaciolocal\\\/2020\\\/05\\\/26\\\/educacio-mon-local-i-confinament\\\/#respond\"]}]},{\"@type\":\"WebPage\",\"@id\":\"https:\\\/\\\/diarieducacio.cat\\\/educaciolocal\\\/2020\\\/05\\\/26\\\/educacio-mon-local-i-confinament\\\/\",\"url\":\"https:\\\/\\\/diarieducacio.cat\\\/educaciolocal\\\/2020\\\/05\\\/26\\\/educacio-mon-local-i-confinament\\\/\",\"name\":\"Educaci\u00f3, m\u00f3n local i confinament - El blog de l'educaci\u00f3 local\",\"isPartOf\":{\"@id\":\"https:\\\/\\\/diarieducacio.cat\\\/educaciolocal\\\/#website\"},\"primaryImageOfPage\":{\"@id\":\"https:\\\/\\\/diarieducacio.cat\\\/educaciolocal\\\/2020\\\/05\\\/26\\\/educacio-mon-local-i-confinament\\\/#primaryimage\"},\"image\":{\"@id\":\"https:\\\/\\\/diarieducacio.cat\\\/educaciolocal\\\/2020\\\/05\\\/26\\\/educacio-mon-local-i-confinament\\\/#primaryimage\"},\"thumbnailUrl\":\"https:\\\/\\\/diarieducacio.cat\\\/educaciolocal\\\/wp-content\\\/uploads\\\/sites\\\/18\\\/2020\\\/05\\\/bonalsheila.jpg\",\"datePublished\":\"2020-05-26T19:34:45+00:00\",\"dateModified\":\"2024-08-08T08:52:34+00:00\",\"author\":{\"@id\":\"https:\\\/\\\/diarieducacio.cat\\\/educaciolocal\\\/#\\\/schema\\\/person\\\/04093d1227f1b01952d6187a5be57900\"},\"breadcrumb\":{\"@id\":\"https:\\\/\\\/diarieducacio.cat\\\/educaciolocal\\\/2020\\\/05\\\/26\\\/educacio-mon-local-i-confinament\\\/#breadcrumb\"},\"inLanguage\":\"ca\",\"potentialAction\":[{\"@type\":\"ReadAction\",\"target\":[\"https:\\\/\\\/diarieducacio.cat\\\/educaciolocal\\\/2020\\\/05\\\/26\\\/educacio-mon-local-i-confinament\\\/\"]}]},{\"@type\":\"ImageObject\",\"inLanguage\":\"ca\",\"@id\":\"https:\\\/\\\/diarieducacio.cat\\\/educaciolocal\\\/2020\\\/05\\\/26\\\/educacio-mon-local-i-confinament\\\/#primaryimage\",\"url\":\"https:\\\/\\\/diarieducacio.cat\\\/educaciolocal\\\/wp-content\\\/uploads\\\/sites\\\/18\\\/2020\\\/05\\\/bonalsheila.jpg\",\"contentUrl\":\"https:\\\/\\\/diarieducacio.cat\\\/educaciolocal\\\/wp-content\\\/uploads\\\/sites\\\/18\\\/2020\\\/05\\\/bonalsheila.jpg\",\"width\":356,\"height\":174},{\"@type\":\"BreadcrumbList\",\"@id\":\"https:\\\/\\\/diarieducacio.cat\\\/educaciolocal\\\/2020\\\/05\\\/26\\\/educacio-mon-local-i-confinament\\\/#breadcrumb\",\"itemListElement\":[{\"@type\":\"ListItem\",\"position\":1,\"name\":\"Inici\",\"item\":\"https:\\\/\\\/diarieducacio.cat\\\/educaciolocal\\\/\"},{\"@type\":\"ListItem\",\"position\":2,\"name\":\"Educaci\u00f3, m\u00f3n local i confinament\"}]},{\"@type\":\"WebSite\",\"@id\":\"https:\\\/\\\/diarieducacio.cat\\\/educaciolocal\\\/#website\",\"url\":\"https:\\\/\\\/diarieducacio.cat\\\/educaciolocal\\\/\",\"name\":\"El blog de l'educaci\u00f3 local\",\"description\":\"\",\"potentialAction\":[{\"@type\":\"SearchAction\",\"target\":{\"@type\":\"EntryPoint\",\"urlTemplate\":\"https:\\\/\\\/diarieducacio.cat\\\/educaciolocal\\\/?s={search_term_string}\"},\"query-input\":{\"@type\":\"PropertyValueSpecification\",\"valueRequired\":true,\"valueName\":\"search_term_string\"}}],\"inLanguage\":\"ca\"},{\"@type\":\"Person\",\"@id\":\"https:\\\/\\\/diarieducacio.cat\\\/educaciolocal\\\/#\\\/schema\\\/person\\\/04093d1227f1b01952d6187a5be57900\",\"name\":\"Redacci\u00f3\",\"image\":{\"@type\":\"ImageObject\",\"inLanguage\":\"ca\",\"@id\":\"https:\\\/\\\/secure.gravatar.com\\\/avatar\\\/e952ad62e08be1daabaefebd12d26c1e5fbfd687693aaa066db2433a21638ad8?s=96&d=mm&r=g\",\"url\":\"https:\\\/\\\/secure.gravatar.com\\\/avatar\\\/e952ad62e08be1daabaefebd12d26c1e5fbfd687693aaa066db2433a21638ad8?s=96&d=mm&r=g\",\"contentUrl\":\"https:\\\/\\\/secure.gravatar.com\\\/avatar\\\/e952ad62e08be1daabaefebd12d26c1e5fbfd687693aaa066db2433a21638ad8?s=96&d=mm&r=g\",\"caption\":\"Redacci\u00f3\"},\"url\":\"https:\\\/\\\/diarieducacio.cat\\\/educaciolocal\\\/author\\\/npenin\\\/\"}]}<\/script>\n<!-- \/ Yoast SEO plugin. -->","yoast_head_json":{"title":"Educaci\u00f3, m\u00f3n local i confinament - El blog de l'educaci\u00f3 local","robots":{"index":"index","follow":"follow","max-snippet":"max-snippet:-1","max-image-preview":"max-image-preview:large","max-video-preview":"max-video-preview:-1"},"canonical":"https:\/\/diarieducacio.cat\/educaciolocal\/2020\/05\/26\/educacio-mon-local-i-confinament\/","og_locale":"ca_ES","og_type":"article","og_title":"Educaci\u00f3, m\u00f3n local i confinament - El blog de l'educaci\u00f3 local","og_description":"El tancament dels centres educatius durant pr\u00e0cticament mig any comporta el debilitament d\u2019un dels principals recursos en la lluita contra la desigualtat social, un fet que fa necess\u00e0ria una avaluaci\u00f3 d\u2019aquesta excepcional situaci\u00f3 en clau d\u2019equitat i cohesi\u00f3 social.","og_url":"https:\/\/diarieducacio.cat\/educaciolocal\/2020\/05\/26\/educacio-mon-local-i-confinament\/","og_site_name":"El blog de l'educaci\u00f3 local","article_publisher":"https:\/\/www.facebook.com\/diarieducacio\/","article_published_time":"2020-05-26T19:34:45+00:00","article_modified_time":"2024-08-08T08:52:34+00:00","og_image":[{"width":356,"height":174,"url":"https:\/\/diarieducacio.cat\/educaciolocal\/wp-content\/uploads\/sites\/18\/2020\/05\/bonalsheila.jpg","type":"image\/jpeg"}],"author":"Redacci\u00f3","twitter_card":"summary_large_image","twitter_creator":"@DiariEducacio","twitter_site":"@DiariEducacio","twitter_misc":{"Escrit per":"Redacci\u00f3","Temps estimat de lectura":"5 minuts"},"schema":{"@context":"https:\/\/schema.org","@graph":[{"@type":"Article","@id":"https:\/\/diarieducacio.cat\/educaciolocal\/2020\/05\/26\/educacio-mon-local-i-confinament\/#article","isPartOf":{"@id":"https:\/\/diarieducacio.cat\/educaciolocal\/2020\/05\/26\/educacio-mon-local-i-confinament\/"},"author":{"name":"Redacci\u00f3","@id":"https:\/\/diarieducacio.cat\/educaciolocal\/#\/schema\/person\/04093d1227f1b01952d6187a5be57900"},"headline":"Educaci\u00f3, m\u00f3n local i confinament","datePublished":"2020-05-26T19:34:45+00:00","dateModified":"2024-08-08T08:52:34+00:00","mainEntityOfPage":{"@id":"https:\/\/diarieducacio.cat\/educaciolocal\/2020\/05\/26\/educacio-mon-local-i-confinament\/"},"wordCount":969,"commentCount":0,"image":{"@id":"https:\/\/diarieducacio.cat\/educaciolocal\/2020\/05\/26\/educacio-mon-local-i-confinament\/#primaryimage"},"thumbnailUrl":"https:\/\/diarieducacio.cat\/educaciolocal\/wp-content\/uploads\/sites\/18\/2020\/05\/bonalsheila.jpg","keywords":["covid-19","Segregaci\u00f3"],"articleSection":["covid-19","General","Opini\u00f3","Segregaci\u00f3"],"inLanguage":"ca","potentialAction":[{"@type":"CommentAction","name":"Comment","target":["https:\/\/diarieducacio.cat\/educaciolocal\/2020\/05\/26\/educacio-mon-local-i-confinament\/#respond"]}]},{"@type":"WebPage","@id":"https:\/\/diarieducacio.cat\/educaciolocal\/2020\/05\/26\/educacio-mon-local-i-confinament\/","url":"https:\/\/diarieducacio.cat\/educaciolocal\/2020\/05\/26\/educacio-mon-local-i-confinament\/","name":"Educaci\u00f3, m\u00f3n local i confinament - El blog de l'educaci\u00f3 local","isPartOf":{"@id":"https:\/\/diarieducacio.cat\/educaciolocal\/#website"},"primaryImageOfPage":{"@id":"https:\/\/diarieducacio.cat\/educaciolocal\/2020\/05\/26\/educacio-mon-local-i-confinament\/#primaryimage"},"image":{"@id":"https:\/\/diarieducacio.cat\/educaciolocal\/2020\/05\/26\/educacio-mon-local-i-confinament\/#primaryimage"},"thumbnailUrl":"https:\/\/diarieducacio.cat\/educaciolocal\/wp-content\/uploads\/sites\/18\/2020\/05\/bonalsheila.jpg","datePublished":"2020-05-26T19:34:45+00:00","dateModified":"2024-08-08T08:52:34+00:00","author":{"@id":"https:\/\/diarieducacio.cat\/educaciolocal\/#\/schema\/person\/04093d1227f1b01952d6187a5be57900"},"breadcrumb":{"@id":"https:\/\/diarieducacio.cat\/educaciolocal\/2020\/05\/26\/educacio-mon-local-i-confinament\/#breadcrumb"},"inLanguage":"ca","potentialAction":[{"@type":"ReadAction","target":["https:\/\/diarieducacio.cat\/educaciolocal\/2020\/05\/26\/educacio-mon-local-i-confinament\/"]}]},{"@type":"ImageObject","inLanguage":"ca","@id":"https:\/\/diarieducacio.cat\/educaciolocal\/2020\/05\/26\/educacio-mon-local-i-confinament\/#primaryimage","url":"https:\/\/diarieducacio.cat\/educaciolocal\/wp-content\/uploads\/sites\/18\/2020\/05\/bonalsheila.jpg","contentUrl":"https:\/\/diarieducacio.cat\/educaciolocal\/wp-content\/uploads\/sites\/18\/2020\/05\/bonalsheila.jpg","width":356,"height":174},{"@type":"BreadcrumbList","@id":"https:\/\/diarieducacio.cat\/educaciolocal\/2020\/05\/26\/educacio-mon-local-i-confinament\/#breadcrumb","itemListElement":[{"@type":"ListItem","position":1,"name":"Inici","item":"https:\/\/diarieducacio.cat\/educaciolocal\/"},{"@type":"ListItem","position":2,"name":"Educaci\u00f3, m\u00f3n local i confinament"}]},{"@type":"WebSite","@id":"https:\/\/diarieducacio.cat\/educaciolocal\/#website","url":"https:\/\/diarieducacio.cat\/educaciolocal\/","name":"El blog de l'educaci\u00f3 local","description":"","potentialAction":[{"@type":"SearchAction","target":{"@type":"EntryPoint","urlTemplate":"https:\/\/diarieducacio.cat\/educaciolocal\/?s={search_term_string}"},"query-input":{"@type":"PropertyValueSpecification","valueRequired":true,"valueName":"search_term_string"}}],"inLanguage":"ca"},{"@type":"Person","@id":"https:\/\/diarieducacio.cat\/educaciolocal\/#\/schema\/person\/04093d1227f1b01952d6187a5be57900","name":"Redacci\u00f3","image":{"@type":"ImageObject","inLanguage":"ca","@id":"https:\/\/secure.gravatar.com\/avatar\/e952ad62e08be1daabaefebd12d26c1e5fbfd687693aaa066db2433a21638ad8?s=96&d=mm&r=g","url":"https:\/\/secure.gravatar.com\/avatar\/e952ad62e08be1daabaefebd12d26c1e5fbfd687693aaa066db2433a21638ad8?s=96&d=mm&r=g","contentUrl":"https:\/\/secure.gravatar.com\/avatar\/e952ad62e08be1daabaefebd12d26c1e5fbfd687693aaa066db2433a21638ad8?s=96&d=mm&r=g","caption":"Redacci\u00f3"},"url":"https:\/\/diarieducacio.cat\/educaciolocal\/author\/npenin\/"}]}},"_links":{"self":[{"href":"https:\/\/diarieducacio.cat\/educaciolocal\/wp-json\/wp\/v2\/posts\/4002","targetHints":{"allow":["GET"]}}],"collection":[{"href":"https:\/\/diarieducacio.cat\/educaciolocal\/wp-json\/wp\/v2\/posts"}],"about":[{"href":"https:\/\/diarieducacio.cat\/educaciolocal\/wp-json\/wp\/v2\/types\/post"}],"author":[{"embeddable":true,"href":"https:\/\/diarieducacio.cat\/educaciolocal\/wp-json\/wp\/v2\/users\/1"}],"replies":[{"embeddable":true,"href":"https:\/\/diarieducacio.cat\/educaciolocal\/wp-json\/wp\/v2\/comments?post=4002"}],"version-history":[{"count":1,"href":"https:\/\/diarieducacio.cat\/educaciolocal\/wp-json\/wp\/v2\/posts\/4002\/revisions"}],"predecessor-version":[{"id":4235,"href":"https:\/\/diarieducacio.cat\/educaciolocal\/wp-json\/wp\/v2\/posts\/4002\/revisions\/4235"}],"wp:featuredmedia":[{"embeddable":true,"href":"https:\/\/diarieducacio.cat\/educaciolocal\/wp-json\/wp\/v2\/media\/2095"}],"wp:attachment":[{"href":"https:\/\/diarieducacio.cat\/educaciolocal\/wp-json\/wp\/v2\/media?parent=4002"}],"wp:term":[{"taxonomy":"category","embeddable":true,"href":"https:\/\/diarieducacio.cat\/educaciolocal\/wp-json\/wp\/v2\/categories?post=4002"},{"taxonomy":"post_tag","embeddable":true,"href":"https:\/\/diarieducacio.cat\/educaciolocal\/wp-json\/wp\/v2\/tags?post=4002"},{"taxonomy":"tipo","embeddable":true,"href":"https:\/\/diarieducacio.cat\/educaciolocal\/wp-json\/wp\/v2\/tipo?post=4002"}],"curies":[{"name":"wp","href":"https:\/\/api.w.org\/{rel}","templated":true}]}}