{"id":4008,"date":"2023-02-23T08:41:34","date_gmt":"2023-02-23T08:41:34","guid":{"rendered":"https:\/\/diarieducacio.cat\/educaciolocal\/?p=3604"},"modified":"2024-08-08T10:52:44","modified_gmt":"2024-08-08T08:52:44","slug":"la-importancia-del-territori-en-la-innovacio-a-la-formacio-professional","status":"publish","type":"post","link":"https:\/\/diarieducacio.cat\/educaciolocal\/2023\/02\/23\/la-importancia-del-territori-en-la-innovacio-a-la-formacio-professional\/","title":{"rendered":"La import\u00e0ncia del territori en la innovaci\u00f3 a la formaci\u00f3 professional"},"content":{"rendered":"<p>La participaci\u00f3 de la Diputaci\u00f3 de Barcelona, emmarcada en el projecte transformador \u201cNoves Oportunitats Educatives 4.10.\u201d, ha perm\u00e8s sumar als centres de formaci\u00f3 professional de Granollers i Matar\u00f3 a la 5a edici\u00f3 del projecte Metr\u00f2polis FPLab. I ho ha fet de la m\u00e0 dels respectius ajuntaments, amb la voluntat de potenciar una formaci\u00f3 professionalitzadora de qualitat que impacti en el territori.<\/p>\n<p><a href=\"https:\/\/www.fundaciobcnfp.cat\/innovacio\/metropolisfplab\/\" target=\"_blank\" rel=\"noopener\">Metr\u00f2polis FPLab<\/a> \u00e9s un projecte d\u2019innovaci\u00f3 oberta, impulsat l\u2019any 2019 per l\u2019\u00c0rea Metropolitana de Barcelona, amb l\u2019objectiu de posar en valor el talent de la formaci\u00f3 professional, apropant-lo a l\u2019entorn laboral, potenciant l\u2019adquisici\u00f3 de compet\u00e8ncies clau de l\u2019alumnat i fomentant la seva inserci\u00f3 al mercat de treball.<\/p>\n<p>El projecte es basa en reptes reals que formulen empreses i institucions, i que resolen l\u2019alumnat a trav\u00e9s de metodologies d\u2019Aprenentatge Basat en Reptes. Tot el proc\u00e9s d\u2019acompanyament, que fan centres i empreses, contribueix a generar noves formes educatives que ajuden a reduir l\u2019abandonament escolar prematur.<\/p>\n<p>En relaci\u00f3 a l\u2019alta participaci\u00f3 dels centres de formaci\u00f3 professional de Granollers i Matar\u00f3, la coordinadora del projecte des de la Fundaci\u00f3 BCN FP, Gemma Sep\u00falveda, comenta que \u201cla implicaci\u00f3 d\u2019aquests territoris ha estat clau per al seu \u00e8xit i que s\u2019ha notat que les dues ciutats disposen de Consells d\u2019FP molt actius i consolidats\u201d. El m\u00f3n local \u00e9s el m\u00e9s proper i el que t\u00e9 m\u00e9s coneixement del seu entorn i aix\u00f2 \u00e9s un factor clau pel projecte perqu\u00e8 aquest \u00e9s b\u00e0sicament un punt de connexi\u00f3 entre els centres de formaci\u00f3 professional i les empreses, de forma que estableixin sinergies entre l\u2019entorn educatiu i l\u2019entorn econ\u00f2mic i social.<\/p>\n<blockquote><p>El m\u00f3n local \u00e9s un punt de connexi\u00f3 entre els centres de formaci\u00f3 professional i les empreses, de forma que estableixin sinergies entre l\u2019entorn educatiu i l\u2019entorn econ\u00f2mic i social<\/p><\/blockquote>\n<p>Els ajuntaments de Granollers i de Matar\u00f3 s\u2019han implicat des del primer moment. Han donat a con\u00e8ixer el projecte entre els seus centres, participant a les sessions informatives, buscant empreses dels respectius territoris que formulessin reptes.<\/p>\n<p>En aquest sentit, Miquel \u00c0ngel Vadell, regidor delegat d\u2019Educaci\u00f3, Formaci\u00f3 Professional i Universitats de l\u2019Ajuntament de Matar\u00f3, ha destacat que \u201cel projecte connecta la realitat del territori plantejant a l\u2019alumnat reptes concrets que aterren a la realitat de l\u2019empresa. I aix\u00f2, a banda d\u2019introduir innovaci\u00f3 educativa i aportar aprenentatges, tamb\u00e9 els aporta un extra de motivaci\u00f3\u201d.<\/p>\n<p>Justament aquest extra de motivaci\u00f3 \u00e9s el que Francesc Arolas, regidor d\u2019Educaci\u00f3, Inf\u00e0ncia i Adolesc\u00e8ncia; Govern Obert i Transpar\u00e8ncia de l\u2019Ajuntament de Granollers, considera que \u201cen termes de noves oportunitats, el projecte ofereix noves formes d\u2019aprenentatge i aix\u00f2 augmenta les possibilitats de continuar estudiant entre molts alumnes que han tingut dificultats amb les formes m\u00e9s tradicionals\u201d.<\/p>\n<p>Quan parlem de Metr\u00f2polis FPLab parlem d\u2019un punt de trobada entre centres de formaci\u00f3 professional i empreses, amb la finalitat de generar valor social, cultural i econ\u00f2mic al territori. Segons Arolas, \u201cimplica els agents del territori, les empreses que hi participen col\u00b7laboren amb els centres i l\u2019alumnat i aquests per la seva banda aporten a les empreses\u201d. Vadell afegeix que \u201cs\u2019estableix un marc relacional que facilitar\u00e0 a l\u2019alumnat un apropament a l\u2019entorn productiu que els afavorir\u00e0 la seva inserci\u00f3 laboral\u201d.<\/p>\n<blockquote><p>A trav\u00e9s de projectes com Metr\u00f3polis FPLab el m\u00f3n local millora la capacitat transformadora de l\u2019educaci\u00f3 i reivindica que els ajuntaments s\u00f3n l\u2019administraci\u00f3 educativa de proximitat<\/p><\/blockquote>\n<p>Els dos regidors que tamb\u00e9 van participar en el primer taller del projecte, dedicat a desenvolupar la creativitat entre els alumnes participants, celebrat a Granollers al recinte de Roca Umbert el passat dimarts 7 de febrer, van voler destacar que a trav\u00e9s de projectes com aquest es troben vies de participar des del m\u00f3n local per millorar la capacitat transformadora de l\u2019educaci\u00f3 i per continuar reivindicant que els ajuntaments s\u00f3n l\u2019administraci\u00f3 educativa de proximitat.<\/p>\n<p>La Diputaci\u00f3 de Barcelona ha signat convenis de col\u00b7laboraci\u00f3 amb diferents entitats amb l\u2019objectiu de sumar esfor\u00e7os en la lluita contra l\u2019abandonament escolar prematur i la promoci\u00f3 de la continu\u00eftat educativa. En aquest marc, les sinergies amb projectes com Metr\u00f2polis FPLab i el Pla de Mesures a la Innovaci\u00f3 en FP coordinats per la Fundaci\u00f3 de Barcelona FP, s\u00f3n una mostra molt rellevant de l\u2019impacte que es pot obtenir amb la creaci\u00f3 d&#8217;aliances.<\/p>\n","protected":false},"excerpt":{"rendered":"<p>La participaci\u00f3 de la Diputaci\u00f3 de Barcelona, emmarcada en el projecte transformador \u201cNoves Oportunitats Educatives 4.10.\u201d, ha perm\u00e8s sumar als centres de formaci\u00f3 professional de Granollers i Matar\u00f3 a la 5a edici\u00f3 del projecte Metr\u00f2polis FPLab. I ho ha fet de la m\u00e0 dels respectius ajuntaments, amb la voluntat de potenciar una formaci\u00f3 professionalitzadora de<\/p>\n","protected":false},"author":1,"featured_media":3603,"comment_status":"open","ping_status":"closed","sticky":false,"template":"","format":"standard","meta":{"footnotes":""},"categories":[109,119,256,281,251,2],"tags":[331,338],"tipo":[395],"class_list":{"0":"post-4008","1":"post","2":"type-post","3":"status-publish","4":"format-standard","5":"has-post-thumbnail","7":"category-analisi","8":"category-centres-educatius","9":"category-covid-19","10":"category-educacio-a-distancia","11":"category-equitat","12":"category-general","13":"tag-formacio-professional","14":"tag-noves-oportunitats","15":"tipo-actualitat"},"yoast_head":"<!-- This site is optimized with the Yoast SEO plugin v27.4 - https:\/\/yoast.com\/product\/yoast-seo-wordpress\/ -->\n<title>La import\u00e0ncia del territori en la innovaci\u00f3 a la formaci\u00f3 professional - El blog de l&#039;educaci\u00f3 local<\/title>\n<meta name=\"robots\" content=\"index, follow, max-snippet:-1, max-image-preview:large, max-video-preview:-1\" \/>\n<link rel=\"canonical\" href=\"https:\/\/diarieducacio.cat\/educaciolocal\/2023\/02\/23\/la-importancia-del-territori-en-la-innovacio-a-la-formacio-professional\/\" \/>\n<meta property=\"og:locale\" content=\"ca_ES\" \/>\n<meta property=\"og:type\" content=\"article\" \/>\n<meta property=\"og:title\" content=\"La import\u00e0ncia del territori en la innovaci\u00f3 a la formaci\u00f3 professional - El blog de l&#039;educaci\u00f3 local\" \/>\n<meta property=\"og:description\" content=\"La participaci\u00f3 de la Diputaci\u00f3 de Barcelona, emmarcada en el projecte transformador \u201cNoves Oportunitats Educatives 4.10.\u201d, ha perm\u00e8s sumar als centres de formaci\u00f3 professional de Granollers i Matar\u00f3 a la 5a edici\u00f3 del projecte Metr\u00f2polis FPLab. I ho ha fet de la m\u00e0 dels respectius ajuntaments, amb la voluntat de potenciar una formaci\u00f3 professionalitzadora de\" \/>\n<meta property=\"og:url\" content=\"https:\/\/diarieducacio.cat\/educaciolocal\/2023\/02\/23\/la-importancia-del-territori-en-la-innovacio-a-la-formacio-professional\/\" \/>\n<meta property=\"og:site_name\" content=\"El blog de l&#039;educaci\u00f3 local\" \/>\n<meta property=\"article:publisher\" content=\"https:\/\/www.facebook.com\/diarieducacio\/\" \/>\n<meta property=\"article:published_time\" content=\"2023-02-23T08:41:34+00:00\" \/>\n<meta property=\"article:modified_time\" content=\"2024-08-08T08:52:44+00:00\" \/>\n<meta property=\"og:image\" content=\"https:\/\/diarieducacio.cat\/educaciolocal\/wp-content\/uploads\/sites\/18\/2023\/02\/Granollers-FPLab-1.jpeg\" \/>\n\t<meta property=\"og:image:width\" content=\"2005\" \/>\n\t<meta property=\"og:image:height\" content=\"1162\" \/>\n\t<meta property=\"og:image:type\" content=\"image\/jpeg\" \/>\n<meta name=\"author\" content=\"Redacci\u00f3\" \/>\n<meta name=\"twitter:card\" content=\"summary_large_image\" \/>\n<meta name=\"twitter:creator\" content=\"@DiariEducacio\" \/>\n<meta name=\"twitter:site\" content=\"@DiariEducacio\" \/>\n<meta name=\"twitter:label1\" content=\"Escrit per\" \/>\n\t<meta name=\"twitter:data1\" content=\"Redacci\u00f3\" \/>\n\t<meta name=\"twitter:label2\" content=\"Temps estimat de lectura\" \/>\n\t<meta name=\"twitter:data2\" content=\"4 minuts\" \/>\n<script type=\"application\/ld+json\" class=\"yoast-schema-graph\">{\"@context\":\"https:\\\/\\\/schema.org\",\"@graph\":[{\"@type\":\"Article\",\"@id\":\"https:\\\/\\\/diarieducacio.cat\\\/educaciolocal\\\/2023\\\/02\\\/23\\\/la-importancia-del-territori-en-la-innovacio-a-la-formacio-professional\\\/#article\",\"isPartOf\":{\"@id\":\"https:\\\/\\\/diarieducacio.cat\\\/educaciolocal\\\/2023\\\/02\\\/23\\\/la-importancia-del-territori-en-la-innovacio-a-la-formacio-professional\\\/\"},\"author\":{\"name\":\"Redacci\u00f3\",\"@id\":\"https:\\\/\\\/diarieducacio.cat\\\/educaciolocal\\\/#\\\/schema\\\/person\\\/04093d1227f1b01952d6187a5be57900\"},\"headline\":\"La import\u00e0ncia del territori en la innovaci\u00f3 a la formaci\u00f3 professional\",\"datePublished\":\"2023-02-23T08:41:34+00:00\",\"dateModified\":\"2024-08-08T08:52:44+00:00\",\"mainEntityOfPage\":{\"@id\":\"https:\\\/\\\/diarieducacio.cat\\\/educaciolocal\\\/2023\\\/02\\\/23\\\/la-importancia-del-territori-en-la-innovacio-a-la-formacio-professional\\\/\"},\"wordCount\":778,\"commentCount\":0,\"image\":{\"@id\":\"https:\\\/\\\/diarieducacio.cat\\\/educaciolocal\\\/2023\\\/02\\\/23\\\/la-importancia-del-territori-en-la-innovacio-a-la-formacio-professional\\\/#primaryimage\"},\"thumbnailUrl\":\"https:\\\/\\\/diarieducacio.cat\\\/educaciolocal\\\/wp-content\\\/uploads\\\/sites\\\/18\\\/2023\\\/02\\\/Granollers-FPLab-1.jpeg\",\"keywords\":[\"Formaci\u00f3 Professional\",\"noves oportunitats\"],\"articleSection\":[\"An\u00e0lisi\",\"Centres educatius\",\"covid-19\",\"Educaci\u00f3 a dist\u00e0ncia\",\"Equitat\",\"General\"],\"inLanguage\":\"ca\",\"potentialAction\":[{\"@type\":\"CommentAction\",\"name\":\"Comment\",\"target\":[\"https:\\\/\\\/diarieducacio.cat\\\/educaciolocal\\\/2023\\\/02\\\/23\\\/la-importancia-del-territori-en-la-innovacio-a-la-formacio-professional\\\/#respond\"]}]},{\"@type\":\"WebPage\",\"@id\":\"https:\\\/\\\/diarieducacio.cat\\\/educaciolocal\\\/2023\\\/02\\\/23\\\/la-importancia-del-territori-en-la-innovacio-a-la-formacio-professional\\\/\",\"url\":\"https:\\\/\\\/diarieducacio.cat\\\/educaciolocal\\\/2023\\\/02\\\/23\\\/la-importancia-del-territori-en-la-innovacio-a-la-formacio-professional\\\/\",\"name\":\"La import\u00e0ncia del territori en la innovaci\u00f3 a la formaci\u00f3 professional - El blog de l'educaci\u00f3 local\",\"isPartOf\":{\"@id\":\"https:\\\/\\\/diarieducacio.cat\\\/educaciolocal\\\/#website\"},\"primaryImageOfPage\":{\"@id\":\"https:\\\/\\\/diarieducacio.cat\\\/educaciolocal\\\/2023\\\/02\\\/23\\\/la-importancia-del-territori-en-la-innovacio-a-la-formacio-professional\\\/#primaryimage\"},\"image\":{\"@id\":\"https:\\\/\\\/diarieducacio.cat\\\/educaciolocal\\\/2023\\\/02\\\/23\\\/la-importancia-del-territori-en-la-innovacio-a-la-formacio-professional\\\/#primaryimage\"},\"thumbnailUrl\":\"https:\\\/\\\/diarieducacio.cat\\\/educaciolocal\\\/wp-content\\\/uploads\\\/sites\\\/18\\\/2023\\\/02\\\/Granollers-FPLab-1.jpeg\",\"datePublished\":\"2023-02-23T08:41:34+00:00\",\"dateModified\":\"2024-08-08T08:52:44+00:00\",\"author\":{\"@id\":\"https:\\\/\\\/diarieducacio.cat\\\/educaciolocal\\\/#\\\/schema\\\/person\\\/04093d1227f1b01952d6187a5be57900\"},\"breadcrumb\":{\"@id\":\"https:\\\/\\\/diarieducacio.cat\\\/educaciolocal\\\/2023\\\/02\\\/23\\\/la-importancia-del-territori-en-la-innovacio-a-la-formacio-professional\\\/#breadcrumb\"},\"inLanguage\":\"ca\",\"potentialAction\":[{\"@type\":\"ReadAction\",\"target\":[\"https:\\\/\\\/diarieducacio.cat\\\/educaciolocal\\\/2023\\\/02\\\/23\\\/la-importancia-del-territori-en-la-innovacio-a-la-formacio-professional\\\/\"]}]},{\"@type\":\"ImageObject\",\"inLanguage\":\"ca\",\"@id\":\"https:\\\/\\\/diarieducacio.cat\\\/educaciolocal\\\/2023\\\/02\\\/23\\\/la-importancia-del-territori-en-la-innovacio-a-la-formacio-professional\\\/#primaryimage\",\"url\":\"https:\\\/\\\/diarieducacio.cat\\\/educaciolocal\\\/wp-content\\\/uploads\\\/sites\\\/18\\\/2023\\\/02\\\/Granollers-FPLab-1.jpeg\",\"contentUrl\":\"https:\\\/\\\/diarieducacio.cat\\\/educaciolocal\\\/wp-content\\\/uploads\\\/sites\\\/18\\\/2023\\\/02\\\/Granollers-FPLab-1.jpeg\",\"width\":2005,\"height\":1162,\"caption\":\"Imatge del primer taller del projecte Metr\u00f2polis FPLab celebrat al recinte Roca Umbert (Granollers) | Neus G\u00f3mez\"},{\"@type\":\"BreadcrumbList\",\"@id\":\"https:\\\/\\\/diarieducacio.cat\\\/educaciolocal\\\/2023\\\/02\\\/23\\\/la-importancia-del-territori-en-la-innovacio-a-la-formacio-professional\\\/#breadcrumb\",\"itemListElement\":[{\"@type\":\"ListItem\",\"position\":1,\"name\":\"Inici\",\"item\":\"https:\\\/\\\/diarieducacio.cat\\\/educaciolocal\\\/\"},{\"@type\":\"ListItem\",\"position\":2,\"name\":\"La import\u00e0ncia del territori en la innovaci\u00f3 a la formaci\u00f3 professional\"}]},{\"@type\":\"WebSite\",\"@id\":\"https:\\\/\\\/diarieducacio.cat\\\/educaciolocal\\\/#website\",\"url\":\"https:\\\/\\\/diarieducacio.cat\\\/educaciolocal\\\/\",\"name\":\"El blog de l'educaci\u00f3 local\",\"description\":\"\",\"potentialAction\":[{\"@type\":\"SearchAction\",\"target\":{\"@type\":\"EntryPoint\",\"urlTemplate\":\"https:\\\/\\\/diarieducacio.cat\\\/educaciolocal\\\/?s={search_term_string}\"},\"query-input\":{\"@type\":\"PropertyValueSpecification\",\"valueRequired\":true,\"valueName\":\"search_term_string\"}}],\"inLanguage\":\"ca\"},{\"@type\":\"Person\",\"@id\":\"https:\\\/\\\/diarieducacio.cat\\\/educaciolocal\\\/#\\\/schema\\\/person\\\/04093d1227f1b01952d6187a5be57900\",\"name\":\"Redacci\u00f3\",\"image\":{\"@type\":\"ImageObject\",\"inLanguage\":\"ca\",\"@id\":\"https:\\\/\\\/secure.gravatar.com\\\/avatar\\\/e952ad62e08be1daabaefebd12d26c1e5fbfd687693aaa066db2433a21638ad8?s=96&d=mm&r=g\",\"url\":\"https:\\\/\\\/secure.gravatar.com\\\/avatar\\\/e952ad62e08be1daabaefebd12d26c1e5fbfd687693aaa066db2433a21638ad8?s=96&d=mm&r=g\",\"contentUrl\":\"https:\\\/\\\/secure.gravatar.com\\\/avatar\\\/e952ad62e08be1daabaefebd12d26c1e5fbfd687693aaa066db2433a21638ad8?s=96&d=mm&r=g\",\"caption\":\"Redacci\u00f3\"},\"url\":\"https:\\\/\\\/diarieducacio.cat\\\/educaciolocal\\\/author\\\/npenin\\\/\"}]}<\/script>\n<!-- \/ Yoast SEO plugin. -->","yoast_head_json":{"title":"La import\u00e0ncia del territori en la innovaci\u00f3 a la formaci\u00f3 professional - El blog de l'educaci\u00f3 local","robots":{"index":"index","follow":"follow","max-snippet":"max-snippet:-1","max-image-preview":"max-image-preview:large","max-video-preview":"max-video-preview:-1"},"canonical":"https:\/\/diarieducacio.cat\/educaciolocal\/2023\/02\/23\/la-importancia-del-territori-en-la-innovacio-a-la-formacio-professional\/","og_locale":"ca_ES","og_type":"article","og_title":"La import\u00e0ncia del territori en la innovaci\u00f3 a la formaci\u00f3 professional - El blog de l'educaci\u00f3 local","og_description":"La participaci\u00f3 de la Diputaci\u00f3 de Barcelona, emmarcada en el projecte transformador \u201cNoves Oportunitats Educatives 4.10.\u201d, ha perm\u00e8s sumar als centres de formaci\u00f3 professional de Granollers i Matar\u00f3 a la 5a edici\u00f3 del projecte Metr\u00f2polis FPLab. I ho ha fet de la m\u00e0 dels respectius ajuntaments, amb la voluntat de potenciar una formaci\u00f3 professionalitzadora de","og_url":"https:\/\/diarieducacio.cat\/educaciolocal\/2023\/02\/23\/la-importancia-del-territori-en-la-innovacio-a-la-formacio-professional\/","og_site_name":"El blog de l'educaci\u00f3 local","article_publisher":"https:\/\/www.facebook.com\/diarieducacio\/","article_published_time":"2023-02-23T08:41:34+00:00","article_modified_time":"2024-08-08T08:52:44+00:00","og_image":[{"width":2005,"height":1162,"url":"https:\/\/diarieducacio.cat\/educaciolocal\/wp-content\/uploads\/sites\/18\/2023\/02\/Granollers-FPLab-1.jpeg","type":"image\/jpeg"}],"author":"Redacci\u00f3","twitter_card":"summary_large_image","twitter_creator":"@DiariEducacio","twitter_site":"@DiariEducacio","twitter_misc":{"Escrit per":"Redacci\u00f3","Temps estimat de lectura":"4 minuts"},"schema":{"@context":"https:\/\/schema.org","@graph":[{"@type":"Article","@id":"https:\/\/diarieducacio.cat\/educaciolocal\/2023\/02\/23\/la-importancia-del-territori-en-la-innovacio-a-la-formacio-professional\/#article","isPartOf":{"@id":"https:\/\/diarieducacio.cat\/educaciolocal\/2023\/02\/23\/la-importancia-del-territori-en-la-innovacio-a-la-formacio-professional\/"},"author":{"name":"Redacci\u00f3","@id":"https:\/\/diarieducacio.cat\/educaciolocal\/#\/schema\/person\/04093d1227f1b01952d6187a5be57900"},"headline":"La import\u00e0ncia del territori en la innovaci\u00f3 a la formaci\u00f3 professional","datePublished":"2023-02-23T08:41:34+00:00","dateModified":"2024-08-08T08:52:44+00:00","mainEntityOfPage":{"@id":"https:\/\/diarieducacio.cat\/educaciolocal\/2023\/02\/23\/la-importancia-del-territori-en-la-innovacio-a-la-formacio-professional\/"},"wordCount":778,"commentCount":0,"image":{"@id":"https:\/\/diarieducacio.cat\/educaciolocal\/2023\/02\/23\/la-importancia-del-territori-en-la-innovacio-a-la-formacio-professional\/#primaryimage"},"thumbnailUrl":"https:\/\/diarieducacio.cat\/educaciolocal\/wp-content\/uploads\/sites\/18\/2023\/02\/Granollers-FPLab-1.jpeg","keywords":["Formaci\u00f3 Professional","noves oportunitats"],"articleSection":["An\u00e0lisi","Centres educatius","covid-19","Educaci\u00f3 a dist\u00e0ncia","Equitat","General"],"inLanguage":"ca","potentialAction":[{"@type":"CommentAction","name":"Comment","target":["https:\/\/diarieducacio.cat\/educaciolocal\/2023\/02\/23\/la-importancia-del-territori-en-la-innovacio-a-la-formacio-professional\/#respond"]}]},{"@type":"WebPage","@id":"https:\/\/diarieducacio.cat\/educaciolocal\/2023\/02\/23\/la-importancia-del-territori-en-la-innovacio-a-la-formacio-professional\/","url":"https:\/\/diarieducacio.cat\/educaciolocal\/2023\/02\/23\/la-importancia-del-territori-en-la-innovacio-a-la-formacio-professional\/","name":"La import\u00e0ncia del territori en la innovaci\u00f3 a la formaci\u00f3 professional - El blog de l'educaci\u00f3 local","isPartOf":{"@id":"https:\/\/diarieducacio.cat\/educaciolocal\/#website"},"primaryImageOfPage":{"@id":"https:\/\/diarieducacio.cat\/educaciolocal\/2023\/02\/23\/la-importancia-del-territori-en-la-innovacio-a-la-formacio-professional\/#primaryimage"},"image":{"@id":"https:\/\/diarieducacio.cat\/educaciolocal\/2023\/02\/23\/la-importancia-del-territori-en-la-innovacio-a-la-formacio-professional\/#primaryimage"},"thumbnailUrl":"https:\/\/diarieducacio.cat\/educaciolocal\/wp-content\/uploads\/sites\/18\/2023\/02\/Granollers-FPLab-1.jpeg","datePublished":"2023-02-23T08:41:34+00:00","dateModified":"2024-08-08T08:52:44+00:00","author":{"@id":"https:\/\/diarieducacio.cat\/educaciolocal\/#\/schema\/person\/04093d1227f1b01952d6187a5be57900"},"breadcrumb":{"@id":"https:\/\/diarieducacio.cat\/educaciolocal\/2023\/02\/23\/la-importancia-del-territori-en-la-innovacio-a-la-formacio-professional\/#breadcrumb"},"inLanguage":"ca","potentialAction":[{"@type":"ReadAction","target":["https:\/\/diarieducacio.cat\/educaciolocal\/2023\/02\/23\/la-importancia-del-territori-en-la-innovacio-a-la-formacio-professional\/"]}]},{"@type":"ImageObject","inLanguage":"ca","@id":"https:\/\/diarieducacio.cat\/educaciolocal\/2023\/02\/23\/la-importancia-del-territori-en-la-innovacio-a-la-formacio-professional\/#primaryimage","url":"https:\/\/diarieducacio.cat\/educaciolocal\/wp-content\/uploads\/sites\/18\/2023\/02\/Granollers-FPLab-1.jpeg","contentUrl":"https:\/\/diarieducacio.cat\/educaciolocal\/wp-content\/uploads\/sites\/18\/2023\/02\/Granollers-FPLab-1.jpeg","width":2005,"height":1162,"caption":"Imatge del primer taller del projecte Metr\u00f2polis FPLab celebrat al recinte Roca Umbert (Granollers) | Neus G\u00f3mez"},{"@type":"BreadcrumbList","@id":"https:\/\/diarieducacio.cat\/educaciolocal\/2023\/02\/23\/la-importancia-del-territori-en-la-innovacio-a-la-formacio-professional\/#breadcrumb","itemListElement":[{"@type":"ListItem","position":1,"name":"Inici","item":"https:\/\/diarieducacio.cat\/educaciolocal\/"},{"@type":"ListItem","position":2,"name":"La import\u00e0ncia del territori en la innovaci\u00f3 a la formaci\u00f3 professional"}]},{"@type":"WebSite","@id":"https:\/\/diarieducacio.cat\/educaciolocal\/#website","url":"https:\/\/diarieducacio.cat\/educaciolocal\/","name":"El blog de l'educaci\u00f3 local","description":"","potentialAction":[{"@type":"SearchAction","target":{"@type":"EntryPoint","urlTemplate":"https:\/\/diarieducacio.cat\/educaciolocal\/?s={search_term_string}"},"query-input":{"@type":"PropertyValueSpecification","valueRequired":true,"valueName":"search_term_string"}}],"inLanguage":"ca"},{"@type":"Person","@id":"https:\/\/diarieducacio.cat\/educaciolocal\/#\/schema\/person\/04093d1227f1b01952d6187a5be57900","name":"Redacci\u00f3","image":{"@type":"ImageObject","inLanguage":"ca","@id":"https:\/\/secure.gravatar.com\/avatar\/e952ad62e08be1daabaefebd12d26c1e5fbfd687693aaa066db2433a21638ad8?s=96&d=mm&r=g","url":"https:\/\/secure.gravatar.com\/avatar\/e952ad62e08be1daabaefebd12d26c1e5fbfd687693aaa066db2433a21638ad8?s=96&d=mm&r=g","contentUrl":"https:\/\/secure.gravatar.com\/avatar\/e952ad62e08be1daabaefebd12d26c1e5fbfd687693aaa066db2433a21638ad8?s=96&d=mm&r=g","caption":"Redacci\u00f3"},"url":"https:\/\/diarieducacio.cat\/educaciolocal\/author\/npenin\/"}]}},"_links":{"self":[{"href":"https:\/\/diarieducacio.cat\/educaciolocal\/wp-json\/wp\/v2\/posts\/4008","targetHints":{"allow":["GET"]}}],"collection":[{"href":"https:\/\/diarieducacio.cat\/educaciolocal\/wp-json\/wp\/v2\/posts"}],"about":[{"href":"https:\/\/diarieducacio.cat\/educaciolocal\/wp-json\/wp\/v2\/types\/post"}],"author":[{"embeddable":true,"href":"https:\/\/diarieducacio.cat\/educaciolocal\/wp-json\/wp\/v2\/users\/1"}],"replies":[{"embeddable":true,"href":"https:\/\/diarieducacio.cat\/educaciolocal\/wp-json\/wp\/v2\/comments?post=4008"}],"version-history":[{"count":1,"href":"https:\/\/diarieducacio.cat\/educaciolocal\/wp-json\/wp\/v2\/posts\/4008\/revisions"}],"predecessor-version":[{"id":4324,"href":"https:\/\/diarieducacio.cat\/educaciolocal\/wp-json\/wp\/v2\/posts\/4008\/revisions\/4324"}],"wp:featuredmedia":[{"embeddable":true,"href":"https:\/\/diarieducacio.cat\/educaciolocal\/wp-json\/wp\/v2\/media\/3603"}],"wp:attachment":[{"href":"https:\/\/diarieducacio.cat\/educaciolocal\/wp-json\/wp\/v2\/media?parent=4008"}],"wp:term":[{"taxonomy":"category","embeddable":true,"href":"https:\/\/diarieducacio.cat\/educaciolocal\/wp-json\/wp\/v2\/categories?post=4008"},{"taxonomy":"post_tag","embeddable":true,"href":"https:\/\/diarieducacio.cat\/educaciolocal\/wp-json\/wp\/v2\/tags?post=4008"},{"taxonomy":"tipo","embeddable":true,"href":"https:\/\/diarieducacio.cat\/educaciolocal\/wp-json\/wp\/v2\/tipo?post=4008"}],"curies":[{"name":"wp","href":"https:\/\/api.w.org\/{rel}","templated":true}]}}