{"id":4059,"date":"2024-03-08T06:59:26","date_gmt":"2024-03-08T06:59:26","guid":{"rendered":"https:\/\/diarieducacio.cat\/educaciolocal\/?p=4059"},"modified":"2024-08-08T10:52:47","modified_gmt":"2024-08-08T08:52:47","slug":"des-duna-anima-feminista","status":"publish","type":"post","link":"https:\/\/diarieducacio.cat\/educaciolocal\/2024\/03\/08\/des-duna-anima-feminista\/","title":{"rendered":"Des d&#8217;una \u00e0nima feminista"},"content":{"rendered":"<p>A la societat s\u2019ha enquistat un debat, a vegades retr\u00f2grad, perqu\u00e8 tot aix\u00f2 no va de lluita de sexes, va d&#8217;igualtat i dignitat, com no em cansar\u00e9 de repetir, per\u00f2 sembla que vaig errada. Avui, en aquest indret que \u00e9s casa nostra, hi ha una part d&#8217;homes que se senten discriminats per un feminisme creixent i una part gens menyspreable de dones que es manifesten obertament a favor de mantenir les tradicions, de continuar en un segon pla, de deixar que remin ells, sense entendre que la implicaci\u00f3 de tothom en aquest canvi \u00e9s UNA NECESSITAT, una obligaci\u00f3 que no ha de generar confusi\u00f3, per a cap persona. Es tracta d&#8217;una lluita justa, perqu\u00e8 no es demana res m\u00e9s que la recerca de la no discriminaci\u00f3.<\/p>\n<p>Llavors qu\u00e8 hem fet malament? Si estem segures que tenim ra\u00f3, que el m\u00f3n ser\u00e0 m\u00e9s just quan hi hagi aquesta igualtat, \u00bfper qu\u00e8 no hem sabut transmetre a les noves generacions que aix\u00f2 no va de lluitar entre nosaltres, que juntes, totes les persones, serem capaces de generar sinergies que ens apropin definitivament a aquesta idea d\u2019igualtat a la qual tothom aspira? Per qu\u00e8 no hem aconseguit transmetre el pensament que juntes tenim molt m\u00e9s a guanyar, que si voguem totes i tots en la mateixa direcci\u00f3 el trajecte \u00e9s m\u00e9s planer i m\u00e9s satisfactori? Encara no tinc una resposta adequada. \u00c9s evident que sempre hi ha gent que creu que qualsevol temps passat va ser millor, que si no es mouen res no canviar\u00e0, que \u00e9s millor mantenir-se en una vitrina sense pols que llen\u00e7ar-se al fang i veure qu\u00e8 podem fer per canviar la nostra exist\u00e8ncia. AIX\u00d2 \u00c9S TOTALMENT FALS, i ho veiem cada dia amb les noves tecnologies, amb les noves sexualitats, una veritat que no es pot obviar, \u00e9s ja inabastable.<\/p>\n<p>Aix\u00ed, veient com tot es mou, les escoles i centres de formaci\u00f3 de persones adultes no en som alienes a tots aquests canvis, ben al contrari, ens hem convertit en llocs de trobada, d&#8217;igualtat, de cohesi\u00f3, d&#8217;intercanvi intergeneracional. Aqu\u00ed podem gaudir d\u2019una igualtat entre sexes, religions, estatus socials&#8230; Perqu\u00e8, qu\u00e8 ens pot unir m\u00e9s que la voluntat d&#8217;aprendre, la necessitat de millorar com a \u00e9ssers humans?<\/p>\n<blockquote><p>Les escoles de formaci\u00f3 de persones adultes ens hem convertit en llocs de trobada, d&#8217;igualtat, de cohesi\u00f3, d&#8217;intercanvi intergeneracional<\/p><\/blockquote>\n<p>A les nostres aules es realitza una tasca di\u00e0ria, de formigues, perqu\u00e8 el nostre alumnat, s\u00ed que porta les seves motxilles, en ocasions carregades de problemes, per\u00f2 aix\u00f2 no ser\u00e0 motiu per jutjar ning\u00fa, \u00e9s igual d\u2019on vingui, no importa si professa una religi\u00f3 o una altra, no mirarem les persones per la seva forma de vestir, ni per si s\u00f3n de sexes diferents. La nostra funci\u00f3 \u00e9s acollir tothom, intentar informar que existeixen moltes visions del m\u00f3n, per\u00f2 que sempre s\u2019ha de lluitar per apropar-nos a la idea d\u2019igualtat i llibertat (s\u00ed, una altra vegada), perqu\u00e8 s\u00f3n aquests conceptes, aquests pensaments els que ens defineixen com a centres.<\/p>\n<p>Formar i acompanyar en aquest cam\u00ed no se\u2019ns ha oblidat mai, ja que la nostra implicaci\u00f3 \u00e9s m\u00e9s que solvent, aix\u00ed ho avalen els milers de persones que passen cada any per les nostres aules: perqu\u00e8 ens impliquem, perqu\u00e8 som conscients que per a aconseguir petits canvis ens hem de mobilitzar, perqu\u00e8 no \u00e9s gens f\u00e0cil remoure consci\u00e8ncies, perqu\u00e8 s\u2019han de superar els estereotips sexistes, perqu\u00e8 s\u2019ha de prevenir la viol\u00e8ncia de g\u00e8nere. Tot aix\u00f2 ho superem cada dia juntes, totes les persones que configurem aquesta formaci\u00f3, alumnat i professorat, tot afavorint una perspectiva de coeducaci\u00f3. Per aconseguir-ho es duen a terme actuacions de sensibilitzaci\u00f3, s\u2019elaboren materials divulgatius, es creen protocols, s\u2019ofereixen les mateixes oportunitats, es realitzen exposicions, treballs i sessions que motiven, encoratgen, refermen i integren a totes les persones dels nostres centres.<\/p>\n<p>Aix\u00ed, queda clar que encara que alg\u00fa ens vulgui aturar, resistirem, perqu\u00e8 existeix una consci\u00e8ncia feminista que ha marcat el canvi del temps, l\u2019evoluci\u00f3 de les societats i que ja no vol engabiar els ocells, sin\u00f3 deixar-los en llibertat.<\/p>\n","protected":false},"excerpt":{"rendered":"<p>A la societat s\u2019ha enquistat un debat, a vegades retr\u00f2grad, perqu\u00e8 tot aix\u00f2 no va de lluita de sexes, va d&#8217;igualtat i dignitat, com no em cansar\u00e9 de repetir, per\u00f2 sembla que vaig errada. Avui, en aquest indret que \u00e9s casa nostra, hi ha una part d&#8217;homes que se senten discriminats per un feminisme creixent<\/p>\n","protected":false},"author":1131,"featured_media":4063,"comment_status":"open","ping_status":"closed","sticky":false,"template":"","format":"standard","meta":{"footnotes":""},"categories":[386,144],"tags":[135,257,238],"tipo":[391],"class_list":{"0":"post-4059","1":"post","2":"type-post","3":"status-publish","4":"format-standard","5":"has-post-thumbnail","7":"category-benestar-emocional","8":"category-opinio","9":"tag-educacio-de-persones-adultes","10":"tag-escoles-municipals","11":"tag-feminisme","12":"tipo-opinio"},"yoast_head":"<!-- This site is optimized with the Yoast SEO plugin v27.5 - https:\/\/yoast.com\/product\/yoast-seo-wordpress\/ -->\n<title>Des d&#039;una \u00e0nima feminista - El blog de l&#039;educaci\u00f3 local<\/title>\n<meta name=\"robots\" content=\"index, follow, max-snippet:-1, max-image-preview:large, max-video-preview:-1\" \/>\n<link rel=\"canonical\" href=\"https:\/\/diarieducacio.cat\/educaciolocal\/2024\/03\/08\/des-duna-anima-feminista\/\" \/>\n<meta property=\"og:locale\" content=\"ca_ES\" \/>\n<meta property=\"og:type\" content=\"article\" \/>\n<meta property=\"og:title\" content=\"Des d&#039;una \u00e0nima feminista - El blog de l&#039;educaci\u00f3 local\" \/>\n<meta property=\"og:description\" content=\"A la societat s\u2019ha enquistat un debat, a vegades retr\u00f2grad, perqu\u00e8 tot aix\u00f2 no va de lluita de sexes, va d&#8217;igualtat i dignitat, com no em cansar\u00e9 de repetir, per\u00f2 sembla que vaig errada. Avui, en aquest indret que \u00e9s casa nostra, hi ha una part d&#8217;homes que se senten discriminats per un feminisme creixent\" \/>\n<meta property=\"og:url\" content=\"https:\/\/diarieducacio.cat\/educaciolocal\/2024\/03\/08\/des-duna-anima-feminista\/\" \/>\n<meta property=\"og:site_name\" content=\"El blog de l&#039;educaci\u00f3 local\" \/>\n<meta property=\"article:publisher\" content=\"https:\/\/www.facebook.com\/diarieducacio\/\" \/>\n<meta property=\"article:published_time\" content=\"2024-03-08T06:59:26+00:00\" \/>\n<meta property=\"article:modified_time\" content=\"2024-08-08T08:52:47+00:00\" \/>\n<meta property=\"og:image\" content=\"https:\/\/diarieducacio.cat\/educaciolocal\/wp-content\/uploads\/sites\/18\/2024\/03\/Des-dun-anima-feminista.jpg\" \/>\n\t<meta property=\"og:image:width\" content=\"1266\" \/>\n\t<meta property=\"og:image:height\" content=\"795\" \/>\n\t<meta property=\"og:image:type\" content=\"image\/jpeg\" \/>\n<meta name=\"author\" content=\"Ant\u00f2nia P\u00e9rez Correa\" \/>\n<meta name=\"twitter:card\" content=\"summary_large_image\" \/>\n<meta name=\"twitter:creator\" content=\"@DiariEducacio\" \/>\n<meta name=\"twitter:site\" content=\"@DiariEducacio\" \/>\n<meta name=\"twitter:label1\" content=\"Escrit per\" \/>\n\t<meta name=\"twitter:data1\" content=\"Ant\u00f2nia P\u00e9rez Correa\" \/>\n\t<meta name=\"twitter:label2\" content=\"Temps estimat de lectura\" \/>\n\t<meta name=\"twitter:data2\" content=\"4 minuts\" \/>\n<script type=\"application\/ld+json\" class=\"yoast-schema-graph\">{\"@context\":\"https:\\\/\\\/schema.org\",\"@graph\":[{\"@type\":\"Article\",\"@id\":\"https:\\\/\\\/diarieducacio.cat\\\/educaciolocal\\\/2024\\\/03\\\/08\\\/des-duna-anima-feminista\\\/#article\",\"isPartOf\":{\"@id\":\"https:\\\/\\\/diarieducacio.cat\\\/educaciolocal\\\/2024\\\/03\\\/08\\\/des-duna-anima-feminista\\\/\"},\"author\":{\"name\":\"Ant\u00f2nia P\u00e9rez Correa\",\"@id\":\"https:\\\/\\\/diarieducacio.cat\\\/educaciolocal\\\/#\\\/schema\\\/person\\\/fdbc0654bf92bae943f8eabde9276a81\"},\"headline\":\"Des d&#8217;una \u00e0nima feminista\",\"datePublished\":\"2024-03-08T06:59:26+00:00\",\"dateModified\":\"2024-08-08T08:52:47+00:00\",\"mainEntityOfPage\":{\"@id\":\"https:\\\/\\\/diarieducacio.cat\\\/educaciolocal\\\/2024\\\/03\\\/08\\\/des-duna-anima-feminista\\\/\"},\"wordCount\":714,\"commentCount\":1,\"image\":{\"@id\":\"https:\\\/\\\/diarieducacio.cat\\\/educaciolocal\\\/2024\\\/03\\\/08\\\/des-duna-anima-feminista\\\/#primaryimage\"},\"thumbnailUrl\":\"https:\\\/\\\/diarieducacio.cat\\\/educaciolocal\\\/wp-content\\\/uploads\\\/sites\\\/18\\\/2024\\\/03\\\/Des-dun-anima-feminista.jpg\",\"keywords\":[\"Educaci\u00f3 de persones adultes\",\"Escoles municipals\",\"Feminisme\"],\"articleSection\":[\"Benestar emocional\",\"Opini\u00f3\"],\"inLanguage\":\"ca\",\"potentialAction\":[{\"@type\":\"CommentAction\",\"name\":\"Comment\",\"target\":[\"https:\\\/\\\/diarieducacio.cat\\\/educaciolocal\\\/2024\\\/03\\\/08\\\/des-duna-anima-feminista\\\/#respond\"]}]},{\"@type\":\"WebPage\",\"@id\":\"https:\\\/\\\/diarieducacio.cat\\\/educaciolocal\\\/2024\\\/03\\\/08\\\/des-duna-anima-feminista\\\/\",\"url\":\"https:\\\/\\\/diarieducacio.cat\\\/educaciolocal\\\/2024\\\/03\\\/08\\\/des-duna-anima-feminista\\\/\",\"name\":\"Des d'una \u00e0nima feminista - El blog de l'educaci\u00f3 local\",\"isPartOf\":{\"@id\":\"https:\\\/\\\/diarieducacio.cat\\\/educaciolocal\\\/#website\"},\"primaryImageOfPage\":{\"@id\":\"https:\\\/\\\/diarieducacio.cat\\\/educaciolocal\\\/2024\\\/03\\\/08\\\/des-duna-anima-feminista\\\/#primaryimage\"},\"image\":{\"@id\":\"https:\\\/\\\/diarieducacio.cat\\\/educaciolocal\\\/2024\\\/03\\\/08\\\/des-duna-anima-feminista\\\/#primaryimage\"},\"thumbnailUrl\":\"https:\\\/\\\/diarieducacio.cat\\\/educaciolocal\\\/wp-content\\\/uploads\\\/sites\\\/18\\\/2024\\\/03\\\/Des-dun-anima-feminista.jpg\",\"datePublished\":\"2024-03-08T06:59:26+00:00\",\"dateModified\":\"2024-08-08T08:52:47+00:00\",\"author\":{\"@id\":\"https:\\\/\\\/diarieducacio.cat\\\/educaciolocal\\\/#\\\/schema\\\/person\\\/fdbc0654bf92bae943f8eabde9276a81\"},\"breadcrumb\":{\"@id\":\"https:\\\/\\\/diarieducacio.cat\\\/educaciolocal\\\/2024\\\/03\\\/08\\\/des-duna-anima-feminista\\\/#breadcrumb\"},\"inLanguage\":\"ca\",\"potentialAction\":[{\"@type\":\"ReadAction\",\"target\":[\"https:\\\/\\\/diarieducacio.cat\\\/educaciolocal\\\/2024\\\/03\\\/08\\\/des-duna-anima-feminista\\\/\"]}]},{\"@type\":\"ImageObject\",\"inLanguage\":\"ca\",\"@id\":\"https:\\\/\\\/diarieducacio.cat\\\/educaciolocal\\\/2024\\\/03\\\/08\\\/des-duna-anima-feminista\\\/#primaryimage\",\"url\":\"https:\\\/\\\/diarieducacio.cat\\\/educaciolocal\\\/wp-content\\\/uploads\\\/sites\\\/18\\\/2024\\\/03\\\/Des-dun-anima-feminista.jpg\",\"contentUrl\":\"https:\\\/\\\/diarieducacio.cat\\\/educaciolocal\\\/wp-content\\\/uploads\\\/sites\\\/18\\\/2024\\\/03\\\/Des-dun-anima-feminista.jpg\",\"width\":1266,\"height\":795,\"caption\":\"Foto cedida per l'EMPA Les Teixidores\"},{\"@type\":\"BreadcrumbList\",\"@id\":\"https:\\\/\\\/diarieducacio.cat\\\/educaciolocal\\\/2024\\\/03\\\/08\\\/des-duna-anima-feminista\\\/#breadcrumb\",\"itemListElement\":[{\"@type\":\"ListItem\",\"position\":1,\"name\":\"Inici\",\"item\":\"https:\\\/\\\/diarieducacio.cat\\\/educaciolocal\\\/\"},{\"@type\":\"ListItem\",\"position\":2,\"name\":\"Des d&#8217;una \u00e0nima feminista\"}]},{\"@type\":\"WebSite\",\"@id\":\"https:\\\/\\\/diarieducacio.cat\\\/educaciolocal\\\/#website\",\"url\":\"https:\\\/\\\/diarieducacio.cat\\\/educaciolocal\\\/\",\"name\":\"El blog de l'educaci\u00f3 local\",\"description\":\"\",\"potentialAction\":[{\"@type\":\"SearchAction\",\"target\":{\"@type\":\"EntryPoint\",\"urlTemplate\":\"https:\\\/\\\/diarieducacio.cat\\\/educaciolocal\\\/?s={search_term_string}\"},\"query-input\":{\"@type\":\"PropertyValueSpecification\",\"valueRequired\":true,\"valueName\":\"search_term_string\"}}],\"inLanguage\":\"ca\"},{\"@type\":\"Person\",\"@id\":\"https:\\\/\\\/diarieducacio.cat\\\/educaciolocal\\\/#\\\/schema\\\/person\\\/fdbc0654bf92bae943f8eabde9276a81\",\"name\":\"Ant\u00f2nia P\u00e9rez Correa\",\"image\":{\"@type\":\"ImageObject\",\"inLanguage\":\"ca\",\"@id\":\"https:\\\/\\\/secure.gravatar.com\\\/avatar\\\/72292bd974bfe99077a2e34c27bb4006749d7cb2770f25a706e3c2c09c260c97?s=96&d=mm&r=g\",\"url\":\"https:\\\/\\\/secure.gravatar.com\\\/avatar\\\/72292bd974bfe99077a2e34c27bb4006749d7cb2770f25a706e3c2c09c260c97?s=96&d=mm&r=g\",\"contentUrl\":\"https:\\\/\\\/secure.gravatar.com\\\/avatar\\\/72292bd974bfe99077a2e34c27bb4006749d7cb2770f25a706e3c2c09c260c97?s=96&d=mm&r=g\",\"caption\":\"Ant\u00f2nia P\u00e9rez Correa\"},\"description\":\"Direcci\u00f3 Escola Municipal de Persones Adultes Les Teixidores (Castellar del Vall\u00e8s)\",\"url\":\"https:\\\/\\\/diarieducacio.cat\\\/educaciolocal\\\/author\\\/aperezcorrea\\\/\"}]}<\/script>\n<!-- \/ Yoast SEO plugin. -->","yoast_head_json":{"title":"Des d'una \u00e0nima feminista - El blog de l'educaci\u00f3 local","robots":{"index":"index","follow":"follow","max-snippet":"max-snippet:-1","max-image-preview":"max-image-preview:large","max-video-preview":"max-video-preview:-1"},"canonical":"https:\/\/diarieducacio.cat\/educaciolocal\/2024\/03\/08\/des-duna-anima-feminista\/","og_locale":"ca_ES","og_type":"article","og_title":"Des d'una \u00e0nima feminista - El blog de l'educaci\u00f3 local","og_description":"A la societat s\u2019ha enquistat un debat, a vegades retr\u00f2grad, perqu\u00e8 tot aix\u00f2 no va de lluita de sexes, va d&#8217;igualtat i dignitat, com no em cansar\u00e9 de repetir, per\u00f2 sembla que vaig errada. Avui, en aquest indret que \u00e9s casa nostra, hi ha una part d&#8217;homes que se senten discriminats per un feminisme creixent","og_url":"https:\/\/diarieducacio.cat\/educaciolocal\/2024\/03\/08\/des-duna-anima-feminista\/","og_site_name":"El blog de l'educaci\u00f3 local","article_publisher":"https:\/\/www.facebook.com\/diarieducacio\/","article_published_time":"2024-03-08T06:59:26+00:00","article_modified_time":"2024-08-08T08:52:47+00:00","og_image":[{"width":1266,"height":795,"url":"https:\/\/diarieducacio.cat\/educaciolocal\/wp-content\/uploads\/sites\/18\/2024\/03\/Des-dun-anima-feminista.jpg","type":"image\/jpeg"}],"author":"Ant\u00f2nia P\u00e9rez Correa","twitter_card":"summary_large_image","twitter_creator":"@DiariEducacio","twitter_site":"@DiariEducacio","twitter_misc":{"Escrit per":"Ant\u00f2nia P\u00e9rez Correa","Temps estimat de lectura":"4 minuts"},"schema":{"@context":"https:\/\/schema.org","@graph":[{"@type":"Article","@id":"https:\/\/diarieducacio.cat\/educaciolocal\/2024\/03\/08\/des-duna-anima-feminista\/#article","isPartOf":{"@id":"https:\/\/diarieducacio.cat\/educaciolocal\/2024\/03\/08\/des-duna-anima-feminista\/"},"author":{"name":"Ant\u00f2nia P\u00e9rez Correa","@id":"https:\/\/diarieducacio.cat\/educaciolocal\/#\/schema\/person\/fdbc0654bf92bae943f8eabde9276a81"},"headline":"Des d&#8217;una \u00e0nima feminista","datePublished":"2024-03-08T06:59:26+00:00","dateModified":"2024-08-08T08:52:47+00:00","mainEntityOfPage":{"@id":"https:\/\/diarieducacio.cat\/educaciolocal\/2024\/03\/08\/des-duna-anima-feminista\/"},"wordCount":714,"commentCount":1,"image":{"@id":"https:\/\/diarieducacio.cat\/educaciolocal\/2024\/03\/08\/des-duna-anima-feminista\/#primaryimage"},"thumbnailUrl":"https:\/\/diarieducacio.cat\/educaciolocal\/wp-content\/uploads\/sites\/18\/2024\/03\/Des-dun-anima-feminista.jpg","keywords":["Educaci\u00f3 de persones adultes","Escoles municipals","Feminisme"],"articleSection":["Benestar emocional","Opini\u00f3"],"inLanguage":"ca","potentialAction":[{"@type":"CommentAction","name":"Comment","target":["https:\/\/diarieducacio.cat\/educaciolocal\/2024\/03\/08\/des-duna-anima-feminista\/#respond"]}]},{"@type":"WebPage","@id":"https:\/\/diarieducacio.cat\/educaciolocal\/2024\/03\/08\/des-duna-anima-feminista\/","url":"https:\/\/diarieducacio.cat\/educaciolocal\/2024\/03\/08\/des-duna-anima-feminista\/","name":"Des d'una \u00e0nima feminista - El blog de l'educaci\u00f3 local","isPartOf":{"@id":"https:\/\/diarieducacio.cat\/educaciolocal\/#website"},"primaryImageOfPage":{"@id":"https:\/\/diarieducacio.cat\/educaciolocal\/2024\/03\/08\/des-duna-anima-feminista\/#primaryimage"},"image":{"@id":"https:\/\/diarieducacio.cat\/educaciolocal\/2024\/03\/08\/des-duna-anima-feminista\/#primaryimage"},"thumbnailUrl":"https:\/\/diarieducacio.cat\/educaciolocal\/wp-content\/uploads\/sites\/18\/2024\/03\/Des-dun-anima-feminista.jpg","datePublished":"2024-03-08T06:59:26+00:00","dateModified":"2024-08-08T08:52:47+00:00","author":{"@id":"https:\/\/diarieducacio.cat\/educaciolocal\/#\/schema\/person\/fdbc0654bf92bae943f8eabde9276a81"},"breadcrumb":{"@id":"https:\/\/diarieducacio.cat\/educaciolocal\/2024\/03\/08\/des-duna-anima-feminista\/#breadcrumb"},"inLanguage":"ca","potentialAction":[{"@type":"ReadAction","target":["https:\/\/diarieducacio.cat\/educaciolocal\/2024\/03\/08\/des-duna-anima-feminista\/"]}]},{"@type":"ImageObject","inLanguage":"ca","@id":"https:\/\/diarieducacio.cat\/educaciolocal\/2024\/03\/08\/des-duna-anima-feminista\/#primaryimage","url":"https:\/\/diarieducacio.cat\/educaciolocal\/wp-content\/uploads\/sites\/18\/2024\/03\/Des-dun-anima-feminista.jpg","contentUrl":"https:\/\/diarieducacio.cat\/educaciolocal\/wp-content\/uploads\/sites\/18\/2024\/03\/Des-dun-anima-feminista.jpg","width":1266,"height":795,"caption":"Foto cedida per l'EMPA Les Teixidores"},{"@type":"BreadcrumbList","@id":"https:\/\/diarieducacio.cat\/educaciolocal\/2024\/03\/08\/des-duna-anima-feminista\/#breadcrumb","itemListElement":[{"@type":"ListItem","position":1,"name":"Inici","item":"https:\/\/diarieducacio.cat\/educaciolocal\/"},{"@type":"ListItem","position":2,"name":"Des d&#8217;una \u00e0nima feminista"}]},{"@type":"WebSite","@id":"https:\/\/diarieducacio.cat\/educaciolocal\/#website","url":"https:\/\/diarieducacio.cat\/educaciolocal\/","name":"El blog de l'educaci\u00f3 local","description":"","potentialAction":[{"@type":"SearchAction","target":{"@type":"EntryPoint","urlTemplate":"https:\/\/diarieducacio.cat\/educaciolocal\/?s={search_term_string}"},"query-input":{"@type":"PropertyValueSpecification","valueRequired":true,"valueName":"search_term_string"}}],"inLanguage":"ca"},{"@type":"Person","@id":"https:\/\/diarieducacio.cat\/educaciolocal\/#\/schema\/person\/fdbc0654bf92bae943f8eabde9276a81","name":"Ant\u00f2nia P\u00e9rez Correa","image":{"@type":"ImageObject","inLanguage":"ca","@id":"https:\/\/secure.gravatar.com\/avatar\/72292bd974bfe99077a2e34c27bb4006749d7cb2770f25a706e3c2c09c260c97?s=96&d=mm&r=g","url":"https:\/\/secure.gravatar.com\/avatar\/72292bd974bfe99077a2e34c27bb4006749d7cb2770f25a706e3c2c09c260c97?s=96&d=mm&r=g","contentUrl":"https:\/\/secure.gravatar.com\/avatar\/72292bd974bfe99077a2e34c27bb4006749d7cb2770f25a706e3c2c09c260c97?s=96&d=mm&r=g","caption":"Ant\u00f2nia P\u00e9rez Correa"},"description":"Direcci\u00f3 Escola Municipal de Persones Adultes Les Teixidores (Castellar del Vall\u00e8s)","url":"https:\/\/diarieducacio.cat\/educaciolocal\/author\/aperezcorrea\/"}]}},"_links":{"self":[{"href":"https:\/\/diarieducacio.cat\/educaciolocal\/wp-json\/wp\/v2\/posts\/4059","targetHints":{"allow":["GET"]}}],"collection":[{"href":"https:\/\/diarieducacio.cat\/educaciolocal\/wp-json\/wp\/v2\/posts"}],"about":[{"href":"https:\/\/diarieducacio.cat\/educaciolocal\/wp-json\/wp\/v2\/types\/post"}],"author":[{"embeddable":true,"href":"https:\/\/diarieducacio.cat\/educaciolocal\/wp-json\/wp\/v2\/users\/1131"}],"replies":[{"embeddable":true,"href":"https:\/\/diarieducacio.cat\/educaciolocal\/wp-json\/wp\/v2\/comments?post=4059"}],"version-history":[{"count":1,"href":"https:\/\/diarieducacio.cat\/educaciolocal\/wp-json\/wp\/v2\/posts\/4059\/revisions"}],"predecessor-version":[{"id":4358,"href":"https:\/\/diarieducacio.cat\/educaciolocal\/wp-json\/wp\/v2\/posts\/4059\/revisions\/4358"}],"wp:featuredmedia":[{"embeddable":true,"href":"https:\/\/diarieducacio.cat\/educaciolocal\/wp-json\/wp\/v2\/media\/4063"}],"wp:attachment":[{"href":"https:\/\/diarieducacio.cat\/educaciolocal\/wp-json\/wp\/v2\/media?parent=4059"}],"wp:term":[{"taxonomy":"category","embeddable":true,"href":"https:\/\/diarieducacio.cat\/educaciolocal\/wp-json\/wp\/v2\/categories?post=4059"},{"taxonomy":"post_tag","embeddable":true,"href":"https:\/\/diarieducacio.cat\/educaciolocal\/wp-json\/wp\/v2\/tags?post=4059"},{"taxonomy":"tipo","embeddable":true,"href":"https:\/\/diarieducacio.cat\/educaciolocal\/wp-json\/wp\/v2\/tipo?post=4059"}],"curies":[{"name":"wp","href":"https:\/\/api.w.org\/{rel}","templated":true}]}}