{"id":4475,"date":"2024-06-27T06:54:52","date_gmt":"2024-06-27T06:54:52","guid":{"rendered":"https:\/\/diarieducacio.cat\/educaciolocal\/?p=4292"},"modified":"2024-06-27T06:54:52","modified_gmt":"2024-06-27T06:54:52","slug":"ruth-cebador-les-activitats-destiu-promouen-leducacio-en-valors","status":"publish","type":"post","link":"https:\/\/diarieducacio.cat\/educaciolocal\/2024\/06\/27\/ruth-cebador-les-activitats-destiu-promouen-leducacio-en-valors\/","title":{"rendered":"Ruth Cebador: \u201cLes activitats d\u2019estiu promouen l\u2019educaci\u00f3 en valors\u201d"},"content":{"rendered":"<p><strong>Quin va ser el primer any que vau organitzar el F&#8217;estiu Jove?<\/strong><\/p>\n<p>El 2021 vam fer una primera prova pilot d\u2019activitats per joves espec\u00edfiques a l\u2019estiu, per\u00f2 el programa tal com el tenim dissenyat ara va comen\u00e7ar l\u2019estiu del 2022.<\/p>\n<p><strong>Quina valoraci\u00f3 en feu?<\/strong><\/p>\n<p>La valoraci\u00f3 del programa del F\u2019Estiu Jove \u00e9s for\u00e7a positiva i ens encoratja a continuar treballant en propostes espec\u00edfiques per als adolescents i joves de la ciutat. Ha estat clau difondre la proposta i l\u2019oferta per mitj\u00e0 dels propis centres educatius, per tal de garantir igualtat d\u2019oportunitats i acc\u00e9s a la informaci\u00f3 i, a m\u00e9s, que els diferents professionals (tutores, orientadores, educadores de carrer&#8230;) coneguessin de prop la proposta per tal que poguessin fer de prescriptors per al seu alumnat.<\/p>\n<p>A m\u00e9s, tamb\u00e9 han estat els propis joves els comunicadors de la proposta, ja que una de les accions de la campanya de comunicaci\u00f3 va ser que ells mateixos (alumnat d\u2019ESO de la ciutat) eren els encarregats d\u2019enganxar per la ciutat les enganxines amb els QR on es podia trobar la programaci\u00f3 de totes les activitats.<\/p>\n<p><strong>Heu tingut una molt bona acollida.<\/strong><\/p>\n<p>A l\u2019edici\u00f3 del 2023 el F\u2019estiu Jove va tenir un total de 1.581 participants a trav\u00e9s de les 60 activitats realitzades. Aix\u00f2 suposa un increment de 911 participants i 23 activitats m\u00e9s respecte a l\u2019edici\u00f3 anterior del 2022. I per aquest estiu, el dia 25 de juny, que \u00e9s el primer dia del programa, ja ten\u00edem 420 inscripcions. La inscripci\u00f3 \u00e9s oberta, sempre i quan a l\u2019activitat que vulguin encara quedin places.<\/p>\n<p><strong>Quins eren els objectius principals?<\/strong><\/p>\n<p>Els objectius generals d\u2019aquest programa s\u00f3n potenciar l\u2019educaci\u00f3 en valors i el comprom\u00eds c\u00edvic, espec\u00edficament en un moment com l\u2019estiu en qu\u00e8 els joves estan m\u00e9s desvinculats del m\u00f3n formatiu. Potenciem l\u2019educaci\u00f3 en el lleure, oferint espais de socialitzaci\u00f3 juvenil i facilitant la participaci\u00f3 dels joves en activitats municipals. Tamb\u00e9 creem itineraris educatius personalitzats. I totes les activitats d\u2019estiu s\u00f3n d\u2019acc\u00e9s gratu\u00eft.<\/p>\n<blockquote><p>Potenciem l\u2019educaci\u00f3 en el lleure, oferint espais de socialitzaci\u00f3 juvenil<\/p><\/blockquote>\n<p><strong>Quins s\u00f3n els punts forts del programa?<\/strong><\/p>\n<p>Aquest programa ha suposat la creaci\u00f3 d\u2019una proposta espec\u00edfica de programaci\u00f3 juvenil per realitzar activitats enriquidores durant l\u2019estiu, pensades segons els interessos dels joves i, per tant, que els motivessin. En ser una nova proposta, dissenyada espec\u00edficament per als joves de la ciutat, l\u2019Ajuntament ha donat molta import\u00e0ncia a la disponibilitat de pressupost per dur a terme les activitats, i la seva qualitat, tant pels professionals que imparteixen els tallers com per les instal\u00b7lacions.<\/p>\n<p><strong>S\u2019ha centralitzat tota la informaci\u00f3 i se li ha donat una coher\u00e8ncia.<\/strong><\/p>\n<p>S\u2019ha creat una p\u00e0gina web on es centralitza tota la informaci\u00f3, que, a m\u00e9s, est\u00e0 vinculada a la web de Joventut, perqu\u00e8 aix\u00ed els participants de les activitats d\u2019estiu tamb\u00e9 entren en contacte amb el seu equipament de refer\u00e8ncia, el Centre de Recursos per a Joves Can Xic. A m\u00e9s, al programa se li ha donat coher\u00e8ncia gr\u00e0fica amb elements molt distintius del projecte, com un codi QR on es pot trobar tota la informaci\u00f3 de totes les activitats i que els alumnes d\u2019ESO enganxaven per la ciutat. Aquest alumnat tamb\u00e9 va fer un passa classes per tal que la informaci\u00f3 arrib\u00e9s a tothom. I com a cloenda de cada setmana d\u2019activitats es fa una festa tem\u00e0tica.<\/p>\n<figure id=\"attachment_4296\" aria-describedby=\"caption-attachment-4296\" style=\"width: 1024px\" class=\"wp-caption alignnone\"><img fetchpriority=\"high\" decoding=\"async\" class=\"wp-image-4296 size-large\" src=\"https:\/\/diarieducacio.cat\/educaciolocal\/wp-content\/uploads\/sites\/61\/2024\/06\/Estiu-Viladecans-2-1024x768.jpg\" alt=\"\" width=\"1024\" height=\"768\" \/><figcaption id=\"caption-attachment-4296\" class=\"wp-caption-text\">Taller de costura creativa al F&#8217; Estiu Jove | Cedida<\/figcaption><\/figure>\n<p><strong>Els joves s\u00f3n molt protagonistes en aquest programa.<\/strong><\/p>\n<p>Cada any, per recollir els interessos dels adolescents i joves del municipi, fem una enquesta per tal de recollir les seves propostes, que hem vehiculat amb l\u2019alumnat dels nostres centres educatius de secund\u00e0ria del municipi. Aquest any hem recollit 600 respostes, que han servit per dissenyar les diferents activitats i tallers.<\/p>\n<blockquote><p>Hem recollit 600 sugger\u00e8ncies dels joves del municipi<\/p><\/blockquote>\n<p><strong>Com es va traduir l&#8217;atenci\u00f3 a la diversitat funcional\u00a0i la inclusi\u00f3?<\/strong><\/p>\n<p>Des de l\u2019inici d\u2019aquest programa, s\u2019han tingut com a eixos claus de treball tot el tema de l\u2019equitat, com a eix clau de treball que es treballa a nivell del municipi des de fa alguns anys, i, per tant, tamb\u00e9 cal tenir en compte la inclusi\u00f3 de totes les diversitats en la proposta d\u2019activitats.<\/p>\n<p>A m\u00e9s de tenir en compte que les activitats es poguessin adaptar a les diferents capacitats, en totes les edicions, tamb\u00e9 s\u2019ha creat una activitat espec\u00edfica per joves amb diversitat funcional, per tal d\u2019incloure\u2019ls en la proposta i apropar-los al Centre de Recursos per a Joves de Can Xic.<\/p>\n<p><strong>Els diferents departaments de l\u2019ajuntament han treballat conjuntament, amb un treball transversal, en el disseny d\u2019activitats.\u00a0 Com s&#8217;ha\u00a0portat a terme aquesta iniciativa?<\/strong><\/p>\n<p>Un dels punts forts de la nostra proposta \u00e9s que l\u2019equip que liderem aquest programa \u00e9s mixt entre diferents departaments (Joventut, Esports, Conviv\u00e8ncia i Civisme i Educaci\u00f3). Aix\u00f2 ha suposat que realment podem parlar d&#8217;un treball transversal real, ric per la diversitat de mirades i que ha perm\u00e8s m\u00e9s flexibilitat i adaptaci\u00f3 al p\u00fablic adolescent i jove, a la vegada que\u00a0 treballar sota un marc de compet\u00e8ncies com\u00fa per establir la base educativa de totes les activitats programades. Tamb\u00e9, a nivell d\u2019organitzaci\u00f3 municipal, \u00e9s clau el lideratge de la proposta a nivell d\u2019\u00e0mbit per tal que la proposta fos coneguda per tots els agents que treballem amb aquest p\u00fablic, i per totes les fam\u00edlies.<\/p>\n<p><strong>Quines activitats oferiu aquest estiu?<\/strong><\/p>\n<p>Per l\u2019edici\u00f3 d\u2019aquest any 2024 hem programat un total de 52 activitats, dividides segons tem\u00e0tiques. En l\u2019\u00e0mbit de les arts, tenim: Afrofusion, Creaci\u00f3 de joies, Taller d\u2019escriptura creativa, Taller d\u2019il\u00b7lustraci\u00f3 inclusiva, Reggaeton, Taller d\u2019autoretrat, C\u00f2mic, anime, novel\u00b7la gr\u00e0fica i il\u00b7lustraci\u00f3, Tastet musical en grup, Twerk i Taller de henna. En l\u2019\u00e0mbit de la ci\u00e8ncia, les activitats Planetari: com orientar-nos amb els estels i sense m\u00f2bil! i Podem viure a Mart? El sistema solar a trav\u00e9s de les missions espacials.<\/p>\n<p>En l\u2019\u00e0mbit d\u2019esports, hi ha tornejos de ping-pong, futbol 7, b\u00e0squet, voleibol, b\u00e0dminton, taller de defensa personal i taller de fitness saludable. En Formaci\u00f3 i treball oferim tallers sobre orientaci\u00f3 acad\u00e8mica i mobilitat internacional. En h\u00e0bits saludables, tenim tallers de pizzes, cookies i batuts. En l\u2019\u00e0mbit de medi ambient, hi ha tallers d\u2019elaboraci\u00f3 de cosm\u00e8tics naturals, de costura creativa i de samarretes tie dye. I en l\u2019\u00e0mbit de tecnologia, tallers de rob\u00f2tica, edici\u00f3 d\u2019imatge i so, i fabricaci\u00f3 digital.<\/p>\n<p>Per \u00faltim, en un pla m\u00e9s l\u00fadic i festiu, es far\u00e0 un bingo musical + vermut, el torneig diana i futbol\u00ed, la Festa jove, el Viladecans Express, el torneig de videojocs, la Tarda de jocs i el Festa jove fluor.<\/p>\n","protected":false},"excerpt":{"rendered":"<p>Quin va ser el primer any que vau organitzar el F&#8217;estiu Jove? El 2021 vam fer una primera prova pilot d\u2019activitats per joves espec\u00edfiques a l\u2019estiu, per\u00f2 el programa tal com el tenim dissenyat ara va comen\u00e7ar l\u2019estiu del 2022. Quina valoraci\u00f3 en feu? La valoraci\u00f3 del programa del F\u2019Estiu Jove \u00e9s for\u00e7a positiva i<\/p>\n","protected":false},"author":1128,"featured_media":4459,"comment_status":"open","ping_status":"closed","sticky":false,"template":"","format":"standard","meta":{"footnotes":""},"categories":[251,460,195],"tags":[181,111],"tipo":[],"class_list":{"0":"post-4475","1":"post","2":"type-post","3":"status-publish","4":"format-standard","5":"has-post-thumbnail","7":"category-equitat","8":"category-estiu-enriquit","9":"category-lleure","10":"tag-educacio-en-el-lleure","11":"tag-entorn-local"},"yoast_head":"<!-- This site is optimized with the Yoast SEO plugin v27.5 - https:\/\/yoast.com\/product\/yoast-seo-wordpress\/ -->\n<title>Ruth Cebador: \u201cLes activitats d\u2019estiu promouen l\u2019educaci\u00f3 en valors\u201d - El blog de l&#039;educaci\u00f3 local<\/title>\n<meta name=\"robots\" content=\"index, follow, max-snippet:-1, max-image-preview:large, max-video-preview:-1\" \/>\n<link rel=\"canonical\" href=\"https:\/\/diarieducacio.cat\/educaciolocal\/2024\/06\/27\/ruth-cebador-les-activitats-destiu-promouen-leducacio-en-valors\/\" \/>\n<meta property=\"og:locale\" content=\"ca_ES\" \/>\n<meta property=\"og:type\" content=\"article\" \/>\n<meta property=\"og:title\" content=\"Ruth Cebador: \u201cLes activitats d\u2019estiu promouen l\u2019educaci\u00f3 en valors\u201d - El blog de l&#039;educaci\u00f3 local\" \/>\n<meta property=\"og:description\" content=\"Quin va ser el primer any que vau organitzar el F&#8217;estiu Jove? El 2021 vam fer una primera prova pilot d\u2019activitats per joves espec\u00edfiques a l\u2019estiu, per\u00f2 el programa tal com el tenim dissenyat ara va comen\u00e7ar l\u2019estiu del 2022. Quina valoraci\u00f3 en feu? La valoraci\u00f3 del programa del F\u2019Estiu Jove \u00e9s for\u00e7a positiva i\" \/>\n<meta property=\"og:url\" content=\"https:\/\/diarieducacio.cat\/educaciolocal\/2024\/06\/27\/ruth-cebador-les-activitats-destiu-promouen-leducacio-en-valors\/\" \/>\n<meta property=\"og:site_name\" content=\"El blog de l&#039;educaci\u00f3 local\" \/>\n<meta property=\"article:publisher\" content=\"https:\/\/www.facebook.com\/diarieducacio\/\" \/>\n<meta property=\"article:published_time\" content=\"2024-06-27T06:54:52+00:00\" \/>\n<meta property=\"og:image\" content=\"https:\/\/diarieducacio.cat\/educaciolocal\/wp-content\/uploads\/sites\/18\/2024\/06\/Ruth-Cebador-Viladecans-Cedida-Poc-pes-scaled-1.jpg\" \/>\n\t<meta property=\"og:image:width\" content=\"2560\" \/>\n\t<meta property=\"og:image:height\" content=\"1707\" \/>\n\t<meta property=\"og:image:type\" content=\"image\/jpeg\" \/>\n<meta name=\"author\" content=\"Carmen Gir\u00f3\" \/>\n<meta name=\"twitter:card\" content=\"summary_large_image\" \/>\n<meta name=\"twitter:creator\" content=\"@DiariEducacio\" \/>\n<meta name=\"twitter:site\" content=\"@DiariEducacio\" \/>\n<meta name=\"twitter:label1\" content=\"Escrit per\" \/>\n\t<meta name=\"twitter:data1\" content=\"Carmen Gir\u00f3\" \/>\n\t<meta name=\"twitter:label2\" content=\"Temps estimat de lectura\" \/>\n\t<meta name=\"twitter:data2\" content=\"6 minuts\" \/>\n<script type=\"application\/ld+json\" class=\"yoast-schema-graph\">{\"@context\":\"https:\\\/\\\/schema.org\",\"@graph\":[{\"@type\":\"Article\",\"@id\":\"https:\\\/\\\/diarieducacio.cat\\\/educaciolocal\\\/2024\\\/06\\\/27\\\/ruth-cebador-les-activitats-destiu-promouen-leducacio-en-valors\\\/#article\",\"isPartOf\":{\"@id\":\"https:\\\/\\\/diarieducacio.cat\\\/educaciolocal\\\/2024\\\/06\\\/27\\\/ruth-cebador-les-activitats-destiu-promouen-leducacio-en-valors\\\/\"},\"author\":{\"name\":\"Carmen Gir\u00f3\",\"@id\":\"https:\\\/\\\/diarieducacio.cat\\\/educaciolocal\\\/#\\\/schema\\\/person\\\/cf91277ba96010a2037459e4d808824a\"},\"headline\":\"Ruth Cebador: \u201cLes activitats d\u2019estiu promouen l\u2019educaci\u00f3 en valors\u201d\",\"datePublished\":\"2024-06-27T06:54:52+00:00\",\"mainEntityOfPage\":{\"@id\":\"https:\\\/\\\/diarieducacio.cat\\\/educaciolocal\\\/2024\\\/06\\\/27\\\/ruth-cebador-les-activitats-destiu-promouen-leducacio-en-valors\\\/\"},\"wordCount\":1198,\"commentCount\":0,\"image\":{\"@id\":\"https:\\\/\\\/diarieducacio.cat\\\/educaciolocal\\\/2024\\\/06\\\/27\\\/ruth-cebador-les-activitats-destiu-promouen-leducacio-en-valors\\\/#primaryimage\"},\"thumbnailUrl\":\"https:\\\/\\\/diarieducacio.cat\\\/educaciolocal\\\/wp-content\\\/uploads\\\/sites\\\/18\\\/2024\\\/06\\\/Ruth-Cebador-Viladecans-Cedida-Poc-pes-scaled-1.jpg\",\"keywords\":[\"educaci\u00f3 en el lleure\",\"Entorn local\"],\"articleSection\":[\"Equitat\",\"Estiu enriquit\",\"Lleure\"],\"inLanguage\":\"ca\",\"potentialAction\":[{\"@type\":\"CommentAction\",\"name\":\"Comment\",\"target\":[\"https:\\\/\\\/diarieducacio.cat\\\/educaciolocal\\\/2024\\\/06\\\/27\\\/ruth-cebador-les-activitats-destiu-promouen-leducacio-en-valors\\\/#respond\"]}]},{\"@type\":\"WebPage\",\"@id\":\"https:\\\/\\\/diarieducacio.cat\\\/educaciolocal\\\/2024\\\/06\\\/27\\\/ruth-cebador-les-activitats-destiu-promouen-leducacio-en-valors\\\/\",\"url\":\"https:\\\/\\\/diarieducacio.cat\\\/educaciolocal\\\/2024\\\/06\\\/27\\\/ruth-cebador-les-activitats-destiu-promouen-leducacio-en-valors\\\/\",\"name\":\"Ruth Cebador: \u201cLes activitats d\u2019estiu promouen l\u2019educaci\u00f3 en valors\u201d - El blog de l'educaci\u00f3 local\",\"isPartOf\":{\"@id\":\"https:\\\/\\\/diarieducacio.cat\\\/educaciolocal\\\/#website\"},\"primaryImageOfPage\":{\"@id\":\"https:\\\/\\\/diarieducacio.cat\\\/educaciolocal\\\/2024\\\/06\\\/27\\\/ruth-cebador-les-activitats-destiu-promouen-leducacio-en-valors\\\/#primaryimage\"},\"image\":{\"@id\":\"https:\\\/\\\/diarieducacio.cat\\\/educaciolocal\\\/2024\\\/06\\\/27\\\/ruth-cebador-les-activitats-destiu-promouen-leducacio-en-valors\\\/#primaryimage\"},\"thumbnailUrl\":\"https:\\\/\\\/diarieducacio.cat\\\/educaciolocal\\\/wp-content\\\/uploads\\\/sites\\\/18\\\/2024\\\/06\\\/Ruth-Cebador-Viladecans-Cedida-Poc-pes-scaled-1.jpg\",\"datePublished\":\"2024-06-27T06:54:52+00:00\",\"author\":{\"@id\":\"https:\\\/\\\/diarieducacio.cat\\\/educaciolocal\\\/#\\\/schema\\\/person\\\/cf91277ba96010a2037459e4d808824a\"},\"breadcrumb\":{\"@id\":\"https:\\\/\\\/diarieducacio.cat\\\/educaciolocal\\\/2024\\\/06\\\/27\\\/ruth-cebador-les-activitats-destiu-promouen-leducacio-en-valors\\\/#breadcrumb\"},\"inLanguage\":\"ca\",\"potentialAction\":[{\"@type\":\"ReadAction\",\"target\":[\"https:\\\/\\\/diarieducacio.cat\\\/educaciolocal\\\/2024\\\/06\\\/27\\\/ruth-cebador-les-activitats-destiu-promouen-leducacio-en-valors\\\/\"]}]},{\"@type\":\"ImageObject\",\"inLanguage\":\"ca\",\"@id\":\"https:\\\/\\\/diarieducacio.cat\\\/educaciolocal\\\/2024\\\/06\\\/27\\\/ruth-cebador-les-activitats-destiu-promouen-leducacio-en-valors\\\/#primaryimage\",\"url\":\"https:\\\/\\\/diarieducacio.cat\\\/educaciolocal\\\/wp-content\\\/uploads\\\/sites\\\/18\\\/2024\\\/06\\\/Ruth-Cebador-Viladecans-Cedida-Poc-pes-scaled-1.jpg\",\"contentUrl\":\"https:\\\/\\\/diarieducacio.cat\\\/educaciolocal\\\/wp-content\\\/uploads\\\/sites\\\/18\\\/2024\\\/06\\\/Ruth-Cebador-Viladecans-Cedida-Poc-pes-scaled-1.jpg\",\"width\":2560,\"height\":1707,\"caption\":\"Ruth Cebador | Cedida\"},{\"@type\":\"BreadcrumbList\",\"@id\":\"https:\\\/\\\/diarieducacio.cat\\\/educaciolocal\\\/2024\\\/06\\\/27\\\/ruth-cebador-les-activitats-destiu-promouen-leducacio-en-valors\\\/#breadcrumb\",\"itemListElement\":[{\"@type\":\"ListItem\",\"position\":1,\"name\":\"Inici\",\"item\":\"https:\\\/\\\/diarieducacio.cat\\\/educaciolocal\\\/\"},{\"@type\":\"ListItem\",\"position\":2,\"name\":\"Ruth Cebador: \u201cLes activitats d\u2019estiu promouen l\u2019educaci\u00f3 en valors\u201d\"}]},{\"@type\":\"WebSite\",\"@id\":\"https:\\\/\\\/diarieducacio.cat\\\/educaciolocal\\\/#website\",\"url\":\"https:\\\/\\\/diarieducacio.cat\\\/educaciolocal\\\/\",\"name\":\"El blog de l'educaci\u00f3 local\",\"description\":\"\",\"potentialAction\":[{\"@type\":\"SearchAction\",\"target\":{\"@type\":\"EntryPoint\",\"urlTemplate\":\"https:\\\/\\\/diarieducacio.cat\\\/educaciolocal\\\/?s={search_term_string}\"},\"query-input\":{\"@type\":\"PropertyValueSpecification\",\"valueRequired\":true,\"valueName\":\"search_term_string\"}}],\"inLanguage\":\"ca\"},{\"@type\":\"Person\",\"@id\":\"https:\\\/\\\/diarieducacio.cat\\\/educaciolocal\\\/#\\\/schema\\\/person\\\/cf91277ba96010a2037459e4d808824a\",\"name\":\"Carmen Gir\u00f3\",\"image\":{\"@type\":\"ImageObject\",\"inLanguage\":\"ca\",\"@id\":\"https:\\\/\\\/diarieducacio.cat\\\/educaciolocal\\\/wp-content\\\/uploads\\\/sites\\\/18\\\/2024\\\/11\\\/carmen-giro_avatar_1-96x96.jpg\",\"url\":\"https:\\\/\\\/diarieducacio.cat\\\/educaciolocal\\\/wp-content\\\/uploads\\\/sites\\\/18\\\/2024\\\/11\\\/carmen-giro_avatar_1-96x96.jpg\",\"contentUrl\":\"https:\\\/\\\/diarieducacio.cat\\\/educaciolocal\\\/wp-content\\\/uploads\\\/sites\\\/18\\\/2024\\\/11\\\/carmen-giro_avatar_1-96x96.jpg\",\"caption\":\"Carmen Gir\u00f3\"},\"description\":\"Periodista, escriptora i docent. Autora d'\u201cEl club de los Superman. El d\u00eda a d\u00eda de los ni\u00f1os y ni\u00f1as superdotados\u201d i de \u201cFamilias globales: un hogar, dos culturas\u201d (Ed. UOC).\",\"url\":\"https:\\\/\\\/diarieducacio.cat\\\/educaciolocal\\\/author\\\/carmengiro\\\/\"}]}<\/script>\n<!-- \/ Yoast SEO plugin. -->","yoast_head_json":{"title":"Ruth Cebador: \u201cLes activitats d\u2019estiu promouen l\u2019educaci\u00f3 en valors\u201d - El blog de l'educaci\u00f3 local","robots":{"index":"index","follow":"follow","max-snippet":"max-snippet:-1","max-image-preview":"max-image-preview:large","max-video-preview":"max-video-preview:-1"},"canonical":"https:\/\/diarieducacio.cat\/educaciolocal\/2024\/06\/27\/ruth-cebador-les-activitats-destiu-promouen-leducacio-en-valors\/","og_locale":"ca_ES","og_type":"article","og_title":"Ruth Cebador: \u201cLes activitats d\u2019estiu promouen l\u2019educaci\u00f3 en valors\u201d - El blog de l'educaci\u00f3 local","og_description":"Quin va ser el primer any que vau organitzar el F&#8217;estiu Jove? El 2021 vam fer una primera prova pilot d\u2019activitats per joves espec\u00edfiques a l\u2019estiu, per\u00f2 el programa tal com el tenim dissenyat ara va comen\u00e7ar l\u2019estiu del 2022. Quina valoraci\u00f3 en feu? La valoraci\u00f3 del programa del F\u2019Estiu Jove \u00e9s for\u00e7a positiva i","og_url":"https:\/\/diarieducacio.cat\/educaciolocal\/2024\/06\/27\/ruth-cebador-les-activitats-destiu-promouen-leducacio-en-valors\/","og_site_name":"El blog de l'educaci\u00f3 local","article_publisher":"https:\/\/www.facebook.com\/diarieducacio\/","article_published_time":"2024-06-27T06:54:52+00:00","og_image":[{"width":2560,"height":1707,"url":"https:\/\/diarieducacio.cat\/educaciolocal\/wp-content\/uploads\/sites\/18\/2024\/06\/Ruth-Cebador-Viladecans-Cedida-Poc-pes-scaled-1.jpg","type":"image\/jpeg"}],"author":"Carmen Gir\u00f3","twitter_card":"summary_large_image","twitter_creator":"@DiariEducacio","twitter_site":"@DiariEducacio","twitter_misc":{"Escrit per":"Carmen Gir\u00f3","Temps estimat de lectura":"6 minuts"},"schema":{"@context":"https:\/\/schema.org","@graph":[{"@type":"Article","@id":"https:\/\/diarieducacio.cat\/educaciolocal\/2024\/06\/27\/ruth-cebador-les-activitats-destiu-promouen-leducacio-en-valors\/#article","isPartOf":{"@id":"https:\/\/diarieducacio.cat\/educaciolocal\/2024\/06\/27\/ruth-cebador-les-activitats-destiu-promouen-leducacio-en-valors\/"},"author":{"name":"Carmen Gir\u00f3","@id":"https:\/\/diarieducacio.cat\/educaciolocal\/#\/schema\/person\/cf91277ba96010a2037459e4d808824a"},"headline":"Ruth Cebador: \u201cLes activitats d\u2019estiu promouen l\u2019educaci\u00f3 en valors\u201d","datePublished":"2024-06-27T06:54:52+00:00","mainEntityOfPage":{"@id":"https:\/\/diarieducacio.cat\/educaciolocal\/2024\/06\/27\/ruth-cebador-les-activitats-destiu-promouen-leducacio-en-valors\/"},"wordCount":1198,"commentCount":0,"image":{"@id":"https:\/\/diarieducacio.cat\/educaciolocal\/2024\/06\/27\/ruth-cebador-les-activitats-destiu-promouen-leducacio-en-valors\/#primaryimage"},"thumbnailUrl":"https:\/\/diarieducacio.cat\/educaciolocal\/wp-content\/uploads\/sites\/18\/2024\/06\/Ruth-Cebador-Viladecans-Cedida-Poc-pes-scaled-1.jpg","keywords":["educaci\u00f3 en el lleure","Entorn local"],"articleSection":["Equitat","Estiu enriquit","Lleure"],"inLanguage":"ca","potentialAction":[{"@type":"CommentAction","name":"Comment","target":["https:\/\/diarieducacio.cat\/educaciolocal\/2024\/06\/27\/ruth-cebador-les-activitats-destiu-promouen-leducacio-en-valors\/#respond"]}]},{"@type":"WebPage","@id":"https:\/\/diarieducacio.cat\/educaciolocal\/2024\/06\/27\/ruth-cebador-les-activitats-destiu-promouen-leducacio-en-valors\/","url":"https:\/\/diarieducacio.cat\/educaciolocal\/2024\/06\/27\/ruth-cebador-les-activitats-destiu-promouen-leducacio-en-valors\/","name":"Ruth Cebador: \u201cLes activitats d\u2019estiu promouen l\u2019educaci\u00f3 en valors\u201d - El blog de l'educaci\u00f3 local","isPartOf":{"@id":"https:\/\/diarieducacio.cat\/educaciolocal\/#website"},"primaryImageOfPage":{"@id":"https:\/\/diarieducacio.cat\/educaciolocal\/2024\/06\/27\/ruth-cebador-les-activitats-destiu-promouen-leducacio-en-valors\/#primaryimage"},"image":{"@id":"https:\/\/diarieducacio.cat\/educaciolocal\/2024\/06\/27\/ruth-cebador-les-activitats-destiu-promouen-leducacio-en-valors\/#primaryimage"},"thumbnailUrl":"https:\/\/diarieducacio.cat\/educaciolocal\/wp-content\/uploads\/sites\/18\/2024\/06\/Ruth-Cebador-Viladecans-Cedida-Poc-pes-scaled-1.jpg","datePublished":"2024-06-27T06:54:52+00:00","author":{"@id":"https:\/\/diarieducacio.cat\/educaciolocal\/#\/schema\/person\/cf91277ba96010a2037459e4d808824a"},"breadcrumb":{"@id":"https:\/\/diarieducacio.cat\/educaciolocal\/2024\/06\/27\/ruth-cebador-les-activitats-destiu-promouen-leducacio-en-valors\/#breadcrumb"},"inLanguage":"ca","potentialAction":[{"@type":"ReadAction","target":["https:\/\/diarieducacio.cat\/educaciolocal\/2024\/06\/27\/ruth-cebador-les-activitats-destiu-promouen-leducacio-en-valors\/"]}]},{"@type":"ImageObject","inLanguage":"ca","@id":"https:\/\/diarieducacio.cat\/educaciolocal\/2024\/06\/27\/ruth-cebador-les-activitats-destiu-promouen-leducacio-en-valors\/#primaryimage","url":"https:\/\/diarieducacio.cat\/educaciolocal\/wp-content\/uploads\/sites\/18\/2024\/06\/Ruth-Cebador-Viladecans-Cedida-Poc-pes-scaled-1.jpg","contentUrl":"https:\/\/diarieducacio.cat\/educaciolocal\/wp-content\/uploads\/sites\/18\/2024\/06\/Ruth-Cebador-Viladecans-Cedida-Poc-pes-scaled-1.jpg","width":2560,"height":1707,"caption":"Ruth Cebador | Cedida"},{"@type":"BreadcrumbList","@id":"https:\/\/diarieducacio.cat\/educaciolocal\/2024\/06\/27\/ruth-cebador-les-activitats-destiu-promouen-leducacio-en-valors\/#breadcrumb","itemListElement":[{"@type":"ListItem","position":1,"name":"Inici","item":"https:\/\/diarieducacio.cat\/educaciolocal\/"},{"@type":"ListItem","position":2,"name":"Ruth Cebador: \u201cLes activitats d\u2019estiu promouen l\u2019educaci\u00f3 en valors\u201d"}]},{"@type":"WebSite","@id":"https:\/\/diarieducacio.cat\/educaciolocal\/#website","url":"https:\/\/diarieducacio.cat\/educaciolocal\/","name":"El blog de l'educaci\u00f3 local","description":"","potentialAction":[{"@type":"SearchAction","target":{"@type":"EntryPoint","urlTemplate":"https:\/\/diarieducacio.cat\/educaciolocal\/?s={search_term_string}"},"query-input":{"@type":"PropertyValueSpecification","valueRequired":true,"valueName":"search_term_string"}}],"inLanguage":"ca"},{"@type":"Person","@id":"https:\/\/diarieducacio.cat\/educaciolocal\/#\/schema\/person\/cf91277ba96010a2037459e4d808824a","name":"Carmen Gir\u00f3","image":{"@type":"ImageObject","inLanguage":"ca","@id":"https:\/\/diarieducacio.cat\/educaciolocal\/wp-content\/uploads\/sites\/18\/2024\/11\/carmen-giro_avatar_1-96x96.jpg","url":"https:\/\/diarieducacio.cat\/educaciolocal\/wp-content\/uploads\/sites\/18\/2024\/11\/carmen-giro_avatar_1-96x96.jpg","contentUrl":"https:\/\/diarieducacio.cat\/educaciolocal\/wp-content\/uploads\/sites\/18\/2024\/11\/carmen-giro_avatar_1-96x96.jpg","caption":"Carmen Gir\u00f3"},"description":"Periodista, escriptora i docent. Autora d'\u201cEl club de los Superman. El d\u00eda a d\u00eda de los ni\u00f1os y ni\u00f1as superdotados\u201d i de \u201cFamilias globales: un hogar, dos culturas\u201d (Ed. UOC).","url":"https:\/\/diarieducacio.cat\/educaciolocal\/author\/carmengiro\/"}]}},"_links":{"self":[{"href":"https:\/\/diarieducacio.cat\/educaciolocal\/wp-json\/wp\/v2\/posts\/4475","targetHints":{"allow":["GET"]}}],"collection":[{"href":"https:\/\/diarieducacio.cat\/educaciolocal\/wp-json\/wp\/v2\/posts"}],"about":[{"href":"https:\/\/diarieducacio.cat\/educaciolocal\/wp-json\/wp\/v2\/types\/post"}],"author":[{"embeddable":true,"href":"https:\/\/diarieducacio.cat\/educaciolocal\/wp-json\/wp\/v2\/users\/1128"}],"replies":[{"embeddable":true,"href":"https:\/\/diarieducacio.cat\/educaciolocal\/wp-json\/wp\/v2\/comments?post=4475"}],"version-history":[{"count":0,"href":"https:\/\/diarieducacio.cat\/educaciolocal\/wp-json\/wp\/v2\/posts\/4475\/revisions"}],"wp:featuredmedia":[{"embeddable":true,"href":"https:\/\/diarieducacio.cat\/educaciolocal\/wp-json\/wp\/v2\/media\/4459"}],"wp:attachment":[{"href":"https:\/\/diarieducacio.cat\/educaciolocal\/wp-json\/wp\/v2\/media?parent=4475"}],"wp:term":[{"taxonomy":"category","embeddable":true,"href":"https:\/\/diarieducacio.cat\/educaciolocal\/wp-json\/wp\/v2\/categories?post=4475"},{"taxonomy":"post_tag","embeddable":true,"href":"https:\/\/diarieducacio.cat\/educaciolocal\/wp-json\/wp\/v2\/tags?post=4475"},{"taxonomy":"tipo","embeddable":true,"href":"https:\/\/diarieducacio.cat\/educaciolocal\/wp-json\/wp\/v2\/tipo?post=4475"}],"curies":[{"name":"wp","href":"https:\/\/api.w.org\/{rel}","templated":true}]}}