{"id":4478,"date":"2024-07-18T05:51:46","date_gmt":"2024-07-18T05:51:46","guid":{"rendered":"https:\/\/diarieducacio.cat\/educaciolocal\/?p=4331"},"modified":"2024-07-18T05:51:46","modified_gmt":"2024-07-18T05:51:46","slug":"enriquir-lestiu","status":"publish","type":"post","link":"https:\/\/diarieducacio.cat\/educaciolocal\/2024\/07\/18\/enriquir-lestiu\/","title":{"rendered":"Enriquir l\u2019estiu"},"content":{"rendered":"<p>Les vacances escolars d\u2019estiu s\u00f3n sovint un repte de log\u00edstica per a moltes fam\u00edlies, per moltes diferents situacions. Moltes vegades hi ha problemes de conciliaci\u00f3 ja que els dos progenitors treballen i han d\u2019organitzar el dia a dia dels infants. Tamb\u00e9 moltes vegades el problema no \u00e9s tan de conciliaci\u00f3 organitzativa sin\u00f3 de recursos econ\u00f2mics o de difer\u00e8ncies culturals, que provoquen que molts infants visquin els mesos d\u2019estiu com una etapa mon\u00f2tona i en la qual es produeix una p\u00e8rdua d\u2019h\u00e0bits.<\/p>\n<p>Per tot aix\u00f2, en els \u00faltims anys est\u00e0 creixent exponencialment l\u2019oferta d\u2019estiu que ofereixen els ajuntaments als seus ciutadans m\u00e9s joves. Infants i adolescents poden gaudir del que es proposa com un estiu enriquit, una manera de viure les vacances de l\u2019escola o de l\u2019institut de manera enriquidora, amb activitats l\u00fadiques i educatives per a tothom.<\/p>\n<p>Hi ha molts municipis que han apostat per oferir un programa d\u2019estiu enriquit. Un d\u2019ells \u00e9s Viladecans, que a m\u00e9s ha posat molt d\u2019accent en l\u2019equitat, ja que totes les activitats s\u00f3n gratu\u00eftes per\u00f2 d\u2019alta qualitat. La seva campanya es diu F\u2019 Estiu Jove\u00a0 i ofereix 52 activitats diferents, amb un gran \u00e8xit de p\u00fablic.<\/p>\n<p>Viladecans s\u2019ha centrat en la franja adolescent i jove, d\u2019entre 12 a 18 anys, perqu\u00e8 sovint \u00e9s la gran oblidada en les activitats de lleure. Els diferents tallers que s\u2019ofereixen han estat escollits a partir d\u2019una enquesta on els joves feien suggeriments dels temes que m\u00e9s els interessaven. Segons explica Ruth Cebador, t\u00e8cnica d\u2019Educaci\u00f3 de l\u2019Ajuntament de Viladecans, el programa ha tingut una gran acceptaci\u00f3 per part del p\u00fablic, i la valoraci\u00f3 que en fan des de l\u2019ajuntament \u00e9s molt positiva.<\/p>\n<p>Un dels punts forts del programa ha estat la implicaci\u00f3 dels mateixos joves en el disseny de les activitats i en la difusi\u00f3 de tot el projecte, distribuint codis QR amb la informaci\u00f3 per tota la ciutat, i fent sessions informatives als mateixos centres educatius.<\/p>\n<figure id=\"attachment_4334\" aria-describedby=\"caption-attachment-4334\" style=\"width: 1024px\" class=\"wp-caption alignnone\"><img fetchpriority=\"high\" decoding=\"async\" class=\"wp-image-4334 size-large\" src=\"https:\/\/diarieducacio.cat\/educaciolocal\/wp-content\/uploads\/sites\/61\/2024\/07\/Estiu-Viladecans-6-1024x768.jpg\" alt=\"\" width=\"1024\" height=\"768\" \/><figcaption id=\"caption-attachment-4334\" class=\"wp-caption-text\">Tallers molt variats a l&#8217;estiu | Cedida<\/figcaption><\/figure>\n<p>Des de Sant Just Desvern, tamb\u00e9 s\u2019ofereixen m\u00faltiples activitats. Tot i ser un municipi de poc m\u00e9s de 20.000 habitants, hi ha una \u00e0mplia oferta d\u2019activitats educatives i de lleure durant l\u2019estiu, amb 18 casals i activitats d\u2019estiu diferents. Segons explica Clara Granados, t\u00e8cnica referent d\u2019Educaci\u00f3 de l\u2019Ajuntament de Sant Just Desvern, una de les raons del creixement de l&#8217;oferta \u00e9s la conciliaci\u00f3 laboral i familiar, per\u00f2 tamb\u00e9 una ra\u00f3 m\u00e9s profunda: \u201cHi ha un reconeixement molt m\u00e9s gran de la import\u00e0ncia de l\u2019educaci\u00f3 no formal. El gran impacte que l\u2019educaci\u00f3 fora d\u2019horari lectiu t\u00e9 en el desenvolupament i l\u2019aprenentatge dels infants i adolescents \u00e9s cada cop m\u00e9s evident. Les fam\u00edlies i els poders p\u00fablics s\u00f3n conscients de la intencionalitat educativa de l\u2019educaci\u00f3 no formal, entenent-la com a espai de socialitzaci\u00f3, participaci\u00f3, vinculaci\u00f3 amb el poble, inclusi\u00f3 i establiment de vincles i creaci\u00f3 de xarxes relacionals\u201d.<\/p>\n<p>Des de l\u2019ajuntament de Manlleu, l\u2019objectiu de les activitats d\u2019estiu \u00e9s donar \u201cuna oferta diversa i de qualitat, i assequible de preu perqu\u00e8 pugui ser equitativa\u201d, explica la responsable d\u2019Educaci\u00f3 de l\u2019Ajuntament de Manlleu, N\u00faria Font. L\u2019ajuntament contacta amb totes les entitats per poder fer una oferta coordinada perqu\u00e8 a les fam\u00edlies els arribi m\u00e9s f\u00e0cilment la informaci\u00f3. Despr\u00e9s, com a ajuntament, ofereixen casals tem\u00e0tics, de format m\u00e9s petit, per complementar l\u2019oferta que fan les altres entitats. \u201cIntentem complementar amb la franja d\u2019edat menys atesa, o amb temes i aprenentatges que estan poc coberts\u201d, explica Font. Aquest estiu han tingut 145 inscripcions a aquests casals oferts per l\u2019ajuntament. El total d&#8217;activitats ofertes a Manlleu s\u00f3n 30, de les quals 9 organitzades per l&#8217;Ajuntament, oferint unes 1000 places al municipi. Aquesta oferta d\u2019activitats la fan b\u00e0sicament des de la regidoria d\u2019Educaci\u00f3, coordinant-se amb Esports i Cultura. D\u2019aquesta manera, l\u2019ajuntament actua com a aglutinador d\u2019aquesta programaci\u00f3 d\u2019estiu per garantir que siguin diverses, heterog\u00e8nies i de qualitat, i per potenciar la participaci\u00f3 d\u2019infants i joves.<\/p>\n<h3>Transmissi\u00f3 de valors<\/h3>\n<p>Aix\u00ed doncs, les iniciatives per impulsar activitats d\u2019estiu per oferir activitats educatives i de lleure estan creixent a molts municipis. Per qu\u00e8 s\u00f3n importants aquest tipus d\u2019iniciatives? Xavi Florido, responsable de Programes de Vacances i Extraescolars de Fundesplai, ens explica: \u201cCada cop hi ha m\u00e9s municipis que entomen les activitats de lleure com a part important de les seves pol\u00edtiques educatives i d\u2019inf\u00e0ncia. Aquestes iniciatives s\u00f3n importants per dos aspectes principals: Pel que fa a les fam\u00edlies, la necessitat de tenir un espai de qualitat on poder deixar els infants per tal de conciliar la vida laboral i familiar \u00e9s un aspecte important per les activitats de lleure a l\u2019estiu. Aix\u00ed mateix, que aquestes activitats tinguin un preu ajustat \u00e9s imprescindible per l\u2019economia familiar. Pel que fa als infants, el fet de tenir activitats de qualitat proporciona un espai de gaudi i de transmissi\u00f3 de valors important i molt necessari\u201d.<\/p>\n<p>En efecte, mentre els infants i joves fan un taller de costura creativa, o de dansa urbana, o de b\u00e0squet o rob\u00f2tica, fan molt m\u00e9s que aix\u00f2. Aprenen a conviure, socialitzen amb altres persones, participen en la vida associativa&#8230; \u201cPotenciem l\u2019educaci\u00f3 en valors i el comprom\u00eds c\u00edvic\u201d, resumeix Cebador.<\/p>\n<p>Els municipis organitzen les activitats d\u2019estiu en una tasca de treball conjunt amb totes les diferents entitats i teixit associatiu dels pobles. Molts tenen experi\u00e8ncies pr\u00e8vies, per tot el que organitzen al llarg de l\u2019any com a ciutats educadores. Sovint, a m\u00e9s, els ajuntaments ofereixen programes mixtos entre les diferents regidories, com Joventut, Esports, Cultura i Educaci\u00f3, oferint un treball transversal que enriqueix el conjunt final.<\/p>\n<figure id=\"attachment_4335\" aria-describedby=\"caption-attachment-4335\" style=\"width: 1024px\" class=\"wp-caption alignnone\"><img decoding=\"async\" class=\"wp-image-4335 size-large\" src=\"https:\/\/nostalgic-ishizaka.82-223-1-47.plesk.page\/educaciolocal\/wp-content\/uploads\/sites\/18\/2024\/07\/Festa-Casals-estiu-2-Fundesplai-1024x768.jpeg\" alt=\"\" width=\"1024\" height=\"768\" \/><figcaption id=\"caption-attachment-4335\" class=\"wp-caption-text\">Els casals d&#8217;estiu creixen cada any | Cedida<\/figcaption><\/figure>\n<h3>Inclusi\u00f3 i equitat<\/h3>\n<p>Els municipis ofereixen activitats d\u2019aprenentatge i lleure per tothom, i per aix\u00f2 tamb\u00e9 tenen mecanismes per garantir que realment arribi a tothom, tant des del punt de vista econ\u00f2mic com des de punt de vista de la inclusi\u00f3 i l\u2019equitat cap als infants i joves amb diversitat funcional. Xavi Florido explica: \u201cLa gran majoria d\u2019ajuntaments aposta per reservar places de les activitats de lleure promogudes per ells a inf\u00e0ncia vulnerable i a inf\u00e0ncia amb diversitat funcional. En molts casos, s\u2019aposta per tenir un sistema de beques pels primers i un sistema de monitoratge de suport pels segons amb l\u2019objectiu de treballar la inclusi\u00f3 a les activitats de lleure\u201d.<\/p>\n<p>Clara Granados parla de les desigualtats que pot provocar l\u2019acc\u00e9s a l\u2019educaci\u00f3 no formal i explica com des de l\u2019ajuntament treballen per l\u2019equitat. \u201cA l\u2019Ajuntament de Sant Just Desvern som conscients que l\u2019educaci\u00f3 no formal \u00e9s un recurs valu\u00f3s per a garantir l\u2019equitat social. \u00a0Per a alguns infants l\u2019estiu suposa un \u201ctemps mort educatiu\u201d (desconnexi\u00f3 social, no adquisici\u00f3 de nous d\u2019aprenentatges, etc.), mentre que per a altres infants l\u2019estiu suposa un espai d\u2019experi\u00e8ncies, reptes, viatges, aprenentatges i relacions familiars i intergeneracionals, entre d\u2019altres. Aix\u00ed doncs, treballem per fomentar la participaci\u00f3 i l\u2019acc\u00e9s de tots els infants a l\u2019educaci\u00f3 no formal, independentment de la seva situaci\u00f3 personal, social, econ\u00f2mica o funcional\u201d.<\/p>\n<p>Entre les diferents actuacions que porta a terme l\u2019ajuntament, cedeixen espais a les diferents entitats per desenvolupar les diferents activitats, paguen el servei de vetlladors\/es per a l\u2019alumnat amb Necessitats Espec\u00edfiques de Suport Educatiu (NESE) que participa en els diferents casals i mantenen un contacte constant entre Benestar social i les diferents entitats \u201cper tal de garantir l\u2019acc\u00e9s de tots els infants i adolescents a l\u2019educaci\u00f3 no formal, a m\u00e9s d\u2019oferir beques per a les activitats i casals d\u2019estiu a les fam\u00edlies que ho necessiten\u201d.<\/p>\n<p>Viladecans s\u2019ha centrat en la gratu\u00eftat de totes les activitats i, a m\u00e9s, ha buscat que totes les activitats es poguessin adaptar a les diferents capacitats, i tamb\u00e9 ha creat una activitat espec\u00edfica per joves amb diversitat funcional, per tal d\u2019incloure\u2019ls en la proposta.<\/p>\n<p>A Manlleu, per la seva banda, defensen que les activitats d\u2019estiu siguin \u201cuna oferta integradora i equitativa \u2013 detalla Font-. \u00a0Per aix\u00f2. reservem a tots els casals, siguin els oferts per l\u2019ajuntament o els oferts per entitats privades, una s\u00e8rie de places per a infants becats des de Serveis Socials\u201d. Aquesta ajuda arriba als infants que ja estan amb un seguiment de serveis socials, i hi ha un centenar de places repartides per tota la diferent oferta de casals o activitats. \u201cVolem que tots els casals siguin diversos en composici\u00f3 social, tot i que aix\u00f2 ens porta molta feina de gesti\u00f3\u201d. Aix\u00ed mateix, financen una part de tots els casals, per abaratir els costos per les fam\u00edlies, i alguns dels casals tem\u00e0tics s\u00f3n gratu\u00efts, i paguen les vetlladores per a infants amb necessitats educatives especials.<\/p>\n<p>Tots els ajuntaments fan una valoraci\u00f3 molt bona de les diverses activitats d\u2019estiu. N\u00faria Font, des de Manlleu, fa un bon resum: \u201cEns serveix per a donar oportunitats educatives i no deixar ning\u00fa enrere, els infants i adolescents no es queden a casa durant l\u2019estiu i reben est\u00edmuls que els ajuden a mantenir-se actius, a obrir la curiositat i explorar els seus interessos\u201d.<\/p>\n<p>&nbsp;<\/p>\n","protected":false},"excerpt":{"rendered":"<p>Les vacances escolars d\u2019estiu s\u00f3n sovint un repte de log\u00edstica per a moltes fam\u00edlies, per moltes diferents situacions. Moltes vegades hi ha problemes de conciliaci\u00f3 ja que els dos progenitors treballen i han d\u2019organitzar el dia a dia dels infants. Tamb\u00e9 moltes vegades el problema no \u00e9s tan de conciliaci\u00f3 organitzativa sin\u00f3 de recursos econ\u00f2mics<\/p>\n","protected":false},"author":1128,"featured_media":4479,"comment_status":"open","ping_status":"closed","sticky":false,"template":"","format":"standard","meta":{"footnotes":""},"categories":[112,460],"tags":[181,285],"tipo":[],"class_list":{"0":"post-4478","1":"post","2":"type-post","3":"status-publish","4":"format-standard","5":"has-post-thumbnail","7":"category-ciutat-educadora","8":"category-estiu-enriquit","9":"tag-educacio-en-el-lleure","10":"tag-equitat-educativa"},"yoast_head":"<!-- This site is optimized with the Yoast SEO plugin v27.5 - https:\/\/yoast.com\/product\/yoast-seo-wordpress\/ -->\n<title>Enriquir l\u2019estiu - El blog de l&#039;educaci\u00f3 local<\/title>\n<meta name=\"robots\" content=\"index, follow, max-snippet:-1, max-image-preview:large, max-video-preview:-1\" \/>\n<link rel=\"canonical\" href=\"https:\/\/diarieducacio.cat\/educaciolocal\/2024\/07\/18\/enriquir-lestiu\/\" \/>\n<meta property=\"og:locale\" content=\"ca_ES\" \/>\n<meta property=\"og:type\" content=\"article\" \/>\n<meta property=\"og:title\" content=\"Enriquir l\u2019estiu - El blog de l&#039;educaci\u00f3 local\" \/>\n<meta property=\"og:description\" content=\"Les vacances escolars d\u2019estiu s\u00f3n sovint un repte de log\u00edstica per a moltes fam\u00edlies, per moltes diferents situacions. Moltes vegades hi ha problemes de conciliaci\u00f3 ja que els dos progenitors treballen i han d\u2019organitzar el dia a dia dels infants. Tamb\u00e9 moltes vegades el problema no \u00e9s tan de conciliaci\u00f3 organitzativa sin\u00f3 de recursos econ\u00f2mics\" \/>\n<meta property=\"og:url\" content=\"https:\/\/diarieducacio.cat\/educaciolocal\/2024\/07\/18\/enriquir-lestiu\/\" \/>\n<meta property=\"og:site_name\" content=\"El blog de l&#039;educaci\u00f3 local\" \/>\n<meta property=\"article:publisher\" content=\"https:\/\/www.facebook.com\/diarieducacio\/\" \/>\n<meta property=\"article:published_time\" content=\"2024-07-18T05:51:46+00:00\" \/>\n<meta property=\"og:image\" content=\"https:\/\/diarieducacio.cat\/educaciolocal\/wp-content\/uploads\/sites\/18\/2024\/07\/Estiu-Viladecans-4.jpg\" \/>\n\t<meta property=\"og:image:width\" content=\"1600\" \/>\n\t<meta property=\"og:image:height\" content=\"1200\" \/>\n\t<meta property=\"og:image:type\" content=\"image\/jpeg\" \/>\n<meta name=\"author\" content=\"Carmen Gir\u00f3\" \/>\n<meta name=\"twitter:card\" content=\"summary_large_image\" \/>\n<meta name=\"twitter:creator\" content=\"@DiariEducacio\" \/>\n<meta name=\"twitter:site\" content=\"@DiariEducacio\" \/>\n<meta name=\"twitter:label1\" content=\"Escrit per\" \/>\n\t<meta name=\"twitter:data1\" content=\"Carmen Gir\u00f3\" \/>\n\t<meta name=\"twitter:label2\" content=\"Temps estimat de lectura\" \/>\n\t<meta name=\"twitter:data2\" content=\"8 minuts\" \/>\n<script type=\"application\/ld+json\" class=\"yoast-schema-graph\">{\"@context\":\"https:\\\/\\\/schema.org\",\"@graph\":[{\"@type\":\"Article\",\"@id\":\"https:\\\/\\\/diarieducacio.cat\\\/educaciolocal\\\/2024\\\/07\\\/18\\\/enriquir-lestiu\\\/#article\",\"isPartOf\":{\"@id\":\"https:\\\/\\\/diarieducacio.cat\\\/educaciolocal\\\/2024\\\/07\\\/18\\\/enriquir-lestiu\\\/\"},\"author\":{\"name\":\"Carmen Gir\u00f3\",\"@id\":\"https:\\\/\\\/diarieducacio.cat\\\/educaciolocal\\\/#\\\/schema\\\/person\\\/cf91277ba96010a2037459e4d808824a\"},\"headline\":\"Enriquir l\u2019estiu\",\"datePublished\":\"2024-07-18T05:51:46+00:00\",\"mainEntityOfPage\":{\"@id\":\"https:\\\/\\\/diarieducacio.cat\\\/educaciolocal\\\/2024\\\/07\\\/18\\\/enriquir-lestiu\\\/\"},\"wordCount\":1639,\"commentCount\":0,\"image\":{\"@id\":\"https:\\\/\\\/diarieducacio.cat\\\/educaciolocal\\\/2024\\\/07\\\/18\\\/enriquir-lestiu\\\/#primaryimage\"},\"thumbnailUrl\":\"https:\\\/\\\/diarieducacio.cat\\\/educaciolocal\\\/wp-content\\\/uploads\\\/sites\\\/18\\\/2024\\\/07\\\/Estiu-Viladecans-4.jpg\",\"keywords\":[\"educaci\u00f3 en el lleure\",\"Equitat educativa\"],\"articleSection\":[\"Ciutat Educadora\",\"Estiu enriquit\"],\"inLanguage\":\"ca\",\"potentialAction\":[{\"@type\":\"CommentAction\",\"name\":\"Comment\",\"target\":[\"https:\\\/\\\/diarieducacio.cat\\\/educaciolocal\\\/2024\\\/07\\\/18\\\/enriquir-lestiu\\\/#respond\"]}]},{\"@type\":\"WebPage\",\"@id\":\"https:\\\/\\\/diarieducacio.cat\\\/educaciolocal\\\/2024\\\/07\\\/18\\\/enriquir-lestiu\\\/\",\"url\":\"https:\\\/\\\/diarieducacio.cat\\\/educaciolocal\\\/2024\\\/07\\\/18\\\/enriquir-lestiu\\\/\",\"name\":\"Enriquir l\u2019estiu - El blog de l'educaci\u00f3 local\",\"isPartOf\":{\"@id\":\"https:\\\/\\\/diarieducacio.cat\\\/educaciolocal\\\/#website\"},\"primaryImageOfPage\":{\"@id\":\"https:\\\/\\\/diarieducacio.cat\\\/educaciolocal\\\/2024\\\/07\\\/18\\\/enriquir-lestiu\\\/#primaryimage\"},\"image\":{\"@id\":\"https:\\\/\\\/diarieducacio.cat\\\/educaciolocal\\\/2024\\\/07\\\/18\\\/enriquir-lestiu\\\/#primaryimage\"},\"thumbnailUrl\":\"https:\\\/\\\/diarieducacio.cat\\\/educaciolocal\\\/wp-content\\\/uploads\\\/sites\\\/18\\\/2024\\\/07\\\/Estiu-Viladecans-4.jpg\",\"datePublished\":\"2024-07-18T05:51:46+00:00\",\"author\":{\"@id\":\"https:\\\/\\\/diarieducacio.cat\\\/educaciolocal\\\/#\\\/schema\\\/person\\\/cf91277ba96010a2037459e4d808824a\"},\"breadcrumb\":{\"@id\":\"https:\\\/\\\/diarieducacio.cat\\\/educaciolocal\\\/2024\\\/07\\\/18\\\/enriquir-lestiu\\\/#breadcrumb\"},\"inLanguage\":\"ca\",\"potentialAction\":[{\"@type\":\"ReadAction\",\"target\":[\"https:\\\/\\\/diarieducacio.cat\\\/educaciolocal\\\/2024\\\/07\\\/18\\\/enriquir-lestiu\\\/\"]}]},{\"@type\":\"ImageObject\",\"inLanguage\":\"ca\",\"@id\":\"https:\\\/\\\/diarieducacio.cat\\\/educaciolocal\\\/2024\\\/07\\\/18\\\/enriquir-lestiu\\\/#primaryimage\",\"url\":\"https:\\\/\\\/diarieducacio.cat\\\/educaciolocal\\\/wp-content\\\/uploads\\\/sites\\\/18\\\/2024\\\/07\\\/Estiu-Viladecans-4.jpg\",\"contentUrl\":\"https:\\\/\\\/diarieducacio.cat\\\/educaciolocal\\\/wp-content\\\/uploads\\\/sites\\\/18\\\/2024\\\/07\\\/Estiu-Viladecans-4.jpg\",\"width\":1600,\"height\":1200,\"caption\":\"Les activitats d'estiu enriqueixen el temps de lleure | Cedida\"},{\"@type\":\"BreadcrumbList\",\"@id\":\"https:\\\/\\\/diarieducacio.cat\\\/educaciolocal\\\/2024\\\/07\\\/18\\\/enriquir-lestiu\\\/#breadcrumb\",\"itemListElement\":[{\"@type\":\"ListItem\",\"position\":1,\"name\":\"Inici\",\"item\":\"https:\\\/\\\/diarieducacio.cat\\\/educaciolocal\\\/\"},{\"@type\":\"ListItem\",\"position\":2,\"name\":\"Enriquir l\u2019estiu\"}]},{\"@type\":\"WebSite\",\"@id\":\"https:\\\/\\\/diarieducacio.cat\\\/educaciolocal\\\/#website\",\"url\":\"https:\\\/\\\/diarieducacio.cat\\\/educaciolocal\\\/\",\"name\":\"El blog de l'educaci\u00f3 local\",\"description\":\"\",\"potentialAction\":[{\"@type\":\"SearchAction\",\"target\":{\"@type\":\"EntryPoint\",\"urlTemplate\":\"https:\\\/\\\/diarieducacio.cat\\\/educaciolocal\\\/?s={search_term_string}\"},\"query-input\":{\"@type\":\"PropertyValueSpecification\",\"valueRequired\":true,\"valueName\":\"search_term_string\"}}],\"inLanguage\":\"ca\"},{\"@type\":\"Person\",\"@id\":\"https:\\\/\\\/diarieducacio.cat\\\/educaciolocal\\\/#\\\/schema\\\/person\\\/cf91277ba96010a2037459e4d808824a\",\"name\":\"Carmen Gir\u00f3\",\"image\":{\"@type\":\"ImageObject\",\"inLanguage\":\"ca\",\"@id\":\"https:\\\/\\\/diarieducacio.cat\\\/educaciolocal\\\/wp-content\\\/uploads\\\/sites\\\/18\\\/2024\\\/11\\\/carmen-giro_avatar_1-96x96.jpg\",\"url\":\"https:\\\/\\\/diarieducacio.cat\\\/educaciolocal\\\/wp-content\\\/uploads\\\/sites\\\/18\\\/2024\\\/11\\\/carmen-giro_avatar_1-96x96.jpg\",\"contentUrl\":\"https:\\\/\\\/diarieducacio.cat\\\/educaciolocal\\\/wp-content\\\/uploads\\\/sites\\\/18\\\/2024\\\/11\\\/carmen-giro_avatar_1-96x96.jpg\",\"caption\":\"Carmen Gir\u00f3\"},\"description\":\"Periodista, escriptora i docent. Autora d'\u201cEl club de los Superman. El d\u00eda a d\u00eda de los ni\u00f1os y ni\u00f1as superdotados\u201d i de \u201cFamilias globales: un hogar, dos culturas\u201d (Ed. UOC).\",\"url\":\"https:\\\/\\\/diarieducacio.cat\\\/educaciolocal\\\/author\\\/carmengiro\\\/\"}]}<\/script>\n<!-- \/ Yoast SEO plugin. -->","yoast_head_json":{"title":"Enriquir l\u2019estiu - El blog de l'educaci\u00f3 local","robots":{"index":"index","follow":"follow","max-snippet":"max-snippet:-1","max-image-preview":"max-image-preview:large","max-video-preview":"max-video-preview:-1"},"canonical":"https:\/\/diarieducacio.cat\/educaciolocal\/2024\/07\/18\/enriquir-lestiu\/","og_locale":"ca_ES","og_type":"article","og_title":"Enriquir l\u2019estiu - El blog de l'educaci\u00f3 local","og_description":"Les vacances escolars d\u2019estiu s\u00f3n sovint un repte de log\u00edstica per a moltes fam\u00edlies, per moltes diferents situacions. Moltes vegades hi ha problemes de conciliaci\u00f3 ja que els dos progenitors treballen i han d\u2019organitzar el dia a dia dels infants. Tamb\u00e9 moltes vegades el problema no \u00e9s tan de conciliaci\u00f3 organitzativa sin\u00f3 de recursos econ\u00f2mics","og_url":"https:\/\/diarieducacio.cat\/educaciolocal\/2024\/07\/18\/enriquir-lestiu\/","og_site_name":"El blog de l'educaci\u00f3 local","article_publisher":"https:\/\/www.facebook.com\/diarieducacio\/","article_published_time":"2024-07-18T05:51:46+00:00","og_image":[{"width":1600,"height":1200,"url":"https:\/\/diarieducacio.cat\/educaciolocal\/wp-content\/uploads\/sites\/18\/2024\/07\/Estiu-Viladecans-4.jpg","type":"image\/jpeg"}],"author":"Carmen Gir\u00f3","twitter_card":"summary_large_image","twitter_creator":"@DiariEducacio","twitter_site":"@DiariEducacio","twitter_misc":{"Escrit per":"Carmen Gir\u00f3","Temps estimat de lectura":"8 minuts"},"schema":{"@context":"https:\/\/schema.org","@graph":[{"@type":"Article","@id":"https:\/\/diarieducacio.cat\/educaciolocal\/2024\/07\/18\/enriquir-lestiu\/#article","isPartOf":{"@id":"https:\/\/diarieducacio.cat\/educaciolocal\/2024\/07\/18\/enriquir-lestiu\/"},"author":{"name":"Carmen Gir\u00f3","@id":"https:\/\/diarieducacio.cat\/educaciolocal\/#\/schema\/person\/cf91277ba96010a2037459e4d808824a"},"headline":"Enriquir l\u2019estiu","datePublished":"2024-07-18T05:51:46+00:00","mainEntityOfPage":{"@id":"https:\/\/diarieducacio.cat\/educaciolocal\/2024\/07\/18\/enriquir-lestiu\/"},"wordCount":1639,"commentCount":0,"image":{"@id":"https:\/\/diarieducacio.cat\/educaciolocal\/2024\/07\/18\/enriquir-lestiu\/#primaryimage"},"thumbnailUrl":"https:\/\/diarieducacio.cat\/educaciolocal\/wp-content\/uploads\/sites\/18\/2024\/07\/Estiu-Viladecans-4.jpg","keywords":["educaci\u00f3 en el lleure","Equitat educativa"],"articleSection":["Ciutat Educadora","Estiu enriquit"],"inLanguage":"ca","potentialAction":[{"@type":"CommentAction","name":"Comment","target":["https:\/\/diarieducacio.cat\/educaciolocal\/2024\/07\/18\/enriquir-lestiu\/#respond"]}]},{"@type":"WebPage","@id":"https:\/\/diarieducacio.cat\/educaciolocal\/2024\/07\/18\/enriquir-lestiu\/","url":"https:\/\/diarieducacio.cat\/educaciolocal\/2024\/07\/18\/enriquir-lestiu\/","name":"Enriquir l\u2019estiu - El blog de l'educaci\u00f3 local","isPartOf":{"@id":"https:\/\/diarieducacio.cat\/educaciolocal\/#website"},"primaryImageOfPage":{"@id":"https:\/\/diarieducacio.cat\/educaciolocal\/2024\/07\/18\/enriquir-lestiu\/#primaryimage"},"image":{"@id":"https:\/\/diarieducacio.cat\/educaciolocal\/2024\/07\/18\/enriquir-lestiu\/#primaryimage"},"thumbnailUrl":"https:\/\/diarieducacio.cat\/educaciolocal\/wp-content\/uploads\/sites\/18\/2024\/07\/Estiu-Viladecans-4.jpg","datePublished":"2024-07-18T05:51:46+00:00","author":{"@id":"https:\/\/diarieducacio.cat\/educaciolocal\/#\/schema\/person\/cf91277ba96010a2037459e4d808824a"},"breadcrumb":{"@id":"https:\/\/diarieducacio.cat\/educaciolocal\/2024\/07\/18\/enriquir-lestiu\/#breadcrumb"},"inLanguage":"ca","potentialAction":[{"@type":"ReadAction","target":["https:\/\/diarieducacio.cat\/educaciolocal\/2024\/07\/18\/enriquir-lestiu\/"]}]},{"@type":"ImageObject","inLanguage":"ca","@id":"https:\/\/diarieducacio.cat\/educaciolocal\/2024\/07\/18\/enriquir-lestiu\/#primaryimage","url":"https:\/\/diarieducacio.cat\/educaciolocal\/wp-content\/uploads\/sites\/18\/2024\/07\/Estiu-Viladecans-4.jpg","contentUrl":"https:\/\/diarieducacio.cat\/educaciolocal\/wp-content\/uploads\/sites\/18\/2024\/07\/Estiu-Viladecans-4.jpg","width":1600,"height":1200,"caption":"Les activitats d'estiu enriqueixen el temps de lleure | Cedida"},{"@type":"BreadcrumbList","@id":"https:\/\/diarieducacio.cat\/educaciolocal\/2024\/07\/18\/enriquir-lestiu\/#breadcrumb","itemListElement":[{"@type":"ListItem","position":1,"name":"Inici","item":"https:\/\/diarieducacio.cat\/educaciolocal\/"},{"@type":"ListItem","position":2,"name":"Enriquir l\u2019estiu"}]},{"@type":"WebSite","@id":"https:\/\/diarieducacio.cat\/educaciolocal\/#website","url":"https:\/\/diarieducacio.cat\/educaciolocal\/","name":"El blog de l'educaci\u00f3 local","description":"","potentialAction":[{"@type":"SearchAction","target":{"@type":"EntryPoint","urlTemplate":"https:\/\/diarieducacio.cat\/educaciolocal\/?s={search_term_string}"},"query-input":{"@type":"PropertyValueSpecification","valueRequired":true,"valueName":"search_term_string"}}],"inLanguage":"ca"},{"@type":"Person","@id":"https:\/\/diarieducacio.cat\/educaciolocal\/#\/schema\/person\/cf91277ba96010a2037459e4d808824a","name":"Carmen Gir\u00f3","image":{"@type":"ImageObject","inLanguage":"ca","@id":"https:\/\/diarieducacio.cat\/educaciolocal\/wp-content\/uploads\/sites\/18\/2024\/11\/carmen-giro_avatar_1-96x96.jpg","url":"https:\/\/diarieducacio.cat\/educaciolocal\/wp-content\/uploads\/sites\/18\/2024\/11\/carmen-giro_avatar_1-96x96.jpg","contentUrl":"https:\/\/diarieducacio.cat\/educaciolocal\/wp-content\/uploads\/sites\/18\/2024\/11\/carmen-giro_avatar_1-96x96.jpg","caption":"Carmen Gir\u00f3"},"description":"Periodista, escriptora i docent. Autora d'\u201cEl club de los Superman. El d\u00eda a d\u00eda de los ni\u00f1os y ni\u00f1as superdotados\u201d i de \u201cFamilias globales: un hogar, dos culturas\u201d (Ed. UOC).","url":"https:\/\/diarieducacio.cat\/educaciolocal\/author\/carmengiro\/"}]}},"_links":{"self":[{"href":"https:\/\/diarieducacio.cat\/educaciolocal\/wp-json\/wp\/v2\/posts\/4478","targetHints":{"allow":["GET"]}}],"collection":[{"href":"https:\/\/diarieducacio.cat\/educaciolocal\/wp-json\/wp\/v2\/posts"}],"about":[{"href":"https:\/\/diarieducacio.cat\/educaciolocal\/wp-json\/wp\/v2\/types\/post"}],"author":[{"embeddable":true,"href":"https:\/\/diarieducacio.cat\/educaciolocal\/wp-json\/wp\/v2\/users\/1128"}],"replies":[{"embeddable":true,"href":"https:\/\/diarieducacio.cat\/educaciolocal\/wp-json\/wp\/v2\/comments?post=4478"}],"version-history":[{"count":0,"href":"https:\/\/diarieducacio.cat\/educaciolocal\/wp-json\/wp\/v2\/posts\/4478\/revisions"}],"wp:featuredmedia":[{"embeddable":true,"href":"https:\/\/diarieducacio.cat\/educaciolocal\/wp-json\/wp\/v2\/media\/4479"}],"wp:attachment":[{"href":"https:\/\/diarieducacio.cat\/educaciolocal\/wp-json\/wp\/v2\/media?parent=4478"}],"wp:term":[{"taxonomy":"category","embeddable":true,"href":"https:\/\/diarieducacio.cat\/educaciolocal\/wp-json\/wp\/v2\/categories?post=4478"},{"taxonomy":"post_tag","embeddable":true,"href":"https:\/\/diarieducacio.cat\/educaciolocal\/wp-json\/wp\/v2\/tags?post=4478"},{"taxonomy":"tipo","embeddable":true,"href":"https:\/\/diarieducacio.cat\/educaciolocal\/wp-json\/wp\/v2\/tipo?post=4478"}],"curies":[{"name":"wp","href":"https:\/\/api.w.org\/{rel}","templated":true}]}}