{"id":4597,"date":"2024-11-14T05:00:00","date_gmt":"2024-11-14T04:00:00","guid":{"rendered":"https:\/\/diarieducacio.cat\/educaciolocal\/?p=4597"},"modified":"2024-11-12T13:36:55","modified_gmt":"2024-11-12T12:36:55","slug":"elisenda-busquets-cal-conscienciar-nos-que-fora-de-lescola-tambe-hi-ha-segregacio","status":"publish","type":"post","link":"https:\/\/diarieducacio.cat\/educaciolocal\/2024\/11\/14\/elisenda-busquets-cal-conscienciar-nos-que-fora-de-lescola-tambe-hi-ha-segregacio\/","title":{"rendered":"Elisenda Busquets: \u201cCal conscienciar-nos que fora de l\u2019escola tamb\u00e9 hi ha segregaci\u00f3\u201d"},"content":{"rendered":"\n<p><strong>El document de bases per a l&#8217;elaboraci\u00f3 del\u00a0Pacte Local contra la Segregaci\u00f3 Educativa parteix de la necessitat de lluitar contra la segregaci\u00f3 en espais i temps educatius m\u00e9s enll\u00e0 de l\u2019escola. En qu\u00e8 consisteix aquest document?<\/strong><\/p>\n\n\n\n<p>Vam iniciar aquest treball el curs passat, i l\u2019objectiu final \u00e9s poder elaborar unes bases per combatre la segregaci\u00f3 escolar i educativa, i per crear una societat m\u00e9s inclusiva. Premi\u00e0 de Mar \u00e9s un poble molt divers, en el qual es detecten moltes desigualtats, i calia treballar no tan sols la segregaci\u00f3 escolar sin\u00f3 tamb\u00e9 tota la segregaci\u00f3 educativa, que engloba tots els \u00e0mbits de fora de l\u2019escola, amb noves activitats i noves propostes.<\/p>\n\n\n\n<p>El treball que vam fer l\u2019any passat va ser de diagnosi, per endre\u00e7ar tot el que ja f\u00e8iem en termes de lluita contra la segregaci\u00f3 des de la firma del pacte del 2018. Sempre hem estat treballant aquest tema perqu\u00e8 la realitat social del poble ho exigia. Aquesta diagnosi es va fer a trav\u00e9s d\u2019un equip de treball, amb el suport t\u00e8cnic de la Diputaci\u00f3 de Barcelona, i en aquest grup de treball es van incorporar mestres d\u2019escoles, representants de grups pol\u00edtics, d\u2019entitats socials, familiars, culturals, esportives&#8230; L\u2019objectiu era incorporar no nom\u00e9s persones del sector educatiu sin\u00f3 de tot el municipi. S\u2019ha fet un treball molt transversal.<\/p>\n\n\n\n<p><strong>Sovint es considera la segregaci\u00f3 nom\u00e9s des del punt de vista de la redistribuci\u00f3 dels alumnes en els diferents centres escolars. Per\u00f2 ara ho considereu des d\u2019una perspectiva m\u00e9s global, perqu\u00e8 la segregaci\u00f3 tamb\u00e9 succeeix en altres espais i temps educatius.<\/strong><\/p>\n\n\n\n<p>Crec que nom\u00e9s el fet de canviar el nom, i posar segregaci\u00f3 educativa en lloc d\u2019escolar, ja diu molt. Ho amplia molt m\u00e9s. Intentar que hi hagi una bona distribuci\u00f3 equitativa de l\u2019alumnat a les escoles \u00e9s una bona manera de comen\u00e7ar a treballar, per\u00f2 a la vegada tamb\u00e9 s\u2019ha de veure qu\u00e8 passa despr\u00e9s de l\u2019escola. Cal saber qu\u00e8 est\u00e0 passant en l\u2019\u00e0mbit social per veure si hi ha segregaci\u00f3.<\/p>\n\n\n\n<blockquote class=\"wp-block-quote is-layout-flow wp-block-quote-is-layout-flow\">\n<p>Cal saber qu\u00e8 est\u00e0 passant en l\u2019\u00e0mbit social per veure si hi ha segregaci\u00f3<\/p>\n<\/blockquote>\n\n\n\n<p><strong>\u00c9s molt enriquidor, perqu\u00e8 amplia a tot un context social que abans no es veia.<\/strong><\/p>\n\n\n\n<p>Prendre consci\u00e8ncia que fora de l\u2019escola tamb\u00e9 hi ha segregaci\u00f3, ens far\u00e0 actuar en aquesta l\u00ednia. A les activitats extraescolars, als casals municipals, cal canviar la mirada&#8230; A la taula de planificaci\u00f3 escolar s\u2019intenta fer una distribuci\u00f3 equitativa dels alumnes amb necessitats educatives especials de qualsevol tipus, per\u00f2 despr\u00e9s fora de l\u2019escola aquesta feina no es veu, o es veu poc. I aix\u00f2 \u00e9s el que volem seguir treballant a trav\u00e9s d\u2019aquest grup de treball que s\u2019ha constitu\u00eft.<\/p>\n\n\n\n<p><strong>S\u2019han comen\u00e7at a aplicar algunes accions derivades d\u2019aquest treball previ?<\/strong><\/p>\n\n\n\n<p>Durant aquest curs ja s\u2019estan duent a terme accions derivades d\u2019aquest pacte, que era el que ens demanaven les direccions de les escoles: volien saber quan es veurien els fruits de la feina de recerca que estaven fent. Aquest any hem comen\u00e7at a oferir una subvenci\u00f3 de suport als menjadors escolars, oferint vetlladors de menjador per a nens amb necessitats educatives especials que havien rebut una beca, en aquest cas del Consell Comarcal, per poder-se quedar a menjar a l\u2019escola, per\u00f2 no ho podien fer sense vetllador.<\/p>\n\n\n\n<p>Tamb\u00e9 hi ha un suport psicopedag\u00f2gic gratu\u00eft per a nens i nenes de 3 a 12 anys, amb psicologia i logop\u00e8dia, i suport socioecon\u00f2mic. I servei d\u2019acompanyament a nens i nenes per anar de col\u00f2nies, excursions, a la piscina, i fins i tot tamb\u00e9 un casal d\u2019estiu inclusiu. A m\u00e9s, tamb\u00e9 s\u2019interv\u00e9 molt en la taula de planificaci\u00f3 educativa, per tal de distribuir b\u00e9 els nens i nenes amb necessitats educatives.<\/p>\n\n\n\n<p><strong>Un pacte local \u00e9s la millor manera de garantir que totes les parts implicades es facin corresponsables de l\u2019aplicaci\u00f3? Quina \u00e9s la seva significaci\u00f3 pol\u00edtica?<\/strong><\/p>\n\n\n\n<p>En el document que s\u2019ha elaborat des del treball de l\u2019any passat hi ha representants pol\u00edtics de tots els partits municipals. Tots estan implicats, sempre hi ha hagut acord. Tothom percep la realitat, perqu\u00e8 els fets no es poden negar. A m\u00e9s, fa uns dies es va aprovar en el marc del Consell Escolar Municipal i properament s\u2019aprovar\u00e0 en el ple municipal. Per tant, \u00e9s un pla que no nom\u00e9s t\u00e9 una vessant t\u00e8cnica sin\u00f3 que s\u2019amplia a tot l\u2019espectre pol\u00edtic. I no nom\u00e9s pol\u00edtic, sin\u00f3 que el treball s\u2019ha fet implicant tots els sectors del municipi.<\/p>\n\n\n\n<blockquote class=\"wp-block-quote is-layout-flow wp-block-quote-is-layout-flow\">\n<p>L\u2019ajuntament ha incorporat la inclusi\u00f3 com una prioritat<\/p>\n<\/blockquote>\n\n\n\n<p><strong>Quin paper juga el m\u00f3n local i municipal en la lluita contra la segregaci\u00f3?<\/strong><\/p>\n\n\n\n<p>L\u2019ajuntament \u00e9s el que est\u00e0 m\u00e9s a prop del ciutad\u00e0. A Premi\u00e0, l\u2019ajuntament s\u2019ha implicat des de fa anys en moltes coses que fins i tot no li correspondrien. Est\u00e0 assumint actuacions que li correspondrien a la Generalitat, per\u00f2 com que \u00e9s un poble que t\u00e9 moltes problem\u00e0tiques econ\u00f2miques&nbsp; i socials, l\u2019ajuntament ha incorporat la inclusi\u00f3 com una prioritat. I l\u2019est\u00e0 treballant des de molts \u00e0mbits: cultural, educatiu, i donant suport i recursos econ\u00f2mics en alguns aspectes que normalment no fan els ajuntaments. La Generalitat hauria de dotar de m\u00e9s recursos, per\u00f2 la realitat \u00e9s una altra.<\/p>\n\n\n\n<p><strong>Has estat mestra d\u2019educaci\u00f3 especial durant molts anys, i per tant coneixes de primera m\u00e0 les dificultats que la diversitat d\u2019alumnat provoca a les aules. Com valores la import\u00e0ncia i l\u2019abast de la mesura que heu aprovat des de l\u2019ajuntament?<\/strong><\/p>\n\n\n\n<p>La valoraci\u00f3 que en faig \u00e9s, evidentment, molt positiva. Tinc una estreta relaci\u00f3 amb els mestres, i crec que el fer de mestre d\u2019educaci\u00f3 especial fa uns anys no \u00e9s ni molt menys el mateix que fer-ho ara. El tema de la inclusi\u00f3 est\u00e0 molt b\u00e9, ho valoro molt positivament, per\u00f2 si no s\u2019acompanya de recursos personals i econ\u00f2mics, fa que els mestres hagin d\u2019absorbir una c\u00e0rrega que fa que no puguin atendre els alumnes com ells voldrien. Per aix\u00f2 crec que tot el que serveixi per donar suport, ajudar, aportar recursos, \u00e9s positiu. Cal fer un esfor\u00e7 per realment saber com funciona una aula per dintre. La paraula inclusi\u00f3 \u00e9s molt bonica, per\u00f2 a vegades no es tradueix en unes intencions de donar recursos humans i econ\u00f2mics per fer-la realitat.<\/p>\n\n\n\n<p><\/p>\n","protected":false},"excerpt":{"rendered":"<p>El document de bases per a l&#8217;elaboraci\u00f3 del\u00a0Pacte Local contra la Segregaci\u00f3 Educativa parteix de la necessitat de lluitar contra la segregaci\u00f3 en espais i temps educatius m\u00e9s enll\u00e0 de l\u2019escola. En qu\u00e8 consisteix aquest document? Vam iniciar aquest treball el curs passat, i l\u2019objectiu final \u00e9s poder elaborar unes bases per combatre la segregaci\u00f3<\/p>\n","protected":false},"author":1128,"featured_media":4601,"comment_status":"open","ping_status":"open","sticky":false,"template":"","format":"standard","meta":{"footnotes":""},"categories":[260,1],"tags":[164,118],"tipo":[393],"class_list":{"0":"post-4597","1":"post","2":"type-post","3":"status-publish","4":"format-standard","5":"has-post-thumbnail","7":"category-segregacio","8":"category-sin-categoria","9":"tag-ajuntaments","10":"tag-bones-practiques","11":"tipo-entrevista"},"yoast_head":"<!-- This site is optimized with the Yoast SEO plugin v27.5 - https:\/\/yoast.com\/product\/yoast-seo-wordpress\/ -->\n<title>Elisenda Busquets: \u201cCal conscienciar-nos que fora de l\u2019escola tamb\u00e9 hi ha segregaci\u00f3\u201d - El blog de l&#039;educaci\u00f3 local<\/title>\n<meta name=\"robots\" content=\"index, follow, max-snippet:-1, max-image-preview:large, max-video-preview:-1\" \/>\n<link rel=\"canonical\" href=\"https:\/\/diarieducacio.cat\/educaciolocal\/2024\/11\/14\/elisenda-busquets-cal-conscienciar-nos-que-fora-de-lescola-tambe-hi-ha-segregacio\/\" \/>\n<meta property=\"og:locale\" content=\"ca_ES\" \/>\n<meta property=\"og:type\" content=\"article\" \/>\n<meta property=\"og:title\" content=\"Elisenda Busquets: \u201cCal conscienciar-nos que fora de l\u2019escola tamb\u00e9 hi ha segregaci\u00f3\u201d - El blog de l&#039;educaci\u00f3 local\" \/>\n<meta property=\"og:description\" content=\"El document de bases per a l&#8217;elaboraci\u00f3 del\u00a0Pacte Local contra la Segregaci\u00f3 Educativa parteix de la necessitat de lluitar contra la segregaci\u00f3 en espais i temps educatius m\u00e9s enll\u00e0 de l\u2019escola. En qu\u00e8 consisteix aquest document? Vam iniciar aquest treball el curs passat, i l\u2019objectiu final \u00e9s poder elaborar unes bases per combatre la segregaci\u00f3\" \/>\n<meta property=\"og:url\" content=\"https:\/\/diarieducacio.cat\/educaciolocal\/2024\/11\/14\/elisenda-busquets-cal-conscienciar-nos-que-fora-de-lescola-tambe-hi-ha-segregacio\/\" \/>\n<meta property=\"og:site_name\" content=\"El blog de l&#039;educaci\u00f3 local\" \/>\n<meta property=\"article:publisher\" content=\"https:\/\/www.facebook.com\/diarieducacio\/\" \/>\n<meta property=\"article:published_time\" content=\"2024-11-14T04:00:00+00:00\" \/>\n<meta property=\"og:image\" content=\"https:\/\/diarieducacio.cat\/educaciolocal\/wp-content\/uploads\/sites\/18\/2024\/11\/Elisenda-Busquets-Cedida-Poc-pes-scaled.jpg\" \/>\n\t<meta property=\"og:image:width\" content=\"2560\" \/>\n\t<meta property=\"og:image:height\" content=\"1920\" \/>\n\t<meta property=\"og:image:type\" content=\"image\/jpeg\" \/>\n<meta name=\"author\" content=\"Carmen Gir\u00f3\" \/>\n<meta name=\"twitter:card\" content=\"summary_large_image\" \/>\n<meta name=\"twitter:creator\" content=\"@DiariEducacio\" \/>\n<meta name=\"twitter:site\" content=\"@DiariEducacio\" \/>\n<meta name=\"twitter:label1\" content=\"Escrit per\" \/>\n\t<meta name=\"twitter:data1\" content=\"Carmen Gir\u00f3\" \/>\n\t<meta name=\"twitter:label2\" content=\"Temps estimat de lectura\" \/>\n\t<meta name=\"twitter:data2\" content=\"6 minuts\" \/>\n<script type=\"application\/ld+json\" class=\"yoast-schema-graph\">{\"@context\":\"https:\\\/\\\/schema.org\",\"@graph\":[{\"@type\":\"Article\",\"@id\":\"https:\\\/\\\/diarieducacio.cat\\\/educaciolocal\\\/2024\\\/11\\\/14\\\/elisenda-busquets-cal-conscienciar-nos-que-fora-de-lescola-tambe-hi-ha-segregacio\\\/#article\",\"isPartOf\":{\"@id\":\"https:\\\/\\\/diarieducacio.cat\\\/educaciolocal\\\/2024\\\/11\\\/14\\\/elisenda-busquets-cal-conscienciar-nos-que-fora-de-lescola-tambe-hi-ha-segregacio\\\/\"},\"author\":{\"name\":\"Carmen Gir\u00f3\",\"@id\":\"https:\\\/\\\/diarieducacio.cat\\\/educaciolocal\\\/#\\\/schema\\\/person\\\/cf91277ba96010a2037459e4d808824a\"},\"headline\":\"Elisenda Busquets: \u201cCal conscienciar-nos que fora de l\u2019escola tamb\u00e9 hi ha segregaci\u00f3\u201d\",\"datePublished\":\"2024-11-14T04:00:00+00:00\",\"mainEntityOfPage\":{\"@id\":\"https:\\\/\\\/diarieducacio.cat\\\/educaciolocal\\\/2024\\\/11\\\/14\\\/elisenda-busquets-cal-conscienciar-nos-que-fora-de-lescola-tambe-hi-ha-segregacio\\\/\"},\"wordCount\":1123,\"commentCount\":0,\"image\":{\"@id\":\"https:\\\/\\\/diarieducacio.cat\\\/educaciolocal\\\/2024\\\/11\\\/14\\\/elisenda-busquets-cal-conscienciar-nos-que-fora-de-lescola-tambe-hi-ha-segregacio\\\/#primaryimage\"},\"thumbnailUrl\":\"https:\\\/\\\/diarieducacio.cat\\\/educaciolocal\\\/wp-content\\\/uploads\\\/sites\\\/18\\\/2024\\\/11\\\/Elisenda-Busquets-Cedida-Poc-pes-scaled.jpg\",\"keywords\":[\"Ajuntaments\",\"Bones Pr\u00e0ctiques\"],\"articleSection\":[\"Segregaci\u00f3\",\"Sin categor\u00eda\"],\"inLanguage\":\"ca\",\"potentialAction\":[{\"@type\":\"CommentAction\",\"name\":\"Comment\",\"target\":[\"https:\\\/\\\/diarieducacio.cat\\\/educaciolocal\\\/2024\\\/11\\\/14\\\/elisenda-busquets-cal-conscienciar-nos-que-fora-de-lescola-tambe-hi-ha-segregacio\\\/#respond\"]}]},{\"@type\":\"WebPage\",\"@id\":\"https:\\\/\\\/diarieducacio.cat\\\/educaciolocal\\\/2024\\\/11\\\/14\\\/elisenda-busquets-cal-conscienciar-nos-que-fora-de-lescola-tambe-hi-ha-segregacio\\\/\",\"url\":\"https:\\\/\\\/diarieducacio.cat\\\/educaciolocal\\\/2024\\\/11\\\/14\\\/elisenda-busquets-cal-conscienciar-nos-que-fora-de-lescola-tambe-hi-ha-segregacio\\\/\",\"name\":\"Elisenda Busquets: \u201cCal conscienciar-nos que fora de l\u2019escola tamb\u00e9 hi ha segregaci\u00f3\u201d - El blog de l'educaci\u00f3 local\",\"isPartOf\":{\"@id\":\"https:\\\/\\\/diarieducacio.cat\\\/educaciolocal\\\/#website\"},\"primaryImageOfPage\":{\"@id\":\"https:\\\/\\\/diarieducacio.cat\\\/educaciolocal\\\/2024\\\/11\\\/14\\\/elisenda-busquets-cal-conscienciar-nos-que-fora-de-lescola-tambe-hi-ha-segregacio\\\/#primaryimage\"},\"image\":{\"@id\":\"https:\\\/\\\/diarieducacio.cat\\\/educaciolocal\\\/2024\\\/11\\\/14\\\/elisenda-busquets-cal-conscienciar-nos-que-fora-de-lescola-tambe-hi-ha-segregacio\\\/#primaryimage\"},\"thumbnailUrl\":\"https:\\\/\\\/diarieducacio.cat\\\/educaciolocal\\\/wp-content\\\/uploads\\\/sites\\\/18\\\/2024\\\/11\\\/Elisenda-Busquets-Cedida-Poc-pes-scaled.jpg\",\"datePublished\":\"2024-11-14T04:00:00+00:00\",\"author\":{\"@id\":\"https:\\\/\\\/diarieducacio.cat\\\/educaciolocal\\\/#\\\/schema\\\/person\\\/cf91277ba96010a2037459e4d808824a\"},\"breadcrumb\":{\"@id\":\"https:\\\/\\\/diarieducacio.cat\\\/educaciolocal\\\/2024\\\/11\\\/14\\\/elisenda-busquets-cal-conscienciar-nos-que-fora-de-lescola-tambe-hi-ha-segregacio\\\/#breadcrumb\"},\"inLanguage\":\"ca\",\"potentialAction\":[{\"@type\":\"ReadAction\",\"target\":[\"https:\\\/\\\/diarieducacio.cat\\\/educaciolocal\\\/2024\\\/11\\\/14\\\/elisenda-busquets-cal-conscienciar-nos-que-fora-de-lescola-tambe-hi-ha-segregacio\\\/\"]}]},{\"@type\":\"ImageObject\",\"inLanguage\":\"ca\",\"@id\":\"https:\\\/\\\/diarieducacio.cat\\\/educaciolocal\\\/2024\\\/11\\\/14\\\/elisenda-busquets-cal-conscienciar-nos-que-fora-de-lescola-tambe-hi-ha-segregacio\\\/#primaryimage\",\"url\":\"https:\\\/\\\/diarieducacio.cat\\\/educaciolocal\\\/wp-content\\\/uploads\\\/sites\\\/18\\\/2024\\\/11\\\/Elisenda-Busquets-Cedida-Poc-pes-scaled.jpg\",\"contentUrl\":\"https:\\\/\\\/diarieducacio.cat\\\/educaciolocal\\\/wp-content\\\/uploads\\\/sites\\\/18\\\/2024\\\/11\\\/Elisenda-Busquets-Cedida-Poc-pes-scaled.jpg\",\"width\":2560,\"height\":1920,\"caption\":\"Elisenda Busquets | Cedida\"},{\"@type\":\"BreadcrumbList\",\"@id\":\"https:\\\/\\\/diarieducacio.cat\\\/educaciolocal\\\/2024\\\/11\\\/14\\\/elisenda-busquets-cal-conscienciar-nos-que-fora-de-lescola-tambe-hi-ha-segregacio\\\/#breadcrumb\",\"itemListElement\":[{\"@type\":\"ListItem\",\"position\":1,\"name\":\"Inici\",\"item\":\"https:\\\/\\\/diarieducacio.cat\\\/educaciolocal\\\/\"},{\"@type\":\"ListItem\",\"position\":2,\"name\":\"Elisenda Busquets: \u201cCal conscienciar-nos que fora de l\u2019escola tamb\u00e9 hi ha segregaci\u00f3\u201d\"}]},{\"@type\":\"WebSite\",\"@id\":\"https:\\\/\\\/diarieducacio.cat\\\/educaciolocal\\\/#website\",\"url\":\"https:\\\/\\\/diarieducacio.cat\\\/educaciolocal\\\/\",\"name\":\"El blog de l'educaci\u00f3 local\",\"description\":\"\",\"potentialAction\":[{\"@type\":\"SearchAction\",\"target\":{\"@type\":\"EntryPoint\",\"urlTemplate\":\"https:\\\/\\\/diarieducacio.cat\\\/educaciolocal\\\/?s={search_term_string}\"},\"query-input\":{\"@type\":\"PropertyValueSpecification\",\"valueRequired\":true,\"valueName\":\"search_term_string\"}}],\"inLanguage\":\"ca\"},{\"@type\":\"Person\",\"@id\":\"https:\\\/\\\/diarieducacio.cat\\\/educaciolocal\\\/#\\\/schema\\\/person\\\/cf91277ba96010a2037459e4d808824a\",\"name\":\"Carmen Gir\u00f3\",\"image\":{\"@type\":\"ImageObject\",\"inLanguage\":\"ca\",\"@id\":\"https:\\\/\\\/diarieducacio.cat\\\/educaciolocal\\\/wp-content\\\/uploads\\\/sites\\\/18\\\/2024\\\/11\\\/carmen-giro_avatar_1-96x96.jpg\",\"url\":\"https:\\\/\\\/diarieducacio.cat\\\/educaciolocal\\\/wp-content\\\/uploads\\\/sites\\\/18\\\/2024\\\/11\\\/carmen-giro_avatar_1-96x96.jpg\",\"contentUrl\":\"https:\\\/\\\/diarieducacio.cat\\\/educaciolocal\\\/wp-content\\\/uploads\\\/sites\\\/18\\\/2024\\\/11\\\/carmen-giro_avatar_1-96x96.jpg\",\"caption\":\"Carmen Gir\u00f3\"},\"description\":\"Periodista, escriptora i docent. Autora d'\u201cEl club de los Superman. El d\u00eda a d\u00eda de los ni\u00f1os y ni\u00f1as superdotados\u201d i de \u201cFamilias globales: un hogar, dos culturas\u201d (Ed. UOC).\",\"url\":\"https:\\\/\\\/diarieducacio.cat\\\/educaciolocal\\\/author\\\/carmengiro\\\/\"}]}<\/script>\n<!-- \/ Yoast SEO plugin. -->","yoast_head_json":{"title":"Elisenda Busquets: \u201cCal conscienciar-nos que fora de l\u2019escola tamb\u00e9 hi ha segregaci\u00f3\u201d - El blog de l'educaci\u00f3 local","robots":{"index":"index","follow":"follow","max-snippet":"max-snippet:-1","max-image-preview":"max-image-preview:large","max-video-preview":"max-video-preview:-1"},"canonical":"https:\/\/diarieducacio.cat\/educaciolocal\/2024\/11\/14\/elisenda-busquets-cal-conscienciar-nos-que-fora-de-lescola-tambe-hi-ha-segregacio\/","og_locale":"ca_ES","og_type":"article","og_title":"Elisenda Busquets: \u201cCal conscienciar-nos que fora de l\u2019escola tamb\u00e9 hi ha segregaci\u00f3\u201d - El blog de l'educaci\u00f3 local","og_description":"El document de bases per a l&#8217;elaboraci\u00f3 del\u00a0Pacte Local contra la Segregaci\u00f3 Educativa parteix de la necessitat de lluitar contra la segregaci\u00f3 en espais i temps educatius m\u00e9s enll\u00e0 de l\u2019escola. En qu\u00e8 consisteix aquest document? Vam iniciar aquest treball el curs passat, i l\u2019objectiu final \u00e9s poder elaborar unes bases per combatre la segregaci\u00f3","og_url":"https:\/\/diarieducacio.cat\/educaciolocal\/2024\/11\/14\/elisenda-busquets-cal-conscienciar-nos-que-fora-de-lescola-tambe-hi-ha-segregacio\/","og_site_name":"El blog de l'educaci\u00f3 local","article_publisher":"https:\/\/www.facebook.com\/diarieducacio\/","article_published_time":"2024-11-14T04:00:00+00:00","og_image":[{"width":2560,"height":1920,"url":"https:\/\/diarieducacio.cat\/educaciolocal\/wp-content\/uploads\/sites\/18\/2024\/11\/Elisenda-Busquets-Cedida-Poc-pes-scaled.jpg","type":"image\/jpeg"}],"author":"Carmen Gir\u00f3","twitter_card":"summary_large_image","twitter_creator":"@DiariEducacio","twitter_site":"@DiariEducacio","twitter_misc":{"Escrit per":"Carmen Gir\u00f3","Temps estimat de lectura":"6 minuts"},"schema":{"@context":"https:\/\/schema.org","@graph":[{"@type":"Article","@id":"https:\/\/diarieducacio.cat\/educaciolocal\/2024\/11\/14\/elisenda-busquets-cal-conscienciar-nos-que-fora-de-lescola-tambe-hi-ha-segregacio\/#article","isPartOf":{"@id":"https:\/\/diarieducacio.cat\/educaciolocal\/2024\/11\/14\/elisenda-busquets-cal-conscienciar-nos-que-fora-de-lescola-tambe-hi-ha-segregacio\/"},"author":{"name":"Carmen Gir\u00f3","@id":"https:\/\/diarieducacio.cat\/educaciolocal\/#\/schema\/person\/cf91277ba96010a2037459e4d808824a"},"headline":"Elisenda Busquets: \u201cCal conscienciar-nos que fora de l\u2019escola tamb\u00e9 hi ha segregaci\u00f3\u201d","datePublished":"2024-11-14T04:00:00+00:00","mainEntityOfPage":{"@id":"https:\/\/diarieducacio.cat\/educaciolocal\/2024\/11\/14\/elisenda-busquets-cal-conscienciar-nos-que-fora-de-lescola-tambe-hi-ha-segregacio\/"},"wordCount":1123,"commentCount":0,"image":{"@id":"https:\/\/diarieducacio.cat\/educaciolocal\/2024\/11\/14\/elisenda-busquets-cal-conscienciar-nos-que-fora-de-lescola-tambe-hi-ha-segregacio\/#primaryimage"},"thumbnailUrl":"https:\/\/diarieducacio.cat\/educaciolocal\/wp-content\/uploads\/sites\/18\/2024\/11\/Elisenda-Busquets-Cedida-Poc-pes-scaled.jpg","keywords":["Ajuntaments","Bones Pr\u00e0ctiques"],"articleSection":["Segregaci\u00f3","Sin categor\u00eda"],"inLanguage":"ca","potentialAction":[{"@type":"CommentAction","name":"Comment","target":["https:\/\/diarieducacio.cat\/educaciolocal\/2024\/11\/14\/elisenda-busquets-cal-conscienciar-nos-que-fora-de-lescola-tambe-hi-ha-segregacio\/#respond"]}]},{"@type":"WebPage","@id":"https:\/\/diarieducacio.cat\/educaciolocal\/2024\/11\/14\/elisenda-busquets-cal-conscienciar-nos-que-fora-de-lescola-tambe-hi-ha-segregacio\/","url":"https:\/\/diarieducacio.cat\/educaciolocal\/2024\/11\/14\/elisenda-busquets-cal-conscienciar-nos-que-fora-de-lescola-tambe-hi-ha-segregacio\/","name":"Elisenda Busquets: \u201cCal conscienciar-nos que fora de l\u2019escola tamb\u00e9 hi ha segregaci\u00f3\u201d - El blog de l'educaci\u00f3 local","isPartOf":{"@id":"https:\/\/diarieducacio.cat\/educaciolocal\/#website"},"primaryImageOfPage":{"@id":"https:\/\/diarieducacio.cat\/educaciolocal\/2024\/11\/14\/elisenda-busquets-cal-conscienciar-nos-que-fora-de-lescola-tambe-hi-ha-segregacio\/#primaryimage"},"image":{"@id":"https:\/\/diarieducacio.cat\/educaciolocal\/2024\/11\/14\/elisenda-busquets-cal-conscienciar-nos-que-fora-de-lescola-tambe-hi-ha-segregacio\/#primaryimage"},"thumbnailUrl":"https:\/\/diarieducacio.cat\/educaciolocal\/wp-content\/uploads\/sites\/18\/2024\/11\/Elisenda-Busquets-Cedida-Poc-pes-scaled.jpg","datePublished":"2024-11-14T04:00:00+00:00","author":{"@id":"https:\/\/diarieducacio.cat\/educaciolocal\/#\/schema\/person\/cf91277ba96010a2037459e4d808824a"},"breadcrumb":{"@id":"https:\/\/diarieducacio.cat\/educaciolocal\/2024\/11\/14\/elisenda-busquets-cal-conscienciar-nos-que-fora-de-lescola-tambe-hi-ha-segregacio\/#breadcrumb"},"inLanguage":"ca","potentialAction":[{"@type":"ReadAction","target":["https:\/\/diarieducacio.cat\/educaciolocal\/2024\/11\/14\/elisenda-busquets-cal-conscienciar-nos-que-fora-de-lescola-tambe-hi-ha-segregacio\/"]}]},{"@type":"ImageObject","inLanguage":"ca","@id":"https:\/\/diarieducacio.cat\/educaciolocal\/2024\/11\/14\/elisenda-busquets-cal-conscienciar-nos-que-fora-de-lescola-tambe-hi-ha-segregacio\/#primaryimage","url":"https:\/\/diarieducacio.cat\/educaciolocal\/wp-content\/uploads\/sites\/18\/2024\/11\/Elisenda-Busquets-Cedida-Poc-pes-scaled.jpg","contentUrl":"https:\/\/diarieducacio.cat\/educaciolocal\/wp-content\/uploads\/sites\/18\/2024\/11\/Elisenda-Busquets-Cedida-Poc-pes-scaled.jpg","width":2560,"height":1920,"caption":"Elisenda Busquets | Cedida"},{"@type":"BreadcrumbList","@id":"https:\/\/diarieducacio.cat\/educaciolocal\/2024\/11\/14\/elisenda-busquets-cal-conscienciar-nos-que-fora-de-lescola-tambe-hi-ha-segregacio\/#breadcrumb","itemListElement":[{"@type":"ListItem","position":1,"name":"Inici","item":"https:\/\/diarieducacio.cat\/educaciolocal\/"},{"@type":"ListItem","position":2,"name":"Elisenda Busquets: \u201cCal conscienciar-nos que fora de l\u2019escola tamb\u00e9 hi ha segregaci\u00f3\u201d"}]},{"@type":"WebSite","@id":"https:\/\/diarieducacio.cat\/educaciolocal\/#website","url":"https:\/\/diarieducacio.cat\/educaciolocal\/","name":"El blog de l'educaci\u00f3 local","description":"","potentialAction":[{"@type":"SearchAction","target":{"@type":"EntryPoint","urlTemplate":"https:\/\/diarieducacio.cat\/educaciolocal\/?s={search_term_string}"},"query-input":{"@type":"PropertyValueSpecification","valueRequired":true,"valueName":"search_term_string"}}],"inLanguage":"ca"},{"@type":"Person","@id":"https:\/\/diarieducacio.cat\/educaciolocal\/#\/schema\/person\/cf91277ba96010a2037459e4d808824a","name":"Carmen Gir\u00f3","image":{"@type":"ImageObject","inLanguage":"ca","@id":"https:\/\/diarieducacio.cat\/educaciolocal\/wp-content\/uploads\/sites\/18\/2024\/11\/carmen-giro_avatar_1-96x96.jpg","url":"https:\/\/diarieducacio.cat\/educaciolocal\/wp-content\/uploads\/sites\/18\/2024\/11\/carmen-giro_avatar_1-96x96.jpg","contentUrl":"https:\/\/diarieducacio.cat\/educaciolocal\/wp-content\/uploads\/sites\/18\/2024\/11\/carmen-giro_avatar_1-96x96.jpg","caption":"Carmen Gir\u00f3"},"description":"Periodista, escriptora i docent. Autora d'\u201cEl club de los Superman. El d\u00eda a d\u00eda de los ni\u00f1os y ni\u00f1as superdotados\u201d i de \u201cFamilias globales: un hogar, dos culturas\u201d (Ed. UOC).","url":"https:\/\/diarieducacio.cat\/educaciolocal\/author\/carmengiro\/"}]}},"_links":{"self":[{"href":"https:\/\/diarieducacio.cat\/educaciolocal\/wp-json\/wp\/v2\/posts\/4597","targetHints":{"allow":["GET"]}}],"collection":[{"href":"https:\/\/diarieducacio.cat\/educaciolocal\/wp-json\/wp\/v2\/posts"}],"about":[{"href":"https:\/\/diarieducacio.cat\/educaciolocal\/wp-json\/wp\/v2\/types\/post"}],"author":[{"embeddable":true,"href":"https:\/\/diarieducacio.cat\/educaciolocal\/wp-json\/wp\/v2\/users\/1128"}],"replies":[{"embeddable":true,"href":"https:\/\/diarieducacio.cat\/educaciolocal\/wp-json\/wp\/v2\/comments?post=4597"}],"version-history":[{"count":8,"href":"https:\/\/diarieducacio.cat\/educaciolocal\/wp-json\/wp\/v2\/posts\/4597\/revisions"}],"predecessor-version":[{"id":4609,"href":"https:\/\/diarieducacio.cat\/educaciolocal\/wp-json\/wp\/v2\/posts\/4597\/revisions\/4609"}],"wp:featuredmedia":[{"embeddable":true,"href":"https:\/\/diarieducacio.cat\/educaciolocal\/wp-json\/wp\/v2\/media\/4601"}],"wp:attachment":[{"href":"https:\/\/diarieducacio.cat\/educaciolocal\/wp-json\/wp\/v2\/media?parent=4597"}],"wp:term":[{"taxonomy":"category","embeddable":true,"href":"https:\/\/diarieducacio.cat\/educaciolocal\/wp-json\/wp\/v2\/categories?post=4597"},{"taxonomy":"post_tag","embeddable":true,"href":"https:\/\/diarieducacio.cat\/educaciolocal\/wp-json\/wp\/v2\/tags?post=4597"},{"taxonomy":"tipo","embeddable":true,"href":"https:\/\/diarieducacio.cat\/educaciolocal\/wp-json\/wp\/v2\/tipo?post=4597"}],"curies":[{"name":"wp","href":"https:\/\/api.w.org\/{rel}","templated":true}]}}