{"id":4778,"date":"2025-03-13T05:00:00","date_gmt":"2025-03-13T04:00:00","guid":{"rendered":"https:\/\/diarieducacio.cat\/educaciolocal\/?p=4778"},"modified":"2025-03-12T12:46:50","modified_gmt":"2025-03-12T11:46:50","slug":"aliances-educatives-amb-els-centres-escolars-per-a-treballar-de-forma-collaborativa","status":"publish","type":"post","link":"https:\/\/diarieducacio.cat\/educaciolocal\/2025\/03\/13\/aliances-educatives-amb-els-centres-escolars-per-a-treballar-de-forma-collaborativa\/","title":{"rendered":"Aliances educatives amb els centres escolars per a treballar de forma col\u00b7laborativa"},"content":{"rendered":"\n<p>Els centres escolars s\u00f3n els espais concrets que la societat s\u2019han donat de forma espec\u00edfica perqu\u00e8 es produeixi el &#8220;fet educatiu&#8221;, \u00e9s a dir, el proc\u00e9s mitjan\u00e7ant el qual infants i joves adquireixen els coneixements i compet\u00e8ncies establerts curricularment. Cada cop \u00e9s m\u00e9s evident que aquest paradigma est\u00e0 evolucionant. <\/p>\n\n\n\n<p>Aquesta transformaci\u00f3 requereix un canvi de mirada i de rols per part dels diferents estaments i administracions. En aquest context, dos agents clau emergeixen amb un paper fonamental:<\/p>\n\n\n\n<p>Els <strong>centres escolars<\/strong>, que han de transcendir el seu rol tradicional per obrir-se a la resta d&#8217;agents educatius i compartir responsabilitats. Els <strong>ajuntaments<\/strong>, hereus d\u2019una llarga tradici\u00f3 d\u2019implicaci\u00f3 en l\u2019\u00e0mbit educatiu, que amb la seva proximitat a la ciutadania i el seu coneixement de l&#8217;entorn, poden exercir un paper vertebrador en la creaci\u00f3 d&#8217;ecosistemes educatius locals.<\/p>\n\n\n\n<p>Perqu\u00e8 aquesta transformaci\u00f3 sigui efectiva, m\u00e9s enll\u00e0 dels canvis normatius necessaris, caldr\u00e0 ser capa\u00e7os i generosos per establir les aliances necess\u00e0ries entre els diferents agents, fonamentant-les en <em>confian\u00e7a<\/em>, per afavorir el reconeixement mutu i evitar recels o resist\u00e8ncies, i en <em>treball efectiu<\/em>, perqu\u00e8 les aliances siguin s\u00f2lides, coordinades i sostenibles en el temps.<\/p>\n\n\n\n<p>Per tal d&#8217;assumir aquest paper vertebrador, els ens locals han de considerar diversos aspectes clau:<\/p>\n\n\n\n<p><strong>Creaci\u00f3 i dinamitzaci\u00f3 de xarxes de corresponsabilitat sostenibles<\/strong>: Un dels grans reptes al qual fer-hi front, \u00e9s aconseguir una participaci\u00f3 activa dels diferents agents en un marc de confian\u00e7a. L&#8217;espai escolar, les fam\u00edlies, el lleure, els agents socials, culturals i econ\u00f2mics han d&#8217;arribar a consensos per a l&#8217;alineament d&#8217;objectius i l\u2019establiment de compet\u00e8ncies clau. En aquest sentit, els Consells Escolars Municipals poden jugar un paper fonamental.<\/p>\n\n\n\n<p><strong>Coneixement profund dels centres escolars<\/strong>: Per garantir la participaci\u00f3 efectiva dels centres escolars en aquest nou escenari, es fa imprescindible con\u00e8ixer a fons les seves caracter\u00edstiques: titularitat, documents prescriptius (PEC, projecte de direcci\u00f3, PGA, PAT&#8230;), estructures organitzatives (curriculars i tutorials) i l&#8217;entorn a qui donen servei.<\/p>\n\n\n\n<p><strong>Participaci\u00f3 activa en els \u00f2rgans de representaci\u00f3<\/strong>: La legislaci\u00f3 educativa preveu la participaci\u00f3 dels ajuntaments en \u00f2rgans com el Consell Escolar de Centre, les comissions de selecci\u00f3 de direccions o les comissions de matriculaci\u00f3. Cal que aquesta participaci\u00f3 sigui real i efectiva, assumint totes les compet\u00e8ncies derivades.<\/p>\n\n\n\n<p><strong>Identificaci\u00f3 dels moments clau de la vida escolar<\/strong>: Consolidar aquest canvi de mirada requereix con\u00e8ixer i respectar els moments clau de l&#8217;organitzaci\u00f3 escolar, tant els prescriptius (consells escolars, selecci\u00f3 de direccions, matriculaci\u00f3, retiment de comptes) com els bilaterals ajuntament-escola, que inclouen espais formals per a presentaci\u00f3 i seguiment de projectes, aix\u00ed com espais informals del dia a dia.<\/p>\n\n\n\n<p><strong>Rigor en la presentaci\u00f3 de projectes i propostes<\/strong>: Els projectes adre\u00e7ats als centres escolars i als diferents agents han de ser rigorosos i ben estructurats. Cal que, partint de l\u2019alineament en els objectius, detallin els objectius, actuacions i recursos, incorporin indicadors de seguiment i tamb\u00e9 els mecanismes d&#8217;avaluaci\u00f3 i retiment de comptes. Aquests elements hauran de quedar explicitats en la presentaci\u00f3 i argumentaci\u00f3 dels projectes, i hauran de promoure la corresponsabilitat en el seu desenvolupament.<\/p>\n\n\n\n<p>En definitiva, l&#8217;educaci\u00f3 no es pot limitar a l&#8217;espai escolar i nom\u00e9s es pot aconseguir de forma integral, i amb garanties d\u2019inserci\u00f3 i d\u2019igualtat d\u2019oportunitats, si la considerem un fet vital present en totes les activitats quotidianes proporcionant els recursos adequats que puguin contribuir a traject\u00f2ries educatives d\u2019\u00e8xit.<\/p>\n\n\n\n<p><\/p>\n\n\n\n<p><\/p>\n\n\n\n<p><em>[ en Josep Llu\u00eds Serrano \u00e9s l\u2019autor del Destil\u00b7lat n\u00fam. 36 \u201cAliances amb els centres educatius\u201d que podeu trobar al web de l\u2019Observatori de l\u2019educaci\u00f3 local: <a href=\"https:\/\/www.diba.cat\/es\/web\/oel\/destil-lats-d-educacio\" target=\"_blank\" rel=\"noreferrer noopener\">https:\/\/www.diba.cat\/es\/web\/oel\/destil-lats-d-educacio<\/a> ]<\/em><\/p>\n","protected":false},"excerpt":{"rendered":"<p>Els centres escolars s\u00f3n els espais concrets que la societat s\u2019han donat de forma espec\u00edfica perqu\u00e8 es produeixi el &#8220;fet educatiu&#8221;, \u00e9s a dir, el proc\u00e9s mitjan\u00e7ant el qual infants i joves adquireixen els coneixements i compet\u00e8ncies establerts curricularment. Cada cop \u00e9s m\u00e9s evident que aquest paradigma est\u00e0 evolucionant. Aquesta transformaci\u00f3 requereix un canvi de<\/p>\n","protected":false},"author":265,"featured_media":4449,"comment_status":"open","ping_status":"open","sticky":false,"template":"","format":"standard","meta":{"footnotes":""},"categories":[119,112,243],"tags":[164,121,114],"tipo":[392],"class_list":{"0":"post-4778","1":"post","2":"type-post","3":"status-publish","4":"format-standard","5":"has-post-thumbnail","7":"category-centres-educatius","8":"category-ciutat-educadora","9":"category-comunitat","10":"tag-ajuntaments","11":"tag-centres-educatius","12":"tag-ciutats-educadores","13":"tipo-analisi"},"yoast_head":"<!-- This site is optimized with the Yoast SEO plugin v27.4 - https:\/\/yoast.com\/product\/yoast-seo-wordpress\/ -->\n<title>Aliances educatives amb els centres escolars per a treballar de forma col\u00b7laborativa - El blog de l&#039;educaci\u00f3 local<\/title>\n<meta name=\"robots\" content=\"index, follow, max-snippet:-1, max-image-preview:large, max-video-preview:-1\" \/>\n<link rel=\"canonical\" href=\"https:\/\/diarieducacio.cat\/educaciolocal\/2025\/03\/13\/aliances-educatives-amb-els-centres-escolars-per-a-treballar-de-forma-collaborativa\/\" \/>\n<meta property=\"og:locale\" content=\"ca_ES\" \/>\n<meta property=\"og:type\" content=\"article\" \/>\n<meta property=\"og:title\" content=\"Aliances educatives amb els centres escolars per a treballar de forma col\u00b7laborativa - El blog de l&#039;educaci\u00f3 local\" \/>\n<meta property=\"og:description\" content=\"Els centres escolars s\u00f3n els espais concrets que la societat s\u2019han donat de forma espec\u00edfica perqu\u00e8 es produeixi el &#8220;fet educatiu&#8221;, \u00e9s a dir, el proc\u00e9s mitjan\u00e7ant el qual infants i joves adquireixen els coneixements i compet\u00e8ncies establerts curricularment. Cada cop \u00e9s m\u00e9s evident que aquest paradigma est\u00e0 evolucionant. Aquesta transformaci\u00f3 requereix un canvi de\" \/>\n<meta property=\"og:url\" content=\"https:\/\/diarieducacio.cat\/educaciolocal\/2025\/03\/13\/aliances-educatives-amb-els-centres-escolars-per-a-treballar-de-forma-collaborativa\/\" \/>\n<meta property=\"og:site_name\" content=\"El blog de l&#039;educaci\u00f3 local\" \/>\n<meta property=\"article:publisher\" content=\"https:\/\/www.facebook.com\/diarieducacio\/\" \/>\n<meta property=\"article:published_time\" content=\"2025-03-13T04:00:00+00:00\" \/>\n<meta property=\"og:image\" content=\"https:\/\/diarieducacio.cat\/educaciolocal\/wp-content\/uploads\/sites\/18\/2024\/04\/4a-Trobada-CLIA.jpg\" \/>\n\t<meta property=\"og:image:width\" content=\"1900\" \/>\n\t<meta property=\"og:image:height\" content=\"785\" \/>\n\t<meta property=\"og:image:type\" content=\"image\/jpeg\" \/>\n<meta name=\"author\" content=\"Josep Llu\u00eds Serrano\" \/>\n<meta name=\"twitter:card\" content=\"summary_large_image\" \/>\n<meta name=\"twitter:creator\" content=\"@DiariEducacio\" \/>\n<meta name=\"twitter:site\" content=\"@DiariEducacio\" \/>\n<meta name=\"twitter:label1\" content=\"Escrit per\" \/>\n\t<meta name=\"twitter:data1\" content=\"Josep Llu\u00eds Serrano\" \/>\n\t<meta name=\"twitter:label2\" content=\"Temps estimat de lectura\" \/>\n\t<meta name=\"twitter:data2\" content=\"3 minuts\" \/>\n<script type=\"application\/ld+json\" class=\"yoast-schema-graph\">{\"@context\":\"https:\\\/\\\/schema.org\",\"@graph\":[{\"@type\":\"Article\",\"@id\":\"https:\\\/\\\/diarieducacio.cat\\\/educaciolocal\\\/2025\\\/03\\\/13\\\/aliances-educatives-amb-els-centres-escolars-per-a-treballar-de-forma-collaborativa\\\/#article\",\"isPartOf\":{\"@id\":\"https:\\\/\\\/diarieducacio.cat\\\/educaciolocal\\\/2025\\\/03\\\/13\\\/aliances-educatives-amb-els-centres-escolars-per-a-treballar-de-forma-collaborativa\\\/\"},\"author\":{\"name\":\"Josep Llu\u00eds Serrano\",\"@id\":\"https:\\\/\\\/diarieducacio.cat\\\/educaciolocal\\\/#\\\/schema\\\/person\\\/84ce7bc803214894803d391177e65205\"},\"headline\":\"Aliances educatives amb els centres escolars per a treballar de forma col\u00b7laborativa\",\"datePublished\":\"2025-03-13T04:00:00+00:00\",\"mainEntityOfPage\":{\"@id\":\"https:\\\/\\\/diarieducacio.cat\\\/educaciolocal\\\/2025\\\/03\\\/13\\\/aliances-educatives-amb-els-centres-escolars-per-a-treballar-de-forma-collaborativa\\\/\"},\"wordCount\":638,\"commentCount\":0,\"image\":{\"@id\":\"https:\\\/\\\/diarieducacio.cat\\\/educaciolocal\\\/2025\\\/03\\\/13\\\/aliances-educatives-amb-els-centres-escolars-per-a-treballar-de-forma-collaborativa\\\/#primaryimage\"},\"thumbnailUrl\":\"https:\\\/\\\/diarieducacio.cat\\\/educaciolocal\\\/wp-content\\\/uploads\\\/sites\\\/18\\\/2024\\\/04\\\/4a-Trobada-CLIA.jpg\",\"keywords\":[\"Ajuntaments\",\"Centres educatius\",\"Ciutats Educadores\"],\"articleSection\":[\"Centres educatius\",\"Ciutat Educadora\",\"Comunitat\"],\"inLanguage\":\"ca\",\"potentialAction\":[{\"@type\":\"CommentAction\",\"name\":\"Comment\",\"target\":[\"https:\\\/\\\/diarieducacio.cat\\\/educaciolocal\\\/2025\\\/03\\\/13\\\/aliances-educatives-amb-els-centres-escolars-per-a-treballar-de-forma-collaborativa\\\/#respond\"]}]},{\"@type\":\"WebPage\",\"@id\":\"https:\\\/\\\/diarieducacio.cat\\\/educaciolocal\\\/2025\\\/03\\\/13\\\/aliances-educatives-amb-els-centres-escolars-per-a-treballar-de-forma-collaborativa\\\/\",\"url\":\"https:\\\/\\\/diarieducacio.cat\\\/educaciolocal\\\/2025\\\/03\\\/13\\\/aliances-educatives-amb-els-centres-escolars-per-a-treballar-de-forma-collaborativa\\\/\",\"name\":\"Aliances educatives amb els centres escolars per a treballar de forma col\u00b7laborativa - El blog de l'educaci\u00f3 local\",\"isPartOf\":{\"@id\":\"https:\\\/\\\/diarieducacio.cat\\\/educaciolocal\\\/#website\"},\"primaryImageOfPage\":{\"@id\":\"https:\\\/\\\/diarieducacio.cat\\\/educaciolocal\\\/2025\\\/03\\\/13\\\/aliances-educatives-amb-els-centres-escolars-per-a-treballar-de-forma-collaborativa\\\/#primaryimage\"},\"image\":{\"@id\":\"https:\\\/\\\/diarieducacio.cat\\\/educaciolocal\\\/2025\\\/03\\\/13\\\/aliances-educatives-amb-els-centres-escolars-per-a-treballar-de-forma-collaborativa\\\/#primaryimage\"},\"thumbnailUrl\":\"https:\\\/\\\/diarieducacio.cat\\\/educaciolocal\\\/wp-content\\\/uploads\\\/sites\\\/18\\\/2024\\\/04\\\/4a-Trobada-CLIA.jpg\",\"datePublished\":\"2025-03-13T04:00:00+00:00\",\"author\":{\"@id\":\"https:\\\/\\\/diarieducacio.cat\\\/educaciolocal\\\/#\\\/schema\\\/person\\\/84ce7bc803214894803d391177e65205\"},\"breadcrumb\":{\"@id\":\"https:\\\/\\\/diarieducacio.cat\\\/educaciolocal\\\/2025\\\/03\\\/13\\\/aliances-educatives-amb-els-centres-escolars-per-a-treballar-de-forma-collaborativa\\\/#breadcrumb\"},\"inLanguage\":\"ca\",\"potentialAction\":[{\"@type\":\"ReadAction\",\"target\":[\"https:\\\/\\\/diarieducacio.cat\\\/educaciolocal\\\/2025\\\/03\\\/13\\\/aliances-educatives-amb-els-centres-escolars-per-a-treballar-de-forma-collaborativa\\\/\"]}]},{\"@type\":\"ImageObject\",\"inLanguage\":\"ca\",\"@id\":\"https:\\\/\\\/diarieducacio.cat\\\/educaciolocal\\\/2025\\\/03\\\/13\\\/aliances-educatives-amb-els-centres-escolars-per-a-treballar-de-forma-collaborativa\\\/#primaryimage\",\"url\":\"https:\\\/\\\/diarieducacio.cat\\\/educaciolocal\\\/wp-content\\\/uploads\\\/sites\\\/18\\\/2024\\\/04\\\/4a-Trobada-CLIA.jpg\",\"contentUrl\":\"https:\\\/\\\/diarieducacio.cat\\\/educaciolocal\\\/wp-content\\\/uploads\\\/sites\\\/18\\\/2024\\\/04\\\/4a-Trobada-CLIA.jpg\",\"width\":1900,\"height\":785,\"caption\":\"4a Trobada de Consells Locals d'Infants i Adolescents | Diputaci\u00f3 de Barcelona\"},{\"@type\":\"BreadcrumbList\",\"@id\":\"https:\\\/\\\/diarieducacio.cat\\\/educaciolocal\\\/2025\\\/03\\\/13\\\/aliances-educatives-amb-els-centres-escolars-per-a-treballar-de-forma-collaborativa\\\/#breadcrumb\",\"itemListElement\":[{\"@type\":\"ListItem\",\"position\":1,\"name\":\"Inici\",\"item\":\"https:\\\/\\\/diarieducacio.cat\\\/educaciolocal\\\/\"},{\"@type\":\"ListItem\",\"position\":2,\"name\":\"Aliances educatives amb els centres escolars per a treballar de forma col\u00b7laborativa\"}]},{\"@type\":\"WebSite\",\"@id\":\"https:\\\/\\\/diarieducacio.cat\\\/educaciolocal\\\/#website\",\"url\":\"https:\\\/\\\/diarieducacio.cat\\\/educaciolocal\\\/\",\"name\":\"El blog de l'educaci\u00f3 local\",\"description\":\"\",\"potentialAction\":[{\"@type\":\"SearchAction\",\"target\":{\"@type\":\"EntryPoint\",\"urlTemplate\":\"https:\\\/\\\/diarieducacio.cat\\\/educaciolocal\\\/?s={search_term_string}\"},\"query-input\":{\"@type\":\"PropertyValueSpecification\",\"valueRequired\":true,\"valueName\":\"search_term_string\"}}],\"inLanguage\":\"ca\"},{\"@type\":\"Person\",\"@id\":\"https:\\\/\\\/diarieducacio.cat\\\/educaciolocal\\\/#\\\/schema\\\/person\\\/84ce7bc803214894803d391177e65205\",\"name\":\"Josep Llu\u00eds Serrano\",\"image\":{\"@type\":\"ImageObject\",\"inLanguage\":\"ca\",\"@id\":\"https:\\\/\\\/diarieducacio.cat\\\/educaciolocal\\\/wp-content\\\/uploads\\\/sites\\\/18\\\/2025\\\/03\\\/josep-lluis-serrano_avatar_1-96x96.jpg\",\"url\":\"https:\\\/\\\/diarieducacio.cat\\\/educaciolocal\\\/wp-content\\\/uploads\\\/sites\\\/18\\\/2025\\\/03\\\/josep-lluis-serrano_avatar_1-96x96.jpg\",\"contentUrl\":\"https:\\\/\\\/diarieducacio.cat\\\/educaciolocal\\\/wp-content\\\/uploads\\\/sites\\\/18\\\/2025\\\/03\\\/josep-lluis-serrano_avatar_1-96x96.jpg\",\"caption\":\"Josep Llu\u00eds Serrano\"},\"description\":\"Facilitador en la creaci\u00f3 d\u2019espais d\u2019aprenentatge globalitzat, formador de professorat, orientaci\u00f3 i i funci\u00f3 directiva i ex Subdirector General de Transformaci\u00f3 Educativa i Noves Oportunitats al Departament d\u2019Educaci\u00f3.\",\"url\":\"https:\\\/\\\/diarieducacio.cat\\\/educaciolocal\\\/author\\\/jlserrano\\\/\"}]}<\/script>\n<!-- \/ Yoast SEO plugin. -->","yoast_head_json":{"title":"Aliances educatives amb els centres escolars per a treballar de forma col\u00b7laborativa - El blog de l'educaci\u00f3 local","robots":{"index":"index","follow":"follow","max-snippet":"max-snippet:-1","max-image-preview":"max-image-preview:large","max-video-preview":"max-video-preview:-1"},"canonical":"https:\/\/diarieducacio.cat\/educaciolocal\/2025\/03\/13\/aliances-educatives-amb-els-centres-escolars-per-a-treballar-de-forma-collaborativa\/","og_locale":"ca_ES","og_type":"article","og_title":"Aliances educatives amb els centres escolars per a treballar de forma col\u00b7laborativa - El blog de l'educaci\u00f3 local","og_description":"Els centres escolars s\u00f3n els espais concrets que la societat s\u2019han donat de forma espec\u00edfica perqu\u00e8 es produeixi el &#8220;fet educatiu&#8221;, \u00e9s a dir, el proc\u00e9s mitjan\u00e7ant el qual infants i joves adquireixen els coneixements i compet\u00e8ncies establerts curricularment. Cada cop \u00e9s m\u00e9s evident que aquest paradigma est\u00e0 evolucionant. Aquesta transformaci\u00f3 requereix un canvi de","og_url":"https:\/\/diarieducacio.cat\/educaciolocal\/2025\/03\/13\/aliances-educatives-amb-els-centres-escolars-per-a-treballar-de-forma-collaborativa\/","og_site_name":"El blog de l'educaci\u00f3 local","article_publisher":"https:\/\/www.facebook.com\/diarieducacio\/","article_published_time":"2025-03-13T04:00:00+00:00","og_image":[{"width":1900,"height":785,"url":"https:\/\/diarieducacio.cat\/educaciolocal\/wp-content\/uploads\/sites\/18\/2024\/04\/4a-Trobada-CLIA.jpg","type":"image\/jpeg"}],"author":"Josep Llu\u00eds Serrano","twitter_card":"summary_large_image","twitter_creator":"@DiariEducacio","twitter_site":"@DiariEducacio","twitter_misc":{"Escrit per":"Josep Llu\u00eds Serrano","Temps estimat de lectura":"3 minuts"},"schema":{"@context":"https:\/\/schema.org","@graph":[{"@type":"Article","@id":"https:\/\/diarieducacio.cat\/educaciolocal\/2025\/03\/13\/aliances-educatives-amb-els-centres-escolars-per-a-treballar-de-forma-collaborativa\/#article","isPartOf":{"@id":"https:\/\/diarieducacio.cat\/educaciolocal\/2025\/03\/13\/aliances-educatives-amb-els-centres-escolars-per-a-treballar-de-forma-collaborativa\/"},"author":{"name":"Josep Llu\u00eds Serrano","@id":"https:\/\/diarieducacio.cat\/educaciolocal\/#\/schema\/person\/84ce7bc803214894803d391177e65205"},"headline":"Aliances educatives amb els centres escolars per a treballar de forma col\u00b7laborativa","datePublished":"2025-03-13T04:00:00+00:00","mainEntityOfPage":{"@id":"https:\/\/diarieducacio.cat\/educaciolocal\/2025\/03\/13\/aliances-educatives-amb-els-centres-escolars-per-a-treballar-de-forma-collaborativa\/"},"wordCount":638,"commentCount":0,"image":{"@id":"https:\/\/diarieducacio.cat\/educaciolocal\/2025\/03\/13\/aliances-educatives-amb-els-centres-escolars-per-a-treballar-de-forma-collaborativa\/#primaryimage"},"thumbnailUrl":"https:\/\/diarieducacio.cat\/educaciolocal\/wp-content\/uploads\/sites\/18\/2024\/04\/4a-Trobada-CLIA.jpg","keywords":["Ajuntaments","Centres educatius","Ciutats Educadores"],"articleSection":["Centres educatius","Ciutat Educadora","Comunitat"],"inLanguage":"ca","potentialAction":[{"@type":"CommentAction","name":"Comment","target":["https:\/\/diarieducacio.cat\/educaciolocal\/2025\/03\/13\/aliances-educatives-amb-els-centres-escolars-per-a-treballar-de-forma-collaborativa\/#respond"]}]},{"@type":"WebPage","@id":"https:\/\/diarieducacio.cat\/educaciolocal\/2025\/03\/13\/aliances-educatives-amb-els-centres-escolars-per-a-treballar-de-forma-collaborativa\/","url":"https:\/\/diarieducacio.cat\/educaciolocal\/2025\/03\/13\/aliances-educatives-amb-els-centres-escolars-per-a-treballar-de-forma-collaborativa\/","name":"Aliances educatives amb els centres escolars per a treballar de forma col\u00b7laborativa - El blog de l'educaci\u00f3 local","isPartOf":{"@id":"https:\/\/diarieducacio.cat\/educaciolocal\/#website"},"primaryImageOfPage":{"@id":"https:\/\/diarieducacio.cat\/educaciolocal\/2025\/03\/13\/aliances-educatives-amb-els-centres-escolars-per-a-treballar-de-forma-collaborativa\/#primaryimage"},"image":{"@id":"https:\/\/diarieducacio.cat\/educaciolocal\/2025\/03\/13\/aliances-educatives-amb-els-centres-escolars-per-a-treballar-de-forma-collaborativa\/#primaryimage"},"thumbnailUrl":"https:\/\/diarieducacio.cat\/educaciolocal\/wp-content\/uploads\/sites\/18\/2024\/04\/4a-Trobada-CLIA.jpg","datePublished":"2025-03-13T04:00:00+00:00","author":{"@id":"https:\/\/diarieducacio.cat\/educaciolocal\/#\/schema\/person\/84ce7bc803214894803d391177e65205"},"breadcrumb":{"@id":"https:\/\/diarieducacio.cat\/educaciolocal\/2025\/03\/13\/aliances-educatives-amb-els-centres-escolars-per-a-treballar-de-forma-collaborativa\/#breadcrumb"},"inLanguage":"ca","potentialAction":[{"@type":"ReadAction","target":["https:\/\/diarieducacio.cat\/educaciolocal\/2025\/03\/13\/aliances-educatives-amb-els-centres-escolars-per-a-treballar-de-forma-collaborativa\/"]}]},{"@type":"ImageObject","inLanguage":"ca","@id":"https:\/\/diarieducacio.cat\/educaciolocal\/2025\/03\/13\/aliances-educatives-amb-els-centres-escolars-per-a-treballar-de-forma-collaborativa\/#primaryimage","url":"https:\/\/diarieducacio.cat\/educaciolocal\/wp-content\/uploads\/sites\/18\/2024\/04\/4a-Trobada-CLIA.jpg","contentUrl":"https:\/\/diarieducacio.cat\/educaciolocal\/wp-content\/uploads\/sites\/18\/2024\/04\/4a-Trobada-CLIA.jpg","width":1900,"height":785,"caption":"4a Trobada de Consells Locals d'Infants i Adolescents | Diputaci\u00f3 de Barcelona"},{"@type":"BreadcrumbList","@id":"https:\/\/diarieducacio.cat\/educaciolocal\/2025\/03\/13\/aliances-educatives-amb-els-centres-escolars-per-a-treballar-de-forma-collaborativa\/#breadcrumb","itemListElement":[{"@type":"ListItem","position":1,"name":"Inici","item":"https:\/\/diarieducacio.cat\/educaciolocal\/"},{"@type":"ListItem","position":2,"name":"Aliances educatives amb els centres escolars per a treballar de forma col\u00b7laborativa"}]},{"@type":"WebSite","@id":"https:\/\/diarieducacio.cat\/educaciolocal\/#website","url":"https:\/\/diarieducacio.cat\/educaciolocal\/","name":"El blog de l'educaci\u00f3 local","description":"","potentialAction":[{"@type":"SearchAction","target":{"@type":"EntryPoint","urlTemplate":"https:\/\/diarieducacio.cat\/educaciolocal\/?s={search_term_string}"},"query-input":{"@type":"PropertyValueSpecification","valueRequired":true,"valueName":"search_term_string"}}],"inLanguage":"ca"},{"@type":"Person","@id":"https:\/\/diarieducacio.cat\/educaciolocal\/#\/schema\/person\/84ce7bc803214894803d391177e65205","name":"Josep Llu\u00eds Serrano","image":{"@type":"ImageObject","inLanguage":"ca","@id":"https:\/\/diarieducacio.cat\/educaciolocal\/wp-content\/uploads\/sites\/18\/2025\/03\/josep-lluis-serrano_avatar_1-96x96.jpg","url":"https:\/\/diarieducacio.cat\/educaciolocal\/wp-content\/uploads\/sites\/18\/2025\/03\/josep-lluis-serrano_avatar_1-96x96.jpg","contentUrl":"https:\/\/diarieducacio.cat\/educaciolocal\/wp-content\/uploads\/sites\/18\/2025\/03\/josep-lluis-serrano_avatar_1-96x96.jpg","caption":"Josep Llu\u00eds Serrano"},"description":"Facilitador en la creaci\u00f3 d\u2019espais d\u2019aprenentatge globalitzat, formador de professorat, orientaci\u00f3 i i funci\u00f3 directiva i ex Subdirector General de Transformaci\u00f3 Educativa i Noves Oportunitats al Departament d\u2019Educaci\u00f3.","url":"https:\/\/diarieducacio.cat\/educaciolocal\/author\/jlserrano\/"}]}},"_links":{"self":[{"href":"https:\/\/diarieducacio.cat\/educaciolocal\/wp-json\/wp\/v2\/posts\/4778","targetHints":{"allow":["GET"]}}],"collection":[{"href":"https:\/\/diarieducacio.cat\/educaciolocal\/wp-json\/wp\/v2\/posts"}],"about":[{"href":"https:\/\/diarieducacio.cat\/educaciolocal\/wp-json\/wp\/v2\/types\/post"}],"author":[{"embeddable":true,"href":"https:\/\/diarieducacio.cat\/educaciolocal\/wp-json\/wp\/v2\/users\/265"}],"replies":[{"embeddable":true,"href":"https:\/\/diarieducacio.cat\/educaciolocal\/wp-json\/wp\/v2\/comments?post=4778"}],"version-history":[{"count":8,"href":"https:\/\/diarieducacio.cat\/educaciolocal\/wp-json\/wp\/v2\/posts\/4778\/revisions"}],"predecessor-version":[{"id":4799,"href":"https:\/\/diarieducacio.cat\/educaciolocal\/wp-json\/wp\/v2\/posts\/4778\/revisions\/4799"}],"wp:featuredmedia":[{"embeddable":true,"href":"https:\/\/diarieducacio.cat\/educaciolocal\/wp-json\/wp\/v2\/media\/4449"}],"wp:attachment":[{"href":"https:\/\/diarieducacio.cat\/educaciolocal\/wp-json\/wp\/v2\/media?parent=4778"}],"wp:term":[{"taxonomy":"category","embeddable":true,"href":"https:\/\/diarieducacio.cat\/educaciolocal\/wp-json\/wp\/v2\/categories?post=4778"},{"taxonomy":"post_tag","embeddable":true,"href":"https:\/\/diarieducacio.cat\/educaciolocal\/wp-json\/wp\/v2\/tags?post=4778"},{"taxonomy":"tipo","embeddable":true,"href":"https:\/\/diarieducacio.cat\/educaciolocal\/wp-json\/wp\/v2\/tipo?post=4778"}],"curies":[{"name":"wp","href":"https:\/\/api.w.org\/{rel}","templated":true}]}}