{"id":4897,"date":"2025-06-05T15:44:04","date_gmt":"2025-06-05T13:44:04","guid":{"rendered":"https:\/\/diarieducacio.cat\/educaciolocal\/?p=4897"},"modified":"2025-06-05T15:44:05","modified_gmt":"2025-06-05T13:44:05","slug":"participacio-dinfants-i-democracia-no-abaixem-la-guardia","status":"publish","type":"post","link":"https:\/\/diarieducacio.cat\/educaciolocal\/2025\/06\/05\/participacio-dinfants-i-democracia-no-abaixem-la-guardia\/","title":{"rendered":"Participaci\u00f3 d\u2019infants i democr\u00e0cia: no abaixem la gu\u00e0rdia!"},"content":{"rendered":"\n<p>En els \u00faltims temps comencem a tenir una s\u00e8rie de dades sobre les percepcions i prefer\u00e8ncies en termes democr\u00e0tics del jovent que es repeteixen sondeig rere sondeig, com en el darrer <a href=\"https:\/\/www.icps.cat\/recerca\/sondeigs-i-dades\/sondeigs\/sondeigs-d-opinio-catalunya\"><u>Sondeig Anual 2024 de l&#8217;Institut de Ci\u00e8ncies Pol\u00edtiques i Socials (ICPS)<\/u><\/a>: nom\u00e9s un 61,8% dels homes joves entre 18 i 24 anys defensen el sistema democr\u00e0tic (20 punts menys que la resta de franges). Aquesta dada ens porta a mirar cap a l\u2019altra banda de la moneda, on es produeix l\u2019alerta: <strong>un 16,4% defensen un sistema autoritari per davant d&#8217;una democr\u00e0cia i un 20% mostra indifer\u00e8ncia envers el tipus de r\u00e8gim pol\u00edtic<\/strong>.<\/p>\n\n\n\n<p>Davant d\u2019aquesta preocupant realitat, les diferents branques de les ci\u00e8ncies socials, aix\u00ed com els responsables pol\u00edtics de totes les administracions apunten a elements per a explicar el fenomen i acotar-ne la diagnosi a la recerca de solucions: un sistema educatiu tensionat per tot arreu, l\u2019increment de l\u2019exposici\u00f3 d\u2019infants i adolescents a les xarxes socials i, en conseq\u00fc\u00e8ncia, a les <em>fake news<\/em>, els atacs amplificats per l\u2019extrema dreta contra els aven\u00e7os en drets promoguts per moviments socials (com el feminisme)&#8230; Fins i tot podr\u00edem assenyalar la banalitzaci\u00f3 dels r\u00e8gims autoritaris que practiquen els responsables de les principals pot\u00e8ncies del m\u00f3n avui dia.<\/p>\n\n\n\n<p>Davant de causes molt diverses i complexes, les an\u00e0lisis deixen poc marge a les propostes. Des d\u2019aqu\u00ed ens volem centrar en una d\u2019elles, una de les m\u00e9s elementals: aquella que ens diu que \u201cel cam\u00ed s\u2019apr\u00e8n caminant\u201d i que <strong>la democr\u00e0cia s\u2019apr\u00e8n practicant-la<\/strong>.<\/p>\n\n\n\n<p>En aquesta l\u00ednia<strong>, la promoci\u00f3 de la participaci\u00f3 d\u2019infants i adolescents esdev\u00e9 una oportunitat d\u2019or per fomentar els valors democr\u00e0tics en la societat ja d\u2019avui, <\/strong>entenent que aquests infants i adolescents<strong>&nbsp;s\u00f3n subjectes pol\u00edtics i de dret. <\/strong><strong><\/strong><\/p>\n\n\n\n<p>Aquesta oportunitat es materialitza des de dues \u00f2ptiques: <strong>la primera, la de l\u2019aprenentatge<\/strong>. A comprendre que <strong>la democr\u00e0cia<\/strong>\u00a0no \u00e9s nom\u00e9s electoral: <strong>tamb\u00e9 \u00e9s deliberativa, expressiva i comunit\u00e0ria<\/strong>. Espais participatius d\u2019infants i adolescents promouen des d\u2019edats primerenques les seves capacitats de debatre, con\u00e8ixer punts de vista diferents als propis, a consensuar posicionaments que defugin de l\u2019individualisme.<\/p>\n\n\n\n<p><strong>La segona \u00f2ptica, <\/strong>tant o m\u00e9s important com la de l\u2019aprenentatge,<strong>\u00a0\u00e9s la presa de consci\u00e8ncia dels seus drets, i, en conseq\u00fc\u00e8ncia, de la seva capacitat de con\u00e8ixer-los, exercir-los i reclamar-los. <\/strong>Aquesta capacitaci\u00f3 \u00e9s un pilar fonamental de les democr\u00e0cies tal com les hem ent\u00e8s des de la Declaraci\u00f3 Universal de Drets Humans de Nacions Unides (1948). La<em>\u00a0Declaraci\u00f3, <\/em>que no t\u00e9 car\u00e0cter vinculant, esdev\u00e9 el punt de partida com a fonament \u00e8tic i pol\u00edtic que ha orientat l&#8217;elaboraci\u00f3 de nou tractats internacionals (que s\u00ed tenen aquest car\u00e0cter vinculant) pel que fa a drets i obligacions per als estats signants. <em>La Convenci\u00f3 sobre els Drets de l\u2019Infant (1989)<\/em>, \u00e9s un d\u2019aquests tractats.<\/p>\n\n\n\n<p><em>La Convenci\u00f3<\/em>&nbsp;(ratificada per Espanya el 1990) reconeix un ampli ventall de drets per garantir el benestar, el desenvolupament i la protecci\u00f3 dels infants. \u00c9s en l\u2019article 12\u00e8 on hi trobem el principal fonament jur\u00eddic a la seva participaci\u00f3 democr\u00e0tica, tant en termes de reconeixement dels seus drets com en el d\u2019obligacions dels estats a garantir-ho:<\/p>\n\n\n\n<p><strong><em><strong><em>\u201cArticle 12<\/em><\/strong><\/em><\/strong><em><\/em><\/p>\n\n\n\n<ol class=\"wp-block-list\">\n<li><em>Els Estats parts garantiran al nen que sigui capa\u00e7 de formar-se un judici propi el dret d\u2019expressar la seva opini\u00f3 lliurement sobre qualsevol assumpte que l\u2019afecti, i les opinions del nen seran degudament tingudes en compte, segons la seva edat i maduresa.\u201d<\/em><\/li>\n<\/ol>\n\n\n\n<p><strong>Aquesta empara legal obliga els estats a sotmetre&#8217;s a avaluacions peri\u00f2diques<\/strong>\u00a0per revisar i analitzar els problemes, els aven\u00e7os, els reptes i, en general, l&#8217;estat dels drets als seus respectius territoris. En aquesta l\u00ednia <em>el 30 de setembre de 2024, membres del Consell Nacional dels Infants i els Adolescents de Catalunya (CNIAC) -format per membres dels Consells Locals d\u2019Infants i d\u2019Adolescents- va participar en el Comit\u00e8 de Drets de l&#8217;Infant de les Nacions Unides, en un acte celebrat en el marc del Consell de Drets Humans de les Nacions Unides per compartir la seva visi\u00f3 sobre la situaci\u00f3 dels drets d\u2019infants i adolescents a l&#8217;Estat espanyol<\/em>.<\/p>\n\n\n\n<p>La realitat, per\u00f2, \u00e9s que <strong>ens pertoca seguir revisant que els espais i estructures garanteixin realment que infants i adolescents siguin escoltats i tinguin impacte. Per aix\u00f2, quan constatem que no \u00e9s aix\u00ed, les administracions tenim l\u2019obligaci\u00f3 de seguir proposant m\u00e9s mesures per promoure-ho<\/strong>. De fet, com a administraci\u00f3 supralocal, sovint veiem amb preocupaci\u00f3 que alguns Consells Locals d\u2019Infants i Adolescents (CLIA) funcionen de forma simb\u00f2lica o poc vinculant. <strong><\/strong><\/p>\n\n\n\n<p>Per aix\u00f2, creiem que <strong>no podem abaixar la gu\u00e0rdia en la qualitat democr\u00e0tica de la participaci\u00f3 d\u2019infants i joves<\/strong>. Per fer un pas endavant, cal desenvolupar models proactius i transformadors, on els infants i adolescents liderin, decideixin i incideixin en all\u00f2 que els afecta. Algunes propostes per afavorir un canvi de model s\u00f3n:<\/p>\n\n\n\n<ol class=\"wp-block-list\">\n<li><strong>Lideratge i protagonisme infantil.<\/strong>\u00a0Els infants i els adolescents han de poder liderar les sessions, moderar debats i assumir rols clau. Es tracta d\u2019establir comissions autogestionades i d\u2019oferir espais de decisi\u00f3 real dins el Consell on es puguin proposar temes, dinamitzar debats i impulsar accions. Espais autogestionats dins del Consell, amb moments del calendari on la dinamitzaci\u00f3 recaigui totalment en els joves (amb suport t\u00e8cnic nom\u00e9s si cal).<\/li>\n\n\n\n<li><strong>Treballar temes significatius per a elles i ells.<\/strong>\u00a0Els Consells han d\u2019abordar q\u00fcestions que neixin de les preocupacions dels infants: l\u2019espai p\u00fablic, l\u2019educaci\u00f3, el medi ambient, les relacions socials. Fer-ho implica iniciar cada curs amb un proc\u00e9s participatiu de detecci\u00f3 de temes i garantir que les seves propostes tinguin recorregut pol\u00edtic real.<\/li>\n\n\n\n<li><strong>Metodologies vivencials, participatives i creatives.<\/strong>\u00a0Cal planificar els continguts i les din\u00e0miques de les reunions incorporant din\u00e0miques l\u00fadiques, creatives i significatives des de la mirada de l\u2019animaci\u00f3 sociocultural. Eines com el teatre f\u00f2rum, mapes de desitjos, jocs de rol, v\u00eddeos participatius; i amb eines digitals (enquestes interactives, murs digitals, apps participatives) poden servir per augmentar la implicaci\u00f3 dels i les joves, tamb\u00e9 dels qui no formen part del Consell.<\/li>\n\n\n\n<li><strong>Incid\u00e8ncia i visibilitat.<\/strong>\u00a0El Consell ha de tenir veu als plens municipals i resposta formal per part de l\u2019Ajuntament de manera continuada. Cal visibilitzar-lo amb una marca pr\u00f2pia, pres\u00e8ncia a xarxes i jornades obertes que enforteixin la seva legitimitat.<\/li>\n\n\n\n<li><strong>Acompanyament formatiu i t\u00e8cnic continuat.<\/strong>\u00a0Tant els infants com els adults necessiten formaci\u00f3 i eines en pedagogies participatives per fer possible aquesta nova manera de participar. Cal formaci\u00f3 en drets, lideratge i participaci\u00f3, i una xarxa de suport entre consells amb intercanvi d\u2019experi\u00e8ncies i inspirar-se m\u00fatuament.<\/li>\n<\/ol>\n\n\n\n<p>\u00c9s possible fer del dret a participar una experi\u00e8ncia educativa profunda, democr\u00e0tica i transformadora. Els infants i els adolescents no s\u00f3n ciutadans del futur: <strong>s\u00f3n els protagonistes del present.<\/strong>&nbsp;<\/p>\n\n\n\n<p>Aix\u00ed doncs, fer efectiu aquest principi des dels Consells Locals no \u00e9s nom\u00e9s una obligaci\u00f3 legal, sin\u00f3 <strong>una oportunitat per aprofundir en la qualitat de les nostres democr\u00e0cies i de respecte dels drets humans.<\/strong><strong><\/strong><\/p>\n","protected":false},"excerpt":{"rendered":"<p>En els \u00faltims temps comencem a tenir una s\u00e8rie de dades sobre les percepcions i prefer\u00e8ncies en termes democr\u00e0tics del jovent que es repeteixen sondeig rere sondeig, com en el darrer Sondeig Anual 2024 de l&#8217;Institut de Ci\u00e8ncies Pol\u00edtiques i Socials (ICPS): nom\u00e9s un 61,8% dels homes joves entre 18 i 24 anys defensen el<\/p>\n","protected":false},"author":2072,"featured_media":4899,"comment_status":"open","ping_status":"open","sticky":false,"template":"","format":"standard","meta":{"footnotes":""},"categories":[173,1],"tags":[177,456,171,172,355],"tipo":[391],"class_list":{"0":"post-4897","1":"post","2":"type-post","3":"status-publish","4":"format-standard","5":"has-post-thumbnail","7":"category-participacio-infantil","8":"category-sin-categoria","9":"tag-drets-dels-infants","10":"tag-infancia","11":"tag-infants","12":"tag-participacio","13":"tag-participacio-infantil","14":"tipo-opinio"},"yoast_head":"<!-- This site is optimized with the Yoast SEO plugin v27.4 - https:\/\/yoast.com\/product\/yoast-seo-wordpress\/ -->\n<title>Participaci\u00f3 d\u2019infants i democr\u00e0cia: no abaixem la gu\u00e0rdia! - El blog de l&#039;educaci\u00f3 local<\/title>\n<meta name=\"robots\" content=\"index, follow, max-snippet:-1, max-image-preview:large, max-video-preview:-1\" \/>\n<link rel=\"canonical\" href=\"https:\/\/diarieducacio.cat\/educaciolocal\/2025\/06\/05\/participacio-dinfants-i-democracia-no-abaixem-la-guardia\/\" \/>\n<meta property=\"og:locale\" content=\"ca_ES\" \/>\n<meta property=\"og:type\" content=\"article\" \/>\n<meta property=\"og:title\" content=\"Participaci\u00f3 d\u2019infants i democr\u00e0cia: no abaixem la gu\u00e0rdia! - El blog de l&#039;educaci\u00f3 local\" \/>\n<meta property=\"og:description\" content=\"En els \u00faltims temps comencem a tenir una s\u00e8rie de dades sobre les percepcions i prefer\u00e8ncies en termes democr\u00e0tics del jovent que es repeteixen sondeig rere sondeig, com en el darrer Sondeig Anual 2024 de l&#8217;Institut de Ci\u00e8ncies Pol\u00edtiques i Socials (ICPS): nom\u00e9s un 61,8% dels homes joves entre 18 i 24 anys defensen el\" \/>\n<meta property=\"og:url\" content=\"https:\/\/diarieducacio.cat\/educaciolocal\/2025\/06\/05\/participacio-dinfants-i-democracia-no-abaixem-la-guardia\/\" \/>\n<meta property=\"og:site_name\" content=\"El blog de l&#039;educaci\u00f3 local\" \/>\n<meta property=\"article:publisher\" content=\"https:\/\/www.facebook.com\/diarieducacio\/\" \/>\n<meta property=\"article:published_time\" content=\"2025-06-05T13:44:04+00:00\" \/>\n<meta property=\"article:modified_time\" content=\"2025-06-05T13:44:05+00:00\" \/>\n<meta property=\"og:image\" content=\"https:\/\/diarieducacio.cat\/educaciolocal\/wp-content\/uploads\/sites\/18\/2025\/06\/Imagen1-diba1.png\" \/>\n\t<meta property=\"og:image:width\" content=\"1000\" \/>\n\t<meta property=\"og:image:height\" content=\"668\" \/>\n\t<meta property=\"og:image:type\" content=\"image\/png\" \/>\n<meta name=\"author\" content=\"Anna Nebreda, Francesc Reverter i Josep Colomer\" \/>\n<meta name=\"twitter:card\" content=\"summary_large_image\" \/>\n<meta name=\"twitter:creator\" content=\"@DiariEducacio\" \/>\n<meta name=\"twitter:site\" content=\"@DiariEducacio\" \/>\n<meta name=\"twitter:label1\" content=\"Escrit per\" \/>\n\t<meta name=\"twitter:data1\" content=\"Anna Nebreda, Francesc Reverter i Josep Colomer\" \/>\n\t<meta name=\"twitter:label2\" content=\"Temps estimat de lectura\" \/>\n\t<meta name=\"twitter:data2\" content=\"6 minuts\" \/>\n<script type=\"application\/ld+json\" class=\"yoast-schema-graph\">{\"@context\":\"https:\\\/\\\/schema.org\",\"@graph\":[{\"@type\":\"Article\",\"@id\":\"https:\\\/\\\/diarieducacio.cat\\\/educaciolocal\\\/2025\\\/06\\\/05\\\/participacio-dinfants-i-democracia-no-abaixem-la-guardia\\\/#article\",\"isPartOf\":{\"@id\":\"https:\\\/\\\/diarieducacio.cat\\\/educaciolocal\\\/2025\\\/06\\\/05\\\/participacio-dinfants-i-democracia-no-abaixem-la-guardia\\\/\"},\"author\":{\"name\":\"Anna Nebreda, Francesc Reverter i Josep Colomer\",\"@id\":\"https:\\\/\\\/diarieducacio.cat\\\/educaciolocal\\\/#\\\/schema\\\/person\\\/d5313965e59661d03b09a1f6d63b8ce7\"},\"headline\":\"Participaci\u00f3 d\u2019infants i democr\u00e0cia: no abaixem la gu\u00e0rdia!\",\"datePublished\":\"2025-06-05T13:44:04+00:00\",\"dateModified\":\"2025-06-05T13:44:05+00:00\",\"mainEntityOfPage\":{\"@id\":\"https:\\\/\\\/diarieducacio.cat\\\/educaciolocal\\\/2025\\\/06\\\/05\\\/participacio-dinfants-i-democracia-no-abaixem-la-guardia\\\/\"},\"wordCount\":1237,\"commentCount\":0,\"image\":{\"@id\":\"https:\\\/\\\/diarieducacio.cat\\\/educaciolocal\\\/2025\\\/06\\\/05\\\/participacio-dinfants-i-democracia-no-abaixem-la-guardia\\\/#primaryimage\"},\"thumbnailUrl\":\"https:\\\/\\\/diarieducacio.cat\\\/educaciolocal\\\/wp-content\\\/uploads\\\/sites\\\/18\\\/2025\\\/06\\\/Imagen1-diba1.png\",\"keywords\":[\"Drets dels Infants\",\"inf\u00e0ncia\",\"Infants\",\"Participaci\u00f3\",\"Participaci\u00f3 infantil\"],\"articleSection\":[\"Participaci\u00f3 infantil\",\"Sin categor\u00eda\"],\"inLanguage\":\"ca\",\"potentialAction\":[{\"@type\":\"CommentAction\",\"name\":\"Comment\",\"target\":[\"https:\\\/\\\/diarieducacio.cat\\\/educaciolocal\\\/2025\\\/06\\\/05\\\/participacio-dinfants-i-democracia-no-abaixem-la-guardia\\\/#respond\"]}]},{\"@type\":\"WebPage\",\"@id\":\"https:\\\/\\\/diarieducacio.cat\\\/educaciolocal\\\/2025\\\/06\\\/05\\\/participacio-dinfants-i-democracia-no-abaixem-la-guardia\\\/\",\"url\":\"https:\\\/\\\/diarieducacio.cat\\\/educaciolocal\\\/2025\\\/06\\\/05\\\/participacio-dinfants-i-democracia-no-abaixem-la-guardia\\\/\",\"name\":\"Participaci\u00f3 d\u2019infants i democr\u00e0cia: no abaixem la gu\u00e0rdia! - El blog de l'educaci\u00f3 local\",\"isPartOf\":{\"@id\":\"https:\\\/\\\/diarieducacio.cat\\\/educaciolocal\\\/#website\"},\"primaryImageOfPage\":{\"@id\":\"https:\\\/\\\/diarieducacio.cat\\\/educaciolocal\\\/2025\\\/06\\\/05\\\/participacio-dinfants-i-democracia-no-abaixem-la-guardia\\\/#primaryimage\"},\"image\":{\"@id\":\"https:\\\/\\\/diarieducacio.cat\\\/educaciolocal\\\/2025\\\/06\\\/05\\\/participacio-dinfants-i-democracia-no-abaixem-la-guardia\\\/#primaryimage\"},\"thumbnailUrl\":\"https:\\\/\\\/diarieducacio.cat\\\/educaciolocal\\\/wp-content\\\/uploads\\\/sites\\\/18\\\/2025\\\/06\\\/Imagen1-diba1.png\",\"datePublished\":\"2025-06-05T13:44:04+00:00\",\"dateModified\":\"2025-06-05T13:44:05+00:00\",\"author\":{\"@id\":\"https:\\\/\\\/diarieducacio.cat\\\/educaciolocal\\\/#\\\/schema\\\/person\\\/d5313965e59661d03b09a1f6d63b8ce7\"},\"breadcrumb\":{\"@id\":\"https:\\\/\\\/diarieducacio.cat\\\/educaciolocal\\\/2025\\\/06\\\/05\\\/participacio-dinfants-i-democracia-no-abaixem-la-guardia\\\/#breadcrumb\"},\"inLanguage\":\"ca\",\"potentialAction\":[{\"@type\":\"ReadAction\",\"target\":[\"https:\\\/\\\/diarieducacio.cat\\\/educaciolocal\\\/2025\\\/06\\\/05\\\/participacio-dinfants-i-democracia-no-abaixem-la-guardia\\\/\"]}]},{\"@type\":\"ImageObject\",\"inLanguage\":\"ca\",\"@id\":\"https:\\\/\\\/diarieducacio.cat\\\/educaciolocal\\\/2025\\\/06\\\/05\\\/participacio-dinfants-i-democracia-no-abaixem-la-guardia\\\/#primaryimage\",\"url\":\"https:\\\/\\\/diarieducacio.cat\\\/educaciolocal\\\/wp-content\\\/uploads\\\/sites\\\/18\\\/2025\\\/06\\\/Imagen1-diba1.png\",\"contentUrl\":\"https:\\\/\\\/diarieducacio.cat\\\/educaciolocal\\\/wp-content\\\/uploads\\\/sites\\\/18\\\/2025\\\/06\\\/Imagen1-diba1.png\",\"width\":1000,\"height\":668},{\"@type\":\"BreadcrumbList\",\"@id\":\"https:\\\/\\\/diarieducacio.cat\\\/educaciolocal\\\/2025\\\/06\\\/05\\\/participacio-dinfants-i-democracia-no-abaixem-la-guardia\\\/#breadcrumb\",\"itemListElement\":[{\"@type\":\"ListItem\",\"position\":1,\"name\":\"Inici\",\"item\":\"https:\\\/\\\/diarieducacio.cat\\\/educaciolocal\\\/\"},{\"@type\":\"ListItem\",\"position\":2,\"name\":\"Participaci\u00f3 d\u2019infants i democr\u00e0cia: no abaixem la gu\u00e0rdia!\"}]},{\"@type\":\"WebSite\",\"@id\":\"https:\\\/\\\/diarieducacio.cat\\\/educaciolocal\\\/#website\",\"url\":\"https:\\\/\\\/diarieducacio.cat\\\/educaciolocal\\\/\",\"name\":\"El blog de l'educaci\u00f3 local\",\"description\":\"\",\"potentialAction\":[{\"@type\":\"SearchAction\",\"target\":{\"@type\":\"EntryPoint\",\"urlTemplate\":\"https:\\\/\\\/diarieducacio.cat\\\/educaciolocal\\\/?s={search_term_string}\"},\"query-input\":{\"@type\":\"PropertyValueSpecification\",\"valueRequired\":true,\"valueName\":\"search_term_string\"}}],\"inLanguage\":\"ca\"},{\"@type\":\"Person\",\"@id\":\"https:\\\/\\\/diarieducacio.cat\\\/educaciolocal\\\/#\\\/schema\\\/person\\\/d5313965e59661d03b09a1f6d63b8ce7\",\"name\":\"Anna Nebreda, Francesc Reverter i Josep Colomer\",\"image\":{\"@type\":\"ImageObject\",\"inLanguage\":\"ca\",\"@id\":\"https:\\\/\\\/secure.gravatar.com\\\/avatar\\\/f87a084b1190d32a47002801b621e95e8c98b6383144ce0030a2f1e902ac905b?s=96&d=mm&r=g\",\"url\":\"https:\\\/\\\/secure.gravatar.com\\\/avatar\\\/f87a084b1190d32a47002801b621e95e8c98b6383144ce0030a2f1e902ac905b?s=96&d=mm&r=g\",\"contentUrl\":\"https:\\\/\\\/secure.gravatar.com\\\/avatar\\\/f87a084b1190d32a47002801b621e95e8c98b6383144ce0030a2f1e902ac905b?s=96&d=mm&r=g\",\"caption\":\"Anna Nebreda, Francesc Reverter i Josep Colomer\"},\"description\":\"T\u00e8cnics de la Ger\u00e8ncia de Serveis d\u2019Educaci\u00f3. Diputaci\u00f3 de Barcelona\",\"url\":\"https:\\\/\\\/diarieducacio.cat\\\/educaciolocal\\\/author\\\/annanebreda\\\/\"}]}<\/script>\n<!-- \/ Yoast SEO plugin. -->","yoast_head_json":{"title":"Participaci\u00f3 d\u2019infants i democr\u00e0cia: no abaixem la gu\u00e0rdia! - El blog de l'educaci\u00f3 local","robots":{"index":"index","follow":"follow","max-snippet":"max-snippet:-1","max-image-preview":"max-image-preview:large","max-video-preview":"max-video-preview:-1"},"canonical":"https:\/\/diarieducacio.cat\/educaciolocal\/2025\/06\/05\/participacio-dinfants-i-democracia-no-abaixem-la-guardia\/","og_locale":"ca_ES","og_type":"article","og_title":"Participaci\u00f3 d\u2019infants i democr\u00e0cia: no abaixem la gu\u00e0rdia! - El blog de l'educaci\u00f3 local","og_description":"En els \u00faltims temps comencem a tenir una s\u00e8rie de dades sobre les percepcions i prefer\u00e8ncies en termes democr\u00e0tics del jovent que es repeteixen sondeig rere sondeig, com en el darrer Sondeig Anual 2024 de l&#8217;Institut de Ci\u00e8ncies Pol\u00edtiques i Socials (ICPS): nom\u00e9s un 61,8% dels homes joves entre 18 i 24 anys defensen el","og_url":"https:\/\/diarieducacio.cat\/educaciolocal\/2025\/06\/05\/participacio-dinfants-i-democracia-no-abaixem-la-guardia\/","og_site_name":"El blog de l'educaci\u00f3 local","article_publisher":"https:\/\/www.facebook.com\/diarieducacio\/","article_published_time":"2025-06-05T13:44:04+00:00","article_modified_time":"2025-06-05T13:44:05+00:00","og_image":[{"width":1000,"height":668,"url":"https:\/\/diarieducacio.cat\/educaciolocal\/wp-content\/uploads\/sites\/18\/2025\/06\/Imagen1-diba1.png","type":"image\/png"}],"author":"Anna Nebreda, Francesc Reverter i Josep Colomer","twitter_card":"summary_large_image","twitter_creator":"@DiariEducacio","twitter_site":"@DiariEducacio","twitter_misc":{"Escrit per":"Anna Nebreda, Francesc Reverter i Josep Colomer","Temps estimat de lectura":"6 minuts"},"schema":{"@context":"https:\/\/schema.org","@graph":[{"@type":"Article","@id":"https:\/\/diarieducacio.cat\/educaciolocal\/2025\/06\/05\/participacio-dinfants-i-democracia-no-abaixem-la-guardia\/#article","isPartOf":{"@id":"https:\/\/diarieducacio.cat\/educaciolocal\/2025\/06\/05\/participacio-dinfants-i-democracia-no-abaixem-la-guardia\/"},"author":{"name":"Anna Nebreda, Francesc Reverter i Josep Colomer","@id":"https:\/\/diarieducacio.cat\/educaciolocal\/#\/schema\/person\/d5313965e59661d03b09a1f6d63b8ce7"},"headline":"Participaci\u00f3 d\u2019infants i democr\u00e0cia: no abaixem la gu\u00e0rdia!","datePublished":"2025-06-05T13:44:04+00:00","dateModified":"2025-06-05T13:44:05+00:00","mainEntityOfPage":{"@id":"https:\/\/diarieducacio.cat\/educaciolocal\/2025\/06\/05\/participacio-dinfants-i-democracia-no-abaixem-la-guardia\/"},"wordCount":1237,"commentCount":0,"image":{"@id":"https:\/\/diarieducacio.cat\/educaciolocal\/2025\/06\/05\/participacio-dinfants-i-democracia-no-abaixem-la-guardia\/#primaryimage"},"thumbnailUrl":"https:\/\/diarieducacio.cat\/educaciolocal\/wp-content\/uploads\/sites\/18\/2025\/06\/Imagen1-diba1.png","keywords":["Drets dels Infants","inf\u00e0ncia","Infants","Participaci\u00f3","Participaci\u00f3 infantil"],"articleSection":["Participaci\u00f3 infantil","Sin categor\u00eda"],"inLanguage":"ca","potentialAction":[{"@type":"CommentAction","name":"Comment","target":["https:\/\/diarieducacio.cat\/educaciolocal\/2025\/06\/05\/participacio-dinfants-i-democracia-no-abaixem-la-guardia\/#respond"]}]},{"@type":"WebPage","@id":"https:\/\/diarieducacio.cat\/educaciolocal\/2025\/06\/05\/participacio-dinfants-i-democracia-no-abaixem-la-guardia\/","url":"https:\/\/diarieducacio.cat\/educaciolocal\/2025\/06\/05\/participacio-dinfants-i-democracia-no-abaixem-la-guardia\/","name":"Participaci\u00f3 d\u2019infants i democr\u00e0cia: no abaixem la gu\u00e0rdia! - El blog de l'educaci\u00f3 local","isPartOf":{"@id":"https:\/\/diarieducacio.cat\/educaciolocal\/#website"},"primaryImageOfPage":{"@id":"https:\/\/diarieducacio.cat\/educaciolocal\/2025\/06\/05\/participacio-dinfants-i-democracia-no-abaixem-la-guardia\/#primaryimage"},"image":{"@id":"https:\/\/diarieducacio.cat\/educaciolocal\/2025\/06\/05\/participacio-dinfants-i-democracia-no-abaixem-la-guardia\/#primaryimage"},"thumbnailUrl":"https:\/\/diarieducacio.cat\/educaciolocal\/wp-content\/uploads\/sites\/18\/2025\/06\/Imagen1-diba1.png","datePublished":"2025-06-05T13:44:04+00:00","dateModified":"2025-06-05T13:44:05+00:00","author":{"@id":"https:\/\/diarieducacio.cat\/educaciolocal\/#\/schema\/person\/d5313965e59661d03b09a1f6d63b8ce7"},"breadcrumb":{"@id":"https:\/\/diarieducacio.cat\/educaciolocal\/2025\/06\/05\/participacio-dinfants-i-democracia-no-abaixem-la-guardia\/#breadcrumb"},"inLanguage":"ca","potentialAction":[{"@type":"ReadAction","target":["https:\/\/diarieducacio.cat\/educaciolocal\/2025\/06\/05\/participacio-dinfants-i-democracia-no-abaixem-la-guardia\/"]}]},{"@type":"ImageObject","inLanguage":"ca","@id":"https:\/\/diarieducacio.cat\/educaciolocal\/2025\/06\/05\/participacio-dinfants-i-democracia-no-abaixem-la-guardia\/#primaryimage","url":"https:\/\/diarieducacio.cat\/educaciolocal\/wp-content\/uploads\/sites\/18\/2025\/06\/Imagen1-diba1.png","contentUrl":"https:\/\/diarieducacio.cat\/educaciolocal\/wp-content\/uploads\/sites\/18\/2025\/06\/Imagen1-diba1.png","width":1000,"height":668},{"@type":"BreadcrumbList","@id":"https:\/\/diarieducacio.cat\/educaciolocal\/2025\/06\/05\/participacio-dinfants-i-democracia-no-abaixem-la-guardia\/#breadcrumb","itemListElement":[{"@type":"ListItem","position":1,"name":"Inici","item":"https:\/\/diarieducacio.cat\/educaciolocal\/"},{"@type":"ListItem","position":2,"name":"Participaci\u00f3 d\u2019infants i democr\u00e0cia: no abaixem la gu\u00e0rdia!"}]},{"@type":"WebSite","@id":"https:\/\/diarieducacio.cat\/educaciolocal\/#website","url":"https:\/\/diarieducacio.cat\/educaciolocal\/","name":"El blog de l'educaci\u00f3 local","description":"","potentialAction":[{"@type":"SearchAction","target":{"@type":"EntryPoint","urlTemplate":"https:\/\/diarieducacio.cat\/educaciolocal\/?s={search_term_string}"},"query-input":{"@type":"PropertyValueSpecification","valueRequired":true,"valueName":"search_term_string"}}],"inLanguage":"ca"},{"@type":"Person","@id":"https:\/\/diarieducacio.cat\/educaciolocal\/#\/schema\/person\/d5313965e59661d03b09a1f6d63b8ce7","name":"Anna Nebreda, Francesc Reverter i Josep Colomer","image":{"@type":"ImageObject","inLanguage":"ca","@id":"https:\/\/secure.gravatar.com\/avatar\/f87a084b1190d32a47002801b621e95e8c98b6383144ce0030a2f1e902ac905b?s=96&d=mm&r=g","url":"https:\/\/secure.gravatar.com\/avatar\/f87a084b1190d32a47002801b621e95e8c98b6383144ce0030a2f1e902ac905b?s=96&d=mm&r=g","contentUrl":"https:\/\/secure.gravatar.com\/avatar\/f87a084b1190d32a47002801b621e95e8c98b6383144ce0030a2f1e902ac905b?s=96&d=mm&r=g","caption":"Anna Nebreda, Francesc Reverter i Josep Colomer"},"description":"T\u00e8cnics de la Ger\u00e8ncia de Serveis d\u2019Educaci\u00f3. Diputaci\u00f3 de Barcelona","url":"https:\/\/diarieducacio.cat\/educaciolocal\/author\/annanebreda\/"}]}},"_links":{"self":[{"href":"https:\/\/diarieducacio.cat\/educaciolocal\/wp-json\/wp\/v2\/posts\/4897","targetHints":{"allow":["GET"]}}],"collection":[{"href":"https:\/\/diarieducacio.cat\/educaciolocal\/wp-json\/wp\/v2\/posts"}],"about":[{"href":"https:\/\/diarieducacio.cat\/educaciolocal\/wp-json\/wp\/v2\/types\/post"}],"author":[{"embeddable":true,"href":"https:\/\/diarieducacio.cat\/educaciolocal\/wp-json\/wp\/v2\/users\/2072"}],"replies":[{"embeddable":true,"href":"https:\/\/diarieducacio.cat\/educaciolocal\/wp-json\/wp\/v2\/comments?post=4897"}],"version-history":[{"count":3,"href":"https:\/\/diarieducacio.cat\/educaciolocal\/wp-json\/wp\/v2\/posts\/4897\/revisions"}],"predecessor-version":[{"id":4903,"href":"https:\/\/diarieducacio.cat\/educaciolocal\/wp-json\/wp\/v2\/posts\/4897\/revisions\/4903"}],"wp:featuredmedia":[{"embeddable":true,"href":"https:\/\/diarieducacio.cat\/educaciolocal\/wp-json\/wp\/v2\/media\/4899"}],"wp:attachment":[{"href":"https:\/\/diarieducacio.cat\/educaciolocal\/wp-json\/wp\/v2\/media?parent=4897"}],"wp:term":[{"taxonomy":"category","embeddable":true,"href":"https:\/\/diarieducacio.cat\/educaciolocal\/wp-json\/wp\/v2\/categories?post=4897"},{"taxonomy":"post_tag","embeddable":true,"href":"https:\/\/diarieducacio.cat\/educaciolocal\/wp-json\/wp\/v2\/tags?post=4897"},{"taxonomy":"tipo","embeddable":true,"href":"https:\/\/diarieducacio.cat\/educaciolocal\/wp-json\/wp\/v2\/tipo?post=4897"}],"curies":[{"name":"wp","href":"https:\/\/api.w.org\/{rel}","templated":true}]}}