{"id":4921,"date":"2025-07-03T04:00:00","date_gmt":"2025-07-03T02:00:00","guid":{"rendered":"https:\/\/diarieducacio.cat\/educaciolocal\/?p=4921"},"modified":"2025-07-03T09:15:17","modified_gmt":"2025-07-03T07:15:17","slug":"el-benestar-emocional-fonamental-per-a-laprenentatge","status":"publish","type":"post","link":"https:\/\/diarieducacio.cat\/educaciolocal\/2025\/07\/03\/el-benestar-emocional-fonamental-per-a-laprenentatge\/","title":{"rendered":"El benestar emocional, fonamental per a l\u2019aprenentatge"},"content":{"rendered":"\n<p>En un m\u00f3n canviant i complex, on la vida personal i social est\u00e0 en continu moviment, on les crisis s\u00f3n constants, on les adaptacions a la vida tamb\u00e9 s\u00f3n freq\u00fcents, ens calen espais i moments d\u2019estabilitat, per poder aturar-nos i mirar el nostre entorn. El m\u00f3n educatiu pot ser un dels llocs on trobar fermesa, const\u00e0ncia i seguretat necess\u00e0ria per admetre aquesta estabilitat. Per\u00f2 no es pot quedar a part, al costat i \u00e9s convenient que s\u2019impliqui, millor dit, \u00e9s menester que ens impliquem tots els que estem, d\u2019una manera o d\u2019una altra, en aquest m\u00f3n educatiu. Donar resposta a aquestes necessitats socials dels alumnes en edat escolar, per\u00f2 tamb\u00e9 de les persones que ens trobem pel cam\u00ed educatiu, ser\u00e0 l\u2019objectiu principal de la tasca educativa.<\/p>\n\n\n\n<p>Hem de formar les persones per poder afrontar les crisis que inevitablement viuran al llarg de les seves vides (Cabero et al., 2024). Segons aquests autors, totes les persones tenen dret a gaudir del benestar emocional i, per tant, a desenvolupar les seves compet\u00e8ncies emocionals, sigui quina sigui la seva condici\u00f3 i edat. Aquestes compet\u00e8ncies emocionals tenen car\u00e0cter d\u2019aprenentatge permanent. L\u2019educaci\u00f3 emocional esdev\u00e9 clau per preveure problemes d\u2019aquesta \u00edndole i per potenciar aquest benestar. \u00c9s, en conseq\u00fc\u00e8ncia, un repte global que es construeix tamb\u00e9 nivell local.<\/p>\n\n\n\n<h3 class=\"wp-block-heading\">Benestar a l&#8217;aula<\/h3>\n\n\n\n<p>Per\u00f2, qu\u00e8 \u00e9s el benestar emocional? No entrarem a definir les emocions en profunditat i quines s\u00f3n les seves funcions, ja que existeixen molts estudis que les expliquen i demostren la import\u00e0ncia de sentir-se b\u00e9 per a poder afrontar els reptes que la vida mateixa ens t\u00e9 preparats, i l\u2019aprenentatge \u00e9s un d\u2019ells. Per\u00f2 s\u00ed que parlarem de cercar l\u2019equilibri per a fer front a les emocions, perqu\u00e8 tenen un paper en l\u2019adaptaci\u00f3 de l\u2019organisme a l\u2019entorn. Cada emoci\u00f3 t\u00e9 unes funcions espec\u00edfiques i les emocions en general tenen un conjunt de funcions (Bisquerra et al., 2018).<\/p>\n\n\n\n<p>Hem de tenir present la influ\u00e8ncia dels components del benestar emocional i per aconseguir-lo. Estem parlant de l\u2019autoconeixement, la gesti\u00f3 emocional, les relacions saludables i el sentit de la vida. Tots ells indispensables per a una bona educaci\u00f3 emocional i benestar a l\u2019aula i tamb\u00e9 a l\u2019escola. \u00c9s aqu\u00ed on entren en acci\u00f3 els diversos programes d\u2019educaci\u00f3 emocional, cal veure quin s\u2019adapta millor a les necessitats dels alumnes i tamb\u00e9 quines s\u00f3n les demandes dels docents. Quan els alumnes estan b\u00e9 i a gust a l\u2019escola, en conseq\u00fc\u00e8ncia els docents tamb\u00e9 ho estan i el clima de l\u2019aula millora significativament. I a l\u2019inrev\u00e9s tamb\u00e9 succeeix, quan els docents se senten implicats i aprecien la seva professi\u00f3, i fan gaudir als alumnes i, a la vegada ells mateixos, tot aix\u00f2 afecta el sentiment d\u2019acceptaci\u00f3 al centre educatiu. En definitiva, es tracta de potenciar les habilitats i compet\u00e8ncies dels alumnes i per fer-ho b\u00e9, cal que estiguin receptius i disposat a acollir l\u2019aprenentatge i que tinguin mestres conseq\u00fcents amb les pr\u00e0ctiques i cultures d\u2019escola per tal de propiciar aquest benestar.<\/p>\n\n\n\n<p>Aquest sentiment d\u2019acceptaci\u00f3 i el clima emocional de l\u2019aula, \u00e9s el que els alumnes i les seves fam\u00edlies valoren molt positivament, \u00e9s, en definitiva, el fet de sentir que es forma part d\u2019una entitat com \u00e9s el centre educatiu. I per conseq\u00fc\u00e8ncia, els resultats acad\u00e8mics dels alumnes i del centre milloraran. Aix\u00ed ho demostren els informes actuals dels resultats de l\u2019informe PISA 2022 (Ministerio de Educaci\u00f3n, Formaci\u00f3n Profesional y Deportes, 2023), concretament el cap\u00edtol 4 que parla del benestar dels alumnes i del sentiment de pertinen\u00e7a al centre, important per a l\u2019aprenentatge i la vinculaci\u00f3 amb el grup d\u2019iguals.<\/p>\n\n\n\n<blockquote class=\"wp-block-quote is-layout-flow wp-block-quote-is-layout-flow\">\n<p>L\u2019efici\u00e8ncia dels programes d\u2019educaci\u00f3 emocional parteix i requereix una formaci\u00f3 imprescindible del professorat <\/p>\n<\/blockquote>\n\n\n\n<p>En conseq\u00fc\u00e8ncia, la formaci\u00f3, tant de docents com per equips educatius, \u00e9s una de les accions concretes per aconseguir aquest benestar col\u00b7lectiu de l\u2019escola. Segons Bisquerra (2018) l\u2019efici\u00e8ncia dels programes d\u2019educaci\u00f3 emocional parteix i requereix una formaci\u00f3 imprescindible del professorat on desenvolupi les seves compet\u00e8ncies emocionals.<\/p>\n\n\n\n<p>No obstant aix\u00f2, el que cal tenir molt present \u00e9s que caldr\u00e0 temps necessari perqu\u00e8 tant la formaci\u00f3 dels mestres com la posada en marxa de programes d\u2019educaci\u00f3 emocional, vegin els resultats i s\u2019introdueixin de manera efectiva en la cultura del centre.<\/p>\n\n\n\n<p>La creaci\u00f3 d\u2019espais de di\u00e0leg, assessorament i d\u2019intercanvi de l\u2019equip docent, s\u00f3n recursos que poden contribuir i han de permetre fer un acompanyament tant al mestre que t\u00e9 algun alumne que preocupa, com al tutor que t\u00e9 un grup conflictiu, aquestes i altres, s\u00f3n accions que es poden realitzar de manera continuada. No ens hem d\u2019oblidar que el lideratge d\u2019aquests espais \u00e9s de l\u2019equip directiu per\u00f2 amb la implicaci\u00f3 de tot l\u2019equip docent. Segons Debarbieux (2019) els efectes que t\u00e9 sobre una organitzaci\u00f3 comunit\u00e0ria de la feina d\u2019equip, acompanyada de la participaci\u00f3 dels diferents agents educatius, t\u00e9 factors de protecci\u00f3 tant cap als alumnes com per als docents. Per tant, recau en aquest aspecte una import\u00e0ncia especial els espais educatius per compartir des de mirades conjuntes cap als alumnes, metodologies, estrat\u00e8gies a l\u2019aula fins al testatge de noves propostes educatives. De la mateixa manera, proporciona seguretat en els professionals l\u2019espai compartit, la creaci\u00f3 conjunta de la missi\u00f3 i visi\u00f3 d\u2019escola i el sentiment de pertinen\u00e7a al centre.<\/p>\n\n\n\n<h3 class=\"wp-block-heading\">Benestar a la comunitat i al m\u00f3n local<\/h3>\n\n\n\n<p>En l\u2019\u00e0mbit comunitari tamb\u00e9 podem intervenir per aconseguir aquest benestar per a la vida i al m\u00f3n educatiu. Ser ciutadans actius, participatius, cr\u00edtics, responsables i compromesos. Implica el reconeixement dels mateixos drets i deures, la participaci\u00f3 efectiva i democr\u00e0tica, l\u2019exercici de valors c\u00edvics i el respecte cap als valors multiculturals. Aquesta ciutadania es desenvolupa a partir del context local, per\u00f2 s\u2019obre a contextos m\u00e9s amplis (auton\u00f2mic, estatal, europeu, internacional i global) (Cabero et al., 2024).<\/p>\n\n\n\n<p>Necessitem estrat\u00e8gies locals per promoure el creixement d\u2019aquesta ciutadania compromesa, per aconseguir els nostres objectius. Per aix\u00f2 ens cal entendre tamb\u00e9 que, a partir de les nostres intervencions, dels nostres projectes i serveis, podem afavorir o acompanyar aquests processos de generaci\u00f3 de vincles comunitaris (Castillo, 2021). Socialitzar l\u2019educaci\u00f3 emocional \u00e9s una tasca municipal.<\/p>\n\n\n\n<p>Per tant, hem de tenir present com en l\u2019\u00e0mbit local s\u2019influencia pel benestar dels ciutadans i aix\u00f2 ens condueix a pensar i reflexionar sobre els projectes comunitaris que des de les administracions locals desenvolupem. Acompanyar des de la proximitat i donar resposta a les necessitats, estar present i atent als desitjos i anhels que rebem de la poblaci\u00f3 en les diferents etapes vitals. Per aix\u00f2, la construcci\u00f3 d\u2019espais comunitaris emocionalment saludables, on hi hagi lloc per a poder preguntar, interrogar i dialogar amb la comunitat, ens permetr\u00e0 ajustar-nos als objectius plantejats.<\/p>\n\n\n\n<h3 class=\"wp-block-heading\">Reflexions finals<\/h3>\n\n\n\n<p>Com a punt final, compatim algunes reflexions que ens poden inspirar per al desenvolupament dels programes educatius que dissenyem o impulsem. Tenim present la prevenci\u00f3 i la potenciaci\u00f3 del benestar emocional de les persones a les quals va dirigit? Donem import\u00e0ncia a l\u2019educaci\u00f3 integral centrada en l\u2019alumne com a persona? Quin percentatge de projectes educatius t\u00e9 present l\u2019educaci\u00f3 emocional i el desenvolupament de les compet\u00e8ncies emocionals de la comunitat educativa? Qu\u00e8 caldria per incrementar aquest percentatge? Quina t\u00e9 la prevenci\u00f3 com el seu objectiu principal?<\/p>\n\n\n\n<p>Ja ho deia Arist\u00f2til, educar la ment sense educar el cor no \u00e9s educaci\u00f3 en absolut. Aix\u00ed que ens queda molt cam\u00ed per fer i sentir.<\/p>\n\n\n\n<h3 class=\"wp-block-heading\">Refer\u00e8ncies bibliogr\u00e0fiques<\/h3>\n\n\n\n<p>Bisquerra Alzina, R., Garc\u00eda Navarro, E., \u00c1ngel Castel, J.C. (2018). <em>Educaci\u00f3 emocional i benestar<\/em>. Barcelona: Editorial UOC<\/p>\n\n\n\n<p>Cabero, M., Bisquerra, M. i Bisquerra, R. (2024). <em>El benestar a l\u2019adolesc\u00e8ncia.<\/em>&nbsp;Diputaci\u00f3 de Barcelona.<\/p>\n\n\n\n<p>Castillo, R. (2021). <em>Acci\u00f3n social y comunidad, entre la niebla y la posibilidad<\/em>. Barcelona: Editorial UOC.<\/p>\n\n\n\n<p>Debarbieux, Eric i Blaya, Catherine (2009). <em>Clima escolar i prevenci\u00f3 de la viol\u00e8ncia<\/em>. Educar [Bellaterra: Universitat Aut\u00f2noma de Barcelona], 43, 31-41.<\/p>\n\n\n\n<p>Ministerio de Educaci\u00f3n, Formaci\u00f3n Profesional y Deportes. (2023). <em>PISA 2022 Programa para la Evaluaci\u00f3n Internacional de los Estudiantes Informe espa\u00f1ol [informe educatiu].<\/em>&nbsp;Secretar\u00eda de Estado de Educaci\u00f3n Direcci\u00f3n General de Evaluaci\u00f3n y Cooperaci\u00f3n Territorial Instituto Nacional de Evaluaci\u00f3n Educativa.&nbsp;<\/p>\n\n\n\n<p><\/p>\n\n\n\n<p><\/p>\n","protected":false},"excerpt":{"rendered":"<p>En un m\u00f3n canviant i complex, on la vida personal i social est\u00e0 en continu moviment, on les crisis s\u00f3n constants, on les adaptacions a la vida tamb\u00e9 s\u00f3n freq\u00fcents, ens calen espais i moments d\u2019estabilitat, per poder aturar-nos i mirar el nostre entorn. El m\u00f3n educatiu pot ser un dels llocs on trobar fermesa,<\/p>\n","protected":false},"author":2096,"featured_media":4925,"comment_status":"open","ping_status":"open","sticky":false,"template":"","format":"standard","meta":{"footnotes":""},"categories":[386],"tags":[385],"tipo":[391],"class_list":{"0":"post-4921","1":"post","2":"type-post","3":"status-publish","4":"format-standard","5":"has-post-thumbnail","7":"category-benestar-emocional","8":"tag-benestar-emocional","9":"tipo-opinio"},"yoast_head":"<!-- This site is optimized with the Yoast SEO plugin v27.4 - https:\/\/yoast.com\/product\/yoast-seo-wordpress\/ -->\n<title>El benestar emocional, fonamental per a l\u2019aprenentatge - El blog de l&#039;educaci\u00f3 local<\/title>\n<meta name=\"robots\" content=\"index, follow, max-snippet:-1, max-image-preview:large, max-video-preview:-1\" \/>\n<link rel=\"canonical\" href=\"https:\/\/diarieducacio.cat\/educaciolocal\/2025\/07\/03\/el-benestar-emocional-fonamental-per-a-laprenentatge\/\" \/>\n<meta property=\"og:locale\" content=\"ca_ES\" \/>\n<meta property=\"og:type\" content=\"article\" \/>\n<meta property=\"og:title\" content=\"El benestar emocional, fonamental per a l\u2019aprenentatge - El blog de l&#039;educaci\u00f3 local\" \/>\n<meta property=\"og:description\" content=\"En un m\u00f3n canviant i complex, on la vida personal i social est\u00e0 en continu moviment, on les crisis s\u00f3n constants, on les adaptacions a la vida tamb\u00e9 s\u00f3n freq\u00fcents, ens calen espais i moments d\u2019estabilitat, per poder aturar-nos i mirar el nostre entorn. El m\u00f3n educatiu pot ser un dels llocs on trobar fermesa,\" \/>\n<meta property=\"og:url\" content=\"https:\/\/diarieducacio.cat\/educaciolocal\/2025\/07\/03\/el-benestar-emocional-fonamental-per-a-laprenentatge\/\" \/>\n<meta property=\"og:site_name\" content=\"El blog de l&#039;educaci\u00f3 local\" \/>\n<meta property=\"article:publisher\" content=\"https:\/\/www.facebook.com\/diarieducacio\/\" \/>\n<meta property=\"article:published_time\" content=\"2025-07-03T02:00:00+00:00\" \/>\n<meta property=\"article:modified_time\" content=\"2025-07-03T07:15:17+00:00\" \/>\n<meta property=\"og:image\" content=\"https:\/\/diarieducacio.cat\/educaciolocal\/wp-content\/uploads\/sites\/18\/2025\/07\/GettyImages-14115601191.jpg\" \/>\n\t<meta property=\"og:image:width\" content=\"1000\" \/>\n\t<meta property=\"og:image:height\" content=\"684\" \/>\n\t<meta property=\"og:image:type\" content=\"image\/jpeg\" \/>\n<meta name=\"author\" content=\"Noem\u00ed Creus Mart\u00ed\" \/>\n<meta name=\"twitter:card\" content=\"summary_large_image\" \/>\n<meta name=\"twitter:creator\" content=\"@DiariEducacio\" \/>\n<meta name=\"twitter:site\" content=\"@DiariEducacio\" \/>\n<meta name=\"twitter:label1\" content=\"Escrit per\" \/>\n\t<meta name=\"twitter:data1\" content=\"Noem\u00ed Creus Mart\u00ed\" \/>\n\t<meta name=\"twitter:label2\" content=\"Temps estimat de lectura\" \/>\n\t<meta name=\"twitter:data2\" content=\"8 minuts\" \/>\n<script type=\"application\/ld+json\" class=\"yoast-schema-graph\">{\"@context\":\"https:\\\/\\\/schema.org\",\"@graph\":[{\"@type\":\"Article\",\"@id\":\"https:\\\/\\\/diarieducacio.cat\\\/educaciolocal\\\/2025\\\/07\\\/03\\\/el-benestar-emocional-fonamental-per-a-laprenentatge\\\/#article\",\"isPartOf\":{\"@id\":\"https:\\\/\\\/diarieducacio.cat\\\/educaciolocal\\\/2025\\\/07\\\/03\\\/el-benestar-emocional-fonamental-per-a-laprenentatge\\\/\"},\"author\":{\"name\":\"Noem\u00ed Creus Mart\u00ed\",\"@id\":\"https:\\\/\\\/diarieducacio.cat\\\/educaciolocal\\\/#\\\/schema\\\/person\\\/0ad0c0a995d69637cfe846063c9973fb\"},\"headline\":\"El benestar emocional, fonamental per a l\u2019aprenentatge\",\"datePublished\":\"2025-07-03T02:00:00+00:00\",\"dateModified\":\"2025-07-03T07:15:17+00:00\",\"mainEntityOfPage\":{\"@id\":\"https:\\\/\\\/diarieducacio.cat\\\/educaciolocal\\\/2025\\\/07\\\/03\\\/el-benestar-emocional-fonamental-per-a-laprenentatge\\\/\"},\"wordCount\":1434,\"commentCount\":0,\"image\":{\"@id\":\"https:\\\/\\\/diarieducacio.cat\\\/educaciolocal\\\/2025\\\/07\\\/03\\\/el-benestar-emocional-fonamental-per-a-laprenentatge\\\/#primaryimage\"},\"thumbnailUrl\":\"https:\\\/\\\/diarieducacio.cat\\\/educaciolocal\\\/wp-content\\\/uploads\\\/sites\\\/18\\\/2025\\\/07\\\/GettyImages-14115601191.jpg\",\"keywords\":[\"Benestar emocional\"],\"articleSection\":[\"Benestar emocional\"],\"inLanguage\":\"ca\",\"potentialAction\":[{\"@type\":\"CommentAction\",\"name\":\"Comment\",\"target\":[\"https:\\\/\\\/diarieducacio.cat\\\/educaciolocal\\\/2025\\\/07\\\/03\\\/el-benestar-emocional-fonamental-per-a-laprenentatge\\\/#respond\"]}]},{\"@type\":\"WebPage\",\"@id\":\"https:\\\/\\\/diarieducacio.cat\\\/educaciolocal\\\/2025\\\/07\\\/03\\\/el-benestar-emocional-fonamental-per-a-laprenentatge\\\/\",\"url\":\"https:\\\/\\\/diarieducacio.cat\\\/educaciolocal\\\/2025\\\/07\\\/03\\\/el-benestar-emocional-fonamental-per-a-laprenentatge\\\/\",\"name\":\"El benestar emocional, fonamental per a l\u2019aprenentatge - El blog de l'educaci\u00f3 local\",\"isPartOf\":{\"@id\":\"https:\\\/\\\/diarieducacio.cat\\\/educaciolocal\\\/#website\"},\"primaryImageOfPage\":{\"@id\":\"https:\\\/\\\/diarieducacio.cat\\\/educaciolocal\\\/2025\\\/07\\\/03\\\/el-benestar-emocional-fonamental-per-a-laprenentatge\\\/#primaryimage\"},\"image\":{\"@id\":\"https:\\\/\\\/diarieducacio.cat\\\/educaciolocal\\\/2025\\\/07\\\/03\\\/el-benestar-emocional-fonamental-per-a-laprenentatge\\\/#primaryimage\"},\"thumbnailUrl\":\"https:\\\/\\\/diarieducacio.cat\\\/educaciolocal\\\/wp-content\\\/uploads\\\/sites\\\/18\\\/2025\\\/07\\\/GettyImages-14115601191.jpg\",\"datePublished\":\"2025-07-03T02:00:00+00:00\",\"dateModified\":\"2025-07-03T07:15:17+00:00\",\"author\":{\"@id\":\"https:\\\/\\\/diarieducacio.cat\\\/educaciolocal\\\/#\\\/schema\\\/person\\\/0ad0c0a995d69637cfe846063c9973fb\"},\"breadcrumb\":{\"@id\":\"https:\\\/\\\/diarieducacio.cat\\\/educaciolocal\\\/2025\\\/07\\\/03\\\/el-benestar-emocional-fonamental-per-a-laprenentatge\\\/#breadcrumb\"},\"inLanguage\":\"ca\",\"potentialAction\":[{\"@type\":\"ReadAction\",\"target\":[\"https:\\\/\\\/diarieducacio.cat\\\/educaciolocal\\\/2025\\\/07\\\/03\\\/el-benestar-emocional-fonamental-per-a-laprenentatge\\\/\"]}]},{\"@type\":\"ImageObject\",\"inLanguage\":\"ca\",\"@id\":\"https:\\\/\\\/diarieducacio.cat\\\/educaciolocal\\\/2025\\\/07\\\/03\\\/el-benestar-emocional-fonamental-per-a-laprenentatge\\\/#primaryimage\",\"url\":\"https:\\\/\\\/diarieducacio.cat\\\/educaciolocal\\\/wp-content\\\/uploads\\\/sites\\\/18\\\/2025\\\/07\\\/GettyImages-14115601191.jpg\",\"contentUrl\":\"https:\\\/\\\/diarieducacio.cat\\\/educaciolocal\\\/wp-content\\\/uploads\\\/sites\\\/18\\\/2025\\\/07\\\/GettyImages-14115601191.jpg\",\"width\":1000,\"height\":684,\"caption\":\"| GettyImages\"},{\"@type\":\"BreadcrumbList\",\"@id\":\"https:\\\/\\\/diarieducacio.cat\\\/educaciolocal\\\/2025\\\/07\\\/03\\\/el-benestar-emocional-fonamental-per-a-laprenentatge\\\/#breadcrumb\",\"itemListElement\":[{\"@type\":\"ListItem\",\"position\":1,\"name\":\"Inici\",\"item\":\"https:\\\/\\\/diarieducacio.cat\\\/educaciolocal\\\/\"},{\"@type\":\"ListItem\",\"position\":2,\"name\":\"El benestar emocional, fonamental per a l\u2019aprenentatge\"}]},{\"@type\":\"WebSite\",\"@id\":\"https:\\\/\\\/diarieducacio.cat\\\/educaciolocal\\\/#website\",\"url\":\"https:\\\/\\\/diarieducacio.cat\\\/educaciolocal\\\/\",\"name\":\"El blog de l'educaci\u00f3 local\",\"description\":\"\",\"potentialAction\":[{\"@type\":\"SearchAction\",\"target\":{\"@type\":\"EntryPoint\",\"urlTemplate\":\"https:\\\/\\\/diarieducacio.cat\\\/educaciolocal\\\/?s={search_term_string}\"},\"query-input\":{\"@type\":\"PropertyValueSpecification\",\"valueRequired\":true,\"valueName\":\"search_term_string\"}}],\"inLanguage\":\"ca\"},{\"@type\":\"Person\",\"@id\":\"https:\\\/\\\/diarieducacio.cat\\\/educaciolocal\\\/#\\\/schema\\\/person\\\/0ad0c0a995d69637cfe846063c9973fb\",\"name\":\"Noem\u00ed Creus Mart\u00ed\",\"image\":{\"@type\":\"ImageObject\",\"inLanguage\":\"ca\",\"@id\":\"https:\\\/\\\/diarieducacio.cat\\\/educaciolocal\\\/wp-content\\\/uploads\\\/sites\\\/18\\\/2025\\\/07\\\/ncreusmarti_avatar-96x96.png\",\"url\":\"https:\\\/\\\/diarieducacio.cat\\\/educaciolocal\\\/wp-content\\\/uploads\\\/sites\\\/18\\\/2025\\\/07\\\/ncreusmarti_avatar-96x96.png\",\"contentUrl\":\"https:\\\/\\\/diarieducacio.cat\\\/educaciolocal\\\/wp-content\\\/uploads\\\/sites\\\/18\\\/2025\\\/07\\\/ncreusmarti_avatar-96x96.png\",\"caption\":\"Noem\u00ed Creus Mart\u00ed\"},\"description\":\"Cap d'Unitat de Recursos Educatius de l'\u00c0rea d\u2019Educaci\u00f3 de la Diputaci\u00f3 de Barcelona\",\"url\":\"https:\\\/\\\/diarieducacio.cat\\\/educaciolocal\\\/author\\\/ncreusmarti\\\/\"}]}<\/script>\n<!-- \/ Yoast SEO plugin. -->","yoast_head_json":{"title":"El benestar emocional, fonamental per a l\u2019aprenentatge - El blog de l'educaci\u00f3 local","robots":{"index":"index","follow":"follow","max-snippet":"max-snippet:-1","max-image-preview":"max-image-preview:large","max-video-preview":"max-video-preview:-1"},"canonical":"https:\/\/diarieducacio.cat\/educaciolocal\/2025\/07\/03\/el-benestar-emocional-fonamental-per-a-laprenentatge\/","og_locale":"ca_ES","og_type":"article","og_title":"El benestar emocional, fonamental per a l\u2019aprenentatge - El blog de l'educaci\u00f3 local","og_description":"En un m\u00f3n canviant i complex, on la vida personal i social est\u00e0 en continu moviment, on les crisis s\u00f3n constants, on les adaptacions a la vida tamb\u00e9 s\u00f3n freq\u00fcents, ens calen espais i moments d\u2019estabilitat, per poder aturar-nos i mirar el nostre entorn. El m\u00f3n educatiu pot ser un dels llocs on trobar fermesa,","og_url":"https:\/\/diarieducacio.cat\/educaciolocal\/2025\/07\/03\/el-benestar-emocional-fonamental-per-a-laprenentatge\/","og_site_name":"El blog de l'educaci\u00f3 local","article_publisher":"https:\/\/www.facebook.com\/diarieducacio\/","article_published_time":"2025-07-03T02:00:00+00:00","article_modified_time":"2025-07-03T07:15:17+00:00","og_image":[{"width":1000,"height":684,"url":"https:\/\/diarieducacio.cat\/educaciolocal\/wp-content\/uploads\/sites\/18\/2025\/07\/GettyImages-14115601191.jpg","type":"image\/jpeg"}],"author":"Noem\u00ed Creus Mart\u00ed","twitter_card":"summary_large_image","twitter_creator":"@DiariEducacio","twitter_site":"@DiariEducacio","twitter_misc":{"Escrit per":"Noem\u00ed Creus Mart\u00ed","Temps estimat de lectura":"8 minuts"},"schema":{"@context":"https:\/\/schema.org","@graph":[{"@type":"Article","@id":"https:\/\/diarieducacio.cat\/educaciolocal\/2025\/07\/03\/el-benestar-emocional-fonamental-per-a-laprenentatge\/#article","isPartOf":{"@id":"https:\/\/diarieducacio.cat\/educaciolocal\/2025\/07\/03\/el-benestar-emocional-fonamental-per-a-laprenentatge\/"},"author":{"name":"Noem\u00ed Creus Mart\u00ed","@id":"https:\/\/diarieducacio.cat\/educaciolocal\/#\/schema\/person\/0ad0c0a995d69637cfe846063c9973fb"},"headline":"El benestar emocional, fonamental per a l\u2019aprenentatge","datePublished":"2025-07-03T02:00:00+00:00","dateModified":"2025-07-03T07:15:17+00:00","mainEntityOfPage":{"@id":"https:\/\/diarieducacio.cat\/educaciolocal\/2025\/07\/03\/el-benestar-emocional-fonamental-per-a-laprenentatge\/"},"wordCount":1434,"commentCount":0,"image":{"@id":"https:\/\/diarieducacio.cat\/educaciolocal\/2025\/07\/03\/el-benestar-emocional-fonamental-per-a-laprenentatge\/#primaryimage"},"thumbnailUrl":"https:\/\/diarieducacio.cat\/educaciolocal\/wp-content\/uploads\/sites\/18\/2025\/07\/GettyImages-14115601191.jpg","keywords":["Benestar emocional"],"articleSection":["Benestar emocional"],"inLanguage":"ca","potentialAction":[{"@type":"CommentAction","name":"Comment","target":["https:\/\/diarieducacio.cat\/educaciolocal\/2025\/07\/03\/el-benestar-emocional-fonamental-per-a-laprenentatge\/#respond"]}]},{"@type":"WebPage","@id":"https:\/\/diarieducacio.cat\/educaciolocal\/2025\/07\/03\/el-benestar-emocional-fonamental-per-a-laprenentatge\/","url":"https:\/\/diarieducacio.cat\/educaciolocal\/2025\/07\/03\/el-benestar-emocional-fonamental-per-a-laprenentatge\/","name":"El benestar emocional, fonamental per a l\u2019aprenentatge - El blog de l'educaci\u00f3 local","isPartOf":{"@id":"https:\/\/diarieducacio.cat\/educaciolocal\/#website"},"primaryImageOfPage":{"@id":"https:\/\/diarieducacio.cat\/educaciolocal\/2025\/07\/03\/el-benestar-emocional-fonamental-per-a-laprenentatge\/#primaryimage"},"image":{"@id":"https:\/\/diarieducacio.cat\/educaciolocal\/2025\/07\/03\/el-benestar-emocional-fonamental-per-a-laprenentatge\/#primaryimage"},"thumbnailUrl":"https:\/\/diarieducacio.cat\/educaciolocal\/wp-content\/uploads\/sites\/18\/2025\/07\/GettyImages-14115601191.jpg","datePublished":"2025-07-03T02:00:00+00:00","dateModified":"2025-07-03T07:15:17+00:00","author":{"@id":"https:\/\/diarieducacio.cat\/educaciolocal\/#\/schema\/person\/0ad0c0a995d69637cfe846063c9973fb"},"breadcrumb":{"@id":"https:\/\/diarieducacio.cat\/educaciolocal\/2025\/07\/03\/el-benestar-emocional-fonamental-per-a-laprenentatge\/#breadcrumb"},"inLanguage":"ca","potentialAction":[{"@type":"ReadAction","target":["https:\/\/diarieducacio.cat\/educaciolocal\/2025\/07\/03\/el-benestar-emocional-fonamental-per-a-laprenentatge\/"]}]},{"@type":"ImageObject","inLanguage":"ca","@id":"https:\/\/diarieducacio.cat\/educaciolocal\/2025\/07\/03\/el-benestar-emocional-fonamental-per-a-laprenentatge\/#primaryimage","url":"https:\/\/diarieducacio.cat\/educaciolocal\/wp-content\/uploads\/sites\/18\/2025\/07\/GettyImages-14115601191.jpg","contentUrl":"https:\/\/diarieducacio.cat\/educaciolocal\/wp-content\/uploads\/sites\/18\/2025\/07\/GettyImages-14115601191.jpg","width":1000,"height":684,"caption":"| GettyImages"},{"@type":"BreadcrumbList","@id":"https:\/\/diarieducacio.cat\/educaciolocal\/2025\/07\/03\/el-benestar-emocional-fonamental-per-a-laprenentatge\/#breadcrumb","itemListElement":[{"@type":"ListItem","position":1,"name":"Inici","item":"https:\/\/diarieducacio.cat\/educaciolocal\/"},{"@type":"ListItem","position":2,"name":"El benestar emocional, fonamental per a l\u2019aprenentatge"}]},{"@type":"WebSite","@id":"https:\/\/diarieducacio.cat\/educaciolocal\/#website","url":"https:\/\/diarieducacio.cat\/educaciolocal\/","name":"El blog de l'educaci\u00f3 local","description":"","potentialAction":[{"@type":"SearchAction","target":{"@type":"EntryPoint","urlTemplate":"https:\/\/diarieducacio.cat\/educaciolocal\/?s={search_term_string}"},"query-input":{"@type":"PropertyValueSpecification","valueRequired":true,"valueName":"search_term_string"}}],"inLanguage":"ca"},{"@type":"Person","@id":"https:\/\/diarieducacio.cat\/educaciolocal\/#\/schema\/person\/0ad0c0a995d69637cfe846063c9973fb","name":"Noem\u00ed Creus Mart\u00ed","image":{"@type":"ImageObject","inLanguage":"ca","@id":"https:\/\/diarieducacio.cat\/educaciolocal\/wp-content\/uploads\/sites\/18\/2025\/07\/ncreusmarti_avatar-96x96.png","url":"https:\/\/diarieducacio.cat\/educaciolocal\/wp-content\/uploads\/sites\/18\/2025\/07\/ncreusmarti_avatar-96x96.png","contentUrl":"https:\/\/diarieducacio.cat\/educaciolocal\/wp-content\/uploads\/sites\/18\/2025\/07\/ncreusmarti_avatar-96x96.png","caption":"Noem\u00ed Creus Mart\u00ed"},"description":"Cap d'Unitat de Recursos Educatius de l'\u00c0rea d\u2019Educaci\u00f3 de la Diputaci\u00f3 de Barcelona","url":"https:\/\/diarieducacio.cat\/educaciolocal\/author\/ncreusmarti\/"}]}},"_links":{"self":[{"href":"https:\/\/diarieducacio.cat\/educaciolocal\/wp-json\/wp\/v2\/posts\/4921","targetHints":{"allow":["GET"]}}],"collection":[{"href":"https:\/\/diarieducacio.cat\/educaciolocal\/wp-json\/wp\/v2\/posts"}],"about":[{"href":"https:\/\/diarieducacio.cat\/educaciolocal\/wp-json\/wp\/v2\/types\/post"}],"author":[{"embeddable":true,"href":"https:\/\/diarieducacio.cat\/educaciolocal\/wp-json\/wp\/v2\/users\/2096"}],"replies":[{"embeddable":true,"href":"https:\/\/diarieducacio.cat\/educaciolocal\/wp-json\/wp\/v2\/comments?post=4921"}],"version-history":[{"count":3,"href":"https:\/\/diarieducacio.cat\/educaciolocal\/wp-json\/wp\/v2\/posts\/4921\/revisions"}],"predecessor-version":[{"id":4932,"href":"https:\/\/diarieducacio.cat\/educaciolocal\/wp-json\/wp\/v2\/posts\/4921\/revisions\/4932"}],"wp:featuredmedia":[{"embeddable":true,"href":"https:\/\/diarieducacio.cat\/educaciolocal\/wp-json\/wp\/v2\/media\/4925"}],"wp:attachment":[{"href":"https:\/\/diarieducacio.cat\/educaciolocal\/wp-json\/wp\/v2\/media?parent=4921"}],"wp:term":[{"taxonomy":"category","embeddable":true,"href":"https:\/\/diarieducacio.cat\/educaciolocal\/wp-json\/wp\/v2\/categories?post=4921"},{"taxonomy":"post_tag","embeddable":true,"href":"https:\/\/diarieducacio.cat\/educaciolocal\/wp-json\/wp\/v2\/tags?post=4921"},{"taxonomy":"tipo","embeddable":true,"href":"https:\/\/diarieducacio.cat\/educaciolocal\/wp-json\/wp\/v2\/tipo?post=4921"}],"curies":[{"name":"wp","href":"https:\/\/api.w.org\/{rel}","templated":true}]}}