{"id":5002,"date":"2026-01-29T02:40:00","date_gmt":"2026-01-29T01:40:00","guid":{"rendered":"https:\/\/diarieducacio.cat\/educaciolocal\/?p=5002"},"modified":"2026-01-29T08:16:06","modified_gmt":"2026-01-29T07:16:06","slug":"yayo-herrero-una-ciutat-educadora-es-la-que-posa-les-bases-perque-la-vida-digna-sigui-una-prioritat","status":"publish","type":"post","link":"https:\/\/diarieducacio.cat\/educaciolocal\/2026\/01\/29\/yayo-herrero-una-ciutat-educadora-es-la-que-posa-les-bases-perque-la-vida-digna-sigui-una-prioritat\/","title":{"rendered":"Yayo Herrero: \u201cUna ciutat educadora \u00e9s la que posa les bases perqu\u00e8 la vida digna sigui una prioritat\u201d"},"content":{"rendered":"\n<figure class=\"wp-block-image size-full\"><img fetchpriority=\"high\" decoding=\"async\" width=\"844\" height=\"534\" src=\"https:\/\/diarieducacio.cat\/educaciolocal\/wp-content\/uploads\/sites\/18\/2026\/01\/David-Sabadell-El-Critic3.jpg.jpeg\" alt=\"\" class=\"wp-image-5003\" srcset=\"https:\/\/diarieducacio.cat\/educaciolocal\/wp-content\/uploads\/sites\/18\/2026\/01\/David-Sabadell-El-Critic3.jpg.jpeg 844w, https:\/\/diarieducacio.cat\/educaciolocal\/wp-content\/uploads\/sites\/18\/2026\/01\/David-Sabadell-El-Critic3.jpg-300x190.jpeg 300w, https:\/\/diarieducacio.cat\/educaciolocal\/wp-content\/uploads\/sites\/18\/2026\/01\/David-Sabadell-El-Critic3.jpg-768x486.jpeg 768w, https:\/\/diarieducacio.cat\/educaciolocal\/wp-content\/uploads\/sites\/18\/2026\/01\/David-Sabadell-El-Critic3.jpg-150x95.jpeg 150w, https:\/\/diarieducacio.cat\/educaciolocal\/wp-content\/uploads\/sites\/18\/2026\/01\/David-Sabadell-El-Critic3.jpg-450x285.jpeg 450w\" sizes=\"(max-width: 844px) 100vw, 844px\" \/><figcaption class=\"wp-element-caption\">Autor: David Sabadell<\/figcaption><\/figure>\n\n\n\n<p>Yayo Herrero (Madrid, 1965) \u00e9s investigadora, enginyera t\u00e8cnica agr\u00edcola, professora, activista i una de les veus m\u00e9s influents de l\u2019ecofeminisme a Europa. Parlem amb ella sobre qu\u00e8 s\u00f3n i quin potencial tenen les ciutats educadores i sobre iniciatives i pr\u00e0ctiques inspiradores per a construir comunitats educadores m\u00e9s enll\u00e0 dels murs de les escoles.<\/p>\n\n\n\n<p><strong>Abans de parlar del perqu\u00e8 d\u2019una ciutat educadora, situes el punt de partida en una reflexi\u00f3 pr\u00e8via: cal que reconeguem la vulnerabilitat de la vida humana. A qu\u00e8 et refereixes?<\/strong><\/p>\n\n\n\n<p>Em refereixo al fet que haur\u00edem de ser conscients d&#8217;una cosa que \u00e9s \u00f2bvia per\u00f2 que potser no veiem: els \u00e9ssers humans som dins d\u2019una trama de la vida de la qual en formem part i n&#8217;obtenim absolutament tot el necessari per a viure. Est\u00e0 integrada per aire, per plantes, per microorganismes, per animals\u2026 \u00c9s una trama que s&#8217;autoorganitza: ning\u00fa fabrica l&#8217;aigua, ni l&#8217;oxigen que respirem, ni fa la fotos\u00edntesi per produir aliments. \u00c9s a dir, som radicalment ecodependents.<\/p>\n\n\n\n<p>I d&#8217;altra banda, els \u00e9ssers humans estem encarnats en cossos que s\u00f3n vulnerables; \u00e9s a dir, que necessiten aliment, refugi, habitatge, relacions, cures&#8230; Aix\u00f2 vol dir que no hi ha cap \u00e9sser hum\u00e0 que pugui ser mai completament independent: la vida humana sempre es desenvolupa en una comunitat, en una societat en la qual unes persones s&#8217;ocupen d&#8217;unes altres. Aix\u00f2 vol dir que l\u2019\u00e9sser hum\u00e0, a m\u00e9s d\u2019ecodependent, \u00e9s interdependent.<\/p>\n\n\n\n<p>Per aix\u00f2, cal treballar per a sostenir intencionalment la vida humana i que totes les persones puguem aspirar a tenir una vida decent. \u00c9s a dir, que constru\u00efm economies, pol\u00edtiques i cultures que posin la vida en el centre i es facin c\u00e0rrec d&#8217;aquesta vida vulnerable. Partint d\u2019aqu\u00ed, ja podem preguntar-nos per qu\u00e8 volem construir una ciutat educadora.<\/p>\n\n\n\n<p><strong>Qu\u00e8 significa, llavors, parlar de \u201cciutat educadora\u201d, en aquest context de crisi ecol\u00f2gica i social que vivim?<\/strong><\/p>\n\n\n\n<p>Des que naixem fins que morim, estem aprenent. Necessitem aprendre a viure, a fer absolutament tot. I l&#8217;educaci\u00f3, per tant, \u00e9s un proc\u00e9s que s&#8217;interromp nom\u00e9s amb la mort. En aquest moment, a m\u00e9s, ho fem en un context de profund\u00edssima crisi ecosocial, que es plasma en l&#8217;escalfament global, en la p\u00e8rdua de biodiversitat, en l&#8217;alteraci\u00f3 de cicles naturals dels quals depenem, o en l&#8217;esgotament d&#8217;alguns b\u00e9ns b\u00e0sics finits. Gaireb\u00e9 totes les dades de les quals disposem evidencien com creixen les desigualtats entre pa\u00efsos i tamb\u00e9 dins dels propis pa\u00efsos. Vivim un moment en el qual hi ha moltes persones que tenen feina, per\u00f2 no arriben a final de mes i tenen dificultats per a accedir a l&#8217;habitatge o per a alimentar-se amb aliments suficients i de qualitat. I a m\u00e9s, tal com ha comen\u00e7at l&#8217;any, estem veient com el rearmament, la guerra o la viol\u00e8ncia poden ser respostes dist\u00f2piques a les crisis ecosocials.<\/p>\n\n\n\n<blockquote class=\"wp-block-quote is-layout-flow wp-block-quote-is-layout-flow\">\n<p> Una ciutat educadora \u00e9s una ciutat que acull<\/p>\n<\/blockquote>\n\n\n\n<p>En aquests contextos, quan parlem de ciutat educadora, estem parlant de la possibilitat de construir nuclis de conviv\u00e8ncia, comunitats articulades en ciutats, municipis m\u00e9s petits o zones rurals, en els quals constru\u00efm les possibilitats que fan que la vida digna i de totes les persones sigui una prioritat. Una ciutat educadora \u00e9s una ciutat que posa totes les bases perqu\u00e8 aix\u00f2 sigui possible.<\/p>\n\n\n\n<p>\u00c9s tamb\u00e9 una ciutat que es compromet amb el desenvolupament de totes les habilitats i capacitats, perqu\u00e8 totes les persones siguin corresponsables amb la cura de la vida. Una ciutat educadora \u00e9s una ciutat que acull. I \u00e9s tamb\u00e9 una ciutat que es compromet amb l&#8217;aprenentatge de tot el que fa falta perqu\u00e8 la vida pugui ser viscuda amb dignitat.<\/p>\n\n\n\n<p><strong>Un dels punts clau de la idea de ciutat educadora \u00e9s que ent\u00e9n l&#8217;educaci\u00f3 m\u00e9s enll\u00e0 dels murs de l&#8217;escola. Quines s\u00f3n les claus, segons la teva opini\u00f3, per ampliar la mirada i treballar en base a les diverses comunitats educatives?<\/strong><\/p>\n\n\n\n<p>En primer lloc, hem de recon\u00e8ixer-nos com a subjectes d&#8217;aprenentatge al llarg de tot el nostre cicle vital. \u00c9s a dir, al llarg de la vida aprenem moltes m\u00e9s coses i durant molt m\u00e9s de temps que all\u00f2 que aprenem en el centre escolar, encara que els centres escolars s\u00f3n absolutament crucials per al desenvolupament de vida. Per\u00f2 tamb\u00e9 aprenem als barris, en els nostres entorns i contextos familiars, en els nostres nuclis de conviv\u00e8ncia o a trav\u00e9s dels mitjans de comunicaci\u00f3. Aprenem tamb\u00e9 en els espais d&#8217;oci i temps lliure o en els moviments socials, per exemple, d&#8217;una forma molt intensa. Eduquen tamb\u00e9 les institucions p\u00fabliques, els discursos pol\u00edtics o moltes institucions autoorganitzades en els barris que sostenen la vida. Per tant, la ciutat educadora t\u00e9 una vertebraci\u00f3 important\u00edssima que \u00e9s comunit\u00e0ria i, per aix\u00f2, la creaci\u00f3 i el manteniment de les comunitats \u00e9s absolutament crucial.<\/p>\n\n\n\n<p><strong>I com es construeixen aquestes xarxes en el model urb\u00e0 actual, que es basa sobretot en el consum, en el creixement econ\u00f2mic, i en la concepci\u00f3 de l&#8217;espai p\u00fablic m\u00e9s com a lloc de pas que per a la vida en comunitat?<\/strong><\/p>\n\n\n\n<p>Jo diria que se sost\u00e9 amb molta resist\u00e8ncia, creativitat i tamb\u00e9 amb importants aliances p\u00fablico-comunit\u00e0ries. \u00c9s important que les pol\u00edtiques p\u00fabliques confi\u00efn en la capacitat d&#8217;autoorganitzaci\u00f3 de la gent. Cal despla\u00e7ar les aliances p\u00fablico-privades i centrar-se en aquelles que es fan amb la societat civil organitzada.<\/p>\n\n\n\n<p>En els centres educatius el treball \u00e9s fonamental, per\u00f2 tamb\u00e9 en el que Eric Klinenberg anomena \u201cpalaus del poble\u201d, que s\u00f3n diferents infraestructures com els centres culturals, els poliesportius, les biblioteques p\u00fabliques o els centres de salut. Llocs on, quotidianament, es troben molt\u00edssimes persones i on hi hauria possibilitat de treballar en la l\u00ednia del que propugnen les ciutats educadores.<\/p>\n\n\n\n<blockquote class=\"wp-block-quote is-layout-flow wp-block-quote-is-layout-flow\">\n<p>L&#8217;exist\u00e8ncia de places, de parcs, de llocs d&#8217;oci no monetitzat \u00e9s fonamental<\/p>\n<\/blockquote>\n\n\n\n<p>Diria tamb\u00e9 que hi ha pol\u00edtiques que habitualment no es relacionen tant amb l&#8217;educaci\u00f3, per\u00f2 que s\u00f3n pol\u00edtiques educatives. Per exemple, l&#8217;urbanisme. Tenim ciutats on \u00e9s impossible estar-s\u2019hi, on tota l&#8217;estona cal estar deambulant d&#8217;un costat per a un altre i no hi ha espais que possibilitin la trobada. Algunes persones grans o amb diversitat funcional, per exemple, per anar al seu centre de salut, necessiten for\u00e7osament el cotxe perqu\u00e8 no hi ha els suficients bancs que els permetin seure durant el trajecte.<\/p>\n\n\n\n<p>L&#8217;exist\u00e8ncia de places, de parcs, de llocs d&#8217;oci no monetitzat \u00e9s fonamental. Fins i tot el propi manteniment de bars i cafeteries que, de vegades, compleixen una important funci\u00f3 de servei social. Jo visc en un poble molt petit i aqu\u00ed, els bars compleixen una tasca central. Tamb\u00e9 podria parlar del comer\u00e7 de proximitat i les petites botigues que vertebren i construeixen comunitat. Tot aix\u00f2 ajuda a construir la ciutat educadora.<\/p>\n\n\n\n<figure class=\"wp-block-image size-full\"><img decoding=\"async\" width=\"1024\" height=\"683\" src=\"https:\/\/diarieducacio.cat\/educaciolocal\/wp-content\/uploads\/sites\/18\/2026\/01\/David-Sabadell-El-Critic2.jpg.jpeg\" alt=\"\" class=\"wp-image-5005\" srcset=\"https:\/\/diarieducacio.cat\/educaciolocal\/wp-content\/uploads\/sites\/18\/2026\/01\/David-Sabadell-El-Critic2.jpg.jpeg 1024w, https:\/\/diarieducacio.cat\/educaciolocal\/wp-content\/uploads\/sites\/18\/2026\/01\/David-Sabadell-El-Critic2.jpg-300x200.jpeg 300w, https:\/\/diarieducacio.cat\/educaciolocal\/wp-content\/uploads\/sites\/18\/2026\/01\/David-Sabadell-El-Critic2.jpg-768x512.jpeg 768w, https:\/\/diarieducacio.cat\/educaciolocal\/wp-content\/uploads\/sites\/18\/2026\/01\/David-Sabadell-El-Critic2.jpg-150x100.jpeg 150w, https:\/\/diarieducacio.cat\/educaciolocal\/wp-content\/uploads\/sites\/18\/2026\/01\/David-Sabadell-El-Critic2.jpg-450x300.jpeg 450w\" sizes=\"(max-width: 1024px) 100vw, 1024px\" \/><figcaption class=\"wp-element-caption\">Autor: David Sabadell<\/figcaption><\/figure>\n\n\n\n<p><strong>Has destacat el paper central de les cures en la proposta de la ciutat educadora. Moltes vegades acostumen a quedar fora de les pol\u00edtiques educatives i urbanes en general. Com les situem en el centre?<\/strong><\/p>\n\n\n\n<p>D\u2019entrada, cal anomenar-les. Per exemple, a les escoles es cuida molt\u00edssim. I no nom\u00e9s ho fan els i les docents, sin\u00f3 el personal administratiu o de neteja. Tamb\u00e9 es cuida als centres de salut, assemblees ve\u00efnals, nuclis dom\u00e8stics\u2026 El m\u00e9s important dins d&#8217;una ciutat educadora \u00e9s afavorir i privilegiar totes aquelles activitats que serveixen per a sostenir la vida digna i que moltes vegades estan invisibilitzades.<\/p>\n\n\n\n<p>Aix\u00f2 \u00e9s fonamental en un moment en qu\u00e8 es construeixen discursos basats en la desconfian\u00e7a i en la suposada incapacitat de les persones per a col\u00b7laborar i cooperar, quan l&#8217;experi\u00e8ncia quotidiana \u00e9s justament la contr\u00e0ria. No \u00e9s veritat que les persones siguin desconfiades, individualistes i que no s&#8217;ocupin de ning\u00fa. Si fos aix\u00ed, la gent s&#8217;estaria morint pels racons. En realitat, en molts llocs es cuida de la vida, encara que ens costi veure-ho. Quan alg\u00fa deixa a la seva filla de nom\u00e9s quatre mesos en una escola infantil amb alg\u00fa que no coneix de res, ho est\u00e0 fent perqu\u00e8 en el fons confia que aquesta persona totalment desconeguda cuidar\u00e0 de la seva filla. Quan la gent est\u00e0 d&#8217;acord que existeixin pensions p\u00fabliques \u00e9s perqu\u00e8 som conscients que entre totes ens hem de fer c\u00e0rrec de les persones m\u00e9s grans. \u00c9s a dir, hi ha una cadena d&#8217;interdepend\u00e8ncies que, de vegades, fins i tot s&#8217;ha institucionalitzat, fruit del treball col\u00b7lectiu. Haur\u00edem de defensar aix\u00f2 en un moment en qu\u00e8 van calant els discursos que asseguren que ning\u00fa s&#8217;ajuda, perqu\u00e8 no \u00e9s veritat.<\/p>\n\n\n\n<p><strong>Em podries posar alguns exemples inspiradors que estiguin avan\u00e7ant cap a la ciutat educadora o bones pr\u00e0ctiques en la construcci\u00f3 de comunitats educadores?<\/strong><\/p>\n\n\n\n<p>Per comen\u00e7ar, podem fer un exercici de mem\u00f2ria del moviment ve\u00efnal, no des de la nost\u00e0lgia, sin\u00f3 des de l&#8217;aprenentatge hist\u00f2ric. En el conjunt de l&#8217;Estat espanyol, moltes persones van arribar des dels pobles a la ciutat esperant trobar-hi una utopia i es van trobar fang i llocs sense asfaltar i sense serveis. El treball col\u00b7lectiu ve\u00efnal que es va fer t\u00e9 una part important\u00edssima d&#8217;educaci\u00f3 i de participaci\u00f3. Aquestes associacions ve\u00efnals van ser capaces de generar les transformacions urban\u00edstiques i socials m\u00e9s importants que han existit al nostre pa\u00eds en els \u00faltims 60 anys. Molts d&#8217;aquests moviments ve\u00efnals segueixen organitzats i treballant actualment.<\/p>\n\n\n\n<p>Altres experi\u00e8ncies molt interessants s\u00f3n algunes iniciatives de construcci\u00f3 d&#8217;habitatge en cessi\u00f3 d&#8217;\u00fas. Per exemple, el cas de La Borda, a Barcelona, em sembla un exemple de projecte en el qual la participaci\u00f3 i l&#8217;autoorganitzaci\u00f3 implica ja educaci\u00f3. A m\u00e9s, es produeix una alian\u00e7a entre una instituci\u00f3 p\u00fablica, que cedeix el terreny en unes determinades condicions, i una comunitat, que construeix el seu habitatge amb uns criteris lligats directament a l&#8217;\u00fas, fora del mercat privat.<\/p>\n\n\n\n<blockquote class=\"wp-block-quote is-layout-flow wp-block-quote-is-layout-flow\">\n<p>A les escoles es cuida molt\u00edssim<\/p>\n<\/blockquote>\n\n\n\n<p>Em sembla tamb\u00e9 molt interessant el projecte Comunalitats urbanes, a Catalunya, que ha aconseguit una associaci\u00f3 entre l&#8217;economia social i solid\u00e0ria i la instituci\u00f3 per transformar municipis i barris. De fet, em sembla que tot el que s&#8217;ha aconseguit fer al voltant de l&#8217;economia social i solid\u00e0ria, especialment a Catalunya, \u00e9s molt potent. Haver constru\u00eft cooperatives de serveis financers, de serveis energ\u00e8tics o de mobilitat s\u00f3n maneres d&#8217;autoorganitzar-se i autoeducar-se profundament inspiradores.<\/p>\n\n\n\n<p><strong>Hi ha molts agents educadors que es troben en municipis petits, tant en els centres educatius, com dins dels ajuntaments. Per on creus que podrien comen\u00e7ar per a construir ciutats educadores i impulsar aquestes transformacions de les quals hem parlat des de les seves realitats locals?<\/strong><\/p>\n\n\n\n<p>Jo diria que cal comen\u00e7ar per una cosa tan fonamental com canviar la mirada. Vivim en un marc cultural en el qual ens hem educat mirant la Terra des de la superioritat i la instrumentalitzaci\u00f3, com si no en form\u00e9ssim part. En aquest marc, no parlem de que el planeta t\u00e9 l\u00edmits f\u00edsics ni de que els \u00e9ssers humans som interdependents i incapa\u00e7os de viure en solitari, per m\u00e9s que tinguis un sou alt\u00edssim o et consideris un subjecte plenament independent.<\/p>\n\n\n\n<p>En la meva experi\u00e8ncia, quan he treballat amb governs municipals en diferents \u00e0mbits (economia, serveis socials o urbanisme) ha estat fonamental partir d&#8217;aqu\u00ed: de comprendre que els discursos d&#8217;odi que afloren o les pol\u00edtiques de guerra i rearmament s\u00f3n una resposta a la crisi d&#8217;un model que ha creat una manera d&#8217;organitzar la vida en com\u00fa que dona l&#8217;esquena a la comunitat i a la natura.<\/p>\n\n\n\n<p>\u00c9s dif\u00edcil comen\u00e7ar a fer res que no sigui reproduir el mateix que hem fet sempre, encara que sigui amb bona intenci\u00f3, sense partir d&#8217;aqu\u00ed. Perqu\u00e8 fins i tot all\u00f2 que considerem alternatiu energ\u00e8ticament, socialment o aliment\u00e0riament, es pot transformar en una cosa monstruosa si no s&#8217;\u00e9s conscient de la situaci\u00f3 de limitaci\u00f3 i de col\u00b7lapse al qual hem arribat per estar en guerra contra la vida.<\/p>\n\n\n\n<p><\/p>\n","protected":false},"excerpt":{"rendered":"<p>Yayo Herrero (Madrid, 1965) \u00e9s investigadora, enginyera t\u00e8cnica agr\u00edcola, professora, activista i una de les veus m\u00e9s influents de l\u2019ecofeminisme a Europa. Parlem amb ella sobre qu\u00e8 s\u00f3n i quin potencial tenen les ciutats educadores i sobre iniciatives i pr\u00e0ctiques inspiradores per a construir comunitats educadores m\u00e9s enll\u00e0 dels murs de les escoles. Abans de<\/p>\n","protected":false},"author":2150,"featured_media":5003,"comment_status":"open","ping_status":"open","sticky":false,"template":"","format":"standard","meta":{"footnotes":""},"categories":[112],"tags":[114],"tipo":[393],"class_list":{"0":"post-5002","1":"post","2":"type-post","3":"status-publish","4":"format-standard","5":"has-post-thumbnail","7":"category-ciutat-educadora","8":"tag-ciutats-educadores","9":"tipo-entrevista"},"yoast_head":"<!-- This site is optimized with the Yoast SEO plugin v27.4 - https:\/\/yoast.com\/product\/yoast-seo-wordpress\/ -->\n<title>Yayo Herrero: \u201cUna ciutat educadora \u00e9s la que posa les bases perqu\u00e8 la vida digna sigui una prioritat\u201d - El blog de l&#039;educaci\u00f3 local<\/title>\n<meta name=\"robots\" content=\"index, follow, max-snippet:-1, max-image-preview:large, max-video-preview:-1\" \/>\n<link rel=\"canonical\" href=\"https:\/\/diarieducacio.cat\/educaciolocal\/2026\/01\/29\/yayo-herrero-una-ciutat-educadora-es-la-que-posa-les-bases-perque-la-vida-digna-sigui-una-prioritat\/\" \/>\n<meta property=\"og:locale\" content=\"ca_ES\" \/>\n<meta property=\"og:type\" content=\"article\" \/>\n<meta property=\"og:title\" content=\"Yayo Herrero: \u201cUna ciutat educadora \u00e9s la que posa les bases perqu\u00e8 la vida digna sigui una prioritat\u201d - El blog de l&#039;educaci\u00f3 local\" \/>\n<meta property=\"og:description\" content=\"Yayo Herrero (Madrid, 1965) \u00e9s investigadora, enginyera t\u00e8cnica agr\u00edcola, professora, activista i una de les veus m\u00e9s influents de l\u2019ecofeminisme a Europa. Parlem amb ella sobre qu\u00e8 s\u00f3n i quin potencial tenen les ciutats educadores i sobre iniciatives i pr\u00e0ctiques inspiradores per a construir comunitats educadores m\u00e9s enll\u00e0 dels murs de les escoles. Abans de\" \/>\n<meta property=\"og:url\" content=\"https:\/\/diarieducacio.cat\/educaciolocal\/2026\/01\/29\/yayo-herrero-una-ciutat-educadora-es-la-que-posa-les-bases-perque-la-vida-digna-sigui-una-prioritat\/\" \/>\n<meta property=\"og:site_name\" content=\"El blog de l&#039;educaci\u00f3 local\" \/>\n<meta property=\"article:publisher\" content=\"https:\/\/www.facebook.com\/diarieducacio\/\" \/>\n<meta property=\"article:published_time\" content=\"2026-01-29T01:40:00+00:00\" \/>\n<meta property=\"article:modified_time\" content=\"2026-01-29T07:16:06+00:00\" \/>\n<meta property=\"og:image\" content=\"https:\/\/diarieducacio.cat\/educaciolocal\/wp-content\/uploads\/sites\/18\/2026\/01\/David-Sabadell-El-Critic3.jpg.jpeg\" \/>\n\t<meta property=\"og:image:width\" content=\"844\" \/>\n\t<meta property=\"og:image:height\" content=\"534\" \/>\n\t<meta property=\"og:image:type\" content=\"image\/jpeg\" \/>\n<meta name=\"author\" content=\"V\u00edctor Yustres\" \/>\n<meta name=\"twitter:card\" content=\"summary_large_image\" \/>\n<meta name=\"twitter:creator\" content=\"@DiariEducacio\" \/>\n<meta name=\"twitter:site\" content=\"@DiariEducacio\" \/>\n<meta name=\"twitter:label1\" content=\"Escrit per\" \/>\n\t<meta name=\"twitter:data1\" content=\"V\u00edctor Yustres\" \/>\n\t<meta name=\"twitter:label2\" content=\"Temps estimat de lectura\" \/>\n\t<meta name=\"twitter:data2\" content=\"11 minuts\" \/>\n<script type=\"application\/ld+json\" class=\"yoast-schema-graph\">{\"@context\":\"https:\\\/\\\/schema.org\",\"@graph\":[{\"@type\":\"Article\",\"@id\":\"https:\\\/\\\/diarieducacio.cat\\\/educaciolocal\\\/2026\\\/01\\\/29\\\/yayo-herrero-una-ciutat-educadora-es-la-que-posa-les-bases-perque-la-vida-digna-sigui-una-prioritat\\\/#article\",\"isPartOf\":{\"@id\":\"https:\\\/\\\/diarieducacio.cat\\\/educaciolocal\\\/2026\\\/01\\\/29\\\/yayo-herrero-una-ciutat-educadora-es-la-que-posa-les-bases-perque-la-vida-digna-sigui-una-prioritat\\\/\"},\"author\":{\"name\":\"V\u00edctor Yustres\",\"@id\":\"https:\\\/\\\/diarieducacio.cat\\\/educaciolocal\\\/#\\\/schema\\\/person\\\/e226d6648120f7152b2fa73367610354\"},\"headline\":\"Yayo Herrero: \u201cUna ciutat educadora \u00e9s la que posa les bases perqu\u00e8 la vida digna sigui una prioritat\u201d\",\"datePublished\":\"2026-01-29T01:40:00+00:00\",\"dateModified\":\"2026-01-29T07:16:06+00:00\",\"mainEntityOfPage\":{\"@id\":\"https:\\\/\\\/diarieducacio.cat\\\/educaciolocal\\\/2026\\\/01\\\/29\\\/yayo-herrero-una-ciutat-educadora-es-la-que-posa-les-bases-perque-la-vida-digna-sigui-una-prioritat\\\/\"},\"wordCount\":2131,\"commentCount\":0,\"image\":{\"@id\":\"https:\\\/\\\/diarieducacio.cat\\\/educaciolocal\\\/2026\\\/01\\\/29\\\/yayo-herrero-una-ciutat-educadora-es-la-que-posa-les-bases-perque-la-vida-digna-sigui-una-prioritat\\\/#primaryimage\"},\"thumbnailUrl\":\"https:\\\/\\\/diarieducacio.cat\\\/educaciolocal\\\/wp-content\\\/uploads\\\/sites\\\/18\\\/2026\\\/01\\\/David-Sabadell-El-Critic3.jpg.jpeg\",\"keywords\":[\"Ciutats Educadores\"],\"articleSection\":[\"Ciutat Educadora\"],\"inLanguage\":\"ca\",\"potentialAction\":[{\"@type\":\"CommentAction\",\"name\":\"Comment\",\"target\":[\"https:\\\/\\\/diarieducacio.cat\\\/educaciolocal\\\/2026\\\/01\\\/29\\\/yayo-herrero-una-ciutat-educadora-es-la-que-posa-les-bases-perque-la-vida-digna-sigui-una-prioritat\\\/#respond\"]}]},{\"@type\":\"WebPage\",\"@id\":\"https:\\\/\\\/diarieducacio.cat\\\/educaciolocal\\\/2026\\\/01\\\/29\\\/yayo-herrero-una-ciutat-educadora-es-la-que-posa-les-bases-perque-la-vida-digna-sigui-una-prioritat\\\/\",\"url\":\"https:\\\/\\\/diarieducacio.cat\\\/educaciolocal\\\/2026\\\/01\\\/29\\\/yayo-herrero-una-ciutat-educadora-es-la-que-posa-les-bases-perque-la-vida-digna-sigui-una-prioritat\\\/\",\"name\":\"Yayo Herrero: \u201cUna ciutat educadora \u00e9s la que posa les bases perqu\u00e8 la vida digna sigui una prioritat\u201d - El blog de l'educaci\u00f3 local\",\"isPartOf\":{\"@id\":\"https:\\\/\\\/diarieducacio.cat\\\/educaciolocal\\\/#website\"},\"primaryImageOfPage\":{\"@id\":\"https:\\\/\\\/diarieducacio.cat\\\/educaciolocal\\\/2026\\\/01\\\/29\\\/yayo-herrero-una-ciutat-educadora-es-la-que-posa-les-bases-perque-la-vida-digna-sigui-una-prioritat\\\/#primaryimage\"},\"image\":{\"@id\":\"https:\\\/\\\/diarieducacio.cat\\\/educaciolocal\\\/2026\\\/01\\\/29\\\/yayo-herrero-una-ciutat-educadora-es-la-que-posa-les-bases-perque-la-vida-digna-sigui-una-prioritat\\\/#primaryimage\"},\"thumbnailUrl\":\"https:\\\/\\\/diarieducacio.cat\\\/educaciolocal\\\/wp-content\\\/uploads\\\/sites\\\/18\\\/2026\\\/01\\\/David-Sabadell-El-Critic3.jpg.jpeg\",\"datePublished\":\"2026-01-29T01:40:00+00:00\",\"dateModified\":\"2026-01-29T07:16:06+00:00\",\"author\":{\"@id\":\"https:\\\/\\\/diarieducacio.cat\\\/educaciolocal\\\/#\\\/schema\\\/person\\\/e226d6648120f7152b2fa73367610354\"},\"breadcrumb\":{\"@id\":\"https:\\\/\\\/diarieducacio.cat\\\/educaciolocal\\\/2026\\\/01\\\/29\\\/yayo-herrero-una-ciutat-educadora-es-la-que-posa-les-bases-perque-la-vida-digna-sigui-una-prioritat\\\/#breadcrumb\"},\"inLanguage\":\"ca\",\"potentialAction\":[{\"@type\":\"ReadAction\",\"target\":[\"https:\\\/\\\/diarieducacio.cat\\\/educaciolocal\\\/2026\\\/01\\\/29\\\/yayo-herrero-una-ciutat-educadora-es-la-que-posa-les-bases-perque-la-vida-digna-sigui-una-prioritat\\\/\"]}]},{\"@type\":\"ImageObject\",\"inLanguage\":\"ca\",\"@id\":\"https:\\\/\\\/diarieducacio.cat\\\/educaciolocal\\\/2026\\\/01\\\/29\\\/yayo-herrero-una-ciutat-educadora-es-la-que-posa-les-bases-perque-la-vida-digna-sigui-una-prioritat\\\/#primaryimage\",\"url\":\"https:\\\/\\\/diarieducacio.cat\\\/educaciolocal\\\/wp-content\\\/uploads\\\/sites\\\/18\\\/2026\\\/01\\\/David-Sabadell-El-Critic3.jpg.jpeg\",\"contentUrl\":\"https:\\\/\\\/diarieducacio.cat\\\/educaciolocal\\\/wp-content\\\/uploads\\\/sites\\\/18\\\/2026\\\/01\\\/David-Sabadell-El-Critic3.jpg.jpeg\",\"width\":844,\"height\":534},{\"@type\":\"BreadcrumbList\",\"@id\":\"https:\\\/\\\/diarieducacio.cat\\\/educaciolocal\\\/2026\\\/01\\\/29\\\/yayo-herrero-una-ciutat-educadora-es-la-que-posa-les-bases-perque-la-vida-digna-sigui-una-prioritat\\\/#breadcrumb\",\"itemListElement\":[{\"@type\":\"ListItem\",\"position\":1,\"name\":\"Inici\",\"item\":\"https:\\\/\\\/diarieducacio.cat\\\/educaciolocal\\\/\"},{\"@type\":\"ListItem\",\"position\":2,\"name\":\"Yayo Herrero: \u201cUna ciutat educadora \u00e9s la que posa les bases perqu\u00e8 la vida digna sigui una prioritat\u201d\"}]},{\"@type\":\"WebSite\",\"@id\":\"https:\\\/\\\/diarieducacio.cat\\\/educaciolocal\\\/#website\",\"url\":\"https:\\\/\\\/diarieducacio.cat\\\/educaciolocal\\\/\",\"name\":\"El blog de l'educaci\u00f3 local\",\"description\":\"\",\"potentialAction\":[{\"@type\":\"SearchAction\",\"target\":{\"@type\":\"EntryPoint\",\"urlTemplate\":\"https:\\\/\\\/diarieducacio.cat\\\/educaciolocal\\\/?s={search_term_string}\"},\"query-input\":{\"@type\":\"PropertyValueSpecification\",\"valueRequired\":true,\"valueName\":\"search_term_string\"}}],\"inLanguage\":\"ca\"},{\"@type\":\"Person\",\"@id\":\"https:\\\/\\\/diarieducacio.cat\\\/educaciolocal\\\/#\\\/schema\\\/person\\\/e226d6648120f7152b2fa73367610354\",\"name\":\"V\u00edctor Yustres\",\"image\":{\"@type\":\"ImageObject\",\"inLanguage\":\"ca\",\"@id\":\"https:\\\/\\\/secure.gravatar.com\\\/avatar\\\/24cc969c6c1a72485eceed9fe67d804f66f11f86caf883726c786277bd9a239a?s=96&d=mm&r=g\",\"url\":\"https:\\\/\\\/secure.gravatar.com\\\/avatar\\\/24cc969c6c1a72485eceed9fe67d804f66f11f86caf883726c786277bd9a239a?s=96&d=mm&r=g\",\"contentUrl\":\"https:\\\/\\\/secure.gravatar.com\\\/avatar\\\/24cc969c6c1a72485eceed9fe67d804f66f11f86caf883726c786277bd9a239a?s=96&d=mm&r=g\",\"caption\":\"V\u00edctor Yustres\"},\"url\":\"https:\\\/\\\/diarieducacio.cat\\\/educaciolocal\\\/author\\\/vyustres\\\/\"}]}<\/script>\n<!-- \/ Yoast SEO plugin. -->","yoast_head_json":{"title":"Yayo Herrero: \u201cUna ciutat educadora \u00e9s la que posa les bases perqu\u00e8 la vida digna sigui una prioritat\u201d - El blog de l'educaci\u00f3 local","robots":{"index":"index","follow":"follow","max-snippet":"max-snippet:-1","max-image-preview":"max-image-preview:large","max-video-preview":"max-video-preview:-1"},"canonical":"https:\/\/diarieducacio.cat\/educaciolocal\/2026\/01\/29\/yayo-herrero-una-ciutat-educadora-es-la-que-posa-les-bases-perque-la-vida-digna-sigui-una-prioritat\/","og_locale":"ca_ES","og_type":"article","og_title":"Yayo Herrero: \u201cUna ciutat educadora \u00e9s la que posa les bases perqu\u00e8 la vida digna sigui una prioritat\u201d - El blog de l'educaci\u00f3 local","og_description":"Yayo Herrero (Madrid, 1965) \u00e9s investigadora, enginyera t\u00e8cnica agr\u00edcola, professora, activista i una de les veus m\u00e9s influents de l\u2019ecofeminisme a Europa. Parlem amb ella sobre qu\u00e8 s\u00f3n i quin potencial tenen les ciutats educadores i sobre iniciatives i pr\u00e0ctiques inspiradores per a construir comunitats educadores m\u00e9s enll\u00e0 dels murs de les escoles. Abans de","og_url":"https:\/\/diarieducacio.cat\/educaciolocal\/2026\/01\/29\/yayo-herrero-una-ciutat-educadora-es-la-que-posa-les-bases-perque-la-vida-digna-sigui-una-prioritat\/","og_site_name":"El blog de l'educaci\u00f3 local","article_publisher":"https:\/\/www.facebook.com\/diarieducacio\/","article_published_time":"2026-01-29T01:40:00+00:00","article_modified_time":"2026-01-29T07:16:06+00:00","og_image":[{"width":844,"height":534,"url":"https:\/\/diarieducacio.cat\/educaciolocal\/wp-content\/uploads\/sites\/18\/2026\/01\/David-Sabadell-El-Critic3.jpg.jpeg","type":"image\/jpeg"}],"author":"V\u00edctor Yustres","twitter_card":"summary_large_image","twitter_creator":"@DiariEducacio","twitter_site":"@DiariEducacio","twitter_misc":{"Escrit per":"V\u00edctor Yustres","Temps estimat de lectura":"11 minuts"},"schema":{"@context":"https:\/\/schema.org","@graph":[{"@type":"Article","@id":"https:\/\/diarieducacio.cat\/educaciolocal\/2026\/01\/29\/yayo-herrero-una-ciutat-educadora-es-la-que-posa-les-bases-perque-la-vida-digna-sigui-una-prioritat\/#article","isPartOf":{"@id":"https:\/\/diarieducacio.cat\/educaciolocal\/2026\/01\/29\/yayo-herrero-una-ciutat-educadora-es-la-que-posa-les-bases-perque-la-vida-digna-sigui-una-prioritat\/"},"author":{"name":"V\u00edctor Yustres","@id":"https:\/\/diarieducacio.cat\/educaciolocal\/#\/schema\/person\/e226d6648120f7152b2fa73367610354"},"headline":"Yayo Herrero: \u201cUna ciutat educadora \u00e9s la que posa les bases perqu\u00e8 la vida digna sigui una prioritat\u201d","datePublished":"2026-01-29T01:40:00+00:00","dateModified":"2026-01-29T07:16:06+00:00","mainEntityOfPage":{"@id":"https:\/\/diarieducacio.cat\/educaciolocal\/2026\/01\/29\/yayo-herrero-una-ciutat-educadora-es-la-que-posa-les-bases-perque-la-vida-digna-sigui-una-prioritat\/"},"wordCount":2131,"commentCount":0,"image":{"@id":"https:\/\/diarieducacio.cat\/educaciolocal\/2026\/01\/29\/yayo-herrero-una-ciutat-educadora-es-la-que-posa-les-bases-perque-la-vida-digna-sigui-una-prioritat\/#primaryimage"},"thumbnailUrl":"https:\/\/diarieducacio.cat\/educaciolocal\/wp-content\/uploads\/sites\/18\/2026\/01\/David-Sabadell-El-Critic3.jpg.jpeg","keywords":["Ciutats Educadores"],"articleSection":["Ciutat Educadora"],"inLanguage":"ca","potentialAction":[{"@type":"CommentAction","name":"Comment","target":["https:\/\/diarieducacio.cat\/educaciolocal\/2026\/01\/29\/yayo-herrero-una-ciutat-educadora-es-la-que-posa-les-bases-perque-la-vida-digna-sigui-una-prioritat\/#respond"]}]},{"@type":"WebPage","@id":"https:\/\/diarieducacio.cat\/educaciolocal\/2026\/01\/29\/yayo-herrero-una-ciutat-educadora-es-la-que-posa-les-bases-perque-la-vida-digna-sigui-una-prioritat\/","url":"https:\/\/diarieducacio.cat\/educaciolocal\/2026\/01\/29\/yayo-herrero-una-ciutat-educadora-es-la-que-posa-les-bases-perque-la-vida-digna-sigui-una-prioritat\/","name":"Yayo Herrero: \u201cUna ciutat educadora \u00e9s la que posa les bases perqu\u00e8 la vida digna sigui una prioritat\u201d - El blog de l'educaci\u00f3 local","isPartOf":{"@id":"https:\/\/diarieducacio.cat\/educaciolocal\/#website"},"primaryImageOfPage":{"@id":"https:\/\/diarieducacio.cat\/educaciolocal\/2026\/01\/29\/yayo-herrero-una-ciutat-educadora-es-la-que-posa-les-bases-perque-la-vida-digna-sigui-una-prioritat\/#primaryimage"},"image":{"@id":"https:\/\/diarieducacio.cat\/educaciolocal\/2026\/01\/29\/yayo-herrero-una-ciutat-educadora-es-la-que-posa-les-bases-perque-la-vida-digna-sigui-una-prioritat\/#primaryimage"},"thumbnailUrl":"https:\/\/diarieducacio.cat\/educaciolocal\/wp-content\/uploads\/sites\/18\/2026\/01\/David-Sabadell-El-Critic3.jpg.jpeg","datePublished":"2026-01-29T01:40:00+00:00","dateModified":"2026-01-29T07:16:06+00:00","author":{"@id":"https:\/\/diarieducacio.cat\/educaciolocal\/#\/schema\/person\/e226d6648120f7152b2fa73367610354"},"breadcrumb":{"@id":"https:\/\/diarieducacio.cat\/educaciolocal\/2026\/01\/29\/yayo-herrero-una-ciutat-educadora-es-la-que-posa-les-bases-perque-la-vida-digna-sigui-una-prioritat\/#breadcrumb"},"inLanguage":"ca","potentialAction":[{"@type":"ReadAction","target":["https:\/\/diarieducacio.cat\/educaciolocal\/2026\/01\/29\/yayo-herrero-una-ciutat-educadora-es-la-que-posa-les-bases-perque-la-vida-digna-sigui-una-prioritat\/"]}]},{"@type":"ImageObject","inLanguage":"ca","@id":"https:\/\/diarieducacio.cat\/educaciolocal\/2026\/01\/29\/yayo-herrero-una-ciutat-educadora-es-la-que-posa-les-bases-perque-la-vida-digna-sigui-una-prioritat\/#primaryimage","url":"https:\/\/diarieducacio.cat\/educaciolocal\/wp-content\/uploads\/sites\/18\/2026\/01\/David-Sabadell-El-Critic3.jpg.jpeg","contentUrl":"https:\/\/diarieducacio.cat\/educaciolocal\/wp-content\/uploads\/sites\/18\/2026\/01\/David-Sabadell-El-Critic3.jpg.jpeg","width":844,"height":534},{"@type":"BreadcrumbList","@id":"https:\/\/diarieducacio.cat\/educaciolocal\/2026\/01\/29\/yayo-herrero-una-ciutat-educadora-es-la-que-posa-les-bases-perque-la-vida-digna-sigui-una-prioritat\/#breadcrumb","itemListElement":[{"@type":"ListItem","position":1,"name":"Inici","item":"https:\/\/diarieducacio.cat\/educaciolocal\/"},{"@type":"ListItem","position":2,"name":"Yayo Herrero: \u201cUna ciutat educadora \u00e9s la que posa les bases perqu\u00e8 la vida digna sigui una prioritat\u201d"}]},{"@type":"WebSite","@id":"https:\/\/diarieducacio.cat\/educaciolocal\/#website","url":"https:\/\/diarieducacio.cat\/educaciolocal\/","name":"El blog de l'educaci\u00f3 local","description":"","potentialAction":[{"@type":"SearchAction","target":{"@type":"EntryPoint","urlTemplate":"https:\/\/diarieducacio.cat\/educaciolocal\/?s={search_term_string}"},"query-input":{"@type":"PropertyValueSpecification","valueRequired":true,"valueName":"search_term_string"}}],"inLanguage":"ca"},{"@type":"Person","@id":"https:\/\/diarieducacio.cat\/educaciolocal\/#\/schema\/person\/e226d6648120f7152b2fa73367610354","name":"V\u00edctor Yustres","image":{"@type":"ImageObject","inLanguage":"ca","@id":"https:\/\/secure.gravatar.com\/avatar\/24cc969c6c1a72485eceed9fe67d804f66f11f86caf883726c786277bd9a239a?s=96&d=mm&r=g","url":"https:\/\/secure.gravatar.com\/avatar\/24cc969c6c1a72485eceed9fe67d804f66f11f86caf883726c786277bd9a239a?s=96&d=mm&r=g","contentUrl":"https:\/\/secure.gravatar.com\/avatar\/24cc969c6c1a72485eceed9fe67d804f66f11f86caf883726c786277bd9a239a?s=96&d=mm&r=g","caption":"V\u00edctor Yustres"},"url":"https:\/\/diarieducacio.cat\/educaciolocal\/author\/vyustres\/"}]}},"_links":{"self":[{"href":"https:\/\/diarieducacio.cat\/educaciolocal\/wp-json\/wp\/v2\/posts\/5002","targetHints":{"allow":["GET"]}}],"collection":[{"href":"https:\/\/diarieducacio.cat\/educaciolocal\/wp-json\/wp\/v2\/posts"}],"about":[{"href":"https:\/\/diarieducacio.cat\/educaciolocal\/wp-json\/wp\/v2\/types\/post"}],"author":[{"embeddable":true,"href":"https:\/\/diarieducacio.cat\/educaciolocal\/wp-json\/wp\/v2\/users\/2150"}],"replies":[{"embeddable":true,"href":"https:\/\/diarieducacio.cat\/educaciolocal\/wp-json\/wp\/v2\/comments?post=5002"}],"version-history":[{"count":27,"href":"https:\/\/diarieducacio.cat\/educaciolocal\/wp-json\/wp\/v2\/posts\/5002\/revisions"}],"predecessor-version":[{"id":5035,"href":"https:\/\/diarieducacio.cat\/educaciolocal\/wp-json\/wp\/v2\/posts\/5002\/revisions\/5035"}],"wp:featuredmedia":[{"embeddable":true,"href":"https:\/\/diarieducacio.cat\/educaciolocal\/wp-json\/wp\/v2\/media\/5003"}],"wp:attachment":[{"href":"https:\/\/diarieducacio.cat\/educaciolocal\/wp-json\/wp\/v2\/media?parent=5002"}],"wp:term":[{"taxonomy":"category","embeddable":true,"href":"https:\/\/diarieducacio.cat\/educaciolocal\/wp-json\/wp\/v2\/categories?post=5002"},{"taxonomy":"post_tag","embeddable":true,"href":"https:\/\/diarieducacio.cat\/educaciolocal\/wp-json\/wp\/v2\/tags?post=5002"},{"taxonomy":"tipo","embeddable":true,"href":"https:\/\/diarieducacio.cat\/educaciolocal\/wp-json\/wp\/v2\/tipo?post=5002"}],"curies":[{"name":"wp","href":"https:\/\/api.w.org\/{rel}","templated":true}]}}