{"id":5132,"date":"2026-03-13T04:00:00","date_gmt":"2026-03-13T03:00:00","guid":{"rendered":"https:\/\/diarieducacio.cat\/educaciolocal\/?p=5132"},"modified":"2026-03-12T09:14:02","modified_gmt":"2026-03-12T08:14:02","slug":"lescola-rural-una-eina-darrelament","status":"publish","type":"post","link":"https:\/\/diarieducacio.cat\/educaciolocal\/2026\/03\/13\/lescola-rural-una-eina-darrelament\/","title":{"rendered":"L&#8217;escola rural, una eina d&#8217;arrelament"},"content":{"rendered":"\n<p>L\u2019escola rural no \u00e9s simplement un centre educatiu de dimensions redu\u00efdes o una versi\u00f3 a petita escala d\u2019una escola urbana; constitueix una realitat educativa singular amb una estructura organitzativa adaptada a les necessitats del territori que esdev\u00e9 un dels principals motors socials, culturals i d\u2019identitat dels pobles, sobretot d\u2019aquells amb baixa densitat demogr\u00e0fica. Lluny de ser un centre de petites dimensions i a\u00efllat, la seva vinculaci\u00f3 amb la comunitat \u00e9s estreta i bidireccional, actuant com un agent de cohesi\u00f3 social. Per exemple,\u00a0la participaci\u00f3 activa en celebracions populars, festes tradicionals (com castanyades, carnestoltes, festes majors o Nadal) tallers entre generacions i iniciatives culturals del municipi refor\u00e7a el sentiment de pertinen\u00e7a i contribueix a la transmissi\u00f3 del patrimoni social, natural, cultural i de la mem\u00f2ria col\u00b7lectiva de cada territori.<\/p>\n\n\n\n<p>Des d\u2019una perspectiva sociol\u00f2gica, la pres\u00e8ncia d\u2019una escola en un municipi \u00e9s un factor clau per a la fixaci\u00f3 de poblaci\u00f3 jove, essent una eina indispensable per evitar el despoblament i mantenir la vitalitat econ\u00f2mica del municipi. Tanmateix, el repte \u00e9s maj\u00fascul: actualment, m\u00e9s de 200 municipis catalans ja no tenen escola i una cinquantena m\u00e9s es troben en perill de tancar si baixen del m\u00ednim de cinc alumnes.<\/p>\n\n\n\n<h2 class=\"wp-block-heading\"><strong>La singularitat de l\u2019escola rural i les ZERs<\/strong><strong><\/strong><\/h2>\n\n\n\n<p>Des del punt de vista pedag\u00f2gic, l\u2019escola rural es distingeix habitualment per l\u2019organitzaci\u00f3 en aules multigrau, on infants de diferents edats comparteixen sabers i vida. Aquesta caracter\u00edstica la converteix en una escola amb unes especificitats pr\u00f2pies, amb una estructura que permet r\u00e0tios redu\u00efdes que faciliten una atenci\u00f3 personalitzada i metodologies actives i cooperatives on l\u2019entorn de l\u2019escola, social, cultural i patrimonial es converteix en un recurs pedag\u00f2gic de primer ordre. Alhora, permet una gesti\u00f3 flexible del temps i dels espais, que tamb\u00e9 es poden posar a disposici\u00f3 de la ciutadania fora de l\u2019horari escolar.\u00a0A Catalunya, les escoles rurals s\u2019articulen principalment mitjan\u00e7ant les 85 Zones Escolars Rurals (ZER), que agrupen un total de 282 centres per optimitzar recursos humans i materials sense perdre la identitat de cada poble, mentre que una seixantena d\u2019escoles m\u00e9s funcionen de manera independent.<\/p>\n\n\n\n<h2 class=\"wp-block-heading\"><strong>L&#8217;Agenda Rural i l&#8217;Estatut de Municipis Rurals<\/strong><strong><\/strong><\/h2>\n\n\n\n<p>Per donar resposta a les necessitats educatives dels territoris rurals,<a href=\"https:\/\/agricultura.gencat.cat\/ca\/ambits\/desenvolupament-rural\/agenda-rural\/index.html\" target=\"_blank\" rel=\"noreferrer noopener\"><u>\u00a0l\u2019Agenda Rural de Catalunya<\/u><\/a>\u00a0ha situat l\u2019educaci\u00f3 com un eix estrat\u00e8gic. Concretament, dins del seu Repte 1, Persones, benestar i repte demogr\u00e0fic, es recullen un total de 32 accions destinades a adaptar i enfortir el sistema p\u00fablic d\u2019educaci\u00f3 al m\u00f3n rural i que van ser escollides a partir de la feina feta des del Secretariat d\u2019Escola Rural i altres entitats de la Comissi\u00f3 Motora de l\u2019Agenda Rural, que aglutina m\u00e9s de 40 entitats de la societat civil. Aquestes accions es classifiquen en set grans blocs i fan refer\u00e8ncia a:<\/p>\n\n\n\n<ul class=\"wp-block-list\">\n<li>Garantir l\u2019acc\u00e9s a l\u2019escola p\u00fablica.<\/li>\n\n\n\n<li>Potenciar el territori educador.<\/li>\n\n\n\n<li>Promoure la innovaci\u00f3 a l\u2019escola rural.<\/li>\n\n\n\n<li>Adequar les infraestructures i els serveis escolars.<\/li>\n\n\n\n<li>Promoure la igualtat d\u2019oportunitats educatives i el paper de les extraescolars.<\/li>\n\n\n\n<li>Ampliar i garantir l\u2019acc\u00e9s a l\u2019oferta educativa postobligat\u00f2ria.<\/li>\n\n\n\n<li>Promoure projectes formatius al llarg de la vida.<\/li>\n<\/ul>\n\n\n\n<p>Alhora, un dels grans temes que identifica l\u2019Agenda Rural \u00e9s la formaci\u00f3 inicial i permanent del professorat destinat a les escoles rurals, que ha d\u2019estar adaptada a les caracter\u00edstiques d\u2019aquests centres i que \u00e9s la base per garantir un model organitzatiu, les ZER i les escoles rurals que, com s\u2019ha dit, t\u00e9 una singularitat especial.<\/p>\n\n\n\n<p>Algunes de les demandes que fa l\u2019Agenda Rural han quedat recollides normativament en l&#8217;<a href=\"https:\/\/portaljuridic.gencat.cat\/ca\/document-del-pjur\/?documentId=1021142\" target=\"_blank\" rel=\"noreferrer noopener\"><u>Estatut de Municipis Rurals<\/u><\/a>\u00a0(articles 43 i 44) que al mateix temps \u00e9s un dels resultats destacats de la mateixa Agenda Rural, i que estableix que l\u2019Administraci\u00f3 ha de prioritzar l&#8217;exist\u00e8ncia d&#8217;una escola a cada municipi per damunt de grans centres comarcals o el trasllat d&#8217;alumnes. A m\u00e9s, l&#8217;Estatut crea mecanismes de finan\u00e7ament extraordinari perqu\u00e8 els ajuntaments puguin cobrir les despeses de conservaci\u00f3, manteniment i subministraments energ\u00e8tics dels centres, garantint l\u2019equitat respecte a les zones urbanes.<\/p>\n\n\n\n<h2 class=\"wp-block-heading\"><strong>L&#8217;administraci\u00f3 local i l&#8217;Educaci\u00f3 360<\/strong><strong><\/strong><\/h2>\n\n\n\n<p>L\u2019administraci\u00f3 local \u00e9s el soci estrat\u00e8gic de l&#8217;escola de poble. M\u00e9s enll\u00e0 de la gesti\u00f3 de la pr\u00f2pia infraestructura que \u00e9s l\u2019escola, l\u2019ajuntament actua com el connector que vincula l\u2019escola amb la resta de la comunitat educativa. Dins d&#8217;aquest rol, l\u2019ajuntament disposa de diverses l\u00ednies d&#8217;actuaci\u00f3 i instruments, com per exemple:<\/p>\n\n\n\n<ul class=\"wp-block-list\">\n<li><strong>L\u2019oferta 0-3 anys:<\/strong>\u00a0L&#8217;ajuntament lidera l&#8217;educaci\u00f3 infantil de primer cicle. Actualment, un alt percentatge<strong>\u00a0<\/strong>dels infants rurals disposen d&#8217;oferta p\u00fablica, gr\u00e0cies a la tend\u00e8ncia municipal d&#8217;integrar aquestes aules dins les escoles de prim\u00e0ria de la Generalitat per optimitzar recursos.<\/li>\n\n\n\n<li><strong>Dinamitzaci\u00f3 del &#8220;Poble Educador&#8221;:<\/strong>\u00a0L&#8217;administraci\u00f3 local obre espais municipals (biblioteques, poliesportius) per a l&#8217;\u00fas educatiu i dona suport a les AFA per garantir activitats extraescolars de qualitat.<\/li>\n\n\n\n<li><strong>L&#8217;Educaci\u00f3 360 com a eina de coordinaci\u00f3:<\/strong>\u00a0Com a instrument addicional, l\u2019ajuntament pot oferir el model d&#8217;<a href=\"https:\/\/educacio360.cat\/guies-recursos\/educacio-360-als-territoris-rurals\/\" target=\"_blank\" rel=\"noreferrer noopener\"><u>Educaci\u00f3 360 Rural<\/u><\/a>\u00a0per vertebrar l\u2019ecosistema local. Aquesta &#8220;caixa d&#8217;eines&#8221; permet mapar agents del territori i connectar el que s&#8217;apr\u00e8n a l&#8217;aula amb el patrimoni natural i social del poble. No es tracta nom\u00e9s de fer activitats, sin\u00f3 d&#8217;utilitzar aquesta eina per fer que tot el municipi esdevingui un espai d&#8217;aprenentatge a temps complet.<\/li>\n<\/ul>\n\n\n\n<h2 class=\"wp-block-heading\"><strong>L\u2019Escola rural t\u00e9 futur<\/strong><strong><\/strong><\/h2>\n\n\n\n<p>L\u2019escola rural no nom\u00e9s t\u00e9 futur, sin\u00f3 que \u00e9s una pe\u00e7a clau del futur dels territoris rurals. Per assegurar-ne la viabilitat a llarg termini, cal que la mirada de les diverses administracions s\u2019allunyi de les generalitzacions i contempli la <strong>diversitat com una constant<\/strong>\u00a0que demana solucions espec\u00edfiques. Aix\u00f2 implica vetllar per la continu\u00eftat de cada centre buscant eines que els permetin romandre al poble, tot revisant els criteris actuals d\u2019oferta educativa. Tamb\u00e9 call superar la depend\u00e8ncia estricta del <strong>padr\u00f3 municipal<\/strong>\u00a0per avaluar les necessitats d\u2019escolaritzaci\u00f3 segons la magnitud i la realitat real de cada poblaci\u00f3. En aquesta l\u00ednia, \u00e9s necessari potenciar sistemes de <strong>cofinan\u00e7ament i cooperaci\u00f3 entre municipis<\/strong>\u00a0per garantir que, quan una escola acull alumnat de diverses localitats, la c\u00e0rrega econ\u00f2mica del seu manteniment no recaigui sobre un sol ajuntament i sigui compartida.<\/p>\n\n\n\n<p>Assegurar la perman\u00e8ncia de l\u2019escola rural al territori \u00e9s l\u2019\u00fanica via per garantir que el m\u00f3n rural romangui viu i evolucioni de forma positiva cap a un futur amb m\u00e9s equitat.<strong><\/strong><\/p>\n","protected":false},"excerpt":{"rendered":"<p>L\u2019escola rural no \u00e9s simplement un centre educatiu de dimensions redu\u00efdes o una versi\u00f3 a petita escala d\u2019una escola urbana; constitueix una realitat educativa singular amb una estructura organitzativa adaptada a les necessitats del territori que esdev\u00e9 un dels principals motors socials, culturals i d\u2019identitat dels pobles, sobretot d\u2019aquells amb baixa densitat demogr\u00e0fica. Lluny de<\/p>\n","protected":false},"author":2195,"featured_media":5136,"comment_status":"open","ping_status":"open","sticky":false,"template":"","format":"standard","meta":{"footnotes":""},"categories":[119,243,311],"tags":[480],"tipo":[392],"class_list":{"0":"post-5132","1":"post","2":"type-post","3":"status-publish","4":"format-standard","5":"has-post-thumbnail","7":"category-centres-educatius","8":"category-comunitat","9":"category-ecosistema-educatiu-local","10":"tag-escola-rural","11":"tipo-analisi"},"yoast_head":"<!-- This site is optimized with the Yoast SEO plugin v27.4 - https:\/\/yoast.com\/product\/yoast-seo-wordpress\/ -->\n<title>L&#039;escola rural, una eina d&#039;arrelament - El blog de l&#039;educaci\u00f3 local<\/title>\n<meta name=\"robots\" content=\"index, follow, max-snippet:-1, max-image-preview:large, max-video-preview:-1\" \/>\n<link rel=\"canonical\" href=\"https:\/\/diarieducacio.cat\/educaciolocal\/2026\/03\/13\/lescola-rural-una-eina-darrelament\/\" \/>\n<meta property=\"og:locale\" content=\"ca_ES\" \/>\n<meta property=\"og:type\" content=\"article\" \/>\n<meta property=\"og:title\" content=\"L&#039;escola rural, una eina d&#039;arrelament - El blog de l&#039;educaci\u00f3 local\" \/>\n<meta property=\"og:description\" content=\"L\u2019escola rural no \u00e9s simplement un centre educatiu de dimensions redu\u00efdes o una versi\u00f3 a petita escala d\u2019una escola urbana; constitueix una realitat educativa singular amb una estructura organitzativa adaptada a les necessitats del territori que esdev\u00e9 un dels principals motors socials, culturals i d\u2019identitat dels pobles, sobretot d\u2019aquells amb baixa densitat demogr\u00e0fica. Lluny de\" \/>\n<meta property=\"og:url\" content=\"https:\/\/diarieducacio.cat\/educaciolocal\/2026\/03\/13\/lescola-rural-una-eina-darrelament\/\" \/>\n<meta property=\"og:site_name\" content=\"El blog de l&#039;educaci\u00f3 local\" \/>\n<meta property=\"article:publisher\" content=\"https:\/\/www.facebook.com\/diarieducacio\/\" \/>\n<meta property=\"article:published_time\" content=\"2026-03-13T03:00:00+00:00\" \/>\n<meta property=\"og:image\" content=\"https:\/\/diarieducacio.cat\/educaciolocal\/wp-content\/uploads\/sites\/18\/2026\/03\/rury.jpg\" \/>\n\t<meta property=\"og:image:width\" content=\"1194\" \/>\n\t<meta property=\"og:image:height\" content=\"543\" \/>\n\t<meta property=\"og:image:type\" content=\"image\/jpeg\" \/>\n<meta name=\"author\" content=\"Eduard Trepat, Assumpta Duran i Miquel Payar\u00f3\" \/>\n<meta name=\"twitter:card\" content=\"summary_large_image\" \/>\n<meta name=\"twitter:creator\" content=\"@DiariEducacio\" \/>\n<meta name=\"twitter:site\" content=\"@DiariEducacio\" \/>\n<meta name=\"twitter:label1\" content=\"Escrit per\" \/>\n\t<meta name=\"twitter:data1\" content=\"Eduard Trepat, Assumpta Duran i Miquel Payar\u00f3\" \/>\n\t<meta name=\"twitter:label2\" content=\"Temps estimat de lectura\" \/>\n\t<meta name=\"twitter:data2\" content=\"6 minuts\" \/>\n<script type=\"application\/ld+json\" class=\"yoast-schema-graph\">{\"@context\":\"https:\\\/\\\/schema.org\",\"@graph\":[{\"@type\":\"Article\",\"@id\":\"https:\\\/\\\/diarieducacio.cat\\\/educaciolocal\\\/2026\\\/03\\\/13\\\/lescola-rural-una-eina-darrelament\\\/#article\",\"isPartOf\":{\"@id\":\"https:\\\/\\\/diarieducacio.cat\\\/educaciolocal\\\/2026\\\/03\\\/13\\\/lescola-rural-una-eina-darrelament\\\/\"},\"author\":{\"name\":\"Eduard Trepat, Assumpta Duran i Miquel Payar\u00f3\",\"@id\":\"https:\\\/\\\/diarieducacio.cat\\\/educaciolocal\\\/#\\\/schema\\\/person\\\/16cea3ae4d7f22e0cc8e6f85a113c776\"},\"headline\":\"L&#8217;escola rural, una eina d&#8217;arrelament\",\"datePublished\":\"2026-03-13T03:00:00+00:00\",\"mainEntityOfPage\":{\"@id\":\"https:\\\/\\\/diarieducacio.cat\\\/educaciolocal\\\/2026\\\/03\\\/13\\\/lescola-rural-una-eina-darrelament\\\/\"},\"wordCount\":1130,\"commentCount\":0,\"image\":{\"@id\":\"https:\\\/\\\/diarieducacio.cat\\\/educaciolocal\\\/2026\\\/03\\\/13\\\/lescola-rural-una-eina-darrelament\\\/#primaryimage\"},\"thumbnailUrl\":\"https:\\\/\\\/diarieducacio.cat\\\/educaciolocal\\\/wp-content\\\/uploads\\\/sites\\\/18\\\/2026\\\/03\\\/rury.jpg\",\"keywords\":[\"escola rural\"],\"articleSection\":[\"Centres educatius\",\"Comunitat\",\"Ecosistema educatiu local\"],\"inLanguage\":\"ca\",\"potentialAction\":[{\"@type\":\"CommentAction\",\"name\":\"Comment\",\"target\":[\"https:\\\/\\\/diarieducacio.cat\\\/educaciolocal\\\/2026\\\/03\\\/13\\\/lescola-rural-una-eina-darrelament\\\/#respond\"]}]},{\"@type\":\"WebPage\",\"@id\":\"https:\\\/\\\/diarieducacio.cat\\\/educaciolocal\\\/2026\\\/03\\\/13\\\/lescola-rural-una-eina-darrelament\\\/\",\"url\":\"https:\\\/\\\/diarieducacio.cat\\\/educaciolocal\\\/2026\\\/03\\\/13\\\/lescola-rural-una-eina-darrelament\\\/\",\"name\":\"L'escola rural, una eina d'arrelament - El blog de l'educaci\u00f3 local\",\"isPartOf\":{\"@id\":\"https:\\\/\\\/diarieducacio.cat\\\/educaciolocal\\\/#website\"},\"primaryImageOfPage\":{\"@id\":\"https:\\\/\\\/diarieducacio.cat\\\/educaciolocal\\\/2026\\\/03\\\/13\\\/lescola-rural-una-eina-darrelament\\\/#primaryimage\"},\"image\":{\"@id\":\"https:\\\/\\\/diarieducacio.cat\\\/educaciolocal\\\/2026\\\/03\\\/13\\\/lescola-rural-una-eina-darrelament\\\/#primaryimage\"},\"thumbnailUrl\":\"https:\\\/\\\/diarieducacio.cat\\\/educaciolocal\\\/wp-content\\\/uploads\\\/sites\\\/18\\\/2026\\\/03\\\/rury.jpg\",\"datePublished\":\"2026-03-13T03:00:00+00:00\",\"author\":{\"@id\":\"https:\\\/\\\/diarieducacio.cat\\\/educaciolocal\\\/#\\\/schema\\\/person\\\/16cea3ae4d7f22e0cc8e6f85a113c776\"},\"breadcrumb\":{\"@id\":\"https:\\\/\\\/diarieducacio.cat\\\/educaciolocal\\\/2026\\\/03\\\/13\\\/lescola-rural-una-eina-darrelament\\\/#breadcrumb\"},\"inLanguage\":\"ca\",\"potentialAction\":[{\"@type\":\"ReadAction\",\"target\":[\"https:\\\/\\\/diarieducacio.cat\\\/educaciolocal\\\/2026\\\/03\\\/13\\\/lescola-rural-una-eina-darrelament\\\/\"]}]},{\"@type\":\"ImageObject\",\"inLanguage\":\"ca\",\"@id\":\"https:\\\/\\\/diarieducacio.cat\\\/educaciolocal\\\/2026\\\/03\\\/13\\\/lescola-rural-una-eina-darrelament\\\/#primaryimage\",\"url\":\"https:\\\/\\\/diarieducacio.cat\\\/educaciolocal\\\/wp-content\\\/uploads\\\/sites\\\/18\\\/2026\\\/03\\\/rury.jpg\",\"contentUrl\":\"https:\\\/\\\/diarieducacio.cat\\\/educaciolocal\\\/wp-content\\\/uploads\\\/sites\\\/18\\\/2026\\\/03\\\/rury.jpg\",\"width\":1194,\"height\":543,\"caption\":\"Escola rural de Rellinars | Enric Catal\u00e0\"},{\"@type\":\"BreadcrumbList\",\"@id\":\"https:\\\/\\\/diarieducacio.cat\\\/educaciolocal\\\/2026\\\/03\\\/13\\\/lescola-rural-una-eina-darrelament\\\/#breadcrumb\",\"itemListElement\":[{\"@type\":\"ListItem\",\"position\":1,\"name\":\"Inici\",\"item\":\"https:\\\/\\\/diarieducacio.cat\\\/educaciolocal\\\/\"},{\"@type\":\"ListItem\",\"position\":2,\"name\":\"L&#8217;escola rural, una eina d&#8217;arrelament\"}]},{\"@type\":\"WebSite\",\"@id\":\"https:\\\/\\\/diarieducacio.cat\\\/educaciolocal\\\/#website\",\"url\":\"https:\\\/\\\/diarieducacio.cat\\\/educaciolocal\\\/\",\"name\":\"El blog de l'educaci\u00f3 local\",\"description\":\"\",\"potentialAction\":[{\"@type\":\"SearchAction\",\"target\":{\"@type\":\"EntryPoint\",\"urlTemplate\":\"https:\\\/\\\/diarieducacio.cat\\\/educaciolocal\\\/?s={search_term_string}\"},\"query-input\":{\"@type\":\"PropertyValueSpecification\",\"valueRequired\":true,\"valueName\":\"search_term_string\"}}],\"inLanguage\":\"ca\"},{\"@type\":\"Person\",\"@id\":\"https:\\\/\\\/diarieducacio.cat\\\/educaciolocal\\\/#\\\/schema\\\/person\\\/16cea3ae4d7f22e0cc8e6f85a113c776\",\"name\":\"Eduard Trepat, Assumpta Duran i Miquel Payar\u00f3\",\"image\":{\"@type\":\"ImageObject\",\"inLanguage\":\"ca\",\"@id\":\"https:\\\/\\\/secure.gravatar.com\\\/avatar\\\/deb68d1c6252d10aede5e3fa9d59bcc96e8b7cf88dc8fd05b0d45597b323c396?s=96&d=mm&r=g\",\"url\":\"https:\\\/\\\/secure.gravatar.com\\\/avatar\\\/deb68d1c6252d10aede5e3fa9d59bcc96e8b7cf88dc8fd05b0d45597b323c396?s=96&d=mm&r=g\",\"contentUrl\":\"https:\\\/\\\/secure.gravatar.com\\\/avatar\\\/deb68d1c6252d10aede5e3fa9d59bcc96e8b7cf88dc8fd05b0d45597b323c396?s=96&d=mm&r=g\",\"caption\":\"Eduard Trepat, Assumpta Duran i Miquel Payar\u00f3\"},\"description\":\"Eduard Trepat: coordinador de l\u2019Associaci\u00f3 d\u2019Iniciatives Rurals i Mar\u00edtimes de Catalunya (ARCA). Assumpta Duran: membre del Secretariat d\u2019Escola Rural de Catalunya. Miquel Payar\u00f3: membre del Secretariat d\u2019Escola Rural de Catalunya\",\"url\":\"https:\\\/\\\/diarieducacio.cat\\\/educaciolocal\\\/author\\\/trepat\\\/\"}]}<\/script>\n<!-- \/ Yoast SEO plugin. -->","yoast_head_json":{"title":"L'escola rural, una eina d'arrelament - El blog de l'educaci\u00f3 local","robots":{"index":"index","follow":"follow","max-snippet":"max-snippet:-1","max-image-preview":"max-image-preview:large","max-video-preview":"max-video-preview:-1"},"canonical":"https:\/\/diarieducacio.cat\/educaciolocal\/2026\/03\/13\/lescola-rural-una-eina-darrelament\/","og_locale":"ca_ES","og_type":"article","og_title":"L'escola rural, una eina d'arrelament - El blog de l'educaci\u00f3 local","og_description":"L\u2019escola rural no \u00e9s simplement un centre educatiu de dimensions redu\u00efdes o una versi\u00f3 a petita escala d\u2019una escola urbana; constitueix una realitat educativa singular amb una estructura organitzativa adaptada a les necessitats del territori que esdev\u00e9 un dels principals motors socials, culturals i d\u2019identitat dels pobles, sobretot d\u2019aquells amb baixa densitat demogr\u00e0fica. Lluny de","og_url":"https:\/\/diarieducacio.cat\/educaciolocal\/2026\/03\/13\/lescola-rural-una-eina-darrelament\/","og_site_name":"El blog de l'educaci\u00f3 local","article_publisher":"https:\/\/www.facebook.com\/diarieducacio\/","article_published_time":"2026-03-13T03:00:00+00:00","og_image":[{"width":1194,"height":543,"url":"https:\/\/diarieducacio.cat\/educaciolocal\/wp-content\/uploads\/sites\/18\/2026\/03\/rury.jpg","type":"image\/jpeg"}],"author":"Eduard Trepat, Assumpta Duran i Miquel Payar\u00f3","twitter_card":"summary_large_image","twitter_creator":"@DiariEducacio","twitter_site":"@DiariEducacio","twitter_misc":{"Escrit per":"Eduard Trepat, Assumpta Duran i Miquel Payar\u00f3","Temps estimat de lectura":"6 minuts"},"schema":{"@context":"https:\/\/schema.org","@graph":[{"@type":"Article","@id":"https:\/\/diarieducacio.cat\/educaciolocal\/2026\/03\/13\/lescola-rural-una-eina-darrelament\/#article","isPartOf":{"@id":"https:\/\/diarieducacio.cat\/educaciolocal\/2026\/03\/13\/lescola-rural-una-eina-darrelament\/"},"author":{"name":"Eduard Trepat, Assumpta Duran i Miquel Payar\u00f3","@id":"https:\/\/diarieducacio.cat\/educaciolocal\/#\/schema\/person\/16cea3ae4d7f22e0cc8e6f85a113c776"},"headline":"L&#8217;escola rural, una eina d&#8217;arrelament","datePublished":"2026-03-13T03:00:00+00:00","mainEntityOfPage":{"@id":"https:\/\/diarieducacio.cat\/educaciolocal\/2026\/03\/13\/lescola-rural-una-eina-darrelament\/"},"wordCount":1130,"commentCount":0,"image":{"@id":"https:\/\/diarieducacio.cat\/educaciolocal\/2026\/03\/13\/lescola-rural-una-eina-darrelament\/#primaryimage"},"thumbnailUrl":"https:\/\/diarieducacio.cat\/educaciolocal\/wp-content\/uploads\/sites\/18\/2026\/03\/rury.jpg","keywords":["escola rural"],"articleSection":["Centres educatius","Comunitat","Ecosistema educatiu local"],"inLanguage":"ca","potentialAction":[{"@type":"CommentAction","name":"Comment","target":["https:\/\/diarieducacio.cat\/educaciolocal\/2026\/03\/13\/lescola-rural-una-eina-darrelament\/#respond"]}]},{"@type":"WebPage","@id":"https:\/\/diarieducacio.cat\/educaciolocal\/2026\/03\/13\/lescola-rural-una-eina-darrelament\/","url":"https:\/\/diarieducacio.cat\/educaciolocal\/2026\/03\/13\/lescola-rural-una-eina-darrelament\/","name":"L'escola rural, una eina d'arrelament - El blog de l'educaci\u00f3 local","isPartOf":{"@id":"https:\/\/diarieducacio.cat\/educaciolocal\/#website"},"primaryImageOfPage":{"@id":"https:\/\/diarieducacio.cat\/educaciolocal\/2026\/03\/13\/lescola-rural-una-eina-darrelament\/#primaryimage"},"image":{"@id":"https:\/\/diarieducacio.cat\/educaciolocal\/2026\/03\/13\/lescola-rural-una-eina-darrelament\/#primaryimage"},"thumbnailUrl":"https:\/\/diarieducacio.cat\/educaciolocal\/wp-content\/uploads\/sites\/18\/2026\/03\/rury.jpg","datePublished":"2026-03-13T03:00:00+00:00","author":{"@id":"https:\/\/diarieducacio.cat\/educaciolocal\/#\/schema\/person\/16cea3ae4d7f22e0cc8e6f85a113c776"},"breadcrumb":{"@id":"https:\/\/diarieducacio.cat\/educaciolocal\/2026\/03\/13\/lescola-rural-una-eina-darrelament\/#breadcrumb"},"inLanguage":"ca","potentialAction":[{"@type":"ReadAction","target":["https:\/\/diarieducacio.cat\/educaciolocal\/2026\/03\/13\/lescola-rural-una-eina-darrelament\/"]}]},{"@type":"ImageObject","inLanguage":"ca","@id":"https:\/\/diarieducacio.cat\/educaciolocal\/2026\/03\/13\/lescola-rural-una-eina-darrelament\/#primaryimage","url":"https:\/\/diarieducacio.cat\/educaciolocal\/wp-content\/uploads\/sites\/18\/2026\/03\/rury.jpg","contentUrl":"https:\/\/diarieducacio.cat\/educaciolocal\/wp-content\/uploads\/sites\/18\/2026\/03\/rury.jpg","width":1194,"height":543,"caption":"Escola rural de Rellinars | Enric Catal\u00e0"},{"@type":"BreadcrumbList","@id":"https:\/\/diarieducacio.cat\/educaciolocal\/2026\/03\/13\/lescola-rural-una-eina-darrelament\/#breadcrumb","itemListElement":[{"@type":"ListItem","position":1,"name":"Inici","item":"https:\/\/diarieducacio.cat\/educaciolocal\/"},{"@type":"ListItem","position":2,"name":"L&#8217;escola rural, una eina d&#8217;arrelament"}]},{"@type":"WebSite","@id":"https:\/\/diarieducacio.cat\/educaciolocal\/#website","url":"https:\/\/diarieducacio.cat\/educaciolocal\/","name":"El blog de l'educaci\u00f3 local","description":"","potentialAction":[{"@type":"SearchAction","target":{"@type":"EntryPoint","urlTemplate":"https:\/\/diarieducacio.cat\/educaciolocal\/?s={search_term_string}"},"query-input":{"@type":"PropertyValueSpecification","valueRequired":true,"valueName":"search_term_string"}}],"inLanguage":"ca"},{"@type":"Person","@id":"https:\/\/diarieducacio.cat\/educaciolocal\/#\/schema\/person\/16cea3ae4d7f22e0cc8e6f85a113c776","name":"Eduard Trepat, Assumpta Duran i Miquel Payar\u00f3","image":{"@type":"ImageObject","inLanguage":"ca","@id":"https:\/\/secure.gravatar.com\/avatar\/deb68d1c6252d10aede5e3fa9d59bcc96e8b7cf88dc8fd05b0d45597b323c396?s=96&d=mm&r=g","url":"https:\/\/secure.gravatar.com\/avatar\/deb68d1c6252d10aede5e3fa9d59bcc96e8b7cf88dc8fd05b0d45597b323c396?s=96&d=mm&r=g","contentUrl":"https:\/\/secure.gravatar.com\/avatar\/deb68d1c6252d10aede5e3fa9d59bcc96e8b7cf88dc8fd05b0d45597b323c396?s=96&d=mm&r=g","caption":"Eduard Trepat, Assumpta Duran i Miquel Payar\u00f3"},"description":"Eduard Trepat: coordinador de l\u2019Associaci\u00f3 d\u2019Iniciatives Rurals i Mar\u00edtimes de Catalunya (ARCA). Assumpta Duran: membre del Secretariat d\u2019Escola Rural de Catalunya. Miquel Payar\u00f3: membre del Secretariat d\u2019Escola Rural de Catalunya","url":"https:\/\/diarieducacio.cat\/educaciolocal\/author\/trepat\/"}]}},"_links":{"self":[{"href":"https:\/\/diarieducacio.cat\/educaciolocal\/wp-json\/wp\/v2\/posts\/5132","targetHints":{"allow":["GET"]}}],"collection":[{"href":"https:\/\/diarieducacio.cat\/educaciolocal\/wp-json\/wp\/v2\/posts"}],"about":[{"href":"https:\/\/diarieducacio.cat\/educaciolocal\/wp-json\/wp\/v2\/types\/post"}],"author":[{"embeddable":true,"href":"https:\/\/diarieducacio.cat\/educaciolocal\/wp-json\/wp\/v2\/users\/2195"}],"replies":[{"embeddable":true,"href":"https:\/\/diarieducacio.cat\/educaciolocal\/wp-json\/wp\/v2\/comments?post=5132"}],"version-history":[{"count":2,"href":"https:\/\/diarieducacio.cat\/educaciolocal\/wp-json\/wp\/v2\/posts\/5132\/revisions"}],"predecessor-version":[{"id":5135,"href":"https:\/\/diarieducacio.cat\/educaciolocal\/wp-json\/wp\/v2\/posts\/5132\/revisions\/5135"}],"wp:featuredmedia":[{"embeddable":true,"href":"https:\/\/diarieducacio.cat\/educaciolocal\/wp-json\/wp\/v2\/media\/5136"}],"wp:attachment":[{"href":"https:\/\/diarieducacio.cat\/educaciolocal\/wp-json\/wp\/v2\/media?parent=5132"}],"wp:term":[{"taxonomy":"category","embeddable":true,"href":"https:\/\/diarieducacio.cat\/educaciolocal\/wp-json\/wp\/v2\/categories?post=5132"},{"taxonomy":"post_tag","embeddable":true,"href":"https:\/\/diarieducacio.cat\/educaciolocal\/wp-json\/wp\/v2\/tags?post=5132"},{"taxonomy":"tipo","embeddable":true,"href":"https:\/\/diarieducacio.cat\/educaciolocal\/wp-json\/wp\/v2\/tipo?post=5132"}],"curies":[{"name":"wp","href":"https:\/\/api.w.org\/{rel}","templated":true}]}}