{"id":5240,"date":"2026-04-29T04:40:00","date_gmt":"2026-04-29T02:40:00","guid":{"rendered":"https:\/\/diarieducacio.cat\/educaciolocal\/?p=5240"},"modified":"2026-04-29T07:21:27","modified_gmt":"2026-04-29T05:21:27","slug":"educar-des-del-cos-lensenyament-de-la-dansa-entra-a-les-escoles-desparreguera","status":"publish","type":"post","link":"https:\/\/diarieducacio.cat\/educaciolocal\/2026\/04\/29\/educar-des-del-cos-lensenyament-de-la-dansa-entra-a-les-escoles-desparreguera\/","title":{"rendered":"Educar des del cos: l\u2019ensenyament de la dansa entra a les escoles d\u2019Esparreguera"},"content":{"rendered":"\n<p>Posar en valor la dansa creativa per tal de fomentar la millora de les capacitats i compet\u00e8ncies i disminuir les desigualtats dels alumnes respectant els aprenentatges art\u00edstics. Aquests s\u00f3n els objectius principals amb els quals <strong>comen\u00e7a a caminar el curs 2022-23 el projecte comunitari CreaDansa a Esparreguera<\/strong>, impulsat conjuntament per l\u2019Escola Municipal de les Arts, amb la implicaci\u00f3 dels docents de les escoles Mare de D\u00e9u de la Muntanya i Pau Vila i el consistori d\u2019aquesta localitat del Baix Llobregat de 22.000 habitants.<\/p>\n\n\n\n<p>Tal com explica el director del centre d\u2019arts, Josep Ricard Mart\u00ed, \u201cla voluntat d\u2019aquest programa al final no \u00e9s tant formar futurs artistes, sin\u00f3 que \u00e9s la mateixa que tenen tots els educadors i educadores: volem formar persones\u201d. D\u2019aquesta manera, <strong>el centre ofereix, entre l\u2019octubre i el maig, una sessi\u00f3 setmanal de 90 minuts a cinc centres del municipi<\/strong>: a les dues escoles que van iniciar el projecte s\u2019hi han sumat l\u2019Escola Montserrat, l\u2019Escola Estel i l\u2019Escola cooperativa El Puig. <strong>En total treballen en 10 aules de prim\u00e0ria i arriben a uns 250 alumnes<\/strong>.<\/p>\n\n\n\n<h2 class=\"wp-block-heading\"><strong>Un treball m\u00e9s enll\u00e0 del moviment<\/strong><\/h2>\n\n\n\n<p>Un dels resultats m\u00e9s clars del CreaDansa \u00e9s el treball que fan els nens i nenes relacionats amb l\u2019expressi\u00f3 corporal. A les classes de primer i segon de prim\u00e0ria de l\u2019Escola Mare de D\u00e9u de la Muntanya, per exemple, es treballa la consci\u00e8ncia corporal, la coordinaci\u00f3, el ritme, moviments suaus i forts, lligats i trencats, l\u2019orientaci\u00f3 en l\u2019espai o la relaxaci\u00f3. Per\u00f2 tamb\u00e9 treballen i fomenten el treball en equip i l\u2019an\u00e0lisi de tot el que es fa.<\/p>\n\n\n\n<p>\u201c<strong>El projecte es desplega a trav\u00e9s de tres grans eixos: la improvisaci\u00f3, la composici\u00f3 i el treball corporal.<\/strong> Per\u00f2 el m\u00e9s rellevant \u00e9s que les sessions es construeixen des de la participaci\u00f3, el treball en grup i l\u2019adaptaci\u00f3 constant a les din\u00e0miques de cada classe\u201d, assenyala Mart\u00ed, que defensa que un projecte com el CreaDansa \u201c<strong>no t\u00e9 un model tancat, com si fos una franqu\u00edcia, sin\u00f3 que s\u2019ajusta a les necessitats de l\u2019alumnat i del centre<\/strong>\u201d, i a un context educatiu cada vegada m\u00e9s divers.<\/p>\n\n\n\n<p>La dansa, a m\u00e9s de la flexibilitat, el to muscular o l\u2019elasticitat, permet treballar compet\u00e8ncies que sovint queden fora del focus: el desenvolupament de la vessant comunicativa i de relaci\u00f3, la gesti\u00f3 emocional o el sentiment de pertinen\u00e7a a la comunitat. Com apunta Mart\u00ed, \u201cla dansa no busca el \u2018solo\u2019, sin\u00f3 la tribu\u201d.<\/p>\n\n\n\n<h2 class=\"wp-block-heading\"><strong>Acc\u00e9s igualitari<\/strong><\/h2>\n\n\n\n<p>Un dels punts clau del CreaDansa \u00e9s que \u00e9s un projecte que <strong>permet una major inclusi\u00f3 dels nens i nenes, apropant-los a un llenguatge art\u00edstic no tant accesible com \u00e9s la dansa<\/strong>. \u201cNormalment, en un entorn escolar s\u2019acostuma a treballar m\u00e9s altres disciplines art\u00edstiques com la pl\u00e0stica, la m\u00fasica, o fins i tot, ara mateix, projectes relacionats amb v\u00eddeo o imatge. I la dansa i el moviment, potser per desconeixement o tamb\u00e9, segurament, per falta de professionals i de recursos, queda sempre en un segon pla\u201d, explica Mart\u00ed.<\/p>\n\n\n\n<blockquote class=\"wp-block-quote is-layout-flow wp-block-quote-is-layout-flow\">\n<p>La dansa permet treballar tamb\u00e9 el desenvolupament de la vessant comunicativa i de relaci\u00f3, la gesti\u00f3 emocional o el sentiment de pertinen\u00e7a a la comunitat<\/p>\n<\/blockquote>\n\n\n\n<p>El director del centre d\u2019arts d\u2019Esparreguera remarca tamb\u00e9 que \u201cels estudis art\u00edstics requereixen uns recursos que no totes les fam\u00edlies tenen, i per tant, poder oferir aquesta aproximaci\u00f3 dins l\u2019ensenyament p\u00fablic i gratu\u00eftament a tots aquests infants trenca amb aquesta segregaci\u00f3\u201d.<\/p>\n\n\n\n<h2 class=\"wp-block-heading\"><strong>Q\u00faestionament dels estereotips de g\u00e8nere<\/strong><\/h2>\n\n\n\n<p>Un altre dels impactes menys visibles, per\u00f2 m\u00e9s rellevants, del <strong>CreaDansa \u00e9s la seva capacitat per q\u00fcestionar estereotips<\/strong>. En un \u00e0mbit com la dansa, tradicionalment associada a les noies, la introducci\u00f3 dins l\u2019escola permet normalitzar-la entre tots els infants.<\/p>\n\n\n\n<p>\u201cMolts homes, com \u00e9s el meu cas, no hem tingut massa relaci\u00f3 en la nostra educaci\u00f3 amb la dansa, i aquest projecte fa que <strong>els nens puguin incorporar el moviment i la dansa amb naturalitat en el seu dia a dia<\/strong>, de la mateixa manera que ho fan amb una pilota de futbol o amb el comandament d\u2019una consola\u201d, apunta Mart\u00ed, que admet que aquest treball, tot i que no \u00e9s l\u2019objectiu principal, es podria considerar part del \u201ccurr\u00edculum ocult\u201d del programa.<\/p>\n\n\n\n<h2 class=\"wp-block-heading\"><strong>De projecte <\/strong><strong>pilot <\/strong><strong>a <\/strong><strong>senya d\u2019<\/strong><strong>identitat<\/strong><\/h2>\n\n\n\n<p>Amb nom\u00e9s quatre cursos de traject\u00f2ria, <strong>el CreaDansa ja ha aconseguit una fita significativa: convertir-se en un tret identitari de les escoles participants<\/strong>. La incorporaci\u00f3 de mostres de dansa en festes com Sant Jordi, Carnestoltes o el Dia Mundial de la Dansa (29 d&#8217;abril) o la seva pres\u00e8ncia en jornades de portes obertes, s\u00f3n indicadors clars d\u2019aquesta integraci\u00f3 de la iniciativa dins l\u2019ADN dels centres.<\/p>\n\n\n\n<blockquote class=\"wp-block-quote is-layout-flow wp-block-quote-is-layout-flow\">\n<p>Amb el CreaDansa, els nois incorporen el moviment i la dansa amb naturalitat en el seu dia a dia, com ho fan amb la pilota o el comandament de la consola<\/p>\n<\/blockquote>\n\n\n\n<p>\u201cDe la mateixa manera que en aquestes jornades poden fer una petita representaci\u00f3 teatral o un taller d\u2019un laboratori cient\u00edfic que tinguin, doncs tamb\u00e9 posen en valor els programes de dansa que fan, amb una petita mostra d\u2019un parell de coreografies. Aix\u00f2 ens fa molt feli\u00e7os, especialment en un pa\u00eds en qu\u00e8 segurament la dansa necessita encara molt m\u00e9s impuls i reconeixement\u201d, explica Mart\u00ed.<\/p>\n\n\n\n<h2 class=\"wp-block-heading\"><strong>Consolidar i incorporar noves tecnologies<\/strong><\/h2>\n\n\n\n<p>Els reptes de futur del projecte, segons assenyala Mart\u00ed, no s\u00f3n pocs: \u201cconsolidar el projecte, ampliar-lo a m\u00e9s centres, garantir que tots els infants hi tinguin puguin tenir acc\u00e9s tant a projectes de dansa com a m\u00fasica al llarg de la seva escolaritat i <strong>explorar noves possibilitats, com la integraci\u00f3 de tecnologies emergents com la intel\u00b7lig\u00e8ncia artificial en els tallers<\/strong>. \u201cEvidentment que hi ha una part d&#8217;amena\u00e7a, per\u00f2 alhora tamb\u00e9 una oportunitat: podries arribar a tenir c\u00e0meres intel\u00b7ligents per analitzar o ajudar a distribuir els moviments. O a fer coses molt m\u00e9s interactives i molt m\u00e9s treballades. Aix\u00f2 \u00e9s un repte a llarg termini, per\u00f2 no podem obviar-ho, perqu\u00e8 podem quedar-nos enrere\u201d, expressa el director de l\u2019Escola Municipal de les Arts.<\/p>\n\n\n\n<p>En un moment en qu\u00e8 l\u2019escola busca noves maneres de connectar amb l\u2019alumnat i amb el seu entorn, el CreaDansa, com <a href=\"https:\/\/diarieducacio.cat\/educaciolocal\/2026\/02\/26\/posar-lart-al-servei-del-municipi-les-escoles-de-musica-i-centres-artistics-creen-comunitat\/\">altres projectes art\u00edstics comunitaris que s\u2019han desplegat arreu del territori<\/a>, deixa clar que l\u2019art, i en aquest cas, el moviment i l\u2019expressi\u00f3 corporal, poden ser <strong>eines molt poderoses per a teixir comunitat<\/strong>.<\/p>\n","protected":false},"excerpt":{"rendered":"<p>Posar en valor la dansa creativa per tal de fomentar la millora de les capacitats i compet\u00e8ncies i disminuir les desigualtats dels alumnes respectant els aprenentatges art\u00edstics. Aquests s\u00f3n els objectius principals amb els quals comen\u00e7a a caminar el curs 2022-23 el projecte comunitari CreaDansa a Esparreguera, impulsat conjuntament per l\u2019Escola Municipal de les Arts,<\/p>\n","protected":false},"author":2150,"featured_media":5251,"comment_status":"open","ping_status":"open","sticky":false,"template":"","format":"standard","meta":{"footnotes":""},"categories":[265,426],"tags":[175,356],"tipo":[394],"class_list":{"0":"post-5240","1":"post","2":"type-post","3":"status-publish","4":"format-standard","5":"has-post-thumbnail","7":"category-educacio-musical-i-artistica","8":"category-reportatgeescoles-municipals-de-musica-i-arts","9":"tag-educacio-artistica","10":"tag-musica-i-dansa","11":"tipo-reportatge"},"yoast_head":"<!-- This site is optimized with the Yoast SEO plugin v27.4 - https:\/\/yoast.com\/product\/yoast-seo-wordpress\/ -->\n<title>Educar des del cos: l\u2019ensenyament de la dansa entra a les escoles d\u2019Esparreguera - El blog de l&#039;educaci\u00f3 local<\/title>\n<meta name=\"robots\" content=\"index, follow, max-snippet:-1, max-image-preview:large, max-video-preview:-1\" \/>\n<link rel=\"canonical\" href=\"https:\/\/diarieducacio.cat\/educaciolocal\/2026\/04\/29\/educar-des-del-cos-lensenyament-de-la-dansa-entra-a-les-escoles-desparreguera\/\" \/>\n<meta property=\"og:locale\" content=\"ca_ES\" \/>\n<meta property=\"og:type\" content=\"article\" \/>\n<meta property=\"og:title\" content=\"Educar des del cos: l\u2019ensenyament de la dansa entra a les escoles d\u2019Esparreguera - El blog de l&#039;educaci\u00f3 local\" \/>\n<meta property=\"og:description\" content=\"Posar en valor la dansa creativa per tal de fomentar la millora de les capacitats i compet\u00e8ncies i disminuir les desigualtats dels alumnes respectant els aprenentatges art\u00edstics. Aquests s\u00f3n els objectius principals amb els quals comen\u00e7a a caminar el curs 2022-23 el projecte comunitari CreaDansa a Esparreguera, impulsat conjuntament per l\u2019Escola Municipal de les Arts,\" \/>\n<meta property=\"og:url\" content=\"https:\/\/diarieducacio.cat\/educaciolocal\/2026\/04\/29\/educar-des-del-cos-lensenyament-de-la-dansa-entra-a-les-escoles-desparreguera\/\" \/>\n<meta property=\"og:site_name\" content=\"El blog de l&#039;educaci\u00f3 local\" \/>\n<meta property=\"article:publisher\" content=\"https:\/\/www.facebook.com\/diarieducacio\/\" \/>\n<meta property=\"article:published_time\" content=\"2026-04-29T02:40:00+00:00\" \/>\n<meta property=\"article:modified_time\" content=\"2026-04-29T05:21:27+00:00\" \/>\n<meta property=\"og:image\" content=\"https:\/\/diarieducacio.cat\/educaciolocal\/wp-content\/uploads\/sites\/18\/2026\/04\/dansa_Esparreguera.jpg\" \/>\n\t<meta property=\"og:image:width\" content=\"1000\" \/>\n\t<meta property=\"og:image:height\" content=\"748\" \/>\n\t<meta property=\"og:image:type\" content=\"image\/jpeg\" \/>\n<meta name=\"author\" content=\"V\u00edctor Yustres\" \/>\n<meta name=\"twitter:card\" content=\"summary_large_image\" \/>\n<meta name=\"twitter:creator\" content=\"@DiariEducacio\" \/>\n<meta name=\"twitter:site\" content=\"@DiariEducacio\" \/>\n<meta name=\"twitter:label1\" content=\"Escrit per\" \/>\n\t<meta name=\"twitter:data1\" content=\"V\u00edctor Yustres\" \/>\n\t<meta name=\"twitter:label2\" content=\"Temps estimat de lectura\" \/>\n\t<meta name=\"twitter:data2\" content=\"6 minuts\" \/>\n<script type=\"application\/ld+json\" class=\"yoast-schema-graph\">{\"@context\":\"https:\\\/\\\/schema.org\",\"@graph\":[{\"@type\":\"Article\",\"@id\":\"https:\\\/\\\/diarieducacio.cat\\\/educaciolocal\\\/2026\\\/04\\\/29\\\/educar-des-del-cos-lensenyament-de-la-dansa-entra-a-les-escoles-desparreguera\\\/#article\",\"isPartOf\":{\"@id\":\"https:\\\/\\\/diarieducacio.cat\\\/educaciolocal\\\/2026\\\/04\\\/29\\\/educar-des-del-cos-lensenyament-de-la-dansa-entra-a-les-escoles-desparreguera\\\/\"},\"author\":{\"name\":\"V\u00edctor Yustres\",\"@id\":\"https:\\\/\\\/diarieducacio.cat\\\/educaciolocal\\\/#\\\/schema\\\/person\\\/e226d6648120f7152b2fa73367610354\"},\"headline\":\"Educar des del cos: l\u2019ensenyament de la dansa entra a les escoles d\u2019Esparreguera\",\"datePublished\":\"2026-04-29T02:40:00+00:00\",\"dateModified\":\"2026-04-29T05:21:27+00:00\",\"mainEntityOfPage\":{\"@id\":\"https:\\\/\\\/diarieducacio.cat\\\/educaciolocal\\\/2026\\\/04\\\/29\\\/educar-des-del-cos-lensenyament-de-la-dansa-entra-a-les-escoles-desparreguera\\\/\"},\"wordCount\":1132,\"commentCount\":0,\"image\":{\"@id\":\"https:\\\/\\\/diarieducacio.cat\\\/educaciolocal\\\/2026\\\/04\\\/29\\\/educar-des-del-cos-lensenyament-de-la-dansa-entra-a-les-escoles-desparreguera\\\/#primaryimage\"},\"thumbnailUrl\":\"https:\\\/\\\/diarieducacio.cat\\\/educaciolocal\\\/wp-content\\\/uploads\\\/sites\\\/18\\\/2026\\\/04\\\/dansa_Esparreguera.jpg\",\"keywords\":[\"Educaci\u00f3 art\u00edstica\",\"M\u00fasica i dansa\"],\"articleSection\":[\"Educaci\u00f3 musical i art\u00edstica\",\"ReportatgeEscoles municipals de m\u00fasica i arts\"],\"inLanguage\":\"ca\",\"potentialAction\":[{\"@type\":\"CommentAction\",\"name\":\"Comment\",\"target\":[\"https:\\\/\\\/diarieducacio.cat\\\/educaciolocal\\\/2026\\\/04\\\/29\\\/educar-des-del-cos-lensenyament-de-la-dansa-entra-a-les-escoles-desparreguera\\\/#respond\"]}]},{\"@type\":\"WebPage\",\"@id\":\"https:\\\/\\\/diarieducacio.cat\\\/educaciolocal\\\/2026\\\/04\\\/29\\\/educar-des-del-cos-lensenyament-de-la-dansa-entra-a-les-escoles-desparreguera\\\/\",\"url\":\"https:\\\/\\\/diarieducacio.cat\\\/educaciolocal\\\/2026\\\/04\\\/29\\\/educar-des-del-cos-lensenyament-de-la-dansa-entra-a-les-escoles-desparreguera\\\/\",\"name\":\"Educar des del cos: l\u2019ensenyament de la dansa entra a les escoles d\u2019Esparreguera - El blog de l'educaci\u00f3 local\",\"isPartOf\":{\"@id\":\"https:\\\/\\\/diarieducacio.cat\\\/educaciolocal\\\/#website\"},\"primaryImageOfPage\":{\"@id\":\"https:\\\/\\\/diarieducacio.cat\\\/educaciolocal\\\/2026\\\/04\\\/29\\\/educar-des-del-cos-lensenyament-de-la-dansa-entra-a-les-escoles-desparreguera\\\/#primaryimage\"},\"image\":{\"@id\":\"https:\\\/\\\/diarieducacio.cat\\\/educaciolocal\\\/2026\\\/04\\\/29\\\/educar-des-del-cos-lensenyament-de-la-dansa-entra-a-les-escoles-desparreguera\\\/#primaryimage\"},\"thumbnailUrl\":\"https:\\\/\\\/diarieducacio.cat\\\/educaciolocal\\\/wp-content\\\/uploads\\\/sites\\\/18\\\/2026\\\/04\\\/dansa_Esparreguera.jpg\",\"datePublished\":\"2026-04-29T02:40:00+00:00\",\"dateModified\":\"2026-04-29T05:21:27+00:00\",\"author\":{\"@id\":\"https:\\\/\\\/diarieducacio.cat\\\/educaciolocal\\\/#\\\/schema\\\/person\\\/e226d6648120f7152b2fa73367610354\"},\"breadcrumb\":{\"@id\":\"https:\\\/\\\/diarieducacio.cat\\\/educaciolocal\\\/2026\\\/04\\\/29\\\/educar-des-del-cos-lensenyament-de-la-dansa-entra-a-les-escoles-desparreguera\\\/#breadcrumb\"},\"inLanguage\":\"ca\",\"potentialAction\":[{\"@type\":\"ReadAction\",\"target\":[\"https:\\\/\\\/diarieducacio.cat\\\/educaciolocal\\\/2026\\\/04\\\/29\\\/educar-des-del-cos-lensenyament-de-la-dansa-entra-a-les-escoles-desparreguera\\\/\"]}]},{\"@type\":\"ImageObject\",\"inLanguage\":\"ca\",\"@id\":\"https:\\\/\\\/diarieducacio.cat\\\/educaciolocal\\\/2026\\\/04\\\/29\\\/educar-des-del-cos-lensenyament-de-la-dansa-entra-a-les-escoles-desparreguera\\\/#primaryimage\",\"url\":\"https:\\\/\\\/diarieducacio.cat\\\/educaciolocal\\\/wp-content\\\/uploads\\\/sites\\\/18\\\/2026\\\/04\\\/dansa_Esparreguera.jpg\",\"contentUrl\":\"https:\\\/\\\/diarieducacio.cat\\\/educaciolocal\\\/wp-content\\\/uploads\\\/sites\\\/18\\\/2026\\\/04\\\/dansa_Esparreguera.jpg\",\"width\":1000,\"height\":748,\"caption\":\"Sessi\u00f3 del projecte CreaDansa a un grup de primer cicle de prim\u00e0ria de l'Escola Mare de D\u00e9u de la Muntanya.\"},{\"@type\":\"BreadcrumbList\",\"@id\":\"https:\\\/\\\/diarieducacio.cat\\\/educaciolocal\\\/2026\\\/04\\\/29\\\/educar-des-del-cos-lensenyament-de-la-dansa-entra-a-les-escoles-desparreguera\\\/#breadcrumb\",\"itemListElement\":[{\"@type\":\"ListItem\",\"position\":1,\"name\":\"Inici\",\"item\":\"https:\\\/\\\/diarieducacio.cat\\\/educaciolocal\\\/\"},{\"@type\":\"ListItem\",\"position\":2,\"name\":\"Educar des del cos: l\u2019ensenyament de la dansa entra a les escoles d\u2019Esparreguera\"}]},{\"@type\":\"WebSite\",\"@id\":\"https:\\\/\\\/diarieducacio.cat\\\/educaciolocal\\\/#website\",\"url\":\"https:\\\/\\\/diarieducacio.cat\\\/educaciolocal\\\/\",\"name\":\"El blog de l'educaci\u00f3 local\",\"description\":\"\",\"potentialAction\":[{\"@type\":\"SearchAction\",\"target\":{\"@type\":\"EntryPoint\",\"urlTemplate\":\"https:\\\/\\\/diarieducacio.cat\\\/educaciolocal\\\/?s={search_term_string}\"},\"query-input\":{\"@type\":\"PropertyValueSpecification\",\"valueRequired\":true,\"valueName\":\"search_term_string\"}}],\"inLanguage\":\"ca\"},{\"@type\":\"Person\",\"@id\":\"https:\\\/\\\/diarieducacio.cat\\\/educaciolocal\\\/#\\\/schema\\\/person\\\/e226d6648120f7152b2fa73367610354\",\"name\":\"V\u00edctor Yustres\",\"image\":{\"@type\":\"ImageObject\",\"inLanguage\":\"ca\",\"@id\":\"https:\\\/\\\/secure.gravatar.com\\\/avatar\\\/24cc969c6c1a72485eceed9fe67d804f66f11f86caf883726c786277bd9a239a?s=96&d=mm&r=g\",\"url\":\"https:\\\/\\\/secure.gravatar.com\\\/avatar\\\/24cc969c6c1a72485eceed9fe67d804f66f11f86caf883726c786277bd9a239a?s=96&d=mm&r=g\",\"contentUrl\":\"https:\\\/\\\/secure.gravatar.com\\\/avatar\\\/24cc969c6c1a72485eceed9fe67d804f66f11f86caf883726c786277bd9a239a?s=96&d=mm&r=g\",\"caption\":\"V\u00edctor Yustres\"},\"url\":\"https:\\\/\\\/diarieducacio.cat\\\/educaciolocal\\\/author\\\/vyustres\\\/\"}]}<\/script>\n<!-- \/ Yoast SEO plugin. -->","yoast_head_json":{"title":"Educar des del cos: l\u2019ensenyament de la dansa entra a les escoles d\u2019Esparreguera - El blog de l'educaci\u00f3 local","robots":{"index":"index","follow":"follow","max-snippet":"max-snippet:-1","max-image-preview":"max-image-preview:large","max-video-preview":"max-video-preview:-1"},"canonical":"https:\/\/diarieducacio.cat\/educaciolocal\/2026\/04\/29\/educar-des-del-cos-lensenyament-de-la-dansa-entra-a-les-escoles-desparreguera\/","og_locale":"ca_ES","og_type":"article","og_title":"Educar des del cos: l\u2019ensenyament de la dansa entra a les escoles d\u2019Esparreguera - El blog de l'educaci\u00f3 local","og_description":"Posar en valor la dansa creativa per tal de fomentar la millora de les capacitats i compet\u00e8ncies i disminuir les desigualtats dels alumnes respectant els aprenentatges art\u00edstics. Aquests s\u00f3n els objectius principals amb els quals comen\u00e7a a caminar el curs 2022-23 el projecte comunitari CreaDansa a Esparreguera, impulsat conjuntament per l\u2019Escola Municipal de les Arts,","og_url":"https:\/\/diarieducacio.cat\/educaciolocal\/2026\/04\/29\/educar-des-del-cos-lensenyament-de-la-dansa-entra-a-les-escoles-desparreguera\/","og_site_name":"El blog de l'educaci\u00f3 local","article_publisher":"https:\/\/www.facebook.com\/diarieducacio\/","article_published_time":"2026-04-29T02:40:00+00:00","article_modified_time":"2026-04-29T05:21:27+00:00","og_image":[{"width":1000,"height":748,"url":"https:\/\/diarieducacio.cat\/educaciolocal\/wp-content\/uploads\/sites\/18\/2026\/04\/dansa_Esparreguera.jpg","type":"image\/jpeg"}],"author":"V\u00edctor Yustres","twitter_card":"summary_large_image","twitter_creator":"@DiariEducacio","twitter_site":"@DiariEducacio","twitter_misc":{"Escrit per":"V\u00edctor Yustres","Temps estimat de lectura":"6 minuts"},"schema":{"@context":"https:\/\/schema.org","@graph":[{"@type":"Article","@id":"https:\/\/diarieducacio.cat\/educaciolocal\/2026\/04\/29\/educar-des-del-cos-lensenyament-de-la-dansa-entra-a-les-escoles-desparreguera\/#article","isPartOf":{"@id":"https:\/\/diarieducacio.cat\/educaciolocal\/2026\/04\/29\/educar-des-del-cos-lensenyament-de-la-dansa-entra-a-les-escoles-desparreguera\/"},"author":{"name":"V\u00edctor Yustres","@id":"https:\/\/diarieducacio.cat\/educaciolocal\/#\/schema\/person\/e226d6648120f7152b2fa73367610354"},"headline":"Educar des del cos: l\u2019ensenyament de la dansa entra a les escoles d\u2019Esparreguera","datePublished":"2026-04-29T02:40:00+00:00","dateModified":"2026-04-29T05:21:27+00:00","mainEntityOfPage":{"@id":"https:\/\/diarieducacio.cat\/educaciolocal\/2026\/04\/29\/educar-des-del-cos-lensenyament-de-la-dansa-entra-a-les-escoles-desparreguera\/"},"wordCount":1132,"commentCount":0,"image":{"@id":"https:\/\/diarieducacio.cat\/educaciolocal\/2026\/04\/29\/educar-des-del-cos-lensenyament-de-la-dansa-entra-a-les-escoles-desparreguera\/#primaryimage"},"thumbnailUrl":"https:\/\/diarieducacio.cat\/educaciolocal\/wp-content\/uploads\/sites\/18\/2026\/04\/dansa_Esparreguera.jpg","keywords":["Educaci\u00f3 art\u00edstica","M\u00fasica i dansa"],"articleSection":["Educaci\u00f3 musical i art\u00edstica","ReportatgeEscoles municipals de m\u00fasica i arts"],"inLanguage":"ca","potentialAction":[{"@type":"CommentAction","name":"Comment","target":["https:\/\/diarieducacio.cat\/educaciolocal\/2026\/04\/29\/educar-des-del-cos-lensenyament-de-la-dansa-entra-a-les-escoles-desparreguera\/#respond"]}]},{"@type":"WebPage","@id":"https:\/\/diarieducacio.cat\/educaciolocal\/2026\/04\/29\/educar-des-del-cos-lensenyament-de-la-dansa-entra-a-les-escoles-desparreguera\/","url":"https:\/\/diarieducacio.cat\/educaciolocal\/2026\/04\/29\/educar-des-del-cos-lensenyament-de-la-dansa-entra-a-les-escoles-desparreguera\/","name":"Educar des del cos: l\u2019ensenyament de la dansa entra a les escoles d\u2019Esparreguera - El blog de l'educaci\u00f3 local","isPartOf":{"@id":"https:\/\/diarieducacio.cat\/educaciolocal\/#website"},"primaryImageOfPage":{"@id":"https:\/\/diarieducacio.cat\/educaciolocal\/2026\/04\/29\/educar-des-del-cos-lensenyament-de-la-dansa-entra-a-les-escoles-desparreguera\/#primaryimage"},"image":{"@id":"https:\/\/diarieducacio.cat\/educaciolocal\/2026\/04\/29\/educar-des-del-cos-lensenyament-de-la-dansa-entra-a-les-escoles-desparreguera\/#primaryimage"},"thumbnailUrl":"https:\/\/diarieducacio.cat\/educaciolocal\/wp-content\/uploads\/sites\/18\/2026\/04\/dansa_Esparreguera.jpg","datePublished":"2026-04-29T02:40:00+00:00","dateModified":"2026-04-29T05:21:27+00:00","author":{"@id":"https:\/\/diarieducacio.cat\/educaciolocal\/#\/schema\/person\/e226d6648120f7152b2fa73367610354"},"breadcrumb":{"@id":"https:\/\/diarieducacio.cat\/educaciolocal\/2026\/04\/29\/educar-des-del-cos-lensenyament-de-la-dansa-entra-a-les-escoles-desparreguera\/#breadcrumb"},"inLanguage":"ca","potentialAction":[{"@type":"ReadAction","target":["https:\/\/diarieducacio.cat\/educaciolocal\/2026\/04\/29\/educar-des-del-cos-lensenyament-de-la-dansa-entra-a-les-escoles-desparreguera\/"]}]},{"@type":"ImageObject","inLanguage":"ca","@id":"https:\/\/diarieducacio.cat\/educaciolocal\/2026\/04\/29\/educar-des-del-cos-lensenyament-de-la-dansa-entra-a-les-escoles-desparreguera\/#primaryimage","url":"https:\/\/diarieducacio.cat\/educaciolocal\/wp-content\/uploads\/sites\/18\/2026\/04\/dansa_Esparreguera.jpg","contentUrl":"https:\/\/diarieducacio.cat\/educaciolocal\/wp-content\/uploads\/sites\/18\/2026\/04\/dansa_Esparreguera.jpg","width":1000,"height":748,"caption":"Sessi\u00f3 del projecte CreaDansa a un grup de primer cicle de prim\u00e0ria de l'Escola Mare de D\u00e9u de la Muntanya."},{"@type":"BreadcrumbList","@id":"https:\/\/diarieducacio.cat\/educaciolocal\/2026\/04\/29\/educar-des-del-cos-lensenyament-de-la-dansa-entra-a-les-escoles-desparreguera\/#breadcrumb","itemListElement":[{"@type":"ListItem","position":1,"name":"Inici","item":"https:\/\/diarieducacio.cat\/educaciolocal\/"},{"@type":"ListItem","position":2,"name":"Educar des del cos: l\u2019ensenyament de la dansa entra a les escoles d\u2019Esparreguera"}]},{"@type":"WebSite","@id":"https:\/\/diarieducacio.cat\/educaciolocal\/#website","url":"https:\/\/diarieducacio.cat\/educaciolocal\/","name":"El blog de l'educaci\u00f3 local","description":"","potentialAction":[{"@type":"SearchAction","target":{"@type":"EntryPoint","urlTemplate":"https:\/\/diarieducacio.cat\/educaciolocal\/?s={search_term_string}"},"query-input":{"@type":"PropertyValueSpecification","valueRequired":true,"valueName":"search_term_string"}}],"inLanguage":"ca"},{"@type":"Person","@id":"https:\/\/diarieducacio.cat\/educaciolocal\/#\/schema\/person\/e226d6648120f7152b2fa73367610354","name":"V\u00edctor Yustres","image":{"@type":"ImageObject","inLanguage":"ca","@id":"https:\/\/secure.gravatar.com\/avatar\/24cc969c6c1a72485eceed9fe67d804f66f11f86caf883726c786277bd9a239a?s=96&d=mm&r=g","url":"https:\/\/secure.gravatar.com\/avatar\/24cc969c6c1a72485eceed9fe67d804f66f11f86caf883726c786277bd9a239a?s=96&d=mm&r=g","contentUrl":"https:\/\/secure.gravatar.com\/avatar\/24cc969c6c1a72485eceed9fe67d804f66f11f86caf883726c786277bd9a239a?s=96&d=mm&r=g","caption":"V\u00edctor Yustres"},"url":"https:\/\/diarieducacio.cat\/educaciolocal\/author\/vyustres\/"}]}},"_links":{"self":[{"href":"https:\/\/diarieducacio.cat\/educaciolocal\/wp-json\/wp\/v2\/posts\/5240","targetHints":{"allow":["GET"]}}],"collection":[{"href":"https:\/\/diarieducacio.cat\/educaciolocal\/wp-json\/wp\/v2\/posts"}],"about":[{"href":"https:\/\/diarieducacio.cat\/educaciolocal\/wp-json\/wp\/v2\/types\/post"}],"author":[{"embeddable":true,"href":"https:\/\/diarieducacio.cat\/educaciolocal\/wp-json\/wp\/v2\/users\/2150"}],"replies":[{"embeddable":true,"href":"https:\/\/diarieducacio.cat\/educaciolocal\/wp-json\/wp\/v2\/comments?post=5240"}],"version-history":[{"count":5,"href":"https:\/\/diarieducacio.cat\/educaciolocal\/wp-json\/wp\/v2\/posts\/5240\/revisions"}],"predecessor-version":[{"id":5250,"href":"https:\/\/diarieducacio.cat\/educaciolocal\/wp-json\/wp\/v2\/posts\/5240\/revisions\/5250"}],"wp:featuredmedia":[{"embeddable":true,"href":"https:\/\/diarieducacio.cat\/educaciolocal\/wp-json\/wp\/v2\/media\/5251"}],"wp:attachment":[{"href":"https:\/\/diarieducacio.cat\/educaciolocal\/wp-json\/wp\/v2\/media?parent=5240"}],"wp:term":[{"taxonomy":"category","embeddable":true,"href":"https:\/\/diarieducacio.cat\/educaciolocal\/wp-json\/wp\/v2\/categories?post=5240"},{"taxonomy":"post_tag","embeddable":true,"href":"https:\/\/diarieducacio.cat\/educaciolocal\/wp-json\/wp\/v2\/tags?post=5240"},{"taxonomy":"tipo","embeddable":true,"href":"https:\/\/diarieducacio.cat\/educaciolocal\/wp-json\/wp\/v2\/tipo?post=5240"}],"curies":[{"name":"wp","href":"https:\/\/api.w.org\/{rel}","templated":true}]}}