{"id":599,"date":"2017-11-20T06:00:01","date_gmt":"2017-11-20T06:00:01","guid":{"rendered":"https:\/\/diarieducacio.cat\/educaciolocal\/?p=599"},"modified":"2017-11-20T06:00:01","modified_gmt":"2017-11-20T06:00:01","slug":"infancia-adolescencia-ciutadania-activa-mon-local","status":"publish","type":"post","link":"https:\/\/diarieducacio.cat\/educaciolocal\/2017\/11\/20\/infancia-adolescencia-ciutadania-activa-mon-local\/","title":{"rendered":"Inf\u00e0ncia i adolesc\u00e8ncia, ciutadania activa al m\u00f3n local"},"content":{"rendered":"<p>S\u00f3n dies de commemoraci\u00f3, dies plens d\u2019accions i gestos per recon\u00e8ixer els drets fonamentals dels infants. Al voltant el 20 de novembre, <strong>Dia Universal dels Drets dels Infants<\/strong>, se celebra l\u2019aprovaci\u00f3 l\u2019any 1989 d\u2019aquest tractat internacional que reconeix l\u2019<strong>infant com a subjecte de drets<\/strong>. Per\u00f2 alcem la veu perqu\u00e8 els 365 dies de l\u2019any sumem esfor\u00e7os pel respecte i compliment d\u2019aquests drets fonamentals que de vegades s\u00f3n tan vulnerats.<\/p>\n<p>Entre els drets enunciats a la Convenci\u00f3, per primera vegada es va donar reconeixement a qu\u00e8 <strong>infants i adolescents tenen drets civils i pol\u00edtics<\/strong> (Art. 12 al 17). \u00c9s a dir, l\u2019infant t\u00e9 dret a ser escoltat (Art. 12); dret a la llibertat d&#8217;expressi\u00f3 (Art. 13); dret a la llibertat de pensament, consci\u00e8ncia i religi\u00f3 (Art 14); dret a la llibertat d&#8217;associaci\u00f3 i a celebrar reunions (Art. 15); dret a no ser objecte d\u2019intromissions (Art. 16) i dret a accedir a la informaci\u00f3 (Art.17). Drets civils i pol\u00edtics que, potser en aquests temps tan agitats, sembla que estan posats en q\u00fcesti\u00f3 per certs sectors que confonen el seu exercici i desenvolupament per adoctrinament. Els infants i adolescents prenen part activa de la seva comunitat i ho fan des de les seves capacitats i potencialitats de forma responsable i compromesa no pel que seran sin\u00f3 perqu\u00e8 s\u00f3n ciutadans i ciutadanes del present de l\u2019aqu\u00ed i de l\u2019ara.<\/p>\n<p>El m\u00f3n local, com a espai per a la trobada, intercanvi, conviv\u00e8ncia, diversitat, educaci\u00f3, ciutadania, democr\u00e0cia, aprenentatge, entre altres significacions, \u00e9s un <strong>escenari privilegiat per a la participaci\u00f3 d\u2019infants i adolescents<\/strong>. I ho \u00e9s per les propostes d\u2019activitats l\u00fadiques de car\u00e0cter participatiu que concentren a gran nombre de nois i noies. \u00a0Ho \u00e9s pels plans d\u2019inf\u00e0ncia que reconeix la ciutadania de l\u2019infant i el comprom\u00eds de les pol\u00edtiques p\u00fabliques per garantir els drets dels infants i per impulsar projectes de formaci\u00f3 per la ciutadania. Per\u00f2 sobretot ho \u00e9s pels espais, processos i iniciatives on el municipi garanteix la inclusi\u00f3 d\u2019aquest col\u00b7lectiu de ciutadans i ciutadanes com actius en la governan\u00e7a del municipi. Aix\u00ed, coincidim amb els infants i adolescents exercint la seva ciutadania en processos participatius, en consultes participatives, en debats ciutadans, actes i accions reivindicatives i tamb\u00e9 en \u00f2rgans participatius com s\u00f3n els consells d\u2019infants i adolescents. Per aix\u00f2, tamb\u00e9 estem en dies de commemoraci\u00f3.<\/p>\n<p>Commemorem que <strong>fa vint anys que el m\u00f3n local va comen\u00e7ar a incloure els infants i adolescents en la millora de les ciutats<\/strong>. L\u2019any 1997 vuit municipis van participar d\u2019un projecte pilot, &#8220;La ciutat dels infants&#8221;, impulsat per l&#8217;\u00c0rea d\u2019Educaci\u00f3 de la Diputaci\u00f3 de Barcelona. Aquella experi\u00e8ncia va iniciar un canvi de mirada de la inf\u00e0ncia en el m\u00f3n local. Un canvi lent per\u00f2 ferm i conven\u00e7ut. Actualment uns 55 municipis de la prov\u00edncia de Barcelona tenen un consell d\u2019infants i\/o adolescents com a \u00f2rgan estable que incideix i transforma la ciutat des de les necessitats que perceben. S&#8217;hi han de sumar molts m\u00e9s en aquest avan\u00e7 col\u00b7lectiu.<\/p>\n<p>Els consells d\u2019infants i adolescents s\u00f3n <strong>espais de deliberaci\u00f3 i disseny d\u2019iniciatives<\/strong> que aporten elements de millora i transformaci\u00f3 de la ciutat. En el marc de les definicions que marquen els adults, s\u00f3n definits com a \u00f2rgans consultius, espais per donar la veu als infants. Per\u00f2 s\u2019ha de reivindicar que s\u00f3n quelcom m\u00e9s que espais de participaci\u00f3 pol\u00edtica on t\u00e9 lloc la democr\u00e0cia representativa i la democr\u00e0cia participativa. S\u00f3n espais de trobada on els nens i nenes que all\u00e0 es troben, amb la col\u00b7laboraci\u00f3 dels seus companys i companyes a qui representen, <strong>pensen la ciutat i les necessitats dels seus conciutadans<\/strong> per articular accions acordades conjuntament que millorin les condicions de vida de tots i totes.<\/p>\n<p>Amb la creaci\u00f3 de consells d\u2019infants i adolescents hi guanyem tots i totes. Mitjan\u00e7ant aquests \u00f2rgans els municipis guanyen perqu\u00e8 <strong>incorporen la mirada dels infants i adolescents<\/strong> en el disseny i transformaci\u00f3 de la ciutat. Tenen l\u2019oportunitat de dissenyar iniciatives i programes m\u00e9s propers a la realitat. Mitjan\u00e7ant aquests \u00f2rgans la inf\u00e0ncia i adolesc\u00e8ncia exerceix els seus drets civils i pol\u00edtics aix\u00ed com les seves responsabilitats com a ciutadans i ciutadanes. Conjuntament amb altres iniciatives d\u2019impuls de la participaci\u00f3 en el m\u00f3n local, amb els consells d&#8217;infants i adolescents el municipi facilita la construcci\u00f3 de la identitat ciutadana des del reconeixement del seu valor i potencial participatiu. Ells i elles s\u00f3n capa\u00e7os de liderar \u201cpetites\u201d transformacions que promouen grans avan\u00e7os en el comprom\u00eds social i pol\u00edtic que construeixen com a ciutadans actius i activistes.<\/p>\n<p>El m\u00f3n local, amb el suport de totes les administracions, ha de garantir la creaci\u00f3 i actuaci\u00f3 dels consells d\u2019infants i adolescents com \u00f2rgans pol\u00edtics. Per\u00f2 el seu comprom\u00eds i responsabilitat ha d\u2019anar m\u00e9s enll\u00e0, amb iniciatives que multipliquin la participaci\u00f3 infantil i potenci\u00efn que molts m\u00e9s nens i nenes exerceixin els seus drets civils i pol\u00edtics en el marc del municipi i en les altres institucions on participen. El m\u00f3n local ha d\u2019<strong>impulsar la corresponsabilitzaci\u00f3 d\u2019altres agents socioeducatius en la governan\u00e7a de la inf\u00e0ncia i l&#8217;adolesc\u00e8ncia<\/strong>. S\u2019ha d\u2019arribar a garantir que infants i adolescents prenguin part activa dels espais de presa de decisions institucionals arribant a incidir en la direcci\u00f3 i definici\u00f3 de la instituci\u00f3.<\/p>\n<p>S\u2019ha de deixar de pensar en la participaci\u00f3 infantil i juvenil com una formaci\u00f3 dels ciutadans del futur, per passar a entendre-la com un <strong>proc\u00e9s ciutad\u00e0 pol\u00edtic educatiu<\/strong> del present.<\/p>\n","protected":false},"excerpt":{"rendered":"<p>El 20 de novembre commemorem el Dia Mundial dels Drets dels Infants. L&#8217;aprovaci\u00f3 de la Convenci\u00f3 internacional sobre els drets de l&#8217;infant va ser una fita molt important que, per primera vegada, reconeixia la inf\u00e0ncia com a subjecte de dret.<\/p>\n","protected":false},"author":211,"featured_media":616,"comment_status":"open","ping_status":"open","sticky":false,"template":"","format":"standard","meta":{"footnotes":""},"categories":[173],"tags":[115,171,172],"tipo":[],"class_list":{"0":"post-599","1":"post","2":"type-post","3":"status-publish","4":"format-standard","5":"has-post-thumbnail","7":"category-participacio-infantil","8":"tag-dret-a-leducacio","9":"tag-infants","10":"tag-participacio"},"yoast_head":"<!-- This site is optimized with the Yoast SEO plugin v27.4 - https:\/\/yoast.com\/product\/yoast-seo-wordpress\/ -->\n<title>Inf\u00e0ncia i adolesc\u00e8ncia, ciutadania activa al m\u00f3n local - El blog de l&#039;educaci\u00f3 local<\/title>\n<meta name=\"robots\" content=\"index, follow, max-snippet:-1, max-image-preview:large, max-video-preview:-1\" \/>\n<link rel=\"canonical\" href=\"https:\/\/diarieducacio.cat\/educaciolocal\/2017\/11\/20\/infancia-adolescencia-ciutadania-activa-mon-local\/\" \/>\n<meta property=\"og:locale\" content=\"ca_ES\" \/>\n<meta property=\"og:type\" content=\"article\" \/>\n<meta property=\"og:title\" content=\"Inf\u00e0ncia i adolesc\u00e8ncia, ciutadania activa al m\u00f3n local - El blog de l&#039;educaci\u00f3 local\" \/>\n<meta property=\"og:description\" content=\"El 20 de novembre commemorem el Dia Mundial dels Drets dels Infants. L&#039;aprovaci\u00f3 de la Convenci\u00f3 internacional sobre els drets de l&#039;infant va ser una fita molt important que, per primera vegada, reconeixia la inf\u00e0ncia com a subjecte de dret.\" \/>\n<meta property=\"og:url\" content=\"https:\/\/diarieducacio.cat\/educaciolocal\/2017\/11\/20\/infancia-adolescencia-ciutadania-activa-mon-local\/\" \/>\n<meta property=\"og:site_name\" content=\"El blog de l&#039;educaci\u00f3 local\" \/>\n<meta property=\"article:publisher\" content=\"https:\/\/www.facebook.com\/diarieducacio\/\" \/>\n<meta property=\"article:published_time\" content=\"2017-11-20T06:00:01+00:00\" \/>\n<meta property=\"og:image\" content=\"https:\/\/diarieducacio.cat\/educaciolocal\/wp-content\/uploads\/sites\/18\/2017\/11\/nenes-escola.jpg\" \/>\n\t<meta property=\"og:image:width\" content=\"800\" \/>\n\t<meta property=\"og:image:height\" content=\"533\" \/>\n\t<meta property=\"og:image:type\" content=\"image\/jpeg\" \/>\n<meta name=\"author\" content=\"Ana Maria Novella\" \/>\n<meta name=\"twitter:card\" content=\"summary_large_image\" \/>\n<meta name=\"twitter:creator\" content=\"@DiariEducacio\" \/>\n<meta name=\"twitter:site\" content=\"@DiariEducacio\" \/>\n<meta name=\"twitter:label1\" content=\"Escrit per\" \/>\n\t<meta name=\"twitter:data1\" content=\"Ana Maria Novella\" \/>\n\t<meta name=\"twitter:label2\" content=\"Temps estimat de lectura\" \/>\n\t<meta name=\"twitter:data2\" content=\"5 minuts\" \/>\n<script type=\"application\/ld+json\" class=\"yoast-schema-graph\">{\"@context\":\"https:\\\/\\\/schema.org\",\"@graph\":[{\"@type\":\"Article\",\"@id\":\"https:\\\/\\\/diarieducacio.cat\\\/educaciolocal\\\/2017\\\/11\\\/20\\\/infancia-adolescencia-ciutadania-activa-mon-local\\\/#article\",\"isPartOf\":{\"@id\":\"https:\\\/\\\/diarieducacio.cat\\\/educaciolocal\\\/2017\\\/11\\\/20\\\/infancia-adolescencia-ciutadania-activa-mon-local\\\/\"},\"author\":{\"name\":\"Ana Maria Novella\",\"@id\":\"https:\\\/\\\/diarieducacio.cat\\\/educaciolocal\\\/#\\\/schema\\\/person\\\/fc54c42e508e6eaa89cbb764623ad5b9\"},\"headline\":\"Inf\u00e0ncia i adolesc\u00e8ncia, ciutadania activa al m\u00f3n local\",\"datePublished\":\"2017-11-20T06:00:01+00:00\",\"mainEntityOfPage\":{\"@id\":\"https:\\\/\\\/diarieducacio.cat\\\/educaciolocal\\\/2017\\\/11\\\/20\\\/infancia-adolescencia-ciutadania-activa-mon-local\\\/\"},\"wordCount\":989,\"commentCount\":0,\"image\":{\"@id\":\"https:\\\/\\\/diarieducacio.cat\\\/educaciolocal\\\/2017\\\/11\\\/20\\\/infancia-adolescencia-ciutadania-activa-mon-local\\\/#primaryimage\"},\"thumbnailUrl\":\"https:\\\/\\\/diarieducacio.cat\\\/educaciolocal\\\/wp-content\\\/uploads\\\/sites\\\/18\\\/2017\\\/11\\\/nenes-escola.jpg\",\"keywords\":[\"Dret a l'educaci\u00f3\",\"Infants\",\"Participaci\u00f3\"],\"articleSection\":[\"Participaci\u00f3 infantil\"],\"inLanguage\":\"ca\",\"potentialAction\":[{\"@type\":\"CommentAction\",\"name\":\"Comment\",\"target\":[\"https:\\\/\\\/diarieducacio.cat\\\/educaciolocal\\\/2017\\\/11\\\/20\\\/infancia-adolescencia-ciutadania-activa-mon-local\\\/#respond\"]}]},{\"@type\":\"WebPage\",\"@id\":\"https:\\\/\\\/diarieducacio.cat\\\/educaciolocal\\\/2017\\\/11\\\/20\\\/infancia-adolescencia-ciutadania-activa-mon-local\\\/\",\"url\":\"https:\\\/\\\/diarieducacio.cat\\\/educaciolocal\\\/2017\\\/11\\\/20\\\/infancia-adolescencia-ciutadania-activa-mon-local\\\/\",\"name\":\"Inf\u00e0ncia i adolesc\u00e8ncia, ciutadania activa al m\u00f3n local - El blog de l'educaci\u00f3 local\",\"isPartOf\":{\"@id\":\"https:\\\/\\\/diarieducacio.cat\\\/educaciolocal\\\/#website\"},\"primaryImageOfPage\":{\"@id\":\"https:\\\/\\\/diarieducacio.cat\\\/educaciolocal\\\/2017\\\/11\\\/20\\\/infancia-adolescencia-ciutadania-activa-mon-local\\\/#primaryimage\"},\"image\":{\"@id\":\"https:\\\/\\\/diarieducacio.cat\\\/educaciolocal\\\/2017\\\/11\\\/20\\\/infancia-adolescencia-ciutadania-activa-mon-local\\\/#primaryimage\"},\"thumbnailUrl\":\"https:\\\/\\\/diarieducacio.cat\\\/educaciolocal\\\/wp-content\\\/uploads\\\/sites\\\/18\\\/2017\\\/11\\\/nenes-escola.jpg\",\"datePublished\":\"2017-11-20T06:00:01+00:00\",\"author\":{\"@id\":\"https:\\\/\\\/diarieducacio.cat\\\/educaciolocal\\\/#\\\/schema\\\/person\\\/fc54c42e508e6eaa89cbb764623ad5b9\"},\"breadcrumb\":{\"@id\":\"https:\\\/\\\/diarieducacio.cat\\\/educaciolocal\\\/2017\\\/11\\\/20\\\/infancia-adolescencia-ciutadania-activa-mon-local\\\/#breadcrumb\"},\"inLanguage\":\"ca\",\"potentialAction\":[{\"@type\":\"ReadAction\",\"target\":[\"https:\\\/\\\/diarieducacio.cat\\\/educaciolocal\\\/2017\\\/11\\\/20\\\/infancia-adolescencia-ciutadania-activa-mon-local\\\/\"]}]},{\"@type\":\"ImageObject\",\"inLanguage\":\"ca\",\"@id\":\"https:\\\/\\\/diarieducacio.cat\\\/educaciolocal\\\/2017\\\/11\\\/20\\\/infancia-adolescencia-ciutadania-activa-mon-local\\\/#primaryimage\",\"url\":\"https:\\\/\\\/diarieducacio.cat\\\/educaciolocal\\\/wp-content\\\/uploads\\\/sites\\\/18\\\/2017\\\/11\\\/nenes-escola.jpg\",\"contentUrl\":\"https:\\\/\\\/diarieducacio.cat\\\/educaciolocal\\\/wp-content\\\/uploads\\\/sites\\\/18\\\/2017\\\/11\\\/nenes-escola.jpg\",\"width\":800,\"height\":533,\"caption\":\"\u00a9 Luc\u00e9lia Ribeiro via Flickr (CC by 2.0)\"},{\"@type\":\"BreadcrumbList\",\"@id\":\"https:\\\/\\\/diarieducacio.cat\\\/educaciolocal\\\/2017\\\/11\\\/20\\\/infancia-adolescencia-ciutadania-activa-mon-local\\\/#breadcrumb\",\"itemListElement\":[{\"@type\":\"ListItem\",\"position\":1,\"name\":\"Inici\",\"item\":\"https:\\\/\\\/diarieducacio.cat\\\/educaciolocal\\\/\"},{\"@type\":\"ListItem\",\"position\":2,\"name\":\"Inf\u00e0ncia i adolesc\u00e8ncia, ciutadania activa al m\u00f3n local\"}]},{\"@type\":\"WebSite\",\"@id\":\"https:\\\/\\\/diarieducacio.cat\\\/educaciolocal\\\/#website\",\"url\":\"https:\\\/\\\/diarieducacio.cat\\\/educaciolocal\\\/\",\"name\":\"El blog de l'educaci\u00f3 local\",\"description\":\"\",\"potentialAction\":[{\"@type\":\"SearchAction\",\"target\":{\"@type\":\"EntryPoint\",\"urlTemplate\":\"https:\\\/\\\/diarieducacio.cat\\\/educaciolocal\\\/?s={search_term_string}\"},\"query-input\":{\"@type\":\"PropertyValueSpecification\",\"valueRequired\":true,\"valueName\":\"search_term_string\"}}],\"inLanguage\":\"ca\"},{\"@type\":\"Person\",\"@id\":\"https:\\\/\\\/diarieducacio.cat\\\/educaciolocal\\\/#\\\/schema\\\/person\\\/fc54c42e508e6eaa89cbb764623ad5b9\",\"name\":\"Ana Maria Novella\",\"image\":{\"@type\":\"ImageObject\",\"inLanguage\":\"ca\",\"@id\":\"https:\\\/\\\/secure.gravatar.com\\\/avatar\\\/d4756f885458fa700c132123fcf398ef701d9dfbdc15bc0976bdb0d895fc3db0?s=96&d=mm&r=g\",\"url\":\"https:\\\/\\\/secure.gravatar.com\\\/avatar\\\/d4756f885458fa700c132123fcf398ef701d9dfbdc15bc0976bdb0d895fc3db0?s=96&d=mm&r=g\",\"contentUrl\":\"https:\\\/\\\/secure.gravatar.com\\\/avatar\\\/d4756f885458fa700c132123fcf398ef701d9dfbdc15bc0976bdb0d895fc3db0?s=96&d=mm&r=g\",\"caption\":\"Ana Maria Novella\"},\"description\":\"Professora del Departament de Teoria i Hist\u00f2ria de l'Educaci\u00f3. Facultat d'Educaci\u00f3 de la Universitat de Barcelona. Membre del Grup de Recerca en Educaci\u00f3 Moral (GREM). Membre de la Comissi\u00f3 T\u00e8cnica per a la redacci\u00f3 del \u201cDocument de Base i Ordre de creaci\u00f3 del Consell Nacional de la Inf\u00e0ncia i l'Adolesc\u00e8ncia de Catalunya\u201d.\",\"url\":\"https:\\\/\\\/diarieducacio.cat\\\/educaciolocal\\\/author\\\/ananovella\\\/\"}]}<\/script>\n<!-- \/ Yoast SEO plugin. -->","yoast_head_json":{"title":"Inf\u00e0ncia i adolesc\u00e8ncia, ciutadania activa al m\u00f3n local - El blog de l'educaci\u00f3 local","robots":{"index":"index","follow":"follow","max-snippet":"max-snippet:-1","max-image-preview":"max-image-preview:large","max-video-preview":"max-video-preview:-1"},"canonical":"https:\/\/diarieducacio.cat\/educaciolocal\/2017\/11\/20\/infancia-adolescencia-ciutadania-activa-mon-local\/","og_locale":"ca_ES","og_type":"article","og_title":"Inf\u00e0ncia i adolesc\u00e8ncia, ciutadania activa al m\u00f3n local - El blog de l'educaci\u00f3 local","og_description":"El 20 de novembre commemorem el Dia Mundial dels Drets dels Infants. L'aprovaci\u00f3 de la Convenci\u00f3 internacional sobre els drets de l'infant va ser una fita molt important que, per primera vegada, reconeixia la inf\u00e0ncia com a subjecte de dret.","og_url":"https:\/\/diarieducacio.cat\/educaciolocal\/2017\/11\/20\/infancia-adolescencia-ciutadania-activa-mon-local\/","og_site_name":"El blog de l'educaci\u00f3 local","article_publisher":"https:\/\/www.facebook.com\/diarieducacio\/","article_published_time":"2017-11-20T06:00:01+00:00","og_image":[{"width":800,"height":533,"url":"https:\/\/diarieducacio.cat\/educaciolocal\/wp-content\/uploads\/sites\/18\/2017\/11\/nenes-escola.jpg","type":"image\/jpeg"}],"author":"Ana Maria Novella","twitter_card":"summary_large_image","twitter_creator":"@DiariEducacio","twitter_site":"@DiariEducacio","twitter_misc":{"Escrit per":"Ana Maria Novella","Temps estimat de lectura":"5 minuts"},"schema":{"@context":"https:\/\/schema.org","@graph":[{"@type":"Article","@id":"https:\/\/diarieducacio.cat\/educaciolocal\/2017\/11\/20\/infancia-adolescencia-ciutadania-activa-mon-local\/#article","isPartOf":{"@id":"https:\/\/diarieducacio.cat\/educaciolocal\/2017\/11\/20\/infancia-adolescencia-ciutadania-activa-mon-local\/"},"author":{"name":"Ana Maria Novella","@id":"https:\/\/diarieducacio.cat\/educaciolocal\/#\/schema\/person\/fc54c42e508e6eaa89cbb764623ad5b9"},"headline":"Inf\u00e0ncia i adolesc\u00e8ncia, ciutadania activa al m\u00f3n local","datePublished":"2017-11-20T06:00:01+00:00","mainEntityOfPage":{"@id":"https:\/\/diarieducacio.cat\/educaciolocal\/2017\/11\/20\/infancia-adolescencia-ciutadania-activa-mon-local\/"},"wordCount":989,"commentCount":0,"image":{"@id":"https:\/\/diarieducacio.cat\/educaciolocal\/2017\/11\/20\/infancia-adolescencia-ciutadania-activa-mon-local\/#primaryimage"},"thumbnailUrl":"https:\/\/diarieducacio.cat\/educaciolocal\/wp-content\/uploads\/sites\/18\/2017\/11\/nenes-escola.jpg","keywords":["Dret a l'educaci\u00f3","Infants","Participaci\u00f3"],"articleSection":["Participaci\u00f3 infantil"],"inLanguage":"ca","potentialAction":[{"@type":"CommentAction","name":"Comment","target":["https:\/\/diarieducacio.cat\/educaciolocal\/2017\/11\/20\/infancia-adolescencia-ciutadania-activa-mon-local\/#respond"]}]},{"@type":"WebPage","@id":"https:\/\/diarieducacio.cat\/educaciolocal\/2017\/11\/20\/infancia-adolescencia-ciutadania-activa-mon-local\/","url":"https:\/\/diarieducacio.cat\/educaciolocal\/2017\/11\/20\/infancia-adolescencia-ciutadania-activa-mon-local\/","name":"Inf\u00e0ncia i adolesc\u00e8ncia, ciutadania activa al m\u00f3n local - El blog de l'educaci\u00f3 local","isPartOf":{"@id":"https:\/\/diarieducacio.cat\/educaciolocal\/#website"},"primaryImageOfPage":{"@id":"https:\/\/diarieducacio.cat\/educaciolocal\/2017\/11\/20\/infancia-adolescencia-ciutadania-activa-mon-local\/#primaryimage"},"image":{"@id":"https:\/\/diarieducacio.cat\/educaciolocal\/2017\/11\/20\/infancia-adolescencia-ciutadania-activa-mon-local\/#primaryimage"},"thumbnailUrl":"https:\/\/diarieducacio.cat\/educaciolocal\/wp-content\/uploads\/sites\/18\/2017\/11\/nenes-escola.jpg","datePublished":"2017-11-20T06:00:01+00:00","author":{"@id":"https:\/\/diarieducacio.cat\/educaciolocal\/#\/schema\/person\/fc54c42e508e6eaa89cbb764623ad5b9"},"breadcrumb":{"@id":"https:\/\/diarieducacio.cat\/educaciolocal\/2017\/11\/20\/infancia-adolescencia-ciutadania-activa-mon-local\/#breadcrumb"},"inLanguage":"ca","potentialAction":[{"@type":"ReadAction","target":["https:\/\/diarieducacio.cat\/educaciolocal\/2017\/11\/20\/infancia-adolescencia-ciutadania-activa-mon-local\/"]}]},{"@type":"ImageObject","inLanguage":"ca","@id":"https:\/\/diarieducacio.cat\/educaciolocal\/2017\/11\/20\/infancia-adolescencia-ciutadania-activa-mon-local\/#primaryimage","url":"https:\/\/diarieducacio.cat\/educaciolocal\/wp-content\/uploads\/sites\/18\/2017\/11\/nenes-escola.jpg","contentUrl":"https:\/\/diarieducacio.cat\/educaciolocal\/wp-content\/uploads\/sites\/18\/2017\/11\/nenes-escola.jpg","width":800,"height":533,"caption":"\u00a9 Luc\u00e9lia Ribeiro via Flickr (CC by 2.0)"},{"@type":"BreadcrumbList","@id":"https:\/\/diarieducacio.cat\/educaciolocal\/2017\/11\/20\/infancia-adolescencia-ciutadania-activa-mon-local\/#breadcrumb","itemListElement":[{"@type":"ListItem","position":1,"name":"Inici","item":"https:\/\/diarieducacio.cat\/educaciolocal\/"},{"@type":"ListItem","position":2,"name":"Inf\u00e0ncia i adolesc\u00e8ncia, ciutadania activa al m\u00f3n local"}]},{"@type":"WebSite","@id":"https:\/\/diarieducacio.cat\/educaciolocal\/#website","url":"https:\/\/diarieducacio.cat\/educaciolocal\/","name":"El blog de l'educaci\u00f3 local","description":"","potentialAction":[{"@type":"SearchAction","target":{"@type":"EntryPoint","urlTemplate":"https:\/\/diarieducacio.cat\/educaciolocal\/?s={search_term_string}"},"query-input":{"@type":"PropertyValueSpecification","valueRequired":true,"valueName":"search_term_string"}}],"inLanguage":"ca"},{"@type":"Person","@id":"https:\/\/diarieducacio.cat\/educaciolocal\/#\/schema\/person\/fc54c42e508e6eaa89cbb764623ad5b9","name":"Ana Maria Novella","image":{"@type":"ImageObject","inLanguage":"ca","@id":"https:\/\/secure.gravatar.com\/avatar\/d4756f885458fa700c132123fcf398ef701d9dfbdc15bc0976bdb0d895fc3db0?s=96&d=mm&r=g","url":"https:\/\/secure.gravatar.com\/avatar\/d4756f885458fa700c132123fcf398ef701d9dfbdc15bc0976bdb0d895fc3db0?s=96&d=mm&r=g","contentUrl":"https:\/\/secure.gravatar.com\/avatar\/d4756f885458fa700c132123fcf398ef701d9dfbdc15bc0976bdb0d895fc3db0?s=96&d=mm&r=g","caption":"Ana Maria Novella"},"description":"Professora del Departament de Teoria i Hist\u00f2ria de l'Educaci\u00f3. Facultat d'Educaci\u00f3 de la Universitat de Barcelona. Membre del Grup de Recerca en Educaci\u00f3 Moral (GREM). Membre de la Comissi\u00f3 T\u00e8cnica per a la redacci\u00f3 del \u201cDocument de Base i Ordre de creaci\u00f3 del Consell Nacional de la Inf\u00e0ncia i l'Adolesc\u00e8ncia de Catalunya\u201d.","url":"https:\/\/diarieducacio.cat\/educaciolocal\/author\/ananovella\/"}]}},"_links":{"self":[{"href":"https:\/\/diarieducacio.cat\/educaciolocal\/wp-json\/wp\/v2\/posts\/599","targetHints":{"allow":["GET"]}}],"collection":[{"href":"https:\/\/diarieducacio.cat\/educaciolocal\/wp-json\/wp\/v2\/posts"}],"about":[{"href":"https:\/\/diarieducacio.cat\/educaciolocal\/wp-json\/wp\/v2\/types\/post"}],"author":[{"embeddable":true,"href":"https:\/\/diarieducacio.cat\/educaciolocal\/wp-json\/wp\/v2\/users\/211"}],"replies":[{"embeddable":true,"href":"https:\/\/diarieducacio.cat\/educaciolocal\/wp-json\/wp\/v2\/comments?post=599"}],"version-history":[{"count":0,"href":"https:\/\/diarieducacio.cat\/educaciolocal\/wp-json\/wp\/v2\/posts\/599\/revisions"}],"wp:featuredmedia":[{"embeddable":true,"href":"https:\/\/diarieducacio.cat\/educaciolocal\/wp-json\/wp\/v2\/media\/616"}],"wp:attachment":[{"href":"https:\/\/diarieducacio.cat\/educaciolocal\/wp-json\/wp\/v2\/media?parent=599"}],"wp:term":[{"taxonomy":"category","embeddable":true,"href":"https:\/\/diarieducacio.cat\/educaciolocal\/wp-json\/wp\/v2\/categories?post=599"},{"taxonomy":"post_tag","embeddable":true,"href":"https:\/\/diarieducacio.cat\/educaciolocal\/wp-json\/wp\/v2\/tags?post=599"},{"taxonomy":"tipo","embeddable":true,"href":"https:\/\/diarieducacio.cat\/educaciolocal\/wp-json\/wp\/v2\/tipo?post=599"}],"curies":[{"name":"wp","href":"https:\/\/api.w.org\/{rel}","templated":true}]}}