{"id":677,"date":"2017-11-30T11:47:12","date_gmt":"2017-11-30T11:47:12","guid":{"rendered":"https:\/\/diarieducacio.cat\/educaciolocal\/?p=677"},"modified":"2017-11-30T11:47:12","modified_gmt":"2017-11-30T11:47:12","slug":"educacio-carrer-places-entitats-esportives-leducacio-poble-poble","status":"publish","type":"post","link":"https:\/\/diarieducacio.cat\/educaciolocal\/2017\/11\/30\/educacio-carrer-places-entitats-esportives-leducacio-poble-poble\/","title":{"rendered":"Educaci\u00f3 al carrer, a les places, a les entitats esportives: l\u2019educaci\u00f3 poble a poble."},"content":{"rendered":"<p><img fetchpriority=\"high\" decoding=\"async\" class=\"aligncenter size-full wp-image-684\" src=\"https:\/\/diarieducacio.cat\/educaciolocal\/wp-content\/uploads\/sites\/26\/2017\/11\/portada-1.jpg\" alt=\"\" width=\"1500\" height=\"1001\" srcset=\"https:\/\/diarieducacio.cat\/educaciolocal\/wp-content\/uploads\/sites\/18\/2017\/11\/portada-1.jpg 1500w, https:\/\/diarieducacio.cat\/educaciolocal\/wp-content\/uploads\/sites\/18\/2017\/11\/portada-1-300x200.jpg 300w, https:\/\/diarieducacio.cat\/educaciolocal\/wp-content\/uploads\/sites\/18\/2017\/11\/portada-1-1024x683.jpg 1024w, https:\/\/diarieducacio.cat\/educaciolocal\/wp-content\/uploads\/sites\/18\/2017\/11\/portada-1-768x513.jpg 768w, https:\/\/diarieducacio.cat\/educaciolocal\/wp-content\/uploads\/sites\/18\/2017\/11\/portada-1-150x100.jpg 150w, https:\/\/diarieducacio.cat\/educaciolocal\/wp-content\/uploads\/sites\/18\/2017\/11\/portada-1-450x300.jpg 450w, https:\/\/diarieducacio.cat\/educaciolocal\/wp-content\/uploads\/sites\/18\/2017\/11\/portada-1-1200x801.jpg 1200w\" sizes=\"(max-width: 1500px) 100vw, 1500px\" \/><\/p>\n<p>L\u2019educaci\u00f3 a Catalunya ha d\u2019estructurar-se en tres grans projectes, nascuts del consens, el debat, el pacte i les evid\u00e8ncies cient\u00edfiques.<\/p>\n<p>Un <strong>projecte de pa\u00eds<\/strong>, fruit d\u2019un pacte ampli i sincer, que possibiliti allunyar l\u2019educaci\u00f3 per sempre m\u00e9s de pol\u00e8miques partidistes interessades o de tempestes medi\u00e0tiques de curta volada. Aquest projecte ha de tenir un lideratge fort i una voluntat inequ\u00edvoca de garantir el b\u00e9 com\u00fa i consolidar un servei p\u00fablic per a tota la societat, i plasmar-se en una llei d\u2019educaci\u00f3 que traspassi mandats i canvis de govern i que permeti al sistema educatiu evolucionar d\u2019acord amb els canvis socials.<\/p>\n<p>Cal tamb\u00e9 <strong>projecte de centre<\/strong>, de cada un dels centres. Un projecte que situ\u00ef l\u2019alumne al centre del seu propi proc\u00e9s d\u2019aprenentatge i que permeti a cada centre executar-lo amb autonomia, amb capacitat de relacionar-se i donar resposta al seu entorn, permetent que els professionals de l\u2019educaci\u00f3 compromesos que hi treballen puguin fer-ho amb tranquil\u00b7litat i llibertat.<\/p>\n<p>Enmig, vinculant-ho tot, \u00e9s imprescindible un <strong>projecte de ciutat, de poble, de municipi<\/strong>. Perqu\u00e8 cada cop tenim m\u00e9s evid\u00e8ncies que les desigualtats educatives es generen en all\u00f2 que passa fora de l\u2019escola, en les oportunitats educatives que es generen en all\u00f2 que sovint anomenem ecosistema educatiu local. Endre\u00e7ar, promoure i analitzar l\u2019oferta educativa que ofereix cada municipi m\u00e9s enll\u00e0 de l\u2019escola, als esplais i caus, a les entitats esportives, al teixit social i comercial, veure quines s\u00f3n les barreres d\u2019acc\u00e9s per a promoure una educaci\u00f3 inclusiva tamb\u00e9 \u201cfora escola\u201d, coordinar l\u2019oferta educativa, l\u2019orientaci\u00f3, les transicions educatives. Equitat, igualtat d\u2019oportunitats i \u00e8xit educatiu arreu.<\/p>\n<p>Nom\u00e9s a la demarcaci\u00f3 de Barcelona hi ha 600 centres educatius de titularitat municipal: escoles bressol, de m\u00fasica i arts, de formaci\u00f3 e persones adultes&#8230; i infinitat de recursos educatius.<\/p>\n<p>La Ciutat Educadora \u2013avui, 30 de novembre, se\u2019n celebra el dia internacional- compta amb una tradici\u00f3 consolidada al nostre pa\u00eds, que arrenca amb el I Congr\u00e9s de Ciutats Educadores l\u2019any 1990. Nom\u00e9s a la demarcaci\u00f3 de Barcelona hi ha 61 municipis que formen part de la Xarxa PEC i des de la Ger\u00e8ncia de Serveis d\u2019Educaci\u00f3 de la Diputaci\u00f3 de Barcelona seguim donant assessorament en el disseny i implementaci\u00f3 de nous Projectes Educatius de Poble, Vila o Ciutat.<\/p>\n<p>Projectes que han de n\u00e9ixer de la participaci\u00f3 de tots els agents implicats, dels professionals, les fam\u00edlies i els Consells d\u2019Infants. \u00c9s imprescindible la coresponsabilitat, el comprom\u00eds de tota la societat per a donar m\u00e9s i millors oportunitats educatives a tothom.<\/p>\n","protected":false},"excerpt":{"rendered":"<p>Avui, dia de les Ciutats Educadores, reivindiquem que el consens i el pacte han de servir per estructurar l\u2019educaci\u00f3 a Catalunya a partir de tres eixos:  un projecte de pa\u00eds, els projectes de centre i els projectes de ciutat. Nom\u00e9s a partir de la coresponsabilitat i el comprom\u00eds de tothom per construir-los podrem oferir m\u00e9s i millors oportunitats educatives a tothom.<\/p>\n","protected":false},"author":200,"featured_media":651,"comment_status":"open","ping_status":"open","sticky":false,"template":"","format":"standard","meta":{"footnotes":""},"categories":[112],"tags":[164,114,96,129],"tipo":[],"class_list":{"0":"post-677","1":"post","2":"type-post","3":"status-publish","4":"format-standard","5":"has-post-thumbnail","7":"category-ciutat-educadora","8":"tag-ajuntaments","9":"tag-ciutats-educadores","10":"tag-diputacio-de-barcelona","11":"tag-educacio-local"},"yoast_head":"<!-- This site is optimized with the Yoast SEO plugin v27.5 - https:\/\/yoast.com\/product\/yoast-seo-wordpress\/ -->\n<title>Educaci\u00f3 al carrer, a les places, a les entitats esportives: l\u2019educaci\u00f3 poble a poble. - El blog de l&#039;educaci\u00f3 local<\/title>\n<meta name=\"robots\" content=\"index, follow, max-snippet:-1, max-image-preview:large, max-video-preview:-1\" \/>\n<link rel=\"canonical\" href=\"https:\/\/diarieducacio.cat\/educaciolocal\/2017\/11\/30\/educacio-carrer-places-entitats-esportives-leducacio-poble-poble\/\" \/>\n<meta property=\"og:locale\" content=\"ca_ES\" \/>\n<meta property=\"og:type\" content=\"article\" \/>\n<meta property=\"og:title\" content=\"Educaci\u00f3 al carrer, a les places, a les entitats esportives: l\u2019educaci\u00f3 poble a poble. - El blog de l&#039;educaci\u00f3 local\" \/>\n<meta property=\"og:description\" content=\"Avui, dia de les Ciutats Educadores, reivindiquem que el consens i el pacte han de servir per estructurar l\u2019educaci\u00f3 a Catalunya a partir de tres eixos: un projecte de pa\u00eds, els projectes de centre i els projectes de ciutat. Nom\u00e9s a partir de la coresponsabilitat i el comprom\u00eds de tothom per construir-los podrem oferir m\u00e9s i millors oportunitats educatives a tothom.\" \/>\n<meta property=\"og:url\" content=\"https:\/\/diarieducacio.cat\/educaciolocal\/2017\/11\/30\/educacio-carrer-places-entitats-esportives-leducacio-poble-poble\/\" \/>\n<meta property=\"og:site_name\" content=\"El blog de l&#039;educaci\u00f3 local\" \/>\n<meta property=\"article:publisher\" content=\"https:\/\/www.facebook.com\/diarieducacio\/\" \/>\n<meta property=\"article:published_time\" content=\"2017-11-30T11:47:12+00:00\" \/>\n<meta property=\"og:image\" content=\"https:\/\/diarieducacio.cat\/educaciolocal\/wp-content\/uploads\/sites\/18\/2017\/11\/RH2.jpg\" \/>\n\t<meta property=\"og:image:width\" content=\"336\" \/>\n\t<meta property=\"og:image:height\" content=\"327\" \/>\n\t<meta property=\"og:image:type\" content=\"image\/jpeg\" \/>\n<meta name=\"author\" content=\"Rafael Homet\" \/>\n<meta name=\"twitter:card\" content=\"summary_large_image\" \/>\n<meta name=\"twitter:creator\" content=\"@DiariEducacio\" \/>\n<meta name=\"twitter:site\" content=\"@DiariEducacio\" \/>\n<meta name=\"twitter:label1\" content=\"Escrit per\" \/>\n\t<meta name=\"twitter:data1\" content=\"Rafael Homet\" \/>\n\t<meta name=\"twitter:label2\" content=\"Temps estimat de lectura\" \/>\n\t<meta name=\"twitter:data2\" content=\"2 minuts\" \/>\n<script type=\"application\/ld+json\" class=\"yoast-schema-graph\">{\"@context\":\"https:\\\/\\\/schema.org\",\"@graph\":[{\"@type\":\"Article\",\"@id\":\"https:\\\/\\\/diarieducacio.cat\\\/educaciolocal\\\/2017\\\/11\\\/30\\\/educacio-carrer-places-entitats-esportives-leducacio-poble-poble\\\/#article\",\"isPartOf\":{\"@id\":\"https:\\\/\\\/diarieducacio.cat\\\/educaciolocal\\\/2017\\\/11\\\/30\\\/educacio-carrer-places-entitats-esportives-leducacio-poble-poble\\\/\"},\"author\":{\"name\":\"Rafael Homet\",\"@id\":\"https:\\\/\\\/diarieducacio.cat\\\/educaciolocal\\\/#\\\/schema\\\/person\\\/a895414eae21d2b1c9d917fc676b03a9\"},\"headline\":\"Educaci\u00f3 al carrer, a les places, a les entitats esportives: l\u2019educaci\u00f3 poble a poble.\",\"datePublished\":\"2017-11-30T11:47:12+00:00\",\"mainEntityOfPage\":{\"@id\":\"https:\\\/\\\/diarieducacio.cat\\\/educaciolocal\\\/2017\\\/11\\\/30\\\/educacio-carrer-places-entitats-esportives-leducacio-poble-poble\\\/\"},\"wordCount\":466,\"commentCount\":0,\"image\":{\"@id\":\"https:\\\/\\\/diarieducacio.cat\\\/educaciolocal\\\/2017\\\/11\\\/30\\\/educacio-carrer-places-entitats-esportives-leducacio-poble-poble\\\/#primaryimage\"},\"thumbnailUrl\":\"https:\\\/\\\/diarieducacio.cat\\\/educaciolocal\\\/wp-content\\\/uploads\\\/sites\\\/18\\\/2017\\\/11\\\/RH2.jpg\",\"keywords\":[\"Ajuntaments\",\"Ciutats Educadores\",\"Diputaci\u00f3 de Barcelona\",\"Educaci\u00f3 local\"],\"articleSection\":[\"Ciutat Educadora\"],\"inLanguage\":\"ca\",\"potentialAction\":[{\"@type\":\"CommentAction\",\"name\":\"Comment\",\"target\":[\"https:\\\/\\\/diarieducacio.cat\\\/educaciolocal\\\/2017\\\/11\\\/30\\\/educacio-carrer-places-entitats-esportives-leducacio-poble-poble\\\/#respond\"]}]},{\"@type\":\"WebPage\",\"@id\":\"https:\\\/\\\/diarieducacio.cat\\\/educaciolocal\\\/2017\\\/11\\\/30\\\/educacio-carrer-places-entitats-esportives-leducacio-poble-poble\\\/\",\"url\":\"https:\\\/\\\/diarieducacio.cat\\\/educaciolocal\\\/2017\\\/11\\\/30\\\/educacio-carrer-places-entitats-esportives-leducacio-poble-poble\\\/\",\"name\":\"Educaci\u00f3 al carrer, a les places, a les entitats esportives: l\u2019educaci\u00f3 poble a poble. - El blog de l'educaci\u00f3 local\",\"isPartOf\":{\"@id\":\"https:\\\/\\\/diarieducacio.cat\\\/educaciolocal\\\/#website\"},\"primaryImageOfPage\":{\"@id\":\"https:\\\/\\\/diarieducacio.cat\\\/educaciolocal\\\/2017\\\/11\\\/30\\\/educacio-carrer-places-entitats-esportives-leducacio-poble-poble\\\/#primaryimage\"},\"image\":{\"@id\":\"https:\\\/\\\/diarieducacio.cat\\\/educaciolocal\\\/2017\\\/11\\\/30\\\/educacio-carrer-places-entitats-esportives-leducacio-poble-poble\\\/#primaryimage\"},\"thumbnailUrl\":\"https:\\\/\\\/diarieducacio.cat\\\/educaciolocal\\\/wp-content\\\/uploads\\\/sites\\\/18\\\/2017\\\/11\\\/RH2.jpg\",\"datePublished\":\"2017-11-30T11:47:12+00:00\",\"author\":{\"@id\":\"https:\\\/\\\/diarieducacio.cat\\\/educaciolocal\\\/#\\\/schema\\\/person\\\/a895414eae21d2b1c9d917fc676b03a9\"},\"breadcrumb\":{\"@id\":\"https:\\\/\\\/diarieducacio.cat\\\/educaciolocal\\\/2017\\\/11\\\/30\\\/educacio-carrer-places-entitats-esportives-leducacio-poble-poble\\\/#breadcrumb\"},\"inLanguage\":\"ca\",\"potentialAction\":[{\"@type\":\"ReadAction\",\"target\":[\"https:\\\/\\\/diarieducacio.cat\\\/educaciolocal\\\/2017\\\/11\\\/30\\\/educacio-carrer-places-entitats-esportives-leducacio-poble-poble\\\/\"]}]},{\"@type\":\"ImageObject\",\"inLanguage\":\"ca\",\"@id\":\"https:\\\/\\\/diarieducacio.cat\\\/educaciolocal\\\/2017\\\/11\\\/30\\\/educacio-carrer-places-entitats-esportives-leducacio-poble-poble\\\/#primaryimage\",\"url\":\"https:\\\/\\\/diarieducacio.cat\\\/educaciolocal\\\/wp-content\\\/uploads\\\/sites\\\/18\\\/2017\\\/11\\\/RH2.jpg\",\"contentUrl\":\"https:\\\/\\\/diarieducacio.cat\\\/educaciolocal\\\/wp-content\\\/uploads\\\/sites\\\/18\\\/2017\\\/11\\\/RH2.jpg\",\"width\":336,\"height\":327},{\"@type\":\"BreadcrumbList\",\"@id\":\"https:\\\/\\\/diarieducacio.cat\\\/educaciolocal\\\/2017\\\/11\\\/30\\\/educacio-carrer-places-entitats-esportives-leducacio-poble-poble\\\/#breadcrumb\",\"itemListElement\":[{\"@type\":\"ListItem\",\"position\":1,\"name\":\"Inici\",\"item\":\"https:\\\/\\\/diarieducacio.cat\\\/educaciolocal\\\/\"},{\"@type\":\"ListItem\",\"position\":2,\"name\":\"Educaci\u00f3 al carrer, a les places, a les entitats esportives: l\u2019educaci\u00f3 poble a poble.\"}]},{\"@type\":\"WebSite\",\"@id\":\"https:\\\/\\\/diarieducacio.cat\\\/educaciolocal\\\/#website\",\"url\":\"https:\\\/\\\/diarieducacio.cat\\\/educaciolocal\\\/\",\"name\":\"El blog de l'educaci\u00f3 local\",\"description\":\"\",\"potentialAction\":[{\"@type\":\"SearchAction\",\"target\":{\"@type\":\"EntryPoint\",\"urlTemplate\":\"https:\\\/\\\/diarieducacio.cat\\\/educaciolocal\\\/?s={search_term_string}\"},\"query-input\":{\"@type\":\"PropertyValueSpecification\",\"valueRequired\":true,\"valueName\":\"search_term_string\"}}],\"inLanguage\":\"ca\"},{\"@type\":\"Person\",\"@id\":\"https:\\\/\\\/diarieducacio.cat\\\/educaciolocal\\\/#\\\/schema\\\/person\\\/a895414eae21d2b1c9d917fc676b03a9\",\"name\":\"Rafael Homet\",\"image\":{\"@type\":\"ImageObject\",\"inLanguage\":\"ca\",\"@id\":\"https:\\\/\\\/secure.gravatar.com\\\/avatar\\\/d74dc8beb8ac0c41e99e48d1707464bf4d99420795e8d8ebc5601c8218a4453e?s=96&d=mm&r=g\",\"url\":\"https:\\\/\\\/secure.gravatar.com\\\/avatar\\\/d74dc8beb8ac0c41e99e48d1707464bf4d99420795e8d8ebc5601c8218a4453e?s=96&d=mm&r=g\",\"contentUrl\":\"https:\\\/\\\/secure.gravatar.com\\\/avatar\\\/d74dc8beb8ac0c41e99e48d1707464bf4d99420795e8d8ebc5601c8218a4453e?s=96&d=mm&r=g\",\"caption\":\"Rafael Homet\"},\"description\":\"Diputat delegat d'Educaci\u00f3 de la Diputaci\u00f3 de Barcelona i regidor de l'Ajuntament de Castellar del Vall\u00e8s.\",\"url\":\"https:\\\/\\\/diarieducacio.cat\\\/educaciolocal\\\/author\\\/rafaelhomet\\\/\"}]}<\/script>\n<!-- \/ Yoast SEO plugin. -->","yoast_head_json":{"title":"Educaci\u00f3 al carrer, a les places, a les entitats esportives: l\u2019educaci\u00f3 poble a poble. - El blog de l'educaci\u00f3 local","robots":{"index":"index","follow":"follow","max-snippet":"max-snippet:-1","max-image-preview":"max-image-preview:large","max-video-preview":"max-video-preview:-1"},"canonical":"https:\/\/diarieducacio.cat\/educaciolocal\/2017\/11\/30\/educacio-carrer-places-entitats-esportives-leducacio-poble-poble\/","og_locale":"ca_ES","og_type":"article","og_title":"Educaci\u00f3 al carrer, a les places, a les entitats esportives: l\u2019educaci\u00f3 poble a poble. - El blog de l'educaci\u00f3 local","og_description":"Avui, dia de les Ciutats Educadores, reivindiquem que el consens i el pacte han de servir per estructurar l\u2019educaci\u00f3 a Catalunya a partir de tres eixos: un projecte de pa\u00eds, els projectes de centre i els projectes de ciutat. Nom\u00e9s a partir de la coresponsabilitat i el comprom\u00eds de tothom per construir-los podrem oferir m\u00e9s i millors oportunitats educatives a tothom.","og_url":"https:\/\/diarieducacio.cat\/educaciolocal\/2017\/11\/30\/educacio-carrer-places-entitats-esportives-leducacio-poble-poble\/","og_site_name":"El blog de l'educaci\u00f3 local","article_publisher":"https:\/\/www.facebook.com\/diarieducacio\/","article_published_time":"2017-11-30T11:47:12+00:00","og_image":[{"width":336,"height":327,"url":"https:\/\/diarieducacio.cat\/educaciolocal\/wp-content\/uploads\/sites\/18\/2017\/11\/RH2.jpg","type":"image\/jpeg"}],"author":"Rafael Homet","twitter_card":"summary_large_image","twitter_creator":"@DiariEducacio","twitter_site":"@DiariEducacio","twitter_misc":{"Escrit per":"Rafael Homet","Temps estimat de lectura":"2 minuts"},"schema":{"@context":"https:\/\/schema.org","@graph":[{"@type":"Article","@id":"https:\/\/diarieducacio.cat\/educaciolocal\/2017\/11\/30\/educacio-carrer-places-entitats-esportives-leducacio-poble-poble\/#article","isPartOf":{"@id":"https:\/\/diarieducacio.cat\/educaciolocal\/2017\/11\/30\/educacio-carrer-places-entitats-esportives-leducacio-poble-poble\/"},"author":{"name":"Rafael Homet","@id":"https:\/\/diarieducacio.cat\/educaciolocal\/#\/schema\/person\/a895414eae21d2b1c9d917fc676b03a9"},"headline":"Educaci\u00f3 al carrer, a les places, a les entitats esportives: l\u2019educaci\u00f3 poble a poble.","datePublished":"2017-11-30T11:47:12+00:00","mainEntityOfPage":{"@id":"https:\/\/diarieducacio.cat\/educaciolocal\/2017\/11\/30\/educacio-carrer-places-entitats-esportives-leducacio-poble-poble\/"},"wordCount":466,"commentCount":0,"image":{"@id":"https:\/\/diarieducacio.cat\/educaciolocal\/2017\/11\/30\/educacio-carrer-places-entitats-esportives-leducacio-poble-poble\/#primaryimage"},"thumbnailUrl":"https:\/\/diarieducacio.cat\/educaciolocal\/wp-content\/uploads\/sites\/18\/2017\/11\/RH2.jpg","keywords":["Ajuntaments","Ciutats Educadores","Diputaci\u00f3 de Barcelona","Educaci\u00f3 local"],"articleSection":["Ciutat Educadora"],"inLanguage":"ca","potentialAction":[{"@type":"CommentAction","name":"Comment","target":["https:\/\/diarieducacio.cat\/educaciolocal\/2017\/11\/30\/educacio-carrer-places-entitats-esportives-leducacio-poble-poble\/#respond"]}]},{"@type":"WebPage","@id":"https:\/\/diarieducacio.cat\/educaciolocal\/2017\/11\/30\/educacio-carrer-places-entitats-esportives-leducacio-poble-poble\/","url":"https:\/\/diarieducacio.cat\/educaciolocal\/2017\/11\/30\/educacio-carrer-places-entitats-esportives-leducacio-poble-poble\/","name":"Educaci\u00f3 al carrer, a les places, a les entitats esportives: l\u2019educaci\u00f3 poble a poble. - El blog de l'educaci\u00f3 local","isPartOf":{"@id":"https:\/\/diarieducacio.cat\/educaciolocal\/#website"},"primaryImageOfPage":{"@id":"https:\/\/diarieducacio.cat\/educaciolocal\/2017\/11\/30\/educacio-carrer-places-entitats-esportives-leducacio-poble-poble\/#primaryimage"},"image":{"@id":"https:\/\/diarieducacio.cat\/educaciolocal\/2017\/11\/30\/educacio-carrer-places-entitats-esportives-leducacio-poble-poble\/#primaryimage"},"thumbnailUrl":"https:\/\/diarieducacio.cat\/educaciolocal\/wp-content\/uploads\/sites\/18\/2017\/11\/RH2.jpg","datePublished":"2017-11-30T11:47:12+00:00","author":{"@id":"https:\/\/diarieducacio.cat\/educaciolocal\/#\/schema\/person\/a895414eae21d2b1c9d917fc676b03a9"},"breadcrumb":{"@id":"https:\/\/diarieducacio.cat\/educaciolocal\/2017\/11\/30\/educacio-carrer-places-entitats-esportives-leducacio-poble-poble\/#breadcrumb"},"inLanguage":"ca","potentialAction":[{"@type":"ReadAction","target":["https:\/\/diarieducacio.cat\/educaciolocal\/2017\/11\/30\/educacio-carrer-places-entitats-esportives-leducacio-poble-poble\/"]}]},{"@type":"ImageObject","inLanguage":"ca","@id":"https:\/\/diarieducacio.cat\/educaciolocal\/2017\/11\/30\/educacio-carrer-places-entitats-esportives-leducacio-poble-poble\/#primaryimage","url":"https:\/\/diarieducacio.cat\/educaciolocal\/wp-content\/uploads\/sites\/18\/2017\/11\/RH2.jpg","contentUrl":"https:\/\/diarieducacio.cat\/educaciolocal\/wp-content\/uploads\/sites\/18\/2017\/11\/RH2.jpg","width":336,"height":327},{"@type":"BreadcrumbList","@id":"https:\/\/diarieducacio.cat\/educaciolocal\/2017\/11\/30\/educacio-carrer-places-entitats-esportives-leducacio-poble-poble\/#breadcrumb","itemListElement":[{"@type":"ListItem","position":1,"name":"Inici","item":"https:\/\/diarieducacio.cat\/educaciolocal\/"},{"@type":"ListItem","position":2,"name":"Educaci\u00f3 al carrer, a les places, a les entitats esportives: l\u2019educaci\u00f3 poble a poble."}]},{"@type":"WebSite","@id":"https:\/\/diarieducacio.cat\/educaciolocal\/#website","url":"https:\/\/diarieducacio.cat\/educaciolocal\/","name":"El blog de l'educaci\u00f3 local","description":"","potentialAction":[{"@type":"SearchAction","target":{"@type":"EntryPoint","urlTemplate":"https:\/\/diarieducacio.cat\/educaciolocal\/?s={search_term_string}"},"query-input":{"@type":"PropertyValueSpecification","valueRequired":true,"valueName":"search_term_string"}}],"inLanguage":"ca"},{"@type":"Person","@id":"https:\/\/diarieducacio.cat\/educaciolocal\/#\/schema\/person\/a895414eae21d2b1c9d917fc676b03a9","name":"Rafael Homet","image":{"@type":"ImageObject","inLanguage":"ca","@id":"https:\/\/secure.gravatar.com\/avatar\/d74dc8beb8ac0c41e99e48d1707464bf4d99420795e8d8ebc5601c8218a4453e?s=96&d=mm&r=g","url":"https:\/\/secure.gravatar.com\/avatar\/d74dc8beb8ac0c41e99e48d1707464bf4d99420795e8d8ebc5601c8218a4453e?s=96&d=mm&r=g","contentUrl":"https:\/\/secure.gravatar.com\/avatar\/d74dc8beb8ac0c41e99e48d1707464bf4d99420795e8d8ebc5601c8218a4453e?s=96&d=mm&r=g","caption":"Rafael Homet"},"description":"Diputat delegat d'Educaci\u00f3 de la Diputaci\u00f3 de Barcelona i regidor de l'Ajuntament de Castellar del Vall\u00e8s.","url":"https:\/\/diarieducacio.cat\/educaciolocal\/author\/rafaelhomet\/"}]}},"_links":{"self":[{"href":"https:\/\/diarieducacio.cat\/educaciolocal\/wp-json\/wp\/v2\/posts\/677","targetHints":{"allow":["GET"]}}],"collection":[{"href":"https:\/\/diarieducacio.cat\/educaciolocal\/wp-json\/wp\/v2\/posts"}],"about":[{"href":"https:\/\/diarieducacio.cat\/educaciolocal\/wp-json\/wp\/v2\/types\/post"}],"author":[{"embeddable":true,"href":"https:\/\/diarieducacio.cat\/educaciolocal\/wp-json\/wp\/v2\/users\/200"}],"replies":[{"embeddable":true,"href":"https:\/\/diarieducacio.cat\/educaciolocal\/wp-json\/wp\/v2\/comments?post=677"}],"version-history":[{"count":0,"href":"https:\/\/diarieducacio.cat\/educaciolocal\/wp-json\/wp\/v2\/posts\/677\/revisions"}],"wp:featuredmedia":[{"embeddable":true,"href":"https:\/\/diarieducacio.cat\/educaciolocal\/wp-json\/wp\/v2\/media\/651"}],"wp:attachment":[{"href":"https:\/\/diarieducacio.cat\/educaciolocal\/wp-json\/wp\/v2\/media?parent=677"}],"wp:term":[{"taxonomy":"category","embeddable":true,"href":"https:\/\/diarieducacio.cat\/educaciolocal\/wp-json\/wp\/v2\/categories?post=677"},{"taxonomy":"post_tag","embeddable":true,"href":"https:\/\/diarieducacio.cat\/educaciolocal\/wp-json\/wp\/v2\/tags?post=677"},{"taxonomy":"tipo","embeddable":true,"href":"https:\/\/diarieducacio.cat\/educaciolocal\/wp-json\/wp\/v2\/tipo?post=677"}],"curies":[{"name":"wp","href":"https:\/\/api.w.org\/{rel}","templated":true}]}}