{"id":778,"date":"2018-02-22T07:37:45","date_gmt":"2018-02-22T07:37:45","guid":{"rendered":"https:\/\/diarieducacio.cat\/educaciolocal\/?p=778"},"modified":"2018-02-22T07:37:45","modified_gmt":"2018-02-22T07:37:45","slug":"impulsant-entorns-locals-daprenentatge-educacio360","status":"publish","type":"post","link":"https:\/\/diarieducacio.cat\/educaciolocal\/2018\/02\/22\/impulsant-entorns-locals-daprenentatge-educacio360\/","title":{"rendered":"Impulsant entorns locals d\u2019aprenentatge:  Educaci\u00f3360"},"content":{"rendered":"<figure id=\"attachment_786\" aria-describedby=\"caption-attachment-786\" style=\"width: 947px\" class=\"wp-caption aligncenter\"><img fetchpriority=\"high\" decoding=\"async\" class=\"wp-image-786 size-full\" src=\"https:\/\/diarieducacio.cat\/educaciolocal\/wp-content\/uploads\/sites\/26\/2018\/02\/Lleure_Fundaci\u00f3-Pere-Tarr\u00e9s.jpg\" alt=\"\" width=\"947\" height=\"625\" \/><figcaption id=\"caption-attachment-786\" class=\"wp-caption-text\">Oportunitats educatives per a tothom | Fundaci\u00f3 Pere Tarr\u00e9s<\/figcaption><\/figure>\n<p>Llegint les p\u00e0gines d\u2019aquest blog es fa ben evident que vivim una \u00e8poca de grans canvis en els fonament de l\u2019educaci\u00f3. Canvis necessaris per adequar l\u2019abordatge de l\u2019educaci\u00f3 a les necessitats col\u00b7lectives i individuals pr\u00f2pies del segle en qu\u00e8 vivim. Els signes del temps exigeixen al m\u00f3n educatiu un replantejament del sentit de l\u2019aprenentatge avui, un sentit que requereix noves pr\u00e0ctiques i noves maneres d\u2019entendre i organitzar el que s\u2019ent\u00e9n per educaci\u00f3, aix\u00ed com el paper de l\u2019escola i el de l\u2019entorn que l\u2019envolta, ubicant els infants i joves en el centre de les pol\u00edtiques educatives.<\/p>\n<p>Les parets entre temps formals i no formals, entre curr\u00edculum i lleure, entre centre escolar i entorn esdevenen cada vegada m\u00e9s poroses. I aix\u00f2 ens situa davant la cru\u00eflla d\u2019optar per obviar-ho o respondre-hi amb un nou model educatiu que en potenci\u00ef els beneficis. Cap agent educatiu (tampoc els centres escolars ni els seus professionals) no pot respondre en solitari els reptes educatius d\u2019avui, sin\u00f3 que l\u2019aprenentatge ha de ser necess\u00e0riament social i per tant, hi ha de treballar coordinadament diversos tipus de professionals i agents que en complementin i reforcin la tasca educativa.<\/p>\n<h3><strong>Transformar els entorns d&#8217;aprenentatge<\/strong><\/h3>\n<p>Amb aquesta voluntat i amb la urg\u00e8ncia d\u2019actualitzar els seus sistemes educatius, molts pa\u00efsos han decidit desenvolupar pol\u00edtiques dirigides a crear entorns d\u2019aprenentatge que superen el que fins ara hav\u00edem ent\u00e8s per temps i espais educatius. \u00c9s el que fa uns anys v\u00e0rem conceptualitzar com a <a href=\"http:\/\/www.fbofill.cat\/escoles-temps-complert\">educaci\u00f3 a temps complet<\/a>, partint de les experi\u00e8ncies desenvolupades en altres pa\u00efsos com ara Fran\u00e7a i Alemanya, entre molts d\u2019altres, i de les evid\u00e8ncies cient\u00edfiques generades a nivell internacional.<\/p>\n<p>L\u2019educaci\u00f3 a temps complet s\u2019orienta a crear entorns d\u2019aprenentatge combinant enfocaments i escenaris -escolars i no escolars-, unint elements formals i no formals, escolars i comunitaris, diferents agents amb diferents cultures professionals,\u00a0 amb l\u2019objectiu d\u2019oferir m\u00e9s i millors oportunitats educatives. \u00a0De manera operativa, l\u2019educaci\u00f3 a temps complet es basa en els seg\u00fcents eixos estrat\u00e8gics:<\/p>\n<ul>\n<li>Transformaci\u00f3 pedag\u00f2gica cap a la creaci\u00f3 d\u2019entorns d\u2019aprenentatge: Escoles, instituts i agents de l\u2019entorn (altres centres, entitats, equipaments i serveis del barri i de la ciutat, agents comunitaris, culturals, art\u00edstics, esportius i de lleure) proveeixen de temps educatius que garanteixen el dret a l\u2019educaci\u00f3 en un sentit ampli, amb una oferta que integra elements, temps i espais educatius formals i no formals.<\/li>\n<li>Itineraris educatius enriquits, amb cont\u00ednuum educatiu entre l\u2019activitat lectiva i no lectiva: S\u2019amplien i enriqueixen les oportunitats educatives establint un cont\u00ednuum educatiu entre activitats formals i no formals, per tal que els alumnes puguin seguir itineraris globals i personalitzats. Els projectes educatius s\u2019estructuren a partir de la interrelaci\u00f3 entre activitats, pr\u00f2pies i de l\u2019entorn, formant un mateix marc conceptual i organitzatiu i creant un ambient d\u2019aprenentatge coherent i integrat.<\/li>\n<li>Ecosistema i xarxa educativa: Es constitueixen xarxes educatives territorials a trav\u00e9s de la col\u00b7laboraci\u00f3 entre administraci\u00f3, centres, entitats, serveis i equipaments amb les quals es promouen projectes de treball compartit. L\u2019\u00f2rgan de coordinaci\u00f3 de la xarxa territorial impulsa iniciatives, proporciona estructures, recursos i suport, aix\u00ed com la coordinaci\u00f3 a nivell general i el treball conjunt en el projecte territorial. L\u2019objectiu final d\u2019aquestes xarxes \u00e9s esdevenir ecosistemes educatius mitjan\u00e7ant la col\u00b7laboraci\u00f3 entre diferents actors.<\/li>\n<li>Lideratge compartit: S\u2019estableixen \u00f2rgans de coordinaci\u00f3 amb l\u2019objectiu de construir projectes compartits i amb comprom\u00eds col\u00b7lectiu entre administraci\u00f3, centres fam\u00edlies, infants i adolescents, entitats, serveis i equipaments.<\/li>\n<\/ul>\n<h3><strong>Educaci\u00f3360. Educaci\u00f3 a temps complet<\/strong><\/h3>\n<p>La Fundaci\u00f3 Jaume Bofill, la Federaci\u00f3 de Moviments de Renovaci\u00f3 Pedag\u00f2gica i la Diputaci\u00f3 de Barcelona han decidit sumar esfor\u00e7os per assolir aquest gran repte, presentant <a href=\"https:\/\/www.educacio360.cat\/\">l\u2019Alian\u00e7a Educaci\u00f3360. Educaci\u00f3 a temps complet<\/a> i convocant a ajuntaments, centres educatius, entitats, equipaments, recursos i iniciatives a afegir-hi i contribuir a que sigui una realitat generalitzada al nostre pa\u00eds.<\/p>\n<p>El repte de l\u2019alian\u00e7a \u00e9s treballar perqu\u00e8 \u201ctothom tingui m\u00e9s i millors oportunitats educatives en tots els temps i espais de la seva vida i connectar l\u2019educaci\u00f3 i els aprenentatges entre el temps lectiu i el no lectiu\u201d. \u00a0<em>Educaci\u00f3360. Educaci\u00f3 a temps complet<\/em> aposta per garantir l\u2019equitat i la igualtat d\u2019oportunitats en els espais i l\u2019educaci\u00f3 no formal, buscant que \u201ccada infant i jove construeixi el seu propi itinerari vital amb equitat i sense exclusions\u201d.<\/p>\n<p>L\u2019\u00e0mbit local \u00e9s l\u2019espai idoni per desenvolupar projectes d\u2019educaci\u00f3 a temps complet, ja que \u00e9s on es pot garantir millor les oportunitats educatives i la coordinaci\u00f3 dels actors de la comunitat. A Catalunya es parteix d\u2019una llarga tradici\u00f3 d\u2019actuacions municipals en l\u2019\u00e0mbit educatiu, especialment en l\u2019acompanyament a l\u2019escolaritat a trav\u00e9s de la dinamitzaci\u00f3 de programes i plans socioeducatius en col\u00b7laboraci\u00f3 amb altres agents del territori, amb suport als projectes educatius dels centres escolars, suport a les fam\u00edlies i amb la provisi\u00f3 d\u2019activitats educatives m\u00e9s enll\u00e0 de l\u2019horari lectiu. Els ajuntaments s\u00f3n un actor privilegiat en el lideratge educatiu i un agent clau en l\u2019impuls d\u2019aquests projectes.<\/p>\n<p>En aquest sentit, <em>Educaci\u00f3360. Educaci\u00f3 a temps complet<\/em>, compta amb onze ajuntaments i comarques que impulsen pilotatges que esdevindran laboratoris territorials per aplicar i transferir experi\u00e8ncies d\u2019\u00e8xit. I es presenta amb la voluntat d\u2019eixamplar l\u2019alian\u00e7a a tots aquells agents educatius que vulguin formar part d\u2019aquesta nova onada educativa.<\/p>\n<p>L\u2019Alian\u00e7a ens ofereix l\u2019oportunitat d\u2019assentar les bases d\u2019un nou model educatiu \u00a0que ens ajudi a superar els grans reptes educatius d\u2019ara:<\/p>\n<ul>\n<li>D\u2019identificar el sistema educatiu exclusivament amb el sistema escolar-lectiu, a concebre el sistema educatiu com una estructura amb oportunitats educatives dins i fora dels centres educatius.<\/li>\n<li>D\u2019identificar l\u2019aprenentatge amb l\u2019educaci\u00f3 formal, a un sistema que garanteix contextos i oportunitats educatives rics.<\/li>\n<li>De la divisi\u00f3 organitzativa de l\u2019educaci\u00f3 formal i no formal, a projectes que integren activitats formal i no formals, dins i fora dels centres educatius.<\/li>\n<li>De centrar la innovaci\u00f3 nom\u00e9s en el model pedag\u00f2gic escolar, a innovar amb un model educatiu integral.<\/li>\n<li>Del treball en paral\u00b7lel entre centres escolars i agents socioeducatius, al treball conjunt en el centre i el territori.<\/li>\n<li>De la dial\u00e8ctica entre jornada cont\u00ednua o partida, a un model centrat en l\u2019alumne i les seves necessitats educatives.<\/li>\n<\/ul>\n<p>Davant tots aquests reptes, l\u2019educaci\u00f3 a temps complet i l\u2019Alian\u00e7a Educaci\u00f3360 esdevenen indefugiblement la llavor del que haur\u00e0 de ser la pol\u00edtica educativa del pa\u00eds.<\/p>\n<p><img decoding=\"async\" class=\"aligncenter wp-image-785\" src=\"https:\/\/diarieducacio.cat\/educaciolocal\/wp-content\/uploads\/sites\/26\/2018\/02\/Educaci\u00f3360.jpg\" alt=\"\" width=\"589\" height=\"282\" \/><\/p>\n","protected":false},"excerpt":{"rendered":"<p>L&#8217;alian\u00e7a Educaci\u00f3360 convoca ajuntaments, centres educatius, entitats, equipaments i altres recursos educatius amb la intenci\u00f3 de treballar perqu\u00e8 tothom tingui m\u00e9s i millors oportunitats educatives. Es pret\u00e9n connectar l\u2019educaci\u00f3 i els aprenentatges entre el temps lectiu i el no lectiu per avan\u00e7ar cap a la construcci\u00f3 d\u2019un model d\u2019educaci\u00f3 a temps complet amb segell local i adaptat a les nostra realitat.<\/p>\n","protected":false},"author":214,"featured_media":748,"comment_status":"open","ping_status":"open","sticky":false,"template":"","format":"standard","meta":{"footnotes":""},"categories":[184],"tags":[110,129],"tipo":[],"class_list":{"0":"post-778","1":"post","2":"type-post","3":"status-publish","4":"format-standard","5":"has-post-thumbnail","7":"category-educacio-a-temps-complet","8":"tag-educacio-a-temps-complet","9":"tag-educacio-local"},"yoast_head":"<!-- This site is optimized with the Yoast SEO plugin v27.4 - https:\/\/yoast.com\/product\/yoast-seo-wordpress\/ -->\n<title>Impulsant entorns locals d\u2019aprenentatge: Educaci\u00f3360 - El blog de l&#039;educaci\u00f3 local<\/title>\n<meta name=\"robots\" content=\"index, follow, max-snippet:-1, max-image-preview:large, max-video-preview:-1\" \/>\n<link rel=\"canonical\" href=\"https:\/\/diarieducacio.cat\/educaciolocal\/2018\/02\/22\/impulsant-entorns-locals-daprenentatge-educacio360\/\" \/>\n<meta property=\"og:locale\" content=\"ca_ES\" \/>\n<meta property=\"og:type\" content=\"article\" \/>\n<meta property=\"og:title\" content=\"Impulsant entorns locals d\u2019aprenentatge: Educaci\u00f3360 - El blog de l&#039;educaci\u00f3 local\" \/>\n<meta property=\"og:description\" content=\"L&#039;alian\u00e7a Educaci\u00f3360 convoca ajuntaments, centres educatius, entitats, equipaments i altres recursos educatius amb la intenci\u00f3 de treballar perqu\u00e8 tothom tingui m\u00e9s i millors oportunitats educatives. Es pret\u00e9n connectar l\u2019educaci\u00f3 i els aprenentatges entre el temps lectiu i el no lectiu per avan\u00e7ar cap a la construcci\u00f3 d\u2019un model d\u2019educaci\u00f3 a temps complet amb segell local i adaptat a les nostra realitat.\" \/>\n<meta property=\"og:url\" content=\"https:\/\/diarieducacio.cat\/educaciolocal\/2018\/02\/22\/impulsant-entorns-locals-daprenentatge-educacio360\/\" \/>\n<meta property=\"og:site_name\" content=\"El blog de l&#039;educaci\u00f3 local\" \/>\n<meta property=\"article:publisher\" content=\"https:\/\/www.facebook.com\/diarieducacio\/\" \/>\n<meta property=\"article:published_time\" content=\"2018-02-22T07:37:45+00:00\" \/>\n<meta property=\"og:image\" content=\"https:\/\/diarieducacio.cat\/educaciolocal\/wp-content\/uploads\/sites\/18\/2018\/01\/ElenaSintes.jpg\" \/>\n\t<meta property=\"og:image:width\" content=\"512\" \/>\n\t<meta property=\"og:image:height\" content=\"512\" \/>\n\t<meta property=\"og:image:type\" content=\"image\/jpeg\" \/>\n<meta name=\"author\" content=\"Elena Sintes\" \/>\n<meta name=\"twitter:card\" content=\"summary_large_image\" \/>\n<meta name=\"twitter:creator\" content=\"@DiariEducacio\" \/>\n<meta name=\"twitter:site\" content=\"@DiariEducacio\" \/>\n<meta name=\"twitter:label1\" content=\"Escrit per\" \/>\n\t<meta name=\"twitter:data1\" content=\"Elena Sintes\" \/>\n\t<meta name=\"twitter:label2\" content=\"Temps estimat de lectura\" \/>\n\t<meta name=\"twitter:data2\" content=\"6 minuts\" \/>\n<script type=\"application\/ld+json\" class=\"yoast-schema-graph\">{\"@context\":\"https:\\\/\\\/schema.org\",\"@graph\":[{\"@type\":\"Article\",\"@id\":\"https:\\\/\\\/diarieducacio.cat\\\/educaciolocal\\\/2018\\\/02\\\/22\\\/impulsant-entorns-locals-daprenentatge-educacio360\\\/#article\",\"isPartOf\":{\"@id\":\"https:\\\/\\\/diarieducacio.cat\\\/educaciolocal\\\/2018\\\/02\\\/22\\\/impulsant-entorns-locals-daprenentatge-educacio360\\\/\"},\"author\":{\"name\":\"Elena Sintes\",\"@id\":\"https:\\\/\\\/diarieducacio.cat\\\/educaciolocal\\\/#\\\/schema\\\/person\\\/7161f2d52125d986c91d0a960d194e48\"},\"headline\":\"Impulsant entorns locals d\u2019aprenentatge: Educaci\u00f3360\",\"datePublished\":\"2018-02-22T07:37:45+00:00\",\"mainEntityOfPage\":{\"@id\":\"https:\\\/\\\/diarieducacio.cat\\\/educaciolocal\\\/2018\\\/02\\\/22\\\/impulsant-entorns-locals-daprenentatge-educacio360\\\/\"},\"wordCount\":1164,\"commentCount\":0,\"image\":{\"@id\":\"https:\\\/\\\/diarieducacio.cat\\\/educaciolocal\\\/2018\\\/02\\\/22\\\/impulsant-entorns-locals-daprenentatge-educacio360\\\/#primaryimage\"},\"thumbnailUrl\":\"https:\\\/\\\/diarieducacio.cat\\\/educaciolocal\\\/wp-content\\\/uploads\\\/sites\\\/18\\\/2018\\\/01\\\/ElenaSintes.jpg\",\"keywords\":[\"Educaci\u00f3 a temps complet\",\"Educaci\u00f3 local\"],\"articleSection\":[\"Educaci\u00f3 a temps complet\"],\"inLanguage\":\"ca\",\"potentialAction\":[{\"@type\":\"CommentAction\",\"name\":\"Comment\",\"target\":[\"https:\\\/\\\/diarieducacio.cat\\\/educaciolocal\\\/2018\\\/02\\\/22\\\/impulsant-entorns-locals-daprenentatge-educacio360\\\/#respond\"]}]},{\"@type\":\"WebPage\",\"@id\":\"https:\\\/\\\/diarieducacio.cat\\\/educaciolocal\\\/2018\\\/02\\\/22\\\/impulsant-entorns-locals-daprenentatge-educacio360\\\/\",\"url\":\"https:\\\/\\\/diarieducacio.cat\\\/educaciolocal\\\/2018\\\/02\\\/22\\\/impulsant-entorns-locals-daprenentatge-educacio360\\\/\",\"name\":\"Impulsant entorns locals d\u2019aprenentatge: Educaci\u00f3360 - El blog de l'educaci\u00f3 local\",\"isPartOf\":{\"@id\":\"https:\\\/\\\/diarieducacio.cat\\\/educaciolocal\\\/#website\"},\"primaryImageOfPage\":{\"@id\":\"https:\\\/\\\/diarieducacio.cat\\\/educaciolocal\\\/2018\\\/02\\\/22\\\/impulsant-entorns-locals-daprenentatge-educacio360\\\/#primaryimage\"},\"image\":{\"@id\":\"https:\\\/\\\/diarieducacio.cat\\\/educaciolocal\\\/2018\\\/02\\\/22\\\/impulsant-entorns-locals-daprenentatge-educacio360\\\/#primaryimage\"},\"thumbnailUrl\":\"https:\\\/\\\/diarieducacio.cat\\\/educaciolocal\\\/wp-content\\\/uploads\\\/sites\\\/18\\\/2018\\\/01\\\/ElenaSintes.jpg\",\"datePublished\":\"2018-02-22T07:37:45+00:00\",\"author\":{\"@id\":\"https:\\\/\\\/diarieducacio.cat\\\/educaciolocal\\\/#\\\/schema\\\/person\\\/7161f2d52125d986c91d0a960d194e48\"},\"breadcrumb\":{\"@id\":\"https:\\\/\\\/diarieducacio.cat\\\/educaciolocal\\\/2018\\\/02\\\/22\\\/impulsant-entorns-locals-daprenentatge-educacio360\\\/#breadcrumb\"},\"inLanguage\":\"ca\",\"potentialAction\":[{\"@type\":\"ReadAction\",\"target\":[\"https:\\\/\\\/diarieducacio.cat\\\/educaciolocal\\\/2018\\\/02\\\/22\\\/impulsant-entorns-locals-daprenentatge-educacio360\\\/\"]}]},{\"@type\":\"ImageObject\",\"inLanguage\":\"ca\",\"@id\":\"https:\\\/\\\/diarieducacio.cat\\\/educaciolocal\\\/2018\\\/02\\\/22\\\/impulsant-entorns-locals-daprenentatge-educacio360\\\/#primaryimage\",\"url\":\"https:\\\/\\\/diarieducacio.cat\\\/educaciolocal\\\/wp-content\\\/uploads\\\/sites\\\/18\\\/2018\\\/01\\\/ElenaSintes.jpg\",\"contentUrl\":\"https:\\\/\\\/diarieducacio.cat\\\/educaciolocal\\\/wp-content\\\/uploads\\\/sites\\\/18\\\/2018\\\/01\\\/ElenaSintes.jpg\",\"width\":512,\"height\":512},{\"@type\":\"BreadcrumbList\",\"@id\":\"https:\\\/\\\/diarieducacio.cat\\\/educaciolocal\\\/2018\\\/02\\\/22\\\/impulsant-entorns-locals-daprenentatge-educacio360\\\/#breadcrumb\",\"itemListElement\":[{\"@type\":\"ListItem\",\"position\":1,\"name\":\"Inici\",\"item\":\"https:\\\/\\\/diarieducacio.cat\\\/educaciolocal\\\/\"},{\"@type\":\"ListItem\",\"position\":2,\"name\":\"Impulsant entorns locals d\u2019aprenentatge: Educaci\u00f3360\"}]},{\"@type\":\"WebSite\",\"@id\":\"https:\\\/\\\/diarieducacio.cat\\\/educaciolocal\\\/#website\",\"url\":\"https:\\\/\\\/diarieducacio.cat\\\/educaciolocal\\\/\",\"name\":\"El blog de l'educaci\u00f3 local\",\"description\":\"\",\"potentialAction\":[{\"@type\":\"SearchAction\",\"target\":{\"@type\":\"EntryPoint\",\"urlTemplate\":\"https:\\\/\\\/diarieducacio.cat\\\/educaciolocal\\\/?s={search_term_string}\"},\"query-input\":{\"@type\":\"PropertyValueSpecification\",\"valueRequired\":true,\"valueName\":\"search_term_string\"}}],\"inLanguage\":\"ca\"},{\"@type\":\"Person\",\"@id\":\"https:\\\/\\\/diarieducacio.cat\\\/educaciolocal\\\/#\\\/schema\\\/person\\\/7161f2d52125d986c91d0a960d194e48\",\"name\":\"Elena Sintes\",\"image\":{\"@type\":\"ImageObject\",\"inLanguage\":\"ca\",\"@id\":\"https:\\\/\\\/secure.gravatar.com\\\/avatar\\\/49c0c1d626a828c38d6561ffb93e74802e00c50fe509e46ae8b9aa94f12c8a48?s=96&d=mm&r=g\",\"url\":\"https:\\\/\\\/secure.gravatar.com\\\/avatar\\\/49c0c1d626a828c38d6561ffb93e74802e00c50fe509e46ae8b9aa94f12c8a48?s=96&d=mm&r=g\",\"contentUrl\":\"https:\\\/\\\/secure.gravatar.com\\\/avatar\\\/49c0c1d626a828c38d6561ffb93e74802e00c50fe509e46ae8b9aa94f12c8a48?s=96&d=mm&r=g\",\"caption\":\"Elena Sintes\"},\"url\":\"https:\\\/\\\/diarieducacio.cat\\\/educaciolocal\\\/author\\\/elenasintes\\\/\"}]}<\/script>\n<!-- \/ Yoast SEO plugin. -->","yoast_head_json":{"title":"Impulsant entorns locals d\u2019aprenentatge: Educaci\u00f3360 - El blog de l'educaci\u00f3 local","robots":{"index":"index","follow":"follow","max-snippet":"max-snippet:-1","max-image-preview":"max-image-preview:large","max-video-preview":"max-video-preview:-1"},"canonical":"https:\/\/diarieducacio.cat\/educaciolocal\/2018\/02\/22\/impulsant-entorns-locals-daprenentatge-educacio360\/","og_locale":"ca_ES","og_type":"article","og_title":"Impulsant entorns locals d\u2019aprenentatge: Educaci\u00f3360 - El blog de l'educaci\u00f3 local","og_description":"L'alian\u00e7a Educaci\u00f3360 convoca ajuntaments, centres educatius, entitats, equipaments i altres recursos educatius amb la intenci\u00f3 de treballar perqu\u00e8 tothom tingui m\u00e9s i millors oportunitats educatives. Es pret\u00e9n connectar l\u2019educaci\u00f3 i els aprenentatges entre el temps lectiu i el no lectiu per avan\u00e7ar cap a la construcci\u00f3 d\u2019un model d\u2019educaci\u00f3 a temps complet amb segell local i adaptat a les nostra realitat.","og_url":"https:\/\/diarieducacio.cat\/educaciolocal\/2018\/02\/22\/impulsant-entorns-locals-daprenentatge-educacio360\/","og_site_name":"El blog de l'educaci\u00f3 local","article_publisher":"https:\/\/www.facebook.com\/diarieducacio\/","article_published_time":"2018-02-22T07:37:45+00:00","og_image":[{"width":512,"height":512,"url":"https:\/\/diarieducacio.cat\/educaciolocal\/wp-content\/uploads\/sites\/18\/2018\/01\/ElenaSintes.jpg","type":"image\/jpeg"}],"author":"Elena Sintes","twitter_card":"summary_large_image","twitter_creator":"@DiariEducacio","twitter_site":"@DiariEducacio","twitter_misc":{"Escrit per":"Elena Sintes","Temps estimat de lectura":"6 minuts"},"schema":{"@context":"https:\/\/schema.org","@graph":[{"@type":"Article","@id":"https:\/\/diarieducacio.cat\/educaciolocal\/2018\/02\/22\/impulsant-entorns-locals-daprenentatge-educacio360\/#article","isPartOf":{"@id":"https:\/\/diarieducacio.cat\/educaciolocal\/2018\/02\/22\/impulsant-entorns-locals-daprenentatge-educacio360\/"},"author":{"name":"Elena Sintes","@id":"https:\/\/diarieducacio.cat\/educaciolocal\/#\/schema\/person\/7161f2d52125d986c91d0a960d194e48"},"headline":"Impulsant entorns locals d\u2019aprenentatge: Educaci\u00f3360","datePublished":"2018-02-22T07:37:45+00:00","mainEntityOfPage":{"@id":"https:\/\/diarieducacio.cat\/educaciolocal\/2018\/02\/22\/impulsant-entorns-locals-daprenentatge-educacio360\/"},"wordCount":1164,"commentCount":0,"image":{"@id":"https:\/\/diarieducacio.cat\/educaciolocal\/2018\/02\/22\/impulsant-entorns-locals-daprenentatge-educacio360\/#primaryimage"},"thumbnailUrl":"https:\/\/diarieducacio.cat\/educaciolocal\/wp-content\/uploads\/sites\/18\/2018\/01\/ElenaSintes.jpg","keywords":["Educaci\u00f3 a temps complet","Educaci\u00f3 local"],"articleSection":["Educaci\u00f3 a temps complet"],"inLanguage":"ca","potentialAction":[{"@type":"CommentAction","name":"Comment","target":["https:\/\/diarieducacio.cat\/educaciolocal\/2018\/02\/22\/impulsant-entorns-locals-daprenentatge-educacio360\/#respond"]}]},{"@type":"WebPage","@id":"https:\/\/diarieducacio.cat\/educaciolocal\/2018\/02\/22\/impulsant-entorns-locals-daprenentatge-educacio360\/","url":"https:\/\/diarieducacio.cat\/educaciolocal\/2018\/02\/22\/impulsant-entorns-locals-daprenentatge-educacio360\/","name":"Impulsant entorns locals d\u2019aprenentatge: Educaci\u00f3360 - El blog de l'educaci\u00f3 local","isPartOf":{"@id":"https:\/\/diarieducacio.cat\/educaciolocal\/#website"},"primaryImageOfPage":{"@id":"https:\/\/diarieducacio.cat\/educaciolocal\/2018\/02\/22\/impulsant-entorns-locals-daprenentatge-educacio360\/#primaryimage"},"image":{"@id":"https:\/\/diarieducacio.cat\/educaciolocal\/2018\/02\/22\/impulsant-entorns-locals-daprenentatge-educacio360\/#primaryimage"},"thumbnailUrl":"https:\/\/diarieducacio.cat\/educaciolocal\/wp-content\/uploads\/sites\/18\/2018\/01\/ElenaSintes.jpg","datePublished":"2018-02-22T07:37:45+00:00","author":{"@id":"https:\/\/diarieducacio.cat\/educaciolocal\/#\/schema\/person\/7161f2d52125d986c91d0a960d194e48"},"breadcrumb":{"@id":"https:\/\/diarieducacio.cat\/educaciolocal\/2018\/02\/22\/impulsant-entorns-locals-daprenentatge-educacio360\/#breadcrumb"},"inLanguage":"ca","potentialAction":[{"@type":"ReadAction","target":["https:\/\/diarieducacio.cat\/educaciolocal\/2018\/02\/22\/impulsant-entorns-locals-daprenentatge-educacio360\/"]}]},{"@type":"ImageObject","inLanguage":"ca","@id":"https:\/\/diarieducacio.cat\/educaciolocal\/2018\/02\/22\/impulsant-entorns-locals-daprenentatge-educacio360\/#primaryimage","url":"https:\/\/diarieducacio.cat\/educaciolocal\/wp-content\/uploads\/sites\/18\/2018\/01\/ElenaSintes.jpg","contentUrl":"https:\/\/diarieducacio.cat\/educaciolocal\/wp-content\/uploads\/sites\/18\/2018\/01\/ElenaSintes.jpg","width":512,"height":512},{"@type":"BreadcrumbList","@id":"https:\/\/diarieducacio.cat\/educaciolocal\/2018\/02\/22\/impulsant-entorns-locals-daprenentatge-educacio360\/#breadcrumb","itemListElement":[{"@type":"ListItem","position":1,"name":"Inici","item":"https:\/\/diarieducacio.cat\/educaciolocal\/"},{"@type":"ListItem","position":2,"name":"Impulsant entorns locals d\u2019aprenentatge: Educaci\u00f3360"}]},{"@type":"WebSite","@id":"https:\/\/diarieducacio.cat\/educaciolocal\/#website","url":"https:\/\/diarieducacio.cat\/educaciolocal\/","name":"El blog de l'educaci\u00f3 local","description":"","potentialAction":[{"@type":"SearchAction","target":{"@type":"EntryPoint","urlTemplate":"https:\/\/diarieducacio.cat\/educaciolocal\/?s={search_term_string}"},"query-input":{"@type":"PropertyValueSpecification","valueRequired":true,"valueName":"search_term_string"}}],"inLanguage":"ca"},{"@type":"Person","@id":"https:\/\/diarieducacio.cat\/educaciolocal\/#\/schema\/person\/7161f2d52125d986c91d0a960d194e48","name":"Elena Sintes","image":{"@type":"ImageObject","inLanguage":"ca","@id":"https:\/\/secure.gravatar.com\/avatar\/49c0c1d626a828c38d6561ffb93e74802e00c50fe509e46ae8b9aa94f12c8a48?s=96&d=mm&r=g","url":"https:\/\/secure.gravatar.com\/avatar\/49c0c1d626a828c38d6561ffb93e74802e00c50fe509e46ae8b9aa94f12c8a48?s=96&d=mm&r=g","contentUrl":"https:\/\/secure.gravatar.com\/avatar\/49c0c1d626a828c38d6561ffb93e74802e00c50fe509e46ae8b9aa94f12c8a48?s=96&d=mm&r=g","caption":"Elena Sintes"},"url":"https:\/\/diarieducacio.cat\/educaciolocal\/author\/elenasintes\/"}]}},"_links":{"self":[{"href":"https:\/\/diarieducacio.cat\/educaciolocal\/wp-json\/wp\/v2\/posts\/778","targetHints":{"allow":["GET"]}}],"collection":[{"href":"https:\/\/diarieducacio.cat\/educaciolocal\/wp-json\/wp\/v2\/posts"}],"about":[{"href":"https:\/\/diarieducacio.cat\/educaciolocal\/wp-json\/wp\/v2\/types\/post"}],"author":[{"embeddable":true,"href":"https:\/\/diarieducacio.cat\/educaciolocal\/wp-json\/wp\/v2\/users\/214"}],"replies":[{"embeddable":true,"href":"https:\/\/diarieducacio.cat\/educaciolocal\/wp-json\/wp\/v2\/comments?post=778"}],"version-history":[{"count":0,"href":"https:\/\/diarieducacio.cat\/educaciolocal\/wp-json\/wp\/v2\/posts\/778\/revisions"}],"wp:featuredmedia":[{"embeddable":true,"href":"https:\/\/diarieducacio.cat\/educaciolocal\/wp-json\/wp\/v2\/media\/748"}],"wp:attachment":[{"href":"https:\/\/diarieducacio.cat\/educaciolocal\/wp-json\/wp\/v2\/media?parent=778"}],"wp:term":[{"taxonomy":"category","embeddable":true,"href":"https:\/\/diarieducacio.cat\/educaciolocal\/wp-json\/wp\/v2\/categories?post=778"},{"taxonomy":"post_tag","embeddable":true,"href":"https:\/\/diarieducacio.cat\/educaciolocal\/wp-json\/wp\/v2\/tags?post=778"},{"taxonomy":"tipo","embeddable":true,"href":"https:\/\/diarieducacio.cat\/educaciolocal\/wp-json\/wp\/v2\/tipo?post=778"}],"curies":[{"name":"wp","href":"https:\/\/api.w.org\/{rel}","templated":true}]}}