{"id":903,"date":"2018-05-15T18:13:05","date_gmt":"2018-05-15T18:13:05","guid":{"rendered":"https:\/\/diarieducacio.cat\/educaciolocal\/?p=903"},"modified":"2018-05-15T18:13:05","modified_gmt":"2018-05-15T18:13:05","slug":"lleure-per-a-combatre-el-bullying-la-festa-de-la-convivencia-conquesta-el-camp-nou","status":"publish","type":"post","link":"https:\/\/diarieducacio.cat\/educaciolocal\/2018\/05\/15\/lleure-per-a-combatre-el-bullying-la-festa-de-la-convivencia-conquesta-el-camp-nou\/","title":{"rendered":"Lleure per a combatre el bullying: la Festa de la Conviv\u00e8ncia conquesta el Camp Nou"},"content":{"rendered":"<p>El Camp Nou s\u2019erigeix sobre els carrers del barri de Les Corts i desenes de persones es dirigeixen cap a les seves portes. Per\u00f2 no \u00e9s un dia de partit. Al contrari de les jornades en qu\u00e8 hi juga el Bar\u00e7a, el bullici i l\u2019enrenou no sorgeixen de les graderies sin\u00f3 de l\u2019explanada que flanqueja el camp, uns metres m\u00e9s enll\u00e0 de l\u2019entrada principal. No s\u2019hi senten c\u00e0ntics d\u2019aficionats, sin\u00f3 can\u00e7ons de moda o la veu d\u2019un narrador d\u2019algun espectacle infantil. No s\u2019hi veuen aficionats, sin\u00f3 criatures amb la cara pintada. \u00c9s la Festa de la Conviv\u00e8ncia, que el dissabte passat va conquerir el Camp del Bar\u00e7a en una jornada l\u00fadica contra l\u2019assetjament escolar.<\/p>\n<p>Les criatures que entren al recinte es barregen amb els turistes que venen a visitar les instal\u00b7lacions del Camp Nou, moltes de les persones d\u2019aquests dos grups tan diferents venen amb samarretes de l\u2019equip i la llueixen, ja sigui per fer-se la foto de rigor els uns, o per a gaudir de les activitats de lleure que impregnen aquest espai de l\u2019estadi. Per\u00f2 un lleure amb intencionalitat, ja que la festa \u201crespon a la necessitat de donar visibilitat a la problem\u00e0tica des d\u2019etapes primerenques i de manera preventiva, perqu\u00e8 per lluitar contra el bullying \u00e9s cabdal sensibilitzar tota la societat i, especialment, els mateixos infants\u201d, explica Ester Morillas, coordinadora de projectes locals de la Fundaci\u00f3 Bar\u00e7a, entitat organitzadora de la Festa de la Conviv\u00e8ncia.<\/p>\n<p>Aix\u00ed, durant la festa es van dur a terme tota una s\u00e8rie d\u2019activitats que promovien la igualtat, el respecte i l\u2019estima de manera \u201ceducativa i positiva\u201d, en paraules de Morillas. D\u2019aquesta manera, mitjan\u00e7ant el joc, l\u2019esport i el lleure -espais d\u2019oci que es basen en el treball en equip- els menuts van poder reflexionar sobre \u201cla conviv\u00e8ncia\u201d. Durant la jornada els menuts van poder fer una gimcana per diverses activitats com la manualitats i pinta-cares, teatre f\u00f2rum o un mural, dinamitzat per l\u2019artista Roser Calafell, que va acompanyar infants i fam\u00edlies en \u201cun rac\u00f3 art\u00edstic on deixar dibuixos, missatges i pintar la lluita contra el Bullying\u201d, apunta Morillas<\/p>\n<p>Missatges com \u201ctots som iguals\u201d, \u201cestimem-nos\u201d o \u201cel respecte \u00e9s la clau de la conviv\u00e8ncia\u201d s\u00f3n algunes de les consignes que es podien trobar escrites en aquell mural. Davant aquest rac\u00f3 art\u00edstic, en Joan, un dels dinamitzadors de la jornada, explica armat amb tot de retoladors de colors per a escriure a la paret que \u201chem d\u2019ajudar a visibilitzar l\u2019assetjament perqu\u00e8 \u00e9s una xacra molt invisible. Les escoles ja fan feina, per\u00f2 les fam\u00edlies i sobretot els infants n\u2019han de ser m\u00e9s conscients\u201d, considera i, per aix\u00f2, \u201c\u00e9s tan important que aquestes activitats es facin en espais de lleure\u201d, conclou.<\/p>\n<figure id=\"attachment_905\" aria-describedby=\"caption-attachment-905\" style=\"width: 2200px\" class=\"wp-caption aligncenter\"><img fetchpriority=\"high\" decoding=\"async\" class=\"wp-image-905 size-full\" src=\"https:\/\/diarieducacio.cat\/educaciolocal\/wp-content\/uploads\/sites\/26\/2018\/05\/portada.jpg\" alt=\"\" width=\"2200\" height=\"1237\" srcset=\"https:\/\/diarieducacio.cat\/educaciolocal\/wp-content\/uploads\/sites\/18\/2018\/05\/portada.jpg 2200w, https:\/\/diarieducacio.cat\/educaciolocal\/wp-content\/uploads\/sites\/18\/2018\/05\/portada-300x169.jpg 300w, https:\/\/diarieducacio.cat\/educaciolocal\/wp-content\/uploads\/sites\/18\/2018\/05\/portada-1024x576.jpg 1024w, https:\/\/diarieducacio.cat\/educaciolocal\/wp-content\/uploads\/sites\/18\/2018\/05\/portada-768x432.jpg 768w, https:\/\/diarieducacio.cat\/educaciolocal\/wp-content\/uploads\/sites\/18\/2018\/05\/portada-1536x864.jpg 1536w, https:\/\/diarieducacio.cat\/educaciolocal\/wp-content\/uploads\/sites\/18\/2018\/05\/portada-2048x1152.jpg 2048w, https:\/\/diarieducacio.cat\/educaciolocal\/wp-content\/uploads\/sites\/18\/2018\/05\/portada-150x84.jpg 150w, https:\/\/diarieducacio.cat\/educaciolocal\/wp-content\/uploads\/sites\/18\/2018\/05\/portada-450x253.jpg 450w, https:\/\/diarieducacio.cat\/educaciolocal\/wp-content\/uploads\/sites\/18\/2018\/05\/portada-1200x675.jpg 1200w\" sizes=\"(max-width: 2200px) 100vw, 2200px\" \/><figcaption id=\"caption-attachment-905\" class=\"wp-caption-text\">&#8220;Tots som iguals&#8221; \u00e9s un dels missatges que es van poder llegir a la Festa de la Conviv\u00e8ncia | SANDRA VICENTE<\/figcaption><\/figure>\n<h3><strong>L\u2019esport, un gran aliat contra l\u2019assetjament<\/strong><\/h3>\n<p>Mentre els menuts pinten, juguen a futbol o corretegen per l\u2019esplanada del Camp Nou, de tant en tant, se sent entre el bullici una veu masculina que proclama que \u201cla diversitat \u00e9s positiva i cal respectar-la. No hi ha cap difer\u00e8ncia que justifiqui fer mal a un altre\u201d. Es tracta d\u2019un <em>Speaker <\/em>que, per megafonia, deixa clar que \u201cles baralles no s\u00f3n cosa de nens\u201d i que si alg\u00fa est\u00e0 essent assetjat \u201ccal que demani ajuda a un adult\u201d, perqu\u00e8 \u201cdir-ho als entrenadors o als pares o mares, no \u00e9s ser xivato\u201d.<\/p>\n<p>Tenint en compte que \u201cla viol\u00e8ncia t\u00e9 greus conseq\u00fc\u00e8ncies pels infants i per la societat i que genera un impacte que pot ser irreversibles\u201d, la Fundaci\u00f3 Bar\u00e7a aposta per a prevenir-la. Aix\u00ed, l\u2019esport \u00e9s un gran aliat, ja \u00e9s una activitat \u201csocialitzadora, l\u00fadica i participativa, que genera el marc ideal pel treball en positiu i la relaci\u00f3 entre iguals\u201d, apunta Morillas. L\u2019esport va de sortir al camp, no de mirar des de fora, i de superar conflictes i reptes que han de ser afrontats en equip. I en aquesta l\u00ednia anava una de les activitats de la jornada: a banda de les diverses activitats esportives, com el roc\u00f2drom, un futbol\u00ed gegant o el futbol i el b\u00e0squet tradicionals, els menuts van poder participar al Planter anti-rumors.<\/p>\n<p>Aquesta activitat era una simulaci\u00f3 d\u2019un entrenament de futbol; com a tots els entrenaments, calia xutar a porteria, per\u00f2 abans de fer-ho, calia respondre correctament algunes preguntes relacionades amb rumors relacionats amb el bullying. I \u00e9s que, per a poder combatre l\u2019assetjament, primer cal con\u00e8ixer-lo. I per aix\u00f2 servia una altra de les activitats: l\u2019Escape Room, en el que calia resoldre el misteri del m\u00f2bil perdut del Pau entre tots i totes. El treball en equip, tot i que semblant al de l\u2019esport, no es basava en un component f\u00edsic sin\u00f3 emocional.<\/p>\n<p>\u201cEls participants han d\u2019analitzar habilitats i valors per a poder superar una situaci\u00f3 d\u2019assetjament que viu el protagonista de la hist\u00f2ria i fer possible entre tots la bona conviv\u00e8ncia\u201d, explica l\u2019Andrea, dinamitzadora de l\u2019activitat. En acabar l\u2019activitat tots els menuts s\u2019asseuen en un espai de reflexi\u00f3 per entendre els seus sentiments i parlar de les seves experi\u00e8ncies. \u201cHi ha molts nens que saben que hi ha companys que se senten sols i tristos, encara que potser no tinguin plena consci\u00e8ncia del qu\u00e8 \u00e9s el bullying\u201d, apunta.<\/p>\n<figure id=\"attachment_904\" aria-describedby=\"caption-attachment-904\" style=\"width: 2200px\" class=\"wp-caption aligncenter\"><img decoding=\"async\" class=\"wp-image-904 size-full\" src=\"https:\/\/diarieducacio.cat\/educaciolocal\/wp-content\/uploads\/sites\/26\/2018\/05\/P1010072.jpg\" alt=\"\" width=\"2200\" height=\"1237\" srcset=\"https:\/\/diarieducacio.cat\/educaciolocal\/wp-content\/uploads\/sites\/18\/2018\/05\/P1010072.jpg 2200w, https:\/\/diarieducacio.cat\/educaciolocal\/wp-content\/uploads\/sites\/18\/2018\/05\/P1010072-300x169.jpg 300w, https:\/\/diarieducacio.cat\/educaciolocal\/wp-content\/uploads\/sites\/18\/2018\/05\/P1010072-1024x576.jpg 1024w, https:\/\/diarieducacio.cat\/educaciolocal\/wp-content\/uploads\/sites\/18\/2018\/05\/P1010072-768x432.jpg 768w, https:\/\/diarieducacio.cat\/educaciolocal\/wp-content\/uploads\/sites\/18\/2018\/05\/P1010072-1536x864.jpg 1536w, https:\/\/diarieducacio.cat\/educaciolocal\/wp-content\/uploads\/sites\/18\/2018\/05\/P1010072-2048x1152.jpg 2048w, https:\/\/diarieducacio.cat\/educaciolocal\/wp-content\/uploads\/sites\/18\/2018\/05\/P1010072-150x84.jpg 150w, https:\/\/diarieducacio.cat\/educaciolocal\/wp-content\/uploads\/sites\/18\/2018\/05\/P1010072-450x253.jpg 450w, https:\/\/diarieducacio.cat\/educaciolocal\/wp-content\/uploads\/sites\/18\/2018\/05\/P1010072-1200x675.jpg 1200w\" sizes=\"(max-width: 2200px) 100vw, 2200px\" \/><figcaption id=\"caption-attachment-904\" class=\"wp-caption-text\">Un nen analitza els sentiments en una activitat contra el bullying | SANDRA VICENTE<\/figcaption><\/figure>\n<p>\u201c\u00c9s important que els nens i nenes tinguin eines per saber identificar qu\u00e8 \u00e9s bullying, saber que l\u2019assetjament no \u00e9s tolerable\u201d, assegura Morillas, qui afegeix que \u201cdonat que l\u2019assetjament es perpetua gr\u00e0cies a la llei del silenci \u00e9s important que tots i totes pensin que el potencial de canvi resideix en ells\u201d. Per tant, analitzar els sentiments, no nom\u00e9s els propis, sin\u00f3 els de la persona que es pot veure violentada cobra una especial import\u00e0ncia, que es treballava tamb\u00e9 en una de les activitats.<\/p>\n<p>En petits grups, nens i nenes agafaven targetes del terra en les que hi havia escrit conceptes com por, ira, tristesa, empatia, alegria&#8230;i els anaven ordenant segons \u201ccom de bons\u201d eren aquests sentiments. Els m\u00e9s petits s\u2019encallaven quan havien de definir sensacions m\u00e9s complexes que la por o la tristesa, per\u00f2 els m\u00e9s grans ja s\u2019atrevien amb l\u2019amabilitat i l\u2019empatia. Per\u00f2, finalment, despr\u00e9s d\u2019haver definit tots aquells conceptes, venia la gran pregunta: \u201cQu\u00e8 \u00e9s el bullying?\u201d.<\/p>\n<p>Un nen ben petit, que no devia passar dels 6 anys, s\u2019al\u00e7a i t\u00edmid, afirma mentre arronsa un fil que surt de la seva samarreta del Bar\u00e7a: \u201cel bullying \u00e9s quan un nen est\u00e0 trist i sol perqu\u00e8 els seus amics li diuen coses lletges i no juguen amb ell\u201d. La mare de la criatura, que li fa fotografies mentre realitza l\u2019activitat -bastant m\u00e9s \u00edntima que la resta- li d\u00f3na l\u2019aprovaci\u00f3 quan el menut la mira, buscant saber si havia donat una resposta correcta. I \u00e9s que no cal con\u00e8ixer el terme bullying per a saber qu\u00e8 \u00e9s, ni cal saber posar paraules a la solitud per a patir-la. \u201cEl 10% dels infants pateixen situacions d\u2019assetjament, per\u00f2 sabem que es pot evitar si busquem una soluci\u00f3 integral, que impliqui l\u2019escola i el conjunt de la societat\u201d, explica Morillas. Una resposta que implica els nens, que no nom\u00e9s identifiquin el bullying, sin\u00f3 que s\u00e0piguen que la soluci\u00f3 passa tamb\u00e9 per ells.<\/p>\n","protected":false},"excerpt":{"rendered":"<p>La Fundaci\u00f3 Bar\u00e7a va organitzar una jornada en que la pedagogia i l\u2019oci es van ajuntar per a conscienciar tant a fam\u00edlies com criatures de la xacra de l\u2019assetjament i visibilitzar una problem\u00e0tica que no afecta nom\u00e9s a v\u00edctima i assetjador<\/p>\n","protected":false},"author":201,"featured_media":906,"comment_status":"open","ping_status":"closed","sticky":false,"template":"","format":"standard","meta":{"footnotes":""},"categories":[117,139],"tags":[191,189,190],"tipo":[],"class_list":{"0":"post-903","1":"post","2":"type-post","3":"status-publish","4":"format-standard","5":"has-post-thumbnail","7":"category-entorn","8":"category-igualtat","9":"tag-assetjament","10":"tag-bullying","11":"tag-fundacio-barca"},"yoast_head":"<!-- This site is optimized with the Yoast SEO plugin v27.4 - https:\/\/yoast.com\/product\/yoast-seo-wordpress\/ -->\n<title>Lleure per a combatre el bullying: la Festa de la Conviv\u00e8ncia conquesta el Camp Nou - El blog de l&#039;educaci\u00f3 local<\/title>\n<meta name=\"robots\" content=\"index, follow, max-snippet:-1, max-image-preview:large, max-video-preview:-1\" \/>\n<link rel=\"canonical\" href=\"https:\/\/diarieducacio.cat\/educaciolocal\/2018\/05\/15\/lleure-per-a-combatre-el-bullying-la-festa-de-la-convivencia-conquesta-el-camp-nou\/\" \/>\n<meta property=\"og:locale\" content=\"ca_ES\" \/>\n<meta property=\"og:type\" content=\"article\" \/>\n<meta property=\"og:title\" content=\"Lleure per a combatre el bullying: la Festa de la Conviv\u00e8ncia conquesta el Camp Nou - El blog de l&#039;educaci\u00f3 local\" \/>\n<meta property=\"og:description\" content=\"La Fundaci\u00f3 Bar\u00e7a va organitzar una jornada en que la pedagogia i l\u2019oci es van ajuntar per a conscienciar tant a fam\u00edlies com criatures de la xacra de l\u2019assetjament i visibilitzar una problem\u00e0tica que no afecta nom\u00e9s a v\u00edctima i assetjador\" \/>\n<meta property=\"og:url\" content=\"https:\/\/diarieducacio.cat\/educaciolocal\/2018\/05\/15\/lleure-per-a-combatre-el-bullying-la-festa-de-la-convivencia-conquesta-el-camp-nou\/\" \/>\n<meta property=\"og:site_name\" content=\"El blog de l&#039;educaci\u00f3 local\" \/>\n<meta property=\"article:publisher\" content=\"https:\/\/www.facebook.com\/diarieducacio\/\" \/>\n<meta property=\"article:published_time\" content=\"2018-05-15T18:13:05+00:00\" \/>\n<meta property=\"og:image\" content=\"https:\/\/diarieducacio.cat\/educaciolocal\/wp-content\/uploads\/sites\/18\/2018\/05\/portada2.jpg\" \/>\n\t<meta property=\"og:image:width\" content=\"2200\" \/>\n\t<meta property=\"og:image:height\" content=\"1237\" \/>\n\t<meta property=\"og:image:type\" content=\"image\/jpeg\" \/>\n<meta name=\"author\" content=\"Redacci\u00f3 - Blog de l&#039;educaci\u00f3 local\" \/>\n<meta name=\"twitter:card\" content=\"summary_large_image\" \/>\n<meta name=\"twitter:creator\" content=\"@DiariEducacio\" \/>\n<meta name=\"twitter:site\" content=\"@DiariEducacio\" \/>\n<meta name=\"twitter:label1\" content=\"Escrit per\" \/>\n\t<meta name=\"twitter:data1\" content=\"Redacci\u00f3 - Blog de l&#039;educaci\u00f3 local\" \/>\n\t<meta name=\"twitter:label2\" content=\"Temps estimat de lectura\" \/>\n\t<meta name=\"twitter:data2\" content=\"7 minuts\" \/>\n<script type=\"application\/ld+json\" class=\"yoast-schema-graph\">{\"@context\":\"https:\\\/\\\/schema.org\",\"@graph\":[{\"@type\":\"Article\",\"@id\":\"https:\\\/\\\/diarieducacio.cat\\\/educaciolocal\\\/2018\\\/05\\\/15\\\/lleure-per-a-combatre-el-bullying-la-festa-de-la-convivencia-conquesta-el-camp-nou\\\/#article\",\"isPartOf\":{\"@id\":\"https:\\\/\\\/diarieducacio.cat\\\/educaciolocal\\\/2018\\\/05\\\/15\\\/lleure-per-a-combatre-el-bullying-la-festa-de-la-convivencia-conquesta-el-camp-nou\\\/\"},\"author\":{\"name\":\"Redacci\u00f3 - Blog de l'educaci\u00f3 local\",\"@id\":\"https:\\\/\\\/diarieducacio.cat\\\/educaciolocal\\\/#\\\/schema\\\/person\\\/2b7a218a59179ac9b82caae5e2c4f2ab\"},\"headline\":\"Lleure per a combatre el bullying: la Festa de la Conviv\u00e8ncia conquesta el Camp Nou\",\"datePublished\":\"2018-05-15T18:13:05+00:00\",\"mainEntityOfPage\":{\"@id\":\"https:\\\/\\\/diarieducacio.cat\\\/educaciolocal\\\/2018\\\/05\\\/15\\\/lleure-per-a-combatre-el-bullying-la-festa-de-la-convivencia-conquesta-el-camp-nou\\\/\"},\"wordCount\":1335,\"commentCount\":0,\"image\":{\"@id\":\"https:\\\/\\\/diarieducacio.cat\\\/educaciolocal\\\/2018\\\/05\\\/15\\\/lleure-per-a-combatre-el-bullying-la-festa-de-la-convivencia-conquesta-el-camp-nou\\\/#primaryimage\"},\"thumbnailUrl\":\"https:\\\/\\\/diarieducacio.cat\\\/educaciolocal\\\/wp-content\\\/uploads\\\/sites\\\/18\\\/2018\\\/05\\\/portada2.jpg\",\"keywords\":[\"assetjament\",\"bullying\",\"fundaci\u00f3 bar\u00e7a\"],\"articleSection\":[\"Entorn\",\"Igualtat\"],\"inLanguage\":\"ca\",\"potentialAction\":[{\"@type\":\"CommentAction\",\"name\":\"Comment\",\"target\":[\"https:\\\/\\\/diarieducacio.cat\\\/educaciolocal\\\/2018\\\/05\\\/15\\\/lleure-per-a-combatre-el-bullying-la-festa-de-la-convivencia-conquesta-el-camp-nou\\\/#respond\"]}]},{\"@type\":\"WebPage\",\"@id\":\"https:\\\/\\\/diarieducacio.cat\\\/educaciolocal\\\/2018\\\/05\\\/15\\\/lleure-per-a-combatre-el-bullying-la-festa-de-la-convivencia-conquesta-el-camp-nou\\\/\",\"url\":\"https:\\\/\\\/diarieducacio.cat\\\/educaciolocal\\\/2018\\\/05\\\/15\\\/lleure-per-a-combatre-el-bullying-la-festa-de-la-convivencia-conquesta-el-camp-nou\\\/\",\"name\":\"Lleure per a combatre el bullying: la Festa de la Conviv\u00e8ncia conquesta el Camp Nou - El blog de l'educaci\u00f3 local\",\"isPartOf\":{\"@id\":\"https:\\\/\\\/diarieducacio.cat\\\/educaciolocal\\\/#website\"},\"primaryImageOfPage\":{\"@id\":\"https:\\\/\\\/diarieducacio.cat\\\/educaciolocal\\\/2018\\\/05\\\/15\\\/lleure-per-a-combatre-el-bullying-la-festa-de-la-convivencia-conquesta-el-camp-nou\\\/#primaryimage\"},\"image\":{\"@id\":\"https:\\\/\\\/diarieducacio.cat\\\/educaciolocal\\\/2018\\\/05\\\/15\\\/lleure-per-a-combatre-el-bullying-la-festa-de-la-convivencia-conquesta-el-camp-nou\\\/#primaryimage\"},\"thumbnailUrl\":\"https:\\\/\\\/diarieducacio.cat\\\/educaciolocal\\\/wp-content\\\/uploads\\\/sites\\\/18\\\/2018\\\/05\\\/portada2.jpg\",\"datePublished\":\"2018-05-15T18:13:05+00:00\",\"author\":{\"@id\":\"https:\\\/\\\/diarieducacio.cat\\\/educaciolocal\\\/#\\\/schema\\\/person\\\/2b7a218a59179ac9b82caae5e2c4f2ab\"},\"breadcrumb\":{\"@id\":\"https:\\\/\\\/diarieducacio.cat\\\/educaciolocal\\\/2018\\\/05\\\/15\\\/lleure-per-a-combatre-el-bullying-la-festa-de-la-convivencia-conquesta-el-camp-nou\\\/#breadcrumb\"},\"inLanguage\":\"ca\",\"potentialAction\":[{\"@type\":\"ReadAction\",\"target\":[\"https:\\\/\\\/diarieducacio.cat\\\/educaciolocal\\\/2018\\\/05\\\/15\\\/lleure-per-a-combatre-el-bullying-la-festa-de-la-convivencia-conquesta-el-camp-nou\\\/\"]}]},{\"@type\":\"ImageObject\",\"inLanguage\":\"ca\",\"@id\":\"https:\\\/\\\/diarieducacio.cat\\\/educaciolocal\\\/2018\\\/05\\\/15\\\/lleure-per-a-combatre-el-bullying-la-festa-de-la-convivencia-conquesta-el-camp-nou\\\/#primaryimage\",\"url\":\"https:\\\/\\\/diarieducacio.cat\\\/educaciolocal\\\/wp-content\\\/uploads\\\/sites\\\/18\\\/2018\\\/05\\\/portada2.jpg\",\"contentUrl\":\"https:\\\/\\\/diarieducacio.cat\\\/educaciolocal\\\/wp-content\\\/uploads\\\/sites\\\/18\\\/2018\\\/05\\\/portada2.jpg\",\"width\":2200,\"height\":1237,\"caption\":\"Joc en fam\u00edlia per a fomentar l'autoestima i lluitar contra el bullying | SANDRA VICENTE\"},{\"@type\":\"BreadcrumbList\",\"@id\":\"https:\\\/\\\/diarieducacio.cat\\\/educaciolocal\\\/2018\\\/05\\\/15\\\/lleure-per-a-combatre-el-bullying-la-festa-de-la-convivencia-conquesta-el-camp-nou\\\/#breadcrumb\",\"itemListElement\":[{\"@type\":\"ListItem\",\"position\":1,\"name\":\"Inici\",\"item\":\"https:\\\/\\\/diarieducacio.cat\\\/educaciolocal\\\/\"},{\"@type\":\"ListItem\",\"position\":2,\"name\":\"Lleure per a combatre el bullying: la Festa de la Conviv\u00e8ncia conquesta el Camp Nou\"}]},{\"@type\":\"WebSite\",\"@id\":\"https:\\\/\\\/diarieducacio.cat\\\/educaciolocal\\\/#website\",\"url\":\"https:\\\/\\\/diarieducacio.cat\\\/educaciolocal\\\/\",\"name\":\"El blog de l'educaci\u00f3 local\",\"description\":\"\",\"potentialAction\":[{\"@type\":\"SearchAction\",\"target\":{\"@type\":\"EntryPoint\",\"urlTemplate\":\"https:\\\/\\\/diarieducacio.cat\\\/educaciolocal\\\/?s={search_term_string}\"},\"query-input\":{\"@type\":\"PropertyValueSpecification\",\"valueRequired\":true,\"valueName\":\"search_term_string\"}}],\"inLanguage\":\"ca\"},{\"@type\":\"Person\",\"@id\":\"https:\\\/\\\/diarieducacio.cat\\\/educaciolocal\\\/#\\\/schema\\\/person\\\/2b7a218a59179ac9b82caae5e2c4f2ab\",\"name\":\"Redacci\u00f3 - Blog de l'educaci\u00f3 local\",\"image\":{\"@type\":\"ImageObject\",\"inLanguage\":\"ca\",\"@id\":\"https:\\\/\\\/secure.gravatar.com\\\/avatar\\\/4b47e937aa12c75f6017fe20634c65c793c85afabda37da0e6376acd3fff5c02?s=96&d=mm&r=g\",\"url\":\"https:\\\/\\\/secure.gravatar.com\\\/avatar\\\/4b47e937aa12c75f6017fe20634c65c793c85afabda37da0e6376acd3fff5c02?s=96&d=mm&r=g\",\"contentUrl\":\"https:\\\/\\\/secure.gravatar.com\\\/avatar\\\/4b47e937aa12c75f6017fe20634c65c793c85afabda37da0e6376acd3fff5c02?s=96&d=mm&r=g\",\"caption\":\"Redacci\u00f3 - Blog de l'educaci\u00f3 local\"},\"url\":\"https:\\\/\\\/diarieducacio.cat\\\/educaciolocal\\\/author\\\/blogeducaciolocal\\\/\"}]}<\/script>\n<!-- \/ Yoast SEO plugin. -->","yoast_head_json":{"title":"Lleure per a combatre el bullying: la Festa de la Conviv\u00e8ncia conquesta el Camp Nou - El blog de l'educaci\u00f3 local","robots":{"index":"index","follow":"follow","max-snippet":"max-snippet:-1","max-image-preview":"max-image-preview:large","max-video-preview":"max-video-preview:-1"},"canonical":"https:\/\/diarieducacio.cat\/educaciolocal\/2018\/05\/15\/lleure-per-a-combatre-el-bullying-la-festa-de-la-convivencia-conquesta-el-camp-nou\/","og_locale":"ca_ES","og_type":"article","og_title":"Lleure per a combatre el bullying: la Festa de la Conviv\u00e8ncia conquesta el Camp Nou - El blog de l'educaci\u00f3 local","og_description":"La Fundaci\u00f3 Bar\u00e7a va organitzar una jornada en que la pedagogia i l\u2019oci es van ajuntar per a conscienciar tant a fam\u00edlies com criatures de la xacra de l\u2019assetjament i visibilitzar una problem\u00e0tica que no afecta nom\u00e9s a v\u00edctima i assetjador","og_url":"https:\/\/diarieducacio.cat\/educaciolocal\/2018\/05\/15\/lleure-per-a-combatre-el-bullying-la-festa-de-la-convivencia-conquesta-el-camp-nou\/","og_site_name":"El blog de l'educaci\u00f3 local","article_publisher":"https:\/\/www.facebook.com\/diarieducacio\/","article_published_time":"2018-05-15T18:13:05+00:00","og_image":[{"width":2200,"height":1237,"url":"https:\/\/diarieducacio.cat\/educaciolocal\/wp-content\/uploads\/sites\/18\/2018\/05\/portada2.jpg","type":"image\/jpeg"}],"author":"Redacci\u00f3 - Blog de l'educaci\u00f3 local","twitter_card":"summary_large_image","twitter_creator":"@DiariEducacio","twitter_site":"@DiariEducacio","twitter_misc":{"Escrit per":"Redacci\u00f3 - Blog de l'educaci\u00f3 local","Temps estimat de lectura":"7 minuts"},"schema":{"@context":"https:\/\/schema.org","@graph":[{"@type":"Article","@id":"https:\/\/diarieducacio.cat\/educaciolocal\/2018\/05\/15\/lleure-per-a-combatre-el-bullying-la-festa-de-la-convivencia-conquesta-el-camp-nou\/#article","isPartOf":{"@id":"https:\/\/diarieducacio.cat\/educaciolocal\/2018\/05\/15\/lleure-per-a-combatre-el-bullying-la-festa-de-la-convivencia-conquesta-el-camp-nou\/"},"author":{"name":"Redacci\u00f3 - Blog de l'educaci\u00f3 local","@id":"https:\/\/diarieducacio.cat\/educaciolocal\/#\/schema\/person\/2b7a218a59179ac9b82caae5e2c4f2ab"},"headline":"Lleure per a combatre el bullying: la Festa de la Conviv\u00e8ncia conquesta el Camp Nou","datePublished":"2018-05-15T18:13:05+00:00","mainEntityOfPage":{"@id":"https:\/\/diarieducacio.cat\/educaciolocal\/2018\/05\/15\/lleure-per-a-combatre-el-bullying-la-festa-de-la-convivencia-conquesta-el-camp-nou\/"},"wordCount":1335,"commentCount":0,"image":{"@id":"https:\/\/diarieducacio.cat\/educaciolocal\/2018\/05\/15\/lleure-per-a-combatre-el-bullying-la-festa-de-la-convivencia-conquesta-el-camp-nou\/#primaryimage"},"thumbnailUrl":"https:\/\/diarieducacio.cat\/educaciolocal\/wp-content\/uploads\/sites\/18\/2018\/05\/portada2.jpg","keywords":["assetjament","bullying","fundaci\u00f3 bar\u00e7a"],"articleSection":["Entorn","Igualtat"],"inLanguage":"ca","potentialAction":[{"@type":"CommentAction","name":"Comment","target":["https:\/\/diarieducacio.cat\/educaciolocal\/2018\/05\/15\/lleure-per-a-combatre-el-bullying-la-festa-de-la-convivencia-conquesta-el-camp-nou\/#respond"]}]},{"@type":"WebPage","@id":"https:\/\/diarieducacio.cat\/educaciolocal\/2018\/05\/15\/lleure-per-a-combatre-el-bullying-la-festa-de-la-convivencia-conquesta-el-camp-nou\/","url":"https:\/\/diarieducacio.cat\/educaciolocal\/2018\/05\/15\/lleure-per-a-combatre-el-bullying-la-festa-de-la-convivencia-conquesta-el-camp-nou\/","name":"Lleure per a combatre el bullying: la Festa de la Conviv\u00e8ncia conquesta el Camp Nou - El blog de l'educaci\u00f3 local","isPartOf":{"@id":"https:\/\/diarieducacio.cat\/educaciolocal\/#website"},"primaryImageOfPage":{"@id":"https:\/\/diarieducacio.cat\/educaciolocal\/2018\/05\/15\/lleure-per-a-combatre-el-bullying-la-festa-de-la-convivencia-conquesta-el-camp-nou\/#primaryimage"},"image":{"@id":"https:\/\/diarieducacio.cat\/educaciolocal\/2018\/05\/15\/lleure-per-a-combatre-el-bullying-la-festa-de-la-convivencia-conquesta-el-camp-nou\/#primaryimage"},"thumbnailUrl":"https:\/\/diarieducacio.cat\/educaciolocal\/wp-content\/uploads\/sites\/18\/2018\/05\/portada2.jpg","datePublished":"2018-05-15T18:13:05+00:00","author":{"@id":"https:\/\/diarieducacio.cat\/educaciolocal\/#\/schema\/person\/2b7a218a59179ac9b82caae5e2c4f2ab"},"breadcrumb":{"@id":"https:\/\/diarieducacio.cat\/educaciolocal\/2018\/05\/15\/lleure-per-a-combatre-el-bullying-la-festa-de-la-convivencia-conquesta-el-camp-nou\/#breadcrumb"},"inLanguage":"ca","potentialAction":[{"@type":"ReadAction","target":["https:\/\/diarieducacio.cat\/educaciolocal\/2018\/05\/15\/lleure-per-a-combatre-el-bullying-la-festa-de-la-convivencia-conquesta-el-camp-nou\/"]}]},{"@type":"ImageObject","inLanguage":"ca","@id":"https:\/\/diarieducacio.cat\/educaciolocal\/2018\/05\/15\/lleure-per-a-combatre-el-bullying-la-festa-de-la-convivencia-conquesta-el-camp-nou\/#primaryimage","url":"https:\/\/diarieducacio.cat\/educaciolocal\/wp-content\/uploads\/sites\/18\/2018\/05\/portada2.jpg","contentUrl":"https:\/\/diarieducacio.cat\/educaciolocal\/wp-content\/uploads\/sites\/18\/2018\/05\/portada2.jpg","width":2200,"height":1237,"caption":"Joc en fam\u00edlia per a fomentar l'autoestima i lluitar contra el bullying | SANDRA VICENTE"},{"@type":"BreadcrumbList","@id":"https:\/\/diarieducacio.cat\/educaciolocal\/2018\/05\/15\/lleure-per-a-combatre-el-bullying-la-festa-de-la-convivencia-conquesta-el-camp-nou\/#breadcrumb","itemListElement":[{"@type":"ListItem","position":1,"name":"Inici","item":"https:\/\/diarieducacio.cat\/educaciolocal\/"},{"@type":"ListItem","position":2,"name":"Lleure per a combatre el bullying: la Festa de la Conviv\u00e8ncia conquesta el Camp Nou"}]},{"@type":"WebSite","@id":"https:\/\/diarieducacio.cat\/educaciolocal\/#website","url":"https:\/\/diarieducacio.cat\/educaciolocal\/","name":"El blog de l'educaci\u00f3 local","description":"","potentialAction":[{"@type":"SearchAction","target":{"@type":"EntryPoint","urlTemplate":"https:\/\/diarieducacio.cat\/educaciolocal\/?s={search_term_string}"},"query-input":{"@type":"PropertyValueSpecification","valueRequired":true,"valueName":"search_term_string"}}],"inLanguage":"ca"},{"@type":"Person","@id":"https:\/\/diarieducacio.cat\/educaciolocal\/#\/schema\/person\/2b7a218a59179ac9b82caae5e2c4f2ab","name":"Redacci\u00f3 - Blog de l'educaci\u00f3 local","image":{"@type":"ImageObject","inLanguage":"ca","@id":"https:\/\/secure.gravatar.com\/avatar\/4b47e937aa12c75f6017fe20634c65c793c85afabda37da0e6376acd3fff5c02?s=96&d=mm&r=g","url":"https:\/\/secure.gravatar.com\/avatar\/4b47e937aa12c75f6017fe20634c65c793c85afabda37da0e6376acd3fff5c02?s=96&d=mm&r=g","contentUrl":"https:\/\/secure.gravatar.com\/avatar\/4b47e937aa12c75f6017fe20634c65c793c85afabda37da0e6376acd3fff5c02?s=96&d=mm&r=g","caption":"Redacci\u00f3 - Blog de l'educaci\u00f3 local"},"url":"https:\/\/diarieducacio.cat\/educaciolocal\/author\/blogeducaciolocal\/"}]}},"_links":{"self":[{"href":"https:\/\/diarieducacio.cat\/educaciolocal\/wp-json\/wp\/v2\/posts\/903","targetHints":{"allow":["GET"]}}],"collection":[{"href":"https:\/\/diarieducacio.cat\/educaciolocal\/wp-json\/wp\/v2\/posts"}],"about":[{"href":"https:\/\/diarieducacio.cat\/educaciolocal\/wp-json\/wp\/v2\/types\/post"}],"author":[{"embeddable":true,"href":"https:\/\/diarieducacio.cat\/educaciolocal\/wp-json\/wp\/v2\/users\/201"}],"replies":[{"embeddable":true,"href":"https:\/\/diarieducacio.cat\/educaciolocal\/wp-json\/wp\/v2\/comments?post=903"}],"version-history":[{"count":0,"href":"https:\/\/diarieducacio.cat\/educaciolocal\/wp-json\/wp\/v2\/posts\/903\/revisions"}],"wp:featuredmedia":[{"embeddable":true,"href":"https:\/\/diarieducacio.cat\/educaciolocal\/wp-json\/wp\/v2\/media\/906"}],"wp:attachment":[{"href":"https:\/\/diarieducacio.cat\/educaciolocal\/wp-json\/wp\/v2\/media?parent=903"}],"wp:term":[{"taxonomy":"category","embeddable":true,"href":"https:\/\/diarieducacio.cat\/educaciolocal\/wp-json\/wp\/v2\/categories?post=903"},{"taxonomy":"post_tag","embeddable":true,"href":"https:\/\/diarieducacio.cat\/educaciolocal\/wp-json\/wp\/v2\/tags?post=903"},{"taxonomy":"tipo","embeddable":true,"href":"https:\/\/diarieducacio.cat\/educaciolocal\/wp-json\/wp\/v2\/tipo?post=903"}],"curies":[{"name":"wp","href":"https:\/\/api.w.org\/{rel}","templated":true}]}}