{"id":917,"date":"2018-05-30T10:23:24","date_gmt":"2018-05-30T10:23:24","guid":{"rendered":"https:\/\/diarieducacio.cat\/educaciolocal\/?p=917"},"modified":"2018-05-30T10:23:24","modified_gmt":"2018-05-30T10:23:24","slug":"les-colonies-un-valor-fonamental-del-sistema-educatiu-catala","status":"publish","type":"post","link":"https:\/\/diarieducacio.cat\/educaciolocal\/2018\/05\/30\/les-colonies-un-valor-fonamental-del-sistema-educatiu-catala\/","title":{"rendered":"Les col\u00f2nies, un valor fonamental del sistema educatiu catal\u00e0"},"content":{"rendered":"<p>La realitzaci\u00f3 de col\u00f2nies i sortides escolars\u00a0ha esdevingut un element essencial del sistema educatiu del nostre pa\u00eds. Els dies de conviv\u00e8ncies permeten desenvolupar les habilitats en un entorn que no \u00e9s ni l\u2019acad\u00e8mic ni el familiar i alhora formar-se a trav\u00e9s del joc i les activitats a l&#8217;aire lliure.\u00a0S\u00f3n sin\u00f2nim de viv\u00e8ncia, una invitaci\u00f3 a experimentar i descobrir amb la m\u00e0xima motivaci\u00f3 i els cinc sentits. A les col\u00f2nies l\u2019experi\u00e8ncia i el joc s\u00f3n el fonament que motiva i consolida els aprenentatges d\u2019una forma \u00fanica i consubstancial. I \u00e9s que en aquest context, adquireixen un component de descoberta i un car\u00e0cter especial: probablement m\u00e9s intens o m\u00e9s lliure; per\u00f2, en tot cas, el d\u2019una oportunitat d\u2019aprenentatge.<\/p>\n<p><strong>Espais de conviv\u00e8ncia<\/strong><\/p>\n<p>Les col\u00f2nies generen moltes oportunitats d&#8217;interacci\u00f3 entre els companys de classe i entre els mestres i els seus alumnes. La conviv\u00e8ncia ajuda a con\u00e8ixer els altres de manera m\u00e9s intensa i a refor\u00e7ar-ne el vincle. D\u2019altra banda, tamb\u00e9 \u00e9s una bona manera perqu\u00e8 l&#8217;alumnat nou a l&#8217;escola s&#8217;integri plenament en el grup. Aix\u00ed, les estades escolars creen contextos idonis de creixement i desenvolupament personal i social per als alumnes amb experi\u00e8ncies reals de la vida. Permeten practicar l&#8217;educaci\u00f3 amb metodologies vivencials i participatives, que tenen en compte l\u2019experi\u00e8ncia personal dels infants, el seu entorn i les seves necessitats. D\u2019aquesta manera, podran interpretar la influ\u00e8ncia sobre les conductes pr\u00f2pies i dels altres en un espai de confian\u00e7a que potencia l\u2019intercanvi entre grup, l\u2019autonomia i la resoluci\u00f3 positiva de possibles conflictes.<\/p>\n<p><strong>Temps per experimentar emocions<\/strong><\/p>\n<p>Les col\u00f2nies s\u00f3n una bona oportunitat per treballar les compet\u00e8ncies emocionals. Segurament les sortides escolars, fora de l\u2019entorn habitual i lluny de la fam\u00edlia, despertaran sentiments diferents en els nens i nenes i els oferiran condicions \u00f2ptimes per explorar-se i q\u00fcestionar-se. A trav\u00e9s de les diferents propostes educatives, per\u00f2 especialment tamb\u00e9 amb la viv\u00e8ncia de les petites accions quotidianes que nom\u00e9s es poden donar en una activitat de 24 hores, practicaran i desenvoluparan la consci\u00e8ncia emocional i l\u2019expressi\u00f3 oberta del qu\u00e8 senten. Durant les estades escolars es crearan nous vincles personals gr\u00e0cies als moments diferents que es viuen i a trav\u00e9s d\u2019una comunicaci\u00f3 oberta i de confian\u00e7a, que permetran practicar les compet\u00e8ncies emocionals i a posar nom als sentiments.<\/p>\n<p><strong>\u00a0<\/strong><strong>Aprenentatge directe<\/strong><\/p>\n<p>Al llarg del curs, els centres educatius aprofiten per gaudir dels entorns privilegiats de les\u00a0<a href=\"http:\/\/www.accac.cat\/public\/index.php?seccio=cases&amp;accio=&amp;alfa=si\" target=\"_blank\" rel=\"noopener\">cases de col\u00f2nies<\/a>, que ofereixen una gamma \u00e0mplia d\u2019activitats per a infants i joves. Les conviv\u00e8ncies permeten els alumnes aprendre de manera directa i a trav\u00e9s de l&#8217;experi\u00e8ncia els continguts que s&#8217;han tractat a classe i, a m\u00e9s, fer-ho de manera que s&#8217;hi impliquin a trav\u00e9s del joc. Per tal que aquest aprenentatge sigui efectiu, \u00e9s interessant que a classe es faci el treball previ i posterior sobre el que es far\u00e0 o ja s&#8217;ha apr\u00e8s a les col\u00f2nies.<\/p>\n<p><strong>Escoles de medi ambient<\/strong><\/p>\n<p>Les col\u00f2nies s\u00f3n una bona oportunitat perqu\u00e8 els infants i joves descobreixin un entorn diferent a l&#8217;habitual. Per aix\u00f2 representen una font de riquesa que els permet ampliar la visi\u00f3 del m\u00f3n i desenvolupar la consci\u00e8ncia ecol\u00f2gica a trav\u00e9s de l&#8217;educaci\u00f3 per a la sostenibilitat. Contacte amb la natura, aprendre a trav\u00e9s de l&#8217;experi\u00e8ncia o con\u00e8ixer maneres saludables de destinar el temps de lleure. El medi en qu\u00e8 es desenvolupen les col\u00f2nies \u00e9s una font inesgotable de coneixement i de recursos per aprendre. L&#8217;entorn, majorit\u00e0riament natural, de les cases de col\u00f2nies i albergs ofereix m\u00faltiples possibilitats als mestres per complementar l&#8217;aprenentatge dels alumnes amb metodologies com l&#8217;exploraci\u00f3, l&#8217;observaci\u00f3, l&#8217;experimentaci\u00f3 i la reflexi\u00f3 cr\u00edtica.<\/p>\n<p><strong>\u00a0<\/strong><strong>Un dret fonamental<\/strong><\/p>\n<p>La realitzaci\u00f3 de col\u00f2nies i sortides s\u2019insereix dins el projecte educatiu dels centres i, a part de la funci\u00f3 educativa espec\u00edfica, ofereixen l&#8217;oportunitat que tots els infants i joves gaudeixin del dret al lleure. En aquest sentit, la\u00a0<a href=\"http:\/\/www.gencat.cat\/diari\/5422\/09190005.htm\" target=\"_blank\" rel=\"noopener\">Llei d\u2019Educaci\u00f3<\/a>\u00a0contempla el reconeixement expl\u00edcit del valor educatiu i socialitzador de les activitats de lleure i el dret de tots els alumnat a accedir-hi en condicions d\u2019igualtat. A m\u00e9s, aquest dret tamb\u00e9 est\u00e0 recollit en la\u00a0<a href=\"http:\/\/www.sindic.cat\/site\/files\/125\/convencio_Drets%20infants_cat.pdf\" target=\"_blank\" rel=\"noopener\">Declaraci\u00f3 universal dels drets dels infants<\/a>, en l&#8217;<a href=\"http:\/\/web.gencat.cat\/ca\/generalitat\/estatut\/\" target=\"_blank\" rel=\"noopener\">Estatut d&#8217;Autonomia<\/a>\u00a0i en la\u00a0<a href=\"https:\/\/www.parlament.cat\/document\/nom\/TL115.pdf\" target=\"_blank\" rel=\"noopener\">Llei dels drets i les oportunitats en la inf\u00e0ncia i l\u2019adolesc\u00e8ncia<\/a>. Malgrat tot, \u00e9s un dret que encara no est\u00e0 regulat i per tant, tampoc est\u00e0 garantit. Aix\u00ed \u00e9s habitual, per exemple, trobar infants en situaci\u00f3 de vulnerabilitat que no poden participar d&#8217;unes col\u00f2nies per raons econ\u00f2miques o escoles que fan col\u00f2nies escolars i d&#8217;altres que no. Aquestes desigualtats socials creixents posen de manifest la necessitat que les institucions augmentin la inversi\u00f3 per facilitar l&#8217;accessibilitat de tots els infants i joves a les activitats de lleure.<\/p>\n<p><strong>Una tradici\u00f3 amb futur<\/strong><\/p>\n<p>Molts s\u00f3n els motius pels quals hist\u00f2ricament, i des de fa ja m\u00e9s d\u2019un segle, les col\u00f2nies han tingut un paper important dins del projecte educatiu de moltes escoles del pa\u00eds, les quals sempre les han ent\u00e8s com un espai educatiu on es promou especialment la conviv\u00e8ncia, la cohesi\u00f3 de grup i moltes de les compet\u00e8ncies personals i emocionals que es pretenen assolir a l\u2019ordenaci\u00f3 curricular de les diferents etapes educatives. A m\u00e9s, la modernitzaci\u00f3 de les instal\u00b7lacions, la incorporaci\u00f3 de serveis pedag\u00f2gics, l\u2019assoliment de nivells de seguretat excepcionals i el rigor amb qu\u00e8 treballen els professionals que en tenen cura, han convertit el fet d\u2019anar de col\u00f2nies escolars en un referent a nivell europeu. Per\u00f2 en l&#8217;\u00e0mplia implementaci\u00f3 de les col\u00f2nies escolars tamb\u00e9 ha estat clau l&#8217;empenta del col\u00b7lectiu de mestres que, mogut per un esperit vocacional indiscutible i un ferm convenciment vers els beneficis pedag\u00f2gics que s\u2019obtenen en unes col\u00f2nies, han generalitzat l\u2019\u00fas d\u2019un recurs educatiu que continua sent fonamental.<\/p>\n<p>&nbsp;<\/p>\n<p>[Podeu trobar m\u00e9s informaci\u00f3 sobre l&#8217;ACCAC a <a href=\"https:\/\/www.accac.cat\" target=\"_blank\" rel=\"noopener\">https:\/\/www.accac.cat<\/a>\u00a0i a <a href=\"https:\/\/twitter.com\/accac_\" target=\"_blank\" rel=\"noopener\">https:\/\/twitter.com\/accac_<\/a> ]<\/p>\n<p>&nbsp;<\/p>\n","protected":false},"excerpt":{"rendered":"<p>Les col\u00f2nies i sortides escolars\u00a0s\u00f3n una tradici\u00f3 molt arrelada al nostre pa\u00eds i esdevenen espais \u00fanics de conviv\u00e8ncia, d&#8217;aprenentatge directe, d&#8217;educaci\u00f3 mediambiental i permeten materialitzar el dret al lleure com un dret reconegut al nostre marc jur\u00eddic. Des de l&#8217;Associaci\u00f3 de Cases de Col\u00f2nies i Albergs de Catalunya (ACCAC) les posen en valor com una oportunitat d\u2019aprenentatge clau.<\/p>\n","protected":false},"author":219,"featured_media":928,"comment_status":"open","ping_status":"closed","sticky":false,"template":"","format":"standard","meta":{"footnotes":""},"categories":[184,195],"tags":[181,157],"tipo":[],"class_list":{"0":"post-917","1":"post","2":"type-post","3":"status-publish","4":"format-standard","5":"has-post-thumbnail","7":"category-educacio-a-temps-complet","8":"category-lleure","9":"tag-educacio-en-el-lleure","10":"tag-joc"},"yoast_head":"<!-- This site is optimized with the Yoast SEO plugin v27.4 - https:\/\/yoast.com\/product\/yoast-seo-wordpress\/ -->\n<title>Les col\u00f2nies, un valor fonamental del sistema educatiu catal\u00e0 - El blog de l&#039;educaci\u00f3 local<\/title>\n<meta name=\"robots\" content=\"index, follow, max-snippet:-1, max-image-preview:large, max-video-preview:-1\" \/>\n<link rel=\"canonical\" href=\"https:\/\/diarieducacio.cat\/educaciolocal\/2018\/05\/30\/les-colonies-un-valor-fonamental-del-sistema-educatiu-catala\/\" \/>\n<meta property=\"og:locale\" content=\"ca_ES\" \/>\n<meta property=\"og:type\" content=\"article\" \/>\n<meta property=\"og:title\" content=\"Les col\u00f2nies, un valor fonamental del sistema educatiu catal\u00e0 - El blog de l&#039;educaci\u00f3 local\" \/>\n<meta property=\"og:description\" content=\"Les col\u00f2nies i sortides escolars\u00a0s\u00f3n una tradici\u00f3 molt arrelada al nostre pa\u00eds i esdevenen espais \u00fanics de conviv\u00e8ncia, d&#039;aprenentatge directe, d&#039;educaci\u00f3 mediambiental i permeten materialitzar el dret al lleure com un dret reconegut al nostre marc jur\u00eddic. Des de l&#039;Associaci\u00f3 de Cases de Col\u00f2nies i Albergs de Catalunya (ACCAC) les posen en valor com una oportunitat d\u2019aprenentatge clau.\" \/>\n<meta property=\"og:url\" content=\"https:\/\/diarieducacio.cat\/educaciolocal\/2018\/05\/30\/les-colonies-un-valor-fonamental-del-sistema-educatiu-catala\/\" \/>\n<meta property=\"og:site_name\" content=\"El blog de l&#039;educaci\u00f3 local\" \/>\n<meta property=\"article:publisher\" content=\"https:\/\/www.facebook.com\/diarieducacio\/\" \/>\n<meta property=\"article:published_time\" content=\"2018-05-30T10:23:24+00:00\" \/>\n<meta property=\"og:image\" content=\"https:\/\/diarieducacio.cat\/educaciolocal\/wp-content\/uploads\/sites\/18\/2018\/05\/blog-ACCAC1.jpg\" \/>\n\t<meta property=\"og:image:width\" content=\"1385\" \/>\n\t<meta property=\"og:image:height\" content=\"922\" \/>\n\t<meta property=\"og:image:type\" content=\"image\/jpeg\" \/>\n<meta name=\"author\" content=\"Gemma Ustrell Ibarz\" \/>\n<meta name=\"twitter:card\" content=\"summary_large_image\" \/>\n<meta name=\"twitter:creator\" content=\"@DiariEducacio\" \/>\n<meta name=\"twitter:site\" content=\"@DiariEducacio\" \/>\n<meta name=\"twitter:label1\" content=\"Escrit per\" \/>\n\t<meta name=\"twitter:data1\" content=\"Gemma Ustrell Ibarz\" \/>\n\t<meta name=\"twitter:label2\" content=\"Temps estimat de lectura\" \/>\n\t<meta name=\"twitter:data2\" content=\"5 minuts\" \/>\n<script type=\"application\/ld+json\" class=\"yoast-schema-graph\">{\"@context\":\"https:\\\/\\\/schema.org\",\"@graph\":[{\"@type\":\"Article\",\"@id\":\"https:\\\/\\\/diarieducacio.cat\\\/educaciolocal\\\/2018\\\/05\\\/30\\\/les-colonies-un-valor-fonamental-del-sistema-educatiu-catala\\\/#article\",\"isPartOf\":{\"@id\":\"https:\\\/\\\/diarieducacio.cat\\\/educaciolocal\\\/2018\\\/05\\\/30\\\/les-colonies-un-valor-fonamental-del-sistema-educatiu-catala\\\/\"},\"author\":{\"name\":\"Gemma Ustrell Ibarz\",\"@id\":\"https:\\\/\\\/diarieducacio.cat\\\/educaciolocal\\\/#\\\/schema\\\/person\\\/dfc3635d471b9503d54073a94733fdff\"},\"headline\":\"Les col\u00f2nies, un valor fonamental del sistema educatiu catal\u00e0\",\"datePublished\":\"2018-05-30T10:23:24+00:00\",\"mainEntityOfPage\":{\"@id\":\"https:\\\/\\\/diarieducacio.cat\\\/educaciolocal\\\/2018\\\/05\\\/30\\\/les-colonies-un-valor-fonamental-del-sistema-educatiu-catala\\\/\"},\"wordCount\":1095,\"commentCount\":0,\"image\":{\"@id\":\"https:\\\/\\\/diarieducacio.cat\\\/educaciolocal\\\/2018\\\/05\\\/30\\\/les-colonies-un-valor-fonamental-del-sistema-educatiu-catala\\\/#primaryimage\"},\"thumbnailUrl\":\"https:\\\/\\\/diarieducacio.cat\\\/educaciolocal\\\/wp-content\\\/uploads\\\/sites\\\/18\\\/2018\\\/05\\\/blog-ACCAC1.jpg\",\"keywords\":[\"educaci\u00f3 en el lleure\",\"Joc\"],\"articleSection\":[\"Educaci\u00f3 a temps complet\",\"Lleure\"],\"inLanguage\":\"ca\",\"potentialAction\":[{\"@type\":\"CommentAction\",\"name\":\"Comment\",\"target\":[\"https:\\\/\\\/diarieducacio.cat\\\/educaciolocal\\\/2018\\\/05\\\/30\\\/les-colonies-un-valor-fonamental-del-sistema-educatiu-catala\\\/#respond\"]}]},{\"@type\":\"WebPage\",\"@id\":\"https:\\\/\\\/diarieducacio.cat\\\/educaciolocal\\\/2018\\\/05\\\/30\\\/les-colonies-un-valor-fonamental-del-sistema-educatiu-catala\\\/\",\"url\":\"https:\\\/\\\/diarieducacio.cat\\\/educaciolocal\\\/2018\\\/05\\\/30\\\/les-colonies-un-valor-fonamental-del-sistema-educatiu-catala\\\/\",\"name\":\"Les col\u00f2nies, un valor fonamental del sistema educatiu catal\u00e0 - El blog de l'educaci\u00f3 local\",\"isPartOf\":{\"@id\":\"https:\\\/\\\/diarieducacio.cat\\\/educaciolocal\\\/#website\"},\"primaryImageOfPage\":{\"@id\":\"https:\\\/\\\/diarieducacio.cat\\\/educaciolocal\\\/2018\\\/05\\\/30\\\/les-colonies-un-valor-fonamental-del-sistema-educatiu-catala\\\/#primaryimage\"},\"image\":{\"@id\":\"https:\\\/\\\/diarieducacio.cat\\\/educaciolocal\\\/2018\\\/05\\\/30\\\/les-colonies-un-valor-fonamental-del-sistema-educatiu-catala\\\/#primaryimage\"},\"thumbnailUrl\":\"https:\\\/\\\/diarieducacio.cat\\\/educaciolocal\\\/wp-content\\\/uploads\\\/sites\\\/18\\\/2018\\\/05\\\/blog-ACCAC1.jpg\",\"datePublished\":\"2018-05-30T10:23:24+00:00\",\"author\":{\"@id\":\"https:\\\/\\\/diarieducacio.cat\\\/educaciolocal\\\/#\\\/schema\\\/person\\\/dfc3635d471b9503d54073a94733fdff\"},\"breadcrumb\":{\"@id\":\"https:\\\/\\\/diarieducacio.cat\\\/educaciolocal\\\/2018\\\/05\\\/30\\\/les-colonies-un-valor-fonamental-del-sistema-educatiu-catala\\\/#breadcrumb\"},\"inLanguage\":\"ca\",\"potentialAction\":[{\"@type\":\"ReadAction\",\"target\":[\"https:\\\/\\\/diarieducacio.cat\\\/educaciolocal\\\/2018\\\/05\\\/30\\\/les-colonies-un-valor-fonamental-del-sistema-educatiu-catala\\\/\"]}]},{\"@type\":\"ImageObject\",\"inLanguage\":\"ca\",\"@id\":\"https:\\\/\\\/diarieducacio.cat\\\/educaciolocal\\\/2018\\\/05\\\/30\\\/les-colonies-un-valor-fonamental-del-sistema-educatiu-catala\\\/#primaryimage\",\"url\":\"https:\\\/\\\/diarieducacio.cat\\\/educaciolocal\\\/wp-content\\\/uploads\\\/sites\\\/18\\\/2018\\\/05\\\/blog-ACCAC1.jpg\",\"contentUrl\":\"https:\\\/\\\/diarieducacio.cat\\\/educaciolocal\\\/wp-content\\\/uploads\\\/sites\\\/18\\\/2018\\\/05\\\/blog-ACCAC1.jpg\",\"width\":1385,\"height\":922},{\"@type\":\"BreadcrumbList\",\"@id\":\"https:\\\/\\\/diarieducacio.cat\\\/educaciolocal\\\/2018\\\/05\\\/30\\\/les-colonies-un-valor-fonamental-del-sistema-educatiu-catala\\\/#breadcrumb\",\"itemListElement\":[{\"@type\":\"ListItem\",\"position\":1,\"name\":\"Inici\",\"item\":\"https:\\\/\\\/diarieducacio.cat\\\/educaciolocal\\\/\"},{\"@type\":\"ListItem\",\"position\":2,\"name\":\"Les col\u00f2nies, un valor fonamental del sistema educatiu catal\u00e0\"}]},{\"@type\":\"WebSite\",\"@id\":\"https:\\\/\\\/diarieducacio.cat\\\/educaciolocal\\\/#website\",\"url\":\"https:\\\/\\\/diarieducacio.cat\\\/educaciolocal\\\/\",\"name\":\"El blog de l'educaci\u00f3 local\",\"description\":\"\",\"potentialAction\":[{\"@type\":\"SearchAction\",\"target\":{\"@type\":\"EntryPoint\",\"urlTemplate\":\"https:\\\/\\\/diarieducacio.cat\\\/educaciolocal\\\/?s={search_term_string}\"},\"query-input\":{\"@type\":\"PropertyValueSpecification\",\"valueRequired\":true,\"valueName\":\"search_term_string\"}}],\"inLanguage\":\"ca\"},{\"@type\":\"Person\",\"@id\":\"https:\\\/\\\/diarieducacio.cat\\\/educaciolocal\\\/#\\\/schema\\\/person\\\/dfc3635d471b9503d54073a94733fdff\",\"name\":\"Gemma Ustrell Ibarz\",\"image\":{\"@type\":\"ImageObject\",\"inLanguage\":\"ca\",\"@id\":\"https:\\\/\\\/secure.gravatar.com\\\/avatar\\\/cb6db52bc6b4b2aec3fbc77cd404047fa4d6146cf9fe59672502138b6dd6a8cc?s=96&d=mm&r=g\",\"url\":\"https:\\\/\\\/secure.gravatar.com\\\/avatar\\\/cb6db52bc6b4b2aec3fbc77cd404047fa4d6146cf9fe59672502138b6dd6a8cc?s=96&d=mm&r=g\",\"contentUrl\":\"https:\\\/\\\/secure.gravatar.com\\\/avatar\\\/cb6db52bc6b4b2aec3fbc77cd404047fa4d6146cf9fe59672502138b6dd6a8cc?s=96&d=mm&r=g\",\"caption\":\"Gemma Ustrell Ibarz\"},\"description\":\"Responsable de comunicaci\u00f3 a l\u2019ACCAC. Periodista i antrop\u00f2loga social i cultural especialitzada en la comunicaci\u00f3 i direcci\u00f3 de les organitzacions en l'economia del coneixement. La seva traject\u00f2ria professional ha estat vinculada al Tercer Sector i a l\u2019Ag\u00e8ncia Catalana de Not\u00edcies.\",\"url\":\"https:\\\/\\\/diarieducacio.cat\\\/educaciolocal\\\/author\\\/gustrell\\\/\"}]}<\/script>\n<!-- \/ Yoast SEO plugin. -->","yoast_head_json":{"title":"Les col\u00f2nies, un valor fonamental del sistema educatiu catal\u00e0 - El blog de l'educaci\u00f3 local","robots":{"index":"index","follow":"follow","max-snippet":"max-snippet:-1","max-image-preview":"max-image-preview:large","max-video-preview":"max-video-preview:-1"},"canonical":"https:\/\/diarieducacio.cat\/educaciolocal\/2018\/05\/30\/les-colonies-un-valor-fonamental-del-sistema-educatiu-catala\/","og_locale":"ca_ES","og_type":"article","og_title":"Les col\u00f2nies, un valor fonamental del sistema educatiu catal\u00e0 - El blog de l'educaci\u00f3 local","og_description":"Les col\u00f2nies i sortides escolars\u00a0s\u00f3n una tradici\u00f3 molt arrelada al nostre pa\u00eds i esdevenen espais \u00fanics de conviv\u00e8ncia, d'aprenentatge directe, d'educaci\u00f3 mediambiental i permeten materialitzar el dret al lleure com un dret reconegut al nostre marc jur\u00eddic. Des de l'Associaci\u00f3 de Cases de Col\u00f2nies i Albergs de Catalunya (ACCAC) les posen en valor com una oportunitat d\u2019aprenentatge clau.","og_url":"https:\/\/diarieducacio.cat\/educaciolocal\/2018\/05\/30\/les-colonies-un-valor-fonamental-del-sistema-educatiu-catala\/","og_site_name":"El blog de l'educaci\u00f3 local","article_publisher":"https:\/\/www.facebook.com\/diarieducacio\/","article_published_time":"2018-05-30T10:23:24+00:00","og_image":[{"width":1385,"height":922,"url":"https:\/\/diarieducacio.cat\/educaciolocal\/wp-content\/uploads\/sites\/18\/2018\/05\/blog-ACCAC1.jpg","type":"image\/jpeg"}],"author":"Gemma Ustrell Ibarz","twitter_card":"summary_large_image","twitter_creator":"@DiariEducacio","twitter_site":"@DiariEducacio","twitter_misc":{"Escrit per":"Gemma Ustrell Ibarz","Temps estimat de lectura":"5 minuts"},"schema":{"@context":"https:\/\/schema.org","@graph":[{"@type":"Article","@id":"https:\/\/diarieducacio.cat\/educaciolocal\/2018\/05\/30\/les-colonies-un-valor-fonamental-del-sistema-educatiu-catala\/#article","isPartOf":{"@id":"https:\/\/diarieducacio.cat\/educaciolocal\/2018\/05\/30\/les-colonies-un-valor-fonamental-del-sistema-educatiu-catala\/"},"author":{"name":"Gemma Ustrell Ibarz","@id":"https:\/\/diarieducacio.cat\/educaciolocal\/#\/schema\/person\/dfc3635d471b9503d54073a94733fdff"},"headline":"Les col\u00f2nies, un valor fonamental del sistema educatiu catal\u00e0","datePublished":"2018-05-30T10:23:24+00:00","mainEntityOfPage":{"@id":"https:\/\/diarieducacio.cat\/educaciolocal\/2018\/05\/30\/les-colonies-un-valor-fonamental-del-sistema-educatiu-catala\/"},"wordCount":1095,"commentCount":0,"image":{"@id":"https:\/\/diarieducacio.cat\/educaciolocal\/2018\/05\/30\/les-colonies-un-valor-fonamental-del-sistema-educatiu-catala\/#primaryimage"},"thumbnailUrl":"https:\/\/diarieducacio.cat\/educaciolocal\/wp-content\/uploads\/sites\/18\/2018\/05\/blog-ACCAC1.jpg","keywords":["educaci\u00f3 en el lleure","Joc"],"articleSection":["Educaci\u00f3 a temps complet","Lleure"],"inLanguage":"ca","potentialAction":[{"@type":"CommentAction","name":"Comment","target":["https:\/\/diarieducacio.cat\/educaciolocal\/2018\/05\/30\/les-colonies-un-valor-fonamental-del-sistema-educatiu-catala\/#respond"]}]},{"@type":"WebPage","@id":"https:\/\/diarieducacio.cat\/educaciolocal\/2018\/05\/30\/les-colonies-un-valor-fonamental-del-sistema-educatiu-catala\/","url":"https:\/\/diarieducacio.cat\/educaciolocal\/2018\/05\/30\/les-colonies-un-valor-fonamental-del-sistema-educatiu-catala\/","name":"Les col\u00f2nies, un valor fonamental del sistema educatiu catal\u00e0 - El blog de l'educaci\u00f3 local","isPartOf":{"@id":"https:\/\/diarieducacio.cat\/educaciolocal\/#website"},"primaryImageOfPage":{"@id":"https:\/\/diarieducacio.cat\/educaciolocal\/2018\/05\/30\/les-colonies-un-valor-fonamental-del-sistema-educatiu-catala\/#primaryimage"},"image":{"@id":"https:\/\/diarieducacio.cat\/educaciolocal\/2018\/05\/30\/les-colonies-un-valor-fonamental-del-sistema-educatiu-catala\/#primaryimage"},"thumbnailUrl":"https:\/\/diarieducacio.cat\/educaciolocal\/wp-content\/uploads\/sites\/18\/2018\/05\/blog-ACCAC1.jpg","datePublished":"2018-05-30T10:23:24+00:00","author":{"@id":"https:\/\/diarieducacio.cat\/educaciolocal\/#\/schema\/person\/dfc3635d471b9503d54073a94733fdff"},"breadcrumb":{"@id":"https:\/\/diarieducacio.cat\/educaciolocal\/2018\/05\/30\/les-colonies-un-valor-fonamental-del-sistema-educatiu-catala\/#breadcrumb"},"inLanguage":"ca","potentialAction":[{"@type":"ReadAction","target":["https:\/\/diarieducacio.cat\/educaciolocal\/2018\/05\/30\/les-colonies-un-valor-fonamental-del-sistema-educatiu-catala\/"]}]},{"@type":"ImageObject","inLanguage":"ca","@id":"https:\/\/diarieducacio.cat\/educaciolocal\/2018\/05\/30\/les-colonies-un-valor-fonamental-del-sistema-educatiu-catala\/#primaryimage","url":"https:\/\/diarieducacio.cat\/educaciolocal\/wp-content\/uploads\/sites\/18\/2018\/05\/blog-ACCAC1.jpg","contentUrl":"https:\/\/diarieducacio.cat\/educaciolocal\/wp-content\/uploads\/sites\/18\/2018\/05\/blog-ACCAC1.jpg","width":1385,"height":922},{"@type":"BreadcrumbList","@id":"https:\/\/diarieducacio.cat\/educaciolocal\/2018\/05\/30\/les-colonies-un-valor-fonamental-del-sistema-educatiu-catala\/#breadcrumb","itemListElement":[{"@type":"ListItem","position":1,"name":"Inici","item":"https:\/\/diarieducacio.cat\/educaciolocal\/"},{"@type":"ListItem","position":2,"name":"Les col\u00f2nies, un valor fonamental del sistema educatiu catal\u00e0"}]},{"@type":"WebSite","@id":"https:\/\/diarieducacio.cat\/educaciolocal\/#website","url":"https:\/\/diarieducacio.cat\/educaciolocal\/","name":"El blog de l'educaci\u00f3 local","description":"","potentialAction":[{"@type":"SearchAction","target":{"@type":"EntryPoint","urlTemplate":"https:\/\/diarieducacio.cat\/educaciolocal\/?s={search_term_string}"},"query-input":{"@type":"PropertyValueSpecification","valueRequired":true,"valueName":"search_term_string"}}],"inLanguage":"ca"},{"@type":"Person","@id":"https:\/\/diarieducacio.cat\/educaciolocal\/#\/schema\/person\/dfc3635d471b9503d54073a94733fdff","name":"Gemma Ustrell Ibarz","image":{"@type":"ImageObject","inLanguage":"ca","@id":"https:\/\/secure.gravatar.com\/avatar\/cb6db52bc6b4b2aec3fbc77cd404047fa4d6146cf9fe59672502138b6dd6a8cc?s=96&d=mm&r=g","url":"https:\/\/secure.gravatar.com\/avatar\/cb6db52bc6b4b2aec3fbc77cd404047fa4d6146cf9fe59672502138b6dd6a8cc?s=96&d=mm&r=g","contentUrl":"https:\/\/secure.gravatar.com\/avatar\/cb6db52bc6b4b2aec3fbc77cd404047fa4d6146cf9fe59672502138b6dd6a8cc?s=96&d=mm&r=g","caption":"Gemma Ustrell Ibarz"},"description":"Responsable de comunicaci\u00f3 a l\u2019ACCAC. Periodista i antrop\u00f2loga social i cultural especialitzada en la comunicaci\u00f3 i direcci\u00f3 de les organitzacions en l'economia del coneixement. La seva traject\u00f2ria professional ha estat vinculada al Tercer Sector i a l\u2019Ag\u00e8ncia Catalana de Not\u00edcies.","url":"https:\/\/diarieducacio.cat\/educaciolocal\/author\/gustrell\/"}]}},"_links":{"self":[{"href":"https:\/\/diarieducacio.cat\/educaciolocal\/wp-json\/wp\/v2\/posts\/917","targetHints":{"allow":["GET"]}}],"collection":[{"href":"https:\/\/diarieducacio.cat\/educaciolocal\/wp-json\/wp\/v2\/posts"}],"about":[{"href":"https:\/\/diarieducacio.cat\/educaciolocal\/wp-json\/wp\/v2\/types\/post"}],"author":[{"embeddable":true,"href":"https:\/\/diarieducacio.cat\/educaciolocal\/wp-json\/wp\/v2\/users\/219"}],"replies":[{"embeddable":true,"href":"https:\/\/diarieducacio.cat\/educaciolocal\/wp-json\/wp\/v2\/comments?post=917"}],"version-history":[{"count":0,"href":"https:\/\/diarieducacio.cat\/educaciolocal\/wp-json\/wp\/v2\/posts\/917\/revisions"}],"wp:featuredmedia":[{"embeddable":true,"href":"https:\/\/diarieducacio.cat\/educaciolocal\/wp-json\/wp\/v2\/media\/928"}],"wp:attachment":[{"href":"https:\/\/diarieducacio.cat\/educaciolocal\/wp-json\/wp\/v2\/media?parent=917"}],"wp:term":[{"taxonomy":"category","embeddable":true,"href":"https:\/\/diarieducacio.cat\/educaciolocal\/wp-json\/wp\/v2\/categories?post=917"},{"taxonomy":"post_tag","embeddable":true,"href":"https:\/\/diarieducacio.cat\/educaciolocal\/wp-json\/wp\/v2\/tags?post=917"},{"taxonomy":"tipo","embeddable":true,"href":"https:\/\/diarieducacio.cat\/educaciolocal\/wp-json\/wp\/v2\/tipo?post=917"}],"curies":[{"name":"wp","href":"https:\/\/api.w.org\/{rel}","templated":true}]}}