{"id":961,"date":"2018-07-03T15:15:59","date_gmt":"2018-07-03T15:15:59","guid":{"rendered":"https:\/\/diarieducacio.cat\/educaciolocal\/?p=961"},"modified":"2018-07-03T15:15:59","modified_gmt":"2018-07-03T15:15:59","slug":"la-transformacio-educativa-des-de-la-comunitat-ledhack-raval","status":"publish","type":"post","link":"https:\/\/diarieducacio.cat\/educaciolocal\/2018\/07\/03\/la-transformacio-educativa-des-de-la-comunitat-ledhack-raval\/","title":{"rendered":"La transformaci\u00f3 educativa des de la comunitat: l\u2019EDhack Raval"},"content":{"rendered":"<p><img fetchpriority=\"high\" decoding=\"async\" class=\"aligncenter size-full wp-image-959\" src=\"https:\/\/diarieducacio.cat\/educaciolocal\/wp-content\/uploads\/sites\/26\/2018\/07\/EDhack-Raval-2.jpg\" alt=\"\" width=\"1024\" height=\"768\" \/><\/p>\n<blockquote>\n<p style=\"text-align: right\"><strong>\u201c<em>Ja \u00e9s hora que les fam\u00edlies ensenyin al jovent<\/em><em> que en la diversitat hi ha bellesa i hi ha for\u00e7a<\/em>\u201d\u00a0<\/strong><em>Maya Angelou<\/em><\/p>\n<\/blockquote>\n<p>Des de l\u2019origen de les esp\u00e8cies, l\u2019adversitat i la diversitat han estat el motor del desenvolupament de la vida.\u00a0Sense adversitat, la diversitat \u00e9s sobrera: quan tot funciona, no cal canviar res. \u00c9s quan es plantegen els reptes que hi ha necessitat de fer canvis. Per altra banda, sense diversitat no hi ha possibilitat d\u2019adaptaci\u00f3, de trobar noves solucions, de passar de la simplicitat inicial, dels \u00e9ssers vius, a la complexitat actual.<\/p>\n<p>El barri del Raval de Barcelona \u00e9s un dels barris del pa\u00eds on la diversitat es fa m\u00e9s evident: al carrer, en els comer\u00e7os, a l\u2019escola\u2026 Diversitat de parles, de vestuaris, d\u2019usos de l\u2019espai p\u00fablic, d\u2019or\u00edgens, de costums. Altres diversitats potser no s\u00f3n tan evidents, per\u00f2 hi s\u00f3n i condicionen, molt, la vida dels que hi viuen: la diversitat de creences, d\u2019experi\u00e8ncies vitals, d\u2019acc\u00e9s a la formaci\u00f3, de poder adquisitiu\u2026<\/p>\n<p>L\u2019adversitat tampoc passa desapercebuda: el barri presenta grans reptes en molts \u00e0mbits, i l\u2019educatiu n\u2019\u00e9s un. Segons dades de l\u2019Ajuntament de Barcelona del 2015, el percentatge de poblaci\u00f3 que tan sols disposa d&#8217;estudis primaris \u00e9s del 36,3% al barri del Raval, davant d&#8217;un 20,4% a la ciutat de Barcelona. El percentatge de poblaci\u00f3 amb estudis de batxillerat superior o Formaci\u00f3 Professional \u00e9s d&#8217;un 17,5%, respecte al 25,2% de mitjana a la ciutat, i pel que fa a estudis universitaris, tan sols el 21,9% de la poblaci\u00f3 al Raval en disposa, respecte a un 29,4% de mitjana a la resta de la ciutat.<\/p>\n<p>Un aspecte a destacar en l&#8217;\u00e0mbit educatiu \u00e9s la concentraci\u00f3 d&#8217;estudiants de proced\u00e8ncia estrangera en els centres p\u00fablics i concertats de prim\u00e0ria i secund\u00e0ria: mentre que el percentatge de poblaci\u00f3 estrangera que viu al barri \u00e9s entorn de 47,9%, el percentatge d\u2019alumnat d\u2019origen estranger de les escoles volta el 70-80%. Aix\u00f2 indica que moltes fam\u00edlies del barri, d\u2019origen no migrat, principalment, opten per escolaritzar als seus fills fora del barri.<\/p>\n<p>Tal i com recull el <a href=\"https:\/\/www.totraval.org\/ca\/noticies\/diagnostic-de-leducacio-al-raval\" target=\"_blank\" rel=\"noopener\"><strong>Diagn\u00f2stic de l\u2019Educaci\u00f3 al Raval<\/strong><\/a>, estudi impulsat pel Grup d\u2019Educaci\u00f3 Comunit\u00e0ria del Raval el 2017, tot i que l&#8217;acc\u00e9s a l&#8217;educaci\u00f3 est\u00e0 garantit, el repte m\u00e9s important resideix en l\u2019\u00e8xit educatiu. Demanen especial atenci\u00f3 els elevats nivells de frac\u00e0s i abandonament escolar, de manera que el treball amb els alumnes per incentivar la seva motivaci\u00f3 per seguir estudiant \u00e9s clau. <strong>I per aix\u00f2 \u00e9s important implicar tota la comunitat educativa, fomentant el vincle entre l\u2019educaci\u00f3 no formal, l\u2019educaci\u00f3 formal, les fam\u00edlies, etc.<\/strong> Del Diagn\u00f2stic se\u2019n van derivar unes conclusions clares: calia potenciar espais de reflexi\u00f3 i treball conjunt entre els diferents \u00e0mbits educatius per fomentar l\u2019educaci\u00f3 comunit\u00e0ria al Raval, alhora que desenvolupar accions per prevenir l\u2019abandonament escolar com a estrat\u00e8gia de millora de l\u2019\u00e8xit educatiu. I, en totes les actuacions, facilitar la implicaci\u00f3 de les fam\u00edlies en l\u2019educaci\u00f3, com a peces fonamentals per a l\u2019\u00e8xit educatiu de l\u2019alumnat.<\/p>\n<p>Per tot aix\u00f2, a l\u2019hora de decidir com donar resposta als reptes identificats, el Grup d\u2019Educaci\u00f3 Comunit\u00e0ria va creure oport\u00fa generar una alian\u00e7a amb la Fundaci\u00f3 Jaume Bofill per facilitar que m\u00e9s persones, amb diversitat de rols en la comunitat educativa, de dins i fora del barri, se sumessin a generar propostes creatives, innovadores i sobretot, concretes i adequades, per resoldre els reptes.\u00a0La Fundaci\u00f3 Jaume Bofill va escoltar la petici\u00f3 i ens va proposar generar, conjuntament, un esdeveniment singular: una Hackat\u00f3 Educativa de barri, al Raval.<\/p>\n<p>Una Hackaqu\u00e8??? Va ser la primera resposta del Grup d\u2019Educaci\u00f3. <strong>\u201cUna Hakat\u00f3\u201d- ens van explicar- \u201c\u00e9s un esdeveniment col\u00b7lectiu per aconseguir la soluci\u00f3 a uns reptes en un temps limitat. Les hackatons tenen el seu origen en el m\u00f3n de la programaci\u00f3 inform\u00e0tica i solen durar entre un dia i una setmana<\/strong>. Durant aquest temps, els &#8216;hackers&#8217; treballen per equips i competeixen per presentar la millor soluci\u00f3 a un problema.\u201d En resum, se\u2019ns va proposar aplicar aquesta metodologia per buscar solucions innovadores i creatives a reptes educatius del barri. I v\u00e0rem acceptar.<\/p>\n<p>Aix\u00ed \u00e9s com, des de l\u2019inici d\u2019aquest curs escolar que ara acaba, vam comen\u00e7ar amb els preparatius: vol\u00edem arribar a una gran diversitat de persones del Raval i de fora del barri, vol\u00edem persones compromeses i il\u00b7lusionades amb la proposta i alhora amb la disponibilitat i capacitats necess\u00e0ries per aportar idees i construir solucions de manera conjunta.<\/p>\n<p>La Hackat\u00f3 es va materialitzar en un dia i mig de treball intensiu al Museu Mar\u00edtim, durant el qual 29 equips formats per entre 4 i 5 persones varen estar construint solucions concretes. De l\u2019esdeveniment se\u2019n van derivar 27 solucions que trobareu al web de l\u2019<a href=\"https:\/\/raval.edhack.cat\" target=\"_blank\" rel=\"noopener\">edhack.cat<\/a>. <strong>Seguint la l\u00f2gica de treball comunitari al barri, totes les propostes s\u00f3n de codi obert, accessibles i disponibles per a tothom que les vulgui fer servir<\/strong>.<\/p>\n<p>\u00c9s cert que un dia i mig de treball, per uns equips que acabaven de conformar-se i els membres dels quals ni tan sols s\u2019havien conegut abans, era un temps m\u00ednim per esbossar una soluci\u00f3. Per aix\u00f2, des de l\u2019organitzaci\u00f3 es va creure convenient destacar les vuit solucions m\u00e9s prometedores i oferir-los una formaci\u00f3 i seguiment intensius durant dos mesos, amb el contrast i suport de gran part de les 28 entitats membres del Grup d\u2019Educaci\u00f3 Comunit\u00e0ria del Raval, l\u2019empresa Softonic, l\u2019escola de negocis EADA i les fundacions Jaume Bofill i Tot Raval com a facilitadores d\u2019aquests acompanyaments. Les solucions ja han estat presentades en un acte de devoluci\u00f3, obert al barri i <a href=\"https:\/\/www.youtube.com\/watch?v=DXVf0swZHVQ\" target=\"_blank\" rel=\"noopener\">aqu\u00ed<\/a> en podeu veure el resultat.<\/p>\n<p><img decoding=\"async\" class=\"aligncenter size-full wp-image-960\" src=\"https:\/\/diarieducacio.cat\/educaciolocal\/wp-content\/uploads\/sites\/26\/2018\/07\/IMG-20180122-WA0006.jpg\" alt=\"\" width=\"1600\" height=\"1200\" srcset=\"https:\/\/diarieducacio.cat\/educaciolocal\/wp-content\/uploads\/sites\/18\/2018\/07\/IMG-20180122-WA0006.jpg 1600w, https:\/\/diarieducacio.cat\/educaciolocal\/wp-content\/uploads\/sites\/18\/2018\/07\/IMG-20180122-WA0006-300x225.jpg 300w, https:\/\/diarieducacio.cat\/educaciolocal\/wp-content\/uploads\/sites\/18\/2018\/07\/IMG-20180122-WA0006-1024x768.jpg 1024w, https:\/\/diarieducacio.cat\/educaciolocal\/wp-content\/uploads\/sites\/18\/2018\/07\/IMG-20180122-WA0006-768x576.jpg 768w, https:\/\/diarieducacio.cat\/educaciolocal\/wp-content\/uploads\/sites\/18\/2018\/07\/IMG-20180122-WA0006-1536x1152.jpg 1536w, https:\/\/diarieducacio.cat\/educaciolocal\/wp-content\/uploads\/sites\/18\/2018\/07\/IMG-20180122-WA0006-150x113.jpg 150w, https:\/\/diarieducacio.cat\/educaciolocal\/wp-content\/uploads\/sites\/18\/2018\/07\/IMG-20180122-WA0006-450x338.jpg 450w, https:\/\/diarieducacio.cat\/educaciolocal\/wp-content\/uploads\/sites\/18\/2018\/07\/IMG-20180122-WA0006-1200x900.jpg 1200w\" sizes=\"(max-width: 1600px) 100vw, 1600px\" \/><\/p>\n","protected":false},"excerpt":{"rendered":"<p>La Fundaci\u00f3 Tot Raval, en alian\u00e7a amb la Fundaci\u00f3 Jaume Bofill, ha dut a terme un esdeveniment singular: una Hackat\u00f3 Educativa al barri del Raval de Barcelona. Una activitat que ha implicat la comunitat educativa en la generaci\u00f3 de propostes creatives i innovadores que facin front als principals reptes educatius del barri (fonamentalment l&#8217;abandonament escolar prematur i la participaci\u00f3 de les fam\u00edlies).<\/p>\n","protected":false},"author":221,"featured_media":958,"comment_status":"open","ping_status":"closed","sticky":false,"template":"","format":"standard","meta":{"footnotes":""},"categories":[117,168],"tags":[198,111],"tipo":[],"class_list":{"0":"post-961","1":"post","2":"type-post","3":"status-publish","4":"format-standard","5":"has-post-thumbnail","7":"category-entorn","8":"category-exit-educatiu","9":"tag-comunitat-educativa","10":"tag-entorn-local"},"yoast_head":"<!-- This site is optimized with the Yoast SEO plugin v27.4 - https:\/\/yoast.com\/product\/yoast-seo-wordpress\/ -->\n<title>La transformaci\u00f3 educativa des de la comunitat: l\u2019EDhack Raval - El blog de l&#039;educaci\u00f3 local<\/title>\n<meta name=\"robots\" content=\"index, follow, max-snippet:-1, max-image-preview:large, max-video-preview:-1\" \/>\n<link rel=\"canonical\" href=\"https:\/\/diarieducacio.cat\/educaciolocal\/2018\/07\/03\/la-transformacio-educativa-des-de-la-comunitat-ledhack-raval\/\" \/>\n<meta property=\"og:locale\" content=\"ca_ES\" \/>\n<meta property=\"og:type\" content=\"article\" \/>\n<meta property=\"og:title\" content=\"La transformaci\u00f3 educativa des de la comunitat: l\u2019EDhack Raval - El blog de l&#039;educaci\u00f3 local\" \/>\n<meta property=\"og:description\" content=\"La Fundaci\u00f3 Tot Raval, en alian\u00e7a amb la Fundaci\u00f3 Jaume Bofill, ha dut a terme un esdeveniment singular: una Hackat\u00f3 Educativa al barri del Raval de Barcelona. Una activitat que ha implicat la comunitat educativa en la generaci\u00f3 de propostes creatives i innovadores que facin front als principals reptes educatius del barri (fonamentalment l&#039;abandonament escolar prematur i la participaci\u00f3 de les fam\u00edlies).\" \/>\n<meta property=\"og:url\" content=\"https:\/\/diarieducacio.cat\/educaciolocal\/2018\/07\/03\/la-transformacio-educativa-des-de-la-comunitat-ledhack-raval\/\" \/>\n<meta property=\"og:site_name\" content=\"El blog de l&#039;educaci\u00f3 local\" \/>\n<meta property=\"article:publisher\" content=\"https:\/\/www.facebook.com\/diarieducacio\/\" \/>\n<meta property=\"article:published_time\" content=\"2018-07-03T15:15:59+00:00\" \/>\n<meta property=\"og:image\" content=\"https:\/\/diarieducacio.cat\/educaciolocal\/wp-content\/uploads\/sites\/18\/2018\/07\/mgaret.jpg\" \/>\n\t<meta property=\"og:image:width\" content=\"784\" \/>\n\t<meta property=\"og:image:height\" content=\"786\" \/>\n\t<meta property=\"og:image:type\" content=\"image\/jpeg\" \/>\n<meta name=\"author\" content=\"Merc\u00e8 Garet\" \/>\n<meta name=\"twitter:card\" content=\"summary_large_image\" \/>\n<meta name=\"twitter:creator\" content=\"@DiariEducacio\" \/>\n<meta name=\"twitter:site\" content=\"@DiariEducacio\" \/>\n<meta name=\"twitter:label1\" content=\"Escrit per\" \/>\n\t<meta name=\"twitter:data1\" content=\"Merc\u00e8 Garet\" \/>\n\t<meta name=\"twitter:label2\" content=\"Temps estimat de lectura\" \/>\n\t<meta name=\"twitter:data2\" content=\"5 minuts\" \/>\n<script type=\"application\/ld+json\" class=\"yoast-schema-graph\">{\"@context\":\"https:\\\/\\\/schema.org\",\"@graph\":[{\"@type\":\"Article\",\"@id\":\"https:\\\/\\\/diarieducacio.cat\\\/educaciolocal\\\/2018\\\/07\\\/03\\\/la-transformacio-educativa-des-de-la-comunitat-ledhack-raval\\\/#article\",\"isPartOf\":{\"@id\":\"https:\\\/\\\/diarieducacio.cat\\\/educaciolocal\\\/2018\\\/07\\\/03\\\/la-transformacio-educativa-des-de-la-comunitat-ledhack-raval\\\/\"},\"author\":{\"name\":\"Merc\u00e8 Garet\",\"@id\":\"https:\\\/\\\/diarieducacio.cat\\\/educaciolocal\\\/#\\\/schema\\\/person\\\/ad775181fdc757db70b2e0eb3de57015\"},\"headline\":\"La transformaci\u00f3 educativa des de la comunitat: l\u2019EDhack Raval\",\"datePublished\":\"2018-07-03T15:15:59+00:00\",\"mainEntityOfPage\":{\"@id\":\"https:\\\/\\\/diarieducacio.cat\\\/educaciolocal\\\/2018\\\/07\\\/03\\\/la-transformacio-educativa-des-de-la-comunitat-ledhack-raval\\\/\"},\"wordCount\":1009,\"commentCount\":0,\"image\":{\"@id\":\"https:\\\/\\\/diarieducacio.cat\\\/educaciolocal\\\/2018\\\/07\\\/03\\\/la-transformacio-educativa-des-de-la-comunitat-ledhack-raval\\\/#primaryimage\"},\"thumbnailUrl\":\"https:\\\/\\\/diarieducacio.cat\\\/educaciolocal\\\/wp-content\\\/uploads\\\/sites\\\/18\\\/2018\\\/07\\\/mgaret.jpg\",\"keywords\":[\"Comunitat educativa\",\"Entorn local\"],\"articleSection\":[\"Entorn\",\"\u00c8xit educatiu\"],\"inLanguage\":\"ca\",\"potentialAction\":[{\"@type\":\"CommentAction\",\"name\":\"Comment\",\"target\":[\"https:\\\/\\\/diarieducacio.cat\\\/educaciolocal\\\/2018\\\/07\\\/03\\\/la-transformacio-educativa-des-de-la-comunitat-ledhack-raval\\\/#respond\"]}]},{\"@type\":\"WebPage\",\"@id\":\"https:\\\/\\\/diarieducacio.cat\\\/educaciolocal\\\/2018\\\/07\\\/03\\\/la-transformacio-educativa-des-de-la-comunitat-ledhack-raval\\\/\",\"url\":\"https:\\\/\\\/diarieducacio.cat\\\/educaciolocal\\\/2018\\\/07\\\/03\\\/la-transformacio-educativa-des-de-la-comunitat-ledhack-raval\\\/\",\"name\":\"La transformaci\u00f3 educativa des de la comunitat: l\u2019EDhack Raval - El blog de l'educaci\u00f3 local\",\"isPartOf\":{\"@id\":\"https:\\\/\\\/diarieducacio.cat\\\/educaciolocal\\\/#website\"},\"primaryImageOfPage\":{\"@id\":\"https:\\\/\\\/diarieducacio.cat\\\/educaciolocal\\\/2018\\\/07\\\/03\\\/la-transformacio-educativa-des-de-la-comunitat-ledhack-raval\\\/#primaryimage\"},\"image\":{\"@id\":\"https:\\\/\\\/diarieducacio.cat\\\/educaciolocal\\\/2018\\\/07\\\/03\\\/la-transformacio-educativa-des-de-la-comunitat-ledhack-raval\\\/#primaryimage\"},\"thumbnailUrl\":\"https:\\\/\\\/diarieducacio.cat\\\/educaciolocal\\\/wp-content\\\/uploads\\\/sites\\\/18\\\/2018\\\/07\\\/mgaret.jpg\",\"datePublished\":\"2018-07-03T15:15:59+00:00\",\"author\":{\"@id\":\"https:\\\/\\\/diarieducacio.cat\\\/educaciolocal\\\/#\\\/schema\\\/person\\\/ad775181fdc757db70b2e0eb3de57015\"},\"breadcrumb\":{\"@id\":\"https:\\\/\\\/diarieducacio.cat\\\/educaciolocal\\\/2018\\\/07\\\/03\\\/la-transformacio-educativa-des-de-la-comunitat-ledhack-raval\\\/#breadcrumb\"},\"inLanguage\":\"ca\",\"potentialAction\":[{\"@type\":\"ReadAction\",\"target\":[\"https:\\\/\\\/diarieducacio.cat\\\/educaciolocal\\\/2018\\\/07\\\/03\\\/la-transformacio-educativa-des-de-la-comunitat-ledhack-raval\\\/\"]}]},{\"@type\":\"ImageObject\",\"inLanguage\":\"ca\",\"@id\":\"https:\\\/\\\/diarieducacio.cat\\\/educaciolocal\\\/2018\\\/07\\\/03\\\/la-transformacio-educativa-des-de-la-comunitat-ledhack-raval\\\/#primaryimage\",\"url\":\"https:\\\/\\\/diarieducacio.cat\\\/educaciolocal\\\/wp-content\\\/uploads\\\/sites\\\/18\\\/2018\\\/07\\\/mgaret.jpg\",\"contentUrl\":\"https:\\\/\\\/diarieducacio.cat\\\/educaciolocal\\\/wp-content\\\/uploads\\\/sites\\\/18\\\/2018\\\/07\\\/mgaret.jpg\",\"width\":784,\"height\":786},{\"@type\":\"BreadcrumbList\",\"@id\":\"https:\\\/\\\/diarieducacio.cat\\\/educaciolocal\\\/2018\\\/07\\\/03\\\/la-transformacio-educativa-des-de-la-comunitat-ledhack-raval\\\/#breadcrumb\",\"itemListElement\":[{\"@type\":\"ListItem\",\"position\":1,\"name\":\"Inici\",\"item\":\"https:\\\/\\\/diarieducacio.cat\\\/educaciolocal\\\/\"},{\"@type\":\"ListItem\",\"position\":2,\"name\":\"La transformaci\u00f3 educativa des de la comunitat: l\u2019EDhack Raval\"}]},{\"@type\":\"WebSite\",\"@id\":\"https:\\\/\\\/diarieducacio.cat\\\/educaciolocal\\\/#website\",\"url\":\"https:\\\/\\\/diarieducacio.cat\\\/educaciolocal\\\/\",\"name\":\"El blog de l'educaci\u00f3 local\",\"description\":\"\",\"potentialAction\":[{\"@type\":\"SearchAction\",\"target\":{\"@type\":\"EntryPoint\",\"urlTemplate\":\"https:\\\/\\\/diarieducacio.cat\\\/educaciolocal\\\/?s={search_term_string}\"},\"query-input\":{\"@type\":\"PropertyValueSpecification\",\"valueRequired\":true,\"valueName\":\"search_term_string\"}}],\"inLanguage\":\"ca\"},{\"@type\":\"Person\",\"@id\":\"https:\\\/\\\/diarieducacio.cat\\\/educaciolocal\\\/#\\\/schema\\\/person\\\/ad775181fdc757db70b2e0eb3de57015\",\"name\":\"Merc\u00e8 Garet\",\"image\":{\"@type\":\"ImageObject\",\"inLanguage\":\"ca\",\"@id\":\"https:\\\/\\\/secure.gravatar.com\\\/avatar\\\/3ad79e68f559af7d3dba13c2e0e6ab4cf0bed14b05c02b4910de2beafe952658?s=96&d=mm&r=g\",\"url\":\"https:\\\/\\\/secure.gravatar.com\\\/avatar\\\/3ad79e68f559af7d3dba13c2e0e6ab4cf0bed14b05c02b4910de2beafe952658?s=96&d=mm&r=g\",\"contentUrl\":\"https:\\\/\\\/secure.gravatar.com\\\/avatar\\\/3ad79e68f559af7d3dba13c2e0e6ab4cf0bed14b05c02b4910de2beafe952658?s=96&d=mm&r=g\",\"caption\":\"Merc\u00e8 Garet\"},\"description\":\"Llicenciada en Psicologia Social per la UAB. Ha desenvolupat la seva traject\u00f2ria professional, principalment, en la intervenci\u00f3 socio-educativa amb infants i joves en situacions de risc. Actualment treballa dins l'\u00e0rea socio-educativa de la Fundaci\u00f3 Tot Raval, on coordina el Grup d'Educaci\u00f3 Comunit\u00e0ria i el projecte Apadrina el Teu Equipament.\",\"url\":\"https:\\\/\\\/diarieducacio.cat\\\/educaciolocal\\\/author\\\/mgaret\\\/\"}]}<\/script>\n<!-- \/ Yoast SEO plugin. -->","yoast_head_json":{"title":"La transformaci\u00f3 educativa des de la comunitat: l\u2019EDhack Raval - El blog de l'educaci\u00f3 local","robots":{"index":"index","follow":"follow","max-snippet":"max-snippet:-1","max-image-preview":"max-image-preview:large","max-video-preview":"max-video-preview:-1"},"canonical":"https:\/\/diarieducacio.cat\/educaciolocal\/2018\/07\/03\/la-transformacio-educativa-des-de-la-comunitat-ledhack-raval\/","og_locale":"ca_ES","og_type":"article","og_title":"La transformaci\u00f3 educativa des de la comunitat: l\u2019EDhack Raval - El blog de l'educaci\u00f3 local","og_description":"La Fundaci\u00f3 Tot Raval, en alian\u00e7a amb la Fundaci\u00f3 Jaume Bofill, ha dut a terme un esdeveniment singular: una Hackat\u00f3 Educativa al barri del Raval de Barcelona. Una activitat que ha implicat la comunitat educativa en la generaci\u00f3 de propostes creatives i innovadores que facin front als principals reptes educatius del barri (fonamentalment l'abandonament escolar prematur i la participaci\u00f3 de les fam\u00edlies).","og_url":"https:\/\/diarieducacio.cat\/educaciolocal\/2018\/07\/03\/la-transformacio-educativa-des-de-la-comunitat-ledhack-raval\/","og_site_name":"El blog de l'educaci\u00f3 local","article_publisher":"https:\/\/www.facebook.com\/diarieducacio\/","article_published_time":"2018-07-03T15:15:59+00:00","og_image":[{"width":784,"height":786,"url":"https:\/\/diarieducacio.cat\/educaciolocal\/wp-content\/uploads\/sites\/18\/2018\/07\/mgaret.jpg","type":"image\/jpeg"}],"author":"Merc\u00e8 Garet","twitter_card":"summary_large_image","twitter_creator":"@DiariEducacio","twitter_site":"@DiariEducacio","twitter_misc":{"Escrit per":"Merc\u00e8 Garet","Temps estimat de lectura":"5 minuts"},"schema":{"@context":"https:\/\/schema.org","@graph":[{"@type":"Article","@id":"https:\/\/diarieducacio.cat\/educaciolocal\/2018\/07\/03\/la-transformacio-educativa-des-de-la-comunitat-ledhack-raval\/#article","isPartOf":{"@id":"https:\/\/diarieducacio.cat\/educaciolocal\/2018\/07\/03\/la-transformacio-educativa-des-de-la-comunitat-ledhack-raval\/"},"author":{"name":"Merc\u00e8 Garet","@id":"https:\/\/diarieducacio.cat\/educaciolocal\/#\/schema\/person\/ad775181fdc757db70b2e0eb3de57015"},"headline":"La transformaci\u00f3 educativa des de la comunitat: l\u2019EDhack Raval","datePublished":"2018-07-03T15:15:59+00:00","mainEntityOfPage":{"@id":"https:\/\/diarieducacio.cat\/educaciolocal\/2018\/07\/03\/la-transformacio-educativa-des-de-la-comunitat-ledhack-raval\/"},"wordCount":1009,"commentCount":0,"image":{"@id":"https:\/\/diarieducacio.cat\/educaciolocal\/2018\/07\/03\/la-transformacio-educativa-des-de-la-comunitat-ledhack-raval\/#primaryimage"},"thumbnailUrl":"https:\/\/diarieducacio.cat\/educaciolocal\/wp-content\/uploads\/sites\/18\/2018\/07\/mgaret.jpg","keywords":["Comunitat educativa","Entorn local"],"articleSection":["Entorn","\u00c8xit educatiu"],"inLanguage":"ca","potentialAction":[{"@type":"CommentAction","name":"Comment","target":["https:\/\/diarieducacio.cat\/educaciolocal\/2018\/07\/03\/la-transformacio-educativa-des-de-la-comunitat-ledhack-raval\/#respond"]}]},{"@type":"WebPage","@id":"https:\/\/diarieducacio.cat\/educaciolocal\/2018\/07\/03\/la-transformacio-educativa-des-de-la-comunitat-ledhack-raval\/","url":"https:\/\/diarieducacio.cat\/educaciolocal\/2018\/07\/03\/la-transformacio-educativa-des-de-la-comunitat-ledhack-raval\/","name":"La transformaci\u00f3 educativa des de la comunitat: l\u2019EDhack Raval - El blog de l'educaci\u00f3 local","isPartOf":{"@id":"https:\/\/diarieducacio.cat\/educaciolocal\/#website"},"primaryImageOfPage":{"@id":"https:\/\/diarieducacio.cat\/educaciolocal\/2018\/07\/03\/la-transformacio-educativa-des-de-la-comunitat-ledhack-raval\/#primaryimage"},"image":{"@id":"https:\/\/diarieducacio.cat\/educaciolocal\/2018\/07\/03\/la-transformacio-educativa-des-de-la-comunitat-ledhack-raval\/#primaryimage"},"thumbnailUrl":"https:\/\/diarieducacio.cat\/educaciolocal\/wp-content\/uploads\/sites\/18\/2018\/07\/mgaret.jpg","datePublished":"2018-07-03T15:15:59+00:00","author":{"@id":"https:\/\/diarieducacio.cat\/educaciolocal\/#\/schema\/person\/ad775181fdc757db70b2e0eb3de57015"},"breadcrumb":{"@id":"https:\/\/diarieducacio.cat\/educaciolocal\/2018\/07\/03\/la-transformacio-educativa-des-de-la-comunitat-ledhack-raval\/#breadcrumb"},"inLanguage":"ca","potentialAction":[{"@type":"ReadAction","target":["https:\/\/diarieducacio.cat\/educaciolocal\/2018\/07\/03\/la-transformacio-educativa-des-de-la-comunitat-ledhack-raval\/"]}]},{"@type":"ImageObject","inLanguage":"ca","@id":"https:\/\/diarieducacio.cat\/educaciolocal\/2018\/07\/03\/la-transformacio-educativa-des-de-la-comunitat-ledhack-raval\/#primaryimage","url":"https:\/\/diarieducacio.cat\/educaciolocal\/wp-content\/uploads\/sites\/18\/2018\/07\/mgaret.jpg","contentUrl":"https:\/\/diarieducacio.cat\/educaciolocal\/wp-content\/uploads\/sites\/18\/2018\/07\/mgaret.jpg","width":784,"height":786},{"@type":"BreadcrumbList","@id":"https:\/\/diarieducacio.cat\/educaciolocal\/2018\/07\/03\/la-transformacio-educativa-des-de-la-comunitat-ledhack-raval\/#breadcrumb","itemListElement":[{"@type":"ListItem","position":1,"name":"Inici","item":"https:\/\/diarieducacio.cat\/educaciolocal\/"},{"@type":"ListItem","position":2,"name":"La transformaci\u00f3 educativa des de la comunitat: l\u2019EDhack Raval"}]},{"@type":"WebSite","@id":"https:\/\/diarieducacio.cat\/educaciolocal\/#website","url":"https:\/\/diarieducacio.cat\/educaciolocal\/","name":"El blog de l'educaci\u00f3 local","description":"","potentialAction":[{"@type":"SearchAction","target":{"@type":"EntryPoint","urlTemplate":"https:\/\/diarieducacio.cat\/educaciolocal\/?s={search_term_string}"},"query-input":{"@type":"PropertyValueSpecification","valueRequired":true,"valueName":"search_term_string"}}],"inLanguage":"ca"},{"@type":"Person","@id":"https:\/\/diarieducacio.cat\/educaciolocal\/#\/schema\/person\/ad775181fdc757db70b2e0eb3de57015","name":"Merc\u00e8 Garet","image":{"@type":"ImageObject","inLanguage":"ca","@id":"https:\/\/secure.gravatar.com\/avatar\/3ad79e68f559af7d3dba13c2e0e6ab4cf0bed14b05c02b4910de2beafe952658?s=96&d=mm&r=g","url":"https:\/\/secure.gravatar.com\/avatar\/3ad79e68f559af7d3dba13c2e0e6ab4cf0bed14b05c02b4910de2beafe952658?s=96&d=mm&r=g","contentUrl":"https:\/\/secure.gravatar.com\/avatar\/3ad79e68f559af7d3dba13c2e0e6ab4cf0bed14b05c02b4910de2beafe952658?s=96&d=mm&r=g","caption":"Merc\u00e8 Garet"},"description":"Llicenciada en Psicologia Social per la UAB. Ha desenvolupat la seva traject\u00f2ria professional, principalment, en la intervenci\u00f3 socio-educativa amb infants i joves en situacions de risc. Actualment treballa dins l'\u00e0rea socio-educativa de la Fundaci\u00f3 Tot Raval, on coordina el Grup d'Educaci\u00f3 Comunit\u00e0ria i el projecte Apadrina el Teu Equipament.","url":"https:\/\/diarieducacio.cat\/educaciolocal\/author\/mgaret\/"}]}},"_links":{"self":[{"href":"https:\/\/diarieducacio.cat\/educaciolocal\/wp-json\/wp\/v2\/posts\/961","targetHints":{"allow":["GET"]}}],"collection":[{"href":"https:\/\/diarieducacio.cat\/educaciolocal\/wp-json\/wp\/v2\/posts"}],"about":[{"href":"https:\/\/diarieducacio.cat\/educaciolocal\/wp-json\/wp\/v2\/types\/post"}],"author":[{"embeddable":true,"href":"https:\/\/diarieducacio.cat\/educaciolocal\/wp-json\/wp\/v2\/users\/221"}],"replies":[{"embeddable":true,"href":"https:\/\/diarieducacio.cat\/educaciolocal\/wp-json\/wp\/v2\/comments?post=961"}],"version-history":[{"count":0,"href":"https:\/\/diarieducacio.cat\/educaciolocal\/wp-json\/wp\/v2\/posts\/961\/revisions"}],"wp:featuredmedia":[{"embeddable":true,"href":"https:\/\/diarieducacio.cat\/educaciolocal\/wp-json\/wp\/v2\/media\/958"}],"wp:attachment":[{"href":"https:\/\/diarieducacio.cat\/educaciolocal\/wp-json\/wp\/v2\/media?parent=961"}],"wp:term":[{"taxonomy":"category","embeddable":true,"href":"https:\/\/diarieducacio.cat\/educaciolocal\/wp-json\/wp\/v2\/categories?post=961"},{"taxonomy":"post_tag","embeddable":true,"href":"https:\/\/diarieducacio.cat\/educaciolocal\/wp-json\/wp\/v2\/tags?post=961"},{"taxonomy":"tipo","embeddable":true,"href":"https:\/\/diarieducacio.cat\/educaciolocal\/wp-json\/wp\/v2\/tipo?post=961"}],"curies":[{"name":"wp","href":"https:\/\/api.w.org\/{rel}","templated":true}]}}