{"id":988,"date":"2018-07-16T22:25:38","date_gmt":"2018-07-16T22:25:38","guid":{"rendered":"https:\/\/diarieducacio.cat\/educaciolocal\/?p=988"},"modified":"2018-07-16T22:25:38","modified_gmt":"2018-07-16T22:25:38","slug":"connectar-escoles-i-cooperatives","status":"publish","type":"post","link":"https:\/\/diarieducacio.cat\/educaciolocal\/2018\/07\/16\/connectar-escoles-i-cooperatives\/","title":{"rendered":"Connectar escoles i cooperatives"},"content":{"rendered":"<p>Cultura emprenedora a l\u2019escola (CuEmE) \u00e9s un programa impulsat per la Diputaci\u00f3 de Barcelona amb el suport de la Federaci\u00f3 de Cooperatives de Treball de Catalunya. La iniciativa busca fomentar l\u2019esperit emprenedor en clau cooperativa entre l\u2019alumnat del cicle superior d&#8217;educaci\u00f3 prim\u00e0ria, especialment de cinqu\u00e8. Gr\u00e0cies al CuEmE, durant el curs 2017-2018, uns 7.000 alumnes de 177 escoles a 78 municipis de tot Catalunya s\u2019han familiaritzat de primera ma amb el m\u00f3n empresarial cooperatiu. Entre tots han creat 300 cooperatives, mitjan\u00e7ant les quals nens i nenes han pogut implicar-se directament en totes les activitats relacionades amb la creaci\u00f3, organitzaci\u00f3, gesti\u00f3 i tancament de l\u2019empresa.<\/p>\n<p>El projecte facilita un programa d\u2019activitats de foment de l\u2019emprenedoria amb un vessant cooperatiu que els centres educatius impulsen directament. De forma concreta, durant un curs escolar, l&#8217;alumnat crea i gestiona una cooperativa escolar amb el suport de la comunitat educativa, l&#8217;administraci\u00f3 i agents socials de la seva localitat. Per fer-ho s\u2019utilitza la metodologia educativa del treball per projectes, amb el qual s\u2019intenta refor\u00e7ar valors com la solidaritat, la igualtat d\u2019oportunitats i l\u2019equitat, alhora que constitueix una eina d\u2019inclusi\u00f3 social.<br \/>\nProjectada pel Cicle Superior, el programa CuEmE \u00e9s una iniciativa que t\u00e9 la voluntat de consolidar aprenentatges en una etapa en la qual els nens i nenes evolucionen progressivament cap a l\u2019autonomia, l\u2019autoconcepte i la seva inclusi\u00f3 en grups.<\/p>\n<h3>Esperit emprenedor i cooperatiu<\/h3>\n<p>El programa Cultura emprenedora a l\u2019escola aposta pel model cooperatiu com a filosofia empresarial de base, perqu\u00e8 aporta un model de gesti\u00f3 democr\u00e0tica i participativa i refor\u00e7a un vessant de responsabilitat social.<br \/>\nL\u2019esperit emprenedor \u00e9s l\u2019habilitat de les persones per transformar les idees en actes. La creativitat, la iniciativa, la innovaci\u00f3 i l&#8217;assumpci\u00f3 de riscos, aix\u00ed com amb l&#8217;habilitat per planificar i gestionar projectes amb el fi d&#8217;aconseguir objectius, en s\u00f3n les seves principals caracter\u00edstiques.<\/p>\n<p>La seva promoci\u00f3 esdev\u00e9 cabdal en el context d&#8217;una societat del coneixement, perqu\u00e8 augmenta la relaci\u00f3 entre el sistema educatiu i el productiu, incrementa la qualitat del treball, afavoreix la millora dels resultats educatius i promou l&#8217;adquisici\u00f3 d&#8217;un conjunt de capacitats, habilitats i valors \u00fatils que capaciten les persones a gestionar adequadament els seus projectes professionals i vitals.<\/p>\n<h3>Referents locals<\/h3>\n<p>La participaci\u00f3 dels ajuntaments i ens locals \u00e9s cabdal en el projecte Cultura emprenedora a l\u2019escola perqu\u00e8 facilita la relaci\u00f3 de les escoles amb l\u2019entorn i promou la implicaci\u00f3 dels agents locals en la din\u00e0mica quotidiana de les cooperatives. Els serveis de promoci\u00f3 econ\u00f2mica i educaci\u00f3 municipals actuen com a dinamitzadors i coordinadors del projecte posant els seus recursos al servei de l\u2019esperit emprenedor de l\u2019alumnat.<\/p>\n<p>Com a Federaci\u00f3 de Cooperatives de Treball de Catalunya, la nostra tasca consisteix a fomentar el coneixement de cooperatives reals que es troben al territori proper a les escoles participants al programa i per a que actuin com a inspiraci\u00f3 pels nens i les nenes. D\u2019aquesta forma, es potencia el vincle local i la creaci\u00f3 de referents propers. Aquest any, s\u2019han mostrat disponibles per a participar al programa, al menys 120 cooperatives de treball.<\/p>\n<h3>Les fases de la cooperativa<\/h3>\n<p>Per reproduir el m\u00e9s fidelment possible el cam\u00ed iniciat pels futurs cooperativistes, cada cooperativa escolar passa per diverses fases. En el moment de la constituci\u00f3, els alumnes organitzen assemblees i reunions per escollir el nom, determinar quin ser\u00e0 el seu capital social, quins productes faran, els c\u00e0rrecs que la representaran i elaborar uns estatuts. En aquesta fase tamb\u00e9 es fan gestions per legalitzar la cooperativa i donar-la d&#8217;alta a l&#8217;oficina d&#8217;atenci\u00f3 al ciutad\u00e0 de l&#8217;ajuntament.<\/p>\n<p>A continuaci\u00f3, es tria la imatge corporativa de la cooperativa. Aquest proc\u00e9s tamb\u00e9 ser\u00e0 participatiu i compartit per tots els participants i dona lloc a un logotip que representar\u00e0 la cooperativa. A m\u00e9s, s\u2019elabora un blog on explicaran els seus objectius i totes les activitats que aniran realitzant durant el curs.<\/p>\n<h3>Finan\u00e7ament<\/h3>\n<p>L\u2019alumnat treballa tamb\u00e9 el finan\u00e7ament de la cooperativa. Es plantegen, fent els c\u00e0lculs necessaris, si necessiten m\u00e9s diners dels que disposen amb el capital inicial per tal afrontar la producci\u00f3 o altres despeses. Si constaten que calen m\u00e9s recursos econ\u00f2mics, es pregunten d\u2019on poden treure els diners que els falten i quines f\u00f3rmules hi ha per aconseguir-los.<\/p>\n<p>Apareix la possibilitat de sol\u00b7licitar un pr\u00e9stec, que el poden demanar a amics, familiars, a l\u2019escola o a una entitat financera.<\/p>\n<p>Si decideixen rec\u00f3rrer a una entitat banc\u00e0ria (tradicional, cooperativa o \u00e8tica) es reuniran amb els seus representants per a explicar-los el projecte i pactar les condicions del finan\u00e7ament. En aquesta fase, la Federaci\u00f3 de Cooperatives de Treball de Catalunya proposa als alumnes un pr\u00e9stec d\u2019un m\u00e0xim de 150 euros a les entitats financeres que conformen la Xarxa Financoop.<\/p>\n<p>Despr\u00e9s de vendre els productes al mercat i ingressar els diners de la venda, els alumnes hauran de tornar el pr\u00e9stec a l\u2019entitat banc\u00e0ria en la data pactada.<\/p>\n","protected":false},"excerpt":{"rendered":"<p>Cultura emprenedora a l\u2019escola (CuEmE) \u00e9s un programa impulsat per la Diputaci\u00f3 de Barcelona amb el suport de la Federaci\u00f3 de Cooperatives de Treball de Catalunya. La iniciativa busca fomentar l\u2019esperit emprenedor en clau cooperativa entre l\u2019alumnat del cicle superior d&#8217;educaci\u00f3 prim\u00e0ria, especialment de cinqu\u00e8<\/p>\n","protected":false},"author":222,"featured_media":989,"comment_status":"open","ping_status":"closed","sticky":false,"template":"","format":"standard","meta":{"footnotes":""},"categories":[2],"tags":[203,204],"tipo":[],"class_list":{"0":"post-988","1":"post","2":"type-post","3":"status-publish","4":"format-standard","5":"has-post-thumbnail","7":"category-general","8":"tag-cooperatives","9":"tag-cultura-emprenedora-a-lescola"},"yoast_head":"<!-- This site is optimized with the Yoast SEO plugin v27.5 - https:\/\/yoast.com\/product\/yoast-seo-wordpress\/ -->\n<title>Connectar escoles i cooperatives - El blog de l&#039;educaci\u00f3 local<\/title>\n<meta name=\"robots\" content=\"index, follow, max-snippet:-1, max-image-preview:large, max-video-preview:-1\" \/>\n<link rel=\"canonical\" href=\"https:\/\/diarieducacio.cat\/educaciolocal\/2018\/07\/16\/connectar-escoles-i-cooperatives\/\" \/>\n<meta property=\"og:locale\" content=\"ca_ES\" \/>\n<meta property=\"og:type\" content=\"article\" \/>\n<meta property=\"og:title\" content=\"Connectar escoles i cooperatives - El blog de l&#039;educaci\u00f3 local\" \/>\n<meta property=\"og:description\" content=\"Cultura emprenedora a l\u2019escola (CuEmE) \u00e9s un programa impulsat per la Diputaci\u00f3 de Barcelona amb el suport de la Federaci\u00f3 de Cooperatives de Treball de Catalunya. La iniciativa busca fomentar l\u2019esperit emprenedor en clau cooperativa entre l\u2019alumnat del cicle superior d&#039;educaci\u00f3 prim\u00e0ria, especialment de cinqu\u00e8\" \/>\n<meta property=\"og:url\" content=\"https:\/\/diarieducacio.cat\/educaciolocal\/2018\/07\/16\/connectar-escoles-i-cooperatives\/\" \/>\n<meta property=\"og:site_name\" content=\"El blog de l&#039;educaci\u00f3 local\" \/>\n<meta property=\"article:publisher\" content=\"https:\/\/www.facebook.com\/diarieducacio\/\" \/>\n<meta property=\"article:published_time\" content=\"2018-07-16T22:25:38+00:00\" \/>\n<meta property=\"og:image\" content=\"https:\/\/diarieducacio.cat\/educaciolocal\/wp-content\/uploads\/sites\/18\/2018\/07\/iStock-845547386.jpg\" \/>\n\t<meta property=\"og:image:width\" content=\"2200\" \/>\n\t<meta property=\"og:image:height\" content=\"1466\" \/>\n\t<meta property=\"og:image:type\" content=\"image\/jpeg\" \/>\n<meta name=\"author\" content=\"Guillem Perdrix\" \/>\n<meta name=\"twitter:card\" content=\"summary_large_image\" \/>\n<meta name=\"twitter:creator\" content=\"@DiariEducacio\" \/>\n<meta name=\"twitter:site\" content=\"@DiariEducacio\" \/>\n<meta name=\"twitter:label1\" content=\"Escrit per\" \/>\n\t<meta name=\"twitter:data1\" content=\"Guillem Perdrix\" \/>\n\t<meta name=\"twitter:label2\" content=\"Temps estimat de lectura\" \/>\n\t<meta name=\"twitter:data2\" content=\"4 minuts\" \/>\n<script type=\"application\/ld+json\" class=\"yoast-schema-graph\">{\"@context\":\"https:\\\/\\\/schema.org\",\"@graph\":[{\"@type\":\"Article\",\"@id\":\"https:\\\/\\\/diarieducacio.cat\\\/educaciolocal\\\/2018\\\/07\\\/16\\\/connectar-escoles-i-cooperatives\\\/#article\",\"isPartOf\":{\"@id\":\"https:\\\/\\\/diarieducacio.cat\\\/educaciolocal\\\/2018\\\/07\\\/16\\\/connectar-escoles-i-cooperatives\\\/\"},\"author\":{\"name\":\"Guillem Perdrix\",\"@id\":\"https:\\\/\\\/diarieducacio.cat\\\/educaciolocal\\\/#\\\/schema\\\/person\\\/65a1246b16814ec191cd307be9c161a1\"},\"headline\":\"Connectar escoles i cooperatives\",\"datePublished\":\"2018-07-16T22:25:38+00:00\",\"mainEntityOfPage\":{\"@id\":\"https:\\\/\\\/diarieducacio.cat\\\/educaciolocal\\\/2018\\\/07\\\/16\\\/connectar-escoles-i-cooperatives\\\/\"},\"wordCount\":870,\"commentCount\":0,\"image\":{\"@id\":\"https:\\\/\\\/diarieducacio.cat\\\/educaciolocal\\\/2018\\\/07\\\/16\\\/connectar-escoles-i-cooperatives\\\/#primaryimage\"},\"thumbnailUrl\":\"https:\\\/\\\/diarieducacio.cat\\\/educaciolocal\\\/wp-content\\\/uploads\\\/sites\\\/18\\\/2018\\\/07\\\/iStock-845547386.jpg\",\"keywords\":[\"cooperatives\",\"Cultura emprenedora a l\u2019escola\"],\"articleSection\":[\"General\"],\"inLanguage\":\"ca\",\"potentialAction\":[{\"@type\":\"CommentAction\",\"name\":\"Comment\",\"target\":[\"https:\\\/\\\/diarieducacio.cat\\\/educaciolocal\\\/2018\\\/07\\\/16\\\/connectar-escoles-i-cooperatives\\\/#respond\"]}]},{\"@type\":\"WebPage\",\"@id\":\"https:\\\/\\\/diarieducacio.cat\\\/educaciolocal\\\/2018\\\/07\\\/16\\\/connectar-escoles-i-cooperatives\\\/\",\"url\":\"https:\\\/\\\/diarieducacio.cat\\\/educaciolocal\\\/2018\\\/07\\\/16\\\/connectar-escoles-i-cooperatives\\\/\",\"name\":\"Connectar escoles i cooperatives - El blog de l'educaci\u00f3 local\",\"isPartOf\":{\"@id\":\"https:\\\/\\\/diarieducacio.cat\\\/educaciolocal\\\/#website\"},\"primaryImageOfPage\":{\"@id\":\"https:\\\/\\\/diarieducacio.cat\\\/educaciolocal\\\/2018\\\/07\\\/16\\\/connectar-escoles-i-cooperatives\\\/#primaryimage\"},\"image\":{\"@id\":\"https:\\\/\\\/diarieducacio.cat\\\/educaciolocal\\\/2018\\\/07\\\/16\\\/connectar-escoles-i-cooperatives\\\/#primaryimage\"},\"thumbnailUrl\":\"https:\\\/\\\/diarieducacio.cat\\\/educaciolocal\\\/wp-content\\\/uploads\\\/sites\\\/18\\\/2018\\\/07\\\/iStock-845547386.jpg\",\"datePublished\":\"2018-07-16T22:25:38+00:00\",\"author\":{\"@id\":\"https:\\\/\\\/diarieducacio.cat\\\/educaciolocal\\\/#\\\/schema\\\/person\\\/65a1246b16814ec191cd307be9c161a1\"},\"breadcrumb\":{\"@id\":\"https:\\\/\\\/diarieducacio.cat\\\/educaciolocal\\\/2018\\\/07\\\/16\\\/connectar-escoles-i-cooperatives\\\/#breadcrumb\"},\"inLanguage\":\"ca\",\"potentialAction\":[{\"@type\":\"ReadAction\",\"target\":[\"https:\\\/\\\/diarieducacio.cat\\\/educaciolocal\\\/2018\\\/07\\\/16\\\/connectar-escoles-i-cooperatives\\\/\"]}]},{\"@type\":\"ImageObject\",\"inLanguage\":\"ca\",\"@id\":\"https:\\\/\\\/diarieducacio.cat\\\/educaciolocal\\\/2018\\\/07\\\/16\\\/connectar-escoles-i-cooperatives\\\/#primaryimage\",\"url\":\"https:\\\/\\\/diarieducacio.cat\\\/educaciolocal\\\/wp-content\\\/uploads\\\/sites\\\/18\\\/2018\\\/07\\\/iStock-845547386.jpg\",\"contentUrl\":\"https:\\\/\\\/diarieducacio.cat\\\/educaciolocal\\\/wp-content\\\/uploads\\\/sites\\\/18\\\/2018\\\/07\\\/iStock-845547386.jpg\",\"width\":2200,\"height\":1466,\"caption\":\"Connectar cooperatives i escoles| Foto: patpitchaya\"},{\"@type\":\"BreadcrumbList\",\"@id\":\"https:\\\/\\\/diarieducacio.cat\\\/educaciolocal\\\/2018\\\/07\\\/16\\\/connectar-escoles-i-cooperatives\\\/#breadcrumb\",\"itemListElement\":[{\"@type\":\"ListItem\",\"position\":1,\"name\":\"Inici\",\"item\":\"https:\\\/\\\/diarieducacio.cat\\\/educaciolocal\\\/\"},{\"@type\":\"ListItem\",\"position\":2,\"name\":\"Connectar escoles i cooperatives\"}]},{\"@type\":\"WebSite\",\"@id\":\"https:\\\/\\\/diarieducacio.cat\\\/educaciolocal\\\/#website\",\"url\":\"https:\\\/\\\/diarieducacio.cat\\\/educaciolocal\\\/\",\"name\":\"El blog de l'educaci\u00f3 local\",\"description\":\"\",\"potentialAction\":[{\"@type\":\"SearchAction\",\"target\":{\"@type\":\"EntryPoint\",\"urlTemplate\":\"https:\\\/\\\/diarieducacio.cat\\\/educaciolocal\\\/?s={search_term_string}\"},\"query-input\":{\"@type\":\"PropertyValueSpecification\",\"valueRequired\":true,\"valueName\":\"search_term_string\"}}],\"inLanguage\":\"ca\"},{\"@type\":\"Person\",\"@id\":\"https:\\\/\\\/diarieducacio.cat\\\/educaciolocal\\\/#\\\/schema\\\/person\\\/65a1246b16814ec191cd307be9c161a1\",\"name\":\"Guillem Perdrix\",\"image\":{\"@type\":\"ImageObject\",\"inLanguage\":\"ca\",\"@id\":\"https:\\\/\\\/secure.gravatar.com\\\/avatar\\\/233425d3fd51f47047d8207af436cfd0ec6b95ab4b4e887e93302ded77c7ab31?s=96&d=mm&r=g\",\"url\":\"https:\\\/\\\/secure.gravatar.com\\\/avatar\\\/233425d3fd51f47047d8207af436cfd0ec6b95ab4b4e887e93302ded77c7ab31?s=96&d=mm&r=g\",\"contentUrl\":\"https:\\\/\\\/secure.gravatar.com\\\/avatar\\\/233425d3fd51f47047d8207af436cfd0ec6b95ab4b4e887e93302ded77c7ab31?s=96&d=mm&r=g\",\"caption\":\"Guillem Perdrix\"},\"description\":\"Guillem Perdrix, director de la Federaci\u00f3 de Cooperatives de Treball de Catalunya\",\"url\":\"https:\\\/\\\/diarieducacio.cat\\\/educaciolocal\\\/author\\\/guillemperdrix\\\/\"}]}<\/script>\n<!-- \/ Yoast SEO plugin. -->","yoast_head_json":{"title":"Connectar escoles i cooperatives - El blog de l'educaci\u00f3 local","robots":{"index":"index","follow":"follow","max-snippet":"max-snippet:-1","max-image-preview":"max-image-preview:large","max-video-preview":"max-video-preview:-1"},"canonical":"https:\/\/diarieducacio.cat\/educaciolocal\/2018\/07\/16\/connectar-escoles-i-cooperatives\/","og_locale":"ca_ES","og_type":"article","og_title":"Connectar escoles i cooperatives - El blog de l'educaci\u00f3 local","og_description":"Cultura emprenedora a l\u2019escola (CuEmE) \u00e9s un programa impulsat per la Diputaci\u00f3 de Barcelona amb el suport de la Federaci\u00f3 de Cooperatives de Treball de Catalunya. La iniciativa busca fomentar l\u2019esperit emprenedor en clau cooperativa entre l\u2019alumnat del cicle superior d'educaci\u00f3 prim\u00e0ria, especialment de cinqu\u00e8","og_url":"https:\/\/diarieducacio.cat\/educaciolocal\/2018\/07\/16\/connectar-escoles-i-cooperatives\/","og_site_name":"El blog de l'educaci\u00f3 local","article_publisher":"https:\/\/www.facebook.com\/diarieducacio\/","article_published_time":"2018-07-16T22:25:38+00:00","og_image":[{"width":2200,"height":1466,"url":"https:\/\/diarieducacio.cat\/educaciolocal\/wp-content\/uploads\/sites\/18\/2018\/07\/iStock-845547386.jpg","type":"image\/jpeg"}],"author":"Guillem Perdrix","twitter_card":"summary_large_image","twitter_creator":"@DiariEducacio","twitter_site":"@DiariEducacio","twitter_misc":{"Escrit per":"Guillem Perdrix","Temps estimat de lectura":"4 minuts"},"schema":{"@context":"https:\/\/schema.org","@graph":[{"@type":"Article","@id":"https:\/\/diarieducacio.cat\/educaciolocal\/2018\/07\/16\/connectar-escoles-i-cooperatives\/#article","isPartOf":{"@id":"https:\/\/diarieducacio.cat\/educaciolocal\/2018\/07\/16\/connectar-escoles-i-cooperatives\/"},"author":{"name":"Guillem Perdrix","@id":"https:\/\/diarieducacio.cat\/educaciolocal\/#\/schema\/person\/65a1246b16814ec191cd307be9c161a1"},"headline":"Connectar escoles i cooperatives","datePublished":"2018-07-16T22:25:38+00:00","mainEntityOfPage":{"@id":"https:\/\/diarieducacio.cat\/educaciolocal\/2018\/07\/16\/connectar-escoles-i-cooperatives\/"},"wordCount":870,"commentCount":0,"image":{"@id":"https:\/\/diarieducacio.cat\/educaciolocal\/2018\/07\/16\/connectar-escoles-i-cooperatives\/#primaryimage"},"thumbnailUrl":"https:\/\/diarieducacio.cat\/educaciolocal\/wp-content\/uploads\/sites\/18\/2018\/07\/iStock-845547386.jpg","keywords":["cooperatives","Cultura emprenedora a l\u2019escola"],"articleSection":["General"],"inLanguage":"ca","potentialAction":[{"@type":"CommentAction","name":"Comment","target":["https:\/\/diarieducacio.cat\/educaciolocal\/2018\/07\/16\/connectar-escoles-i-cooperatives\/#respond"]}]},{"@type":"WebPage","@id":"https:\/\/diarieducacio.cat\/educaciolocal\/2018\/07\/16\/connectar-escoles-i-cooperatives\/","url":"https:\/\/diarieducacio.cat\/educaciolocal\/2018\/07\/16\/connectar-escoles-i-cooperatives\/","name":"Connectar escoles i cooperatives - El blog de l'educaci\u00f3 local","isPartOf":{"@id":"https:\/\/diarieducacio.cat\/educaciolocal\/#website"},"primaryImageOfPage":{"@id":"https:\/\/diarieducacio.cat\/educaciolocal\/2018\/07\/16\/connectar-escoles-i-cooperatives\/#primaryimage"},"image":{"@id":"https:\/\/diarieducacio.cat\/educaciolocal\/2018\/07\/16\/connectar-escoles-i-cooperatives\/#primaryimage"},"thumbnailUrl":"https:\/\/diarieducacio.cat\/educaciolocal\/wp-content\/uploads\/sites\/18\/2018\/07\/iStock-845547386.jpg","datePublished":"2018-07-16T22:25:38+00:00","author":{"@id":"https:\/\/diarieducacio.cat\/educaciolocal\/#\/schema\/person\/65a1246b16814ec191cd307be9c161a1"},"breadcrumb":{"@id":"https:\/\/diarieducacio.cat\/educaciolocal\/2018\/07\/16\/connectar-escoles-i-cooperatives\/#breadcrumb"},"inLanguage":"ca","potentialAction":[{"@type":"ReadAction","target":["https:\/\/diarieducacio.cat\/educaciolocal\/2018\/07\/16\/connectar-escoles-i-cooperatives\/"]}]},{"@type":"ImageObject","inLanguage":"ca","@id":"https:\/\/diarieducacio.cat\/educaciolocal\/2018\/07\/16\/connectar-escoles-i-cooperatives\/#primaryimage","url":"https:\/\/diarieducacio.cat\/educaciolocal\/wp-content\/uploads\/sites\/18\/2018\/07\/iStock-845547386.jpg","contentUrl":"https:\/\/diarieducacio.cat\/educaciolocal\/wp-content\/uploads\/sites\/18\/2018\/07\/iStock-845547386.jpg","width":2200,"height":1466,"caption":"Connectar cooperatives i escoles| Foto: patpitchaya"},{"@type":"BreadcrumbList","@id":"https:\/\/diarieducacio.cat\/educaciolocal\/2018\/07\/16\/connectar-escoles-i-cooperatives\/#breadcrumb","itemListElement":[{"@type":"ListItem","position":1,"name":"Inici","item":"https:\/\/diarieducacio.cat\/educaciolocal\/"},{"@type":"ListItem","position":2,"name":"Connectar escoles i cooperatives"}]},{"@type":"WebSite","@id":"https:\/\/diarieducacio.cat\/educaciolocal\/#website","url":"https:\/\/diarieducacio.cat\/educaciolocal\/","name":"El blog de l'educaci\u00f3 local","description":"","potentialAction":[{"@type":"SearchAction","target":{"@type":"EntryPoint","urlTemplate":"https:\/\/diarieducacio.cat\/educaciolocal\/?s={search_term_string}"},"query-input":{"@type":"PropertyValueSpecification","valueRequired":true,"valueName":"search_term_string"}}],"inLanguage":"ca"},{"@type":"Person","@id":"https:\/\/diarieducacio.cat\/educaciolocal\/#\/schema\/person\/65a1246b16814ec191cd307be9c161a1","name":"Guillem Perdrix","image":{"@type":"ImageObject","inLanguage":"ca","@id":"https:\/\/secure.gravatar.com\/avatar\/233425d3fd51f47047d8207af436cfd0ec6b95ab4b4e887e93302ded77c7ab31?s=96&d=mm&r=g","url":"https:\/\/secure.gravatar.com\/avatar\/233425d3fd51f47047d8207af436cfd0ec6b95ab4b4e887e93302ded77c7ab31?s=96&d=mm&r=g","contentUrl":"https:\/\/secure.gravatar.com\/avatar\/233425d3fd51f47047d8207af436cfd0ec6b95ab4b4e887e93302ded77c7ab31?s=96&d=mm&r=g","caption":"Guillem Perdrix"},"description":"Guillem Perdrix, director de la Federaci\u00f3 de Cooperatives de Treball de Catalunya","url":"https:\/\/diarieducacio.cat\/educaciolocal\/author\/guillemperdrix\/"}]}},"_links":{"self":[{"href":"https:\/\/diarieducacio.cat\/educaciolocal\/wp-json\/wp\/v2\/posts\/988","targetHints":{"allow":["GET"]}}],"collection":[{"href":"https:\/\/diarieducacio.cat\/educaciolocal\/wp-json\/wp\/v2\/posts"}],"about":[{"href":"https:\/\/diarieducacio.cat\/educaciolocal\/wp-json\/wp\/v2\/types\/post"}],"author":[{"embeddable":true,"href":"https:\/\/diarieducacio.cat\/educaciolocal\/wp-json\/wp\/v2\/users\/222"}],"replies":[{"embeddable":true,"href":"https:\/\/diarieducacio.cat\/educaciolocal\/wp-json\/wp\/v2\/comments?post=988"}],"version-history":[{"count":0,"href":"https:\/\/diarieducacio.cat\/educaciolocal\/wp-json\/wp\/v2\/posts\/988\/revisions"}],"wp:featuredmedia":[{"embeddable":true,"href":"https:\/\/diarieducacio.cat\/educaciolocal\/wp-json\/wp\/v2\/media\/989"}],"wp:attachment":[{"href":"https:\/\/diarieducacio.cat\/educaciolocal\/wp-json\/wp\/v2\/media?parent=988"}],"wp:term":[{"taxonomy":"category","embeddable":true,"href":"https:\/\/diarieducacio.cat\/educaciolocal\/wp-json\/wp\/v2\/categories?post=988"},{"taxonomy":"post_tag","embeddable":true,"href":"https:\/\/diarieducacio.cat\/educaciolocal\/wp-json\/wp\/v2\/tags?post=988"},{"taxonomy":"tipo","embeddable":true,"href":"https:\/\/diarieducacio.cat\/educaciolocal\/wp-json\/wp\/v2\/tipo?post=988"}],"curies":[{"name":"wp","href":"https:\/\/api.w.org\/{rel}","templated":true}]}}