{"id":174,"date":"2021-05-30T23:50:39","date_gmt":"2021-05-30T21:50:39","guid":{"rendered":"https:\/\/diarieducacio.cat\/espiral\/?p=174"},"modified":"2024-05-13T17:31:18","modified_gmt":"2024-05-13T15:31:18","slug":"ser-profe-una-professio-delit","status":"publish","type":"post","link":"https:\/\/diarieducacio.cat\/espiral\/2021\/05\/30\/ser-profe-una-professio-delit\/","title":{"rendered":"Ser profe, una professi\u00f3 d\u2019elit"},"content":{"rendered":"<h6 style=\"text-align: right\"><em>Tres cosas hacen a la persona discreta: letras, camino y experiencia. <\/em><\/h6>\n<h6 style=\"text-align: right\"><strong>Miguel de Cervantes<\/strong><\/h6>\n<p>&nbsp;<\/p>\n<p>Un cervell adult cont\u00e9 uns 86.000 milions de neurones, cadascuna de les quals connecta amb uns altres milers; aix\u00f2 suposa unes 100.000.000.000 connexions sin\u00e0ptiques; amb un pes de 1.400-1.500 grams i un consum de glucosa i oxigen del 20-25%, el cervell hum\u00e0 segueix sent un dels grans misteris sense resoldre. El nostre cervell \u00e9s \u00fanic, pl\u00e0stic i social. Com afirma Bego\u00f1a Ibarrola (2013; p.64), \u201cel cervell est\u00e0 cont\u00ednuament aprenent coses, per tant, est\u00e0 constantment recablejant-se\u201d.<\/p>\n<p>M\u00faltiples investigacions han concl\u00f2s que quan l\u2019alumnat t\u00e9 un rol protagonista, actiu i experiencial, l\u2019aprenentatge \u00e9s m\u00e9s significatiu, contextualitzat, transferible i durador. Existeixen propostes com l\u2019aprenentatge basat en projectes, gamificaci\u00f3, <em>mindfulness<\/em>, i moltes altres. I tot aix\u00f2 s\u2019ha de contextualitzar i hibridar (figura 1) dins d\u2019una irrupci\u00f3 accelerada i globalitzada de les tecnologies de la informaci\u00f3, l\u2019aprenentatge i el coneixement, e<em>-learning<\/em>, rob\u00f2tica, intel\u00b7lig\u00e8ncia artificial\u2026 que estan transformant la nostra manera de viure, d\u2019aprendre, d\u2019educar i de ser. H\u00e9ctor Ruiz (2020) afirma que: \u201cSi alguna cosa ens ha ensenyat la investigaci\u00f3 educativa \u00e9s que no hi ha una recepta infalible. Cap m\u00e8tode educatiu \u00e9s efectiu sempre, ni per a tots els estudiants, ni per a tots els prop\u00f2sits, ni per a tots els contextos\u201d (p.11).<\/p>\n<p><strong style=\"font-family: var(--data-headings-font-family);font-size: 1.75rem\">Les 4 ces del futur<\/strong><\/p>\n<p>Harari (2018) al\u00b7ludeix a les 4 ces que molts pedagogs consideren claus necess\u00e0ries per a ensenyar i experimentar a les nostres escoles:<\/p>\n<p><em>1\u00aa C de Creativitat.<\/em> Neurocient\u00edficament, la creativitat s\u2019ubica a l\u2019hemisferi dret, que t\u00e9 m\u00e9s connexions intra i interhemisf\u00e8riques i amb m\u00e9s vincles amb l\u2019am\u00edgdala i regions subcorticals, tot i que l\u2019estat cerebral creatiu respon a una xarxa de connexions molt \u00e0mplia en la qual participa tot el cervell conjuntament (Goleman, 2016).<\/p>\n<p><em>2\u00aa C de Col\u00b7laboraci\u00f3.<\/em> El nostre cervell \u00e9s eminentment social. Aprenem amb l\u2019exemple, amb la imitaci\u00f3, amb l\u2019observaci\u00f3, amb les neurones mirall presents als l\u00f2buls frontals i parietals (Rizzolatti y Sinigaglia, 2006).<\/p>\n<p><em>3\u00aa C de Comunicaci\u00f3. <\/em>Comunicar \u00e9s guanyar i \u00e9s per suposat una part formativa primordial en tot docent que ha de facilitar i estimular en el seu alumnat. Ja no nom\u00e9s el qu\u00e8, sin\u00f3 tamb\u00e9 el com, i quins s\u00f3n els secrets de la comunicaci\u00f3? (figura 2).<\/p>\n<figure id=\"attachment_177\" aria-describedby=\"caption-attachment-177\" style=\"width: 938px\" class=\"wp-caption aligncenter\"><img fetchpriority=\"high\" decoding=\"async\" class=\"wp-image-177 size-full\" src=\"https:\/\/nostalgic-ishizaka.82-223-1-47.plesk.page\/espiral\/wp-content\/uploads\/sites\/30\/2021\/05\/Figura-2.jpg\" alt=\"\" width=\"938\" height=\"518\" srcset=\"https:\/\/diarieducacio.cat\/espiral\/wp-content\/uploads\/sites\/30\/2021\/05\/Figura-2.jpg 938w, https:\/\/diarieducacio.cat\/espiral\/wp-content\/uploads\/sites\/30\/2021\/05\/Figura-2-300x166.jpg 300w, https:\/\/diarieducacio.cat\/espiral\/wp-content\/uploads\/sites\/30\/2021\/05\/Figura-2-768x424.jpg 768w, https:\/\/diarieducacio.cat\/espiral\/wp-content\/uploads\/sites\/30\/2021\/05\/Figura-2-150x83.jpg 150w, https:\/\/diarieducacio.cat\/espiral\/wp-content\/uploads\/sites\/30\/2021\/05\/Figura-2-450x249.jpg 450w\" sizes=\"(max-width: 938px) 100vw, 938px\" \/><figcaption id=\"caption-attachment-177\" class=\"wp-caption-text\">Figura 2. \u00bfC\u00f3mo comunicar para emocionar a tu alumnado? (elaboraci\u00f3n propia).<\/figcaption><\/figure>\n<p>&nbsp;<\/p>\n<p><em>4\u00aa C de Pensament Cr\u00edtic. <\/em>La societat hiperactiva, instant\u00e0nia, immediata, gasosa, del cansament\u2026 en la qual estem immersos en l\u2019actualitat, requereix d\u2019un art fonamental per a pensar, decidir i actuar de manera cr\u00edtica, reflexiva i metacognitiva. \u201cSaber portar la contr\u00e0ria [&#8230;] fins i tot en l\u2019educaci\u00f3 \u00e9s \u00fatil: l\u2019estudiant que contradiu el mestre aconsegueix que aquest sigui m\u00e9s prec\u00eds, fonamentat i profund. Una moderada oposici\u00f3 dona lloc a una complida ensenyan\u00e7a\u201d (Graci\u00e1n, 2015, p. 156).<strong>\u00a0<\/strong><\/p>\n<h3><strong>A tall de conclusi\u00f3. Sigues memorable!<\/strong><\/h3>\n<p>En el meravell\u00f3s article titulat <em>Hacia una aproximaci\u00f3n de las caracter\u00edsticas del buen docente, <\/em>el doctor Mauro S\u00e1nchez (2020) destaca les creences i els coneixements; les compet\u00e8ncies pedag\u00f2giques; les compet\u00e8ncies socioemocionals i el benestar emocional; i el lideratge transformacional. I l\u2019epicentre i la pedra angular de tot aquest proc\u00e9s \u00e9s, inq\u00fcestionablement, l\u2019alumnat. Per aix\u00f2 hem de crear, com Jes\u00fas Guill\u00e9n titula el seu post, <em>sinergies per a la millora educativa<\/em>. Per tot aix\u00f2 i molt m\u00e9s, ser profe \u00e9s i hauria de ser una professi\u00f3 d\u2019elit perqu\u00e8, si l\u2019educaci\u00f3 cont\u00e9 un tresor, indefectiblement, els profes i les profes, com afirma el doctor Mora, \u201csom la joia de la corona\u201d.<\/p>\n<hr \/>\n<h5><strong>Refer\u00e8ncies bibliogr\u00e0fiques<\/strong><\/h5>\n<p>Ardoy, D.N., Collado, J.\u00c1. y Pellicer, I. (2020). Modelos Pedag\u00f3gicos en Educaci\u00f3n F\u00edsica. Publicaci\u00f3n independiente.<\/p>\n<p>Goleman, D. (2016). <em>El cerebro y la inteligencia emocional: nuevos descubrimientos.<\/em> Barcelona: B de Bolsillo.<\/p>\n<p>Graci\u00e1n, B. (2015). <em>El arte de la prudencia.<\/em> Barcelona: Temas de Hoy.<\/p>\n<p>Harari, Y.N. (2018). <em>21 lessons for the 21 century.<\/em> London: Penguin Random House.<\/p>\n<p>Ibarrola, B. (2013). <em>Aprendizaje emocionante: neurociencia para el aula. <\/em>Madrid: Ediciones SM.<\/p>\n<p>Rizzolatti, G. y Sinigaglia, C. (2006). <em>Las neuronas espejo: los mecanismos de la empat\u00eda emocional. <\/em>Barcelona: Paid\u00f3s Ib\u00e9rica.<\/p>\n<p>Ruiz, H. (2020). <em>\u00bfC\u00f3mo aprendemos? Una aproximaci\u00f3n cient\u00edfica al aprendizaje y la ense\u00f1anza.<\/em> Barcelona: Gra\u00f3.<\/p>\n<p>S\u00e1nchez, M. (2020). Hacia una aproximaci\u00f3n de las caracter\u00edsticas del buen docente. <em>Direcci\u00f3n y Liderazgo Educativo<\/em>, n\u00ba 7. Recuperado de <a href=\"https:\/\/www.dyle.es\/hacia-una-aproximacion-de-las-caracteristicas-del-buen-docente\/\">https:\/\/www.dyle.es\/hacia-una-aproximacion-de-las-caracteristicas-del-buen-docente\/<\/a><strong>\u00a0<\/strong><\/p>\n","protected":false},"excerpt":{"rendered":"<p>Tres cosas hacen a la persona discreta: letras, camino y experiencia. Miguel de Cervantes &nbsp; Un cervell adult cont\u00e9 uns 86.000 milions de neurones, cadascuna de les quals connecta amb uns altres milers; aix\u00f2 suposa unes 100.000.000.000 connexions sin\u00e0ptiques; amb un pes de 1.400-1.500 grams i un consum de glucosa i oxigen del 20-25%, el<\/p>\n","protected":false},"author":508,"featured_media":176,"comment_status":"open","ping_status":"closed","sticky":false,"template":"","format":"standard","meta":{"footnotes":""},"categories":[2],"tags":[],"tipo":[143],"class_list":{"0":"post-174","1":"post","2":"type-post","3":"status-publish","4":"format-standard","5":"has-post-thumbnail","7":"category-general","8":"tipo-opinio"},"yoast_head":"<!-- This site is optimized with the Yoast SEO plugin v27.5 - https:\/\/yoast.com\/product\/yoast-seo-wordpress\/ -->\n<title>Ser profe, una professi\u00f3 d\u2019elit - Espiral, educaci\u00f3n y tecnolog\u00eda<\/title>\n<meta name=\"robots\" content=\"index, follow, max-snippet:-1, max-image-preview:large, max-video-preview:-1\" \/>\n<link rel=\"canonical\" href=\"https:\/\/diarieducacio.cat\/espiral\/2021\/05\/30\/ser-profe-una-professio-delit\/\" \/>\n<meta property=\"og:locale\" content=\"ca_ES\" \/>\n<meta property=\"og:type\" content=\"article\" \/>\n<meta property=\"og:title\" content=\"Ser profe, una professi\u00f3 d\u2019elit - Espiral, educaci\u00f3n y tecnolog\u00eda\" \/>\n<meta property=\"og:description\" content=\"Tres cosas hacen a la persona discreta: letras, camino y experiencia. Miguel de Cervantes &nbsp; Un cervell adult cont\u00e9 uns 86.000 milions de neurones, cadascuna de les quals connecta amb uns altres milers; aix\u00f2 suposa unes 100.000.000.000 connexions sin\u00e0ptiques; amb un pes de 1.400-1.500 grams i un consum de glucosa i oxigen del 20-25%, el\" \/>\n<meta property=\"og:url\" content=\"https:\/\/diarieducacio.cat\/espiral\/2021\/05\/30\/ser-profe-una-professio-delit\/\" \/>\n<meta property=\"og:site_name\" content=\"Espiral, educaci\u00f3n y tecnolog\u00eda\" \/>\n<meta property=\"article:publisher\" content=\"https:\/\/www.facebook.com\/diarieducacio\/\" \/>\n<meta property=\"article:published_time\" content=\"2021-05-30T21:50:39+00:00\" \/>\n<meta property=\"article:modified_time\" content=\"2024-05-13T15:31:18+00:00\" \/>\n<meta property=\"og:image\" content=\"https:\/\/diarieducacio.cat\/espiral\/wp-content\/uploads\/sites\/30\/2021\/05\/Figura-1.jpg\" \/>\n\t<meta property=\"og:image:width\" content=\"745\" \/>\n\t<meta property=\"og:image:height\" content=\"559\" \/>\n\t<meta property=\"og:image:type\" content=\"image\/jpeg\" \/>\n<meta name=\"author\" content=\"Juan \u00c1ngel Collado\" \/>\n<meta name=\"twitter:card\" content=\"summary_large_image\" \/>\n<meta name=\"twitter:creator\" content=\"@DiariEducacio\" \/>\n<meta name=\"twitter:site\" content=\"@DiariEducacio\" \/>\n<meta name=\"twitter:label1\" content=\"Escrit per\" \/>\n\t<meta name=\"twitter:data1\" content=\"Juan \u00c1ngel Collado\" \/>\n\t<meta name=\"twitter:label2\" content=\"Temps estimat de lectura\" \/>\n\t<meta name=\"twitter:data2\" content=\"4 minuts\" \/>\n<script type=\"application\/ld+json\" class=\"yoast-schema-graph\">{\"@context\":\"https:\\\/\\\/schema.org\",\"@graph\":[{\"@type\":\"Article\",\"@id\":\"https:\\\/\\\/diarieducacio.cat\\\/espiral\\\/2021\\\/05\\\/30\\\/ser-profe-una-professio-delit\\\/#article\",\"isPartOf\":{\"@id\":\"https:\\\/\\\/diarieducacio.cat\\\/espiral\\\/2021\\\/05\\\/30\\\/ser-profe-una-professio-delit\\\/\"},\"author\":{\"name\":\"Juan \u00c1ngel Collado\",\"@id\":\"https:\\\/\\\/diarieducacio.cat\\\/espiral\\\/#\\\/schema\\\/person\\\/745875ca89f3dc8108307b1be39468f6\"},\"headline\":\"Ser profe, una professi\u00f3 d\u2019elit\",\"datePublished\":\"2021-05-30T21:50:39+00:00\",\"dateModified\":\"2024-05-13T15:31:18+00:00\",\"mainEntityOfPage\":{\"@id\":\"https:\\\/\\\/diarieducacio.cat\\\/espiral\\\/2021\\\/05\\\/30\\\/ser-profe-una-professio-delit\\\/\"},\"wordCount\":770,\"commentCount\":0,\"image\":{\"@id\":\"https:\\\/\\\/diarieducacio.cat\\\/espiral\\\/2021\\\/05\\\/30\\\/ser-profe-una-professio-delit\\\/#primaryimage\"},\"thumbnailUrl\":\"https:\\\/\\\/diarieducacio.cat\\\/espiral\\\/wp-content\\\/uploads\\\/sites\\\/30\\\/2021\\\/05\\\/Figura-1.jpg\",\"articleSection\":[\"General\"],\"inLanguage\":\"ca\",\"potentialAction\":[{\"@type\":\"CommentAction\",\"name\":\"Comment\",\"target\":[\"https:\\\/\\\/diarieducacio.cat\\\/espiral\\\/2021\\\/05\\\/30\\\/ser-profe-una-professio-delit\\\/#respond\"]}]},{\"@type\":\"WebPage\",\"@id\":\"https:\\\/\\\/diarieducacio.cat\\\/espiral\\\/2021\\\/05\\\/30\\\/ser-profe-una-professio-delit\\\/\",\"url\":\"https:\\\/\\\/diarieducacio.cat\\\/espiral\\\/2021\\\/05\\\/30\\\/ser-profe-una-professio-delit\\\/\",\"name\":\"Ser profe, una professi\u00f3 d\u2019elit - Espiral, educaci\u00f3n y tecnolog\u00eda\",\"isPartOf\":{\"@id\":\"https:\\\/\\\/diarieducacio.cat\\\/espiral\\\/#website\"},\"primaryImageOfPage\":{\"@id\":\"https:\\\/\\\/diarieducacio.cat\\\/espiral\\\/2021\\\/05\\\/30\\\/ser-profe-una-professio-delit\\\/#primaryimage\"},\"image\":{\"@id\":\"https:\\\/\\\/diarieducacio.cat\\\/espiral\\\/2021\\\/05\\\/30\\\/ser-profe-una-professio-delit\\\/#primaryimage\"},\"thumbnailUrl\":\"https:\\\/\\\/diarieducacio.cat\\\/espiral\\\/wp-content\\\/uploads\\\/sites\\\/30\\\/2021\\\/05\\\/Figura-1.jpg\",\"datePublished\":\"2021-05-30T21:50:39+00:00\",\"dateModified\":\"2024-05-13T15:31:18+00:00\",\"author\":{\"@id\":\"https:\\\/\\\/diarieducacio.cat\\\/espiral\\\/#\\\/schema\\\/person\\\/745875ca89f3dc8108307b1be39468f6\"},\"breadcrumb\":{\"@id\":\"https:\\\/\\\/diarieducacio.cat\\\/espiral\\\/2021\\\/05\\\/30\\\/ser-profe-una-professio-delit\\\/#breadcrumb\"},\"inLanguage\":\"ca\",\"potentialAction\":[{\"@type\":\"ReadAction\",\"target\":[\"https:\\\/\\\/diarieducacio.cat\\\/espiral\\\/2021\\\/05\\\/30\\\/ser-profe-una-professio-delit\\\/\"]}]},{\"@type\":\"ImageObject\",\"inLanguage\":\"ca\",\"@id\":\"https:\\\/\\\/diarieducacio.cat\\\/espiral\\\/2021\\\/05\\\/30\\\/ser-profe-una-professio-delit\\\/#primaryimage\",\"url\":\"https:\\\/\\\/diarieducacio.cat\\\/espiral\\\/wp-content\\\/uploads\\\/sites\\\/30\\\/2021\\\/05\\\/Figura-1.jpg\",\"contentUrl\":\"https:\\\/\\\/diarieducacio.cat\\\/espiral\\\/wp-content\\\/uploads\\\/sites\\\/30\\\/2021\\\/05\\\/Figura-1.jpg\",\"width\":745,\"height\":559,\"caption\":\"Figura 1. Hibridaci\u00f3n de modelos pedag\u00f3gicos y metodolog\u00edas activas (Ardoy, Collado y Pellicer, 2020).\"},{\"@type\":\"BreadcrumbList\",\"@id\":\"https:\\\/\\\/diarieducacio.cat\\\/espiral\\\/2021\\\/05\\\/30\\\/ser-profe-una-professio-delit\\\/#breadcrumb\",\"itemListElement\":[{\"@type\":\"ListItem\",\"position\":1,\"name\":\"Inici\",\"item\":\"https:\\\/\\\/diarieducacio.cat\\\/espiral\\\/\"},{\"@type\":\"ListItem\",\"position\":2,\"name\":\"Ser profe, una professi\u00f3 d\u2019elit\"}]},{\"@type\":\"WebSite\",\"@id\":\"https:\\\/\\\/diarieducacio.cat\\\/espiral\\\/#website\",\"url\":\"https:\\\/\\\/diarieducacio.cat\\\/espiral\\\/\",\"name\":\"Espiral, educaci\u00f3n y tecnolog\u00eda\",\"description\":\"Un blog de El Diari de l&#039;Educaci\u00f3\",\"potentialAction\":[{\"@type\":\"SearchAction\",\"target\":{\"@type\":\"EntryPoint\",\"urlTemplate\":\"https:\\\/\\\/diarieducacio.cat\\\/espiral\\\/?s={search_term_string}\"},\"query-input\":{\"@type\":\"PropertyValueSpecification\",\"valueRequired\":true,\"valueName\":\"search_term_string\"}}],\"inLanguage\":\"ca\"},{\"@type\":\"Person\",\"@id\":\"https:\\\/\\\/diarieducacio.cat\\\/espiral\\\/#\\\/schema\\\/person\\\/745875ca89f3dc8108307b1be39468f6\",\"name\":\"Juan \u00c1ngel Collado\",\"image\":{\"@type\":\"ImageObject\",\"inLanguage\":\"ca\",\"@id\":\"https:\\\/\\\/secure.gravatar.com\\\/avatar\\\/3c970b305d4c108cb5b34c4ab7920314d9c7f4869aace76d5029233acc5eacb1?s=96&d=mm&r=g\",\"url\":\"https:\\\/\\\/secure.gravatar.com\\\/avatar\\\/3c970b305d4c108cb5b34c4ab7920314d9c7f4869aace76d5029233acc5eacb1?s=96&d=mm&r=g\",\"contentUrl\":\"https:\\\/\\\/secure.gravatar.com\\\/avatar\\\/3c970b305d4c108cb5b34c4ab7920314d9c7f4869aace76d5029233acc5eacb1?s=96&d=mm&r=g\",\"caption\":\"Juan \u00c1ngel Collado\"},\"url\":\"https:\\\/\\\/diarieducacio.cat\\\/espiral\\\/author\\\/jacollado\\\/\"}]}<\/script>\n<!-- \/ Yoast SEO plugin. -->","yoast_head_json":{"title":"Ser profe, una professi\u00f3 d\u2019elit - Espiral, educaci\u00f3n y tecnolog\u00eda","robots":{"index":"index","follow":"follow","max-snippet":"max-snippet:-1","max-image-preview":"max-image-preview:large","max-video-preview":"max-video-preview:-1"},"canonical":"https:\/\/diarieducacio.cat\/espiral\/2021\/05\/30\/ser-profe-una-professio-delit\/","og_locale":"ca_ES","og_type":"article","og_title":"Ser profe, una professi\u00f3 d\u2019elit - Espiral, educaci\u00f3n y tecnolog\u00eda","og_description":"Tres cosas hacen a la persona discreta: letras, camino y experiencia. Miguel de Cervantes &nbsp; Un cervell adult cont\u00e9 uns 86.000 milions de neurones, cadascuna de les quals connecta amb uns altres milers; aix\u00f2 suposa unes 100.000.000.000 connexions sin\u00e0ptiques; amb un pes de 1.400-1.500 grams i un consum de glucosa i oxigen del 20-25%, el","og_url":"https:\/\/diarieducacio.cat\/espiral\/2021\/05\/30\/ser-profe-una-professio-delit\/","og_site_name":"Espiral, educaci\u00f3n y tecnolog\u00eda","article_publisher":"https:\/\/www.facebook.com\/diarieducacio\/","article_published_time":"2021-05-30T21:50:39+00:00","article_modified_time":"2024-05-13T15:31:18+00:00","og_image":[{"width":745,"height":559,"url":"https:\/\/diarieducacio.cat\/espiral\/wp-content\/uploads\/sites\/30\/2021\/05\/Figura-1.jpg","type":"image\/jpeg"}],"author":"Juan \u00c1ngel Collado","twitter_card":"summary_large_image","twitter_creator":"@DiariEducacio","twitter_site":"@DiariEducacio","twitter_misc":{"Escrit per":"Juan \u00c1ngel Collado","Temps estimat de lectura":"4 minuts"},"schema":{"@context":"https:\/\/schema.org","@graph":[{"@type":"Article","@id":"https:\/\/diarieducacio.cat\/espiral\/2021\/05\/30\/ser-profe-una-professio-delit\/#article","isPartOf":{"@id":"https:\/\/diarieducacio.cat\/espiral\/2021\/05\/30\/ser-profe-una-professio-delit\/"},"author":{"name":"Juan \u00c1ngel Collado","@id":"https:\/\/diarieducacio.cat\/espiral\/#\/schema\/person\/745875ca89f3dc8108307b1be39468f6"},"headline":"Ser profe, una professi\u00f3 d\u2019elit","datePublished":"2021-05-30T21:50:39+00:00","dateModified":"2024-05-13T15:31:18+00:00","mainEntityOfPage":{"@id":"https:\/\/diarieducacio.cat\/espiral\/2021\/05\/30\/ser-profe-una-professio-delit\/"},"wordCount":770,"commentCount":0,"image":{"@id":"https:\/\/diarieducacio.cat\/espiral\/2021\/05\/30\/ser-profe-una-professio-delit\/#primaryimage"},"thumbnailUrl":"https:\/\/diarieducacio.cat\/espiral\/wp-content\/uploads\/sites\/30\/2021\/05\/Figura-1.jpg","articleSection":["General"],"inLanguage":"ca","potentialAction":[{"@type":"CommentAction","name":"Comment","target":["https:\/\/diarieducacio.cat\/espiral\/2021\/05\/30\/ser-profe-una-professio-delit\/#respond"]}]},{"@type":"WebPage","@id":"https:\/\/diarieducacio.cat\/espiral\/2021\/05\/30\/ser-profe-una-professio-delit\/","url":"https:\/\/diarieducacio.cat\/espiral\/2021\/05\/30\/ser-profe-una-professio-delit\/","name":"Ser profe, una professi\u00f3 d\u2019elit - Espiral, educaci\u00f3n y tecnolog\u00eda","isPartOf":{"@id":"https:\/\/diarieducacio.cat\/espiral\/#website"},"primaryImageOfPage":{"@id":"https:\/\/diarieducacio.cat\/espiral\/2021\/05\/30\/ser-profe-una-professio-delit\/#primaryimage"},"image":{"@id":"https:\/\/diarieducacio.cat\/espiral\/2021\/05\/30\/ser-profe-una-professio-delit\/#primaryimage"},"thumbnailUrl":"https:\/\/diarieducacio.cat\/espiral\/wp-content\/uploads\/sites\/30\/2021\/05\/Figura-1.jpg","datePublished":"2021-05-30T21:50:39+00:00","dateModified":"2024-05-13T15:31:18+00:00","author":{"@id":"https:\/\/diarieducacio.cat\/espiral\/#\/schema\/person\/745875ca89f3dc8108307b1be39468f6"},"breadcrumb":{"@id":"https:\/\/diarieducacio.cat\/espiral\/2021\/05\/30\/ser-profe-una-professio-delit\/#breadcrumb"},"inLanguage":"ca","potentialAction":[{"@type":"ReadAction","target":["https:\/\/diarieducacio.cat\/espiral\/2021\/05\/30\/ser-profe-una-professio-delit\/"]}]},{"@type":"ImageObject","inLanguage":"ca","@id":"https:\/\/diarieducacio.cat\/espiral\/2021\/05\/30\/ser-profe-una-professio-delit\/#primaryimage","url":"https:\/\/diarieducacio.cat\/espiral\/wp-content\/uploads\/sites\/30\/2021\/05\/Figura-1.jpg","contentUrl":"https:\/\/diarieducacio.cat\/espiral\/wp-content\/uploads\/sites\/30\/2021\/05\/Figura-1.jpg","width":745,"height":559,"caption":"Figura 1. Hibridaci\u00f3n de modelos pedag\u00f3gicos y metodolog\u00edas activas (Ardoy, Collado y Pellicer, 2020)."},{"@type":"BreadcrumbList","@id":"https:\/\/diarieducacio.cat\/espiral\/2021\/05\/30\/ser-profe-una-professio-delit\/#breadcrumb","itemListElement":[{"@type":"ListItem","position":1,"name":"Inici","item":"https:\/\/diarieducacio.cat\/espiral\/"},{"@type":"ListItem","position":2,"name":"Ser profe, una professi\u00f3 d\u2019elit"}]},{"@type":"WebSite","@id":"https:\/\/diarieducacio.cat\/espiral\/#website","url":"https:\/\/diarieducacio.cat\/espiral\/","name":"Espiral, educaci\u00f3n y tecnolog\u00eda","description":"Un blog de El Diari de l&#039;Educaci\u00f3","potentialAction":[{"@type":"SearchAction","target":{"@type":"EntryPoint","urlTemplate":"https:\/\/diarieducacio.cat\/espiral\/?s={search_term_string}"},"query-input":{"@type":"PropertyValueSpecification","valueRequired":true,"valueName":"search_term_string"}}],"inLanguage":"ca"},{"@type":"Person","@id":"https:\/\/diarieducacio.cat\/espiral\/#\/schema\/person\/745875ca89f3dc8108307b1be39468f6","name":"Juan \u00c1ngel Collado","image":{"@type":"ImageObject","inLanguage":"ca","@id":"https:\/\/secure.gravatar.com\/avatar\/3c970b305d4c108cb5b34c4ab7920314d9c7f4869aace76d5029233acc5eacb1?s=96&d=mm&r=g","url":"https:\/\/secure.gravatar.com\/avatar\/3c970b305d4c108cb5b34c4ab7920314d9c7f4869aace76d5029233acc5eacb1?s=96&d=mm&r=g","contentUrl":"https:\/\/secure.gravatar.com\/avatar\/3c970b305d4c108cb5b34c4ab7920314d9c7f4869aace76d5029233acc5eacb1?s=96&d=mm&r=g","caption":"Juan \u00c1ngel Collado"},"url":"https:\/\/diarieducacio.cat\/espiral\/author\/jacollado\/"}]}},"_links":{"self":[{"href":"https:\/\/diarieducacio.cat\/espiral\/wp-json\/wp\/v2\/posts\/174","targetHints":{"allow":["GET"]}}],"collection":[{"href":"https:\/\/diarieducacio.cat\/espiral\/wp-json\/wp\/v2\/posts"}],"about":[{"href":"https:\/\/diarieducacio.cat\/espiral\/wp-json\/wp\/v2\/types\/post"}],"author":[{"embeddable":true,"href":"https:\/\/diarieducacio.cat\/espiral\/wp-json\/wp\/v2\/users\/508"}],"replies":[{"embeddable":true,"href":"https:\/\/diarieducacio.cat\/espiral\/wp-json\/wp\/v2\/comments?post=174"}],"version-history":[{"count":1,"href":"https:\/\/diarieducacio.cat\/espiral\/wp-json\/wp\/v2\/posts\/174\/revisions"}],"predecessor-version":[{"id":1859,"href":"https:\/\/diarieducacio.cat\/espiral\/wp-json\/wp\/v2\/posts\/174\/revisions\/1859"}],"wp:featuredmedia":[{"embeddable":true,"href":"https:\/\/diarieducacio.cat\/espiral\/wp-json\/wp\/v2\/media\/176"}],"wp:attachment":[{"href":"https:\/\/diarieducacio.cat\/espiral\/wp-json\/wp\/v2\/media?parent=174"}],"wp:term":[{"taxonomy":"category","embeddable":true,"href":"https:\/\/diarieducacio.cat\/espiral\/wp-json\/wp\/v2\/categories?post=174"},{"taxonomy":"post_tag","embeddable":true,"href":"https:\/\/diarieducacio.cat\/espiral\/wp-json\/wp\/v2\/tags?post=174"},{"taxonomy":"tipo","embeddable":true,"href":"https:\/\/diarieducacio.cat\/espiral\/wp-json\/wp\/v2\/tipo?post=174"}],"curies":[{"name":"wp","href":"https:\/\/api.w.org\/{rel}","templated":true}]}}