{"id":18,"date":"2019-11-07T18:27:23","date_gmt":"2019-11-07T16:27:23","guid":{"rendered":"https:\/\/diarieducacio.cat\/espiral\/?p=18"},"modified":"2024-05-13T17:31:18","modified_gmt":"2024-05-13T15:31:18","slug":"una-nova-cultura-davaluacio","status":"publish","type":"post","link":"https:\/\/diarieducacio.cat\/espiral\/2019\/11\/07\/una-nova-cultura-davaluacio\/","title":{"rendered":"Una nova cultura d\u2019avaluaci\u00f3"},"content":{"rendered":"<p><img fetchpriority=\"high\" decoding=\"async\" class=\"wp-image-24 size-full aligncenter\" src=\"https:\/\/nostalgic-ishizaka.82-223-1-47.plesk.page\/espiral\/wp-content\/uploads\/sites\/30\/2019\/11\/2016-05-30-15.15.12-1.jpg\" alt=\"\" width=\"960\" height=\"720\" \/><\/p>\n<p>&nbsp;<\/p>\n<blockquote><p><strong><i>L&#8217;avaluaci\u00f3 ha de ser gratificant i per tant, gaudida per l&#8217;alumne com un aspect positiu i necessari\u00a0 per desenvolupar-se. L&#8217;errada, per tant, cal entendra-la com una forma natural d&#8217;aprendre i que porta a la millora ( Sanmart\u00ed, 2007)<\/i><\/strong><\/p><\/blockquote>\n<p><span style=\"font-weight: 400\">Quan escoltem la paraula avaluar, directament ens venen al cap paraules que relacionem quotidianament amb aquest terme: qualificaci\u00f3, ex\u00e0mens, correccions&#8230; fins i tot paraules relacionades amb la millora educativa: revisi\u00f3 de la pr\u00e0ctica docent, ajustar procediments i\/o programacions; aix\u00ed com paraules relacionades amb proves estandarditzades: PISA, proves censals, grau de domini de les compet\u00e8ncies b\u00e0siques&#8230;<\/span><\/p>\n<p><span style=\"font-weight: 400\">Per tant, som conscients que la paraula avaluaci\u00f3 no \u00e9s una paraula &#8220;atractiva&#8221; per a un article. No obstant aix\u00f2 nosaltres, Gemma Grau i Ana Municio, psicpedagogues, facilitadores de la transformaci\u00f3 educativa i professores de prim\u00e0ria, volem contribuir a un canvi en la mirada de l&#8217;avaluaci\u00f3, des de la convicci\u00f3 que aquest canvi \u00e9s una fita necess\u00e0ria i important per a la transformaci\u00f3 educativa que estem vivint. En el sistema educatiu s&#8217;est\u00e0 donant un canvi metodol\u00f2gic que aposta per l&#8217;aprenentatge actiu dels alumnes, en aquest canvi de paradigma, es fa necessari un canvi avaluatiu que l&#8217;acompanyi i que sigui coherent amb el proc\u00e9s d&#8217;ensenyament-aprenentatge que s&#8217;est\u00e0 donant a les aules.<\/span><\/p>\n<p><span style=\"font-weight: 400\">Amb aquesta finalitat, presentem un taller, el proper 5 de novembre <\/span><a href=\"https:\/\/www.ciberespiral.org\/es\/blogs-2\/formacion-y-eventos\/585-simo-educacion-2019\"><span style=\"font-weight: 400\">al SIMO Educaci\u00f3 2019<\/span><\/a><span style=\"font-weight: 400\">, que centra la seva mirada en l&#8217;avaluaci\u00f3 com a element important del proc\u00e9s d&#8217;aprenentatge. Un taller que pret\u00e9n generar una reflexi\u00f3 sobre l&#8217;avaluaci\u00f3 i la import\u00e0ncia de la seva evoluci\u00f3 per adequar-se al canvi metodol\u00f2gic que afavoreix l&#8217;aprenentatge basat en compet\u00e8ncies que promou el curr\u00edculum oficial espanyol.<\/span><\/p>\n<p><span style=\"font-weight: 400\">M\u00e9s enll\u00e0 del concepte d&#8217;avaluaci\u00f3 orientada a constatar i certificar els nivells de coneixements (avaluaci\u00f3 de l&#8217;aprenentatge), amb finalitats qualificadores i selectives, volem destacar altres moments avaluatius amb diferents finalitats i protagonistes, que poden afavorir el desenvolupament dels alumnes a trav\u00e9s del foment de l&#8217;autoregulaci\u00f3 del seu propi aprenentatge, la millora del rol docent des d&#8217;un paper de facilitador i acompanyant en el proc\u00e9s d&#8217;ensenyament-aprenentatge i un canvi en la mirada de la necessitat d&#8217;avaluar i del paper de l&#8217;error en l&#8217;aprenentatge (avaluaci\u00f3 per a l&#8217;aprenentatge).<\/span><\/p>\n<p><span style=\"font-weight: 400\">L&#8217;avaluaci\u00f3 des d&#8217;aquest paradigma, l&#8217;avaluaci\u00f3 formadora, no estar\u00e0 nom\u00e9s en mans del docent, sin\u00f3 que cobren import\u00e0ncia processos pels quals el mateix alumne valora, reflexiona i analitza el seu propi aprenentatge, aix\u00ed com es donar\u00e0 valor a l&#8217;avaluaci\u00f3 rec\u00edproca entre iguals com un mitj\u00e0 de coregulaci\u00f3 del treball de l&#8217;alumnat.<\/span><\/p>\n<p><span style=\"font-weight: 400\">La principal finalitat de l&#8217;avaluaci\u00f3 a la qual al\u00b7ludim \u00e9s la d&#8217;afavorir la consci\u00e8ncia de l&#8217;alumne en el seu propi proc\u00e9s d&#8217;aprenentatge a trav\u00e9s de la reflexi\u00f3, detecci\u00f3 de necessitats, petici\u00f3 d&#8217;ajuda i millora de les tasques realitzades. En aquest sentit pretenem establir un espai de reflexi\u00f3 sobre quin tipus d&#8217;avaluaci\u00f3 volem que es doni a les nostres aules alhora que analitzem diferents eines (r\u00fabriques, checklist, escales de valoraci\u00f3, bases d&#8217;orientaci\u00f3, dossier d&#8217;aprenentatge, &#8230;) que ens poden ajudar, a alumnes i docents, a reflexionar sobre els aprenentatges adquirits i aquells sobre els quals cal seguir aprofundint.<\/span><\/p>\n<p><span style=\"font-weight: 400\">S\u00f3n molts els autors que posen en relleu la import\u00e0ncia del llenguatge utilitzat a l&#8217;hora de comunicar-se amb l&#8217;alumnat. Els missatges que se&#8217;ls dediquen han de ser curosos i respectuosos i, sempre, enfocats a la comprensi\u00f3 dels errors i, sobretot, dels encerts, d&#8217;aquesta manera fem evidents aquells processos que han portat a l&#8217;alumne a l&#8217;aprenentatge. No \u00e9s tasca f\u00e0cil ja que la nostra cultura avaluativa tradicionalment no \u00e9s aquesta, per\u00f2 hem de mostrar la m\u00e0xima confian\u00e7a en la capacitat d&#8217;aprenentatge dels nostres alumnes i, com a docents donar-los les m\u00e0ximes orientacions al llarg del seu proc\u00e9s de desenvolupament i aprenentatge, dotant-los d&#8217;estrat\u00e8gies que els serviran per a reflexionar al llarg de tota la seva vida en qualsevol situaci\u00f3 d&#8217;aprenentatge.<\/span><\/p>\n<p><span style=\"font-weight: 400\">Aix\u00ed doncs, creiem fermament en crear espais de regulaci\u00f3 a les aules en qu\u00e8 posem l&#8217;accent, en primer lloc, en els sentiments i experi\u00e8ncies dels alumnes i no tant en els continguts, espais que anticipin i planifiquin els moments de feedback per reflexionar sobre com apr\u00e8n un mateix i, finalment, espais en qu\u00e8 intervingui tota la comunitat educativa, \u00e9s a dir, llocs on qui faci evident l&#8217;aprenentatge sigui el docent, els mateixos companys i, per qu\u00e8 no, les fam\u00edlies.<\/span><\/p>\n<p><span style=\"font-weight: 400\">Des d&#8217;aquest punt de vista la nostra posici\u00f3 \u00e9s la de confiar en la capacitat d&#8217;aprenentatge del nostre alumnat, de cada un d&#8217;ells, al seu ritme, en el seu estil i en funci\u00f3 de les seves necessitats. Nom\u00e9s sota aquest clima l&#8217;alumnat acceptar\u00e0 el repte d&#8217;aprendre, s&#8217;esfor\u00e7ar\u00e0 per aconseguir les fites proposades, en l&#8217;\u00e0mbit escolar o no, mostrant una mentalitat de creixement aprenent dels errors, acceptant les cr\u00edtiques, fixant-se en els encerts dels companys, acceptant desafiaments, &#8230; sense que el punt de mira es posi en l&#8217;error perqu\u00e8 i sabent que poden aprendre d&#8217;ell i millorar el propi rendiment.<\/span><\/p>\n","protected":false},"excerpt":{"rendered":"<p>La principal finalitat de l&#8217;avaluaci\u00f3 a la qual al\u00b7ludim \u00e9s la d&#8217;afavorir la presa de consci\u00e8ncia de l&#8217;alumne en el seu propi proc\u00e9s d&#8217;aprenentatge a trav\u00e9s de la reflexi\u00f3, detecci\u00f3 de necessitats, petici\u00f3 d&#8217;ajuda i millora de les tasques realitzades.<\/p>\n","protected":false},"author":497,"featured_media":19,"comment_status":"open","ping_status":"closed","sticky":false,"template":"","format":"standard","meta":{"footnotes":""},"categories":[2],"tags":[96,97],"tipo":[],"class_list":{"0":"post-18","1":"post","2":"type-post","3":"status-publish","4":"format-standard","5":"has-post-thumbnail","7":"category-general","8":"tag-avaluacio-educacio","9":"tag-educacio"},"yoast_head":"<!-- This site is optimized with the Yoast SEO plugin v27.4 - https:\/\/yoast.com\/product\/yoast-seo-wordpress\/ -->\n<title>Una nova cultura d\u2019avaluaci\u00f3 - Espiral, educaci\u00f3n y tecnolog\u00eda<\/title>\n<meta name=\"robots\" content=\"index, follow, max-snippet:-1, max-image-preview:large, max-video-preview:-1\" \/>\n<link rel=\"canonical\" href=\"https:\/\/diarieducacio.cat\/espiral\/2019\/11\/07\/una-nova-cultura-davaluacio\/\" \/>\n<meta property=\"og:locale\" content=\"ca_ES\" \/>\n<meta property=\"og:type\" content=\"article\" \/>\n<meta property=\"og:title\" content=\"Una nova cultura d\u2019avaluaci\u00f3 - Espiral, educaci\u00f3n y tecnolog\u00eda\" \/>\n<meta property=\"og:description\" content=\"La principal finalitat de l&#039;avaluaci\u00f3 a la qual al\u00b7ludim \u00e9s la d&#039;afavorir la presa de consci\u00e8ncia de l&#039;alumne en el seu propi proc\u00e9s d&#039;aprenentatge a trav\u00e9s de la reflexi\u00f3, detecci\u00f3 de necessitats, petici\u00f3 d&#039;ajuda i millora de les tasques realitzades.\" \/>\n<meta property=\"og:url\" content=\"https:\/\/diarieducacio.cat\/espiral\/2019\/11\/07\/una-nova-cultura-davaluacio\/\" \/>\n<meta property=\"og:site_name\" content=\"Espiral, educaci\u00f3n y tecnolog\u00eda\" \/>\n<meta property=\"article:publisher\" content=\"https:\/\/www.facebook.com\/diarieducacio\/\" \/>\n<meta property=\"article:published_time\" content=\"2019-11-07T16:27:23+00:00\" \/>\n<meta property=\"article:modified_time\" content=\"2024-05-13T15:31:18+00:00\" \/>\n<meta property=\"og:image\" content=\"https:\/\/diarieducacio.cat\/espiral\/wp-content\/uploads\/sites\/30\/2019\/11\/2016-05-30-15.15.12.jpg\" \/>\n\t<meta property=\"og:image:width\" content=\"960\" \/>\n\t<meta property=\"og:image:height\" content=\"720\" \/>\n\t<meta property=\"og:image:type\" content=\"image\/jpeg\" \/>\n<meta name=\"author\" content=\"Ana Municio i Gemma Grau\" \/>\n<meta name=\"twitter:card\" content=\"summary_large_image\" \/>\n<meta name=\"twitter:creator\" content=\"@DiariEducacio\" \/>\n<meta name=\"twitter:site\" content=\"@DiariEducacio\" \/>\n<meta name=\"twitter:label1\" content=\"Escrit per\" \/>\n\t<meta name=\"twitter:data1\" content=\"Ana Municio i Gemma Grau\" \/>\n\t<meta name=\"twitter:label2\" content=\"Temps estimat de lectura\" \/>\n\t<meta name=\"twitter:data2\" content=\"4 minuts\" \/>\n<script type=\"application\/ld+json\" class=\"yoast-schema-graph\">{\"@context\":\"https:\\\/\\\/schema.org\",\"@graph\":[{\"@type\":\"Article\",\"@id\":\"https:\\\/\\\/diarieducacio.cat\\\/espiral\\\/2019\\\/11\\\/07\\\/una-nova-cultura-davaluacio\\\/#article\",\"isPartOf\":{\"@id\":\"https:\\\/\\\/diarieducacio.cat\\\/espiral\\\/2019\\\/11\\\/07\\\/una-nova-cultura-davaluacio\\\/\"},\"author\":{\"name\":\"Ana Municio i Gemma Grau\",\"@id\":\"https:\\\/\\\/diarieducacio.cat\\\/espiral\\\/#\\\/schema\\\/person\\\/512deabfb08aaa3f2639b7809c18de5b\"},\"headline\":\"Una nova cultura d\u2019avaluaci\u00f3\",\"datePublished\":\"2019-11-07T16:27:23+00:00\",\"dateModified\":\"2024-05-13T15:31:18+00:00\",\"mainEntityOfPage\":{\"@id\":\"https:\\\/\\\/diarieducacio.cat\\\/espiral\\\/2019\\\/11\\\/07\\\/una-nova-cultura-davaluacio\\\/\"},\"wordCount\":890,\"commentCount\":0,\"image\":{\"@id\":\"https:\\\/\\\/diarieducacio.cat\\\/espiral\\\/2019\\\/11\\\/07\\\/una-nova-cultura-davaluacio\\\/#primaryimage\"},\"thumbnailUrl\":\"https:\\\/\\\/diarieducacio.cat\\\/espiral\\\/wp-content\\\/uploads\\\/sites\\\/30\\\/2019\\\/11\\\/2016-05-30-15.15.12.jpg\",\"keywords\":[\"#avaluaci\u00f3 # educaci\u00f3\",\"#educaci\u00f3\"],\"articleSection\":[\"General\"],\"inLanguage\":\"ca\",\"potentialAction\":[{\"@type\":\"CommentAction\",\"name\":\"Comment\",\"target\":[\"https:\\\/\\\/diarieducacio.cat\\\/espiral\\\/2019\\\/11\\\/07\\\/una-nova-cultura-davaluacio\\\/#respond\"]}]},{\"@type\":\"WebPage\",\"@id\":\"https:\\\/\\\/diarieducacio.cat\\\/espiral\\\/2019\\\/11\\\/07\\\/una-nova-cultura-davaluacio\\\/\",\"url\":\"https:\\\/\\\/diarieducacio.cat\\\/espiral\\\/2019\\\/11\\\/07\\\/una-nova-cultura-davaluacio\\\/\",\"name\":\"Una nova cultura d\u2019avaluaci\u00f3 - Espiral, educaci\u00f3n y tecnolog\u00eda\",\"isPartOf\":{\"@id\":\"https:\\\/\\\/diarieducacio.cat\\\/espiral\\\/#website\"},\"primaryImageOfPage\":{\"@id\":\"https:\\\/\\\/diarieducacio.cat\\\/espiral\\\/2019\\\/11\\\/07\\\/una-nova-cultura-davaluacio\\\/#primaryimage\"},\"image\":{\"@id\":\"https:\\\/\\\/diarieducacio.cat\\\/espiral\\\/2019\\\/11\\\/07\\\/una-nova-cultura-davaluacio\\\/#primaryimage\"},\"thumbnailUrl\":\"https:\\\/\\\/diarieducacio.cat\\\/espiral\\\/wp-content\\\/uploads\\\/sites\\\/30\\\/2019\\\/11\\\/2016-05-30-15.15.12.jpg\",\"datePublished\":\"2019-11-07T16:27:23+00:00\",\"dateModified\":\"2024-05-13T15:31:18+00:00\",\"author\":{\"@id\":\"https:\\\/\\\/diarieducacio.cat\\\/espiral\\\/#\\\/schema\\\/person\\\/512deabfb08aaa3f2639b7809c18de5b\"},\"breadcrumb\":{\"@id\":\"https:\\\/\\\/diarieducacio.cat\\\/espiral\\\/2019\\\/11\\\/07\\\/una-nova-cultura-davaluacio\\\/#breadcrumb\"},\"inLanguage\":\"ca\",\"potentialAction\":[{\"@type\":\"ReadAction\",\"target\":[\"https:\\\/\\\/diarieducacio.cat\\\/espiral\\\/2019\\\/11\\\/07\\\/una-nova-cultura-davaluacio\\\/\"]}]},{\"@type\":\"ImageObject\",\"inLanguage\":\"ca\",\"@id\":\"https:\\\/\\\/diarieducacio.cat\\\/espiral\\\/2019\\\/11\\\/07\\\/una-nova-cultura-davaluacio\\\/#primaryimage\",\"url\":\"https:\\\/\\\/diarieducacio.cat\\\/espiral\\\/wp-content\\\/uploads\\\/sites\\\/30\\\/2019\\\/11\\\/2016-05-30-15.15.12.jpg\",\"contentUrl\":\"https:\\\/\\\/diarieducacio.cat\\\/espiral\\\/wp-content\\\/uploads\\\/sites\\\/30\\\/2019\\\/11\\\/2016-05-30-15.15.12.jpg\",\"width\":960,\"height\":720},{\"@type\":\"BreadcrumbList\",\"@id\":\"https:\\\/\\\/diarieducacio.cat\\\/espiral\\\/2019\\\/11\\\/07\\\/una-nova-cultura-davaluacio\\\/#breadcrumb\",\"itemListElement\":[{\"@type\":\"ListItem\",\"position\":1,\"name\":\"Inici\",\"item\":\"https:\\\/\\\/diarieducacio.cat\\\/espiral\\\/\"},{\"@type\":\"ListItem\",\"position\":2,\"name\":\"Una nova cultura d\u2019avaluaci\u00f3\"}]},{\"@type\":\"WebSite\",\"@id\":\"https:\\\/\\\/diarieducacio.cat\\\/espiral\\\/#website\",\"url\":\"https:\\\/\\\/diarieducacio.cat\\\/espiral\\\/\",\"name\":\"Espiral, educaci\u00f3n y tecnolog\u00eda\",\"description\":\"Un blog de El Diari de l&#039;Educaci\u00f3\",\"potentialAction\":[{\"@type\":\"SearchAction\",\"target\":{\"@type\":\"EntryPoint\",\"urlTemplate\":\"https:\\\/\\\/diarieducacio.cat\\\/espiral\\\/?s={search_term_string}\"},\"query-input\":{\"@type\":\"PropertyValueSpecification\",\"valueRequired\":true,\"valueName\":\"search_term_string\"}}],\"inLanguage\":\"ca\"},{\"@type\":\"Person\",\"@id\":\"https:\\\/\\\/diarieducacio.cat\\\/espiral\\\/#\\\/schema\\\/person\\\/512deabfb08aaa3f2639b7809c18de5b\",\"name\":\"Ana Municio i Gemma Grau\",\"image\":{\"@type\":\"ImageObject\",\"inLanguage\":\"ca\",\"@id\":\"https:\\\/\\\/secure.gravatar.com\\\/avatar\\\/f716056e81137b7b0a3760c3874f8f23402f9902db7d19159641e450d66269b3?s=96&d=mm&r=g\",\"url\":\"https:\\\/\\\/secure.gravatar.com\\\/avatar\\\/f716056e81137b7b0a3760c3874f8f23402f9902db7d19159641e450d66269b3?s=96&d=mm&r=g\",\"contentUrl\":\"https:\\\/\\\/secure.gravatar.com\\\/avatar\\\/f716056e81137b7b0a3760c3874f8f23402f9902db7d19159641e450d66269b3?s=96&d=mm&r=g\",\"caption\":\"Ana Municio i Gemma Grau\"},\"url\":\"https:\\\/\\\/diarieducacio.cat\\\/espiral\\\/author\\\/anaigemma\\\/\"}]}<\/script>\n<!-- \/ Yoast SEO plugin. -->","yoast_head_json":{"title":"Una nova cultura d\u2019avaluaci\u00f3 - Espiral, educaci\u00f3n y tecnolog\u00eda","robots":{"index":"index","follow":"follow","max-snippet":"max-snippet:-1","max-image-preview":"max-image-preview:large","max-video-preview":"max-video-preview:-1"},"canonical":"https:\/\/diarieducacio.cat\/espiral\/2019\/11\/07\/una-nova-cultura-davaluacio\/","og_locale":"ca_ES","og_type":"article","og_title":"Una nova cultura d\u2019avaluaci\u00f3 - Espiral, educaci\u00f3n y tecnolog\u00eda","og_description":"La principal finalitat de l'avaluaci\u00f3 a la qual al\u00b7ludim \u00e9s la d'afavorir la presa de consci\u00e8ncia de l'alumne en el seu propi proc\u00e9s d'aprenentatge a trav\u00e9s de la reflexi\u00f3, detecci\u00f3 de necessitats, petici\u00f3 d'ajuda i millora de les tasques realitzades.","og_url":"https:\/\/diarieducacio.cat\/espiral\/2019\/11\/07\/una-nova-cultura-davaluacio\/","og_site_name":"Espiral, educaci\u00f3n y tecnolog\u00eda","article_publisher":"https:\/\/www.facebook.com\/diarieducacio\/","article_published_time":"2019-11-07T16:27:23+00:00","article_modified_time":"2024-05-13T15:31:18+00:00","og_image":[{"width":960,"height":720,"url":"https:\/\/diarieducacio.cat\/espiral\/wp-content\/uploads\/sites\/30\/2019\/11\/2016-05-30-15.15.12.jpg","type":"image\/jpeg"}],"author":"Ana Municio i Gemma Grau","twitter_card":"summary_large_image","twitter_creator":"@DiariEducacio","twitter_site":"@DiariEducacio","twitter_misc":{"Escrit per":"Ana Municio i Gemma Grau","Temps estimat de lectura":"4 minuts"},"schema":{"@context":"https:\/\/schema.org","@graph":[{"@type":"Article","@id":"https:\/\/diarieducacio.cat\/espiral\/2019\/11\/07\/una-nova-cultura-davaluacio\/#article","isPartOf":{"@id":"https:\/\/diarieducacio.cat\/espiral\/2019\/11\/07\/una-nova-cultura-davaluacio\/"},"author":{"name":"Ana Municio i Gemma Grau","@id":"https:\/\/diarieducacio.cat\/espiral\/#\/schema\/person\/512deabfb08aaa3f2639b7809c18de5b"},"headline":"Una nova cultura d\u2019avaluaci\u00f3","datePublished":"2019-11-07T16:27:23+00:00","dateModified":"2024-05-13T15:31:18+00:00","mainEntityOfPage":{"@id":"https:\/\/diarieducacio.cat\/espiral\/2019\/11\/07\/una-nova-cultura-davaluacio\/"},"wordCount":890,"commentCount":0,"image":{"@id":"https:\/\/diarieducacio.cat\/espiral\/2019\/11\/07\/una-nova-cultura-davaluacio\/#primaryimage"},"thumbnailUrl":"https:\/\/diarieducacio.cat\/espiral\/wp-content\/uploads\/sites\/30\/2019\/11\/2016-05-30-15.15.12.jpg","keywords":["#avaluaci\u00f3 # educaci\u00f3","#educaci\u00f3"],"articleSection":["General"],"inLanguage":"ca","potentialAction":[{"@type":"CommentAction","name":"Comment","target":["https:\/\/diarieducacio.cat\/espiral\/2019\/11\/07\/una-nova-cultura-davaluacio\/#respond"]}]},{"@type":"WebPage","@id":"https:\/\/diarieducacio.cat\/espiral\/2019\/11\/07\/una-nova-cultura-davaluacio\/","url":"https:\/\/diarieducacio.cat\/espiral\/2019\/11\/07\/una-nova-cultura-davaluacio\/","name":"Una nova cultura d\u2019avaluaci\u00f3 - Espiral, educaci\u00f3n y tecnolog\u00eda","isPartOf":{"@id":"https:\/\/diarieducacio.cat\/espiral\/#website"},"primaryImageOfPage":{"@id":"https:\/\/diarieducacio.cat\/espiral\/2019\/11\/07\/una-nova-cultura-davaluacio\/#primaryimage"},"image":{"@id":"https:\/\/diarieducacio.cat\/espiral\/2019\/11\/07\/una-nova-cultura-davaluacio\/#primaryimage"},"thumbnailUrl":"https:\/\/diarieducacio.cat\/espiral\/wp-content\/uploads\/sites\/30\/2019\/11\/2016-05-30-15.15.12.jpg","datePublished":"2019-11-07T16:27:23+00:00","dateModified":"2024-05-13T15:31:18+00:00","author":{"@id":"https:\/\/diarieducacio.cat\/espiral\/#\/schema\/person\/512deabfb08aaa3f2639b7809c18de5b"},"breadcrumb":{"@id":"https:\/\/diarieducacio.cat\/espiral\/2019\/11\/07\/una-nova-cultura-davaluacio\/#breadcrumb"},"inLanguage":"ca","potentialAction":[{"@type":"ReadAction","target":["https:\/\/diarieducacio.cat\/espiral\/2019\/11\/07\/una-nova-cultura-davaluacio\/"]}]},{"@type":"ImageObject","inLanguage":"ca","@id":"https:\/\/diarieducacio.cat\/espiral\/2019\/11\/07\/una-nova-cultura-davaluacio\/#primaryimage","url":"https:\/\/diarieducacio.cat\/espiral\/wp-content\/uploads\/sites\/30\/2019\/11\/2016-05-30-15.15.12.jpg","contentUrl":"https:\/\/diarieducacio.cat\/espiral\/wp-content\/uploads\/sites\/30\/2019\/11\/2016-05-30-15.15.12.jpg","width":960,"height":720},{"@type":"BreadcrumbList","@id":"https:\/\/diarieducacio.cat\/espiral\/2019\/11\/07\/una-nova-cultura-davaluacio\/#breadcrumb","itemListElement":[{"@type":"ListItem","position":1,"name":"Inici","item":"https:\/\/diarieducacio.cat\/espiral\/"},{"@type":"ListItem","position":2,"name":"Una nova cultura d\u2019avaluaci\u00f3"}]},{"@type":"WebSite","@id":"https:\/\/diarieducacio.cat\/espiral\/#website","url":"https:\/\/diarieducacio.cat\/espiral\/","name":"Espiral, educaci\u00f3n y tecnolog\u00eda","description":"Un blog de El Diari de l&#039;Educaci\u00f3","potentialAction":[{"@type":"SearchAction","target":{"@type":"EntryPoint","urlTemplate":"https:\/\/diarieducacio.cat\/espiral\/?s={search_term_string}"},"query-input":{"@type":"PropertyValueSpecification","valueRequired":true,"valueName":"search_term_string"}}],"inLanguage":"ca"},{"@type":"Person","@id":"https:\/\/diarieducacio.cat\/espiral\/#\/schema\/person\/512deabfb08aaa3f2639b7809c18de5b","name":"Ana Municio i Gemma Grau","image":{"@type":"ImageObject","inLanguage":"ca","@id":"https:\/\/secure.gravatar.com\/avatar\/f716056e81137b7b0a3760c3874f8f23402f9902db7d19159641e450d66269b3?s=96&d=mm&r=g","url":"https:\/\/secure.gravatar.com\/avatar\/f716056e81137b7b0a3760c3874f8f23402f9902db7d19159641e450d66269b3?s=96&d=mm&r=g","contentUrl":"https:\/\/secure.gravatar.com\/avatar\/f716056e81137b7b0a3760c3874f8f23402f9902db7d19159641e450d66269b3?s=96&d=mm&r=g","caption":"Ana Municio i Gemma Grau"},"url":"https:\/\/diarieducacio.cat\/espiral\/author\/anaigemma\/"}]}},"_links":{"self":[{"href":"https:\/\/diarieducacio.cat\/espiral\/wp-json\/wp\/v2\/posts\/18","targetHints":{"allow":["GET"]}}],"collection":[{"href":"https:\/\/diarieducacio.cat\/espiral\/wp-json\/wp\/v2\/posts"}],"about":[{"href":"https:\/\/diarieducacio.cat\/espiral\/wp-json\/wp\/v2\/types\/post"}],"author":[{"embeddable":true,"href":"https:\/\/diarieducacio.cat\/espiral\/wp-json\/wp\/v2\/users\/497"}],"replies":[{"embeddable":true,"href":"https:\/\/diarieducacio.cat\/espiral\/wp-json\/wp\/v2\/comments?post=18"}],"version-history":[{"count":1,"href":"https:\/\/diarieducacio.cat\/espiral\/wp-json\/wp\/v2\/posts\/18\/revisions"}],"predecessor-version":[{"id":1848,"href":"https:\/\/diarieducacio.cat\/espiral\/wp-json\/wp\/v2\/posts\/18\/revisions\/1848"}],"wp:featuredmedia":[{"embeddable":true,"href":"https:\/\/diarieducacio.cat\/espiral\/wp-json\/wp\/v2\/media\/19"}],"wp:attachment":[{"href":"https:\/\/diarieducacio.cat\/espiral\/wp-json\/wp\/v2\/media?parent=18"}],"wp:term":[{"taxonomy":"category","embeddable":true,"href":"https:\/\/diarieducacio.cat\/espiral\/wp-json\/wp\/v2\/categories?post=18"},{"taxonomy":"post_tag","embeddable":true,"href":"https:\/\/diarieducacio.cat\/espiral\/wp-json\/wp\/v2\/tags?post=18"},{"taxonomy":"tipo","embeddable":true,"href":"https:\/\/diarieducacio.cat\/espiral\/wp-json\/wp\/v2\/tipo?post=18"}],"curies":[{"name":"wp","href":"https:\/\/api.w.org\/{rel}","templated":true}]}}