{"id":1816,"date":"2020-08-04T10:19:19","date_gmt":"2020-08-04T08:19:19","guid":{"rendered":"https:\/\/diarieducacio.cat\/espiral\/?p=138"},"modified":"2024-05-13T17:31:18","modified_gmt":"2024-05-13T15:31:18","slug":"lescola-que-ens-arriba","status":"publish","type":"post","link":"https:\/\/diarieducacio.cat\/espiral\/2020\/08\/04\/lescola-que-ens-arriba\/","title":{"rendered":"L&#8217;escola que ens arriba"},"content":{"rendered":"<p><img fetchpriority=\"high\" decoding=\"async\" class=\"aligncenter size-full wp-image-139\" src=\"https:\/\/nostalgic-ishizaka.82-223-1-47.plesk.page\/espiral\/wp-content\/uploads\/sites\/30\/2020\/07\/Diapositiva1.jpg\" alt=\"\" width=\"1280\" height=\"720\" \/><\/p>\n<p>\u00c9s el moment de reflexionar, \u00e9s el moment de pensar, \u00e9s el moment d&#8217;il\u00b7luminar tota aquesta situaci\u00f3. Si b\u00e9 \u00e9s cert que, no obstant aix\u00f2, costa molt mirar cap enrere i reviure tota la situaci\u00f3 que hem experimentat en els \u00faltims mesos a causa de la pand\u00e8mia creada per l&#8217;error Covid19, i aix\u00f2 \u00e9s perqu\u00e8 diu un anunci de televisi\u00f3 que no pensem que un oponent petit podria fer-nos tant de mal.<\/p>\n<p>No \u00e9s que naturalment tendeix a ser positiu, per\u00f2 s\u00ed que penso que tot aquest <em>&#8220;terratr\u00e8mol social&#8221; <\/em>ha de tocar-nos profundament dins i, perqu\u00e8 no, en les nostres estructures per fer-ho m\u00e9s fort.<\/p>\n<p>Al llarg d&#8217;aquests mesos, un any m\u00e9s els professors han estat capa\u00e7os de convertir-se en petits camaleons. Des del primer dia que va comen\u00e7ar l&#8217;educaci\u00f3 en l\u00ednia en tots els nivells educatius, milers de professors han tret el millor d&#8217;ells mateixos i amb tots els mitjans que han tingut a la seva disposici\u00f3 per estar a prop dels seus alumnes i fam\u00edlies.<\/p>\n<p>Si b\u00e9 \u00e9s cert que la situaci\u00f3 ens ha fet coneixedors de certs buits que t\u00e9 el nostre sistema educatiu i que hem de millorar o canviar per fer-lo m\u00e9s fort i actualitzar-lo al m\u00f3n que es presenta als docents i m\u00e9s important per als estudiants. Aqu\u00ed \u00e9s on sorgeix la iniciativa <a href=\"https:\/\/twitter.com\/search?q=%23EscuelaPostCovid&amp;src=typeahead_click&amp;f=live\">#EscuelaPostCovid<\/a>, en la qual m\u00e9s de 70 professors han reflectit com els agradaria que fos l&#8217;escola despr\u00e9s de la situaci\u00f3 de pand\u00e8mia i de l&#8217;educaci\u00f3 en l\u00ednia a trav\u00e9s d&#8217;un v\u00eddeo <a href=\"https:\/\/info.flipgrid.com\/\">flipgrid<\/a>. Hi han participat professors de totes les etapes educatives (educaci\u00f3 infantil, prim\u00e0ria, secund\u00e0ria, Universitat, FP). En el seg\u00fcent tauler es pot gaudir de tots ells:\u00a0<a href=\"https:\/\/flipgrid.com\/educacioncovid\">Educaci\u00f3 en temps de la Covid<\/a><\/p>\n<p>&nbsp;<\/p>\n<p>Totes i cadascuna de les contribucions dels docents s\u00f3n realment interessants i s&#8217;han de prendre com a punt de partida per poder dissenyar una nova escola m\u00e9s propera al m\u00f3n per al qual preparem els nostres alumnes i, per descomptat, capa\u00e7 de seguir innovant i afrontar reptes en els quals se senti involucrada tota la comunitat educativa. Entre totes les aportacions podem trobar certs aspectes a destacar:<\/p>\n<ol>\n<li><strong>Una escola m\u00e9s competitiva i creativa.<\/strong> L&#8217;escola que comenci ha de tenir com a m\u00e0xim el desenvolupament de les compet\u00e8ncies en cadascun dels seus temes, m\u00e9s enll\u00e0 de les activitats. La nova escola s&#8217;ha de comprometre a ajudar els estudiants a ser veritablement competents, no serveix de res que els nostres estudiants siguin capa\u00e7os de retenir molts continguts si no s\u00f3n capa\u00e7os de desenvolupar, crear, sintetitzar, expandir i aplicar a la seva vida quotidiana.<\/li>\n<li><strong>Una escola m\u00e9s emocional, una escola del cor.<\/strong> Molts professors ens han explicat la import\u00e0ncia d&#8217;ajudar els alumnes a aprendre a gestionar les emocions, a poder parlar-ne, expressar les seves pors i les seves apreciacions. Molts professors han acordat la import\u00e0ncia de parlar i contactar amb els estudiants era m\u00e9s important que explicar-los els continguts. Tamb\u00e9 passa amb suport i ajuda amb les fam\u00edlies a gestionar situacions complicades.<\/li>\n<li><strong>M\u00e9s estudiants aut\u00f2noms, autoregulaci\u00f3 de treball.<\/strong> Els estudiants han de tenir estrat\u00e8gies per poder gestionar el seu aprenentatge i treball acad\u00e8mic. Un dels <em>handicaps<\/em> que molts professors han trobat en el seu dia a dia \u00e9s la complicaci\u00f3 dels alumnes per cobrir els continguts i treballs proposats pels docents. Aquest punt torna a enlla\u00e7ar amb l&#8217;escola competencial, hem de treballar amb els nostres alumnes l&#8217;autoregulaci\u00f3 i la compet\u00e8ncia per aprendre a aprendre.<\/li>\n<li><strong><em>A &#8220;en un curr\u00edculum dieta&#8221; de l&#8217;escola.<\/em><\/strong> Aquesta situaci\u00f3 ha fet rellevant l&#8217;enorme quantitat de contingut que els estudiants han de gestionar. Molts professors proposen agrupar els continguts per \u00e0rees de coneixement, establir un curr\u00edculum m\u00e9s interdisciplinari, on l&#8217;aprenentatge t\u00e9 sentit per als estudiants i la seva vida quotidiana. L&#8217;ensenyament interdisciplinari ajudar\u00e0 a una millor comprensi\u00f3 dels estudiants, l&#8217;aprenentatge significatiu i una major coordinaci\u00f3 entre els professors.<\/li>\n<li><strong>Una valoraci\u00f3 realment significativa i formativa. <\/strong>Un altre punt que hem pogut veure \u00e9s la necessitat d&#8217;implementar un tipus d&#8217;avaluaci\u00f3 real i competitiva que vagi m\u00e9s enll\u00e0 dels mers continguts, formes i ex\u00e0mens en l\u00ednia, que no poden demostrar els aprenentatges reals dels nostres alumnes. R\u00fabriques, dianes, tasques competidores i entrevistes personals prenen un paper protagonista i ineludible.<\/li>\n<\/ol>\n<p>En conclusi\u00f3, estem en un moment privilegiat perqu\u00e8 les nostres escoles canvi\u00efn, innovin i esdevingui els productes reals de tants somnis de docents que han treballat incansablement en els \u00faltims mesos. I per aquells que tenen la capacitat de prendre decisions sobre aquesta q\u00fcesti\u00f3, nom\u00e9s els demanem que escoltin a tots els que creuen i volen que l&#8217;escola sigui diferent perqu\u00e8 pugui convertir -se en un lloc per l&#8217;aprenentatge real pels nostres estudiants.<\/p>\n","protected":false},"excerpt":{"rendered":"<p>Al llarg d&#8217;aquests mesos, un any m\u00e9s, els professors han estat capa\u00e7os de convertir-se en petits camaleons. Des del primer dia que va comen\u00e7ar l&#8217;educaci\u00f3 en l\u00ednia en tots els nivells educatius, milers de professors han fet el seu millor i amb tots els mitjans que han tingut a la seva disposici\u00f3 per estar a prop dels seus alumnes i fam\u00edlies.<\/p>\n","protected":false},"author":506,"featured_media":140,"comment_status":"open","ping_status":"closed","sticky":false,"template":"","format":"standard","meta":{"footnotes":""},"categories":[100,2],"tags":[114,115],"tipo":[],"class_list":{"0":"post-1816","1":"post","2":"type-post","3":"status-publish","4":"format-standard","5":"has-post-thumbnail","7":"category-espiral","8":"category-general","9":"tag-covid19","10":"tag-escolapostcovid"},"yoast_head":"<!-- This site is optimized with the Yoast SEO plugin v27.5 - https:\/\/yoast.com\/product\/yoast-seo-wordpress\/ -->\n<title>L&#039;escola que ens arriba - Espiral, educaci\u00f3n y tecnolog\u00eda<\/title>\n<meta name=\"robots\" content=\"index, follow, max-snippet:-1, max-image-preview:large, max-video-preview:-1\" \/>\n<link rel=\"canonical\" href=\"https:\/\/diarieducacio.cat\/espiral\/2020\/08\/04\/lescola-que-ens-arriba\/\" \/>\n<meta property=\"og:locale\" content=\"ca_ES\" \/>\n<meta property=\"og:type\" content=\"article\" \/>\n<meta property=\"og:title\" content=\"L&#039;escola que ens arriba - Espiral, educaci\u00f3n y tecnolog\u00eda\" \/>\n<meta property=\"og:description\" content=\"Al llarg d&#039;aquests mesos, un any m\u00e9s, els professors han estat capa\u00e7os de convertir-se en petits camaleons. Des del primer dia que va comen\u00e7ar l&#039;educaci\u00f3 en l\u00ednia en tots els nivells educatius, milers de professors han fet el seu millor i amb tots els mitjans que han tingut a la seva disposici\u00f3 per estar a prop dels seus alumnes i fam\u00edlies.\" \/>\n<meta property=\"og:url\" content=\"https:\/\/diarieducacio.cat\/espiral\/2020\/08\/04\/lescola-que-ens-arriba\/\" \/>\n<meta property=\"og:site_name\" content=\"Espiral, educaci\u00f3n y tecnolog\u00eda\" \/>\n<meta property=\"article:publisher\" content=\"https:\/\/www.facebook.com\/diarieducacio\/\" \/>\n<meta property=\"article:published_time\" content=\"2020-08-04T08:19:19+00:00\" \/>\n<meta property=\"article:modified_time\" content=\"2024-05-13T15:31:18+00:00\" \/>\n<meta property=\"og:image\" content=\"https:\/\/diarieducacio.cat\/espiral\/wp-content\/uploads\/sites\/30\/2020\/07\/Diapositiva2.jpg\" \/>\n\t<meta property=\"og:image:width\" content=\"1280\" \/>\n\t<meta property=\"og:image:height\" content=\"720\" \/>\n\t<meta property=\"og:image:type\" content=\"image\/jpeg\" \/>\n<meta name=\"author\" content=\"Javier Ramos Sancha\" \/>\n<meta name=\"twitter:card\" content=\"summary_large_image\" \/>\n<meta name=\"twitter:creator\" content=\"@DiariEducacio\" \/>\n<meta name=\"twitter:site\" content=\"@DiariEducacio\" \/>\n<meta name=\"twitter:label1\" content=\"Escrit per\" \/>\n\t<meta name=\"twitter:data1\" content=\"Javier Ramos Sancha\" \/>\n\t<meta name=\"twitter:label2\" content=\"Temps estimat de lectura\" \/>\n\t<meta name=\"twitter:data2\" content=\"4 minuts\" \/>\n<script type=\"application\/ld+json\" class=\"yoast-schema-graph\">{\"@context\":\"https:\\\/\\\/schema.org\",\"@graph\":[{\"@type\":\"Article\",\"@id\":\"https:\\\/\\\/diarieducacio.cat\\\/espiral\\\/2020\\\/08\\\/04\\\/lescola-que-ens-arriba\\\/#article\",\"isPartOf\":{\"@id\":\"https:\\\/\\\/diarieducacio.cat\\\/espiral\\\/2020\\\/08\\\/04\\\/lescola-que-ens-arriba\\\/\"},\"author\":{\"name\":\"Javier Ramos Sancha\",\"@id\":\"https:\\\/\\\/diarieducacio.cat\\\/espiral\\\/#\\\/schema\\\/person\\\/701091ea2d725e8c42e0d39b415b779a\"},\"headline\":\"L&#8217;escola que ens arriba\",\"datePublished\":\"2020-08-04T08:19:19+00:00\",\"dateModified\":\"2024-05-13T15:31:18+00:00\",\"mainEntityOfPage\":{\"@id\":\"https:\\\/\\\/diarieducacio.cat\\\/espiral\\\/2020\\\/08\\\/04\\\/lescola-que-ens-arriba\\\/\"},\"wordCount\":841,\"commentCount\":0,\"image\":{\"@id\":\"https:\\\/\\\/diarieducacio.cat\\\/espiral\\\/2020\\\/08\\\/04\\\/lescola-que-ens-arriba\\\/#primaryimage\"},\"thumbnailUrl\":\"https:\\\/\\\/diarieducacio.cat\\\/espiral\\\/wp-content\\\/uploads\\\/sites\\\/30\\\/2020\\\/07\\\/Diapositiva2.jpg\",\"keywords\":[\"#Covid19\",\"#escolapostcovid\"],\"articleSection\":[\"#espiral\",\"General\"],\"inLanguage\":\"ca\",\"potentialAction\":[{\"@type\":\"CommentAction\",\"name\":\"Comment\",\"target\":[\"https:\\\/\\\/diarieducacio.cat\\\/espiral\\\/2020\\\/08\\\/04\\\/lescola-que-ens-arriba\\\/#respond\"]}]},{\"@type\":\"WebPage\",\"@id\":\"https:\\\/\\\/diarieducacio.cat\\\/espiral\\\/2020\\\/08\\\/04\\\/lescola-que-ens-arriba\\\/\",\"url\":\"https:\\\/\\\/diarieducacio.cat\\\/espiral\\\/2020\\\/08\\\/04\\\/lescola-que-ens-arriba\\\/\",\"name\":\"L'escola que ens arriba - Espiral, educaci\u00f3n y tecnolog\u00eda\",\"isPartOf\":{\"@id\":\"https:\\\/\\\/diarieducacio.cat\\\/espiral\\\/#website\"},\"primaryImageOfPage\":{\"@id\":\"https:\\\/\\\/diarieducacio.cat\\\/espiral\\\/2020\\\/08\\\/04\\\/lescola-que-ens-arriba\\\/#primaryimage\"},\"image\":{\"@id\":\"https:\\\/\\\/diarieducacio.cat\\\/espiral\\\/2020\\\/08\\\/04\\\/lescola-que-ens-arriba\\\/#primaryimage\"},\"thumbnailUrl\":\"https:\\\/\\\/diarieducacio.cat\\\/espiral\\\/wp-content\\\/uploads\\\/sites\\\/30\\\/2020\\\/07\\\/Diapositiva2.jpg\",\"datePublished\":\"2020-08-04T08:19:19+00:00\",\"dateModified\":\"2024-05-13T15:31:18+00:00\",\"author\":{\"@id\":\"https:\\\/\\\/diarieducacio.cat\\\/espiral\\\/#\\\/schema\\\/person\\\/701091ea2d725e8c42e0d39b415b779a\"},\"breadcrumb\":{\"@id\":\"https:\\\/\\\/diarieducacio.cat\\\/espiral\\\/2020\\\/08\\\/04\\\/lescola-que-ens-arriba\\\/#breadcrumb\"},\"inLanguage\":\"ca\",\"potentialAction\":[{\"@type\":\"ReadAction\",\"target\":[\"https:\\\/\\\/diarieducacio.cat\\\/espiral\\\/2020\\\/08\\\/04\\\/lescola-que-ens-arriba\\\/\"]}]},{\"@type\":\"ImageObject\",\"inLanguage\":\"ca\",\"@id\":\"https:\\\/\\\/diarieducacio.cat\\\/espiral\\\/2020\\\/08\\\/04\\\/lescola-que-ens-arriba\\\/#primaryimage\",\"url\":\"https:\\\/\\\/diarieducacio.cat\\\/espiral\\\/wp-content\\\/uploads\\\/sites\\\/30\\\/2020\\\/07\\\/Diapositiva2.jpg\",\"contentUrl\":\"https:\\\/\\\/diarieducacio.cat\\\/espiral\\\/wp-content\\\/uploads\\\/sites\\\/30\\\/2020\\\/07\\\/Diapositiva2.jpg\",\"width\":1280,\"height\":720},{\"@type\":\"BreadcrumbList\",\"@id\":\"https:\\\/\\\/diarieducacio.cat\\\/espiral\\\/2020\\\/08\\\/04\\\/lescola-que-ens-arriba\\\/#breadcrumb\",\"itemListElement\":[{\"@type\":\"ListItem\",\"position\":1,\"name\":\"Inici\",\"item\":\"https:\\\/\\\/diarieducacio.cat\\\/espiral\\\/\"},{\"@type\":\"ListItem\",\"position\":2,\"name\":\"L&#8217;escola que ens arriba\"}]},{\"@type\":\"WebSite\",\"@id\":\"https:\\\/\\\/diarieducacio.cat\\\/espiral\\\/#website\",\"url\":\"https:\\\/\\\/diarieducacio.cat\\\/espiral\\\/\",\"name\":\"Espiral, educaci\u00f3n y tecnolog\u00eda\",\"description\":\"Un blog de El Diari de l&#039;Educaci\u00f3\",\"potentialAction\":[{\"@type\":\"SearchAction\",\"target\":{\"@type\":\"EntryPoint\",\"urlTemplate\":\"https:\\\/\\\/diarieducacio.cat\\\/espiral\\\/?s={search_term_string}\"},\"query-input\":{\"@type\":\"PropertyValueSpecification\",\"valueRequired\":true,\"valueName\":\"search_term_string\"}}],\"inLanguage\":\"ca\"},{\"@type\":\"Person\",\"@id\":\"https:\\\/\\\/diarieducacio.cat\\\/espiral\\\/#\\\/schema\\\/person\\\/701091ea2d725e8c42e0d39b415b779a\",\"name\":\"Javier Ramos Sancha\",\"image\":{\"@type\":\"ImageObject\",\"inLanguage\":\"ca\",\"@id\":\"https:\\\/\\\/secure.gravatar.com\\\/avatar\\\/802b9771c242a04f3389429bd9c1914fbdf5fe2575ac5a39fc64063cc861d919?s=96&d=mm&r=g\",\"url\":\"https:\\\/\\\/secure.gravatar.com\\\/avatar\\\/802b9771c242a04f3389429bd9c1914fbdf5fe2575ac5a39fc64063cc861d919?s=96&d=mm&r=g\",\"contentUrl\":\"https:\\\/\\\/secure.gravatar.com\\\/avatar\\\/802b9771c242a04f3389429bd9c1914fbdf5fe2575ac5a39fc64063cc861d919?s=96&d=mm&r=g\",\"caption\":\"Javier Ramos Sancha\"},\"url\":\"https:\\\/\\\/diarieducacio.cat\\\/espiral\\\/author\\\/jramos\\\/\"}]}<\/script>\n<!-- \/ Yoast SEO plugin. -->","yoast_head_json":{"title":"L'escola que ens arriba - Espiral, educaci\u00f3n y tecnolog\u00eda","robots":{"index":"index","follow":"follow","max-snippet":"max-snippet:-1","max-image-preview":"max-image-preview:large","max-video-preview":"max-video-preview:-1"},"canonical":"https:\/\/diarieducacio.cat\/espiral\/2020\/08\/04\/lescola-que-ens-arriba\/","og_locale":"ca_ES","og_type":"article","og_title":"L'escola que ens arriba - Espiral, educaci\u00f3n y tecnolog\u00eda","og_description":"Al llarg d'aquests mesos, un any m\u00e9s, els professors han estat capa\u00e7os de convertir-se en petits camaleons. Des del primer dia que va comen\u00e7ar l'educaci\u00f3 en l\u00ednia en tots els nivells educatius, milers de professors han fet el seu millor i amb tots els mitjans que han tingut a la seva disposici\u00f3 per estar a prop dels seus alumnes i fam\u00edlies.","og_url":"https:\/\/diarieducacio.cat\/espiral\/2020\/08\/04\/lescola-que-ens-arriba\/","og_site_name":"Espiral, educaci\u00f3n y tecnolog\u00eda","article_publisher":"https:\/\/www.facebook.com\/diarieducacio\/","article_published_time":"2020-08-04T08:19:19+00:00","article_modified_time":"2024-05-13T15:31:18+00:00","og_image":[{"width":1280,"height":720,"url":"https:\/\/diarieducacio.cat\/espiral\/wp-content\/uploads\/sites\/30\/2020\/07\/Diapositiva2.jpg","type":"image\/jpeg"}],"author":"Javier Ramos Sancha","twitter_card":"summary_large_image","twitter_creator":"@DiariEducacio","twitter_site":"@DiariEducacio","twitter_misc":{"Escrit per":"Javier Ramos Sancha","Temps estimat de lectura":"4 minuts"},"schema":{"@context":"https:\/\/schema.org","@graph":[{"@type":"Article","@id":"https:\/\/diarieducacio.cat\/espiral\/2020\/08\/04\/lescola-que-ens-arriba\/#article","isPartOf":{"@id":"https:\/\/diarieducacio.cat\/espiral\/2020\/08\/04\/lescola-que-ens-arriba\/"},"author":{"name":"Javier Ramos Sancha","@id":"https:\/\/diarieducacio.cat\/espiral\/#\/schema\/person\/701091ea2d725e8c42e0d39b415b779a"},"headline":"L&#8217;escola que ens arriba","datePublished":"2020-08-04T08:19:19+00:00","dateModified":"2024-05-13T15:31:18+00:00","mainEntityOfPage":{"@id":"https:\/\/diarieducacio.cat\/espiral\/2020\/08\/04\/lescola-que-ens-arriba\/"},"wordCount":841,"commentCount":0,"image":{"@id":"https:\/\/diarieducacio.cat\/espiral\/2020\/08\/04\/lescola-que-ens-arriba\/#primaryimage"},"thumbnailUrl":"https:\/\/diarieducacio.cat\/espiral\/wp-content\/uploads\/sites\/30\/2020\/07\/Diapositiva2.jpg","keywords":["#Covid19","#escolapostcovid"],"articleSection":["#espiral","General"],"inLanguage":"ca","potentialAction":[{"@type":"CommentAction","name":"Comment","target":["https:\/\/diarieducacio.cat\/espiral\/2020\/08\/04\/lescola-que-ens-arriba\/#respond"]}]},{"@type":"WebPage","@id":"https:\/\/diarieducacio.cat\/espiral\/2020\/08\/04\/lescola-que-ens-arriba\/","url":"https:\/\/diarieducacio.cat\/espiral\/2020\/08\/04\/lescola-que-ens-arriba\/","name":"L'escola que ens arriba - Espiral, educaci\u00f3n y tecnolog\u00eda","isPartOf":{"@id":"https:\/\/diarieducacio.cat\/espiral\/#website"},"primaryImageOfPage":{"@id":"https:\/\/diarieducacio.cat\/espiral\/2020\/08\/04\/lescola-que-ens-arriba\/#primaryimage"},"image":{"@id":"https:\/\/diarieducacio.cat\/espiral\/2020\/08\/04\/lescola-que-ens-arriba\/#primaryimage"},"thumbnailUrl":"https:\/\/diarieducacio.cat\/espiral\/wp-content\/uploads\/sites\/30\/2020\/07\/Diapositiva2.jpg","datePublished":"2020-08-04T08:19:19+00:00","dateModified":"2024-05-13T15:31:18+00:00","author":{"@id":"https:\/\/diarieducacio.cat\/espiral\/#\/schema\/person\/701091ea2d725e8c42e0d39b415b779a"},"breadcrumb":{"@id":"https:\/\/diarieducacio.cat\/espiral\/2020\/08\/04\/lescola-que-ens-arriba\/#breadcrumb"},"inLanguage":"ca","potentialAction":[{"@type":"ReadAction","target":["https:\/\/diarieducacio.cat\/espiral\/2020\/08\/04\/lescola-que-ens-arriba\/"]}]},{"@type":"ImageObject","inLanguage":"ca","@id":"https:\/\/diarieducacio.cat\/espiral\/2020\/08\/04\/lescola-que-ens-arriba\/#primaryimage","url":"https:\/\/diarieducacio.cat\/espiral\/wp-content\/uploads\/sites\/30\/2020\/07\/Diapositiva2.jpg","contentUrl":"https:\/\/diarieducacio.cat\/espiral\/wp-content\/uploads\/sites\/30\/2020\/07\/Diapositiva2.jpg","width":1280,"height":720},{"@type":"BreadcrumbList","@id":"https:\/\/diarieducacio.cat\/espiral\/2020\/08\/04\/lescola-que-ens-arriba\/#breadcrumb","itemListElement":[{"@type":"ListItem","position":1,"name":"Inici","item":"https:\/\/diarieducacio.cat\/espiral\/"},{"@type":"ListItem","position":2,"name":"L&#8217;escola que ens arriba"}]},{"@type":"WebSite","@id":"https:\/\/diarieducacio.cat\/espiral\/#website","url":"https:\/\/diarieducacio.cat\/espiral\/","name":"Espiral, educaci\u00f3n y tecnolog\u00eda","description":"Un blog de El Diari de l&#039;Educaci\u00f3","potentialAction":[{"@type":"SearchAction","target":{"@type":"EntryPoint","urlTemplate":"https:\/\/diarieducacio.cat\/espiral\/?s={search_term_string}"},"query-input":{"@type":"PropertyValueSpecification","valueRequired":true,"valueName":"search_term_string"}}],"inLanguage":"ca"},{"@type":"Person","@id":"https:\/\/diarieducacio.cat\/espiral\/#\/schema\/person\/701091ea2d725e8c42e0d39b415b779a","name":"Javier Ramos Sancha","image":{"@type":"ImageObject","inLanguage":"ca","@id":"https:\/\/secure.gravatar.com\/avatar\/802b9771c242a04f3389429bd9c1914fbdf5fe2575ac5a39fc64063cc861d919?s=96&d=mm&r=g","url":"https:\/\/secure.gravatar.com\/avatar\/802b9771c242a04f3389429bd9c1914fbdf5fe2575ac5a39fc64063cc861d919?s=96&d=mm&r=g","contentUrl":"https:\/\/secure.gravatar.com\/avatar\/802b9771c242a04f3389429bd9c1914fbdf5fe2575ac5a39fc64063cc861d919?s=96&d=mm&r=g","caption":"Javier Ramos Sancha"},"url":"https:\/\/diarieducacio.cat\/espiral\/author\/jramos\/"}]}},"_links":{"self":[{"href":"https:\/\/diarieducacio.cat\/espiral\/wp-json\/wp\/v2\/posts\/1816","targetHints":{"allow":["GET"]}}],"collection":[{"href":"https:\/\/diarieducacio.cat\/espiral\/wp-json\/wp\/v2\/posts"}],"about":[{"href":"https:\/\/diarieducacio.cat\/espiral\/wp-json\/wp\/v2\/types\/post"}],"author":[{"embeddable":true,"href":"https:\/\/diarieducacio.cat\/espiral\/wp-json\/wp\/v2\/users\/506"}],"replies":[{"embeddable":true,"href":"https:\/\/diarieducacio.cat\/espiral\/wp-json\/wp\/v2\/comments?post=1816"}],"version-history":[{"count":1,"href":"https:\/\/diarieducacio.cat\/espiral\/wp-json\/wp\/v2\/posts\/1816\/revisions"}],"predecessor-version":[{"id":1857,"href":"https:\/\/diarieducacio.cat\/espiral\/wp-json\/wp\/v2\/posts\/1816\/revisions\/1857"}],"wp:featuredmedia":[{"embeddable":true,"href":"https:\/\/diarieducacio.cat\/espiral\/wp-json\/wp\/v2\/media\/140"}],"wp:attachment":[{"href":"https:\/\/diarieducacio.cat\/espiral\/wp-json\/wp\/v2\/media?parent=1816"}],"wp:term":[{"taxonomy":"category","embeddable":true,"href":"https:\/\/diarieducacio.cat\/espiral\/wp-json\/wp\/v2\/categories?post=1816"},{"taxonomy":"post_tag","embeddable":true,"href":"https:\/\/diarieducacio.cat\/espiral\/wp-json\/wp\/v2\/tags?post=1816"},{"taxonomy":"tipo","embeddable":true,"href":"https:\/\/diarieducacio.cat\/espiral\/wp-json\/wp\/v2\/tipo?post=1816"}],"curies":[{"name":"wp","href":"https:\/\/api.w.org\/{rel}","templated":true}]}}