{"id":206,"date":"2021-11-24T05:00:50","date_gmt":"2021-11-24T03:00:50","guid":{"rendered":"https:\/\/diarieducacio.cat\/espiral\/?p=206"},"modified":"2024-05-13T17:31:19","modified_gmt":"2024-05-13T15:31:19","slug":"mes-que-un-diagnostic","status":"publish","type":"post","link":"https:\/\/diarieducacio.cat\/espiral\/2021\/11\/24\/mes-que-un-diagnostic\/","title":{"rendered":"M\u00e9s que un diagn\u00f2stic"},"content":{"rendered":"<p>Autisme, d\u00e8ficit d\u2019atenci\u00f3, ansietat, anor\u00e8xia\u2026 Precipitar-se a l\u2019hora d\u2019emetre un diagn\u00f2stic o arribar a una conclusi\u00f3 definitiva per a un nen o una nena per tenir un comportament inhabitual o estrany amb tan sols tres anys pot portar a que se\u2019ls pengi una etiqueta, un <em>sanbenito<\/em>, que no nom\u00e9s els podria acompanyar tota la vida, sin\u00f3 que els comportaria conseq\u00fc\u00e8ncies, tant individuals com, especialment, socials.<\/p>\n<p>Els trastorns mentals representen ja entre el 2,5% i el 3% de la poblaci\u00f3 adulta a Espanya, segons l\u2019<a href=\"https:\/\/www.mscbs.gob.es\/organizacion\/sns\/planCalidadSNS\/docs\/saludmental\/SaludMental2009-2013.pdf\">Informe 2009-2013 de la Estrategia en Salud Mental del Sistema Nacional de Salud<\/a>. Aix\u00f2 significa que m\u00e9s d\u2019un mili\u00f3 de persones al nostre pa\u00eds porten <em>una etiqueta<\/em> i s\u00f3n susceptibles de sentir vergonya per l\u2019estigma social que comporta.<\/p>\n<p>Per donar resposta \u201cal que fa l\u2019escola\u201d comentarem una experi\u00e8ncia amb alumnes de Batxillerat. A la tercera avaluaci\u00f3, en l\u2019assignatura de Psicologia, hav\u00edem repassat ja els conceptes dels diferents corrents psicol\u00f2gics. Mitjan\u00e7ant rutines de pensament vam detectar la necessitat de desmuntar aquest estigma animant a les persones que estan passant per la mateixa situaci\u00f3 a demanar ajuda si la necessiten. Per aix\u00f2, vam organitzar una exposici\u00f3 que vam titular \u201cM\u00e9s que un diagn\u00f2stic\u201d.<\/p>\n<h4>Per\u00f2&#8230; En qu\u00e8 va consistir\u00a0 aquesta exposici\u00f3?<\/h4>\n<p>L\u2019exposici\u00f3 \u201cM\u00e9s que un diagn\u00f2stic\u201d va ser un espai on gr\u00e0cies al treball de l\u2019alumnat vam generar una s\u00e8rie d\u2019infografies amb l\u2019eina digital <a href=\"https:\/\/www.canva.com\/\">Canva<\/a>, on normalitzar el diagn\u00f2stic, per tenir-lo, com diu <a href=\"https:\/\/gorkafernandez.net\/2021\/02\/19\/asperger\/\">Gorka Fern\u00e1ndez<\/a>, com a \u201c<em>condici\u00f3<\/em>\u201d.<\/p>\n<p>Per seguir una mateixa l\u00ednia, amb la finalitat que el treball amb les infografies mantingu\u00e9s un contingut com\u00fa, respectant l\u2019aspecte creatiu de cada alumne, es va elaborar una r\u00fabrica, a manera de matriu, en la qual es van recollir una s\u00e8rie de criteris graduats amb la funci\u00f3 d\u2019avaluar de manera integral tot el producte a la vegada que podia donar mesures particulars dels elements o, com denominen Guzm\u00e1n-Cedillo, Flores y Tirado, 2012, \u201crubros que el componen\u201d.<\/p>\n<p>Es van assignar puntuacions discretes per cada \u201crubro\u201d i es van distingir les categories seg\u00fcents:<\/p>\n<ul>\n<li><strong>Redacci\u00f3 i ortografia:<\/strong> la infografia no havia de tenir faltes d\u2019ortografia, errors de puntuaci\u00f3, tipogr\u00e0fics o gramaticals.<\/li>\n<li><strong>Exposici\u00f3 de les idees centrals i la informaci\u00f3:<\/strong> ser capa\u00e7os de fer una s\u00edntesi del que s\u2019ha trobat i presentar-ho d\u2019una forma atractiva pensant en els possibles receptors del missatge (la resta de la comunitat educativa). El text i les imatges havien d\u2019estar clarament relacionats.<\/li>\n<li><strong>\u00das d\u2019imatges i colors:<\/strong> imatges que representessin idees i colors que els ajudessin a associar i a emfasitzar les idees o parts de la pr\u00f2pia infografia. Es perseguia que els alumnes escriguessin sobre la biografia d\u2019un fam\u00f3s descrivint els trets del trastorn que representava.<\/li>\n<li><strong>Presentaci\u00f3 visual:<\/strong> si aquests aspectes facilitaven la lectura del seu contingut, si estaven relacionats amb el tema i si s\u2019utilitzaven recursos tals com fletxes, claus, vinyetes, fons, donant la idea d\u2019un conjunt homogeni.<\/li>\n<li><strong>Domini de l\u2019eina digital:<\/strong> on es veia el maneig i exploraci\u00f3 de l\u2019alumne de l\u2019eina a trav\u00e9s de l\u2019observaci\u00f3 directa a l\u2019aula, valorant positivament l\u2019\u00fas de plantilles, per\u00f2 m\u00e9s encara si utilitzava i creava a partir d\u2019una plantilla en blanc, afegint elements, fonts i colors.<\/li>\n<li><strong>Refer\u00e8ncies:<\/strong> on els alumnes, a m\u00e9s dels propis manuals de diagn\u00f2stic CIE-10 o DSM-5, sumaven m\u00e9s punts si trobaven refer\u00e8ncies period\u00edstiques del trastorn aix\u00ed com dades estad\u00edstiques que oferissin una aproximaci\u00f3 a la realitat i pres\u00e8ncia del mateix, veient que \u00e9s m\u00e9s com\u00fa del que pensem.<\/li>\n<\/ul>\n<h4>En primera persona: Carlota Esteban<\/h4>\n<p>A continuaci\u00f3 incloem el relat, en primera persona, d\u2019una alumna participant a l\u2019experi\u00e8ncia:<\/p>\n<p>\u201cEls joves actualment vivim envoltats de xarxes socials, ja sigui Instagram, Twitter o TikTok, on passem la major part del temps observant persones famoses o conegudes com actors, actrius, escriptors, m\u00fasics, influencers, etc. Des de les nostres cases, veient qualsevol pel\u00b7l\u00edcula o admirant el nostre influencer o tiktoker preferit des del sof\u00e0, no arribem a plantejar-nos si pot estar patint el mateix que nosaltres, o si t\u00e9 problemes m\u00e9s greus.<\/p>\n<p>Per aix\u00f2, destaco aquesta iniciativa, l\u2019exposici\u00f3 \u201cM\u00e9s que un diagn\u00f2stic\u201d, ja que moltes vegades l\u2019exc\u00e9s d\u2019ex\u00e0mens\u00a0 a 2n de Batxillerat fa que no siguem plenament conscients del que estudiem o realitzem a classe. Amb ella hem apr\u00e8s que encara que no siguem conscients, molt\u00edssimes persones al m\u00f3n pateixen diversos trastorns psicol\u00f2gics. Comparar-ho amb personatges famosos va ser benefici\u00f3s a l\u2019hora d\u2019aprendre que \u00e9s una cosa normal a les nostres vides. S\u2019ha de rebutjar la frase \u201csi vas al psic\u00f2leg o al psiquiatra est\u00e0s boig o boja\u201d que porta anys al pensament de la societat.<\/p>\n<p>D\u2019altra banda, ens ha fet reflexionar sobre el fet que ning\u00fa no \u00e9s inferior per tenir un problema psicol\u00f2gic. Molts de nosaltres no sab\u00edem que potser els nostres \u00eddols, o les persones que tenim al voltant, puguin patir algun trastorn com els que hem estudiat, perqu\u00e8 simplement desconeixem l\u2019exist\u00e8ncia de la major part dels trastorns.<\/p>\n<p>En la meva opini\u00f3, s\u2019ha d\u2019ajudar les persones que ens envolten, donar-los el consell de que vagin a un especialista. S\u2019ha d\u2019ajudar les persones que ens envolten per arribar a ser una societat millor.<\/p>\n<h4>Conclusions<\/h4>\n<p>Podem concloure que existeix un gran desconeixement sobre la malaltia mental i un fort estigma centrat en els estereotips de perillositat i incompet\u00e8ncia que es tracten en molts articles. Com afirmen Mu\u00f1oz M. et al (2019) \u201cno hem d\u2019anticipar el rebuig per part dels altres, amagant la realitat o a\u00efllant-los de la societat en cas de patir algun d\u2019aquests trastorns en l\u2019aspecte de les relacions socials o l\u2019\u00e0rea laboral, sin\u00f3 mostrar-ho sense por com a part de la diversitat inherent a l\u2019\u00e9sser hum\u00e0\u201d.<\/p>\n<p>Es tracta d\u2019iniciar el canvi d\u2019aquests estereotips que permeti eliminar els prejudicis i els comportaments de discriminaci\u00f3 cap a les persones amb alguna malaltia mental.<\/p>\n<p>Segons les paraules de J.F. Kennedy: \u201cSi no podem posar fi a les nostres difer\u00e8ncies, hem de contribuir a que el m\u00f3n sigui un lloc apte per a elles\u201d.<\/p>\n<hr \/>\n<h5><strong>Bibliografia<\/strong><\/h5>\n<p>GUZM\u00c1N-CEDILLO, Y.; FLORES, R. C. Y TIRADO, F. (2012). La evaluaci\u00f3n de la competencia argumentativa en foros de discusi\u00f3n en l\u00ednea a trav\u00e9s de r\u00fabricas. Innovaci\u00f3n Educativa, 60 (12), 17-40. (Consultat el 15\/5\/2020) Disponible a:\u00a0<a href=\"https:\/\/dialnet.unirioja.es\/servlet\/articulo?codigo%20=%204219776\">https:\/\/dialnet.unirioja.es\/servlet\/articulo?codigo = 4219776<\/a><\/p>\n<p>MINISTERIO DE SANIDAD Y CONSUMO. Estrategia en Salud Mental del Sistema Nacional de Salud 2009-2013 (Consultat el 15\/5\/2020) Disponible a:\u00a0<a href=\"https:\/\/www.mscbs.gob.es\/organizacion\/sns\/planCalidadSNS\/docs\/saludmental\/SaludMental2009-2013.pdf\">https:\/\/www.mscbs.gob.es\/organizacion\/sns\/planCalidadSNS\/docs\/saludmental\/SaludMental2009-2013.pdf\u00a0<\/a><\/p>\n<p>MU\u00d1OZ M. ET AL (2019) Estigma y Enfermedad mental. An\u00e1lisis del rechazo social que sufren las personas con enfermedad mental.\u00a0 (Consultat el 15\/5\/2020) Disponible a:\u00a0 <a href=\"https:\/\/webs.ucm.es\/BUCM\/ecsa\/9788474919806.pdf\">https:\/\/webs.ucm.es\/BUCM\/ecsa\/9788474919806.pdf<\/a><\/p>\n","protected":false},"excerpt":{"rendered":"<p>Autisme, d\u00e8ficit d\u2019atenci\u00f3, ansietat, anor\u00e8xia\u2026 Precipitar-se a l\u2019hora d\u2019emetre un diagn\u00f2stic o arribar a una conclusi\u00f3 definitiva per a un nen o una nena per tenir un comportament inhabitual o estrany amb tan sols tres anys pot portar a que se\u2019ls pengi una etiqueta, un sanbenito, que no nom\u00e9s els podria acompanyar tota la vida,<\/p>\n","protected":false},"author":511,"featured_media":207,"comment_status":"open","ping_status":"closed","sticky":false,"template":"","format":"standard","meta":{"footnotes":""},"categories":[100],"tags":[],"tipo":[144],"class_list":{"0":"post-206","1":"post","2":"type-post","3":"status-publish","4":"format-standard","5":"has-post-thumbnail","7":"category-espiral","8":"tipo-analisi"},"yoast_head":"<!-- This site is optimized with the Yoast SEO plugin v27.5 - https:\/\/yoast.com\/product\/yoast-seo-wordpress\/ -->\n<title>M\u00e9s que un diagn\u00f2stic - Espiral, educaci\u00f3n y tecnolog\u00eda<\/title>\n<meta name=\"robots\" content=\"index, follow, max-snippet:-1, max-image-preview:large, max-video-preview:-1\" \/>\n<link rel=\"canonical\" href=\"https:\/\/diarieducacio.cat\/espiral\/2021\/11\/24\/mes-que-un-diagnostic\/\" \/>\n<meta property=\"og:locale\" content=\"ca_ES\" \/>\n<meta property=\"og:type\" content=\"article\" \/>\n<meta property=\"og:title\" content=\"M\u00e9s que un diagn\u00f2stic - Espiral, educaci\u00f3n y tecnolog\u00eda\" \/>\n<meta property=\"og:description\" content=\"Autisme, d\u00e8ficit d\u2019atenci\u00f3, ansietat, anor\u00e8xia\u2026 Precipitar-se a l\u2019hora d\u2019emetre un diagn\u00f2stic o arribar a una conclusi\u00f3 definitiva per a un nen o una nena per tenir un comportament inhabitual o estrany amb tan sols tres anys pot portar a que se\u2019ls pengi una etiqueta, un sanbenito, que no nom\u00e9s els podria acompanyar tota la vida,\" \/>\n<meta property=\"og:url\" content=\"https:\/\/diarieducacio.cat\/espiral\/2021\/11\/24\/mes-que-un-diagnostic\/\" \/>\n<meta property=\"og:site_name\" content=\"Espiral, educaci\u00f3n y tecnolog\u00eda\" \/>\n<meta property=\"article:publisher\" content=\"https:\/\/www.facebook.com\/diarieducacio\/\" \/>\n<meta property=\"article:published_time\" content=\"2021-11-24T03:00:50+00:00\" \/>\n<meta property=\"article:modified_time\" content=\"2024-05-13T15:31:19+00:00\" \/>\n<meta property=\"og:image\" content=\"https:\/\/diarieducacio.cat\/espiral\/wp-content\/uploads\/sites\/30\/2021\/11\/espiral.jpg\" \/>\n\t<meta property=\"og:image:width\" content=\"1163\" \/>\n\t<meta property=\"og:image:height\" content=\"774\" \/>\n\t<meta property=\"og:image:type\" content=\"image\/jpeg\" \/>\n<meta name=\"author\" content=\"Juan I. Morata\" \/>\n<meta name=\"twitter:card\" content=\"summary_large_image\" \/>\n<meta name=\"twitter:creator\" content=\"@DiariEducacio\" \/>\n<meta name=\"twitter:site\" content=\"@DiariEducacio\" \/>\n<meta name=\"twitter:label1\" content=\"Escrit per\" \/>\n\t<meta name=\"twitter:data1\" content=\"Juan I. Morata\" \/>\n\t<meta name=\"twitter:label2\" content=\"Temps estimat de lectura\" \/>\n\t<meta name=\"twitter:data2\" content=\"6 minuts\" \/>\n<script type=\"application\/ld+json\" class=\"yoast-schema-graph\">{\"@context\":\"https:\\\/\\\/schema.org\",\"@graph\":[{\"@type\":\"Article\",\"@id\":\"https:\\\/\\\/diarieducacio.cat\\\/espiral\\\/2021\\\/11\\\/24\\\/mes-que-un-diagnostic\\\/#article\",\"isPartOf\":{\"@id\":\"https:\\\/\\\/diarieducacio.cat\\\/espiral\\\/2021\\\/11\\\/24\\\/mes-que-un-diagnostic\\\/\"},\"author\":{\"name\":\"Juan I. Morata\",\"@id\":\"https:\\\/\\\/diarieducacio.cat\\\/espiral\\\/#\\\/schema\\\/person\\\/7acac22224ca4c3f11808920503418b1\"},\"headline\":\"M\u00e9s que un diagn\u00f2stic\",\"datePublished\":\"2021-11-24T03:00:50+00:00\",\"dateModified\":\"2024-05-13T15:31:19+00:00\",\"mainEntityOfPage\":{\"@id\":\"https:\\\/\\\/diarieducacio.cat\\\/espiral\\\/2021\\\/11\\\/24\\\/mes-que-un-diagnostic\\\/\"},\"wordCount\":1198,\"commentCount\":0,\"image\":{\"@id\":\"https:\\\/\\\/diarieducacio.cat\\\/espiral\\\/2021\\\/11\\\/24\\\/mes-que-un-diagnostic\\\/#primaryimage\"},\"thumbnailUrl\":\"https:\\\/\\\/diarieducacio.cat\\\/espiral\\\/wp-content\\\/uploads\\\/sites\\\/30\\\/2021\\\/11\\\/espiral.jpg\",\"articleSection\":[\"#espiral\"],\"inLanguage\":\"ca\",\"potentialAction\":[{\"@type\":\"CommentAction\",\"name\":\"Comment\",\"target\":[\"https:\\\/\\\/diarieducacio.cat\\\/espiral\\\/2021\\\/11\\\/24\\\/mes-que-un-diagnostic\\\/#respond\"]}]},{\"@type\":\"WebPage\",\"@id\":\"https:\\\/\\\/diarieducacio.cat\\\/espiral\\\/2021\\\/11\\\/24\\\/mes-que-un-diagnostic\\\/\",\"url\":\"https:\\\/\\\/diarieducacio.cat\\\/espiral\\\/2021\\\/11\\\/24\\\/mes-que-un-diagnostic\\\/\",\"name\":\"M\u00e9s que un diagn\u00f2stic - Espiral, educaci\u00f3n y tecnolog\u00eda\",\"isPartOf\":{\"@id\":\"https:\\\/\\\/diarieducacio.cat\\\/espiral\\\/#website\"},\"primaryImageOfPage\":{\"@id\":\"https:\\\/\\\/diarieducacio.cat\\\/espiral\\\/2021\\\/11\\\/24\\\/mes-que-un-diagnostic\\\/#primaryimage\"},\"image\":{\"@id\":\"https:\\\/\\\/diarieducacio.cat\\\/espiral\\\/2021\\\/11\\\/24\\\/mes-que-un-diagnostic\\\/#primaryimage\"},\"thumbnailUrl\":\"https:\\\/\\\/diarieducacio.cat\\\/espiral\\\/wp-content\\\/uploads\\\/sites\\\/30\\\/2021\\\/11\\\/espiral.jpg\",\"datePublished\":\"2021-11-24T03:00:50+00:00\",\"dateModified\":\"2024-05-13T15:31:19+00:00\",\"author\":{\"@id\":\"https:\\\/\\\/diarieducacio.cat\\\/espiral\\\/#\\\/schema\\\/person\\\/7acac22224ca4c3f11808920503418b1\"},\"breadcrumb\":{\"@id\":\"https:\\\/\\\/diarieducacio.cat\\\/espiral\\\/2021\\\/11\\\/24\\\/mes-que-un-diagnostic\\\/#breadcrumb\"},\"inLanguage\":\"ca\",\"potentialAction\":[{\"@type\":\"ReadAction\",\"target\":[\"https:\\\/\\\/diarieducacio.cat\\\/espiral\\\/2021\\\/11\\\/24\\\/mes-que-un-diagnostic\\\/\"]}]},{\"@type\":\"ImageObject\",\"inLanguage\":\"ca\",\"@id\":\"https:\\\/\\\/diarieducacio.cat\\\/espiral\\\/2021\\\/11\\\/24\\\/mes-que-un-diagnostic\\\/#primaryimage\",\"url\":\"https:\\\/\\\/diarieducacio.cat\\\/espiral\\\/wp-content\\\/uploads\\\/sites\\\/30\\\/2021\\\/11\\\/espiral.jpg\",\"contentUrl\":\"https:\\\/\\\/diarieducacio.cat\\\/espiral\\\/wp-content\\\/uploads\\\/sites\\\/30\\\/2021\\\/11\\\/espiral.jpg\",\"width\":1163,\"height\":774,\"caption\":\"L\u2019exposici\u00f3 'M\u00e9s que un diagn\u00f2stic'\"},{\"@type\":\"BreadcrumbList\",\"@id\":\"https:\\\/\\\/diarieducacio.cat\\\/espiral\\\/2021\\\/11\\\/24\\\/mes-que-un-diagnostic\\\/#breadcrumb\",\"itemListElement\":[{\"@type\":\"ListItem\",\"position\":1,\"name\":\"Inici\",\"item\":\"https:\\\/\\\/diarieducacio.cat\\\/espiral\\\/\"},{\"@type\":\"ListItem\",\"position\":2,\"name\":\"M\u00e9s que un diagn\u00f2stic\"}]},{\"@type\":\"WebSite\",\"@id\":\"https:\\\/\\\/diarieducacio.cat\\\/espiral\\\/#website\",\"url\":\"https:\\\/\\\/diarieducacio.cat\\\/espiral\\\/\",\"name\":\"Espiral, educaci\u00f3n y tecnolog\u00eda\",\"description\":\"Un blog de El Diari de l&#039;Educaci\u00f3\",\"potentialAction\":[{\"@type\":\"SearchAction\",\"target\":{\"@type\":\"EntryPoint\",\"urlTemplate\":\"https:\\\/\\\/diarieducacio.cat\\\/espiral\\\/?s={search_term_string}\"},\"query-input\":{\"@type\":\"PropertyValueSpecification\",\"valueRequired\":true,\"valueName\":\"search_term_string\"}}],\"inLanguage\":\"ca\"},{\"@type\":\"Person\",\"@id\":\"https:\\\/\\\/diarieducacio.cat\\\/espiral\\\/#\\\/schema\\\/person\\\/7acac22224ca4c3f11808920503418b1\",\"name\":\"Juan I. Morata\",\"image\":{\"@type\":\"ImageObject\",\"inLanguage\":\"ca\",\"@id\":\"https:\\\/\\\/secure.gravatar.com\\\/avatar\\\/49bde0255673dc8cd30263b0e02f35f31c2e67b887624c148bac37b3b7748efe?s=96&d=mm&r=g\",\"url\":\"https:\\\/\\\/secure.gravatar.com\\\/avatar\\\/49bde0255673dc8cd30263b0e02f35f31c2e67b887624c148bac37b3b7748efe?s=96&d=mm&r=g\",\"contentUrl\":\"https:\\\/\\\/secure.gravatar.com\\\/avatar\\\/49bde0255673dc8cd30263b0e02f35f31c2e67b887624c148bac37b3b7748efe?s=96&d=mm&r=g\",\"caption\":\"Juan I. Morata\"},\"url\":\"https:\\\/\\\/diarieducacio.cat\\\/espiral\\\/author\\\/juanmorata\\\/\"}]}<\/script>\n<!-- \/ Yoast SEO plugin. -->","yoast_head_json":{"title":"M\u00e9s que un diagn\u00f2stic - Espiral, educaci\u00f3n y tecnolog\u00eda","robots":{"index":"index","follow":"follow","max-snippet":"max-snippet:-1","max-image-preview":"max-image-preview:large","max-video-preview":"max-video-preview:-1"},"canonical":"https:\/\/diarieducacio.cat\/espiral\/2021\/11\/24\/mes-que-un-diagnostic\/","og_locale":"ca_ES","og_type":"article","og_title":"M\u00e9s que un diagn\u00f2stic - Espiral, educaci\u00f3n y tecnolog\u00eda","og_description":"Autisme, d\u00e8ficit d\u2019atenci\u00f3, ansietat, anor\u00e8xia\u2026 Precipitar-se a l\u2019hora d\u2019emetre un diagn\u00f2stic o arribar a una conclusi\u00f3 definitiva per a un nen o una nena per tenir un comportament inhabitual o estrany amb tan sols tres anys pot portar a que se\u2019ls pengi una etiqueta, un sanbenito, que no nom\u00e9s els podria acompanyar tota la vida,","og_url":"https:\/\/diarieducacio.cat\/espiral\/2021\/11\/24\/mes-que-un-diagnostic\/","og_site_name":"Espiral, educaci\u00f3n y tecnolog\u00eda","article_publisher":"https:\/\/www.facebook.com\/diarieducacio\/","article_published_time":"2021-11-24T03:00:50+00:00","article_modified_time":"2024-05-13T15:31:19+00:00","og_image":[{"width":1163,"height":774,"url":"https:\/\/diarieducacio.cat\/espiral\/wp-content\/uploads\/sites\/30\/2021\/11\/espiral.jpg","type":"image\/jpeg"}],"author":"Juan I. Morata","twitter_card":"summary_large_image","twitter_creator":"@DiariEducacio","twitter_site":"@DiariEducacio","twitter_misc":{"Escrit per":"Juan I. Morata","Temps estimat de lectura":"6 minuts"},"schema":{"@context":"https:\/\/schema.org","@graph":[{"@type":"Article","@id":"https:\/\/diarieducacio.cat\/espiral\/2021\/11\/24\/mes-que-un-diagnostic\/#article","isPartOf":{"@id":"https:\/\/diarieducacio.cat\/espiral\/2021\/11\/24\/mes-que-un-diagnostic\/"},"author":{"name":"Juan I. Morata","@id":"https:\/\/diarieducacio.cat\/espiral\/#\/schema\/person\/7acac22224ca4c3f11808920503418b1"},"headline":"M\u00e9s que un diagn\u00f2stic","datePublished":"2021-11-24T03:00:50+00:00","dateModified":"2024-05-13T15:31:19+00:00","mainEntityOfPage":{"@id":"https:\/\/diarieducacio.cat\/espiral\/2021\/11\/24\/mes-que-un-diagnostic\/"},"wordCount":1198,"commentCount":0,"image":{"@id":"https:\/\/diarieducacio.cat\/espiral\/2021\/11\/24\/mes-que-un-diagnostic\/#primaryimage"},"thumbnailUrl":"https:\/\/diarieducacio.cat\/espiral\/wp-content\/uploads\/sites\/30\/2021\/11\/espiral.jpg","articleSection":["#espiral"],"inLanguage":"ca","potentialAction":[{"@type":"CommentAction","name":"Comment","target":["https:\/\/diarieducacio.cat\/espiral\/2021\/11\/24\/mes-que-un-diagnostic\/#respond"]}]},{"@type":"WebPage","@id":"https:\/\/diarieducacio.cat\/espiral\/2021\/11\/24\/mes-que-un-diagnostic\/","url":"https:\/\/diarieducacio.cat\/espiral\/2021\/11\/24\/mes-que-un-diagnostic\/","name":"M\u00e9s que un diagn\u00f2stic - Espiral, educaci\u00f3n y tecnolog\u00eda","isPartOf":{"@id":"https:\/\/diarieducacio.cat\/espiral\/#website"},"primaryImageOfPage":{"@id":"https:\/\/diarieducacio.cat\/espiral\/2021\/11\/24\/mes-que-un-diagnostic\/#primaryimage"},"image":{"@id":"https:\/\/diarieducacio.cat\/espiral\/2021\/11\/24\/mes-que-un-diagnostic\/#primaryimage"},"thumbnailUrl":"https:\/\/diarieducacio.cat\/espiral\/wp-content\/uploads\/sites\/30\/2021\/11\/espiral.jpg","datePublished":"2021-11-24T03:00:50+00:00","dateModified":"2024-05-13T15:31:19+00:00","author":{"@id":"https:\/\/diarieducacio.cat\/espiral\/#\/schema\/person\/7acac22224ca4c3f11808920503418b1"},"breadcrumb":{"@id":"https:\/\/diarieducacio.cat\/espiral\/2021\/11\/24\/mes-que-un-diagnostic\/#breadcrumb"},"inLanguage":"ca","potentialAction":[{"@type":"ReadAction","target":["https:\/\/diarieducacio.cat\/espiral\/2021\/11\/24\/mes-que-un-diagnostic\/"]}]},{"@type":"ImageObject","inLanguage":"ca","@id":"https:\/\/diarieducacio.cat\/espiral\/2021\/11\/24\/mes-que-un-diagnostic\/#primaryimage","url":"https:\/\/diarieducacio.cat\/espiral\/wp-content\/uploads\/sites\/30\/2021\/11\/espiral.jpg","contentUrl":"https:\/\/diarieducacio.cat\/espiral\/wp-content\/uploads\/sites\/30\/2021\/11\/espiral.jpg","width":1163,"height":774,"caption":"L\u2019exposici\u00f3 'M\u00e9s que un diagn\u00f2stic'"},{"@type":"BreadcrumbList","@id":"https:\/\/diarieducacio.cat\/espiral\/2021\/11\/24\/mes-que-un-diagnostic\/#breadcrumb","itemListElement":[{"@type":"ListItem","position":1,"name":"Inici","item":"https:\/\/diarieducacio.cat\/espiral\/"},{"@type":"ListItem","position":2,"name":"M\u00e9s que un diagn\u00f2stic"}]},{"@type":"WebSite","@id":"https:\/\/diarieducacio.cat\/espiral\/#website","url":"https:\/\/diarieducacio.cat\/espiral\/","name":"Espiral, educaci\u00f3n y tecnolog\u00eda","description":"Un blog de El Diari de l&#039;Educaci\u00f3","potentialAction":[{"@type":"SearchAction","target":{"@type":"EntryPoint","urlTemplate":"https:\/\/diarieducacio.cat\/espiral\/?s={search_term_string}"},"query-input":{"@type":"PropertyValueSpecification","valueRequired":true,"valueName":"search_term_string"}}],"inLanguage":"ca"},{"@type":"Person","@id":"https:\/\/diarieducacio.cat\/espiral\/#\/schema\/person\/7acac22224ca4c3f11808920503418b1","name":"Juan I. Morata","image":{"@type":"ImageObject","inLanguage":"ca","@id":"https:\/\/secure.gravatar.com\/avatar\/49bde0255673dc8cd30263b0e02f35f31c2e67b887624c148bac37b3b7748efe?s=96&d=mm&r=g","url":"https:\/\/secure.gravatar.com\/avatar\/49bde0255673dc8cd30263b0e02f35f31c2e67b887624c148bac37b3b7748efe?s=96&d=mm&r=g","contentUrl":"https:\/\/secure.gravatar.com\/avatar\/49bde0255673dc8cd30263b0e02f35f31c2e67b887624c148bac37b3b7748efe?s=96&d=mm&r=g","caption":"Juan I. Morata"},"url":"https:\/\/diarieducacio.cat\/espiral\/author\/juanmorata\/"}]}},"_links":{"self":[{"href":"https:\/\/diarieducacio.cat\/espiral\/wp-json\/wp\/v2\/posts\/206","targetHints":{"allow":["GET"]}}],"collection":[{"href":"https:\/\/diarieducacio.cat\/espiral\/wp-json\/wp\/v2\/posts"}],"about":[{"href":"https:\/\/diarieducacio.cat\/espiral\/wp-json\/wp\/v2\/types\/post"}],"author":[{"embeddable":true,"href":"https:\/\/diarieducacio.cat\/espiral\/wp-json\/wp\/v2\/users\/511"}],"replies":[{"embeddable":true,"href":"https:\/\/diarieducacio.cat\/espiral\/wp-json\/wp\/v2\/comments?post=206"}],"version-history":[{"count":1,"href":"https:\/\/diarieducacio.cat\/espiral\/wp-json\/wp\/v2\/posts\/206\/revisions"}],"predecessor-version":[{"id":1862,"href":"https:\/\/diarieducacio.cat\/espiral\/wp-json\/wp\/v2\/posts\/206\/revisions\/1862"}],"wp:featuredmedia":[{"embeddable":true,"href":"https:\/\/diarieducacio.cat\/espiral\/wp-json\/wp\/v2\/media\/207"}],"wp:attachment":[{"href":"https:\/\/diarieducacio.cat\/espiral\/wp-json\/wp\/v2\/media?parent=206"}],"wp:term":[{"taxonomy":"category","embeddable":true,"href":"https:\/\/diarieducacio.cat\/espiral\/wp-json\/wp\/v2\/categories?post=206"},{"taxonomy":"post_tag","embeddable":true,"href":"https:\/\/diarieducacio.cat\/espiral\/wp-json\/wp\/v2\/tags?post=206"},{"taxonomy":"tipo","embeddable":true,"href":"https:\/\/diarieducacio.cat\/espiral\/wp-json\/wp\/v2\/tipo?post=206"}],"curies":[{"name":"wp","href":"https:\/\/api.w.org\/{rel}","templated":true}]}}