{"id":213,"date":"2022-01-03T01:46:25","date_gmt":"2022-01-02T23:46:25","guid":{"rendered":"https:\/\/diarieducacio.cat\/espiral\/?p=213"},"modified":"2024-05-13T17:31:19","modified_gmt":"2024-05-13T15:31:19","slug":"aquells-que-intenten-salvar-el-mon","status":"publish","type":"post","link":"https:\/\/diarieducacio.cat\/espiral\/2022\/01\/03\/aquells-que-intenten-salvar-el-mon\/","title":{"rendered":"Aquells que intenten salvar el m\u00f3n"},"content":{"rendered":"<p>Des de l\u2019\u00e8poca dels grecs, de la m\u00e0 de Plat\u00f3, s\u2019observa la necessitat d\u2019educar la persona en i per a la societat. A partir d\u2019aquesta idea, comencen a sorgir recursos i iniciatives que permeten ajudar i\/o acompanyar aquells que ho necessiten dins dels diferents col\u00b7lectius. Aix\u00f2 mostra com l\u2019educaci\u00f3 social, disciplina objecte d\u2019aquest post, \u00e9s una forma de treballar que es t\u00e9 en compte des de temps remots.<\/p>\n<p>Avui dia, molta gent no coneix aquesta professi\u00f3 o no \u00e9s conscient de la necessitat que existeix de tenir aquestes figures en l\u2019actualitat. L\u2019educaci\u00f3 social \u00e9s una disciplina pedag\u00f2gica que busca acompanyar les persones en el seu dia a dia, facilitant-los les eines necess\u00e0ries per al seu desenvolupament en societat. Els qui s\u2019embarquen en l\u2019aventura de fer aquests estudis s\u00f3n conscients que han de travessar la l\u00ednia (invisible) d\u2019all\u00f2 personal i all\u00f2 professional, bolcar la seva vida en els col\u00b7lectius en risc d\u2019exclusi\u00f3, des de la immigraci\u00f3, la viol\u00e8ncia de g\u00e8nere, persones sense llar, tercera edat, nens, adolescents, diversitat funcional\u2026 fins a intentar, a poc a poc, introduir-se en les escoles. A m\u00e9s, t\u00e9 les funcions de: transmetre, desenvolupar i promocionar la cultura, con\u00e8ixer, analitzar i investigar els contextos, mediaci\u00f3, generar xarxes i dissenyar, implementar i avaluar programes i projectes.<\/p>\n<p>L\u2019\u00faltim \u00e0mbit esmentat, els centres educatius, \u00e9s el menys accessible per als educadors, doncs es considera que no \u00e9s necessari perqu\u00e8 existeixen altres figures com el psic\u00f2leg, orientador\u2026 per\u00f2 les seves funcions no tenen res a veure amb les que un educador podria representar. Dins la <em>Ley de protecci\u00f3n a la infancia y a la adolescencia frente a la violencia, <\/em><em>Ley<\/em><em>\u00a0Org\u00e1nica 8\/2021, de 4 de junio<\/em>, s\u2019esmenta la necessitat que existeixi, als centres, la figura del coordinador o coordinadora de benestar i protecci\u00f3. Aquest s\u2019encarregaria de crear plans sobre prevenci\u00f3, detecci\u00f3 i protecci\u00f3, vigilar l\u2019atenci\u00f3 als alumnes, promoure formes de mediaci\u00f3\u2026 entre moltes altres coses. Tenint en compte les funcions de l\u2019educador mencionades anteriorment, seria el professional correcte per representar aquest c\u00e0rrec. Malgrat aix\u00f2, hi ha molt rebuig perqu\u00e8 pugui portar-se a terme.<\/p>\n<blockquote><p>L&#8217;\u00e0mbit de l&#8217;educaci\u00f3 formal \u00e9s el menys accessible per als educadors socials, perqu\u00e8 existeixen les figures del psicopedagog i l&#8217;orientador, per\u00f2 les seves funcions no tenen res a veure amb les que pot representar un educador<\/p><\/blockquote>\n<p>La societat actual podria considerar-se m\u00e9s igualit\u00e0ria respecte a altres etapes de la hist\u00f2ria. No obstant, s\u2019observa, dia rere dia, un gran nombre de desigualtats de diversos tipus. \u00c9s cert que els educadors socials no s\u00f3n <em>herois<\/em> ni busquen arreglar el m\u00f3n, per\u00f2 el fet de poder comptar amb aquesta figura dins de les diferents comunitats permetria que moltes persones que es troben en algun tipus de necessitat o de situaci\u00f3 desfavorable poguessin sentir-se acompanyades i arribessin a trobar all\u00f2 que els permet\u00e9s superar la dificultat.<\/p>\n<p>L\u2019exemple clar que els educadors socials s\u00f3n una figura poc reconeguda dins del m\u00f3n laboral i social el vivim els qui decidim dedicar-nos a aquesta professi\u00f3 cada vegada que diem quin \u00e9s el nostre ofici. Molt poca gent sap qu\u00e8 \u00e9s un educador social. Les respostes m\u00e9s quotidianes s\u00f3n: \u201cLlavors, estudies per a professora\u201d, \u201ctreballar\u00e0s amb la gent del carrer\u201d, \u201co sigui, treballador social\u201d. O, simplement, els ho expliques, assenteixen, per\u00f2 veus que no arriben a captar quin \u00e9s el nostre paper dins la societat.<\/p>\n<p>Quelcom molt com\u00fa que acostuma a donar-se en la nostra professi\u00f3 \u00e9s el fet que existeix un gran volum d&#8217;intrusisme laboral. En el poc temps que porto en aquest m\u00f3n he compartit treball amb psic\u00f2legs, treballadors socials, fil\u00f2sofs, pedagogs\u2026 que malgrat poden entrar en l\u2019\u00e0mbit social, no haurien d\u2019ocupar la pla\u00e7a que li correspon a un educador social.<\/p>\n<h4>Conclusions<\/h4>\n<ul>\n<li>Un educador o educadora orienta els diferents col\u00b7lectiu socials.<\/li>\n<li>Un educador o educadora no ajuda, acompanya.<\/li>\n<li>Un educador o educadora \u00e9s necessari dins dels instituts per acompanyar l\u2019alumnat.<\/li>\n<li>Aquests professionals busquen la construcci\u00f3 d\u2019una societat m\u00e9s justa i per aix\u00f2 necessiten comptar tamb\u00e9 amb la participaci\u00f3 de tota la societat.<\/li>\n<\/ul>\n<hr \/>\n<h5>Bibliografia<\/h5>\n<ul>\n<li>\u00c1lvarez Fern\u00e1ndez, A. (2017). <em>El desempe\u00f1o profesional del educador y la educadora social: funciones, competencias y creencias de autoeficacia<\/em>.<\/li>\n<li>COPESPA. (s. f.). Copespa. http:\/\/www.copespa.com\/<\/li>\n<li><a href=\"http:\/\/ocesocial.blogspot.com\/p\/historia-de-la-educacion-social.html#:%7E:text=La%20Educaci%C3%B3n%20Social%20tiene%20sus,ser%20educado%20para%20la%20comunidad.&amp;text=La%20Educaci%C3%B3n%20Social%20estuvo%20estrechamente,crearon%20centros%20de%20ayuda%20social.\">Historia de la Educaci\u00f3n Social. (s. f.). OCE Social<\/a>.<\/li>\n<li>Ley\u00a0Org\u00e1nica 8\/2021, por la cual se aporta protecci\u00f3n a ni\u00f1os y adolescentes frente a la violencia, 4 de junio de 2021<\/li>\n<\/ul>\n","protected":false},"excerpt":{"rendered":"<p>Des de l\u2019\u00e8poca dels grecs, de la m\u00e0 de Plat\u00f3, s\u2019observa la necessitat d\u2019educar la persona en i per a la societat. A partir d\u2019aquesta idea, comencen a sorgir recursos i iniciatives que permeten ajudar i\/o acompanyar aquells que ho necessiten dins dels diferents col\u00b7lectius. Aix\u00f2 mostra com l\u2019educaci\u00f3 social, disciplina objecte d\u2019aquest post, \u00e9s<\/p>\n","protected":false},"author":512,"featured_media":216,"comment_status":"open","ping_status":"closed","sticky":false,"template":"","format":"standard","meta":{"footnotes":""},"categories":[2],"tags":[123],"tipo":[143],"class_list":{"0":"post-213","1":"post","2":"type-post","3":"status-publish","4":"format-standard","5":"has-post-thumbnail","7":"category-general","8":"tag-educacio-social","9":"tipo-opinio"},"yoast_head":"<!-- This site is optimized with the Yoast SEO plugin v27.5 - https:\/\/yoast.com\/product\/yoast-seo-wordpress\/ -->\n<title>Aquells que intenten salvar el m\u00f3n - Espiral, educaci\u00f3n y tecnolog\u00eda<\/title>\n<meta name=\"robots\" content=\"index, follow, max-snippet:-1, max-image-preview:large, max-video-preview:-1\" \/>\n<link rel=\"canonical\" href=\"https:\/\/diarieducacio.cat\/espiral\/2022\/01\/03\/aquells-que-intenten-salvar-el-mon\/\" \/>\n<meta property=\"og:locale\" content=\"ca_ES\" \/>\n<meta property=\"og:type\" content=\"article\" \/>\n<meta property=\"og:title\" content=\"Aquells que intenten salvar el m\u00f3n - Espiral, educaci\u00f3n y tecnolog\u00eda\" \/>\n<meta property=\"og:description\" content=\"Des de l\u2019\u00e8poca dels grecs, de la m\u00e0 de Plat\u00f3, s\u2019observa la necessitat d\u2019educar la persona en i per a la societat. A partir d\u2019aquesta idea, comencen a sorgir recursos i iniciatives que permeten ajudar i\/o acompanyar aquells que ho necessiten dins dels diferents col\u00b7lectius. Aix\u00f2 mostra com l\u2019educaci\u00f3 social, disciplina objecte d\u2019aquest post, \u00e9s\" \/>\n<meta property=\"og:url\" content=\"https:\/\/diarieducacio.cat\/espiral\/2022\/01\/03\/aquells-que-intenten-salvar-el-mon\/\" \/>\n<meta property=\"og:site_name\" content=\"Espiral, educaci\u00f3n y tecnolog\u00eda\" \/>\n<meta property=\"article:publisher\" content=\"https:\/\/www.facebook.com\/diarieducacio\/\" \/>\n<meta property=\"article:published_time\" content=\"2022-01-02T23:46:25+00:00\" \/>\n<meta property=\"article:modified_time\" content=\"2024-05-13T15:31:19+00:00\" \/>\n<meta property=\"og:image\" content=\"https:\/\/diarieducacio.cat\/espiral\/wp-content\/uploads\/sites\/30\/2022\/01\/ElTiler_02.jpeg\" \/>\n\t<meta property=\"og:image:width\" content=\"1200\" \/>\n\t<meta property=\"og:image:height\" content=\"900\" \/>\n\t<meta property=\"og:image:type\" content=\"image\/jpeg\" \/>\n<meta name=\"author\" content=\"Ana Peralta Beltr\u00e1n\" \/>\n<meta name=\"twitter:card\" content=\"summary_large_image\" \/>\n<meta name=\"twitter:creator\" content=\"@DiariEducacio\" \/>\n<meta name=\"twitter:site\" content=\"@DiariEducacio\" \/>\n<meta name=\"twitter:label1\" content=\"Escrit per\" \/>\n\t<meta name=\"twitter:data1\" content=\"Ana Peralta Beltr\u00e1n\" \/>\n\t<meta name=\"twitter:label2\" content=\"Temps estimat de lectura\" \/>\n\t<meta name=\"twitter:data2\" content=\"4 minuts\" \/>\n<script type=\"application\/ld+json\" class=\"yoast-schema-graph\">{\"@context\":\"https:\\\/\\\/schema.org\",\"@graph\":[{\"@type\":\"Article\",\"@id\":\"https:\\\/\\\/diarieducacio.cat\\\/espiral\\\/2022\\\/01\\\/03\\\/aquells-que-intenten-salvar-el-mon\\\/#article\",\"isPartOf\":{\"@id\":\"https:\\\/\\\/diarieducacio.cat\\\/espiral\\\/2022\\\/01\\\/03\\\/aquells-que-intenten-salvar-el-mon\\\/\"},\"author\":{\"name\":\"Ana Peralta Beltr\u00e1n\",\"@id\":\"https:\\\/\\\/diarieducacio.cat\\\/espiral\\\/#\\\/schema\\\/person\\\/cb26dc20205e14f308cfa7362788525b\"},\"headline\":\"Aquells que intenten salvar el m\u00f3n\",\"datePublished\":\"2022-01-02T23:46:25+00:00\",\"dateModified\":\"2024-05-13T15:31:19+00:00\",\"mainEntityOfPage\":{\"@id\":\"https:\\\/\\\/diarieducacio.cat\\\/espiral\\\/2022\\\/01\\\/03\\\/aquells-que-intenten-salvar-el-mon\\\/\"},\"wordCount\":783,\"commentCount\":0,\"image\":{\"@id\":\"https:\\\/\\\/diarieducacio.cat\\\/espiral\\\/2022\\\/01\\\/03\\\/aquells-que-intenten-salvar-el-mon\\\/#primaryimage\"},\"thumbnailUrl\":\"https:\\\/\\\/diarieducacio.cat\\\/espiral\\\/wp-content\\\/uploads\\\/sites\\\/30\\\/2022\\\/01\\\/ElTiler_02.jpeg\",\"keywords\":[\"educaci\u00f3 social\"],\"articleSection\":[\"General\"],\"inLanguage\":\"ca\",\"potentialAction\":[{\"@type\":\"CommentAction\",\"name\":\"Comment\",\"target\":[\"https:\\\/\\\/diarieducacio.cat\\\/espiral\\\/2022\\\/01\\\/03\\\/aquells-que-intenten-salvar-el-mon\\\/#respond\"]}]},{\"@type\":\"WebPage\",\"@id\":\"https:\\\/\\\/diarieducacio.cat\\\/espiral\\\/2022\\\/01\\\/03\\\/aquells-que-intenten-salvar-el-mon\\\/\",\"url\":\"https:\\\/\\\/diarieducacio.cat\\\/espiral\\\/2022\\\/01\\\/03\\\/aquells-que-intenten-salvar-el-mon\\\/\",\"name\":\"Aquells que intenten salvar el m\u00f3n - Espiral, educaci\u00f3n y tecnolog\u00eda\",\"isPartOf\":{\"@id\":\"https:\\\/\\\/diarieducacio.cat\\\/espiral\\\/#website\"},\"primaryImageOfPage\":{\"@id\":\"https:\\\/\\\/diarieducacio.cat\\\/espiral\\\/2022\\\/01\\\/03\\\/aquells-que-intenten-salvar-el-mon\\\/#primaryimage\"},\"image\":{\"@id\":\"https:\\\/\\\/diarieducacio.cat\\\/espiral\\\/2022\\\/01\\\/03\\\/aquells-que-intenten-salvar-el-mon\\\/#primaryimage\"},\"thumbnailUrl\":\"https:\\\/\\\/diarieducacio.cat\\\/espiral\\\/wp-content\\\/uploads\\\/sites\\\/30\\\/2022\\\/01\\\/ElTiler_02.jpeg\",\"datePublished\":\"2022-01-02T23:46:25+00:00\",\"dateModified\":\"2024-05-13T15:31:19+00:00\",\"author\":{\"@id\":\"https:\\\/\\\/diarieducacio.cat\\\/espiral\\\/#\\\/schema\\\/person\\\/cb26dc20205e14f308cfa7362788525b\"},\"breadcrumb\":{\"@id\":\"https:\\\/\\\/diarieducacio.cat\\\/espiral\\\/2022\\\/01\\\/03\\\/aquells-que-intenten-salvar-el-mon\\\/#breadcrumb\"},\"inLanguage\":\"ca\",\"potentialAction\":[{\"@type\":\"ReadAction\",\"target\":[\"https:\\\/\\\/diarieducacio.cat\\\/espiral\\\/2022\\\/01\\\/03\\\/aquells-que-intenten-salvar-el-mon\\\/\"]}]},{\"@type\":\"ImageObject\",\"inLanguage\":\"ca\",\"@id\":\"https:\\\/\\\/diarieducacio.cat\\\/espiral\\\/2022\\\/01\\\/03\\\/aquells-que-intenten-salvar-el-mon\\\/#primaryimage\",\"url\":\"https:\\\/\\\/diarieducacio.cat\\\/espiral\\\/wp-content\\\/uploads\\\/sites\\\/30\\\/2022\\\/01\\\/ElTiler_02.jpeg\",\"contentUrl\":\"https:\\\/\\\/diarieducacio.cat\\\/espiral\\\/wp-content\\\/uploads\\\/sites\\\/30\\\/2022\\\/01\\\/ElTiler_02.jpeg\",\"width\":1200,\"height\":900,\"caption\":\"Fam\u00edlies d'un centre de m\u00e0xima complexitat de Barcelona (juny 2020) | Foto: CEESC\"},{\"@type\":\"BreadcrumbList\",\"@id\":\"https:\\\/\\\/diarieducacio.cat\\\/espiral\\\/2022\\\/01\\\/03\\\/aquells-que-intenten-salvar-el-mon\\\/#breadcrumb\",\"itemListElement\":[{\"@type\":\"ListItem\",\"position\":1,\"name\":\"Inici\",\"item\":\"https:\\\/\\\/diarieducacio.cat\\\/espiral\\\/\"},{\"@type\":\"ListItem\",\"position\":2,\"name\":\"Aquells que intenten salvar el m\u00f3n\"}]},{\"@type\":\"WebSite\",\"@id\":\"https:\\\/\\\/diarieducacio.cat\\\/espiral\\\/#website\",\"url\":\"https:\\\/\\\/diarieducacio.cat\\\/espiral\\\/\",\"name\":\"Espiral, educaci\u00f3n y tecnolog\u00eda\",\"description\":\"Un blog de El Diari de l&#039;Educaci\u00f3\",\"potentialAction\":[{\"@type\":\"SearchAction\",\"target\":{\"@type\":\"EntryPoint\",\"urlTemplate\":\"https:\\\/\\\/diarieducacio.cat\\\/espiral\\\/?s={search_term_string}\"},\"query-input\":{\"@type\":\"PropertyValueSpecification\",\"valueRequired\":true,\"valueName\":\"search_term_string\"}}],\"inLanguage\":\"ca\"},{\"@type\":\"Person\",\"@id\":\"https:\\\/\\\/diarieducacio.cat\\\/espiral\\\/#\\\/schema\\\/person\\\/cb26dc20205e14f308cfa7362788525b\",\"name\":\"Ana Peralta Beltr\u00e1n\",\"image\":{\"@type\":\"ImageObject\",\"inLanguage\":\"ca\",\"@id\":\"https:\\\/\\\/secure.gravatar.com\\\/avatar\\\/a532a23b84659ed8a7dcb71a7e8ab2a4159e1e02e9a51832dc88e6d6792e2c28?s=96&d=mm&r=g\",\"url\":\"https:\\\/\\\/secure.gravatar.com\\\/avatar\\\/a532a23b84659ed8a7dcb71a7e8ab2a4159e1e02e9a51832dc88e6d6792e2c28?s=96&d=mm&r=g\",\"contentUrl\":\"https:\\\/\\\/secure.gravatar.com\\\/avatar\\\/a532a23b84659ed8a7dcb71a7e8ab2a4159e1e02e9a51832dc88e6d6792e2c28?s=96&d=mm&r=g\",\"caption\":\"Ana Peralta Beltr\u00e1n\"},\"url\":\"https:\\\/\\\/diarieducacio.cat\\\/espiral\\\/author\\\/aperalta\\\/\"}]}<\/script>\n<!-- \/ Yoast SEO plugin. -->","yoast_head_json":{"title":"Aquells que intenten salvar el m\u00f3n - Espiral, educaci\u00f3n y tecnolog\u00eda","robots":{"index":"index","follow":"follow","max-snippet":"max-snippet:-1","max-image-preview":"max-image-preview:large","max-video-preview":"max-video-preview:-1"},"canonical":"https:\/\/diarieducacio.cat\/espiral\/2022\/01\/03\/aquells-que-intenten-salvar-el-mon\/","og_locale":"ca_ES","og_type":"article","og_title":"Aquells que intenten salvar el m\u00f3n - Espiral, educaci\u00f3n y tecnolog\u00eda","og_description":"Des de l\u2019\u00e8poca dels grecs, de la m\u00e0 de Plat\u00f3, s\u2019observa la necessitat d\u2019educar la persona en i per a la societat. A partir d\u2019aquesta idea, comencen a sorgir recursos i iniciatives que permeten ajudar i\/o acompanyar aquells que ho necessiten dins dels diferents col\u00b7lectius. Aix\u00f2 mostra com l\u2019educaci\u00f3 social, disciplina objecte d\u2019aquest post, \u00e9s","og_url":"https:\/\/diarieducacio.cat\/espiral\/2022\/01\/03\/aquells-que-intenten-salvar-el-mon\/","og_site_name":"Espiral, educaci\u00f3n y tecnolog\u00eda","article_publisher":"https:\/\/www.facebook.com\/diarieducacio\/","article_published_time":"2022-01-02T23:46:25+00:00","article_modified_time":"2024-05-13T15:31:19+00:00","og_image":[{"width":1200,"height":900,"url":"https:\/\/diarieducacio.cat\/espiral\/wp-content\/uploads\/sites\/30\/2022\/01\/ElTiler_02.jpeg","type":"image\/jpeg"}],"author":"Ana Peralta Beltr\u00e1n","twitter_card":"summary_large_image","twitter_creator":"@DiariEducacio","twitter_site":"@DiariEducacio","twitter_misc":{"Escrit per":"Ana Peralta Beltr\u00e1n","Temps estimat de lectura":"4 minuts"},"schema":{"@context":"https:\/\/schema.org","@graph":[{"@type":"Article","@id":"https:\/\/diarieducacio.cat\/espiral\/2022\/01\/03\/aquells-que-intenten-salvar-el-mon\/#article","isPartOf":{"@id":"https:\/\/diarieducacio.cat\/espiral\/2022\/01\/03\/aquells-que-intenten-salvar-el-mon\/"},"author":{"name":"Ana Peralta Beltr\u00e1n","@id":"https:\/\/diarieducacio.cat\/espiral\/#\/schema\/person\/cb26dc20205e14f308cfa7362788525b"},"headline":"Aquells que intenten salvar el m\u00f3n","datePublished":"2022-01-02T23:46:25+00:00","dateModified":"2024-05-13T15:31:19+00:00","mainEntityOfPage":{"@id":"https:\/\/diarieducacio.cat\/espiral\/2022\/01\/03\/aquells-que-intenten-salvar-el-mon\/"},"wordCount":783,"commentCount":0,"image":{"@id":"https:\/\/diarieducacio.cat\/espiral\/2022\/01\/03\/aquells-que-intenten-salvar-el-mon\/#primaryimage"},"thumbnailUrl":"https:\/\/diarieducacio.cat\/espiral\/wp-content\/uploads\/sites\/30\/2022\/01\/ElTiler_02.jpeg","keywords":["educaci\u00f3 social"],"articleSection":["General"],"inLanguage":"ca","potentialAction":[{"@type":"CommentAction","name":"Comment","target":["https:\/\/diarieducacio.cat\/espiral\/2022\/01\/03\/aquells-que-intenten-salvar-el-mon\/#respond"]}]},{"@type":"WebPage","@id":"https:\/\/diarieducacio.cat\/espiral\/2022\/01\/03\/aquells-que-intenten-salvar-el-mon\/","url":"https:\/\/diarieducacio.cat\/espiral\/2022\/01\/03\/aquells-que-intenten-salvar-el-mon\/","name":"Aquells que intenten salvar el m\u00f3n - Espiral, educaci\u00f3n y tecnolog\u00eda","isPartOf":{"@id":"https:\/\/diarieducacio.cat\/espiral\/#website"},"primaryImageOfPage":{"@id":"https:\/\/diarieducacio.cat\/espiral\/2022\/01\/03\/aquells-que-intenten-salvar-el-mon\/#primaryimage"},"image":{"@id":"https:\/\/diarieducacio.cat\/espiral\/2022\/01\/03\/aquells-que-intenten-salvar-el-mon\/#primaryimage"},"thumbnailUrl":"https:\/\/diarieducacio.cat\/espiral\/wp-content\/uploads\/sites\/30\/2022\/01\/ElTiler_02.jpeg","datePublished":"2022-01-02T23:46:25+00:00","dateModified":"2024-05-13T15:31:19+00:00","author":{"@id":"https:\/\/diarieducacio.cat\/espiral\/#\/schema\/person\/cb26dc20205e14f308cfa7362788525b"},"breadcrumb":{"@id":"https:\/\/diarieducacio.cat\/espiral\/2022\/01\/03\/aquells-que-intenten-salvar-el-mon\/#breadcrumb"},"inLanguage":"ca","potentialAction":[{"@type":"ReadAction","target":["https:\/\/diarieducacio.cat\/espiral\/2022\/01\/03\/aquells-que-intenten-salvar-el-mon\/"]}]},{"@type":"ImageObject","inLanguage":"ca","@id":"https:\/\/diarieducacio.cat\/espiral\/2022\/01\/03\/aquells-que-intenten-salvar-el-mon\/#primaryimage","url":"https:\/\/diarieducacio.cat\/espiral\/wp-content\/uploads\/sites\/30\/2022\/01\/ElTiler_02.jpeg","contentUrl":"https:\/\/diarieducacio.cat\/espiral\/wp-content\/uploads\/sites\/30\/2022\/01\/ElTiler_02.jpeg","width":1200,"height":900,"caption":"Fam\u00edlies d'un centre de m\u00e0xima complexitat de Barcelona (juny 2020) | Foto: CEESC"},{"@type":"BreadcrumbList","@id":"https:\/\/diarieducacio.cat\/espiral\/2022\/01\/03\/aquells-que-intenten-salvar-el-mon\/#breadcrumb","itemListElement":[{"@type":"ListItem","position":1,"name":"Inici","item":"https:\/\/diarieducacio.cat\/espiral\/"},{"@type":"ListItem","position":2,"name":"Aquells que intenten salvar el m\u00f3n"}]},{"@type":"WebSite","@id":"https:\/\/diarieducacio.cat\/espiral\/#website","url":"https:\/\/diarieducacio.cat\/espiral\/","name":"Espiral, educaci\u00f3n y tecnolog\u00eda","description":"Un blog de El Diari de l&#039;Educaci\u00f3","potentialAction":[{"@type":"SearchAction","target":{"@type":"EntryPoint","urlTemplate":"https:\/\/diarieducacio.cat\/espiral\/?s={search_term_string}"},"query-input":{"@type":"PropertyValueSpecification","valueRequired":true,"valueName":"search_term_string"}}],"inLanguage":"ca"},{"@type":"Person","@id":"https:\/\/diarieducacio.cat\/espiral\/#\/schema\/person\/cb26dc20205e14f308cfa7362788525b","name":"Ana Peralta Beltr\u00e1n","image":{"@type":"ImageObject","inLanguage":"ca","@id":"https:\/\/secure.gravatar.com\/avatar\/a532a23b84659ed8a7dcb71a7e8ab2a4159e1e02e9a51832dc88e6d6792e2c28?s=96&d=mm&r=g","url":"https:\/\/secure.gravatar.com\/avatar\/a532a23b84659ed8a7dcb71a7e8ab2a4159e1e02e9a51832dc88e6d6792e2c28?s=96&d=mm&r=g","contentUrl":"https:\/\/secure.gravatar.com\/avatar\/a532a23b84659ed8a7dcb71a7e8ab2a4159e1e02e9a51832dc88e6d6792e2c28?s=96&d=mm&r=g","caption":"Ana Peralta Beltr\u00e1n"},"url":"https:\/\/diarieducacio.cat\/espiral\/author\/aperalta\/"}]}},"_links":{"self":[{"href":"https:\/\/diarieducacio.cat\/espiral\/wp-json\/wp\/v2\/posts\/213","targetHints":{"allow":["GET"]}}],"collection":[{"href":"https:\/\/diarieducacio.cat\/espiral\/wp-json\/wp\/v2\/posts"}],"about":[{"href":"https:\/\/diarieducacio.cat\/espiral\/wp-json\/wp\/v2\/types\/post"}],"author":[{"embeddable":true,"href":"https:\/\/diarieducacio.cat\/espiral\/wp-json\/wp\/v2\/users\/512"}],"replies":[{"embeddable":true,"href":"https:\/\/diarieducacio.cat\/espiral\/wp-json\/wp\/v2\/comments?post=213"}],"version-history":[{"count":1,"href":"https:\/\/diarieducacio.cat\/espiral\/wp-json\/wp\/v2\/posts\/213\/revisions"}],"predecessor-version":[{"id":1863,"href":"https:\/\/diarieducacio.cat\/espiral\/wp-json\/wp\/v2\/posts\/213\/revisions\/1863"}],"wp:featuredmedia":[{"embeddable":true,"href":"https:\/\/diarieducacio.cat\/espiral\/wp-json\/wp\/v2\/media\/216"}],"wp:attachment":[{"href":"https:\/\/diarieducacio.cat\/espiral\/wp-json\/wp\/v2\/media?parent=213"}],"wp:term":[{"taxonomy":"category","embeddable":true,"href":"https:\/\/diarieducacio.cat\/espiral\/wp-json\/wp\/v2\/categories?post=213"},{"taxonomy":"post_tag","embeddable":true,"href":"https:\/\/diarieducacio.cat\/espiral\/wp-json\/wp\/v2\/tags?post=213"},{"taxonomy":"tipo","embeddable":true,"href":"https:\/\/diarieducacio.cat\/espiral\/wp-json\/wp\/v2\/tipo?post=213"}],"curies":[{"name":"wp","href":"https:\/\/api.w.org\/{rel}","templated":true}]}}